{"id":10293,"date":"2026-08-26T08:16:10","date_gmt":"2026-08-26T07:16:10","guid":{"rendered":"https:\/\/blog.guruwalk.com\/?p=10293"},"modified":"2026-08-27T13:05:28","modified_gmt":"2026-08-27T12:05:28","slug":"que-ver-en-palma-de-mallorca","status":"publish","type":"post","link":"https:\/\/blog.guruwalk.com\/es\/que-ver-en-palma-de-mallorca\/","title":{"rendered":"Qu\u00e9 ver en Palma de Mallorca | Gu\u00eda de Imprescindibles"},"content":{"rendered":"\n<p class=\"wp-block-paragraph\">\u00bfQu\u00e9 ver en Palma de Mallorca? La ciudad re\u00fane la <a href=\"https:\/\/catedraldemallorca.org\/\" rel=\"nofollow noreferrer noopener\" target=\"_blank\">Catedral de Santa Mar\u00eda<\/a>, el <a href=\"https:\/\/www.patrimonionacional.es\/visita\/palacio-real-de-la-almudaina\" rel=\"nofollow noreferrer noopener\" target=\"_blank\">Palacio Real de la Almudaina<\/a>, el <a href=\"https:\/\/castelldebellver.palma.cat\/\" rel=\"nofollow noreferrer noopener\" target=\"_blank\">Castillo de Bellver<\/a> y un casco hist\u00f3rico que puede recorrerse casi por completo a pie. Esta gu\u00eda organiza una ruta de un d\u00eda, explica qu\u00e9 visitas requieren desplazamiento y re\u00fane opciones como los <a href=\"#mejores-free-tours\">free tours en Palma<\/a>.<\/p>\n\n\n\n<p style=\"font-size:0.85em;color:#666;border-left:3px solid #ddd;padding:4px 0 4px 12px;margin:12px 0\"><strong>Datos verificados: agosto 2026<\/strong> \u2014 Precios, horarios y requisitos de reserva comprobados con fuentes oficiales. Los gurus de GuruWalk en Palma de Mallorca revisaron las recomendaciones pr\u00e1cticas.<\/p>\n\n\n<div class=\"qvgw-indimg-places-grid\" id=\"qvgw-indimg-places-grid-2\" data-iib-headings=\"[{&quot;id&quot;:&quot;mejores-free-tours&quot;,&quot;position&quot;:0,&quot;title&quot;:&quot;Mejores free tours en Palma&quot;},{&quot;id&quot;:&quot;lugar&quot;,&quot;position&quot;:1,&quot;title&quot;:&quot;Qu\\u00e9 ver en un d\\u00eda en Palma de Mallorca&quot;},{&quot;id&quot;:&quot;casco-historico-a-pie&quot;,&quot;position&quot;:2,&quot;title&quot;:&quot;Casco hist\\u00f3rico a pie&quot;},{&quot;id&quot;:&quot;sa-llotja&quot;,&quot;position&quot;:3,&quot;title&quot;:&quot;Sa Llotja&quot;},{&quot;id&quot;:&quot;catedral-de-santa-maria-de-palma&quot;,&quot;position&quot;:4,&quot;title&quot;:&quot;Catedral de Santa Mar\\u00eda de Palma&quot;},{&quot;id&quot;:&quot;castillo-de-bellver&quot;,&quot;position&quot;:5,&quot;title&quot;:&quot;Castillo de Bellver&quot;},{&quot;id&quot;:&quot;palacio-de-la-almudaina&quot;,&quot;position&quot;:6,&quot;title&quot;:&quot;Palacio de la Almudaina&quot;},{&quot;id&quot;:&quot;paseo-maritimo&quot;,&quot;position&quot;:7,&quot;title&quot;:&quot;Paseo Mar\\u00edtimo&quot;},{&quot;id&quot;:&quot;plaza-mayor&quot;,&quot;position&quot;:8,&quot;title&quot;:&quot;Plaza Mayor&quot;},{&quot;id&quot;:&quot;mas-cosas-que-puedes-hacer-en-palma&quot;,&quot;position&quot;:9,&quot;title&quot;:&quot;M\\u00e1s cosas que puedes hacer en Palma&quot;},{&quot;id&quot;:&quot;mercado-de-olivar&quot;,&quot;position&quot;:10,&quot;title&quot;:&quot;Mercado de Olivar&quot;},{&quot;id&quot;:&quot;barrio-de-santa-catalina&quot;,&quot;position&quot;:11,&quot;title&quot;:&quot;Barrio de Santa Catalina&quot;},{&quot;id&quot;:&quot;jardines-de-s-hort-del-rei&quot;,&quot;position&quot;:12,&quot;title&quot;:&quot;Jardines de S&#039;Hort del Rei&quot;},{&quot;id&quot;:&quot;museo-de-mallorca&quot;,&quot;position&quot;:13,&quot;title&quot;:&quot;Museo de Mallorca&quot;},{&quot;id&quot;:&quot;planes-en-palma-de-mallorca&quot;,&quot;position&quot;:14,&quot;title&quot;:&quot;Planes en Palma de Mallorca&quot;},{&quot;id&quot;:&quot;fundacion-juan-march&quot;,&quot;position&quot;:15,&quot;title&quot;:&quot;Fundaci\\u00f3n Juan March&quot;},{&quot;id&quot;:&quot;castillo-de-alaro&quot;,&quot;position&quot;:16,&quot;title&quot;:&quot;Castillo de Alar\\u00f3&quot;},{&quot;id&quot;:&quot;preguntas-frecuentes-sobre-palma-de-mallorca&quot;,&quot;position&quot;:17,&quot;title&quot;:&quot;Preguntas frecuentes sobre Palma de Mallorca&quot;}]\"><div class=\"qvgw-indimg-places-cards\"><div class=\"qvgw-indimg-place-card\"><a href=\"#mejores-free-tours\" class=\"qvgw-indimg-place-card__content no-image\"><p class=\"qvgw-indimg-place-card__title\">1. Mejores free tours en Palma<\/p><span class=\"qvgw-indimg-place-card__arrow\"><svg width=\"24\" height=\"24\" viewBox=\"0 0 24 24\" fill=\"none\" stroke=\"currentColor\" stroke-width=\"2\"><path d=\"M6 9l6 6 6-6\"><\/path><\/svg><\/span><\/a><\/div><div class=\"qvgw-indimg-place-card\"><a href=\"#lugar\" class=\"qvgw-indimg-place-card__content\"><div class=\"qvgw-indimg-place-card__image\"><img decoding=\"async\" src=\"https:\/\/blog.guruwalk.com\/wp-content\/uploads\/2025\/04\/image-65-1024x682.webp\" alt=\"Qu\u00e9 ver en un d\u00eda en Palma de Mallorca\"><\/div><p class=\"qvgw-indimg-place-card__title\">2. Qu\u00e9 ver en un d\u00eda en Palma de Mallorca<\/p><span class=\"qvgw-indimg-place-card__arrow\"><svg width=\"24\" height=\"24\" viewBox=\"0 0 24 24\" fill=\"none\" stroke=\"currentColor\" stroke-width=\"2\"><path d=\"M6 9l6 6 6-6\"><\/path><\/svg><\/span><\/a><\/div><div class=\"qvgw-indimg-place-card\"><a href=\"#casco-historico-a-pie\" class=\"qvgw-indimg-place-card__content no-image\"><p class=\"qvgw-indimg-place-card__title\">3. Casco hist\u00f3rico a pie<\/p><span class=\"qvgw-indimg-place-card__arrow\"><svg width=\"24\" height=\"24\" viewBox=\"0 0 24 24\" fill=\"none\" stroke=\"currentColor\" stroke-width=\"2\"><path d=\"M6 9l6 6 6-6\"><\/path><\/svg><\/span><\/a><\/div><div class=\"qvgw-indimg-place-card\"><a href=\"#sa-llotja\" class=\"qvgw-indimg-place-card__content no-image\"><p class=\"qvgw-indimg-place-card__title\">4. Sa Llotja<\/p><span class=\"qvgw-indimg-place-card__arrow\"><svg width=\"24\" height=\"24\" viewBox=\"0 0 24 24\" fill=\"none\" stroke=\"currentColor\" stroke-width=\"2\"><path d=\"M6 9l6 6 6-6\"><\/path><\/svg><\/span><\/a><\/div><div class=\"qvgw-indimg-place-card\"><a href=\"#catedral-de-santa-maria-de-palma\" class=\"qvgw-indimg-place-card__content\"><div class=\"qvgw-indimg-place-card__image\"><img decoding=\"async\" src=\"https:\/\/blog.guruwalk.com\/wp-content\/uploads\/2025\/04\/image-66-1024x632.webp\" alt=\"Catedral de Santa Mar\u00eda de Palma\"><\/div><p class=\"qvgw-indimg-place-card__title\">5. Catedral de Santa Mar\u00eda de Palma<\/p><span class=\"qvgw-indimg-place-card__arrow\"><svg width=\"24\" height=\"24\" viewBox=\"0 0 24 24\" fill=\"none\" stroke=\"currentColor\" stroke-width=\"2\"><path d=\"M6 9l6 6 6-6\"><\/path><\/svg><\/span><\/a><\/div><div class=\"qvgw-indimg-place-card\"><a href=\"#castillo-de-bellver\" class=\"qvgw-indimg-place-card__content\"><div class=\"qvgw-indimg-place-card__image\"><img decoding=\"async\" src=\"https:\/\/blog.guruwalk.com\/wp-content\/uploads\/2025\/04\/image-67-1024x682.webp\" alt=\"Castillo de Bellver\"><\/div><p class=\"qvgw-indimg-place-card__title\">6. Castillo de Bellver<\/p><span class=\"qvgw-indimg-place-card__arrow\"><svg width=\"24\" height=\"24\" viewBox=\"0 0 24 24\" fill=\"none\" stroke=\"currentColor\" stroke-width=\"2\"><path d=\"M6 9l6 6 6-6\"><\/path><\/svg><\/span><\/a><\/div><div class=\"qvgw-indimg-place-card qvgw-indimg-place-card--hidden\"><a href=\"#palacio-de-la-almudaina\" class=\"qvgw-indimg-place-card__content\"><div class=\"qvgw-indimg-place-card__image\"><img decoding=\"async\" src=\"https:\/\/blog.guruwalk.com\/wp-content\/uploads\/2025\/04\/image-68-1024x683.webp\" alt=\"Palacio de la Almudaina\"><\/div><p class=\"qvgw-indimg-place-card__title\">7. Palacio de la Almudaina<\/p><span class=\"qvgw-indimg-place-card__arrow\"><svg width=\"24\" height=\"24\" viewBox=\"0 0 24 24\" fill=\"none\" stroke=\"currentColor\" stroke-width=\"2\"><path d=\"M6 9l6 6 6-6\"><\/path><\/svg><\/span><\/a><\/div><div class=\"qvgw-indimg-place-card qvgw-indimg-place-card--hidden\"><a href=\"#paseo-maritimo\" class=\"qvgw-indimg-place-card__content\"><div class=\"qvgw-indimg-place-card__image\"><img decoding=\"async\" src=\"https:\/\/blog.guruwalk.com\/wp-content\/uploads\/2025\/04\/image-69-683x1024.webp\" alt=\"Paseo Mar\u00edtimo\"><\/div><p class=\"qvgw-indimg-place-card__title\">8. Paseo Mar\u00edtimo<\/p><span class=\"qvgw-indimg-place-card__arrow\"><svg width=\"24\" height=\"24\" viewBox=\"0 0 24 24\" fill=\"none\" stroke=\"currentColor\" stroke-width=\"2\"><path d=\"M6 9l6 6 6-6\"><\/path><\/svg><\/span><\/a><\/div><div class=\"qvgw-indimg-place-card qvgw-indimg-place-card--hidden\"><a href=\"#plaza-mayor\" class=\"qvgw-indimg-place-card__content\"><div class=\"qvgw-indimg-place-card__image\"><img decoding=\"async\" src=\"https:\/\/blog.guruwalk.com\/wp-content\/uploads\/2025\/04\/image-70-1024x682.webp\" alt=\"Plaza Mayor\"><\/div><p class=\"qvgw-indimg-place-card__title\">9. Plaza Mayor<\/p><span class=\"qvgw-indimg-place-card__arrow\"><svg width=\"24\" height=\"24\" viewBox=\"0 0 24 24\" fill=\"none\" stroke=\"currentColor\" stroke-width=\"2\"><path d=\"M6 9l6 6 6-6\"><\/path><\/svg><\/span><\/a><\/div><div class=\"qvgw-indimg-place-card qvgw-indimg-place-card--hidden\"><a href=\"#mas-cosas-que-puedes-hacer-en-palma\" class=\"qvgw-indimg-place-card__content no-image\"><p class=\"qvgw-indimg-place-card__title\">10. M\u00e1s cosas que puedes hacer en Palma<\/p><span class=\"qvgw-indimg-place-card__arrow\"><svg width=\"24\" height=\"24\" viewBox=\"0 0 24 24\" fill=\"none\" stroke=\"currentColor\" stroke-width=\"2\"><path d=\"M6 9l6 6 6-6\"><\/path><\/svg><\/span><\/a><\/div><div class=\"qvgw-indimg-place-card qvgw-indimg-place-card--hidden\"><a href=\"#mercado-de-olivar\" class=\"qvgw-indimg-place-card__content\"><div class=\"qvgw-indimg-place-card__image\"><img decoding=\"async\" src=\"https:\/\/blog.guruwalk.com\/wp-content\/uploads\/2025\/04\/image-71-1024x682.webp\" alt=\"Mercado de Olivar\"><\/div><p class=\"qvgw-indimg-place-card__title\">11. Mercado de Olivar<\/p><span class=\"qvgw-indimg-place-card__arrow\"><svg width=\"24\" height=\"24\" viewBox=\"0 0 24 24\" fill=\"none\" stroke=\"currentColor\" stroke-width=\"2\"><path d=\"M6 9l6 6 6-6\"><\/path><\/svg><\/span><\/a><\/div><div class=\"qvgw-indimg-place-card qvgw-indimg-place-card--hidden\"><a href=\"#barrio-de-santa-catalina\" class=\"qvgw-indimg-place-card__content\"><div class=\"qvgw-indimg-place-card__image\"><img decoding=\"async\" src=\"https:\/\/blog.guruwalk.com\/wp-content\/uploads\/2025\/04\/image-72-732x1024.webp\" alt=\"Barrio de Santa Catalina\"><\/div><p class=\"qvgw-indimg-place-card__title\">12. Barrio de Santa Catalina<\/p><span class=\"qvgw-indimg-place-card__arrow\"><svg width=\"24\" height=\"24\" viewBox=\"0 0 24 24\" fill=\"none\" stroke=\"currentColor\" stroke-width=\"2\"><path d=\"M6 9l6 6 6-6\"><\/path><\/svg><\/span><\/a><\/div><div class=\"qvgw-indimg-place-card qvgw-indimg-place-card--hidden\"><a href=\"#jardines-de-s-hort-del-rei\" class=\"qvgw-indimg-place-card__content\"><div class=\"qvgw-indimg-place-card__image\"><img decoding=\"async\" src=\"https:\/\/blog.guruwalk.com\/wp-content\/uploads\/2025\/04\/image-73-1024x683.webp\" alt=\"Jardines de S&#039;Hort del Rei\"><\/div><p class=\"qvgw-indimg-place-card__title\">13. Jardines de S&#039;Hort del Rei<\/p><span class=\"qvgw-indimg-place-card__arrow\"><svg width=\"24\" height=\"24\" viewBox=\"0 0 24 24\" fill=\"none\" stroke=\"currentColor\" stroke-width=\"2\"><path d=\"M6 9l6 6 6-6\"><\/path><\/svg><\/span><\/a><\/div><div class=\"qvgw-indimg-place-card qvgw-indimg-place-card--hidden\"><a href=\"#museo-de-mallorca\" class=\"qvgw-indimg-place-card__content\"><div class=\"qvgw-indimg-place-card__image\"><img decoding=\"async\" src=\"https:\/\/blog.guruwalk.com\/wp-content\/uploads\/2025\/04\/image-76-1024x768.webp\" alt=\"Museo de Mallorca\"><\/div><p class=\"qvgw-indimg-place-card__title\">14. Museo de Mallorca<\/p><span class=\"qvgw-indimg-place-card__arrow\"><svg width=\"24\" height=\"24\" viewBox=\"0 0 24 24\" fill=\"none\" stroke=\"currentColor\" stroke-width=\"2\"><path d=\"M6 9l6 6 6-6\"><\/path><\/svg><\/span><\/a><\/div><div class=\"qvgw-indimg-place-card qvgw-indimg-place-card--hidden\"><a href=\"#planes-en-palma-de-mallorca\" class=\"qvgw-indimg-place-card__content no-image\"><p class=\"qvgw-indimg-place-card__title\">15. Planes en Palma de Mallorca<\/p><span class=\"qvgw-indimg-place-card__arrow\"><svg width=\"24\" height=\"24\" viewBox=\"0 0 24 24\" fill=\"none\" stroke=\"currentColor\" stroke-width=\"2\"><path d=\"M6 9l6 6 6-6\"><\/path><\/svg><\/span><\/a><\/div><div class=\"qvgw-indimg-place-card qvgw-indimg-place-card--hidden\"><a href=\"#fundacion-juan-march\" class=\"qvgw-indimg-place-card__content\"><div class=\"qvgw-indimg-place-card__image\"><img decoding=\"async\" src=\"https:\/\/blog.guruwalk.com\/wp-content\/uploads\/2025\/04\/image-74-1024x766.webp\" alt=\"Fundaci\u00f3n Juan March\"><\/div><p class=\"qvgw-indimg-place-card__title\">16. Fundaci\u00f3n Juan March<\/p><span class=\"qvgw-indimg-place-card__arrow\"><svg width=\"24\" height=\"24\" viewBox=\"0 0 24 24\" fill=\"none\" stroke=\"currentColor\" stroke-width=\"2\"><path d=\"M6 9l6 6 6-6\"><\/path><\/svg><\/span><\/a><\/div><div class=\"qvgw-indimg-place-card qvgw-indimg-place-card--hidden\"><a href=\"#castillo-de-alaro\" class=\"qvgw-indimg-place-card__content\"><div class=\"qvgw-indimg-place-card__image\"><img decoding=\"async\" src=\"https:\/\/blog.guruwalk.com\/wp-content\/uploads\/2025\/04\/image-75-1024x682.webp\" alt=\"Castillo de Alar\u00f3\"><\/div><p class=\"qvgw-indimg-place-card__title\">17. Castillo de Alar\u00f3<\/p><span class=\"qvgw-indimg-place-card__arrow\"><svg width=\"24\" height=\"24\" viewBox=\"0 0 24 24\" fill=\"none\" stroke=\"currentColor\" stroke-width=\"2\"><path d=\"M6 9l6 6 6-6\"><\/path><\/svg><\/span><\/a><\/div><div class=\"qvgw-indimg-place-card qvgw-indimg-place-card--hidden\"><a href=\"#preguntas-frecuentes-sobre-palma-de-mallorca\" class=\"qvgw-indimg-place-card__content no-image\"><p class=\"qvgw-indimg-place-card__title\">18. Preguntas frecuentes sobre Palma de Mallorca<\/p><span class=\"qvgw-indimg-place-card__arrow\"><svg width=\"24\" height=\"24\" viewBox=\"0 0 24 24\" fill=\"none\" stroke=\"currentColor\" stroke-width=\"2\"><path d=\"M6 9l6 6 6-6\"><\/path><\/svg><\/span><\/a><\/div><\/div><button class=\"qvgw-indimg-places-expand\" data-action=\"expand\" aria-expanded=\"false\">Ver m\u00e1s<\/button><\/div>\n\n\n<h2 class=\"wp-block-heading\" id=\"mejores-free-tours\">Mejores free tours en Palma<\/h2>\n\n\n\n<p class=\"wp-block-paragraph\">Un <a href=\"https:\/\/www.guruwalk.com\/es\/palma-de-mallorca\" target=\"_blank\" rel=\"noopener\">free tour en Palma de Mallorca<\/a> es una forma pr\u00e1ctica de situarse antes de recorrer la ciudad por cuenta propia: permite reconocer el entorno de La Seu, la Almudaina y las calles del centro hist\u00f3rico y decidir d\u00f3nde detenerse despu\u00e9s.<\/p>\n\n\n\n<p class=\"wp-block-paragraph\">Los recorridos suelen durar aproximadamente entre 2 y 2 horas y media, aunque conviene confirmar la duraci\u00f3n en la ficha elegida. El punto de encuentro y cualquier indicaci\u00f3n espec\u00edfica aparecen en cada reserva. Lleva calzado c\u00f3modo y agua; como referencia en Espa\u00f1a, la aportaci\u00f3n habitual es de 10\u201320 \u20ac por persona y puede llegar hasta 50 \u20ac cuando la experiencia y el tama\u00f1o del grupo lo justifican.<\/p>\n\n\n<div class=\"gw-freetours-container\"><div class=\"gw-freetours-carousel\"><div class=\"gw-freetours-track\"><div class=\"gw-freetours-card\" data-tour-id=\"49320\"><button type=\"button\" class=\"gw-freetours-image-link\" data-dest=\"https:\/\/www.guruwalk.com\/es\/walks\/49320-free-tour-palma-imprescindible-el-mas-completo-de-la-ciudad\" role=\"link\" aria-label=\"Free Tour Palma Imprescindible \u00a1El m\u00e1s completo de la ciudad!\"><div class=\"gw-freetours-image\"><img decoding=\"async\" class=\"gw-freetours-photo\" src=\"https:\/\/blog.guruwalk.com\/wp-content\/uploads\/gw-freetours-cache\/49320-2c2f4c51fbf34d28a7447ba445d95806.jpg\" alt=\"Free Tour Palma Imprescindible \u00a1El m\u00e1s completo de la ciudad!\" loading=\"lazy\" \/><div class=\"gw-freetours-flags\"><img decoding=\"async\" src=\"https:\/\/blog.guruwalk.com\/wp-content\/gurupluginswalk\/wp-gw-freetours\/assets\/flags\/es.svg\" alt=\"es\" class=\"gw-freetours-flag\" \/><\/div><\/div><\/button><div class=\"gw-freetours-content\"><h4 class=\"gw-freetours-title\"><button type=\"button\" class=\"gw-freetours-title-link\" data-dest=\"https:\/\/www.guruwalk.com\/es\/walks\/49320-free-tour-palma-imprescindible-el-mas-completo-de-la-ciudad\" role=\"link\">Free Tour Palma Imprescindible \u00a1El m\u00e1s completo de la ciudad!<\/button><\/h4><div class=\"gw-freetours-meta-top\"><span class=\"gw-freetours-duration\"><svg width=\"16\" height=\"16\" viewBox=\"0 0 24 24\" fill=\"none\" stroke=\"currentColor\" stroke-width=\"2\"><circle cx=\"12\" cy=\"12\" r=\"10\"\/><polyline points=\"12,6 12,12 16,14\"\/><\/svg>3:00<\/span><button class=\"gw-freetours-map-btn\" data-lat=\"39.567449\" data-lng=\"2.646191\" data-address=\"Distrito Centro, 07001 Palma, Illes Balears, Espa\u00f1a\" data-instructions=\"Nos vemos junto a los jardines de S&#039;Hort des Rei, donde estar\u00e9 esperando junto a la estatua del hondero balear, conocida como Es Foner. Busca el paraguas lila.\"><svg width=\"16\" height=\"16\" viewBox=\"0 0 24 24\" fill=\"none\" stroke=\"currentColor\" stroke-width=\"2\"><path d=\"M21 10c0 7-9 13-9 13s-9-6-9-13a9 9 0 0 1 18 0z\"\/><circle cx=\"12\" cy=\"10\" r=\"3\"\/><\/svg><\/button><\/div><p class=\"gw-freetours-description\">Si acabas de aterrizar en la ciudad o eres de ella pero quieres conocerla en detalle , \u00a1este es tu&#8230;<\/p><div class=\"gw-freetours-author\"><span class=\"gw-freetours-author-link\"><img decoding=\"async\" src=\"https:\/\/media.guruwalk.com\/v3fhxglbmzpte3nlur717pj4d5d0\" alt=\"Otra Mirada Palma\" class=\"gw-freetours-author-avatar\" \/><span class=\"gw-freetours-author-name\">Otra Mirada Palma<\/span><\/span><\/div><div class=\"gw-freetours-rating-container\"><div class=\"gw-freetours-rating\" aria-label=\"Valoraci\u00f3n 4.9 de 5\"><span class=\"gw-freetours-star gw-freetours-star--full\" aria-hidden=\"true\">\u2605<\/span><span class=\"gw-freetours-star gw-freetours-star--full\" aria-hidden=\"true\">\u2605<\/span><span class=\"gw-freetours-star gw-freetours-star--full\" aria-hidden=\"true\">\u2605<\/span><span class=\"gw-freetours-star gw-freetours-star--full\" aria-hidden=\"true\">\u2605<\/span><span class=\"gw-freetours-star gw-freetours-star--half\" aria-hidden=\"true\">\u2606<\/span><span class=\"gw-freetours-rating__count\">4,9 (906)<\/span><\/div><\/div><\/div><\/div><div class=\"gw-freetours-card\" data-tour-id=\"56279\"><button type=\"button\" class=\"gw-freetours-image-link\" data-dest=\"https:\/\/www.guruwalk.com\/es\/walks\/56279-free-tour-palma-autentica-descubre-los-monumentos-mas-importantes\" role=\"link\" aria-label=\"Free Tour Palma Aut\u00e9ntica: Descubre los Monumentos M\u00e1s Importantes\"><div class=\"gw-freetours-image\"><img decoding=\"async\" class=\"gw-freetours-photo\" src=\"https:\/\/blog.guruwalk.com\/wp-content\/uploads\/gw-freetours-cache\/56279-6efb86455e1ca2f75cced12a751314d0.jpg\" alt=\"Free Tour Palma Aut\u00e9ntica: Descubre los Monumentos M\u00e1s Importantes\" loading=\"lazy\" \/><div class=\"gw-freetours-flags\"><img decoding=\"async\" src=\"https:\/\/blog.guruwalk.com\/wp-content\/gurupluginswalk\/wp-gw-freetours\/assets\/flags\/en.svg\" alt=\"en\" class=\"gw-freetours-flag\" \/><img decoding=\"async\" src=\"https:\/\/blog.guruwalk.com\/wp-content\/gurupluginswalk\/wp-gw-freetours\/assets\/flags\/es.svg\" alt=\"es\" class=\"gw-freetours-flag\" \/><\/div><\/div><\/button><div class=\"gw-freetours-content\"><h4 class=\"gw-freetours-title\"><button type=\"button\" class=\"gw-freetours-title-link\" data-dest=\"https:\/\/www.guruwalk.com\/es\/walks\/56279-free-tour-palma-autentica-descubre-los-monumentos-mas-importantes\" role=\"link\">Free Tour Palma Aut\u00e9ntica: Descubre los Monumentos M\u00e1s Importantes<\/button><\/h4><div class=\"gw-freetours-meta-top\"><span class=\"gw-freetours-duration\"><svg width=\"16\" height=\"16\" viewBox=\"0 0 24 24\" fill=\"none\" stroke=\"currentColor\" stroke-width=\"2\"><circle cx=\"12\" cy=\"12\" r=\"10\"\/><polyline points=\"12,6 12,12 16,14\"\/><\/svg>2:00<\/span><button class=\"gw-freetours-map-btn\" data-lat=\"39.575304\" data-lng=\"2.653341\" data-address=\"Pl. d&#039;Espanya, 07002 Palma, Illes Balears, Espa\u00f1a\" data-instructions=\"El punto de encuentro estar\u00e1 situado en la plaza Espa\u00f1a enfrente del KFC y nos encontrareis con un paraguas de color amarillo.\"><svg width=\"16\" height=\"16\" viewBox=\"0 0 24 24\" fill=\"none\" stroke=\"currentColor\" stroke-width=\"2\"><path d=\"M21 10c0 7-9 13-9 13s-9-6-9-13a9 9 0 0 1 18 0z\"\/><circle cx=\"12\" cy=\"10\" r=\"3\"\/><\/svg><\/button><\/div><p class=\"gw-freetours-description\">El Recorrido Esencial por los Monumentos m\u00e1s emblem\u00e1ticos Hay ciudades que se visitan\u2026 y otras que se entienden&#8230;<\/p><div class=\"gw-freetours-author\"><span class=\"gw-freetours-author-link\"><img decoding=\"async\" src=\"https:\/\/media.guruwalk.com\/yi921oe245owoat5nszbdttxyqhe\" alt=\"Javier\" class=\"gw-freetours-author-avatar\" \/><span class=\"gw-freetours-author-name\">Javier<\/span><\/span><\/div><div class=\"gw-freetours-rating-container\"><div class=\"gw-freetours-rating\" aria-label=\"Valoraci\u00f3n 4.7 de 5\"><span class=\"gw-freetours-star gw-freetours-star--full\" aria-hidden=\"true\">\u2605<\/span><span class=\"gw-freetours-star gw-freetours-star--full\" aria-hidden=\"true\">\u2605<\/span><span class=\"gw-freetours-star gw-freetours-star--full\" aria-hidden=\"true\">\u2605<\/span><span class=\"gw-freetours-star gw-freetours-star--full\" aria-hidden=\"true\">\u2605<\/span><span class=\"gw-freetours-star gw-freetours-star--half\" aria-hidden=\"true\">\u2606<\/span><span class=\"gw-freetours-rating__count\">4,7 (132)<\/span><\/div><\/div><\/div><\/div><div class=\"gw-freetours-card\" data-tour-id=\"17301\"><button type=\"button\" class=\"gw-freetours-image-link\" data-dest=\"https:\/\/www.guruwalk.com\/es\/walks\/17301-free-tour-palma-emblematica\" role=\"link\" aria-label=\"Free Tour Palma Emblem\u00e1tica\"><div class=\"gw-freetours-image\"><img decoding=\"async\" class=\"gw-freetours-photo\" src=\"https:\/\/blog.guruwalk.com\/wp-content\/uploads\/gw-freetours-cache\/17301-455cc446a6ab013c6d27038a16e15931.jpg\" alt=\"Free Tour Palma Emblem\u00e1tica\" loading=\"lazy\" \/><div class=\"gw-freetours-flags\"><img decoding=\"async\" src=\"https:\/\/blog.guruwalk.com\/wp-content\/gurupluginswalk\/wp-gw-freetours\/assets\/flags\/en.svg\" alt=\"en\" class=\"gw-freetours-flag\" \/><img decoding=\"async\" src=\"https:\/\/blog.guruwalk.com\/wp-content\/gurupluginswalk\/wp-gw-freetours\/assets\/flags\/es.svg\" alt=\"es\" class=\"gw-freetours-flag\" \/><\/div><\/div><\/button><div class=\"gw-freetours-content\"><h4 class=\"gw-freetours-title\"><button type=\"button\" class=\"gw-freetours-title-link\" data-dest=\"https:\/\/www.guruwalk.com\/es\/walks\/17301-free-tour-palma-emblematica\" role=\"link\">Free Tour Palma Emblem\u00e1tica<\/button><\/h4><div class=\"gw-freetours-meta-top\"><span class=\"gw-freetours-duration\"><svg width=\"16\" height=\"16\" viewBox=\"0 0 24 24\" fill=\"none\" stroke=\"currentColor\" stroke-width=\"2\"><circle cx=\"12\" cy=\"12\" r=\"10\"\/><polyline points=\"12,6 12,12 16,14\"\/><\/svg>2:00<\/span><button class=\"gw-freetours-map-btn\" data-lat=\"39.567034\" data-lng=\"2.645581\" data-address=\"Carrer del Moll, 3, 07012 Palma, Illes Balears, Espa\u00f1a\" data-instructions=\"En el PARC DE LA MAR (frente a la oficina de turismo) con paraguas y camiseta naranja\"><svg width=\"16\" height=\"16\" viewBox=\"0 0 24 24\" fill=\"none\" stroke=\"currentColor\" stroke-width=\"2\"><path d=\"M21 10c0 7-9 13-9 13s-9-6-9-13a9 9 0 0 1 18 0z\"\/><circle cx=\"12\" cy=\"10\" r=\"3\"\/><\/svg><\/button><\/div><p class=\"gw-freetours-description\">\u00bfReci\u00e9n llegado a\u00a0 Palma de Mallorca? \u00a1D\u00e9jate acompa\u00f1ar por nuestros gu\u00edas oficiales apasionados por la historia y la cul&#8230;<\/p><div class=\"gw-freetours-author\"><span class=\"gw-freetours-author-link\"><img decoding=\"async\" src=\"https:\/\/media.guruwalk.com\/aq2jdgz0falx6tbwe3k9su5xsa7o\" alt=\"Mallorca Free Tour\" class=\"gw-freetours-author-avatar\" \/><span class=\"gw-freetours-author-name\">Mallorca Free Tour<\/span><\/span><\/div><div class=\"gw-freetours-rating-container\"><div class=\"gw-freetours-rating\" aria-label=\"Valoraci\u00f3n 4.5 de 5\"><span class=\"gw-freetours-star gw-freetours-star--full\" aria-hidden=\"true\">\u2605<\/span><span class=\"gw-freetours-star gw-freetours-star--full\" aria-hidden=\"true\">\u2605<\/span><span class=\"gw-freetours-star gw-freetours-star--full\" aria-hidden=\"true\">\u2605<\/span><span class=\"gw-freetours-star gw-freetours-star--full\" aria-hidden=\"true\">\u2605<\/span><span class=\"gw-freetours-star gw-freetours-star--half\" aria-hidden=\"true\">\u2606<\/span><span class=\"gw-freetours-rating__count\">4,5 (595)<\/span><\/div><\/div><\/div><\/div><div class=\"gw-freetours-card\" data-tour-id=\"56274\"><button type=\"button\" class=\"gw-freetours-image-link\" data-dest=\"https:\/\/www.guruwalk.com\/es\/walks\/56274-free-tour-piratas-y-corsarios-del-mediterraneo\" role=\"link\" aria-label=\"Free tour Piratas y Corsarios del Mediterr\u00e1neo\"><div class=\"gw-freetours-image\"><img decoding=\"async\" class=\"gw-freetours-photo\" src=\"https:\/\/blog.guruwalk.com\/wp-content\/uploads\/gw-freetours-cache\/56274-2215b9c446247d0191b10d905e029e53.jpg\" alt=\"Free tour Piratas y Corsarios del Mediterr\u00e1neo\" loading=\"lazy\" \/><div class=\"gw-freetours-flags\"><img decoding=\"async\" src=\"https:\/\/blog.guruwalk.com\/wp-content\/gurupluginswalk\/wp-gw-freetours\/assets\/flags\/es.svg\" alt=\"es\" class=\"gw-freetours-flag\" \/><\/div><\/div><\/button><div class=\"gw-freetours-content\"><h4 class=\"gw-freetours-title\"><button type=\"button\" class=\"gw-freetours-title-link\" data-dest=\"https:\/\/www.guruwalk.com\/es\/walks\/56274-free-tour-piratas-y-corsarios-del-mediterraneo\" role=\"link\">Free tour Piratas y Corsarios del Mediterr\u00e1neo<\/button><\/h4><div class=\"gw-freetours-meta-top\"><span class=\"gw-freetours-duration\"><svg width=\"16\" height=\"16\" viewBox=\"0 0 24 24\" fill=\"none\" stroke=\"currentColor\" stroke-width=\"2\"><circle cx=\"12\" cy=\"12\" r=\"10\"\/><polyline points=\"12,6 12,12 16,14\"\/><\/svg>1:30<\/span><button class=\"gw-freetours-map-btn\" data-lat=\"39.569273\" data-lng=\"2.646431\" data-address=\"Pl. de la Reina, 9, Centre, 07012 Palma, Illes Balears, Espa\u00f1a\" data-instructions=\"El punto de encuentro estar\u00e1 situado en el Paseo del Borne junto a la rotonda de Plaza de la Reina y nos encontrareis con un paraguas de color amarillo.\"><svg width=\"16\" height=\"16\" viewBox=\"0 0 24 24\" fill=\"none\" stroke=\"currentColor\" stroke-width=\"2\"><path d=\"M21 10c0 7-9 13-9 13s-9-6-9-13a9 9 0 0 1 18 0z\"\/><circle cx=\"12\" cy=\"10\" r=\"3\"\/><\/svg><\/button><\/div><p class=\"gw-freetours-description\">Tour de Piratas y Corsarios en Mallorca \u00a0 \u00a1Emb\u00e1rcate en este tour \u00e9pico de Piratas y Corsar&#8230;<\/p><div class=\"gw-freetours-author\"><span class=\"gw-freetours-author-link\"><img decoding=\"async\" src=\"https:\/\/media.guruwalk.com\/yi921oe245owoat5nszbdttxyqhe\" alt=\"Javier\" class=\"gw-freetours-author-avatar\" \/><span class=\"gw-freetours-author-name\">Javier<\/span><\/span><\/div><div class=\"gw-freetours-rating-container\"><div class=\"gw-freetours-rating\" aria-label=\"Valoraci\u00f3n 4.7 de 5\"><span class=\"gw-freetours-star gw-freetours-star--full\" aria-hidden=\"true\">\u2605<\/span><span class=\"gw-freetours-star gw-freetours-star--full\" aria-hidden=\"true\">\u2605<\/span><span class=\"gw-freetours-star gw-freetours-star--full\" aria-hidden=\"true\">\u2605<\/span><span class=\"gw-freetours-star gw-freetours-star--full\" aria-hidden=\"true\">\u2605<\/span><span class=\"gw-freetours-star gw-freetours-star--half\" aria-hidden=\"true\">\u2606<\/span><span class=\"gw-freetours-rating__count\">4,7 (23)<\/span><\/div><\/div><\/div><\/div><div class=\"gw-freetours-card\" data-tour-id=\"36802\"><button type=\"button\" class=\"gw-freetours-image-link\" data-dest=\"https:\/\/www.guruwalk.com\/es\/walks\/36802-tour-misterios-crimenes-y-leyendas-de-palma\" role=\"link\" aria-label=\"Tour Misterios, cr\u00edmenes y leyendas de Palma\"><div class=\"gw-freetours-image\"><img decoding=\"async\" class=\"gw-freetours-photo\" src=\"https:\/\/blog.guruwalk.com\/wp-content\/uploads\/gw-freetours-cache\/36802-162145ecff926c32af033a5fd1e5a330.jpg\" alt=\"Tour Misterios, cr\u00edmenes y leyendas de Palma\" loading=\"lazy\" \/><div class=\"gw-freetours-flags\"><img decoding=\"async\" src=\"https:\/\/blog.guruwalk.com\/wp-content\/gurupluginswalk\/wp-gw-freetours\/assets\/flags\/en.svg\" alt=\"en\" class=\"gw-freetours-flag\" \/><img decoding=\"async\" src=\"https:\/\/blog.guruwalk.com\/wp-content\/gurupluginswalk\/wp-gw-freetours\/assets\/flags\/es.svg\" alt=\"es\" class=\"gw-freetours-flag\" \/><\/div><\/div><\/button><div class=\"gw-freetours-content\"><h4 class=\"gw-freetours-title\"><button type=\"button\" class=\"gw-freetours-title-link\" data-dest=\"https:\/\/www.guruwalk.com\/es\/walks\/36802-tour-misterios-crimenes-y-leyendas-de-palma\" role=\"link\">Tour Misterios, cr\u00edmenes y leyendas de Palma<\/button><\/h4><div class=\"gw-freetours-meta-top\"><span class=\"gw-freetours-duration\"><svg width=\"16\" height=\"16\" viewBox=\"0 0 24 24\" fill=\"none\" stroke=\"currentColor\" stroke-width=\"2\"><circle cx=\"12\" cy=\"12\" r=\"10\"\/><polyline points=\"12,6 12,12 16,14\"\/><\/svg>2:00<\/span><button class=\"gw-freetours-map-btn\" data-lat=\"39.57152\" data-lng=\"2.651682\" data-address=\"Palma, Islas Baleares, Espa\u00f1a\" data-instructions=\"En la Plaza Mayor de Palma. Los gu\u00edas llevan paraguas naranja\"><svg width=\"16\" height=\"16\" viewBox=\"0 0 24 24\" fill=\"none\" stroke=\"currentColor\" stroke-width=\"2\"><path d=\"M21 10c0 7-9 13-9 13s-9-6-9-13a9 9 0 0 1 18 0z\"\/><circle cx=\"12\" cy=\"10\" r=\"3\"\/><\/svg><\/button><\/div><p class=\"gw-freetours-description\">Conoce las historias de Palma que podr\u00edan haber inspirado alguna escena de Quentin Tarantino&#8230;\u00a0 Te acompa\u00f1&#8230;<\/p><div class=\"gw-freetours-author\"><span class=\"gw-freetours-author-link\"><img decoding=\"async\" src=\"https:\/\/media.guruwalk.com\/aq2jdgz0falx6tbwe3k9su5xsa7o\" alt=\"Mallorca Free Tour\" class=\"gw-freetours-author-avatar\" \/><span class=\"gw-freetours-author-name\">Mallorca Free Tour<\/span><\/span><\/div><div class=\"gw-freetours-rating-container\"><div class=\"gw-freetours-rating\" aria-label=\"Valoraci\u00f3n 4.7 de 5\"><span class=\"gw-freetours-star gw-freetours-star--full\" aria-hidden=\"true\">\u2605<\/span><span class=\"gw-freetours-star gw-freetours-star--full\" aria-hidden=\"true\">\u2605<\/span><span class=\"gw-freetours-star gw-freetours-star--full\" aria-hidden=\"true\">\u2605<\/span><span class=\"gw-freetours-star gw-freetours-star--full\" aria-hidden=\"true\">\u2605<\/span><span class=\"gw-freetours-star gw-freetours-star--half\" aria-hidden=\"true\">\u2606<\/span><span class=\"gw-freetours-rating__count\">4,7 (120)<\/span><\/div><\/div><\/div><\/div><div class=\"gw-freetours-card\" data-tour-id=\"61611\"><button type=\"button\" class=\"gw-freetours-image-link\" data-dest=\"https:\/\/www.guruwalk.com\/es\/walks\/61611-free-tour-leyendas-de-palma\" role=\"link\" aria-label=\"Free Tour Leyendas de Palma.\"><div class=\"gw-freetours-image\"><img decoding=\"async\" class=\"gw-freetours-photo\" src=\"https:\/\/blog.guruwalk.com\/wp-content\/uploads\/gw-freetours-cache\/61611-64315a6abfeee39625ff05c0005b16e6.jpg\" alt=\"Free Tour Leyendas de Palma.\" loading=\"lazy\" \/><div class=\"gw-freetours-flags\"><img decoding=\"async\" src=\"https:\/\/blog.guruwalk.com\/wp-content\/gurupluginswalk\/wp-gw-freetours\/assets\/flags\/es.svg\" alt=\"es\" class=\"gw-freetours-flag\" \/><\/div><\/div><\/button><div class=\"gw-freetours-content\"><h4 class=\"gw-freetours-title\"><button type=\"button\" class=\"gw-freetours-title-link\" data-dest=\"https:\/\/www.guruwalk.com\/es\/walks\/61611-free-tour-leyendas-de-palma\" role=\"link\">Free Tour Leyendas de Palma.<\/button><\/h4><div class=\"gw-freetours-meta-top\"><span class=\"gw-freetours-duration\"><svg width=\"16\" height=\"16\" viewBox=\"0 0 24 24\" fill=\"none\" stroke=\"currentColor\" stroke-width=\"2\"><circle cx=\"12\" cy=\"12\" r=\"10\"\/><polyline points=\"12,6 12,12 16,14\"\/><\/svg>2:00<\/span><button class=\"gw-freetours-map-btn\" data-lat=\"39.569056\" data-lng=\"2.650964\" data-address=\"Pla\u00e7a de Santa Eul\u00e0lia, Centre, 07001 Palma, Illes Balears, Espa\u00f1a\" data-instructions=\"Enfrente de la Iglesia de Santa Eul\u00e0lia.Me ver\u00e1s con el paraguas morado!! ;)\"><svg width=\"16\" height=\"16\" viewBox=\"0 0 24 24\" fill=\"none\" stroke=\"currentColor\" stroke-width=\"2\"><path d=\"M21 10c0 7-9 13-9 13s-9-6-9-13a9 9 0 0 1 18 0z\"\/><circle cx=\"12\" cy=\"10\" r=\"3\"\/><\/svg><\/button><\/div><p class=\"gw-freetours-description\">Adentrate en conocer la ciudad de Palma a trav\u00e9s de sus leyendas&#8230; \u00bfConoces ya el Drach de Na Coca? \u00bfO&#8230;<\/p><div class=\"gw-freetours-author\"><span class=\"gw-freetours-author-link\"><img decoding=\"async\" src=\"https:\/\/media.guruwalk.com\/yhqy892wpjb4gy4x86s6otx4oet0\" alt=\"CARLA\" class=\"gw-freetours-author-avatar\" \/><span class=\"gw-freetours-author-name\">CARLA<\/span><\/span><\/div><div class=\"gw-freetours-rating-container\"><div class=\"gw-freetours-rating\" aria-label=\"Valoraci\u00f3n 5.0 de 5\"><span class=\"gw-freetours-star gw-freetours-star--full\" aria-hidden=\"true\">\u2605<\/span><span class=\"gw-freetours-star gw-freetours-star--full\" aria-hidden=\"true\">\u2605<\/span><span class=\"gw-freetours-star gw-freetours-star--full\" aria-hidden=\"true\">\u2605<\/span><span class=\"gw-freetours-star gw-freetours-star--full\" aria-hidden=\"true\">\u2605<\/span><span class=\"gw-freetours-star gw-freetours-star--full\" aria-hidden=\"true\">\u2605<\/span><span class=\"gw-freetours-rating__count\">5,0 (16)<\/span><\/div><\/div><\/div><\/div><div class=\"gw-freetours-card\" data-tour-id=\"39378\"><button type=\"button\" class=\"gw-freetours-image-link\" data-dest=\"https:\/\/www.guruwalk.com\/es\/walks\/39378-nuevo-palma-by-night-descubriendo-el-casco-antiguo-best-gelato-para-deleitar-nuestros-paladares\" role=\"link\" aria-label=\"\u00a1NUEVO! &quot;Palma by night&quot;; descubriendo el casco antiguo + best gelato para deleitar nuestros paladares.\"><div class=\"gw-freetours-image\"><img decoding=\"async\" class=\"gw-freetours-photo\" src=\"https:\/\/blog.guruwalk.com\/wp-content\/uploads\/gw-freetours-cache\/39378-8266740f9243c2fd71a300db31baf132.jpg\" alt=\"\u00a1NUEVO! &quot;Palma by night&quot;; descubriendo el casco antiguo + best gelato para deleitar nuestros paladares.\" loading=\"lazy\" \/><div class=\"gw-freetours-flags\"><img decoding=\"async\" src=\"https:\/\/blog.guruwalk.com\/wp-content\/gurupluginswalk\/wp-gw-freetours\/assets\/flags\/en.svg\" alt=\"en\" class=\"gw-freetours-flag\" \/><img decoding=\"async\" src=\"https:\/\/blog.guruwalk.com\/wp-content\/gurupluginswalk\/wp-gw-freetours\/assets\/flags\/fr.svg\" alt=\"fr\" class=\"gw-freetours-flag\" \/><img decoding=\"async\" src=\"https:\/\/blog.guruwalk.com\/wp-content\/gurupluginswalk\/wp-gw-freetours\/assets\/flags\/it.svg\" alt=\"it\" class=\"gw-freetours-flag\" \/><\/div><\/div><\/button><div class=\"gw-freetours-content\"><h4 class=\"gw-freetours-title\"><button type=\"button\" class=\"gw-freetours-title-link\" data-dest=\"https:\/\/www.guruwalk.com\/es\/walks\/39378-nuevo-palma-by-night-descubriendo-el-casco-antiguo-best-gelato-para-deleitar-nuestros-paladares\" role=\"link\">\u00a1NUEVO! &quot;Palma by night&quot;; descubriendo el casco antiguo + best gelato para deleitar nuestros paladares.<\/button><\/h4><div class=\"gw-freetours-meta-top\"><span class=\"gw-freetours-duration\"><svg width=\"16\" height=\"16\" viewBox=\"0 0 24 24\" fill=\"none\" stroke=\"currentColor\" stroke-width=\"2\"><circle cx=\"12\" cy=\"12\" r=\"10\"\/><polyline points=\"12,6 12,12 16,14\"\/><\/svg>1:15<\/span><button class=\"gw-freetours-map-btn\" data-lat=\"39.572423\" data-lng=\"2.65079\" data-address=\"La Rambla, 2, Centre, 07003 Palma, Illes Balears, Espa\u00f1a\" data-instructions=\"Encuentreme al lado de los generales romanos, en la Rambla.Llevar\u00e9 una flor blanca en el pelo\ud83c\udf3b\"><svg width=\"16\" height=\"16\" viewBox=\"0 0 24 24\" fill=\"none\" stroke=\"currentColor\" stroke-width=\"2\"><path d=\"M21 10c0 7-9 13-9 13s-9-6-9-13a9 9 0 0 1 18 0z\"\/><circle cx=\"12\" cy=\"10\" r=\"3\"\/><\/svg><\/button><\/div><p class=\"gw-freetours-description\">Les invito a caminar por el casco antiguo de Palma en compa\u00f1\u00eda de Charlotte, una gu\u00eda tur\u00edstica enamorada de &#8230;<\/p><div class=\"gw-freetours-author\"><span class=\"gw-freetours-author-link\"><img decoding=\"async\" src=\"https:\/\/media.guruwalk.com\/lhoe5e3fqt146g9qtn4wphayx8ce\" alt=\"Charlotte\" class=\"gw-freetours-author-avatar\" \/><span class=\"gw-freetours-author-name\">Charlotte<\/span><\/span><\/div><div class=\"gw-freetours-rating-container\"><div class=\"gw-freetours-rating\" aria-label=\"Valoraci\u00f3n 4.8 de 5\"><span class=\"gw-freetours-star gw-freetours-star--full\" aria-hidden=\"true\">\u2605<\/span><span class=\"gw-freetours-star gw-freetours-star--full\" aria-hidden=\"true\">\u2605<\/span><span class=\"gw-freetours-star gw-freetours-star--full\" aria-hidden=\"true\">\u2605<\/span><span class=\"gw-freetours-star gw-freetours-star--full\" aria-hidden=\"true\">\u2605<\/span><span class=\"gw-freetours-star gw-freetours-star--half\" aria-hidden=\"true\">\u2606<\/span><span class=\"gw-freetours-rating__count\">4,8 (74)<\/span><\/div><\/div><\/div><\/div><\/div><\/div><div class=\"gw-freetours-place-link\"><a href=\"https:\/\/www.guruwalk.com\/es\/free-tour-palma\" target=\"_blank\" rel=\"noopener\" class=\"gw-freetours-place-btn\">M\u00e1s Free Tours en Palma de Mallorca<\/a><\/div><\/div><script type=\"application\/ld+json\">{\"@context\":\"https:\/\/schema.org\",\"@type\":\"ItemList\",\"name\":\"Free Tours en Free-tour-palma\",\"description\":\"Tours gratuitos disponibles en Free-tour-palma\",\"url\":\"https:\/\/www.guruwalk.com\/es\/free-tour-palma\",\"itemListOrder\":\"Unordered\",\"numberOfItems\":\"7\",\"itemListElement\":[{\"@type\":\"ListItem\",\"position\":1,\"item\":{\"@type\":\"Event\",\"@id\":\"https:\/\/www.guruwalk.com\/es\/walks\/49320-free-tour-palma-imprescindible-el-mas-completo-de-la-ciudad\",\"name\":\"Free Tour Palma Imprescindible \u00a1El m\u00e1s completo de la ciudad!\",\"description\":\"Si acabas de aterrizar en la ciudad o eres de ella pero quieres conocerla en detalle , \u00a1este es tu tour!\",\"url\":\"https:\/\/www.guruwalk.com\/es\/walks\/49320-free-tour-palma-imprescindible-el-mas-completo-de-la-ciudad\",\"isAccessibleForFree\":true,\"eventStatus\":\"https:\/\/schema.org\/EventScheduled\",\"eventAttendanceMode\":\"https:\/\/schema.org\/OfflineEventAttendanceMode\",\"startDate\":\"2026-01-01\",\"endDate\":\"2026-12-31\",\"duration\":\"PT3H\",\"inLanguage\":[\"es\"],\"location\":{\"@type\":\"Place\",\"name\":\"Free Tours en Free-tour-palma\",\"address\":{\"@type\":\"PostalAddress\",\"addressLocality\":\"Palma de Mallorca\",\"addressCountry\":{\"@type\":\"Country\",\"name\":\"Spain\"}},\"geo\":{\"@type\":\"GeoCoordinates\",\"latitude\":39.567449,\"longitude\":2.646191},\"description\":\"Nos vemos junto a los jardines de S'Hort des Rei, donde estar\u00e9 esperando junto a la estatua del hondero balear, conocida como Es Foner. Busca el paraguas lila.\"},\"organizer\":{\"@type\":\"Person\",\"name\":\"Otra Mirada Palma\",\"image\":\"https:\/\/media.guruwalk.com\/v3fhxglbmzpte3nlur717pj4d5d0\",\"url\":\"https:\/\/www.guruwalk.com\/es\/gurus\/c3vq4mbz57jd6y2g6d2s\"},\"performer\":{\"@type\":\"Person\",\"name\":\"Otra Mirada Palma\",\"url\":\"https:\/\/www.guruwalk.com\/es\/gurus\/c3vq4mbz57jd6y2g6d2s\"},\"aggregateRating\":{\"@type\":\"AggregateRating\",\"ratingValue\":4.94,\"bestRating\":5,\"worstRating\":1,\"reviewCount\":906},\"image\":\"https:\/\/media.guruwalk.com\/aic90asvj4e4fkvg2lx6n99a3tzi\",\"offers\":{\"@type\":\"Offer\",\"url\":\"https:\/\/www.guruwalk.com\/es\/walks\/49320-free-tour-palma-imprescindible-el-mas-completo-de-la-ciudad\",\"price\":0,\"priceCurrency\":\"EUR\",\"availability\":\"https:\/\/schema.org\/InStock\",\"validFrom\":\"2026-01-01\"}}},{\"@type\":\"ListItem\",\"position\":2,\"item\":{\"@type\":\"Event\",\"@id\":\"https:\/\/www.guruwalk.com\/es\/walks\/56279-free-tour-palma-autentica-descubre-los-monumentos-mas-importantes\",\"name\":\"Free Tour Palma Aut\u00e9ntica: Descubre los Monumentos M\u00e1s Importantes\",\"description\":\"El Recorrido Esencial por los Monumentos m\u00e1s emblem\u00e1ticos Hay ciudades que se visitan\u2026 y otras que se entienden...\",\"url\":\"https:\/\/www.guruwalk.com\/es\/walks\/56279-free-tour-palma-autentica-descubre-los-monumentos-mas-importantes\",\"isAccessibleForFree\":true,\"eventStatus\":\"https:\/\/schema.org\/EventScheduled\",\"eventAttendanceMode\":\"https:\/\/schema.org\/OfflineEventAttendanceMode\",\"startDate\":\"2026-01-01\",\"endDate\":\"2026-12-31\",\"duration\":\"PT2H\",\"inLanguage\":[\"en\",\"es\"],\"location\":{\"@type\":\"Place\",\"name\":\"Free Tours en Free-tour-palma\",\"address\":{\"@type\":\"PostalAddress\",\"addressLocality\":\"Palma de Mallorca\",\"addressCountry\":{\"@type\":\"Country\",\"name\":\"Spain\"}},\"geo\":{\"@type\":\"GeoCoordinates\",\"latitude\":39.575304,\"longitude\":2.653341},\"description\":\"El punto de encuentro estar\u00e1 situado en la plaza Espa\u00f1a enfrente del KFC y nos encontrareis con un paraguas de color amarillo.\"},\"organizer\":{\"@type\":\"Person\",\"name\":\"Javier\",\"image\":\"https:\/\/media.guruwalk.com\/yi921oe245owoat5nszbdttxyqhe\",\"url\":\"https:\/\/www.guruwalk.com\/es\/gurus\/y6ey94ppjvu0gjzpe9fj\"},\"performer\":{\"@type\":\"Person\",\"name\":\"Javier\",\"url\":\"https:\/\/www.guruwalk.com\/es\/gurus\/y6ey94ppjvu0gjzpe9fj\"},\"aggregateRating\":{\"@type\":\"AggregateRating\",\"ratingValue\":4.69,\"bestRating\":5,\"worstRating\":1,\"reviewCount\":132},\"image\":\"https:\/\/media.guruwalk.com\/co2tcysfkrhlvk1575ci292yvpla\",\"offers\":{\"@type\":\"Offer\",\"url\":\"https:\/\/www.guruwalk.com\/es\/walks\/56279-free-tour-palma-autentica-descubre-los-monumentos-mas-importantes\",\"price\":0,\"priceCurrency\":\"EUR\",\"availability\":\"https:\/\/schema.org\/InStock\",\"validFrom\":\"2026-01-01\"}}},{\"@type\":\"ListItem\",\"position\":3,\"item\":{\"@type\":\"Event\",\"@id\":\"https:\/\/www.guruwalk.com\/es\/walks\/17301-free-tour-palma-emblematica\",\"name\":\"Free Tour Palma Emblem\u00e1tica\",\"description\":\"\u00bfReci\u00e9n llegado a\u00a0 Palma de Mallorca? \u00a1D\u00e9jate acompa\u00f1ar por nuestros gu\u00edas oficiales apasionados por la historia y la cul...\",\"url\":\"https:\/\/www.guruwalk.com\/es\/walks\/17301-free-tour-palma-emblematica\",\"isAccessibleForFree\":true,\"eventStatus\":\"https:\/\/schema.org\/EventScheduled\",\"eventAttendanceMode\":\"https:\/\/schema.org\/OfflineEventAttendanceMode\",\"startDate\":\"2026-01-01\",\"endDate\":\"2026-12-31\",\"duration\":\"PT2H\",\"inLanguage\":[\"en\",\"es\"],\"location\":{\"@type\":\"Place\",\"name\":\"Free Tours en Free-tour-palma\",\"address\":{\"@type\":\"PostalAddress\",\"addressLocality\":\"Palma de Mallorca\",\"addressCountry\":{\"@type\":\"Country\",\"name\":\"Spain\"}},\"geo\":{\"@type\":\"GeoCoordinates\",\"latitude\":39.567034,\"longitude\":2.645581},\"description\":\"En el PARC DE LA MAR (frente a la oficina de turismo) con paraguas y camiseta naranja\"},\"organizer\":{\"@type\":\"Person\",\"name\":\"Mallorca Free Tour\",\"image\":\"https:\/\/media.guruwalk.com\/aq2jdgz0falx6tbwe3k9su5xsa7o\",\"url\":\"https:\/\/www.guruwalk.com\/es\/gurus\/g9efjf56yhpg8xfuf4f4\"},\"performer\":{\"@type\":\"Person\",\"name\":\"Mallorca Free Tour\",\"url\":\"https:\/\/www.guruwalk.com\/es\/gurus\/g9efjf56yhpg8xfuf4f4\"},\"aggregateRating\":{\"@type\":\"AggregateRating\",\"ratingValue\":4.54,\"bestRating\":5,\"worstRating\":1,\"reviewCount\":595},\"image\":\"https:\/\/media.guruwalk.com\/79jra957j9p7ojh87jrma87so97f\",\"offers\":{\"@type\":\"Offer\",\"url\":\"https:\/\/www.guruwalk.com\/es\/walks\/17301-free-tour-palma-emblematica\",\"price\":0,\"priceCurrency\":\"EUR\",\"availability\":\"https:\/\/schema.org\/InStock\",\"validFrom\":\"2026-01-01\"}}},{\"@type\":\"ListItem\",\"position\":4,\"item\":{\"@type\":\"Event\",\"@id\":\"https:\/\/www.guruwalk.com\/es\/walks\/56274-free-tour-piratas-y-corsarios-del-mediterraneo\",\"name\":\"Free tour Piratas y Corsarios del Mediterr\u00e1neo\",\"description\":\"Tour de Piratas y Corsarios en Mallorca \u00a0 \u00a1Emb\u00e1rcate en este tour \u00e9pico de Piratas y Corsar...\",\"url\":\"https:\/\/www.guruwalk.com\/es\/walks\/56274-free-tour-piratas-y-corsarios-del-mediterraneo\",\"isAccessibleForFree\":true,\"eventStatus\":\"https:\/\/schema.org\/EventScheduled\",\"eventAttendanceMode\":\"https:\/\/schema.org\/OfflineEventAttendanceMode\",\"startDate\":\"2026-01-01\",\"endDate\":\"2026-12-31\",\"duration\":\"PT1H30M\",\"inLanguage\":[\"es\"],\"location\":{\"@type\":\"Place\",\"name\":\"Free Tours en Free-tour-palma\",\"address\":{\"@type\":\"PostalAddress\",\"addressLocality\":\"Palma de Mallorca\",\"addressCountry\":{\"@type\":\"Country\",\"name\":\"Spain\"}},\"geo\":{\"@type\":\"GeoCoordinates\",\"latitude\":39.569273,\"longitude\":2.646431},\"description\":\"El punto de encuentro estar\u00e1 situado en el Paseo del Borne junto a la rotonda de Plaza de la Reina y nos encontrareis con un paraguas de color amarillo.\"},\"organizer\":{\"@type\":\"Person\",\"name\":\"Javier\",\"image\":\"https:\/\/media.guruwalk.com\/yi921oe245owoat5nszbdttxyqhe\",\"url\":\"https:\/\/www.guruwalk.com\/es\/gurus\/y6ey94ppjvu0gjzpe9fj\"},\"performer\":{\"@type\":\"Person\",\"name\":\"Javier\",\"url\":\"https:\/\/www.guruwalk.com\/es\/gurus\/y6ey94ppjvu0gjzpe9fj\"},\"aggregateRating\":{\"@type\":\"AggregateRating\",\"ratingValue\":4.74,\"bestRating\":5,\"worstRating\":1,\"reviewCount\":23},\"image\":\"https:\/\/media.guruwalk.com\/8dmdv9pne952506i65qeyr9s7ofi\",\"offers\":{\"@type\":\"Offer\",\"url\":\"https:\/\/www.guruwalk.com\/es\/walks\/56274-free-tour-piratas-y-corsarios-del-mediterraneo\",\"price\":0,\"priceCurrency\":\"EUR\",\"availability\":\"https:\/\/schema.org\/InStock\",\"validFrom\":\"2026-01-01\"}}},{\"@type\":\"ListItem\",\"position\":5,\"item\":{\"@type\":\"Event\",\"@id\":\"https:\/\/www.guruwalk.com\/es\/walks\/36802-tour-misterios-crimenes-y-leyendas-de-palma\",\"name\":\"Tour Misterios, cr\u00edmenes y leyendas de Palma\",\"description\":\"Conoce las historias de Palma que podr\u00edan haber inspirado alguna escena de Quentin Tarantino...\u00a0 Te acompa\u00f1...\",\"url\":\"https:\/\/www.guruwalk.com\/es\/walks\/36802-tour-misterios-crimenes-y-leyendas-de-palma\",\"isAccessibleForFree\":true,\"eventStatus\":\"https:\/\/schema.org\/EventScheduled\",\"eventAttendanceMode\":\"https:\/\/schema.org\/OfflineEventAttendanceMode\",\"startDate\":\"2026-01-01\",\"endDate\":\"2026-12-31\",\"duration\":\"PT2H\",\"inLanguage\":[\"en\",\"es\"],\"location\":{\"@type\":\"Place\",\"name\":\"Free Tours en Free-tour-palma\",\"address\":{\"@type\":\"PostalAddress\",\"addressLocality\":\"Palma de Mallorca\",\"addressCountry\":{\"@type\":\"Country\",\"name\":\"Spain\"}},\"geo\":{\"@type\":\"GeoCoordinates\",\"latitude\":39.57152,\"longitude\":2.651682},\"description\":\"En la Plaza Mayor de Palma. Los gu\u00edas llevan paraguas naranja\"},\"organizer\":{\"@type\":\"Person\",\"name\":\"Mallorca Free Tour\",\"image\":\"https:\/\/media.guruwalk.com\/aq2jdgz0falx6tbwe3k9su5xsa7o\",\"url\":\"https:\/\/www.guruwalk.com\/es\/gurus\/g9efjf56yhpg8xfuf4f4\"},\"performer\":{\"@type\":\"Person\",\"name\":\"Mallorca Free Tour\",\"url\":\"https:\/\/www.guruwalk.com\/es\/gurus\/g9efjf56yhpg8xfuf4f4\"},\"aggregateRating\":{\"@type\":\"AggregateRating\",\"ratingValue\":4.68,\"bestRating\":5,\"worstRating\":1,\"reviewCount\":120},\"image\":\"https:\/\/media.guruwalk.com\/695n4afmo4idmcxp4kll4zfu1v68\",\"offers\":{\"@type\":\"Offer\",\"url\":\"https:\/\/www.guruwalk.com\/es\/walks\/36802-tour-misterios-crimenes-y-leyendas-de-palma\",\"price\":0,\"priceCurrency\":\"EUR\",\"availability\":\"https:\/\/schema.org\/InStock\",\"validFrom\":\"2026-01-01\"}}},{\"@type\":\"ListItem\",\"position\":6,\"item\":{\"@type\":\"Event\",\"@id\":\"https:\/\/www.guruwalk.com\/es\/walks\/61611-free-tour-leyendas-de-palma\",\"name\":\"Free Tour Leyendas de Palma.\",\"description\":\"Adentrate en conocer la ciudad de Palma a trav\u00e9s de sus leyendas... \u00bfConoces ya el Drach de Na Coca? \u00bfO la difunta de S...\",\"url\":\"https:\/\/www.guruwalk.com\/es\/walks\/61611-free-tour-leyendas-de-palma\",\"isAccessibleForFree\":true,\"eventStatus\":\"https:\/\/schema.org\/EventScheduled\",\"eventAttendanceMode\":\"https:\/\/schema.org\/OfflineEventAttendanceMode\",\"startDate\":\"2026-01-01\",\"endDate\":\"2026-12-31\",\"duration\":\"PT2H\",\"inLanguage\":[\"es\"],\"location\":{\"@type\":\"Place\",\"name\":\"Free Tours en Free-tour-palma\",\"address\":{\"@type\":\"PostalAddress\",\"addressLocality\":\"Palma de Mallorca\",\"addressCountry\":{\"@type\":\"Country\",\"name\":\"Spain\"}},\"geo\":{\"@type\":\"GeoCoordinates\",\"latitude\":39.569056,\"longitude\":2.650964},\"description\":\"Enfrente de la Iglesia de Santa Eul\u00e0lia.Me ver\u00e1s con el paraguas morado!! ;)\"},\"organizer\":{\"@type\":\"Person\",\"name\":\"CARLA\",\"image\":\"https:\/\/media.guruwalk.com\/yhqy892wpjb4gy4x86s6otx4oet0\",\"url\":\"https:\/\/www.guruwalk.com\/es\/gurus\/4r57c2foxp1l4t9a36e9\"},\"performer\":{\"@type\":\"Person\",\"name\":\"CARLA\",\"url\":\"https:\/\/www.guruwalk.com\/es\/gurus\/4r57c2foxp1l4t9a36e9\"},\"aggregateRating\":{\"@type\":\"AggregateRating\",\"ratingValue\":5,\"bestRating\":5,\"worstRating\":1,\"reviewCount\":16},\"image\":\"https:\/\/media.guruwalk.com\/pjagmxd9cj4p34jon8vxkchab93o\",\"offers\":{\"@type\":\"Offer\",\"url\":\"https:\/\/www.guruwalk.com\/es\/walks\/61611-free-tour-leyendas-de-palma\",\"price\":0,\"priceCurrency\":\"EUR\",\"availability\":\"https:\/\/schema.org\/InStock\",\"validFrom\":\"2026-01-01\"}}},{\"@type\":\"ListItem\",\"position\":7,\"item\":{\"@type\":\"Event\",\"@id\":\"https:\/\/www.guruwalk.com\/es\/walks\/39378-nuevo-palma-by-night-descubriendo-el-casco-antiguo-best-gelato-para-deleitar-nuestros-paladares\",\"name\":\"\u00a1NUEVO! \\\"Palma by night\\\"; descubriendo el casco antiguo + best gelato para deleitar nuestros paladares.\",\"description\":\"Les invito a caminar por el casco antiguo de Palma en compa\u00f1\u00eda de Charlotte, una gu\u00eda tur\u00edstica enamorada de ...\",\"url\":\"https:\/\/www.guruwalk.com\/es\/walks\/39378-nuevo-palma-by-night-descubriendo-el-casco-antiguo-best-gelato-para-deleitar-nuestros-paladares\",\"isAccessibleForFree\":true,\"eventStatus\":\"https:\/\/schema.org\/EventScheduled\",\"eventAttendanceMode\":\"https:\/\/schema.org\/OfflineEventAttendanceMode\",\"startDate\":\"2026-01-01\",\"endDate\":\"2026-12-31\",\"duration\":\"PT1H15M\",\"inLanguage\":[\"en\",\"fr\",\"it\"],\"location\":{\"@type\":\"Place\",\"name\":\"Free Tours en Free-tour-palma\",\"address\":{\"@type\":\"PostalAddress\",\"addressLocality\":\"Palma de Mallorca\",\"addressCountry\":{\"@type\":\"Country\",\"name\":\"Spain\"}},\"geo\":{\"@type\":\"GeoCoordinates\",\"latitude\":39.572423,\"longitude\":2.65079},\"description\":\"Encuentreme al lado de los generales romanos, en la Rambla.Llevar\u00e9 una flor blanca en el pelo\ud83c\udf3b\"},\"organizer\":{\"@type\":\"Person\",\"name\":\"Charlotte\",\"image\":\"https:\/\/media.guruwalk.com\/lhoe5e3fqt146g9qtn4wphayx8ce\",\"url\":\"https:\/\/www.guruwalk.com\/es\/gurus\/sianc1y4jms8s1em0pgq\"},\"performer\":{\"@type\":\"Person\",\"name\":\"Charlotte\",\"url\":\"https:\/\/www.guruwalk.com\/es\/gurus\/sianc1y4jms8s1em0pgq\"},\"aggregateRating\":{\"@type\":\"AggregateRating\",\"ratingValue\":4.77,\"bestRating\":5,\"worstRating\":1,\"reviewCount\":74},\"image\":\"https:\/\/media.guruwalk.com\/pbid3flo568eatphlcr674ghkvpr\",\"offers\":{\"@type\":\"Offer\",\"url\":\"https:\/\/www.guruwalk.com\/es\/walks\/39378-nuevo-palma-by-night-descubriendo-el-casco-antiguo-best-gelato-para-deleitar-nuestros-paladares\",\"price\":0,\"priceCurrency\":\"EUR\",\"availability\":\"https:\/\/schema.org\/InStock\",\"validFrom\":\"2026-01-01\"}}}]}<\/script>\n\n\n<h2 class=\"wp-block-heading\" id=\"lugar\">Qu\u00e9 ver en un d\u00eda en Palma de Mallorca<\/h2>\n\n\n\n<figure class=\"wp-block-image size-large\"><img decoding=\"async\" width=\"1024\" height=\"682\" src=\"https:\/\/blog.guruwalk.com\/wp-content\/uploads\/2025\/04\/image-65-1024x682.webp\" alt=\"Atardecer frente a la Catedral de Palma de Mallorca desde el Parc de la Mar\" class=\"wp-image-10294\" srcset=\"https:\/\/blog.guruwalk.com\/wp-content\/uploads\/2025\/04\/image-65-1024x682.webp 1024w, https:\/\/blog.guruwalk.com\/wp-content\/uploads\/2025\/04\/image-65-300x200.webp 300w, https:\/\/blog.guruwalk.com\/wp-content\/uploads\/2025\/04\/image-65-768x511.webp 768w, https:\/\/blog.guruwalk.com\/wp-content\/uploads\/2025\/04\/image-65.webp 1200w\" sizes=\"(max-width: 1024px) 100vw, 1024px\" \/><figcaption class=\"wp-element-caption\">Atardecer frente a la Catedral de Palma de Mallorca desde el Parc de la Mar<\/figcaption><\/figure>\n\n\n\n<p class=\"wp-block-paragraph\">El centro monumental permite enlazar la catedral, la Almudaina, S\u2019Hort del Rei, Sa Llotja, el Call y las plazas principales a pie. Bellver queda fuera de este recorrido compacto y requiere reservar un tramo aparte con transporte y una subida a pie.<\/p>\n\n\n\n<h3 class=\"wp-block-heading\">Ma\u00f1ana<\/h3>\n\n\n\n<ol class=\"wp-block-list\">\n<li><strong>La Seu y la Almudaina:<\/strong> reserva aproximadamente entre 1 hora y media y 2 horas si quieres entrar en ambos edificios; consulta disponibilidad y condiciones de acceso antes de organizar las visitas interiores.<\/li>\n\n\n\n<li><strong>S\u2019Hort del Rei y Sa Llotja:<\/strong> el enlace se hace a pie. Desde los jardines, contin\u00faa hacia la ficha oficial de Sa Llotja para comprobar el acceso vigente al edificio.<\/li>\n\n\n\n<li><strong>Plaza de Cort, Call y Plaza Mayor:<\/strong> calcula de forma orientativa entre 1 hora y media y 2 horas para caminar sin convertir el trayecto en una sucesi\u00f3n de paradas r\u00e1pidas.<\/li>\n\n\n\n<li><strong>Mercat de l\u2019Olivar:<\/strong> termina la ma\u00f1ana en el mercado si coincide con su apertura; comprueba el horario del d\u00eda antes de desplazarte.<\/li>\n<\/ol>\n\n\n\n<h3 class=\"wp-block-heading\">Tarde<\/h3>\n\n\n\n<ol start=\"5\" class=\"wp-block-list\">\n<li><strong>Castillo de Bellver:<\/strong> reserva aproximadamente entre 2 y 3 horas para el desplazamiento, la subida y la visita. Consulta en la <a href=\"https:\/\/www.emtpalma.cat\/\" rel=\"nofollow noreferrer noopener\" target=\"_blank\">EMT Palma<\/a> la l\u00ednea y parada vigentes; desde la parte baja todav\u00eda queda un tramo ascendente a pie.<\/li>\n\n\n\n<li><strong>Santa Catalina:<\/strong> regresa hacia el centro y recorre el entorno del mercado y sus calles. El tiempo necesario depende de si paras a comer o solo atraviesas el barrio.<\/li>\n\n\n\n<li><strong>Paseo Mar\u00edtimo:<\/strong> cierra la ruta junto a la bah\u00eda. Revisa posibles desv\u00edos peatonales si hay obras o cambios temporales en el trazado.<\/li>\n<\/ol>\n\n\n\n<div class=\"ruta-mapa\" aria-label=\"Mapa esquem\u00e1tico de la ruta de un d\u00eda por Palma de Mallorca\">\n  <p><strong>Mapa esquem\u00e1tico:<\/strong> La Seu \u2192 Almudaina \u2192 S\u2019Hort del Rei \u2192 Sa Llotja \u2192 paseo del Born \u2192 Plaza de Cort \u2192 Call \u2192 Plaza Mayor \u2192 Mercat de l\u2019Olivar. Tramo separado: centro \u2192 transporte a Bellver \u2192 Santa Catalina \u2192 Paseo Mar\u00edtimo.<\/p>\n<\/div>\n\n\n\n<h2 class=\"wp-block-heading\" id=\"casco-historico-a-pie\">Casco hist\u00f3rico a pie<\/h2>\n\n\n\n<p class=\"wp-block-paragraph\">Desde la Plaza de Cort, entra en las calles del antiguo Call y contin\u00faa hacia la Plaza Mayor. En el trayecto pueden verse desde la v\u00eda p\u00fablica algunos zaguanes y patios se\u00f1oriales cuando sus puertas est\u00e1n abiertas; que sean visibles no significa que se pueda entrar, por lo que conviene observarlos desde el umbral y respetar los espacios privados.<\/p>\n\n\n\n<p class=\"wp-block-paragraph\">Despu\u00e9s, vuelve hacia el paseo del Born y baja hasta el Parc de la Mar. Esta secuencia mantiene casi todo el recorrido en terreno llano o con pendientes moderadas y permite enlazar el centro comercial con la fachada mar\u00edtima sin recurrir al transporte.<\/p>\n\n\n\n<h2 class=\"wp-block-heading\" id=\"sa-llotja\">Sa Llotja<\/h2>\n\n\n\n<p class=\"wp-block-paragraph\">Sa Llotja fue la sede del colegio de mercaderes y conserva una de las principales muestras de arquitectura g\u00f3tica civil de Palma. Encaja en la ruta entre la Almudaina, S\u2019Hort del Rei y el paseo mar\u00edtimo. El acceso puede cambiar por exposiciones o actos, as\u00ed que consulta la informaci\u00f3n oficial enlazada en el itinerario en lugar de contar con una apertura permanente.<\/p>\n\n\n\n<h2 class=\"wp-block-heading\" id=\"catedral-de-santa-maria-de-palma\">Catedral de Santa Mar\u00eda de Palma<\/h2>\n\n\n\n<figure class=\"wp-block-image size-large\"><img decoding=\"async\" width=\"1024\" height=\"632\" src=\"https:\/\/blog.guruwalk.com\/wp-content\/uploads\/2025\/04\/image-66-1024x632.webp\" alt=\"Fachada principal de la Catedral de Mallorca al atardecer\" class=\"wp-image-10302\" srcset=\"https:\/\/blog.guruwalk.com\/wp-content\/uploads\/2025\/04\/image-66-1024x632.webp 1024w, https:\/\/blog.guruwalk.com\/wp-content\/uploads\/2025\/04\/image-66-300x185.webp 300w, https:\/\/blog.guruwalk.com\/wp-content\/uploads\/2025\/04\/image-66-768x474.webp 768w, https:\/\/blog.guruwalk.com\/wp-content\/uploads\/2025\/04\/image-66.webp 1200w\" sizes=\"(max-width: 1024px) 100vw, 1024px\" \/><figcaption class=\"wp-element-caption\">Fachada principal de la Catedral de Santa Mar\u00eda de Palma al atardecer<\/figcaption><\/figure>\n\n\n\n<p class=\"wp-block-paragraph\">La&nbsp;<strong>Catedral de Santa Mar\u00eda de Palma<\/strong>, conocida como&nbsp;<strong>La Seu<\/strong>, inici\u00f3 su construcci\u00f3n en 1229, tras la conquista de Jaume I, y se prolong\u00f3 hasta 1601. El resultado combina fases y estilos de varios siglos.<\/p>\n\n\n\n<p class=\"wp-block-paragraph\">Destaca su gran&nbsp;<strong>roset\u00f3n<\/strong>, de aproximadamente <strong>13,8&nbsp;m<\/strong> de di\u00e1metro, <strong>uno de los mayores<\/strong> entre las catedrales g\u00f3ticas europeas. La luz atraviesa sus vidrieras y cambia la percepci\u00f3n de la nave seg\u00fan la hora.<\/p>\n\n\n\n<blockquote class=\"wp-block-quote is-layout-flow wp-block-quote-is-layout-flow\">\n<p class=\"wp-block-paragraph\">La visita tur\u00edstica puede variar seg\u00fan la temporada, las celebraciones lit\u00fargicas y actos como el Festival de la Luz. Consulta en la web oficial enlazada al inicio los horarios, modalidades de entrada y disponibilidad vigentes.<\/p>\n<\/blockquote>\n\n\n\n<h2 class=\"wp-block-heading\" id=\"castillo-de-bellver\">Castillo de Bellver<\/h2>\n\n\n\n<figure class=\"wp-block-image size-large\"><img decoding=\"async\" width=\"1024\" height=\"682\" src=\"https:\/\/blog.guruwalk.com\/wp-content\/uploads\/2025\/04\/image-67-1024x682.webp\" alt=\"Castillo de Bellver y su patio circular, vistas sobre Palma\" class=\"wp-image-10310\" srcset=\"https:\/\/blog.guruwalk.com\/wp-content\/uploads\/2025\/04\/image-67-1024x682.webp 1024w, https:\/\/blog.guruwalk.com\/wp-content\/uploads\/2025\/04\/image-67-300x200.webp 300w, https:\/\/blog.guruwalk.com\/wp-content\/uploads\/2025\/04\/image-67-768x511.webp 768w, https:\/\/blog.guruwalk.com\/wp-content\/uploads\/2025\/04\/image-67.webp 1200w\" sizes=\"(max-width: 1024px) 100vw, 1024px\" \/><figcaption class=\"wp-element-caption\">Murallas y patio circular del Castillo de Bellver en Palma de Mallorca<\/figcaption><\/figure>\n\n\n\n<p class=\"wp-block-paragraph\">El&nbsp;<strong>Castillo de Bellver<\/strong>, levantado en el siglo XIV por orden de <strong>Jaime&nbsp;II<\/strong>, se alza sobre una colina con vistas de&nbsp;<strong>Palma<\/strong>. Su planta circular, poco com\u00fan en fortificaciones medievales, lo convierte en un hito arquitect\u00f3nico. Hoy alberga el <strong>Museu d\u2019Hist\u00f2ria de la Ciutat de Palma<\/strong>.<\/p>\n\n\n\n<blockquote class=\"wp-block-quote is-layout-flow wp-block-quote-is-layout-flow\">\n<p class=\"wp-block-paragraph\"><strong>Acceso pr\u00e1ctico:<\/strong> consulta las condiciones de entrada y el horario en el sitio municipal enlazado al inicio. La llegada en transporte p\u00fablico no evita toda la subida: desde la zona de Plaza Gomila hay escaleras y tramos con pendiente; el acceso por la carretera de Camilo Jos\u00e9 Cela reduce parte del esfuerzo.<\/p>\n<\/blockquote>\n\n\n\n<h2 class=\"wp-block-heading\" id=\"palacio-de-la-almudaina\">Palacio de la Almudaina<\/h2>\n\n\n\n<figure class=\"wp-block-image size-large\"><img decoding=\"async\" width=\"1024\" height=\"683\" src=\"https:\/\/blog.guruwalk.com\/wp-content\/uploads\/2025\/04\/image-68-1024x683.webp\" alt=\"Palacio de la Almudaina junto a la Catedral de Palma\" class=\"wp-image-10318\" srcset=\"https:\/\/blog.guruwalk.com\/wp-content\/uploads\/2025\/04\/image-68-1024x683.webp 1024w, https:\/\/blog.guruwalk.com\/wp-content\/uploads\/2025\/04\/image-68-300x200.webp 300w, https:\/\/blog.guruwalk.com\/wp-content\/uploads\/2025\/04\/image-68-768x512.webp 768w, https:\/\/blog.guruwalk.com\/wp-content\/uploads\/2025\/04\/image-68.webp 1200w\" sizes=\"(max-width: 1024px) 100vw, 1024px\" \/><figcaption class=\"wp-element-caption\">Palacio de la Almudaina junto a la Catedral de Palma de Mallorca<\/figcaption><\/figure>\n\n\n\n<p class=\"wp-block-paragraph\">El&nbsp;<strong>Palacio de la Almudaina<\/strong>, junto a la catedral, testimonia la superposici\u00f3n de la alcazaba isl\u00e1mica y la residencia real cristiana. Hoy es <strong>residencia oficial<\/strong> para actos de la Corona durante sus estancias en Baleares.<\/p>\n\n\n\n<blockquote class=\"wp-block-quote is-layout-flow wp-block-quote-is-layout-flow\">\n<p class=\"wp-block-paragraph\">Los horarios, las condiciones de gratuidad y la disponibilidad pueden cambiar por actos oficiales. Consulta la informaci\u00f3n actualizada de Patrimonio Nacional enlazada al inicio y confirma la modalidad de acceso antes de desplazarte.<\/p>\n<\/blockquote>\n\n\n<div class=\"gw-products-block\" style=\"--gw-nav-width:30px; --gw-nav-height:30px; --gw-chevron-w:15px; --gw-chevron-h:15px; --gw-circle-color:#0a5bd9; --gw-chevron-color:#0a5bd9;\"><div class=\"gw-products-carousel\" aria-live=\"polite\"><article class=\"gw-card\"><div class=\"gw-card__image\"><img decoding=\"async\" class=\"gw-card__photo\" src=\"https:\/\/blog.guruwalk.com\/wp-content\/uploads\/gw-products\/images\/dda35eeaed8562f4bff1eae818e15426.webp\" alt=\"Entrada al Palau March\" loading=\"lazy\" \/><\/div><div class=\"gw-card__body\"><h3 class=\"gw-card__title\">Entrada al Palau March<\/h3><div class=\"gw-card__footer\"><div class=\"gw-card__price\">Desde \u20ac6,00<\/div><\/div><\/div><a class=\"gw-card__link\" href=\"https:\/\/www.guruwalk.com\/es\/walks\/p229629-entrada-al-palau-march-cGFub3B0ZXM\" target=\"_blank\" rel=\"noopener\" aria-label=\"Entrada al Palau March\"><\/a><\/article><article class=\"gw-card\"><div class=\"gw-card__image\"><img decoding=\"async\" class=\"gw-card__photo\" src=\"https:\/\/blog.guruwalk.com\/wp-content\/uploads\/gw-products\/images\/513d2874391e0eab0dea7853ac33ce20.webp\" alt=\"Entrada al Palacio Real de la Almudaina\" loading=\"lazy\" \/><\/div><div class=\"gw-card__body\"><h3 class=\"gw-card__title\">Entrada al Palacio Real de la Almudaina<\/h3><div class=\"gw-card__footer\"><div class=\"gw-card__price\">Desde \u20ac9,30<\/div><\/div><\/div><a class=\"gw-card__link\" href=\"https:\/\/www.guruwalk.com\/es\/walks\/p229628-entrada-al-palacio-real-de-la-almudaina\" target=\"_blank\" rel=\"noopener\" aria-label=\"Entrada al Palacio Real de la Almudaina\"><\/a><\/article><article class=\"gw-card\"><div class=\"gw-card__image\"><img decoding=\"async\" class=\"gw-card__photo\" src=\"https:\/\/blog.guruwalk.com\/wp-content\/uploads\/gw-products\/images\/37d92bbbdf9c161adc4db64324b8f64e.webp\" alt=\"Entradas a la Catedral de Palma y el Museo de Arte Sacro\" loading=\"lazy\" \/><\/div><div class=\"gw-card__body\"><h3 class=\"gw-card__title\">Entradas a la Catedral de Palma y el Museo de Arte Sacro<\/h3><div class=\"gw-card__footer\"><div class=\"gw-card__price\">Desde \u20ac14,00<\/div><\/div><\/div><a class=\"gw-card__link\" href=\"https:\/\/www.guruwalk.com\/es\/walks\/p171397-entradas-a-la-catedral-de-palma-y-el-museo-de-arte-sacro-cGFub3B0ZXM\" target=\"_blank\" rel=\"noopener\" aria-label=\"Entradas a la Catedral de Palma y el Museo de Arte Sacro\"><\/a><\/article><article class=\"gw-card\"><div class=\"gw-card__image\"><img decoding=\"async\" class=\"gw-card__photo\" src=\"https:\/\/blog.guruwalk.com\/wp-content\/uploads\/gw-products\/images\/6fa87c3adf13f35ff8de70c8e722fa77.webp\" alt=\"Safari Mallorca: Entrada + Viaje en tren\" loading=\"lazy\" \/><\/div><div class=\"gw-card__body\"><h3 class=\"gw-card__title\">Safari Mallorca: Entrada + Viaje en tren<\/h3><div class=\"gw-card__footer\"><div class=\"gw-card__price\">Desde \u20ac21,90<\/div><\/div><\/div><a class=\"gw-card__link\" href=\"https:\/\/www.guruwalk.com\/es\/walks\/p171043-safari-mallorca-entrada-viaje-en-tren\" target=\"_blank\" rel=\"noopener\" aria-label=\"Safari Mallorca: Entrada + Viaje en tren\"><\/a><\/article><\/div><div class=\"gw-vertical-link-container\"><a href=\"https:\/\/www.guruwalk.com\/es\/a\/palma-de-mallorca\/v1037-entradas-y-pases-en-palma-de-mallorca\" target=\"_blank\" rel=\"noopener\" style=\"font-weight: bold;\">+ Entradas y Pases<\/a><\/div><\/div>\n\n\n<h2 class=\"wp-block-heading\" id=\"paseo-maritimo\">Paseo Mar\u00edtimo<\/h2>\n\n\n\n<figure class=\"wp-block-image size-large\"><img decoding=\"async\" width=\"683\" height=\"1024\" src=\"https:\/\/blog.guruwalk.com\/wp-content\/uploads\/2025\/04\/image-69-683x1024.webp\" alt=\"Paseo Mar\u00edtimo de Palma con ciclistas y palmeras\" class=\"wp-image-10326\" srcset=\"https:\/\/blog.guruwalk.com\/wp-content\/uploads\/2025\/04\/image-69-683x1024.webp 683w, https:\/\/blog.guruwalk.com\/wp-content\/uploads\/2025\/04\/image-69-200x300.webp 200w, https:\/\/blog.guruwalk.com\/wp-content\/uploads\/2025\/04\/image-69-768x1152.webp 768w, https:\/\/blog.guruwalk.com\/wp-content\/uploads\/2025\/04\/image-69-1024x1536.webp 1024w, https:\/\/blog.guruwalk.com\/wp-content\/uploads\/2025\/04\/image-69.webp 1200w\" sizes=\"(max-width: 683px) 100vw, 683px\" \/><figcaption class=\"wp-element-caption\">Carril bici y palmeras en el Paseo Mar\u00edtimo de Palma de Mallorca<\/figcaption><\/figure>\n\n\n\n<p class=\"wp-block-paragraph\">El&nbsp;<strong>Paseo Mar\u00edtimo<\/strong>&nbsp;se extiende junto al puerto, con cafeter\u00edas, bares y vistas al Mediterr\u00e1neo y a la catedral. Permite caminar o pedalear y enlazar con distintos puntos de la fachada costera.<\/p>\n\n\n\n<blockquote class=\"wp-block-quote is-layout-flow wp-block-quote-is-layout-flow\">\n<p class=\"wp-block-paragraph\">Las obras y reorganizaciones del frente portuario pueden modificar accesos o recorridos por tramos. Sigue la se\u00f1alizaci\u00f3n local y comprueba los avisos de la Autoridad Portuaria antes de la visita.<\/p>\n<\/blockquote>\n\n\n<div class=\"gw-products-block\" style=\"--gw-nav-width:30px; --gw-nav-height:30px; --gw-chevron-w:15px; --gw-chevron-h:15px; --gw-circle-color:#0a5bd9; --gw-chevron-color:#0a5bd9;\"><div class=\"gw-products-carousel\" aria-live=\"polite\"><article class=\"gw-card\"><div class=\"gw-card__image\"><img decoding=\"async\" class=\"gw-card__photo\" src=\"https:\/\/blog.guruwalk.com\/wp-content\/uploads\/gw-products\/images\/85dbb2d112ad9c10c100f8d8980e1fe5.webp\" alt=\"Paseo en barco por la bah\u00eda de Palma\" loading=\"lazy\" \/><div class=\"gw-flags\" aria-label=\"Idiomas disponibles\"><span class=\"gw-flag\" title=\"EN\"><img decoding=\"async\" class=\"gw-flag-img\" src=\"https:\/\/blog.guruwalk.com\/wp-content\/uploads\/gw-products\/flags\/gb.svg\" alt=\"EN\" loading=\"lazy\" width=\"22\" height=\"16\" \/><\/span><span class=\"gw-flag\" title=\"ES\"><img decoding=\"async\" class=\"gw-flag-img\" src=\"https:\/\/blog.guruwalk.com\/wp-content\/uploads\/gw-products\/flags\/es.svg\" alt=\"ES\" loading=\"lazy\" width=\"22\" height=\"16\" \/><\/span><\/div><\/div><div class=\"gw-card__body\"><h3 class=\"gw-card__title\">Paseo en barco por la bah\u00eda de Palma<\/h3><div class=\"gw-card__footer\"><div class=\"gw-card__meta\"><div class=\"gw-rating\" aria-label=\"Valoraci\u00f3n 4.0 de 5\"><span class=\"gw-star gw-star--full\" aria-hidden=\"true\">\u2605<\/span><span class=\"gw-star gw-star--full\" aria-hidden=\"true\">\u2605<\/span><span class=\"gw-star gw-star--full\" aria-hidden=\"true\">\u2605<\/span><span class=\"gw-star gw-star--full\" aria-hidden=\"true\">\u2605<\/span><span class=\"gw-star gw-star--empty\" aria-hidden=\"true\">\u2606<\/span><span class=\"gw-rating__count\">4,1 (14)<\/span><\/div><\/div><div class=\"gw-card__price\">Desde \u20ac44,90<\/div><\/div><\/div><a class=\"gw-card__link\" href=\"https:\/\/www.guruwalk.com\/es\/walks\/p171427-paseo-en-barco-por-la-bahia-de-palma-cGFub3B0ZXM\" target=\"_blank\" rel=\"noopener\" aria-label=\"Paseo en barco por la bah\u00eda de Palma\"><\/a><\/article><article class=\"gw-card\"><div class=\"gw-card__image\"><img decoding=\"async\" class=\"gw-card__photo\" src=\"https:\/\/blog.guruwalk.com\/wp-content\/uploads\/gw-products\/images\/4f1d6f37a77310a0fb090244e6a37b77.webp\" alt=\"Colonia Sant Jordi: tour premium y r\u00e1pido en barco por Cabrera\" loading=\"lazy\" \/><div class=\"gw-flags\" aria-label=\"Idiomas disponibles\"><span class=\"gw-flag\" title=\"CA\"><span class=\"gw-flag gw-flag--text\">CA<\/span><\/span><span class=\"gw-flag\" title=\"DE\"><img decoding=\"async\" class=\"gw-flag-img\" src=\"https:\/\/blog.guruwalk.com\/wp-content\/uploads\/gw-products\/flags\/de.svg\" alt=\"DE\" loading=\"lazy\" width=\"22\" height=\"16\" \/><\/span><span class=\"gw-flag\" title=\"EN\"><img decoding=\"async\" class=\"gw-flag-img\" src=\"https:\/\/blog.guruwalk.com\/wp-content\/uploads\/gw-products\/flags\/gb.svg\" alt=\"EN\" loading=\"lazy\" width=\"22\" height=\"16\" \/><\/span><span class=\"gw-flag\" title=\"ES\"><img decoding=\"async\" class=\"gw-flag-img\" src=\"https:\/\/blog.guruwalk.com\/wp-content\/uploads\/gw-products\/flags\/es.svg\" alt=\"ES\" loading=\"lazy\" width=\"22\" height=\"16\" \/><\/span><\/div><\/div><div class=\"gw-card__body\"><h3 class=\"gw-card__title\">Colonia Sant Jordi: tour premium y r\u00e1pido en barco por Cabrera<\/h3><div class=\"gw-card__footer\"><div class=\"gw-card__meta\"><div class=\"gw-rating\" aria-label=\"Valoraci\u00f3n 4.6 de 5\"><span class=\"gw-star gw-star--full\" aria-hidden=\"true\">\u2605<\/span><span class=\"gw-star gw-star--full\" aria-hidden=\"true\">\u2605<\/span><span class=\"gw-star gw-star--full\" aria-hidden=\"true\">\u2605<\/span><span class=\"gw-star gw-star--full\" aria-hidden=\"true\">\u2605<\/span><span class=\"gw-star gw-star--half\" aria-hidden=\"true\">\u2606<\/span><span class=\"gw-rating__count\">4,6 (147)<\/span><\/div><\/div><div class=\"gw-card__price\">Desde \u20ac56,00<\/div><\/div><\/div><a class=\"gw-card__link\" href=\"https:\/\/www.guruwalk.com\/es\/walks\/p145259-colonia-sant-jordi-tour-premium-y-rapido-en-barco-por-cabrera-cGFub3B0ZXM\" target=\"_blank\" rel=\"noopener\" aria-label=\"Colonia Sant Jordi: tour premium y r\u00e1pido en barco por Cabrera\"><\/a><\/article><article class=\"gw-card\"><div class=\"gw-card__image\"><img decoding=\"async\" class=\"gw-card__photo\" src=\"https:\/\/blog.guruwalk.com\/wp-content\/uploads\/gw-products\/images\/04a9f49deaefb2ecf9e9d679bef54fac.webp\" alt=\"Mallorca: excursi\u00f3n en barco con fondo de cristal - Cuevas &amp; Calas v\u00edrgenes\" loading=\"lazy\" \/><\/div><div class=\"gw-card__body\"><h3 class=\"gw-card__title\">Mallorca: excursi\u00f3n en barco con fondo de cristal &#8211; Cuevas &amp; Calas v\u00edrgenes<\/h3><div class=\"gw-card__footer\"><div class=\"gw-card__meta\"><div class=\"gw-rating\" aria-label=\"Valoraci\u00f3n 4.1 de 5\"><span class=\"gw-star gw-star--full\" aria-hidden=\"true\">\u2605<\/span><span class=\"gw-star gw-star--full\" aria-hidden=\"true\">\u2605<\/span><span class=\"gw-star gw-star--full\" aria-hidden=\"true\">\u2605<\/span><span class=\"gw-star gw-star--full\" aria-hidden=\"true\">\u2605<\/span><span class=\"gw-star gw-star--empty\" aria-hidden=\"true\">\u2606<\/span><span class=\"gw-rating__count\">4,1 (210)<\/span><\/div><\/div><div class=\"gw-card__price\">Desde \u20ac29,00<\/div><\/div><\/div><a class=\"gw-card__link\" href=\"https:\/\/www.guruwalk.com\/es\/walks\/p160618-mallorca-excursion-en-barco-con-fondo-de-cristal-cuevas-calas-virgenes-cGFub3B0ZXM\" target=\"_blank\" rel=\"noopener\" aria-label=\"Mallorca: excursi\u00f3n en barco con fondo de cristal - Cuevas &amp; Calas v\u00edrgenes\"><\/a><\/article><article class=\"gw-card\"><div class=\"gw-card__image\"><img decoding=\"async\" class=\"gw-card__photo\" src=\"https:\/\/blog.guruwalk.com\/wp-content\/uploads\/gw-products\/images\/a9eddb41c49f45ebb4ac12d346ffe68e.webp\" alt=\"PALMA CRUISES: Boat Tour around Palma Bay. Snorkel or Sunset\" loading=\"lazy\" \/><\/div><div class=\"gw-card__body\"><h3 class=\"gw-card__title\">PALMA CRUISES: Boat Tour around Palma Bay. Snorkel or Sunset<\/h3><div class=\"gw-card__footer\"><div class=\"gw-card__meta\"><div class=\"gw-rating\" aria-label=\"Valoraci\u00f3n 4.3 de 5\"><span class=\"gw-star gw-star--full\" aria-hidden=\"true\">\u2605<\/span><span class=\"gw-star gw-star--full\" aria-hidden=\"true\">\u2605<\/span><span class=\"gw-star gw-star--full\" aria-hidden=\"true\">\u2605<\/span><span class=\"gw-star gw-star--full\" aria-hidden=\"true\">\u2605<\/span><span class=\"gw-star gw-star--empty\" aria-hidden=\"true\">\u2606<\/span><span class=\"gw-rating__count\">4,3 (32)<\/span><\/div><\/div><div class=\"gw-card__price\">Desde \u20ac30,00<\/div><\/div><\/div><a class=\"gw-card__link\" href=\"https:\/\/www.guruwalk.com\/es\/walks\/p162950-palma-cruises-boat-tour-around-palma-bay-snorkel-or-sunset-cGFub3B0ZXM\" target=\"_blank\" rel=\"noopener\" aria-label=\"PALMA CRUISES: Boat Tour around Palma Bay. Snorkel or Sunset\"><\/a><\/article><\/div><div class=\"gw-vertical-link-container\"><a href=\"https:\/\/www.guruwalk.com\/es\/a\/palma-de-mallorca\/v175-paseo-en-barco-palma-de-mallorca\" target=\"_blank\" rel=\"noopener\" style=\"font-weight: bold;\">+ Paseos en Barco<\/a><\/div><\/div>\n\n\n<h2 class=\"wp-block-heading\" id=\"plaza-mayor\">Plaza Mayor<\/h2>\n\n\n\n<figure class=\"wp-block-image size-large\"><img decoding=\"async\" width=\"1024\" height=\"682\" src=\"https:\/\/blog.guruwalk.com\/wp-content\/uploads\/2025\/04\/image-70-1024x682.webp\" alt=\"Plaza Mayor de Palma con soportales y terrazas\" class=\"wp-image-10334\" srcset=\"https:\/\/blog.guruwalk.com\/wp-content\/uploads\/2025\/04\/image-70-1024x682.webp 1024w, https:\/\/blog.guruwalk.com\/wp-content\/uploads\/2025\/04\/image-70-300x200.webp 300w, https:\/\/blog.guruwalk.com\/wp-content\/uploads\/2025\/04\/image-70-768x511.webp 768w, https:\/\/blog.guruwalk.com\/wp-content\/uploads\/2025\/04\/image-70.webp 1200w\" sizes=\"(max-width: 1024px) 100vw, 1024px\" \/><figcaption class=\"wp-element-caption\">Soportales y terrazas de la Plaza Mayor de Palma de Mallorca<\/figcaption><\/figure>\n\n\n\n<p class=\"wp-block-paragraph\">La&nbsp;<strong>Plaza Mayor<\/strong>&nbsp;es una plaza porticada de los siglos XIX y XX levantada sobre el solar de la antigua sede de la <strong>Inquisici\u00f3n<\/strong>, que permaneci\u00f3 all\u00ed hasta 1823. Conecta con calles comerciales como San Miguel, Jaime II o Col\u00f3n y concentra terrazas y mercadillos puntuales.<\/p>\n\n\n\n<h2 class=\"wp-block-heading\" id=\"mas-cosas-que-puedes-hacer-en-palma\">M\u00e1s cosas que puedes hacer en Palma<\/h2>\n\n\n\n<p class=\"wp-block-paragraph\">Para comparar paseos en barco, excursiones y otras <a href=\"https:\/\/www.guruwalk.com\/es\/a\/palma-de-mallorca\" target=\"_blank\" rel=\"noopener\">actividades en Palma de Mallorca<\/a>, consulta el hub de experiencias y revisa la disponibilidad para las fechas del viaje.<\/p>\n\n\n\n<h2 class=\"wp-block-heading\" id=\"mercado-de-olivar\">Mercado de Olivar<\/h2>\n\n\n\n<figure class=\"wp-block-image size-large\"><img decoding=\"async\" width=\"1024\" height=\"682\" src=\"https:\/\/blog.guruwalk.com\/wp-content\/uploads\/2025\/04\/image-71-1024x682.webp\" alt=\"Puestos de frutas y verduras en el Mercat de l\u2019Olivar\" class=\"wp-image-10342\" srcset=\"https:\/\/blog.guruwalk.com\/wp-content\/uploads\/2025\/04\/image-71-1024x682.webp 1024w, https:\/\/blog.guruwalk.com\/wp-content\/uploads\/2025\/04\/image-71-300x200.webp 300w, https:\/\/blog.guruwalk.com\/wp-content\/uploads\/2025\/04\/image-71-768x511.webp 768w, https:\/\/blog.guruwalk.com\/wp-content\/uploads\/2025\/04\/image-71.webp 1200w\" sizes=\"(max-width: 1024px) 100vw, 1024px\" \/><figcaption class=\"wp-element-caption\">Puestos de frutas y verduras en el Mercat de l\u2019Olivar de Palma<\/figcaption><\/figure>\n\n\n\n<p class=\"wp-block-paragraph\">El&nbsp;<strong>Mercat de l\u2019Olivar<\/strong>, inaugurado en <strong>1951<\/strong>, es un punto de encuentro para locales y visitantes donde la cultura gastron\u00f3mica de la isla se expresa con producto fresco y bares de mercado.<\/p>\n\n\n\n<blockquote class=\"wp-block-quote is-layout-flow wp-block-quote-is-layout-flow\">\n<p class=\"wp-block-paragraph\">La actividad se concentra habitualmente por la ma\u00f1ana y algunos puestos tienen horarios propios. Confirma la apertura del mercado y de la zona que quieras visitar antes de incorporarlo al itinerario.<\/p>\n<\/blockquote>\n\n\n\n<h2 class=\"wp-block-heading\" id=\"barrio-de-santa-catalina\">Barrio de Santa Catalina<\/h2>\n\n\n\n<figure class=\"wp-block-image size-large\"><img decoding=\"async\" width=\"732\" height=\"1024\" src=\"https:\/\/blog.guruwalk.com\/wp-content\/uploads\/2025\/04\/image-72-732x1024.webp\" alt=\"Calle adoquinada y fachadas coloridas en Santa Catalina, Palma\" class=\"wp-image-10350\" srcset=\"https:\/\/blog.guruwalk.com\/wp-content\/uploads\/2025\/04\/image-72-732x1024.webp 732w, https:\/\/blog.guruwalk.com\/wp-content\/uploads\/2025\/04\/image-72-214x300.webp 214w, https:\/\/blog.guruwalk.com\/wp-content\/uploads\/2025\/04\/image-72-768x1075.webp 768w, https:\/\/blog.guruwalk.com\/wp-content\/uploads\/2025\/04\/image-72-1098x1536.webp 1098w, https:\/\/blog.guruwalk.com\/wp-content\/uploads\/2025\/04\/image-72.webp 1200w\" sizes=\"(max-width: 732px) 100vw, 732px\" \/><figcaption class=\"wp-element-caption\">Calle adoquinada y fachadas de Santa Catalina en Palma de Mallorca<\/figcaption><\/figure>\n\n\n\n<p class=\"wp-block-paragraph\">El&nbsp;<strong>Barrio de Santa Catalina<\/strong>&nbsp;fue barrio pesquero y hoy concentra restaurantes, bares y un mercado activo. Sus calles conservan viviendas de poca altura junto a negocios contempor\u00e1neos.<\/p>\n\n\n\n<blockquote class=\"wp-block-quote is-layout-flow wp-block-quote-is-layout-flow\">\n<p class=\"wp-block-paragraph\">Los puestos del mercado y los locales de restauraci\u00f3n pueden manejar horarios diferentes; algunas pescader\u00edas descansan determinados d\u00edas. Comprueba la apertura del establecimiento concreto si la visita depende de una parada gastron\u00f3mica.<\/p>\n<\/blockquote>\n\n\n\n<h2 class=\"wp-block-heading\" id=\"jardines-de-s-hort-del-rei\">Jardines de S&#8217;Hort del Rei<\/h2>\n\n\n\n<figure class=\"wp-block-image size-large\"><img decoding=\"async\" width=\"1024\" height=\"683\" src=\"https:\/\/blog.guruwalk.com\/wp-content\/uploads\/2025\/04\/image-73-1024x683.webp\" alt=\"Fuentes y paseos en los Jardines de S\u2019Hort del Rei, junto a la Almudaina\" class=\"wp-image-10358\" srcset=\"https:\/\/blog.guruwalk.com\/wp-content\/uploads\/2025\/04\/image-73-1024x683.webp 1024w, https:\/\/blog.guruwalk.com\/wp-content\/uploads\/2025\/04\/image-73-300x200.webp 300w, https:\/\/blog.guruwalk.com\/wp-content\/uploads\/2025\/04\/image-73-768x512.webp 768w, https:\/\/blog.guruwalk.com\/wp-content\/uploads\/2025\/04\/image-73.webp 1200w\" sizes=\"(max-width: 1024px) 100vw, 1024px\" \/><figcaption class=\"wp-element-caption\">Fuentes y paseos de los Jardines de S\u2019Hort del Rei junto a la Almudaina<\/figcaption><\/figure>\n\n\n\n<p class=\"wp-block-paragraph\">Los&nbsp;<strong>Jardines de S&#8217;Hort del Rei<\/strong>&nbsp;se encuentran al pie de la <strong>Almudaina<\/strong>. Su trazado, inspirado en la jardiner\u00eda hispano\u2011isl\u00e1mica y renacentista, incorpora canales, fuentes y esculturas y funciona como paso entre el conjunto monumental y Sa Llotja.<\/p>\n\n\n\n<h2 class=\"wp-block-heading\" id=\"museo-de-mallorca\">Museo de Mallorca<\/h2>\n\n\n\n<figure class=\"wp-block-image size-large\"><img decoding=\"async\" width=\"1024\" height=\"768\" src=\"https:\/\/blog.guruwalk.com\/wp-content\/uploads\/2025\/04\/image-76-1024x768.webp\" alt=\"Fachada de Ca la Gran Cristiana, sede del Museu de Mallorca\" class=\"wp-image-10382\" srcset=\"https:\/\/blog.guruwalk.com\/wp-content\/uploads\/2025\/04\/image-76-1024x768.webp 1024w, https:\/\/blog.guruwalk.com\/wp-content\/uploads\/2025\/04\/image-76-300x225.webp 300w, https:\/\/blog.guruwalk.com\/wp-content\/uploads\/2025\/04\/image-76-768x576.webp 768w, https:\/\/blog.guruwalk.com\/wp-content\/uploads\/2025\/04\/image-76.webp 1200w\" sizes=\"(max-width: 1024px) 100vw, 1024px\" \/><figcaption class=\"wp-element-caption\">Fachada de Ca la Gran Cristiana, sede del Museu de Mallorca<\/figcaption><\/figure>\n\n\n\n<p class=\"wp-block-paragraph\">El&nbsp;<strong>Museo de Mallorca<\/strong> ocupa la casa palacio <strong>Ca la Gran Cristiana<\/strong> del siglo XVI, con colecciones que recorren de la Prehistoria al siglo XIX. Incluye secciones de arqueolog\u00eda, bellas artes y artes decorativas.<\/p>\n\n\n\n<blockquote class=\"wp-block-quote is-layout-flow wp-block-quote-is-layout-flow\">\n<p class=\"wp-block-paragraph\">Las condiciones de acceso y los horarios pueden variar. Consulta la informaci\u00f3n vigente antes de ir a su sede de Carrer de la Portella, 5, en el casco hist\u00f3rico.<\/p>\n<\/blockquote>\n\n\n\n<h2 class=\"wp-block-heading\" id=\"planes-en-palma-de-mallorca\">Planes en Palma de Mallorca<\/h2>\n\n\n<div class=\"gw-products-block\" style=\"--gw-nav-width:30px; --gw-nav-height:30px; --gw-chevron-w:15px; --gw-chevron-h:15px; --gw-circle-color:#0a5bd9; --gw-chevron-color:#0a5bd9;\"><div class=\"gw-products-carousel\" aria-live=\"polite\"><article class=\"gw-card\"><div class=\"gw-card__image\"><img decoding=\"async\" class=\"gw-card__photo\" src=\"https:\/\/blog.guruwalk.com\/wp-content\/uploads\/gw-products\/images\/85dbb2d112ad9c10c100f8d8980e1fe5.webp\" alt=\"Paseo en barco por la bah\u00eda de Palma\" loading=\"lazy\" \/><div class=\"gw-flags\" aria-label=\"Idiomas disponibles\"><span class=\"gw-flag\" title=\"EN\"><img decoding=\"async\" class=\"gw-flag-img\" src=\"https:\/\/blog.guruwalk.com\/wp-content\/uploads\/gw-products\/flags\/gb.svg\" alt=\"EN\" loading=\"lazy\" width=\"22\" height=\"16\" \/><\/span><span class=\"gw-flag\" title=\"ES\"><img decoding=\"async\" class=\"gw-flag-img\" src=\"https:\/\/blog.guruwalk.com\/wp-content\/uploads\/gw-products\/flags\/es.svg\" alt=\"ES\" loading=\"lazy\" width=\"22\" height=\"16\" \/><\/span><\/div><\/div><div class=\"gw-card__body\"><h3 class=\"gw-card__title\">Paseo en barco por la bah\u00eda de Palma<\/h3><div class=\"gw-card__footer\"><div class=\"gw-card__meta\"><div class=\"gw-rating\" aria-label=\"Valoraci\u00f3n 4.0 de 5\"><span class=\"gw-star gw-star--full\" aria-hidden=\"true\">\u2605<\/span><span class=\"gw-star gw-star--full\" aria-hidden=\"true\">\u2605<\/span><span class=\"gw-star gw-star--full\" aria-hidden=\"true\">\u2605<\/span><span class=\"gw-star gw-star--full\" aria-hidden=\"true\">\u2605<\/span><span class=\"gw-star gw-star--empty\" aria-hidden=\"true\">\u2606<\/span><span class=\"gw-rating__count\">4,1 (14)<\/span><\/div><\/div><div class=\"gw-card__price\">Desde \u20ac44,90<\/div><\/div><\/div><a class=\"gw-card__link\" href=\"https:\/\/www.guruwalk.com\/es\/walks\/p171427-paseo-en-barco-por-la-bahia-de-palma-cGFub3B0ZXM\" target=\"_blank\" rel=\"noopener\" aria-label=\"Paseo en barco por la bah\u00eda de Palma\"><\/a><\/article><article class=\"gw-card\"><div class=\"gw-card__image\"><img decoding=\"async\" class=\"gw-card__photo\" src=\"https:\/\/blog.guruwalk.com\/wp-content\/uploads\/gw-products\/images\/4f1d6f37a77310a0fb090244e6a37b77.webp\" alt=\"Colonia Sant Jordi: tour premium y r\u00e1pido en barco por Cabrera\" loading=\"lazy\" \/><div class=\"gw-flags\" aria-label=\"Idiomas disponibles\"><span class=\"gw-flag\" title=\"CA\"><span class=\"gw-flag gw-flag--text\">CA<\/span><\/span><span class=\"gw-flag\" title=\"DE\"><img decoding=\"async\" class=\"gw-flag-img\" src=\"https:\/\/blog.guruwalk.com\/wp-content\/uploads\/gw-products\/flags\/de.svg\" alt=\"DE\" loading=\"lazy\" width=\"22\" height=\"16\" \/><\/span><span class=\"gw-flag\" title=\"EN\"><img decoding=\"async\" class=\"gw-flag-img\" src=\"https:\/\/blog.guruwalk.com\/wp-content\/uploads\/gw-products\/flags\/gb.svg\" alt=\"EN\" loading=\"lazy\" width=\"22\" height=\"16\" \/><\/span><span class=\"gw-flag\" title=\"ES\"><img decoding=\"async\" class=\"gw-flag-img\" src=\"https:\/\/blog.guruwalk.com\/wp-content\/uploads\/gw-products\/flags\/es.svg\" alt=\"ES\" loading=\"lazy\" width=\"22\" height=\"16\" \/><\/span><\/div><\/div><div class=\"gw-card__body\"><h3 class=\"gw-card__title\">Colonia Sant Jordi: tour premium y r\u00e1pido en barco por Cabrera<\/h3><div class=\"gw-card__footer\"><div class=\"gw-card__meta\"><div class=\"gw-rating\" aria-label=\"Valoraci\u00f3n 4.6 de 5\"><span class=\"gw-star gw-star--full\" aria-hidden=\"true\">\u2605<\/span><span class=\"gw-star gw-star--full\" aria-hidden=\"true\">\u2605<\/span><span class=\"gw-star gw-star--full\" aria-hidden=\"true\">\u2605<\/span><span class=\"gw-star gw-star--full\" aria-hidden=\"true\">\u2605<\/span><span class=\"gw-star gw-star--half\" aria-hidden=\"true\">\u2606<\/span><span class=\"gw-rating__count\">4,6 (147)<\/span><\/div><\/div><div class=\"gw-card__price\">Desde \u20ac56,00<\/div><\/div><\/div><a class=\"gw-card__link\" href=\"https:\/\/www.guruwalk.com\/es\/walks\/p145259-colonia-sant-jordi-tour-premium-y-rapido-en-barco-por-cabrera-cGFub3B0ZXM\" target=\"_blank\" rel=\"noopener\" aria-label=\"Colonia Sant Jordi: tour premium y r\u00e1pido en barco por Cabrera\"><\/a><\/article><article class=\"gw-card\"><div class=\"gw-card__image\"><img decoding=\"async\" class=\"gw-card__photo\" src=\"https:\/\/blog.guruwalk.com\/wp-content\/uploads\/gw-products\/images\/04a9f49deaefb2ecf9e9d679bef54fac.webp\" alt=\"Mallorca: excursi\u00f3n en barco con fondo de cristal - Cuevas &amp; Calas v\u00edrgenes\" loading=\"lazy\" \/><\/div><div class=\"gw-card__body\"><h3 class=\"gw-card__title\">Mallorca: excursi\u00f3n en barco con fondo de cristal &#8211; Cuevas &amp; Calas v\u00edrgenes<\/h3><div class=\"gw-card__footer\"><div class=\"gw-card__meta\"><div class=\"gw-rating\" aria-label=\"Valoraci\u00f3n 4.1 de 5\"><span class=\"gw-star gw-star--full\" aria-hidden=\"true\">\u2605<\/span><span class=\"gw-star gw-star--full\" aria-hidden=\"true\">\u2605<\/span><span class=\"gw-star gw-star--full\" aria-hidden=\"true\">\u2605<\/span><span class=\"gw-star gw-star--full\" aria-hidden=\"true\">\u2605<\/span><span class=\"gw-star gw-star--empty\" aria-hidden=\"true\">\u2606<\/span><span class=\"gw-rating__count\">4,1 (210)<\/span><\/div><\/div><div class=\"gw-card__price\">Desde \u20ac29,00<\/div><\/div><\/div><a class=\"gw-card__link\" href=\"https:\/\/www.guruwalk.com\/es\/walks\/p160618-mallorca-excursion-en-barco-con-fondo-de-cristal-cuevas-calas-virgenes-cGFub3B0ZXM\" target=\"_blank\" rel=\"noopener\" aria-label=\"Mallorca: excursi\u00f3n en barco con fondo de cristal - Cuevas &amp; Calas v\u00edrgenes\"><\/a><\/article><article class=\"gw-card\"><div class=\"gw-card__image\"><img decoding=\"async\" class=\"gw-card__photo\" src=\"https:\/\/blog.guruwalk.com\/wp-content\/uploads\/gw-products\/images\/a9eddb41c49f45ebb4ac12d346ffe68e.webp\" alt=\"PALMA CRUISES: Boat Tour around Palma Bay. Snorkel or Sunset\" loading=\"lazy\" \/><\/div><div class=\"gw-card__body\"><h3 class=\"gw-card__title\">PALMA CRUISES: Boat Tour around Palma Bay. Snorkel or Sunset<\/h3><div class=\"gw-card__footer\"><div class=\"gw-card__meta\"><div class=\"gw-rating\" aria-label=\"Valoraci\u00f3n 4.3 de 5\"><span class=\"gw-star gw-star--full\" aria-hidden=\"true\">\u2605<\/span><span class=\"gw-star gw-star--full\" aria-hidden=\"true\">\u2605<\/span><span class=\"gw-star gw-star--full\" aria-hidden=\"true\">\u2605<\/span><span class=\"gw-star gw-star--full\" aria-hidden=\"true\">\u2605<\/span><span class=\"gw-star gw-star--empty\" aria-hidden=\"true\">\u2606<\/span><span class=\"gw-rating__count\">4,3 (32)<\/span><\/div><\/div><div class=\"gw-card__price\">Desde \u20ac30,00<\/div><\/div><\/div><a class=\"gw-card__link\" href=\"https:\/\/www.guruwalk.com\/es\/walks\/p162950-palma-cruises-boat-tour-around-palma-bay-snorkel-or-sunset-cGFub3B0ZXM\" target=\"_blank\" rel=\"noopener\" aria-label=\"PALMA CRUISES: Boat Tour around Palma Bay. Snorkel or Sunset\"><\/a><\/article><\/div><\/div>\n\n\n<h2 class=\"wp-block-heading\" id=\"fundacion-juan-march\">Fundaci\u00f3n Juan March<\/h2>\n\n\n\n<figure class=\"wp-block-image size-large\"><img decoding=\"async\" width=\"1024\" height=\"766\" src=\"https:\/\/blog.guruwalk.com\/wp-content\/uploads\/2025\/04\/image-74-1024x766.webp\" alt=\"Interior del Museu Fundaci\u00f3n Juan March en la calle Sant Miquel\" class=\"wp-image-10366\" srcset=\"https:\/\/blog.guruwalk.com\/wp-content\/uploads\/2025\/04\/image-74-1024x766.webp 1024w, https:\/\/blog.guruwalk.com\/wp-content\/uploads\/2025\/04\/image-74-300x225.webp 300w, https:\/\/blog.guruwalk.com\/wp-content\/uploads\/2025\/04\/image-74-768x575.webp 768w, https:\/\/blog.guruwalk.com\/wp-content\/uploads\/2025\/04\/image-74.webp 1200w\" sizes=\"(max-width: 1024px) 100vw, 1024px\" \/><figcaption class=\"wp-element-caption\">Interior del Museu Fundaci\u00f3n Juan March en la calle Sant Miquel de Palma<\/figcaption><\/figure>\n\n\n\n<p class=\"wp-block-paragraph\">La&nbsp;<strong>Fundaci\u00f3n Juan March<\/strong> en Palma ocupa la casa se\u00f1orial <strong>Can Gallard del Canyar<\/strong> del siglo XVII, rehabilitada por el arquitecto <strong>Guillem Reyn\u00e9s<\/strong>. El museo abri\u00f3 en <strong>1990<\/strong> y programa exposiciones, conciertos y actividades educativas.<\/p>\n\n\n\n<blockquote class=\"wp-block-quote is-layout-flow wp-block-quote-is-layout-flow\">\n<p class=\"wp-block-paragraph\">Consulta la programaci\u00f3n, las condiciones de acceso y el horario vigente antes de acudir. La sede est\u00e1 en Carrer de Sant Miquel, 11.<\/p>\n<\/blockquote>\n\n\n\n<h2 class=\"wp-block-heading\" id=\"castillo-de-alaro\">Castillo de Alar\u00f3<\/h2>\n\n\n\n<figure class=\"wp-block-image size-large\"><img decoding=\"async\" width=\"1024\" height=\"682\" src=\"https:\/\/blog.guruwalk.com\/wp-content\/uploads\/2025\/04\/image-75-1024x682.webp\" alt=\"Ruinas del Castillo de Alar\u00f3 en la Serra de Tramuntana\" class=\"wp-image-10374\" srcset=\"https:\/\/blog.guruwalk.com\/wp-content\/uploads\/2025\/04\/image-75-1024x682.webp 1024w, https:\/\/blog.guruwalk.com\/wp-content\/uploads\/2025\/04\/image-75-300x200.webp 300w, https:\/\/blog.guruwalk.com\/wp-content\/uploads\/2025\/04\/image-75-768x511.webp 768w, https:\/\/blog.guruwalk.com\/wp-content\/uploads\/2025\/04\/image-75.webp 1200w\" sizes=\"(max-width: 1024px) 100vw, 1024px\" \/><figcaption class=\"wp-element-caption\">Ruinas del Castillo de Alar\u00f3 en la Serra de Tramuntana<\/figcaption><\/figure>\n\n\n\n<p class=\"wp-block-paragraph\">El&nbsp;<strong>Castillo de Alar\u00f3<\/strong>, en el <strong>municipio de Alar\u00f3<\/strong>, corona una cima rocosa de la Serra de Tramuntana con vistas sobre los valles. Sus or\u00edgenes se remontan a \u00e9poca isl\u00e1mica y fue un enclave estrat\u00e9gico durante siglos.<\/p>\n\n\n\n<blockquote class=\"wp-block-quote is-layout-flow wp-block-quote-is-layout-flow\">\n<p class=\"wp-block-paragraph\"><strong>Acceso:<\/strong> la ruta puede comenzar en Coll d\u2019Alar\u00f3 o en el entorno de Es Verger. Calcula de forma orientativa entre 60 y 90 minutos de subida seg\u00fan el punto de inicio y el ritmo. No hay transporte p\u00fablico directo hasta el castillo; lleva agua y calzado adecuado.<\/p>\n<\/blockquote>\n\n\n\n<!-- FAQ visible -->\n<section id=\"faq-palma\" class=\"faq\">\n  <h2 id=\"preguntas-frecuentes-sobre-palma-de-mallorca\">Preguntas frecuentes sobre Palma de Mallorca<\/h2>\n\n  <div class=\"faq-item\">\n    <h3>\u00bfQu\u00e9 lugares emblem\u00e1ticos debo visitar en Palma de Mallorca?<\/h3>\n    <div class=\"faq-answer\">\n      <p>La ruta principal re\u00fane la <a href=\"https:\/\/blog.guruwalk.com\/es\/que-ver-en-palma-de-mallorca\/#catedral-de-santa-maria-de-palma\">Catedral de Santa Mar\u00eda de Palma<\/a>, el <a href=\"https:\/\/blog.guruwalk.com\/es\/que-ver-en-palma-de-mallorca\/#palacio-de-la-almudaina\">Palacio de la Almudaina<\/a>, Sa Llotja y el <a href=\"https:\/\/blog.guruwalk.com\/es\/que-ver-en-palma-de-mallorca\/#castillo-de-bellver\">Castillo de Bellver<\/a>.<\/p>\n    <\/div>\n  <\/div>\n\n  <div class=\"faq-item\">\n    <h3>\u00bfD\u00f3nde puedo disfrutar de la gastronom\u00eda local?<\/h3>\n    <div class=\"faq-answer\">\n      <p>El <a href=\"https:\/\/blog.guruwalk.com\/es\/que-ver-en-palma-de-mallorca\/#mercado-de-olivar\">Mercado de Olivar<\/a> re\u00fane puestos de producto fresco y bares de mercado. El <a href=\"https:\/\/blog.guruwalk.com\/es\/que-ver-en-palma-de-mallorca\/#barrio-de-santa-catalina\">barrio de Santa Catalina<\/a> concentra restaurantes y otros establecimientos alrededor de su propio mercado.<\/p>\n    <\/div>\n  <\/div>\n\n  <div class=\"faq-item\">\n    <h3>\u00bfQu\u00e9 actividades al aire libre se pueden realizar?<\/h3>\n    <div class=\"faq-answer\">\n      <p>Puedes recorrer a pie el <a href=\"https:\/\/blog.guruwalk.com\/es\/que-ver-en-palma-de-mallorca\/#paseo-maritimo\">Paseo Mar\u00edtimo<\/a>, atravesar los <a href=\"https:\/\/blog.guruwalk.com\/es\/que-ver-en-palma-de-mallorca\/#jardines-de-s-hort-del-rei\">Jardines de S&#8217;Hort del Rei<\/a> o seguir la ruta hasta el Parc de la Mar.<\/p>\n    <\/div>\n  <\/div>\n\n  <div class=\"faq-item\">\n    <h3>\u00bfHay museos interesantes en Palma?<\/h3>\n    <div class=\"faq-answer\">\n      <p>El <a href=\"https:\/\/blog.guruwalk.com\/es\/que-ver-en-palma-de-mallorca\/#museo-de-mallorca\">Museo de Mallorca<\/a> recorre la historia art\u00edstica y arqueol\u00f3gica de la isla. La <a href=\"https:\/\/blog.guruwalk.com\/es\/que-ver-en-palma-de-mallorca\/#fundacion-juan-march\">Fundaci\u00f3n Juan March<\/a> programa exposiciones y actividades culturales.<\/p>\n    <\/div>\n  <\/div>\n\n  <div class=\"faq-item\">\n    <h3>\u00bfQu\u00e9 m\u00e1s puedo ver en los alrededores de Palma?<\/h3>\n    <div class=\"faq-answer\">\n      <p>El <a href=\"https:\/\/blog.guruwalk.com\/es\/que-ver-en-palma-de-mallorca\/#castillo-de-alaro\">Castillo de Alar\u00f3<\/a> permite combinar una ruta de senderismo con la visita a un enclave hist\u00f3rico de la Serra de Tramuntana.<\/p>\n    <\/div>\n  <\/div>\n\n  <div class=\"faq-item\">\n    <h3>\u00bfCu\u00e1l es el mejor lugar para disfrutar de la vida nocturna?<\/h3>\n    <div class=\"faq-answer\">\n      <p>La mayor concentraci\u00f3n de bares se encuentra en el <a href=\"https:\/\/blog.guruwalk.com\/es\/que-ver-en-palma-de-mallorca\/#barrio-de-santa-catalina\">Barrio de Santa Catalina<\/a> y La Lonja; el <a href=\"https:\/\/blog.guruwalk.com\/es\/que-ver-en-palma-de-mallorca\/#paseo-maritimo\">Paseo Mar\u00edtimo<\/a> tambi\u00e9n re\u00fane locales junto al puerto.<\/p>\n    <\/div>\n  <\/div>\n\n<\/section>\n\n<!-- JSON-LD FAQ Schema -->\n<script type=\"application\/ld+json\">\n{\n  \"@context\": \"https:\/\/schema.org\",\n  \"@type\": \"FAQPage\",\n  \"mainEntity\": [\n    {\n      \"@type\": \"Question\",\n      \"name\": \"\u00bfQu\u00e9 lugares emblem\u00e1ticos debo visitar en Palma de Mallorca?\",\n      \"acceptedAnswer\": {\n        \"@type\": \"Answer\",\n        \"text\": \"La ruta principal re\u00fane la Catedral de Santa Mar\u00eda de Palma, el Palacio de la Almudaina, Sa Llotja y el Castillo de Bellver.\"\n      }\n    },\n    {\n      \"@type\": \"Question\",\n      \"name\": \"\u00bfD\u00f3nde puedo disfrutar de la gastronom\u00eda local?\",\n      \"acceptedAnswer\": {\n        \"@type\": \"Answer\",\n        \"text\": \"El Mercado de Olivar re\u00fane puestos de producto fresco y bares de mercado. El barrio de Santa Catalina concentra restaurantes alrededor de su propio mercado.\"\n      }\n    },\n    {\n      \"@type\": \"Question\",\n      \"name\": \"\u00bfQu\u00e9 actividades al aire libre se pueden realizar?\",\n      \"acceptedAnswer\": {\n        \"@type\": \"Answer\",\n        \"text\": \"Puedes recorrer a pie el Paseo Mar\u00edtimo, atravesar los Jardines de S'Hort del Rei o seguir la ruta hasta el Parc de la Mar.\"\n      }\n    },\n    {\n      \"@type\": \"Question\",\n      \"name\": \"\u00bfHay museos interesantes en Palma?\",\n      \"acceptedAnswer\": {\n        \"@type\": \"Answer\",\n        \"text\": \"El Museo de Mallorca recorre la historia art\u00edstica y arqueol\u00f3gica de la isla. La Fundaci\u00f3n Juan March programa exposiciones y actividades culturales.\"\n      }\n    },\n    {\n      \"@type\": \"Question\",\n      \"name\": \"\u00bfQu\u00e9 m\u00e1s puedo ver en los alrededores de Palma?\",\n      \"acceptedAnswer\": {\n        \"@type\": \"Answer\",\n        \"text\": \"El Castillo de Alar\u00f3 permite combinar una ruta de senderismo con la visita a un enclave hist\u00f3rico de la Serra de Tramuntana.\"\n      }\n    },\n    {\n      \"@type\": \"Question\",\n      \"name\": \"\u00bfCu\u00e1l es el mejor lugar para disfrutar de la vida nocturna?\",\n      \"acceptedAnswer\": {\n        \"@type\": \"Answer\",\n        \"text\": \"La mayor concentraci\u00f3n de bares se encuentra en el Barrio de Santa Catalina y La Lonja; el Paseo Mar\u00edtimo tambi\u00e9n re\u00fane locales junto al puerto.\"\n      }\n    }\n  ]\n}\n<\/script>\n","protected":false},"excerpt":{"rendered":"<p>Una ruta de un d\u00eda por Palma enlaza la Catedral, la Almudaina, Sa Llotja y el casco hist\u00f3rico; Bellver requiere transporte.<\/p>\n","protected":false},"author":2,"featured_media":17901,"comment_status":"closed","ping_status":"open","sticky":false,"template":"","format":"standard","meta":{"footnotes":""},"categories":[304,102,82],"tags":[460,359,376,362],"class_list":["post-10293","post","type-post","status-publish","format-standard","has-post-thumbnail","hentry","category-palma-de-mallorca","category-espana","category-europa","tag-guias-2","tag-que-ver","tag-tier-fijo","tag-tier-1","generate-columns","tablet-grid-50","mobile-grid-100","grid-parent","grid-33"],"_links":{"self":[{"href":"https:\/\/blog.guruwalk.com\/es\/wp-json\/wp\/v2\/posts\/10293","targetHints":{"allow":["GET"]}}],"collection":[{"href":"https:\/\/blog.guruwalk.com\/es\/wp-json\/wp\/v2\/posts"}],"about":[{"href":"https:\/\/blog.guruwalk.com\/es\/wp-json\/wp\/v2\/types\/post"}],"author":[{"embeddable":true,"href":"https:\/\/blog.guruwalk.com\/es\/wp-json\/wp\/v2\/users\/2"}],"replies":[{"embeddable":true,"href":"https:\/\/blog.guruwalk.com\/es\/wp-json\/wp\/v2\/comments?post=10293"}],"version-history":[{"count":9,"href":"https:\/\/blog.guruwalk.com\/es\/wp-json\/wp\/v2\/posts\/10293\/revisions"}],"predecessor-version":[{"id":46876,"href":"https:\/\/blog.guruwalk.com\/es\/wp-json\/wp\/v2\/posts\/10293\/revisions\/46876"}],"wp:featuredmedia":[{"embeddable":true,"href":"https:\/\/blog.guruwalk.com\/es\/wp-json\/wp\/v2\/media\/17901"}],"wp:attachment":[{"href":"https:\/\/blog.guruwalk.com\/es\/wp-json\/wp\/v2\/media?parent=10293"}],"wp:term":[{"taxonomy":"category","embeddable":true,"href":"https:\/\/blog.guruwalk.com\/es\/wp-json\/wp\/v2\/categories?post=10293"},{"taxonomy":"post_tag","embeddable":true,"href":"https:\/\/blog.guruwalk.com\/es\/wp-json\/wp\/v2\/tags?post=10293"}],"curies":[{"name":"wp","href":"https:\/\/api.w.org\/{rel}","templated":true}]}}