{"id":11117,"date":"2025-12-04T11:56:36","date_gmt":"2025-12-04T10:56:36","guid":{"rendered":"https:\/\/blog.guruwalk.com\/?p=11117"},"modified":"2026-08-27T13:05:53","modified_gmt":"2026-08-27T12:05:53","slug":"que-ver-en-gijon","status":"publish","type":"post","link":"https:\/\/blog.guruwalk.com\/es\/que-ver-en-gijon\/","title":{"rendered":"Qu\u00e9 ver en Gij\u00f3n | Recorrido de 1 d\u00eda y mucho m\u00e1s"},"content":{"rendered":"\n<p class=\"wp-block-paragraph\">\u00bfQu\u00e9 ver en Gij\u00f3n? La ciudad re\u00fane la playa de San Lorenzo, Cimavilla y el Cerro de Santa Catalina alrededor de una costa que se recorre bien a pie. Esta gu\u00eda organiza una ruta de un d\u00eda, propone alternativas para ampliar la visita y explica c\u00f3mo encajar un <a href=\"https:\/\/www.guruwalk.com\/es\/gijon\" target=\"_blank\" rel=\"noopener\">free tour en Gij\u00f3n<\/a>.<\/p>\n\n\n\n<p style=\"font-size:0.85em;color:#666;border-left:3px solid #ddd;padding:4px 0 4px 12px;margin:12px 0\"><strong>Datos verificados: agosto 2026<\/strong> \u2014 Precios, horarios y requisitos de reserva comprobados con fuentes oficiales. Los gurus de GuruWalk en Gij\u00f3n revisaron las recomendaciones pr\u00e1cticas.<\/p>\n\n\n<div class=\"qvgw-indimg-places-grid\" id=\"qvgw-indimg-places-grid-2\" data-iib-headings=\"[{&quot;id&quot;:&quot;mejores-free-tours&quot;,&quot;position&quot;:0,&quot;title&quot;:&quot;Mejores free tours en Gij\\u00f3n&quot;},{&quot;id&quot;:&quot;lugar&quot;,&quot;position&quot;:1,&quot;title&quot;:&quot;Qu\\u00e9 ver en un d\\u00eda en Gij\\u00f3n&quot;},{&quot;id&quot;:&quot;playa-de-san-lorenzo&quot;,&quot;position&quot;:2,&quot;title&quot;:&quot;Playa de San Lorenzo&quot;},{&quot;id&quot;:&quot;jardin-botanico-atlantico&quot;,&quot;position&quot;:3,&quot;title&quot;:&quot;Jard\\u00edn Bot\\u00e1nico Atl\\u00e1ntico&quot;},{&quot;id&quot;:&quot;museo-del-ferrocarril-de-asturias&quot;,&quot;position&quot;:4,&quot;title&quot;:&quot;Museo del Ferrocarril de Asturias&quot;},{&quot;id&quot;:&quot;cerro-de-sta-catalina&quot;,&quot;position&quot;:5,&quot;title&quot;:&quot;Cerro de Sta. Catalina&quot;},{&quot;id&quot;:&quot;puerto-deportivo&quot;,&quot;position&quot;:6,&quot;title&quot;:&quot;Puerto Deportivo&quot;},{&quot;id&quot;:&quot;museo-evaristo-valle&quot;,&quot;position&quot;:7,&quot;title&quot;:&quot;Museo Evaristo Valle&quot;},{&quot;id&quot;:&quot;termas-romanas-campo-valdes&quot;,&quot;position&quot;:8,&quot;title&quot;:&quot;Termas Romanas de Campo Vald\\u00e9s&quot;},{&quot;id&quot;:&quot;plaza-mayor&quot;,&quot;position&quot;:9,&quot;title&quot;:&quot;Plaza Mayor&quot;},{&quot;id&quot;:&quot;parque-de-isabel-la-catolica&quot;,&quot;position&quot;:10,&quot;title&quot;:&quot;Parque de Isabel la Cat\\u00f3lica&quot;},{&quot;id&quot;:&quot;iglesia-de-san-pedro&quot;,&quot;position&quot;:11,&quot;title&quot;:&quot;Iglesia de San Pedro&quot;},{&quot;id&quot;:&quot;paseo-de-begona&quot;,&quot;position&quot;:12,&quot;title&quot;:&quot;Paseo de Bego\\u00f1a&quot;},{&quot;id&quot;:&quot;cimavilla&quot;,&quot;position&quot;:13,&quot;title&quot;:&quot;Cimavilla&quot;},{&quot;id&quot;:&quot;que-ver-si-tienes-mas-tiempo&quot;,&quot;position&quot;:14,&quot;title&quot;:&quot;Qu\\u00e9 ver si tienes m\\u00e1s tiempo&quot;},{&quot;id&quot;:&quot;preguntas-frecuentes-sobre-gijon&quot;,&quot;position&quot;:15,&quot;title&quot;:&quot;Preguntas frecuentes sobre Gij\\u00f3n&quot;}]\"><div class=\"qvgw-indimg-places-cards\"><div class=\"qvgw-indimg-place-card\"><a href=\"#mejores-free-tours\" class=\"qvgw-indimg-place-card__content no-image\"><p class=\"qvgw-indimg-place-card__title\">1. Mejores free tours en Gij\u00f3n<\/p><span class=\"qvgw-indimg-place-card__arrow\"><svg width=\"24\" height=\"24\" viewBox=\"0 0 24 24\" fill=\"none\" stroke=\"currentColor\" stroke-width=\"2\"><path d=\"M6 9l6 6 6-6\"><\/path><\/svg><\/span><\/a><\/div><div class=\"qvgw-indimg-place-card\"><a href=\"#lugar\" class=\"qvgw-indimg-place-card__content\"><div class=\"qvgw-indimg-place-card__image\"><img decoding=\"async\" src=\"https:\/\/blog.guruwalk.com\/wp-content\/uploads\/2025\/04\/image-166-1024x768.webp\" alt=\"Qu\u00e9 ver en un d\u00eda en Gij\u00f3n\"><\/div><p class=\"qvgw-indimg-place-card__title\">2. Qu\u00e9 ver en un d\u00eda en Gij\u00f3n<\/p><span class=\"qvgw-indimg-place-card__arrow\"><svg width=\"24\" height=\"24\" viewBox=\"0 0 24 24\" fill=\"none\" stroke=\"currentColor\" stroke-width=\"2\"><path d=\"M6 9l6 6 6-6\"><\/path><\/svg><\/span><\/a><\/div><div class=\"qvgw-indimg-place-card\"><a href=\"#playa-de-san-lorenzo\" class=\"qvgw-indimg-place-card__content\"><div class=\"qvgw-indimg-place-card__image\"><img decoding=\"async\" src=\"https:\/\/blog.guruwalk.com\/wp-content\/uploads\/2025\/04\/image-167-1024x683.webp\" alt=\"Playa de San Lorenzo\"><\/div><p class=\"qvgw-indimg-place-card__title\">3. Playa de San Lorenzo<\/p><span class=\"qvgw-indimg-place-card__arrow\"><svg width=\"24\" height=\"24\" viewBox=\"0 0 24 24\" fill=\"none\" stroke=\"currentColor\" stroke-width=\"2\"><path d=\"M6 9l6 6 6-6\"><\/path><\/svg><\/span><\/a><\/div><div class=\"qvgw-indimg-place-card\"><a href=\"#jardin-botanico-atlantico\" class=\"qvgw-indimg-place-card__content\"><div class=\"qvgw-indimg-place-card__image\"><img decoding=\"async\" src=\"https:\/\/blog.guruwalk.com\/wp-content\/uploads\/2025\/04\/image-168-1024x576.webp\" alt=\"Jard\u00edn Bot\u00e1nico Atl\u00e1ntico\"><\/div><p class=\"qvgw-indimg-place-card__title\">4. Jard\u00edn Bot\u00e1nico Atl\u00e1ntico<\/p><span class=\"qvgw-indimg-place-card__arrow\"><svg width=\"24\" height=\"24\" viewBox=\"0 0 24 24\" fill=\"none\" stroke=\"currentColor\" stroke-width=\"2\"><path d=\"M6 9l6 6 6-6\"><\/path><\/svg><\/span><\/a><\/div><div class=\"qvgw-indimg-place-card\"><a href=\"#museo-del-ferrocarril-de-asturias\" class=\"qvgw-indimg-place-card__content\"><div class=\"qvgw-indimg-place-card__image\"><img decoding=\"async\" src=\"https:\/\/blog.guruwalk.com\/wp-content\/uploads\/2025\/04\/image-169-1024x768.webp\" alt=\"Museo del Ferrocarril de Asturias\"><\/div><p class=\"qvgw-indimg-place-card__title\">5. Museo del Ferrocarril de Asturias<\/p><span class=\"qvgw-indimg-place-card__arrow\"><svg width=\"24\" height=\"24\" viewBox=\"0 0 24 24\" fill=\"none\" stroke=\"currentColor\" stroke-width=\"2\"><path d=\"M6 9l6 6 6-6\"><\/path><\/svg><\/span><\/a><\/div><div class=\"qvgw-indimg-place-card\"><a href=\"#cerro-de-sta-catalina\" class=\"qvgw-indimg-place-card__content\"><div class=\"qvgw-indimg-place-card__image\"><img decoding=\"async\" src=\"https:\/\/blog.guruwalk.com\/wp-content\/uploads\/2025\/04\/image-170-1024x576.webp\" alt=\"Cerro de Sta. Catalina\"><\/div><p class=\"qvgw-indimg-place-card__title\">6. Cerro de Sta. Catalina<\/p><span class=\"qvgw-indimg-place-card__arrow\"><svg width=\"24\" height=\"24\" viewBox=\"0 0 24 24\" fill=\"none\" stroke=\"currentColor\" stroke-width=\"2\"><path d=\"M6 9l6 6 6-6\"><\/path><\/svg><\/span><\/a><\/div><div class=\"qvgw-indimg-place-card qvgw-indimg-place-card--hidden\"><a href=\"#puerto-deportivo\" class=\"qvgw-indimg-place-card__content\"><div class=\"qvgw-indimg-place-card__image\"><img decoding=\"async\" src=\"https:\/\/blog.guruwalk.com\/wp-content\/uploads\/2025\/04\/image-171-1024x683.webp\" alt=\"Puerto Deportivo\"><\/div><p class=\"qvgw-indimg-place-card__title\">7. Puerto Deportivo<\/p><span class=\"qvgw-indimg-place-card__arrow\"><svg width=\"24\" height=\"24\" viewBox=\"0 0 24 24\" fill=\"none\" stroke=\"currentColor\" stroke-width=\"2\"><path d=\"M6 9l6 6 6-6\"><\/path><\/svg><\/span><\/a><\/div><div class=\"qvgw-indimg-place-card qvgw-indimg-place-card--hidden\"><a href=\"#museo-evaristo-valle\" class=\"qvgw-indimg-place-card__content\"><div class=\"qvgw-indimg-place-card__image\"><img decoding=\"async\" src=\"https:\/\/blog.guruwalk.com\/wp-content\/uploads\/2025\/04\/image-172-1024x795.webp\" alt=\"Museo Evaristo Valle\"><\/div><p class=\"qvgw-indimg-place-card__title\">8. Museo Evaristo Valle<\/p><span class=\"qvgw-indimg-place-card__arrow\"><svg width=\"24\" height=\"24\" viewBox=\"0 0 24 24\" fill=\"none\" stroke=\"currentColor\" stroke-width=\"2\"><path d=\"M6 9l6 6 6-6\"><\/path><\/svg><\/span><\/a><\/div><div class=\"qvgw-indimg-place-card qvgw-indimg-place-card--hidden\"><a href=\"#termas-romanas-campo-valdes\" class=\"qvgw-indimg-place-card__content\"><div class=\"qvgw-indimg-place-card__image\"><img decoding=\"async\" src=\"https:\/\/blog.guruwalk.com\/wp-content\/uploads\/2025\/04\/image-173-1024x768.webp\" alt=\"Termas Romanas de Campo Vald\u00e9s\"><\/div><p class=\"qvgw-indimg-place-card__title\">9. Termas Romanas de Campo Vald\u00e9s<\/p><span class=\"qvgw-indimg-place-card__arrow\"><svg width=\"24\" height=\"24\" viewBox=\"0 0 24 24\" fill=\"none\" stroke=\"currentColor\" stroke-width=\"2\"><path d=\"M6 9l6 6 6-6\"><\/path><\/svg><\/span><\/a><\/div><div class=\"qvgw-indimg-place-card qvgw-indimg-place-card--hidden\"><a href=\"#plaza-mayor\" class=\"qvgw-indimg-place-card__content\"><div class=\"qvgw-indimg-place-card__image\"><img decoding=\"async\" src=\"https:\/\/blog.guruwalk.com\/wp-content\/uploads\/2025\/04\/image-174-1024x776.webp\" alt=\"Plaza Mayor\"><\/div><p class=\"qvgw-indimg-place-card__title\">10. Plaza Mayor<\/p><span class=\"qvgw-indimg-place-card__arrow\"><svg width=\"24\" height=\"24\" viewBox=\"0 0 24 24\" fill=\"none\" stroke=\"currentColor\" stroke-width=\"2\"><path d=\"M6 9l6 6 6-6\"><\/path><\/svg><\/span><\/a><\/div><div class=\"qvgw-indimg-place-card qvgw-indimg-place-card--hidden\"><a href=\"#parque-de-isabel-la-catolica\" class=\"qvgw-indimg-place-card__content\"><div class=\"qvgw-indimg-place-card__image\"><img decoding=\"async\" src=\"https:\/\/blog.guruwalk.com\/wp-content\/uploads\/2025\/04\/image-175-1024x768.webp\" alt=\"Parque de Isabel la Cat\u00f3lica\"><\/div><p class=\"qvgw-indimg-place-card__title\">11. Parque de Isabel la Cat\u00f3lica<\/p><span class=\"qvgw-indimg-place-card__arrow\"><svg width=\"24\" height=\"24\" viewBox=\"0 0 24 24\" fill=\"none\" stroke=\"currentColor\" stroke-width=\"2\"><path d=\"M6 9l6 6 6-6\"><\/path><\/svg><\/span><\/a><\/div><div class=\"qvgw-indimg-place-card qvgw-indimg-place-card--hidden\"><a href=\"#iglesia-de-san-pedro\" class=\"qvgw-indimg-place-card__content\"><div class=\"qvgw-indimg-place-card__image\"><img decoding=\"async\" src=\"https:\/\/blog.guruwalk.com\/wp-content\/uploads\/2025\/04\/image-176-1024x478.webp\" alt=\"Iglesia de San Pedro\"><\/div><p class=\"qvgw-indimg-place-card__title\">12. Iglesia de San Pedro<\/p><span class=\"qvgw-indimg-place-card__arrow\"><svg width=\"24\" height=\"24\" viewBox=\"0 0 24 24\" fill=\"none\" stroke=\"currentColor\" stroke-width=\"2\"><path d=\"M6 9l6 6 6-6\"><\/path><\/svg><\/span><\/a><\/div><div class=\"qvgw-indimg-place-card qvgw-indimg-place-card--hidden\"><a href=\"#paseo-de-begona\" class=\"qvgw-indimg-place-card__content\"><div class=\"qvgw-indimg-place-card__image\"><img decoding=\"async\" src=\"https:\/\/blog.guruwalk.com\/wp-content\/uploads\/2025\/04\/image-177-1024x768.webp\" alt=\"Paseo de Bego\u00f1a\"><\/div><p class=\"qvgw-indimg-place-card__title\">13. Paseo de Bego\u00f1a<\/p><span class=\"qvgw-indimg-place-card__arrow\"><svg width=\"24\" height=\"24\" viewBox=\"0 0 24 24\" fill=\"none\" stroke=\"currentColor\" stroke-width=\"2\"><path d=\"M6 9l6 6 6-6\"><\/path><\/svg><\/span><\/a><\/div><div class=\"qvgw-indimg-place-card qvgw-indimg-place-card--hidden\"><a href=\"#cimavilla\" class=\"qvgw-indimg-place-card__content\"><div class=\"qvgw-indimg-place-card__image\"><img decoding=\"async\" src=\"https:\/\/blog.guruwalk.com\/wp-content\/uploads\/2025\/04\/image-178-1024x575.webp\" alt=\"Cimavilla\"><\/div><p class=\"qvgw-indimg-place-card__title\">14. Cimavilla<\/p><span class=\"qvgw-indimg-place-card__arrow\"><svg width=\"24\" height=\"24\" viewBox=\"0 0 24 24\" fill=\"none\" stroke=\"currentColor\" stroke-width=\"2\"><path d=\"M6 9l6 6 6-6\"><\/path><\/svg><\/span><\/a><\/div><div class=\"qvgw-indimg-place-card qvgw-indimg-place-card--hidden\"><a href=\"#que-ver-si-tienes-mas-tiempo\" class=\"qvgw-indimg-place-card__content no-image\"><p class=\"qvgw-indimg-place-card__title\">15. Qu\u00e9 ver si tienes m\u00e1s tiempo<\/p><span class=\"qvgw-indimg-place-card__arrow\"><svg width=\"24\" height=\"24\" viewBox=\"0 0 24 24\" fill=\"none\" stroke=\"currentColor\" stroke-width=\"2\"><path d=\"M6 9l6 6 6-6\"><\/path><\/svg><\/span><\/a><\/div><div class=\"qvgw-indimg-place-card qvgw-indimg-place-card--hidden\"><a href=\"#preguntas-frecuentes-sobre-gijon\" class=\"qvgw-indimg-place-card__content no-image\"><p class=\"qvgw-indimg-place-card__title\">16. Preguntas frecuentes sobre Gij\u00f3n<\/p><span class=\"qvgw-indimg-place-card__arrow\"><svg width=\"24\" height=\"24\" viewBox=\"0 0 24 24\" fill=\"none\" stroke=\"currentColor\" stroke-width=\"2\"><path d=\"M6 9l6 6 6-6\"><\/path><\/svg><\/span><\/a><\/div><\/div><button class=\"qvgw-indimg-places-expand\" data-action=\"expand\" aria-expanded=\"false\">Ver m\u00e1s<\/button><\/div>\n\n\n<h2 class=\"wp-block-heading\" id=\"mejores-free-tours\">Mejores free tours en Gij\u00f3n<\/h2>\n\n\n\n<p class=\"wp-block-paragraph\">Un <a href=\"https:\/\/www.guruwalk.com\/es\/gijon\" target=\"_blank\" rel=\"noopener\">free tour en Gij\u00f3n<\/a> es una forma pr\u00e1ctica de comenzar por el centro hist\u00f3rico y situar Cimavilla, Campo Vald\u00e9s y el puerto antes de continuar por cuenta propia.<\/p>\n\n\n\n<p class=\"wp-block-paragraph\">El punto de encuentro y la duraci\u00f3n dependen de la actividad elegida: comprueba ambos datos en la reserva. Lleva calzado c\u00f3modo, agua y algo de efectivo. Como referencia, la propina suele situarse entre 10 y 20 \u20ac por persona, y puede llegar hasta 50 \u20ac cuando la experiencia lo justifique.<\/p>\n\n\n<div class=\"gw-freetours-container\"><div class=\"gw-freetours-carousel\"><div class=\"gw-freetours-track\"><div class=\"gw-freetours-card\" data-tour-id=\"52609\"><button type=\"button\" class=\"gw-freetours-image-link\" data-dest=\"https:\/\/www.guruwalk.com\/es\/walks\/52609-free-tour-centro-historico-de-gijon\" role=\"link\" aria-label=\"Free Tour Centro Hist\u00f3rico de Gij\u00f3n\"><div class=\"gw-freetours-image\"><img decoding=\"async\" class=\"gw-freetours-photo\" src=\"https:\/\/blog.guruwalk.com\/wp-content\/uploads\/gw-freetours-cache\/52609-2ac318f3470de618313bbf4fed324d19.jpg\" alt=\"Free Tour Centro Hist\u00f3rico de Gij\u00f3n\" loading=\"lazy\" \/><div class=\"gw-freetours-flags\"><img decoding=\"async\" src=\"https:\/\/blog.guruwalk.com\/wp-content\/gurupluginswalk\/wp-gw-freetours\/assets\/flags\/es.svg\" alt=\"es\" class=\"gw-freetours-flag\" \/><\/div><\/div><\/button><div class=\"gw-freetours-content\"><h4 class=\"gw-freetours-title\"><button type=\"button\" class=\"gw-freetours-title-link\" data-dest=\"https:\/\/www.guruwalk.com\/es\/walks\/52609-free-tour-centro-historico-de-gijon\" role=\"link\">Free Tour Centro Hist\u00f3rico de Gij\u00f3n<\/button><\/h4><div class=\"gw-freetours-meta-top\"><span class=\"gw-freetours-duration\"><svg width=\"16\" height=\"16\" viewBox=\"0 0 24 24\" fill=\"none\" stroke=\"currentColor\" stroke-width=\"2\"><circle cx=\"12\" cy=\"12\" r=\"10\"\/><polyline points=\"12,6 12,12 16,14\"\/><\/svg>2:00<\/span><button class=\"gw-freetours-map-btn\" data-lat=\"43.544074\" data-lng=\"-5.665056\" data-address=\"Gij\u00f3n, Asturias, Espa\u00f1a\" data-instructions=\"Punto de encuentro: escultura de Las Letronas (Letras en color rojo llamativas por sus dimensiones con la palabra Gij\u00f3n ) en los Jardines de la Reina (Puerto Deportivo de Gij\u00f3n)\"><svg width=\"16\" height=\"16\" viewBox=\"0 0 24 24\" fill=\"none\" stroke=\"currentColor\" stroke-width=\"2\"><path d=\"M21 10c0 7-9 13-9 13s-9-6-9-13a9 9 0 0 1 18 0z\"\/><circle cx=\"12\" cy=\"10\" r=\"3\"\/><\/svg><\/button><\/div><p class=\"gw-freetours-description\">Gij\u00f3n tambi\u00e9n conocida como la capital de la Costa Verde, es la capital mar\u00edtima de Asturias y una de las&#8230;<\/p><div class=\"gw-freetours-author\"><span class=\"gw-freetours-author-link\"><img decoding=\"async\" src=\"https:\/\/media.guruwalk.com\/htue4bolpstiapgj9n17luew5so0\" alt=\"Vantur\" class=\"gw-freetours-author-avatar\" \/><span class=\"gw-freetours-author-name\">Vantur<\/span><\/span><\/div><div class=\"gw-freetours-rating-container\"><div class=\"gw-freetours-rating\" aria-label=\"Valoraci\u00f3n 4.7 de 5\"><span class=\"gw-freetours-star gw-freetours-star--full\" aria-hidden=\"true\">\u2605<\/span><span class=\"gw-freetours-star gw-freetours-star--full\" aria-hidden=\"true\">\u2605<\/span><span class=\"gw-freetours-star gw-freetours-star--full\" aria-hidden=\"true\">\u2605<\/span><span class=\"gw-freetours-star gw-freetours-star--full\" aria-hidden=\"true\">\u2605<\/span><span class=\"gw-freetours-star gw-freetours-star--half\" aria-hidden=\"true\">\u2606<\/span><span class=\"gw-freetours-rating__count\">4,7 (291)<\/span><\/div><\/div><\/div><\/div><div class=\"gw-freetours-card\" data-tour-id=\"39504\"><button type=\"button\" class=\"gw-freetours-image-link\" data-dest=\"https:\/\/www.guruwalk.com\/es\/walks\/39504-free-tour-gijon-esencial\" role=\"link\" aria-label=\"\ud83d\udd1d Free Tour Gij\u00f3n Esencial \ud83d\udd1d\"><div class=\"gw-freetours-image\"><img decoding=\"async\" class=\"gw-freetours-photo\" src=\"https:\/\/blog.guruwalk.com\/wp-content\/uploads\/gw-freetours-cache\/39504-1e38a731cff6c6035a5b035921e163b3.jpg\" alt=\"\ud83d\udd1d Free Tour Gij\u00f3n Esencial \ud83d\udd1d\" loading=\"lazy\" \/><div class=\"gw-freetours-flags\"><img decoding=\"async\" src=\"https:\/\/blog.guruwalk.com\/wp-content\/gurupluginswalk\/wp-gw-freetours\/assets\/flags\/es.svg\" alt=\"es\" class=\"gw-freetours-flag\" \/><\/div><\/div><\/button><div class=\"gw-freetours-content\"><h4 class=\"gw-freetours-title\"><button type=\"button\" class=\"gw-freetours-title-link\" data-dest=\"https:\/\/www.guruwalk.com\/es\/walks\/39504-free-tour-gijon-esencial\" role=\"link\">\ud83d\udd1d Free Tour Gij\u00f3n Esencial \ud83d\udd1d<\/button><\/h4><div class=\"gw-freetours-meta-top\"><span class=\"gw-freetours-duration\"><svg width=\"16\" height=\"16\" viewBox=\"0 0 24 24\" fill=\"none\" stroke=\"currentColor\" stroke-width=\"2\"><circle cx=\"12\" cy=\"12\" r=\"10\"\/><polyline points=\"12,6 12,12 16,14\"\/><\/svg>2:00<\/span><button class=\"gw-freetours-map-btn\" data-lat=\"43.543393\" data-lng=\"-5.661004\" data-address=\"P.\u00ba del Muro de San Lorenzo, 33201, 33201 Gij\u00f3n, Asturias, Espa\u00f1a\" data-instructions=\"Escalera 3 de la Playa de San Lorenzo. Busca el el gu\u00eda con la carpeta NARANJA\ud83d\udfe0\"><svg width=\"16\" height=\"16\" viewBox=\"0 0 24 24\" fill=\"none\" stroke=\"currentColor\" stroke-width=\"2\"><path d=\"M21 10c0 7-9 13-9 13s-9-6-9-13a9 9 0 0 1 18 0z\"\/><circle cx=\"12\" cy=\"10\" r=\"3\"\/><\/svg><\/button><\/div><p class=\"gw-freetours-description\">\u00bfQuieres conocer el \u00abGij\u00f3n del alma\u00bb que canta Vicente D\u00edaz? Esta villa marinera de 5.000 a\u00f1&#8230;<\/p><div class=\"gw-freetours-author\"><span class=\"gw-freetours-author-link\"><img decoding=\"async\" src=\"https:\/\/media.guruwalk.com\/npqqfvv36nkn40sfl72fy3i8swyq\" alt=\"Gu\u00edas Astures\" class=\"gw-freetours-author-avatar\" \/><span class=\"gw-freetours-author-name\">Gu\u00edas Astures<\/span><\/span><\/div><div class=\"gw-freetours-rating-container\"><div class=\"gw-freetours-rating\" aria-label=\"Valoraci\u00f3n 4.8 de 5\"><span class=\"gw-freetours-star gw-freetours-star--full\" aria-hidden=\"true\">\u2605<\/span><span class=\"gw-freetours-star gw-freetours-star--full\" aria-hidden=\"true\">\u2605<\/span><span class=\"gw-freetours-star gw-freetours-star--full\" aria-hidden=\"true\">\u2605<\/span><span class=\"gw-freetours-star gw-freetours-star--full\" aria-hidden=\"true\">\u2605<\/span><span class=\"gw-freetours-star gw-freetours-star--half\" aria-hidden=\"true\">\u2606<\/span><span class=\"gw-freetours-rating__count\">4,9 (1045)<\/span><\/div><\/div><\/div><\/div><div class=\"gw-freetours-card\" data-tour-id=\"35187\"><button type=\"button\" class=\"gw-freetours-image-link\" data-dest=\"https:\/\/www.guruwalk.com\/es\/walks\/35187-gijon-imprescindible-free-tour\" role=\"link\" aria-label=\"\ud83e\udd47Gij\u00f3n Imprescindible - Free Tour \u2b50\u2b50\u2b50\u2b50\u2b50\"><div class=\"gw-freetours-image\"><img decoding=\"async\" class=\"gw-freetours-photo\" src=\"https:\/\/blog.guruwalk.com\/wp-content\/uploads\/gw-freetours-cache\/35187-a35c3d1fe38951c986ff7f6427d2c90b.jpg\" alt=\"\ud83e\udd47Gij\u00f3n Imprescindible - Free Tour \u2b50\u2b50\u2b50\u2b50\u2b50\" loading=\"lazy\" \/><div class=\"gw-freetours-flags\"><img decoding=\"async\" src=\"https:\/\/blog.guruwalk.com\/wp-content\/gurupluginswalk\/wp-gw-freetours\/assets\/flags\/es.svg\" alt=\"es\" class=\"gw-freetours-flag\" \/><\/div><\/div><\/button><div class=\"gw-freetours-content\"><h4 class=\"gw-freetours-title\"><button type=\"button\" class=\"gw-freetours-title-link\" data-dest=\"https:\/\/www.guruwalk.com\/es\/walks\/35187-gijon-imprescindible-free-tour\" role=\"link\">\ud83e\udd47Gij\u00f3n Imprescindible &#8211; Free Tour \u2b50\u2b50\u2b50\u2b50\u2b50<\/button><\/h4><div class=\"gw-freetours-meta-top\"><span class=\"gw-freetours-duration\"><svg width=\"16\" height=\"16\" viewBox=\"0 0 24 24\" fill=\"none\" stroke=\"currentColor\" stroke-width=\"2\"><circle cx=\"12\" cy=\"12\" r=\"10\"\/><polyline points=\"12,6 12,12 16,14\"\/><\/svg>2:15<\/span><button class=\"gw-freetours-map-btn\" data-lat=\"43.544945\" data-lng=\"-5.663476\" data-address=\"P.za. del Marqu\u00e9s, 10, Centro, 33201 Gij\u00f3n, Asturias, Spain\" data-instructions=\"Plaza del Marqu\u00e9s, 10 (junto a la tienda del toldo amarillo \u201cAsturias Encantada\u201d)\"><svg width=\"16\" height=\"16\" viewBox=\"0 0 24 24\" fill=\"none\" stroke=\"currentColor\" stroke-width=\"2\"><path d=\"M21 10c0 7-9 13-9 13s-9-6-9-13a9 9 0 0 1 18 0z\"\/><circle cx=\"12\" cy=\"10\" r=\"3\"\/><\/svg><\/button><\/div><p class=\"gw-freetours-description\">DESCUBRE LO IMPRESCINDIBLE DE GIJ\u00d3N Y MUCHO M\u00c1S!! Gij\u00f3n es historia, ocio, tradici\u00f3n, gastronom\u00eda&#8230; &#8230;<\/p><div class=\"gw-freetours-author\"><span class=\"gw-freetours-author-link\"><img decoding=\"async\" src=\"https:\/\/media.guruwalk.com\/mu4374cwgi0o6i6loq2903odjxa6\" alt=\"Visitas guiadas Gij\u00f3n\" class=\"gw-freetours-author-avatar\" \/><span class=\"gw-freetours-author-name\">Visitas guiadas Gij\u00f3n<\/span><\/span><\/div><div class=\"gw-freetours-rating-container\"><div class=\"gw-freetours-rating\" aria-label=\"Valoraci\u00f3n 4.6 de 5\"><span class=\"gw-freetours-star gw-freetours-star--full\" aria-hidden=\"true\">\u2605<\/span><span class=\"gw-freetours-star gw-freetours-star--full\" aria-hidden=\"true\">\u2605<\/span><span class=\"gw-freetours-star gw-freetours-star--full\" aria-hidden=\"true\">\u2605<\/span><span class=\"gw-freetours-star gw-freetours-star--full\" aria-hidden=\"true\">\u2605<\/span><span class=\"gw-freetours-star gw-freetours-star--half\" aria-hidden=\"true\">\u2606<\/span><span class=\"gw-freetours-rating__count\">4,6 (4318)<\/span><\/div><\/div><\/div><\/div><div class=\"gw-freetours-card\" data-tour-id=\"49157\"><button type=\"button\" class=\"gw-freetours-image-link\" data-dest=\"https:\/\/www.guruwalk.com\/es\/walks\/49157-free-tour-gijon-oscuro-crimenes-y-leyendas\" role=\"link\" aria-label=\"\ud83e\udd47Free Tour Gij\u00f3n Oscuro: Cr\u00edmenes y Leyendas \ud83d\udc7b\u2b50\u2b50\u2b50\u2b50\u2b50\"><div class=\"gw-freetours-image\"><img decoding=\"async\" class=\"gw-freetours-photo\" src=\"https:\/\/blog.guruwalk.com\/wp-content\/uploads\/gw-freetours-cache\/49157-05e4414f2340498b0d3e59252ddf8d3c.jpg\" alt=\"\ud83e\udd47Free Tour Gij\u00f3n Oscuro: Cr\u00edmenes y Leyendas \ud83d\udc7b\u2b50\u2b50\u2b50\u2b50\u2b50\" loading=\"lazy\" \/><div class=\"gw-freetours-flags\"><img decoding=\"async\" src=\"https:\/\/blog.guruwalk.com\/wp-content\/gurupluginswalk\/wp-gw-freetours\/assets\/flags\/es.svg\" alt=\"es\" class=\"gw-freetours-flag\" \/><\/div><\/div><\/button><div class=\"gw-freetours-content\"><h4 class=\"gw-freetours-title\"><button type=\"button\" class=\"gw-freetours-title-link\" data-dest=\"https:\/\/www.guruwalk.com\/es\/walks\/49157-free-tour-gijon-oscuro-crimenes-y-leyendas\" role=\"link\">\ud83e\udd47Free Tour Gij\u00f3n Oscuro: Cr\u00edmenes y Leyendas \ud83d\udc7b\u2b50\u2b50\u2b50\u2b50\u2b50<\/button><\/h4><div class=\"gw-freetours-meta-top\"><span class=\"gw-freetours-duration\"><svg width=\"16\" height=\"16\" viewBox=\"0 0 24 24\" fill=\"none\" stroke=\"currentColor\" stroke-width=\"2\"><circle cx=\"12\" cy=\"12\" r=\"10\"\/><polyline points=\"12,6 12,12 16,14\"\/><\/svg>1:45<\/span><button class=\"gw-freetours-map-btn\" data-lat=\"43.545229\" data-lng=\"-5.662783\" data-address=\"Pl. Mayor, 8, 33201 Gij\u00f3n, Asturias, Espa\u00f1a\" data-instructions=\"Plaza Mayor, junto a la tienda La Gijonesa\"><svg width=\"16\" height=\"16\" viewBox=\"0 0 24 24\" fill=\"none\" stroke=\"currentColor\" stroke-width=\"2\"><path d=\"M21 10c0 7-9 13-9 13s-9-6-9-13a9 9 0 0 1 18 0z\"\/><circle cx=\"12\" cy=\"10\" r=\"3\"\/><\/svg><\/button><\/div><p class=\"gw-freetours-description\">\ud83d\udc7b \u00a1\u00a1DESCUBRE EL LADO M\u00c1S OSCURO DE GIJ\u00d3N!!\ud83d\udd75\ufe0f\u200d\u2642\ufe0f Gij\u00f3n es historia, ocio, tradici\u00f3n, gastronom\u00eda, p&#8230;<\/p><div class=\"gw-freetours-author\"><span class=\"gw-freetours-author-link\"><img decoding=\"async\" src=\"https:\/\/media.guruwalk.com\/mu4374cwgi0o6i6loq2903odjxa6\" alt=\"Visitas guiadas Gij\u00f3n\" class=\"gw-freetours-author-avatar\" \/><span class=\"gw-freetours-author-name\">Visitas guiadas Gij\u00f3n<\/span><\/span><\/div><div class=\"gw-freetours-rating-container\"><div class=\"gw-freetours-rating\" aria-label=\"Valoraci\u00f3n 4.9 de 5\"><span class=\"gw-freetours-star gw-freetours-star--full\" aria-hidden=\"true\">\u2605<\/span><span class=\"gw-freetours-star gw-freetours-star--full\" aria-hidden=\"true\">\u2605<\/span><span class=\"gw-freetours-star gw-freetours-star--full\" aria-hidden=\"true\">\u2605<\/span><span class=\"gw-freetours-star gw-freetours-star--full\" aria-hidden=\"true\">\u2605<\/span><span class=\"gw-freetours-star gw-freetours-star--half\" aria-hidden=\"true\">\u2606<\/span><span class=\"gw-freetours-rating__count\">4,9 (124)<\/span><\/div><\/div><\/div><\/div><div class=\"gw-freetours-card\" data-tour-id=\"52611\"><button type=\"button\" class=\"gw-freetours-image-link\" data-dest=\"https:\/\/www.guruwalk.com\/es\/walks\/52611-free-tour-universidad-laboral-de-gijon\" role=\"link\" aria-label=\"Free Tour Universidad Laboral de Gij\u00f3n\"><div class=\"gw-freetours-image\"><img decoding=\"async\" class=\"gw-freetours-photo\" src=\"https:\/\/blog.guruwalk.com\/wp-content\/uploads\/gw-freetours-cache\/52611-1ef52691e334df2376c6d7f9030050f3.jpg\" alt=\"Free Tour Universidad Laboral de Gij\u00f3n\" loading=\"lazy\" \/><div class=\"gw-freetours-flags\"><img decoding=\"async\" src=\"https:\/\/blog.guruwalk.com\/wp-content\/gurupluginswalk\/wp-gw-freetours\/assets\/flags\/es.svg\" alt=\"es\" class=\"gw-freetours-flag\" \/><\/div><\/div><\/button><div class=\"gw-freetours-content\"><h4 class=\"gw-freetours-title\"><button type=\"button\" class=\"gw-freetours-title-link\" data-dest=\"https:\/\/www.guruwalk.com\/es\/walks\/52611-free-tour-universidad-laboral-de-gijon\" role=\"link\">Free Tour Universidad Laboral de Gij\u00f3n<\/button><\/h4><div class=\"gw-freetours-meta-top\"><span class=\"gw-freetours-duration\"><svg width=\"16\" height=\"16\" viewBox=\"0 0 24 24\" fill=\"none\" stroke=\"currentColor\" stroke-width=\"2\"><circle cx=\"12\" cy=\"12\" r=\"10\"\/><polyline points=\"12,6 12,12 16,14\"\/><\/svg>1:15<\/span><button class=\"gw-freetours-map-btn\" data-lat=\"43.524168\" data-lng=\"-5.613834\" data-address=\"C. Luis Moya Blanco, 39, 33203 Gij\u00f3n, Asturias, Espa\u00f1a\" data-instructions=\"Nos situaremos en la entrada princial de la Univerdad Laboral\"><svg width=\"16\" height=\"16\" viewBox=\"0 0 24 24\" fill=\"none\" stroke=\"currentColor\" stroke-width=\"2\"><path d=\"M21 10c0 7-9 13-9 13s-9-6-9-13a9 9 0 0 1 18 0z\"\/><circle cx=\"12\" cy=\"10\" r=\"3\"\/><\/svg><\/button><\/div><p class=\"gw-freetours-description\">No te puedes perder uno de los conjuntos monumentales m\u00e1s impresionantes de la ciudad de Gij\u00f3n. La Universidad Laboral, una&#8230;<\/p><div class=\"gw-freetours-author\"><span class=\"gw-freetours-author-link\"><img decoding=\"async\" src=\"https:\/\/media.guruwalk.com\/htue4bolpstiapgj9n17luew5so0\" alt=\"Vantur\" class=\"gw-freetours-author-avatar\" \/><span class=\"gw-freetours-author-name\">Vantur<\/span><\/span><\/div><div class=\"gw-freetours-rating-container\"><div class=\"gw-freetours-rating\" aria-label=\"Valoraci\u00f3n 4.9 de 5\"><span class=\"gw-freetours-star gw-freetours-star--full\" aria-hidden=\"true\">\u2605<\/span><span class=\"gw-freetours-star gw-freetours-star--full\" aria-hidden=\"true\">\u2605<\/span><span class=\"gw-freetours-star gw-freetours-star--full\" aria-hidden=\"true\">\u2605<\/span><span class=\"gw-freetours-star gw-freetours-star--full\" aria-hidden=\"true\">\u2605<\/span><span class=\"gw-freetours-star gw-freetours-star--half\" aria-hidden=\"true\">\u2606<\/span><span class=\"gw-freetours-rating__count\">4,9 (12)<\/span><\/div><\/div><\/div><\/div><div class=\"gw-freetours-card\" data-tour-id=\"38143\"><button type=\"button\" class=\"gw-freetours-image-link\" data-dest=\"https:\/\/www.guruwalk.com\/es\/walks\/38143-free-tour-descubre-gijon-y-sus-atractivos\" role=\"link\" aria-label=\"Free Tour descubre Gij\u00f3n y sus atractivos!\"><div class=\"gw-freetours-image\"><img decoding=\"async\" class=\"gw-freetours-photo\" src=\"https:\/\/blog.guruwalk.com\/wp-content\/uploads\/gw-freetours-cache\/38143-afc4a2f0647dae045c4b6e12a903b907.jpg\" alt=\"Free Tour descubre Gij\u00f3n y sus atractivos!\" loading=\"lazy\" \/><div class=\"gw-freetours-flags\"><img decoding=\"async\" src=\"https:\/\/blog.guruwalk.com\/wp-content\/gurupluginswalk\/wp-gw-freetours\/assets\/flags\/es.svg\" alt=\"es\" class=\"gw-freetours-flag\" \/><\/div><\/div><\/button><div class=\"gw-freetours-content\"><h4 class=\"gw-freetours-title\"><button type=\"button\" class=\"gw-freetours-title-link\" data-dest=\"https:\/\/www.guruwalk.com\/es\/walks\/38143-free-tour-descubre-gijon-y-sus-atractivos\" role=\"link\">Free Tour descubre Gij\u00f3n y sus atractivos!<\/button><\/h4><div class=\"gw-freetours-meta-top\"><span class=\"gw-freetours-duration\"><svg width=\"16\" height=\"16\" viewBox=\"0 0 24 24\" fill=\"none\" stroke=\"currentColor\" stroke-width=\"2\"><circle cx=\"12\" cy=\"12\" r=\"10\"\/><polyline points=\"12,6 12,12 16,14\"\/><\/svg>1:30<\/span><button class=\"gw-freetours-map-btn\" data-lat=\"43.544074\" data-lng=\"-5.665056\" data-address=\"Gij\u00f3n, Asturias, Espa\u00f1a\" data-instructions=\"Nos veremoss en el Puerto Deportivo de Gijon delante de las Letronas Rojas. Para identificarme, siempre llevo una gorra.\"><svg width=\"16\" height=\"16\" viewBox=\"0 0 24 24\" fill=\"none\" stroke=\"currentColor\" stroke-width=\"2\"><path d=\"M21 10c0 7-9 13-9 13s-9-6-9-13a9 9 0 0 1 18 0z\"\/><circle cx=\"12\" cy=\"10\" r=\"3\"\/><\/svg><\/button><\/div><p class=\"gw-freetours-description\">Conmigo podr\u00e1n descubrir los rincones m\u00e1s bonitos de la ciudad y los sitios de inter\u00e9s tur\u00edsticos m\u00e1s asombrosos de la&#8230;<\/p><div class=\"gw-freetours-author\"><span class=\"gw-freetours-author-link\"><img decoding=\"async\" src=\"https:\/\/media.guruwalk.com\/nzrwtoq49ibqdpllduud82y3t0jm\" alt=\"Julian\" class=\"gw-freetours-author-avatar\" \/><span class=\"gw-freetours-author-name\">Julian<\/span><\/span><\/div><div class=\"gw-freetours-rating-container\"><div class=\"gw-freetours-rating\" aria-label=\"Valoraci\u00f3n 4.4 de 5\"><span class=\"gw-freetours-star gw-freetours-star--full\" aria-hidden=\"true\">\u2605<\/span><span class=\"gw-freetours-star gw-freetours-star--full\" aria-hidden=\"true\">\u2605<\/span><span class=\"gw-freetours-star gw-freetours-star--full\" aria-hidden=\"true\">\u2605<\/span><span class=\"gw-freetours-star gw-freetours-star--full\" aria-hidden=\"true\">\u2605<\/span><span class=\"gw-freetours-star gw-freetours-star--empty\" aria-hidden=\"true\">\u2606<\/span><span class=\"gw-freetours-rating__count\">4,4 (229)<\/span><\/div><\/div><\/div><\/div><\/div><\/div><div class=\"gw-freetours-place-link\"><a href=\"https:\/\/www.guruwalk.com\/es\/gijon\" target=\"_blank\" rel=\"noopener\" class=\"gw-freetours-place-btn\">M\u00e1s Tours a Pie por Gij\u00f3n<\/a><\/div><\/div><script type=\"application\/ld+json\">{\"@context\":\"https:\/\/schema.org\",\"@type\":\"ItemList\",\"name\":\"Free Tours en Gijon\",\"description\":\"Tours gratuitos disponibles en Gijon\",\"url\":\"https:\/\/www.guruwalk.com\/es\/gijon\",\"itemListOrder\":\"Unordered\",\"numberOfItems\":\"6\",\"itemListElement\":[{\"@type\":\"ListItem\",\"position\":1,\"item\":{\"@type\":\"Event\",\"@id\":\"https:\/\/www.guruwalk.com\/es\/walks\/52609-free-tour-centro-historico-de-gijon\",\"name\":\"Free Tour Centro Hist\u00f3rico de Gij\u00f3n\",\"description\":\"Gij\u00f3n tambi\u00e9n conocida como la capital de la Costa Verde, es la capital mar\u00edtima de Asturias y una de las ciudades costeras m\u00e1...\",\"url\":\"https:\/\/www.guruwalk.com\/es\/walks\/52609-free-tour-centro-historico-de-gijon\",\"isAccessibleForFree\":true,\"eventStatus\":\"https:\/\/schema.org\/EventScheduled\",\"eventAttendanceMode\":\"https:\/\/schema.org\/OfflineEventAttendanceMode\",\"startDate\":\"2026-01-01\",\"endDate\":\"2026-12-31\",\"duration\":\"PT2H\",\"inLanguage\":[\"es\"],\"location\":{\"@type\":\"Place\",\"name\":\"Free Tours en Gijon\",\"address\":{\"@type\":\"PostalAddress\",\"addressLocality\":\"Gij\u00f3n\",\"addressCountry\":{\"@type\":\"Country\",\"name\":\"Spain\"}},\"geo\":{\"@type\":\"GeoCoordinates\",\"latitude\":43.544074,\"longitude\":-5.665056},\"description\":\"Punto de encuentro: escultura de Las Letronas (Letras en color rojo llamativas por sus dimensiones con la palabra Gij\u00f3n ) en los Jardines de la Reina (Puerto Deportivo de Gij\u00f3n)\"},\"organizer\":{\"@type\":\"Person\",\"name\":\"Vantur\",\"image\":\"https:\/\/media.guruwalk.com\/htue4bolpstiapgj9n17luew5so0\",\"url\":\"https:\/\/www.guruwalk.com\/es\/gurus\/uzaypkvckmt6xwmmskls\"},\"performer\":{\"@type\":\"Person\",\"name\":\"Vantur\",\"url\":\"https:\/\/www.guruwalk.com\/es\/gurus\/uzaypkvckmt6xwmmskls\"},\"aggregateRating\":{\"@type\":\"AggregateRating\",\"ratingValue\":4.7,\"bestRating\":5,\"worstRating\":1,\"reviewCount\":291},\"image\":\"https:\/\/media.guruwalk.com\/ren6g8vljrpuupn7w9a3n6oieqzj\",\"offers\":{\"@type\":\"Offer\",\"url\":\"https:\/\/www.guruwalk.com\/es\/walks\/52609-free-tour-centro-historico-de-gijon\",\"price\":0,\"priceCurrency\":\"EUR\",\"availability\":\"https:\/\/schema.org\/InStock\",\"validFrom\":\"2026-01-01\"}}},{\"@type\":\"ListItem\",\"position\":2,\"item\":{\"@type\":\"Event\",\"@id\":\"https:\/\/www.guruwalk.com\/es\/walks\/39504-free-tour-gijon-esencial\",\"name\":\"\ud83d\udd1d Free Tour Gij\u00f3n Esencial \ud83d\udd1d\",\"description\":\"\u00bfQuieres conocer el \u00abGij\u00f3n del alma\u00bb que canta Vicente D\u00edaz? Esta villa marinera de 5.000 a\u00f1...\",\"url\":\"https:\/\/www.guruwalk.com\/es\/walks\/39504-free-tour-gijon-esencial\",\"isAccessibleForFree\":true,\"eventStatus\":\"https:\/\/schema.org\/EventScheduled\",\"eventAttendanceMode\":\"https:\/\/schema.org\/OfflineEventAttendanceMode\",\"startDate\":\"2026-01-01\",\"endDate\":\"2026-12-31\",\"duration\":\"PT2H\",\"inLanguage\":[\"es\"],\"location\":{\"@type\":\"Place\",\"name\":\"Free Tours en Gijon\",\"address\":{\"@type\":\"PostalAddress\",\"addressLocality\":\"Gij\u00f3n\",\"addressCountry\":{\"@type\":\"Country\",\"name\":\"Spain\"}},\"geo\":{\"@type\":\"GeoCoordinates\",\"latitude\":43.543393,\"longitude\":-5.661004},\"description\":\"Escalera 3 de la Playa de San Lorenzo. Busca el el gu\u00eda con la carpeta NARANJA\ud83d\udfe0\"},\"organizer\":{\"@type\":\"Person\",\"name\":\"Gu\u00edas Astures\",\"image\":\"https:\/\/media.guruwalk.com\/npqqfvv36nkn40sfl72fy3i8swyq\",\"url\":\"https:\/\/www.guruwalk.com\/es\/gurus\/noe7l9qqqfohryriby6o\"},\"performer\":{\"@type\":\"Person\",\"name\":\"Gu\u00edas Astures\",\"url\":\"https:\/\/www.guruwalk.com\/es\/gurus\/noe7l9qqqfohryriby6o\"},\"aggregateRating\":{\"@type\":\"AggregateRating\",\"ratingValue\":4.85,\"bestRating\":5,\"worstRating\":1,\"reviewCount\":1045},\"image\":\"https:\/\/media.guruwalk.com\/pn8zut0c4mplckw0brb02c7kt20o\",\"offers\":{\"@type\":\"Offer\",\"url\":\"https:\/\/www.guruwalk.com\/es\/walks\/39504-free-tour-gijon-esencial\",\"price\":0,\"priceCurrency\":\"EUR\",\"availability\":\"https:\/\/schema.org\/InStock\",\"validFrom\":\"2026-01-01\"}}},{\"@type\":\"ListItem\",\"position\":3,\"item\":{\"@type\":\"Event\",\"@id\":\"https:\/\/www.guruwalk.com\/es\/walks\/35187-gijon-imprescindible-free-tour\",\"name\":\"\ud83e\udd47Gij\u00f3n Imprescindible - Free Tour \u2b50\u2b50\u2b50\u2b50\u2b50\",\"description\":\"DESCUBRE LO IMPRESCINDIBLE DE GIJ\u00d3N Y MUCHO M\u00c1S!! Gij\u00f3n es historia, ocio, tradici\u00f3n, gastronom\u00eda... ...\",\"url\":\"https:\/\/www.guruwalk.com\/es\/walks\/35187-gijon-imprescindible-free-tour\",\"isAccessibleForFree\":true,\"eventStatus\":\"https:\/\/schema.org\/EventScheduled\",\"eventAttendanceMode\":\"https:\/\/schema.org\/OfflineEventAttendanceMode\",\"startDate\":\"2026-01-01\",\"endDate\":\"2026-12-31\",\"duration\":\"PT2H15M\",\"inLanguage\":[\"es\"],\"location\":{\"@type\":\"Place\",\"name\":\"Free Tours en Gijon\",\"address\":{\"@type\":\"PostalAddress\",\"addressLocality\":\"Gij\u00f3n\",\"addressCountry\":{\"@type\":\"Country\",\"name\":\"Spain\"}},\"geo\":{\"@type\":\"GeoCoordinates\",\"latitude\":43.544945,\"longitude\":-5.663476},\"description\":\"Plaza del Marqu\u00e9s, 10 (junto a la tienda del toldo amarillo \u201cAsturias Encantada\u201d)\"},\"organizer\":{\"@type\":\"Person\",\"name\":\"Visitas guiadas Gij\u00f3n\",\"image\":\"https:\/\/media.guruwalk.com\/mu4374cwgi0o6i6loq2903odjxa6\",\"url\":\"https:\/\/www.guruwalk.com\/es\/gurus\/gpioym763o6mwykqmi9a\"},\"performer\":{\"@type\":\"Person\",\"name\":\"Visitas guiadas Gij\u00f3n\",\"url\":\"https:\/\/www.guruwalk.com\/es\/gurus\/gpioym763o6mwykqmi9a\"},\"aggregateRating\":{\"@type\":\"AggregateRating\",\"ratingValue\":4.6,\"bestRating\":5,\"worstRating\":1,\"reviewCount\":4318},\"image\":\"https:\/\/media.guruwalk.com\/kxpaprn6ctfgx7tptuiklo2kzw8a\",\"offers\":{\"@type\":\"Offer\",\"url\":\"https:\/\/www.guruwalk.com\/es\/walks\/35187-gijon-imprescindible-free-tour\",\"price\":0,\"priceCurrency\":\"EUR\",\"availability\":\"https:\/\/schema.org\/InStock\",\"validFrom\":\"2026-01-01\"}}},{\"@type\":\"ListItem\",\"position\":4,\"item\":{\"@type\":\"Event\",\"@id\":\"https:\/\/www.guruwalk.com\/es\/walks\/49157-free-tour-gijon-oscuro-crimenes-y-leyendas\",\"name\":\"\ud83e\udd47Free Tour Gij\u00f3n Oscuro: Cr\u00edmenes y Leyendas \ud83d\udc7b\u2b50\u2b50\u2b50\u2b50\u2b50\",\"description\":\"\ud83d\udc7b \u00a1\u00a1DESCUBRE EL LADO M\u00c1S OSCURO DE GIJ\u00d3N!!\ud83d\udd75\ufe0f\u200d\u2642\ufe0f Gij\u00f3n es historia, ocio, tradici\u00f3n, gastronom\u00eda, p...\",\"url\":\"https:\/\/www.guruwalk.com\/es\/walks\/49157-free-tour-gijon-oscuro-crimenes-y-leyendas\",\"isAccessibleForFree\":true,\"eventStatus\":\"https:\/\/schema.org\/EventScheduled\",\"eventAttendanceMode\":\"https:\/\/schema.org\/OfflineEventAttendanceMode\",\"startDate\":\"2026-01-01\",\"endDate\":\"2026-12-31\",\"duration\":\"PT1H45M\",\"inLanguage\":[\"es\"],\"location\":{\"@type\":\"Place\",\"name\":\"Free Tours en Gijon\",\"address\":{\"@type\":\"PostalAddress\",\"addressLocality\":\"Gij\u00f3n\",\"addressCountry\":{\"@type\":\"Country\",\"name\":\"Spain\"}},\"geo\":{\"@type\":\"GeoCoordinates\",\"latitude\":43.545229,\"longitude\":-5.662783},\"description\":\"Plaza Mayor, junto a la tienda La Gijonesa\"},\"organizer\":{\"@type\":\"Person\",\"name\":\"Visitas guiadas Gij\u00f3n\",\"image\":\"https:\/\/media.guruwalk.com\/mu4374cwgi0o6i6loq2903odjxa6\",\"url\":\"https:\/\/www.guruwalk.com\/es\/gurus\/gpioym763o6mwykqmi9a\"},\"performer\":{\"@type\":\"Person\",\"name\":\"Visitas guiadas Gij\u00f3n\",\"url\":\"https:\/\/www.guruwalk.com\/es\/gurus\/gpioym763o6mwykqmi9a\"},\"aggregateRating\":{\"@type\":\"AggregateRating\",\"ratingValue\":4.9,\"bestRating\":5,\"worstRating\":1,\"reviewCount\":124},\"image\":\"https:\/\/media.guruwalk.com\/0nj0pn2c0ssngjppo4c3ixgjtgl0\",\"offers\":{\"@type\":\"Offer\",\"url\":\"https:\/\/www.guruwalk.com\/es\/walks\/49157-free-tour-gijon-oscuro-crimenes-y-leyendas\",\"price\":0,\"priceCurrency\":\"EUR\",\"availability\":\"https:\/\/schema.org\/InStock\",\"validFrom\":\"2026-01-01\"}}},{\"@type\":\"ListItem\",\"position\":5,\"item\":{\"@type\":\"Event\",\"@id\":\"https:\/\/www.guruwalk.com\/es\/walks\/52611-free-tour-universidad-laboral-de-gijon\",\"name\":\"Free Tour Universidad Laboral de Gij\u00f3n\",\"description\":\"No te puedes perder uno de los conjuntos monumentales m\u00e1s impresionantes de la ciudad de Gij\u00f3n. La Universidad Laboral, una ci...\",\"url\":\"https:\/\/www.guruwalk.com\/es\/walks\/52611-free-tour-universidad-laboral-de-gijon\",\"isAccessibleForFree\":true,\"eventStatus\":\"https:\/\/schema.org\/EventScheduled\",\"eventAttendanceMode\":\"https:\/\/schema.org\/OfflineEventAttendanceMode\",\"startDate\":\"2026-01-01\",\"endDate\":\"2026-12-31\",\"duration\":\"PT1H15M\",\"inLanguage\":[\"es\"],\"location\":{\"@type\":\"Place\",\"name\":\"Free Tours en Gijon\",\"address\":{\"@type\":\"PostalAddress\",\"addressLocality\":\"Gij\u00f3n\",\"addressCountry\":{\"@type\":\"Country\",\"name\":\"Spain\"}},\"geo\":{\"@type\":\"GeoCoordinates\",\"latitude\":43.524168,\"longitude\":-5.613834},\"description\":\"Nos situaremos en la entrada princial de la Univerdad Laboral\"},\"organizer\":{\"@type\":\"Person\",\"name\":\"Vantur\",\"image\":\"https:\/\/media.guruwalk.com\/htue4bolpstiapgj9n17luew5so0\",\"url\":\"https:\/\/www.guruwalk.com\/es\/gurus\/uzaypkvckmt6xwmmskls\"},\"performer\":{\"@type\":\"Person\",\"name\":\"Vantur\",\"url\":\"https:\/\/www.guruwalk.com\/es\/gurus\/uzaypkvckmt6xwmmskls\"},\"aggregateRating\":{\"@type\":\"AggregateRating\",\"ratingValue\":4.92,\"bestRating\":5,\"worstRating\":1,\"reviewCount\":12},\"image\":\"https:\/\/media.guruwalk.com\/1nm98dkrsw7eqhsgtyqd6x3ihtt0\",\"offers\":{\"@type\":\"Offer\",\"url\":\"https:\/\/www.guruwalk.com\/es\/walks\/52611-free-tour-universidad-laboral-de-gijon\",\"price\":0,\"priceCurrency\":\"EUR\",\"availability\":\"https:\/\/schema.org\/InStock\",\"validFrom\":\"2026-01-01\"}}},{\"@type\":\"ListItem\",\"position\":6,\"item\":{\"@type\":\"Event\",\"@id\":\"https:\/\/www.guruwalk.com\/es\/walks\/38143-free-tour-descubre-gijon-y-sus-atractivos\",\"name\":\"Free Tour descubre Gij\u00f3n y sus atractivos!\",\"description\":\"Conmigo podr\u00e1n descubrir los rincones m\u00e1s bonitos de la ciudad y los sitios de inter\u00e9s tur\u00edsticos m\u00e1s asombrosos de la costa g...\",\"url\":\"https:\/\/www.guruwalk.com\/es\/walks\/38143-free-tour-descubre-gijon-y-sus-atractivos\",\"isAccessibleForFree\":true,\"eventStatus\":\"https:\/\/schema.org\/EventScheduled\",\"eventAttendanceMode\":\"https:\/\/schema.org\/OfflineEventAttendanceMode\",\"startDate\":\"2026-01-01\",\"endDate\":\"2026-12-31\",\"duration\":\"PT1H30M\",\"inLanguage\":[\"es\"],\"location\":{\"@type\":\"Place\",\"name\":\"Free Tours en Gijon\",\"address\":{\"@type\":\"PostalAddress\",\"addressLocality\":\"Gij\u00f3n\",\"addressCountry\":{\"@type\":\"Country\",\"name\":\"Spain\"}},\"geo\":{\"@type\":\"GeoCoordinates\",\"latitude\":43.544074,\"longitude\":-5.665056},\"description\":\"Nos veremoss en el Puerto Deportivo de Gijon delante de las Letronas Rojas. Para identificarme, siempre llevo una gorra.\"},\"organizer\":{\"@type\":\"Person\",\"name\":\"Julian\",\"image\":\"https:\/\/media.guruwalk.com\/nzrwtoq49ibqdpllduud82y3t0jm\",\"url\":\"https:\/\/www.guruwalk.com\/es\/gurus\/26md9cqjic0w9vhdm9lq\"},\"performer\":{\"@type\":\"Person\",\"name\":\"Julian\",\"url\":\"https:\/\/www.guruwalk.com\/es\/gurus\/26md9cqjic0w9vhdm9lq\"},\"aggregateRating\":{\"@type\":\"AggregateRating\",\"ratingValue\":4.44,\"bestRating\":5,\"worstRating\":1,\"reviewCount\":229},\"image\":\"https:\/\/media.guruwalk.com\/qkgsq7nicn5yw2x1piwytrgk9ci0\",\"offers\":{\"@type\":\"Offer\",\"url\":\"https:\/\/www.guruwalk.com\/es\/walks\/38143-free-tour-descubre-gijon-y-sus-atractivos\",\"price\":0,\"priceCurrency\":\"EUR\",\"availability\":\"https:\/\/schema.org\/InStock\",\"validFrom\":\"2026-01-01\"}}}]}<\/script>\n\n\n<h2 class=\"wp-block-heading\" id=\"lugar\">Qu\u00e9 ver en un d\u00eda en Gij\u00f3n<\/h2>\n\n\n\n<figure class=\"wp-block-image size-large\"><img decoding=\"async\" width=\"1024\" height=\"768\" src=\"https:\/\/blog.guruwalk.com\/wp-content\/uploads\/2025\/04\/image-166-1024x768.webp\" alt=\"Puerto de Gij\u00f3n con barcos y edificios en el fondo\" class=\"wp-image-11118\" srcset=\"https:\/\/blog.guruwalk.com\/wp-content\/uploads\/2025\/04\/image-166-1024x768.webp 1024w, https:\/\/blog.guruwalk.com\/wp-content\/uploads\/2025\/04\/image-166-300x225.webp 300w, https:\/\/blog.guruwalk.com\/wp-content\/uploads\/2025\/04\/image-166-768x576.webp 768w, https:\/\/blog.guruwalk.com\/wp-content\/uploads\/2025\/04\/image-166.webp 1200w\" sizes=\"(max-width: 1024px) 100vw, 1024px\" \/><figcaption class=\"wp-element-caption\">Puerto de Gij\u00f3n con barcos y edificios al fondo<\/figcaption><\/figure>\n\n\n\n<p class=\"wp-block-paragraph\">Gij\u00f3n, un <strong>puerto<\/strong> con historia y cultura a orillas del Cant\u00e1brico, combina tradici\u00f3n y presente en distancias cortas. En un d\u00eda puedes enlazar playa, restos romanos, barrios marineros, arte p\u00fablico y el centro sin desplazamientos perif\u00e9ricos.<\/p>\n\n\n\n<h3 class=\"wp-block-heading\">Ma\u00f1ana en Gij\u00f3n<\/h3>\n\n\n\n<p class=\"wp-block-paragraph\">Empieza en la <a href=\"https:\/\/www.gijon.es\/es\/turismo\" rel=\"nofollow noreferrer noopener\" target=\"_blank\"><strong>Playa de San Lorenzo<\/strong><\/a> y recorre el Muro hacia Campo Vald\u00e9s. El paseo mar\u00edtimo permite mantener la ruta aunque la marea cubra buena parte de la arena. Visita la <a href=\"#iglesia-de-san-pedro\">Iglesia de San Pedro<\/a> y las <a href=\"#termas-romanas-campo-valdes\">Termas Romanas de Campo Vald\u00e9s<\/a> si est\u00e1n disponibles en tu fecha.<\/p>\n\n\n\n<p class=\"wp-block-paragraph\">Contin\u00faa por la Plaza Mayor, la Casa Natal de Jovellanos y el Palacio de Revillagigedo antes de entrar en <a href=\"#cimavilla\">Cimavilla<\/a>. Desde el barrio, sube al <a href=\"#cerro-de-sta-catalina\">Cerro de Santa Catalina<\/a>, donde se encuentra el <strong>Elogio del Horizonte<\/strong> de Eduardo Chillida, y desciende despu\u00e9s hacia el puerto.<\/p>\n\n\n\n<h3 class=\"wp-block-heading\">Tarde en Gij\u00f3n<\/h3>\n\n\n\n<p class=\"wp-block-paragraph\">Desde el <a href=\"#puerto-deportivo\">Puerto Deportivo<\/a>, contin\u00faa hacia el <a href=\"#museo-del-ferrocarril-de-asturias\">Museo del Ferrocarril de Asturias<\/a>. Ajusta la visita a la disponibilidad del museo; si no encaja, mant\u00e9n el recorrido exterior por las d\u00e1rsenas y el centro.<\/p>\n\n\n\n<p class=\"wp-block-paragraph\">Regresa por los ejes peatonales hasta el <a href=\"#paseo-de-begona\">Paseo de Bego\u00f1a<\/a>. El Museo Evaristo Valle, el Jard\u00edn Bot\u00e1nico Atl\u00e1ntico y el Parque de Isabel la Cat\u00f3lica quedan fuera de este circuito continuo: para incorporarlos conviene comprobar las conexiones vigentes de transporte p\u00fablico o utilizar taxi y reducir el n\u00famero de paradas del centro.<\/p>\n\n\n\n<p class=\"wp-block-paragraph\">Al atardecer, vuelve al <a href=\"#puerto-deportivo\">Puerto Deportivo<\/a> para pasear junto a las d\u00e1rsenas y tomar una sidra.<\/p>\n\n\n\n<h2 class=\"wp-block-heading\" id=\"playa-de-san-lorenzo\">Playa de San Lorenzo<\/h2>\n\n\n\n<figure class=\"wp-block-image size-large\"><img decoding=\"async\" width=\"1024\" height=\"683\" src=\"https:\/\/blog.guruwalk.com\/wp-content\/uploads\/2025\/04\/image-167-1024x683.webp\" alt=\"Playa de San Lorenzo desde el Muro de Gij\u00f3n en marea media\" class=\"wp-image-11126\" srcset=\"https:\/\/blog.guruwalk.com\/wp-content\/uploads\/2025\/04\/image-167-1024x683.webp 1024w, https:\/\/blog.guruwalk.com\/wp-content\/uploads\/2025\/04\/image-167-300x200.webp 300w, https:\/\/blog.guruwalk.com\/wp-content\/uploads\/2025\/04\/image-167-768x512.webp 768w, https:\/\/blog.guruwalk.com\/wp-content\/uploads\/2025\/04\/image-167.webp 1200w\" sizes=\"(max-width: 1024px) 100vw, 1024px\" \/><figcaption class=\"wp-element-caption\">Playa de San Lorenzo y la iglesia de San Pedro en Gij\u00f3n<\/figcaption><\/figure>\n\n\n\n<p class=\"wp-block-paragraph\">La <strong>Playa de San Lorenzo<\/strong> es la gran playa urbana de Gij\u00f3n: <strong>1,5&nbsp;km<\/strong> de arena dorada y oleaje atl\u00e1ntico, con paseo mar\u00edtimo continuo y servicios de temporada.<\/p>\n\n\n\n<h2 class=\"wp-block-heading\" id=\"jardin-botanico-atlantico\">Jard\u00edn Bot\u00e1nico Atl\u00e1ntico<\/h2>\n\n\n\n<figure class=\"wp-block-image size-large\"><img decoding=\"async\" width=\"1024\" height=\"576\" src=\"https:\/\/blog.guruwalk.com\/wp-content\/uploads\/2025\/04\/image-168-1024x576.webp\" alt=\"Sendero y estanque en el Jard\u00edn Bot\u00e1nico Atl\u00e1ntico de Gij\u00f3n\" class=\"wp-image-11134\" srcset=\"https:\/\/blog.guruwalk.com\/wp-content\/uploads\/2025\/04\/image-168-1024x576.webp 1024w, https:\/\/blog.guruwalk.com\/wp-content\/uploads\/2025\/04\/image-168-300x169.webp 300w, https:\/\/blog.guruwalk.com\/wp-content\/uploads\/2025\/04\/image-168-768x432.webp 768w, https:\/\/blog.guruwalk.com\/wp-content\/uploads\/2025\/04\/image-168.webp 1200w\" sizes=\"(max-width: 1024px) 100vw, 1024px\" \/><figcaption class=\"wp-element-caption\">Senderos del Jard\u00edn Bot\u00e1nico Atl\u00e1ntico de Gij\u00f3n<\/figcaption><\/figure>\n\n\n\n<p class=\"wp-block-paragraph\">El <a href=\"https:\/\/jardinbotanico.gijon.es\/\" rel=\"nofollow noreferrer noopener\" target=\"_blank\"><strong>Jard\u00edn Bot\u00e1nico Atl\u00e1ntico<\/strong><\/a> re\u00fane en unas <strong>25&nbsp;ha<\/strong> m\u00e1s de <strong>1.700 especies<\/strong>. Sus \u00e1reas principales son el <em>Entorno Cant\u00e1brico<\/em>, la <em>Factor\u00eda Vegetal<\/em>, el <em>Itinerario Atl\u00e1ntico<\/em> y la <em>Carbayera del Tragam\u00f3n<\/em>.<\/p>\n\n\n\n<blockquote class=\"wp-block-quote is-layout-flow wp-block-quote-is-layout-flow\">\n<p class=\"wp-block-paragraph\">Consulta la disponibilidad, las tarifas y los horarios actualizados antes de desplazarte. El recinto cuenta con conexiones de transporte urbano que pueden variar seg\u00fan la fecha.<\/p>\n<\/blockquote>\n\n\n\n<h2 class=\"wp-block-heading\" id=\"museo-del-ferrocarril-de-asturias\">Museo del Ferrocarril de Asturias<\/h2>\n\n\n\n<figure class=\"wp-block-image size-large\"><img decoding=\"async\" width=\"1024\" height=\"768\" src=\"https:\/\/blog.guruwalk.com\/wp-content\/uploads\/2025\/04\/image-169-1024x768.webp\" alt=\"Locomotora en la antigua Estaci\u00f3n del Norte, hoy Museo del Ferrocarril de Asturias\" class=\"wp-image-11142\" srcset=\"https:\/\/blog.guruwalk.com\/wp-content\/uploads\/2025\/04\/image-169-1024x768.webp 1024w, https:\/\/blog.guruwalk.com\/wp-content\/uploads\/2025\/04\/image-169-300x225.webp 300w, https:\/\/blog.guruwalk.com\/wp-content\/uploads\/2025\/04\/image-169-768x576.webp 768w, https:\/\/blog.guruwalk.com\/wp-content\/uploads\/2025\/04\/image-169.webp 1200w\" sizes=\"(max-width: 1024px) 100vw, 1024px\" \/><figcaption class=\"wp-element-caption\">Museo del Ferrocarril de Asturias en la antigua Estaci\u00f3n del Norte<\/figcaption><\/figure>\n\n\n\n<p class=\"wp-block-paragraph\">El <strong>Museo del Ferrocarril de Asturias<\/strong> ocupa la <strong>antigua Estaci\u00f3n del Norte<\/strong> (1874). Re\u00fane locomotoras, coches y material hist\u00f3rico que explican el papel del tren en la industrializaci\u00f3n asturiana.<\/p>\n\n\n\n<blockquote class=\"wp-block-quote is-layout-flow wp-block-quote-is-layout-flow\">\n<p class=\"wp-block-paragraph\">Consulta los horarios por temporada y la programaci\u00f3n de las \u201cJornadas del Vapor\u201d antes de organizar la visita.<\/p>\n<\/blockquote>\n\n\n\n<h2 class=\"wp-block-heading\" id=\"cerro-de-sta-catalina\">Cerro de Sta. Catalina<\/h2>\n\n\n\n<figure class=\"wp-block-image size-large\"><img decoding=\"async\" width=\"1024\" height=\"576\" src=\"https:\/\/blog.guruwalk.com\/wp-content\/uploads\/2025\/04\/image-170-1024x576.webp\" alt=\"Elogio del Horizonte sobre el Cerro de Santa Catalina, Gij\u00f3n\" class=\"wp-image-11150\" srcset=\"https:\/\/blog.guruwalk.com\/wp-content\/uploads\/2025\/04\/image-170-1024x576.webp 1024w, https:\/\/blog.guruwalk.com\/wp-content\/uploads\/2025\/04\/image-170-300x169.webp 300w, https:\/\/blog.guruwalk.com\/wp-content\/uploads\/2025\/04\/image-170-768x432.webp 768w, https:\/\/blog.guruwalk.com\/wp-content\/uploads\/2025\/04\/image-170.webp 1200w\" sizes=\"(max-width: 1024px) 100vw, 1024px\" \/><figcaption class=\"wp-element-caption\">Elogio del Horizonte sobre el Cerro de Santa Catalina en Gij\u00f3n<\/figcaption><\/figure>\n\n\n\n<p class=\"wp-block-paragraph\">El <strong>Cerro de Santa Catalina<\/strong> es uno de los balcones naturales de Gij\u00f3n. En su cima se alza el <strong>Elogio del Horizonte<\/strong> (1990), de Eduardo Chillida.<\/p>\n\n\n\n<h2 class=\"wp-block-heading\" id=\"puerto-deportivo\">Puerto Deportivo<\/h2>\n\n\n\n<figure class=\"wp-block-image size-large\"><img decoding=\"async\" width=\"1024\" height=\"683\" src=\"https:\/\/blog.guruwalk.com\/wp-content\/uploads\/2025\/04\/image-171-1024x683.webp\" alt=\"Puerto Deportivo de Gij\u00f3n con pantalanes y cascos hist\u00f3ricos al fondo\" class=\"wp-image-11158\" srcset=\"https:\/\/blog.guruwalk.com\/wp-content\/uploads\/2025\/04\/image-171-1024x683.webp 1024w, https:\/\/blog.guruwalk.com\/wp-content\/uploads\/2025\/04\/image-171-300x200.webp 300w, https:\/\/blog.guruwalk.com\/wp-content\/uploads\/2025\/04\/image-171-768x512.webp 768w, https:\/\/blog.guruwalk.com\/wp-content\/uploads\/2025\/04\/image-171.webp 1200w\" sizes=\"(max-width: 1024px) 100vw, 1024px\" \/><figcaption class=\"wp-element-caption\">Pantalanes del Puerto Deportivo de Gij\u00f3n<\/figcaption><\/figure>\n\n\n\n<p class=\"wp-block-paragraph\">El <strong>Puerto Deportivo<\/strong> concentra la n\u00e1utica recreativa local, con <strong>m\u00e1s de 600 amarres<\/strong> y servicios para tripulaciones. Es una zona agradable para pasear y cenar frente al agua.<\/p>\n\n\n<div class=\"gw-products-block\" style=\"--gw-nav-width:30px; --gw-nav-height:30px; --gw-chevron-w:15px; --gw-chevron-h:15px; --gw-circle-color:#0a5bd9; --gw-chevron-color:#0a5bd9;\"><div class=\"gw-products-carousel\" aria-live=\"polite\"><article class=\"gw-card\"><div class=\"gw-card__image\"><img decoding=\"async\" class=\"gw-card__photo\" src=\"https:\/\/blog.guruwalk.com\/wp-content\/uploads\/gw-products\/images\/1b810c0fa52c5a49fe644a31501ff5db.webp\" alt=\"Paseo en lancha r\u00e1pida por la costa de Gij\u00f3n\" loading=\"lazy\" \/><div class=\"gw-flags\" aria-label=\"Idiomas disponibles\"><span class=\"gw-flag\" title=\"ES\"><img decoding=\"async\" class=\"gw-flag-img\" src=\"https:\/\/blog.guruwalk.com\/wp-content\/uploads\/gw-products\/flags\/es.svg\" alt=\"ES\" loading=\"lazy\" width=\"22\" height=\"16\" \/><\/span><\/div><\/div><div class=\"gw-card__body\"><h3 class=\"gw-card__title\">Paseo en lancha r\u00e1pida por la costa de Gij\u00f3n<\/h3><div class=\"gw-card__footer\"><div class=\"gw-card__meta\"><div class=\"gw-rating\" aria-label=\"Valoraci\u00f3n 4.5 de 5\"><span class=\"gw-star gw-star--full\" aria-hidden=\"true\">\u2605<\/span><span class=\"gw-star gw-star--full\" aria-hidden=\"true\">\u2605<\/span><span class=\"gw-star gw-star--full\" aria-hidden=\"true\">\u2605<\/span><span class=\"gw-star gw-star--full\" aria-hidden=\"true\">\u2605<\/span><span class=\"gw-star gw-star--half\" aria-hidden=\"true\">\u2606<\/span><span class=\"gw-rating__count\">4,5 (192)<\/span><\/div><\/div><div class=\"gw-card__price\">Desde \u20ac20,00<\/div><\/div><\/div><a class=\"gw-card__link\" href=\"https:\/\/www.guruwalk.com\/es\/walks\/p76241-paseo-en-lancha-rapida-por-la-costa-de-gijon\" target=\"_blank\" rel=\"noopener\" aria-label=\"Paseo en lancha r\u00e1pida por la costa de Gij\u00f3n\"><\/a><\/article><article class=\"gw-card\"><div class=\"gw-card__image\"><img decoding=\"async\" class=\"gw-card__photo\" src=\"https:\/\/blog.guruwalk.com\/wp-content\/uploads\/gw-products\/images\/b5656ede41d7bbba0bd63e3149a7d595.webp\" alt=\"Tour en kayak por Gij\u00f3n\" loading=\"lazy\" \/><div class=\"gw-flags\" aria-label=\"Idiomas disponibles\"><span class=\"gw-flag\" title=\"ES\"><img decoding=\"async\" class=\"gw-flag-img\" src=\"https:\/\/blog.guruwalk.com\/wp-content\/uploads\/gw-products\/flags\/es.svg\" alt=\"ES\" loading=\"lazy\" width=\"22\" height=\"16\" \/><\/span><\/div><\/div><div class=\"gw-card__body\"><h3 class=\"gw-card__title\">Tour en kayak por Gij\u00f3n<\/h3><div class=\"gw-card__footer\"><div class=\"gw-card__price\">Desde \u20ac22,00<\/div><\/div><\/div><a class=\"gw-card__link\" href=\"https:\/\/www.guruwalk.com\/es\/walks\/p180519-tour-en-kayak-por-gijon\" target=\"_blank\" rel=\"noopener\" aria-label=\"Tour en kayak por Gij\u00f3n\"><\/a><\/article><\/div><\/div>\n\n\n<h2 class=\"wp-block-heading\" id=\"museo-evaristo-valle\">Museo Evaristo Valle<\/h2>\n\n\n\n<figure class=\"wp-block-image size-large\"><img decoding=\"async\" width=\"1024\" height=\"795\" src=\"https:\/\/blog.guruwalk.com\/wp-content\/uploads\/2025\/04\/image-172-1024x795.webp\" alt=\"Sala del Museo Evaristo Valle y jardines exteriores en Somi\u00f3, Gij\u00f3n\" class=\"wp-image-11166\" srcset=\"https:\/\/blog.guruwalk.com\/wp-content\/uploads\/2025\/04\/image-172-1024x795.webp 1024w, https:\/\/blog.guruwalk.com\/wp-content\/uploads\/2025\/04\/image-172-300x233.webp 300w, https:\/\/blog.guruwalk.com\/wp-content\/uploads\/2025\/04\/image-172-768x596.webp 768w, https:\/\/blog.guruwalk.com\/wp-content\/uploads\/2025\/04\/image-172.webp 1200w\" sizes=\"(max-width: 1024px) 100vw, 1024px\" \/><figcaption class=\"wp-element-caption\">Museo Evaristo Valle y sus jardines en Somi\u00f3, Gij\u00f3n<\/figcaption><\/figure>\n\n\n\n<p class=\"wp-block-paragraph\">El <a href=\"https:\/\/museoevaristovalle.com\/\" rel=\"nofollow noreferrer noopener\" target=\"_blank\"><strong>Museo Evaristo Valle<\/strong><\/a> est\u00e1 dedicado al pintor gijon\u00e9s (1873\u20131951). En una villa rodeada de jardines, expone obra propia y acoge muestras temporales.<\/p>\n\n\n\n<blockquote class=\"wp-block-quote is-layout-flow wp-block-quote-is-layout-flow\">\n<p class=\"wp-block-paragraph\">Los horarios y las tarifas var\u00edan seg\u00fan la temporada y la programaci\u00f3n. Consulta la disponibilidad actual antes de desplazarte hasta Somi\u00f3.<\/p>\n<\/blockquote>\n\n\n\n<h2 class=\"wp-block-heading\" id=\"termas-romanas-campo-valdes\">Termas Romanas de Campo Vald\u00e9s<\/h2>\n\n\n\n<figure class=\"wp-block-image size-large\"><img decoding=\"async\" width=\"1024\" height=\"768\" src=\"https:\/\/blog.guruwalk.com\/wp-content\/uploads\/2025\/04\/image-173-1024x768.webp\" alt=\"Pasarela interior sobre las salas termales en las Termas Romanas de Campo Vald\u00e9s\" class=\"wp-image-11174\" srcset=\"https:\/\/blog.guruwalk.com\/wp-content\/uploads\/2025\/04\/image-173-1024x768.webp 1024w, https:\/\/blog.guruwalk.com\/wp-content\/uploads\/2025\/04\/image-173-300x225.webp 300w, https:\/\/blog.guruwalk.com\/wp-content\/uploads\/2025\/04\/image-173-768x576.webp 768w, https:\/\/blog.guruwalk.com\/wp-content\/uploads\/2025\/04\/image-173.webp 1200w\" sizes=\"(max-width: 1024px) 100vw, 1024px\" \/><figcaption class=\"wp-element-caption\">Pasarela interior de las Termas Romanas de Campo Vald\u00e9s en Gij\u00f3n<\/figcaption><\/figure>\n\n\n\n<p class=\"wp-block-paragraph\">Las <strong>Termas Romanas de Campo Vald\u00e9s<\/strong> (s. I d. C.) muestran salas fr\u00edas, templadas y calientes con hipocausto. Se descubrieron en <strong>1903<\/strong> durante obras de alcantarillado.<\/p>\n\n\n\n<blockquote class=\"wp-block-quote is-layout-flow wp-block-quote-is-layout-flow\">\n<p class=\"wp-block-paragraph\">Consulta la disponibilidad y los horarios vigentes, especialmente en festivos locales, antes de incorporarlas al itinerario.<\/p>\n<\/blockquote>\n\n\n\n<h2 class=\"wp-block-heading\" id=\"plaza-mayor\">Plaza Mayor<\/h2>\n\n\n\n<figure class=\"wp-block-image size-large\"><img decoding=\"async\" width=\"1024\" height=\"776\" src=\"https:\/\/blog.guruwalk.com\/wp-content\/uploads\/2025\/04\/image-174-1024x776.webp\" alt=\"Plaza Mayor de Gij\u00f3n con soportales y ambiente local\" class=\"wp-image-11182\" srcset=\"https:\/\/blog.guruwalk.com\/wp-content\/uploads\/2025\/04\/image-174-1024x776.webp 1024w, https:\/\/blog.guruwalk.com\/wp-content\/uploads\/2025\/04\/image-174-300x227.webp 300w, https:\/\/blog.guruwalk.com\/wp-content\/uploads\/2025\/04\/image-174-768x582.webp 768w, https:\/\/blog.guruwalk.com\/wp-content\/uploads\/2025\/04\/image-174.webp 1200w\" sizes=\"(max-width: 1024px) 100vw, 1024px\" \/><figcaption class=\"wp-element-caption\">Soportales y edificios de la Plaza Mayor de Gij\u00f3n<\/figcaption><\/figure>\n\n\n\n<p class=\"wp-block-paragraph\">La <strong>Plaza Mayor<\/strong> concentra ayuntamiento, terrazas y actividad cultural. Es un buen punto para orientarse entre el puerto, Cimavilla y los ejes comerciales.<\/p>\n\n\n\n<h2 class=\"wp-block-heading\" id=\"parque-de-isabel-la-catolica\">Parque de Isabel la Cat\u00f3lica<\/h2>\n\n\n\n<figure class=\"wp-block-image size-large\"><img decoding=\"async\" width=\"1024\" height=\"768\" src=\"https:\/\/blog.guruwalk.com\/wp-content\/uploads\/2025\/04\/image-175-1024x768.webp\" alt=\"Lago principal y arbolado en el Parque de Isabel la Cat\u00f3lica, Gij\u00f3n\" class=\"wp-image-11190\" srcset=\"https:\/\/blog.guruwalk.com\/wp-content\/uploads\/2025\/04\/image-175-1024x768.webp 1024w, https:\/\/blog.guruwalk.com\/wp-content\/uploads\/2025\/04\/image-175-300x225.webp 300w, https:\/\/blog.guruwalk.com\/wp-content\/uploads\/2025\/04\/image-175-768x576.webp 768w, https:\/\/blog.guruwalk.com\/wp-content\/uploads\/2025\/04\/image-175.webp 1200w\" sizes=\"(max-width: 1024px) 100vw, 1024px\" \/><figcaption class=\"wp-element-caption\">Lago y arbolado del Parque de Isabel la Cat\u00f3lica en Gij\u00f3n<\/figcaption><\/figure>\n\n\n\n<p class=\"wp-block-paragraph\">Con <strong>151.857&nbsp;m\u00b2<\/strong>, es uno de los grandes parques urbanos de Gij\u00f3n: lago, aviario y paseos arbolados cerca del estadio de El Molin\u00f3n y del recinto ferial.<\/p>\n\n\n\n<h2 class=\"wp-block-heading\" id=\"iglesia-de-san-pedro\">Iglesia de San Pedro<\/h2>\n\n\n\n<figure class=\"wp-block-image size-large\"><img decoding=\"async\" width=\"1024\" height=\"478\" src=\"https:\/\/blog.guruwalk.com\/wp-content\/uploads\/2025\/04\/image-176-1024x478.webp\" alt=\"Iglesia de San Pedro en el Campo Vald\u00e9s, junto a la playa de San Lorenzo\" class=\"wp-image-11198\" srcset=\"https:\/\/blog.guruwalk.com\/wp-content\/uploads\/2025\/04\/image-176-1024x478.webp 1024w, https:\/\/blog.guruwalk.com\/wp-content\/uploads\/2025\/04\/image-176-300x140.webp 300w, https:\/\/blog.guruwalk.com\/wp-content\/uploads\/2025\/04\/image-176-768x358.webp 768w, https:\/\/blog.guruwalk.com\/wp-content\/uploads\/2025\/04\/image-176.webp 1200w\" sizes=\"(max-width: 1024px) 100vw, 1024px\" \/><figcaption class=\"wp-element-caption\">Iglesia de San Pedro junto a la playa de San Lorenzo en Gij\u00f3n<\/figcaption><\/figure>\n\n\n\n<p class=\"wp-block-paragraph\">La <strong>Iglesia de San Pedro<\/strong>, en Campo Vald\u00e9s, es un hito costero. El templo actual se <strong>reconstruy\u00f3 entre 1945 y 1955<\/strong> por los hermanos Somolinos, en estilo <strong>historicista<\/strong> inspirado en el rom\u00e1nico y el prerrom\u00e1nico asturiano.<\/p>\n\n\n\n<h2 class=\"wp-block-heading\" id=\"paseo-de-begona\">Paseo de Bego\u00f1a<\/h2>\n\n\n\n<figure class=\"wp-block-image size-large\"><img decoding=\"async\" width=\"1024\" height=\"768\" src=\"https:\/\/blog.guruwalk.com\/wp-content\/uploads\/2025\/04\/image-177-1024x768.webp\" alt=\"Paseo de Bego\u00f1a con arbolado, bancos y el Teatro Jovellanos cercano\" class=\"wp-image-11206\" srcset=\"https:\/\/blog.guruwalk.com\/wp-content\/uploads\/2025\/04\/image-177-1024x768.webp 1024w, https:\/\/blog.guruwalk.com\/wp-content\/uploads\/2025\/04\/image-177-300x225.webp 300w, https:\/\/blog.guruwalk.com\/wp-content\/uploads\/2025\/04\/image-177-768x576.webp 768w, https:\/\/blog.guruwalk.com\/wp-content\/uploads\/2025\/04\/image-177.webp 1200w\" sizes=\"(max-width: 1024px) 100vw, 1024px\" \/><figcaption class=\"wp-element-caption\">Paseo de Bego\u00f1a y su arbolado en el centro de Gij\u00f3n<\/figcaption><\/figure>\n\n\n\n<p class=\"wp-block-paragraph\">El <strong>Paseo de Bego\u00f1a<\/strong> es un bulevar peatonal c\u00e9ntrico de unos <strong>315&nbsp;m<\/strong>, con zonas ajardinadas y templete. A un lado se alzan el <strong>Teatro Jovellanos<\/strong> y el hist\u00f3rico <strong>Caf\u00e9 Dindurra<\/strong>.<\/p>\n\n\n\n<h2 class=\"wp-block-heading\" id=\"cimavilla\">Cimavilla<\/h2>\n\n\n\n<figure class=\"wp-block-image size-large\"><img decoding=\"async\" width=\"1024\" height=\"575\" src=\"https:\/\/blog.guruwalk.com\/wp-content\/uploads\/2025\/04\/image-178-1024x575.webp\" alt=\"Calle empedrada y fachadas de colores en Cimavilla, Gij\u00f3n\" class=\"wp-image-11214\" srcset=\"https:\/\/blog.guruwalk.com\/wp-content\/uploads\/2025\/04\/image-178-1024x575.webp 1024w, https:\/\/blog.guruwalk.com\/wp-content\/uploads\/2025\/04\/image-178-300x169.webp 300w, https:\/\/blog.guruwalk.com\/wp-content\/uploads\/2025\/04\/image-178-768x431.webp 768w, https:\/\/blog.guruwalk.com\/wp-content\/uploads\/2025\/04\/image-178.webp 1200w\" sizes=\"(max-width: 1024px) 100vw, 1024px\" \/><figcaption class=\"wp-element-caption\">Calle y fachadas de Cimavilla, el barrio hist\u00f3rico de Gij\u00f3n<\/figcaption><\/figure>\n\n\n\n<p class=\"wp-block-paragraph\"><strong>Cimavilla<\/strong>, el barrio m\u00e1s antiguo, se encarama entre el puerto y San Lorenzo. Sus calles, plazas y miradores explican su origen marinero y comercial.<\/p>\n\n\n\n<h2 class=\"wp-block-heading\" id=\"que-ver-si-tienes-mas-tiempo\">Qu\u00e9 ver si tienes m\u00e1s tiempo<\/h2>\n\n\n\n<p class=\"wp-block-paragraph\">Fuera del circuito peatonal central puedes reservar otra franja del viaje para Laboral Ciudad de la Cultura y el Museo del Pueblo de Asturias. Comprueba su disponibilidad y las conexiones de transporte antes de combinarlos con el Jard\u00edn Bot\u00e1nico o el Museo Evaristo Valle.<\/p>\n\n\n\n<p class=\"wp-block-paragraph\">Tambi\u00e9n puedes consultar los <a href=\"https:\/\/www.guruwalk.com\/es\/a\/gijon\" target=\"_blank\" rel=\"noopener\">tours y actividades en Gij\u00f3n<\/a>. Para la visita que incluye La Laboral, revisa el punto de salida y la duraci\u00f3n mostrados en la actividad antes de integrarla en tu planificaci\u00f3n.<\/p>\n\n\n<div class=\"gw-products-block\" style=\"--gw-nav-width:30px; --gw-nav-height:30px; --gw-chevron-w:15px; --gw-chevron-h:15px; --gw-circle-color:#0a5bd9; --gw-chevron-color:#0a5bd9;\"><div class=\"gw-products-carousel\" aria-live=\"polite\"><article class=\"gw-card\"><div class=\"gw-card__image\"><img decoding=\"async\" class=\"gw-card__photo\" src=\"https:\/\/blog.guruwalk.com\/wp-content\/uploads\/gw-products\/images\/0de0918173ad0219ba32f8ce8148a561.webp\" alt=\"Visita guiada a Gij\u00f3n y La Laboral desde Oviedo\" loading=\"lazy\" \/><div class=\"gw-flags\" aria-label=\"Idiomas disponibles\"><span class=\"gw-flag\" title=\"EN\"><img decoding=\"async\" class=\"gw-flag-img\" src=\"https:\/\/blog.guruwalk.com\/wp-content\/uploads\/gw-products\/flags\/gb.svg\" alt=\"EN\" loading=\"lazy\" width=\"22\" height=\"16\" \/><\/span><span class=\"gw-flag\" title=\"ES\"><img decoding=\"async\" class=\"gw-flag-img\" src=\"https:\/\/blog.guruwalk.com\/wp-content\/uploads\/gw-products\/flags\/es.svg\" alt=\"ES\" loading=\"lazy\" width=\"22\" height=\"16\" \/><\/span><\/div><\/div><div class=\"gw-card__body\"><h3 class=\"gw-card__title\">Visita guiada a Gij\u00f3n y La Laboral desde Oviedo<\/h3><div class=\"gw-card__footer\"><div class=\"gw-card__price\">Desde \u20ac65,00<\/div><\/div><\/div><a class=\"gw-card__link\" href=\"https:\/\/www.guruwalk.com\/es\/walks\/p113277-visita-guiada-a-gijon-y-la-laboral-desde-oviedo\" target=\"_blank\" rel=\"noopener\" aria-label=\"Visita guiada a Gij\u00f3n y La Laboral desde Oviedo\"><\/a><\/article><\/div><\/div>\n\n\n<section id=\"faq-gijon\" class=\"faq\">\n  <h2 id=\"preguntas-frecuentes-sobre-gijon\">Preguntas frecuentes sobre Gij\u00f3n<\/h2>\n\n  <div class=\"faq-item\">\n    <h3>\u00bfQu\u00e9 lugares tur\u00edsticos destacan en Gij\u00f3n?<\/h3>\n    <div class=\"faq-answer\">\n      <p>Entre los principales lugares de Gij\u00f3n est\u00e1n la <a href=\"#playa-de-san-lorenzo\">Playa de San Lorenzo<\/a>, el <a href=\"#cerro-de-sta-catalina\">Cerro de Santa Catalina<\/a>, <a href=\"#cimavilla\">Cimavilla<\/a>, el <a href=\"#museo-evaristo-valle\">Museo Evaristo Valle<\/a> y el <a href=\"#museo-del-ferrocarril-de-asturias\">Museo del Ferrocarril de Asturias<\/a>.<\/p>\n    <\/div>\n  <\/div>\n\n  <div class=\"faq-item\">\n    <h3>\u00bfCu\u00e1les son los mejores espacios verdes en Gij\u00f3n?<\/h3>\n    <div class=\"faq-answer\">\n      <p>El <a href=\"#parque-de-isabel-la-catolica\">Parque de Isabel la Cat\u00f3lica<\/a> ofrece lago y paseos arbolados. El <a href=\"#jardin-botanico-atlantico\">Jard\u00edn Bot\u00e1nico Atl\u00e1ntico<\/a> re\u00fane colecciones de flora atl\u00e1ntica y requiere un desplazamiento fuera del recorrido central.<\/p>\n    <\/div>\n  <\/div>\n\n  <div class=\"faq-item\">\n    <h3>\u00bfD\u00f3nde puedo conocer la cultura de Gij\u00f3n?<\/h3>\n    <div class=\"faq-answer\">\n      <p>Adem\u00e1s de la <a href=\"#plaza-mayor\">Plaza Mayor<\/a>, destacan el <strong>Teatro Jovellanos<\/strong>, la Casa Natal de Jovellanos, el Palacio de Revillagigedo y los museos municipales. Consulta la disponibilidad de cada espacio.<\/p>\n    <\/div>\n  <\/div>\n\n  <div class=\"faq-item\">\n    <h3>\u00bfQu\u00e9 actividades puedo hacer en la costa gijonesa?<\/h3>\n    <div class=\"faq-answer\">\n      <p>La costa permite recorrer el Muro de la <a href=\"#playa-de-san-lorenzo\">Playa de San Lorenzo<\/a>, practicar actividades acu\u00e1ticas seg\u00fan las condiciones y pasear por el <a href=\"#puerto-deportivo\">Puerto Deportivo<\/a>.<\/p>\n    <\/div>\n  <\/div>\n\n  <div class=\"faq-item\">\n    <h3>\u00bfQu\u00e9 platos t\u00edpicos puedo probar en Gij\u00f3n?<\/h3>\n    <div class=\"faq-answer\">\n      <p>Entre las especialidades asturianas est\u00e1n la fabada, el cachopo y los quesos de la regi\u00f3n, acompa\u00f1ados de sidra natural en una sidrer\u00eda.<\/p>\n    <\/div>\n  <\/div>\n\n<\/section>\n\n<!-- JSON-LD FAQ Schema -->\n<script type=\"application\/ld+json\">\n{\n  \"@context\": \"https:\/\/schema.org\",\n  \"@type\": \"FAQPage\",\n  \"mainEntity\": [\n    {\n      \"@type\": \"Question\",\n      \"name\": \"\u00bfQu\u00e9 lugares tur\u00edsticos destacan en Gij\u00f3n?\",\n      \"acceptedAnswer\": {\n        \"@type\": \"Answer\",\n        \"text\": \"Entre los principales lugares de Gij\u00f3n est\u00e1n la Playa de San Lorenzo, el Cerro de Santa Catalina, Cimavilla, el Museo Evaristo Valle y el Museo del Ferrocarril de Asturias.\"\n      }\n    },\n    {\n      \"@type\": \"Question\",\n      \"name\": \"\u00bfCu\u00e1les son los mejores espacios verdes en Gij\u00f3n?\",\n      \"acceptedAnswer\": {\n        \"@type\": \"Answer\",\n        \"text\": \"El Parque de Isabel la Cat\u00f3lica ofrece lago y paseos arbolados. El Jard\u00edn Bot\u00e1nico Atl\u00e1ntico re\u00fane colecciones de flora atl\u00e1ntica y requiere un desplazamiento fuera del recorrido central.\"\n      }\n    },\n    {\n      \"@type\": \"Question\",\n      \"name\": \"\u00bfD\u00f3nde puedo conocer la cultura de Gij\u00f3n?\",\n      \"acceptedAnswer\": {\n        \"@type\": \"Answer\",\n        \"text\": \"Adem\u00e1s de la Plaza Mayor, destacan el Teatro Jovellanos, la Casa Natal de Jovellanos, el Palacio de Revillagigedo y los museos municipales. Consulta la disponibilidad de cada espacio.\"\n      }\n    },\n    {\n      \"@type\": \"Question\",\n      \"name\": \"\u00bfQu\u00e9 actividades puedo hacer en la costa gijonesa?\",\n      \"acceptedAnswer\": {\n        \"@type\": \"Answer\",\n        \"text\": \"La costa permite recorrer el Muro de la Playa de San Lorenzo, practicar actividades acu\u00e1ticas seg\u00fan las condiciones y pasear por el Puerto Deportivo.\"\n      }\n    },\n    {\n      \"@type\": \"Question\",\n      \"name\": \"\u00bfQu\u00e9 platos t\u00edpicos puedo probar en Gij\u00f3n?\",\n      \"acceptedAnswer\": {\n        \"@type\": \"Answer\",\n        \"text\": \"Entre las especialidades asturianas est\u00e1n la fabada, el cachopo y los quesos de la regi\u00f3n, acompa\u00f1ados de sidra natural en una sidrer\u00eda.\"\n      }\n    }\n  ]\n}\n<\/script>\n\n","protected":false},"excerpt":{"rendered":"<p>Un recorrido a pie por Gij\u00f3n enlaza San Lorenzo, Cimavilla, el Cerro de Santa Catalina, el puerto y los principales restos romanos.<\/p>\n","protected":false},"author":2,"featured_media":18587,"comment_status":"closed","ping_status":"open","sticky":false,"template":"","format":"standard","meta":{"footnotes":""},"categories":[102,82,294],"tags":[460,359,376,362],"class_list":["post-11117","post","type-post","status-publish","format-standard","has-post-thumbnail","hentry","category-espana","category-europa","category-gijon-es","tag-guias-2","tag-que-ver","tag-tier-fijo","tag-tier-1","generate-columns","tablet-grid-50","mobile-grid-100","grid-parent","grid-33"],"_links":{"self":[{"href":"https:\/\/blog.guruwalk.com\/es\/wp-json\/wp\/v2\/posts\/11117","targetHints":{"allow":["GET"]}}],"collection":[{"href":"https:\/\/blog.guruwalk.com\/es\/wp-json\/wp\/v2\/posts"}],"about":[{"href":"https:\/\/blog.guruwalk.com\/es\/wp-json\/wp\/v2\/types\/post"}],"author":[{"embeddable":true,"href":"https:\/\/blog.guruwalk.com\/es\/wp-json\/wp\/v2\/users\/2"}],"replies":[{"embeddable":true,"href":"https:\/\/blog.guruwalk.com\/es\/wp-json\/wp\/v2\/comments?post=11117"}],"version-history":[{"count":9,"href":"https:\/\/blog.guruwalk.com\/es\/wp-json\/wp\/v2\/posts\/11117\/revisions"}],"predecessor-version":[{"id":46884,"href":"https:\/\/blog.guruwalk.com\/es\/wp-json\/wp\/v2\/posts\/11117\/revisions\/46884"}],"wp:featuredmedia":[{"embeddable":true,"href":"https:\/\/blog.guruwalk.com\/es\/wp-json\/wp\/v2\/media\/18587"}],"wp:attachment":[{"href":"https:\/\/blog.guruwalk.com\/es\/wp-json\/wp\/v2\/media?parent=11117"}],"wp:term":[{"taxonomy":"category","embeddable":true,"href":"https:\/\/blog.guruwalk.com\/es\/wp-json\/wp\/v2\/categories?post=11117"},{"taxonomy":"post_tag","embeddable":true,"href":"https:\/\/blog.guruwalk.com\/es\/wp-json\/wp\/v2\/tags?post=11117"}],"curies":[{"name":"wp","href":"https:\/\/api.w.org\/{rel}","templated":true}]}}