{"id":11845,"date":"2025-12-10T10:07:59","date_gmt":"2025-12-10T09:07:59","guid":{"rendered":"https:\/\/blog.guruwalk.com\/?p=11845"},"modified":"2026-08-27T13:06:48","modified_gmt":"2026-08-27T12:06:48","slug":"que-ver-en-marrakech","status":"publish","type":"post","link":"https:\/\/blog.guruwalk.com\/es\/que-ver-en-marrakech\/","title":{"rendered":"Qu\u00e9 ver en Marrakech"},"content":{"rendered":"\n<p class=\"wp-block-paragraph\">\u00bfQu\u00e9 ver en Marrakech? Para una primera visita de tres d\u00edas, conviene priorizar Jemaa el-Fna, los zocos, la Koutoubia, el Palacio Bah\u00eda, la Medersa Ben Youssef y los jardines Majorelle. Esta gu\u00eda re\u00fane informaci\u00f3n pr\u00e1ctica para organizar el recorrido y propone comenzar con un <a href=\"https:\/\/www.guruwalk.com\/es\/marrakech\" target=\"_blank\" rel=\"noopener\">free tour en Marrakech<\/a> para orientarse por la medina.<\/p>\n\n\n<p style=\"font-size:0.85em;color:#666;border-left:3px solid #ddd;padding:4px 0 4px 12px;margin:12px 0\"><strong>Datos verificados: agosto 2026<\/strong> \u2014 Precios, horarios y requisitos de reserva comprobados con fuentes oficiales. Los gurus de GuruWalk en Marrakech revisaron las recomendaciones pr\u00e1cticas.<\/p>\n\n<div class=\"qvgw-indimg-places-grid\" id=\"qvgw-indimg-places-grid-2\" data-iib-headings=\"[{&quot;id&quot;:&quot;mejores-free-tours&quot;,&quot;position&quot;:0,&quot;title&quot;:&quot;Mejores free tours en Marrakech&quot;},{&quot;id&quot;:&quot;plaza-jamaa-el-fna&quot;,&quot;position&quot;:1,&quot;title&quot;:&quot;Plaza de Jemaa el-Fna: centro de la vida urbana&quot;},{&quot;id&quot;:&quot;zocos-marrakech&quot;,&quot;position&quot;:2,&quot;title&quot;:&quot;Los zocos: artesan\\u00eda y comercio en la medina&quot;},{&quot;id&quot;:&quot;mezquita-koutoubia&quot;,&quot;position&quot;:3,&quot;title&quot;:&quot;Mezquita Koutoubia: referencia del perfil urbano&quot;},{&quot;id&quot;:&quot;palacio-bahia&quot;,&quot;position&quot;:4,&quot;title&quot;:&quot;Palacio Bah\\u00eda: arquitectura marroqu\\u00ed del siglo XIX&quot;},{&quot;id&quot;:&quot;medersa-ben-youssef&quot;,&quot;position&quot;:5,&quot;title&quot;:&quot;Medersa Ben Youssef: antigua escuela cor\\u00e1nica&quot;},{&quot;id&quot;:&quot;tumbas-saadies&quot;,&quot;position&quot;:6,&quot;title&quot;:&quot;Tumbas Saad\\u00edes: mausoleo de la dinast\\u00eda saad\\u00ed&quot;},{&quot;id&quot;:&quot;palacio-el-badi&quot;,&quot;position&quot;:7,&quot;title&quot;:&quot;Palacio El Badi: ruinas de un complejo saad\\u00ed&quot;},{&quot;id&quot;:&quot;museo-marrakech&quot;,&quot;position&quot;:8,&quot;title&quot;:&quot;Museo de Marrakech: arte y arquitectura en la medina&quot;},{&quot;id&quot;:&quot;museo-dar-si-said&quot;,&quot;position&quot;:9,&quot;title&quot;:&quot;Museo Dar Si Said: artes decorativas marroqu\\u00edes&quot;},{&quot;id&quot;:&quot;jardines-menara&quot;,&quot;position&quot;:10,&quot;title&quot;:&quot;Jardines de Menara: estanque, pabell\\u00f3n y olivar&quot;},{&quot;id&quot;:&quot;jardines-majorelle&quot;,&quot;position&quot;:11,&quot;title&quot;:&quot;Jardines Majorelle: bot\\u00e1nica y arquitectura art d\\u00e9co&quot;},{&quot;id&quot;:&quot;como-llegar&quot;,&quot;position&quot;:12,&quot;title&quot;:&quot;\\u00bfC\\u00f3mo llegar a Marrakech?&quot;},{&quot;id&quot;:&quot;preguntas-frecuentes&quot;,&quot;position&quot;:13,&quot;title&quot;:&quot;Preguntas frecuentes&quot;}]\"><div class=\"qvgw-indimg-places-cards\"><div class=\"qvgw-indimg-place-card\"><a href=\"#mejores-free-tours\" class=\"qvgw-indimg-place-card__content no-image\"><p class=\"qvgw-indimg-place-card__title\">1. Mejores free tours en Marrakech<\/p><span class=\"qvgw-indimg-place-card__arrow\"><svg width=\"24\" height=\"24\" viewBox=\"0 0 24 24\" fill=\"none\" stroke=\"currentColor\" stroke-width=\"2\"><path d=\"M6 9l6 6 6-6\"><\/path><\/svg><\/span><\/a><\/div><div class=\"qvgw-indimg-place-card\"><a href=\"#plaza-jamaa-el-fna\" class=\"qvgw-indimg-place-card__content\"><div class=\"qvgw-indimg-place-card__image\"><img decoding=\"async\" src=\"https:\/\/blog.guruwalk.com\/wp-content\/uploads\/2025\/04\/image-12.jpeg\" alt=\"Plaza de Jemaa el-Fna: centro de la vida urbana\"><\/div><p class=\"qvgw-indimg-place-card__title\">2. Plaza de Jemaa el-Fna: centro de la vida urbana<\/p><span class=\"qvgw-indimg-place-card__arrow\"><svg width=\"24\" height=\"24\" viewBox=\"0 0 24 24\" fill=\"none\" stroke=\"currentColor\" stroke-width=\"2\"><path d=\"M6 9l6 6 6-6\"><\/path><\/svg><\/span><\/a><\/div><div class=\"qvgw-indimg-place-card\"><a href=\"#zocos-marrakech\" class=\"qvgw-indimg-place-card__content\"><div class=\"qvgw-indimg-place-card__image\"><img decoding=\"async\" src=\"https:\/\/blog.guruwalk.com\/wp-content\/uploads\/2025\/04\/image-15.jpeg\" alt=\"Los zocos: artesan\u00eda y comercio en la medina\"><\/div><p class=\"qvgw-indimg-place-card__title\">3. Los zocos: artesan\u00eda y comercio en la medina<\/p><span class=\"qvgw-indimg-place-card__arrow\"><svg width=\"24\" height=\"24\" viewBox=\"0 0 24 24\" fill=\"none\" stroke=\"currentColor\" stroke-width=\"2\"><path d=\"M6 9l6 6 6-6\"><\/path><\/svg><\/span><\/a><\/div><div class=\"qvgw-indimg-place-card\"><a href=\"#mezquita-koutoubia\" class=\"qvgw-indimg-place-card__content\"><div class=\"qvgw-indimg-place-card__image\"><img decoding=\"async\" src=\"https:\/\/blog.guruwalk.com\/wp-content\/uploads\/2025\/04\/image-16.jpeg\" alt=\"Mezquita Koutoubia: referencia del perfil urbano\"><\/div><p class=\"qvgw-indimg-place-card__title\">4. Mezquita Koutoubia: referencia del perfil urbano<\/p><span class=\"qvgw-indimg-place-card__arrow\"><svg width=\"24\" height=\"24\" viewBox=\"0 0 24 24\" fill=\"none\" stroke=\"currentColor\" stroke-width=\"2\"><path d=\"M6 9l6 6 6-6\"><\/path><\/svg><\/span><\/a><\/div><div class=\"qvgw-indimg-place-card\"><a href=\"#palacio-bahia\" class=\"qvgw-indimg-place-card__content\"><div class=\"qvgw-indimg-place-card__image\"><img decoding=\"async\" src=\"https:\/\/blog.guruwalk.com\/wp-content\/uploads\/2025\/04\/image-19.jpeg\" alt=\"Palacio Bah\u00eda: arquitectura marroqu\u00ed del siglo XIX\"><\/div><p class=\"qvgw-indimg-place-card__title\">5. Palacio Bah\u00eda: arquitectura marroqu\u00ed del siglo XIX<\/p><span class=\"qvgw-indimg-place-card__arrow\"><svg width=\"24\" height=\"24\" viewBox=\"0 0 24 24\" fill=\"none\" stroke=\"currentColor\" stroke-width=\"2\"><path d=\"M6 9l6 6 6-6\"><\/path><\/svg><\/span><\/a><\/div><div class=\"qvgw-indimg-place-card\"><a href=\"#medersa-ben-youssef\" class=\"qvgw-indimg-place-card__content\"><div class=\"qvgw-indimg-place-card__image\"><img decoding=\"async\" src=\"https:\/\/blog.guruwalk.com\/wp-content\/uploads\/2025\/04\/image-20.jpeg\" alt=\"Medersa Ben Youssef: antigua escuela cor\u00e1nica\"><\/div><p class=\"qvgw-indimg-place-card__title\">6. Medersa Ben Youssef: antigua escuela cor\u00e1nica<\/p><span class=\"qvgw-indimg-place-card__arrow\"><svg width=\"24\" height=\"24\" viewBox=\"0 0 24 24\" fill=\"none\" stroke=\"currentColor\" stroke-width=\"2\"><path d=\"M6 9l6 6 6-6\"><\/path><\/svg><\/span><\/a><\/div><div class=\"qvgw-indimg-place-card qvgw-indimg-place-card--hidden\"><a href=\"#tumbas-saadies\" class=\"qvgw-indimg-place-card__content\"><div class=\"qvgw-indimg-place-card__image\"><img decoding=\"async\" src=\"https:\/\/blog.guruwalk.com\/wp-content\/uploads\/2025\/04\/image-22.jpeg\" alt=\"Tumbas Saad\u00edes: mausoleo de la dinast\u00eda saad\u00ed\"><\/div><p class=\"qvgw-indimg-place-card__title\">7. Tumbas Saad\u00edes: mausoleo de la dinast\u00eda saad\u00ed<\/p><span class=\"qvgw-indimg-place-card__arrow\"><svg width=\"24\" height=\"24\" viewBox=\"0 0 24 24\" fill=\"none\" stroke=\"currentColor\" stroke-width=\"2\"><path d=\"M6 9l6 6 6-6\"><\/path><\/svg><\/span><\/a><\/div><div class=\"qvgw-indimg-place-card qvgw-indimg-place-card--hidden\"><a href=\"#palacio-el-badi\" class=\"qvgw-indimg-place-card__content\"><div class=\"qvgw-indimg-place-card__image\"><img decoding=\"async\" src=\"https:\/\/blog.guruwalk.com\/wp-content\/uploads\/2025\/04\/image-24.jpeg\" alt=\"Palacio El Badi: ruinas de un complejo saad\u00ed\"><\/div><p class=\"qvgw-indimg-place-card__title\">8. Palacio El Badi: ruinas de un complejo saad\u00ed<\/p><span class=\"qvgw-indimg-place-card__arrow\"><svg width=\"24\" height=\"24\" viewBox=\"0 0 24 24\" fill=\"none\" stroke=\"currentColor\" stroke-width=\"2\"><path d=\"M6 9l6 6 6-6\"><\/path><\/svg><\/span><\/a><\/div><div class=\"qvgw-indimg-place-card qvgw-indimg-place-card--hidden\"><a href=\"#museo-marrakech\" class=\"qvgw-indimg-place-card__content\"><div class=\"qvgw-indimg-place-card__image\"><img decoding=\"async\" src=\"https:\/\/blog.guruwalk.com\/wp-content\/uploads\/2025\/04\/image-27.jpeg\" alt=\"Museo de Marrakech: arte y arquitectura en la medina\"><\/div><p class=\"qvgw-indimg-place-card__title\">9. Museo de Marrakech: arte y arquitectura en la medina<\/p><span class=\"qvgw-indimg-place-card__arrow\"><svg width=\"24\" height=\"24\" viewBox=\"0 0 24 24\" fill=\"none\" stroke=\"currentColor\" stroke-width=\"2\"><path d=\"M6 9l6 6 6-6\"><\/path><\/svg><\/span><\/a><\/div><div class=\"qvgw-indimg-place-card qvgw-indimg-place-card--hidden\"><a href=\"#museo-dar-si-said\" class=\"qvgw-indimg-place-card__content\"><div class=\"qvgw-indimg-place-card__image\"><img decoding=\"async\" src=\"https:\/\/blog.guruwalk.com\/wp-content\/uploads\/2026\/06\/inline_11845.webp\" alt=\"Museo Dar Si Said: artes decorativas marroqu\u00edes\"><\/div><p class=\"qvgw-indimg-place-card__title\">10. Museo Dar Si Said: artes decorativas marroqu\u00edes<\/p><span class=\"qvgw-indimg-place-card__arrow\"><svg width=\"24\" height=\"24\" viewBox=\"0 0 24 24\" fill=\"none\" stroke=\"currentColor\" stroke-width=\"2\"><path d=\"M6 9l6 6 6-6\"><\/path><\/svg><\/span><\/a><\/div><div class=\"qvgw-indimg-place-card qvgw-indimg-place-card--hidden\"><a href=\"#jardines-menara\" class=\"qvgw-indimg-place-card__content\"><div class=\"qvgw-indimg-place-card__image\"><img decoding=\"async\" src=\"https:\/\/blog.guruwalk.com\/wp-content\/uploads\/2025\/04\/image-30.jpeg\" alt=\"Jardines de Menara: estanque, pabell\u00f3n y olivar\"><\/div><p class=\"qvgw-indimg-place-card__title\">11. Jardines de Menara: estanque, pabell\u00f3n y olivar<\/p><span class=\"qvgw-indimg-place-card__arrow\"><svg width=\"24\" height=\"24\" viewBox=\"0 0 24 24\" fill=\"none\" stroke=\"currentColor\" stroke-width=\"2\"><path d=\"M6 9l6 6 6-6\"><\/path><\/svg><\/span><\/a><\/div><div class=\"qvgw-indimg-place-card qvgw-indimg-place-card--hidden\"><a href=\"#jardines-majorelle\" class=\"qvgw-indimg-place-card__content\"><div class=\"qvgw-indimg-place-card__image\"><img decoding=\"async\" src=\"https:\/\/blog.guruwalk.com\/wp-content\/uploads\/2025\/04\/image-31.jpeg\" alt=\"Jardines Majorelle: bot\u00e1nica y arquitectura art d\u00e9co\"><\/div><p class=\"qvgw-indimg-place-card__title\">12. Jardines Majorelle: bot\u00e1nica y arquitectura art d\u00e9co<\/p><span class=\"qvgw-indimg-place-card__arrow\"><svg width=\"24\" height=\"24\" viewBox=\"0 0 24 24\" fill=\"none\" stroke=\"currentColor\" stroke-width=\"2\"><path d=\"M6 9l6 6 6-6\"><\/path><\/svg><\/span><\/a><\/div><div class=\"qvgw-indimg-place-card qvgw-indimg-place-card--hidden\"><a href=\"#como-llegar\" class=\"qvgw-indimg-place-card__content no-image\"><p class=\"qvgw-indimg-place-card__title\">13. \u00bfC\u00f3mo llegar a Marrakech?<\/p><span class=\"qvgw-indimg-place-card__arrow\"><svg width=\"24\" height=\"24\" viewBox=\"0 0 24 24\" fill=\"none\" stroke=\"currentColor\" stroke-width=\"2\"><path d=\"M6 9l6 6 6-6\"><\/path><\/svg><\/span><\/a><\/div><div class=\"qvgw-indimg-place-card qvgw-indimg-place-card--hidden\"><a href=\"#preguntas-frecuentes\" class=\"qvgw-indimg-place-card__content no-image\"><p class=\"qvgw-indimg-place-card__title\">14. Preguntas frecuentes<\/p><span class=\"qvgw-indimg-place-card__arrow\"><svg width=\"24\" height=\"24\" viewBox=\"0 0 24 24\" fill=\"none\" stroke=\"currentColor\" stroke-width=\"2\"><path d=\"M6 9l6 6 6-6\"><\/path><\/svg><\/span><\/a><\/div><\/div><button class=\"qvgw-indimg-places-expand\" data-action=\"expand\" aria-expanded=\"false\">Ver m\u00e1s<\/button><\/div>\n\n<h2 class=\"wp-block-heading\" id=\"mejores-free-tours\">Mejores free tours en Marrakech<\/h2>\n\n\n<p class=\"wp-block-paragraph\">Un <a href=\"https:\/\/www.guruwalk.com\/es\/marrakech\" target=\"_blank\" rel=\"noopener\">free tour en Marrakech<\/a> es una forma pr\u00e1ctica de empezar a explorar la ciudad, entender la organizaci\u00f3n de la medina y ubicar sus principales accesos. La duraci\u00f3n y el punto de encuentro cambian seg\u00fan el recorrido, por lo que deben comprobarse en la ficha y en la confirmaci\u00f3n de la reserva.<\/p>\n\n\n<p class=\"wp-block-paragraph\">Conviene llevar calzado c\u00f3modo, agua, protecci\u00f3n solar y ropa respetuosa para las zonas religiosas. Como referencia, muchos viajeros dejan entre 10 \u20ac y 20 \u20ac por persona al terminar, aunque una experiencia especialmente completa puede agradecerse con hasta 50 \u20ac.<\/p>\n\n\n<p class=\"wp-block-paragraph\">Despu\u00e9s del recorrido se puede continuar por libre hacia el Mellah, los palacios del sur de la medina o Gu\u00e9liz. En las zonas tur\u00edsticas, rechaza indicaciones no solicitadas que terminen en una petici\u00f3n de dinero y acuerda antes el importe de fotograf\u00edas con animales, tatuajes de henna o cualquier servicio improvisado.<\/p>\n\n    <script async defer src=\"https:\/\/assets.guruwalk.com\/affiliates\/widget.min.js\"><\/script>\n    <guruwalk-tour-cards \n        affiliate=\"6ggvn1wuf0rlyogypi99\" \n        city=\"free-tour-marrakech\" \n        lang=\"es\" \n        text-color=\"#484848\" \n        primary-color=\"#ff5a5f\" \n        secondary-color=\"#008489\" \n        limit=\"3\" \n        description=\"abstract\">\n    <\/guruwalk-tour-cards>\n    \n\n<h2 class=\"wp-block-heading\" id=\"plaza-jamaa-el-fna\">Plaza de Jemaa el-Fna: centro de la vida urbana<\/h2>\n\n\n<figure class=\"wp-block-image size-full\"><img decoding=\"async\" width=\"813\" height=\"466\" src=\"https:\/\/blog.guruwalk.com\/wp-content\/uploads\/2025\/04\/image-12.jpeg\" alt=\"Panorama de la plaza Jemaa el-Fna en Marrakech\" class=\"wp-image-11847\" srcset=\"https:\/\/blog.guruwalk.com\/wp-content\/uploads\/2025\/04\/image-12.jpeg 813w, https:\/\/blog.guruwalk.com\/wp-content\/uploads\/2025\/04\/image-12-300x172.jpeg 300w, https:\/\/blog.guruwalk.com\/wp-content\/uploads\/2025\/04\/image-12-768x440.jpeg 768w\" sizes=\"(max-width: 813px) 100vw, 813px\" \/><figcaption class=\"wp-element-caption\">Plaza Jemaa el-Fna en Marrakech<\/figcaption><\/figure>\n\n\n<p class=\"wp-block-paragraph\">La <strong>plaza Jemaa el-Fna<\/strong> es el epicentro de la vida p\u00fablica en Marrakech y cambia de actividad a lo largo del d\u00eda. La <a href=\"https:\/\/ich.unesco.org\/en\/RL\/cultural-space-of-jemaa-el-fna-square-00014\" rel=\"nofollow noreferrer noopener\" target=\"_blank\">UNESCO inscribi\u00f3 su espacio cultural<\/a>, que comprende tradiciones orales, m\u00fasica, representaciones y pr\u00e1cticas populares, en la Lista Representativa del Patrimonio Cultural Inmaterial de la Humanidad.<\/p>\n\n\n<h3 class=\"wp-block-heading\">Consejos para visitar Jemaa el-Fna<\/h3>\n\n\n<ul class=\"wp-block-list\">\n<li><strong>\u23f0 Ambiente:<\/strong> al atardecer comienzan a instalarse numerosos puestos de comida<\/li>\n\n\n\n<li><strong>\ud83d\udcf8 Fotograf\u00edas:<\/strong> pide permiso antes de fotografiar a artistas y acuerda previamente si esperan un pago<\/li>\n\n\n\n<li><strong>\ud83d\udcb0 Servicios:<\/strong> confirma el precio antes de aceptar fotograf\u00edas con animales, henna u otras propuestas<\/li>\n\n\n\n<li><strong>\ud83c\udf7d\ufe0f Gastronom\u00eda:<\/strong>\n<ul class=\"wp-block-list\">\n<li>Comprueba los precios expuestos antes de pedir<\/li>\n\n\n\n<li>Evita aceptar platos o bebidas que no hayas solicitado<\/li>\n<\/ul>\n<\/li>\n\n\n\n<li><strong>\u2615\ufe0f Vistas panor\u00e1micas:<\/strong> las terrazas de los caf\u00e9s circundantes permiten observar la actividad de la plaza<\/li>\n<\/ul>\n\n\n<p class=\"wp-block-paragraph\">Durante el d\u00eda se concentran m\u00fasicos gnawa, vendedores de zumo de naranja, artistas de henna y otros oficios. Al atardecer aparecen decenas de puestos de cocina marroqu\u00ed al aire libre.<\/p>\n\n\n<h2 class=\"wp-block-heading\" id=\"zocos-marrakech\">Los zocos: artesan\u00eda y comercio en la medina<\/h2>\n\n\n<figure class=\"wp-block-image size-full\"><img decoding=\"async\" width=\"800\" height=\"450\" src=\"https:\/\/blog.guruwalk.com\/wp-content\/uploads\/2025\/04\/image-15.jpeg\" alt=\"Babuchas de colores en los zocos de Marrakech\" class=\"wp-image-11864\" srcset=\"https:\/\/blog.guruwalk.com\/wp-content\/uploads\/2025\/04\/image-15.jpeg 800w, https:\/\/blog.guruwalk.com\/wp-content\/uploads\/2025\/04\/image-15-300x169.jpeg 300w, https:\/\/blog.guruwalk.com\/wp-content\/uploads\/2025\/04\/image-15-768x432.jpeg 768w\" sizes=\"(max-width: 800px) 100vw, 800px\" \/><figcaption class=\"wp-element-caption\">Babuchas coloridas en los zocos de Marrakech<\/figcaption><\/figure>\n\n\n<p class=\"wp-block-paragraph\">Los <strong>zocos de Marrakech<\/strong> forman el n\u00facleo comercial y artesanal de la medina. Sus callejuelas re\u00fanen tiendas organizadas por oficios y productos, desde especias hasta cester\u00eda, tejidos y trabajo en madera.<\/p>\n\n\n<h3 class=\"wp-block-heading\">C\u00f3mo comprar en los zocos<\/h3>\n\n\n<p class=\"wp-block-paragraph\"><em>Antes de negociar, compara varios puestos y fija el importe m\u00e1ximo que deseas pagar. Pregunta si el precio est\u00e1 indicado por unidad y confirma la moneda para evitar malentendidos.<\/em><\/p>\n\n\n<p class=\"wp-block-paragraph\">Cada zona del zoco tiene su especialidad: el <strong>Zoco Smarine<\/strong> concentra ropa y bazares, el <strong>Zoco Chouari<\/strong> re\u00fane carpinteros y cesteros, mientras que el <strong>Zoco de los Tintoreros<\/strong> permite observar telas te\u00f1idas con t\u00e9cnicas tradicionales.<\/p>\n\n\n<h2 class=\"wp-block-heading\" id=\"mezquita-koutoubia\">Mezquita Koutoubia: referencia del perfil urbano<\/h2>\n\n\n<figure class=\"wp-block-image size-full\"><img decoding=\"async\" width=\"700\" height=\"429\" src=\"https:\/\/blog.guruwalk.com\/wp-content\/uploads\/2025\/04\/image-16.jpeg\" alt=\"Minarete de la mezquita Koutoubia en Marrakech\" class=\"wp-image-11872\" srcset=\"https:\/\/blog.guruwalk.com\/wp-content\/uploads\/2025\/04\/image-16.jpeg 700w, https:\/\/blog.guruwalk.com\/wp-content\/uploads\/2025\/04\/image-16-300x184.jpeg 300w\" sizes=\"(max-width: 700px) 100vw, 700px\" \/><figcaption class=\"wp-element-caption\">Minarete de la mezquita Koutoubia en Marrakech<\/figcaption><\/figure>\n\n\n<p class=\"wp-block-paragraph\">La <strong>Mezquita Koutoubia<\/strong>, cuyo nombre significa \u00abMezquita de los Libreros\u00bb, es uno de los edificios religiosos m\u00e1s reconocibles de Marrakech. Su minarete, de 69 metros, sirvi\u00f3 como referencia arquitect\u00f3nica para construcciones posteriores como la Giralda de Sevilla.<\/p>\n\n\n<h3 class=\"wp-block-heading\">Informaci\u00f3n pr\u00e1ctica<\/h3>\n\n\n<ul class=\"wp-block-list\">\n<li><strong>\ud83d\udd4c Acceso:<\/strong> el interior est\u00e1 reservado a musulmanes<\/li>\n\n\n\n<li><strong>\ud83d\udcf8 Fotograf\u00eda:<\/strong> desde la plaza y los jardines hay perspectivas despejadas del minarete<\/li>\n\n\n\n<li><strong>\ud83c\udf33 Jardines:<\/strong> los espacios exteriores permiten rodear parte del conjunto<\/li>\n\n\n\n<li><strong>\u23f0 Visita exterior:<\/strong>\n<ul class=\"wp-block-list\">\n<li>Comprueba posibles restricciones de acceso en el entorno<\/li>\n\n\n\n<li>Mant\u00e9n una distancia respetuosa durante los horarios de oraci\u00f3n<\/li>\n<\/ul>\n<\/li>\n<\/ul>\n\n\n<h2 class=\"wp-block-heading\" id=\"palacio-bahia\">Palacio Bah\u00eda: arquitectura marroqu\u00ed del siglo XIX<\/h2>\n\n\n<figure class=\"wp-block-image size-full\"><img decoding=\"async\" width=\"800\" height=\"529\" src=\"https:\/\/blog.guruwalk.com\/wp-content\/uploads\/2025\/04\/image-19.jpeg\" alt=\"Patio interior del Palacio Bah\u00eda en Marrakech con fuente y azulejos geom\u00e9tricos\" class=\"wp-image-11896\" srcset=\"https:\/\/blog.guruwalk.com\/wp-content\/uploads\/2025\/04\/image-19.jpeg 800w, https:\/\/blog.guruwalk.com\/wp-content\/uploads\/2025\/04\/image-19-300x198.jpeg 300w, https:\/\/blog.guruwalk.com\/wp-content\/uploads\/2025\/04\/image-19-768x508.jpeg 768w\" sizes=\"(max-width: 800px) 100vw, 800px\" \/><figcaption class=\"wp-element-caption\">Patio interior del Palacio Bah\u00eda en Marrakech<\/figcaption><\/figure>\n\n\n<p class=\"wp-block-paragraph\">El <strong>Palacio Bah\u00eda<\/strong>, cuyo nombre significa \u00abEl Palacio de la Bella\u00bb, es un complejo del siglo XIX con patios, jardines y estancias decoradas. Su arquitectura combina trabajo en madera, estuco y azulejer\u00eda de tradici\u00f3n marroqu\u00ed y andalus\u00ed.<\/p>\n\n\n<h3 class=\"wp-block-heading\">Consejos para la visita<\/h3>\n\n\n<ul class=\"wp-block-list\">\n<li><strong>\u23f0 Horario:<\/strong> consulta el horario actualizado antes de desplazarte<\/li>\n\n\n\n<li><strong>\ud83d\udcb0 Entrada:<\/strong> consulta el precio y la disponibilidad vigentes<\/li>\n\n\n\n<li><strong>\ud83c\udfab Acceso:<\/strong> comprueba los canales de venta autorizados antes de la visita<\/li>\n\n\n\n<li><strong>\u231a Duraci\u00f3n:<\/strong> reserva entre una y dos horas para recorrer las estancias abiertas<\/li>\n\n\n\n<li><strong>\ud83c\udfaf Espacios principales:<\/strong>\n<ul class=\"wp-block-list\">\n<li>El Patio de Honor<\/li>\n\n\n\n<li>La Sala del Consejo<\/li>\n\n\n\n<li>Los jardines interiores<\/li>\n<\/ul>\n<\/li>\n<\/ul>\n\n\n<h2 class=\"wp-block-heading\" id=\"medersa-ben-youssef\">Medersa Ben Youssef: antigua escuela cor\u00e1nica<\/h2>\n\n\n<figure class=\"wp-block-image size-full\"><img decoding=\"async\" width=\"800\" height=\"486\" src=\"https:\/\/blog.guruwalk.com\/wp-content\/uploads\/2025\/04\/image-20.jpeg\" alt=\"Patio de la Medersa Ben Youssef en Marrakech\" class=\"wp-image-11904\" srcset=\"https:\/\/blog.guruwalk.com\/wp-content\/uploads\/2025\/04\/image-20.jpeg 800w, https:\/\/blog.guruwalk.com\/wp-content\/uploads\/2025\/04\/image-20-300x182.jpeg 300w, https:\/\/blog.guruwalk.com\/wp-content\/uploads\/2025\/04\/image-20-768x467.jpeg 768w\" sizes=\"(max-width: 800px) 100vw, 800px\" \/><figcaption class=\"wp-element-caption\">Patio de la Medersa Ben Youssef en Marrakech<\/figcaption><\/figure>\n\n\n<p class=\"wp-block-paragraph\">La <a href=\"https:\/\/medersa-ben-youssef.com\/tickets\" rel=\"nofollow noreferrer noopener\" target=\"_blank\"><strong>Medersa Ben Youssef<\/strong><\/a> es uno de los principales ejemplos de arquitectura isl\u00e1mica de Marrakech. Fundada en el siglo XIV, lleg\u00f3 a alojar a cientos de estudiantes en las celdas distribuidas alrededor de su patio.<\/p>\n\n\n<h3 class=\"wp-block-heading\">Informaci\u00f3n de acceso<\/h3>\n\n\n<p class=\"wp-block-paragraph\">La Medersa reabri\u00f3 en 2022 despu\u00e9s de una restauraci\u00f3n. Consulta en su web oficial los horarios, precios, requisitos de reserva y canales de compra vigentes.<\/p>\n\n\n<h2 class=\"wp-block-heading\" id=\"tumbas-saadies\">Tumbas Saad\u00edes: mausoleo de la dinast\u00eda saad\u00ed<\/h2>\n\n\n<figure class=\"wp-block-image size-full\"><img decoding=\"async\" width=\"800\" height=\"432\" src=\"https:\/\/blog.guruwalk.com\/wp-content\/uploads\/2025\/04\/image-22.jpeg\" alt=\"Interior de las Tumbas Saad\u00edes en Marrakech\" class=\"wp-image-11920\" srcset=\"https:\/\/blog.guruwalk.com\/wp-content\/uploads\/2025\/04\/image-22.jpeg 800w, https:\/\/blog.guruwalk.com\/wp-content\/uploads\/2025\/04\/image-22-300x162.jpeg 300w, https:\/\/blog.guruwalk.com\/wp-content\/uploads\/2025\/04\/image-22-768x415.jpeg 768w\" sizes=\"(max-width: 800px) 100vw, 800px\" \/><figcaption class=\"wp-element-caption\">Interior de las Tumbas Saad\u00edes en Marrakech<\/figcaption><\/figure>\n\n\n<p class=\"wp-block-paragraph\">Las <strong>Tumbas Saad\u00edes<\/strong> forman un mausoleo real construido en el siglo XVI. El conjunto alberga enterramientos de la dinast\u00eda saad\u00ed y conserva decoraci\u00f3n en madera, estuco, m\u00e1rmol y azulejer\u00eda.<\/p>\n\n\n<h3 class=\"wp-block-heading\">Informaci\u00f3n para visitantes<\/h3>\n\n\n<ul class=\"wp-block-list\">\n<li><strong>\u23f0 Horario:<\/strong> consulta el horario actualizado antes de la visita<\/li>\n\n\n\n<li><strong>\ud83d\udcb0 Entrada:<\/strong> consulta el precio vigente y la disponibilidad<\/li>\n\n\n\n<li><strong>\u26a1 Espacios principales:<\/strong>\n<ul class=\"wp-block-list\">\n<li>Sala de las Doce Columnas<\/li>\n\n\n\n<li>Mausoleo de Lalla Messaouda<\/li>\n\n\n\n<li>Jard\u00edn de las tumbas<\/li>\n<\/ul>\n<\/li>\n\n\n\n<li><strong>\ud83d\udcf8 Fotograf\u00eda:<\/strong> confirma las normas vigentes en la entrada<\/li>\n\n\n\n<li><strong>\ud83d\udc65 Visitas:<\/strong> consulta disponibilidad de recorridos guiados<\/li>\n<\/ul>\n\n\n\n<h2 class=\"wp-block-heading\" id=\"palacio-el-badi\">Palacio El Badi: ruinas de un complejo saad\u00ed<\/h2>\n\n\n<figure class=\"wp-block-image size-full\"><img decoding=\"async\" width=\"800\" height=\"533\" src=\"https:\/\/blog.guruwalk.com\/wp-content\/uploads\/2025\/04\/image-24.jpeg\" alt=\"Ruinas del Palacio El Badi en Marrakech\" class=\"wp-image-11936\" srcset=\"https:\/\/blog.guruwalk.com\/wp-content\/uploads\/2025\/04\/image-24.jpeg 800w, https:\/\/blog.guruwalk.com\/wp-content\/uploads\/2025\/04\/image-24-300x200.jpeg 300w, https:\/\/blog.guruwalk.com\/wp-content\/uploads\/2025\/04\/image-24-768x512.jpeg 768w\" sizes=\"(max-width: 800px) 100vw, 800px\" \/><figcaption class=\"wp-element-caption\">Ruinas del Palacio El Badi en Marrakech<\/figcaption><\/figure>\n\n\n<p class=\"wp-block-paragraph\">El <strong>Palacio El Badi<\/strong>, cuyo nombre significa \u00abEl Incomparable\u00bb, fue construido en el siglo XVI por el sult\u00e1n Ahmed al-Mansour tras la victoria sobre Portugal. Sus ruinas conservan patios, estanques y estructuras que permiten reconocer la escala del antiguo conjunto.<\/p>\n\n\n<h3 class=\"wp-block-heading\">Gu\u00eda de visita<\/h3>\n\n\n<ul class=\"wp-block-list\">\n<li><strong>\u23f0 Horario:<\/strong> consulta el horario vigente<\/li>\n\n\n\n<li><strong>\ud83d\udcb0 Entrada:<\/strong> consulta el precio actualizado y la disponibilidad<\/li>\n\n\n\n<li><strong>\ud83c\udfaf Espacios de inter\u00e9s:<\/strong>\n<ul class=\"wp-block-list\">\n<li>El Minbar de la Koutoubia<\/li>\n\n\n\n<li>Las cisternas subterr\u00e1neas<\/li>\n\n\n\n<li>Las vistas desde las murallas abiertas al p\u00fablico<\/li>\n<\/ul>\n<\/li>\n\n\n\n<li><strong>\ud83d\udcf8 Fotograf\u00eda:<\/strong> los patios y murallas ofrecen diferentes perspectivas del conjunto<\/li>\n<\/ul>\n\n\n<h2 class=\"wp-block-heading\" id=\"museo-marrakech\">Museo de Marrakech: arte y arquitectura en la medina<\/h2>\n\n\n<figure class=\"wp-block-image size-full\"><img decoding=\"async\" width=\"800\" height=\"500\" src=\"https:\/\/blog.guruwalk.com\/wp-content\/uploads\/2025\/04\/image-27.jpeg\" alt=\"Patio central del Museo de Marrakech en la medina\" class=\"wp-image-11960\" srcset=\"https:\/\/blog.guruwalk.com\/wp-content\/uploads\/2025\/04\/image-27.jpeg 800w, https:\/\/blog.guruwalk.com\/wp-content\/uploads\/2025\/04\/image-27-300x188.jpeg 300w, https:\/\/blog.guruwalk.com\/wp-content\/uploads\/2025\/04\/image-27-768x480.jpeg 768w\" sizes=\"(max-width: 800px) 100vw, 800px\" \/><figcaption class=\"wp-element-caption\">Patio central del Museo de Marrakech<\/figcaption><\/figure>\n\n\n<p class=\"wp-block-paragraph\">Ubicado en el antiguo palacio Mnebhi del siglo XIX, el <strong>Museo de Marrakech<\/strong> combina arquitectura tradicional con exposiciones de arte contempor\u00e1neo y antig\u00fcedades. Su patio central est\u00e1 cubierto por una gran l\u00e1mpara met\u00e1lica.<\/p>\n\n\n<h3 class=\"wp-block-heading\">Entradas<\/h3>\n\n\n<p class=\"wp-block-paragraph\"><em>Las modalidades de entrada pueden cambiar. Consulta en la taquilla la disponibilidad, el precio vigente y si existe alguna opci\u00f3n combinada con otros espacios culturales.<\/em><\/p>\n\n\n<h2 class=\"wp-block-heading\" id=\"museo-dar-si-said\">Museo Dar Si Said: artes decorativas marroqu\u00edes<\/h2>\n\n\n<figure class=\"wp-block-image size-full\"><img decoding=\"async\" src=\"https:\/\/blog.guruwalk.com\/wp-content\/uploads\/2026\/06\/inline_11845.webp\" alt=\"Interior del Museo Dar Si Said en Marrakech con techumbre de madera y decoraci\u00f3n tradicional\" class=\"wp-image-11968\"\/><figcaption class=\"wp-element-caption\">Interior del Museo Dar Si Said en Marrakech<\/figcaption><\/figure>\n\n\n<p class=\"wp-block-paragraph\">El <strong>Museo Dar Si Said<\/strong>, tambi\u00e9n conocido como Museo de las Artes Marroqu\u00edes, alberga colecciones de artesan\u00eda y artes decorativas del pa\u00eds. El edificio ocupa un palacio del siglo XIX con patios y decoraci\u00f3n tradicional.<\/p>\n\n\n<h3 class=\"wp-block-heading\">Colecciones<\/h3>\n\n\n<ul class=\"wp-block-list\">\n<li><strong>\ud83c\udfa8 Fondos expuestos:<\/strong>\n<ul class=\"wp-block-list\">\n<li>Joyas bereberes tradicionales<\/li>\n\n\n\n<li>Cer\u00e1micas hist\u00f3ricas<\/li>\n\n\n\n<li>Trabajo en madera y carpinter\u00eda<\/li>\n\n\n\n<li>Textiles antiguos<\/li>\n<\/ul>\n<\/li>\n\n\n\n<li><strong>\u23f0 Visita:<\/strong> consulta los horarios y salas abiertas antes de desplazarte<\/li>\n<\/ul>\n\n\n\n<h2 class=\"wp-block-heading\" id=\"jardines-menara\">Jardines de Menara: estanque, pabell\u00f3n y olivar<\/h2>\n\n\n<figure class=\"wp-block-image size-full\"><img decoding=\"async\" width=\"800\" height=\"450\" src=\"https:\/\/blog.guruwalk.com\/wp-content\/uploads\/2025\/04\/image-30.jpeg\" alt=\"Estanque y pabell\u00f3n de los Jardines de Menara en Marrakech\" class=\"wp-image-11984\" srcset=\"https:\/\/blog.guruwalk.com\/wp-content\/uploads\/2025\/04\/image-30.jpeg 800w, https:\/\/blog.guruwalk.com\/wp-content\/uploads\/2025\/04\/image-30-300x169.jpeg 300w, https:\/\/blog.guruwalk.com\/wp-content\/uploads\/2025\/04\/image-30-768x432.jpeg 768w\" sizes=\"(max-width: 800px) 100vw, 800px\" \/><figcaption class=\"wp-element-caption\">Estanque y pabell\u00f3n de los Jardines de Menara en Marrakech<\/figcaption><\/figure>\n\n\n<p class=\"wp-block-paragraph\">Los <strong>Jardines de Menara<\/strong>, creados en el siglo XII, se encuentran fuera del n\u00facleo de la medina. El conjunto re\u00fane un pabell\u00f3n, un gran estanque de riego y una extensa zona de olivos.<\/p>\n\n\n<h3 class=\"wp-block-heading\">Informaci\u00f3n \u00fatil<\/h3>\n\n\n<ul class=\"wp-block-list\">\n<li><strong>\u23f0 Horario:<\/strong> consulta el horario actualizado<\/li>\n\n\n\n<li><strong>\ud83d\udcb0 Acceso:<\/strong> comprueba qu\u00e9 zonas son gratuitas y cu\u00e1les requieren entrada<\/li>\n\n\n\n<li><strong>\ud83d\udccd Ubicaci\u00f3n:<\/strong> aproximadamente a 3 km del centro<\/li>\n\n\n\n<li><strong>\ud83d\ude97 C\u00f3mo llegar:<\/strong>\n<ul class=\"wp-block-list\">\n<li>En taxi desde la medina, acordando el uso del tax\u00edmetro o el precio antes de salir<\/li>\n\n\n\n<li>En transporte p\u00fablico, comprobando previamente las l\u00edneas y paradas vigentes<\/li>\n<\/ul>\n<\/li>\n\n\n\n<li><strong>\ud83c\udf05 Vistas:<\/strong> en d\u00edas despejados se distinguen las monta\u00f1as del Atlas detr\u00e1s del pabell\u00f3n<\/li>\n<\/ul>\n\n\n<h2 class=\"wp-block-heading\" id=\"jardines-majorelle\">Jardines Majorelle: bot\u00e1nica y arquitectura art d\u00e9co<\/h2>\n\n\n<figure class=\"wp-block-image size-full\"><img decoding=\"async\" width=\"800\" height=\"450\" src=\"https:\/\/blog.guruwalk.com\/wp-content\/uploads\/2025\/04\/image-31.jpeg\" alt=\"Edificio azul y vegetaci\u00f3n de los Jardines Majorelle en Marrakech\" class=\"wp-image-11992\" srcset=\"https:\/\/blog.guruwalk.com\/wp-content\/uploads\/2025\/04\/image-31.jpeg 800w, https:\/\/blog.guruwalk.com\/wp-content\/uploads\/2025\/04\/image-31-300x169.jpeg 300w, https:\/\/blog.guruwalk.com\/wp-content\/uploads\/2025\/04\/image-31-768x432.jpeg 768w\" sizes=\"(max-width: 800px) 100vw, 800px\" \/><figcaption class=\"wp-element-caption\">Edificio azul y vegetaci\u00f3n de los Jardines Majorelle en Marrakech<\/figcaption><\/figure>\n\n\n<p class=\"wp-block-paragraph\">Los <strong>Jardines Majorelle<\/strong> fueron creados por el artista franc\u00e9s Jacques Majorelle y posteriormente restaurados por Yves Saint Laurent y Pierre Berg\u00e9. El recinto combina el azul Majorelle, una colecci\u00f3n bot\u00e1nica y arquitectura art d\u00e9co.<\/p>\n\n\n<h3 class=\"wp-block-heading\">Gu\u00eda de visita<\/h3>\n\n\n<ul class=\"wp-block-list\">\n<li><strong>\u23f0 Horario:<\/strong>\n<ul class=\"wp-block-list\">\n<li>Consulta el horario vigente para la fecha de la visita<\/li>\n<\/ul>\n<\/li>\n\n\n\n<li><strong>\ud83d\udcb0 Entradas:<\/strong>\n<ul class=\"wp-block-list\">\n<li>Comprueba disponibilidad y precios actualizados para el jard\u00edn<\/li>\n\n\n\n<li>Los museos asociados pueden requerir entradas separadas<\/li>\n<\/ul>\n<\/li>\n\n\n\n<li><strong>\ud83d\udcf8 Fotograf\u00eda:<\/strong> respeta las zonas se\u00f1alizadas y no bloquees los senderos<\/li>\n\n\n\n<li><strong>\ud83c\udfab Reserva:<\/strong> consulta disponibilidad en el canal oficial antes de desplazarte<\/li>\n<\/ul>\n\n<div class=\"gw-products-block\" style=\"--gw-nav-width:30px; --gw-nav-height:30px; --gw-chevron-w:15px; --gw-chevron-h:15px; --gw-circle-color:#0a5bd9; --gw-chevron-color:#0a5bd9;\"><div class=\"gw-products-carousel\" aria-live=\"polite\"><article class=\"gw-card\"><div class=\"gw-card__image\"><img decoding=\"async\" class=\"gw-card__photo\" src=\"https:\/\/blog.guruwalk.com\/wp-content\/uploads\/gw-products\/images\/445936df6911e3704ab1acf7847b5fe0.webp\" alt=\"Marrakech: Jard\u00edn Majorelle, YSL y Entrada al Museo Bereber\" loading=\"lazy\" \/><\/div><div class=\"gw-card__body\"><h3 class=\"gw-card__title\">Marrakech: Jard\u00edn Majorelle, YSL y Entrada al Museo Bereber<\/h3><div class=\"gw-card__footer\"><div class=\"gw-card__meta\"><div class=\"gw-rating\" aria-label=\"Valoraci\u00f3n 4.6 de 5\"><span class=\"gw-star gw-star--full\" aria-hidden=\"true\">\u2605<\/span><span class=\"gw-star gw-star--full\" aria-hidden=\"true\">\u2605<\/span><span class=\"gw-star gw-star--full\" aria-hidden=\"true\">\u2605<\/span><span class=\"gw-star gw-star--full\" aria-hidden=\"true\">\u2605<\/span><span class=\"gw-star gw-star--half\" aria-hidden=\"true\">\u2606<\/span><span class=\"gw-rating__count\">4,6 (7873)<\/span><\/div><\/div><div class=\"gw-card__price\">Desde \u20ac38,49<\/div><\/div><\/div><a class=\"gw-card__link\" href=\"https:\/\/www.guruwalk.com\/es\/walks\/p151711-marrakech-jardin-majorelle-ysl-y-entrada-al-museo-bereber\" target=\"_blank\" rel=\"noopener\" aria-label=\"Marrakech: Jard\u00edn Majorelle, YSL y Entrada al Museo Bereber\"><\/a><\/article><article class=\"gw-card\"><div class=\"gw-card__image\"><img decoding=\"async\" class=\"gw-card__photo\" src=\"https:\/\/blog.guruwalk.com\/wp-content\/uploads\/gw-products\/images\/22dc4937940d74bed5ec31afbae72f88.webp\" alt=\"Marrakech: Jard\u00edn de Majorel, Paseo en camello por Palmerai, Excursi\u00f3n por la ciudad\" loading=\"lazy\" \/><div class=\"gw-flags\" aria-label=\"Idiomas disponibles\"><span class=\"gw-flag\" title=\"AR\"><img decoding=\"async\" class=\"gw-flag-img\" src=\"https:\/\/blog.guruwalk.com\/wp-content\/uploads\/gw-products\/flags\/sa.svg\" alt=\"AR\" loading=\"lazy\" width=\"22\" height=\"16\" \/><\/span><span class=\"gw-flag\" title=\"EN\"><img decoding=\"async\" class=\"gw-flag-img\" src=\"https:\/\/blog.guruwalk.com\/wp-content\/uploads\/gw-products\/flags\/gb.svg\" alt=\"EN\" loading=\"lazy\" width=\"22\" height=\"16\" \/><\/span><span class=\"gw-flag\" title=\"ES\"><img decoding=\"async\" class=\"gw-flag-img\" src=\"https:\/\/blog.guruwalk.com\/wp-content\/uploads\/gw-products\/flags\/es.svg\" alt=\"ES\" loading=\"lazy\" width=\"22\" height=\"16\" \/><\/span><span class=\"gw-flag\" title=\"FR\"><img decoding=\"async\" class=\"gw-flag-img\" src=\"https:\/\/blog.guruwalk.com\/wp-content\/uploads\/gw-products\/flags\/fr.svg\" alt=\"FR\" loading=\"lazy\" width=\"22\" height=\"16\" \/><\/span><\/div><\/div><div class=\"gw-card__body\"><h3 class=\"gw-card__title\">Marrakech: Jard\u00edn de Majorel, Paseo en camello por Palmerai, Excursi\u00f3n por la ciudad<\/h3><div class=\"gw-card__footer\"><div class=\"gw-card__price\">Desde \u20ac68,00<\/div><\/div><\/div><a class=\"gw-card__link\" href=\"https:\/\/www.guruwalk.com\/es\/walks\/p147447-marrakech-jardin-de-majorel-paseo-en-camello-por-palmerai-excursion-por-la-ciudad\" target=\"_blank\" rel=\"noopener\" aria-label=\"Marrakech: Jard\u00edn de Majorel, Paseo en camello por Palmerai, Excursi\u00f3n por la ciudad\"><\/a><\/article><article class=\"gw-card\"><div class=\"gw-card__image\"><img decoding=\"async\" class=\"gw-card__photo\" src=\"https:\/\/blog.guruwalk.com\/wp-content\/uploads\/gw-products\/images\/66fff4019f43fa27a28c806e15268864.webp\" alt=\"Marrakech: Jard\u00edn Majorelle, entradas a museos y audiogu\u00eda\" loading=\"lazy\" \/><\/div><div class=\"gw-card__body\"><h3 class=\"gw-card__title\">Marrakech: Jard\u00edn Majorelle, entradas a museos y audiogu\u00eda<\/h3><div class=\"gw-card__footer\"><div class=\"gw-card__meta\"><div class=\"gw-rating\" aria-label=\"Valoraci\u00f3n 4.6 de 5\"><span class=\"gw-star gw-star--full\" aria-hidden=\"true\">\u2605<\/span><span class=\"gw-star gw-star--full\" aria-hidden=\"true\">\u2605<\/span><span class=\"gw-star gw-star--full\" aria-hidden=\"true\">\u2605<\/span><span class=\"gw-star gw-star--full\" aria-hidden=\"true\">\u2605<\/span><span class=\"gw-star gw-star--half\" aria-hidden=\"true\">\u2606<\/span><span class=\"gw-rating__count\">4,6 (65)<\/span><\/div><\/div><div class=\"gw-card__price\">Desde \u20ac57,90<\/div><\/div><\/div><a class=\"gw-card__link\" href=\"https:\/\/www.guruwalk.com\/es\/walks\/p121537-marrakech-jardin-majorelle-entradas-a-museos-y-audioguia\" target=\"_blank\" rel=\"noopener\" aria-label=\"Marrakech: Jard\u00edn Majorelle, entradas a museos y audiogu\u00eda\"><\/a><\/article><\/div><div class=\"gw-vertical-link-container\"><a href=\"https:\/\/www.guruwalk.com\/es\/a\/marrakech\/v70764-jardin-majorelle-marrakech\" target=\"_blank\" rel=\"noopener\" style=\"font-weight: bold;\">+ Visitas al Jard\u00edn Majorelle<\/a><\/div><\/div>\n\n<h2 class=\"wp-block-heading\" id=\"como-llegar\">\u00bfC\u00f3mo llegar a Marrakech?<\/h2>\n\n\n<p class=\"wp-block-paragraph\">Marrakech est\u00e1 conectada por v\u00eda a\u00e9rea y terrestre. Estas son las principales opciones para organizar el desplazamiento:<\/p>\n\n\n<h3 class=\"wp-block-heading\">Opciones de transporte<\/h3>\n\n\n<ul class=\"wp-block-list\">\n<li><strong>\u2708\ufe0f En avi\u00f3n:<\/strong>\n<ul class=\"wp-block-list\">\n<li>Aeropuerto Internacional Menara (RAK)<\/li>\n\n\n\n<li>Aproximadamente a 6 km del centro<\/li>\n\n\n\n<li>Conexiones con varias ciudades europeas<\/li>\n\n\n\n<li>Para el taxi, confirma el precio o el uso del tax\u00edmetro antes de salir<\/li>\n<\/ul>\n<\/li>\n\n\n\n<li><strong>\ud83d\ude97 En coche:<\/strong>\n<ul class=\"wp-block-list\">\n<li>Desde Espa\u00f1a, el trayecto combina ferry y carretera<\/li>\n\n\n\n<li>Documentaci\u00f3n que debe comprobarse antes del viaje:\n<ul class=\"wp-block-list\">\n<li>Permiso de circulaci\u00f3n<\/li>\n\n\n\n<li>Seguro con cobertura internacional<\/li>\n\n\n\n<li>Permiso de conducir v\u00e1lido en Marruecos<\/li>\n<\/ul>\n<\/li>\n<\/ul>\n<\/li>\n\n\n\n<li><strong>\ud83d\ude8c En autob\u00fas:<\/strong>\n<ul class=\"wp-block-list\">\n<li>Compara la duraci\u00f3n total y las conexiones antes de reservar<\/li>\n\n\n\n<li>Comprueba si el billete incluye el ferry<\/li>\n\n\n\n<li>Confirma los requisitos fronterizos y de equipaje con el operador<\/li>\n<\/ul>\n<\/li>\n<\/ul>\n\n\n<p class=\"wp-block-paragraph\">Para completar el itinerario con excursiones, visitas guiadas u otras experiencias, consulta las <a href=\"https:\/\/www.guruwalk.com\/es\/a\/marrakech\" target=\"_blank\" rel=\"noopener\">actividades en Marrakech<\/a> y revisa la disponibilidad para las fechas del viaje.<\/p>\n\n\n<h2 class=\"wp-block-heading\" id=\"preguntas-frecuentes\">Preguntas frecuentes<\/h2>\n\n<div id=\"rank-math-faq\" class=\"rank-math-block\">\n<div class=\"rank-math-list \">\n<div id=\"faq-question-1743667991454\" class=\"rank-math-list-item\">\n<h3 class=\"rank-math-question \">\u00bfCu\u00e1l es la mejor \u00e9poca para visitar Marrakech?<\/h3>\n<div class=\"rank-math-answer \">\n\n<p>La primavera y el oto\u00f1o suelen ofrecer temperaturas m\u00e1s moderadas que el verano. Comprueba la previsi\u00f3n meteorol\u00f3gica antes del viaje y adapta las visitas exteriores a las condiciones previstas.<\/p>\n\n<\/div>\n<\/div>\n<div id=\"faq-question-1743668001709\" class=\"rank-math-list-item\">\n<h3 class=\"rank-math-question \">\u00bfCu\u00e1ntos d\u00edas se necesitan para visitar Marrakech?<\/h3>\n<div class=\"rank-math-answer \">\n\n<p>Tres d\u00edas permiten recorrer los principales lugares de la medina y varios monumentos. Con cinco d\u00edas se pueden a\u00f1adir jardines, museos y alguna excursi\u00f3n fuera de la ciudad.<\/p>\n\n<\/div>\n<\/div>\n<div id=\"faq-question-1743668011942\" class=\"rank-math-list-item\">\n<h3 class=\"rank-math-question \">\u00bfD\u00f3nde comer en Marrakech?<\/h3>\n<div class=\"rank-math-answer \">\n\n<p>La plaza Jemaa el-Fna re\u00fane numerosos puestos por la noche, mientras que la medina y Gu\u00e9liz ofrecen restaurantes de distintos estilos. Comprueba los precios antes de pedir y evita aceptar platos no solicitados.<\/p>\n\n<\/div>\n<\/div>\n<div id=\"faq-question-1743668023875\" class=\"rank-math-list-item\">\n<h3 class=\"rank-math-question \">\u00bfEs seguro visitar Marrakech?<\/h3>\n<div class=\"rank-math-answer \">\n\n<p>Marrakech recibe turismo de forma habitual, pero conviene vigilar las pertenencias, rechazar indicaciones no solicitadas que impliquen pagos y acordar previamente el precio de cualquier servicio informal.<\/p>\n\n<\/div>\n<\/div>\n<\/div>\n<\/div>\n\n<script type=\"application\/ld+json\">{\"@context\":\"https:\/\/schema.org\",\"@type\":\"FAQPage\",\"mainEntity\":[{\"@type\":\"Question\",\"name\":\"\u00bfCu\u00e1l es la mejor \u00e9poca para visitar Marrakech?\",\"acceptedAnswer\":{\"@type\":\"Answer\",\"text\":\"La primavera y el oto\u00f1o suelen ofrecer temperaturas m\u00e1s moderadas que el verano. Comprueba la previsi\u00f3n meteorol\u00f3gica antes del viaje y adapta las visitas exteriores a las condiciones previstas.\"}},{\"@type\":\"Question\",\"name\":\"\u00bfCu\u00e1ntos d\u00edas se necesitan para visitar Marrakech?\",\"acceptedAnswer\":{\"@type\":\"Answer\",\"text\":\"Tres d\u00edas permiten recorrer los principales lugares de la medina y varios monumentos. Con cinco d\u00edas se pueden a\u00f1adir jardines, museos y alguna excursi\u00f3n fuera de la ciudad.\"}},{\"@type\":\"Question\",\"name\":\"\u00bfD\u00f3nde comer en Marrakech?\",\"acceptedAnswer\":{\"@type\":\"Answer\",\"text\":\"La plaza Jemaa el-Fna re\u00fane numerosos puestos por la noche, mientras que la medina y Gu\u00e9liz ofrecen restaurantes de distintos estilos. Comprueba los precios antes de pedir y evita aceptar platos no solicitados.\"}},{\"@type\":\"Question\",\"name\":\"\u00bfEs seguro visitar Marrakech?\",\"acceptedAnswer\":{\"@type\":\"Answer\",\"text\":\"Marrakech recibe turismo de forma habitual, pero conviene vigilar las pertenencias, rechazar indicaciones no solicitadas que impliquen pagos y acordar previamente el precio de cualquier servicio informal.\"}}]}<\/script>\n","protected":false},"excerpt":{"rendered":"<p>Una visita a Marrakech recorre Jemaa el-Fna, los zocos, la Koutoubia, el Palacio Bah\u00eda, la Medersa Ben Youssef y los jardines Majorelle.<\/p>\n","protected":false},"author":2,"featured_media":11847,"comment_status":"closed","ping_status":"open","sticky":false,"template":"","format":"standard","meta":{"footnotes":""},"categories":[88,352,87],"tags":[460,359,376,362],"class_list":["post-11845","post","type-post","status-publish","format-standard","has-post-thumbnail","hentry","category-africa-es","category-marrakech","category-marruecos","tag-guias-2","tag-que-ver","tag-tier-fijo","tag-tier-1","generate-columns","tablet-grid-50","mobile-grid-100","grid-parent","grid-33"],"_links":{"self":[{"href":"https:\/\/blog.guruwalk.com\/es\/wp-json\/wp\/v2\/posts\/11845","targetHints":{"allow":["GET"]}}],"collection":[{"href":"https:\/\/blog.guruwalk.com\/es\/wp-json\/wp\/v2\/posts"}],"about":[{"href":"https:\/\/blog.guruwalk.com\/es\/wp-json\/wp\/v2\/types\/post"}],"author":[{"embeddable":true,"href":"https:\/\/blog.guruwalk.com\/es\/wp-json\/wp\/v2\/users\/2"}],"replies":[{"embeddable":true,"href":"https:\/\/blog.guruwalk.com\/es\/wp-json\/wp\/v2\/comments?post=11845"}],"version-history":[{"count":9,"href":"https:\/\/blog.guruwalk.com\/es\/wp-json\/wp\/v2\/posts\/11845\/revisions"}],"predecessor-version":[{"id":46894,"href":"https:\/\/blog.guruwalk.com\/es\/wp-json\/wp\/v2\/posts\/11845\/revisions\/46894"}],"wp:featuredmedia":[{"embeddable":true,"href":"https:\/\/blog.guruwalk.com\/es\/wp-json\/wp\/v2\/media\/11847"}],"wp:attachment":[{"href":"https:\/\/blog.guruwalk.com\/es\/wp-json\/wp\/v2\/media?parent=11845"}],"wp:term":[{"taxonomy":"category","embeddable":true,"href":"https:\/\/blog.guruwalk.com\/es\/wp-json\/wp\/v2\/categories?post=11845"},{"taxonomy":"post_tag","embeddable":true,"href":"https:\/\/blog.guruwalk.com\/es\/wp-json\/wp\/v2\/tags?post=11845"}],"curies":[{"name":"wp","href":"https:\/\/api.w.org\/{rel}","templated":true}]}}