{"id":12938,"date":"2026-08-26T03:30:42","date_gmt":"2026-08-26T02:30:42","guid":{"rendered":"https:\/\/blog.guruwalk.com\/?p=12938"},"modified":"2026-08-27T14:09:59","modified_gmt":"2026-08-27T13:09:59","slug":"que-ver-en-milan","status":"publish","type":"post","link":"https:\/\/blog.guruwalk.com\/es\/que-ver-en-milan\/","title":{"rendered":"\u00bfQu\u00e9 ver y hacer en Mil\u00e1n? 12 lugares imprescindibles para visitar"},"content":{"rendered":"\n<p class=\"wp-block-paragraph\">\u00bfQu\u00e9 ver en Mil\u00e1n? El <a href=\"https:\/\/www.duomomilano.it\/\" rel=\"nofollow noreferrer noopener\" target=\"_blank\">Duomo de Mil\u00e1n<\/a>, <a href=\"https:\/\/cenacolovinciano.org\/\" rel=\"nofollow noreferrer noopener\" target=\"_blank\">La \u00daltima Cena<\/a>, Brera y la arquitectura contempor\u00e1nea permiten combinar patrimonio, arte y barrios modernos. Esta gu\u00eda organiza los lugares principales, una ruta de un d\u00eda y un <a href=\"https:\/\/www.guruwalk.com\/es\/milan\" target=\"_blank\" rel=\"noopener\">free tour en Mil\u00e1n<\/a>, con recomendaciones pr\u00e1cticas para preparar las visitas que requieren reserva.<\/p>\n\n\n\n<p style=\"font-size:0.85em;color:#666;border-left:3px solid #ddd;padding:4px 0 4px 12px;margin:12px 0\"><strong>Datos verificados: agosto 2026<\/strong> \u2014 Precios, horarios y requisitos de reserva comprobados con fuentes oficiales. Los gurus de GuruWalk en Mil\u00e1n revisaron las recomendaciones pr\u00e1cticas.<\/p>\n\n\n<div class=\"qvgw-indimg-places-grid\" id=\"qvgw-indimg-places-grid-2\" data-iib-headings=\"[{&quot;id&quot;:&quot;mejores-free-tours&quot;,&quot;position&quot;:0,&quot;title&quot;:&quot;Mejores free tours en Mil\\u00e1n&quot;},{&quot;id&quot;:&quot;milan-en-un-dia&quot;,&quot;position&quot;:1,&quot;title&quot;:&quot;Qu\\u00e9 ver en Mil\\u00e1n en un d\\u00eda: Ruta completa ma\\u00f1ana y tarde&quot;},{&quot;id&quot;:&quot;duomo-milan&quot;,&quot;position&quot;:2,&quot;title&quot;:&quot;El Duomo de Mil\\u00e1n: La catedral g\\u00f3tica&quot;},{&quot;id&quot;:&quot;galleria-vittorio&quot;,&quot;position&quot;:3,&quot;title&quot;:&quot;Galleria Vittorio Emanuele II: El sal\\u00f3n de Mil\\u00e1n&quot;},{&quot;id&quot;:&quot;pinacoteca-brera&quot;,&quot;position&quot;:4,&quot;title&quot;:&quot;Pinacoteca di Brera: El tesoro art\\u00edstico de Mil\\u00e1n&quot;},{&quot;id&quot;:&quot;castello-sforzesco&quot;,&quot;position&quot;:5,&quot;title&quot;:&quot;Castillo Sforzesco: Historia y arte medieval&quot;},{&quot;id&quot;:&quot;san-maurizio&quot;,&quot;position&quot;:6,&quot;title&quot;:&quot;Iglesia de San Maurizio: Los frescos lombardos&quot;},{&quot;id&quot;:&quot;teatro-scala&quot;,&quot;position&quot;:7,&quot;title&quot;:&quot;Teatro alla Scala: El templo de la \\u00f3pera&quot;},{&quot;id&quot;:&quot;santa-maria-grazie&quot;,&quot;position&quot;:8,&quot;title&quot;:&quot;Santa Maria delle Grazie: Hogar de &#039;La \\u00daltima Cena&#039;&quot;},{&quot;id&quot;:&quot;cementerio-monumental&quot;,&quot;position&quot;:9,&quot;title&quot;:&quot;Cementerio Monumental: Museo al aire libre&quot;},{&quot;id&quot;:&quot;piazza-gae-aulenti&quot;,&quot;position&quot;:10,&quot;title&quot;:&quot;Piazza Gae Aulenti: El Mil\\u00e1n moderno&quot;},{&quot;id&quot;:&quot;piazza-mercanti&quot;,&quot;position&quot;:11,&quot;title&quot;:&quot;Piazza Mercanti: El coraz\\u00f3n medieval&quot;},{&quot;id&quot;:&quot;parque-sempione&quot;,&quot;position&quot;:12,&quot;title&quot;:&quot;Parque Sempione: El pulm\\u00f3n verde de Mil\\u00e1n&quot;},{&quot;id&quot;:&quot;estacion-central&quot;,&quot;position&quot;:13,&quot;title&quot;:&quot;Estaci\\u00f3n Central: Arquitectura monumental del siglo XX&quot;},{&quot;id&quot;:&quot;como-llegar&quot;,&quot;position&quot;:14,&quot;title&quot;:&quot;C\\u00f3mo llegar a Mil\\u00e1n&quot;},{&quot;id&quot;:&quot;preguntas-frecuentes-sobre-milan&quot;,&quot;position&quot;:15,&quot;title&quot;:&quot;Preguntas frecuentes sobre Mil\\u00e1n&quot;}]\"><div class=\"qvgw-indimg-places-cards\"><div class=\"qvgw-indimg-place-card\"><a href=\"#mejores-free-tours\" class=\"qvgw-indimg-place-card__content no-image\"><p class=\"qvgw-indimg-place-card__title\">1. Mejores free tours en Mil\u00e1n<\/p><span class=\"qvgw-indimg-place-card__arrow\"><svg width=\"24\" height=\"24\" viewBox=\"0 0 24 24\" fill=\"none\" stroke=\"currentColor\" stroke-width=\"2\"><path d=\"M6 9l6 6 6-6\"><\/path><\/svg><\/span><\/a><\/div><div class=\"qvgw-indimg-place-card\"><a href=\"#milan-en-un-dia\" class=\"qvgw-indimg-place-card__content no-image\"><p class=\"qvgw-indimg-place-card__title\">2. Qu\u00e9 ver en Mil\u00e1n en un d\u00eda: Ruta completa ma\u00f1ana y tarde<\/p><span class=\"qvgw-indimg-place-card__arrow\"><svg width=\"24\" height=\"24\" viewBox=\"0 0 24 24\" fill=\"none\" stroke=\"currentColor\" stroke-width=\"2\"><path d=\"M6 9l6 6 6-6\"><\/path><\/svg><\/span><\/a><\/div><div class=\"qvgw-indimg-place-card\"><a href=\"#duomo-milan\" class=\"qvgw-indimg-place-card__content\"><div class=\"qvgw-indimg-place-card__image\"><img decoding=\"async\" src=\"https:\/\/blog.guruwalk.com\/wp-content\/uploads\/2025\/04\/image-64.jpeg\" alt=\"El Duomo de Mil\u00e1n: La catedral g\u00f3tica\"><\/div><p class=\"qvgw-indimg-place-card__title\">3. El Duomo de Mil\u00e1n: La catedral g\u00f3tica<\/p><span class=\"qvgw-indimg-place-card__arrow\"><svg width=\"24\" height=\"24\" viewBox=\"0 0 24 24\" fill=\"none\" stroke=\"currentColor\" stroke-width=\"2\"><path d=\"M6 9l6 6 6-6\"><\/path><\/svg><\/span><\/a><\/div><div class=\"qvgw-indimg-place-card\"><a href=\"#galleria-vittorio\" class=\"qvgw-indimg-place-card__content\"><div class=\"qvgw-indimg-place-card__image\"><img decoding=\"async\" src=\"https:\/\/blog.guruwalk.com\/wp-content\/uploads\/2025\/04\/image-65.jpeg\" alt=\"Galleria Vittorio Emanuele II: El sal\u00f3n de Mil\u00e1n\"><\/div><p class=\"qvgw-indimg-place-card__title\">4. Galleria Vittorio Emanuele II: El sal\u00f3n de Mil\u00e1n<\/p><span class=\"qvgw-indimg-place-card__arrow\"><svg width=\"24\" height=\"24\" viewBox=\"0 0 24 24\" fill=\"none\" stroke=\"currentColor\" stroke-width=\"2\"><path d=\"M6 9l6 6 6-6\"><\/path><\/svg><\/span><\/a><\/div><div class=\"qvgw-indimg-place-card\"><a href=\"#pinacoteca-brera\" class=\"qvgw-indimg-place-card__content\"><div class=\"qvgw-indimg-place-card__image\"><img decoding=\"async\" src=\"https:\/\/blog.guruwalk.com\/wp-content\/uploads\/2025\/04\/image-66.jpeg\" alt=\"Pinacoteca di Brera: El tesoro art\u00edstico de Mil\u00e1n\"><\/div><p class=\"qvgw-indimg-place-card__title\">5. Pinacoteca di Brera: El tesoro art\u00edstico de Mil\u00e1n<\/p><span class=\"qvgw-indimg-place-card__arrow\"><svg width=\"24\" height=\"24\" viewBox=\"0 0 24 24\" fill=\"none\" stroke=\"currentColor\" stroke-width=\"2\"><path d=\"M6 9l6 6 6-6\"><\/path><\/svg><\/span><\/a><\/div><div class=\"qvgw-indimg-place-card\"><a href=\"#castello-sforzesco\" class=\"qvgw-indimg-place-card__content\"><div class=\"qvgw-indimg-place-card__image\"><img decoding=\"async\" src=\"https:\/\/blog.guruwalk.com\/wp-content\/uploads\/2025\/04\/image-67.jpeg\" alt=\"Castillo Sforzesco: Historia y arte medieval\"><\/div><p class=\"qvgw-indimg-place-card__title\">6. Castillo Sforzesco: Historia y arte medieval<\/p><span class=\"qvgw-indimg-place-card__arrow\"><svg width=\"24\" height=\"24\" viewBox=\"0 0 24 24\" fill=\"none\" stroke=\"currentColor\" stroke-width=\"2\"><path d=\"M6 9l6 6 6-6\"><\/path><\/svg><\/span><\/a><\/div><div class=\"qvgw-indimg-place-card qvgw-indimg-place-card--hidden\"><a href=\"#san-maurizio\" class=\"qvgw-indimg-place-card__content\"><div class=\"qvgw-indimg-place-card__image\"><img decoding=\"async\" src=\"https:\/\/blog.guruwalk.com\/wp-content\/uploads\/2026\/06\/inline_12938.webp\" alt=\"Iglesia de San Maurizio: Los frescos lombardos\"><\/div><p class=\"qvgw-indimg-place-card__title\">7. Iglesia de San Maurizio: Los frescos lombardos<\/p><span class=\"qvgw-indimg-place-card__arrow\"><svg width=\"24\" height=\"24\" viewBox=\"0 0 24 24\" fill=\"none\" stroke=\"currentColor\" stroke-width=\"2\"><path d=\"M6 9l6 6 6-6\"><\/path><\/svg><\/span><\/a><\/div><div class=\"qvgw-indimg-place-card qvgw-indimg-place-card--hidden\"><a href=\"#teatro-scala\" class=\"qvgw-indimg-place-card__content no-image\"><p class=\"qvgw-indimg-place-card__title\">8. Teatro alla Scala: El templo de la \u00f3pera<\/p><span class=\"qvgw-indimg-place-card__arrow\"><svg width=\"24\" height=\"24\" viewBox=\"0 0 24 24\" fill=\"none\" stroke=\"currentColor\" stroke-width=\"2\"><path d=\"M6 9l6 6 6-6\"><\/path><\/svg><\/span><\/a><\/div><div class=\"qvgw-indimg-place-card qvgw-indimg-place-card--hidden\"><a href=\"#santa-maria-grazie\" class=\"qvgw-indimg-place-card__content\"><div class=\"qvgw-indimg-place-card__image\"><img decoding=\"async\" src=\"https:\/\/blog.guruwalk.com\/wp-content\/uploads\/2025\/04\/image-70.jpeg\" alt=\"Santa Maria delle Grazie: Hogar de &#039;La \u00daltima Cena&#039;\"><\/div><p class=\"qvgw-indimg-place-card__title\">9. Santa Maria delle Grazie: Hogar de &#039;La \u00daltima Cena&#039;<\/p><span class=\"qvgw-indimg-place-card__arrow\"><svg width=\"24\" height=\"24\" viewBox=\"0 0 24 24\" fill=\"none\" stroke=\"currentColor\" stroke-width=\"2\"><path d=\"M6 9l6 6 6-6\"><\/path><\/svg><\/span><\/a><\/div><div class=\"qvgw-indimg-place-card qvgw-indimg-place-card--hidden\"><a href=\"#cementerio-monumental\" class=\"qvgw-indimg-place-card__content\"><div class=\"qvgw-indimg-place-card__image\"><img decoding=\"async\" src=\"https:\/\/blog.guruwalk.com\/wp-content\/uploads\/2025\/04\/image-71.jpeg\" alt=\"Cementerio Monumental: Museo al aire libre\"><\/div><p class=\"qvgw-indimg-place-card__title\">10. Cementerio Monumental: Museo al aire libre<\/p><span class=\"qvgw-indimg-place-card__arrow\"><svg width=\"24\" height=\"24\" viewBox=\"0 0 24 24\" fill=\"none\" stroke=\"currentColor\" stroke-width=\"2\"><path d=\"M6 9l6 6 6-6\"><\/path><\/svg><\/span><\/a><\/div><div class=\"qvgw-indimg-place-card qvgw-indimg-place-card--hidden\"><a href=\"#piazza-gae-aulenti\" class=\"qvgw-indimg-place-card__content\"><div class=\"qvgw-indimg-place-card__image\"><img decoding=\"async\" src=\"https:\/\/blog.guruwalk.com\/wp-content\/uploads\/2025\/04\/image-72.jpeg\" alt=\"Piazza Gae Aulenti: El Mil\u00e1n moderno\"><\/div><p class=\"qvgw-indimg-place-card__title\">11. Piazza Gae Aulenti: El Mil\u00e1n moderno<\/p><span class=\"qvgw-indimg-place-card__arrow\"><svg width=\"24\" height=\"24\" viewBox=\"0 0 24 24\" fill=\"none\" stroke=\"currentColor\" stroke-width=\"2\"><path d=\"M6 9l6 6 6-6\"><\/path><\/svg><\/span><\/a><\/div><div class=\"qvgw-indimg-place-card qvgw-indimg-place-card--hidden\"><a href=\"#piazza-mercanti\" class=\"qvgw-indimg-place-card__content\"><div class=\"qvgw-indimg-place-card__image\"><img decoding=\"async\" src=\"https:\/\/blog.guruwalk.com\/wp-content\/uploads\/2025\/04\/image-73.jpeg\" alt=\"Piazza Mercanti: El coraz\u00f3n medieval\"><\/div><p class=\"qvgw-indimg-place-card__title\">12. Piazza Mercanti: El coraz\u00f3n medieval<\/p><span class=\"qvgw-indimg-place-card__arrow\"><svg width=\"24\" height=\"24\" viewBox=\"0 0 24 24\" fill=\"none\" stroke=\"currentColor\" stroke-width=\"2\"><path d=\"M6 9l6 6 6-6\"><\/path><\/svg><\/span><\/a><\/div><div class=\"qvgw-indimg-place-card qvgw-indimg-place-card--hidden\"><a href=\"#parque-sempione\" class=\"qvgw-indimg-place-card__content\"><div class=\"qvgw-indimg-place-card__image\"><img decoding=\"async\" src=\"https:\/\/blog.guruwalk.com\/wp-content\/uploads\/2025\/04\/image-74.jpeg\" alt=\"Parque Sempione: El pulm\u00f3n verde de Mil\u00e1n\"><\/div><p class=\"qvgw-indimg-place-card__title\">13. Parque Sempione: El pulm\u00f3n verde de Mil\u00e1n<\/p><span class=\"qvgw-indimg-place-card__arrow\"><svg width=\"24\" height=\"24\" viewBox=\"0 0 24 24\" fill=\"none\" stroke=\"currentColor\" stroke-width=\"2\"><path d=\"M6 9l6 6 6-6\"><\/path><\/svg><\/span><\/a><\/div><div class=\"qvgw-indimg-place-card qvgw-indimg-place-card--hidden\"><a href=\"#estacion-central\" class=\"qvgw-indimg-place-card__content\"><div class=\"qvgw-indimg-place-card__image\"><img decoding=\"async\" src=\"https:\/\/blog.guruwalk.com\/wp-content\/uploads\/2025\/04\/image-75.jpeg\" alt=\"Estaci\u00f3n Central: Arquitectura monumental del siglo XX\"><\/div><p class=\"qvgw-indimg-place-card__title\">14. Estaci\u00f3n Central: Arquitectura monumental del siglo XX<\/p><span class=\"qvgw-indimg-place-card__arrow\"><svg width=\"24\" height=\"24\" viewBox=\"0 0 24 24\" fill=\"none\" stroke=\"currentColor\" stroke-width=\"2\"><path d=\"M6 9l6 6 6-6\"><\/path><\/svg><\/span><\/a><\/div><div class=\"qvgw-indimg-place-card qvgw-indimg-place-card--hidden\"><a href=\"#como-llegar\" class=\"qvgw-indimg-place-card__content no-image\"><p class=\"qvgw-indimg-place-card__title\">15. C\u00f3mo llegar a Mil\u00e1n<\/p><span class=\"qvgw-indimg-place-card__arrow\"><svg width=\"24\" height=\"24\" viewBox=\"0 0 24 24\" fill=\"none\" stroke=\"currentColor\" stroke-width=\"2\"><path d=\"M6 9l6 6 6-6\"><\/path><\/svg><\/span><\/a><\/div><div class=\"qvgw-indimg-place-card qvgw-indimg-place-card--hidden\"><a href=\"#preguntas-frecuentes-sobre-milan\" class=\"qvgw-indimg-place-card__content no-image\"><p class=\"qvgw-indimg-place-card__title\">16. Preguntas frecuentes sobre Mil\u00e1n<\/p><span class=\"qvgw-indimg-place-card__arrow\"><svg width=\"24\" height=\"24\" viewBox=\"0 0 24 24\" fill=\"none\" stroke=\"currentColor\" stroke-width=\"2\"><path d=\"M6 9l6 6 6-6\"><\/path><\/svg><\/span><\/a><\/div><\/div><button class=\"qvgw-indimg-places-expand\" data-action=\"expand\" aria-expanded=\"false\">Ver m\u00e1s<\/button><\/div>\n\n\n<h2 class=\"wp-block-heading\" id=\"mejores-free-tours\">Mejores free tours en Mil\u00e1n<\/h2>\n\n\n\n<p class=\"wp-block-paragraph\">Un <a href=\"https:\/\/www.guruwalk.com\/es\/milan\" target=\"_blank\" rel=\"noopener\">free tour en Mil\u00e1n<\/a> es una forma pr\u00e1ctica de comenzar a orientarse entre el Duomo, la Galleria Vittorio Emanuele II y las plazas del centro hist\u00f3rico. No tiene un precio cerrado: como referencia, la aportaci\u00f3n habitual es de 10 \u20ac a 20 \u20ac por persona, aunque puede llegar hasta 50 \u20ac seg\u00fan la duraci\u00f3n, el tama\u00f1o del grupo y la valoraci\u00f3n de la experiencia.<\/p>\n\n\n    <script async defer src=\"https:\/\/assets.guruwalk.com\/affiliates\/widget.min.js\"><\/script>\n    <guruwalk-tour-cards \n        affiliate=\"6ggvn1wuf0rlyogypi99\" \n        city=\"milan\" \n        lang=\"es\" \n        text-color=\"#484848\" \n        primary-color=\"#ff5a5f\" \n        secondary-color=\"#008489\" \n        limit=\"3\" \n        description=\"abstract\">\n    <\/guruwalk-tour-cards>\n    \n\n\n<h2 class=\"wp-block-heading\" id=\"milan-en-un-dia\">Qu\u00e9 ver en Mil\u00e1n en un d\u00eda: Ruta completa ma\u00f1ana y tarde<\/h2>\n\n\n\n<p class=\"wp-block-paragraph\">Si solo tienes un d\u00eda, esta ruta re\u00fane varios lugares emblem\u00e1ticos de <strong>Mil\u00e1n en 24 horas<\/strong>. El plan exige seleccionar las visitas interiores: intentar entrar al Duomo, el Museo alla Scala, La \u00daltima Cena y los museos del Castillo Sforzesco en una misma jornada deja poco margen para desplazamientos o esperas.<\/p>\n\n\n\n<h3 class=\"wp-block-heading\">Ma\u00f1ana: El coraz\u00f3n hist\u00f3rico<\/h3>\n\n\n\n<ol class=\"wp-block-list\">\n<li><strong>8:30-10:30, <a href=\"#duomo-milan\">Duomo de Mil\u00e1n<\/a>:<\/strong> reserva unas dos horas si vas a entrar en la catedral y subir a las terrazas; si solo ves el exterior, bastan 30-40 minutos. La Galleria est\u00e1 junto a la plaza.<\/li>\n\n\n\n<li><strong>10:30-11:00, <a href=\"#galleria-vittorio\">Galleria Vittorio Emanuele II<\/a>:<\/strong> cruza la galer\u00eda a pie y observa su estructura de hierro y vidrio antes de continuar hacia La Scala, a menos de cinco minutos.<\/li>\n\n\n\n<li><strong>11:00-12:00, <a href=\"#teatro-scala\">Teatro alla Scala<\/a>:<\/strong> contempla la fachada o reserva entre 45 y 60 minutos para el museo. El acceso al auditorio depende de los ensayos y funciones programados.<\/li>\n\n\n\n<li><strong>12:10-13:00, <a href=\"#piazza-mercanti\">Piazza Mercanti<\/a>:<\/strong> camina unos diez minutos desde La Scala para recorrer la plaza medieval antes de la pausa para comer.<\/li>\n<\/ol>\n\n\n\n<h3 class=\"wp-block-heading\">Tarde: Arte y modernidad<\/h3>\n\n\n\n<p class=\"wp-block-paragraph\">Tras el almuerzo, calcula entre 20 y 30 minutos en transporte p\u00fablico para llegar a <a href=\"#santa-maria-grazie\">Santa Maria delle Grazie<\/a>. El acceso a La \u00daltima Cena depende de conseguir una reserva con hora asignada; si no hay disponibilidad, limita la parada al exterior de la iglesia y dedica ese tiempo al <a href=\"#castello-sforzesco\">Castillo Sforzesco<\/a>. Desde all\u00ed puedes recorrer el <a href=\"#parque-sempione\">Parque Sempione<\/a> y continuar en metro hasta <a href=\"#piazza-gae-aulenti\">Piazza Gae Aulenti<\/a>, un traslado de unos 15-20 minutos. Considera las visitas a los museos y monumentos como alternativas, no como entradas acumulativas en una sola tarde.<\/p>\n\n\n\n<p class=\"wp-block-paragraph\"><strong>Consejo para organizar el tiempo:<\/strong> consulta disponibilidad y reserva en los sitios oficiales del Duomo y La \u00daltima Cena antes de cerrar la ruta. Un billete de transporte v\u00e1lido para la jornada puede resultar \u00fatil para los trayectos hacia Santa Maria delle Grazie y Piazza Gae Aulenti, aunque el n\u00facleo comprendido entre el Duomo y el Castillo Sforzesco se recorre a pie.<\/p>\n\n\n\n<h2 class=\"wp-block-heading\" id=\"duomo-milan\">El Duomo de Mil\u00e1n: La catedral g\u00f3tica<\/h2>\n\n\n\n<figure class=\"wp-block-image size-full\"><img decoding=\"async\" width=\"960\" height=\"639\" src=\"https:\/\/blog.guruwalk.com\/wp-content\/uploads\/2025\/04\/image-64.jpeg\" alt=\"Fachada g\u00f3tica del Duomo de Mil\u00e1n con turistas en la plaza\" class=\"wp-image-12939\" srcset=\"https:\/\/blog.guruwalk.com\/wp-content\/uploads\/2025\/04\/image-64.jpeg 960w, https:\/\/blog.guruwalk.com\/wp-content\/uploads\/2025\/04\/image-64-300x200.jpeg 300w, https:\/\/blog.guruwalk.com\/wp-content\/uploads\/2025\/04\/image-64-768x511.jpeg 768w\" sizes=\"(max-width: 960px) 100vw, 960px\" \/><figcaption class=\"wp-element-caption\">Fachada g\u00f3tica del Duomo de Mil\u00e1n<\/figcaption><\/figure>\n\n\n\n<p class=\"wp-block-paragraph\">La <strong>Catedral de Mil\u00e1n<\/strong>, conocida como <strong>Duomo de Mil\u00e1n<\/strong>, mide cerca de 158 metros de longitud. Se ha eliminado la referencia anterior a una altura de 15 metros y al aforo, ya que las condiciones de acceso pueden variar; la web oficial enlazada al comienzo de la gu\u00eda re\u00fane la informaci\u00f3n vigente para la visita. Es una de las <strong>catedrales cat\u00f3licas de mayor tama\u00f1o del mundo<\/strong>. El lugar donde se construy\u00f3 estuvo desde el siglo V ocupado por la Bas\u00edlica de San Ambrosio, y en el 836 se le agreg\u00f3 la Bas\u00edlica de Santa Teresa.<\/p>\n\n\n\n<p class=\"wp-block-paragraph\">La zona del Duomo de la ciudad es muy importante desde el siglo IV. All\u00ed podr\u00e1s visitar las <strong>bas\u00edlicas de Santa Mar\u00eda Maggiore y de Santa Tecla<\/strong>, que se construyeron hasta el siglo XIV. La creaci\u00f3n del Duomo en este lugar se produjo en el 1386, posteriormente a que en 1075 los dos edificios se destruyeran por un gran incendio.<\/p>\n\n\n\n<h3 class=\"wp-block-heading\">Consejos para tu visita al Duomo<\/h3>\n\n\n\n<ul class=\"wp-block-list\">\n<li><strong>\u23f0 Planificaci\u00f3n:<\/strong> consulta los turnos disponibles antes de acudir<\/li>\n\n\n\n<li><strong>\ud83d\udcb6 Entradas:<\/strong> compra en la web oficial y revisa qu\u00e9 espacios incluye cada modalidad<\/li>\n\n\n\n<li><strong>\ud83d\udc54 C\u00f3digo de vestimenta:<\/strong> hombros y rodillas cubiertos<\/li>\n\n\n\n<li><strong>\ud83d\udcf8 Punto fotogr\u00e1fico:<\/strong> las terrazas permiten observar de cerca las agujas<\/li>\n\n\n\n<li><strong>\ud83c\udf9f\ufe0f Terrazas:<\/strong> comprueba si el acceso elegido es por escaleras o ascensor<\/li>\n<\/ul>\n\n\n\n<p class=\"wp-block-paragraph\">La construcci\u00f3n del Duomo de Mil\u00e1n se <strong>realiz\u00f3 bajo el mandato del Gian Galeazzo Visconti<\/strong>. Su objetivo fue celebrar la pol\u00edtica de expansi\u00f3n territorial de los Visconti. La construcci\u00f3n de la catedral se realiz\u00f3 lentamente a lo largo de cinco siglos. El resultado de todo el trabajo dio lugar a una arquitectura \u00fanica que mezcl\u00f3 la tradici\u00f3n lombarda con el estilo g\u00f3tico.<\/p>\n\n\n\n<p class=\"wp-block-paragraph\">La Catedral se reviste de m\u00e1rmol blanco rosado y cuenta con torres coronadas por estatuas que observan toda la ciudad. En el punto m\u00e1s alto de la Catedral est\u00e1 situada la <strong>estatua de Madonnina<\/strong>, una figura de cobre dorado que esculpi\u00f3 Giuseppe Perego a finales del siglo XVIII y que se convirti\u00f3 en el <strong>s\u00edmbolo de la ciudad<\/strong>.<\/p>\n\n\n\n<h2 class=\"wp-block-heading\" id=\"galleria-vittorio\">Galleria Vittorio Emanuele II: El sal\u00f3n de Mil\u00e1n<\/h2>\n\n\n\n<figure class=\"wp-block-image size-full\"><img decoding=\"async\" width=\"960\" height=\"640\" src=\"https:\/\/blog.guruwalk.com\/wp-content\/uploads\/2025\/04\/image-65.jpeg\" alt=\"Entrada de la Galleria Vittorio Emanuele II en Mil\u00e1n\" class=\"wp-image-12947\" srcset=\"https:\/\/blog.guruwalk.com\/wp-content\/uploads\/2025\/04\/image-65.jpeg 960w, https:\/\/blog.guruwalk.com\/wp-content\/uploads\/2025\/04\/image-65-300x200.jpeg 300w, https:\/\/blog.guruwalk.com\/wp-content\/uploads\/2025\/04\/image-65-768x512.jpeg 768w\" sizes=\"(max-width: 960px) 100vw, 960px\" \/><figcaption class=\"wp-element-caption\">Entrada de la Galleria Vittorio Emanuele II<\/figcaption><\/figure>\n\n\n\n<p class=\"wp-block-paragraph\">La Galleria Vittorio Emanuele II recibe tambi\u00e9n el nombre de El Sal\u00f3n de Mil\u00e1n. Se trata de una galer\u00eda que alberga algunas de las tiendas m\u00e1s conocidas de Mil\u00e1n. Esta <strong>\u00e1rea comercial se cre\u00f3 en el siglo XIX<\/strong>. Adem\u00e1s de sus comercios, encontrar\u00e1s restaurantes con terraza. El edificio se construy\u00f3 a finales del siglo XIX y est\u00e1 cubierto por b\u00f3vedas de hierro y vidrio.<\/p>\n\n\n\n<p class=\"wp-block-paragraph\">La galer\u00eda est\u00e1 situada entre la Catedral y el Teatro alla Scala, dos monumentos centrales de la ciudad. Su construcci\u00f3n, como la de otros espacios modernos similares, estuvo relacionada con la creaci\u00f3n de las grandes avenidas y plazas del siglo XIX. En 1860 se derribaron numerosas casas y tiendas para construir la que entonces ser\u00eda la futurista Galleria Vittorio Emanuele II.<\/p>\n\n\n\n<h2 class=\"wp-block-heading\" id=\"pinacoteca-brera\">Pinacoteca di Brera: El tesoro art\u00edstico de Mil\u00e1n<\/h2>\n\n\n\n<figure class=\"wp-block-image size-full\"><img decoding=\"async\" width=\"960\" height=\"639\" src=\"https:\/\/blog.guruwalk.com\/wp-content\/uploads\/2025\/04\/image-66.jpeg\" alt=\"Interior de la Pinacoteca di Brera en Mil\u00e1n con estatua central y arcos\" class=\"wp-image-12955\" srcset=\"https:\/\/blog.guruwalk.com\/wp-content\/uploads\/2025\/04\/image-66.jpeg 960w, https:\/\/blog.guruwalk.com\/wp-content\/uploads\/2025\/04\/image-66-300x200.jpeg 300w, https:\/\/blog.guruwalk.com\/wp-content\/uploads\/2025\/04\/image-66-768x511.jpeg 768w\" sizes=\"(max-width: 960px) 100vw, 960px\" \/><figcaption class=\"wp-element-caption\">Estatua de Napole\u00f3n en el patio de Brera, Mil\u00e1n<\/figcaption><\/figure>\n\n\n\n<p class=\"wp-block-paragraph\">La <strong>Pinacoteca de Brera<\/strong> tiene su sede en el palacio que lleva su nombre y cuenta con una de las colecciones de pintura italiana m\u00e1s importantes del mundo. Se encuentra en pleno centro de la ciudad, a unas pocas manzanas de otros lugares importantes como La Scala o el Castillo Sforzesco. El edificio <strong>se construy\u00f3 sobre un monasterio del siglo XIV<\/strong> que hab\u00eda pertenecido primero a los Umiliati y luego a los jesuitas, que fundaron all\u00ed una escuela.<\/p>\n\n\n\n<p class=\"wp-block-paragraph\">A finales del siglo XVIII, la emperatriz Mar\u00eda Teresa de Austria coloc\u00f3 all\u00ed varias instituciones culturales que a d\u00eda de hoy siguen funcionando. La Pinacoteca de Brera existe como la conocemos actualmente desde 1809. Las <strong>obras que formaban la Galleria<\/strong> proced\u00edan de todos los pa\u00edses que fueron conquistados por los franceses, as\u00ed como de los conventos y de los museos abandonados cuando se disolvieron las \u00f3rdenes religiosas en toda Italia.<\/p>\n\n\n\n<p class=\"wp-block-paragraph\">La Galleria clasific\u00f3 las obras en 1882 al separarse de la Academia: <strong>coloc\u00f3 por un lado las que formar\u00edan el museo y, por otro, las destinadas a fines did\u00e1cticos<\/strong>. En los a\u00f1os siguientes, las colecciones se ampliaron gracias a donaciones y nuevas adquisiciones. Hoy cuenta con m\u00e1s de 30 salas ordenadas cronol\u00f3gica y geogr\u00e1ficamente, con <strong>obras de los siglos XV al XX<\/strong>.<\/p>\n\n\n\n<h3 class=\"wp-block-heading\">Consejos para tu visita a la Pinacoteca<\/h3>\n\n\n\n<ul class=\"wp-block-list\">\n<li><strong>\ud83c\udfa8 Obras destacadas:<\/strong>\n<ul class=\"wp-block-list\">\n<li>Cristo muerto de Mantegna<\/li>\n\n\n\n<li>El beso de Hayez<\/li>\n\n\n\n<li>La Virgen con el Ni\u00f1o de Giovanni Bellini<\/li>\n<\/ul>\n<\/li>\n\n\n\n<li><strong>\u23f0 Planificaci\u00f3n:<\/strong> consulta las franjas disponibles antes de la visita<\/li>\n\n\n\n<li><strong>\ud83d\udca1 Acceso:<\/strong> comprueba en la web oficial si existen jornadas gratuitas y qu\u00e9 condiciones aplican<\/li>\n\n\n\n<li><strong>\ud83d\udcf1 Audiogu\u00eda:<\/strong> confirma los idiomas disponibles al reservar<\/li>\n<\/ul>\n\n\n\n<h2 class=\"wp-block-heading\" id=\"castello-sforzesco\">Castillo Sforzesco: Historia y arte medieval<\/h2>\n\n\n\n<figure class=\"wp-block-image size-full\"><img decoding=\"async\" width=\"960\" height=\"637\" src=\"https:\/\/blog.guruwalk.com\/wp-content\/uploads\/2025\/04\/image-67.jpeg\" alt=\"Claustro del Castillo Sforzesco de Mil\u00e1n con arcos y estanque\" class=\"wp-image-12963\" srcset=\"https:\/\/blog.guruwalk.com\/wp-content\/uploads\/2025\/04\/image-67.jpeg 960w, https:\/\/blog.guruwalk.com\/wp-content\/uploads\/2025\/04\/image-67-300x199.jpeg 300w, https:\/\/blog.guruwalk.com\/wp-content\/uploads\/2025\/04\/image-67-768x510.jpeg 768w\" sizes=\"(max-width: 960px) 100vw, 960px\" \/><figcaption class=\"wp-element-caption\">Claustro del Castillo Sforzesco de Mil\u00e1n con estanque<\/figcaption><\/figure>\n\n\n\n<p class=\"wp-block-paragraph\">El Castillo Sforzesco se construy\u00f3 durante el siglo XIV como fortaleza y es uno de los <strong>espacios hist\u00f3ricos principales<\/strong> de la ciudad. Despu\u00e9s se transform\u00f3 en un palacio ducal que qued\u00f3 pr\u00e1cticamente destruido durante la Rep\u00fablica Ambrosiana.<\/p>\n\n\n\n<p class=\"wp-block-paragraph\">En el siglo XIX hab\u00eda discusiones en la ciudad sobre si se formaba un barrio residencial de lujo o si se manten\u00eda el patrimonio hist\u00f3rico. Gan\u00f3 esta \u00faltima posici\u00f3n y Luca Beltrami, el arquitecto, devolvi\u00f3 al castillo su aspecto de la \u00e9poca de los Sforza.<\/p>\n\n\n\n<p class=\"wp-block-paragraph\">Tambi\u00e9n es importante saber que Leonardo da Vinci trabaj\u00f3 all\u00ed a finales del siglo XV. Se dedic\u00f3, desde el a\u00f1o 1498, a pintar motivos florales. Esta etapa dur\u00f3 poco debido a que el castillo fue gravemente da\u00f1ado en los a\u00f1os posteriores a causa de los ataques de alemanes, italianos y franceses.<\/p>\n\n\n\n<p class=\"wp-block-paragraph\">Antes de que esto ocurriera, el castillo habr\u00eda sido una de las cortes m\u00e1s lujosas del pa\u00eds, con gran reconocimiento. Esta fama dur\u00f3 de 1494 a 1499, un per\u00edodo conocido como el de <strong>Ludovico el Moro<\/strong>. Importantes artistas acudieron al castillo. Adem\u00e1s de Leonardo da Vinci, se pudo disfrutar de la presencia de <strong>Bramante<\/strong>, entre otros.<\/p>\n\n\n\n<pre class=\"wp-block-preformatted has-background\" style=\"background-color:#a1cc2921\"><strong>TIP<br><br><\/strong>Busca la Piet\u00e0 Rondanini, la \u00faltima obra inacabada de Miguel \u00c1ngel, ubicada en una sala especialmente acondicionada del castillo. La entrada al patio del castillo es gratuita, pero necesitar\u00e1s un ticket para acceder a los museos.<\/pre>\n\n\n\n<p class=\"wp-block-paragraph\">Una vez comenzaron los ataques de las distintas tropas, en los que el castillo sufri\u00f3 graves da\u00f1os, los franceses alcanzaron la victoria en 1515. Esto se produjo con la derrota de <strong>Maximiliano Sforza<\/strong> en la Batalla de Marignano. En esta \u00e9poca, el rey Francisco I de Francia se qued\u00f3 en la ciudad y los defensores acabaron asumiendo la derrota y rindi\u00e9ndose, debido a que los soldados franceses comenzaron a colocar minas bajo los cimientos del castillo.<\/p>\n\n\n\n<p class=\"wp-block-paragraph\">A\u00f1os despu\u00e9s, en 1521, la Torre del Filarete acab\u00f3 explotando, pero no fue a causa de dichas minas: este lugar se utiliz\u00f3 como <strong>dep\u00f3sito de armas<\/strong>. Posteriormente, el poder de Mil\u00e1n fue reconquistado por Francisco II Sforza, aunque durante un per\u00edodo muy breve. En esta \u00e9poca, el rey se dedic\u00f3 a ampliar el castillo y restaurar sus espacios. La fortaleza se adapt\u00f3 para que fuera la residencia de su esposa, Cristina de Dinamarca.<\/p>\n\n\n\n<p class=\"wp-block-paragraph\">El <strong>castillo tiene algunos de los museos m\u00e1s importantes de Mil\u00e1n<\/strong>, como el de Arte Antiguo, la Pinacoteca, el Egipcio, el de Prehistoria y Protohistoria, el de Artes Decorativas, el de Instrumentos Musicales y el del Mueble. Asimismo, encontramos otros espacios expositivos, como el de la Piedad Rondanini, la Sala delle Asse, la Colecci\u00f3n Numism\u00e1tica, la Colecci\u00f3n de Dibujos y la de Grabados.<\/p>\n\n\n\n<h3 class=\"wp-block-heading\">Informaci\u00f3n pr\u00e1ctica del Castillo<\/h3>\n\n\n\n<ul class=\"wp-block-list\">\n<li><strong>\ud83c\udff0 Museos del castillo:<\/strong>\n<ul class=\"wp-block-list\">\n<li>Museo de Arte Antiguo<\/li>\n\n\n\n<li>Museo de Instrumentos Musicales<\/li>\n\n\n\n<li>Museo Egipcio<\/li>\n\n\n\n<li>Pinacoteca del Castello<\/li>\n<\/ul>\n<\/li>\n\n\n\n<li><strong>\u23f0 Planificaci\u00f3n:<\/strong> reserva m\u00e1s tiempo si quieres entrar en varios museos<\/li>\n\n\n\n<li><strong>\ud83c\udfab Entrada:<\/strong> gratuita para el patio y de pago para los museos<\/li>\n\n\n\n<li><strong>\ud83d\udcf8 Punto fotogr\u00e1fico:<\/strong> la Torre del Filarete y los patios interiores<\/li>\n<\/ul>\n\n\n<div class=\"gw-products-block\" style=\"--gw-nav-width:30px; --gw-nav-height:30px; --gw-chevron-w:15px; --gw-chevron-h:15px; --gw-circle-color:#0a5bd9; --gw-chevron-color:#0a5bd9;\"><div class=\"gw-products-carousel\" aria-live=\"polite\"><article class=\"gw-card\"><div class=\"gw-card__image\"><img decoding=\"async\" class=\"gw-card__photo\" src=\"https:\/\/blog.guruwalk.com\/wp-content\/uploads\/gw-products\/images\/585a1418c701fd0e47509928eede7c38.webp\" alt=\"Visita guiada por el Castillo Sforzesco y la Torre Branca\" loading=\"lazy\" \/><div class=\"gw-flags\" aria-label=\"Idiomas disponibles\"><span class=\"gw-flag\" title=\"EN\"><img decoding=\"async\" class=\"gw-flag-img\" src=\"https:\/\/blog.guruwalk.com\/wp-content\/uploads\/gw-products\/flags\/gb.svg\" alt=\"EN\" loading=\"lazy\" width=\"22\" height=\"16\" \/><\/span><span class=\"gw-flag\" title=\"ES\"><img decoding=\"async\" class=\"gw-flag-img\" src=\"https:\/\/blog.guruwalk.com\/wp-content\/uploads\/gw-products\/flags\/es.svg\" alt=\"ES\" loading=\"lazy\" width=\"22\" height=\"16\" \/><\/span><\/div><\/div><div class=\"gw-card__body\"><h3 class=\"gw-card__title\">Visita guiada por el Castillo Sforzesco y la Torre Branca<\/h3><div class=\"gw-card__footer\"><div class=\"gw-card__price\">Desde \u20ac40,00<\/div><\/div><\/div><a class=\"gw-card__link\" href=\"https:\/\/www.guruwalk.com\/es\/walks\/p69597-visita-guiada-por-el-castillo-sforzesco-y-la-torre-branca-cGFub3B0ZXM\" target=\"_blank\" rel=\"noopener\" aria-label=\"Visita guiada por el Castillo Sforzesco y la Torre Branca\"><\/a><\/article><article class=\"gw-card\"><div class=\"gw-card__image\"><img decoding=\"async\" class=\"gw-card__photo\" src=\"https:\/\/blog.guruwalk.com\/wp-content\/uploads\/gw-products\/images\/f802175c47c8337bf0441a262570a5f1.webp\" alt=\"Mil\u00e1n: tour guiado privado por el Castillo Sforzesco\" loading=\"lazy\" \/><div class=\"gw-flags\" aria-label=\"Idiomas disponibles\"><span class=\"gw-flag\" title=\"DE\"><img decoding=\"async\" class=\"gw-flag-img\" src=\"https:\/\/blog.guruwalk.com\/wp-content\/uploads\/gw-products\/flags\/de.svg\" alt=\"DE\" loading=\"lazy\" width=\"22\" height=\"16\" \/><\/span><span class=\"gw-flag\" title=\"EN\"><img decoding=\"async\" class=\"gw-flag-img\" src=\"https:\/\/blog.guruwalk.com\/wp-content\/uploads\/gw-products\/flags\/gb.svg\" alt=\"EN\" loading=\"lazy\" width=\"22\" height=\"16\" \/><\/span><span class=\"gw-flag\" title=\"ES\"><img decoding=\"async\" class=\"gw-flag-img\" src=\"https:\/\/blog.guruwalk.com\/wp-content\/uploads\/gw-products\/flags\/es.svg\" alt=\"ES\" loading=\"lazy\" width=\"22\" height=\"16\" \/><\/span><span class=\"gw-flag\" title=\"FR\"><img decoding=\"async\" class=\"gw-flag-img\" src=\"https:\/\/blog.guruwalk.com\/wp-content\/uploads\/gw-products\/flags\/fr.svg\" alt=\"FR\" loading=\"lazy\" width=\"22\" height=\"16\" \/><\/span><\/div><\/div><div class=\"gw-card__body\"><h3 class=\"gw-card__title\">Mil\u00e1n: tour guiado privado por el Castillo Sforzesco<\/h3><div class=\"gw-card__footer\"><div class=\"gw-card__meta\"><div class=\"gw-rating\" aria-label=\"Valoraci\u00f3n 4.8 de 5\"><span class=\"gw-star gw-star--full\" aria-hidden=\"true\">\u2605<\/span><span class=\"gw-star gw-star--full\" aria-hidden=\"true\">\u2605<\/span><span class=\"gw-star gw-star--full\" aria-hidden=\"true\">\u2605<\/span><span class=\"gw-star gw-star--full\" aria-hidden=\"true\">\u2605<\/span><span class=\"gw-star gw-star--half\" aria-hidden=\"true\">\u2606<\/span><span class=\"gw-rating__count\">4,8 (19)<\/span><\/div><\/div><div class=\"gw-card__price\">Desde \u20ac74,00<\/div><\/div><\/div><a class=\"gw-card__link\" href=\"https:\/\/www.guruwalk.com\/es\/walks\/p137315-milan-tour-guiado-privado-por-el-castillo-sforzesco-cGFub3B0ZXM\" target=\"_blank\" rel=\"noopener\" aria-label=\"Mil\u00e1n: tour guiado privado por el Castillo Sforzesco\"><\/a><\/article><\/div><\/div>\n\n\n<h2 class=\"wp-block-heading\" id=\"san-maurizio\">Iglesia de San Maurizio: Los frescos lombardos<\/h2>\n\n\n\n<figure class=\"wp-block-image size-full\"><img decoding=\"async\" src=\"https:\/\/blog.guruwalk.com\/wp-content\/uploads\/2026\/06\/inline_12938.webp\" alt=\"Interior de la Iglesia de San Maurizio en Mil\u00e1n con frescos del siglo XVI\" class=\"wp-image-12971\"\/><figcaption class=\"wp-element-caption\">Interior de la Iglesia de San Maurizio en Mil\u00e1n con frescos<\/figcaption><\/figure>\n\n\n\n<p class=\"wp-block-paragraph\">La <strong>Iglesia de San Maurizio<\/strong> se cre\u00f3 como parte del convento de las benedictinas, que es la congregaci\u00f3n m\u00e1s importante de Mil\u00e1n. Actualmente tiene un gran estado de conservaci\u00f3n y el convento es la sede del <strong>Museo Arqueol\u00f3gico de Mil\u00e1n<\/strong>. Las paredes se cubren de frescos del siglo XVI muy bien conservados. La Iglesia se dividi\u00f3 en dos por un muro central. En la entrada estaban los ciudadanos que iban a misa y en la parte superior las monjas, donde se guarda todav\u00eda un \u00f3rgano del siglo XVI.<\/p>\n\n\n\n<p class=\"wp-block-paragraph\">Originariamente se construy\u00f3 encima de las <strong>ruinas de un antiguo circo romano<\/strong>. Es por eso que aunque su construcci\u00f3n se produjo en 1503, en realidad sus primeras referencias son mucho m\u00e1s antiguas, datando del a\u00f1o 823. El nombre procede del siglo X, un momento que tambi\u00e9n es anterior a que formara parte del convento de las benedictinas. Dicho nombre se debe a que Ot\u00f3n I de Alemania, el emperador, realiz\u00f3 una donaci\u00f3n a dicho convento, que ya exist\u00eda, la cual era una <strong>reliquia de San Mauricio<\/strong>.<\/p>\n\n\n\n<p class=\"wp-block-paragraph\">Fueron <strong>Ippolita Sforza y Alessandro Bentivoglio<\/strong>, el matrimonio, quienes adquirieron el papel de mecenas principales con respecto a los frescos que decoran las paredes de la iglesia. Cuenta la leyenda que ambos se encuentran dentro de las pinturas, representados junto a Alessandra, su hija, quien a su vez, a\u00f1os m\u00e1s tarde, acab\u00f3 siendo abadesa del monasterio.<\/p>\n\n\n\n<p class=\"wp-block-paragraph\">La iglesia no ha estado siempre en tan buen estado de conservaci\u00f3n, pues sufri\u00f3 una demolici\u00f3n parcial en el siglo XIX, as\u00ed como graves da\u00f1os posteriores durante la Segunda Guerra Mundial. Por tanto, estuvo muchos a\u00f1os cerrada al p\u00fablico. No fue hasta 2006 cuando se produjo su reapertura, gracias al <strong>Touring Club Italiano<\/strong>, que impuls\u00f3 la iniciativa que hoy permite su visita.<\/p>\n\n\n\n<h3 class=\"wp-block-heading\">Consejos para tu visita<\/h3>\n\n\n\n<ul class=\"wp-block-list\">\n<li><strong>\ud83c\udfa8 Frescos destacados:<\/strong> los de Bernardino Luini<\/li>\n\n\n\n<li><strong>\u23f0 Observaci\u00f3n:<\/strong> la luz natural permite apreciar mejor los frescos<\/li>\n\n\n\n<li><strong>\ud83d\udcf8 Fotograf\u00eda:<\/strong> comprueba las normas vigentes antes de tomar im\u00e1genes<\/li>\n\n\n\n<li><strong>\ud83d\udca1 Distribuci\u00f3n:<\/strong> la iglesia est\u00e1 dividida en una zona para el p\u00fablico y otra que era exclusiva para las monjas de clausura<\/li>\n<\/ul>\n\n\n\n<h2 class=\"wp-block-heading\" id=\"teatro-scala\">Teatro alla Scala: El templo de la \u00f3pera<\/h2>\n\n\n\n<p class=\"wp-block-paragraph\">El <strong>aspecto exterior<\/strong> del Teatro alla Scala conserva el dise\u00f1o de la \u00e9poca en la que fue construido. Se levant\u00f3 tras la destrucci\u00f3n del Teatro Ducale a causa de un incendio en 1776, en el lugar <strong>donde estaba la Iglesia de Santa Mar\u00eda alla Scala<\/strong>, de ah\u00ed el nombre que se le puso. Al igual que otros teatros, tambi\u00e9n este funcion\u00f3 alg\u00fan tiempo como casino.<\/p>\n\n\n\n<p class=\"wp-block-paragraph\">En el a\u00f1o 1943, los bombardeos de la Segunda Guerra Mundial hicieron mucho da\u00f1o al teatro, que tuvo que ser reconstruido tres a\u00f1os despu\u00e9s. En 2002 el teatro cerr\u00f3 sus puertas de nuevo para ser renovado y <strong>se reinaugur\u00f3 en 2004 con la primera obra que present\u00f3 en el siglo XVIII: L\u2019Europa Riconosciuta de Salieri<\/strong>.<\/p>\n\n\n\n<p class=\"wp-block-paragraph\">El teatro ha estrenado a lo largo de su historia importantes \u00f3peras, como algunas de Verdi, si bien al principio se neg\u00f3 durante a\u00f1os a que se representaran all\u00ed porque estaba convencido de que modificaban sus composiciones. El teatro tiene tambi\u00e9n un <strong>museo<\/strong> con una amplia colecci\u00f3n de trajes, pinturas y bustos relacionados con la \u00f3pera. Si quieres conocer la Italia m\u00e1s irreverente, este museo guarda obras de la Commedia dell\u2019Arte. Adem\u00e1s, conserva el piano de cola Steinway que perteneci\u00f3 al compositor Franz Liszt.<\/p>\n\n\n\n<pre class=\"wp-block-preformatted has-background\" style=\"background-color:#a1cc2921\"><strong>TIP<br><br><\/strong>Si no puedes asistir a una funci\u00f3n, visita el museo del teatro, desde donde se puede acceder a un palco con vistas al auditorio cuando la programaci\u00f3n y los ensayos lo permiten. Consulta disponibilidad antes de acudir.<\/pre>\n\n\n\n<h2 class=\"wp-block-heading\" id=\"santa-maria-grazie\">Santa Maria delle Grazie: Hogar de &#8216;La \u00daltima Cena&#8217;<\/h2>\n\n\n\n<figure class=\"wp-block-image size-full\"><img decoding=\"async\" width=\"1024\" height=\"681\" src=\"https:\/\/blog.guruwalk.com\/wp-content\/uploads\/2025\/04\/image-70.jpeg\" alt=\"Santa Maria delle Grazie en Mil\u00e1n, hogar de La \u00daltima Cena\" class=\"wp-image-12987\" srcset=\"https:\/\/blog.guruwalk.com\/wp-content\/uploads\/2025\/04\/image-70.jpeg 1024w, https:\/\/blog.guruwalk.com\/wp-content\/uploads\/2025\/04\/image-70-300x200.jpeg 300w, https:\/\/blog.guruwalk.com\/wp-content\/uploads\/2025\/04\/image-70-768x511.jpeg 768w\" sizes=\"(max-width: 1024px) 100vw, 1024px\" \/><figcaption class=\"wp-element-caption\">Santa Maria delle Grazie en Mil\u00e1n, hogar de La \u00daltima Cena<\/figcaption><\/figure>\n\n\n\n<p class=\"wp-block-paragraph\">La Iglesia tiene una arquitectura compleja que se atribuye a Bramante, mientras que el fresco de Da Vinci contribuy\u00f3 a abrir una nueva etapa en la <strong>historia del arte europeo<\/strong>. El edificio cuenta con siete capillas a ambos lados.<\/p>\n\n\n\n<p class=\"wp-block-paragraph\">La <strong>Iglesia de Santa Maria delle Grazie<\/strong> se encuentra en el coraz\u00f3n de Mil\u00e1n y es una referencia entre las obras arquitect\u00f3nicas religiosas de la ciudad. La iglesia est\u00e1 unida a <strong>Leonardo da Vinci<\/strong> mediante su fresco <em>La \u00daltima Cena<\/em>, que se conserva en el refectorio. En 1980, la UNESCO incluy\u00f3 el conjunto en la lista del Patrimonio Mundial como exponente del arte renacentista.<\/p>\n\n\n\n<h3 class=\"wp-block-heading\">Informaci\u00f3n importante<\/h3>\n\n\n\n<ul class=\"wp-block-list\">\n<li><strong>\ud83c\udfab Reserva:<\/strong> se necesita una reserva con hora asignada para ver La \u00daltima Cena; consulta disponibilidad en la web oficial<\/li>\n\n\n\n<li><strong>\u23f1\ufe0f Visita:<\/strong> el tiempo frente al fresco est\u00e1 limitado por turno<\/li>\n\n\n\n<li><strong>\ud83d\udc65 Grupos:<\/strong> el acceso se organiza en grupos de aforo limitado<\/li>\n\n\n\n<li><strong>\ud83d\udcf8 Fotograf\u00eda:<\/strong> revisa las normas vigentes del recinto<\/li>\n<\/ul>\n\n\n<div class=\"gw-products-block\" style=\"--gw-nav-width:30px; --gw-nav-height:30px; --gw-chevron-w:15px; --gw-chevron-h:15px; --gw-circle-color:#0a5bd9; --gw-chevron-color:#0a5bd9;\"><div class=\"gw-products-carousel\" aria-live=\"polite\"><article class=\"gw-card\"><div class=\"gw-card__image\"><img decoding=\"async\" class=\"gw-card__photo\" src=\"https:\/\/blog.guruwalk.com\/wp-content\/uploads\/gw-products\/images\/ea952103b69b450f24f6a1c65d307642.webp\" alt=\"Mil\u00e1n: \u201cLa \u00faltima cena\u201d o lo mejor de Mil\u00e1n, elige tu opci\u00f3n\" loading=\"lazy\" \/><div class=\"gw-flags\" aria-label=\"Idiomas disponibles\"><span class=\"gw-flag\" title=\"EN\"><img decoding=\"async\" class=\"gw-flag-img\" src=\"https:\/\/blog.guruwalk.com\/wp-content\/uploads\/gw-products\/flags\/gb.svg\" alt=\"EN\" loading=\"lazy\" width=\"22\" height=\"16\" \/><\/span><span class=\"gw-flag\" title=\"ES\"><img decoding=\"async\" class=\"gw-flag-img\" src=\"https:\/\/blog.guruwalk.com\/wp-content\/uploads\/gw-products\/flags\/es.svg\" alt=\"ES\" loading=\"lazy\" width=\"22\" height=\"16\" \/><\/span><\/div><\/div><div class=\"gw-card__body\"><h3 class=\"gw-card__title\">Mil\u00e1n: \u201cLa \u00faltima cena\u201d o lo mejor de Mil\u00e1n, elige tu opci\u00f3n<\/h3><div class=\"gw-card__footer\"><div class=\"gw-card__meta\"><div class=\"gw-rating\" aria-label=\"Valoraci\u00f3n 4.5 de 5\"><span class=\"gw-star gw-star--full\" aria-hidden=\"true\">\u2605<\/span><span class=\"gw-star gw-star--full\" aria-hidden=\"true\">\u2605<\/span><span class=\"gw-star gw-star--full\" aria-hidden=\"true\">\u2605<\/span><span class=\"gw-star gw-star--full\" aria-hidden=\"true\">\u2605<\/span><span class=\"gw-star gw-star--half\" aria-hidden=\"true\">\u2606<\/span><span class=\"gw-rating__count\">4,5 (680)<\/span><\/div><\/div><div class=\"gw-card__price\">Desde \u20ac16,00<\/div><\/div><\/div><a class=\"gw-card__link\" href=\"https:\/\/www.guruwalk.com\/es\/walks\/p134753-milan-la-ultima-cena-o-lo-mejor-de-milan-elige-tu-opcion-cGFub3B0ZXM\" target=\"_blank\" rel=\"noopener\" aria-label=\"Mil\u00e1n: \u201cLa \u00faltima cena\u201d o lo mejor de Mil\u00e1n, elige tu opci\u00f3n\"><\/a><\/article><article class=\"gw-card\"><div class=\"gw-card__image\"><img decoding=\"async\" class=\"gw-card__photo\" src=\"https:\/\/blog.guruwalk.com\/wp-content\/uploads\/gw-products\/images\/374b83a74369f1596f949dbbdac726d4.webp\" alt=\"Mil\u00e1n: Visita guiada a pie + Entrada sin colas a la \u00daltima Cena\" loading=\"lazy\" \/><div class=\"gw-flags\" aria-label=\"Idiomas disponibles\"><span class=\"gw-flag\" title=\"EN\"><img decoding=\"async\" class=\"gw-flag-img\" src=\"https:\/\/blog.guruwalk.com\/wp-content\/uploads\/gw-products\/flags\/gb.svg\" alt=\"EN\" loading=\"lazy\" width=\"22\" height=\"16\" \/><\/span><span class=\"gw-flag\" title=\"ES\"><img decoding=\"async\" class=\"gw-flag-img\" src=\"https:\/\/blog.guruwalk.com\/wp-content\/uploads\/gw-products\/flags\/es.svg\" alt=\"ES\" loading=\"lazy\" width=\"22\" height=\"16\" \/><\/span><\/div><\/div><div class=\"gw-card__body\"><h3 class=\"gw-card__title\">Mil\u00e1n: Visita guiada a pie + Entrada sin colas a la \u00daltima Cena<\/h3><div class=\"gw-card__footer\"><div class=\"gw-card__price\">Desde \u20ac101,00<\/div><\/div><\/div><a class=\"gw-card__link\" href=\"https:\/\/www.guruwalk.com\/es\/walks\/p1783-milan-visita-guiada-a-pie-entrada-sin-colas-a-la-ultima-cena-cGFub3B0ZXM\" target=\"_blank\" rel=\"noopener\" aria-label=\"Mil\u00e1n: Visita guiada a pie + Entrada sin colas a la \u00daltima Cena\"><\/a><\/article><article class=\"gw-card\"><div class=\"gw-card__image\"><img decoding=\"async\" class=\"gw-card__photo\" src=\"https:\/\/blog.guruwalk.com\/wp-content\/uploads\/gw-products\/images\/88a084085e29f0940fc7a80096e3acee.webp\" alt=\"Mil\u00e1n: tour privado por el Duomo y La \u00daltima Cena con degustaci\u00f3n de helado\" loading=\"lazy\" \/><div class=\"gw-flags\" aria-label=\"Idiomas disponibles\"><span class=\"gw-flag\" title=\"DE\"><img decoding=\"async\" class=\"gw-flag-img\" src=\"https:\/\/blog.guruwalk.com\/wp-content\/uploads\/gw-products\/flags\/de.svg\" alt=\"DE\" loading=\"lazy\" width=\"22\" height=\"16\" \/><\/span><span class=\"gw-flag\" title=\"EN\"><img decoding=\"async\" class=\"gw-flag-img\" src=\"https:\/\/blog.guruwalk.com\/wp-content\/uploads\/gw-products\/flags\/gb.svg\" alt=\"EN\" loading=\"lazy\" width=\"22\" height=\"16\" \/><\/span><span class=\"gw-flag\" title=\"ES\"><img decoding=\"async\" class=\"gw-flag-img\" src=\"https:\/\/blog.guruwalk.com\/wp-content\/uploads\/gw-products\/flags\/es.svg\" alt=\"ES\" loading=\"lazy\" width=\"22\" height=\"16\" \/><\/span><span class=\"gw-flag\" title=\"FR\"><img decoding=\"async\" class=\"gw-flag-img\" src=\"https:\/\/blog.guruwalk.com\/wp-content\/uploads\/gw-products\/flags\/fr.svg\" alt=\"FR\" loading=\"lazy\" width=\"22\" height=\"16\" \/><\/span><\/div><\/div><div class=\"gw-card__body\"><h3 class=\"gw-card__title\">Mil\u00e1n: tour privado por el Duomo y La \u00daltima Cena con degustaci\u00f3n de helado<\/h3><div class=\"gw-card__footer\"><div class=\"gw-card__meta\"><div class=\"gw-rating\" aria-label=\"Valoraci\u00f3n 4.9 de 5\"><span class=\"gw-star gw-star--full\" aria-hidden=\"true\">\u2605<\/span><span class=\"gw-star gw-star--full\" aria-hidden=\"true\">\u2605<\/span><span class=\"gw-star gw-star--full\" aria-hidden=\"true\">\u2605<\/span><span class=\"gw-star gw-star--full\" aria-hidden=\"true\">\u2605<\/span><span class=\"gw-star gw-star--half\" aria-hidden=\"true\">\u2606<\/span><span class=\"gw-rating__count\">4,9 (132)<\/span><\/div><\/div><div class=\"gw-card__price\">Desde \u20ac390,00<\/div><\/div><\/div><a class=\"gw-card__link\" href=\"https:\/\/www.guruwalk.com\/es\/walks\/p142352-milan-tour-privado-por-el-duomo-y-la-ultima-cena-con-degustacion-de-helado-cGFub3B0ZXM\" target=\"_blank\" rel=\"noopener\" aria-label=\"Mil\u00e1n: tour privado por el Duomo y La \u00daltima Cena con degustaci\u00f3n de helado\"><\/a><\/article><article class=\"gw-card\"><div class=\"gw-card__image\"><img decoding=\"async\" class=\"gw-card__photo\" src=\"https:\/\/blog.guruwalk.com\/wp-content\/uploads\/gw-products\/images\/88db7028edde2c93ab96532fbc52e9fd.webp\" alt=\"La \u00daltima Cena de Da Vinci y tour tur\u00edstico de Mil\u00e1n\" loading=\"lazy\" \/><div class=\"gw-flags\" aria-label=\"Idiomas disponibles\"><span class=\"gw-flag\" title=\"EN\"><img decoding=\"async\" class=\"gw-flag-img\" src=\"https:\/\/blog.guruwalk.com\/wp-content\/uploads\/gw-products\/flags\/gb.svg\" alt=\"EN\" loading=\"lazy\" width=\"22\" height=\"16\" \/><\/span><span class=\"gw-flag\" title=\"ES\"><img decoding=\"async\" class=\"gw-flag-img\" src=\"https:\/\/blog.guruwalk.com\/wp-content\/uploads\/gw-products\/flags\/es.svg\" alt=\"ES\" loading=\"lazy\" width=\"22\" height=\"16\" \/><\/span><\/div><\/div><div class=\"gw-card__body\"><h3 class=\"gw-card__title\">La \u00daltima Cena de Da Vinci y tour tur\u00edstico de Mil\u00e1n<\/h3><div class=\"gw-card__footer\"><div class=\"gw-card__meta\"><div class=\"gw-rating\" aria-label=\"Valoraci\u00f3n 4.4 de 5\"><span class=\"gw-star gw-star--full\" aria-hidden=\"true\">\u2605<\/span><span class=\"gw-star gw-star--full\" aria-hidden=\"true\">\u2605<\/span><span class=\"gw-star gw-star--full\" aria-hidden=\"true\">\u2605<\/span><span class=\"gw-star gw-star--full\" aria-hidden=\"true\">\u2605<\/span><span class=\"gw-star gw-star--empty\" aria-hidden=\"true\">\u2606<\/span><span class=\"gw-rating__count\">4,4 (2437)<\/span><\/div><\/div><div class=\"gw-card__price\">Desde \u20ac119,00<\/div><\/div><\/div><a class=\"gw-card__link\" href=\"https:\/\/www.guruwalk.com\/es\/walks\/p95529-la-ultima-cena-de-da-vinci-y-tour-turistico-de-milan\" target=\"_blank\" rel=\"noopener\" aria-label=\"La \u00daltima Cena de Da Vinci y tour tur\u00edstico de Mil\u00e1n\"><\/a><\/article><article class=\"gw-card\"><div class=\"gw-card__image\"><img decoding=\"async\" class=\"gw-card__photo\" src=\"https:\/\/blog.guruwalk.com\/wp-content\/uploads\/gw-products\/images\/6166515ef03b3477a1227beecfc07dfa.webp\" alt=\"Mil\u00e1n: La \u00daltima Cena y Castillo Sforza Visita Guiada\" loading=\"lazy\" \/><div class=\"gw-flags\" aria-label=\"Idiomas disponibles\"><span class=\"gw-flag\" title=\"EN\"><img decoding=\"async\" class=\"gw-flag-img\" src=\"https:\/\/blog.guruwalk.com\/wp-content\/uploads\/gw-products\/flags\/gb.svg\" alt=\"EN\" loading=\"lazy\" width=\"22\" height=\"16\" \/><\/span><span class=\"gw-flag\" title=\"ES\"><img decoding=\"async\" class=\"gw-flag-img\" src=\"https:\/\/blog.guruwalk.com\/wp-content\/uploads\/gw-products\/flags\/es.svg\" alt=\"ES\" loading=\"lazy\" width=\"22\" height=\"16\" \/><\/span><\/div><\/div><div class=\"gw-card__body\"><h3 class=\"gw-card__title\">Mil\u00e1n: La \u00daltima Cena y Castillo Sforza Visita Guiada<\/h3><div class=\"gw-card__footer\"><div class=\"gw-card__meta\"><div class=\"gw-rating\" aria-label=\"Valoraci\u00f3n 4.6 de 5\"><span class=\"gw-star gw-star--full\" aria-hidden=\"true\">\u2605<\/span><span class=\"gw-star gw-star--full\" aria-hidden=\"true\">\u2605<\/span><span class=\"gw-star gw-star--full\" aria-hidden=\"true\">\u2605<\/span><span class=\"gw-star gw-star--full\" aria-hidden=\"true\">\u2605<\/span><span class=\"gw-star gw-star--half\" aria-hidden=\"true\">\u2606<\/span><span class=\"gw-rating__count\">4,6 (1000)<\/span><\/div><\/div><div class=\"gw-card__price\">Desde \u20ac86,00<\/div><\/div><\/div><a class=\"gw-card__link\" href=\"https:\/\/www.guruwalk.com\/es\/walks\/p137372-milan-la-ultima-cena-y-castillo-sforza-visita-guiada-cGFub3B0ZXM\" target=\"_blank\" rel=\"noopener\" aria-label=\"Mil\u00e1n: La \u00daltima Cena y Castillo Sforza Visita Guiada\"><\/a><\/article><article class=\"gw-card\"><div class=\"gw-card__image\"><img decoding=\"async\" class=\"gw-card__photo\" src=\"https:\/\/blog.guruwalk.com\/wp-content\/uploads\/gw-products\/images\/d167153fd7f7ad51db1cbbd971cc5707.webp\" alt=\"Mil\u00e1n: tour de La \u00faltima cena de Da Vinci\" loading=\"lazy\" \/><div class=\"gw-flags\" aria-label=\"Idiomas disponibles\"><span class=\"gw-flag\" title=\"EN\"><img decoding=\"async\" class=\"gw-flag-img\" src=\"https:\/\/blog.guruwalk.com\/wp-content\/uploads\/gw-products\/flags\/gb.svg\" alt=\"EN\" loading=\"lazy\" width=\"22\" height=\"16\" \/><\/span><span class=\"gw-flag\" title=\"ES\"><img decoding=\"async\" class=\"gw-flag-img\" src=\"https:\/\/blog.guruwalk.com\/wp-content\/uploads\/gw-products\/flags\/es.svg\" alt=\"ES\" loading=\"lazy\" width=\"22\" height=\"16\" \/><\/span><\/div><\/div><div class=\"gw-card__body\"><h3 class=\"gw-card__title\">Mil\u00e1n: tour de La \u00faltima cena de Da Vinci<\/h3><div class=\"gw-card__footer\"><div class=\"gw-card__meta\"><div class=\"gw-rating\" aria-label=\"Valoraci\u00f3n 4.7 de 5\"><span class=\"gw-star gw-star--full\" aria-hidden=\"true\">\u2605<\/span><span class=\"gw-star gw-star--full\" aria-hidden=\"true\">\u2605<\/span><span class=\"gw-star gw-star--full\" aria-hidden=\"true\">\u2605<\/span><span class=\"gw-star gw-star--full\" aria-hidden=\"true\">\u2605<\/span><span class=\"gw-star gw-star--half\" aria-hidden=\"true\">\u2606<\/span><span class=\"gw-rating__count\">4,7 (685)<\/span><\/div><\/div><div class=\"gw-card__price\">Desde \u20ac99,00<\/div><\/div><\/div><a class=\"gw-card__link\" href=\"https:\/\/www.guruwalk.com\/es\/walks\/p137187-milan-tour-de-la-ultima-cena-de-da-vinci-cGFub3B0ZXM\" target=\"_blank\" rel=\"noopener\" aria-label=\"Mil\u00e1n: tour de La \u00faltima cena de Da Vinci\"><\/a><\/article><article class=\"gw-card\"><div class=\"gw-card__image\"><img decoding=\"async\" class=\"gw-card__photo\" src=\"https:\/\/blog.guruwalk.com\/wp-content\/uploads\/gw-products\/images\/75e4fd3faaaade381f04316c54beddc3.webp\" alt=\"La \u00daltima Cena: Tour guiado\" loading=\"lazy\" \/><div class=\"gw-flags\" aria-label=\"Idiomas disponibles\"><span class=\"gw-flag\" title=\"EN\"><img decoding=\"async\" class=\"gw-flag-img\" src=\"https:\/\/blog.guruwalk.com\/wp-content\/uploads\/gw-products\/flags\/gb.svg\" alt=\"EN\" loading=\"lazy\" width=\"22\" height=\"16\" \/><\/span><span class=\"gw-flag\" title=\"ES\"><img decoding=\"async\" class=\"gw-flag-img\" src=\"https:\/\/blog.guruwalk.com\/wp-content\/uploads\/gw-products\/flags\/es.svg\" alt=\"ES\" loading=\"lazy\" width=\"22\" height=\"16\" \/><\/span><\/div><\/div><div class=\"gw-card__body\"><h3 class=\"gw-card__title\">La \u00daltima Cena: Tour guiado<\/h3><div class=\"gw-card__footer\"><div class=\"gw-card__meta\"><div class=\"gw-rating\" aria-label=\"Valoraci\u00f3n 4.6 de 5\"><span class=\"gw-star gw-star--full\" aria-hidden=\"true\">\u2605<\/span><span class=\"gw-star gw-star--full\" aria-hidden=\"true\">\u2605<\/span><span class=\"gw-star gw-star--full\" aria-hidden=\"true\">\u2605<\/span><span class=\"gw-star gw-star--full\" aria-hidden=\"true\">\u2605<\/span><span class=\"gw-star gw-star--half\" aria-hidden=\"true\">\u2606<\/span><span class=\"gw-rating__count\">4,6 (154)<\/span><\/div><\/div><div class=\"gw-card__price\">Desde \u20ac86,00<\/div><\/div><\/div><a class=\"gw-card__link\" href=\"https:\/\/www.guruwalk.com\/es\/walks\/p48128-la-ultima-cena-tour-guiado-4b6c5b83-5f00-4289-96ee-49e00ed7208f\" target=\"_blank\" rel=\"noopener\" aria-label=\"La \u00daltima Cena: Tour guiado\"><\/a><\/article><\/div><\/div>\n\n\n<h2 class=\"wp-block-heading\" id=\"cementerio-monumental\">Cementerio Monumental: Museo al aire libre<\/h2>\n\n\n\n<figure class=\"wp-block-image size-full\"><img decoding=\"async\" width=\"960\" height=\"640\" src=\"https:\/\/blog.guruwalk.com\/wp-content\/uploads\/2025\/04\/image-71.jpeg\" alt=\"Esculturas y mausoleos del Cementerio Monumental de Mil\u00e1n\" class=\"wp-image-12995\" srcset=\"https:\/\/blog.guruwalk.com\/wp-content\/uploads\/2025\/04\/image-71.jpeg 960w, https:\/\/blog.guruwalk.com\/wp-content\/uploads\/2025\/04\/image-71-300x200.jpeg 300w, https:\/\/blog.guruwalk.com\/wp-content\/uploads\/2025\/04\/image-71-768x512.jpeg 768w\" sizes=\"(max-width: 960px) 100vw, 960px\" \/><figcaption class=\"wp-element-caption\">Esculturas y mausoleos del Cementerio Monumental de Mil\u00e1n<\/figcaption><\/figure>\n\n\n\n<p class=\"wp-block-paragraph\">El <strong>Cementerio Monumental<\/strong> funciona como un museo al aire libre. Aunque algunos visitantes se muestran recelosos al principio, contiene numerosas tumbas de inter\u00e9s art\u00edstico. Tiene obras realizadas desde el siglo XIX hasta hoy. Se construy\u00f3 en 1866, ocupa m\u00e1s de 250.000 metros cuadrados y presenta una <strong>variedad de templos de inspiraci\u00f3n griega, esculturas italianas y una peque\u00f1a versi\u00f3n de la Columna de Trajano<\/strong>.<\/p>\n\n\n\n<p class=\"wp-block-paragraph\">En la entrada principal hay una especie de <strong>\u201csal\u00f3n de la fama\u201d<\/strong>, llamado as\u00ed porque all\u00ed se encuentran las tumbas de algunas personas destacadas de Italia. Entre ellas est\u00e1n las de las familias Bernocchi y Bruni. La primera presenta una escultura de la vida de Jes\u00fas, mientras que la segunda cuenta con una gran pir\u00e1mide. En la entrada principal tambi\u00e9n podr\u00e1s ver, a la izquierda, una <strong>exposici\u00f3n fotogr\u00e1fica sobre la evoluci\u00f3n hist\u00f3rica del lugar<\/strong>.<\/p>\n\n\n\n<h3 class=\"wp-block-heading\">Gu\u00eda de visita<\/h3>\n\n\n\n<ul class=\"wp-block-list\">\n<li><strong>\ud83c\udfa8 Destacados:<\/strong>\n<ul class=\"wp-block-list\">\n<li>Famedio (Templo de la Fama)<\/li>\n\n\n\n<li>Tumba de la familia Campari<\/li>\n\n\n\n<li>P\u00f3rtico monumental de entrada<\/li>\n<\/ul>\n<\/li>\n\n\n\n<li><strong>\ud83d\udcf8 Fotograf\u00eda:<\/strong> permitida con respeto<\/li>\n\n\n\n<li><strong>\ud83d\uddfa\ufe0f Mapa:<\/strong> consulta su disponibilidad en la entrada<\/li>\n\n\n\n<li><strong>\u23f0 Duraci\u00f3n orientativa:<\/strong> reserva varias horas si quieres recorrer los sectores principales<\/li>\n<\/ul>\n\n\n\n<p class=\"wp-block-paragraph\">Se inaugur\u00f3 en 2012 y es el epicentro de la vida moderna de Mil\u00e1n. Est\u00e1 dedicada a la arquitecta italiana que lleva su nombre. En ella confluyen los distritos financieros con la historia de sus diferentes barrios. El complejo urban\u00edstico fue dise\u00f1ado por <strong>C\u00e9sar Pelli<\/strong> y alrededor de la plaza destaca el dise\u00f1o de sus distintos edificios.<\/p>\n\n\n\n<h2 class=\"wp-block-heading\" id=\"piazza-gae-aulenti\">Piazza Gae Aulenti: El Mil\u00e1n moderno<\/h2>\n\n\n\n<figure class=\"wp-block-image size-full\"><img decoding=\"async\" width=\"1024\" height=\"680\" src=\"https:\/\/blog.guruwalk.com\/wp-content\/uploads\/2025\/04\/image-72.jpeg\" alt=\"Piazza Gae Aulenti y rascacielos del Mil\u00e1n moderno\" class=\"wp-image-13003\" srcset=\"https:\/\/blog.guruwalk.com\/wp-content\/uploads\/2025\/04\/image-72.jpeg 1024w, https:\/\/blog.guruwalk.com\/wp-content\/uploads\/2025\/04\/image-72-300x199.jpeg 300w, https:\/\/blog.guruwalk.com\/wp-content\/uploads\/2025\/04\/image-72-768x510.jpeg 768w\" sizes=\"(max-width: 1024px) 100vw, 1024px\" \/><figcaption class=\"wp-element-caption\">Piazza Gae Aulenti y los edificios del Mil\u00e1n moderno<\/figcaption><\/figure>\n\n\n\n<p class=\"wp-block-paragraph\">Uno de los edificios principales es la <strong>Unicredit Tower<\/strong>, con 231 metros, uno de los rascacielos m\u00e1s altos del pa\u00eds. Tambi\u00e9n llama la atenci\u00f3n <strong>el Bosque Vertical<\/strong>, con m\u00e1s de 2.000 ejemplares vegetales. La plaza tiene est\u00e9tica futurista y re\u00fane terrazas, bares y restaurantes. Por la noche, la iluminaci\u00f3n y el agua de las fuentes modifican el aspecto del espacio.<\/p>\n\n\n\n<p class=\"wp-block-paragraph\">Tras la reunificaci\u00f3n de Italia, esta zona adquiri\u00f3 un papel simb\u00f3lico en Mil\u00e1n. La Segunda Guerra Mundial dej\u00f3 numerosos espacios vac\u00edos que con el tiempo se destinaron a edificios modernos.<\/p>\n\n\n\n<pre class=\"wp-block-preformatted has-background\" style=\"background-color:#a1cc2921\"><strong>TIP<br><br><\/strong>Desde la plaza puedes observar el contraste entre la Unicredit Tower y el cercano Bosco Verticale, dos referencias de la transformaci\u00f3n urbana del norte de Mil\u00e1n.<\/pre>\n\n\n\n<h2 class=\"wp-block-heading\" id=\"piazza-mercanti\">Piazza Mercanti: El coraz\u00f3n medieval<\/h2>\n\n\n\n<figure class=\"wp-block-image size-full\"><img decoding=\"async\" width=\"960\" height=\"639\" src=\"https:\/\/blog.guruwalk.com\/wp-content\/uploads\/2025\/04\/image-73.jpeg\" alt=\"Fachada medieval y fuente de Piazza Mercanti en Mil\u00e1n\" class=\"wp-image-13011\" srcset=\"https:\/\/blog.guruwalk.com\/wp-content\/uploads\/2025\/04\/image-73.jpeg 960w, https:\/\/blog.guruwalk.com\/wp-content\/uploads\/2025\/04\/image-73-300x200.jpeg 300w, https:\/\/blog.guruwalk.com\/wp-content\/uploads\/2025\/04\/image-73-768x511.jpeg 768w\" sizes=\"(max-width: 960px) 100vw, 960px\" \/><figcaption class=\"wp-element-caption\">Fachada medieval y fuente de Piazza Mercanti en Mil\u00e1n<\/figcaption><\/figure>\n\n\n\n<p class=\"wp-block-paragraph\">La plaza acogi\u00f3 uno de los <strong>mercados m\u00e1s importantes de Mil\u00e1n<\/strong>. Hasta principios del siglo XX se reunieron numerosos mercaderes en este espacio, donde vend\u00edan e intercambiaban sus productos. Hoy est\u00e1 rodeada de edificios que permiten reconocer su antigua funci\u00f3n administrativa y comercial.<\/p>\n\n\n\n<h3 class=\"wp-block-heading\">Puntos de inter\u00e9s<\/h3>\n\n\n\n<ul class=\"wp-block-list\">\n<li><strong>\ud83c\udfdb\ufe0f Edificios destacados:<\/strong>\n<ul class=\"wp-block-list\">\n<li>Palazzo della Ragione<\/li>\n\n\n\n<li>Loggia degli Osii<\/li>\n\n\n\n<li>Casa dei Panigarola<\/li>\n<\/ul>\n<\/li>\n\n\n\n<li><strong>\ud83d\udccd Ubicaci\u00f3n:<\/strong> entre el Duomo y el Castillo Sforzesco<\/li>\n\n\n\n<li><strong>\ud83c\udfad Ambiente:<\/strong> puede haber m\u00fasicos callejeros y artistas locales<\/li>\n<\/ul>\n\n\n\n<h2 class=\"wp-block-heading\" id=\"parque-sempione\">Parque Sempione: El pulm\u00f3n verde de Mil\u00e1n<\/h2>\n\n\n\n<figure class=\"wp-block-image size-full\"><img decoding=\"async\" width=\"960\" height=\"640\" src=\"https:\/\/blog.guruwalk.com\/wp-content\/uploads\/2025\/04\/image-74.jpeg\" alt=\"Arco della Pace junto al Parque Sempione de Mil\u00e1n\" class=\"wp-image-13019\" srcset=\"https:\/\/blog.guruwalk.com\/wp-content\/uploads\/2025\/04\/image-74.jpeg 960w, https:\/\/blog.guruwalk.com\/wp-content\/uploads\/2025\/04\/image-74-300x200.jpeg 300w, https:\/\/blog.guruwalk.com\/wp-content\/uploads\/2025\/04\/image-74-768x512.jpeg 768w\" sizes=\"(max-width: 960px) 100vw, 960px\" \/><figcaption class=\"wp-element-caption\">Arco della Pace junto al Parque Sempione de Mil\u00e1n<\/figcaption><\/figure>\n\n\n\n<p class=\"wp-block-paragraph\">Mil\u00e1n cuenta con parques de distintos tama\u00f1os. Uno de ellos es el <strong>Parque Sempione<\/strong>, un espacio verde en pleno centro de la ciudad. Junto al <strong>Castillo Sforzesco<\/strong> se extiende este parque inspirado en los jardines paisajistas brit\u00e1nicos, construido entre 1890 y 1893.<\/p>\n\n\n\n<p class=\"wp-block-paragraph\">El parque tiene 47 hect\u00e1reas de vegetaci\u00f3n e incluye un <strong>lago artificial<\/strong>. Los fines de semana suele tener un ambiente animado. El recorrido permite enlazar el Castillo Sforzesco con el Arco della Pace y otros equipamientos culturales sin salir de la zona verde.<\/p>\n\n\n\n<h3 class=\"wp-block-heading\">Lugares destacados del parque<\/h3>\n\n\n\n<ul class=\"wp-block-list\">\n<li><strong>\ud83c\udff0 Monumentos:<\/strong>\n<ul class=\"wp-block-list\">\n<li>Arco della Pace<\/li>\n\n\n\n<li>Torre Branca<\/li>\n\n\n\n<li>Acquario Civico<\/li>\n<\/ul>\n<\/li>\n\n\n\n<li><strong>\ud83c\udf33 Actividades:<\/strong>\n<ul class=\"wp-block-list\">\n<li>Picnics en el c\u00e9sped<\/li>\n\n\n\n<li>Paseos en bicicleta<\/li>\n\n\n\n<li>Eventos culturales al aire libre<\/li>\n<\/ul>\n<\/li>\n<\/ul>\n\n\n\n<h2 class=\"wp-block-heading\" id=\"estacion-central\">Estaci\u00f3n Central: Arquitectura monumental del siglo XX<\/h2>\n\n\n\n<figure class=\"wp-block-image size-full\"><img decoding=\"async\" width=\"1024\" height=\"574\" src=\"https:\/\/blog.guruwalk.com\/wp-content\/uploads\/2025\/04\/image-75.jpeg\" alt=\"Fachada monumental de la Estaci\u00f3n Central de Mil\u00e1n\" class=\"wp-image-13027\" srcset=\"https:\/\/blog.guruwalk.com\/wp-content\/uploads\/2025\/04\/image-75.jpeg 1024w, https:\/\/blog.guruwalk.com\/wp-content\/uploads\/2025\/04\/image-75-300x168.jpeg 300w, https:\/\/blog.guruwalk.com\/wp-content\/uploads\/2025\/04\/image-75-768x431.jpeg 768w\" sizes=\"(max-width: 1024px) 100vw, 1024px\" \/><figcaption class=\"wp-element-caption\">Fachada monumental de la Estaci\u00f3n Central de Mil\u00e1n<\/figcaption><\/figure>\n\n\n\n<p class=\"wp-block-paragraph\">La <strong>Estaci\u00f3n Central de Mil\u00e1n<\/strong> se inaugur\u00f3 en 1931 debido a que el tr\u00e1fico de viajeros hab\u00eda aumentado y era necesario ampliar la capacidad ferroviaria. El proyecto avanz\u00f3 despacio y su dise\u00f1o final incorpor\u00f3 una escala monumental asociada al per\u00edodo de Mussolini.<\/p>\n\n\n\n<p class=\"wp-block-paragraph\">Actualmente, la Estaci\u00f3n Central recibe viajeros locales e internacionales. Sus b\u00f3vedas y cubiertas de acero forman parte del conjunto arquitect\u00f3nico. Desde este punto parten trenes hacia otras ciudades de Italia y distintos destinos europeos.<\/p>\n\n\n\n<h2 class=\"wp-block-heading\" id=\"como-llegar\">C\u00f3mo llegar a Mil\u00e1n<\/h2>\n\n\n\n<h3 class=\"wp-block-heading\">Opciones de transporte<\/h3>\n\n\n\n<ul class=\"wp-block-list\">\n<li><strong>\u2708\ufe0f En avi\u00f3n:<\/strong>\n<ul class=\"wp-block-list\">\n<li>Aeropuerto Malpensa (MXP), utilizado por numerosos vuelos internacionales<\/li>\n\n\n\n<li>Aeropuerto Linate (LIN), el m\u00e1s cercano al centro<\/li>\n\n\n\n<li>Aeropuerto Bergamo (BGY), base de varias aerol\u00edneas de bajo coste<\/li>\n<\/ul>\n<\/li>\n\n\n\n<li><strong>\ud83d\ude86 En tren:<\/strong>\n<ul class=\"wp-block-list\">\n<li>Alta velocidad desde las principales ciudades italianas<\/li>\n\n\n\n<li>Conexiones internacionales con Francia y Suiza<\/li>\n<\/ul>\n<\/li>\n\n\n\n<li><strong>\ud83d\ude8c En autob\u00fas:<\/strong>\n<ul class=\"wp-block-list\">\n<li>Terminal principal: Lampugnano<\/li>\n\n\n\n<li>Conexiones nacionales e internacionales<\/li>\n<\/ul>\n<\/li>\n<\/ul>\n\n\n\n<pre class=\"wp-block-preformatted has-background\" style=\"background-color:#a1cc2921\"><strong>TIP<br><br><\/strong>El Malpensa Express conecta el aeropuerto de Malpensa con Mil\u00e1n. Consulta los horarios y la estaci\u00f3n de llegada antes de elegir el servicio, ya que la frecuencia y la duraci\u00f3n pueden variar.<\/pre>\n\n\n\n<p class=\"wp-block-paragraph\">Para completar la estancia con excursiones, entradas o visitas guiadas, consulta los <a href=\"https:\/\/www.guruwalk.com\/es\/a\/milan\" target=\"_blank\" rel=\"noopener\">tours y actividades en Mil\u00e1n<\/a> y revisa la disponibilidad para tus fechas.<\/p>\n\n\n\n<h2 class=\"wp-block-heading\" id=\"preguntas-frecuentes-sobre-milan\">Preguntas frecuentes sobre Mil\u00e1n<\/h2>\n\n\n\n<div class=\"wp-block-rank-math-faq-block\"><div class=\"rank-math-faq-item\"><h3 class=\"rank-math-question\">\u00bfCu\u00e1l es la mejor \u00e9poca para visitar Mil\u00e1n?<\/h3><div class=\"rank-math-answer\">La primavera y el oto\u00f1o suelen ofrecer temperaturas moderadas. Los inviernos pueden ser fr\u00edos y h\u00famedos, mientras que los veranos son calurosos y concentran m\u00e1s visitantes.<\/div><\/div><div class=\"rank-math-faq-item\"><h3 class=\"rank-math-question\">\u00bfCu\u00e1ntos d\u00edas se necesitan para visitar Mil\u00e1n?<\/h3><div class=\"rank-math-answer\">Con dos d\u00edas se pueden conocer lugares como el Duomo, el centro hist\u00f3rico y el Castillo Sforzesco. Tres o m\u00e1s d\u00edas dejan margen para museos, barrios alejados y visitas que requieren una reserva con hora asignada.<\/div><\/div><div class=\"rank-math-faq-item\"><h3 class=\"rank-math-question\">\u00bfEs necesario reservar con antelaci\u00f3n para ver La \u00daltima Cena?<\/h3><div class=\"rank-math-answer\">S\u00ed. El acceso se realiza mediante una reserva con hora asignada y las plazas son limitadas. Consulta disponibilidad en el sitio oficial enlazado al comienzo de esta gu\u00eda en cuanto conozcas las fechas del viaje.<\/div><\/div><div class=\"rank-math-faq-item\"><h3 class=\"rank-math-question\">\u00bfC\u00f3mo moverse por Mil\u00e1n?<\/h3><div class=\"rank-math-answer\">Mil\u00e1n cuenta con metro, tranv\u00eda y autob\u00fas. El centro hist\u00f3rico es compacto y permite enlazar a pie el Duomo, la Galleria Vittorio Emanuele II, La Scala y Piazza Mercanti; para Santa Maria delle Grazie y Piazza Gae Aulenti resulta pr\u00e1ctico combinar el paseo con transporte p\u00fablico.<\/div><\/div><div class=\"rank-math-faq-item\"><h3 class=\"rank-math-question\">\u00bfSe puede subir a la terraza del Duomo?<\/h3><div class=\"rank-math-answer\">S\u00ed. Existen modalidades de acceso por escaleras y ascensor. Comprueba qu\u00e9 espacios incluye cada entrada y la disponibilidad vigente en la web oficial del Duomo.<\/div><\/div><\/div>\n\n\n\n<script type=\"application\/ld+json\">{\"@context\":\"https:\/\/schema.org\",\"@type\":\"FAQPage\",\"mainEntity\":[{\"@type\":\"Question\",\"name\":\"\u00bfCu\u00e1l es la mejor \u00e9poca para visitar Mil\u00e1n?\",\"acceptedAnswer\":{\"@type\":\"Answer\",\"text\":\"La primavera y el oto\u00f1o suelen ofrecer temperaturas moderadas. Los inviernos pueden ser fr\u00edos y h\u00famedos, mientras que los veranos son calurosos y concentran m\u00e1s visitantes.\"}},{\"@type\":\"Question\",\"name\":\"\u00bfCu\u00e1ntos d\u00edas se necesitan para visitar Mil\u00e1n?\",\"acceptedAnswer\":{\"@type\":\"Answer\",\"text\":\"Con dos d\u00edas se pueden conocer lugares como el Duomo, el centro hist\u00f3rico y el Castillo Sforzesco. Tres o m\u00e1s d\u00edas dejan margen para museos, barrios alejados y visitas que requieren una reserva con hora asignada.\"}},{\"@type\":\"Question\",\"name\":\"\u00bfEs necesario reservar con antelaci\u00f3n para ver La \u00daltima Cena?\",\"acceptedAnswer\":{\"@type\":\"Answer\",\"text\":\"S\u00ed. El acceso se realiza mediante una reserva con hora asignada y las plazas son limitadas. Consulta disponibilidad en el sitio oficial enlazado al comienzo de esta gu\u00eda en cuanto conozcas las fechas del viaje.\"}},{\"@type\":\"Question\",\"name\":\"\u00bfC\u00f3mo moverse por Mil\u00e1n?\",\"acceptedAnswer\":{\"@type\":\"Answer\",\"text\":\"Mil\u00e1n cuenta con metro, tranv\u00eda y autob\u00fas. El centro hist\u00f3rico es compacto y permite enlazar a pie el Duomo, la Galleria Vittorio Emanuele II, La Scala y Piazza Mercanti; para Santa Maria delle Grazie y Piazza Gae Aulenti resulta pr\u00e1ctico combinar el paseo con transporte p\u00fablico.\"}},{\"@type\":\"Question\",\"name\":\"\u00bfSe puede subir a la terraza del Duomo?\",\"acceptedAnswer\":{\"@type\":\"Answer\",\"text\":\"S\u00ed. Existen modalidades de acceso por escaleras y ascensor. Comprueba qu\u00e9 espacios incluye cada entrada y la disponibilidad vigente en la web oficial del Duomo.\"}}]}<\/script>\n","protected":false},"excerpt":{"rendered":"<p>Una ruta de un d\u00eda por Mil\u00e1n re\u00fane el Duomo, Brera, La \u00daltima Cena, el Castillo Sforzesco y la arquitectura contempor\u00e1nea.<\/p>\n","protected":false},"author":2,"featured_media":12939,"comment_status":"open","ping_status":"open","sticky":false,"template":"","format":"standard","meta":{"footnotes":""},"categories":[271,82,79],"tags":[460,359,376,362],"class_list":["post-12938","post","type-post","status-publish","format-standard","has-post-thumbnail","hentry","category-milan-es","category-europa","category-italia","tag-guias-2","tag-que-ver","tag-tier-fijo","tag-tier-1","generate-columns","tablet-grid-50","mobile-grid-100","grid-parent","grid-33"],"_links":{"self":[{"href":"https:\/\/blog.guruwalk.com\/es\/wp-json\/wp\/v2\/posts\/12938","targetHints":{"allow":["GET"]}}],"collection":[{"href":"https:\/\/blog.guruwalk.com\/es\/wp-json\/wp\/v2\/posts"}],"about":[{"href":"https:\/\/blog.guruwalk.com\/es\/wp-json\/wp\/v2\/types\/post"}],"author":[{"embeddable":true,"href":"https:\/\/blog.guruwalk.com\/es\/wp-json\/wp\/v2\/users\/2"}],"replies":[{"embeddable":true,"href":"https:\/\/blog.guruwalk.com\/es\/wp-json\/wp\/v2\/comments?post=12938"}],"version-history":[{"count":8,"href":"https:\/\/blog.guruwalk.com\/es\/wp-json\/wp\/v2\/posts\/12938\/revisions"}],"predecessor-version":[{"id":47247,"href":"https:\/\/blog.guruwalk.com\/es\/wp-json\/wp\/v2\/posts\/12938\/revisions\/47247"}],"wp:featuredmedia":[{"embeddable":true,"href":"https:\/\/blog.guruwalk.com\/es\/wp-json\/wp\/v2\/media\/12939"}],"wp:attachment":[{"href":"https:\/\/blog.guruwalk.com\/es\/wp-json\/wp\/v2\/media?parent=12938"}],"wp:term":[{"taxonomy":"category","embeddable":true,"href":"https:\/\/blog.guruwalk.com\/es\/wp-json\/wp\/v2\/categories?post=12938"},{"taxonomy":"post_tag","embeddable":true,"href":"https:\/\/blog.guruwalk.com\/es\/wp-json\/wp\/v2\/tags?post=12938"}],"curies":[{"name":"wp","href":"https:\/\/api.w.org\/{rel}","templated":true}]}}