{"id":17448,"date":"2025-10-03T13:13:44","date_gmt":"2025-10-03T12:13:44","guid":{"rendered":"https:\/\/blog.guruwalk.com\/?p=17448"},"modified":"2026-08-27T13:10:43","modified_gmt":"2026-08-27T12:10:43","slug":"concierto-de-ano-nuevo-en-viena","status":"publish","type":"post","link":"https:\/\/blog.guruwalk.com\/es\/concierto-de-ano-nuevo-en-viena\/","title":{"rendered":"Concierto de a\u00f1o nuevo en Viena"},"content":{"rendered":"\n<h2 class=\"wp-block-heading\" id=\"el-concierto-de-ano-nuevo-en-viena-un-sueno-musical\">El Concierto de A\u00f1o Nuevo en Viena: Un sue\u00f1o musical<\/h2>\n\n\n\n<p class=\"wp-block-paragraph\">Asistir al&nbsp;<strong>Concierto de A\u00f1o Nuevo en Viena<\/strong>&nbsp;es una experiencia \u00fanica, un s\u00edmbolo cultural que trasciende fronteras. Cada 1 de enero, la&nbsp;<strong>Orquesta Filarm\u00f3nica de Viena<\/strong>&nbsp;despliega su magia en el majestuoso&nbsp;<strong>Musikverein<\/strong>, interpretando valses y polkas que han enamorado al mundo. Pero \u00bfc\u00f3mo planificar esta aventura para 2026? Aqu\u00ed, una gu\u00eda paso a paso basada en datos oficiales y verificados.<\/p>\n\n\n\n<h3 class=\"wp-block-heading\">\u00bfD\u00f3nde y cu\u00e1ndo se celebra en 2026?<\/h3>\n\n\n\n<p class=\"wp-block-paragraph\">El evento tiene lugar en la&nbsp;<strong>Sala Dorada del Musikverein<\/strong>. Para la edici\u00f3n 2025\/26 las tres citas oficiales son: <strong>30 de diciembre de 2025 (11:00, \u201cPreview Performance\u201d)<\/strong>, <strong>31 de diciembre de 2025 (19:30, Concierto de San Silvestre)<\/strong> y <strong>1 de enero de 2026 (11:15, Concierto de A\u00f1o Nuevo)<\/strong>. El programa y el director son los mismos en las tres fechas.<\/p>\n\n\n\n<blockquote class=\"wp-block-quote is-layout-flow wp-block-quote-is-layout-flow\">\n<p class=\"wp-block-paragraph\"><strong>Director 2026:<\/strong> <em>Yannick N\u00e9zet\u2011S\u00e9guin<\/em> (debut en el Concierto de A\u00f1o Nuevo). Confirmado por la propia Filarm\u00f3nica.<\/p>\n<\/blockquote>\n\n\n\n<h2 class=\"wp-block-heading\" id=\"como-conseguir-entradas-para-el-concierto-de-ano-nuevo-en-viena-en-2026\">C\u00f3mo conseguir entradas para el Concierto de A\u00f1o Nuevo en Viena en 2026<\/h2>\n\n\n\n<p class=\"wp-block-paragraph\">Las&nbsp;<strong>entradas<\/strong>&nbsp;son de las m\u00e1s codiciadas del mundo cl\u00e1sico y se asignan exclusivamente mediante <strong>sorteo<\/strong> en la web oficial de la orquesta; la Filarm\u00f3nica desaconseja comprar en plataformas de reventa.<\/p>\n\n\n\n<p class=\"wp-block-paragraph\"><strong>Proceso de solicitud (2026):<\/strong><\/p>\n\n\n\n<ul class=\"wp-block-list\">\n<li><strong>1\u201328 de febrero de 2025:<\/strong>&nbsp;Periodo oficial en el que se recibieron solicitudes para los conciertos 2025\/26 (incluye 30\/12\/2025, 31\/12\/2025 y 1\/1\/2026). Cada a\u00f1o el registro se concentra en febrero.<\/li>\n\n\n\n<li><strong>Notificaci\u00f3n:<\/strong>&nbsp;La orquesta comunica el resultado por email durante la <strong>primera quincena de marzo<\/strong>. <\/li>\n\n\n\n<li><strong>L\u00edmites por persona:<\/strong> puedes solicitar hasta <strong>2<\/strong> entradas para el 1\/1 y hasta <strong>4<\/strong> para el 30\/12 y 31\/12. Aproximadamente <strong>900 entradas por concierto<\/strong> salen por sorteo. <\/li>\n\n\n\n<li><strong>Precios oficiales (vigentes para 2025\/26):<\/strong> Concierto de A\u00f1o Nuevo (1\/1): <strong>35\u20131.200\u202f\u20ac<\/strong>; San Silvestre (31\/12): <strong>25\u2013860\u202f\u20ac<\/strong>; Preview (30\/12): <strong>20\u2013495\u202f\u20ac<\/strong>. :<\/li>\n<\/ul>\n\n\n\n<blockquote class=\"wp-block-quote is-layout-flow wp-block-quote-is-layout-flow\">\n<p class=\"wp-block-paragraph\"><em>Nota cr\u00edtica:<\/em> si no te toca, no \u201ccompenses\u201d con reventa a precios abusivos: la propia Filarm\u00f3nica desautoriza esas plataformas; la \u00fanica v\u00eda leg\u00edtima es el sorteo. <\/p>\n<\/blockquote>\n\n\n\n<h3 class=\"wp-block-heading\">Opciones alternativas si no obtienes entradas<\/h3>\n\n\n\n<p class=\"wp-block-paragraph\">1.&nbsp;<strong>Concierto de San Silvestre (31 de diciembre):<\/strong>&nbsp;Mis mismo repertorio y director que el 1\/1, con mayor probabilidad estad\u00edstica de conseguir plaza.<br>2.&nbsp;<strong>Transmisi\u00f3n p\u00fablica en Riesenradplatz (Prater):<\/strong>&nbsp;en 2026 est\u00e1 programada la <strong>emisi\u00f3n en directo<\/strong> del concierto en la pantalla LED del Wintermarkt (11:00, 1\/1\/2026). <em>Gratis<\/em>, ambiente festivo.<br>3.&nbsp;<strong>Conciertos paralelos:<\/strong>&nbsp;Hofburg (orquesta residente), Orangery de Sch\u00f6nbrunn y otros ciclos ofrecen programas de Strauss y Mozart en fechas navide\u00f1as y de A\u00f1o Nuevo.<\/p>\n\n\n\n<p class=\"wp-block-paragraph\">4.&nbsp;<strong>Silvesterpfad (31\/12):<\/strong> macrofiesta gratuita por el centro (escenarios en Rathausplatz, Stephansplatz, Graben, etc.). Suele incluir programaci\u00f3n cl\u00e1sica ligera y valses antes de medianoche. Verifica cada a\u00f1o.<\/p>\n\n\n<div class=\"gw-products-block\" style=\"--gw-nav-width:30px; --gw-nav-height:30px; --gw-chevron-w:15px; --gw-chevron-h:15px; --gw-circle-color:#0a5bd9; --gw-chevron-color:#0a5bd9;\"><h2 class=\"gw-products-title\" id=\"reserva-un-concierto-de-musica-clasica-en-viena\">Reserva un concierto de m\u00fasica cl\u00e1sica en Viena<\/h2><div class=\"gw-products-carousel\" aria-live=\"polite\"><article class=\"gw-card\"><div class=\"gw-card__image\"><img decoding=\"async\" class=\"gw-card__photo\" src=\"https:\/\/blog.guruwalk.com\/wp-content\/uploads\/gw-products\/images\/a370e8e514ed7d38cdc93b1be192bfd4.webp\" alt=\"Viena: Concierto de las Cuatro Estaciones de Vivaldi en la Karlskirche\" loading=\"lazy\" \/><\/div><div class=\"gw-card__body\"><h3 class=\"gw-card__title\">Viena: Concierto de las Cuatro Estaciones de Vivaldi en la Karlskirche<\/h3><div class=\"gw-card__footer\"><div class=\"gw-card__meta\"><div class=\"gw-rating\" aria-label=\"Valoraci\u00f3n 4.7 de 5\"><span class=\"gw-star gw-star--full\" aria-hidden=\"true\">\u2605<\/span><span class=\"gw-star gw-star--full\" aria-hidden=\"true\">\u2605<\/span><span class=\"gw-star gw-star--full\" aria-hidden=\"true\">\u2605<\/span><span class=\"gw-star gw-star--full\" aria-hidden=\"true\">\u2605<\/span><span class=\"gw-star gw-star--half\" aria-hidden=\"true\">\u2606<\/span><span class=\"gw-rating__count\">4,7 (17003)<\/span><\/div><\/div><div class=\"gw-card__price\">Desde \u20ac38,00<\/div><\/div><\/div><a class=\"gw-card__link\" href=\"https:\/\/www.guruwalk.com\/es\/walks\/p101695-viena-concierto-de-las-cuatro-estaciones-de-vivaldi-en-la-karlskirche\" target=\"_blank\" rel=\"noopener\" aria-label=\"Viena: Concierto de las Cuatro Estaciones de Vivaldi en la Karlskirche\"><\/a><\/article><article class=\"gw-card\"><div class=\"gw-card__image\"><img decoding=\"async\" class=\"gw-card__photo\" src=\"https:\/\/blog.guruwalk.com\/wp-content\/uploads\/gw-products\/images\/5d61f5b8bde39f162cb32ddc0e70ad78.webp\" alt=\"Viena: espect\u00e1culo-concierto de Freddie Mercury en la \u00d3pera\" loading=\"lazy\" \/><\/div><div class=\"gw-card__body\"><h3 class=\"gw-card__title\">Viena: espect\u00e1culo-concierto de Freddie Mercury en la \u00d3pera<\/h3><div class=\"gw-card__footer\"><div class=\"gw-card__meta\"><div class=\"gw-rating\" aria-label=\"Valoraci\u00f3n 4.5 de 5\"><span class=\"gw-star gw-star--full\" aria-hidden=\"true\">\u2605<\/span><span class=\"gw-star gw-star--full\" aria-hidden=\"true\">\u2605<\/span><span class=\"gw-star gw-star--full\" aria-hidden=\"true\">\u2605<\/span><span class=\"gw-star gw-star--full\" aria-hidden=\"true\">\u2605<\/span><span class=\"gw-star gw-star--half\" aria-hidden=\"true\">\u2606<\/span><span class=\"gw-rating__count\">4,5 (157)<\/span><\/div><\/div><div class=\"gw-card__price\">Desde \u20ac50,00<\/div><\/div><\/div><a class=\"gw-card__link\" href=\"https:\/\/www.guruwalk.com\/es\/walks\/p163711-viena-espectaculo-concierto-de-freddie-mercury-en-la-opera\" target=\"_blank\" rel=\"noopener\" aria-label=\"Viena: espect\u00e1culo-concierto de Freddie Mercury en la \u00d3pera\"><\/a><\/article><article class=\"gw-card\"><div class=\"gw-card__image\"><img decoding=\"async\" class=\"gw-card__photo\" src=\"https:\/\/blog.guruwalk.com\/wp-content\/uploads\/gw-products\/images\/a85ab3de349452ebb229a7cfd20f44ca.webp\" alt=\"Viena: Concierto de m\u00fasica cl\u00e1sica en la iglesia de Santa Ana (Annakirche)\" loading=\"lazy\" \/><\/div><div class=\"gw-card__body\"><h3 class=\"gw-card__title\">Viena: Concierto de m\u00fasica cl\u00e1sica en la iglesia de Santa Ana (Annakirche)<\/h3><div class=\"gw-card__footer\"><div class=\"gw-card__meta\"><div class=\"gw-rating\" aria-label=\"Valoraci\u00f3n 4.6 de 5\"><span class=\"gw-star gw-star--full\" aria-hidden=\"true\">\u2605<\/span><span class=\"gw-star gw-star--full\" aria-hidden=\"true\">\u2605<\/span><span class=\"gw-star gw-star--full\" aria-hidden=\"true\">\u2605<\/span><span class=\"gw-star gw-star--full\" aria-hidden=\"true\">\u2605<\/span><span class=\"gw-star gw-star--half\" aria-hidden=\"true\">\u2606<\/span><span class=\"gw-rating__count\">4,6 (3671)<\/span><\/div><\/div><div class=\"gw-card__price\">Desde \u20ac27,00<\/div><\/div><\/div><a class=\"gw-card__link\" href=\"https:\/\/www.guruwalk.com\/es\/walks\/p136085-viena-concierto-de-musica-clasica-en-la-iglesia-de-santa-ana-annakirche\" target=\"_blank\" rel=\"noopener\" aria-label=\"Viena: Concierto de m\u00fasica cl\u00e1sica en la iglesia de Santa Ana (Annakirche)\"><\/a><\/article><article class=\"gw-card\"><div class=\"gw-card__image\"><img decoding=\"async\" class=\"gw-card__photo\" src=\"https:\/\/blog.guruwalk.com\/wp-content\/uploads\/gw-products\/images\/ebf7c420022170d8800310a6e2d2cde6.webp\" alt=\"Konzerthaus de Viena: Concierto Mozart y Strauss\" loading=\"lazy\" \/><\/div><div class=\"gw-card__body\"><h3 class=\"gw-card__title\">Konzerthaus de Viena: Concierto Mozart y Strauss<\/h3><div class=\"gw-card__footer\"><div class=\"gw-card__price\">Desde \u20ac55,00<\/div><\/div><\/div><a class=\"gw-card__link\" href=\"https:\/\/www.guruwalk.com\/es\/walks\/p170682-konzerthaus-de-viena-concierto-mozart-y-strauss-cGFub3B0ZXM\" target=\"_blank\" rel=\"noopener\" aria-label=\"Konzerthaus de Viena: Concierto Mozart y Strauss\"><\/a><\/article><article class=\"gw-card\"><div class=\"gw-card__image\"><img decoding=\"async\" class=\"gw-card__photo\" src=\"https:\/\/blog.guruwalk.com\/wp-content\/uploads\/gw-products\/images\/60a11342ad47ecacb0b806d1fa5dfd41.webp\" alt=\"Real Orquesta de Viena: concierto cl\u00e1sico de Mozart y Strauss\" loading=\"lazy\" \/><\/div><div class=\"gw-card__body\"><h3 class=\"gw-card__title\">Real Orquesta de Viena: concierto cl\u00e1sico de Mozart y Strauss<\/h3><div class=\"gw-card__footer\"><div class=\"gw-card__price\">Desde \u20ac59,00<\/div><\/div><\/div><a class=\"gw-card__link\" href=\"https:\/\/www.guruwalk.com\/es\/walks\/p160953-real-orquesta-de-viena-concierto-clasico-de-mozart-y-strauss\" target=\"_blank\" rel=\"noopener\" aria-label=\"Real Orquesta de Viena: concierto cl\u00e1sico de Mozart y Strauss\"><\/a><\/article><article class=\"gw-card\"><div class=\"gw-card__image\"><img decoding=\"async\" class=\"gw-card__photo\" src=\"https:\/\/blog.guruwalk.com\/wp-content\/uploads\/gw-products\/images\/74165109df798c4f5214b858b24087ce.webp\" alt=\"Antiguo Palacio de la Bolsa: Concierto de Mozart y Johann Strauss con Ballet\" loading=\"lazy\" \/><\/div><div class=\"gw-card__body\"><h3 class=\"gw-card__title\">Antiguo Palacio de la Bolsa: Concierto de Mozart y Johann Strauss con Ballet<\/h3><div class=\"gw-card__footer\"><div class=\"gw-card__meta\"><div class=\"gw-rating\" aria-label=\"Valoraci\u00f3n 4.4 de 5\"><span class=\"gw-star gw-star--full\" aria-hidden=\"true\">\u2605<\/span><span class=\"gw-star gw-star--full\" aria-hidden=\"true\">\u2605<\/span><span class=\"gw-star gw-star--full\" aria-hidden=\"true\">\u2605<\/span><span class=\"gw-star gw-star--full\" aria-hidden=\"true\">\u2605<\/span><span class=\"gw-star gw-star--empty\" aria-hidden=\"true\">\u2606<\/span><span class=\"gw-rating__count\">4,4 (66)<\/span><\/div><\/div><div class=\"gw-card__price\">Desde \u20ac55,00<\/div><\/div><\/div><a class=\"gw-card__link\" href=\"https:\/\/www.guruwalk.com\/es\/walks\/p3288-antiguo-palacio-de-la-bolsa-concierto-de-mozart-y-johann-strauss-con-ballet\" target=\"_blank\" rel=\"noopener\" aria-label=\"Antiguo Palacio de la Bolsa: Concierto de Mozart y Johann Strauss con Ballet\"><\/a><\/article><article class=\"gw-card\"><div class=\"gw-card__image\"><img decoding=\"async\" class=\"gw-card__photo\" src=\"https:\/\/blog.guruwalk.com\/wp-content\/uploads\/gw-products\/images\/5f8a967cb75900adcddcf488ad0f6991.webp\" alt=\"Viena: concierto de m\u00fasica cl\u00e1sica en el Palacio B\u00f6rse con ballet y \u00f3pera\" loading=\"lazy\" \/><\/div><div class=\"gw-card__body\"><h3 class=\"gw-card__title\">Viena: concierto de m\u00fasica cl\u00e1sica en el Palacio B\u00f6rse con ballet y \u00f3pera<\/h3><div class=\"gw-card__footer\"><div class=\"gw-card__meta\"><div class=\"gw-rating\" aria-label=\"Valoraci\u00f3n 4.5 de 5\"><span class=\"gw-star gw-star--full\" aria-hidden=\"true\">\u2605<\/span><span class=\"gw-star gw-star--full\" aria-hidden=\"true\">\u2605<\/span><span class=\"gw-star gw-star--full\" aria-hidden=\"true\">\u2605<\/span><span class=\"gw-star gw-star--full\" aria-hidden=\"true\">\u2605<\/span><span class=\"gw-star gw-star--half\" aria-hidden=\"true\">\u2606<\/span><span class=\"gw-rating__count\">4,5 (939)<\/span><\/div><\/div><div class=\"gw-card__price\">Desde \u20ac65,00<\/div><\/div><\/div><a class=\"gw-card__link\" href=\"https:\/\/www.guruwalk.com\/es\/walks\/p96809-viena-concierto-de-musica-clasica-en-el-palacio-borse-con-ballet-y-opera\" target=\"_blank\" rel=\"noopener\" aria-label=\"Viena: concierto de m\u00fasica cl\u00e1sica en el Palacio B\u00f6rse con ballet y \u00f3pera\"><\/a><\/article><article class=\"gw-card\"><div class=\"gw-card__image\"><img decoding=\"async\" class=\"gw-card__photo\" src=\"https:\/\/blog.guruwalk.com\/wp-content\/uploads\/gw-products\/images\/7034072988ac19cb86e6b211fe5c6483.webp\" alt=\"Salvatorsaal de Viena: Concierto \u00abChopin y sus amigos vieneses\u00bb a la luz de las velas\" loading=\"lazy\" \/><\/div><div class=\"gw-card__body\"><h3 class=\"gw-card__title\">Salvatorsaal de Viena: Concierto \u00abChopin y sus amigos vieneses\u00bb a la luz de las velas<\/h3><div class=\"gw-card__footer\"><div class=\"gw-card__price\">Desde \u20ac25,00<\/div><\/div><\/div><a class=\"gw-card__link\" href=\"https:\/\/www.guruwalk.com\/es\/walks\/p170623-salvatorsaal-de-viena-concierto-chopin-y-sus-amigos-vieneses-a-la-luz-de-las-velas-cGFub3B0ZXM\" target=\"_blank\" rel=\"noopener\" aria-label=\"Salvatorsaal de Viena: Concierto \u00abChopin y sus amigos vieneses\u00bb a la luz de las velas\"><\/a><\/article><article class=\"gw-card\"><div class=\"gw-card__image\"><img decoding=\"async\" class=\"gw-card__photo\" src=\"https:\/\/blog.guruwalk.com\/wp-content\/uploads\/gw-products\/images\/d8727ae9accca8adbb6d5d91208be668.webp\" alt=\"Palacio Auersperg: Concierto de Gala Imperial + Cena\" loading=\"lazy\" \/><\/div><div class=\"gw-card__body\"><h3 class=\"gw-card__title\">Palacio Auersperg: Concierto de Gala Imperial + Cena<\/h3><div class=\"gw-card__footer\"><div class=\"gw-card__price\">Desde \u20ac75,00<\/div><\/div><\/div><a class=\"gw-card__link\" href=\"https:\/\/www.guruwalk.com\/es\/walks\/p35047-palacio-auersperg-concierto-de-gala-imperial-cena-5c17064b-2088-4727-962e-c4bc3ff25f85\" target=\"_blank\" rel=\"noopener\" aria-label=\"Palacio Auersperg: Concierto de Gala Imperial + Cena\"><\/a><\/article><article class=\"gw-card\"><div class=\"gw-card__image\"><img decoding=\"async\" class=\"gw-card__photo\" src=\"https:\/\/blog.guruwalk.com\/wp-content\/uploads\/gw-products\/images\/47f8b7c5987ab3619a3a13f5c0f74c49.webp\" alt=\"Mozarthaus: Entrada + Concierto Cl\u00e1sico Nocturno del Wiener Ensemble\" loading=\"lazy\" \/><\/div><div class=\"gw-card__body\"><h3 class=\"gw-card__title\">Mozarthaus: Entrada + Concierto Cl\u00e1sico Nocturno del Wiener Ensemble<\/h3><div class=\"gw-card__footer\"><div class=\"gw-card__meta\"><div class=\"gw-rating\" aria-label=\"Valoraci\u00f3n 4.7 de 5\"><span class=\"gw-star gw-star--full\" aria-hidden=\"true\">\u2605<\/span><span class=\"gw-star gw-star--full\" aria-hidden=\"true\">\u2605<\/span><span class=\"gw-star gw-star--full\" aria-hidden=\"true\">\u2605<\/span><span class=\"gw-star gw-star--full\" aria-hidden=\"true\">\u2605<\/span><span class=\"gw-star gw-star--half\" aria-hidden=\"true\">\u2606<\/span><span class=\"gw-rating__count\">4,7 (76)<\/span><\/div><\/div><div class=\"gw-card__price\">Desde \u20ac59,00<\/div><\/div><\/div><a class=\"gw-card__link\" href=\"https:\/\/www.guruwalk.com\/es\/walks\/p170687-mozarthaus-entrada-concierto-clasico-nocturno-del-wiener-ensemble-7ec8858c-c840-41f0-ae05-270e1d8351c4-cGFub3B0ZXM\" target=\"_blank\" rel=\"noopener\" aria-label=\"Mozarthaus: Entrada + Concierto Cl\u00e1sico Nocturno del Wiener Ensemble\"><\/a><\/article><article class=\"gw-card\"><div class=\"gw-card__image\"><img decoding=\"async\" class=\"gw-card__photo\" src=\"https:\/\/blog.guruwalk.com\/wp-content\/uploads\/gw-products\/images\/5dc02feac86a33ddb4e22070cfaff7f5.webp\" alt=\"Viena: tour privado de m\u00fasica cl\u00e1sica, entrada al museo y concierto\" loading=\"lazy\" \/><div class=\"gw-flags\" aria-label=\"Idiomas disponibles\"><span class=\"gw-flag\" title=\"DE\"><img decoding=\"async\" class=\"gw-flag-img\" src=\"https:\/\/blog.guruwalk.com\/wp-content\/uploads\/gw-products\/flags\/de.svg\" alt=\"DE\" loading=\"lazy\" width=\"22\" height=\"16\" \/><\/span><span class=\"gw-flag\" title=\"EN\"><img decoding=\"async\" class=\"gw-flag-img\" src=\"https:\/\/blog.guruwalk.com\/wp-content\/uploads\/gw-products\/flags\/gb.svg\" alt=\"EN\" loading=\"lazy\" width=\"22\" height=\"16\" \/><\/span><span class=\"gw-flag\" title=\"ES\"><img decoding=\"async\" class=\"gw-flag-img\" src=\"https:\/\/blog.guruwalk.com\/wp-content\/uploads\/gw-products\/flags\/es.svg\" alt=\"ES\" loading=\"lazy\" width=\"22\" height=\"16\" \/><\/span><span class=\"gw-flag\" title=\"IT\"><img decoding=\"async\" class=\"gw-flag-img\" src=\"https:\/\/blog.guruwalk.com\/wp-content\/uploads\/gw-products\/flags\/it.svg\" alt=\"IT\" loading=\"lazy\" width=\"22\" height=\"16\" \/><\/span><\/div><\/div><div class=\"gw-card__body\"><h3 class=\"gw-card__title\">Viena: tour privado de m\u00fasica cl\u00e1sica, entrada al museo y concierto<\/h3><div class=\"gw-card__footer\"><div class=\"gw-card__price\">Desde \u20ac56,00<\/div><\/div><\/div><a class=\"gw-card__link\" href=\"https:\/\/www.guruwalk.com\/es\/walks\/p126396-viena-tour-privado-de-musica-clasica-entrada-al-museo-y-concierto\" target=\"_blank\" rel=\"noopener\" aria-label=\"Viena: tour privado de m\u00fasica cl\u00e1sica, entrada al museo y concierto\"><\/a><\/article><article class=\"gw-card\"><div class=\"gw-card__image\"><img decoding=\"async\" class=\"gw-card__photo\" src=\"https:\/\/blog.guruwalk.com\/wp-content\/uploads\/gw-products\/images\/5f1dd8fd764ca4a8dfc1281ad39caa6f.webp\" alt=\"Iglesia de los Capuchinos: Concierto de Mozart y obras maestras cl\u00e1sicas + Cripta Imperial\" loading=\"lazy\" \/><\/div><div class=\"gw-card__body\"><h3 class=\"gw-card__title\">Iglesia de los Capuchinos: Concierto de Mozart y obras maestras cl\u00e1sicas + Cripta Imperial<\/h3><div class=\"gw-card__footer\"><div class=\"gw-card__meta\"><div class=\"gw-rating\" aria-label=\"Valoraci\u00f3n 4.9 de 5\"><span class=\"gw-star gw-star--full\" aria-hidden=\"true\">\u2605<\/span><span class=\"gw-star gw-star--full\" aria-hidden=\"true\">\u2605<\/span><span class=\"gw-star gw-star--full\" aria-hidden=\"true\">\u2605<\/span><span class=\"gw-star gw-star--full\" aria-hidden=\"true\">\u2605<\/span><span class=\"gw-star gw-star--half\" aria-hidden=\"true\">\u2606<\/span><span class=\"gw-rating__count\">4,9 (19)<\/span><\/div><\/div><div class=\"gw-card__price\">Desde \u20ac15,00<\/div><\/div><\/div><a class=\"gw-card__link\" href=\"https:\/\/www.guruwalk.com\/es\/walks\/p226504-iglesia-de-los-capuchinos-concierto-de-mozart-y-obras-maestras-clasicas-cripta-imperial-50c882f0-9de9-4319-963a-bc7e019b89fa-cGFub3B0ZXM\" target=\"_blank\" rel=\"noopener\" aria-label=\"Iglesia de los Capuchinos: Concierto de Mozart y obras maestras cl\u00e1sicas + Cripta Imperial\"><\/a><\/article><article class=\"gw-card\"><div class=\"gw-card__image\"><img decoding=\"async\" class=\"gw-card__photo\" src=\"https:\/\/blog.guruwalk.com\/wp-content\/uploads\/gw-products\/images\/fccd8423250828b37aa91ede3cbc6b9a.webp\" alt=\"Viena: concierto de Mozart y Strauss con ballet en la Konzerthaus\" loading=\"lazy\" \/><\/div><div class=\"gw-card__body\"><h3 class=\"gw-card__title\">Viena: concierto de Mozart y Strauss con ballet en la Konzerthaus<\/h3><div class=\"gw-card__footer\"><div class=\"gw-card__meta\"><div class=\"gw-rating\" aria-label=\"Valoraci\u00f3n 4.5 de 5\"><span class=\"gw-star gw-star--full\" aria-hidden=\"true\">\u2605<\/span><span class=\"gw-star gw-star--full\" aria-hidden=\"true\">\u2605<\/span><span class=\"gw-star gw-star--full\" aria-hidden=\"true\">\u2605<\/span><span class=\"gw-star gw-star--full\" aria-hidden=\"true\">\u2605<\/span><span class=\"gw-star gw-star--half\" aria-hidden=\"true\">\u2606<\/span><span class=\"gw-rating__count\">4,5 (354)<\/span><\/div><\/div><div class=\"gw-card__price\">Desde \u20ac55,00<\/div><\/div><\/div><a class=\"gw-card__link\" href=\"https:\/\/www.guruwalk.com\/es\/walks\/p101071-viena-concierto-de-mozart-y-strauss-con-ballet-en-la-konzerthaus-f9122f02-c5d1-4fba-91dd-c479819e3777\" target=\"_blank\" rel=\"noopener\" aria-label=\"Viena: concierto de Mozart y Strauss con ballet en la Konzerthaus\"><\/a><\/article><article class=\"gw-card\"><div class=\"gw-card__image\"><img decoding=\"async\" class=\"gw-card__photo\" src=\"https:\/\/blog.guruwalk.com\/wp-content\/uploads\/gw-products\/images\/10178abd3eab0c2d14b0cd9a351605db.webp\" alt=\"Concierto de Mozart en el Musikverein\" loading=\"lazy\" \/><\/div><div class=\"gw-card__body\"><h3 class=\"gw-card__title\">Concierto de Mozart en el Musikverein<\/h3><div class=\"gw-card__footer\"><div class=\"gw-card__meta\"><div class=\"gw-rating\" aria-label=\"Valoraci\u00f3n 4.5 de 5\"><span class=\"gw-star gw-star--full\" aria-hidden=\"true\">\u2605<\/span><span class=\"gw-star gw-star--full\" aria-hidden=\"true\">\u2605<\/span><span class=\"gw-star gw-star--full\" aria-hidden=\"true\">\u2605<\/span><span class=\"gw-star gw-star--full\" aria-hidden=\"true\">\u2605<\/span><span class=\"gw-star gw-star--half\" aria-hidden=\"true\">\u2606<\/span><span class=\"gw-rating__count\">4,6 (1119)<\/span><\/div><\/div><div class=\"gw-card__price\">Desde \u20ac69,00<\/div><\/div><\/div><a class=\"gw-card__link\" href=\"https:\/\/www.guruwalk.com\/es\/walks\/p75595-concierto-de-mozart-en-el-musikverein\" target=\"_blank\" rel=\"noopener\" aria-label=\"Concierto de Mozart en el Musikverein\"><\/a><\/article><\/div><\/div>\n\n\n<h2 class=\"wp-block-heading\" id=\"planificacion-logistica-viaje-y-alojamiento\">Planificaci\u00f3n log\u00edstica: Viaje y alojamiento<\/h2>\n\n\n\n<figure class=\"wp-block-table\"><table class=\"has-fixed-layout\"><tbody><tr><th>Concepto<\/th><th>Recomendaci\u00f3n<\/th><\/tr><tr><td>Vuelos<\/td><td>Reserva con 6\u20138 meses. Desde el aeropuerto hay dos trenes al centro: <strong>CAT (16&nbsp;min, directo a Wien Mitte)<\/strong> y <strong>S\u2011Bahn S7 (~25&nbsp;min)<\/strong>.<\/td><\/tr><tr><td>Hoteles<\/td><td>Zonas cerca del Musikverein: Innere Stadt, Wieden o Landstra\u00dfe. Ajusta presupuesto: fin de a\u00f1o suben tarifas.<\/td><\/tr><tr><td>Transporte urbano<\/td><td><strong>Cambio 2026:<\/strong> Wiener Linien <strong>elimina los abonos de 48\u202fh y 72\u202fh<\/strong>. Alternativas: <strong>24\u202fh (10,20\u202f\u20ac)<\/strong> y <strong>7 d\u00edas (28,90\u202f\u20ac)<\/strong>. Compra en app WienMobil o taquillas.<\/td><\/tr><\/tbody><\/table><\/figure>\n\n\n\n<h2 class=\"wp-block-heading\" id=\"detalles-practicos-del-evento\">Detalles pr\u00e1cticos del evento<\/h2>\n\n\n\n<p class=\"wp-block-paragraph\"><strong>Horario y duraci\u00f3n:<\/strong> el 1\/1 el concierto comienza a las <strong>11:15<\/strong> y dura aprox. <strong>2&nbsp;h&nbsp;30&nbsp;min<\/strong> incluyendo pausas.<\/p>\n\n\n\n<p class=\"wp-block-paragraph\"><strong>Director 2026:<\/strong> Yannick N\u00e9zet\u2011S\u00e9guin (debut). <strong>C\u00f3digo de vestimenta:<\/strong> la Filarm\u00f3nica recomienda <em>etiqueta de concierto elegante<\/em>, sin obligaci\u00f3n estricta.<\/p>\n\n\n\n<p class=\"wp-block-paragraph\"><strong>Acceso y puntualidad (Musikverein):<\/strong> el edificio abre 1&nbsp;h antes y la sala 30&nbsp;min antes. Tras el inicio, solo se permite entrar <em>en el intermedio o durante aplausos<\/em>. Evita llegar tarde.<\/p>\n\n\n\n<h3 class=\"wp-block-heading\">Programa musical 2026<\/h3>\n\n\n\n<p class=\"wp-block-paragraph\">El programa completo se publica a finales de diciembre o el propio 1\/1. En cualquier caso, se mantiene la tradici\u00f3n de los <em>encores<\/em>: <strong>\u201cAn der sch\u00f6nen blauen Donau\u201d (El Danubio Azul)<\/strong> y <strong>\u201cRadetzky\u2011Marsch\u201d<\/strong>.<\/p>\n\n\n\n<h2 class=\"wp-block-heading\" id=\"experiencia-completa-mas-alla-del-concierto\">Experiencia completa: M\u00e1s all\u00e1 del concierto<\/h2>\n\n\n\n<p class=\"wp-block-paragraph\"><strong>31 de diciembre:<\/strong><\/p>\n\n\n\n<ul class=\"wp-block-list\">\n<li><strong>Silvesterpfad<\/strong> (centro de Viena, 14:00\u201302:00 aprox.). Recorre plazas como Stephansplatz y Rathausplatz con escenarios y valses. Consulta el programa anual.<\/li>\n\n\n\n<li><strong>Gala de Nochevieja en el Ayuntamiento (Rathaus):<\/strong> cena + baile en el Festsaal (venta directa del organizador).<\/li>\n\n\n\n<li><strong>Hofburg Silvesterball:<\/strong> el tradicional baile de Nochevieja de la Hofburg <strong>ya no se celebra<\/strong> (informaci\u00f3n oficial).<\/li>\n\n\n\n<li><strong>Riesenradplatz (Prater):<\/strong> fiesta al aire libre y, el <strong>1\/1<\/strong>, <em>emisi\u00f3n en directo<\/em> del Concierto en la pantalla gigante (11:00).<\/li>\n<\/ul>\n\n\n\n<p class=\"wp-block-paragraph\"><strong>Mercadillos de fin de a\u00f1o:<\/strong> el hist\u00f3rico mercado de Maria\u2011Theresien\u2011Platz <strong>no se celebra en 2025 ni en 2026<\/strong> por obras en los accesos de los museos (confirma su retorno a partir de 2027). Alternativas: Sch\u00f6nbrunn, Belvedere y Wintermarkt del Prater.<\/p>\n\n\n\n<p class=\"wp-block-paragraph\"><strong>1 de enero:<\/strong> si no tienes entrada, la pantalla de Riesenradplatz es la opci\u00f3n m\u00e1s c\u00f3moda (gratis). Adem\u00e1s, puedes combinar con la <strong>Escuela Espa\u00f1ola de Equitaci\u00f3n<\/strong> (seg\u00fan calendario) o la <strong>visita guiada<\/strong> de la \u00d3pera Estatal (~40 min).<\/p>\n\n\n\n<h2 class=\"wp-block-heading\" id=\"errores-comunes-que-evitar\">Errores comunes que evitar<\/h2>\n\n\n\n<ul class=\"wp-block-list\">\n<li><strong>Llegar tarde:<\/strong>&nbsp;el acceso una vez iniciado se restringe al intermedio o aplausos; planifica seguridad y guardarropa.<\/li>\n\n\n\n<li><strong>Confundir fechas:<\/strong>&nbsp;el 30\/12 (11:00) y el 31\/12 (19:30) tienen el <em>mismo<\/em> programa y director que el 1\/1 (11:15). <\/li>\n\n\n\n<li><strong>Subestimar el fr\u00edo:<\/strong>&nbsp;enero en Viena suele moverse alrededor de m\u00e1ximas 2\u20134\u202f\u00b0C y m\u00ednimas \u22124\u2013\u22121\u202f\u00b0C (abrigo t\u00e9rmico y calzado antideslizante). <\/li>\n\n\n\n<li><strong>Picar con la reventa:<\/strong>&nbsp;la Filarm\u00f3nica avisa: tickets solo por sorteo; ignora webs no oficiales con sobreprecios. <\/li>\n<\/ul>\n\n\n\n<h2 class=\"wp-block-heading\" id=\"preguntas-frecuentes\">Preguntas frecuentes<\/h2>\n\n\n<div id=\"rank-math-faq\" class=\"rank-math-block\">\n<div class=\"rank-math-list \">\n<div id=\"faq-question-1743986922567\" class=\"rank-math-list-item\">\n<h3 class=\"rank-math-question \"><strong>\u00bfSe puede grabar el concierto?<\/strong><\/h3>\n<div class=\"rank-math-answer \">\n\n<p>No. Est\u00e1 prohibido usar m\u00f3viles o c\u00e1maras durante la funci\u00f3n. La ORF transmite en m\u00e1s de 90 pa\u00edses.<\/p>\n\n<\/div>\n<\/div>\n<div id=\"faq-question-1743986935401\" class=\"rank-math-list-item\">\n<h3 class=\"rank-math-question \"><strong>\u00bfHay descuentos para estudiantes?<\/strong><\/h3>\n<div class=\"rank-math-answer \">\n\n<p>Para estos conciertos no hay descuentos espec\u00edficos para estudiantes en el sorteo. Consulta las condiciones oficiales en la web de la orquesta.<\/p>\n\n<\/div>\n<\/div>\n<div id=\"faq-question-1743986951949\" class=\"rank-math-list-item\">\n<h3 class=\"rank-math-question \"><strong>\u00bfCu\u00e1nto gana un m\u00fasico de la Filarm\u00f3nica?<\/strong><\/h3>\n<div class=\"rank-math-answer \">\n\n<p>La orquesta no publica salarios individuales; la informaci\u00f3n no es p\u00fablica.<\/p>\n\n<\/div>\n<\/div>\n<\/div>\n<\/div>\n\n\n<h2 class=\"wp-block-heading\" id=\"mejores-free-tours\">Mejores free tours en Viena<\/h2>\n\n\n<div class=\"gw-freetours-container\"><div class=\"gw-freetours-carousel\"><div class=\"gw-freetours-track\"><div class=\"gw-freetours-card\" data-tour-id=\"60422\"><button type=\"button\" class=\"gw-freetours-image-link\" data-dest=\"https:\/\/www.guruwalk.com\/es\/walks\/60422-free-tour-episodio-1-paseo-por-el-centro-de-viena\" role=\"link\" aria-label=\"Free Tour: Episodio 1, Paseo por el Centro de Viena\"><div class=\"gw-freetours-image\"><img decoding=\"async\" class=\"gw-freetours-photo\" src=\"https:\/\/blog.guruwalk.com\/wp-content\/uploads\/gw-freetours-cache\/60422-1c40e62ff0d9bb1bb084fa6ee569ecd2.jpg\" alt=\"Free Tour: Episodio 1, Paseo por el Centro de Viena\" loading=\"lazy\" \/><div class=\"gw-freetours-flags\"><img decoding=\"async\" src=\"https:\/\/blog.guruwalk.com\/wp-content\/gurupluginswalk\/wp-gw-freetours\/assets\/flags\/es.svg\" alt=\"es\" class=\"gw-freetours-flag\" \/><\/div><\/div><\/button><div class=\"gw-freetours-content\"><h4 class=\"gw-freetours-title\"><button type=\"button\" class=\"gw-freetours-title-link\" data-dest=\"https:\/\/www.guruwalk.com\/es\/walks\/60422-free-tour-episodio-1-paseo-por-el-centro-de-viena\" role=\"link\">Free Tour: Episodio 1, Paseo por el Centro de Viena<\/button><\/h4><div class=\"gw-freetours-meta-top\"><span class=\"gw-freetours-duration\"><svg width=\"16\" height=\"16\" viewBox=\"0 0 24 24\" fill=\"none\" stroke=\"currentColor\" stroke-width=\"2\"><circle cx=\"12\" cy=\"12\" r=\"10\"\/><polyline points=\"12,6 12,12 16,14\"\/><\/svg>2:00<\/span><button class=\"gw-freetours-map-btn\" data-lat=\"48.204621\" data-lng=\"16.360967\" data-address=\"Maria-Theresien-Platz, 1010 Wien, Austria\" data-instructions=\"Busca el paraguas naranja justo delante del gran monumento de Maria Theresia, entre el Museo de Historia del Arte y el Museo de Historia Natural, muy cerca de la estaci\u00f3n de metro Volkstheater (l\u00edneas U2 y U3).Llega con unos minutos de antelaci\u00f3n para que podamos comenzar a tiempo. \u00a1Nos vemos pronto para descubrir juntos la historia de Viena!\"><svg width=\"16\" height=\"16\" viewBox=\"0 0 24 24\" fill=\"none\" stroke=\"currentColor\" stroke-width=\"2\"><path d=\"M21 10c0 7-9 13-9 13s-9-6-9-13a9 9 0 0 1 18 0z\"\/><circle cx=\"12\" cy=\"10\" r=\"3\"\/><\/svg><\/button><\/div><p class=\"gw-freetours-description\">Si acabas de llegar a Viena, este Free Tour es la opci\u00f3n perfecta para conocer la capital de Austria.\u00a0 A&#8230;<\/p><div class=\"gw-freetours-author\"><span class=\"gw-freetours-author-link\"><img decoding=\"async\" src=\"https:\/\/media.guruwalk.com\/ijsgb6n2bt9mubif7l5e12ehvyni\" alt=\"Trim Team\" class=\"gw-freetours-author-avatar\" \/><span class=\"gw-freetours-author-name\">Trim Team<\/span><\/span><\/div><div class=\"gw-freetours-rating-container\"><div class=\"gw-freetours-rating\" aria-label=\"Valoraci\u00f3n 4.8 de 5\"><span class=\"gw-freetours-star gw-freetours-star--full\" aria-hidden=\"true\">\u2605<\/span><span class=\"gw-freetours-star gw-freetours-star--full\" aria-hidden=\"true\">\u2605<\/span><span class=\"gw-freetours-star gw-freetours-star--full\" aria-hidden=\"true\">\u2605<\/span><span class=\"gw-freetours-star gw-freetours-star--full\" aria-hidden=\"true\">\u2605<\/span><span class=\"gw-freetours-star gw-freetours-star--half\" aria-hidden=\"true\">\u2606<\/span><span class=\"gw-freetours-rating__count\">4,8 (1701)<\/span><\/div><\/div><\/div><\/div><div class=\"gw-freetours-card\" data-tour-id=\"64728\"><button type=\"button\" class=\"gw-freetours-image-link\" data-dest=\"https:\/\/www.guruwalk.com\/es\/walks\/64728-free-tour-episodio-2-paseo-por-la-viena-desconocida-y-el-barrio-judio\" role=\"link\" aria-label=\"Free Tour: Episodio 2, Paseo por la Viena Desconocida y el Barrio Jud\u00edo\"><div class=\"gw-freetours-image\"><img decoding=\"async\" class=\"gw-freetours-photo\" src=\"https:\/\/blog.guruwalk.com\/wp-content\/uploads\/gw-freetours-cache\/64728-0366a69ba92b06ca4d52f5ad1fa0b54e.jpg\" alt=\"Free Tour: Episodio 2, Paseo por la Viena Desconocida y el Barrio Jud\u00edo\" loading=\"lazy\" \/><div class=\"gw-freetours-flags\"><img decoding=\"async\" src=\"https:\/\/blog.guruwalk.com\/wp-content\/gurupluginswalk\/wp-gw-freetours\/assets\/flags\/es.svg\" alt=\"es\" class=\"gw-freetours-flag\" \/><\/div><\/div><\/button><div class=\"gw-freetours-content\"><h4 class=\"gw-freetours-title\"><button type=\"button\" class=\"gw-freetours-title-link\" data-dest=\"https:\/\/www.guruwalk.com\/es\/walks\/64728-free-tour-episodio-2-paseo-por-la-viena-desconocida-y-el-barrio-judio\" role=\"link\">Free Tour: Episodio 2, Paseo por la Viena Desconocida y el Barrio Jud\u00edo<\/button><\/h4><div class=\"gw-freetours-meta-top\"><span class=\"gw-freetours-duration\"><svg width=\"16\" height=\"16\" viewBox=\"0 0 24 24\" fill=\"none\" stroke=\"currentColor\" stroke-width=\"2\"><circle cx=\"12\" cy=\"12\" r=\"10\"\/><polyline points=\"12,6 12,12 16,14\"\/><\/svg>2:00<\/span><button class=\"gw-freetours-map-btn\" data-lat=\"48.211975\" data-lng=\"16.376099\" data-address=\"Rotenturmstra\u00dfe 29, 1010 Wien, \u00d6sterreich\" data-instructions=\"A la hora indicada, busca el paraguas naranja en el parque situado en Rotenturmstra\u00dfe 29, justo enfrente de McDonald\u2019s.La estaci\u00f3n de metro m\u00e1s cercana es Schwedenplatz (l\u00edneas U1 y U4). Toma la salida Rotenturmstra\u00dfe.Llega con unos minutos de antelaci\u00f3n para que podamos comenzar a tiempo. \u00a1Nos vemos pronto para descubrir juntos la historia de Viena!\"><svg width=\"16\" height=\"16\" viewBox=\"0 0 24 24\" fill=\"none\" stroke=\"currentColor\" stroke-width=\"2\"><path d=\"M21 10c0 7-9 13-9 13s-9-6-9-13a9 9 0 0 1 18 0z\"\/><circle cx=\"12\" cy=\"10\" r=\"3\"\/><\/svg><\/button><\/div><p class=\"gw-freetours-description\">Te recomendamos empezar tu visita en Viena con nuestro<\/p><div class=\"gw-freetours-author\"><span class=\"gw-freetours-author-link\"><img decoding=\"async\" src=\"https:\/\/media.guruwalk.com\/ijsgb6n2bt9mubif7l5e12ehvyni\" alt=\"Trim Team\" class=\"gw-freetours-author-avatar\" \/><span class=\"gw-freetours-author-name\">Trim Team<\/span><\/span><\/div><div class=\"gw-freetours-rating-container\"><div class=\"gw-freetours-rating\" aria-label=\"Valoraci\u00f3n 4.8 de 5\"><span class=\"gw-freetours-star gw-freetours-star--full\" aria-hidden=\"true\">\u2605<\/span><span class=\"gw-freetours-star gw-freetours-star--full\" aria-hidden=\"true\">\u2605<\/span><span class=\"gw-freetours-star gw-freetours-star--full\" aria-hidden=\"true\">\u2605<\/span><span class=\"gw-freetours-star gw-freetours-star--full\" aria-hidden=\"true\">\u2605<\/span><span class=\"gw-freetours-star gw-freetours-star--half\" aria-hidden=\"true\">\u2606<\/span><span class=\"gw-freetours-rating__count\">4,8 (211)<\/span><\/div><\/div><\/div><\/div><div class=\"gw-freetours-card\" data-tour-id=\"38614\"><button type=\"button\" class=\"gw-freetours-image-link\" data-dest=\"https:\/\/www.guruwalk.com\/es\/walks\/38614-free-tour-viena-en-espanol-lo-mejor-de-la-ciudad\" role=\"link\" aria-label=\"Free Tour Viena en espa\u00f1ol: lo mejor de la ciudad\"><div class=\"gw-freetours-image\"><img decoding=\"async\" class=\"gw-freetours-photo\" src=\"https:\/\/blog.guruwalk.com\/wp-content\/uploads\/gw-freetours-cache\/38614-7a7ed376f03911e0babb30e6b39407a3.jpg\" alt=\"Free Tour Viena en espa\u00f1ol: lo mejor de la ciudad\" loading=\"lazy\" \/><div class=\"gw-freetours-flags\"><img decoding=\"async\" src=\"https:\/\/blog.guruwalk.com\/wp-content\/gurupluginswalk\/wp-gw-freetours\/assets\/flags\/es.svg\" alt=\"es\" class=\"gw-freetours-flag\" \/><img decoding=\"async\" src=\"https:\/\/blog.guruwalk.com\/wp-content\/gurupluginswalk\/wp-gw-freetours\/assets\/flags\/it.svg\" alt=\"it\" class=\"gw-freetours-flag\" \/><\/div><\/div><\/button><div class=\"gw-freetours-content\"><h4 class=\"gw-freetours-title\"><button type=\"button\" class=\"gw-freetours-title-link\" data-dest=\"https:\/\/www.guruwalk.com\/es\/walks\/38614-free-tour-viena-en-espanol-lo-mejor-de-la-ciudad\" role=\"link\">Free Tour Viena en espa\u00f1ol: lo mejor de la ciudad<\/button><\/h4><div class=\"gw-freetours-meta-top\"><span class=\"gw-freetours-duration\"><svg width=\"16\" height=\"16\" viewBox=\"0 0 24 24\" fill=\"none\" stroke=\"currentColor\" stroke-width=\"2\"><circle cx=\"12\" cy=\"12\" r=\"10\"\/><polyline points=\"12,6 12,12 16,14\"\/><\/svg>2:00<\/span><button class=\"gw-freetours-map-btn\" data-lat=\"48.206126\" data-lng=\"16.370536\" data-address=\"Neuer Markt, 1010 Wien, \u00d6sterreich\" data-instructions=\"Nos reuniremos frente al monumento fuente Donnerbrunnen - me reconocer\u00e1n por el paraguas \u2614 rojo\"><svg width=\"16\" height=\"16\" viewBox=\"0 0 24 24\" fill=\"none\" stroke=\"currentColor\" stroke-width=\"2\"><path d=\"M21 10c0 7-9 13-9 13s-9-6-9-13a9 9 0 0 1 18 0z\"\/><circle cx=\"12\" cy=\"10\" r=\"3\"\/><\/svg><\/button><\/div><p class=\"gw-freetours-description\">T\u00edtulo \ud83c\uddea\ud83c\uddf8 Todos nuestros gu\u00edas son gu\u00edas oficiales y\u00a0 preparados para hacerte descubrir Viena a trav\u00e9s de su histor&#8230;<\/p><div class=\"gw-freetours-author\"><span class=\"gw-freetours-author-link\"><img decoding=\"async\" src=\"https:\/\/media.guruwalk.com\/3nudjzg6ldncxwaeznnl13mdc5nw\" alt=\"Bravo!\" class=\"gw-freetours-author-avatar\" \/><span class=\"gw-freetours-author-name\">Bravo!<\/span><\/span><\/div><div class=\"gw-freetours-rating-container\"><div class=\"gw-freetours-rating\" aria-label=\"Valoraci\u00f3n 4.7 de 5\"><span class=\"gw-freetours-star gw-freetours-star--full\" aria-hidden=\"true\">\u2605<\/span><span class=\"gw-freetours-star gw-freetours-star--full\" aria-hidden=\"true\">\u2605<\/span><span class=\"gw-freetours-star gw-freetours-star--full\" aria-hidden=\"true\">\u2605<\/span><span class=\"gw-freetours-star gw-freetours-star--full\" aria-hidden=\"true\">\u2605<\/span><span class=\"gw-freetours-star gw-freetours-star--half\" aria-hidden=\"true\">\u2606<\/span><span class=\"gw-freetours-rating__count\">4,7 (2324)<\/span><\/div><\/div><\/div><\/div><div class=\"gw-freetours-card\" data-tour-id=\"55482\"><button type=\"button\" class=\"gw-freetours-image-link\" data-dest=\"https:\/\/www.guruwalk.com\/es\/walks\/55482-free-tour-viena-parte-2-huellas-judias-y-la-viena-de-hitler\" role=\"link\" aria-label=\"\ud83d\udc41Free Tour Viena - PARTE 2, Huellas jud\u00edas y la Viena de Hitler\"><div class=\"gw-freetours-image\"><img decoding=\"async\" class=\"gw-freetours-photo\" src=\"https:\/\/blog.guruwalk.com\/wp-content\/uploads\/gw-freetours-cache\/55482-cfd5ab2dfeedd7294ab57d304c420335.jpg\" alt=\"\ud83d\udc41Free Tour Viena - PARTE 2, Huellas jud\u00edas y la Viena de Hitler\" loading=\"lazy\" \/><div class=\"gw-freetours-flags\"><img decoding=\"async\" src=\"https:\/\/blog.guruwalk.com\/wp-content\/gurupluginswalk\/wp-gw-freetours\/assets\/flags\/en.svg\" alt=\"en\" class=\"gw-freetours-flag\" \/><\/div><\/div><\/button><div class=\"gw-freetours-content\"><h4 class=\"gw-freetours-title\"><button type=\"button\" class=\"gw-freetours-title-link\" data-dest=\"https:\/\/www.guruwalk.com\/es\/walks\/55482-free-tour-viena-parte-2-huellas-judias-y-la-viena-de-hitler\" role=\"link\">\ud83d\udc41Free Tour Viena &#8211; PARTE 2, Huellas jud\u00edas y la Viena de Hitler<\/button><\/h4><div class=\"gw-freetours-meta-top\"><span class=\"gw-freetours-duration\"><svg width=\"16\" height=\"16\" viewBox=\"0 0 24 24\" fill=\"none\" stroke=\"currentColor\" stroke-width=\"2\"><circle cx=\"12\" cy=\"12\" r=\"10\"\/><polyline points=\"12,6 12,12 16,14\"\/><\/svg>2:00<\/span><button class=\"gw-freetours-map-btn\" data-lat=\"48.210768\" data-lng=\"16.373187\" data-address=\"Hoher Markt 10, 1010 Wien, Austria\" data-instructions=\"El gu\u00eda con el paraguas blanco le espera a la izquierda del reloj del ancla (obra maestra del Art Nouveau). La direcci\u00f3n es Hoher Markt 10, 1010 Viena.\"><svg width=\"16\" height=\"16\" viewBox=\"0 0 24 24\" fill=\"none\" stroke=\"currentColor\" stroke-width=\"2\"><path d=\"M21 10c0 7-9 13-9 13s-9-6-9-13a9 9 0 0 1 18 0z\"\/><circle cx=\"12\" cy=\"10\" r=\"3\"\/><\/svg><\/button><\/div><p class=\"gw-freetours-description\">Free Tour Viena &#8211; PARTE 2 Las huellas jud\u00edas y la Viena de Hitler El complemento ideal para el<\/p><div class=\"gw-freetours-author\"><span class=\"gw-freetours-author-link\"><img decoding=\"async\" src=\"https:\/\/media.guruwalk.com\/bhcs7ibnk7wbbkd2tlxtd3z8xb6g\" alt=\"redandwhite.tours\" class=\"gw-freetours-author-avatar\" \/><span class=\"gw-freetours-author-name\">redandwhite.tours<\/span><\/span><\/div><div class=\"gw-freetours-rating-container\"><div class=\"gw-freetours-rating\" aria-label=\"Valoraci\u00f3n 4.9 de 5\"><span class=\"gw-freetours-star gw-freetours-star--full\" aria-hidden=\"true\">\u2605<\/span><span class=\"gw-freetours-star gw-freetours-star--full\" aria-hidden=\"true\">\u2605<\/span><span class=\"gw-freetours-star gw-freetours-star--full\" aria-hidden=\"true\">\u2605<\/span><span class=\"gw-freetours-star gw-freetours-star--full\" aria-hidden=\"true\">\u2605<\/span><span class=\"gw-freetours-star gw-freetours-star--half\" aria-hidden=\"true\">\u2606<\/span><span class=\"gw-freetours-rating__count\">4,9 (2436)<\/span><\/div><\/div><\/div><\/div><div class=\"gw-freetours-card\" data-tour-id=\"35949\"><button type=\"button\" class=\"gw-freetours-image-link\" data-dest=\"https:\/\/www.guruwalk.com\/es\/walks\/35949-el-free-tour-numero-1-en-viena\" role=\"link\" aria-label=\"\u00a1El free tour n\u00famero 1 en Viena!\"><div class=\"gw-freetours-image\"><img decoding=\"async\" class=\"gw-freetours-photo\" src=\"https:\/\/blog.guruwalk.com\/wp-content\/uploads\/gw-freetours-cache\/35949-69061f2b5009b78003e23ac521ca45fa.jpg\" alt=\"\u00a1El free tour n\u00famero 1 en Viena!\" loading=\"lazy\" \/><div class=\"gw-freetours-flags\"><img decoding=\"async\" src=\"https:\/\/blog.guruwalk.com\/wp-content\/gurupluginswalk\/wp-gw-freetours\/assets\/flags\/de.svg\" alt=\"de\" class=\"gw-freetours-flag\" \/><img decoding=\"async\" src=\"https:\/\/blog.guruwalk.com\/wp-content\/gurupluginswalk\/wp-gw-freetours\/assets\/flags\/en.svg\" alt=\"en\" class=\"gw-freetours-flag\" \/><\/div><\/div><\/button><div class=\"gw-freetours-content\"><h4 class=\"gw-freetours-title\"><button type=\"button\" class=\"gw-freetours-title-link\" data-dest=\"https:\/\/www.guruwalk.com\/es\/walks\/35949-el-free-tour-numero-1-en-viena\" role=\"link\">\u00a1El free tour n\u00famero 1 en Viena!<\/button><\/h4><div class=\"gw-freetours-meta-top\"><span class=\"gw-freetours-duration\"><svg width=\"16\" height=\"16\" viewBox=\"0 0 24 24\" fill=\"none\" stroke=\"currentColor\" stroke-width=\"2\"><circle cx=\"12\" cy=\"12\" r=\"10\"\/><polyline points=\"12,6 12,12 16,14\"\/><\/svg>2:00<\/span><button class=\"gw-freetours-map-btn\" data-lat=\"48.204284\" data-lng=\"16.368516\" data-address=\"Albertinapl. S, 1010 Wien, Austria\" data-instructions=\"Busque el paraguas verde, frente a la Fuente Danubius, al lado del puesto de perritos calientes con un conejo verde en el techo.\"><svg width=\"16\" height=\"16\" viewBox=\"0 0 24 24\" fill=\"none\" stroke=\"currentColor\" stroke-width=\"2\"><path d=\"M21 10c0 7-9 13-9 13s-9-6-9-13a9 9 0 0 1 18 0z\"\/><circle cx=\"12\" cy=\"10\" r=\"3\"\/><\/svg><\/button><\/div><p class=\"gw-freetours-description\">Mozart, emperadores, escalope y strudel (\u00a1no, sin fideos!). \u00bfDe verdad eso es todo lo que necesitas saber sobre Viena? \u00a1Para&#8230;<\/p><div class=\"gw-freetours-author\"><span class=\"gw-freetours-author-link\"><img decoding=\"async\" src=\"https:\/\/media.guruwalk.com\/iqr542874u71fwh22hmtcf3anyna\" alt=\"Good Vienna Tours\" class=\"gw-freetours-author-avatar\" \/><span class=\"gw-freetours-author-name\">Good Vienna Tours<\/span><\/span><\/div><div class=\"gw-freetours-rating-container\"><div class=\"gw-freetours-rating\" aria-label=\"Valoraci\u00f3n 4.9 de 5\"><span class=\"gw-freetours-star gw-freetours-star--full\" aria-hidden=\"true\">\u2605<\/span><span class=\"gw-freetours-star gw-freetours-star--full\" aria-hidden=\"true\">\u2605<\/span><span class=\"gw-freetours-star gw-freetours-star--full\" aria-hidden=\"true\">\u2605<\/span><span class=\"gw-freetours-star gw-freetours-star--full\" aria-hidden=\"true\">\u2605<\/span><span class=\"gw-freetours-star gw-freetours-star--half\" aria-hidden=\"true\">\u2606<\/span><span class=\"gw-freetours-rating__count\">4,9 (5697)<\/span><\/div><\/div><\/div><\/div><div class=\"gw-freetours-card\" data-tour-id=\"40280\"><button type=\"button\" class=\"gw-freetours-image-link\" data-dest=\"https:\/\/www.guruwalk.com\/es\/walks\/40280-viena-en-su-mejor-momento-conoce-a-los-locales\" role=\"link\" aria-label=\"VIENA EN SU MEJOR MOMENTO: CONOCE A LOS LOCALES\"><div class=\"gw-freetours-image\"><img decoding=\"async\" class=\"gw-freetours-photo\" src=\"https:\/\/blog.guruwalk.com\/wp-content\/uploads\/gw-freetours-cache\/40280-33efe07beba2251dd915065acf135d66.jpg\" alt=\"VIENA EN SU MEJOR MOMENTO: CONOCE A LOS LOCALES\" loading=\"lazy\" \/><div class=\"gw-freetours-flags\"><img decoding=\"async\" src=\"https:\/\/blog.guruwalk.com\/wp-content\/gurupluginswalk\/wp-gw-freetours\/assets\/flags\/de.svg\" alt=\"de\" class=\"gw-freetours-flag\" \/><img decoding=\"async\" src=\"https:\/\/blog.guruwalk.com\/wp-content\/gurupluginswalk\/wp-gw-freetours\/assets\/flags\/en.svg\" alt=\"en\" class=\"gw-freetours-flag\" \/><\/div><\/div><\/button><div class=\"gw-freetours-content\"><h4 class=\"gw-freetours-title\"><button type=\"button\" class=\"gw-freetours-title-link\" data-dest=\"https:\/\/www.guruwalk.com\/es\/walks\/40280-viena-en-su-mejor-momento-conoce-a-los-locales\" role=\"link\">VIENA EN SU MEJOR MOMENTO: CONOCE A LOS LOCALES<\/button><\/h4><div class=\"gw-freetours-meta-top\"><span class=\"gw-freetours-duration\"><svg width=\"16\" height=\"16\" viewBox=\"0 0 24 24\" fill=\"none\" stroke=\"currentColor\" stroke-width=\"2\"><circle cx=\"12\" cy=\"12\" r=\"10\"\/><polyline points=\"12,6 12,12 16,14\"\/><\/svg>2:00<\/span><button class=\"gw-freetours-map-btn\" data-lat=\"48.204219\" data-lng=\"16.369204\" data-address=\"Albertinapl. 2, 1010 Wien, Austria\" data-instructions=\"Albertinaplatz 2-3 junto al Caf\u00e9 MOZART\"><svg width=\"16\" height=\"16\" viewBox=\"0 0 24 24\" fill=\"none\" stroke=\"currentColor\" stroke-width=\"2\"><path d=\"M21 10c0 7-9 13-9 13s-9-6-9-13a9 9 0 0 1 18 0z\"\/><circle cx=\"12\" cy=\"10\" r=\"3\"\/><\/svg><\/button><\/div><p class=\"gw-freetours-description\">TOURS ABSOLUTOS DE VIENA Somos un peque\u00f1o grupo de gu\u00edas individualistas y experimentados.<\/p><div class=\"gw-freetours-author\"><span class=\"gw-freetours-author-link\"><img decoding=\"async\" src=\"https:\/\/media.guruwalk.com\/qzbxln2rx8donj8gwvpjnzbcov4r\" alt=\"Absolute Vienna Tours\" class=\"gw-freetours-author-avatar\" \/><span class=\"gw-freetours-author-name\">Absolute Vienna Tours<\/span><\/span><\/div><div class=\"gw-freetours-rating-container\"><div class=\"gw-freetours-rating\" aria-label=\"Valoraci\u00f3n 4.6 de 5\"><span class=\"gw-freetours-star gw-freetours-star--full\" aria-hidden=\"true\">\u2605<\/span><span class=\"gw-freetours-star gw-freetours-star--full\" aria-hidden=\"true\">\u2605<\/span><span class=\"gw-freetours-star gw-freetours-star--full\" aria-hidden=\"true\">\u2605<\/span><span class=\"gw-freetours-star gw-freetours-star--full\" aria-hidden=\"true\">\u2605<\/span><span class=\"gw-freetours-star gw-freetours-star--half\" aria-hidden=\"true\">\u2606<\/span><span class=\"gw-freetours-rating__count\">4,6 (2183)<\/span><\/div><\/div><\/div><\/div><div class=\"gw-freetours-card\" data-tour-id=\"36416\"><button type=\"button\" class=\"gw-freetours-image-link\" data-dest=\"https:\/\/www.guruwalk.com\/es\/walks\/36416-free-tour-viena-parte-1-lo-mas-destacado\" role=\"link\" aria-label=\"\ud83c\udde6\ud83c\uddf9Free Tour Viena - PARTE 1, lo m\u00e1s destacado\"><div class=\"gw-freetours-image\"><img decoding=\"async\" class=\"gw-freetours-photo\" src=\"https:\/\/blog.guruwalk.com\/wp-content\/uploads\/gw-freetours-cache\/36416-20abab0212affb946e8417bc8691c761.jpg\" alt=\"\ud83c\udde6\ud83c\uddf9Free Tour Viena - PARTE 1, lo m\u00e1s destacado\" loading=\"lazy\" \/><div class=\"gw-freetours-flags\"><img decoding=\"async\" src=\"https:\/\/blog.guruwalk.com\/wp-content\/gurupluginswalk\/wp-gw-freetours\/assets\/flags\/de.svg\" alt=\"de\" class=\"gw-freetours-flag\" \/><img decoding=\"async\" src=\"https:\/\/blog.guruwalk.com\/wp-content\/gurupluginswalk\/wp-gw-freetours\/assets\/flags\/en.svg\" alt=\"en\" class=\"gw-freetours-flag\" \/><\/div><\/div><\/button><div class=\"gw-freetours-content\"><h4 class=\"gw-freetours-title\"><button type=\"button\" class=\"gw-freetours-title-link\" data-dest=\"https:\/\/www.guruwalk.com\/es\/walks\/36416-free-tour-viena-parte-1-lo-mas-destacado\" role=\"link\">\ud83c\udde6\ud83c\uddf9Free Tour Viena &#8211; PARTE 1, lo m\u00e1s destacado<\/button><\/h4><div class=\"gw-freetours-meta-top\"><span class=\"gw-freetours-duration\"><svg width=\"16\" height=\"16\" viewBox=\"0 0 24 24\" fill=\"none\" stroke=\"currentColor\" stroke-width=\"2\"><circle cx=\"12\" cy=\"12\" r=\"10\"\/><polyline points=\"12,6 12,12 16,14\"\/><\/svg>2:00<\/span><button class=\"gw-freetours-map-btn\" data-lat=\"48.202648\" data-lng=\"16.36935\" data-address=\"Oper\/Karlsplatz U, 1010 Wien, Austria\" data-instructions=\"\u00d3pera Estatal en la esquina de K\u00e4rntner Strasse \/ Opernring, Herbert-von-Karajan-Platz - \u00a1Encuentra el paraguas blanco!\"><svg width=\"16\" height=\"16\" viewBox=\"0 0 24 24\" fill=\"none\" stroke=\"currentColor\" stroke-width=\"2\"><path d=\"M21 10c0 7-9 13-9 13s-9-6-9-13a9 9 0 0 1 18 0z\"\/><circle cx=\"12\" cy=\"10\" r=\"3\"\/><\/svg><\/button><\/div><p class=\"gw-freetours-description\">Nuestros gu\u00edas autorizados de Austria, gu\u00edas tur\u00edsticos certificados por el estado, conocen los lugares tur\u00eds&#8230;<\/p><div class=\"gw-freetours-author\"><span class=\"gw-freetours-author-link\"><img decoding=\"async\" src=\"https:\/\/media.guruwalk.com\/bhcs7ibnk7wbbkd2tlxtd3z8xb6g\" alt=\"redandwhite.tours\" class=\"gw-freetours-author-avatar\" \/><span class=\"gw-freetours-author-name\">redandwhite.tours<\/span><\/span><\/div><div class=\"gw-freetours-rating-container\"><div class=\"gw-freetours-rating\" aria-label=\"Valoraci\u00f3n 4.7 de 5\"><span class=\"gw-freetours-star gw-freetours-star--full\" aria-hidden=\"true\">\u2605<\/span><span class=\"gw-freetours-star gw-freetours-star--full\" aria-hidden=\"true\">\u2605<\/span><span class=\"gw-freetours-star gw-freetours-star--full\" aria-hidden=\"true\">\u2605<\/span><span class=\"gw-freetours-star gw-freetours-star--full\" aria-hidden=\"true\">\u2605<\/span><span class=\"gw-freetours-star gw-freetours-star--half\" aria-hidden=\"true\">\u2606<\/span><span class=\"gw-freetours-rating__count\">4,7 (5934)<\/span><\/div><\/div><\/div><\/div><\/div><\/div><div class=\"gw-freetours-place-link\"><a href=\"https:\/\/www.guruwalk.com\/es\/viena\" target=\"_blank\" rel=\"noopener\" class=\"gw-freetours-place-btn\">+ Free Tour Vienna<\/a><\/div><\/div>\n\n\n<p class=\"wp-block-paragraph\"><em>Apunte final, bien terrenal:<\/em> si te quedas sin entrada, <strong>el 1\/1 a las 11:00<\/strong> en Riesenradplatz tendr\u00e1s la retransmisi\u00f3n gratuita en pantalla gigante, y la serenidad de saber que lo est\u00e1s haciendo como un local con plan B impecable.<\/p>\n","protected":false},"excerpt":{"rendered":"<p>Fechas, sorteo de entradas, precios y alternativas para el Concierto de A\u00f1o Nuevo 2026 de la Filarm\u00f3nica de Viena en el Musikverein.<\/p>\n","protected":false},"author":2,"featured_media":17449,"comment_status":"closed","ping_status":"open","sticky":false,"template":"","format":"standard","meta":{"footnotes":""},"categories":[337,81,82],"tags":[460,376,360],"class_list":["post-17448","post","type-post","status-publish","format-standard","has-post-thumbnail","hentry","category-viena","category-austria","category-europa","tag-guias-2","tag-tier-fijo","tag-tier-3","generate-columns","tablet-grid-50","mobile-grid-100","grid-parent","grid-33"],"_links":{"self":[{"href":"https:\/\/blog.guruwalk.com\/es\/wp-json\/wp\/v2\/posts\/17448","targetHints":{"allow":["GET"]}}],"collection":[{"href":"https:\/\/blog.guruwalk.com\/es\/wp-json\/wp\/v2\/posts"}],"about":[{"href":"https:\/\/blog.guruwalk.com\/es\/wp-json\/wp\/v2\/types\/post"}],"author":[{"embeddable":true,"href":"https:\/\/blog.guruwalk.com\/es\/wp-json\/wp\/v2\/users\/2"}],"replies":[{"embeddable":true,"href":"https:\/\/blog.guruwalk.com\/es\/wp-json\/wp\/v2\/comments?post=17448"}],"version-history":[{"count":10,"href":"https:\/\/blog.guruwalk.com\/es\/wp-json\/wp\/v2\/posts\/17448\/revisions"}],"predecessor-version":[{"id":46975,"href":"https:\/\/blog.guruwalk.com\/es\/wp-json\/wp\/v2\/posts\/17448\/revisions\/46975"}],"wp:featuredmedia":[{"embeddable":true,"href":"https:\/\/blog.guruwalk.com\/es\/wp-json\/wp\/v2\/media\/17449"}],"wp:attachment":[{"href":"https:\/\/blog.guruwalk.com\/es\/wp-json\/wp\/v2\/media?parent=17448"}],"wp:term":[{"taxonomy":"category","embeddable":true,"href":"https:\/\/blog.guruwalk.com\/es\/wp-json\/wp\/v2\/categories?post=17448"},{"taxonomy":"post_tag","embeddable":true,"href":"https:\/\/blog.guruwalk.com\/es\/wp-json\/wp\/v2\/tags?post=17448"}],"curies":[{"name":"wp","href":"https:\/\/api.w.org\/{rel}","templated":true}]}}