{"id":17808,"date":"2026-08-26T04:43:49","date_gmt":"2026-08-26T03:43:49","guid":{"rendered":"https:\/\/blog.guruwalk.com\/?p=17808"},"modified":"2026-08-31T13:54:45","modified_gmt":"2026-08-31T12:54:45","slug":"que-ver-en-berlin","status":"publish","type":"post","link":"https:\/\/blog.guruwalk.com\/es\/que-ver-en-berlin\/","title":{"rendered":"Qu\u00e9 ver en Berl\u00edn | Gu\u00eda completa"},"content":{"rendered":"\n<p class=\"wp-block-paragraph\">\u00bfQu\u00e9 ver en Berl\u00edn? La Puerta de Brandeburgo, el Reichstag, la Isla de los Museos y los espacios vinculados al antiguo Muro ayudan a comprender una capital marcada por la divisi\u00f3n y la reunificaci\u00f3n. Esta gu\u00eda organiza una ruta de un d\u00eda, visitas que requieren planificaci\u00f3n y opciones para comenzar con un <a href=\"https:\/\/www.guruwalk.com\/es\/berlin\" target=\"_blank\" rel=\"noopener\">free tour en Berl\u00edn<\/a>.<\/p>\n\n\n\n<p style=\"font-size:0.85em;color:#666;border-left:3px solid #ddd;padding:4px 0 4px 12px;margin:12px 0\"><strong>Datos verificados: agosto 2026<\/strong> \u2014 Precios, horarios y requisitos de reserva comprobados con fuentes oficiales. Los gurus de GuruWalk en Berl\u00edn revisaron las recomendaciones pr\u00e1cticas.<\/p>\n\n\n<div class=\"qvgw-indimg-places-grid\" id=\"qvgw-indimg-places-grid-2\" data-iib-headings=\"[{&quot;id&quot;:&quot;mejores-free-tours&quot;,&quot;position&quot;:0,&quot;title&quot;:&quot;Mejores free tours en Berl\\u00edn&quot;},{&quot;id&quot;:&quot;lugar&quot;,&quot;position&quot;:1,&quot;title&quot;:&quot;Qu\\u00e9 ver en 1 d\\u00eda en Berl\\u00edn&quot;},{&quot;id&quot;:&quot;puerta-de-brandeburgo&quot;,&quot;position&quot;:2,&quot;title&quot;:&quot;Puerta de Brandeburgo&quot;},{&quot;id&quot;:&quot;reichstag&quot;,&quot;position&quot;:3,&quot;title&quot;:&quot;Reichstag&quot;},{&quot;id&quot;:&quot;isla-de-los-museos&quot;,&quot;position&quot;:4,&quot;title&quot;:&quot;Isla de los Museos&quot;},{&quot;id&quot;:&quot;muro-de-berlin&quot;,&quot;position&quot;:5,&quot;title&quot;:&quot;Muro de Berl\\u00edn&quot;},{&quot;id&quot;:&quot;memorial-del-holocausto&quot;,&quot;position&quot;:6,&quot;title&quot;:&quot;Memorial del Holocausto&quot;},{&quot;id&quot;:&quot;alexanderplatz&quot;,&quot;position&quot;:7,&quot;title&quot;:&quot;Alexanderplatz&quot;},{&quot;id&quot;:&quot;catedral-de-berlin&quot;,&quot;position&quot;:8,&quot;title&quot;:&quot;Catedral de Berl\\u00edn&quot;},{&quot;id&quot;:&quot;potsdamer-platz&quot;,&quot;position&quot;:9,&quot;title&quot;:&quot;Potsdamer Platz&quot;},{&quot;id&quot;:&quot;palacio-de-charlottenburg&quot;,&quot;position&quot;:10,&quot;title&quot;:&quot;Palacio de Charlottenburg&quot;},{&quot;id&quot;:&quot;preguntas-frecuentes&quot;,&quot;position&quot;:11,&quot;title&quot;:&quot;Preguntas frecuentes sobre qu\\u00e9 ver en Berl\\u00edn&quot;},{&quot;id&quot;:&quot;planifica-tu-visita-a-berlin&quot;,&quot;position&quot;:12,&quot;title&quot;:&quot;Planifica tu visita a Berl\\u00edn&quot;}]\"><div class=\"qvgw-indimg-places-cards\"><div class=\"qvgw-indimg-place-card\"><a href=\"#mejores-free-tours\" class=\"qvgw-indimg-place-card__content no-image\"><p class=\"qvgw-indimg-place-card__title\">1. Mejores free tours en Berl\u00edn<\/p><span class=\"qvgw-indimg-place-card__arrow\"><svg width=\"24\" height=\"24\" viewBox=\"0 0 24 24\" fill=\"none\" stroke=\"currentColor\" stroke-width=\"2\"><path d=\"M6 9l6 6 6-6\"><\/path><\/svg><\/span><\/a><\/div><div class=\"qvgw-indimg-place-card\"><a href=\"#lugar\" class=\"qvgw-indimg-place-card__content\"><div class=\"qvgw-indimg-place-card__image\"><img decoding=\"async\" src=\"https:\/\/blog.guruwalk.com\/wp-content\/uploads\/2026\/08\/berlin-bandera-alemana-edificio-historico-interior-1.webp\" alt=\"Qu\u00e9 ver en 1 d\u00eda en Berl\u00edn\"><\/div><p class=\"qvgw-indimg-place-card__title\">2. Qu\u00e9 ver en 1 d\u00eda en Berl\u00edn<\/p><span class=\"qvgw-indimg-place-card__arrow\"><svg width=\"24\" height=\"24\" viewBox=\"0 0 24 24\" fill=\"none\" stroke=\"currentColor\" stroke-width=\"2\"><path d=\"M6 9l6 6 6-6\"><\/path><\/svg><\/span><\/a><\/div><div class=\"qvgw-indimg-place-card\"><a href=\"#puerta-de-brandeburgo\" class=\"qvgw-indimg-place-card__content\"><div class=\"qvgw-indimg-place-card__image\"><img decoding=\"async\" src=\"https:\/\/blog.guruwalk.com\/wp-content\/uploads\/2026\/08\/berlin-puerta-de-brandeburgo-pariser-platz.webp\" alt=\"Puerta de Brandeburgo\"><\/div><p class=\"qvgw-indimg-place-card__title\">3. Puerta de Brandeburgo<\/p><span class=\"qvgw-indimg-place-card__arrow\"><svg width=\"24\" height=\"24\" viewBox=\"0 0 24 24\" fill=\"none\" stroke=\"currentColor\" stroke-width=\"2\"><path d=\"M6 9l6 6 6-6\"><\/path><\/svg><\/span><\/a><\/div><div class=\"qvgw-indimg-place-card\"><a href=\"#reichstag\" class=\"qvgw-indimg-place-card__content\"><div class=\"qvgw-indimg-place-card__image\"><img decoding=\"async\" src=\"https:\/\/blog.guruwalk.com\/wp-content\/uploads\/2026\/08\/berlin-reichstag-fachada-cupula-cristal.webp\" alt=\"Reichstag\"><\/div><p class=\"qvgw-indimg-place-card__title\">4. Reichstag<\/p><span class=\"qvgw-indimg-place-card__arrow\"><svg width=\"24\" height=\"24\" viewBox=\"0 0 24 24\" fill=\"none\" stroke=\"currentColor\" stroke-width=\"2\"><path d=\"M6 9l6 6 6-6\"><\/path><\/svg><\/span><\/a><\/div><div class=\"qvgw-indimg-place-card\"><a href=\"#isla-de-los-museos\" class=\"qvgw-indimg-place-card__content\"><div class=\"qvgw-indimg-place-card__image\"><img decoding=\"async\" src=\"https:\/\/blog.guruwalk.com\/wp-content\/uploads\/2025\/04\/image-858-683x1024.webp\" alt=\"Isla de los Museos\"><\/div><p class=\"qvgw-indimg-place-card__title\">5. Isla de los Museos<\/p><span class=\"qvgw-indimg-place-card__arrow\"><svg width=\"24\" height=\"24\" viewBox=\"0 0 24 24\" fill=\"none\" stroke=\"currentColor\" stroke-width=\"2\"><path d=\"M6 9l6 6 6-6\"><\/path><\/svg><\/span><\/a><\/div><div class=\"qvgw-indimg-place-card\"><a href=\"#muro-de-berlin\" class=\"qvgw-indimg-place-card__content\"><div class=\"qvgw-indimg-place-card__image\"><img decoding=\"async\" src=\"https:\/\/blog.guruwalk.com\/wp-content\/uploads\/2025\/04\/image-859-1024x779.webp\" alt=\"Muro de Berl\u00edn\"><\/div><p class=\"qvgw-indimg-place-card__title\">6. Muro de Berl\u00edn<\/p><span class=\"qvgw-indimg-place-card__arrow\"><svg width=\"24\" height=\"24\" viewBox=\"0 0 24 24\" fill=\"none\" stroke=\"currentColor\" stroke-width=\"2\"><path d=\"M6 9l6 6 6-6\"><\/path><\/svg><\/span><\/a><\/div><div class=\"qvgw-indimg-place-card qvgw-indimg-place-card--hidden\"><a href=\"#memorial-del-holocausto\" class=\"qvgw-indimg-place-card__content\"><div class=\"qvgw-indimg-place-card__image\"><img decoding=\"async\" src=\"https:\/\/blog.guruwalk.com\/wp-content\/uploads\/2025\/04\/image-860-684x1024.webp\" alt=\"Memorial del Holocausto\"><\/div><p class=\"qvgw-indimg-place-card__title\">7. Memorial del Holocausto<\/p><span class=\"qvgw-indimg-place-card__arrow\"><svg width=\"24\" height=\"24\" viewBox=\"0 0 24 24\" fill=\"none\" stroke=\"currentColor\" stroke-width=\"2\"><path d=\"M6 9l6 6 6-6\"><\/path><\/svg><\/span><\/a><\/div><div class=\"qvgw-indimg-place-card qvgw-indimg-place-card--hidden\"><a href=\"#alexanderplatz\" class=\"qvgw-indimg-place-card__content\"><div class=\"qvgw-indimg-place-card__image\"><img decoding=\"async\" src=\"https:\/\/blog.guruwalk.com\/wp-content\/uploads\/2026\/08\/berlin-alexanderplatz-reloj-mundial-torre-tv.webp\" alt=\"Alexanderplatz\"><\/div><p class=\"qvgw-indimg-place-card__title\">8. Alexanderplatz<\/p><span class=\"qvgw-indimg-place-card__arrow\"><svg width=\"24\" height=\"24\" viewBox=\"0 0 24 24\" fill=\"none\" stroke=\"currentColor\" stroke-width=\"2\"><path d=\"M6 9l6 6 6-6\"><\/path><\/svg><\/span><\/a><\/div><div class=\"qvgw-indimg-place-card qvgw-indimg-place-card--hidden\"><a href=\"#catedral-de-berlin\" class=\"qvgw-indimg-place-card__content\"><div class=\"qvgw-indimg-place-card__image\"><img decoding=\"async\" src=\"https:\/\/blog.guruwalk.com\/wp-content\/uploads\/2025\/04\/image-862-1024x766.webp\" alt=\"Catedral de Berl\u00edn\"><\/div><p class=\"qvgw-indimg-place-card__title\">9. Catedral de Berl\u00edn<\/p><span class=\"qvgw-indimg-place-card__arrow\"><svg width=\"24\" height=\"24\" viewBox=\"0 0 24 24\" fill=\"none\" stroke=\"currentColor\" stroke-width=\"2\"><path d=\"M6 9l6 6 6-6\"><\/path><\/svg><\/span><\/a><\/div><div class=\"qvgw-indimg-place-card qvgw-indimg-place-card--hidden\"><a href=\"#potsdamer-platz\" class=\"qvgw-indimg-place-card__content\"><div class=\"qvgw-indimg-place-card__image\"><img decoding=\"async\" src=\"https:\/\/blog.guruwalk.com\/wp-content\/uploads\/2025\/04\/image-864-683x1024.webp\" alt=\"Potsdamer Platz\"><\/div><p class=\"qvgw-indimg-place-card__title\">10. Potsdamer Platz<\/p><span class=\"qvgw-indimg-place-card__arrow\"><svg width=\"24\" height=\"24\" viewBox=\"0 0 24 24\" fill=\"none\" stroke=\"currentColor\" stroke-width=\"2\"><path d=\"M6 9l6 6 6-6\"><\/path><\/svg><\/span><\/a><\/div><div class=\"qvgw-indimg-place-card qvgw-indimg-place-card--hidden\"><a href=\"#palacio-de-charlottenburg\" class=\"qvgw-indimg-place-card__content\"><div class=\"qvgw-indimg-place-card__image\"><img decoding=\"async\" src=\"https:\/\/blog.guruwalk.com\/wp-content\/uploads\/2026\/08\/berlin-palacio-de-charlottenburg-jardines.webp\" alt=\"Palacio de Charlottenburg\"><\/div><p class=\"qvgw-indimg-place-card__title\">11. Palacio de Charlottenburg<\/p><span class=\"qvgw-indimg-place-card__arrow\"><svg width=\"24\" height=\"24\" viewBox=\"0 0 24 24\" fill=\"none\" stroke=\"currentColor\" stroke-width=\"2\"><path d=\"M6 9l6 6 6-6\"><\/path><\/svg><\/span><\/a><\/div><div class=\"qvgw-indimg-place-card qvgw-indimg-place-card--hidden\"><a href=\"#preguntas-frecuentes\" class=\"qvgw-indimg-place-card__content no-image\"><p class=\"qvgw-indimg-place-card__title\">12. Preguntas frecuentes sobre qu\u00e9 ver en Berl\u00edn<\/p><span class=\"qvgw-indimg-place-card__arrow\"><svg width=\"24\" height=\"24\" viewBox=\"0 0 24 24\" fill=\"none\" stroke=\"currentColor\" stroke-width=\"2\"><path d=\"M6 9l6 6 6-6\"><\/path><\/svg><\/span><\/a><\/div><div class=\"qvgw-indimg-place-card qvgw-indimg-place-card--hidden\"><a href=\"#planifica-tu-visita-a-berlin\" class=\"qvgw-indimg-place-card__content no-image\"><p class=\"qvgw-indimg-place-card__title\">13. Planifica tu visita a Berl\u00edn<\/p><span class=\"qvgw-indimg-place-card__arrow\"><svg width=\"24\" height=\"24\" viewBox=\"0 0 24 24\" fill=\"none\" stroke=\"currentColor\" stroke-width=\"2\"><path d=\"M6 9l6 6 6-6\"><\/path><\/svg><\/span><\/a><\/div><\/div><button class=\"qvgw-indimg-places-expand\" data-action=\"expand\" aria-expanded=\"false\">Ver m\u00e1s<\/button><\/div>\n\n\n<h2 class=\"wp-block-heading\" id=\"mejores-free-tours\">Mejores free tours en Berl\u00edn<\/h2>\n\n\n\n<p class=\"wp-block-paragraph\">Reservar un <a href=\"https:\/\/www.guruwalk.com\/es\/berlin\" target=\"_blank\" rel=\"noopener\">free tour en Berl\u00edn<\/a> es una forma pr\u00e1ctica de comenzar a explorar la ciudad y situar sus principales etapas hist\u00f3ricas antes de recorrerla por cuenta propia. Como referencia para la aportaci\u00f3n, suele dejarse entre 10 y 20 \u20ac por persona seg\u00fan la duraci\u00f3n y la calidad del recorrido, y hasta 50 \u20ac cuando la experiencia lo justifica.<\/p>\n\n\n\n<h3 class=\"wp-block-heading\">Informaci\u00f3n pr\u00e1ctica si ya tienes una reserva<\/h3>\n\n\n\n<ul class=\"wp-block-list\">\n<li><strong>Punto de encuentro y hora:<\/strong> consulta la confirmaci\u00f3n de la reserva, donde figuran los datos exactos y las indicaciones del guru.<\/li>\n\n\n\n<li><strong>Qu\u00e9 llevar:<\/strong> calzado c\u00f3modo, agua y efectivo para la aportaci\u00f3n al terminar.<\/li>\n\n\n\n<li><strong>Duraci\u00f3n:<\/strong> var\u00eda seg\u00fan el recorrido; revisa la ficha y la confirmaci\u00f3n para organizar el resto del d\u00eda.<\/li>\n\n\n\n<li><strong>Despu\u00e9s del tour:<\/strong> Kreuzberg permite continuar entre arquitectura industrial y cultura urbana; Mitte concentra varios monumentos y museos, mientras que Friedrichshain facilita enlazar con la East Side Gallery.<\/li>\n<\/ul>\n\n\n<div class=\"gw-freetours-container\"><div class=\"gw-freetours-carousel\"><div class=\"gw-freetours-track\"><div class=\"gw-freetours-card\" data-tour-id=\"38344\"><button type=\"button\" class=\"gw-freetours-image-link\" data-dest=\"https:\/\/www.guruwalk.com\/es\/walks\/38344-free-tour-por-el-corazon-de-berlin\" role=\"link\" aria-label=\"Free Tour por el coraz\u00f3n de Berl\u00edn\"><div class=\"gw-freetours-image\"><img decoding=\"async\" class=\"gw-freetours-photo\" src=\"https:\/\/blog.guruwalk.com\/wp-content\/uploads\/gw-freetours-cache\/38344-79d607632ac6cfc6ac9bf528fc169323.jpg\" alt=\"Free Tour por el coraz\u00f3n de Berl\u00edn\" loading=\"lazy\" \/><div class=\"gw-freetours-flags\"><img decoding=\"async\" src=\"https:\/\/blog.guruwalk.com\/wp-content\/gurupluginswalk\/wp-gw-freetours\/assets\/flags\/es.svg\" alt=\"es\" class=\"gw-freetours-flag\" \/><\/div><\/div><\/button><div class=\"gw-freetours-content\"><h4 class=\"gw-freetours-title\"><button type=\"button\" class=\"gw-freetours-title-link\" data-dest=\"https:\/\/www.guruwalk.com\/es\/walks\/38344-free-tour-por-el-corazon-de-berlin\" role=\"link\">Free Tour por el coraz\u00f3n de Berl\u00edn<\/button><\/h4><div class=\"gw-freetours-meta-top\"><span class=\"gw-freetours-duration\"><svg width=\"16\" height=\"16\" viewBox=\"0 0 24 24\" fill=\"none\" stroke=\"currentColor\" stroke-width=\"2\"><circle cx=\"12\" cy=\"12\" r=\"10\"\/><polyline points=\"12,6 12,12 16,14\"\/><\/svg>3:00<\/span><button class=\"gw-freetours-map-btn\" data-lat=\"52.518705\" data-lng=\"13.407735\" data-address=\"U Rotes Rathaus, 10178 Berlin, Alemania\" data-instructions=\"\u00a1Delante del ayuntamiento rojo &quot;Rotes Rathaus&quot; con paraguas blanco!\"><svg width=\"16\" height=\"16\" viewBox=\"0 0 24 24\" fill=\"none\" stroke=\"currentColor\" stroke-width=\"2\"><path d=\"M21 10c0 7-9 13-9 13s-9-6-9-13a9 9 0 0 1 18 0z\"\/><circle cx=\"12\" cy=\"10\" r=\"3\"\/><\/svg><\/button><\/div><p class=\"gw-freetours-description\">Berl\u00edn es una ciudad fascinante y ecl\u00e9ctica , que combina a la perfecci\u00f3n lo moderno y lo cl\u00e1sico. En &#8230;<\/p><div class=\"gw-freetours-author\"><span class=\"gw-freetours-author-link\"><img decoding=\"async\" src=\"https:\/\/media.guruwalk.com\/bjqxsaopg800cbbur09u8nrxppc5\" alt=\"Destino Berl\u00edn\" class=\"gw-freetours-author-avatar\" \/><span class=\"gw-freetours-author-name\">Destino Berl\u00edn<\/span><\/span><\/div><div class=\"gw-freetours-rating-container\"><div class=\"gw-freetours-rating\" aria-label=\"Valoraci\u00f3n 4.9 de 5\"><span class=\"gw-freetours-star gw-freetours-star--full\" aria-hidden=\"true\">\u2605<\/span><span class=\"gw-freetours-star gw-freetours-star--full\" aria-hidden=\"true\">\u2605<\/span><span class=\"gw-freetours-star gw-freetours-star--full\" aria-hidden=\"true\">\u2605<\/span><span class=\"gw-freetours-star gw-freetours-star--full\" aria-hidden=\"true\">\u2605<\/span><span class=\"gw-freetours-star gw-freetours-star--half\" aria-hidden=\"true\">\u2606<\/span><span class=\"gw-freetours-rating__count\">4,9 (10316)<\/span><\/div><\/div><\/div><\/div><div class=\"gw-freetours-card\" data-tour-id=\"38839\"><button type=\"button\" class=\"gw-freetours-image-link\" data-dest=\"https:\/\/www.guruwalk.com\/es\/walks\/38839-free-tour-barrio-judio-y-sus-patios-interiores\" role=\"link\" aria-label=\"Free Tour Barrio Jud\u00edo y sus patios interiores\"><div class=\"gw-freetours-image\"><img decoding=\"async\" class=\"gw-freetours-photo\" src=\"https:\/\/blog.guruwalk.com\/wp-content\/uploads\/gw-freetours-cache\/38839-8a922a6e3a09f649c3cf5d6ca3ef8bb4.jpg\" alt=\"Free Tour Barrio Jud\u00edo y sus patios interiores\" loading=\"lazy\" \/><div class=\"gw-freetours-flags\"><img decoding=\"async\" src=\"https:\/\/blog.guruwalk.com\/wp-content\/gurupluginswalk\/wp-gw-freetours\/assets\/flags\/es.svg\" alt=\"es\" class=\"gw-freetours-flag\" \/><\/div><\/div><\/button><div class=\"gw-freetours-content\"><h4 class=\"gw-freetours-title\"><button type=\"button\" class=\"gw-freetours-title-link\" data-dest=\"https:\/\/www.guruwalk.com\/es\/walks\/38839-free-tour-barrio-judio-y-sus-patios-interiores\" role=\"link\">Free Tour Barrio Jud\u00edo y sus patios interiores<\/button><\/h4><div class=\"gw-freetours-meta-top\"><span class=\"gw-freetours-duration\"><svg width=\"16\" height=\"16\" viewBox=\"0 0 24 24\" fill=\"none\" stroke=\"currentColor\" stroke-width=\"2\"><circle cx=\"12\" cy=\"12\" r=\"10\"\/><polyline points=\"12,6 12,12 16,14\"\/><\/svg>2:00<\/span><button class=\"gw-freetours-map-btn\" data-lat=\"52.518675\" data-lng=\"13.407611\" data-address=\"U Rotes Rathaus, 10178 Berlin, Alemania\" data-instructions=\"\u00a1Delante del ayuntamiento rojo &quot;Rotes Rathaus&quot; con paraguas blanco!\"><svg width=\"16\" height=\"16\" viewBox=\"0 0 24 24\" fill=\"none\" stroke=\"currentColor\" stroke-width=\"2\"><path d=\"M21 10c0 7-9 13-9 13s-9-6-9-13a9 9 0 0 1 18 0z\"\/><circle cx=\"12\" cy=\"10\" r=\"3\"\/><\/svg><\/button><\/div><p class=\"gw-freetours-description\">El Barrio Jud\u00edo de Berl\u00edn es una zona llena de personalidad y vibrante que refleja la rica historia del juda\u00ed&#8230;<\/p><div class=\"gw-freetours-author\"><span class=\"gw-freetours-author-link\"><img decoding=\"async\" src=\"https:\/\/media.guruwalk.com\/bjqxsaopg800cbbur09u8nrxppc5\" alt=\"Destino Berl\u00edn\" class=\"gw-freetours-author-avatar\" \/><span class=\"gw-freetours-author-name\">Destino Berl\u00edn<\/span><\/span><\/div><div class=\"gw-freetours-rating-container\"><div class=\"gw-freetours-rating\" aria-label=\"Valoraci\u00f3n 4.8 de 5\"><span class=\"gw-freetours-star gw-freetours-star--full\" aria-hidden=\"true\">\u2605<\/span><span class=\"gw-freetours-star gw-freetours-star--full\" aria-hidden=\"true\">\u2605<\/span><span class=\"gw-freetours-star gw-freetours-star--full\" aria-hidden=\"true\">\u2605<\/span><span class=\"gw-freetours-star gw-freetours-star--full\" aria-hidden=\"true\">\u2605<\/span><span class=\"gw-freetours-star gw-freetours-star--half\" aria-hidden=\"true\">\u2606<\/span><span class=\"gw-freetours-rating__count\">4,8 (2226)<\/span><\/div><\/div><\/div><\/div><div class=\"gw-freetours-card\" data-tour-id=\"38807\"><button type=\"button\" class=\"gw-freetours-image-link\" data-dest=\"https:\/\/www.guruwalk.com\/es\/walks\/38807-free-tour-guerra-fria-el-muro-de-berlin\" role=\"link\" aria-label=\"Free Tour Guerra Fr\u00eda: El Muro de Berl\u00edn\"><div class=\"gw-freetours-image\"><img decoding=\"async\" class=\"gw-freetours-photo\" src=\"https:\/\/blog.guruwalk.com\/wp-content\/uploads\/gw-freetours-cache\/38807-37a1b813d6614256d5b3817d7252302a.jpg\" alt=\"Free Tour Guerra Fr\u00eda: El Muro de Berl\u00edn\" loading=\"lazy\" \/><div class=\"gw-freetours-flags\"><img decoding=\"async\" src=\"https:\/\/blog.guruwalk.com\/wp-content\/gurupluginswalk\/wp-gw-freetours\/assets\/flags\/es.svg\" alt=\"es\" class=\"gw-freetours-flag\" \/><\/div><\/div><\/button><div class=\"gw-freetours-content\"><h4 class=\"gw-freetours-title\"><button type=\"button\" class=\"gw-freetours-title-link\" data-dest=\"https:\/\/www.guruwalk.com\/es\/walks\/38807-free-tour-guerra-fria-el-muro-de-berlin\" role=\"link\">Free Tour Guerra Fr\u00eda: El Muro de Berl\u00edn<\/button><\/h4><div class=\"gw-freetours-meta-top\"><span class=\"gw-freetours-duration\"><svg width=\"16\" height=\"16\" viewBox=\"0 0 24 24\" fill=\"none\" stroke=\"currentColor\" stroke-width=\"2\"><circle cx=\"12\" cy=\"12\" r=\"10\"\/><polyline points=\"12,6 12,12 16,14\"\/><\/svg>3:00<\/span><button class=\"gw-freetours-map-btn\" data-lat=\"52.51872\" data-lng=\"13.407721\" data-address=\"U Rotes Rathaus, 10178 Berlin, Alemania\" data-instructions=\"\u00a1Delante del ayuntamiento rojo &quot;Rotes Rathaus&quot; con paraguas blanco!\"><svg width=\"16\" height=\"16\" viewBox=\"0 0 24 24\" fill=\"none\" stroke=\"currentColor\" stroke-width=\"2\"><path d=\"M21 10c0 7-9 13-9 13s-9-6-9-13a9 9 0 0 1 18 0z\"\/><circle cx=\"12\" cy=\"10\" r=\"3\"\/><\/svg><\/button><\/div><p class=\"gw-freetours-description\">La Guerra Fr\u00eda, un enfrentamiento ideol\u00f3gico que dividi\u00f3 al mundo en dos bloques, fue el mayor conflicto que &#8230;<\/p><div class=\"gw-freetours-author\"><span class=\"gw-freetours-author-link\"><img decoding=\"async\" src=\"https:\/\/media.guruwalk.com\/bjqxsaopg800cbbur09u8nrxppc5\" alt=\"Destino Berl\u00edn\" class=\"gw-freetours-author-avatar\" \/><span class=\"gw-freetours-author-name\">Destino Berl\u00edn<\/span><\/span><\/div><div class=\"gw-freetours-rating-container\"><div class=\"gw-freetours-rating\" aria-label=\"Valoraci\u00f3n 5.0 de 5\"><span class=\"gw-freetours-star gw-freetours-star--full\" aria-hidden=\"true\">\u2605<\/span><span class=\"gw-freetours-star gw-freetours-star--full\" aria-hidden=\"true\">\u2605<\/span><span class=\"gw-freetours-star gw-freetours-star--full\" aria-hidden=\"true\">\u2605<\/span><span class=\"gw-freetours-star gw-freetours-star--full\" aria-hidden=\"true\">\u2605<\/span><span class=\"gw-freetours-star gw-freetours-star--half\" aria-hidden=\"true\">\u2606<\/span><span class=\"gw-freetours-rating__count\">5,0 (4679)<\/span><\/div><\/div><\/div><\/div><div class=\"gw-freetours-card\" data-tour-id=\"41924\"><button type=\"button\" class=\"gw-freetours-image-link\" data-dest=\"https:\/\/www.guruwalk.com\/es\/walks\/41924-berlin-en-3-5h-todo-lo-que-necesitas-ver-y-entender-audifonos\" role=\"link\" aria-label=\"\ud83c\udfc6\ud83e\udd47 Berl\u00edn en 3,5h: Todo lo que necesitas ver y entender (+ Aud\u00edfonos\ud83c\udfa7)\"><div class=\"gw-freetours-image\"><img decoding=\"async\" class=\"gw-freetours-photo\" src=\"https:\/\/blog.guruwalk.com\/wp-content\/uploads\/gw-freetours-cache\/41924-8d87d247cf191c4c072ae00fb5f3656c.jpg\" alt=\"\ud83c\udfc6\ud83e\udd47 Berl\u00edn en 3,5h: Todo lo que necesitas ver y entender (+ Aud\u00edfonos\ud83c\udfa7)\" loading=\"lazy\" \/><div class=\"gw-freetours-flags\"><img decoding=\"async\" src=\"https:\/\/blog.guruwalk.com\/wp-content\/gurupluginswalk\/wp-gw-freetours\/assets\/flags\/es.svg\" alt=\"es\" class=\"gw-freetours-flag\" \/><\/div><\/div><\/button><div class=\"gw-freetours-content\"><h4 class=\"gw-freetours-title\"><button type=\"button\" class=\"gw-freetours-title-link\" data-dest=\"https:\/\/www.guruwalk.com\/es\/walks\/41924-berlin-en-3-5h-todo-lo-que-necesitas-ver-y-entender-audifonos\" role=\"link\">\ud83c\udfc6\ud83e\udd47 Berl\u00edn en 3,5h: Todo lo que necesitas ver y entender (+ Aud\u00edfonos\ud83c\udfa7)<\/button><\/h4><div class=\"gw-freetours-meta-top\"><span class=\"gw-freetours-duration\"><svg width=\"16\" height=\"16\" viewBox=\"0 0 24 24\" fill=\"none\" stroke=\"currentColor\" stroke-width=\"2\"><circle cx=\"12\" cy=\"12\" r=\"10\"\/><polyline points=\"12,6 12,12 16,14\"\/><\/svg>3:30<\/span><button class=\"gw-freetours-map-btn\" data-lat=\"52.518164\" data-lng=\"13.407041\" data-address=\"Rathausstra\u00dfe 17, 10178 Berlin, Alemania\" data-instructions=\"Estar\u00e9 esper\u00e1ndote en Azem Bistro, justo en la esquina, frente al Rotes Rathaus, con un paraguas multicolor!\"><svg width=\"16\" height=\"16\" viewBox=\"0 0 24 24\" fill=\"none\" stroke=\"currentColor\" stroke-width=\"2\"><path d=\"M21 10c0 7-9 13-9 13s-9-6-9-13a9 9 0 0 1 18 0z\"\/><circle cx=\"12\" cy=\"10\" r=\"3\"\/><\/svg><\/button><\/div><p class=\"gw-freetours-description\">\ud83c\udfc6 Ganador del Premio al Mejor Free Tour en Espa\u00f1ol y Mejor Gu\u00eda Tur\u00edstico en Espa\u00f1ol en los Awards 2024&#8230;<\/p><div class=\"gw-freetours-author\"><span class=\"gw-freetours-author-link\"><img decoding=\"async\" src=\"https:\/\/media.guruwalk.com\/0gxsgi9mqf9kjyco3fo2v519q2vz\" alt=\"De Berl\u00edn con Pablo\" class=\"gw-freetours-author-avatar\" \/><span class=\"gw-freetours-author-name\">De Berl\u00edn con Pablo<\/span><\/span><\/div><div class=\"gw-freetours-rating-container\"><div class=\"gw-freetours-rating\" aria-label=\"Valoraci\u00f3n 4.8 de 5\"><span class=\"gw-freetours-star gw-freetours-star--full\" aria-hidden=\"true\">\u2605<\/span><span class=\"gw-freetours-star gw-freetours-star--full\" aria-hidden=\"true\">\u2605<\/span><span class=\"gw-freetours-star gw-freetours-star--full\" aria-hidden=\"true\">\u2605<\/span><span class=\"gw-freetours-star gw-freetours-star--full\" aria-hidden=\"true\">\u2605<\/span><span class=\"gw-freetours-star gw-freetours-star--half\" aria-hidden=\"true\">\u2606<\/span><span class=\"gw-freetours-rating__count\">4,8 (1847)<\/span><\/div><\/div><\/div><\/div><div class=\"gw-freetours-card\" data-tour-id=\"36209\"><button type=\"button\" class=\"gw-freetours-image-link\" data-dest=\"https:\/\/www.guruwalk.com\/es\/walks\/36209-free-tour-campo-de-concentracion-de-sachsenhausen\" role=\"link\" aria-label=\"Free Tour Campo de concentraci\u00f3n de Sachsenhausen\"><div class=\"gw-freetours-image\"><img decoding=\"async\" class=\"gw-freetours-photo\" src=\"https:\/\/blog.guruwalk.com\/wp-content\/uploads\/gw-freetours-cache\/36209-176ce6c1d84d54da95036272d120cca8.jpg\" alt=\"Free Tour Campo de concentraci\u00f3n de Sachsenhausen\" loading=\"lazy\" \/><div class=\"gw-freetours-flags\"><img decoding=\"async\" src=\"https:\/\/blog.guruwalk.com\/wp-content\/gurupluginswalk\/wp-gw-freetours\/assets\/flags\/es.svg\" alt=\"es\" class=\"gw-freetours-flag\" \/><\/div><\/div><\/button><div class=\"gw-freetours-content\"><h4 class=\"gw-freetours-title\"><button type=\"button\" class=\"gw-freetours-title-link\" data-dest=\"https:\/\/www.guruwalk.com\/es\/walks\/36209-free-tour-campo-de-concentracion-de-sachsenhausen\" role=\"link\">Free Tour Campo de concentraci\u00f3n de Sachsenhausen<\/button><\/h4><div class=\"gw-freetours-meta-top\"><span class=\"gw-freetours-duration\"><svg width=\"16\" height=\"16\" viewBox=\"0 0 24 24\" fill=\"none\" stroke=\"currentColor\" stroke-width=\"2\"><circle cx=\"12\" cy=\"12\" r=\"10\"\/><polyline points=\"12,6 12,12 16,14\"\/><\/svg>6:00<\/span><button class=\"gw-freetours-map-btn\" data-lat=\"52.518693\" data-lng=\"13.407723\" data-address=\"U Rotes Rathaus, 10178 Berlin, Alemania\" data-instructions=\"\u00a1Delante del ayuntamiento rojo &quot;Rotes Rathaus&quot; con paraguas blanco!\"><svg width=\"16\" height=\"16\" viewBox=\"0 0 24 24\" fill=\"none\" stroke=\"currentColor\" stroke-width=\"2\"><path d=\"M21 10c0 7-9 13-9 13s-9-6-9-13a9 9 0 0 1 18 0z\"\/><circle cx=\"12\" cy=\"10\" r=\"3\"\/><\/svg><\/button><\/div><p class=\"gw-freetours-description\">Por favor, lea atentamente toda la informaci\u00f3n antes de realizar su reserva En este tour nos e&#8230;<\/p><div class=\"gw-freetours-author\"><span class=\"gw-freetours-author-link\"><img decoding=\"async\" src=\"https:\/\/media.guruwalk.com\/bjqxsaopg800cbbur09u8nrxppc5\" alt=\"Destino Berl\u00edn\" class=\"gw-freetours-author-avatar\" \/><span class=\"gw-freetours-author-name\">Destino Berl\u00edn<\/span><\/span><\/div><div class=\"gw-freetours-rating-container\"><div class=\"gw-freetours-rating\" aria-label=\"Valoraci\u00f3n 4.9 de 5\"><span class=\"gw-freetours-star gw-freetours-star--full\" aria-hidden=\"true\">\u2605<\/span><span class=\"gw-freetours-star gw-freetours-star--full\" aria-hidden=\"true\">\u2605<\/span><span class=\"gw-freetours-star gw-freetours-star--full\" aria-hidden=\"true\">\u2605<\/span><span class=\"gw-freetours-star gw-freetours-star--full\" aria-hidden=\"true\">\u2605<\/span><span class=\"gw-freetours-star gw-freetours-star--half\" aria-hidden=\"true\">\u2606<\/span><span class=\"gw-freetours-rating__count\">4,9 (6306)<\/span><\/div><\/div><\/div><\/div><div class=\"gw-freetours-card\" data-tour-id=\"64799\"><button type=\"button\" class=\"gw-freetours-image-link\" data-dest=\"https:\/\/www.guruwalk.com\/es\/walks\/64799-kreuzberg-rebelde-del-barrio-turco-al-punk-y-la-contracultura-de-berlin\" role=\"link\" aria-label=\"Kreuzberg Rebelde: del barrio turco al punk y la contracultura de Berl\u00edn\"><div class=\"gw-freetours-image\"><img decoding=\"async\" class=\"gw-freetours-photo\" src=\"https:\/\/blog.guruwalk.com\/wp-content\/uploads\/gw-freetours-cache\/64799-ade36ba8b1bc35228a3b0dd839c76b6a.jpg\" alt=\"Kreuzberg Rebelde: del barrio turco al punk y la contracultura de Berl\u00edn\" loading=\"lazy\" \/><div class=\"gw-freetours-flags\"><img decoding=\"async\" src=\"https:\/\/blog.guruwalk.com\/wp-content\/gurupluginswalk\/wp-gw-freetours\/assets\/flags\/cat.svg\" alt=\"cat\" class=\"gw-freetours-flag\" \/><img decoding=\"async\" src=\"https:\/\/blog.guruwalk.com\/wp-content\/gurupluginswalk\/wp-gw-freetours\/assets\/flags\/es.svg\" alt=\"es\" class=\"gw-freetours-flag\" \/><\/div><\/div><\/button><div class=\"gw-freetours-content\"><h4 class=\"gw-freetours-title\"><button type=\"button\" class=\"gw-freetours-title-link\" data-dest=\"https:\/\/www.guruwalk.com\/es\/walks\/64799-kreuzberg-rebelde-del-barrio-turco-al-punk-y-la-contracultura-de-berlin\" role=\"link\">Kreuzberg Rebelde: del barrio turco al punk y la contracultura de Berl\u00edn<\/button><\/h4><div class=\"gw-freetours-meta-top\"><span class=\"gw-freetours-duration\"><svg width=\"16\" height=\"16\" viewBox=\"0 0 24 24\" fill=\"none\" stroke=\"currentColor\" stroke-width=\"2\"><circle cx=\"12\" cy=\"12\" r=\"10\"\/><polyline points=\"12,6 12,12 16,14\"\/><\/svg>3:15<\/span><button class=\"gw-freetours-map-btn\" data-lat=\"52.499005\" data-lng=\"13.41832\" data-address=\"Kottbusser Tor, 10999 Berlin, Alemania\" data-instructions=\"Nos vemos en B\u00fcrgermeister Kottbuser Tor.Os espero con una carpeta blanca!\"><svg width=\"16\" height=\"16\" viewBox=\"0 0 24 24\" fill=\"none\" stroke=\"currentColor\" stroke-width=\"2\"><path d=\"M21 10c0 7-9 13-9 13s-9-6-9-13a9 9 0 0 1 18 0z\"\/><circle cx=\"12\" cy=\"10\" r=\"3\"\/><\/svg><\/button><\/div><p class=\"gw-freetours-description\">Kreuzberg es un barrio que nunca se rindi\u00f3. Dividido por el Muro, aislado en la periferia de Berl\u00edn Oeste: Lo&#8230;<\/p><div class=\"gw-freetours-author\"><span class=\"gw-freetours-author-link\"><img decoding=\"async\" src=\"https:\/\/media.guruwalk.com\/pafpymn0udtlio1zz24saeh3237b\" alt=\"Estela\" class=\"gw-freetours-author-avatar\" \/><span class=\"gw-freetours-author-name\">Estela<\/span><\/span><\/div><div class=\"gw-freetours-rating-container\"><div class=\"gw-freetours-rating\" aria-label=\"Valoraci\u00f3n 4.8 de 5\"><span class=\"gw-freetours-star gw-freetours-star--full\" aria-hidden=\"true\">\u2605<\/span><span class=\"gw-freetours-star gw-freetours-star--full\" aria-hidden=\"true\">\u2605<\/span><span class=\"gw-freetours-star gw-freetours-star--full\" aria-hidden=\"true\">\u2605<\/span><span class=\"gw-freetours-star gw-freetours-star--full\" aria-hidden=\"true\">\u2605<\/span><span class=\"gw-freetours-star gw-freetours-star--half\" aria-hidden=\"true\">\u2606<\/span><span class=\"gw-freetours-rating__count\">4,8 (197)<\/span><\/div><\/div><\/div><\/div><div class=\"gw-freetours-card\" data-tour-id=\"39452\"><button type=\"button\" class=\"gw-freetours-image-link\" data-dest=\"https:\/\/www.guruwalk.com\/es\/walks\/39452-free-tour-alternativo-berlin-pobre-pero-sexy\" role=\"link\" aria-label=\"Free Tour Alternativo: Berl\u00edn pobre pero sexy!\"><div class=\"gw-freetours-image\"><img decoding=\"async\" class=\"gw-freetours-photo\" src=\"https:\/\/blog.guruwalk.com\/wp-content\/uploads\/gw-freetours-cache\/39452-4223cf515382e7a7b1e779fd759abfe8.jpg\" alt=\"Free Tour Alternativo: Berl\u00edn pobre pero sexy!\" loading=\"lazy\" \/><div class=\"gw-freetours-flags\"><img decoding=\"async\" src=\"https:\/\/blog.guruwalk.com\/wp-content\/gurupluginswalk\/wp-gw-freetours\/assets\/flags\/es.svg\" alt=\"es\" class=\"gw-freetours-flag\" \/><\/div><\/div><\/button><div class=\"gw-freetours-content\"><h4 class=\"gw-freetours-title\"><button type=\"button\" class=\"gw-freetours-title-link\" data-dest=\"https:\/\/www.guruwalk.com\/es\/walks\/39452-free-tour-alternativo-berlin-pobre-pero-sexy\" role=\"link\">Free Tour Alternativo: Berl\u00edn pobre pero sexy!<\/button><\/h4><div class=\"gw-freetours-meta-top\"><span class=\"gw-freetours-duration\"><svg width=\"16\" height=\"16\" viewBox=\"0 0 24 24\" fill=\"none\" stroke=\"currentColor\" stroke-width=\"2\"><circle cx=\"12\" cy=\"12\" r=\"10\"\/><polyline points=\"12,6 12,12 16,14\"\/><\/svg>3:00<\/span><button class=\"gw-freetours-map-btn\" data-lat=\"52.518681\" data-lng=\"13.407692\" data-address=\"U Rotes Rathaus, 10178 Berlin, Alemania\" data-instructions=\"Delante de la puerta principal del Ayuntamiento Rojo (Rotes Rathaus) Junto a la estaci\u00f3n de metro Rotes Rathaus con un paraguas blanco!\"><svg width=\"16\" height=\"16\" viewBox=\"0 0 24 24\" fill=\"none\" stroke=\"currentColor\" stroke-width=\"2\"><path d=\"M21 10c0 7-9 13-9 13s-9-6-9-13a9 9 0 0 1 18 0z\"\/><circle cx=\"12\" cy=\"10\" r=\"3\"\/><\/svg><\/button><\/div><p class=\"gw-freetours-description\">\u00bfQuieres descubrir el verdadero Berl\u00edn ? Queremos mostrarte los lugares que no aparecen en las&#8230;<\/p><div class=\"gw-freetours-author\"><span class=\"gw-freetours-author-link\"><img decoding=\"async\" src=\"https:\/\/media.guruwalk.com\/bjqxsaopg800cbbur09u8nrxppc5\" alt=\"Destino Berl\u00edn\" class=\"gw-freetours-author-avatar\" \/><span class=\"gw-freetours-author-name\">Destino Berl\u00edn<\/span><\/span><\/div><div class=\"gw-freetours-rating-container\"><div class=\"gw-freetours-rating\" aria-label=\"Valoraci\u00f3n 4.9 de 5\"><span class=\"gw-freetours-star gw-freetours-star--full\" aria-hidden=\"true\">\u2605<\/span><span class=\"gw-freetours-star gw-freetours-star--full\" aria-hidden=\"true\">\u2605<\/span><span class=\"gw-freetours-star gw-freetours-star--full\" aria-hidden=\"true\">\u2605<\/span><span class=\"gw-freetours-star gw-freetours-star--full\" aria-hidden=\"true\">\u2605<\/span><span class=\"gw-freetours-star gw-freetours-star--half\" aria-hidden=\"true\">\u2606<\/span><span class=\"gw-freetours-rating__count\">4,9 (1234)<\/span><\/div><\/div><\/div><\/div><\/div><\/div><div class=\"gw-freetours-place-link\"><a href=\"https:\/\/www.guruwalk.com\/es\/berlin\" target=\"_blank\" rel=\"noopener\" class=\"gw-freetours-place-btn\">+ Free Tour Berlin<\/a><\/div><\/div>\n\n\n<h2 class=\"wp-block-heading\" id=\"lugar\">Qu\u00e9 ver en 1 d\u00eda en Berl\u00edn<\/h2>\n\n\n\n<figure class=\"wp-block-image size-large\"><img decoding=\"async\" width=\"1600\" height=\"1063\" src=\"https:\/\/blog.guruwalk.com\/wp-content\/uploads\/2026\/08\/berlin-bandera-alemana-edificio-historico-interior-1.webp\" alt=\"Bandera alemana sobre un edificio hist\u00f3rico bajo el cielo nublado de Berl\u00edn\" class=\"wp-image-45795\" srcset=\"https:\/\/blog.guruwalk.com\/wp-content\/uploads\/2026\/08\/berlin-bandera-alemana-edificio-historico-interior-1.webp 1600w, https:\/\/blog.guruwalk.com\/wp-content\/uploads\/2026\/08\/berlin-bandera-alemana-edificio-historico-interior-1-300x199.webp 300w, https:\/\/blog.guruwalk.com\/wp-content\/uploads\/2026\/08\/berlin-bandera-alemana-edificio-historico-interior-1-1024x680.webp 1024w, https:\/\/blog.guruwalk.com\/wp-content\/uploads\/2026\/08\/berlin-bandera-alemana-edificio-historico-interior-1-768x510.webp 768w, https:\/\/blog.guruwalk.com\/wp-content\/uploads\/2026\/08\/berlin-bandera-alemana-edificio-historico-interior-1-1536x1020.webp 1536w\" sizes=\"(max-width: 1600px) 100vw, 1600px\" \/><figcaption class=\"wp-element-caption\">Bandera alemana sobre un edificio hist\u00f3rico de Berl\u00edn.<\/figcaption><\/figure>\n\n\n\n<h3 class=\"wp-block-heading\">Ma\u00f1ana en Berl\u00edn<\/h3>\n\n\n\n<p class=\"wp-block-paragraph\">Comienza el d\u00eda en la <strong>Puerta de Brandeburgo<\/strong>, un s\u00edmbolo de la ciudad y testigo de su historia. Este monumento neocl\u00e1sico data de 1791. Desde all\u00ed, dir\u00edgete al <a href=\"https:\/\/www.bundestag.de\/es\/visita\" rel=\"nofollow noreferrer noopener\" target=\"_blank\">Reichstag<\/a>, el edificio que alberga el Parlamento alem\u00e1n y cuya visita requiere reserva previa. Su c\u00fapula de vidrio ofrece vistas panor\u00e1micas de Berl\u00edn y representa la transparencia del gobierno. A continuaci\u00f3n, pasea por el <strong>Memorial del Holocausto<\/strong>, un homenaje a las v\u00edctimas jud\u00edas de la Segunda Guerra Mundial cuyas estelas de hormig\u00f3n invitan a la reflexi\u00f3n.<\/p>\n\n\n\n<p class=\"wp-block-paragraph\">Despu\u00e9s, visita la <a href=\"https:\/\/whc.unesco.org\/es\/list\/896\" rel=\"nofollow noreferrer noopener\" target=\"_blank\">Isla de los Museos<\/a>, un conjunto declarado Patrimonio de la Humanidad que re\u00fane cinco museos. El <strong>Museo de P\u00e9rgamo<\/strong> permanece cerrado por obras, por lo que ni el <strong>Altar de P\u00e9rgamo<\/strong> ni la <strong>Puerta de Ishtar<\/strong> est\u00e1n accesibles all\u00ed. Como alternativa, <strong>Pergamonmuseum. Das Panorama<\/strong> presenta una exposici\u00f3n inmersiva con originales seleccionados; comprueba la disponibilidad y los cierres vigentes en la web oficial antes de organizar la visita. Termina la ma\u00f1ana en la <strong>Catedral de Berl\u00edn<\/strong>, reconocible por su gran c\u00fapula.<\/p>\n\n\n\n<h3 class=\"wp-block-heading\">Tarde en Berl\u00edn<\/h3>\n\n\n\n<p class=\"wp-block-paragraph\">Por la tarde, dir\u00edgete a <a href=\"#alexanderplatz\">Alexanderplatz<\/a>, un centro comercial y de ocio donde puedes hacer una pausa o contemplar la Torre de Televisi\u00f3n. Luego, recorre una secci\u00f3n del <strong>Muro de Berl\u00edn<\/strong>. La East Side Gallery conserva aproximadamente 1,3 km de muro y m\u00e1s de un centenar de murales relacionados con la libertad y la reunificaci\u00f3n.<\/p>\n\n\n\n<p class=\"wp-block-paragraph\">Contin\u00faa hacia <a href=\"#potsdamer-platz\">Potsdamer Platz<\/a>, un distrito donde la arquitectura contempor\u00e1nea convive con restos e indicaciones de la ciudad dividida. Si queda tiempo, visita el <a href=\"#palacio-de-charlottenburg\">Palacio de Charlottenburg<\/a>, un conjunto barroco con jardines vinculado a la historia de Prusia.<\/p>\n\n\n\n<h2 class=\"wp-block-heading\" id=\"puerta-de-brandeburgo\">Puerta de Brandeburgo<\/h2>\n\n\n\n<figure class=\"wp-block-image size-large\"><img decoding=\"async\" width=\"1200\" height=\"843\" src=\"https:\/\/blog.guruwalk.com\/wp-content\/uploads\/2026\/08\/berlin-puerta-de-brandeburgo-pariser-platz.webp\" alt=\"Puerta de Brandeburgo vista desde la Pariser Platz con la cuadriga sobre el \u00e1tico\" class=\"wp-image-48065\" srcset=\"https:\/\/blog.guruwalk.com\/wp-content\/uploads\/2026\/08\/berlin-puerta-de-brandeburgo-pariser-platz.webp 1200w, https:\/\/blog.guruwalk.com\/wp-content\/uploads\/2026\/08\/berlin-puerta-de-brandeburgo-pariser-platz-300x211.webp 300w, https:\/\/blog.guruwalk.com\/wp-content\/uploads\/2026\/08\/berlin-puerta-de-brandeburgo-pariser-platz-1024x719.webp 1024w, https:\/\/blog.guruwalk.com\/wp-content\/uploads\/2026\/08\/berlin-puerta-de-brandeburgo-pariser-platz-768x540.webp 768w\" sizes=\"(max-width: 1200px) 100vw, 1200px\" \/><figcaption class=\"wp-element-caption\">La Puerta de Brandeburgo, en la Pariser Platz de Berl\u00edn.<\/figcaption><\/figure>\n\n\n\n<p class=\"wp-block-paragraph\">La <strong>Puerta de Brandeburgo<\/strong>, uno de los s\u00edmbolos m\u00e1s reconocibles de <strong>Berl\u00edn<\/strong>, es un monumento de finales del siglo XVIII. Dise\u00f1ada por el arquitecto Carl Gotthard Langhans, esta estructura neocl\u00e1sica marcaba el acceso a la ciudad desde el oeste. Su dise\u00f1o se inspir\u00f3 en los <strong>Propileos de la Acr\u00f3polis de Atenas<\/strong> y se compone de 12 columnas que forman cinco pasajes, con el central como el m\u00e1s amplio.<\/p>\n\n\n\n<p class=\"wp-block-paragraph\">Durante d\u00e9cadas fue un s\u00edmbolo de la divisi\u00f3n de Alemania: con la construcci\u00f3n del <strong>Muro de Berl\u00edn<\/strong> en 1961, qued\u00f3 en la <strong>franja fronteriza del lado oriental<\/strong> y fue inaccesible tanto desde el Este como desde el Oeste. Tras la ca\u00edda del Muro en 1989, la puerta pas\u00f3 a representar la reunificaci\u00f3n.<\/p>\n\n\n\n<h2 class=\"wp-block-heading\" id=\"reichstag\">Reichstag<\/h2>\n\n\n\n<figure class=\"wp-block-image size-large\"><img decoding=\"async\" width=\"1200\" height=\"797\" src=\"https:\/\/blog.guruwalk.com\/wp-content\/uploads\/2026\/08\/berlin-reichstag-fachada-cupula-cristal.webp\" alt=\"Fachada del Reichstag de Berl\u00edn con su c\u00fapula de cristal y gente en la explanada de c\u00e9sped\" class=\"wp-image-48062\" srcset=\"https:\/\/blog.guruwalk.com\/wp-content\/uploads\/2026\/08\/berlin-reichstag-fachada-cupula-cristal.webp 1200w, https:\/\/blog.guruwalk.com\/wp-content\/uploads\/2026\/08\/berlin-reichstag-fachada-cupula-cristal-300x199.webp 300w, https:\/\/blog.guruwalk.com\/wp-content\/uploads\/2026\/08\/berlin-reichstag-fachada-cupula-cristal-1024x680.webp 1024w, https:\/\/blog.guruwalk.com\/wp-content\/uploads\/2026\/08\/berlin-reichstag-fachada-cupula-cristal-768x510.webp 768w\" sizes=\"(max-width: 1200px) 100vw, 1200px\" \/><figcaption class=\"wp-element-caption\">Fachada del Reichstag y su c\u00fapula de cristal, en Berl\u00edn.<\/figcaption><\/figure>\n\n\n\n<p class=\"wp-block-paragraph\">El <strong>Reichstag<\/strong>, sede del Parlamento alem\u00e1n, resume parte de la historia pol\u00edtica moderna de <strong>Berl\u00edn<\/strong>. Su construcci\u00f3n se inici\u00f3 en 1884 y su arquitectura, obra de Paul Wallot, es un ejemplo del neorrenacentismo. El edificio fue testigo de hechos clave, como el incendio de 1933.<\/p>\n\n\n\n<p class=\"wp-block-paragraph\">Su c\u00fapula de vidrio, dise\u00f1ada por <strong>Norman Foster<\/strong> durante la renovaci\u00f3n de los a\u00f1os noventa, ofrece una vista panor\u00e1mica de la ciudad y simboliza la transparencia del gobierno. Las rampas en espiral permiten observar su estructura interna y el contraste entre el edificio hist\u00f3rico y la intervenci\u00f3n contempor\u00e1nea.<\/p>\n\n\n\n<blockquote class=\"wp-block-quote is-layout-flow wp-block-quote-is-layout-flow\">\n<p class=\"wp-block-paragraph\">La visita requiere registro previo y un documento de identidad. El acceso a la c\u00fapula o la terraza puede modificarse por actividad parlamentaria, seguridad o meteorolog\u00eda; consulta las condiciones disponibles en la web oficial del Bundestag.<\/p>\n<\/blockquote>\n\n\n\n<h3 class=\"wp-block-heading\">Consejos para tu visita al Reichstag<\/h3>\n\n\n\n<ul class=\"wp-block-list\">\n<li><strong>\ud83c\udfdb\ufe0f C\u00fapula:<\/strong> dise\u00f1ada por Norman Foster y abierta en 1999, representa la apertura institucional posterior a la reunificaci\u00f3n.<\/li>\n\n\n\n<li><strong>\ud83d\udd2d Vistas:<\/strong> desde la c\u00fapula se distinguen el Tiergarten, la Puerta de Brandeburgo y parte del trazado urbano del antiguo Muro.<\/li>\n\n\n\n<li><strong>\ud83d\udcdc Grafitis de 1945:<\/strong> el edificio conserva grafitis de soldados sovi\u00e9ticos como testimonio del final de la Segunda Guerra Mundial.<\/li>\n<\/ul>\n\n\n<div class=\"gw-products-block\" style=\"--gw-nav-width:30px; --gw-nav-height:30px; --gw-chevron-w:15px; --gw-chevron-h:15px; --gw-circle-color:#0a5bd9; --gw-chevron-color:#0a5bd9;\"><div class=\"gw-products-carousel\" aria-live=\"polite\"><article class=\"gw-card\"><div class=\"gw-card__image\"><img decoding=\"async\" class=\"gw-card__photo\" src=\"https:\/\/blog.guruwalk.com\/wp-content\/uploads\/gw-products\/images\/46b5b57ff7fa17dde0998887a06b48fa.webp\" alt=\"Berl\u00edn: Visita de 2 horas sobre el Tercer Reich y la Guerra Fr\u00eda\" loading=\"lazy\" \/><\/div><div class=\"gw-card__body\"><h3 class=\"gw-card__title\">Berl\u00edn: Visita de 2 horas sobre el Tercer Reich y la Guerra Fr\u00eda<\/h3><div class=\"gw-card__footer\"><div class=\"gw-card__meta\"><div class=\"gw-rating\" aria-label=\"Valoraci\u00f3n 5.0 de 5\"><span class=\"gw-star gw-star--full\" aria-hidden=\"true\">\u2605<\/span><span class=\"gw-star gw-star--full\" aria-hidden=\"true\">\u2605<\/span><span class=\"gw-star gw-star--full\" aria-hidden=\"true\">\u2605<\/span><span class=\"gw-star gw-star--full\" aria-hidden=\"true\">\u2605<\/span><span class=\"gw-star gw-star--full\" aria-hidden=\"true\">\u2605<\/span><span class=\"gw-rating__count\">5,0 (15)<\/span><\/div><\/div><div class=\"gw-card__price\">Desde \u20ac19,00<\/div><\/div><\/div><a class=\"gw-card__link\" href=\"https:\/\/www.guruwalk.com\/es\/walks\/p8841-berlin-visita-de-2-horas-sobre-el-tercer-reich-y-la-guerra-fria-cGFub3B0ZXM\" target=\"_blank\" rel=\"noopener\" aria-label=\"Berl\u00edn: Visita de 2 horas sobre el Tercer Reich y la Guerra Fr\u00eda\"><\/a><\/article><article class=\"gw-card\"><div class=\"gw-card__image\"><img decoding=\"async\" class=\"gw-card__photo\" src=\"https:\/\/blog.guruwalk.com\/wp-content\/uploads\/gw-products\/images\/1caf90b99ef96e0a31b93837d66325e2.webp\" alt=\"Bundestag: Appero en la azotea del Reichstag en el restaurante K\u00e4fer\" loading=\"lazy\" \/><div class=\"gw-flags\" aria-label=\"Idiomas disponibles\"><span class=\"gw-flag\" title=\"DE\"><img decoding=\"async\" class=\"gw-flag-img\" src=\"https:\/\/blog.guruwalk.com\/wp-content\/uploads\/gw-products\/flags\/de.svg\" alt=\"DE\" loading=\"lazy\" width=\"22\" height=\"16\" \/><\/span><span class=\"gw-flag\" title=\"EN\"><img decoding=\"async\" class=\"gw-flag-img\" src=\"https:\/\/blog.guruwalk.com\/wp-content\/uploads\/gw-products\/flags\/gb.svg\" alt=\"EN\" loading=\"lazy\" width=\"22\" height=\"16\" \/><\/span><span class=\"gw-flag\" title=\"ES\"><img decoding=\"async\" class=\"gw-flag-img\" src=\"https:\/\/blog.guruwalk.com\/wp-content\/uploads\/gw-products\/flags\/es.svg\" alt=\"ES\" loading=\"lazy\" width=\"22\" height=\"16\" \/><\/span><span class=\"gw-flag\" title=\"FR\"><img decoding=\"async\" class=\"gw-flag-img\" src=\"https:\/\/blog.guruwalk.com\/wp-content\/uploads\/gw-products\/flags\/fr.svg\" alt=\"FR\" loading=\"lazy\" width=\"22\" height=\"16\" \/><\/span><\/div><\/div><div class=\"gw-card__body\"><h3 class=\"gw-card__title\">Bundestag: Appero en la azotea del Reichstag en el restaurante K\u00e4fer<\/h3><div class=\"gw-card__footer\"><div class=\"gw-card__meta\"><div class=\"gw-rating\" aria-label=\"Valoraci\u00f3n 4.6 de 5\"><span class=\"gw-star gw-star--full\" aria-hidden=\"true\">\u2605<\/span><span class=\"gw-star gw-star--full\" aria-hidden=\"true\">\u2605<\/span><span class=\"gw-star gw-star--full\" aria-hidden=\"true\">\u2605<\/span><span class=\"gw-star gw-star--full\" aria-hidden=\"true\">\u2605<\/span><span class=\"gw-star gw-star--half\" aria-hidden=\"true\">\u2606<\/span><span class=\"gw-rating__count\">4,6 (1290)<\/span><\/div><\/div><div class=\"gw-card__price\">Desde \u20ac42,50<\/div><\/div><\/div><a class=\"gw-card__link\" href=\"https:\/\/www.guruwalk.com\/es\/walks\/p156407-bundestag-appero-en-la-azotea-del-reichstag-en-el-restaurante-kafer\" target=\"_blank\" rel=\"noopener\" aria-label=\"Bundestag: Appero en la azotea del Reichstag en el restaurante K\u00e4fer\"><\/a><\/article><article class=\"gw-card\"><div class=\"gw-card__image\"><img decoding=\"async\" class=\"gw-card__photo\" src=\"https:\/\/blog.guruwalk.com\/wp-content\/uploads\/gw-products\/images\/198ac7f4501438ccc7c3ac0232a08bf6.webp\" alt=\"Bundestag: desayuno en la azotea del restaurante K\u00e4fer del Reichstag\" loading=\"lazy\" \/><div class=\"gw-flags\" aria-label=\"Idiomas disponibles\"><span class=\"gw-flag\" title=\"DE\"><img decoding=\"async\" class=\"gw-flag-img\" src=\"https:\/\/blog.guruwalk.com\/wp-content\/uploads\/gw-products\/flags\/de.svg\" alt=\"DE\" loading=\"lazy\" width=\"22\" height=\"16\" \/><\/span><span class=\"gw-flag\" title=\"EN\"><img decoding=\"async\" class=\"gw-flag-img\" src=\"https:\/\/blog.guruwalk.com\/wp-content\/uploads\/gw-products\/flags\/gb.svg\" alt=\"EN\" loading=\"lazy\" width=\"22\" height=\"16\" \/><\/span><span class=\"gw-flag\" title=\"ES\"><img decoding=\"async\" class=\"gw-flag-img\" src=\"https:\/\/blog.guruwalk.com\/wp-content\/uploads\/gw-products\/flags\/es.svg\" alt=\"ES\" loading=\"lazy\" width=\"22\" height=\"16\" \/><\/span><span class=\"gw-flag\" title=\"FR\"><img decoding=\"async\" class=\"gw-flag-img\" src=\"https:\/\/blog.guruwalk.com\/wp-content\/uploads\/gw-products\/flags\/fr.svg\" alt=\"FR\" loading=\"lazy\" width=\"22\" height=\"16\" \/><\/span><\/div><\/div><div class=\"gw-card__body\"><h3 class=\"gw-card__title\">Bundestag: desayuno en la azotea del restaurante K\u00e4fer del Reichstag<\/h3><div class=\"gw-card__footer\"><div class=\"gw-card__meta\"><div class=\"gw-rating\" aria-label=\"Valoraci\u00f3n 4.6 de 5\"><span class=\"gw-star gw-star--full\" aria-hidden=\"true\">\u2605<\/span><span class=\"gw-star gw-star--full\" aria-hidden=\"true\">\u2605<\/span><span class=\"gw-star gw-star--full\" aria-hidden=\"true\">\u2605<\/span><span class=\"gw-star gw-star--full\" aria-hidden=\"true\">\u2605<\/span><span class=\"gw-star gw-star--half\" aria-hidden=\"true\">\u2606<\/span><span class=\"gw-rating__count\">4,6 (1752)<\/span><\/div><\/div><div class=\"gw-card__price\">Desde \u20ac39,50<\/div><\/div><\/div><a class=\"gw-card__link\" href=\"https:\/\/www.guruwalk.com\/es\/walks\/p156406-bundestag-desayuno-en-la-azotea-del-restaurante-kafer-del-reichstag\" target=\"_blank\" rel=\"noopener\" aria-label=\"Bundestag: desayuno en la azotea del restaurante K\u00e4fer del Reichstag\"><\/a><\/article><article class=\"gw-card\"><div class=\"gw-card__image\"><img decoding=\"async\" class=\"gw-card__photo\" src=\"https:\/\/blog.guruwalk.com\/wp-content\/uploads\/gw-products\/images\/79f5cc8038f68f78458057150c83bd0c.webp\" alt=\"Bundestag: cena al atardecer en la azotea del Reichstag en K\u00e4fer\" loading=\"lazy\" \/><\/div><div class=\"gw-card__body\"><h3 class=\"gw-card__title\">Bundestag: cena al atardecer en la azotea del Reichstag en K\u00e4fer<\/h3><div class=\"gw-card__footer\"><div class=\"gw-card__meta\"><div class=\"gw-rating\" aria-label=\"Valoraci\u00f3n 4.6 de 5\"><span class=\"gw-star gw-star--full\" aria-hidden=\"true\">\u2605<\/span><span class=\"gw-star gw-star--full\" aria-hidden=\"true\">\u2605<\/span><span class=\"gw-star gw-star--full\" aria-hidden=\"true\">\u2605<\/span><span class=\"gw-star gw-star--full\" aria-hidden=\"true\">\u2605<\/span><span class=\"gw-star gw-star--half\" aria-hidden=\"true\">\u2606<\/span><span class=\"gw-rating__count\">4,6 (369)<\/span><\/div><\/div><div class=\"gw-card__price\">Desde \u20ac129,00<\/div><\/div><\/div><a class=\"gw-card__link\" href=\"https:\/\/www.guruwalk.com\/es\/walks\/p156402-bundestag-cena-al-atardecer-en-la-azotea-del-reichstag-en-kafer\" target=\"_blank\" rel=\"noopener\" aria-label=\"Bundestag: cena al atardecer en la azotea del Reichstag en K\u00e4fer\"><\/a><\/article><\/div><div class=\"gw-vertical-link-container\"><a href=\"https:\/\/www.guruwalk.com\/es\/a\/berlin\/v66259-reichstag-cupula-berlin\" target=\"_blank\" rel=\"noopener\" style=\"font-weight: bold;\">+ Reichstag y c\u00fapula<\/a><\/div><\/div>\n\n\n<h2 class=\"wp-block-heading\" id=\"isla-de-los-museos\">Isla de los Museos<\/h2>\n\n\n\n<figure class=\"wp-block-image size-large\"><img decoding=\"async\" width=\"683\" height=\"1024\" src=\"https:\/\/blog.guruwalk.com\/wp-content\/uploads\/2025\/04\/image-858-683x1024.webp\" alt=\"Isla de los Museos en Berl\u00edn\" class=\"wp-image-17833\" srcset=\"https:\/\/blog.guruwalk.com\/wp-content\/uploads\/2025\/04\/image-858-683x1024.webp 683w, https:\/\/blog.guruwalk.com\/wp-content\/uploads\/2025\/04\/image-858-200x300.webp 200w, https:\/\/blog.guruwalk.com\/wp-content\/uploads\/2025\/04\/image-858-768x1152.webp 768w, https:\/\/blog.guruwalk.com\/wp-content\/uploads\/2025\/04\/image-858-1024x1536.webp 1024w, https:\/\/blog.guruwalk.com\/wp-content\/uploads\/2025\/04\/image-858.webp 1200w\" sizes=\"(max-width: 683px) 100vw, 683px\" \/><figcaption class=\"wp-element-caption\">Museo Bode en la Isla de los Museos de Berl\u00edn.<\/figcaption><\/figure>\n\n\n\n<p class=\"wp-block-paragraph\">La <strong>Isla de los Museos<\/strong>, en el centro de Berl\u00edn, es un conjunto arquitect\u00f3nico y cultural formado por cinco museos. Su declaraci\u00f3n como <strong>Patrimonio de la Humanidad<\/strong> reconoce la relaci\u00f3n entre las colecciones y los edificios levantados para albergarlas.<\/p>\n\n\n\n<p class=\"wp-block-paragraph\">Desarrollada desde el siglo XIX, la isla documenta la evoluci\u00f3n del <strong>arte y la arquitectura muse\u00edstica<\/strong>. Entre sus instituciones se encuentran el <strong>Museo de P\u00e9rgamo<\/strong>, conocido por el Altar de P\u00e9rgamo, y el <strong>Bode\u2011Museum<\/strong>, dedicado a la escultura, el arte bizantino y la numism\u00e1tica.<\/p>\n\n\n\n<h3 class=\"wp-block-heading\">Museo de P\u00e9rgamo<\/h3>\n\n\n\n<p class=\"wp-block-paragraph\">El <a href=\"https:\/\/www.smb.museum\/museen-einrichtungen\/pergamonmuseum\/home\/\" rel=\"nofollow noreferrer noopener\" target=\"_blank\"><strong>Museo de P\u00e9rgamo<\/strong><\/a> permanece cerrado por obras. Como alternativa, <strong>Pergamonmuseum. Das Panorama<\/strong> presenta una exposici\u00f3n inmersiva con originales seleccionados que contextualizan el altar. Comprueba en la web oficial qu\u00e9 espacios est\u00e1n disponibles antes de organizar la visita.<\/p>\n\n\n\n<h3 class=\"wp-block-heading\">Bode-Museum<\/h3>\n\n\n\n<p class=\"wp-block-paragraph\">El <strong>Bode\u2011Museum<\/strong> alberga la <strong>Colecci\u00f3n de Esculturas<\/strong>, el <strong>Museo de Arte Bizantino<\/strong> y una colecci\u00f3n numism\u00e1tica, con un montaje relacionado con la arquitectura del edificio.<\/p>\n\n\n\n<p class=\"wp-block-paragraph\">La isla tambi\u00e9n cuenta con el <strong>Altes Museum<\/strong>, el <strong>Neues Museum<\/strong>, donde se expone el busto de Nefertiti, y la <strong>Alte Nationalgalerie<\/strong>. Conviene seleccionar uno o dos museos seg\u00fan el tiempo disponible y consultar la disponibilidad de entradas.<\/p>\n\n\n\n<p class=\"wp-block-paragraph\">Rodeada por el r\u00edo Spree, la isla permite observar las fachadas de sus edificios desde ambas orillas y enlazar la visita con la Catedral de Berl\u00edn.<\/p>\n\n\n<div class=\"gw-products-block\" style=\"--gw-nav-width:30px; --gw-nav-height:30px; --gw-chevron-w:15px; --gw-chevron-h:15px; --gw-circle-color:#0a5bd9; --gw-chevron-color:#0a5bd9;\"><div class=\"gw-products-carousel\" aria-live=\"polite\"><article class=\"gw-card\"><div class=\"gw-card__image\"><img decoding=\"async\" class=\"gw-card__photo\" src=\"https:\/\/blog.guruwalk.com\/wp-content\/uploads\/gw-products\/images\/9195ad67520408b34ee11e0138957493.webp\" alt=\"Berl\u00edn: Ticket de entrada al Museo de Historia Natural\" loading=\"lazy\" \/><div class=\"gw-flags\" aria-label=\"Idiomas disponibles\"><span class=\"gw-flag\" title=\"DE\"><img decoding=\"async\" class=\"gw-flag-img\" src=\"https:\/\/blog.guruwalk.com\/wp-content\/uploads\/gw-products\/flags\/de.svg\" alt=\"DE\" loading=\"lazy\" width=\"22\" height=\"16\" \/><\/span><span class=\"gw-flag\" title=\"EN\"><img decoding=\"async\" class=\"gw-flag-img\" src=\"https:\/\/blog.guruwalk.com\/wp-content\/uploads\/gw-products\/flags\/gb.svg\" alt=\"EN\" loading=\"lazy\" width=\"22\" height=\"16\" \/><\/span><span class=\"gw-flag\" title=\"ES\"><img decoding=\"async\" class=\"gw-flag-img\" src=\"https:\/\/blog.guruwalk.com\/wp-content\/uploads\/gw-products\/flags\/es.svg\" alt=\"ES\" loading=\"lazy\" width=\"22\" height=\"16\" \/><\/span><span class=\"gw-flag\" title=\"FR\"><img decoding=\"async\" class=\"gw-flag-img\" src=\"https:\/\/blog.guruwalk.com\/wp-content\/uploads\/gw-products\/flags\/fr.svg\" alt=\"FR\" loading=\"lazy\" width=\"22\" height=\"16\" \/><\/span><\/div><\/div><div class=\"gw-card__body\"><h3 class=\"gw-card__title\">Berl\u00edn: Ticket de entrada al Museo de Historia Natural<\/h3><div class=\"gw-card__footer\"><div class=\"gw-card__meta\"><div class=\"gw-rating\" aria-label=\"Valoraci\u00f3n 4.6 de 5\"><span class=\"gw-star gw-star--full\" aria-hidden=\"true\">\u2605<\/span><span class=\"gw-star gw-star--full\" aria-hidden=\"true\">\u2605<\/span><span class=\"gw-star gw-star--full\" aria-hidden=\"true\">\u2605<\/span><span class=\"gw-star gw-star--full\" aria-hidden=\"true\">\u2605<\/span><span class=\"gw-star gw-star--half\" aria-hidden=\"true\">\u2606<\/span><span class=\"gw-rating__count\">4,6 (3503)<\/span><\/div><\/div><div class=\"gw-card__price\">Desde \u20ac11,00<\/div><\/div><\/div><a class=\"gw-card__link\" href=\"https:\/\/www.guruwalk.com\/es\/walks\/p136977-berlin-ticket-de-entrada-al-museo-de-historia-natural\" target=\"_blank\" rel=\"noopener\" aria-label=\"Berl\u00edn: Ticket de entrada al Museo de Historia Natural\"><\/a><\/article><article class=\"gw-card\"><div class=\"gw-card__image\"><img decoding=\"async\" class=\"gw-card__photo\" src=\"https:\/\/blog.guruwalk.com\/wp-content\/uploads\/gw-products\/images\/bbd6b553a0016f107ab6503e0eb3a48a.webp\" alt=\"Entrada al Museo Bud Spencer\" loading=\"lazy\" \/><\/div><div class=\"gw-card__body\"><h3 class=\"gw-card__title\">Entrada al Museo Bud Spencer<\/h3><div class=\"gw-card__footer\"><div class=\"gw-card__price\">Desde \u20ac15,00<\/div><\/div><\/div><a class=\"gw-card__link\" href=\"https:\/\/www.guruwalk.com\/es\/walks\/p234560-entrada-al-museo-bud-spencer-cGFub3B0ZXM\" target=\"_blank\" rel=\"noopener\" aria-label=\"Entrada al Museo Bud Spencer\"><\/a><\/article><article class=\"gw-card\"><div class=\"gw-card__image\"><img decoding=\"async\" class=\"gw-card__photo\" src=\"https:\/\/blog.guruwalk.com\/wp-content\/uploads\/gw-products\/images\/c5d4d1132969331f0103016bad48dd44.webp\" alt=\"Friedrichswerdersche Iglesia: Entrada\" loading=\"lazy\" \/><\/div><div class=\"gw-card__body\"><h3 class=\"gw-card__title\">Friedrichswerdersche Iglesia: Entrada<\/h3><div class=\"gw-card__footer\"><div class=\"gw-card__price\">Desde \u20ac6,00<\/div><\/div><\/div><a class=\"gw-card__link\" href=\"https:\/\/www.guruwalk.com\/es\/walks\/p170117-friedrichswerdersche-iglesia-entrada-cGFub3B0ZXM\" target=\"_blank\" rel=\"noopener\" aria-label=\"Friedrichswerdersche Iglesia: Entrada\"><\/a><\/article><article class=\"gw-card\"><div class=\"gw-card__image\"><img decoding=\"async\" class=\"gw-card__photo\" src=\"https:\/\/blog.guruwalk.com\/wp-content\/uploads\/gw-products\/images\/90a666e7a164a85b75ad2d0237d4fa97.webp\" alt=\"Berl\u00edn: Museo 3D TrickArt - Entradas\" loading=\"lazy\" \/><\/div><div class=\"gw-card__body\"><h3 class=\"gw-card__title\">Berl\u00edn: Museo 3D TrickArt &#8211; Entradas<\/h3><div class=\"gw-card__footer\"><div class=\"gw-card__meta\"><div class=\"gw-rating\" aria-label=\"Valoraci\u00f3n 4.6 de 5\"><span class=\"gw-star gw-star--full\" aria-hidden=\"true\">\u2605<\/span><span class=\"gw-star gw-star--full\" aria-hidden=\"true\">\u2605<\/span><span class=\"gw-star gw-star--full\" aria-hidden=\"true\">\u2605<\/span><span class=\"gw-star gw-star--full\" aria-hidden=\"true\">\u2605<\/span><span class=\"gw-star gw-star--half\" aria-hidden=\"true\">\u2606<\/span><span class=\"gw-rating__count\">4,6 (250)<\/span><\/div><\/div><div class=\"gw-card__price\">Desde \u20ac16,00<\/div><\/div><\/div><a class=\"gw-card__link\" href=\"https:\/\/www.guruwalk.com\/es\/walks\/p167219-berlin-museo-3d-trickart-entradas-cGFub3B0ZXM\" target=\"_blank\" rel=\"noopener\" aria-label=\"Berl\u00edn: Museo 3D TrickArt - Entradas\"><\/a><\/article><\/div><div class=\"gw-vertical-link-container\"><a href=\"https:\/\/www.guruwalk.com\/es\/a\/berlin\/v66258-isla-de-los-museos-y-museos-berlin\" target=\"_blank\" rel=\"noopener\" style=\"font-weight: bold;\">+ Visitas a la Isla de los Museos<\/a><\/div><\/div>\n\n\n<h2 class=\"wp-block-heading\" id=\"muro-de-berlin\">Muro de Berl\u00edn<\/h2>\n\n\n\n<figure class=\"wp-block-image size-large\"><img decoding=\"async\" width=\"1024\" height=\"779\" src=\"https:\/\/blog.guruwalk.com\/wp-content\/uploads\/2025\/04\/image-859-1024x779.webp\" alt=\"Imagen del Muro de Berl\u00edn con arte callejero colorido, vista urbana.\" class=\"wp-image-17841\" srcset=\"https:\/\/blog.guruwalk.com\/wp-content\/uploads\/2025\/04\/image-859-1024x779.webp 1024w, https:\/\/blog.guruwalk.com\/wp-content\/uploads\/2025\/04\/image-859-300x228.webp 300w, https:\/\/blog.guruwalk.com\/wp-content\/uploads\/2025\/04\/image-859-768x584.webp 768w, https:\/\/blog.guruwalk.com\/wp-content\/uploads\/2025\/04\/image-859.webp 1200w\" sizes=\"(max-width: 1024px) 100vw, 1024px\" \/><figcaption class=\"wp-element-caption\">Murales conservados en un tramo del Muro de Berl\u00edn.<\/figcaption><\/figure>\n\n\n\n<p class=\"wp-block-paragraph\">El <strong>Muro de Berl\u00edn<\/strong> se levant\u00f3 en 1961 y alcanz\u00f3 unos <strong>155 kil\u00f3metros<\/strong>, separando Berl\u00edn Oriental de Berl\u00edn Occidental. Durante d\u00e9cadas fue escenario de tensiones y de intentos de huida.<\/p>\n\n\n\n<p class=\"wp-block-paragraph\">Hoy quedan secciones preservadas que documentan ese pasado. La <strong>East Side Gallery<\/strong>, una de las m\u00e1s largas, funciona como galer\u00eda al aire libre con murales de artistas de distintos pa\u00edses.<\/p>\n\n\n\n<p class=\"wp-block-paragraph\">Para profundizar, visita el <strong>Memorial del Muro de Berl\u00edn<\/strong> en Bernauer Stra\u00dfe (Gedenkst\u00e4tte Berliner Mauer). Aunque algunos espacios interiores pueden cerrar por renovaci\u00f3n, la exposici\u00f3n exterior permite reconocer la antigua franja fronteriza; consulta el estado de los espacios antes de desplazarte.<\/p>\n\n\n\n<h3 class=\"wp-block-heading\">La East Side Gallery<\/h3>\n\n\n\n<p class=\"wp-block-paragraph\">Con aproximadamente <strong>1,3 kil\u00f3metros<\/strong> de longitud y m\u00e1s de un centenar de murales, esta galer\u00eda al aire libre refleja las reacciones art\u00edsticas posteriores a la divisi\u00f3n. Entre sus obras m\u00e1s conocidas est\u00e1 el beso entre <strong>Leonid Brezhnev<\/strong> y <strong>Erich Honecker<\/strong>.<\/p>\n\n\n\n<h3 class=\"wp-block-heading\">Recorridos y memoriales<\/h3>\n\n\n\n<p class=\"wp-block-paragraph\">A lo largo del antiguo trazado encontrar\u00e1s <strong>memoriales<\/strong> dedicados a quienes intentaron cruzar. En el <strong>Memorial del Muro de Berl\u00edn<\/strong> puedes ver una secci\u00f3n preservada y conocer historias personales vinculadas a la frontera.<\/p>\n\n\n<div class=\"gw-products-block\" style=\"--gw-nav-width:30px; --gw-nav-height:30px; --gw-chevron-w:15px; --gw-chevron-h:15px; --gw-circle-color:#0a5bd9; --gw-chevron-color:#0a5bd9;\"><div class=\"gw-products-carousel\" aria-live=\"polite\"><article class=\"gw-card\"><div class=\"gw-card__image\"><img decoding=\"async\" class=\"gw-card__photo\" src=\"https:\/\/blog.guruwalk.com\/wp-content\/uploads\/gw-products\/images\/46b5b57ff7fa17dde0998887a06b48fa.webp\" alt=\"Berl\u00edn: Visita de 2 horas sobre el Tercer Reich y la Guerra Fr\u00eda\" loading=\"lazy\" \/><\/div><div class=\"gw-card__body\"><h3 class=\"gw-card__title\">Berl\u00edn: Visita de 2 horas sobre el Tercer Reich y la Guerra Fr\u00eda<\/h3><div class=\"gw-card__footer\"><div class=\"gw-card__meta\"><div class=\"gw-rating\" aria-label=\"Valoraci\u00f3n 5.0 de 5\"><span class=\"gw-star gw-star--full\" aria-hidden=\"true\">\u2605<\/span><span class=\"gw-star gw-star--full\" aria-hidden=\"true\">\u2605<\/span><span class=\"gw-star gw-star--full\" aria-hidden=\"true\">\u2605<\/span><span class=\"gw-star gw-star--full\" aria-hidden=\"true\">\u2605<\/span><span class=\"gw-star gw-star--full\" aria-hidden=\"true\">\u2605<\/span><span class=\"gw-rating__count\">5,0 (15)<\/span><\/div><\/div><div class=\"gw-card__price\">Desde \u20ac19,00<\/div><\/div><\/div><a class=\"gw-card__link\" href=\"https:\/\/www.guruwalk.com\/es\/walks\/p8841-berlin-visita-de-2-horas-sobre-el-tercer-reich-y-la-guerra-fria-cGFub3B0ZXM\" target=\"_blank\" rel=\"noopener\" aria-label=\"Berl\u00edn: Visita de 2 horas sobre el Tercer Reich y la Guerra Fr\u00eda\"><\/a><\/article><article class=\"gw-card\"><div class=\"gw-card__image\"><img decoding=\"async\" class=\"gw-card__photo\" src=\"https:\/\/blog.guruwalk.com\/wp-content\/uploads\/gw-products\/images\/c8548649f63d33f03cc88d7432d55ebb.webp\" alt=\"Berl\u00edn: Tour a pie del Muro de Berl\u00edn y la East Side Gallery\" loading=\"lazy\" \/><div class=\"gw-flags\" aria-label=\"Idiomas disponibles\"><span class=\"gw-flag\" title=\"EN\"><img decoding=\"async\" class=\"gw-flag-img\" src=\"https:\/\/blog.guruwalk.com\/wp-content\/uploads\/gw-products\/flags\/gb.svg\" alt=\"EN\" loading=\"lazy\" width=\"22\" height=\"16\" \/><\/span><span class=\"gw-flag\" title=\"ES\"><img decoding=\"async\" class=\"gw-flag-img\" src=\"https:\/\/blog.guruwalk.com\/wp-content\/uploads\/gw-products\/flags\/es.svg\" alt=\"ES\" loading=\"lazy\" width=\"22\" height=\"16\" \/><\/span><\/div><\/div><div class=\"gw-card__body\"><h3 class=\"gw-card__title\">Berl\u00edn: Tour a pie del Muro de Berl\u00edn y la East Side Gallery<\/h3><div class=\"gw-card__footer\"><div class=\"gw-card__meta\"><div class=\"gw-rating\" aria-label=\"Valoraci\u00f3n 4.8 de 5\"><span class=\"gw-star gw-star--full\" aria-hidden=\"true\">\u2605<\/span><span class=\"gw-star gw-star--full\" aria-hidden=\"true\">\u2605<\/span><span class=\"gw-star gw-star--full\" aria-hidden=\"true\">\u2605<\/span><span class=\"gw-star gw-star--full\" aria-hidden=\"true\">\u2605<\/span><span class=\"gw-star gw-star--half\" aria-hidden=\"true\">\u2606<\/span><span class=\"gw-rating__count\">4,8 (360)<\/span><\/div><\/div><div class=\"gw-card__price\">Desde \u20ac25,00<\/div><\/div><\/div><a class=\"gw-card__link\" href=\"https:\/\/www.guruwalk.com\/es\/walks\/p153032-berlin-tour-a-pie-del-muro-de-berlin-y-la-east-side-gallery-cGFub3B0ZXM\" target=\"_blank\" rel=\"noopener\" aria-label=\"Berl\u00edn: Tour a pie del Muro de Berl\u00edn y la East Side Gallery\"><\/a><\/article><article class=\"gw-card\"><div class=\"gw-card__image\"><img decoding=\"async\" class=\"gw-card__photo\" src=\"https:\/\/blog.guruwalk.com\/wp-content\/uploads\/gw-products\/images\/cf38343d9dee93a960ff4da88ab9a4f2.webp\" alt=\"Muro de Berl\u00edn - Berl\u00edn Este y Oeste Visita Privada a Pie\" loading=\"lazy\" \/><div class=\"gw-flags\" aria-label=\"Idiomas disponibles\"><span class=\"gw-flag\" title=\"DE\"><img decoding=\"async\" class=\"gw-flag-img\" src=\"https:\/\/blog.guruwalk.com\/wp-content\/uploads\/gw-products\/flags\/de.svg\" alt=\"DE\" loading=\"lazy\" width=\"22\" height=\"16\" \/><\/span><span class=\"gw-flag\" title=\"EN\"><img decoding=\"async\" class=\"gw-flag-img\" src=\"https:\/\/blog.guruwalk.com\/wp-content\/uploads\/gw-products\/flags\/gb.svg\" alt=\"EN\" loading=\"lazy\" width=\"22\" height=\"16\" \/><\/span><span class=\"gw-flag\" title=\"ES\"><img decoding=\"async\" class=\"gw-flag-img\" src=\"https:\/\/blog.guruwalk.com\/wp-content\/uploads\/gw-products\/flags\/es.svg\" alt=\"ES\" loading=\"lazy\" width=\"22\" height=\"16\" \/><\/span><span class=\"gw-flag\" title=\"FR\"><img decoding=\"async\" class=\"gw-flag-img\" src=\"https:\/\/blog.guruwalk.com\/wp-content\/uploads\/gw-products\/flags\/fr.svg\" alt=\"FR\" loading=\"lazy\" width=\"22\" height=\"16\" \/><\/span><\/div><\/div><div class=\"gw-card__body\"><h3 class=\"gw-card__title\">Muro de Berl\u00edn &#8211; Berl\u00edn Este y Oeste Visita Privada a Pie<\/h3><div class=\"gw-card__footer\"><div class=\"gw-card__price\">Desde \u20ac15,50<\/div><\/div><\/div><a class=\"gw-card__link\" href=\"https:\/\/www.guruwalk.com\/es\/walks\/p143961-muro-de-berlin-berlin-este-y-oeste-visita-privada-a-pie-cGFub3B0ZXM\" target=\"_blank\" rel=\"noopener\" aria-label=\"Muro de Berl\u00edn - Berl\u00edn Este y Oeste Visita Privada a Pie\"><\/a><\/article><article class=\"gw-card\"><div class=\"gw-card__image\"><img decoding=\"async\" class=\"gw-card__photo\" src=\"https:\/\/blog.guruwalk.com\/wp-content\/uploads\/gw-products\/images\/679f6d228d46b13bec16407624b84e58.webp\" alt=\"Berl\u00edn: tour con paradas libres en autob\u00fas tur\u00edstico Big Bus con opci\u00f3n de paseo en barco\" loading=\"lazy\" \/><div class=\"gw-flags\" aria-label=\"Idiomas disponibles\"><span class=\"gw-flag\" title=\"DA\"><img decoding=\"async\" class=\"gw-flag-img\" src=\"https:\/\/blog.guruwalk.com\/wp-content\/uploads\/gw-products\/flags\/dk.svg\" alt=\"DA\" loading=\"lazy\" width=\"22\" height=\"16\" \/><\/span><span class=\"gw-flag\" title=\"DE\"><img decoding=\"async\" class=\"gw-flag-img\" src=\"https:\/\/blog.guruwalk.com\/wp-content\/uploads\/gw-products\/flags\/de.svg\" alt=\"DE\" loading=\"lazy\" width=\"22\" height=\"16\" \/><\/span><span class=\"gw-flag\" title=\"EN\"><img decoding=\"async\" class=\"gw-flag-img\" src=\"https:\/\/blog.guruwalk.com\/wp-content\/uploads\/gw-products\/flags\/gb.svg\" alt=\"EN\" loading=\"lazy\" width=\"22\" height=\"16\" \/><\/span><span class=\"gw-flag\" title=\"ES\"><img decoding=\"async\" class=\"gw-flag-img\" src=\"https:\/\/blog.guruwalk.com\/wp-content\/uploads\/gw-products\/flags\/es.svg\" alt=\"ES\" loading=\"lazy\" width=\"22\" height=\"16\" \/><\/span><\/div><\/div><div class=\"gw-card__body\"><h3 class=\"gw-card__title\">Berl\u00edn: tour con paradas libres en autob\u00fas tur\u00edstico Big Bus con opci\u00f3n de paseo en barco<\/h3><div class=\"gw-card__footer\"><div class=\"gw-card__meta\"><div class=\"gw-rating\" aria-label=\"Valoraci\u00f3n 4.3 de 5\"><span class=\"gw-star gw-star--full\" aria-hidden=\"true\">\u2605<\/span><span class=\"gw-star gw-star--full\" aria-hidden=\"true\">\u2605<\/span><span class=\"gw-star gw-star--full\" aria-hidden=\"true\">\u2605<\/span><span class=\"gw-star gw-star--full\" aria-hidden=\"true\">\u2605<\/span><span class=\"gw-star gw-star--empty\" aria-hidden=\"true\">\u2606<\/span><span class=\"gw-rating__count\">4,3 (5421)<\/span><\/div><\/div><div class=\"gw-card__price\">Desde \u20ac23,45<\/div><\/div><\/div><a class=\"gw-card__link\" href=\"https:\/\/www.guruwalk.com\/es\/walks\/p97756-berlin-tour-con-paradas-libres-en-autobus-turistico-big-bus-con-opcion-de-paseo-en-barco-cGFub3B0ZXM\" target=\"_blank\" rel=\"noopener\" aria-label=\"Berl\u00edn: tour con paradas libres en autob\u00fas tur\u00edstico Big Bus con opci\u00f3n de paseo en barco\"><\/a><\/article><\/div><div class=\"gw-vertical-link-container\"><a href=\"https:\/\/www.guruwalk.com\/es\/a\/berlin\/v66257-muro-guerra-fria-berlin-1\" target=\"_blank\" rel=\"noopener\" style=\"font-weight: bold;\">+ Tours del Muro de Berl\u00edn y la Guerra Fr\u00eda<\/a><\/div><\/div>\n\n\n<h2 class=\"wp-block-heading\" id=\"memorial-del-holocausto\">Memorial del Holocausto<\/h2>\n\n\n\n<figure class=\"wp-block-image size-large\"><img decoding=\"async\" width=\"684\" height=\"1024\" src=\"https:\/\/blog.guruwalk.com\/wp-content\/uploads\/2025\/04\/image-860-684x1024.webp\" alt=\"Memorial a los jud\u00edos asesinados de Europa con estelas de hormig\u00f3n\" class=\"wp-image-17849\" srcset=\"https:\/\/blog.guruwalk.com\/wp-content\/uploads\/2025\/04\/image-860-684x1024.webp 684w, https:\/\/blog.guruwalk.com\/wp-content\/uploads\/2025\/04\/image-860-200x300.webp 200w, https:\/\/blog.guruwalk.com\/wp-content\/uploads\/2025\/04\/image-860-768x1150.webp 768w, https:\/\/blog.guruwalk.com\/wp-content\/uploads\/2025\/04\/image-860-1026x1536.webp 1026w, https:\/\/blog.guruwalk.com\/wp-content\/uploads\/2025\/04\/image-860.webp 1200w\" sizes=\"(max-width: 684px) 100vw, 684px\" \/><figcaption class=\"wp-element-caption\">Estelas de hormig\u00f3n del Memorial del Holocausto en Berl\u00edn.<\/figcaption><\/figure>\n\n\n\n<p class=\"wp-block-paragraph\">El <strong>Memorial del Holocausto<\/strong> o <strong>Monumento a los Jud\u00edos de Europa Asesinados<\/strong> se inaugur\u00f3 en 2005 en el centro de Berl\u00edn. Dise\u00f1ado por <strong>Peter Eisenman<\/strong>, est\u00e1 compuesto por <strong>2.711 estelas<\/strong> de hormig\u00f3n de diferentes alturas que crean un terreno irregular.<\/p>\n\n\n\n<p class=\"wp-block-paragraph\">Debajo se encuentra un <strong>centro de informaci\u00f3n<\/strong> que aporta contexto hist\u00f3rico mediante testimonios y documentaci\u00f3n.<\/p>\n\n\n\n<blockquote class=\"wp-block-quote is-layout-flow wp-block-quote-is-layout-flow\">\n<p class=\"wp-block-paragraph\">El campo de estelas es un lugar de memoria de acceso libre. Mant\u00e9n una actitud respetuosa y comprueba la disponibilidad del Centro de Informaci\u00f3n antes de acudir.<\/p>\n<\/blockquote>\n\n\n\n<h2 class=\"wp-block-heading\" id=\"alexanderplatz\">Alexanderplatz<\/h2>\n\n\n\n<figure class=\"wp-block-image size-large\"><img decoding=\"async\" width=\"1200\" height=\"800\" src=\"https:\/\/blog.guruwalk.com\/wp-content\/uploads\/2026\/08\/berlin-alexanderplatz-reloj-mundial-torre-tv.webp\" alt=\"Reloj Mundial de Alexanderplatz con la Torre de la Televisi\u00f3n de Berl\u00edn al fondo\" class=\"wp-image-48071\" srcset=\"https:\/\/blog.guruwalk.com\/wp-content\/uploads\/2026\/08\/berlin-alexanderplatz-reloj-mundial-torre-tv.webp 1200w, https:\/\/blog.guruwalk.com\/wp-content\/uploads\/2026\/08\/berlin-alexanderplatz-reloj-mundial-torre-tv-300x200.webp 300w, https:\/\/blog.guruwalk.com\/wp-content\/uploads\/2026\/08\/berlin-alexanderplatz-reloj-mundial-torre-tv-1024x683.webp 1024w, https:\/\/blog.guruwalk.com\/wp-content\/uploads\/2026\/08\/berlin-alexanderplatz-reloj-mundial-torre-tv-768x512.webp 768w\" sizes=\"(max-width: 1200px) 100vw, 1200px\" \/><figcaption class=\"wp-element-caption\">Reloj Mundial de Alexanderplatz y Torre de la Televisi\u00f3n de Berl\u00edn.<\/figcaption><\/figure>\n\n\n\n<p class=\"wp-block-paragraph\">Situada en el centro de Berl\u00edn, <strong>Alexanderplatz<\/strong> combina funciones comerciales, residenciales y de transporte. El espacio funciona como punto de encuentro desde el <strong>siglo XIX<\/strong>.<\/p>\n\n\n\n<p class=\"wp-block-paragraph\">Uno de sus elementos m\u00e1s reconocibles es la <strong>Torre de Televisi\u00f3n<\/strong> (Fernsehturm), que se eleva a 368 metros y cuenta con un restaurante giratorio con vistas a la ciudad.<\/p>\n\n\n\n<p class=\"wp-block-paragraph\">Alexanderplatz tambi\u00e9n concentra tiendas y restaurantes. <strong>GALERIA<\/strong> y el centro comercial <strong>ALEXA<\/strong> forman parte de la oferta de la zona, aunque las obras o los accesos de los establecimientos pueden cambiar.<\/p>\n\n\n<div class=\"gw-products-block\" style=\"--gw-nav-width:30px; --gw-nav-height:30px; --gw-chevron-w:15px; --gw-chevron-h:15px; --gw-circle-color:#0a5bd9; --gw-chevron-color:#0a5bd9;\"><div class=\"gw-products-carousel\" aria-live=\"polite\"><article class=\"gw-card\"><div class=\"gw-card__image\"><img decoding=\"async\" class=\"gw-card__photo\" src=\"https:\/\/blog.guruwalk.com\/wp-content\/uploads\/gw-products\/images\/c9856bad811ae96bbb4209c40e91ae93.webp\" alt=\"Torre de TV de Berl\u00edn: Entrada + Reserva de mesa\" loading=\"lazy\" \/><\/div><div class=\"gw-card__body\"><h3 class=\"gw-card__title\">Torre de TV de Berl\u00edn: Entrada + Reserva de mesa<\/h3><div class=\"gw-card__footer\"><div class=\"gw-card__meta\"><div class=\"gw-rating\" aria-label=\"Valoraci\u00f3n 4.6 de 5\"><span class=\"gw-star gw-star--full\" aria-hidden=\"true\">\u2605<\/span><span class=\"gw-star gw-star--full\" aria-hidden=\"true\">\u2605<\/span><span class=\"gw-star gw-star--full\" aria-hidden=\"true\">\u2605<\/span><span class=\"gw-star gw-star--full\" aria-hidden=\"true\">\u2605<\/span><span class=\"gw-star gw-star--half\" aria-hidden=\"true\">\u2606<\/span><span class=\"gw-rating__count\">4,6 (779)<\/span><\/div><\/div><div class=\"gw-card__price\">Desde \u20ac24,00<\/div><\/div><\/div><a class=\"gw-card__link\" href=\"https:\/\/www.guruwalk.com\/es\/walks\/p8933-torre-de-tv-de-berlin-entrada-reserva-de-mesa\" target=\"_blank\" rel=\"noopener\" aria-label=\"Torre de TV de Berl\u00edn: Entrada + Reserva de mesa\"><\/a><\/article><article class=\"gw-card\"><div class=\"gw-card__image\"><img decoding=\"async\" class=\"gw-card__photo\" src=\"https:\/\/blog.guruwalk.com\/wp-content\/uploads\/gw-products\/images\/86caa3f6315c2432b120a11afd0664e1.webp\" alt=\"Berl\u00edn: Billete para Globo Mundial con Vista Perfecta\" loading=\"lazy\" \/><\/div><div class=\"gw-card__body\"><h3 class=\"gw-card__title\">Berl\u00edn: Billete para Globo Mundial con Vista Perfecta<\/h3><div class=\"gw-card__footer\"><div class=\"gw-card__price\">Desde \u20ac32,00<\/div><\/div><\/div><a class=\"gw-card__link\" href=\"https:\/\/www.guruwalk.com\/es\/walks\/p166027-berlin-billete-para-globo-mundial-con-vista-perfecta\" target=\"_blank\" rel=\"noopener\" aria-label=\"Berl\u00edn: Billete para Globo Mundial con Vista Perfecta\"><\/a><\/article><article class=\"gw-card\"><div class=\"gw-card__image\"><img decoding=\"async\" class=\"gw-card__photo\" src=\"https:\/\/blog.guruwalk.com\/wp-content\/uploads\/gw-products\/images\/d0eb6fb191b506eb5e0fb5467427008c.webp\" alt=\"Sky Walk: 120 metros sobre Berl\u00edn\" loading=\"lazy\" \/><\/div><div class=\"gw-card__body\"><h3 class=\"gw-card__title\">Sky Walk: 120 metros sobre Berl\u00edn<\/h3><div class=\"gw-card__footer\"><div class=\"gw-card__meta\"><div class=\"gw-rating\" aria-label=\"Valoraci\u00f3n 4.2 de 5\"><span class=\"gw-star gw-star--full\" aria-hidden=\"true\">\u2605<\/span><span class=\"gw-star gw-star--full\" aria-hidden=\"true\">\u2605<\/span><span class=\"gw-star gw-star--full\" aria-hidden=\"true\">\u2605<\/span><span class=\"gw-star gw-star--full\" aria-hidden=\"true\">\u2605<\/span><span class=\"gw-star gw-star--empty\" aria-hidden=\"true\">\u2606<\/span><span class=\"gw-rating__count\">4,2 (80)<\/span><\/div><\/div><div class=\"gw-card__price\">Desde \u20ac14,90<\/div><\/div><\/div><a class=\"gw-card__link\" href=\"https:\/\/www.guruwalk.com\/es\/walks\/p91609-sky-walk-120-metros-sobre-berlin\" target=\"_blank\" rel=\"noopener\" aria-label=\"Sky Walk: 120 metros sobre Berl\u00edn\"><\/a><\/article><article class=\"gw-card\"><div class=\"gw-card__image\"><img decoding=\"async\" class=\"gw-card__photo\" src=\"https:\/\/blog.guruwalk.com\/wp-content\/uploads\/gw-products\/images\/4470e84a32817c100b1bb2cbb101ebc0.webp\" alt=\"Entrada a la Torre de la Televisi\u00f3n de Alexanderplatz\" loading=\"lazy\" \/><\/div><div class=\"gw-card__body\"><h3 class=\"gw-card__title\">Entrada a la Torre de la Televisi\u00f3n de Alexanderplatz<\/h3><div class=\"gw-card__footer\"><div class=\"gw-card__meta\"><div class=\"gw-rating\" aria-label=\"Valoraci\u00f3n 4.1 de 5\"><span class=\"gw-star gw-star--full\" aria-hidden=\"true\">\u2605<\/span><span class=\"gw-star gw-star--full\" aria-hidden=\"true\">\u2605<\/span><span class=\"gw-star gw-star--full\" aria-hidden=\"true\">\u2605<\/span><span class=\"gw-star gw-star--full\" aria-hidden=\"true\">\u2605<\/span><span class=\"gw-star gw-star--empty\" aria-hidden=\"true\">\u2606<\/span><span class=\"gw-rating__count\">4,1 (637)<\/span><\/div><\/div><div class=\"gw-card__price\">Desde \u20ac20,00<\/div><\/div><\/div><a class=\"gw-card__link\" href=\"https:\/\/www.guruwalk.com\/es\/walks\/p65886-entrada-a-la-torre-de-la-television-de-alexanderplatz\" target=\"_blank\" rel=\"noopener\" aria-label=\"Entrada a la Torre de la Televisi\u00f3n de Alexanderplatz\"><\/a><\/article><\/div><div class=\"gw-vertical-link-container\"><a href=\"https:\/\/www.guruwalk.com\/es\/a\/berlin\/v66260-torre-tv-miradores-berlin\" target=\"_blank\" rel=\"noopener\" style=\"font-weight: bold;\">+ Torre de TV y miradores<\/a><\/div><\/div>\n\n\n<h2 class=\"wp-block-heading\" id=\"catedral-de-berlin\">Catedral de Berl\u00edn<\/h2>\n\n\n\n<figure class=\"wp-block-image size-large\"><img decoding=\"async\" width=\"1024\" height=\"766\" src=\"https:\/\/blog.guruwalk.com\/wp-content\/uploads\/2025\/04\/image-862-1024x766.webp\" alt=\"Catedral de Berl\u00edn (Berliner Dom) con gran c\u00fapula verde junto al r\u00edo Spree\" class=\"wp-image-17865\" srcset=\"https:\/\/blog.guruwalk.com\/wp-content\/uploads\/2025\/04\/image-862-1024x766.webp 1024w, https:\/\/blog.guruwalk.com\/wp-content\/uploads\/2025\/04\/image-862-300x225.webp 300w, https:\/\/blog.guruwalk.com\/wp-content\/uploads\/2025\/04\/image-862-768x575.webp 768w, https:\/\/blog.guruwalk.com\/wp-content\/uploads\/2025\/04\/image-862.webp 1200w\" sizes=\"(max-width: 1024px) 100vw, 1024px\" \/><figcaption class=\"wp-element-caption\">Catedral de Berl\u00edn y su c\u00fapula verde junto al r\u00edo Spree.<\/figcaption><\/figure>\n\n\n\n<p class=\"wp-block-paragraph\">La <strong>Catedral de Berl\u00edn<\/strong> (Berliner Dom) se encuentra junto a la Isla de los Museos. Construida entre 1894 y 1905, su c\u00fapula alcanza los 98 metros de altura y combina elementos renacentistas y barrocos.<\/p>\n\n\n\n<p class=\"wp-block-paragraph\">En el interior destaca el <strong>\u00f3rgano<\/strong> de <strong>Wilhelm Sauer<\/strong>, con <strong>7.269<\/strong> tubos, utilizado en conciertos y ceremonias.<\/p>\n\n\n\n<p class=\"wp-block-paragraph\">La subida a la <strong>c\u00fapula<\/strong> permite contemplar el centro de Berl\u00edn. Frente a la catedral se extiende el <strong>Lustgarten<\/strong>, un jard\u00edn p\u00fablico que conecta el templo con el Altes Museum.<\/p>\n\n\n\n<blockquote class=\"wp-block-quote is-layout-flow wp-block-quote-is-layout-flow\">\n<p class=\"wp-block-paragraph\">La entrada y las condiciones de acceso pueden cambiar. Consulta disponibilidad y m\u00e9todos de pago antes de la visita.<\/p>\n<\/blockquote>\n\n\n\n<h2 class=\"wp-block-heading\" id=\"potsdamer-platz\">Potsdamer Platz<\/h2>\n\n\n\n<figure class=\"wp-block-image size-large\"><img decoding=\"async\" width=\"683\" height=\"1024\" src=\"https:\/\/blog.guruwalk.com\/wp-content\/uploads\/2025\/04\/image-864-683x1024.webp\" alt=\"Potsdamer Platz, Berl\u00edn, con edificios contempor\u00e1neos y peatones\" class=\"wp-image-17881\" srcset=\"https:\/\/blog.guruwalk.com\/wp-content\/uploads\/2025\/04\/image-864-683x1024.webp 683w, https:\/\/blog.guruwalk.com\/wp-content\/uploads\/2025\/04\/image-864-200x300.webp 200w, https:\/\/blog.guruwalk.com\/wp-content\/uploads\/2025\/04\/image-864-768x1152.webp 768w, https:\/\/blog.guruwalk.com\/wp-content\/uploads\/2025\/04\/image-864-1024x1536.webp 1024w, https:\/\/blog.guruwalk.com\/wp-content\/uploads\/2025\/04\/image-864.webp 1200w\" sizes=\"(max-width: 683px) 100vw, 683px\" \/><figcaption class=\"wp-element-caption\">Edificios contempor\u00e1neos y peatones en Potsdamer Platz, Berl\u00edn.<\/figcaption><\/figure>\n\n\n\n<p class=\"wp-block-paragraph\">Potsdamer Platz refleja la <strong>transformaci\u00f3n urbana<\/strong> de Berl\u00edn. Tras la reunificaci\u00f3n, la zona se renov\u00f3 por completo y hoy combina arquitectura contempor\u00e1nea y espacios culturales.<\/p>\n\n\n\n<p class=\"wp-block-paragraph\">Destaca <strong>The Center Potsdamer Platz<\/strong>, antes Sony Center, con su cubierta tensada y su oferta de ocio. A pocos pasos, el centro comercial <strong>The Playce<\/strong>, que ocup\u00f3 el espacio de las antiguas Arkaden, concentra tiendas y restaurantes.<\/p>\n\n\n\n<p class=\"wp-block-paragraph\">La cercan\u00eda del <strong>Tiergarten<\/strong> permite combinar la visita con un paseo por uno de los principales parques de la ciudad.<\/p>\n\n\n\n<h2 class=\"wp-block-heading\" id=\"palacio-de-charlottenburg\">Palacio de Charlottenburg<\/h2>\n\n\n\n<figure class=\"wp-block-image size-large\"><img decoding=\"async\" width=\"1200\" height=\"801\" src=\"https:\/\/blog.guruwalk.com\/wp-content\/uploads\/2026\/08\/berlin-palacio-de-charlottenburg-jardines.webp\" alt=\"Fachada ajardinada del Palacio de Charlottenburg con su c\u00fapula verde y la estatua dorada\" class=\"wp-image-48068\" srcset=\"https:\/\/blog.guruwalk.com\/wp-content\/uploads\/2026\/08\/berlin-palacio-de-charlottenburg-jardines.webp 1200w, https:\/\/blog.guruwalk.com\/wp-content\/uploads\/2026\/08\/berlin-palacio-de-charlottenburg-jardines-300x200.webp 300w, https:\/\/blog.guruwalk.com\/wp-content\/uploads\/2026\/08\/berlin-palacio-de-charlottenburg-jardines-1024x684.webp 1024w, https:\/\/blog.guruwalk.com\/wp-content\/uploads\/2026\/08\/berlin-palacio-de-charlottenburg-jardines-768x513.webp 768w\" sizes=\"(max-width: 1200px) 100vw, 1200px\" \/><figcaption class=\"wp-element-caption\">Fachada del Palacio de Charlottenburg vista desde sus jardines.<\/figcaption><\/figure>\n\n\n\n<p class=\"wp-block-paragraph\">El <strong>Palacio de Charlottenburg<\/strong>, construido a finales del siglo XVII como residencia de verano de Sof\u00eda Charlotte, conserva una fachada barroca y extensos jardines.<\/p>\n\n\n\n<p class=\"wp-block-paragraph\">En el interior sobresalen salones con mobiliario de \u00e9poca y la <strong>Sala de los Espejos<\/strong>. Los <strong>jardines<\/strong>, de inspiraci\u00f3n francesa, permiten recorrer el exterior del conjunto.<\/p>\n\n\n\n<h3 class=\"wp-block-heading\">Exposiciones y museos<\/h3>\n\n\n\n<p class=\"wp-block-paragraph\">Las colecciones del conjunto re\u00fanen pintura, cer\u00e1mica y artes decorativas prusianas. Tambi\u00e9n pueden organizarse exposiciones temporales.<\/p>\n\n\n\n<h3 class=\"wp-block-heading\">Eventos y actividades<\/h3>\n\n\n\n<p class=\"wp-block-paragraph\">El conjunto acoge conciertos y actividades culturales en diferentes momentos del a\u00f1o. Consulta disponibilidad antes de planificar una fecha concreta.<\/p>\n\n\n\n<blockquote class=\"wp-block-quote is-layout-flow wp-block-quote-is-layout-flow\">\n<p class=\"wp-block-paragraph\">Los edificios del conjunto pueden requerir entradas o franjas horarias diferentes. Consulta disponibilidad y selecciona los espacios que quieras visitar antes de desplazarte.<\/p>\n<\/blockquote>\n\n\n<div class=\"gw-products-block\" style=\"--gw-nav-width:30px; --gw-nav-height:30px; --gw-chevron-w:15px; --gw-chevron-h:15px; --gw-circle-color:#0a5bd9; --gw-chevron-color:#0a5bd9;\"><div class=\"gw-products-carousel\" aria-live=\"polite\"><article class=\"gw-card\"><div class=\"gw-card__image\"><img decoding=\"async\" class=\"gw-card__photo\" src=\"https:\/\/blog.guruwalk.com\/wp-content\/uploads\/gw-products\/images\/894d249f0e573fcb525213a76a232aea.webp\" alt=\"Berl\u00edn: Ticket de entrada al Palacio de Charlottenburg\" loading=\"lazy\" \/><\/div><div class=\"gw-card__body\"><h3 class=\"gw-card__title\">Berl\u00edn: Ticket de entrada al Palacio de Charlottenburg<\/h3><div class=\"gw-card__footer\"><div class=\"gw-card__meta\"><div class=\"gw-rating\" aria-label=\"Valoraci\u00f3n 4.5 de 5\"><span class=\"gw-star gw-star--full\" aria-hidden=\"true\">\u2605<\/span><span class=\"gw-star gw-star--full\" aria-hidden=\"true\">\u2605<\/span><span class=\"gw-star gw-star--full\" aria-hidden=\"true\">\u2605<\/span><span class=\"gw-star gw-star--full\" aria-hidden=\"true\">\u2605<\/span><span class=\"gw-star gw-star--half\" aria-hidden=\"true\">\u2606<\/span><span class=\"gw-rating__count\">4,5 (2661)<\/span><\/div><\/div><div class=\"gw-card__price\">Desde \u20ac19,00<\/div><\/div><\/div><a class=\"gw-card__link\" href=\"https:\/\/www.guruwalk.com\/es\/walks\/p147055-berlin-ticket-de-entrada-al-palacio-de-charlottenburg\" target=\"_blank\" rel=\"noopener\" aria-label=\"Berl\u00edn: Ticket de entrada al Palacio de Charlottenburg\"><\/a><\/article><article class=\"gw-card\"><div class=\"gw-card__image\"><img decoding=\"async\" class=\"gw-card__photo\" src=\"https:\/\/blog.guruwalk.com\/wp-content\/uploads\/gw-products\/images\/b8c9cefd4c93fdb5ff216e1d2221abdc.webp\" alt=\"Berl\u00edn: Entrada al Palacio de K\u00f6penick\" loading=\"lazy\" \/><\/div><div class=\"gw-card__body\"><h3 class=\"gw-card__title\">Berl\u00edn: Entrada al Palacio de K\u00f6penick<\/h3><div class=\"gw-card__footer\"><div class=\"gw-card__meta\"><div class=\"gw-rating\" aria-label=\"Valoraci\u00f3n 4.5 de 5\"><span class=\"gw-star gw-star--full\" aria-hidden=\"true\">\u2605<\/span><span class=\"gw-star gw-star--full\" aria-hidden=\"true\">\u2605<\/span><span class=\"gw-star gw-star--full\" aria-hidden=\"true\">\u2605<\/span><span class=\"gw-star gw-star--full\" aria-hidden=\"true\">\u2605<\/span><span class=\"gw-star gw-star--half\" aria-hidden=\"true\">\u2606<\/span><span class=\"gw-rating__count\">4,5 (18)<\/span><\/div><\/div><div class=\"gw-card__price\">Desde \u20ac8,00<\/div><\/div><\/div><a class=\"gw-card__link\" href=\"https:\/\/www.guruwalk.com\/es\/walks\/p139315-berlin-entrada-al-palacio-de-kopenick\" target=\"_blank\" rel=\"noopener\" aria-label=\"Berl\u00edn: Entrada al Palacio de K\u00f6penick\"><\/a><\/article><article class=\"gw-card\"><div class=\"gw-card__image\"><img decoding=\"async\" class=\"gw-card__photo\" src=\"https:\/\/blog.guruwalk.com\/wp-content\/uploads\/gw-products\/images\/42b8891d279e9448880a2a6940d09b8f.webp\" alt=\"Berl\u00edn: pack de entrada al Palacio de Charlottenburg y tour digital\" loading=\"lazy\" \/><div class=\"gw-flags\" aria-label=\"Idiomas disponibles\"><span class=\"gw-flag\" title=\"DE\"><img decoding=\"async\" class=\"gw-flag-img\" src=\"https:\/\/blog.guruwalk.com\/wp-content\/uploads\/gw-products\/flags\/de.svg\" alt=\"DE\" loading=\"lazy\" width=\"22\" height=\"16\" \/><\/span><span class=\"gw-flag\" title=\"EN\"><img decoding=\"async\" class=\"gw-flag-img\" src=\"https:\/\/blog.guruwalk.com\/wp-content\/uploads\/gw-products\/flags\/gb.svg\" alt=\"EN\" loading=\"lazy\" width=\"22\" height=\"16\" \/><\/span><span class=\"gw-flag\" title=\"ES\"><img decoding=\"async\" class=\"gw-flag-img\" src=\"https:\/\/blog.guruwalk.com\/wp-content\/uploads\/gw-products\/flags\/es.svg\" alt=\"ES\" loading=\"lazy\" width=\"22\" height=\"16\" \/><\/span><span class=\"gw-flag\" title=\"FR\"><img decoding=\"async\" class=\"gw-flag-img\" src=\"https:\/\/blog.guruwalk.com\/wp-content\/uploads\/gw-products\/flags\/fr.svg\" alt=\"FR\" loading=\"lazy\" width=\"22\" height=\"16\" \/><\/span><\/div><\/div><div class=\"gw-card__body\"><h3 class=\"gw-card__title\">Berl\u00edn: pack de entrada al Palacio de Charlottenburg y tour digital<\/h3><div class=\"gw-card__footer\"><div class=\"gw-card__price\">Desde \u20ac41,00<\/div><\/div><\/div><a class=\"gw-card__link\" href=\"https:\/\/www.guruwalk.com\/es\/walks\/p126001-berlin-pack-de-entrada-al-palacio-de-charlottenburg-y-tour-digital\" target=\"_blank\" rel=\"noopener\" aria-label=\"Berl\u00edn: pack de entrada al Palacio de Charlottenburg y tour digital\"><\/a><\/article><article class=\"gw-card\"><div class=\"gw-card__image\"><img decoding=\"async\" class=\"gw-card__photo\" src=\"https:\/\/blog.guruwalk.com\/wp-content\/uploads\/gw-products\/images\/5f6dee085865301350754cab68462ab4.webp\" alt=\"Entradas al Palacio de Charlottenburg con audiogu\u00eda\" loading=\"lazy\" \/><div class=\"gw-flags\" aria-label=\"Idiomas disponibles\"><span class=\"gw-flag\" title=\"ES\"><img decoding=\"async\" class=\"gw-flag-img\" src=\"https:\/\/blog.guruwalk.com\/wp-content\/uploads\/gw-products\/flags\/es.svg\" alt=\"ES\" loading=\"lazy\" width=\"22\" height=\"16\" \/><\/span><\/div><\/div><div class=\"gw-card__body\"><h3 class=\"gw-card__title\">Entradas al Palacio de Charlottenburg con audiogu\u00eda<\/h3><div class=\"gw-card__footer\"><div class=\"gw-card__price\">Desde \u20ac45,00<\/div><\/div><\/div><a class=\"gw-card__link\" href=\"https:\/\/www.guruwalk.com\/es\/walks\/p65897-entradas-al-palacio-de-charlottenburg-con-audioguia\" target=\"_blank\" rel=\"noopener\" aria-label=\"Entradas al Palacio de Charlottenburg con audiogu\u00eda\"><\/a><\/article><\/div><div class=\"gw-vertical-link-container\"><a href=\"https:\/\/www.guruwalk.com\/es\/a\/berlin\/v66261-charlottenburg-palacios-berlin\" target=\"_blank\" rel=\"noopener\" style=\"font-weight: bold;\">+ Palacio de Charlottenburg y palacios<\/a><\/div><\/div>\n\n\n<h2 class=\"wp-block-heading\" id=\"preguntas-frecuentes\">Preguntas frecuentes sobre qu\u00e9 ver en Berl\u00edn<\/h2>\n\n\n\n<h3 class=\"wp-block-heading\">\u00bfQu\u00e9 se puede ver en Berl\u00edn en un d\u00eda?<\/h3>\n\n\n\n<p class=\"wp-block-paragraph\">Una ruta de un d\u00eda puede enlazar la Puerta de Brandeburgo, el Reichstag, el Memorial del Holocausto y la Isla de los Museos durante la ma\u00f1ana. Por la tarde, Alexanderplatz, la East Side Gallery y Potsdamer Platz ofrecen una visi\u00f3n de la transformaci\u00f3n urbana de Berl\u00edn.<\/p>\n\n\n\n<h3 class=\"wp-block-heading\">\u00bfC\u00f3mo se reserva la visita a la c\u00fapula del Reichstag?<\/h3>\n\n\n\n<p class=\"wp-block-paragraph\">El registro se realiza mediante los canales oficiales del Bundestag y requiere identificar a los visitantes. Revisa las condiciones vigentes y lleva el documento de identidad indicado en la reserva.<\/p>\n\n\n\n<h3 class=\"wp-block-heading\">\u00bfEst\u00e1 abierto el Museo de P\u00e9rgamo?<\/h3>\n\n\n\n<p class=\"wp-block-paragraph\">El Museo de P\u00e9rgamo permanece cerrado por obras. Pergamonmuseum. Das Panorama puede servir como alternativa, pero su disponibilidad debe comprobarse en la web oficial de los Museos Estatales de Berl\u00edn.<\/p>\n\n\n\n<h3 class=\"wp-block-heading\">\u00bfCu\u00e1nto se suele aportar en un free tour en Berl\u00edn?<\/h3>\n\n\n\n<p class=\"wp-block-paragraph\">Como referencia, la aportaci\u00f3n suele situarse entre 10 y 20 \u20ac por persona, seg\u00fan la duraci\u00f3n y la calidad del recorrido. Puede llegar hasta 50 \u20ac cuando la experiencia lo justifica.<\/p>\n\n\n\n<script type=\"application\/ld+json\">\n{\"@context\":\"https:\/\/schema.org\",\"@type\":\"FAQPage\",\"mainEntity\":[{\"@type\":\"Question\",\"name\":\"\u00bfQu\u00e9 se puede ver en Berl\u00edn en un d\u00eda?\",\"acceptedAnswer\":{\"@type\":\"Answer\",\"text\":\"Una ruta de un d\u00eda puede enlazar la Puerta de Brandeburgo, el Reichstag, el Memorial del Holocausto y la Isla de los Museos durante la ma\u00f1ana. Por la tarde, Alexanderplatz, la East Side Gallery y Potsdamer Platz ofrecen una visi\u00f3n de la transformaci\u00f3n urbana de Berl\u00edn.\"}},{\"@type\":\"Question\",\"name\":\"\u00bfC\u00f3mo se reserva la visita a la c\u00fapula del Reichstag?\",\"acceptedAnswer\":{\"@type\":\"Answer\",\"text\":\"El registro se realiza mediante los canales oficiales del Bundestag y requiere identificar a los visitantes. Revisa las condiciones vigentes y lleva el documento de identidad indicado en la reserva.\"}},{\"@type\":\"Question\",\"name\":\"\u00bfEst\u00e1 abierto el Museo de P\u00e9rgamo?\",\"acceptedAnswer\":{\"@type\":\"Answer\",\"text\":\"El Museo de P\u00e9rgamo permanece cerrado por obras. Pergamonmuseum. Das Panorama puede servir como alternativa, pero su disponibilidad debe comprobarse en la web oficial de los Museos Estatales de Berl\u00edn.\"}},{\"@type\":\"Question\",\"name\":\"\u00bfCu\u00e1nto se suele aportar en un free tour en Berl\u00edn?\",\"acceptedAnswer\":{\"@type\":\"Answer\",\"text\":\"Como referencia, la aportaci\u00f3n suele situarse entre 10 y 20 euros por persona, seg\u00fan la duraci\u00f3n y la calidad del recorrido. Puede llegar hasta 50 euros cuando la experiencia lo justifica.\"}}]}\n<\/script>\n\n\n\n<h2 class=\"wp-block-heading\" id=\"planifica-tu-visita-a-berlin\">Planifica tu visita a Berl\u00edn<\/h2>\n\n\n\n<p class=\"wp-block-paragraph\">Agrupa las visitas por zonas: Mitte re\u00fane la Puerta de Brandeburgo, el Reichstag, el Memorial del Holocausto y la Isla de los Museos; Friedrichshain permite dedicar m\u00e1s tiempo a la East Side Gallery, mientras que Charlottenburg requiere un desplazamiento espec\u00edfico. Para completar el itinerario con entradas, excursiones y visitas guiadas, consulta las <a href=\"https:\/\/www.guruwalk.com\/es\/a\/berlin\" target=\"_blank\" rel=\"noopener\">actividades en Berl\u00edn<\/a>.<\/p>\n","protected":false},"excerpt":{"rendered":"<p>Gu\u00eda de Berl\u00edn con una ruta por la Puerta de Brandeburgo, Reichstag, Isla de los Museos, Muro, Alexanderplatz y otros lugares hist\u00f3ricos.<\/p>\n","protected":false},"author":2,"featured_media":45789,"comment_status":"closed","ping_status":"open","sticky":false,"template":"","format":"standard","meta":{"footnotes":""},"categories":[263,262,82],"tags":[460,359,376,362],"class_list":["post-17808","post","type-post","status-publish","format-standard","has-post-thumbnail","hentry","category-berlin-es","category-alemania","category-europa","tag-guias-2","tag-que-ver","tag-tier-fijo","tag-tier-1","generate-columns","tablet-grid-50","mobile-grid-100","grid-parent","grid-33"],"_links":{"self":[{"href":"https:\/\/blog.guruwalk.com\/es\/wp-json\/wp\/v2\/posts\/17808","targetHints":{"allow":["GET"]}}],"collection":[{"href":"https:\/\/blog.guruwalk.com\/es\/wp-json\/wp\/v2\/posts"}],"about":[{"href":"https:\/\/blog.guruwalk.com\/es\/wp-json\/wp\/v2\/types\/post"}],"author":[{"embeddable":true,"href":"https:\/\/blog.guruwalk.com\/es\/wp-json\/wp\/v2\/users\/2"}],"replies":[{"embeddable":true,"href":"https:\/\/blog.guruwalk.com\/es\/wp-json\/wp\/v2\/comments?post=17808"}],"version-history":[{"count":10,"href":"https:\/\/blog.guruwalk.com\/es\/wp-json\/wp\/v2\/posts\/17808\/revisions"}],"predecessor-version":[{"id":48075,"href":"https:\/\/blog.guruwalk.com\/es\/wp-json\/wp\/v2\/posts\/17808\/revisions\/48075"}],"wp:featuredmedia":[{"embeddable":true,"href":"https:\/\/blog.guruwalk.com\/es\/wp-json\/wp\/v2\/media\/45789"}],"wp:attachment":[{"href":"https:\/\/blog.guruwalk.com\/es\/wp-json\/wp\/v2\/media?parent=17808"}],"wp:term":[{"taxonomy":"category","embeddable":true,"href":"https:\/\/blog.guruwalk.com\/es\/wp-json\/wp\/v2\/categories?post=17808"},{"taxonomy":"post_tag","embeddable":true,"href":"https:\/\/blog.guruwalk.com\/es\/wp-json\/wp\/v2\/tags?post=17808"}],"curies":[{"name":"wp","href":"https:\/\/api.w.org\/{rel}","templated":true}]}}