{"id":19617,"date":"2025-04-15T11:03:50","date_gmt":"2025-04-15T10:03:50","guid":{"rendered":"https:\/\/blog.guruwalk.com\/?p=19617"},"modified":"2026-08-27T13:13:07","modified_gmt":"2026-08-27T12:13:07","slug":"cine-albeniz","status":"publish","type":"post","link":"https:\/\/blog.guruwalk.com\/es\/cine-albeniz\/","title":{"rendered":"Cine Alb\u00e9niz, M\u00e1laga"},"content":{"rendered":"\n<h2 class=\"wp-block-heading\" id=\"donde-esta\">\u00bfD\u00f3nde est\u00e1?<\/h2>\n\n\n\n<p class=\"wp-block-paragraph\">Calle Alcazabilla, 4, 29015 M\u00e1laga, Espa\u00f1a.<\/p>\n\n\n\n<p class=\"wp-block-paragraph\">El Cine Alb\u00e9niz, ubicado en el centro hist\u00f3rico de M\u00e1laga, es un referente en la escena cinematogr\u00e1fica de la ciudad. Con una programaci\u00f3n que incluye desde estrenos comerciales hasta cine independiente y festivales, este cine es un punto de encuentro para los amantes del s\u00e9ptimo arte.<\/p>\n\n\n\n<p class=\"wp-block-paragraph\">Tambi\u00e9n es una de las sedes principales del\u00a0<a href=\"https:\/\/festivaldemalaga.com\/\" target=\"_blank\" rel=\"noreferrer noopener nofollow\">Festival de M\u00e1laga<\/a> que, ubicado en el centro de la ciudad, ofrece un espacio ideal para la proyecci\u00f3n de pel\u00edculas y la realizaci\u00f3n de eventos relacionados con el festival.<\/p>\n\n\n\n<p class=\"wp-block-paragraph\">El premio que se entrega en el festival de cine es la biznaga de oro para la pel\u00edcula ganadora. La biznaga es uno de los s\u00edmbolos de la ciudad y tambi\u00e9n es una flor. Lo curioso es que se fabrica de forma manual, est\u00e1 hecha a base de jazmines que se injertan uno a uno en un tallo llamado nerdo y el jazm\u00edn se va abriendo. Es t\u00edpico ver a los biznagueros en el centro de M\u00e1laga durante los meses m\u00e1s calurosos con su atuendo de pantal\u00f3n negro faj\u00edn rojo y camisa blanca y la biznaga aparte de su incre\u00edble aroma es muy buen repelente de mosquitos.<\/p>\n\n\n\n<p class=\"wp-block-paragraph\">Para no perderte nada en tu visita, no olvides reservar uno de nuestros&nbsp;<a href=\"https:\/\/www.guruwalk.com\/es\/malaga\" target=\"_blank\" rel=\"noopener\">free tours en M\u00e1laga<\/a>.<\/p>\n\n\n\n<h2 class=\"wp-block-heading\" id=\"saber-mas\">Saber m\u00e1s<\/h2>\n\n\n\n<p class=\"wp-block-paragraph\">Inaugurado en los a\u00f1os 40, el Cine Alb\u00e9niz ha sido un testigo clave de la evoluci\u00f3n cinematogr\u00e1fica en M\u00e1laga. Con el paso de los a\u00f1os, se ha adaptado a los cambios tecnol\u00f3gicos y de gustos del p\u00fablico, manteniendo su esencia y compromiso con la cultura cinematogr\u00e1fica. Es sede habitual del Festival de Cine de M\u00e1laga.<\/p>\n\n\n\n<h2 class=\"wp-block-heading\" id=\"en-que-debes-fijarte\">En qu\u00e9 debes fijarte<\/h2>\n\n\n\n<p class=\"wp-block-paragraph\"><strong>Arquitectura Art Deco<\/strong>: El cine conserva elementos de su dise\u00f1o original Art Deco.<\/p>\n\n\n\n<p class=\"wp-block-paragraph\"><strong>Festival de Cine de M\u00e1laga<\/strong>: Un evento anual que atrae a cineastas y actores.<\/p>\n\n\n\n<p class=\"wp-block-paragraph\"><strong>Programaci\u00f3n Diversa<\/strong>: Desde cine de autor hasta grandes estrenos.<\/p>\n\n\n\n<p class=\"wp-block-paragraph\"><strong>Ambiente Cin\u00e9filo<\/strong>: El cine es un punto de encuentro para los amantes del cine.<\/p>\n\n\n\n<h2 class=\"wp-block-heading\" id=\"como-llegar\">C\u00f3mo llegar<\/h2>\n\n\n\n<p class=\"wp-block-paragraph\"><strong>Andando<\/strong>: A unos 600 metros desde la Catedral de M\u00e1laga.<\/p>\n\n\n\n<p class=\"wp-block-paragraph\"><strong>En Autob\u00fas<\/strong>: Varias l\u00edneas de autob\u00fas tienen paradas cerca, facilitando el acceso desde diferentes partes de M\u00e1laga.<\/p>\n\n\n\n<p class=\"wp-block-paragraph\"><strong>En Tren<\/strong>: La estaci\u00f3n de tren de M\u00e1laga-Centro Alameda est\u00e1 a poca distancia a pie.\/im<\/p>\n\n\n\n<figure class=\"gb-block-image gb-block-image-0933944d\"><img decoding=\"async\" width=\"343\" height=\"226\" class=\"gb-image gb-image-0933944d\" src=\"https:\/\/blog.guruwalk.com\/wp-content\/uploads\/2025\/04\/WhatsApp-Image-2025-04-15-at-12.01.55.jpeg\" alt=\"Fachada del Cine Alb\u00e9niz en M\u00e1laga con cartel publicitario\" title=\"WhatsApp Image 2025-04-15 at 12.01.55\" srcset=\"https:\/\/blog.guruwalk.com\/wp-content\/uploads\/2025\/04\/WhatsApp-Image-2025-04-15-at-12.01.55.jpeg 343w, https:\/\/blog.guruwalk.com\/wp-content\/uploads\/2025\/04\/WhatsApp-Image-2025-04-15-at-12.01.55-300x198.jpeg 300w\" sizes=\"(max-width: 343px) 100vw, 343px\" \/><\/figure>\n\n\n\n<p class=\"wp-block-paragraph\"><\/p>\n\n\n\n<h3 class=\"wp-block-heading\">Informaci\u00f3n de inter\u00e9s<\/h3>\n\n\n\n<ul class=\"wp-block-list\">\n<li><strong>Ubicaci\u00f3n<\/strong> Calle Alcazabilla, 4, 29015 M\u00e1laga, Espa\u00f1a<\/li>\n\n\n\n<li><strong>Horario<\/strong> Consultar programaci\u00f3n en la&nbsp;<a href=\"https:\/\/cinealbeniz.com\/\" target=\"_blank\" rel=\"noreferrer noopener\">web oficial.<\/a><\/li>\n\n\n\n<li><strong>Transporte<\/strong> AndandoA unos 600 metros desde la Catedral de M\u00e1lagaEn Autob\u00fas: Varias l\u00edneas de autob\u00fas tienen paradas cerca.<\/li>\n\n\n\n<li><strong>Precio<\/strong> Var\u00eda seg\u00fan la pel\u00edcula y el evento; consultar en la web oficial<\/li>\n\n\n\n<li><strong>Lugares Pr\u00f3ximos<\/strong> Teatro Romano y Alcazaba, Plaza de la Merced, Museo Picasso M\u00e1laga, Catedral de M\u00e1laga<\/li>\n<\/ul>\n\n\n\n<h2 class=\"wp-block-heading\" id=\"mejores-free-tours\">Mejores Free Tours en M\u00e1laga<\/h2>\n\n\n    <script async defer src=\"https:\/\/assets.guruwalk.com\/affiliates\/widget.min.js\"><\/script>\n    <guruwalk-tour-cards \n        affiliate=\"6ggvn1wuf0rlyogypi99\" \n        city=\"M\u00e1laga\" \n        lang=\"es\" \n        text-color=\"#484848\" \n        primary-color=\"#ff5a5f\" \n        secondary-color=\"#008489\" \n        limit=\"3\" \n        description=\"abstract\">\n    <\/guruwalk-tour-cards>\n    \n\n\n<p class=\"wp-block-paragraph\"><\/p>\n","protected":false},"excerpt":{"rendered":"<p>El Cine Alb\u00e9niz, inaugurado en los a\u00f1os cuarenta, conserva elementos art d\u00e9co y acoge estrenos, cine independiente y el Festival de M\u00e1laga.<\/p>\n","protected":false},"author":2,"featured_media":42583,"comment_status":"open","ping_status":"open","sticky":false,"template":"","format":"standard","meta":{"footnotes":""},"categories":[299,102,82],"tags":[460,377,376,360],"class_list":["post-19617","post","type-post","status-publish","format-standard","has-post-thumbnail","hentry","category-malaga-es","category-espana","category-europa","tag-guias-2","tag-poi","tag-tier-fijo","tag-tier-3","generate-columns","tablet-grid-50","mobile-grid-100","grid-parent","grid-33"],"_links":{"self":[{"href":"https:\/\/blog.guruwalk.com\/es\/wp-json\/wp\/v2\/posts\/19617","targetHints":{"allow":["GET"]}}],"collection":[{"href":"https:\/\/blog.guruwalk.com\/es\/wp-json\/wp\/v2\/posts"}],"about":[{"href":"https:\/\/blog.guruwalk.com\/es\/wp-json\/wp\/v2\/types\/post"}],"author":[{"embeddable":true,"href":"https:\/\/blog.guruwalk.com\/es\/wp-json\/wp\/v2\/users\/2"}],"replies":[{"embeddable":true,"href":"https:\/\/blog.guruwalk.com\/es\/wp-json\/wp\/v2\/comments?post=19617"}],"version-history":[{"count":4,"href":"https:\/\/blog.guruwalk.com\/es\/wp-json\/wp\/v2\/posts\/19617\/revisions"}],"predecessor-version":[{"id":47029,"href":"https:\/\/blog.guruwalk.com\/es\/wp-json\/wp\/v2\/posts\/19617\/revisions\/47029"}],"wp:attachment":[{"href":"https:\/\/blog.guruwalk.com\/es\/wp-json\/wp\/v2\/media?parent=19617"}],"wp:term":[{"taxonomy":"category","embeddable":true,"href":"https:\/\/blog.guruwalk.com\/es\/wp-json\/wp\/v2\/categories?post=19617"},{"taxonomy":"post_tag","embeddable":true,"href":"https:\/\/blog.guruwalk.com\/es\/wp-json\/wp\/v2\/tags?post=19617"}],"curies":[{"name":"wp","href":"https:\/\/api.w.org\/{rel}","templated":true}]}}