{"id":22079,"date":"2026-08-25T22:37:17","date_gmt":"2026-08-25T21:37:17","guid":{"rendered":"https:\/\/blog.guruwalk.com\/?p=22079"},"modified":"2026-08-31T16:23:06","modified_gmt":"2026-08-31T15:23:06","slug":"que-ver-en-barcelona-en-1-dia","status":"publish","type":"post","link":"https:\/\/blog.guruwalk.com\/es\/que-ver-en-barcelona-en-1-dia\/","title":{"rendered":"Qu\u00e9 ver en Barcelona: 25 imprescindibles + mapa, consejos e itinerario de 1 d\u00eda"},"content":{"rendered":"\n<p class=\"wp-block-paragraph\">\u00bfQu\u00e9 ver en Barcelona? La Sagrada Familia, el Park G\u00fcell, el Barrio G\u00f3tico y el frente mar\u00edtimo resumen una ciudad marcada por el modernismo y barrios de distintas \u00e9pocas. Esta gu\u00eda ordena 25 lugares, un mapa y una ruta de un d\u00eda; tambi\u00e9n puedes empezar con un <a href=\"https:\/\/www.guruwalk.com\/es\/barcelona\" target=\"_blank\" rel=\"noopener\">free tour en Barcelona<\/a>.<\/p>\n\n\n\n<p style=\"font-size:0.85em;color:#666;border-left:3px solid #ddd;padding:4px 0 4px 12px;margin:12px 0\"><strong>Datos verificados: agosto 2026<\/strong> \u2014 Precios, horarios y requisitos de reserva comprobados con fuentes oficiales. Los gurus de GuruWalk en Barcelona revisaron las recomendaciones pr\u00e1cticas.<\/p>\n\n\n<div class=\"qvgw-indimg-places-grid\" id=\"qvgw-indimg-places-grid-2\" data-iib-headings=\"[{&quot;id&quot;:&quot;mejores-free-tours&quot;,&quot;position&quot;:0,&quot;title&quot;:&quot;Mejores free tours en Barcelona&quot;},{&quot;id&quot;:&quot;mapa&quot;,&quot;position&quot;:1,&quot;title&quot;:&quot;Mapa del recorrido a pie por el centro&quot;},{&quot;id&quot;:&quot;imprescindibles&quot;,&quot;position&quot;:2,&quot;title&quot;:&quot;25 lugares que ver en Barcelona&quot;},{&quot;id&quot;:&quot;itinerario-1-dia&quot;,&quot;position&quot;:3,&quot;title&quot;:&quot;Itinerario de 1 d\\u00eda por Barcelona&quot;},{&quot;id&quot;:&quot;transporte&quot;,&quot;position&quot;:4,&quot;title&quot;:&quot;C\\u00f3mo moverte por Barcelona&quot;},{&quot;id&quot;:&quot;faq&quot;,&quot;position&quot;:5,&quot;title&quot;:&quot;Preguntas frecuentes&quot;}]\"><div class=\"qvgw-indimg-places-cards\"><div class=\"qvgw-indimg-place-card\"><a href=\"#mejores-free-tours\" class=\"qvgw-indimg-place-card__content no-image\"><p class=\"qvgw-indimg-place-card__title\">1. Mejores free tours en Barcelona<\/p><span class=\"qvgw-indimg-place-card__arrow\"><svg width=\"24\" height=\"24\" viewBox=\"0 0 24 24\" fill=\"none\" stroke=\"currentColor\" stroke-width=\"2\"><path d=\"M6 9l6 6 6-6\"><\/path><\/svg><\/span><\/a><\/div><div class=\"qvgw-indimg-place-card\"><a href=\"#mapa\" class=\"qvgw-indimg-place-card__content\"><div class=\"qvgw-indimg-place-card__image\"><img decoding=\"async\" src=\"https:\/\/blog.guruwalk.com\/wp-content\/uploads\/2025\/10\/image.webp\" alt=\"Mapa del recorrido a pie por el centro\"><\/div><p class=\"qvgw-indimg-place-card__title\">2. Mapa del recorrido a pie por el centro<\/p><span class=\"qvgw-indimg-place-card__arrow\"><svg width=\"24\" height=\"24\" viewBox=\"0 0 24 24\" fill=\"none\" stroke=\"currentColor\" stroke-width=\"2\"><path d=\"M6 9l6 6 6-6\"><\/path><\/svg><\/span><\/a><\/div><div class=\"qvgw-indimg-place-card\"><a href=\"#imprescindibles\" class=\"qvgw-indimg-place-card__content\"><div class=\"qvgw-indimg-place-card__image\"><img decoding=\"async\" src=\"https:\/\/blog.guruwalk.com\/wp-content\/uploads\/2025\/10\/outdoor-cielo-cloudy-blue-sky-plant-1-1024x683.webp\" alt=\"25 lugares que ver en Barcelona\"><\/div><p class=\"qvgw-indimg-place-card__title\">3. 25 lugares que ver en Barcelona<\/p><span class=\"qvgw-indimg-place-card__arrow\"><svg width=\"24\" height=\"24\" viewBox=\"0 0 24 24\" fill=\"none\" stroke=\"currentColor\" stroke-width=\"2\"><path d=\"M6 9l6 6 6-6\"><\/path><\/svg><\/span><\/a><\/div><div class=\"qvgw-indimg-place-card\"><a href=\"#itinerario-1-dia\" class=\"qvgw-indimg-place-card__content\"><div class=\"qvgw-indimg-place-card__image\"><img decoding=\"async\" src=\"https:\/\/blog.guruwalk.com\/wp-content\/uploads\/2025\/10\/toy-diorama-outdoor-land-grass-1024x683.webp\" alt=\"Itinerario de 1 d\u00eda por Barcelona\"><\/div><p class=\"qvgw-indimg-place-card__title\">4. Itinerario de 1 d\u00eda por Barcelona<\/p><span class=\"qvgw-indimg-place-card__arrow\"><svg width=\"24\" height=\"24\" viewBox=\"0 0 24 24\" fill=\"none\" stroke=\"currentColor\" stroke-width=\"2\"><path d=\"M6 9l6 6 6-6\"><\/path><\/svg><\/span><\/a><\/div><div class=\"qvgw-indimg-place-card\"><a href=\"#transporte\" class=\"qvgw-indimg-place-card__content\"><div class=\"qvgw-indimg-place-card__image\"><img decoding=\"async\" src=\"https:\/\/blog.guruwalk.com\/wp-content\/uploads\/2025\/10\/machine-vehicle-train-train-real-structure-1-1024x683.webp\" alt=\"C\u00f3mo moverte por Barcelona\"><\/div><p class=\"qvgw-indimg-place-card__title\">5. C\u00f3mo moverte por Barcelona<\/p><span class=\"qvgw-indimg-place-card__arrow\"><svg width=\"24\" height=\"24\" viewBox=\"0 0 24 24\" fill=\"none\" stroke=\"currentColor\" stroke-width=\"2\"><path d=\"M6 9l6 6 6-6\"><\/path><\/svg><\/span><\/a><\/div><div class=\"qvgw-indimg-place-card\"><a href=\"#faq\" class=\"qvgw-indimg-place-card__content no-image\"><p class=\"qvgw-indimg-place-card__title\">6. Preguntas frecuentes<\/p><span class=\"qvgw-indimg-place-card__arrow\"><svg width=\"24\" height=\"24\" viewBox=\"0 0 24 24\" fill=\"none\" stroke=\"currentColor\" stroke-width=\"2\"><path d=\"M6 9l6 6 6-6\"><\/path><\/svg><\/span><\/a><\/div><\/div><\/div>\n\n\n<h2 class=\"wp-block-heading\" id=\"mejores-free-tours\">Mejores free tours en Barcelona<\/h2>\n\n\n\n<p class=\"wp-block-paragraph\">Un free tour es una forma pr\u00e1ctica de orientarse antes de organizar las visitas con entrada. Los recorridos disponibles en la p\u00e1gina de <a href=\"https:\/\/www.guruwalk.com\/es\/barcelona\" target=\"_blank\" rel=\"noopener\">free tour en Barcelona<\/a> cubren zonas como el G\u00f3tico, el Born, el Raval y la arquitectura modernista. La reserva no fija un precio: como referencia, la aportaci\u00f3n habitual es de 10 \u20ac a 20 \u20ac por persona y puede llegar hasta 50 \u20ac seg\u00fan la duraci\u00f3n, el tama\u00f1o del grupo y la valoraci\u00f3n del recorrido.<\/p>\n\n\n<div class=\"gw-freetours-container\"><div class=\"gw-freetours-carousel\"><div class=\"gw-freetours-track\"><div class=\"gw-freetours-card\" data-tour-id=\"564\"><button type=\"button\" class=\"gw-freetours-image-link\" data-dest=\"https:\/\/www.guruwalk.com\/es\/walks\/564-free-tour-por-el-casco-antiguo-de-barcelona-barrio-gotico-y-el-borne\" role=\"link\" aria-label=\"Free Tour por el Casco Antiguo de Barcelona (Barrio G\u00f3tico y el Borne)\"><div class=\"gw-freetours-image\"><img decoding=\"async\" class=\"gw-freetours-photo\" src=\"https:\/\/blog.guruwalk.com\/wp-content\/uploads\/gw-freetours-cache\/564-1b8fdd5fba0c369dd6fc911b814d966e.jpg\" alt=\"Free Tour por el Casco Antiguo de Barcelona (Barrio G\u00f3tico y el Borne)\" loading=\"lazy\" \/><div class=\"gw-freetours-flags\"><img decoding=\"async\" src=\"https:\/\/blog.guruwalk.com\/wp-content\/gurupluginswalk\/wp-gw-freetours\/assets\/flags\/en.svg\" alt=\"en\" class=\"gw-freetours-flag\" \/><img decoding=\"async\" src=\"https:\/\/blog.guruwalk.com\/wp-content\/gurupluginswalk\/wp-gw-freetours\/assets\/flags\/es.svg\" alt=\"es\" class=\"gw-freetours-flag\" \/><\/div><\/div><\/button><div class=\"gw-freetours-content\"><h4 class=\"gw-freetours-title\"><button type=\"button\" class=\"gw-freetours-title-link\" data-dest=\"https:\/\/www.guruwalk.com\/es\/walks\/564-free-tour-por-el-casco-antiguo-de-barcelona-barrio-gotico-y-el-borne\" role=\"link\">Free Tour por el Casco Antiguo de Barcelona (Barrio G\u00f3tico y el Borne)<\/button><\/h4><div class=\"gw-freetours-meta-top\"><span class=\"gw-freetours-duration\"><svg width=\"16\" height=\"16\" viewBox=\"0 0 24 24\" fill=\"none\" stroke=\"currentColor\" stroke-width=\"2\"><circle cx=\"12\" cy=\"12\" r=\"10\"\/><polyline points=\"12,6 12,12 16,14\"\/><\/svg>2:15<\/span><button class=\"gw-freetours-map-btn\" data-lat=\"41.38418\" data-lng=\"2.174934\" data-address=\"Pla\u00e7a Nova, 2, Ciutat Vella, 08002 Barcelona, Espa\u00f1a\" data-instructions=\"Busca los paraguas amarillos en Pla\u00e7a Nova, al costado de la Catedral de Barcelona\"><svg width=\"16\" height=\"16\" viewBox=\"0 0 24 24\" fill=\"none\" stroke=\"currentColor\" stroke-width=\"2\"><path d=\"M21 10c0 7-9 13-9 13s-9-6-9-13a9 9 0 0 1 18 0z\"\/><circle cx=\"12\" cy=\"10\" r=\"3\"\/><\/svg><\/button><\/div><p class=\"gw-freetours-description\">Descubre el tour m\u00e1s popular de la \u00faltima d\u00e9cada : el mejor valorado, con los gu\u00edas m\u00e1s divertidos y expertos&#8230;<\/p><div class=\"gw-freetours-author\"><span class=\"gw-freetours-author-link\"><img decoding=\"async\" src=\"https:\/\/media.guruwalk.com\/nqstd4w62lff59c50xrd86bd9io1\" alt=\"DonkeyTours Barcelona\" class=\"gw-freetours-author-avatar\" \/><span class=\"gw-freetours-author-name\">DonkeyTours Barcelona<\/span><\/span><\/div><div class=\"gw-freetours-rating-container\"><div class=\"gw-freetours-rating\" aria-label=\"Valoraci\u00f3n 4.9 de 5\"><span class=\"gw-freetours-star gw-freetours-star--full\" aria-hidden=\"true\">\u2605<\/span><span class=\"gw-freetours-star gw-freetours-star--full\" aria-hidden=\"true\">\u2605<\/span><span class=\"gw-freetours-star gw-freetours-star--full\" aria-hidden=\"true\">\u2605<\/span><span class=\"gw-freetours-star gw-freetours-star--full\" aria-hidden=\"true\">\u2605<\/span><span class=\"gw-freetours-star gw-freetours-star--half\" aria-hidden=\"true\">\u2606<\/span><span class=\"gw-freetours-rating__count\">4,9 (14660)<\/span><\/div><\/div><\/div><\/div><div class=\"gw-freetours-card\" data-tour-id=\"38229\"><button type=\"button\" class=\"gw-freetours-image-link\" data-dest=\"https:\/\/www.guruwalk.com\/es\/walks\/38229-el-raval-la-cara-oculta-de-barcelona\" role=\"link\" aria-label=\"El Raval: La Cara Oculta de Barcelona\"><div class=\"gw-freetours-image\"><img decoding=\"async\" class=\"gw-freetours-photo\" src=\"https:\/\/blog.guruwalk.com\/wp-content\/uploads\/gw-freetours-cache\/38229-76853f091dd0a66a508147c53116f98a.jpg\" alt=\"El Raval: La Cara Oculta de Barcelona\" loading=\"lazy\" \/><div class=\"gw-freetours-flags\"><img decoding=\"async\" src=\"https:\/\/blog.guruwalk.com\/wp-content\/gurupluginswalk\/wp-gw-freetours\/assets\/flags\/es.svg\" alt=\"es\" class=\"gw-freetours-flag\" \/><\/div><\/div><\/button><div class=\"gw-freetours-content\"><h4 class=\"gw-freetours-title\"><button type=\"button\" class=\"gw-freetours-title-link\" data-dest=\"https:\/\/www.guruwalk.com\/es\/walks\/38229-el-raval-la-cara-oculta-de-barcelona\" role=\"link\">El Raval: La Cara Oculta de Barcelona<\/button><\/h4><div class=\"gw-freetours-meta-top\"><span class=\"gw-freetours-duration\"><svg width=\"16\" height=\"16\" viewBox=\"0 0 24 24\" fill=\"none\" stroke=\"currentColor\" stroke-width=\"2\"><circle cx=\"12\" cy=\"12\" r=\"10\"\/><polyline points=\"12,6 12,12 16,14\"\/><\/svg>2:00<\/span><button class=\"gw-freetours-map-btn\" data-lat=\"41.38638\" data-lng=\"2.169116\" data-address=\"Carrer de Bergara, 20, 08002 Barcelona, Espa\u00f1a\" data-instructions=\"Fuera de la tienda Urban Outfitters de Plaza Catalunya con calle Bergara. Estaci\u00f3n de Metro Catalunya lineas 1 (roja) o 3 (verde). Nos encontrar\u00e1s con un paraguas Rosa muy f\u00e1cil de identificar.\"><svg width=\"16\" height=\"16\" viewBox=\"0 0 24 24\" fill=\"none\" stroke=\"currentColor\" stroke-width=\"2\"><path d=\"M21 10c0 7-9 13-9 13s-9-6-9-13a9 9 0 0 1 18 0z\"\/><circle cx=\"12\" cy=\"10\" r=\"3\"\/><\/svg><\/button><\/div><p class=\"gw-freetours-description\">\u00a1 Reserva ya con nosotros el free tour por el Raval, el lado bohemio de Barcelona! Te contaremos lo que&#8230;<\/p><div class=\"gw-freetours-author\"><span class=\"gw-freetours-author-link\"><img decoding=\"async\" src=\"https:\/\/media.guruwalk.com\/xmftbr00xxhbpt7jvzlsoyys1tcj\" alt=\"Barkeno Tours\" class=\"gw-freetours-author-avatar\" \/><span class=\"gw-freetours-author-name\">Barkeno Tours<\/span><\/span><\/div><div class=\"gw-freetours-rating-container\"><div class=\"gw-freetours-rating\" aria-label=\"Valoraci\u00f3n 4.7 de 5\"><span class=\"gw-freetours-star gw-freetours-star--full\" aria-hidden=\"true\">\u2605<\/span><span class=\"gw-freetours-star gw-freetours-star--full\" aria-hidden=\"true\">\u2605<\/span><span class=\"gw-freetours-star gw-freetours-star--full\" aria-hidden=\"true\">\u2605<\/span><span class=\"gw-freetours-star gw-freetours-star--full\" aria-hidden=\"true\">\u2605<\/span><span class=\"gw-freetours-star gw-freetours-star--half\" aria-hidden=\"true\">\u2606<\/span><span class=\"gw-freetours-rating__count\">4,7 (1379)<\/span><\/div><\/div><\/div><\/div><div class=\"gw-freetours-card\" data-tour-id=\"38018\"><button type=\"button\" class=\"gw-freetours-image-link\" data-dest=\"https:\/\/www.guruwalk.com\/es\/walks\/38018-free-tour-de-gaudi-sagrada-familia-y-el-modernismo\" role=\"link\" aria-label=\"Free Tour de Gaud\u00ed, Sagrada Familia y el Modernismo\"><div class=\"gw-freetours-image\"><img decoding=\"async\" class=\"gw-freetours-photo\" src=\"https:\/\/blog.guruwalk.com\/wp-content\/uploads\/gw-freetours-cache\/38018-9ceba76c3914130cf3c79c12273b9680.jpg\" alt=\"Free Tour de Gaud\u00ed, Sagrada Familia y el Modernismo\" loading=\"lazy\" \/><div class=\"gw-freetours-flags\"><img decoding=\"async\" src=\"https:\/\/blog.guruwalk.com\/wp-content\/gurupluginswalk\/wp-gw-freetours\/assets\/flags\/en.svg\" alt=\"en\" class=\"gw-freetours-flag\" \/><img decoding=\"async\" src=\"https:\/\/blog.guruwalk.com\/wp-content\/gurupluginswalk\/wp-gw-freetours\/assets\/flags\/es.svg\" alt=\"es\" class=\"gw-freetours-flag\" \/><\/div><\/div><\/button><div class=\"gw-freetours-content\"><h4 class=\"gw-freetours-title\"><button type=\"button\" class=\"gw-freetours-title-link\" data-dest=\"https:\/\/www.guruwalk.com\/es\/walks\/38018-free-tour-de-gaudi-sagrada-familia-y-el-modernismo\" role=\"link\">Free Tour de Gaud\u00ed, Sagrada Familia y el Modernismo<\/button><\/h4><div class=\"gw-freetours-meta-top\"><span class=\"gw-freetours-duration\"><svg width=\"16\" height=\"16\" viewBox=\"0 0 24 24\" fill=\"none\" stroke=\"currentColor\" stroke-width=\"2\"><circle cx=\"12\" cy=\"12\" r=\"10\"\/><polyline points=\"12,6 12,12 16,14\"\/><\/svg>2:30<\/span><button class=\"gw-freetours-map-btn\" data-lat=\"41.386405\" data-lng=\"2.169084\" data-address=\"Carrer de Bergara, 20, 08002 Barcelona, Espa\u00f1a\" data-instructions=\"Fuera de la tienda Urban Outfitters de Plaza Catalunya con calle Bergara. Estaci\u00f3n de metro Catalunya lineas 1 (roja) o 3 (verde). Nos encontrar\u00e1s con un paraguas Rosa muy f\u00e1cil de identificar.\"><svg width=\"16\" height=\"16\" viewBox=\"0 0 24 24\" fill=\"none\" stroke=\"currentColor\" stroke-width=\"2\"><path d=\"M21 10c0 7-9 13-9 13s-9-6-9-13a9 9 0 0 1 18 0z\"\/><circle cx=\"12\" cy=\"10\" r=\"3\"\/><\/svg><\/button><\/div><p class=\"gw-freetours-description\">Reserva\u00a0 el tour m\u00e1s recomendado, con m\u00e1s de 18,000 rese\u00f1as de 5 estrellas en Google maps!\u00a0<\/p><div class=\"gw-freetours-author\"><span class=\"gw-freetours-author-link\"><img decoding=\"async\" src=\"https:\/\/media.guruwalk.com\/xmftbr00xxhbpt7jvzlsoyys1tcj\" alt=\"Barkeno Tours\" class=\"gw-freetours-author-avatar\" \/><span class=\"gw-freetours-author-name\">Barkeno Tours<\/span><\/span><\/div><div class=\"gw-freetours-rating-container\"><div class=\"gw-freetours-rating\" aria-label=\"Valoraci\u00f3n 4.9 de 5\"><span class=\"gw-freetours-star gw-freetours-star--full\" aria-hidden=\"true\">\u2605<\/span><span class=\"gw-freetours-star gw-freetours-star--full\" aria-hidden=\"true\">\u2605<\/span><span class=\"gw-freetours-star gw-freetours-star--full\" aria-hidden=\"true\">\u2605<\/span><span class=\"gw-freetours-star gw-freetours-star--full\" aria-hidden=\"true\">\u2605<\/span><span class=\"gw-freetours-star gw-freetours-star--half\" aria-hidden=\"true\">\u2606<\/span><span class=\"gw-freetours-rating__count\">4,9 (2997)<\/span><\/div><\/div><\/div><\/div><div class=\"gw-freetours-card\" data-tour-id=\"45774\"><button type=\"button\" class=\"gw-freetours-image-link\" data-dest=\"https:\/\/www.guruwalk.com\/es\/walks\/45774-free-tour-nocturno-por-el-barrio-gotico\" role=\"link\" aria-label=\"Free tour nocturno por el Barrio G\u00f3tico\"><div class=\"gw-freetours-image\"><img decoding=\"async\" class=\"gw-freetours-photo\" src=\"https:\/\/blog.guruwalk.com\/wp-content\/uploads\/gw-freetours-cache\/45774-77106a02ba8b5cfebf98b9c22b7dce21.jpg\" alt=\"Free tour nocturno por el Barrio G\u00f3tico\" loading=\"lazy\" \/><div class=\"gw-freetours-flags\"><img decoding=\"async\" src=\"https:\/\/blog.guruwalk.com\/wp-content\/gurupluginswalk\/wp-gw-freetours\/assets\/flags\/en.svg\" alt=\"en\" class=\"gw-freetours-flag\" \/><img decoding=\"async\" src=\"https:\/\/blog.guruwalk.com\/wp-content\/gurupluginswalk\/wp-gw-freetours\/assets\/flags\/es.svg\" alt=\"es\" class=\"gw-freetours-flag\" \/><\/div><\/div><\/button><div class=\"gw-freetours-content\"><h4 class=\"gw-freetours-title\"><button type=\"button\" class=\"gw-freetours-title-link\" data-dest=\"https:\/\/www.guruwalk.com\/es\/walks\/45774-free-tour-nocturno-por-el-barrio-gotico\" role=\"link\">Free tour nocturno por el Barrio G\u00f3tico<\/button><\/h4><div class=\"gw-freetours-meta-top\"><span class=\"gw-freetours-duration\"><svg width=\"16\" height=\"16\" viewBox=\"0 0 24 24\" fill=\"none\" stroke=\"currentColor\" stroke-width=\"2\"><circle cx=\"12\" cy=\"12\" r=\"10\"\/><polyline points=\"12,6 12,12 16,14\"\/><\/svg>2:00<\/span><button class=\"gw-freetours-map-btn\" data-lat=\"41.387852\" data-lng=\"2.169873\" data-address=\"Pl. de Catalunya, 12, Eixample, 08002 Barcelona, Espa\u00f1a\" data-instructions=\"El gu\u00eda estar\u00e1 en la esquina de Plaza Catalunya, al lado de la fuente. Busca el paraguas naranja.\"><svg width=\"16\" height=\"16\" viewBox=\"0 0 24 24\" fill=\"none\" stroke=\"currentColor\" stroke-width=\"2\"><path d=\"M21 10c0 7-9 13-9 13s-9-6-9-13a9 9 0 0 1 18 0z\"\/><circle cx=\"12\" cy=\"10\" r=\"3\"\/><\/svg><\/button><\/div><p class=\"gw-freetours-description\">\u00a0 A la hora indicada comenzaremos este free tour nocturno por el Barrio G\u00f3tico de Barcelon&#8230;<\/p><div class=\"gw-freetours-author\"><span class=\"gw-freetours-author-link\"><img decoding=\"async\" src=\"https:\/\/media.guruwalk.com\/ay745wzwq1bsaudff0e4m50ezxaw\" alt=\"Smile Tours\" class=\"gw-freetours-author-avatar\" \/><span class=\"gw-freetours-author-name\">Smile Tours<\/span><\/span><\/div><div class=\"gw-freetours-rating-container\"><div class=\"gw-freetours-rating\" aria-label=\"Valoraci\u00f3n 4.8 de 5\"><span class=\"gw-freetours-star gw-freetours-star--full\" aria-hidden=\"true\">\u2605<\/span><span class=\"gw-freetours-star gw-freetours-star--full\" aria-hidden=\"true\">\u2605<\/span><span class=\"gw-freetours-star gw-freetours-star--full\" aria-hidden=\"true\">\u2605<\/span><span class=\"gw-freetours-star gw-freetours-star--full\" aria-hidden=\"true\">\u2605<\/span><span class=\"gw-freetours-star gw-freetours-star--half\" aria-hidden=\"true\">\u2606<\/span><span class=\"gw-freetours-rating__count\">4,8 (1013)<\/span><\/div><\/div><\/div><\/div><div class=\"gw-freetours-card\" data-tour-id=\"38016\"><button type=\"button\" class=\"gw-freetours-image-link\" data-dest=\"https:\/\/www.guruwalk.com\/es\/walks\/38016-el-original-free-tour-por-barcelona-barrio-gotico-y-born\" role=\"link\" aria-label=\"El Original Free Tour por Barcelona: Barrio G\u00f3tico y Born\"><div class=\"gw-freetours-image\"><img decoding=\"async\" class=\"gw-freetours-photo\" src=\"https:\/\/blog.guruwalk.com\/wp-content\/uploads\/gw-freetours-cache\/38016-6124264f490bb821997bbbbaf1f6c363.jpg\" alt=\"El Original Free Tour por Barcelona: Barrio G\u00f3tico y Born\" loading=\"lazy\" \/><div class=\"gw-freetours-flags\"><img decoding=\"async\" src=\"https:\/\/blog.guruwalk.com\/wp-content\/gurupluginswalk\/wp-gw-freetours\/assets\/flags\/en.svg\" alt=\"en\" class=\"gw-freetours-flag\" \/><img decoding=\"async\" src=\"https:\/\/blog.guruwalk.com\/wp-content\/gurupluginswalk\/wp-gw-freetours\/assets\/flags\/es.svg\" alt=\"es\" class=\"gw-freetours-flag\" \/><\/div><\/div><\/button><div class=\"gw-freetours-content\"><h4 class=\"gw-freetours-title\"><button type=\"button\" class=\"gw-freetours-title-link\" data-dest=\"https:\/\/www.guruwalk.com\/es\/walks\/38016-el-original-free-tour-por-barcelona-barrio-gotico-y-born\" role=\"link\">El Original Free Tour por Barcelona: Barrio G\u00f3tico y Born<\/button><\/h4><div class=\"gw-freetours-meta-top\"><span class=\"gw-freetours-duration\"><svg width=\"16\" height=\"16\" viewBox=\"0 0 24 24\" fill=\"none\" stroke=\"currentColor\" stroke-width=\"2\"><circle cx=\"12\" cy=\"12\" r=\"10\"\/><polyline points=\"12,6 12,12 16,14\"\/><\/svg>2:00<\/span><button class=\"gw-freetours-map-btn\" data-lat=\"41.386423\" data-lng=\"2.169084\" data-address=\"Carrer de Bergara, 20, 08002 Barcelona, Espa\u00f1a\" data-instructions=\"Fuera de la tienda Urban Outfitters de Plaza Catalu\u00f1a con calle Bergara. Estaci\u00f3n de metro Catalunya linea 1(roja) o 3 (verde). Nos encontrar\u00e1s con un paraguas Rosa muy f\u00e1cil de identificar.\"><svg width=\"16\" height=\"16\" viewBox=\"0 0 24 24\" fill=\"none\" stroke=\"currentColor\" stroke-width=\"2\"><path d=\"M21 10c0 7-9 13-9 13s-9-6-9-13a9 9 0 0 1 18 0z\"\/><circle cx=\"12\" cy=\"10\" r=\"3\"\/><\/svg><\/button><\/div><p class=\"gw-freetours-description\">Reserva ahora el tour #1 en Google maps con m\u00e1s de 24,000 valoraciones de 5 estrellas, el mejor y m\u00e1s&#8230;<\/p><div class=\"gw-freetours-author\"><span class=\"gw-freetours-author-link\"><img decoding=\"async\" src=\"https:\/\/media.guruwalk.com\/xmftbr00xxhbpt7jvzlsoyys1tcj\" alt=\"Barkeno Tours\" class=\"gw-freetours-author-avatar\" \/><span class=\"gw-freetours-author-name\">Barkeno Tours<\/span><\/span><\/div><div class=\"gw-freetours-rating-container\"><div class=\"gw-freetours-rating\" aria-label=\"Valoraci\u00f3n 4.7 de 5\"><span class=\"gw-freetours-star gw-freetours-star--full\" aria-hidden=\"true\">\u2605<\/span><span class=\"gw-freetours-star gw-freetours-star--full\" aria-hidden=\"true\">\u2605<\/span><span class=\"gw-freetours-star gw-freetours-star--full\" aria-hidden=\"true\">\u2605<\/span><span class=\"gw-freetours-star gw-freetours-star--full\" aria-hidden=\"true\">\u2605<\/span><span class=\"gw-freetours-star gw-freetours-star--half\" aria-hidden=\"true\">\u2606<\/span><span class=\"gw-freetours-rating__count\">4,7 (2997)<\/span><\/div><\/div><\/div><\/div><div class=\"gw-freetours-card\" data-tour-id=\"46779\"><button type=\"button\" class=\"gw-freetours-image-link\" data-dest=\"https:\/\/www.guruwalk.com\/es\/walks\/46779-free-tour-en-el-corazon-del-centro-historico-de-barcelona-gotico-y-borne\" role=\"link\" aria-label=\"Free tour en el coraz\u00f3n del centro hist\u00f3rico de Barcelona (G\u00f3tico y Borne)\"><div class=\"gw-freetours-image\"><img decoding=\"async\" class=\"gw-freetours-photo\" src=\"https:\/\/blog.guruwalk.com\/wp-content\/uploads\/gw-freetours-cache\/46779-85792243af2b0dc7e5e4c1fd0c2ed54c.jpg\" alt=\"Free tour en el coraz\u00f3n del centro hist\u00f3rico de Barcelona (G\u00f3tico y Borne)\" loading=\"lazy\" \/><div class=\"gw-freetours-flags\"><img decoding=\"async\" src=\"https:\/\/blog.guruwalk.com\/wp-content\/gurupluginswalk\/wp-gw-freetours\/assets\/flags\/es.svg\" alt=\"es\" class=\"gw-freetours-flag\" \/><\/div><\/div><\/button><div class=\"gw-freetours-content\"><h4 class=\"gw-freetours-title\"><button type=\"button\" class=\"gw-freetours-title-link\" data-dest=\"https:\/\/www.guruwalk.com\/es\/walks\/46779-free-tour-en-el-corazon-del-centro-historico-de-barcelona-gotico-y-borne\" role=\"link\">Free tour en el coraz\u00f3n del centro hist\u00f3rico de Barcelona (G\u00f3tico y Borne)<\/button><\/h4><div class=\"gw-freetours-meta-top\"><span class=\"gw-freetours-duration\"><svg width=\"16\" height=\"16\" viewBox=\"0 0 24 24\" fill=\"none\" stroke=\"currentColor\" stroke-width=\"2\"><circle cx=\"12\" cy=\"12\" r=\"10\"\/><polyline points=\"12,6 12,12 16,14\"\/><\/svg>2:15<\/span><button class=\"gw-freetours-map-btn\" data-lat=\"41.384417\" data-lng=\"2.175952\" data-address=\"Pcta. de la Seu, 1, Ciutat Vella, 08002 Barcelona, Espa\u00f1a\" data-instructions=\"Estar\u00e9 frente a la ENTRADA PRINCIPAL de la Catedral de Barcelona con un paraguas AZUL.Direcci\u00f3n: Pla de la Seu, s\/n, Ciutat Vella, 08002 Barcelona\"><svg width=\"16\" height=\"16\" viewBox=\"0 0 24 24\" fill=\"none\" stroke=\"currentColor\" stroke-width=\"2\"><path d=\"M21 10c0 7-9 13-9 13s-9-6-9-13a9 9 0 0 1 18 0z\"\/><circle cx=\"12\" cy=\"10\" r=\"3\"\/><\/svg><\/button><\/div><p class=\"gw-freetours-description\">En este recorrido de unas 2 horas y 15 minutos, nos sumergiremos en el coraz\u00f3n del centro hist\u00f3rico de Barcelona,&#8230;<\/p><div class=\"gw-freetours-author\"><span class=\"gw-freetours-author-link\"><img decoding=\"async\" src=\"https:\/\/media.guruwalk.com\/tq7ayzc30zp6l5pzgcci77gqbq1k\" alt=\"Lourdes\" class=\"gw-freetours-author-avatar\" \/><span class=\"gw-freetours-author-name\">Lourdes<\/span><\/span><\/div><div class=\"gw-freetours-rating-container\"><div class=\"gw-freetours-rating\" aria-label=\"Valoraci\u00f3n 5.0 de 5\"><span class=\"gw-freetours-star gw-freetours-star--full\" aria-hidden=\"true\">\u2605<\/span><span class=\"gw-freetours-star gw-freetours-star--full\" aria-hidden=\"true\">\u2605<\/span><span class=\"gw-freetours-star gw-freetours-star--full\" aria-hidden=\"true\">\u2605<\/span><span class=\"gw-freetours-star gw-freetours-star--full\" aria-hidden=\"true\">\u2605<\/span><span class=\"gw-freetours-star gw-freetours-star--half\" aria-hidden=\"true\">\u2606<\/span><span class=\"gw-freetours-rating__count\">5,0 (523)<\/span><\/div><\/div><\/div><\/div><div class=\"gw-freetours-card\" data-tour-id=\"41570\"><button type=\"button\" class=\"gw-freetours-image-link\" data-dest=\"https:\/\/www.guruwalk.com\/es\/walks\/41570-la-guerra-civil-espanola-y-la-dictadura-de-franco\" role=\"link\" aria-label=\"La Guerra Civil Espa\u00f1ola y la dictadura de Franco\"><div class=\"gw-freetours-image\"><img decoding=\"async\" class=\"gw-freetours-photo\" src=\"https:\/\/blog.guruwalk.com\/wp-content\/uploads\/gw-freetours-cache\/41570-bbb9ee1365b94864cac6351a48c90109.jpg\" alt=\"La Guerra Civil Espa\u00f1ola y la dictadura de Franco\" loading=\"lazy\" \/><div class=\"gw-freetours-flags\"><img decoding=\"async\" src=\"https:\/\/blog.guruwalk.com\/wp-content\/gurupluginswalk\/wp-gw-freetours\/assets\/flags\/en.svg\" alt=\"en\" class=\"gw-freetours-flag\" \/><img decoding=\"async\" src=\"https:\/\/blog.guruwalk.com\/wp-content\/gurupluginswalk\/wp-gw-freetours\/assets\/flags\/es.svg\" alt=\"es\" class=\"gw-freetours-flag\" \/><\/div><\/div><\/button><div class=\"gw-freetours-content\"><h4 class=\"gw-freetours-title\"><button type=\"button\" class=\"gw-freetours-title-link\" data-dest=\"https:\/\/www.guruwalk.com\/es\/walks\/41570-la-guerra-civil-espanola-y-la-dictadura-de-franco\" role=\"link\">La Guerra Civil Espa\u00f1ola y la dictadura de Franco<\/button><\/h4><div class=\"gw-freetours-meta-top\"><span class=\"gw-freetours-duration\"><svg width=\"16\" height=\"16\" viewBox=\"0 0 24 24\" fill=\"none\" stroke=\"currentColor\" stroke-width=\"2\"><circle cx=\"12\" cy=\"12\" r=\"10\"\/><polyline points=\"12,6 12,12 16,14\"\/><\/svg>2:30<\/span><button class=\"gw-freetours-map-btn\" data-lat=\"41.38612\" data-lng=\"2.170895\" data-address=\"Pl. de Catalunya, 20, Ciutat Vella, 08002 Barcelona, Espa\u00f1a\" data-instructions=\"En Pla\u00e7a de Catalunya, en el pin exacto que se muestra en el mapa. El gu\u00eda tendr\u00e1 un Paraguas Blanco.\"><svg width=\"16\" height=\"16\" viewBox=\"0 0 24 24\" fill=\"none\" stroke=\"currentColor\" stroke-width=\"2\"><path d=\"M21 10c0 7-9 13-9 13s-9-6-9-13a9 9 0 0 1 18 0z\"\/><circle cx=\"12\" cy=\"10\" r=\"3\"\/><\/svg><\/button><\/div><p class=\"gw-freetours-description\">Free tour Guerra Civil Espa\u00f1ola Barcelona \u00a0En esta ruta conoceremos donde, c\u00f3mo y porqu\u00e9 &#8230;<\/p><div class=\"gw-freetours-author\"><span class=\"gw-freetours-author-link\"><img decoding=\"async\" src=\"https:\/\/media.guruwalk.com\/xkqg6u1zyjrhg3l65numbl4gh6gs\" alt=\"Nostos Tours\" class=\"gw-freetours-author-avatar\" \/><span class=\"gw-freetours-author-name\">Nostos Tours<\/span><\/span><\/div><div class=\"gw-freetours-rating-container\"><div class=\"gw-freetours-rating\" aria-label=\"Valoraci\u00f3n 4.8 de 5\"><span class=\"gw-freetours-star gw-freetours-star--full\" aria-hidden=\"true\">\u2605<\/span><span class=\"gw-freetours-star gw-freetours-star--full\" aria-hidden=\"true\">\u2605<\/span><span class=\"gw-freetours-star gw-freetours-star--full\" aria-hidden=\"true\">\u2605<\/span><span class=\"gw-freetours-star gw-freetours-star--full\" aria-hidden=\"true\">\u2605<\/span><span class=\"gw-freetours-star gw-freetours-star--half\" aria-hidden=\"true\">\u2606<\/span><span class=\"gw-freetours-rating__count\">4,9 (289)<\/span><\/div><\/div><\/div><\/div><\/div><\/div><div class=\"gw-freetours-place-link\"><a href=\"https:\/\/www.guruwalk.com\/es\/barcelona\" target=\"_blank\" rel=\"noopener\" class=\"gw-freetours-place-btn\">+ FreeTour Barcelona<\/a><\/div><\/div><script type=\"application\/ld+json\">{\"@context\":\"https:\/\/schema.org\",\"@type\":\"ItemList\",\"name\":\"Free Tours en Barcelona\",\"description\":\"Tours gratuitos disponibles en Barcelona\",\"url\":\"https:\/\/www.guruwalk.com\/es\/barcelona\",\"itemListOrder\":\"Unordered\",\"numberOfItems\":\"7\",\"itemListElement\":[{\"@type\":\"ListItem\",\"position\":1,\"item\":{\"@type\":\"Event\",\"@id\":\"https:\/\/www.guruwalk.com\/es\/walks\/564-free-tour-por-el-casco-antiguo-de-barcelona-barrio-gotico-y-el-borne\",\"name\":\"Free Tour por el Casco Antiguo de Barcelona (Barrio G\u00f3tico y el Borne)\",\"description\":\"Descubre el tour m\u00e1s popular de la \u00faltima d\u00e9cada : el mejor valorado, con los gu\u00edas m\u00e1s divertidos y expertos de ...\",\"url\":\"https:\/\/www.guruwalk.com\/es\/walks\/564-free-tour-por-el-casco-antiguo-de-barcelona-barrio-gotico-y-el-borne\",\"isAccessibleForFree\":true,\"eventStatus\":\"https:\/\/schema.org\/EventScheduled\",\"eventAttendanceMode\":\"https:\/\/schema.org\/OfflineEventAttendanceMode\",\"startDate\":\"2026-01-01\",\"endDate\":\"2026-12-31\",\"duration\":\"PT2H15M\",\"inLanguage\":[\"en\",\"es\"],\"location\":{\"@type\":\"Place\",\"name\":\"Free Tours en Barcelona\",\"address\":{\"@type\":\"PostalAddress\",\"addressLocality\":\"Barcelona\",\"addressCountry\":{\"@type\":\"Country\",\"name\":\"Spain\"}},\"geo\":{\"@type\":\"GeoCoordinates\",\"latitude\":41.38418,\"longitude\":2.174934},\"description\":\"Busca los paraguas amarillos en Pla\u00e7a Nova, al costado de la Catedral de Barcelona\"},\"organizer\":{\"@type\":\"Person\",\"name\":\"DonkeyTours Barcelona\",\"image\":\"https:\/\/media.guruwalk.com\/nqstd4w62lff59c50xrd86bd9io1\",\"url\":\"https:\/\/www.guruwalk.com\/es\/gurus\/836xp3gcmfvzhqwtzas7\"},\"performer\":{\"@type\":\"Person\",\"name\":\"DonkeyTours Barcelona\",\"url\":\"https:\/\/www.guruwalk.com\/es\/gurus\/836xp3gcmfvzhqwtzas7\"},\"aggregateRating\":{\"@type\":\"AggregateRating\",\"ratingValue\":4.92,\"bestRating\":5,\"worstRating\":1,\"reviewCount\":14660},\"image\":\"https:\/\/media.guruwalk.com\/t4g9lfhn016dab4s7o7a3hygn564\",\"offers\":{\"@type\":\"Offer\",\"url\":\"https:\/\/www.guruwalk.com\/es\/walks\/564-free-tour-por-el-casco-antiguo-de-barcelona-barrio-gotico-y-el-borne\",\"price\":0,\"priceCurrency\":\"EUR\",\"availability\":\"https:\/\/schema.org\/InStock\",\"validFrom\":\"2026-01-01\"}}},{\"@type\":\"ListItem\",\"position\":2,\"item\":{\"@type\":\"Event\",\"@id\":\"https:\/\/www.guruwalk.com\/es\/walks\/38229-el-raval-la-cara-oculta-de-barcelona\",\"name\":\"El Raval: La Cara Oculta de Barcelona\",\"description\":\"\u00a1 Reserva ya con nosotros el free tour por el Raval, el lado bohemio de Barcelona! Te contaremos lo que hace al...\",\"url\":\"https:\/\/www.guruwalk.com\/es\/walks\/38229-el-raval-la-cara-oculta-de-barcelona\",\"isAccessibleForFree\":true,\"eventStatus\":\"https:\/\/schema.org\/EventScheduled\",\"eventAttendanceMode\":\"https:\/\/schema.org\/OfflineEventAttendanceMode\",\"startDate\":\"2026-01-01\",\"endDate\":\"2026-12-31\",\"duration\":\"PT2H\",\"inLanguage\":[\"es\"],\"location\":{\"@type\":\"Place\",\"name\":\"Free Tours en Barcelona\",\"address\":{\"@type\":\"PostalAddress\",\"addressLocality\":\"Barcelona\",\"addressCountry\":{\"@type\":\"Country\",\"name\":\"Spain\"}},\"geo\":{\"@type\":\"GeoCoordinates\",\"latitude\":41.38638,\"longitude\":2.169116},\"description\":\"Fuera de la tienda Urban Outfitters de Plaza Catalunya con calle Bergara. Estaci\u00f3n de Metro Catalunya lineas 1 (roja) o 3 (verde). Nos encontrar\u00e1s con un paraguas Rosa muy f\u00e1cil de identificar.\"},\"organizer\":{\"@type\":\"Person\",\"name\":\"Barkeno Tours\",\"image\":\"https:\/\/media.guruwalk.com\/xmftbr00xxhbpt7jvzlsoyys1tcj\",\"url\":\"https:\/\/www.guruwalk.com\/es\/gurus\/potau3jn79fxpt70wl6h\"},\"performer\":{\"@type\":\"Person\",\"name\":\"Barkeno Tours\",\"url\":\"https:\/\/www.guruwalk.com\/es\/gurus\/potau3jn79fxpt70wl6h\"},\"aggregateRating\":{\"@type\":\"AggregateRating\",\"ratingValue\":4.71,\"bestRating\":5,\"worstRating\":1,\"reviewCount\":1379},\"image\":\"https:\/\/media.guruwalk.com\/7s9wzfdvb848jum3y9jth23pi8xi\",\"offers\":{\"@type\":\"Offer\",\"url\":\"https:\/\/www.guruwalk.com\/es\/walks\/38229-el-raval-la-cara-oculta-de-barcelona\",\"price\":0,\"priceCurrency\":\"EUR\",\"availability\":\"https:\/\/schema.org\/InStock\",\"validFrom\":\"2026-01-01\"}}},{\"@type\":\"ListItem\",\"position\":3,\"item\":{\"@type\":\"Event\",\"@id\":\"https:\/\/www.guruwalk.com\/es\/walks\/38018-free-tour-de-gaudi-sagrada-familia-y-el-modernismo\",\"name\":\"Free Tour de Gaud\u00ed, Sagrada Familia y el Modernismo\",\"description\":\"Reserva\u00a0 el tour m\u00e1s recomendado, con m\u00e1s de 18,000 rese\u00f1as de 5 estrellas en Google maps!\u00a0\",\"url\":\"https:\/\/www.guruwalk.com\/es\/walks\/38018-free-tour-de-gaudi-sagrada-familia-y-el-modernismo\",\"isAccessibleForFree\":true,\"eventStatus\":\"https:\/\/schema.org\/EventScheduled\",\"eventAttendanceMode\":\"https:\/\/schema.org\/OfflineEventAttendanceMode\",\"startDate\":\"2026-01-01\",\"endDate\":\"2026-12-31\",\"duration\":\"PT2H30M\",\"inLanguage\":[\"en\",\"es\"],\"location\":{\"@type\":\"Place\",\"name\":\"Free Tours en Barcelona\",\"address\":{\"@type\":\"PostalAddress\",\"addressLocality\":\"Barcelona\",\"addressCountry\":{\"@type\":\"Country\",\"name\":\"Spain\"}},\"geo\":{\"@type\":\"GeoCoordinates\",\"latitude\":41.386405,\"longitude\":2.169084},\"description\":\"Fuera de la tienda Urban Outfitters de Plaza Catalunya con calle Bergara. Estaci\u00f3n de metro Catalunya lineas 1 (roja) o 3 (verde). Nos encontrar\u00e1s con un paraguas Rosa muy f\u00e1cil de identificar.\"},\"organizer\":{\"@type\":\"Person\",\"name\":\"Barkeno Tours\",\"image\":\"https:\/\/media.guruwalk.com\/xmftbr00xxhbpt7jvzlsoyys1tcj\",\"url\":\"https:\/\/www.guruwalk.com\/es\/gurus\/potau3jn79fxpt70wl6h\"},\"performer\":{\"@type\":\"Person\",\"name\":\"Barkeno Tours\",\"url\":\"https:\/\/www.guruwalk.com\/es\/gurus\/potau3jn79fxpt70wl6h\"},\"aggregateRating\":{\"@type\":\"AggregateRating\",\"ratingValue\":4.9,\"bestRating\":5,\"worstRating\":1,\"reviewCount\":2997},\"image\":\"https:\/\/media.guruwalk.com\/nqjfnajn94hwfygmq1o80cusptmj\",\"offers\":{\"@type\":\"Offer\",\"url\":\"https:\/\/www.guruwalk.com\/es\/walks\/38018-free-tour-de-gaudi-sagrada-familia-y-el-modernismo\",\"price\":0,\"priceCurrency\":\"EUR\",\"availability\":\"https:\/\/schema.org\/InStock\",\"validFrom\":\"2026-01-01\"}}},{\"@type\":\"ListItem\",\"position\":4,\"item\":{\"@type\":\"Event\",\"@id\":\"https:\/\/www.guruwalk.com\/es\/walks\/45774-free-tour-nocturno-por-el-barrio-gotico\",\"name\":\"Free tour nocturno por el Barrio G\u00f3tico\",\"description\":\"\u00a0 A la hora indicada comenzaremos este free tour nocturno por el Barrio G\u00f3tico de Barcelon...\",\"url\":\"https:\/\/www.guruwalk.com\/es\/walks\/45774-free-tour-nocturno-por-el-barrio-gotico\",\"isAccessibleForFree\":true,\"eventStatus\":\"https:\/\/schema.org\/EventScheduled\",\"eventAttendanceMode\":\"https:\/\/schema.org\/OfflineEventAttendanceMode\",\"startDate\":\"2026-01-01\",\"endDate\":\"2026-12-31\",\"duration\":\"PT2H\",\"inLanguage\":[\"en\",\"es\"],\"location\":{\"@type\":\"Place\",\"name\":\"Free Tours en Barcelona\",\"address\":{\"@type\":\"PostalAddress\",\"addressLocality\":\"Barcelona\",\"addressCountry\":{\"@type\":\"Country\",\"name\":\"Spain\"}},\"geo\":{\"@type\":\"GeoCoordinates\",\"latitude\":41.387852,\"longitude\":2.169873},\"description\":\"El gu\u00eda estar\u00e1 en la esquina de Plaza Catalunya, al lado de la fuente. Busca el paraguas naranja.\"},\"organizer\":{\"@type\":\"Person\",\"name\":\"Smile Tours\",\"image\":\"https:\/\/media.guruwalk.com\/ay745wzwq1bsaudff0e4m50ezxaw\",\"url\":\"https:\/\/www.guruwalk.com\/es\/gurus\/4w8d1tat1vsd5qte2f0k\"},\"performer\":{\"@type\":\"Person\",\"name\":\"Smile Tours\",\"url\":\"https:\/\/www.guruwalk.com\/es\/gurus\/4w8d1tat1vsd5qte2f0k\"},\"aggregateRating\":{\"@type\":\"AggregateRating\",\"ratingValue\":4.82,\"bestRating\":5,\"worstRating\":1,\"reviewCount\":1013},\"image\":\"https:\/\/media.guruwalk.com\/ugbsup8cibb2bdsgo5uajegxh2ez\",\"offers\":{\"@type\":\"Offer\",\"url\":\"https:\/\/www.guruwalk.com\/es\/walks\/45774-free-tour-nocturno-por-el-barrio-gotico\",\"price\":0,\"priceCurrency\":\"EUR\",\"availability\":\"https:\/\/schema.org\/InStock\",\"validFrom\":\"2026-01-01\"}}},{\"@type\":\"ListItem\",\"position\":5,\"item\":{\"@type\":\"Event\",\"@id\":\"https:\/\/www.guruwalk.com\/es\/walks\/38016-el-original-free-tour-por-barcelona-barrio-gotico-y-born\",\"name\":\"El Original Free Tour por Barcelona: Barrio G\u00f3tico y Born\",\"description\":\"Reserva ahora el tour #1 en Google maps con m\u00e1s de 24,000 valoraciones de 5 estrellas, el mejor y m\u00e1s...\",\"url\":\"https:\/\/www.guruwalk.com\/es\/walks\/38016-el-original-free-tour-por-barcelona-barrio-gotico-y-born\",\"isAccessibleForFree\":true,\"eventStatus\":\"https:\/\/schema.org\/EventScheduled\",\"eventAttendanceMode\":\"https:\/\/schema.org\/OfflineEventAttendanceMode\",\"startDate\":\"2026-01-01\",\"endDate\":\"2026-12-31\",\"duration\":\"PT2H\",\"inLanguage\":[\"en\",\"es\"],\"location\":{\"@type\":\"Place\",\"name\":\"Free Tours en Barcelona\",\"address\":{\"@type\":\"PostalAddress\",\"addressLocality\":\"Barcelona\",\"addressCountry\":{\"@type\":\"Country\",\"name\":\"Spain\"}},\"geo\":{\"@type\":\"GeoCoordinates\",\"latitude\":41.386423,\"longitude\":2.169084},\"description\":\"Fuera de la tienda Urban Outfitters de Plaza Catalu\u00f1a con calle Bergara. Estaci\u00f3n de metro Catalunya linea 1(roja) o 3 (verde). Nos encontrar\u00e1s con un paraguas Rosa muy f\u00e1cil de identificar.\"},\"organizer\":{\"@type\":\"Person\",\"name\":\"Barkeno Tours\",\"image\":\"https:\/\/media.guruwalk.com\/xmftbr00xxhbpt7jvzlsoyys1tcj\",\"url\":\"https:\/\/www.guruwalk.com\/es\/gurus\/potau3jn79fxpt70wl6h\"},\"performer\":{\"@type\":\"Person\",\"name\":\"Barkeno Tours\",\"url\":\"https:\/\/www.guruwalk.com\/es\/gurus\/potau3jn79fxpt70wl6h\"},\"aggregateRating\":{\"@type\":\"AggregateRating\",\"ratingValue\":4.69,\"bestRating\":5,\"worstRating\":1,\"reviewCount\":2997},\"image\":\"https:\/\/media.guruwalk.com\/wixxostrabs6jnrqeuh9kqgaeq2p\",\"offers\":{\"@type\":\"Offer\",\"url\":\"https:\/\/www.guruwalk.com\/es\/walks\/38016-el-original-free-tour-por-barcelona-barrio-gotico-y-born\",\"price\":0,\"priceCurrency\":\"EUR\",\"availability\":\"https:\/\/schema.org\/InStock\",\"validFrom\":\"2026-01-01\"}}},{\"@type\":\"ListItem\",\"position\":6,\"item\":{\"@type\":\"Event\",\"@id\":\"https:\/\/www.guruwalk.com\/es\/walks\/46779-free-tour-en-el-corazon-del-centro-historico-de-barcelona-gotico-y-borne\",\"name\":\"Free tour en el coraz\u00f3n del centro hist\u00f3rico de Barcelona (G\u00f3tico y Borne)\",\"description\":\"En este recorrido de unas 2 horas y 15 minutos, nos sumergiremos en el coraz\u00f3n del centro hist\u00f3rico de Barcelona, desde la\",\"url\":\"https:\/\/www.guruwalk.com\/es\/walks\/46779-free-tour-en-el-corazon-del-centro-historico-de-barcelona-gotico-y-borne\",\"isAccessibleForFree\":true,\"eventStatus\":\"https:\/\/schema.org\/EventScheduled\",\"eventAttendanceMode\":\"https:\/\/schema.org\/OfflineEventAttendanceMode\",\"startDate\":\"2026-01-01\",\"endDate\":\"2026-12-31\",\"duration\":\"PT2H15M\",\"inLanguage\":[\"es\"],\"location\":{\"@type\":\"Place\",\"name\":\"Free Tours en Barcelona\",\"address\":{\"@type\":\"PostalAddress\",\"addressLocality\":\"Barcelona\",\"addressCountry\":{\"@type\":\"Country\",\"name\":\"Spain\"}},\"geo\":{\"@type\":\"GeoCoordinates\",\"latitude\":41.384417,\"longitude\":2.175952},\"description\":\"Estar\u00e9 frente a la ENTRADA PRINCIPAL de la Catedral de Barcelona con un paraguas AZUL.Direcci\u00f3n: Pla de la Seu, s\/n, Ciutat Vella, 08002 Barcelona\"},\"organizer\":{\"@type\":\"Person\",\"name\":\"Lourdes\",\"image\":\"https:\/\/media.guruwalk.com\/tq7ayzc30zp6l5pzgcci77gqbq1k\",\"url\":\"https:\/\/www.guruwalk.com\/es\/gurus\/s9gbe53254lnlkoeuw4u\"},\"performer\":{\"@type\":\"Person\",\"name\":\"Lourdes\",\"url\":\"https:\/\/www.guruwalk.com\/es\/gurus\/s9gbe53254lnlkoeuw4u\"},\"aggregateRating\":{\"@type\":\"AggregateRating\",\"ratingValue\":4.95,\"bestRating\":5,\"worstRating\":1,\"reviewCount\":523},\"image\":\"https:\/\/media.guruwalk.com\/ny9j9gh6ubxa1yi06nrihnbp4rih\",\"offers\":{\"@type\":\"Offer\",\"url\":\"https:\/\/www.guruwalk.com\/es\/walks\/46779-free-tour-en-el-corazon-del-centro-historico-de-barcelona-gotico-y-borne\",\"price\":0,\"priceCurrency\":\"EUR\",\"availability\":\"https:\/\/schema.org\/InStock\",\"validFrom\":\"2026-01-01\"}}},{\"@type\":\"ListItem\",\"position\":7,\"item\":{\"@type\":\"Event\",\"@id\":\"https:\/\/www.guruwalk.com\/es\/walks\/41570-la-guerra-civil-espanola-y-la-dictadura-de-franco\",\"name\":\"La Guerra Civil Espa\u00f1ola y la dictadura de Franco\",\"description\":\"Free tour Guerra Civil Espa\u00f1ola Barcelona \u00a0En esta ruta conoceremos donde, c\u00f3mo y porqu\u00e9 ...\",\"url\":\"https:\/\/www.guruwalk.com\/es\/walks\/41570-la-guerra-civil-espanola-y-la-dictadura-de-franco\",\"isAccessibleForFree\":true,\"eventStatus\":\"https:\/\/schema.org\/EventScheduled\",\"eventAttendanceMode\":\"https:\/\/schema.org\/OfflineEventAttendanceMode\",\"startDate\":\"2026-01-01\",\"endDate\":\"2026-12-31\",\"duration\":\"PT2H30M\",\"inLanguage\":[\"en\",\"es\"],\"location\":{\"@type\":\"Place\",\"name\":\"Free Tours en Barcelona\",\"address\":{\"@type\":\"PostalAddress\",\"addressLocality\":\"Barcelona\",\"addressCountry\":{\"@type\":\"Country\",\"name\":\"Spain\"}},\"geo\":{\"@type\":\"GeoCoordinates\",\"latitude\":41.38612,\"longitude\":2.170895},\"description\":\"En Pla\u00e7a de Catalunya, en el pin exacto que se muestra en el mapa. El gu\u00eda tendr\u00e1 un Paraguas Blanco.\"},\"organizer\":{\"@type\":\"Person\",\"name\":\"Nostos Tours\",\"image\":\"https:\/\/media.guruwalk.com\/xkqg6u1zyjrhg3l65numbl4gh6gs\",\"url\":\"https:\/\/www.guruwalk.com\/es\/gurus\/ap3crvnkkg0m3auy0svy\"},\"performer\":{\"@type\":\"Person\",\"name\":\"Nostos Tours\",\"url\":\"https:\/\/www.guruwalk.com\/es\/gurus\/ap3crvnkkg0m3auy0svy\"},\"aggregateRating\":{\"@type\":\"AggregateRating\",\"ratingValue\":4.85,\"bestRating\":5,\"worstRating\":1,\"reviewCount\":289},\"image\":\"https:\/\/media.guruwalk.com\/53ez7awskoz27n0are13vjzqmxm4\",\"offers\":{\"@type\":\"Offer\",\"url\":\"https:\/\/www.guruwalk.com\/es\/walks\/41570-la-guerra-civil-espanola-y-la-dictadura-de-franco\",\"price\":0,\"priceCurrency\":\"EUR\",\"availability\":\"https:\/\/schema.org\/InStock\",\"validFrom\":\"2026-01-01\"}}}]}<\/script>\n\n\n<h2 class=\"wp-block-heading\" id=\"mapa\">Mapa del recorrido a pie por el centro<\/h2>\n\n\n<div class=\"wp-block-image\">\n<figure class=\"aligncenter size-full\"><img decoding=\"async\" width=\"660\" height=\"440\" src=\"https:\/\/blog.guruwalk.com\/wp-content\/uploads\/2025\/10\/image.webp\" alt=\"Vista urbana de Barcelona durante un recorrido a pie\" class=\"wp-image-38589\" srcset=\"https:\/\/blog.guruwalk.com\/wp-content\/uploads\/2025\/10\/image.webp 660w, https:\/\/blog.guruwalk.com\/wp-content\/uploads\/2025\/10\/image-300x200.webp 300w\" sizes=\"(max-width: 660px) 100vw, 660px\" \/><figcaption class=\"wp-element-caption\">Recorrido a pie por el centro de Barcelona<\/figcaption><\/figure>\n<\/div>\n\n\n<figure style=\"margin:1.5em 0\"><iframe title=\"Mapa de la ruta a pie por el centro de Barcelona\" src=\"https:\/\/maps.google.com\/maps?saddr=Pla\u00e7a+de+Catalunya,+Barcelona&amp;daddr=Mercat+de+la+Boqueria,+Barcelona+to:Catedral+de+Barcelona+to:Bas\u00edlica+de+Santa+Maria+del+Mar,+Barcelona+to:Parc+de+la+Ciutadella,+Barcelona&amp;hl=es&amp;dirflg=w&amp;output=embed\" width=\"100%\" height=\"480\" style=\"border:0;width:100%;height:480px;max-height:70vh\" loading=\"lazy\"><\/iframe><figcaption class=\"wp-element-caption\">Tramo a pie del itinerario, de Pla\u00e7a de Catalunya a la Ciutadella. La Sagrada Familia y el Park G\u00fcell se enlazan en metro o autob\u00fas.<\/figcaption><\/figure>\n\n\n\n<h2 class=\"wp-block-heading\" id=\"imprescindibles\">25 lugares que ver en Barcelona<\/h2>\n\n\n\n<figure class=\"wp-block-image size-large\"><img decoding=\"async\" width=\"1024\" height=\"683\" src=\"https:\/\/blog.guruwalk.com\/wp-content\/uploads\/2025\/10\/outdoor-cielo-cloudy-blue-sky-plant-1-1024x683.webp\" alt=\"Entrada monumental del Park G\u00fcell en Barcelona\" class=\"wp-image-38593\" srcset=\"https:\/\/blog.guruwalk.com\/wp-content\/uploads\/2025\/10\/outdoor-cielo-cloudy-blue-sky-plant-1-1024x683.webp 1024w, https:\/\/blog.guruwalk.com\/wp-content\/uploads\/2025\/10\/outdoor-cielo-cloudy-blue-sky-plant-1-300x200.webp 300w, https:\/\/blog.guruwalk.com\/wp-content\/uploads\/2025\/10\/outdoor-cielo-cloudy-blue-sky-plant-1-768x512.webp 768w, https:\/\/blog.guruwalk.com\/wp-content\/uploads\/2025\/10\/outdoor-cielo-cloudy-blue-sky-plant-1.webp 1536w\" sizes=\"(max-width: 1024px) 100vw, 1024px\" \/><figcaption class=\"wp-element-caption\">Entrada monumental del Park G\u00fcell en Barcelona<\/figcaption><\/figure>\n\n\n\n<p class=\"wp-block-paragraph\">La selecci\u00f3n combina arquitectura modernista, espacios hist\u00f3ricos, museos, mercados, parques y zonas junto al Mediterr\u00e1neo. Usa el mapa para agrupar las paradas por barrios y reducir desplazamientos.<\/p>\n\n\n\n<h3 class=\"wp-block-heading\" id=\"sagrada-familia\">Sagrada Familia<\/h3>\n\n\n\n<figure class=\"wp-block-image size-large\"><img decoding=\"async\" width=\"1024\" height=\"682\" src=\"https:\/\/blog.guruwalk.com\/wp-content\/uploads\/2025\/04\/image-1064-1024x682.webp\" alt=\"Sagrada Familia sobre el perfil urbano de Barcelona\" class=\"wp-image-22087\" srcset=\"https:\/\/blog.guruwalk.com\/wp-content\/uploads\/2025\/04\/image-1064-1024x682.webp 1024w, https:\/\/blog.guruwalk.com\/wp-content\/uploads\/2025\/04\/image-1064-300x200.webp 300w, https:\/\/blog.guruwalk.com\/wp-content\/uploads\/2025\/04\/image-1064-768x512.webp 768w, https:\/\/blog.guruwalk.com\/wp-content\/uploads\/2025\/04\/image-1064-1536x1023.webp 1536w, https:\/\/blog.guruwalk.com\/wp-content\/uploads\/2025\/04\/image-1064.webp 1600w\" sizes=\"(max-width: 1024px) 100vw, 1024px\" \/><figcaption class=\"wp-element-caption\">Sagrada Fam\u00edlia sobre Barcelona<\/figcaption><\/figure>\n\n\n\n<p class=\"wp-block-paragraph\">La <a href=\"https:\/\/sagradafamilia.org\/es\/\" rel=\"nofollow noreferrer noopener\" target=\"_blank\"><strong>Sagrada Familia<\/strong><\/a>, la bas\u00edlica inacabada de Antoni Gaud\u00ed, permite observar la fachada del Nacimiento, las columnas de inspiraci\u00f3n org\u00e1nica y el efecto de los vitrales en el interior.<\/p>\n\n\n\n<p class=\"wp-block-paragraph\">La entrada funciona con franjas horarias. Consulta disponibilidad en la web oficial y deja margen antes de la hora reservada para los controles de acceso.<\/p>\n\n\n\n<h3 class=\"wp-block-heading\" id=\"park-guell\">Park G\u00fcell<\/h3>\n\n\n\n<figure class=\"wp-block-image size-large\"><img decoding=\"async\" width=\"1024\" height=\"683\" src=\"https:\/\/blog.guruwalk.com\/wp-content\/uploads\/2025\/08\/outdoor-cielo-cloudy-plant-palm-tree-1024x683.webp\" alt=\"Arquitectura y vegetaci\u00f3n del Park G\u00fcell en Barcelona\" class=\"wp-image-37614\" srcset=\"https:\/\/blog.guruwalk.com\/wp-content\/uploads\/2025\/08\/outdoor-cielo-cloudy-plant-palm-tree-1024x683.webp 1024w, https:\/\/blog.guruwalk.com\/wp-content\/uploads\/2025\/08\/outdoor-cielo-cloudy-plant-palm-tree-300x200.webp 300w, https:\/\/blog.guruwalk.com\/wp-content\/uploads\/2025\/08\/outdoor-cielo-cloudy-plant-palm-tree-768x512.webp 768w, https:\/\/blog.guruwalk.com\/wp-content\/uploads\/2025\/08\/outdoor-cielo-cloudy-plant-palm-tree.webp 1536w\" sizes=\"(max-width: 1024px) 100vw, 1024px\" \/><figcaption class=\"wp-element-caption\">Park G\u00fcell en Barcelona<\/figcaption><\/figure>\n\n\n\n<p class=\"wp-block-paragraph\">El <a href=\"https:\/\/parkguell.barcelona\/\" rel=\"nofollow noreferrer noopener\" target=\"_blank\"><strong>Park G\u00fcell<\/strong><\/a> combina jardines, viaductos y elementos arquitect\u00f3nicos dise\u00f1ados por Gaud\u00ed. Su ubicaci\u00f3n en la ladera permite contemplar distintos sectores de Barcelona.<\/p>\n\n\n\n<p class=\"wp-block-paragraph\">La zona monumental requiere entrada con hora. Comprueba la disponibilidad oficial antes de subir y calcula el trayecto final, ya que parte del acceso se realiza por calles con pendiente.<\/p>\n\n\n\n<h3 class=\"wp-block-heading\" id=\"passeig-gracia\">Passeig de Gr\u00e0cia: Casa Batll\u00f3 y La Pedrera<\/h3>\n\n\n\n<figure class=\"wp-block-image size-large\"><img decoding=\"async\" width=\"1024\" height=\"680\" src=\"https:\/\/blog.guruwalk.com\/wp-content\/uploads\/2025\/04\/image-1068-1024x680.webp\" alt=\"Fachada de Casa Batll\u00f3 en Passeig de Gr\u00e0cia, Barcelona\" class=\"wp-image-22112\" srcset=\"https:\/\/blog.guruwalk.com\/wp-content\/uploads\/2025\/04\/image-1068-1024x680.webp 1024w, https:\/\/blog.guruwalk.com\/wp-content\/uploads\/2025\/04\/image-1068-300x199.webp 300w, https:\/\/blog.guruwalk.com\/wp-content\/uploads\/2025\/04\/image-1068-768x510.webp 768w, https:\/\/blog.guruwalk.com\/wp-content\/uploads\/2025\/04\/image-1068.webp 1280w\" sizes=\"(max-width: 1024px) 100vw, 1024px\" \/><figcaption class=\"wp-element-caption\">Casa Batll\u00f3 en Passeig de Gr\u00e0cia, Barcelona<\/figcaption><\/figure>\n\n\n\n<p class=\"wp-block-paragraph\">Esta avenida re\u00fane dos obras conocidas de Gaud\u00ed: Casa Batll\u00f3 y Casa Mil\u00e0, tambi\u00e9n llamada La Pedrera. Si el itinerario no permite entrar, las fachadas se pueden comparar durante el paseo.<\/p>\n\n\n\n<p class=\"wp-block-paragraph\">En el mismo tramo se encuentran Casa Amatller y Casa Lle\u00f3 Morera, dos referencias adicionales para entender la variedad del modernismo catal\u00e1n.<\/p>\n\n\n\n<h3 class=\"wp-block-heading\" id=\"plaza-cataluna\">Pla\u00e7a de Catalunya<\/h3>\n\n\n\n<p class=\"wp-block-paragraph\">La plaza conecta el Eixample con la Ciutat Vella y sirve como referencia para iniciar el descenso por La Rambla. Tambi\u00e9n concentra varias conexiones de metro, autob\u00fas y tren urbano.<\/p>\n\n\n\n<h3 class=\"wp-block-heading\" id=\"las-ramblas\">Las Ramblas<\/h3>\n\n\n\n<figure class=\"wp-block-image size-large\"><img decoding=\"async\" width=\"1024\" height=\"683\" src=\"https:\/\/blog.guruwalk.com\/wp-content\/uploads\/2025\/08\/lamppost-light-outdoor-land-path-1024x683.webp\" alt=\"Paseo arbolado de Las Ramblas en Barcelona\" class=\"wp-image-38487\" srcset=\"https:\/\/blog.guruwalk.com\/wp-content\/uploads\/2025\/08\/lamppost-light-outdoor-land-path-1024x683.webp 1024w, https:\/\/blog.guruwalk.com\/wp-content\/uploads\/2025\/08\/lamppost-light-outdoor-land-path-300x200.webp 300w, https:\/\/blog.guruwalk.com\/wp-content\/uploads\/2025\/08\/lamppost-light-outdoor-land-path-768x512.webp 768w, https:\/\/blog.guruwalk.com\/wp-content\/uploads\/2025\/08\/lamppost-light-outdoor-land-path.webp 1536w\" sizes=\"(max-width: 1024px) 100vw, 1024px\" \/><figcaption class=\"wp-element-caption\">Las Ramblas de Barcelona<\/figcaption><\/figure>\n\n\n\n<p class=\"wp-block-paragraph\">La Rambla baja desde Pla\u00e7a de Catalunya hacia el monumento a Col\u00f3n. El paseo permite enlazar La Boquer\u00eda, el Liceu y varios accesos al G\u00f3tico y al Raval.<\/p>\n\n\n\n<blockquote class=\"wp-block-quote is-layout-flow wp-block-quote-is-layout-flow\">\n<p class=\"wp-block-paragraph\"><em>El nombre en plural procede de cinco tramos unidos, cada uno con una denominaci\u00f3n hist\u00f3rica. El recorrido ocup\u00f3 el espacio de un antiguo curso de agua junto al l\u00edmite occidental de la ciudad medieval.<\/em><\/p>\n<\/blockquote>\n\n\n\n<h3 class=\"wp-block-heading\" id=\"raval\">El Raval<\/h3>\n\n\n\n<p class=\"wp-block-paragraph\">Al oeste de La Rambla, el Raval re\u00fane el MACBA, la Rambla del Raval, el gato de Botero y calles vinculadas a distintas etapas de la expansi\u00f3n urbana. Un recorrido guiado aporta contexto sobre su evoluci\u00f3n social y cultural.<\/p>\n\n\n<div class=\"gw-freetours-container\"><div class=\"gw-freetours-carousel\"><div class=\"gw-freetours-track\"><div class=\"gw-freetours-card\" data-tour-id=\"38229\"><button type=\"button\" class=\"gw-freetours-image-link\" data-dest=\"https:\/\/www.guruwalk.com\/es\/walks\/38229-el-raval-la-cara-oculta-de-barcelona\" role=\"link\" aria-label=\"El Raval: La Cara Oculta de Barcelona\"><div class=\"gw-freetours-image\"><img decoding=\"async\" class=\"gw-freetours-photo\" src=\"https:\/\/blog.guruwalk.com\/wp-content\/uploads\/gw-freetours-cache\/38229-76853f091dd0a66a508147c53116f98a.jpg\" alt=\"El Raval: La Cara Oculta de Barcelona\" loading=\"lazy\" \/><div class=\"gw-freetours-flags\"><img decoding=\"async\" src=\"https:\/\/blog.guruwalk.com\/wp-content\/gurupluginswalk\/wp-gw-freetours\/assets\/flags\/es.svg\" alt=\"es\" class=\"gw-freetours-flag\" \/><\/div><\/div><\/button><div class=\"gw-freetours-content\"><h4 class=\"gw-freetours-title\"><button type=\"button\" class=\"gw-freetours-title-link\" data-dest=\"https:\/\/www.guruwalk.com\/es\/walks\/38229-el-raval-la-cara-oculta-de-barcelona\" role=\"link\">El Raval: La Cara Oculta de Barcelona<\/button><\/h4><div class=\"gw-freetours-meta-top\"><span class=\"gw-freetours-duration\"><svg width=\"16\" height=\"16\" viewBox=\"0 0 24 24\" fill=\"none\" stroke=\"currentColor\" stroke-width=\"2\"><circle cx=\"12\" cy=\"12\" r=\"10\"\/><polyline points=\"12,6 12,12 16,14\"\/><\/svg>2:00<\/span><button class=\"gw-freetours-map-btn\" data-lat=\"41.38638\" data-lng=\"2.169116\" data-address=\"Carrer de Bergara, 20, 08002 Barcelona, Espa\u00f1a\" data-instructions=\"Fuera de la tienda Urban Outfitters de Plaza Catalunya con calle Bergara. Estaci\u00f3n de Metro Catalunya lineas 1 (roja) o 3 (verde). Nos encontrar\u00e1s con un paraguas Rosa muy f\u00e1cil de identificar.\"><svg width=\"16\" height=\"16\" viewBox=\"0 0 24 24\" fill=\"none\" stroke=\"currentColor\" stroke-width=\"2\"><path d=\"M21 10c0 7-9 13-9 13s-9-6-9-13a9 9 0 0 1 18 0z\"\/><circle cx=\"12\" cy=\"10\" r=\"3\"\/><\/svg><\/button><\/div><p class=\"gw-freetours-description\">\u00a1 Reserva ya con nosotros el free tour por el Raval, el lado bohemio de Barcelona! Te contaremos lo que&#8230;<\/p><div class=\"gw-freetours-author\"><span class=\"gw-freetours-author-link\"><img decoding=\"async\" src=\"https:\/\/media.guruwalk.com\/xmftbr00xxhbpt7jvzlsoyys1tcj\" alt=\"Barkeno Tours\" class=\"gw-freetours-author-avatar\" \/><span class=\"gw-freetours-author-name\">Barkeno Tours<\/span><\/span><\/div><div class=\"gw-freetours-rating-container\"><div class=\"gw-freetours-rating\" aria-label=\"Valoraci\u00f3n 4.7 de 5\"><span class=\"gw-freetours-star gw-freetours-star--full\" aria-hidden=\"true\">\u2605<\/span><span class=\"gw-freetours-star gw-freetours-star--full\" aria-hidden=\"true\">\u2605<\/span><span class=\"gw-freetours-star gw-freetours-star--full\" aria-hidden=\"true\">\u2605<\/span><span class=\"gw-freetours-star gw-freetours-star--full\" aria-hidden=\"true\">\u2605<\/span><span class=\"gw-freetours-star gw-freetours-star--half\" aria-hidden=\"true\">\u2606<\/span><span class=\"gw-freetours-rating__count\">4,7 (1379)<\/span><\/div><\/div><\/div><\/div><\/div><\/div><div class=\"gw-freetours-place-link\"><a href=\"https:\/\/www.guruwalk.com\/es\/barcelona\" target=\"_blank\" rel=\"noopener\" class=\"gw-freetours-place-btn\">+ FreeTour Barcelona<\/a><\/div><\/div>\n\n\n<h3 class=\"wp-block-heading\" id=\"mercado-boqueria\">Mercado de La Boquer\u00eda<\/h3>\n\n\n\n<figure class=\"wp-block-image size-large\"><img decoding=\"async\" width=\"1024\" height=\"683\" src=\"https:\/\/blog.guruwalk.com\/wp-content\/uploads\/2025\/08\/outdoor-cielo-blue-sky-structure-arch-1-1024x683.webp\" alt=\"Acceso al Mercado de La Boquer\u00eda en Barcelona\" class=\"wp-image-38490\" srcset=\"https:\/\/blog.guruwalk.com\/wp-content\/uploads\/2025\/08\/outdoor-cielo-blue-sky-structure-arch-1-1024x683.webp 1024w, https:\/\/blog.guruwalk.com\/wp-content\/uploads\/2025\/08\/outdoor-cielo-blue-sky-structure-arch-1-300x200.webp 300w, https:\/\/blog.guruwalk.com\/wp-content\/uploads\/2025\/08\/outdoor-cielo-blue-sky-structure-arch-1-768x512.webp 768w, https:\/\/blog.guruwalk.com\/wp-content\/uploads\/2025\/08\/outdoor-cielo-blue-sky-structure-arch-1.webp 1536w\" sizes=\"(max-width: 1024px) 100vw, 1024px\" \/><figcaption class=\"wp-element-caption\">Mercado de La Boquer\u00eda en Barcelona<\/figcaption><\/figure>\n\n\n\n<p class=\"wp-block-paragraph\">La Boquer\u00eda es un mercado cubierto junto a La Rambla, con puestos de fruta, pescado, carne, conservas y comida preparada. En una ruta de un d\u00eda conviene fijar un tiempo concreto para la parada y continuar despu\u00e9s hacia el G\u00f3tico.<\/p>\n\n\n\n<h3 class=\"wp-block-heading\" id=\"barrio-gotico\">Barrio G\u00f3tico<\/h3>\n\n\n\n<figure class=\"wp-block-image\"><img decoding=\"async\" width=\"1024\" height=\"682\" src=\"https:\/\/blog.guruwalk.com\/wp-content\/uploads\/2025\/04\/image-1066-1024x682.webp\" alt=\"Arco ornamentado en el Barrio G\u00f3tico de Barcelona\" class=\"wp-image-22096\" srcset=\"https:\/\/blog.guruwalk.com\/wp-content\/uploads\/2025\/04\/image-1066-1024x682.webp 1024w, https:\/\/blog.guruwalk.com\/wp-content\/uploads\/2025\/04\/image-1066-300x200.webp 300w, https:\/\/blog.guruwalk.com\/wp-content\/uploads\/2025\/04\/image-1066-768x512.webp 768w, https:\/\/blog.guruwalk.com\/wp-content\/uploads\/2025\/04\/image-1066.webp 1280w\" sizes=\"(max-width: 1024px) 100vw, 1024px\" \/><figcaption class=\"wp-element-caption\">Arco del Barrio G\u00f3tico de Barcelona<\/figcaption><\/figure>\n\n\n\n<p class=\"wp-block-paragraph\">El n\u00facleo hist\u00f3rico conserva calles estrechas, plazas y edificios construidos o transformados durante distintos periodos. Pla\u00e7a del Rei, Pla\u00e7a de Sant Jaume y el entorno de la catedral forman un recorrido compacto.<\/p>\n\n\n\n<p class=\"wp-block-paragraph\">Cerca de la catedral, el Museo de Historia de Barcelona permite visitar restos de la antigua Barcino bajo la Pla\u00e7a del Rei. Consulta disponibilidad si quieres incluir el interior en una ruta corta.<\/p>\n\n\n\n<h3 class=\"wp-block-heading\" id=\"catedral\">Catedral de Barcelona<\/h3>\n\n\n\n<figure class=\"wp-block-image size-large\"><img decoding=\"async\" width=\"1024\" height=\"683\" src=\"https:\/\/blog.guruwalk.com\/wp-content\/uploads\/2025\/08\/outdoor-structure-building-cielo-cloudy-1-1024x683.webp\" alt=\"Fachada de la Catedral de Barcelona\" class=\"wp-image-38493\" srcset=\"https:\/\/blog.guruwalk.com\/wp-content\/uploads\/2025\/08\/outdoor-structure-building-cielo-cloudy-1-1024x683.webp 1024w, https:\/\/blog.guruwalk.com\/wp-content\/uploads\/2025\/08\/outdoor-structure-building-cielo-cloudy-1-300x200.webp 300w, https:\/\/blog.guruwalk.com\/wp-content\/uploads\/2025\/08\/outdoor-structure-building-cielo-cloudy-1-768x512.webp 768w, https:\/\/blog.guruwalk.com\/wp-content\/uploads\/2025\/08\/outdoor-structure-building-cielo-cloudy-1.webp 1536w\" sizes=\"(max-width: 1024px) 100vw, 1024px\" \/><figcaption class=\"wp-element-caption\">Catedral de Barcelona<\/figcaption><\/figure>\n\n\n\n<p class=\"wp-block-paragraph\">La Seu conserva b\u00f3vedas, capillas y un claustro donde viven trece ocas vinculadas a la tradici\u00f3n de Santa Eul\u00e0lia. Cuando el acceso est\u00e1 disponible, la cubierta ofrece una vista del trazado de la Ciutat Vella.<\/p>\n\n\n\n<h3 class=\"wp-block-heading\" id=\"el-born\">El Born<\/h3>\n\n\n\n<figure class=\"wp-block-image\"><img decoding=\"async\" src=\"https:\/\/blog.guruwalk.com\/wp-content\/uploads\/2025\/03\/image-347.jpeg\" alt=\"Calles de El Born con comercios y motocicletas en Barcelona\"\/><figcaption class=\"wp-element-caption\">Calles de El Born en Barcelona<\/figcaption><\/figure>\n\n\n\n<p class=\"wp-block-paragraph\">El antiguo barrio de artesanos re\u00fane comercios independientes, plazas peque\u00f1as y edificios de diferentes \u00e9pocas. El Born CCM, Santa Mar\u00eda del Mar y el Parc de la Ciutadella se pueden unir a pie.<\/p>\n\n\n<div class=\"gw-freetours-container\"><div class=\"gw-freetours-carousel\"><div class=\"gw-freetours-track\"><div class=\"gw-freetours-card\" data-tour-id=\"564\"><button type=\"button\" class=\"gw-freetours-image-link\" data-dest=\"https:\/\/www.guruwalk.com\/es\/walks\/564-free-tour-por-el-casco-antiguo-de-barcelona-barrio-gotico-y-el-borne\" role=\"link\" aria-label=\"Free Tour por el Casco Antiguo de Barcelona (Barrio G\u00f3tico y el Borne)\"><div class=\"gw-freetours-image\"><img decoding=\"async\" class=\"gw-freetours-photo\" src=\"https:\/\/blog.guruwalk.com\/wp-content\/uploads\/gw-freetours-cache\/564-1b8fdd5fba0c369dd6fc911b814d966e.jpg\" alt=\"Free Tour por el Casco Antiguo de Barcelona (Barrio G\u00f3tico y el Borne)\" loading=\"lazy\" \/><div class=\"gw-freetours-flags\"><img decoding=\"async\" src=\"https:\/\/blog.guruwalk.com\/wp-content\/gurupluginswalk\/wp-gw-freetours\/assets\/flags\/en.svg\" alt=\"en\" class=\"gw-freetours-flag\" \/><img decoding=\"async\" src=\"https:\/\/blog.guruwalk.com\/wp-content\/gurupluginswalk\/wp-gw-freetours\/assets\/flags\/es.svg\" alt=\"es\" class=\"gw-freetours-flag\" \/><\/div><\/div><\/button><div class=\"gw-freetours-content\"><h4 class=\"gw-freetours-title\"><button type=\"button\" class=\"gw-freetours-title-link\" data-dest=\"https:\/\/www.guruwalk.com\/es\/walks\/564-free-tour-por-el-casco-antiguo-de-barcelona-barrio-gotico-y-el-borne\" role=\"link\">Free Tour por el Casco Antiguo de Barcelona (Barrio G\u00f3tico y el Borne)<\/button><\/h4><div class=\"gw-freetours-meta-top\"><span class=\"gw-freetours-duration\"><svg width=\"16\" height=\"16\" viewBox=\"0 0 24 24\" fill=\"none\" stroke=\"currentColor\" stroke-width=\"2\"><circle cx=\"12\" cy=\"12\" r=\"10\"\/><polyline points=\"12,6 12,12 16,14\"\/><\/svg>2:15<\/span><button class=\"gw-freetours-map-btn\" data-lat=\"41.38418\" data-lng=\"2.174934\" data-address=\"Pla\u00e7a Nova, 2, Ciutat Vella, 08002 Barcelona, Espa\u00f1a\" data-instructions=\"Busca los paraguas amarillos en Pla\u00e7a Nova, al costado de la Catedral de Barcelona\"><svg width=\"16\" height=\"16\" viewBox=\"0 0 24 24\" fill=\"none\" stroke=\"currentColor\" stroke-width=\"2\"><path d=\"M21 10c0 7-9 13-9 13s-9-6-9-13a9 9 0 0 1 18 0z\"\/><circle cx=\"12\" cy=\"10\" r=\"3\"\/><\/svg><\/button><\/div><p class=\"gw-freetours-description\">Descubre el tour m\u00e1s popular de la \u00faltima d\u00e9cada : el mejor valorado, con los gu\u00edas m\u00e1s divertidos y expertos&#8230;<\/p><div class=\"gw-freetours-author\"><span class=\"gw-freetours-author-link\"><img decoding=\"async\" src=\"https:\/\/media.guruwalk.com\/nqstd4w62lff59c50xrd86bd9io1\" alt=\"DonkeyTours Barcelona\" class=\"gw-freetours-author-avatar\" \/><span class=\"gw-freetours-author-name\">DonkeyTours Barcelona<\/span><\/span><\/div><div class=\"gw-freetours-rating-container\"><div class=\"gw-freetours-rating\" aria-label=\"Valoraci\u00f3n 4.9 de 5\"><span class=\"gw-freetours-star gw-freetours-star--full\" aria-hidden=\"true\">\u2605<\/span><span class=\"gw-freetours-star gw-freetours-star--full\" aria-hidden=\"true\">\u2605<\/span><span class=\"gw-freetours-star gw-freetours-star--full\" aria-hidden=\"true\">\u2605<\/span><span class=\"gw-freetours-star gw-freetours-star--full\" aria-hidden=\"true\">\u2605<\/span><span class=\"gw-freetours-star gw-freetours-star--half\" aria-hidden=\"true\">\u2606<\/span><span class=\"gw-freetours-rating__count\">4,9 (14660)<\/span><\/div><\/div><\/div><\/div><div class=\"gw-freetours-card\" data-tour-id=\"38016\"><button type=\"button\" class=\"gw-freetours-image-link\" data-dest=\"https:\/\/www.guruwalk.com\/es\/walks\/38016-el-original-free-tour-por-barcelona-barrio-gotico-y-born\" role=\"link\" aria-label=\"El Original Free Tour por Barcelona: Barrio G\u00f3tico y Born\"><div class=\"gw-freetours-image\"><img decoding=\"async\" class=\"gw-freetours-photo\" src=\"https:\/\/blog.guruwalk.com\/wp-content\/uploads\/gw-freetours-cache\/38016-6124264f490bb821997bbbbaf1f6c363.jpg\" alt=\"El Original Free Tour por Barcelona: Barrio G\u00f3tico y Born\" loading=\"lazy\" \/><div class=\"gw-freetours-flags\"><img decoding=\"async\" src=\"https:\/\/blog.guruwalk.com\/wp-content\/gurupluginswalk\/wp-gw-freetours\/assets\/flags\/en.svg\" alt=\"en\" class=\"gw-freetours-flag\" \/><img decoding=\"async\" src=\"https:\/\/blog.guruwalk.com\/wp-content\/gurupluginswalk\/wp-gw-freetours\/assets\/flags\/es.svg\" alt=\"es\" class=\"gw-freetours-flag\" \/><\/div><\/div><\/button><div class=\"gw-freetours-content\"><h4 class=\"gw-freetours-title\"><button type=\"button\" class=\"gw-freetours-title-link\" data-dest=\"https:\/\/www.guruwalk.com\/es\/walks\/38016-el-original-free-tour-por-barcelona-barrio-gotico-y-born\" role=\"link\">El Original Free Tour por Barcelona: Barrio G\u00f3tico y Born<\/button><\/h4><div class=\"gw-freetours-meta-top\"><span class=\"gw-freetours-duration\"><svg width=\"16\" height=\"16\" viewBox=\"0 0 24 24\" fill=\"none\" stroke=\"currentColor\" stroke-width=\"2\"><circle cx=\"12\" cy=\"12\" r=\"10\"\/><polyline points=\"12,6 12,12 16,14\"\/><\/svg>2:00<\/span><button class=\"gw-freetours-map-btn\" data-lat=\"41.386423\" data-lng=\"2.169084\" data-address=\"Carrer de Bergara, 20, 08002 Barcelona, Espa\u00f1a\" data-instructions=\"Fuera de la tienda Urban Outfitters de Plaza Catalu\u00f1a con calle Bergara. Estaci\u00f3n de metro Catalunya linea 1(roja) o 3 (verde). Nos encontrar\u00e1s con un paraguas Rosa muy f\u00e1cil de identificar.\"><svg width=\"16\" height=\"16\" viewBox=\"0 0 24 24\" fill=\"none\" stroke=\"currentColor\" stroke-width=\"2\"><path d=\"M21 10c0 7-9 13-9 13s-9-6-9-13a9 9 0 0 1 18 0z\"\/><circle cx=\"12\" cy=\"10\" r=\"3\"\/><\/svg><\/button><\/div><p class=\"gw-freetours-description\">Reserva ahora el tour #1 en Google maps con m\u00e1s de 24,000 valoraciones de 5 estrellas, el mejor y m\u00e1s&#8230;<\/p><div class=\"gw-freetours-author\"><span class=\"gw-freetours-author-link\"><img decoding=\"async\" src=\"https:\/\/media.guruwalk.com\/xmftbr00xxhbpt7jvzlsoyys1tcj\" alt=\"Barkeno Tours\" class=\"gw-freetours-author-avatar\" \/><span class=\"gw-freetours-author-name\">Barkeno Tours<\/span><\/span><\/div><div class=\"gw-freetours-rating-container\"><div class=\"gw-freetours-rating\" aria-label=\"Valoraci\u00f3n 4.7 de 5\"><span class=\"gw-freetours-star gw-freetours-star--full\" aria-hidden=\"true\">\u2605<\/span><span class=\"gw-freetours-star gw-freetours-star--full\" aria-hidden=\"true\">\u2605<\/span><span class=\"gw-freetours-star gw-freetours-star--full\" aria-hidden=\"true\">\u2605<\/span><span class=\"gw-freetours-star gw-freetours-star--full\" aria-hidden=\"true\">\u2605<\/span><span class=\"gw-freetours-star gw-freetours-star--half\" aria-hidden=\"true\">\u2606<\/span><span class=\"gw-freetours-rating__count\">4,7 (2997)<\/span><\/div><\/div><\/div><\/div><div class=\"gw-freetours-card\" data-tour-id=\"46779\"><button type=\"button\" class=\"gw-freetours-image-link\" data-dest=\"https:\/\/www.guruwalk.com\/es\/walks\/46779-free-tour-en-el-corazon-del-centro-historico-de-barcelona-gotico-y-borne\" role=\"link\" aria-label=\"Free tour en el coraz\u00f3n del centro hist\u00f3rico de Barcelona (G\u00f3tico y Borne)\"><div class=\"gw-freetours-image\"><img decoding=\"async\" class=\"gw-freetours-photo\" src=\"https:\/\/blog.guruwalk.com\/wp-content\/uploads\/gw-freetours-cache\/46779-85792243af2b0dc7e5e4c1fd0c2ed54c.jpg\" alt=\"Free tour en el coraz\u00f3n del centro hist\u00f3rico de Barcelona (G\u00f3tico y Borne)\" loading=\"lazy\" \/><div class=\"gw-freetours-flags\"><img decoding=\"async\" src=\"https:\/\/blog.guruwalk.com\/wp-content\/gurupluginswalk\/wp-gw-freetours\/assets\/flags\/es.svg\" alt=\"es\" class=\"gw-freetours-flag\" \/><\/div><\/div><\/button><div class=\"gw-freetours-content\"><h4 class=\"gw-freetours-title\"><button type=\"button\" class=\"gw-freetours-title-link\" data-dest=\"https:\/\/www.guruwalk.com\/es\/walks\/46779-free-tour-en-el-corazon-del-centro-historico-de-barcelona-gotico-y-borne\" role=\"link\">Free tour en el coraz\u00f3n del centro hist\u00f3rico de Barcelona (G\u00f3tico y Borne)<\/button><\/h4><div class=\"gw-freetours-meta-top\"><span class=\"gw-freetours-duration\"><svg width=\"16\" height=\"16\" viewBox=\"0 0 24 24\" fill=\"none\" stroke=\"currentColor\" stroke-width=\"2\"><circle cx=\"12\" cy=\"12\" r=\"10\"\/><polyline points=\"12,6 12,12 16,14\"\/><\/svg>2:15<\/span><button class=\"gw-freetours-map-btn\" data-lat=\"41.384417\" data-lng=\"2.175952\" data-address=\"Pcta. de la Seu, 1, Ciutat Vella, 08002 Barcelona, Espa\u00f1a\" data-instructions=\"Estar\u00e9 frente a la ENTRADA PRINCIPAL de la Catedral de Barcelona con un paraguas AZUL.Direcci\u00f3n: Pla de la Seu, s\/n, Ciutat Vella, 08002 Barcelona\"><svg width=\"16\" height=\"16\" viewBox=\"0 0 24 24\" fill=\"none\" stroke=\"currentColor\" stroke-width=\"2\"><path d=\"M21 10c0 7-9 13-9 13s-9-6-9-13a9 9 0 0 1 18 0z\"\/><circle cx=\"12\" cy=\"10\" r=\"3\"\/><\/svg><\/button><\/div><p class=\"gw-freetours-description\">En este recorrido de unas 2 horas y 15 minutos, nos sumergiremos en el coraz\u00f3n del centro hist\u00f3rico de Barcelona,&#8230;<\/p><div class=\"gw-freetours-author\"><span class=\"gw-freetours-author-link\"><img decoding=\"async\" src=\"https:\/\/media.guruwalk.com\/tq7ayzc30zp6l5pzgcci77gqbq1k\" alt=\"Lourdes\" class=\"gw-freetours-author-avatar\" \/><span class=\"gw-freetours-author-name\">Lourdes<\/span><\/span><\/div><div class=\"gw-freetours-rating-container\"><div class=\"gw-freetours-rating\" aria-label=\"Valoraci\u00f3n 5.0 de 5\"><span class=\"gw-freetours-star gw-freetours-star--full\" aria-hidden=\"true\">\u2605<\/span><span class=\"gw-freetours-star gw-freetours-star--full\" aria-hidden=\"true\">\u2605<\/span><span class=\"gw-freetours-star gw-freetours-star--full\" aria-hidden=\"true\">\u2605<\/span><span class=\"gw-freetours-star gw-freetours-star--full\" aria-hidden=\"true\">\u2605<\/span><span class=\"gw-freetours-star gw-freetours-star--half\" aria-hidden=\"true\">\u2606<\/span><span class=\"gw-freetours-rating__count\">5,0 (523)<\/span><\/div><\/div><\/div><\/div><\/div><\/div><\/div>\n\n\n<h3 class=\"wp-block-heading\" id=\"santa-maria-del-mar\">Santa Mar\u00eda del Mar<\/h3>\n\n\n\n<figure class=\"wp-block-image size-large\"><img decoding=\"async\" width=\"1024\" height=\"683\" src=\"https:\/\/blog.guruwalk.com\/wp-content\/uploads\/2025\/10\/plant-decorative-plant-outdoor-blue-sky-cielo-1024x683.webp\" alt=\"Bas\u00edlica de Santa Mar\u00eda del Mar en Barcelona\" class=\"wp-image-38497\" srcset=\"https:\/\/blog.guruwalk.com\/wp-content\/uploads\/2025\/10\/plant-decorative-plant-outdoor-blue-sky-cielo-1024x683.webp 1024w, https:\/\/blog.guruwalk.com\/wp-content\/uploads\/2025\/10\/plant-decorative-plant-outdoor-blue-sky-cielo-300x200.webp 300w, https:\/\/blog.guruwalk.com\/wp-content\/uploads\/2025\/10\/plant-decorative-plant-outdoor-blue-sky-cielo-768x512.webp 768w, https:\/\/blog.guruwalk.com\/wp-content\/uploads\/2025\/10\/plant-decorative-plant-outdoor-blue-sky-cielo.webp 1536w\" sizes=\"(max-width: 1024px) 100vw, 1024px\" \/><figcaption class=\"wp-element-caption\">Santa Mar\u00eda del Mar en Barcelona<\/figcaption><\/figure>\n\n\n\n<p class=\"wp-block-paragraph\">La bas\u00edlica destaca por su nave amplia, las columnas esbeltas y la sobriedad del g\u00f3tico catal\u00e1n. Si las cubiertas est\u00e1n abiertas, la visita permite observar el Born desde una perspectiva elevada.<\/p>\n\n\n\n<h3 class=\"wp-block-heading\" id=\"parc-ciutadella\">Parc de la Ciutadella<\/h3>\n\n\n\n<figure class=\"wp-block-image size-large\"><img decoding=\"async\" width=\"1024\" height=\"683\" src=\"https:\/\/blog.guruwalk.com\/wp-content\/uploads\/2025\/10\/outdoor-cielo-cloudy-blue-sky-plant-1024x683.webp\" alt=\"Vegetaci\u00f3n y cascada del Parc de la Ciutadella en Barcelona\" class=\"wp-image-38501\" srcset=\"https:\/\/blog.guruwalk.com\/wp-content\/uploads\/2025\/10\/outdoor-cielo-cloudy-blue-sky-plant-1024x683.webp 1024w, https:\/\/blog.guruwalk.com\/wp-content\/uploads\/2025\/10\/outdoor-cielo-cloudy-blue-sky-plant-300x200.webp 300w, https:\/\/blog.guruwalk.com\/wp-content\/uploads\/2025\/10\/outdoor-cielo-cloudy-blue-sky-plant-768x512.webp 768w, https:\/\/blog.guruwalk.com\/wp-content\/uploads\/2025\/10\/outdoor-cielo-cloudy-blue-sky-plant.webp 1536w\" sizes=\"(max-width: 1024px) 100vw, 1024px\" \/><figcaption class=\"wp-element-caption\">Parc de la Ciutadella en Barcelona<\/figcaption><\/figure>\n\n\n\n<p class=\"wp-block-paragraph\">El parque cuenta con praderas, un lago, la cascada monumental y caminos que conectan el Born con el Arc de Triomf. Es una parada \u00fatil para descansar sin desviarse de la ruta por la Ciutat Vella.<\/p>\n\n\n\n<h3 class=\"wp-block-heading\" id=\"montjuic\">Montju\u00efc<\/h3>\n\n\n\n<p class=\"wp-block-paragraph\">La monta\u00f1a de Montju\u00efc concentra museos, jardines, instalaciones ol\u00edmpicas y miradores sobre el puerto. MNAC, Fundaci\u00f3n Joan Mir\u00f3 y castillo requieren varias horas si se visitan por dentro, por lo que conviene seleccionar una o dos paradas.<\/p>\n\n\n\n<h3 class=\"wp-block-heading\" id=\"mnac\">MNAC<\/h3>\n\n\n\n<figure class=\"wp-block-image size-large\"><img decoding=\"async\" width=\"1024\" height=\"683\" src=\"https:\/\/blog.guruwalk.com\/wp-content\/uploads\/2025\/10\/structure-dome-outdoor-blue-sky-cielo-1024x683.webp\" alt=\"Palau Nacional, sede del MNAC en Barcelona\" class=\"wp-image-38504\" srcset=\"https:\/\/blog.guruwalk.com\/wp-content\/uploads\/2025\/10\/structure-dome-outdoor-blue-sky-cielo-1024x683.webp 1024w, https:\/\/blog.guruwalk.com\/wp-content\/uploads\/2025\/10\/structure-dome-outdoor-blue-sky-cielo-300x200.webp 300w, https:\/\/blog.guruwalk.com\/wp-content\/uploads\/2025\/10\/structure-dome-outdoor-blue-sky-cielo-768x512.webp 768w, https:\/\/blog.guruwalk.com\/wp-content\/uploads\/2025\/10\/structure-dome-outdoor-blue-sky-cielo.webp 1536w\" sizes=\"(max-width: 1024px) 100vw, 1024px\" \/><figcaption class=\"wp-element-caption\">Museu Nacional d\u2019Art de Catalunya en Barcelona<\/figcaption><\/figure>\n\n\n\n<p class=\"wp-block-paragraph\">El <a href=\"https:\/\/www.museunacional.cat\/es\" rel=\"nofollow noreferrer noopener\" target=\"_blank\">Museu Nacional d\u2019Art de Catalunya<\/a> re\u00fane colecciones de arte catal\u00e1n, entre ellas un conjunto destacado de pintura mural rom\u00e1nica. Desde la escalinata del Palau Nacional se observa el eje de la avenida de la Reina Maria Cristina.<\/p>\n\n\n\n<h3 class=\"wp-block-heading\" id=\"fundacio-miro\">Fundaci\u00f3n Joan Mir\u00f3<\/h3>\n\n\n\n<figure class=\"wp-block-image size-large\"><img decoding=\"async\" width=\"1024\" height=\"683\" src=\"https:\/\/blog.guruwalk.com\/wp-content\/uploads\/2025\/10\/outdoor-land-grass-cielo-blue-sky-1-1024x683.webp\" alt=\"Exterior de la Fundaci\u00f3n Joan Mir\u00f3 en Montju\u00efc, Barcelona\" class=\"wp-image-38507\" srcset=\"https:\/\/blog.guruwalk.com\/wp-content\/uploads\/2025\/10\/outdoor-land-grass-cielo-blue-sky-1-1024x683.webp 1024w, https:\/\/blog.guruwalk.com\/wp-content\/uploads\/2025\/10\/outdoor-land-grass-cielo-blue-sky-1-300x200.webp 300w, https:\/\/blog.guruwalk.com\/wp-content\/uploads\/2025\/10\/outdoor-land-grass-cielo-blue-sky-1-768x512.webp 768w, https:\/\/blog.guruwalk.com\/wp-content\/uploads\/2025\/10\/outdoor-land-grass-cielo-blue-sky-1.webp 1536w\" sizes=\"(max-width: 1024px) 100vw, 1024px\" \/><figcaption class=\"wp-element-caption\">Fundaci\u00f3n Joan Mir\u00f3 en Barcelona<\/figcaption><\/figure>\n\n\n\n<p class=\"wp-block-paragraph\">El edificio de Josep Llu\u00eds Sert utiliza patios, terrazas y luz natural para presentar pinturas, esculturas y obra gr\u00e1fica de Joan Mir\u00f3. La visita encaja con un recorrido por los jardines y museos de Montju\u00efc.<\/p>\n\n\n\n<h3 class=\"wp-block-heading\" id=\"castillo-montjuic\">Castillo de Montju\u00efc<\/h3>\n\n\n\n<figure class=\"wp-block-image size-large\"><img decoding=\"async\" width=\"1024\" height=\"683\" src=\"https:\/\/blog.guruwalk.com\/wp-content\/uploads\/2025\/10\/outdoor-land-grass-cielo-blue-sky-1-2-1024x683.webp\" alt=\"Murallas del Castillo de Montju\u00efc en Barcelona\" class=\"wp-image-38510\" srcset=\"https:\/\/blog.guruwalk.com\/wp-content\/uploads\/2025\/10\/outdoor-land-grass-cielo-blue-sky-1-2-1024x683.webp 1024w, https:\/\/blog.guruwalk.com\/wp-content\/uploads\/2025\/10\/outdoor-land-grass-cielo-blue-sky-1-2-300x200.webp 300w, https:\/\/blog.guruwalk.com\/wp-content\/uploads\/2025\/10\/outdoor-land-grass-cielo-blue-sky-1-2-768x512.webp 768w, https:\/\/blog.guruwalk.com\/wp-content\/uploads\/2025\/10\/outdoor-land-grass-cielo-blue-sky-1-2.webp 1536w\" sizes=\"(max-width: 1024px) 100vw, 1024px\" \/><figcaption class=\"wp-element-caption\">Castillo de Montju\u00efc en Barcelona<\/figcaption><\/figure>\n\n\n\n<p class=\"wp-block-paragraph\">La fortaleza ocupa la parte alta de Montju\u00efc y conserva murallas, foso y piezas de artiller\u00eda. El per\u00edmetro ofrece vistas del puerto y del frente mar\u00edtimo; el telef\u00e9rico es una de las opciones de acceso.<\/p>\n\n\n\n<h3 class=\"wp-block-heading\" id=\"barceloneta\">La Barceloneta<\/h3>\n\n\n\n<figure class=\"wp-block-image size-large\"><img decoding=\"async\" width=\"1024\" height=\"683\" src=\"https:\/\/blog.guruwalk.com\/wp-content\/uploads\/2025\/10\/outdoor-cielo-blue-sky-land-hill-1024x683.webp\" alt=\"Playa y paseo mar\u00edtimo de la Barceloneta en Barcelona\" class=\"wp-image-38513\" srcset=\"https:\/\/blog.guruwalk.com\/wp-content\/uploads\/2025\/10\/outdoor-cielo-blue-sky-land-hill-1024x683.webp 1024w, https:\/\/blog.guruwalk.com\/wp-content\/uploads\/2025\/10\/outdoor-cielo-blue-sky-land-hill-300x200.webp 300w, https:\/\/blog.guruwalk.com\/wp-content\/uploads\/2025\/10\/outdoor-cielo-blue-sky-land-hill-768x512.webp 768w, https:\/\/blog.guruwalk.com\/wp-content\/uploads\/2025\/10\/outdoor-cielo-blue-sky-land-hill.webp 1536w\" sizes=\"(max-width: 1024px) 100vw, 1024px\" \/><figcaption class=\"wp-element-caption\">La Barceloneta y su frente mar\u00edtimo<\/figcaption><\/figure>\n\n\n\n<p class=\"wp-block-paragraph\">El antiguo barrio marinero conserva calles estrechas entre el Port Vell y la playa. El paseo mar\u00edtimo permite continuar hacia el Port Ol\u00edmpic o regresar a la Ciutat Vella por el muelle.<\/p>\n\n\n\n<h3 class=\"wp-block-heading\" id=\"tibidabo\">Tibidabo<\/h3>\n\n\n\n<figure class=\"wp-block-image\"><img decoding=\"async\" src=\"https:\/\/blog.guruwalk.com\/wp-content\/uploads\/2025\/03\/image-354.jpeg\" alt=\"Noria y atracciones del Tibidabo sobre Barcelona\"\/><figcaption class=\"wp-element-caption\">Parque de atracciones del Tibidabo en Barcelona<\/figcaption><\/figure>\n\n\n\n<p class=\"wp-block-paragraph\">La cima del Tibidabo re\u00fane un parque de atracciones hist\u00f3rico, una noria y el templo del Sagrado Coraz\u00f3n. El desplazamiento desde el centro ocupa una parte significativa del d\u00eda, as\u00ed que funciona mejor en una estancia de dos o tres jornadas.<\/p>\n\n\n<div class=\"gw-products-block\" style=\"--gw-nav-width:30px; --gw-nav-height:30px; --gw-chevron-w:15px; --gw-chevron-h:15px; --gw-circle-color:#0a5bd9; --gw-chevron-color:#0a5bd9;\"><div class=\"gw-products-carousel\" aria-live=\"polite\"><article class=\"gw-card\"><div class=\"gw-card__image\"><img decoding=\"async\" class=\"gw-card__photo\" src=\"https:\/\/blog.guruwalk.com\/wp-content\/uploads\/gw-products\/images\/0f45a26e6cd346f07463480b217756ef.webp\" alt=\"Parque de atracciones Tibidabo: Entrada\" loading=\"lazy\" \/><\/div><div class=\"gw-card__body\"><h3 class=\"gw-card__title\">Parque de atracciones Tibidabo: Entrada<\/h3><div class=\"gw-card__footer\"><div class=\"gw-card__meta\"><div class=\"gw-rating\" aria-label=\"Valoraci\u00f3n 4.1 de 5\"><span class=\"gw-star gw-star--full\" aria-hidden=\"true\">\u2605<\/span><span class=\"gw-star gw-star--full\" aria-hidden=\"true\">\u2605<\/span><span class=\"gw-star gw-star--full\" aria-hidden=\"true\">\u2605<\/span><span class=\"gw-star gw-star--full\" aria-hidden=\"true\">\u2605<\/span><span class=\"gw-star gw-star--empty\" aria-hidden=\"true\">\u2606<\/span><span class=\"gw-rating__count\">4,1 (640)<\/span><\/div><\/div><div class=\"gw-card__price\">Desde \u20ac15,50<\/div><\/div><\/div><a class=\"gw-card__link\" href=\"https:\/\/www.guruwalk.com\/es\/walks\/p2153-parque-de-atracciones-tibidabo-entrada-cGFub3B0ZXM\" target=\"_blank\" rel=\"noopener\" aria-label=\"Parque de atracciones Tibidabo: Entrada\"><\/a><\/article><\/div><\/div>\n\n\n<h3 class=\"wp-block-heading\" id=\"hospital-sant-pau\">Hospital de Sant Pau<\/h3>\n\n\n\n<figure class=\"wp-block-image\"><img decoding=\"async\" src=\"https:\/\/blog.guruwalk.com\/wp-content\/uploads\/2025\/03\/image-346.jpeg\" alt=\"Pabellones modernistas del Hospital de Sant Pau en Barcelona\"\/><figcaption class=\"wp-element-caption\">Recinto Modernista de Sant Pau en Barcelona<\/figcaption><\/figure>\n\n\n\n<p class=\"wp-block-paragraph\">El recinto modernista est\u00e1 formado por pabellones, jardines, c\u00fapulas cer\u00e1micas y t\u00faneles que conectaban antiguos espacios hospitalarios. La restauraci\u00f3n permite recorrer una parte del conjunto y entender su organizaci\u00f3n funcional.<\/p>\n\n\n<div class=\"gw-products-block\" style=\"--gw-nav-width:30px; --gw-nav-height:30px; --gw-chevron-w:15px; --gw-chevron-h:15px; --gw-circle-color:#0a5bd9; --gw-chevron-color:#0a5bd9;\"><div class=\"gw-products-carousel\" aria-live=\"polite\"><article class=\"gw-card\"><div class=\"gw-card__image\"><img decoding=\"async\" class=\"gw-card__photo\" src=\"https:\/\/blog.guruwalk.com\/wp-content\/uploads\/gw-products\/images\/0243f08434f38be972e7d959ca2db68b.webp\" alt=\"Recinto Modernista de Sant Pau: Entrada sin colas\" loading=\"lazy\" \/><\/div><div class=\"gw-card__body\"><h3 class=\"gw-card__title\">Recinto Modernista de Sant Pau: Entrada sin colas<\/h3><div class=\"gw-card__footer\"><div class=\"gw-card__meta\"><div class=\"gw-rating\" aria-label=\"Valoraci\u00f3n 4.7 de 5\"><span class=\"gw-star gw-star--full\" aria-hidden=\"true\">\u2605<\/span><span class=\"gw-star gw-star--full\" aria-hidden=\"true\">\u2605<\/span><span class=\"gw-star gw-star--full\" aria-hidden=\"true\">\u2605<\/span><span class=\"gw-star gw-star--full\" aria-hidden=\"true\">\u2605<\/span><span class=\"gw-star gw-star--half\" aria-hidden=\"true\">\u2606<\/span><span class=\"gw-rating__count\">4,7 (2596)<\/span><\/div><\/div><div class=\"gw-card__price\">Desde \u20ac17,00<\/div><\/div><\/div><a class=\"gw-card__link\" href=\"https:\/\/www.guruwalk.com\/es\/walks\/p1948-recinto-modernista-de-sant-pau-entrada-sin-colas-cGFub3B0ZXM\" target=\"_blank\" rel=\"noopener\" aria-label=\"Recinto Modernista de Sant Pau: Entrada sin colas\"><\/a><\/article><\/div><\/div>\n\n\n<h3 class=\"wp-block-heading\" id=\"palau-musica\">Palau de la M\u00fasica Catalana<\/h3>\n\n\n\n<figure class=\"wp-block-image\"><img decoding=\"async\" src=\"https:\/\/blog.guruwalk.com\/wp-content\/uploads\/2025\/03\/image-350.jpeg\" alt=\"Claraboya modernista del Palau de la M\u00fasica Catalana en Barcelona\"\/><figcaption class=\"wp-element-caption\">Interior del Palau de la M\u00fasica Catalana<\/figcaption><\/figure>\n\n\n\n<p class=\"wp-block-paragraph\">El auditorio combina columnas policromadas, mosaicos florales y una gran claraboya central. Las modalidades de visita dependen de la programaci\u00f3n, por lo que conviene consultar disponibilidad antes de incluir el interior.<\/p>\n\n\n\n<h3 class=\"wp-block-heading\" id=\"macba\">MACBA<\/h3>\n\n\n\n<figure class=\"wp-block-image\"><img decoding=\"async\" src=\"https:\/\/blog.guruwalk.com\/wp-content\/uploads\/2025\/03\/image-351.jpeg\" alt=\"Fachada blanca del MACBA en el Raval de Barcelona\"\/><figcaption class=\"wp-element-caption\">Museu d\u2019Art Contemporani de Barcelona<\/figcaption><\/figure>\n\n\n\n<p class=\"wp-block-paragraph\">El edificio blanco de Richard Meier contrasta con el tejido urbano del Raval. Sus salas presentan la colecci\u00f3n y exposiciones temporales de arte contempor\u00e1neo; la plaza exterior es tambi\u00e9n un punto habitual de encuentro para patinadores.<\/p>\n\n\n\n<h3 class=\"wp-block-heading\" id=\"encants\">Encants Barcelona<\/h3>\n\n\n\n<figure class=\"wp-block-image\"><img decoding=\"async\" src=\"https:\/\/blog.guruwalk.com\/wp-content\/uploads\/2025\/03\/image-355.jpeg\" alt=\"Mercado de los Encants y su cubierta espejada en Barcelona\"\/><figcaption class=\"wp-element-caption\">Mercado de los Encants en Barcelona<\/figcaption><\/figure>\n\n\n\n<p class=\"wp-block-paragraph\">El mercado re\u00fane subastas y puestos de muebles, discos, ropa, herramientas y objetos de segunda mano bajo una cubierta espejada. Consulta los d\u00edas de apertura antes de desplazarte hasta la zona de Gl\u00f2ries.<\/p>\n\n\n\n<h3 class=\"wp-block-heading\" id=\"monumento-colon\">Monumento a Col\u00f3n<\/h3>\n\n\n\n<figure class=\"wp-block-image\"><img decoding=\"async\" src=\"https:\/\/blog.guruwalk.com\/wp-content\/uploads\/2025\/09\/outdoor-cielo-cloudy-blue-sky-art.webp\" alt=\"Monumento a Col\u00f3n al final de Las Ramblas en Barcelona\"\/><figcaption class=\"wp-element-caption\">Monumento a Col\u00f3n en Barcelona<\/figcaption><\/figure>\n\n\n\n<p class=\"wp-block-paragraph\">La columna se\u00f1ala el punto donde La Rambla llega al puerto. Cuando el ascensor est\u00e1 operativo, el peque\u00f1o mirador permite observar el Port Vell y la parte baja de la Ciutat Vella.<\/p>\n\n\n\n<h3 class=\"wp-block-heading\" id=\"port-vell\">Port Vell<\/h3>\n\n\n\n<figure class=\"wp-block-image size-large\"><img decoding=\"async\" width=\"1024\" height=\"683\" src=\"https:\/\/blog.guruwalk.com\/wp-content\/uploads\/2025\/10\/outdoor-cielo-cloudy-blue-sky-liquid-1-1024x683.webp\" alt=\"Embarcaciones y muelles del Port Vell de Barcelona\" class=\"wp-image-38516\" srcset=\"https:\/\/blog.guruwalk.com\/wp-content\/uploads\/2025\/10\/outdoor-cielo-cloudy-blue-sky-liquid-1-1024x683.webp 1024w, https:\/\/blog.guruwalk.com\/wp-content\/uploads\/2025\/10\/outdoor-cielo-cloudy-blue-sky-liquid-1-300x200.webp 300w, https:\/\/blog.guruwalk.com\/wp-content\/uploads\/2025\/10\/outdoor-cielo-cloudy-blue-sky-liquid-1-768x512.webp 768w, https:\/\/blog.guruwalk.com\/wp-content\/uploads\/2025\/10\/outdoor-cielo-cloudy-blue-sky-liquid-1.webp 1536w\" sizes=\"(max-width: 1024px) 100vw, 1024px\" \/><figcaption class=\"wp-element-caption\">Port Vell de Barcelona<\/figcaption><\/figure>\n\n\n\n<p class=\"wp-block-paragraph\">La Rambla del Mar conecta el final de Las Ramblas con los muelles y el Marem\u00e0gnum. Es un paseo breve que puede enlazarse con la Barceloneta o con el regreso al Barrio G\u00f3tico.<\/p>\n\n\n\n<h3 class=\"wp-block-heading\" id=\"plaza-reial\">Pla\u00e7a Reial<\/h3>\n\n\n\n<figure class=\"wp-block-image size-large\"><img decoding=\"async\" width=\"1024\" height=\"683\" src=\"https:\/\/blog.guruwalk.com\/wp-content\/uploads\/2025\/10\/plant-palm-tree-arbol-outdoor-cielo-1-2-1024x683.webp\" alt=\"Palmeras y soportales de Pla\u00e7a Reial en Barcelona\" class=\"wp-image-38519\" srcset=\"https:\/\/blog.guruwalk.com\/wp-content\/uploads\/2025\/10\/plant-palm-tree-arbol-outdoor-cielo-1-2-1024x683.webp 1024w, https:\/\/blog.guruwalk.com\/wp-content\/uploads\/2025\/10\/plant-palm-tree-arbol-outdoor-cielo-1-2-300x200.webp 300w, https:\/\/blog.guruwalk.com\/wp-content\/uploads\/2025\/10\/plant-palm-tree-arbol-outdoor-cielo-1-2-768x512.webp 768w, https:\/\/blog.guruwalk.com\/wp-content\/uploads\/2025\/10\/plant-palm-tree-arbol-outdoor-cielo-1-2.webp 1536w\" sizes=\"(max-width: 1024px) 100vw, 1024px\" \/><figcaption class=\"wp-element-caption\">Pla\u00e7a Reial en Barcelona<\/figcaption><\/figure>\n\n\n\n<p class=\"wp-block-paragraph\">La plaza neocl\u00e1sica se organiza alrededor de palmeras, soportales y terrazas. Las farolas fueron dise\u00f1adas por Antoni Gaud\u00ed durante una etapa temprana de su carrera.<\/p>\n\n\n\n<h2 class=\"wp-block-heading\" id=\"itinerario-1-dia\">Itinerario de 1 d\u00eda por Barcelona<\/h2>\n\n\n\n<figure class=\"wp-block-image size-large\"><img decoding=\"async\" width=\"1024\" height=\"683\" src=\"https:\/\/blog.guruwalk.com\/wp-content\/uploads\/2025\/10\/toy-diorama-outdoor-land-grass-1024x683.webp\" alt=\"Representaci\u00f3n del itinerario por el Eixample de Barcelona\" class=\"wp-image-38531\" srcset=\"https:\/\/blog.guruwalk.com\/wp-content\/uploads\/2025\/10\/toy-diorama-outdoor-land-grass-1024x683.webp 1024w, https:\/\/blog.guruwalk.com\/wp-content\/uploads\/2025\/10\/toy-diorama-outdoor-land-grass-300x200.webp 300w, https:\/\/blog.guruwalk.com\/wp-content\/uploads\/2025\/10\/toy-diorama-outdoor-land-grass-768x512.webp 768w, https:\/\/blog.guruwalk.com\/wp-content\/uploads\/2025\/10\/toy-diorama-outdoor-land-grass.webp 1536w\" sizes=\"(max-width: 1024px) 100vw, 1024px\" \/><figcaption class=\"wp-element-caption\">Itinerario por el Eixample barcelon\u00e9s<\/figcaption><\/figure>\n\n\n\n<p class=\"wp-block-paragraph\">La tabla organiza una jornada compacta y a\u00f1ade el traslado necesario entre paradas. Los tiempos son orientativos: ajusta el orden a las reservas y comprueba el estado del transporte antes de salir.<\/p>\n\n\n\n<figure class=\"wp-block-table\"><table><thead><tr><th>Hora<\/th><th>Parada y duraci\u00f3n<\/th><th>Siguiente trayecto<\/th><th>Modo<\/th><th>Margen recomendado<\/th><\/tr><\/thead><tbody><tr><td>08:30<\/td><td>Desayuno en el G\u00f3tico, 30\u201340 min<\/td><td>Hasta Sagrada Fam\u00edlia desde Jaume I, con transbordo en Verdaguer<\/td><td>Metro L4 y L5<\/td><td>25\u201330 min<\/td><\/tr><tr><td>09:15<\/td><td>Sagrada Familia, 90\u2013120 min<\/td><td>Sagrada Fam\u00edlia a Diagonal y paseo hasta Passeig de Gr\u00e0cia<\/td><td>Metro L5 y a pie<\/td><td>20\u201325 min<\/td><\/tr><tr><td>11:30<\/td><td>Passeig de Gr\u00e0cia, 50\u201360 min<\/td><td>Descenso hasta Pla\u00e7a de Catalunya<\/td><td>A pie<\/td><td>15\u201320 min<\/td><\/tr><tr><td>12:45<\/td><td>Ramblas y Boquer\u00eda, 60 min<\/td><td>Mercado a Pla\u00e7a del Rei y Catedral<\/td><td>A pie<\/td><td>10\u201315 min<\/td><\/tr><tr><td>14:00<\/td><td>Barrio G\u00f3tico, 60\u201375 min<\/td><td>Catedral a Santa Mar\u00eda del Mar y Born<\/td><td>A pie<\/td><td>10\u201315 min<\/td><\/tr><tr><td>15:15<\/td><td>El Born, 50\u201360 min<\/td><td>Jaume I a Verdaguer y conexi\u00f3n final hacia Park G\u00fcell<\/td><td>Metro L4 y bus o tramo a pie<\/td><td>40\u201350 min, incluidos 15 min de margen<\/td><\/tr><tr><td>17:00<\/td><td>Park G\u00fcell, 75\u201390 min<\/td><td>Descenso hacia el barrio de Gr\u00e0cia<\/td><td>Bus o a pie<\/td><td>25\u201335 min<\/td><\/tr><tr><td>19:00<\/td><td>Cena en Gr\u00e0cia, 75\u201390 min<\/td><td>Fontana o Diagonal a Espanya; conexi\u00f3n final en bus o a pie<\/td><td>Metro L3 y conexi\u00f3n final<\/td><td>40\u201350 min, incluidos 15 min de margen<\/td><\/tr><tr><td>21:00<\/td><td>Montju\u00efc, seg\u00fan calendario<\/td><td>Regreso desde Espanya<\/td><td>Metro o bus nocturno<\/td><td>20 min<\/td><\/tr><\/tbody><\/table><\/figure>\n\n\n\n<h3 class=\"wp-block-heading\">Si vas m\u00e1s d\u00edas<\/h3>\n\n\n\n<ul class=\"wp-block-list\">\n<li><strong>2 d\u00edas:<\/strong> a\u00f1ade Montju\u00efc, con MNAC, Fundaci\u00f3n Joan Mir\u00f3 o castillo, y reserva tiempo para Barceloneta y Port Vell.<\/li>\n\n\n\n<li><strong>3 d\u00edas:<\/strong> incorpora Tibidabo, Hospital de Sant Pau, Palau de la M\u00fasica y Encants.<\/li>\n<\/ul>\n\n\n\n<h3 class=\"wp-block-heading\">Entradas y log\u00edstica r\u00e1pida<\/h3>\n\n\n\n<ul class=\"wp-block-list\">\n<li><strong>Reservas con hora:<\/strong> comprueba disponibilidad para Sagrada Familia y Park G\u00fcell antes de fijar el resto de la ruta.<\/li>\n\n\n\n<li><strong>Transporte:<\/strong> usa el metro para los saltos largos y recorre a pie G\u00f3tico, Born y parte de Gr\u00e0cia.<\/li>\n\n\n\n<li><strong>Alternativas cubiertas:<\/strong> MNAC, Fundaci\u00f3n Joan Mir\u00f3, MACBA y Palau de la M\u00fasica permiten reorganizar el d\u00eda si llueve.<\/li>\n<\/ul>\n\n\n<div class=\"gw-products-block\" style=\"--gw-nav-width:30px; --gw-nav-height:30px; --gw-chevron-w:15px; --gw-chevron-h:15px; --gw-circle-color:#0a5bd9; --gw-chevron-color:#0a5bd9;\"><div class=\"gw-products-carousel\" aria-live=\"polite\"><article class=\"gw-card\"><div class=\"gw-card__image\"><img decoding=\"async\" class=\"gw-card__photo\" src=\"https:\/\/blog.guruwalk.com\/wp-content\/uploads\/gw-products\/images\/4e78775ee96aa7c0a8c85a48e9ae583f.webp\" alt=\"Parque de atracciones Tibidabo: Entrada\" loading=\"lazy\" \/><\/div><div class=\"gw-card__body\"><h3 class=\"gw-card__title\">Parque de atracciones Tibidabo: Entrada<\/h3><div class=\"gw-card__footer\"><div class=\"gw-card__meta\"><div class=\"gw-rating\" aria-label=\"Valoraci\u00f3n 4.1 de 5\"><span class=\"gw-star gw-star--full\" aria-hidden=\"true\">\u2605<\/span><span class=\"gw-star gw-star--full\" aria-hidden=\"true\">\u2605<\/span><span class=\"gw-star gw-star--full\" aria-hidden=\"true\">\u2605<\/span><span class=\"gw-star gw-star--full\" aria-hidden=\"true\">\u2605<\/span><span class=\"gw-star gw-star--empty\" aria-hidden=\"true\">\u2606<\/span><span class=\"gw-rating__count\">4,1 (639)<\/span><\/div><\/div><div class=\"gw-card__price\">Desde \u20ac15,50<\/div><\/div><\/div><a class=\"gw-card__link\" href=\"https:\/\/www.guruwalk.com\/es\/walks\/p2153-parque-de-atracciones-tibidabo-entrada-cGFub3B0ZXM\" target=\"_blank\" rel=\"noopener\" aria-label=\"Parque de atracciones Tibidabo: Entrada\"><\/a><\/article><article class=\"gw-card\"><div class=\"gw-card__image\"><img decoding=\"async\" class=\"gw-card__photo\" src=\"https:\/\/blog.guruwalk.com\/wp-content\/uploads\/gw-products\/images\/37eb5a039a9e0ff158789ed3f7a98b6b.webp\" alt=\"Entrada Azul a la Casa Batll\u00f3 con visita nocturna, cava y audiogu\u00eda\" loading=\"lazy\" \/><\/div><div class=\"gw-card__body\"><h3 class=\"gw-card__title\">Entrada Azul a la Casa Batll\u00f3 con visita nocturna, cava y audiogu\u00eda<\/h3><div class=\"gw-card__footer\"><div class=\"gw-card__meta\"><div class=\"gw-rating\" aria-label=\"Valoraci\u00f3n 4.4 de 5\"><span class=\"gw-star gw-star--full\" aria-hidden=\"true\">\u2605<\/span><span class=\"gw-star gw-star--full\" aria-hidden=\"true\">\u2605<\/span><span class=\"gw-star gw-star--full\" aria-hidden=\"true\">\u2605<\/span><span class=\"gw-star gw-star--full\" aria-hidden=\"true\">\u2605<\/span><span class=\"gw-star gw-star--empty\" aria-hidden=\"true\">\u2606<\/span><span class=\"gw-rating__count\">4,4 (23)<\/span><\/div><\/div><div class=\"gw-card__price\">Desde \u20ac29,00<\/div><\/div><\/div><a class=\"gw-card__link\" href=\"https:\/\/www.guruwalk.com\/es\/walks\/p2074-casa-batllo-entrada-estandar-de-noche-azul-cGFub3B0ZXM\" target=\"_blank\" rel=\"noopener\" aria-label=\"Entrada Azul a la Casa Batll\u00f3 con visita nocturna, cava y audiogu\u00eda\"><\/a><\/article><article class=\"gw-card\"><div class=\"gw-card__image\"><img decoding=\"async\" class=\"gw-card__photo\" src=\"https:\/\/blog.guruwalk.com\/wp-content\/uploads\/gw-products\/images\/b865e13210da08ef94b27aa981014b70.webp\" alt=\"Fundaci\u00f3 Joan Mir\u00f3: Entrada sin colas\" loading=\"lazy\" \/><\/div><div class=\"gw-card__body\"><h3 class=\"gw-card__title\">Fundaci\u00f3 Joan Mir\u00f3: Entrada sin colas<\/h3><div class=\"gw-card__footer\"><div class=\"gw-card__meta\"><div class=\"gw-rating\" aria-label=\"Valoraci\u00f3n 4.6 de 5\"><span class=\"gw-star gw-star--full\" aria-hidden=\"true\">\u2605<\/span><span class=\"gw-star gw-star--full\" aria-hidden=\"true\">\u2605<\/span><span class=\"gw-star gw-star--full\" aria-hidden=\"true\">\u2605<\/span><span class=\"gw-star gw-star--full\" aria-hidden=\"true\">\u2605<\/span><span class=\"gw-star gw-star--half\" aria-hidden=\"true\">\u2606<\/span><span class=\"gw-rating__count\">4,6 (2649)<\/span><\/div><\/div><div class=\"gw-card__price\">Desde \u20ac17,00<\/div><\/div><\/div><a class=\"gw-card__link\" href=\"https:\/\/www.guruwalk.com\/es\/walks\/p1706-fundacio-joan-miro-entrada-sin-colas-cGFub3B0ZXM\" target=\"_blank\" rel=\"noopener\" aria-label=\"Fundaci\u00f3 Joan Mir\u00f3: Entrada sin colas\"><\/a><\/article><article class=\"gw-card\"><div class=\"gw-card__image\"><img decoding=\"async\" class=\"gw-card__photo\" src=\"https:\/\/blog.guruwalk.com\/wp-content\/uploads\/gw-products\/images\/45d129f4eb9b8f359b435079eccfde89.webp\" alt=\"Recinto Modernista de Sant Pau: Entrada sin colas\" loading=\"lazy\" \/><\/div><div class=\"gw-card__body\"><h3 class=\"gw-card__title\">Recinto Modernista de Sant Pau: Entrada sin colas<\/h3><div class=\"gw-card__footer\"><div class=\"gw-card__meta\"><div class=\"gw-rating\" aria-label=\"Valoraci\u00f3n 4.7 de 5\"><span class=\"gw-star gw-star--full\" aria-hidden=\"true\">\u2605<\/span><span class=\"gw-star gw-star--full\" aria-hidden=\"true\">\u2605<\/span><span class=\"gw-star gw-star--full\" aria-hidden=\"true\">\u2605<\/span><span class=\"gw-star gw-star--full\" aria-hidden=\"true\">\u2605<\/span><span class=\"gw-star gw-star--half\" aria-hidden=\"true\">\u2606<\/span><span class=\"gw-rating__count\">4,7 (2594)<\/span><\/div><\/div><div class=\"gw-card__price\">Desde \u20ac17,00<\/div><\/div><\/div><a class=\"gw-card__link\" href=\"https:\/\/www.guruwalk.com\/es\/walks\/p1948-recinto-modernista-de-sant-pau-entrada-sin-colas-cGFub3B0ZXM\" target=\"_blank\" rel=\"noopener\" aria-label=\"Recinto Modernista de Sant Pau: Entrada sin colas\"><\/a><\/article><\/div><div class=\"gw-vertical-link-container\"><a href=\"https:\/\/www.guruwalk.com\/es\/a\/barcelona\/v1184-entradas-y-pases-en-barcelona\" target=\"_blank\" rel=\"noopener\" style=\"font-weight: bold;\">+ Pases Tur\u00edsticos<\/a><\/div><\/div>\n\n\n<h2 class=\"wp-block-heading\" id=\"transporte\">C\u00f3mo moverte por Barcelona<\/h2>\n\n\n\n<figure class=\"wp-block-image size-large\"><img decoding=\"async\" width=\"1024\" height=\"683\" src=\"https:\/\/blog.guruwalk.com\/wp-content\/uploads\/2025\/10\/machine-vehicle-train-train-real-structure-1-1024x683.webp\" alt=\"Tren de la red de metro TMB en Barcelona\" class=\"wp-image-38536\" srcset=\"https:\/\/blog.guruwalk.com\/wp-content\/uploads\/2025\/10\/machine-vehicle-train-train-real-structure-1-1024x683.webp 1024w, https:\/\/blog.guruwalk.com\/wp-content\/uploads\/2025\/10\/machine-vehicle-train-train-real-structure-1-300x200.webp 300w, https:\/\/blog.guruwalk.com\/wp-content\/uploads\/2025\/10\/machine-vehicle-train-train-real-structure-1-768x512.webp 768w, https:\/\/blog.guruwalk.com\/wp-content\/uploads\/2025\/10\/machine-vehicle-train-train-real-structure-1.webp 1536w\" sizes=\"(max-width: 1024px) 100vw, 1024px\" \/><figcaption class=\"wp-element-caption\">Metro TMB de Barcelona<\/figcaption><\/figure>\n\n\n\n<p class=\"wp-block-paragraph\">La red de <a href=\"https:\/\/www.tmb.cat\/es\/home\" rel=\"nofollow noreferrer noopener\" target=\"_blank\"><strong>Transports Metropolitans de Barcelona<\/strong><\/a> cubre los principales barrios. El metro resuelve los trayectos largos; autobuses, funiculares y recorridos a pie completan los accesos a zonas elevadas.<\/p>\n\n\n\n<figure class=\"wp-block-table\"><table><thead><tr><th>Transporte<\/th><th>Cu\u00e1ndo resulta \u00fatil<\/th><th>Qu\u00e9 comprobar<\/th><\/tr><\/thead><tbody><tr><td>Metro<\/td><td>Conexiones entre Sagrada Familia, Eixample, Ciutat Vella, Gr\u00e0cia y Espanya<\/td><td>Estado de l\u00edneas, \u00faltimo servicio y tarifa vigente<\/td><\/tr><tr><td>Autob\u00fas<\/td><td>Accesos finales a Park G\u00fcell, Montju\u00efc y zonas con pendiente<\/td><td>Parada, sentido, frecuencia y posibles desv\u00edos<\/td><\/tr><tr><td>Funicular y telef\u00e9rico<\/td><td>Accesos espec\u00edficos a Montju\u00efc y Tibidabo<\/td><td>Calendario, modalidad de billete y disponibilidad<\/td><\/tr><tr><td>A pie<\/td><td>G\u00f3tico, Born, Ramblas y Passeig de Gr\u00e0cia<\/td><td>Distancia y margen entre reservas<\/td><\/tr><\/tbody><\/table><\/figure>\n\n\n\n<p class=\"wp-block-paragraph\">Si vas a realizar varios trayectos, compara los t\u00edtulos de transporte vigentes en la web oficial. La opci\u00f3n adecuada depende del n\u00famero de viajes, las zonas y la duraci\u00f3n de la estancia.<\/p>\n\n\n\n<p class=\"wp-block-paragraph\">Para ampliar la ruta con visitas guiadas, entradas o excursiones, consulta los <a href=\"https:\/\/www.guruwalk.com\/es\/a\/barcelona\" target=\"_blank\" rel=\"noopener\">tours y actividades en Barcelona<\/a>.<\/p>\n\n\n\n<h2 class=\"wp-block-heading\" id=\"faq\">Preguntas frecuentes<\/h2>\n\n\n\n<h3 class=\"wp-block-heading\">\u00bfCu\u00e1l es la mejor \u00e9poca para visitar Barcelona?<\/h3>\n\n\n\n<p class=\"wp-block-paragraph\">Primavera y oto\u00f1o suelen ofrecer temperaturas m\u00e1s suaves que los meses centrales del verano. La Merc\u00e8, fiesta mayor de la ciudad, se celebra a finales de septiembre; consulta el programa de cada edici\u00f3n.<\/p>\n\n\n\n<h3 class=\"wp-block-heading\">\u00bfCu\u00e1ntos d\u00edas necesito?<\/h3>\n\n\n\n<p class=\"wp-block-paragraph\">Un d\u00eda permite cubrir una selecci\u00f3n compacta. Con dos o tres d\u00edas puedes a\u00f1adir Montju\u00efc, playas, miradores y museos sin concentrar tantos traslados.<\/p>\n\n\n\n<h3 class=\"wp-block-heading\">\u00bfEs una ciudad segura?<\/h3>\n\n\n\n<p class=\"wp-block-paragraph\">Barcelona requiere las precauciones habituales de una gran ciudad tur\u00edstica. Vigila tus pertenencias en Las Ramblas, el transporte lleno y las playas.<\/p>\n\n\n\n<h3 class=\"wp-block-heading\">\u00bfD\u00f3nde alojarme si quiero optimizar tiempos?<\/h3>\n\n\n\n<p class=\"wp-block-paragraph\"><strong>Eixample<\/strong> ofrece conexiones y una posici\u00f3n c\u00e9ntrica; <strong>G\u00f3tico y El Born<\/strong> facilitan los recorridos a pie; <strong>Gr\u00e0cia<\/strong> permite alojarse cerca de plazas residenciales y de los accesos al Park G\u00fcell.<\/p>\n\n\n\n<h3 class=\"wp-block-heading\">\u00bfQu\u00e9 conviene priorizar si solo tengo un d\u00eda?<\/h3>\n\n\n\n<p class=\"wp-block-paragraph\"><strong>Sagrada Familia, Passeig de Gr\u00e0cia, Ramblas, Boquer\u00eda, Barrio G\u00f3tico y una visita reservada al Park G\u00fcell.<\/strong> Si prefieres reducir traslados, elimina el Park G\u00fcell y dedica m\u00e1s tiempo al Born.<\/p>\n\n\n\n<script type=\"application\/ld+json\">\n{\"@context\":\"https:\/\/schema.org\",\"@type\":\"ItemList\",\"name\":\"25 lugares que ver en Barcelona\",\"numberOfItems\":25,\"itemListElement\":[{\"@type\":\"ListItem\",\"position\":1,\"name\":\"Sagrada Familia\",\"url\":\"https:\/\/blog.guruwalk.com\/es\/que-ver-en-barcelona-en-1-dia\/#sagrada-familia\"},{\"@type\":\"ListItem\",\"position\":2,\"name\":\"Park G\u00fcell\",\"url\":\"https:\/\/blog.guruwalk.com\/es\/que-ver-en-barcelona-en-1-dia\/#park-guell\"},{\"@type\":\"ListItem\",\"position\":3,\"name\":\"Passeig de Gr\u00e0cia\",\"url\":\"https:\/\/blog.guruwalk.com\/es\/que-ver-en-barcelona-en-1-dia\/#passeig-gracia\"},{\"@type\":\"ListItem\",\"position\":4,\"name\":\"Pla\u00e7a de Catalunya\",\"url\":\"https:\/\/blog.guruwalk.com\/es\/que-ver-en-barcelona-en-1-dia\/#plaza-cataluna\"},{\"@type\":\"ListItem\",\"position\":5,\"name\":\"Las Ramblas\",\"url\":\"https:\/\/blog.guruwalk.com\/es\/que-ver-en-barcelona-en-1-dia\/#las-ramblas\"},{\"@type\":\"ListItem\",\"position\":6,\"name\":\"El Raval\",\"url\":\"https:\/\/blog.guruwalk.com\/es\/que-ver-en-barcelona-en-1-dia\/#raval\"},{\"@type\":\"ListItem\",\"position\":7,\"name\":\"Mercado de La Boquer\u00eda\",\"url\":\"https:\/\/blog.guruwalk.com\/es\/que-ver-en-barcelona-en-1-dia\/#mercado-boqueria\"},{\"@type\":\"ListItem\",\"position\":8,\"name\":\"Barrio G\u00f3tico\",\"url\":\"https:\/\/blog.guruwalk.com\/es\/que-ver-en-barcelona-en-1-dia\/#barrio-gotico\"},{\"@type\":\"ListItem\",\"position\":9,\"name\":\"Catedral de Barcelona\",\"url\":\"https:\/\/blog.guruwalk.com\/es\/que-ver-en-barcelona-en-1-dia\/#catedral\"},{\"@type\":\"ListItem\",\"position\":10,\"name\":\"El Born\",\"url\":\"https:\/\/blog.guruwalk.com\/es\/que-ver-en-barcelona-en-1-dia\/#el-born\"},{\"@type\":\"ListItem\",\"position\":11,\"name\":\"Santa Mar\u00eda del Mar\",\"url\":\"https:\/\/blog.guruwalk.com\/es\/que-ver-en-barcelona-en-1-dia\/#santa-maria-del-mar\"},{\"@type\":\"ListItem\",\"position\":12,\"name\":\"Parc de la Ciutadella\",\"url\":\"https:\/\/blog.guruwalk.com\/es\/que-ver-en-barcelona-en-1-dia\/#parc-ciutadella\"},{\"@type\":\"ListItem\",\"position\":13,\"name\":\"Montju\u00efc\",\"url\":\"https:\/\/blog.guruwalk.com\/es\/que-ver-en-barcelona-en-1-dia\/#montjuic\"},{\"@type\":\"ListItem\",\"position\":14,\"name\":\"MNAC\",\"url\":\"https:\/\/blog.guruwalk.com\/es\/que-ver-en-barcelona-en-1-dia\/#mnac\"},{\"@type\":\"ListItem\",\"position\":15,\"name\":\"Fundaci\u00f3n Joan Mir\u00f3\",\"url\":\"https:\/\/blog.guruwalk.com\/es\/que-ver-en-barcelona-en-1-dia\/#fundacio-miro\"},{\"@type\":\"ListItem\",\"position\":16,\"name\":\"Castillo de Montju\u00efc\",\"url\":\"https:\/\/blog.guruwalk.com\/es\/que-ver-en-barcelona-en-1-dia\/#castillo-montjuic\"},{\"@type\":\"ListItem\",\"position\":17,\"name\":\"La Barceloneta\",\"url\":\"https:\/\/blog.guruwalk.com\/es\/que-ver-en-barcelona-en-1-dia\/#barceloneta\"},{\"@type\":\"ListItem\",\"position\":18,\"name\":\"Tibidabo\",\"url\":\"https:\/\/blog.guruwalk.com\/es\/que-ver-en-barcelona-en-1-dia\/#tibidabo\"},{\"@type\":\"ListItem\",\"position\":19,\"name\":\"Hospital de Sant Pau\",\"url\":\"https:\/\/blog.guruwalk.com\/es\/que-ver-en-barcelona-en-1-dia\/#hospital-sant-pau\"},{\"@type\":\"ListItem\",\"position\":20,\"name\":\"Palau de la M\u00fasica Catalana\",\"url\":\"https:\/\/blog.guruwalk.com\/es\/que-ver-en-barcelona-en-1-dia\/#palau-musica\"},{\"@type\":\"ListItem\",\"position\":21,\"name\":\"MACBA\",\"url\":\"https:\/\/blog.guruwalk.com\/es\/que-ver-en-barcelona-en-1-dia\/#macba\"},{\"@type\":\"ListItem\",\"position\":22,\"name\":\"Encants Barcelona\",\"url\":\"https:\/\/blog.guruwalk.com\/es\/que-ver-en-barcelona-en-1-dia\/#encants\"},{\"@type\":\"ListItem\",\"position\":23,\"name\":\"Monumento a Col\u00f3n\",\"url\":\"https:\/\/blog.guruwalk.com\/es\/que-ver-en-barcelona-en-1-dia\/#monumento-colon\"},{\"@type\":\"ListItem\",\"position\":24,\"name\":\"Port Vell\",\"url\":\"https:\/\/blog.guruwalk.com\/es\/que-ver-en-barcelona-en-1-dia\/#port-vell\"},{\"@type\":\"ListItem\",\"position\":25,\"name\":\"Pla\u00e7a Reial\",\"url\":\"https:\/\/blog.guruwalk.com\/es\/que-ver-en-barcelona-en-1-dia\/#plaza-reial\"}]}\n<\/script>\n\n\n\n<script type=\"application\/ld+json\">\n{\"@context\":\"https:\/\/schema.org\",\"@type\":\"HowTo\",\"name\":\"Itinerario de 1 d\u00eda por Barcelona\",\"description\":\"Ruta por Barcelona en un d\u00eda con duraci\u00f3n, transporte y margen entre paradas.\",\"totalTime\":\"PT12H30M\",\"step\":[{\"@type\":\"HowToStep\",\"position\":1,\"name\":\"Desayuno en el Barrio G\u00f3tico\",\"text\":\"Desayuno de 30 a 40 minutos y traslado en metro hasta Sagrada Fam\u00edlia.\"},{\"@type\":\"HowToStep\",\"position\":2,\"name\":\"Sagrada Familia\",\"text\":\"Visita de 90 a 120 minutos; despu\u00e9s, L5 hasta Diagonal y paseo por Passeig de Gr\u00e0cia.\"},{\"@type\":\"HowToStep\",\"position\":3,\"name\":\"Passeig de Gr\u00e0cia\",\"text\":\"Recorrido de 50 a 60 minutos y paseo hasta Pla\u00e7a de Catalunya.\"},{\"@type\":\"HowToStep\",\"position\":4,\"name\":\"Ramblas y Mercado de La Boquer\u00eda\",\"text\":\"Recorrido de una hora antes de continuar a pie hacia el Barrio G\u00f3tico.\"},{\"@type\":\"HowToStep\",\"position\":5,\"name\":\"Barrio G\u00f3tico y El Born\",\"text\":\"Visita a pie y margen para el traslado en metro y bus hacia Park G\u00fcell.\"},{\"@type\":\"HowToStep\",\"position\":6,\"name\":\"Park G\u00fcell\",\"text\":\"Visita reservada de 75 a 90 minutos y descenso hacia Gr\u00e0cia.\"},{\"@type\":\"HowToStep\",\"position\":7,\"name\":\"Cena en Gr\u00e0cia\",\"text\":\"Cena y traslado en L3 hacia Espanya para continuar a Montju\u00efc.\"},{\"@type\":\"HowToStep\",\"position\":8,\"name\":\"Montju\u00efc\",\"text\":\"Parada nocturna sujeta al calendario y regreso en metro o autob\u00fas.\"}],\"tool\":[{\"@type\":\"HowToTool\",\"name\":\"T\u00edtulo de transporte v\u00e1lido\"},{\"@type\":\"HowToTool\",\"name\":\"Entradas con reserva horaria\"}]}\n<\/script>\n\n\n\n<script type=\"application\/ld+json\">\n{\"@context\":\"https:\/\/schema.org\",\"@type\":\"FAQPage\",\"inLanguage\":\"es\",\"mainEntity\":[{\"@type\":\"Question\",\"name\":\"\u00bfCu\u00e1l es la mejor \u00e9poca para visitar Barcelona?\",\"acceptedAnswer\":{\"@type\":\"Answer\",\"text\":\"Primavera y oto\u00f1o suelen ofrecer temperaturas m\u00e1s suaves que los meses centrales del verano. La Merc\u00e8 se celebra a finales de septiembre; conviene consultar el programa de cada edici\u00f3n.\"}},{\"@type\":\"Question\",\"name\":\"\u00bfCu\u00e1ntos d\u00edas necesito para ver Barcelona?\",\"acceptedAnswer\":{\"@type\":\"Answer\",\"text\":\"Un d\u00eda permite cubrir una selecci\u00f3n compacta; dos o tres d\u00edas dejan tiempo para Montju\u00efc, playas, miradores y museos.\"}},{\"@type\":\"Question\",\"name\":\"\u00bfEs segura Barcelona?\",\"acceptedAnswer\":{\"@type\":\"Answer\",\"text\":\"Requiere las precauciones habituales de una gran ciudad tur\u00edstica, especialmente con las pertenencias en Las Ramblas, el transporte lleno y las playas.\"}},{\"@type\":\"Question\",\"name\":\"\u00bfD\u00f3nde alojarme para optimizar tiempos?\",\"acceptedAnswer\":{\"@type\":\"Answer\",\"text\":\"Eixample por sus conexiones; G\u00f3tico y El Born para recorridos a pie; Gr\u00e0cia para alojarse cerca del Park G\u00fcell.\"}},{\"@type\":\"Question\",\"name\":\"\u00bfQu\u00e9 conviene priorizar si solo tengo un d\u00eda?\",\"acceptedAnswer\":{\"@type\":\"Answer\",\"text\":\"Sagrada Familia, Passeig de Gr\u00e0cia, Ramblas, Boquer\u00eda, Barrio G\u00f3tico y una visita reservada al Park G\u00fcell.\"}}]}\n<\/script>\n","protected":false},"excerpt":{"rendered":"<p>Gu\u00eda pr\u00e1ctica para visitar Barcelona: los mejores lugares, mapa interactivo, trucos de transporte y un itinerario de 1 d\u00eda listo para usar.<\/p>\n","protected":false},"author":2,"featured_media":37610,"comment_status":"closed","ping_status":"open","sticky":false,"template":"","format":"standard","meta":{"footnotes":""},"categories":[286,102,82],"tags":[460,359,376,362],"class_list":["post-22079","post","type-post","status-publish","format-standard","has-post-thumbnail","hentry","category-barcelona-es","category-espana","category-europa","tag-guias-2","tag-que-ver","tag-tier-fijo","tag-tier-1","generate-columns","tablet-grid-50","mobile-grid-100","grid-parent","grid-33"],"_links":{"self":[{"href":"https:\/\/blog.guruwalk.com\/es\/wp-json\/wp\/v2\/posts\/22079","targetHints":{"allow":["GET"]}}],"collection":[{"href":"https:\/\/blog.guruwalk.com\/es\/wp-json\/wp\/v2\/posts"}],"about":[{"href":"https:\/\/blog.guruwalk.com\/es\/wp-json\/wp\/v2\/types\/post"}],"author":[{"embeddable":true,"href":"https:\/\/blog.guruwalk.com\/es\/wp-json\/wp\/v2\/users\/2"}],"replies":[{"embeddable":true,"href":"https:\/\/blog.guruwalk.com\/es\/wp-json\/wp\/v2\/comments?post=22079"}],"version-history":[{"count":35,"href":"https:\/\/blog.guruwalk.com\/es\/wp-json\/wp\/v2\/posts\/22079\/revisions"}],"predecessor-version":[{"id":48291,"href":"https:\/\/blog.guruwalk.com\/es\/wp-json\/wp\/v2\/posts\/22079\/revisions\/48291"}],"wp:featuredmedia":[{"embeddable":true,"href":"https:\/\/blog.guruwalk.com\/es\/wp-json\/wp\/v2\/media\/37610"}],"wp:attachment":[{"href":"https:\/\/blog.guruwalk.com\/es\/wp-json\/wp\/v2\/media?parent=22079"}],"wp:term":[{"taxonomy":"category","embeddable":true,"href":"https:\/\/blog.guruwalk.com\/es\/wp-json\/wp\/v2\/categories?post=22079"},{"taxonomy":"post_tag","embeddable":true,"href":"https:\/\/blog.guruwalk.com\/es\/wp-json\/wp\/v2\/tags?post=22079"}],"curies":[{"name":"wp","href":"https:\/\/api.w.org\/{rel}","templated":true}]}}