{"id":23620,"date":"2025-11-28T09:25:21","date_gmt":"2025-11-28T08:25:21","guid":{"rendered":"https:\/\/blog.guruwalk.com\/?p=23620"},"modified":"2026-08-27T13:18:00","modified_gmt":"2026-08-27T12:18:00","slug":"que-ver-en-ibiza-lugares-imprescindibles","status":"publish","type":"post","link":"https:\/\/blog.guruwalk.com\/es\/que-ver-en-ibiza-lugares-imprescindibles\/","title":{"rendered":"Qu\u00e9 ver en Ibiza \u00a1Lugares imprescindibles!"},"content":{"rendered":"\n<p class=\"wp-block-paragraph\">\u00bfQu\u00e9 ver en Ibiza? Dalt Vila, Es Vedr\u00e0, Ses Salines y los pueblos del interior muestran una isla que combina patrimonio, costa y n\u00facleos rurales. Esta gu\u00eda re\u00fane lugares concretos, conexiones \u00fatiles y opciones para empezar con un <a href=\"https:\/\/www.guruwalk.com\/es\/ibiza\" target=\"_blank\" rel=\"noopener\">free tour en Ibiza<\/a>.<\/p>\n\n\n\n<p style=\"font-size:0.85em;color:#666;border-left:3px solid #ddd;padding:4px 0 4px 12px;margin:12px 0\"><strong>Datos verificados: agosto 2026<\/strong> \u2014 Precios, horarios y requisitos de reserva comprobados con fuentes oficiales. Los gurus de GuruWalk en Ibiza revisaron las recomendaciones pr\u00e1cticas.<\/p>\n\n\n<div class=\"qvgw-indimg-places-grid\" id=\"qvgw-indimg-places-grid-2\" data-iib-headings=\"[{&quot;id&quot;:&quot;mejores-free-tours&quot;,&quot;position&quot;:0,&quot;title&quot;:&quot;Mejores Free Tours en Ibiza&quot;},{&quot;id&quot;:&quot;dalt-vila&quot;,&quot;position&quot;:1,&quot;title&quot;:&quot;Dalt Vila&quot;},{&quot;id&quot;:&quot;mirador-de-es-vedra&quot;,&quot;position&quot;:2,&quot;title&quot;:&quot;Mirador de Es Vedr\\u00e0&quot;},{&quot;id&quot;:&quot;mercadillo-hippy-las-dalias&quot;,&quot;position&quot;:3,&quot;title&quot;:&quot;Mercadillo Hippy Las Dalias&quot;},{&quot;id&quot;:&quot;parque-natural-de-ses-salines&quot;,&quot;position&quot;:4,&quot;title&quot;:&quot;Parque Natural de Ses Salines&quot;},{&quot;id&quot;:&quot;pueblos-y-ruta-por-el-interior-de-ibiza&quot;,&quot;position&quot;:5,&quot;title&quot;:&quot;Pueblos y ruta por el interior de Ibiza&quot;},{&quot;id&quot;:&quot;excursiones-y-actividades-acuaticas-en-ibiza&quot;,&quot;position&quot;:6,&quot;title&quot;:&quot;Excursiones y actividades acu\\u00e1ticas en Ibiza&quot;},{&quot;id&quot;:&quot;necropolis-puig-des-molins&quot;,&quot;position&quot;:7,&quot;title&quot;:&quot;Necr\\u00f3polis Puig des Molins&quot;},{&quot;id&quot;:&quot;cala-comte&quot;,&quot;position&quot;:8,&quot;title&quot;:&quot;Cala Comte&quot;},{&quot;id&quot;:&quot;es-vedra&quot;,&quot;position&quot;:9,&quot;title&quot;:&quot;Es Vedr\\u00e0&quot;},{&quot;id&quot;:&quot;sant-antoni-de-portmany&quot;,&quot;position&quot;:10,&quot;title&quot;:&quot;Sant Antoni de Portmany&quot;},{&quot;id&quot;:&quot;preguntas-frecuentes-sobre-que-ver-en-ibiza&quot;,&quot;position&quot;:11,&quot;title&quot;:&quot;Preguntas frecuentes sobre qu\\u00e9 ver en Ibiza&quot;},{&quot;id&quot;:&quot;como-organizar-una-visita-a-ibiza&quot;,&quot;position&quot;:12,&quot;title&quot;:&quot;C\\u00f3mo organizar una visita a Ibiza&quot;}]\"><div class=\"qvgw-indimg-places-cards\"><div class=\"qvgw-indimg-place-card\"><a href=\"#mejores-free-tours\" class=\"qvgw-indimg-place-card__content no-image\"><p class=\"qvgw-indimg-place-card__title\">1. Mejores Free Tours en Ibiza<\/p><span class=\"qvgw-indimg-place-card__arrow\"><svg width=\"24\" height=\"24\" viewBox=\"0 0 24 24\" fill=\"none\" stroke=\"currentColor\" stroke-width=\"2\"><path d=\"M6 9l6 6 6-6\"><\/path><\/svg><\/span><\/a><\/div><div class=\"qvgw-indimg-place-card\"><a href=\"#dalt-vila\" class=\"qvgw-indimg-place-card__content\"><div class=\"qvgw-indimg-place-card__image\"><img decoding=\"async\" src=\"https:\/\/blog.guruwalk.com\/wp-content\/uploads\/img\/dalt_vila_ibiza.webp\" alt=\"Dalt Vila\"><\/div><p class=\"qvgw-indimg-place-card__title\">2. Dalt Vila<\/p><span class=\"qvgw-indimg-place-card__arrow\"><svg width=\"24\" height=\"24\" viewBox=\"0 0 24 24\" fill=\"none\" stroke=\"currentColor\" stroke-width=\"2\"><path d=\"M6 9l6 6 6-6\"><\/path><\/svg><\/span><\/a><\/div><div class=\"qvgw-indimg-place-card\"><a href=\"#mirador-de-es-vedra\" class=\"qvgw-indimg-place-card__content\"><div class=\"qvgw-indimg-place-card__image\"><img decoding=\"async\" src=\"https:\/\/blog.guruwalk.com\/wp-content\/uploads\/img\/mirador_de_es_vedra.webp\" alt=\"Mirador de Es Vedr\u00e0\"><\/div><p class=\"qvgw-indimg-place-card__title\">3. Mirador de Es Vedr\u00e0<\/p><span class=\"qvgw-indimg-place-card__arrow\"><svg width=\"24\" height=\"24\" viewBox=\"0 0 24 24\" fill=\"none\" stroke=\"currentColor\" stroke-width=\"2\"><path d=\"M6 9l6 6 6-6\"><\/path><\/svg><\/span><\/a><\/div><div class=\"qvgw-indimg-place-card\"><a href=\"#mercadillo-hippy-las-dalias\" class=\"qvgw-indimg-place-card__content\"><div class=\"qvgw-indimg-place-card__image\"><img decoding=\"async\" src=\"https:\/\/blog.guruwalk.com\/wp-content\/uploads\/2025\/05\/image-18.png\" alt=\"Mercadillo Hippy Las Dalias\"><\/div><p class=\"qvgw-indimg-place-card__title\">4. Mercadillo Hippy Las Dalias<\/p><span class=\"qvgw-indimg-place-card__arrow\"><svg width=\"24\" height=\"24\" viewBox=\"0 0 24 24\" fill=\"none\" stroke=\"currentColor\" stroke-width=\"2\"><path d=\"M6 9l6 6 6-6\"><\/path><\/svg><\/span><\/a><\/div><div class=\"qvgw-indimg-place-card\"><a href=\"#parque-natural-de-ses-salines\" class=\"qvgw-indimg-place-card__content\"><div class=\"qvgw-indimg-place-card__image\"><img decoding=\"async\" src=\"https:\/\/blog.guruwalk.com\/wp-content\/uploads\/2025\/05\/image-19.png\" alt=\"Parque Natural de Ses Salines\"><\/div><p class=\"qvgw-indimg-place-card__title\">5. Parque Natural de Ses Salines<\/p><span class=\"qvgw-indimg-place-card__arrow\"><svg width=\"24\" height=\"24\" viewBox=\"0 0 24 24\" fill=\"none\" stroke=\"currentColor\" stroke-width=\"2\"><path d=\"M6 9l6 6 6-6\"><\/path><\/svg><\/span><\/a><\/div><div class=\"qvgw-indimg-place-card\"><a href=\"#pueblos-y-ruta-por-el-interior-de-ibiza\" class=\"qvgw-indimg-place-card__content no-image\"><p class=\"qvgw-indimg-place-card__title\">6. Pueblos y ruta por el interior de Ibiza<\/p><span class=\"qvgw-indimg-place-card__arrow\"><svg width=\"24\" height=\"24\" viewBox=\"0 0 24 24\" fill=\"none\" stroke=\"currentColor\" stroke-width=\"2\"><path d=\"M6 9l6 6 6-6\"><\/path><\/svg><\/span><\/a><\/div><div class=\"qvgw-indimg-place-card qvgw-indimg-place-card--hidden\"><a href=\"#excursiones-y-actividades-acuaticas-en-ibiza\" class=\"qvgw-indimg-place-card__content no-image\"><p class=\"qvgw-indimg-place-card__title\">7. Excursiones y actividades acu\u00e1ticas en Ibiza<\/p><span class=\"qvgw-indimg-place-card__arrow\"><svg width=\"24\" height=\"24\" viewBox=\"0 0 24 24\" fill=\"none\" stroke=\"currentColor\" stroke-width=\"2\"><path d=\"M6 9l6 6 6-6\"><\/path><\/svg><\/span><\/a><\/div><div class=\"qvgw-indimg-place-card qvgw-indimg-place-card--hidden\"><a href=\"#necropolis-puig-des-molins\" class=\"qvgw-indimg-place-card__content\"><div class=\"qvgw-indimg-place-card__image\"><img decoding=\"async\" src=\"https:\/\/blog.guruwalk.com\/wp-content\/uploads\/2025\/05\/image-20.png\" alt=\"Necr\u00f3polis Puig des Molins\"><\/div><p class=\"qvgw-indimg-place-card__title\">8. Necr\u00f3polis Puig des Molins<\/p><span class=\"qvgw-indimg-place-card__arrow\"><svg width=\"24\" height=\"24\" viewBox=\"0 0 24 24\" fill=\"none\" stroke=\"currentColor\" stroke-width=\"2\"><path d=\"M6 9l6 6 6-6\"><\/path><\/svg><\/span><\/a><\/div><div class=\"qvgw-indimg-place-card qvgw-indimg-place-card--hidden\"><a href=\"#cala-comte\" class=\"qvgw-indimg-place-card__content\"><div class=\"qvgw-indimg-place-card__image\"><img decoding=\"async\" src=\"https:\/\/blog.guruwalk.com\/wp-content\/uploads\/2025\/05\/image-21.png\" alt=\"Cala Comte\"><\/div><p class=\"qvgw-indimg-place-card__title\">9. Cala Comte<\/p><span class=\"qvgw-indimg-place-card__arrow\"><svg width=\"24\" height=\"24\" viewBox=\"0 0 24 24\" fill=\"none\" stroke=\"currentColor\" stroke-width=\"2\"><path d=\"M6 9l6 6 6-6\"><\/path><\/svg><\/span><\/a><\/div><div class=\"qvgw-indimg-place-card qvgw-indimg-place-card--hidden\"><a href=\"#es-vedra\" class=\"qvgw-indimg-place-card__content\"><div class=\"qvgw-indimg-place-card__image\"><img decoding=\"async\" src=\"https:\/\/blog.guruwalk.com\/wp-content\/uploads\/2025\/05\/image-22.png\" alt=\"Es Vedr\u00e0\"><\/div><p class=\"qvgw-indimg-place-card__title\">10. Es Vedr\u00e0<\/p><span class=\"qvgw-indimg-place-card__arrow\"><svg width=\"24\" height=\"24\" viewBox=\"0 0 24 24\" fill=\"none\" stroke=\"currentColor\" stroke-width=\"2\"><path d=\"M6 9l6 6 6-6\"><\/path><\/svg><\/span><\/a><\/div><div class=\"qvgw-indimg-place-card qvgw-indimg-place-card--hidden\"><a href=\"#sant-antoni-de-portmany\" class=\"qvgw-indimg-place-card__content\"><div class=\"qvgw-indimg-place-card__image\"><img decoding=\"async\" src=\"https:\/\/blog.guruwalk.com\/wp-content\/uploads\/2025\/05\/image-23.png\" alt=\"Sant Antoni de Portmany\"><\/div><p class=\"qvgw-indimg-place-card__title\">11. Sant Antoni de Portmany<\/p><span class=\"qvgw-indimg-place-card__arrow\"><svg width=\"24\" height=\"24\" viewBox=\"0 0 24 24\" fill=\"none\" stroke=\"currentColor\" stroke-width=\"2\"><path d=\"M6 9l6 6 6-6\"><\/path><\/svg><\/span><\/a><\/div><div class=\"qvgw-indimg-place-card qvgw-indimg-place-card--hidden\"><a href=\"#preguntas-frecuentes-sobre-que-ver-en-ibiza\" class=\"qvgw-indimg-place-card__content no-image\"><p class=\"qvgw-indimg-place-card__title\">12. Preguntas frecuentes sobre qu\u00e9 ver en Ibiza<\/p><span class=\"qvgw-indimg-place-card__arrow\"><svg width=\"24\" height=\"24\" viewBox=\"0 0 24 24\" fill=\"none\" stroke=\"currentColor\" stroke-width=\"2\"><path d=\"M6 9l6 6 6-6\"><\/path><\/svg><\/span><\/a><\/div><div class=\"qvgw-indimg-place-card qvgw-indimg-place-card--hidden\"><a href=\"#como-organizar-una-visita-a-ibiza\" class=\"qvgw-indimg-place-card__content no-image\"><p class=\"qvgw-indimg-place-card__title\">13. C\u00f3mo organizar una visita a Ibiza<\/p><span class=\"qvgw-indimg-place-card__arrow\"><svg width=\"24\" height=\"24\" viewBox=\"0 0 24 24\" fill=\"none\" stroke=\"currentColor\" stroke-width=\"2\"><path d=\"M6 9l6 6 6-6\"><\/path><\/svg><\/span><\/a><\/div><\/div><button class=\"qvgw-indimg-places-expand\" data-action=\"expand\" aria-expanded=\"false\">Ver m\u00e1s<\/button><\/div>\n\n\n<h2 class=\"wp-block-heading\" id=\"mejores-free-tours\">Mejores Free Tours en Ibiza<\/h2>\n\n\n\n<p class=\"wp-block-paragraph\">Un <a href=\"https:\/\/www.guruwalk.com\/es\/ibiza\" target=\"_blank\" rel=\"noopener\">free tour en Ibiza<\/a> es una forma pr\u00e1ctica de empezar por Dalt Vila y entender la evoluci\u00f3n de la ciudad antes de recorrer el resto de la isla. No tiene un precio cerrado: la aportaci\u00f3n habitual se sit\u00faa entre 10 y 20 \u20ac por persona y puede alcanzar 50 \u20ac seg\u00fan la duraci\u00f3n, el tama\u00f1o del grupo y la experiencia.<\/p>\n\n\n<div class=\"gw-freetours-container\"><div class=\"gw-freetours-carousel\"><div class=\"gw-freetours-track\"><div class=\"gw-freetours-card\" data-tour-id=\"20471\"><button type=\"button\" class=\"gw-freetours-image-link\" data-dest=\"https:\/\/www.guruwalk.com\/es\/walks\/20471-free-tour-ibiza-imprescindible\" role=\"link\" aria-label=\"Free Tour Ibiza Imprescindible\"><div class=\"gw-freetours-image\"><img decoding=\"async\" class=\"gw-freetours-photo\" src=\"https:\/\/blog.guruwalk.com\/wp-content\/uploads\/gw-freetours-cache\/20471-b69d264382758543d449f230a96bba91.jpg\" alt=\"Free Tour Ibiza Imprescindible\" loading=\"lazy\" \/><div class=\"gw-freetours-flags\"><img decoding=\"async\" src=\"https:\/\/blog.guruwalk.com\/wp-content\/gurupluginswalk\/wp-gw-freetours\/assets\/flags\/es.svg\" alt=\"es\" class=\"gw-freetours-flag\" \/><\/div><\/div><\/button><div class=\"gw-freetours-content\"><h4 class=\"gw-freetours-title\"><button type=\"button\" class=\"gw-freetours-title-link\" data-dest=\"https:\/\/www.guruwalk.com\/es\/walks\/20471-free-tour-ibiza-imprescindible\" role=\"link\">Free Tour Ibiza Imprescindible<\/button><\/h4><div class=\"gw-freetours-meta-top\"><span class=\"gw-freetours-duration\"><svg width=\"16\" height=\"16\" viewBox=\"0 0 24 24\" fill=\"none\" stroke=\"currentColor\" stroke-width=\"2\"><circle cx=\"12\" cy=\"12\" r=\"10\"\/><polyline points=\"12,6 12,12 16,14\"\/><\/svg>2:15<\/span><button class=\"gw-freetours-map-btn\" data-lat=\"38.909297\" data-lng=\"1.433791\" data-address=\"Passeig de Vara de Rei, 7, 07800 Eivissa, Illes Balears, Espa\u00f1a\" data-instructions=\"Al lado del monumento a Vara de Rey, en la Plaza Vara de Rey\"><svg width=\"16\" height=\"16\" viewBox=\"0 0 24 24\" fill=\"none\" stroke=\"currentColor\" stroke-width=\"2\"><path d=\"M21 10c0 7-9 13-9 13s-9-6-9-13a9 9 0 0 1 18 0z\"\/><circle cx=\"12\" cy=\"10\" r=\"3\"\/><\/svg><\/button><\/div><p class=\"gw-freetours-description\">\u00danete a este viaje en el tiempo por el casco antiguo de Ibiza Ciudad como nunca antes lo hab\u00edas hecho.\u00a0&#8230;<\/p><div class=\"gw-freetours-author\"><span class=\"gw-freetours-author-link\"><img decoding=\"async\" src=\"https:\/\/media.guruwalk.com\/m1riqy6onawxpi1l9a88lxt4frlr\" alt=\"Ibiza Free Tours\" class=\"gw-freetours-author-avatar\" \/><span class=\"gw-freetours-author-name\">Ibiza Free Tours<\/span><\/span><\/div><div class=\"gw-freetours-rating-container\"><div class=\"gw-freetours-rating\" aria-label=\"Valoraci\u00f3n 4.6 de 5\"><span class=\"gw-freetours-star gw-freetours-star--full\" aria-hidden=\"true\">\u2605<\/span><span class=\"gw-freetours-star gw-freetours-star--full\" aria-hidden=\"true\">\u2605<\/span><span class=\"gw-freetours-star gw-freetours-star--full\" aria-hidden=\"true\">\u2605<\/span><span class=\"gw-freetours-star gw-freetours-star--full\" aria-hidden=\"true\">\u2605<\/span><span class=\"gw-freetours-star gw-freetours-star--half\" aria-hidden=\"true\">\u2606<\/span><span class=\"gw-freetours-rating__count\">4,6 (720)<\/span><\/div><\/div><\/div><\/div><\/div><\/div><div class=\"gw-freetours-place-link\"><a href=\"https:\/\/www.guruwalk.com\/es\/ibiza\" target=\"_blank\" rel=\"noopener\" class=\"gw-freetours-place-btn\">+ Ibiza Free Tour<\/a><\/div><\/div>\n\n\n<h2 class=\"wp-block-heading\" id=\"dalt-vila\">Dalt Vila<\/h2>\n\n\n\n<figure class=\"wp-block-image imagen-ajustada\"><img decoding=\"async\" src=\"https:\/\/blog.guruwalk.com\/wp-content\/uploads\/img\/dalt_vila_ibiza.webp\" alt=\"Vista de Dalt Vila, casco antiguo de Ibiza\"\/><figcaption class=\"wp-element-caption\">Dalt Vila y puerto de Ibiza<\/figcaption><\/figure>\n\n\n\n<p class=\"wp-block-paragraph\">Dalt Vila, el casco antiguo de Ibiza ciudad, forma parte del conjunto <a href=\"https:\/\/whc.unesco.org\/es\/list\/417\/\" rel=\"nofollow noreferrer noopener\" target=\"_blank\">\u201cIbiza, biodiversidad y cultura\u201d, reconocido por la UNESCO<\/a>. El recinto amurallado del siglo XVI se recorre por calles estrechas, casas encaladas y baluartes como el de Santa Ll\u00facia, desde donde se divisan el puerto y los barrios situados fuera de las murallas.<\/p>\n\n\n\n<blockquote class=\"wp-block-quote is-layout-flow wp-block-quote-is-layout-flow\">\n<p class=\"wp-block-paragraph\">El recorrido incluye cuestas y tramos empedrados. Seg\u00fan las valoraciones de viajeros recogidas en el art\u00edculo, el calzado con buena sujeci\u00f3n resulta m\u00e1s \u00fatil que intentar completar la subida con sandalias de playa.<\/p>\n<\/blockquote>\n\n\n\n<h2 class=\"wp-block-heading\" id=\"mirador-de-es-vedra\">Mirador de Es Vedr\u00e0<\/h2>\n\n\n\n<figure class=\"wp-block-image imagen-ajustada\"><img decoding=\"async\" src=\"https:\/\/blog.guruwalk.com\/wp-content\/uploads\/img\/mirador_de_es_vedra.webp\" alt=\"Mirador de Es Vedr\u00e0\"\/><figcaption class=\"wp-element-caption\">Mirador de Es Vedr\u00e0 en Ibiza<\/figcaption><\/figure>\n\n\n\n<p class=\"wp-block-paragraph\">El islote de Es Vedr\u00e0 se contempla desde la costa oeste, cerca de Cala d\u2019Hort. Su silueta alcanza casi 400 metros de altura y ha dado lugar a relatos sobre sirenas, magnetismo y la Atl\u00e1ntida, aunque el inter\u00e9s principal del lugar est\u00e1 en su geolog\u00eda y en la perspectiva abierta sobre el litoral.<\/p>\n\n\n\n<p class=\"wp-block-paragraph\">Para verlo por tierra, utiliza los miradores y estacionamientos que est\u00e9n habilitados junto a la carretera de Cala d\u2019Hort o ac\u00e9rcate a la playa. Comprueba la se\u00f1alizaci\u00f3n local antes de entrar en una senda: los cierres y restricciones pueden cambiar para proteger el entorno, y no se deben cruzar vallas ni estacionar en zonas no autorizadas.<\/p>\n\n\n\n<blockquote class=\"wp-block-quote is-layout-flow wp-block-quote-is-layout-flow\">\n<p class=\"wp-block-paragraph\">En los miradores hay pocos servicios y algunos tramos carecen de iluminaci\u00f3n o barandillas. Lleva agua, mant\u00e9n distancia respecto al borde del acantilado y retira todos tus residuos.<\/p>\n<\/blockquote>\n\n\n\n<h2 class=\"wp-block-heading\" id=\"mercadillo-hippy-las-dalias\">Mercadillo Hippy Las Dalias<\/h2>\n\n\n\n<figure class=\"wp-block-image size-full\"><img decoding=\"async\" width=\"1024\" height=\"768\" src=\"https:\/\/blog.guruwalk.com\/wp-content\/uploads\/2025\/05\/image-18.png\" alt=\"Puestos del mercadillo hippy Las Dalias en Ibiza\" class=\"wp-image-23699\" srcset=\"https:\/\/blog.guruwalk.com\/wp-content\/uploads\/2025\/05\/image-18.png 1024w, https:\/\/blog.guruwalk.com\/wp-content\/uploads\/2025\/05\/image-18-300x225.png 300w, https:\/\/blog.guruwalk.com\/wp-content\/uploads\/2025\/05\/image-18-768x576.png 768w\" sizes=\"(max-width: 1024px) 100vw, 1024px\" \/><figcaption class=\"wp-element-caption\">Artesan\u00eda en el mercadillo Las Dalias<\/figcaption><\/figure>\n\n\n\n<p class=\"wp-block-paragraph\">El <a href=\"https:\/\/lasdalias.es\/\" rel=\"nofollow noreferrer noopener\" target=\"_blank\">mercadillo de Las Dalias<\/a>, en Sant Carles, abri\u00f3 en 1985 y re\u00fane puestos de moda ibicenca, artesan\u00eda y joyer\u00eda. Tambi\u00e9n programa m\u00fasica y mercados especiales, por lo que conviene consultar su calendario oficial para elegir el d\u00eda seg\u00fan el tipo de ambiente que buscas.<\/p>\n\n\n\n<blockquote class=\"wp-block-quote is-layout-flow wp-block-quote-is-layout-flow\">\n<p class=\"wp-block-paragraph\">La programaci\u00f3n y los horarios cambian seg\u00fan la temporada y el evento. Consulta disponibilidad antes de desplazarte, especialmente si quieres asistir a un mercado nocturno.<\/p>\n<\/blockquote>\n\n\n\n<h2 class=\"wp-block-heading\" id=\"parque-natural-de-ses-salines\">Parque Natural de Ses Salines<\/h2>\n\n\n\n<figure class=\"wp-block-image size-full\"><img decoding=\"async\" width=\"778\" height=\"580\" src=\"https:\/\/blog.guruwalk.com\/wp-content\/uploads\/2025\/05\/image-19.png\" alt=\"Playa de Ses Salines en el Parque Natural de Ses Salines de Ibiza y Formentera\" class=\"wp-image-23708\" srcset=\"https:\/\/blog.guruwalk.com\/wp-content\/uploads\/2025\/05\/image-19.png 778w, https:\/\/blog.guruwalk.com\/wp-content\/uploads\/2025\/05\/image-19-300x224.png 300w, https:\/\/blog.guruwalk.com\/wp-content\/uploads\/2025\/05\/image-19-768x573.png 768w\" sizes=\"(max-width: 778px) 100vw, 778px\" \/><figcaption class=\"wp-element-caption\">Salinas del Parque Natural Ses Salines<\/figcaption><\/figure>\n\n\n\n<p class=\"wp-block-paragraph\">La Platja de Ses Salines se encuentra dentro del parque natural del mismo nombre y forma parte del paisaje vinculado al bien \u201cIbiza, biodiversidad y cultura\u201d. La zona combina playa, salinas y praderas marinas de posidonia, por lo que el ba\u00f1o debe compatibilizarse con las normas de conservaci\u00f3n del espacio protegido.<\/p>\n\n\n\n<blockquote class=\"wp-block-quote is-layout-flow wp-block-quote-is-layout-flow\">\n<p class=\"wp-block-paragraph\">El acceso en veh\u00edculo y el estacionamiento pueden estar regulados en temporada alta. Sigue la se\u00f1alizaci\u00f3n vigente, utiliza \u00fanicamente los caminos autorizados y no acampes, enciendas fuego ni circules fuera de las v\u00edas habilitadas.<\/p>\n<\/blockquote>\n\n\n\n<h2 class=\"wp-block-heading\" id=\"pueblos-y-ruta-por-el-interior-de-ibiza\">Pueblos y ruta por el interior de Ibiza<\/h2>\n\n\n\n<p class=\"wp-block-paragraph\">Una ruta compacta por el interior puede comenzar en Santa Eul\u00e0ria y subir hasta Puig de Missa, continuar hacia Santa Gertrudis y terminar en Sant Carles, donde se encuentra Las Dalias. Santa Eul\u00e0ria aporta el frente mar\u00edtimo y el conjunto elevado de Puig de Missa; Santa Gertrudis funciona como parada central entre carreteras del interior; y Sant Carles permite enlazar el recorrido rural con el mercadillo.<\/p>\n\n\n\n<p class=\"wp-block-paragraph\">La combinaci\u00f3n resulta m\u00e1s c\u00f3moda en coche porque las paradas est\u00e1n repartidas entre distintos municipios. Antes de salir, revisa los tiempos de desplazamiento y el calendario de Las Dalias para no organizar toda la ruta alrededor de un mercado que no se celebre ese d\u00eda.<\/p>\n\n\n\n<h2 class=\"wp-block-heading\" id=\"excursiones-y-actividades-acuaticas-en-ibiza\">Excursiones y actividades acu\u00e1ticas en Ibiza<\/h2>\n\n\n\n<p class=\"wp-block-paragraph\">Las excursiones organizadas permiten combinar calas, miradores y una visita a Formentera sin coordinar por separado los traslados. Las opciones disponibles incluyen recorridos por la isla, salidas de d\u00eda completo y visitas a cuevas como Can Mar\u00e7\u00e0. Consulta disponibilidad, recorrido y precio actualizado en el widget.<\/p>\n\n\n\n\n\n<p class=\"wp-block-paragraph\">Los paseos en barco suelen recorrer la costa oeste y hacer paradas cerca de Cala Bassa o Cala Comte, seg\u00fan el estado del mar y el itinerario contratado. Para una salida centrada en el agua, tambi\u00e9n hay actividades de snorkel, banana boat y motos de agua. Comprueba si el equipo, la comida, la bebida o el combustible est\u00e1n incluidos antes de reservar.<\/p>\n\n\n\n\n\n<p class=\"wp-block-paragraph\">Los grupos que buscan una embarcaci\u00f3n privada pueden comparar alquileres con patr\u00f3n y recorridos adaptados a distintas duraciones. Revisa el l\u00edmite de pasajeros, el punto de salida y la pol\u00edtica de cancelaci\u00f3n, ya que la ruta puede modificarse por las condiciones mar\u00edtimas.<\/p>\n\n\n\n<h2 class=\"wp-block-heading\" id=\"necropolis-puig-des-molins\">Necr\u00f3polis Puig des Molins<\/h2>\n\n\n\n<figure class=\"wp-block-image size-full\"><img decoding=\"async\" width=\"784\" height=\"586\" src=\"https:\/\/blog.guruwalk.com\/wp-content\/uploads\/2025\/05\/image-20.png\" alt=\"Necr\u00f3polis y Museo Monogr\u00e1fico de Puig des Molins en Ibiza\" class=\"wp-image-23718\" srcset=\"https:\/\/blog.guruwalk.com\/wp-content\/uploads\/2025\/05\/image-20.png 784w, https:\/\/blog.guruwalk.com\/wp-content\/uploads\/2025\/05\/image-20-300x224.png 300w, https:\/\/blog.guruwalk.com\/wp-content\/uploads\/2025\/05\/image-20-768x574.png 768w\" sizes=\"(max-width: 784px) 100vw, 784px\" \/><figcaption class=\"wp-element-caption\">Necr\u00f3polis y Museo Monogr\u00e1fico de Puig des Molins en Ibiza<\/figcaption><\/figure>\n\n\n\n<p class=\"wp-block-paragraph\">El <strong>Puig des Molins<\/strong> conserva m\u00e1s de tres mil hipogeos de \u00e9poca fenicia y p\u00fanica y forma parte del conjunto de Ibiza reconocido por la UNESCO. El <a href=\"https:\/\/maef.eu\/\" rel=\"nofollow noreferrer noopener\" target=\"_blank\">Museo Arqueol\u00f3gico de Ibiza y Formentera<\/a> presenta ajuares funerarios, ung\u00fcentarios de vidrio y figuras relacionadas con los rituales p\u00fanicos. Consulta en su web oficial los espacios abiertos y los requisitos de acceso antes de la visita.<\/p>\n\n\n\n<h2 class=\"wp-block-heading\" id=\"cala-comte\">Cala Comte<\/h2>\n\n\n\n<figure class=\"wp-block-image size-full\"><img decoding=\"async\" width=\"1024\" height=\"682\" src=\"https:\/\/blog.guruwalk.com\/wp-content\/uploads\/2025\/05\/image-21.png\" alt=\"Vista de la playa de Cala Comte con sus aguas turquesas\" class=\"wp-image-23727\" srcset=\"https:\/\/blog.guruwalk.com\/wp-content\/uploads\/2025\/05\/image-21.png 1024w, https:\/\/blog.guruwalk.com\/wp-content\/uploads\/2025\/05\/image-21-300x200.png 300w, https:\/\/blog.guruwalk.com\/wp-content\/uploads\/2025\/05\/image-21-768x512.png 768w\" sizes=\"(max-width: 1024px) 100vw, 1024px\" \/><figcaption class=\"wp-element-caption\">Cala Comte<\/figcaption><\/figure>\n\n\n\n<p class=\"wp-block-paragraph\"><strong>Cala Comte<\/strong> re\u00fane varias zonas de ba\u00f1o frente a islotes de la costa oeste. Sus fondos claros y poco profundos producen distintos tonos de azul, pero el espacio disponible en la arena es limitado durante los meses de mayor demanda. Las hamacas, sombrillas y consumiciones se pagan aparte; consulta las tarifas en el establecimiento correspondiente. Tambi\u00e9n se puede llegar a esta costa mediante paseos en barco y salidas de snorkel que incluyan Cala Comte y Cala Bassa.<\/p>\n\n\n\n<h2 class=\"wp-block-heading\" id=\"es-vedra\">Es Vedr\u00e0<\/h2>\n\n\n\n<figure class=\"wp-block-image size-full\"><img decoding=\"async\" width=\"1024\" height=\"681\" src=\"https:\/\/blog.guruwalk.com\/wp-content\/uploads\/2025\/05\/image-22.png\" alt=\"Islote de Es Vedr\u00e0 visto desde el mirador en Ibiza\" class=\"wp-image-23735\" srcset=\"https:\/\/blog.guruwalk.com\/wp-content\/uploads\/2025\/05\/image-22.png 1024w, https:\/\/blog.guruwalk.com\/wp-content\/uploads\/2025\/05\/image-22-300x200.png 300w, https:\/\/blog.guruwalk.com\/wp-content\/uploads\/2025\/05\/image-22-768x511.png 768w\" sizes=\"(max-width: 1024px) 100vw, 1024px\" \/><figcaption class=\"wp-element-caption\">Es Vedr\u00e0<\/figcaption><\/figure>\n\n\n\n<p class=\"wp-block-paragraph\">La carretera de Cala d\u2019Hort conduce a distintos puntos desde los que se contempla <strong>Es Vedr\u00e0<\/strong>, situado mar adentro frente a la costa suroeste. Los accesos de tierra incluyen superficies irregulares y zonas sin barandillas, as\u00ed que conviene permanecer en las rutas autorizadas. Otra posibilidad es verlo desde el agua en una salida cuyo itinerario recorra esta parte de la costa, siempre que el viento y el estado del mar lo permitan.<\/p>\n\n\n<div class=\"gw-products-block\" style=\"--gw-nav-width:30px; --gw-nav-height:30px; --gw-chevron-w:15px; --gw-chevron-h:15px; --gw-circle-color:#0a5bd9; --gw-chevron-color:#0a5bd9;\"><div class=\"gw-products-carousel\" aria-live=\"polite\"><article class=\"gw-card\"><div class=\"gw-card__image\"><img decoding=\"async\" class=\"gw-card__photo\" src=\"https:\/\/blog.guruwalk.com\/wp-content\/uploads\/gw-products\/images\/b28ab462c75dda48804d834b5bd24c7e.webp\" alt=\"Ibiza: Paseo en Barco al Atardecer con M\u00fasica, Tapas y Barra Libre Premium\" loading=\"lazy\" \/><div class=\"gw-flags\" aria-label=\"Idiomas disponibles\"><span class=\"gw-flag\" title=\"CA\"><span class=\"gw-flag gw-flag--text\">CA<\/span><\/span><span class=\"gw-flag\" title=\"EN\"><img decoding=\"async\" class=\"gw-flag-img\" src=\"https:\/\/blog.guruwalk.com\/wp-content\/uploads\/gw-products\/flags\/gb.svg\" alt=\"EN\" loading=\"lazy\" width=\"22\" height=\"16\" \/><\/span><span class=\"gw-flag\" title=\"ES\"><img decoding=\"async\" class=\"gw-flag-img\" src=\"https:\/\/blog.guruwalk.com\/wp-content\/uploads\/gw-products\/flags\/es.svg\" alt=\"ES\" loading=\"lazy\" width=\"22\" height=\"16\" \/><\/span><\/div><\/div><div class=\"gw-card__body\"><h3 class=\"gw-card__title\">Ibiza: Paseo en Barco al Atardecer con M\u00fasica, Tapas y Barra Libre Premium<\/h3><div class=\"gw-card__footer\"><div class=\"gw-card__price\">Desde \u20ac59,00<\/div><\/div><\/div><a class=\"gw-card__link\" href=\"https:\/\/www.guruwalk.com\/es\/walks\/p1402-ibiza-paseo-en-barco-al-atardecer-con-musica-tapas-y-barra-libre-premium-cGFub3B0ZXM\" target=\"_blank\" rel=\"noopener\" aria-label=\"Ibiza: Paseo en Barco al Atardecer con M\u00fasica, Tapas y Barra Libre Premium\"><\/a><\/article><article class=\"gw-card\"><div class=\"gw-card__image\"><img decoding=\"async\" class=\"gw-card__photo\" src=\"https:\/\/blog.guruwalk.com\/wp-content\/uploads\/gw-products\/images\/4cf06303e078a38a23d6cd1ca216a58b.webp\" alt=\"Ibiza: Excursi\u00f3n en barco al mediod\u00eda Cala Bassa, Cala Comte y Cuevas\" loading=\"lazy\" \/><div class=\"gw-flags\" aria-label=\"Idiomas disponibles\"><span class=\"gw-flag\" title=\"CA\"><span class=\"gw-flag gw-flag--text\">CA<\/span><\/span><span class=\"gw-flag\" title=\"EN\"><img decoding=\"async\" class=\"gw-flag-img\" src=\"https:\/\/blog.guruwalk.com\/wp-content\/uploads\/gw-products\/flags\/gb.svg\" alt=\"EN\" loading=\"lazy\" width=\"22\" height=\"16\" \/><\/span><span class=\"gw-flag\" title=\"ES\"><img decoding=\"async\" class=\"gw-flag-img\" src=\"https:\/\/blog.guruwalk.com\/wp-content\/uploads\/gw-products\/flags\/es.svg\" alt=\"ES\" loading=\"lazy\" width=\"22\" height=\"16\" \/><\/span><\/div><\/div><div class=\"gw-card__body\"><h3 class=\"gw-card__title\">Ibiza: Excursi\u00f3n en barco al mediod\u00eda Cala Bassa, Cala Comte y Cuevas<\/h3><div class=\"gw-card__footer\"><div class=\"gw-card__price\">Desde \u20ac65,00<\/div><\/div><\/div><a class=\"gw-card__link\" href=\"https:\/\/www.guruwalk.com\/es\/walks\/p1404-ibiza-excursion-en-barco-al-mediodia-cala-bassa-cala-comte-y-cuevas-cGFub3B0ZXM\" target=\"_blank\" rel=\"noopener\" aria-label=\"Ibiza: Excursi\u00f3n en barco al mediod\u00eda Cala Bassa, Cala Comte y Cuevas\"><\/a><\/article><article class=\"gw-card\"><div class=\"gw-card__image\"><img decoding=\"async\" class=\"gw-card__photo\" src=\"https:\/\/blog.guruwalk.com\/wp-content\/uploads\/gw-products\/images\/d8673b6559cd2f058f0ff9df3f725d72.webp\" alt=\"Alquiler de barco con patr\u00f3n\" loading=\"lazy\" \/><div class=\"gw-flags\" aria-label=\"Idiomas disponibles\"><span class=\"gw-flag\" title=\"ES\"><img decoding=\"async\" class=\"gw-flag-img\" src=\"https:\/\/blog.guruwalk.com\/wp-content\/uploads\/gw-products\/flags\/es.svg\" alt=\"ES\" loading=\"lazy\" width=\"22\" height=\"16\" \/><\/span><\/div><\/div><div class=\"gw-card__body\"><h3 class=\"gw-card__title\">Alquiler de barco con patr\u00f3n<\/h3><div class=\"gw-card__footer\"><div class=\"gw-card__price\">Desde \u20ac1.000,00<\/div><\/div><\/div><a class=\"gw-card__link\" href=\"https:\/\/www.guruwalk.com\/es\/walks\/p179722-alquiler-de-barco-con-patron-9ba2c69f-1d79-4bfc-941a-dd4e96c5a09c-cGFub3B0ZXM\" target=\"_blank\" rel=\"noopener\" aria-label=\"Alquiler de barco con patr\u00f3n\"><\/a><\/article><article class=\"gw-card\"><div class=\"gw-card__image\"><img decoding=\"async\" class=\"gw-card__photo\" src=\"https:\/\/blog.guruwalk.com\/wp-content\/uploads\/gw-products\/images\/6f469b324cad52556416e57e71ed0d8d.webp\" alt=\"Ibiza: Velero Privado con Barra Libre Premium, Comida y M\u00fasica\" loading=\"lazy\" \/><div class=\"gw-flags\" aria-label=\"Idiomas disponibles\"><span class=\"gw-flag\" title=\"CA\"><span class=\"gw-flag gw-flag--text\">CA<\/span><\/span><span class=\"gw-flag\" title=\"EN\"><img decoding=\"async\" class=\"gw-flag-img\" src=\"https:\/\/blog.guruwalk.com\/wp-content\/uploads\/gw-products\/flags\/gb.svg\" alt=\"EN\" loading=\"lazy\" width=\"22\" height=\"16\" \/><\/span><span class=\"gw-flag\" title=\"ES\"><img decoding=\"async\" class=\"gw-flag-img\" src=\"https:\/\/blog.guruwalk.com\/wp-content\/uploads\/gw-products\/flags\/es.svg\" alt=\"ES\" loading=\"lazy\" width=\"22\" height=\"16\" \/><\/span><\/div><\/div><div class=\"gw-card__body\"><h3 class=\"gw-card__title\">Ibiza: Velero Privado con Barra Libre Premium, Comida y M\u00fasica<\/h3><div class=\"gw-card__footer\"><div class=\"gw-card__price\">Desde \u20ac750,00<\/div><\/div><\/div><a class=\"gw-card__link\" href=\"https:\/\/www.guruwalk.com\/es\/walks\/p179099-ibiza-velero-privado-con-barra-libre-premium-comida-y-musica-109b952b-cece-413a-9f5c-ca5fd93a0c82-cGFub3B0ZXM\" target=\"_blank\" rel=\"noopener\" aria-label=\"Ibiza: Velero Privado con Barra Libre Premium, Comida y M\u00fasica\"><\/a><\/article><\/div><div class=\"gw-vertical-link-container\"><a href=\"https:\/\/www.guruwalk.com\/es\/a\/ibiza\/v54-paseo-en-barco-ibiza\" target=\"_blank\" rel=\"noopener\" style=\"font-weight: bold;\">+ Paseos en Barco<\/a><\/div><\/div>\n\n\n<h2 class=\"wp-block-heading\" id=\"sant-antoni-de-portmany\">Sant Antoni de Portmany<\/h2>\n\n\n\n<figure class=\"wp-block-image size-full\"><img decoding=\"async\" width=\"715\" height=\"252\" src=\"https:\/\/blog.guruwalk.com\/wp-content\/uploads\/2025\/05\/image-23.png\" alt=\"Puesta de sol en la bah\u00eda de Sant Antoni de Portmany en Ibiza\" class=\"wp-image-23743\" srcset=\"https:\/\/blog.guruwalk.com\/wp-content\/uploads\/2025\/05\/image-23.png 715w, https:\/\/blog.guruwalk.com\/wp-content\/uploads\/2025\/05\/image-23-300x106.png 300w\" sizes=\"(max-width: 715px) 100vw, 715px\" \/><figcaption class=\"wp-element-caption\">Sant Antoni de Portmany<\/figcaption><\/figure>\n\n\n\n<p class=\"wp-block-paragraph\"><strong>Sant Antoni<\/strong> combina una bah\u00eda protegida, puerto y una franja de locales orientados a la puesta de sol. Caf\u00e9 del Mar, Mambo y Savannah forman parte del conocido \u201cSunset Strip\u201d; sus tarifas y condiciones de reserva cambian seg\u00fan la temporada, por lo que conviene consultar disponibilidad directamente.<\/p>\n\n\n\n<p class=\"wp-block-paragraph\">Desde el puerto y la bah\u00eda salen paseos en barco y actividades acu\u00e1ticas que recorren la costa oeste. Este punto de partida permite combinar una cala durante el d\u00eda con el paseo mar\u00edtimo al final de la tarde sin a\u00f1adir otro desplazamiento largo por carretera.<\/p>\n\n\n\n<blockquote class=\"wp-block-quote is-layout-flow wp-block-quote-is-layout-flow\">\n<p class=\"wp-block-paragraph\">La puesta de sol tambi\u00e9n se observa desde los espacios p\u00fablicos del paseo. Respeta las zonas de paso y las indicaciones locales si te sientas junto a la costa.<\/p>\n<\/blockquote>\n\n\n\n<h2 class=\"wp-block-heading\" id=\"preguntas-frecuentes-sobre-que-ver-en-ibiza\">Preguntas frecuentes sobre qu\u00e9 ver en Ibiza<\/h2>\n\n\n\n<h3 class=\"wp-block-heading\">\u00bfQu\u00e9 ver en Ibiza adem\u00e1s de playas y fiesta?<\/h3>\n\n\n\n<p class=\"wp-block-paragraph\">Dalt Vila, la necr\u00f3polis de Puig des Molins y la ruta por Santa Eul\u00e0ria, Santa Gertrudis y Sant Carles permiten conocer el patrimonio y el interior de la isla.<\/p>\n\n\n\n<h3 class=\"wp-block-heading\">\u00bfCu\u00e1l es una buena forma de conocer Ibiza ciudad?<\/h3>\n\n\n\n<p class=\"wp-block-paragraph\">Un free tour permite orientarse por Dalt Vila y conocer el contexto hist\u00f3rico de la ciudad antes de continuar el recorrido por libre.<\/p>\n\n\n\n<h3 class=\"wp-block-heading\">\u00bfC\u00f3mo se puede ver Es Vedr\u00e0?<\/h3>\n\n\n\n<p class=\"wp-block-paragraph\">Se puede contemplar desde los puntos habilitados cerca de Cala d\u2019Hort o desde una excursi\u00f3n mar\u00edtima, siempre que las condiciones del mar permitan recorrer esa zona.<\/p>\n\n\n\n<h3 class=\"wp-block-heading\">\u00bfQu\u00e9 pueblos se pueden combinar en una ruta por Ibiza?<\/h3>\n\n\n\n<p class=\"wp-block-paragraph\">Santa Eul\u00e0ria y Puig de Missa, Santa Gertrudis y Sant Carles forman una ruta compacta que combina costa, n\u00facleos del interior y el entorno de Las Dalias.<\/p>\n\n\n\n<script type=\"application\/ld+json\">{\"@context\":\"https:\/\/schema.org\",\"@type\":\"FAQPage\",\"mainEntity\":[{\"@type\":\"Question\",\"name\":\"\u00bfQu\u00e9 ver en Ibiza adem\u00e1s de playas y fiesta?\",\"acceptedAnswer\":{\"@type\":\"Answer\",\"text\":\"Dalt Vila, la necr\u00f3polis de Puig des Molins y la ruta por Santa Eul\u00e0ria, Santa Gertrudis y Sant Carles permiten conocer el patrimonio y el interior de la isla.\"}},{\"@type\":\"Question\",\"name\":\"\u00bfCu\u00e1l es una buena forma de conocer Ibiza ciudad?\",\"acceptedAnswer\":{\"@type\":\"Answer\",\"text\":\"Un free tour permite orientarse por Dalt Vila y conocer el contexto hist\u00f3rico de la ciudad antes de continuar el recorrido por libre.\"}},{\"@type\":\"Question\",\"name\":\"\u00bfC\u00f3mo se puede ver Es Vedr\u00e0?\",\"acceptedAnswer\":{\"@type\":\"Answer\",\"text\":\"Se puede contemplar desde los puntos habilitados cerca de Cala d\u2019Hort o desde una excursi\u00f3n mar\u00edtima, siempre que las condiciones del mar permitan recorrer esa zona.\"}},{\"@type\":\"Question\",\"name\":\"\u00bfQu\u00e9 pueblos se pueden combinar en una ruta por Ibiza?\",\"acceptedAnswer\":{\"@type\":\"Answer\",\"text\":\"Santa Eul\u00e0ria y Puig de Missa, Santa Gertrudis y Sant Carles forman una ruta compacta que combina costa, n\u00facleos del interior y el entorno de Las Dalias.\"}}]}<\/script>\n\n\n\n<h2 class=\"wp-block-heading\" id=\"como-organizar-una-visita-a-ibiza\">C\u00f3mo organizar una visita a Ibiza<\/h2>\n\n\n\n<p class=\"wp-block-paragraph\">Agrupa Dalt Vila y Puig des Molins en una jornada urbana; reserva otra para Ses Salines o la costa oeste; y combina los pueblos del interior en una ruta independiente. Para comparar excursiones, salidas mar\u00edtimas y otras <a href=\"https:\/\/www.guruwalk.com\/es\/a\/ibiza\" target=\"_blank\" rel=\"noopener\">actividades en Ibiza<\/a>, consulta el hub de GuruWalk. Contenido revisado en agosto de 2026.<\/p>\n","protected":false},"excerpt":{"rendered":"<p>Ibiza re\u00fane el recinto amurallado de Dalt Vila, los miradores de Es Vedr\u00e0, Ses Salines, Las Dalias y pueblos interiores.<\/p>\n","protected":false},"author":2,"featured_media":23631,"comment_status":"closed","ping_status":"open","sticky":false,"template":"","format":"standard","meta":{"footnotes":""},"categories":[102,82,370],"tags":[460,359,376,362],"class_list":["post-23620","post","type-post","status-publish","format-standard","has-post-thumbnail","hentry","category-espana","category-europa","category-ibiza","tag-guias-2","tag-que-ver","tag-tier-fijo","tag-tier-1","generate-columns","tablet-grid-50","mobile-grid-100","grid-parent","grid-33"],"_links":{"self":[{"href":"https:\/\/blog.guruwalk.com\/es\/wp-json\/wp\/v2\/posts\/23620","targetHints":{"allow":["GET"]}}],"collection":[{"href":"https:\/\/blog.guruwalk.com\/es\/wp-json\/wp\/v2\/posts"}],"about":[{"href":"https:\/\/blog.guruwalk.com\/es\/wp-json\/wp\/v2\/types\/post"}],"author":[{"embeddable":true,"href":"https:\/\/blog.guruwalk.com\/es\/wp-json\/wp\/v2\/users\/2"}],"replies":[{"embeddable":true,"href":"https:\/\/blog.guruwalk.com\/es\/wp-json\/wp\/v2\/comments?post=23620"}],"version-history":[{"count":10,"href":"https:\/\/blog.guruwalk.com\/es\/wp-json\/wp\/v2\/posts\/23620\/revisions"}],"predecessor-version":[{"id":47150,"href":"https:\/\/blog.guruwalk.com\/es\/wp-json\/wp\/v2\/posts\/23620\/revisions\/47150"}],"wp:featuredmedia":[{"embeddable":true,"href":"https:\/\/blog.guruwalk.com\/es\/wp-json\/wp\/v2\/media\/23631"}],"wp:attachment":[{"href":"https:\/\/blog.guruwalk.com\/es\/wp-json\/wp\/v2\/media?parent=23620"}],"wp:term":[{"taxonomy":"category","embeddable":true,"href":"https:\/\/blog.guruwalk.com\/es\/wp-json\/wp\/v2\/categories?post=23620"},{"taxonomy":"post_tag","embeddable":true,"href":"https:\/\/blog.guruwalk.com\/es\/wp-json\/wp\/v2\/tags?post=23620"}],"curies":[{"name":"wp","href":"https:\/\/api.w.org\/{rel}","templated":true}]}}