{"id":34222,"date":"2025-08-26T15:53:23","date_gmt":"2025-08-26T14:53:23","guid":{"rendered":"https:\/\/blog.guruwalk.com\/?p=34222"},"modified":"2026-08-27T13:19:44","modified_gmt":"2026-08-27T12:19:44","slug":"planes-en-pareja-en-valencia","status":"publish","type":"post","link":"https:\/\/blog.guruwalk.com\/es\/planes-en-pareja-en-valencia\/","title":{"rendered":"Planes en pareja en Valencia: ideas originales y divertidas"},"content":{"rendered":"\n<p class=\"wp-block-paragraph\">Valencia, con sus <strong>callejuelas empedradas y plazas soleadas<\/strong> invita a paseos al atardecer, mientras que la cercan\u00eda del mar Mediterr\u00e1neo garantiza <strong>temperaturas suaves<\/strong> (18\u201324\u202f\u00b0C en primavera)<strong> ideales para disfrutar juntos sin prisas.<\/strong><\/p>\n\n\n\n<blockquote class=\"wp-block-quote is-layout-flow wp-block-quote-is-layout-flow\">\n<p class=\"wp-block-paragraph\">Haz clic para conocer las mejores <a href=\"https:\/\/guruwalk.com\/es\/a\/valencia\" target=\"_blank\" rel=\"noopener\">actividades que puedes vivir en Valencia<\/a>: paseos en barco, visitas guiadas, excursiones, tapeo, Bioparc&#8230;<\/p>\n<\/blockquote>\n\n\n<div class=\"qvgw-indimg-places-grid\" id=\"qvgw-indimg-places-grid-2\" data-iib-headings=\"[{&quot;id&quot;:&quot;planes-culturales-sabor-local&quot;,&quot;position&quot;:0,&quot;title&quot;:&quot;Planes culturales con sabor local&quot;},{&quot;id&quot;:&quot;sabores-valencianos-dos&quot;,&quot;position&quot;:1,&quot;title&quot;:&quot;Sabores valencianos para dos&quot;},{&quot;id&quot;:&quot;aventura-mar&quot;,&quot;position&quot;:2,&quot;title&quot;:&quot;Aventura y mar&quot;},{&quot;id&quot;:&quot;instantes-romanticos-aire-libre&quot;,&quot;position&quot;:3,&quot;title&quot;:&quot;Instantes rom\\u00e1nticos al aire libre&quot;},{&quot;id&quot;:&quot;planes-originales-dinamicos&quot;,&quot;position&quot;:4,&quot;title&quot;:&quot;Planes originales y din\\u00e1micos&quot;}]\"><div class=\"qvgw-indimg-places-cards\"><div class=\"qvgw-indimg-place-card\"><a href=\"#planes-culturales-sabor-local\" class=\"qvgw-indimg-place-card__content\"><div class=\"qvgw-indimg-place-card__image\"><img decoding=\"async\" src=\"https:\/\/xplor.guruwalk.com\/wp-content\/uploads\/img\/paella_valenciana.webp\" alt=\"Planes culturales con sabor local\"><\/div><p class=\"qvgw-indimg-place-card__title\">1. Planes culturales con sabor local<\/p><span class=\"qvgw-indimg-place-card__arrow\"><svg width=\"24\" height=\"24\" viewBox=\"0 0 24 24\" fill=\"none\" stroke=\"currentColor\" stroke-width=\"2\"><path d=\"M6 9l6 6 6-6\"><\/path><\/svg><\/span><\/a><\/div><div class=\"qvgw-indimg-place-card\"><a href=\"#sabores-valencianos-dos\" class=\"qvgw-indimg-place-card__content\"><div class=\"qvgw-indimg-place-card__image\"><img decoding=\"async\" src=\"https:\/\/xplor.guruwalk.com\/wp-content\/uploads\/img\/ruta_de_tapas_por_ruzafa.webp\" alt=\"Sabores valencianos para dos\"><\/div><p class=\"qvgw-indimg-place-card__title\">2. Sabores valencianos para dos<\/p><span class=\"qvgw-indimg-place-card__arrow\"><svg width=\"24\" height=\"24\" viewBox=\"0 0 24 24\" fill=\"none\" stroke=\"currentColor\" stroke-width=\"2\"><path d=\"M6 9l6 6 6-6\"><\/path><\/svg><\/span><\/a><\/div><div class=\"qvgw-indimg-place-card\"><a href=\"#aventura-mar\" class=\"qvgw-indimg-place-card__content\"><div class=\"qvgw-indimg-place-card__image\"><img decoding=\"async\" src=\"https:\/\/blog.guruwalk.com\/wp-content\/uploads\/2025\/08\/image-88.webp\" alt=\"Aventura y mar\"><\/div><p class=\"qvgw-indimg-place-card__title\">3. Aventura y mar<\/p><span class=\"qvgw-indimg-place-card__arrow\"><svg width=\"24\" height=\"24\" viewBox=\"0 0 24 24\" fill=\"none\" stroke=\"currentColor\" stroke-width=\"2\"><path d=\"M6 9l6 6 6-6\"><\/path><\/svg><\/span><\/a><\/div><div class=\"qvgw-indimg-place-card\"><a href=\"#instantes-romanticos-aire-libre\" class=\"qvgw-indimg-place-card__content\"><div class=\"qvgw-indimg-place-card__image\"><img decoding=\"async\" src=\"https:\/\/xplor.guruwalk.com\/wp-content\/uploads\/img\/instantes_romanticos_al_aire_libre.webp\" alt=\"Instantes rom\u00e1nticos al aire libre\"><\/div><p class=\"qvgw-indimg-place-card__title\">4. Instantes rom\u00e1nticos al aire libre<\/p><span class=\"qvgw-indimg-place-card__arrow\"><svg width=\"24\" height=\"24\" viewBox=\"0 0 24 24\" fill=\"none\" stroke=\"currentColor\" stroke-width=\"2\"><path d=\"M6 9l6 6 6-6\"><\/path><\/svg><\/span><\/a><\/div><div class=\"qvgw-indimg-place-card\"><a href=\"#planes-originales-dinamicos\" class=\"qvgw-indimg-place-card__content\"><div class=\"qvgw-indimg-place-card__image\"><img decoding=\"async\" src=\"https:\/\/xplor.guruwalk.com\/wp-content\/uploads\/img\/plans_in_valencia.webp\" alt=\"Planes originales y din\u00e1micos\"><\/div><p class=\"qvgw-indimg-place-card__title\">5. Planes originales y din\u00e1micos<\/p><span class=\"qvgw-indimg-place-card__arrow\"><svg width=\"24\" height=\"24\" viewBox=\"0 0 24 24\" fill=\"none\" stroke=\"currentColor\" stroke-width=\"2\"><path d=\"M6 9l6 6 6-6\"><\/path><\/svg><\/span><\/a><\/div><\/div><\/div>\n\n\n<h2 class=\"wp-block-heading\" id=\"planes-culturales-sabor-local\">Planes culturales con sabor local<\/h2>\n\n\n\n<figure class=\"wp-block-image\"><img decoding=\"async\" src=\"https:\/\/xplor.guruwalk.com\/wp-content\/uploads\/img\/paella_valenciana.webp\" alt=\"Paella valenciana\"\/><figcaption class=\"wp-element-caption\">Photo by Leeloo The First on Pexels<\/figcaption><\/figure>\n\n\n\n<p class=\"wp-block-paragraph\">Vive la historia de Valencia en pareja con experiencias que combinan legado y modernidad. Recorre la Lonja de la Seda, construida entre 1482 y 1498, y ad\u00e9ntrate en el arte contempor\u00e1neo del IVAM, con m\u00e1s de 10\u202f000 obras expuestas. Sum\u00e9rgete en la explosi\u00f3n de luz y color de las Fallas, donde cada comisi\u00f3n invierte hasta 50\u202f000\u202f\u20ac en sus monumentos, o descubre el street art de El Carmen, donde se calcula que cada mural atrae a 5\u202f000\u202fvisitantes al a\u00f1o.<\/p>\n\n\n\n<ul class=\"wp-block-list\">\n<li>Visitar la&nbsp;<em>Lonja de la Seda<\/em>, una joya g\u00f3tica abierta todos los d\u00edas.<\/li>\n\n\n\n<li>Asistir a una masclet\u00e0 en Plaza del Ayuntamiento (14:00 h durante marzo).<\/li>\n\n\n\n<li>Descubrir m\u00e1s de 200 murales en El Carmen.<\/li>\n\n\n\n<li>Explorar el IVAM, con entrada gratuita los s\u00e1bados.<\/li>\n<\/ul>\n\n\n<div class=\"gw-products-block\" style=\"--gw-nav-width:30px; --gw-nav-height:30px; --gw-chevron-w:15px; --gw-chevron-h:15px; --gw-circle-color:#0a5bd9; --gw-chevron-color:#0a5bd9;\"><div class=\"gw-products-carousel\" aria-live=\"polite\"><article class=\"gw-card\"><div class=\"gw-card__image\"><img decoding=\"async\" class=\"gw-card__photo\" src=\"https:\/\/blog.guruwalk.com\/wp-content\/uploads\/gw-products\/images\/fd8db973fc64c6b17929e92fa1873c6b.webp\" alt=\"Lonja de la Seda, Iglesia de San Nicol\u00e1s y Catedral: Visita guiada a pie\" loading=\"lazy\" \/><div class=\"gw-flags\" aria-label=\"Idiomas disponibles\"><span class=\"gw-flag\" title=\"EN\"><img decoding=\"async\" class=\"gw-flag-img\" src=\"https:\/\/blog.guruwalk.com\/wp-content\/uploads\/gw-products\/flags\/gb.svg\" alt=\"EN\" loading=\"lazy\" width=\"22\" height=\"16\" \/><\/span><span class=\"gw-flag\" title=\"ES\"><img decoding=\"async\" class=\"gw-flag-img\" src=\"https:\/\/blog.guruwalk.com\/wp-content\/uploads\/gw-products\/flags\/es.svg\" alt=\"ES\" loading=\"lazy\" width=\"22\" height=\"16\" \/><\/span><span class=\"gw-flag\" title=\"FR\"><img decoding=\"async\" class=\"gw-flag-img\" src=\"https:\/\/blog.guruwalk.com\/wp-content\/uploads\/gw-products\/flags\/fr.svg\" alt=\"FR\" loading=\"lazy\" width=\"22\" height=\"16\" \/><\/span><span class=\"gw-flag\" title=\"IT\"><img decoding=\"async\" class=\"gw-flag-img\" src=\"https:\/\/blog.guruwalk.com\/wp-content\/uploads\/gw-products\/flags\/it.svg\" alt=\"IT\" loading=\"lazy\" width=\"22\" height=\"16\" \/><\/span><\/div><\/div><div class=\"gw-card__body\"><h3 class=\"gw-card__title\">Lonja de la Seda, Iglesia de San Nicol\u00e1s y Catedral: Visita guiada a pie<\/h3><div class=\"gw-card__footer\"><div class=\"gw-card__meta\"><div class=\"gw-rating\" aria-label=\"Valoraci\u00f3n 4.9 de 5\"><span class=\"gw-star gw-star--full\" aria-hidden=\"true\">\u2605<\/span><span class=\"gw-star gw-star--full\" aria-hidden=\"true\">\u2605<\/span><span class=\"gw-star gw-star--full\" aria-hidden=\"true\">\u2605<\/span><span class=\"gw-star gw-star--full\" aria-hidden=\"true\">\u2605<\/span><span class=\"gw-star gw-star--half\" aria-hidden=\"true\">\u2606<\/span><span class=\"gw-rating__count\">4,9 (41)<\/span><\/div><\/div><div class=\"gw-card__price\">Desde \u20ac45,00<\/div><\/div><\/div><a class=\"gw-card__link\" href=\"https:\/\/www.guruwalk.com\/es\/walks\/p187-lonja-de-la-seda-iglesia-de-san-nicolas-y-catedral-visita-guiada-a-pie-cGFub3B0ZXM\" target=\"_blank\" rel=\"noopener\" aria-label=\"Lonja de la Seda, Iglesia de San Nicol\u00e1s y Catedral: Visita guiada a pie\"><\/a><\/article><\/div><div class=\"gw-vertical-link-container\"><a href=\"https:\/\/www.guruwalk.com\/es\/a\/valencia\/v169-visita-guiada-valencia\" target=\"_blank\" rel=\"noopener\" style=\"font-weight: bold;\">+ Visitas Guiadas en Valencia<\/a><\/div><\/div>\n\n\n<h3 class=\"wp-block-heading\" id=\"fallas-valencia\">Fallas de Valencia: tradici\u00f3n y arte callejero<\/h3>\n\n\n\n<figure class=\"wp-block-image\"><img decoding=\"async\" src=\"https:\/\/xplor.guruwalk.com\/wp-content\/uploads\/img\/fallas_de_valencia_tradicion_y_arte_callejero.webp\" alt=\"Fallas de Valencia: tradici\u00f3n y arte callejero\"\/><figcaption class=\"wp-element-caption\">Photo by Victor Moragriega on Pexels<\/figcaption><\/figure>\n\n\n\n<p class=\"wp-block-paragraph\">Durante las primeras semanas de marzo, Valencia se convierte en escenario de fuego y s\u00e1tira: m\u00e1s de 700 fallas, construidas en madera y cart\u00f3n, llegan a medir hasta 20\u202fm de altura. Participa con tu pareja, en eventos gratuitos como la Ofrenda de Flores o reserva una masclet\u00e0 VIP para disfrutar en tribuna. No te pierdas la Crem\u00e0, la noche del 19 de marzo, cuando las fallas se incineran en un espect\u00e1culo pirot\u00e9cnico inolvidable.<\/p>\n\n\n\n\n\n<h3 class=\"wp-block-heading\" id=\"paseo-carmen-casco-historico\">Paseo guiado por El Carmen y el casco hist\u00f3rico<\/h3>\n\n\n\n<figure class=\"wp-block-image\"><img decoding=\"async\" src=\"https:\/\/xplor.guruwalk.com\/wp-content\/uploads\/img\/valencia_capital.webp\" alt=\"Valencia Capital\"\/><figcaption class=\"wp-element-caption\">Photo by Ana Hidalgo Burgos on Pexels<\/figcaption><\/figure>\n\n\n\n<p class=\"wp-block-paragraph\">Contrata una&nbsp;visita guiada de 2\u202fh&nbsp;(desde 15\u202f\u20ac\/persona) para vosotros dos, y podr\u00e9is descubrir leyendas como la del Puente del Mar y la antigua muralla musulmana. El recorrido incluye monumentos clave: Torres de Serranos, Patriarca y Catedral, donde podr\u00e1s subir al Miguelete por 2\u202f\u20ac y disfrutar de vistas panor\u00e1micas de toda la ciudad.<\/p>\n\n\n<div class=\"gw-products-block\" style=\"--gw-nav-width:30px; --gw-nav-height:30px; --gw-chevron-w:15px; --gw-chevron-h:15px; --gw-circle-color:#0a5bd9; --gw-chevron-color:#0a5bd9;\"><div class=\"gw-products-carousel\" aria-live=\"polite\"><article class=\"gw-card\"><div class=\"gw-card__image\"><img decoding=\"async\" class=\"gw-card__photo\" src=\"https:\/\/blog.guruwalk.com\/wp-content\/uploads\/gw-products\/images\/caa51b89d4a69c18d510a61fdc2e8d18.webp\" alt=\"Valencia: Visita guiada en bicicleta el\u00e9ctrica para grupos peque\u00f1os\" loading=\"lazy\" \/><div class=\"gw-flags\" aria-label=\"Idiomas disponibles\"><span class=\"gw-flag\" title=\"DE\"><img decoding=\"async\" class=\"gw-flag-img\" src=\"https:\/\/blog.guruwalk.com\/wp-content\/uploads\/gw-products\/flags\/de.svg\" alt=\"DE\" loading=\"lazy\" width=\"22\" height=\"16\" \/><\/span><span class=\"gw-flag\" title=\"EN\"><img decoding=\"async\" class=\"gw-flag-img\" src=\"https:\/\/blog.guruwalk.com\/wp-content\/uploads\/gw-products\/flags\/gb.svg\" alt=\"EN\" loading=\"lazy\" width=\"22\" height=\"16\" \/><\/span><span class=\"gw-flag\" title=\"ES\"><img decoding=\"async\" class=\"gw-flag-img\" src=\"https:\/\/blog.guruwalk.com\/wp-content\/uploads\/gw-products\/flags\/es.svg\" alt=\"ES\" loading=\"lazy\" width=\"22\" height=\"16\" \/><\/span><span class=\"gw-flag\" title=\"FR\"><img decoding=\"async\" class=\"gw-flag-img\" src=\"https:\/\/blog.guruwalk.com\/wp-content\/uploads\/gw-products\/flags\/fr.svg\" alt=\"FR\" loading=\"lazy\" width=\"22\" height=\"16\" \/><\/span><\/div><\/div><div class=\"gw-card__body\"><h3 class=\"gw-card__title\">Valencia: Visita guiada en bicicleta el\u00e9ctrica para grupos peque\u00f1os<\/h3><div class=\"gw-card__footer\"><div class=\"gw-card__price\">Desde \u20ac19,00<\/div><\/div><\/div><a class=\"gw-card__link\" href=\"https:\/\/www.guruwalk.com\/es\/walks\/p209-valencia-visita-guiada-en-bicicleta-electrica-para-grupos-pequenos-cGFub3B0ZXM\" target=\"_blank\" rel=\"noopener\" aria-label=\"Valencia: Visita guiada en bicicleta el\u00e9ctrica para grupos peque\u00f1os\"><\/a><\/article><article class=\"gw-card\"><div class=\"gw-card__image\"><img decoding=\"async\" class=\"gw-card__photo\" src=\"https:\/\/blog.guruwalk.com\/wp-content\/uploads\/gw-products\/images\/1a6561d635f30f8d61641b0b6264610b.webp\" alt=\"Val\u00e8ncia: Visita guiada del Grupo de Arte Callejero\" loading=\"lazy\" \/><div class=\"gw-flags\" aria-label=\"Idiomas disponibles\"><span class=\"gw-flag\" title=\"DE\"><img decoding=\"async\" class=\"gw-flag-img\" src=\"https:\/\/blog.guruwalk.com\/wp-content\/uploads\/gw-products\/flags\/de.svg\" alt=\"DE\" loading=\"lazy\" width=\"22\" height=\"16\" \/><\/span><span class=\"gw-flag\" title=\"EN\"><img decoding=\"async\" class=\"gw-flag-img\" src=\"https:\/\/blog.guruwalk.com\/wp-content\/uploads\/gw-products\/flags\/gb.svg\" alt=\"EN\" loading=\"lazy\" width=\"22\" height=\"16\" \/><\/span><span class=\"gw-flag\" title=\"ES\"><img decoding=\"async\" class=\"gw-flag-img\" src=\"https:\/\/blog.guruwalk.com\/wp-content\/uploads\/gw-products\/flags\/es.svg\" alt=\"ES\" loading=\"lazy\" width=\"22\" height=\"16\" \/><\/span><\/div><\/div><div class=\"gw-card__body\"><h3 class=\"gw-card__title\">Val\u00e8ncia: Visita guiada del Grupo de Arte Callejero<\/h3><div class=\"gw-card__footer\"><div class=\"gw-card__price\">Desde \u20ac35,00<\/div><\/div><\/div><a class=\"gw-card__link\" href=\"https:\/\/www.guruwalk.com\/es\/walks\/p208-valencia-visita-guiada-del-grupo-de-arte-callejero-cGFub3B0ZXM\" target=\"_blank\" rel=\"noopener\" aria-label=\"Val\u00e8ncia: Visita guiada del Grupo de Arte Callejero\"><\/a><\/article><article class=\"gw-card\"><div class=\"gw-card__image\"><img decoding=\"async\" class=\"gw-card__photo\" src=\"https:\/\/blog.guruwalk.com\/wp-content\/uploads\/gw-products\/images\/fd8db973fc64c6b17929e92fa1873c6b.webp\" alt=\"Lonja de la Seda, Iglesia de San Nicol\u00e1s y Catedral: Visita guiada a pie\" loading=\"lazy\" \/><div class=\"gw-flags\" aria-label=\"Idiomas disponibles\"><span class=\"gw-flag\" title=\"EN\"><img decoding=\"async\" class=\"gw-flag-img\" src=\"https:\/\/blog.guruwalk.com\/wp-content\/uploads\/gw-products\/flags\/gb.svg\" alt=\"EN\" loading=\"lazy\" width=\"22\" height=\"16\" \/><\/span><span class=\"gw-flag\" title=\"ES\"><img decoding=\"async\" class=\"gw-flag-img\" src=\"https:\/\/blog.guruwalk.com\/wp-content\/uploads\/gw-products\/flags\/es.svg\" alt=\"ES\" loading=\"lazy\" width=\"22\" height=\"16\" \/><\/span><span class=\"gw-flag\" title=\"FR\"><img decoding=\"async\" class=\"gw-flag-img\" src=\"https:\/\/blog.guruwalk.com\/wp-content\/uploads\/gw-products\/flags\/fr.svg\" alt=\"FR\" loading=\"lazy\" width=\"22\" height=\"16\" \/><\/span><span class=\"gw-flag\" title=\"IT\"><img decoding=\"async\" class=\"gw-flag-img\" src=\"https:\/\/blog.guruwalk.com\/wp-content\/uploads\/gw-products\/flags\/it.svg\" alt=\"IT\" loading=\"lazy\" width=\"22\" height=\"16\" \/><\/span><\/div><\/div><div class=\"gw-card__body\"><h3 class=\"gw-card__title\">Lonja de la Seda, Iglesia de San Nicol\u00e1s y Catedral: Visita guiada a pie<\/h3><div class=\"gw-card__footer\"><div class=\"gw-card__meta\"><div class=\"gw-rating\" aria-label=\"Valoraci\u00f3n 4.9 de 5\"><span class=\"gw-star gw-star--full\" aria-hidden=\"true\">\u2605<\/span><span class=\"gw-star gw-star--full\" aria-hidden=\"true\">\u2605<\/span><span class=\"gw-star gw-star--full\" aria-hidden=\"true\">\u2605<\/span><span class=\"gw-star gw-star--full\" aria-hidden=\"true\">\u2605<\/span><span class=\"gw-star gw-star--half\" aria-hidden=\"true\">\u2606<\/span><span class=\"gw-rating__count\">4,9 (41)<\/span><\/div><\/div><div class=\"gw-card__price\">Desde \u20ac45,00<\/div><\/div><\/div><a class=\"gw-card__link\" href=\"https:\/\/www.guruwalk.com\/es\/walks\/p187-lonja-de-la-seda-iglesia-de-san-nicolas-y-catedral-visita-guiada-a-pie-cGFub3B0ZXM\" target=\"_blank\" rel=\"noopener\" aria-label=\"Lonja de la Seda, Iglesia de San Nicol\u00e1s y Catedral: Visita guiada a pie\"><\/a><\/article><\/div><div class=\"gw-vertical-link-container\"><a href=\"https:\/\/www.guruwalk.com\/es\/a\/valencia\/v169-visita-guiada-valencia\" target=\"_blank\" rel=\"noopener\" style=\"font-weight: bold;\">+ Visitas Guiadas en Valencia<\/a><\/div><\/div>\n\n\n<h2 class=\"wp-block-heading\" id=\"sabores-valencianos-dos\">Sabores valencianos para dos<\/h2>\n\n\n\n<p class=\"wp-block-paragraph\">La cocina valenciana fusiona productos de huerta (tomate, pimiento, alcachofa) y marisco fresco. Prueba arroces tradicionales como la paella (desde 12\u202f\u20ac\/raci\u00f3n) y arroces al horno en Albufera, o saborea horchata artesana en Alboraya. Para un plan especial, reserva un gastrobar con men\u00fa degustaci\u00f3n de 5 platos (aprox. 35\u202f\u20ac\/persona) que combine recetas centenarias y t\u00e9cnicas de vanguardia.<\/p>\n\n\n\n<ul class=\"wp-block-list\">\n<li>Paella valenciana en terraza junto a la playa (reservas recomendadas).<\/li>\n\n\n\n<li>Horchata y fartons en la horchater\u00eda t\u00edpica de Alboraya.<\/li>\n\n\n\n<li>Tapas de autor en Ruzafa con maridaje de vinos regionales.<\/li>\n\n\n\n<li>Visita al Mercado Central para compras gourmet.<\/li>\n<\/ul>\n\n\n\n<h3 class=\"wp-block-heading\" id=\"ruta-tapas-ruzafa\">Ruta de tapas por Ruzafa<\/h3>\n\n\n\n<figure class=\"wp-block-image\"><img decoding=\"async\" src=\"https:\/\/xplor.guruwalk.com\/wp-content\/uploads\/img\/ruta_de_tapas_por_ruzafa.webp\" alt=\"Ruta de tapas por Ruzafa\"\/><figcaption class=\"wp-element-caption\">Photo by Ahmet \u00c7\u00d6T\u00dcR on Pexels<\/figcaption><\/figure>\n\n\n\n<p class=\"wp-block-paragraph\">Descubre 5 paradas clave en Ruzafa: desde el cl\u00e1sico bar de tapas con croquetas de centollo hasta el local de fusi\u00f3n japonesa-valenciana. Incluye maridaje con vinos DO Valencia y cervezas artesanas locales. La ruta dura unas 3\u202fh y tiene un coste aproximado de 25\u202f\u20ac\/persona.<\/p>\n\n\n\n\n\n<h3 class=\"wp-block-heading\" id=\"cata-vinos-utiel-requena\">Cata de vinos en Utiel-Requena<\/h3>\n\n\n\n<figure class=\"wp-block-image\"><img decoding=\"async\" src=\"https:\/\/xplor.guruwalk.com\/wp-content\/uploads\/img\/cata_de_vinos_en_utiel_requena.webp\" alt=\"Cata de vinos en Utiel-Requena\"\/><figcaption class=\"wp-element-caption\">Photo by cottonbro studio on Pexels<\/figcaption><\/figure>\n\n\n\n<p class=\"wp-block-paragraph\">Realiza una excursi\u00f3n de medio d\u00eda (4\u202fh) a Utiel-Requena y visita dos bodegas con m\u00e1s de 150\u202fa\u00f1os de historia. Por 40\u202f\u20ac\/persona degustar\u00e1s seis referencias (Bobal, Tempranillo y variedades blancas) acompa\u00f1adas de embutidos y quesos artesanos. El transporte se incluye desde el centro de Valencia.<\/p>\n\n\n<div class=\"gw-products-block\" style=\"--gw-nav-width:30px; --gw-nav-height:30px; --gw-chevron-w:15px; --gw-chevron-h:15px; --gw-circle-color:#0a5bd9; --gw-chevron-color:#0a5bd9;\"><div class=\"gw-products-carousel\" aria-live=\"polite\"><article class=\"gw-card\"><div class=\"gw-card__image\"><img decoding=\"async\" class=\"gw-card__photo\" src=\"https:\/\/blog.guruwalk.com\/wp-content\/uploads\/gw-products\/images\/0d21cf567749d7f1335c38b96fc836cd.webp\" alt=\"Valencia: paseo en barco con cata de vino valenciano y tapas\" loading=\"lazy\" \/><div class=\"gw-flags\" aria-label=\"Idiomas disponibles\"><span class=\"gw-flag\" title=\"EN\"><img decoding=\"async\" class=\"gw-flag-img\" src=\"https:\/\/blog.guruwalk.com\/wp-content\/uploads\/gw-products\/flags\/gb.svg\" alt=\"EN\" loading=\"lazy\" width=\"22\" height=\"16\" \/><\/span><span class=\"gw-flag\" title=\"ES\"><img decoding=\"async\" class=\"gw-flag-img\" src=\"https:\/\/blog.guruwalk.com\/wp-content\/uploads\/gw-products\/flags\/es.svg\" alt=\"ES\" loading=\"lazy\" width=\"22\" height=\"16\" \/><\/span><\/div><\/div><div class=\"gw-card__body\"><h3 class=\"gw-card__title\">Valencia: paseo en barco con cata de vino valenciano y tapas<\/h3><div class=\"gw-card__footer\"><div class=\"gw-card__meta\"><div class=\"gw-rating\" aria-label=\"Valoraci\u00f3n 5.0 de 5\"><span class=\"gw-star gw-star--full\" aria-hidden=\"true\">\u2605<\/span><span class=\"gw-star gw-star--full\" aria-hidden=\"true\">\u2605<\/span><span class=\"gw-star gw-star--full\" aria-hidden=\"true\">\u2605<\/span><span class=\"gw-star gw-star--full\" aria-hidden=\"true\">\u2605<\/span><span class=\"gw-star gw-star--full\" aria-hidden=\"true\">\u2605<\/span><span class=\"gw-rating__count\">5,0 (48)<\/span><\/div><\/div><div class=\"gw-card__price\">Desde \u20ac48,00<\/div><\/div><\/div><a class=\"gw-card__link\" href=\"https:\/\/www.guruwalk.com\/es\/walks\/p78811-valencia-paseo-en-barco-con-cata-de-vino-valenciano-y-tapas-cGFub3B0ZXM\" target=\"_blank\" rel=\"noopener\" aria-label=\"Valencia: paseo en barco con cata de vino valenciano y tapas\"><\/a><\/article><article class=\"gw-card\"><div class=\"gw-card__image\"><img decoding=\"async\" class=\"gw-card__photo\" src=\"https:\/\/blog.guruwalk.com\/wp-content\/uploads\/gw-products\/images\/0506c82547fccc9e3be470c7033dc82e.webp\" alt=\"Desde el puerto de Valencia: bodegas y degustaciones en Utiel-Requena\" loading=\"lazy\" \/><div class=\"gw-flags\" aria-label=\"Idiomas disponibles\"><span class=\"gw-flag\" title=\"EN\"><img decoding=\"async\" class=\"gw-flag-img\" src=\"https:\/\/blog.guruwalk.com\/wp-content\/uploads\/gw-products\/flags\/gb.svg\" alt=\"EN\" loading=\"lazy\" width=\"22\" height=\"16\" \/><\/span><span class=\"gw-flag\" title=\"ES\"><img decoding=\"async\" class=\"gw-flag-img\" src=\"https:\/\/blog.guruwalk.com\/wp-content\/uploads\/gw-products\/flags\/es.svg\" alt=\"ES\" loading=\"lazy\" width=\"22\" height=\"16\" \/><\/span><\/div><\/div><div class=\"gw-card__body\"><h3 class=\"gw-card__title\">Desde el puerto de Valencia: bodegas y degustaciones en Utiel-Requena<\/h3><div class=\"gw-card__footer\"><div class=\"gw-card__price\">Desde \u20ac129,00<\/div><\/div><\/div><a class=\"gw-card__link\" href=\"https:\/\/www.guruwalk.com\/es\/walks\/p238833-desde-el-puerto-de-valencia-bodegas-y-degustaciones-en-utiel-requena-cGFub3B0ZXM\" target=\"_blank\" rel=\"noopener\" aria-label=\"Desde el puerto de Valencia: bodegas y degustaciones en Utiel-Requena\"><\/a><\/article><article class=\"gw-card\"><div class=\"gw-card__image\"><img decoding=\"async\" class=\"gw-card__photo\" src=\"https:\/\/blog.guruwalk.com\/wp-content\/uploads\/gw-products\/images\/af00277eec648b4b6288c3fdb8f45ad4.webp\" alt=\"Catedral de Valencia, Santo Grial, Lonja de la Seda y cata de vino\" loading=\"lazy\" \/><div class=\"gw-flags\" aria-label=\"Idiomas disponibles\"><span class=\"gw-flag\" title=\"EN\"><img decoding=\"async\" class=\"gw-flag-img\" src=\"https:\/\/blog.guruwalk.com\/wp-content\/uploads\/gw-products\/flags\/gb.svg\" alt=\"EN\" loading=\"lazy\" width=\"22\" height=\"16\" \/><\/span><span class=\"gw-flag\" title=\"ES\"><img decoding=\"async\" class=\"gw-flag-img\" src=\"https:\/\/blog.guruwalk.com\/wp-content\/uploads\/gw-products\/flags\/es.svg\" alt=\"ES\" loading=\"lazy\" width=\"22\" height=\"16\" \/><\/span><\/div><\/div><div class=\"gw-card__body\"><h3 class=\"gw-card__title\">Catedral de Valencia, Santo Grial, Lonja de la Seda y cata de vino<\/h3><div class=\"gw-card__footer\"><div class=\"gw-card__meta\"><div class=\"gw-rating\" aria-label=\"Valoraci\u00f3n 5.0 de 5\"><span class=\"gw-star gw-star--full\" aria-hidden=\"true\">\u2605<\/span><span class=\"gw-star gw-star--full\" aria-hidden=\"true\">\u2605<\/span><span class=\"gw-star gw-star--full\" aria-hidden=\"true\">\u2605<\/span><span class=\"gw-star gw-star--full\" aria-hidden=\"true\">\u2605<\/span><span class=\"gw-star gw-star--full\" aria-hidden=\"true\">\u2605<\/span><span class=\"gw-rating__count\">5,0 (13)<\/span><\/div><\/div><div class=\"gw-card__price\">Desde \u20ac59,00<\/div><\/div><\/div><a class=\"gw-card__link\" href=\"https:\/\/www.guruwalk.com\/es\/walks\/p159704-catedral-de-valencia-santo-grial-lonja-de-la-seda-y-cata-de-vino-cGFub3B0ZXM\" target=\"_blank\" rel=\"noopener\" aria-label=\"Catedral de Valencia, Santo Grial, Lonja de la Seda y cata de vino\"><\/a><\/article><article class=\"gw-card\"><div class=\"gw-card__image\"><img decoding=\"async\" class=\"gw-card__photo\" src=\"https:\/\/blog.guruwalk.com\/wp-content\/uploads\/gw-products\/images\/5b5e2dbcfa91c317f645798d69d0ae62.webp\" alt=\"Valencia: visita a la bodega Vegamar, cata y almuerzo\" loading=\"lazy\" \/><div class=\"gw-flags\" aria-label=\"Idiomas disponibles\"><span class=\"gw-flag\" title=\"EN\"><img decoding=\"async\" class=\"gw-flag-img\" src=\"https:\/\/blog.guruwalk.com\/wp-content\/uploads\/gw-products\/flags\/gb.svg\" alt=\"EN\" loading=\"lazy\" width=\"22\" height=\"16\" \/><\/span><span class=\"gw-flag\" title=\"ES\"><img decoding=\"async\" class=\"gw-flag-img\" src=\"https:\/\/blog.guruwalk.com\/wp-content\/uploads\/gw-products\/flags\/es.svg\" alt=\"ES\" loading=\"lazy\" width=\"22\" height=\"16\" \/><\/span><\/div><\/div><div class=\"gw-card__body\"><h3 class=\"gw-card__title\">Valencia: visita a la bodega Vegamar, cata y almuerzo<\/h3><div class=\"gw-card__footer\"><div class=\"gw-card__price\">Desde \u20ac70,00<\/div><\/div><\/div><a class=\"gw-card__link\" href=\"https:\/\/www.guruwalk.com\/es\/walks\/p79051-valencia-visita-a-la-bodega-vegamar-cata-y-almuerzo-cGFub3B0ZXM\" target=\"_blank\" rel=\"noopener\" aria-label=\"Valencia: visita a la bodega Vegamar, cata y almuerzo\"><\/a><\/article><\/div><div class=\"gw-vertical-link-container\"><a href=\"https:\/\/www.guruwalk.com\/es\/a\/valencia\/v159-cata-de-vinos-valencia\" target=\"_blank\" rel=\"noopener\" style=\"font-weight: bold;\">+ Catas de Vino<\/a><\/div><\/div>\n\n\n<h2 class=\"wp-block-heading\" id=\"aventura-mar\">Aventura y mar<\/h2>\n\n\n\n<figure class=\"wp-block-image size-full\"><img decoding=\"async\" width=\"500\" height=\"500\" src=\"https:\/\/blog.guruwalk.com\/wp-content\/uploads\/2025\/08\/image-88.webp\" alt=\"\" class=\"wp-image-34252\" srcset=\"https:\/\/blog.guruwalk.com\/wp-content\/uploads\/2025\/08\/image-88.webp 500w, https:\/\/blog.guruwalk.com\/wp-content\/uploads\/2025\/08\/image-88-300x300.webp 300w, https:\/\/blog.guruwalk.com\/wp-content\/uploads\/2025\/08\/image-88-150x150.webp 150w\" sizes=\"(max-width: 500px) 100vw, 500px\" \/><\/figure>\n\n\n\n<p class=\"wp-block-paragraph\">Conecta con el Mediterr\u00e1neo a trav\u00e9s de actividades n\u00e1uticas. Un&nbsp;<a href=\"https:\/\/www.guruwalk.com\/es\/a\/valencia\/paseo-en-barco-valencia\" target=\"_blank\" rel=\"noopener\">paseo en barco<\/a>&nbsp;por la Albufera (desde 20 \u20ac\/persona, 1 h) brinda paz en su lago natural. Para m\u00e1s emoci\u00f3n, sube a un&nbsp;<a href=\"https:\/\/www.guruwalk.com\/es\/a\/valencia\/catamaran-valencia\" target=\"_blank\" rel=\"noopener\">catamar\u00e1n<\/a>&nbsp;al atardecer (desde 30 \u20ac\/persona, 2 h) y contempla la costa te\u00f1ida de naranjas.<\/p>\n\n\n\n<p class=\"wp-block-paragraph\">Para los amantes del deporte acu\u00e1tico, el paddle-surf en Patacona o El Cabanyal (equipamiento incluido, aprox. 15 \u20ac\/h) mejora el equilibrio y regala vistas inusuales del litoral. Es una experiencia perfecta para parejas que buscan un reto compartido.<\/p>\n\n\n<div class=\"gw-products-block\" style=\"--gw-nav-width:30px; --gw-nav-height:30px; --gw-chevron-w:15px; --gw-chevron-h:15px; --gw-circle-color:#0a5bd9; --gw-chevron-color:#0a5bd9;\"><div class=\"gw-products-carousel\" aria-live=\"polite\"><article class=\"gw-card\"><div class=\"gw-card__image\"><img decoding=\"async\" class=\"gw-card__photo\" src=\"https:\/\/blog.guruwalk.com\/wp-content\/uploads\/gw-products\/images\/a06557d9536cd2144f3796d2416b7bf9.webp\" alt=\"Valencia: Bus tur\u00edstico 48h con l\u00ednea Albufera y paseo en barco incluido\" loading=\"lazy\" \/><div class=\"gw-flags\" aria-label=\"Idiomas disponibles\"><span class=\"gw-flag\" title=\"DE\"><img decoding=\"async\" class=\"gw-flag-img\" src=\"https:\/\/blog.guruwalk.com\/wp-content\/uploads\/gw-products\/flags\/de.svg\" alt=\"DE\" loading=\"lazy\" width=\"22\" height=\"16\" \/><\/span><span class=\"gw-flag\" title=\"EN\"><img decoding=\"async\" class=\"gw-flag-img\" src=\"https:\/\/blog.guruwalk.com\/wp-content\/uploads\/gw-products\/flags\/gb.svg\" alt=\"EN\" loading=\"lazy\" width=\"22\" height=\"16\" \/><\/span><span class=\"gw-flag\" title=\"ES\"><img decoding=\"async\" class=\"gw-flag-img\" src=\"https:\/\/blog.guruwalk.com\/wp-content\/uploads\/gw-products\/flags\/es.svg\" alt=\"ES\" loading=\"lazy\" width=\"22\" height=\"16\" \/><\/span><span class=\"gw-flag\" title=\"FR\"><img decoding=\"async\" class=\"gw-flag-img\" src=\"https:\/\/blog.guruwalk.com\/wp-content\/uploads\/gw-products\/flags\/fr.svg\" alt=\"FR\" loading=\"lazy\" width=\"22\" height=\"16\" \/><\/span><\/div><\/div><div class=\"gw-card__body\"><h3 class=\"gw-card__title\">Valencia: Bus tur\u00edstico 48h con l\u00ednea Albufera y paseo en barco incluido<\/h3><div class=\"gw-card__footer\"><div class=\"gw-card__price\">Desde \u20ac35,00<\/div><\/div><\/div><a class=\"gw-card__link\" href=\"https:\/\/www.guruwalk.com\/es\/walks\/p180-valencia-autobus-hop-on-hop-off-de-48-horas-con-linea-albufera-paseo-en-barco-cGFub3B0ZXM\" target=\"_blank\" rel=\"noopener\" aria-label=\"Valencia: Bus tur\u00edstico 48h con l\u00ednea Albufera y paseo en barco incluido\"><\/a><\/article><\/div><div class=\"gw-vertical-link-container\"><a href=\"https:\/\/www.guruwalk.com\/es\/a\/valencia\/v168-paseo-en-barco-valencia\" target=\"_blank\" rel=\"noopener\" style=\"font-weight: bold;\">+ Paseos en Barco<\/a><\/div><\/div>\n\n\n<h2 class=\"wp-block-heading\" id=\"instantes-romanticos-aire-libre\">Instantes rom\u00e1nticos al aire libre<\/h2>\n\n\n\n<figure class=\"wp-block-image\"><img decoding=\"async\" src=\"https:\/\/xplor.guruwalk.com\/wp-content\/uploads\/img\/instantes_romanticos_al_aire_libre.webp\" alt=\"Instantes rom\u00e1nticos al aire libre\"\/><figcaption class=\"wp-element-caption\">Photo by Leung Kwok Tung Ktleung on Pexels<\/figcaption><\/figure>\n\n\n\n<p class=\"wp-block-paragraph\">Valencia esconde rincones para momentos \u00edntimos: el Parque de Cabecera ofrece paseos en barca con agua cristalina, y los Jardines del Turia, antiguo cauce del r\u00edo, sumergen a parejas en un t\u00fanel verde de 9 km.<\/p>\n\n\n\n<ul class=\"wp-block-list\">\n<li>Atardecer en la Albufera con reflejos naranjas (llegar 1 h antes).<\/li>\n\n\n\n<li>Picnic gourmet en el Puente de las Flores.<\/li>\n\n\n\n<li>Paseo en barca de remo en Parque de Cabecera.<\/li>\n\n\n\n<li>Fotograf\u00edas junto a la Fuente del Turia.<\/li>\n<\/ul>\n\n\n<div class=\"gw-products-block\" style=\"--gw-nav-width:30px; --gw-nav-height:30px; --gw-chevron-w:15px; --gw-chevron-h:15px; --gw-circle-color:#0a5bd9; --gw-chevron-color:#0a5bd9;\"><div class=\"gw-products-carousel\" aria-live=\"polite\"><article class=\"gw-card\"><div class=\"gw-card__image\"><img decoding=\"async\" class=\"gw-card__photo\" src=\"https:\/\/blog.guruwalk.com\/wp-content\/uploads\/gw-products\/images\/5cfb083a1a986c21ee1195e1ed29de79.webp\" alt=\"Autob\u00fas tur\u00edstico de la Albufera + Paseo en barca\" loading=\"lazy\" \/><\/div><div class=\"gw-card__body\"><h3 class=\"gw-card__title\">Autob\u00fas tur\u00edstico de la Albufera + Paseo en barca<\/h3><div class=\"gw-card__footer\"><div class=\"gw-card__price\">Desde \u20ac22,00<\/div><\/div><\/div><a class=\"gw-card__link\" href=\"https:\/\/www.guruwalk.com\/es\/walks\/p74787-autobus-turistico-de-la-albufera-paseo-en-barca-cGFub3B0ZXM\" target=\"_blank\" rel=\"noopener\" aria-label=\"Autob\u00fas tur\u00edstico de la Albufera + Paseo en barca\"><\/a><\/article><article class=\"gw-card\"><div class=\"gw-card__image\"><img decoding=\"async\" class=\"gw-card__photo\" src=\"https:\/\/blog.guruwalk.com\/wp-content\/uploads\/gw-products\/images\/c21e50c1caee058ec233c30135246d45.webp\" alt=\"Valencia: tour \u00e9pico por Montanejos con senderismo, ba\u00f1o y cascadas\" loading=\"lazy\" \/><div class=\"gw-flags\" aria-label=\"Idiomas disponibles\"><span class=\"gw-flag\" title=\"EN\"><img decoding=\"async\" class=\"gw-flag-img\" src=\"https:\/\/blog.guruwalk.com\/wp-content\/uploads\/gw-products\/flags\/gb.svg\" alt=\"EN\" loading=\"lazy\" width=\"22\" height=\"16\" \/><\/span><span class=\"gw-flag\" title=\"ES\"><img decoding=\"async\" class=\"gw-flag-img\" src=\"https:\/\/blog.guruwalk.com\/wp-content\/uploads\/gw-products\/flags\/es.svg\" alt=\"ES\" loading=\"lazy\" width=\"22\" height=\"16\" \/><\/span><\/div><\/div><div class=\"gw-card__body\"><h3 class=\"gw-card__title\">Valencia: tour \u00e9pico por Montanejos con senderismo, ba\u00f1o y cascadas<\/h3><div class=\"gw-card__footer\"><div class=\"gw-card__meta\"><div class=\"gw-rating\" aria-label=\"Valoraci\u00f3n 4.7 de 5\"><span class=\"gw-star gw-star--full\" aria-hidden=\"true\">\u2605<\/span><span class=\"gw-star gw-star--full\" aria-hidden=\"true\">\u2605<\/span><span class=\"gw-star gw-star--full\" aria-hidden=\"true\">\u2605<\/span><span class=\"gw-star gw-star--full\" aria-hidden=\"true\">\u2605<\/span><span class=\"gw-star gw-star--half\" aria-hidden=\"true\">\u2606<\/span><span class=\"gw-rating__count\">4,7 (61)<\/span><\/div><\/div><div class=\"gw-card__price\">Desde \u20ac39,00<\/div><\/div><\/div><a class=\"gw-card__link\" href=\"https:\/\/www.guruwalk.com\/es\/walks\/p79169-valencia-tour-epico-por-montanejos-con-senderismo-bano-y-cascadas-cGFub3B0ZXM\" target=\"_blank\" rel=\"noopener\" aria-label=\"Valencia: tour \u00e9pico por Montanejos con senderismo, ba\u00f1o y cascadas\"><\/a><\/article><article class=\"gw-card\"><div class=\"gw-card__image\"><img decoding=\"async\" class=\"gw-card__photo\" src=\"https:\/\/blog.guruwalk.com\/wp-content\/uploads\/gw-products\/images\/055a71259b7db60c7dc4fc280f800359.webp\" alt=\"Valencia: tour guiado en barco por la Albufera y visita a una barraca\" loading=\"lazy\" \/><div class=\"gw-flags\" aria-label=\"Idiomas disponibles\"><span class=\"gw-flag\" title=\"ES\"><img decoding=\"async\" class=\"gw-flag-img\" src=\"https:\/\/blog.guruwalk.com\/wp-content\/uploads\/gw-products\/flags\/es.svg\" alt=\"ES\" loading=\"lazy\" width=\"22\" height=\"16\" \/><\/span><\/div><\/div><div class=\"gw-card__body\"><h3 class=\"gw-card__title\">Valencia: tour guiado en barco por la Albufera y visita a una barraca<\/h3><div class=\"gw-card__footer\"><div class=\"gw-card__meta\"><div class=\"gw-rating\" aria-label=\"Valoraci\u00f3n 4.5 de 5\"><span class=\"gw-star gw-star--full\" aria-hidden=\"true\">\u2605<\/span><span class=\"gw-star gw-star--full\" aria-hidden=\"true\">\u2605<\/span><span class=\"gw-star gw-star--full\" aria-hidden=\"true\">\u2605<\/span><span class=\"gw-star gw-star--full\" aria-hidden=\"true\">\u2605<\/span><span class=\"gw-star gw-star--half\" aria-hidden=\"true\">\u2606<\/span><span class=\"gw-rating__count\">4,5 (160)<\/span><\/div><\/div><div class=\"gw-card__price\">Desde \u20ac5,00<\/div><\/div><\/div><a class=\"gw-card__link\" href=\"https:\/\/www.guruwalk.com\/es\/walks\/p78655-valencia-tour-guiado-en-barco-por-la-albufera-y-visita-a-una-barraca-cGFub3B0ZXM\" target=\"_blank\" rel=\"noopener\" aria-label=\"Valencia: tour guiado en barco por la Albufera y visita a una barraca\"><\/a><\/article><article class=\"gw-card\"><div class=\"gw-card__image\"><img decoding=\"async\" class=\"gw-card__photo\" src=\"https:\/\/blog.guruwalk.com\/wp-content\/uploads\/gw-products\/images\/e2b5a2a50cb17684e9a43f62aba370ae.webp\" alt=\"Explorando los Tesoros Escondidos de las Playas de la Costa Blanca\" loading=\"lazy\" \/><div class=\"gw-flags\" aria-label=\"Idiomas disponibles\"><span class=\"gw-flag\" title=\"DE\"><img decoding=\"async\" class=\"gw-flag-img\" src=\"https:\/\/blog.guruwalk.com\/wp-content\/uploads\/gw-products\/flags\/de.svg\" alt=\"DE\" loading=\"lazy\" width=\"22\" height=\"16\" \/><\/span><span class=\"gw-flag\" title=\"EN\"><img decoding=\"async\" class=\"gw-flag-img\" src=\"https:\/\/blog.guruwalk.com\/wp-content\/uploads\/gw-products\/flags\/gb.svg\" alt=\"EN\" loading=\"lazy\" width=\"22\" height=\"16\" \/><\/span><span class=\"gw-flag\" title=\"ES\"><img decoding=\"async\" class=\"gw-flag-img\" src=\"https:\/\/blog.guruwalk.com\/wp-content\/uploads\/gw-products\/flags\/es.svg\" alt=\"ES\" loading=\"lazy\" width=\"22\" height=\"16\" \/><\/span><span class=\"gw-flag\" title=\"FR\"><img decoding=\"async\" class=\"gw-flag-img\" src=\"https:\/\/blog.guruwalk.com\/wp-content\/uploads\/gw-products\/flags\/fr.svg\" alt=\"FR\" loading=\"lazy\" width=\"22\" height=\"16\" \/><\/span><\/div><\/div><div class=\"gw-card__body\"><h3 class=\"gw-card__title\">Explorando los Tesoros Escondidos de las Playas de la Costa Blanca<\/h3><div class=\"gw-card__footer\"><div class=\"gw-card__price\">Desde \u20ac80,00<\/div><\/div><\/div><a class=\"gw-card__link\" href=\"https:\/\/www.guruwalk.com\/es\/walks\/p78944-explorando-los-tesoros-escondidos-de-las-playas-de-la-costa-blanca-cGFub3B0ZXM\" target=\"_blank\" rel=\"noopener\" aria-label=\"Explorando los Tesoros Escondidos de las Playas de la Costa Blanca\"><\/a><\/article><article class=\"gw-card\"><div class=\"gw-card__image\"><img decoding=\"async\" class=\"gw-card__photo\" src=\"https:\/\/blog.guruwalk.com\/wp-content\/uploads\/gw-products\/images\/845bd21746cea2ade2ae390e675e8bd0.webp\" alt=\"Desde Valencia: tour por las cuevas de San Jos\u00e9 con barco y gu\u00eda\" loading=\"lazy\" \/><div class=\"gw-flags\" aria-label=\"Idiomas disponibles\"><span class=\"gw-flag\" title=\"DE\"><img decoding=\"async\" class=\"gw-flag-img\" src=\"https:\/\/blog.guruwalk.com\/wp-content\/uploads\/gw-products\/flags\/de.svg\" alt=\"DE\" loading=\"lazy\" width=\"22\" height=\"16\" \/><\/span><span class=\"gw-flag\" title=\"EN\"><img decoding=\"async\" class=\"gw-flag-img\" src=\"https:\/\/blog.guruwalk.com\/wp-content\/uploads\/gw-products\/flags\/gb.svg\" alt=\"EN\" loading=\"lazy\" width=\"22\" height=\"16\" \/><\/span><span class=\"gw-flag\" title=\"ES\"><img decoding=\"async\" class=\"gw-flag-img\" src=\"https:\/\/blog.guruwalk.com\/wp-content\/uploads\/gw-products\/flags\/es.svg\" alt=\"ES\" loading=\"lazy\" width=\"22\" height=\"16\" \/><\/span><span class=\"gw-flag\" title=\"FR\"><img decoding=\"async\" class=\"gw-flag-img\" src=\"https:\/\/blog.guruwalk.com\/wp-content\/uploads\/gw-products\/flags\/fr.svg\" alt=\"FR\" loading=\"lazy\" width=\"22\" height=\"16\" \/><\/span><\/div><\/div><div class=\"gw-card__body\"><h3 class=\"gw-card__title\">Desde Valencia: tour por las cuevas de San Jos\u00e9 con barco y gu\u00eda<\/h3><div class=\"gw-card__footer\"><div class=\"gw-card__meta\"><div class=\"gw-rating\" aria-label=\"Valoraci\u00f3n 4.6 de 5\"><span class=\"gw-star gw-star--full\" aria-hidden=\"true\">\u2605<\/span><span class=\"gw-star gw-star--full\" aria-hidden=\"true\">\u2605<\/span><span class=\"gw-star gw-star--full\" aria-hidden=\"true\">\u2605<\/span><span class=\"gw-star gw-star--full\" aria-hidden=\"true\">\u2605<\/span><span class=\"gw-star gw-star--half\" aria-hidden=\"true\">\u2606<\/span><span class=\"gw-rating__count\">4,6 (2622)<\/span><\/div><\/div><div class=\"gw-card__price\">Desde \u20ac55,20<\/div><\/div><\/div><a class=\"gw-card__link\" href=\"https:\/\/www.guruwalk.com\/es\/walks\/p78696-desde-valencia-tour-por-las-cuevas-de-san-jose-con-barco-y-guia-cGFub3B0ZXM\" target=\"_blank\" rel=\"noopener\" aria-label=\"Desde Valencia: tour por las cuevas de San Jos\u00e9 con barco y gu\u00eda\"><\/a><\/article><article class=\"gw-card\"><div class=\"gw-card__image\"><img decoding=\"async\" class=\"gw-card__photo\" src=\"https:\/\/blog.guruwalk.com\/wp-content\/uploads\/gw-products\/images\/1d874d26a9362e0e1ee53d0e09176913.webp\" alt=\"Excursi\u00f3n a La Albufera\" loading=\"lazy\" \/><div class=\"gw-flags\" aria-label=\"Idiomas disponibles\"><span class=\"gw-flag\" title=\"ES\"><img decoding=\"async\" class=\"gw-flag-img\" src=\"https:\/\/blog.guruwalk.com\/wp-content\/uploads\/gw-products\/flags\/es.svg\" alt=\"ES\" loading=\"lazy\" width=\"22\" height=\"16\" \/><\/span><\/div><\/div><div class=\"gw-card__body\"><h3 class=\"gw-card__title\">Excursi\u00f3n a La Albufera<\/h3><div class=\"gw-card__footer\"><div class=\"gw-card__meta\"><div class=\"gw-rating\" aria-label=\"Valoraci\u00f3n 4.5 de 5\"><span class=\"gw-star gw-star--full\" aria-hidden=\"true\">\u2605<\/span><span class=\"gw-star gw-star--full\" aria-hidden=\"true\">\u2605<\/span><span class=\"gw-star gw-star--full\" aria-hidden=\"true\">\u2605<\/span><span class=\"gw-star gw-star--full\" aria-hidden=\"true\">\u2605<\/span><span class=\"gw-star gw-star--half\" aria-hidden=\"true\">\u2606<\/span><span class=\"gw-rating__count\">4,5 (922)<\/span><\/div><\/div><div class=\"gw-card__price\">Desde \u20ac55,00<\/div><\/div><\/div><a class=\"gw-card__link\" href=\"https:\/\/www.guruwalk.com\/es\/walks\/p61518-excursion-a-la-albufera-cGFub3B0ZXM\" target=\"_blank\" rel=\"noopener\" aria-label=\"Excursi\u00f3n a La Albufera\"><\/a><\/article><article class=\"gw-card\"><div class=\"gw-card__image\"><img decoding=\"async\" class=\"gw-card__photo\" src=\"https:\/\/blog.guruwalk.com\/wp-content\/uploads\/gw-products\/images\/a06557d9536cd2144f3796d2416b7bf9.webp\" alt=\"Valencia: Bus tur\u00edstico 48h con l\u00ednea Albufera y paseo en barco incluido\" loading=\"lazy\" \/><div class=\"gw-flags\" aria-label=\"Idiomas disponibles\"><span class=\"gw-flag\" title=\"DE\"><img decoding=\"async\" class=\"gw-flag-img\" src=\"https:\/\/blog.guruwalk.com\/wp-content\/uploads\/gw-products\/flags\/de.svg\" alt=\"DE\" loading=\"lazy\" width=\"22\" height=\"16\" \/><\/span><span class=\"gw-flag\" title=\"EN\"><img decoding=\"async\" class=\"gw-flag-img\" src=\"https:\/\/blog.guruwalk.com\/wp-content\/uploads\/gw-products\/flags\/gb.svg\" alt=\"EN\" loading=\"lazy\" width=\"22\" height=\"16\" \/><\/span><span class=\"gw-flag\" title=\"ES\"><img decoding=\"async\" class=\"gw-flag-img\" src=\"https:\/\/blog.guruwalk.com\/wp-content\/uploads\/gw-products\/flags\/es.svg\" alt=\"ES\" loading=\"lazy\" width=\"22\" height=\"16\" \/><\/span><span class=\"gw-flag\" title=\"FR\"><img decoding=\"async\" class=\"gw-flag-img\" src=\"https:\/\/blog.guruwalk.com\/wp-content\/uploads\/gw-products\/flags\/fr.svg\" alt=\"FR\" loading=\"lazy\" width=\"22\" height=\"16\" \/><\/span><\/div><\/div><div class=\"gw-card__body\"><h3 class=\"gw-card__title\">Valencia: Bus tur\u00edstico 48h con l\u00ednea Albufera y paseo en barco incluido<\/h3><div class=\"gw-card__footer\"><div class=\"gw-card__price\">Desde \u20ac35,00<\/div><\/div><\/div><a class=\"gw-card__link\" href=\"https:\/\/www.guruwalk.com\/es\/walks\/p180-valencia-autobus-hop-on-hop-off-de-48-horas-con-linea-albufera-paseo-en-barco-cGFub3B0ZXM\" target=\"_blank\" rel=\"noopener\" aria-label=\"Valencia: Bus tur\u00edstico 48h con l\u00ednea Albufera y paseo en barco incluido\"><\/a><\/article><article class=\"gw-card\"><div class=\"gw-card__image\"><img decoding=\"async\" class=\"gw-card__photo\" src=\"https:\/\/blog.guruwalk.com\/wp-content\/uploads\/gw-products\/images\/f9d4a544d71b9676729dc1529f94bcdc.webp\" alt=\"Valencia: tour en autob\u00fas tur\u00edstico de 48 horas y Albufera\" loading=\"lazy\" \/><div class=\"gw-flags\" aria-label=\"Idiomas disponibles\"><span class=\"gw-flag\" title=\"CA\"><span class=\"gw-flag gw-flag--text\">CA<\/span><\/span><span class=\"gw-flag\" title=\"DE\"><img decoding=\"async\" class=\"gw-flag-img\" src=\"https:\/\/blog.guruwalk.com\/wp-content\/uploads\/gw-products\/flags\/de.svg\" alt=\"DE\" loading=\"lazy\" width=\"22\" height=\"16\" \/><\/span><span class=\"gw-flag\" title=\"EN\"><img decoding=\"async\" class=\"gw-flag-img\" src=\"https:\/\/blog.guruwalk.com\/wp-content\/uploads\/gw-products\/flags\/gb.svg\" alt=\"EN\" loading=\"lazy\" width=\"22\" height=\"16\" \/><\/span><span class=\"gw-flag\" title=\"ES\"><img decoding=\"async\" class=\"gw-flag-img\" src=\"https:\/\/blog.guruwalk.com\/wp-content\/uploads\/gw-products\/flags\/es.svg\" alt=\"ES\" loading=\"lazy\" width=\"22\" height=\"16\" \/><\/span><\/div><\/div><div class=\"gw-card__body\"><h3 class=\"gw-card__title\">Valencia: tour en autob\u00fas tur\u00edstico de 48 horas y Albufera<\/h3><div class=\"gw-card__footer\"><div class=\"gw-card__price\">Desde \u20ac35,00<\/div><\/div><\/div><a class=\"gw-card__link\" href=\"https:\/\/www.guruwalk.com\/es\/walks\/p78815-valencia-tour-en-autobus-turistico-de-48-horas-y-albufera-cGFub3B0ZXM\" target=\"_blank\" rel=\"noopener\" aria-label=\"Valencia: tour en autob\u00fas tur\u00edstico de 48 horas y Albufera\"><\/a><\/article><article class=\"gw-card\"><div class=\"gw-card__image\"><img decoding=\"async\" class=\"gw-card__photo\" src=\"https:\/\/blog.guruwalk.com\/wp-content\/uploads\/gw-products\/images\/5e9a63f2fb751a17034ea71f7ca631e1.webp\" alt=\"Albufera: Excursi\u00f3n guiada de un d\u00eda desde Valencia con paseo en barco\" loading=\"lazy\" \/><div class=\"gw-flags\" aria-label=\"Idiomas disponibles\"><span class=\"gw-flag\" title=\"EN\"><img decoding=\"async\" class=\"gw-flag-img\" src=\"https:\/\/blog.guruwalk.com\/wp-content\/uploads\/gw-products\/flags\/gb.svg\" alt=\"EN\" loading=\"lazy\" width=\"22\" height=\"16\" \/><\/span><span class=\"gw-flag\" title=\"ES\"><img decoding=\"async\" class=\"gw-flag-img\" src=\"https:\/\/blog.guruwalk.com\/wp-content\/uploads\/gw-products\/flags\/es.svg\" alt=\"ES\" loading=\"lazy\" width=\"22\" height=\"16\" \/><\/span><span class=\"gw-flag\" title=\"IT\"><img decoding=\"async\" class=\"gw-flag-img\" src=\"https:\/\/blog.guruwalk.com\/wp-content\/uploads\/gw-products\/flags\/it.svg\" alt=\"IT\" loading=\"lazy\" width=\"22\" height=\"16\" \/><\/span><span class=\"gw-flag\" title=\"PL\"><img decoding=\"async\" class=\"gw-flag-img\" src=\"https:\/\/blog.guruwalk.com\/wp-content\/uploads\/gw-products\/flags\/pl.svg\" alt=\"PL\" loading=\"lazy\" width=\"22\" height=\"16\" \/><\/span><\/div><\/div><div class=\"gw-card__body\"><h3 class=\"gw-card__title\">Albufera: Excursi\u00f3n guiada de un d\u00eda desde Valencia con paseo en barco<\/h3><div class=\"gw-card__footer\"><div class=\"gw-card__meta\"><div class=\"gw-rating\" aria-label=\"Valoraci\u00f3n 4.7 de 5\"><span class=\"gw-star gw-star--full\" aria-hidden=\"true\">\u2605<\/span><span class=\"gw-star gw-star--full\" aria-hidden=\"true\">\u2605<\/span><span class=\"gw-star gw-star--full\" aria-hidden=\"true\">\u2605<\/span><span class=\"gw-star gw-star--full\" aria-hidden=\"true\">\u2605<\/span><span class=\"gw-star gw-star--half\" aria-hidden=\"true\">\u2606<\/span><span class=\"gw-rating__count\">4,7 (79)<\/span><\/div><\/div><div class=\"gw-card__price\">Desde \u20ac55,00<\/div><\/div><\/div><a class=\"gw-card__link\" href=\"https:\/\/www.guruwalk.com\/es\/walks\/p214-albufera-excursion-guiada-de-un-dia-desde-valencia-paseo-en-barco-cGFub3B0ZXM\" target=\"_blank\" rel=\"noopener\" aria-label=\"Albufera: Excursi\u00f3n guiada de un d\u00eda desde Valencia con paseo en barco\"><\/a><\/article><article class=\"gw-card\"><div class=\"gw-card__image\"><img decoding=\"async\" class=\"gw-card__photo\" src=\"https:\/\/blog.guruwalk.com\/wp-content\/uploads\/gw-products\/images\/57ebb8afa3bae42834e1a005d479c60f.webp\" alt=\"Desde Valencia: Tour a la Albufera de Valencia + Paella Tradicional\" loading=\"lazy\" \/><div class=\"gw-flags\" aria-label=\"Idiomas disponibles\"><span class=\"gw-flag\" title=\"EN\"><img decoding=\"async\" class=\"gw-flag-img\" src=\"https:\/\/blog.guruwalk.com\/wp-content\/uploads\/gw-products\/flags\/gb.svg\" alt=\"EN\" loading=\"lazy\" width=\"22\" height=\"16\" \/><\/span><span class=\"gw-flag\" title=\"ES\"><img decoding=\"async\" class=\"gw-flag-img\" src=\"https:\/\/blog.guruwalk.com\/wp-content\/uploads\/gw-products\/flags\/es.svg\" alt=\"ES\" loading=\"lazy\" width=\"22\" height=\"16\" \/><\/span><\/div><\/div><div class=\"gw-card__body\"><h3 class=\"gw-card__title\">Desde Valencia: Tour a la Albufera de Valencia + Paella Tradicional<\/h3><div class=\"gw-card__footer\"><div class=\"gw-card__meta\"><div class=\"gw-rating\" aria-label=\"Valoraci\u00f3n 4.5 de 5\"><span class=\"gw-star gw-star--full\" aria-hidden=\"true\">\u2605<\/span><span class=\"gw-star gw-star--full\" aria-hidden=\"true\">\u2605<\/span><span class=\"gw-star gw-star--full\" aria-hidden=\"true\">\u2605<\/span><span class=\"gw-star gw-star--full\" aria-hidden=\"true\">\u2605<\/span><span class=\"gw-star gw-star--half\" aria-hidden=\"true\">\u2606<\/span><span class=\"gw-rating__count\">4,5 (22)<\/span><\/div><\/div><div class=\"gw-card__price\">Desde \u20ac60,72<\/div><\/div><\/div><a class=\"gw-card__link\" href=\"https:\/\/www.guruwalk.com\/es\/walks\/p78670-desde-valencia-tour-a-la-albufera-de-valencia-paella-tradicional-cGFub3B0ZXM\" target=\"_blank\" rel=\"noopener\" aria-label=\"Desde Valencia: Tour a la Albufera de Valencia + Paella Tradicional\"><\/a><\/article><article class=\"gw-card\"><div class=\"gw-card__image\"><img decoding=\"async\" class=\"gw-card__photo\" src=\"https:\/\/blog.guruwalk.com\/wp-content\/uploads\/gw-products\/images\/21f46a0cb8dfab4158ce94d2b87835fb.webp\" alt=\"Desde Valencia: excursi\u00f3n de 1 d\u00eda al castillo de X\u00e0tiva y a la ciudad medieval\" loading=\"lazy\" \/><div class=\"gw-flags\" aria-label=\"Idiomas disponibles\"><span class=\"gw-flag\" title=\"EN\"><img decoding=\"async\" class=\"gw-flag-img\" src=\"https:\/\/blog.guruwalk.com\/wp-content\/uploads\/gw-products\/flags\/gb.svg\" alt=\"EN\" loading=\"lazy\" width=\"22\" height=\"16\" \/><\/span><span class=\"gw-flag\" title=\"ES\"><img decoding=\"async\" class=\"gw-flag-img\" src=\"https:\/\/blog.guruwalk.com\/wp-content\/uploads\/gw-products\/flags\/es.svg\" alt=\"ES\" loading=\"lazy\" width=\"22\" height=\"16\" \/><\/span><\/div><\/div><div class=\"gw-card__body\"><h3 class=\"gw-card__title\">Desde Valencia: excursi\u00f3n de 1 d\u00eda al castillo de X\u00e0tiva y a la ciudad medieval<\/h3><div class=\"gw-card__footer\"><div class=\"gw-card__meta\"><div class=\"gw-rating\" aria-label=\"Valoraci\u00f3n 4.7 de 5\"><span class=\"gw-star gw-star--full\" aria-hidden=\"true\">\u2605<\/span><span class=\"gw-star gw-star--full\" aria-hidden=\"true\">\u2605<\/span><span class=\"gw-star gw-star--full\" aria-hidden=\"true\">\u2605<\/span><span class=\"gw-star gw-star--full\" aria-hidden=\"true\">\u2605<\/span><span class=\"gw-star gw-star--half\" aria-hidden=\"true\">\u2606<\/span><span class=\"gw-rating__count\">4,7 (19)<\/span><\/div><\/div><div class=\"gw-card__price\">Desde \u20ac79,00<\/div><\/div><\/div><a class=\"gw-card__link\" href=\"https:\/\/www.guruwalk.com\/es\/walks\/p161684-desde-valencia-excursion-de-1-dia-al-castillo-de-xativa-y-a-la-ciudad-medieval-cGFub3B0ZXM\" target=\"_blank\" rel=\"noopener\" aria-label=\"Desde Valencia: excursi\u00f3n de 1 d\u00eda al castillo de X\u00e0tiva y a la ciudad medieval\"><\/a><\/article><article class=\"gw-card\"><div class=\"gw-card__image\"><img decoding=\"async\" class=\"gw-card__photo\" src=\"https:\/\/blog.guruwalk.com\/wp-content\/uploads\/gw-products\/images\/bf392662c68700b38569d41913c9d1cf.webp\" alt=\"Valencia: Albufera Express en 2,5 horas con paseo en barco y gu\u00eda\" loading=\"lazy\" \/><div class=\"gw-flags\" aria-label=\"Idiomas disponibles\"><span class=\"gw-flag\" title=\"DE\"><img decoding=\"async\" class=\"gw-flag-img\" src=\"https:\/\/blog.guruwalk.com\/wp-content\/uploads\/gw-products\/flags\/de.svg\" alt=\"DE\" loading=\"lazy\" width=\"22\" height=\"16\" \/><\/span><span class=\"gw-flag\" title=\"EN\"><img decoding=\"async\" class=\"gw-flag-img\" src=\"https:\/\/blog.guruwalk.com\/wp-content\/uploads\/gw-products\/flags\/gb.svg\" alt=\"EN\" loading=\"lazy\" width=\"22\" height=\"16\" \/><\/span><span class=\"gw-flag\" title=\"ES\"><img decoding=\"async\" class=\"gw-flag-img\" src=\"https:\/\/blog.guruwalk.com\/wp-content\/uploads\/gw-products\/flags\/es.svg\" alt=\"ES\" loading=\"lazy\" width=\"22\" height=\"16\" \/><\/span><span class=\"gw-flag\" title=\"FR\"><img decoding=\"async\" class=\"gw-flag-img\" src=\"https:\/\/blog.guruwalk.com\/wp-content\/uploads\/gw-products\/flags\/fr.svg\" alt=\"FR\" loading=\"lazy\" width=\"22\" height=\"16\" \/><\/span><\/div><\/div><div class=\"gw-card__body\"><h3 class=\"gw-card__title\">Valencia: Albufera Express en 2,5 horas con paseo en barco y gu\u00eda<\/h3><div class=\"gw-card__footer\"><div class=\"gw-card__price\">Desde \u20ac49,00<\/div><\/div><\/div><a class=\"gw-card__link\" href=\"https:\/\/www.guruwalk.com\/es\/walks\/p240769-valencia-albufera-express-en-2-5-horas-con-paseo-en-barco-y-guia-cGFub3B0ZXM\" target=\"_blank\" rel=\"noopener\" aria-label=\"Valencia: Albufera Express en 2,5 horas con paseo en barco y gu\u00eda\"><\/a><\/article><\/div><div class=\"gw-vertical-link-container\"><a href=\"https:\/\/www.guruwalk.com\/es\/a\/valencia\/v157-excursiones-valencia\" target=\"_blank\" rel=\"noopener\" style=\"font-weight: bold;\">+ Excursiones desde Valencia<\/a><\/div><\/div>\n\n\n<h2 class=\"wp-block-heading\" id=\"planes-originales-dinamicos\">Planes originales y din\u00e1micos<\/h2>\n\n\n\n<figure class=\"wp-block-image\"><img decoding=\"async\" src=\"https:\/\/xplor.guruwalk.com\/wp-content\/uploads\/img\/plans_in_valencia.webp\" alt=\"Plans in Valencia\"\/><figcaption class=\"wp-element-caption\">Photo by Daciana Cristina Visan on Pexels<\/figcaption><\/figure>\n\n\n\n<p class=\"wp-block-paragraph\">Para romper la rutina, Valencia ofrece diversidad: desde espect\u00e1culos vibrantes hasta refrescantes chapuzones en parques tem\u00e1ticos.<\/p>\n\n\n\n<h3 class=\"wp-block-heading\" id=\"espectaculos-tablao-flamenco\">Espect\u00e1culos en vivo y tablao flamenco<\/h3>\n\n\n\n<figure class=\"wp-block-image\"><img decoding=\"async\" src=\"https:\/\/xplor.guruwalk.com\/wp-content\/uploads\/img\/tablao_flamenco.webp\" alt=\"tablao flamenco\"\/><figcaption class=\"wp-element-caption\">Photo by imren tutuncu on Pexels<\/figcaption><\/figure>\n\n\n\n<p class=\"wp-block-paragraph\">Disfruta de un&nbsp;tablao flamenco&nbsp;con show de 1 h (entrada desde 25 \u20ac) y cena opcional. La pasi\u00f3n del baile y la guitarra te transportar\u00e1 a Andaluc\u00eda sin salir de Valencia.<\/p>\n\n\n<div class=\"gw-products-block\" style=\"--gw-nav-width:30px; --gw-nav-height:30px; --gw-chevron-w:15px; --gw-chevron-h:15px; --gw-circle-color:#0a5bd9; --gw-chevron-color:#0a5bd9;\"><div class=\"gw-products-carousel\" aria-live=\"polite\"><article class=\"gw-card\"><div class=\"gw-card__image\"><img decoding=\"async\" class=\"gw-card__photo\" src=\"https:\/\/blog.guruwalk.com\/wp-content\/uploads\/gw-products\/images\/295b45943e406484d236f25f68d918c5.webp\" alt=\"Valencia: Espect\u00e1culo flamenco con cena en La Buler\u00eda.\" loading=\"lazy\" \/><div class=\"gw-flags\" aria-label=\"Idiomas disponibles\"><span class=\"gw-flag\" title=\"EN\"><img decoding=\"async\" class=\"gw-flag-img\" src=\"https:\/\/blog.guruwalk.com\/wp-content\/uploads\/gw-products\/flags\/gb.svg\" alt=\"EN\" loading=\"lazy\" width=\"22\" height=\"16\" \/><\/span><span class=\"gw-flag\" title=\"ES\"><img decoding=\"async\" class=\"gw-flag-img\" src=\"https:\/\/blog.guruwalk.com\/wp-content\/uploads\/gw-products\/flags\/es.svg\" alt=\"ES\" loading=\"lazy\" width=\"22\" height=\"16\" \/><\/span><span class=\"gw-flag\" title=\"FR\"><img decoding=\"async\" class=\"gw-flag-img\" src=\"https:\/\/blog.guruwalk.com\/wp-content\/uploads\/gw-products\/flags\/fr.svg\" alt=\"FR\" loading=\"lazy\" width=\"22\" height=\"16\" \/><\/span><span class=\"gw-flag\" title=\"IT\"><img decoding=\"async\" class=\"gw-flag-img\" src=\"https:\/\/blog.guruwalk.com\/wp-content\/uploads\/gw-products\/flags\/it.svg\" alt=\"IT\" loading=\"lazy\" width=\"22\" height=\"16\" \/><\/span><\/div><\/div><div class=\"gw-card__body\"><h3 class=\"gw-card__title\">Valencia: Espect\u00e1culo flamenco con cena en La Buler\u00eda.<\/h3><div class=\"gw-card__footer\"><div class=\"gw-card__meta\"><div class=\"gw-rating\" aria-label=\"Valoraci\u00f3n 4.8 de 5\"><span class=\"gw-star gw-star--full\" aria-hidden=\"true\">\u2605<\/span><span class=\"gw-star gw-star--full\" aria-hidden=\"true\">\u2605<\/span><span class=\"gw-star gw-star--full\" aria-hidden=\"true\">\u2605<\/span><span class=\"gw-star gw-star--full\" aria-hidden=\"true\">\u2605<\/span><span class=\"gw-star gw-star--half\" aria-hidden=\"true\">\u2606<\/span><span class=\"gw-rating__count\">4,8 (1485)<\/span><\/div><\/div><div class=\"gw-card__price\">Desde \u20ac39,00<\/div><\/div><\/div><a class=\"gw-card__link\" href=\"https:\/\/www.guruwalk.com\/es\/walks\/p78692-valencia-espectaculo-flamenco-con-cena-en-la-buleria-cGFub3B0ZXM\" target=\"_blank\" rel=\"noopener\" aria-label=\"Valencia: Espect\u00e1culo flamenco con cena en La Buler\u00eda.\"><\/a><\/article><article class=\"gw-card\"><div class=\"gw-card__image\"><img decoding=\"async\" class=\"gw-card__photo\" src=\"https:\/\/blog.guruwalk.com\/wp-content\/uploads\/gw-products\/images\/d0ee8bee289b27d51f33243d21de9fe6.webp\" alt=\"Valencia: Espect\u00e1culo flamenco El Toro y la Luna con bebida\" loading=\"lazy\" \/><\/div><div class=\"gw-card__body\"><h3 class=\"gw-card__title\">Valencia: Espect\u00e1culo flamenco El Toro y la Luna con bebida<\/h3><div class=\"gw-card__footer\"><div class=\"gw-card__meta\"><div class=\"gw-rating\" aria-label=\"Valoraci\u00f3n 4.4 de 5\"><span class=\"gw-star gw-star--full\" aria-hidden=\"true\">\u2605<\/span><span class=\"gw-star gw-star--full\" aria-hidden=\"true\">\u2605<\/span><span class=\"gw-star gw-star--full\" aria-hidden=\"true\">\u2605<\/span><span class=\"gw-star gw-star--full\" aria-hidden=\"true\">\u2605<\/span><span class=\"gw-star gw-star--empty\" aria-hidden=\"true\">\u2606<\/span><span class=\"gw-rating__count\">4,4 (58)<\/span><\/div><\/div><div class=\"gw-card__price\">Desde \u20ac20,00<\/div><\/div><\/div><a class=\"gw-card__link\" href=\"https:\/\/www.guruwalk.com\/es\/walks\/p101-tablao-flamenco-el-toro-y-la-luna-espectaculo-y-bebida-cGFub3B0ZXM\" target=\"_blank\" rel=\"noopener\" aria-label=\"Valencia: Espect\u00e1culo flamenco El Toro y la Luna con bebida\"><\/a><\/article><article class=\"gw-card\"><div class=\"gw-card__image\"><img decoding=\"async\" class=\"gw-card__photo\" src=\"https:\/\/blog.guruwalk.com\/wp-content\/uploads\/gw-products\/images\/01589429d9dc15062e77947baca951f4.webp\" alt=\"Valencia: Espect\u00e1culo flamenco en Palosanto Tablao\" loading=\"lazy\" \/><\/div><div class=\"gw-card__body\"><h3 class=\"gw-card__title\">Valencia: Espect\u00e1culo flamenco en Palosanto Tablao<\/h3><div class=\"gw-card__footer\"><div class=\"gw-card__meta\"><div class=\"gw-rating\" aria-label=\"Valoraci\u00f3n 4.8 de 5\"><span class=\"gw-star gw-star--full\" aria-hidden=\"true\">\u2605<\/span><span class=\"gw-star gw-star--full\" aria-hidden=\"true\">\u2605<\/span><span class=\"gw-star gw-star--full\" aria-hidden=\"true\">\u2605<\/span><span class=\"gw-star gw-star--full\" aria-hidden=\"true\">\u2605<\/span><span class=\"gw-star gw-star--half\" aria-hidden=\"true\">\u2606<\/span><span class=\"gw-rating__count\">4,8 (245)<\/span><\/div><\/div><div class=\"gw-card__price\">Desde \u20ac21,00<\/div><\/div><\/div><a class=\"gw-card__link\" href=\"https:\/\/www.guruwalk.com\/es\/walks\/p100-palosanto-tablao-espectaculo-flamenco-cGFub3B0ZXM\" target=\"_blank\" rel=\"noopener\" aria-label=\"Valencia: Espect\u00e1culo flamenco en Palosanto Tablao\"><\/a><\/article><article class=\"gw-card\"><div class=\"gw-card__image\"><img decoding=\"async\" class=\"gw-card__photo\" src=\"https:\/\/blog.guruwalk.com\/wp-content\/uploads\/gw-products\/images\/cd1beb89406e23156737f00acbdd128b.webp\" alt=\"Valencia: flamenco en Toro y La Luna con cena opcional\" loading=\"lazy\" \/><div class=\"gw-flags\" aria-label=\"Idiomas disponibles\"><span class=\"gw-flag\" title=\"EN\"><img decoding=\"async\" class=\"gw-flag-img\" src=\"https:\/\/blog.guruwalk.com\/wp-content\/uploads\/gw-products\/flags\/gb.svg\" alt=\"EN\" loading=\"lazy\" width=\"22\" height=\"16\" \/><\/span><span class=\"gw-flag\" title=\"ES\"><img decoding=\"async\" class=\"gw-flag-img\" src=\"https:\/\/blog.guruwalk.com\/wp-content\/uploads\/gw-products\/flags\/es.svg\" alt=\"ES\" loading=\"lazy\" width=\"22\" height=\"16\" \/><\/span><span class=\"gw-flag\" title=\"FR\"><img decoding=\"async\" class=\"gw-flag-img\" src=\"https:\/\/blog.guruwalk.com\/wp-content\/uploads\/gw-products\/flags\/fr.svg\" alt=\"FR\" loading=\"lazy\" width=\"22\" height=\"16\" \/><\/span><span class=\"gw-flag\" title=\"IT\"><img decoding=\"async\" class=\"gw-flag-img\" src=\"https:\/\/blog.guruwalk.com\/wp-content\/uploads\/gw-products\/flags\/it.svg\" alt=\"IT\" loading=\"lazy\" width=\"22\" height=\"16\" \/><\/span><\/div><\/div><div class=\"gw-card__body\"><h3 class=\"gw-card__title\">Valencia: flamenco en Toro y La Luna con cena opcional<\/h3><div class=\"gw-card__footer\"><div class=\"gw-card__meta\"><div class=\"gw-rating\" aria-label=\"Valoraci\u00f3n 4.6 de 5\"><span class=\"gw-star gw-star--full\" aria-hidden=\"true\">\u2605<\/span><span class=\"gw-star gw-star--full\" aria-hidden=\"true\">\u2605<\/span><span class=\"gw-star gw-star--full\" aria-hidden=\"true\">\u2605<\/span><span class=\"gw-star gw-star--full\" aria-hidden=\"true\">\u2605<\/span><span class=\"gw-star gw-star--half\" aria-hidden=\"true\">\u2606<\/span><span class=\"gw-rating__count\">4,6 (1429)<\/span><\/div><\/div><div class=\"gw-card__price\">Desde \u20ac20,00<\/div><\/div><\/div><a class=\"gw-card__link\" href=\"https:\/\/www.guruwalk.com\/es\/walks\/p78706-valencia-flamenco-en-toro-y-la-luna-con-cena-opcional-cGFub3B0ZXM\" target=\"_blank\" rel=\"noopener\" aria-label=\"Valencia: flamenco en Toro y La Luna con cena opcional\"><\/a><\/article><article class=\"gw-card\"><div class=\"gw-card__image\"><img decoding=\"async\" class=\"gw-card__photo\" src=\"https:\/\/blog.guruwalk.com\/wp-content\/uploads\/gw-products\/images\/fef09e9da8511dfc13cb2093020d429e.webp\" alt=\"Valencia: Entrada Espect\u00e1culo Flamenco Palosanto\" loading=\"lazy\" \/><div class=\"gw-flags\" aria-label=\"Idiomas disponibles\"><span class=\"gw-flag\" title=\"EN\"><img decoding=\"async\" class=\"gw-flag-img\" src=\"https:\/\/blog.guruwalk.com\/wp-content\/uploads\/gw-products\/flags\/gb.svg\" alt=\"EN\" loading=\"lazy\" width=\"22\" height=\"16\" \/><\/span><span class=\"gw-flag\" title=\"ES\"><img decoding=\"async\" class=\"gw-flag-img\" src=\"https:\/\/blog.guruwalk.com\/wp-content\/uploads\/gw-products\/flags\/es.svg\" alt=\"ES\" loading=\"lazy\" width=\"22\" height=\"16\" \/><\/span><\/div><\/div><div class=\"gw-card__body\"><h3 class=\"gw-card__title\">Valencia: Entrada Espect\u00e1culo Flamenco Palosanto<\/h3><div class=\"gw-card__footer\"><div class=\"gw-card__meta\"><div class=\"gw-rating\" aria-label=\"Valoraci\u00f3n 4.8 de 5\"><span class=\"gw-star gw-star--full\" aria-hidden=\"true\">\u2605<\/span><span class=\"gw-star gw-star--full\" aria-hidden=\"true\">\u2605<\/span><span class=\"gw-star gw-star--full\" aria-hidden=\"true\">\u2605<\/span><span class=\"gw-star gw-star--full\" aria-hidden=\"true\">\u2605<\/span><span class=\"gw-star gw-star--half\" aria-hidden=\"true\">\u2606<\/span><span class=\"gw-rating__count\">4,8 (4330)<\/span><\/div><\/div><div class=\"gw-card__price\">Desde \u20ac21,00<\/div><\/div><\/div><a class=\"gw-card__link\" href=\"https:\/\/www.guruwalk.com\/es\/walks\/p78702-valencia-entrada-espectaculo-flamenco-palosanto-cGFub3B0ZXM\" target=\"_blank\" rel=\"noopener\" aria-label=\"Valencia: Entrada Espect\u00e1culo Flamenco Palosanto\"><\/a><\/article><article class=\"gw-card\"><div class=\"gw-card__image\"><img decoding=\"async\" class=\"gw-card__photo\" src=\"https:\/\/blog.guruwalk.com\/wp-content\/uploads\/gw-products\/images\/287dad3907d21d9f36a9bae61e487fdc.webp\" alt=\"Espect\u00e1culo flamenco La Buler\u00eda con cena incluida\" loading=\"lazy\" \/><\/div><div class=\"gw-card__body\"><h3 class=\"gw-card__title\">Espect\u00e1culo flamenco La Buler\u00eda con cena incluida<\/h3><div class=\"gw-card__footer\"><div class=\"gw-card__meta\"><div class=\"gw-rating\" aria-label=\"Valoraci\u00f3n 4.8 de 5\"><span class=\"gw-star gw-star--full\" aria-hidden=\"true\">\u2605<\/span><span class=\"gw-star gw-star--full\" aria-hidden=\"true\">\u2605<\/span><span class=\"gw-star gw-star--full\" aria-hidden=\"true\">\u2605<\/span><span class=\"gw-star gw-star--full\" aria-hidden=\"true\">\u2605<\/span><span class=\"gw-star gw-star--half\" aria-hidden=\"true\">\u2606<\/span><span class=\"gw-rating__count\">4,8 (95)<\/span><\/div><\/div><div class=\"gw-card__price\">Desde \u20ac75,00<\/div><\/div><\/div><a class=\"gw-card__link\" href=\"https:\/\/www.guruwalk.com\/es\/walks\/p1488-espectaculo-flamenco-la-buleria-con-cena-cGFub3B0ZXM\" target=\"_blank\" rel=\"noopener\" aria-label=\"Espect\u00e1culo flamenco La Buler\u00eda con cena incluida\"><\/a><\/article><article class=\"gw-card\"><div class=\"gw-card__image\"><img decoding=\"async\" class=\"gw-card__photo\" src=\"https:\/\/blog.guruwalk.com\/wp-content\/uploads\/gw-products\/images\/d2a05cff035b4b6503294245baa706f3.webp\" alt=\"Espect\u00e1culo flamenco con cena en El Toro y la Luna\" loading=\"lazy\" \/><\/div><div class=\"gw-card__body\"><h3 class=\"gw-card__title\">Espect\u00e1culo flamenco con cena en El Toro y la Luna<\/h3><div class=\"gw-card__footer\"><div class=\"gw-card__meta\"><div class=\"gw-rating\" aria-label=\"Valoraci\u00f3n 4.6 de 5\"><span class=\"gw-star gw-star--full\" aria-hidden=\"true\">\u2605<\/span><span class=\"gw-star gw-star--full\" aria-hidden=\"true\">\u2605<\/span><span class=\"gw-star gw-star--full\" aria-hidden=\"true\">\u2605<\/span><span class=\"gw-star gw-star--full\" aria-hidden=\"true\">\u2605<\/span><span class=\"gw-star gw-star--half\" aria-hidden=\"true\">\u2606<\/span><span class=\"gw-rating__count\">4,6 (27)<\/span><\/div><\/div><div class=\"gw-card__price\">Desde \u20ac55,00<\/div><\/div><\/div><a class=\"gw-card__link\" href=\"https:\/\/www.guruwalk.com\/es\/walks\/p203-el-toro-y-la-luna-tablao-espectaculo-flamenco-con-cena-y-bebida-cGFub3B0ZXM\" target=\"_blank\" rel=\"noopener\" aria-label=\"Espect\u00e1culo flamenco con cena en El Toro y la Luna\"><\/a><\/article><article class=\"gw-card\"><div class=\"gw-card__image\"><img decoding=\"async\" class=\"gw-card__photo\" src=\"https:\/\/blog.guruwalk.com\/wp-content\/uploads\/gw-products\/images\/5182f8ce52d7587b15ffe8cdd49bd378.webp\" alt=\"Valencia: Nuevo Espect\u00e1culo Flamenco en Teatro M\u00e1s Emblem\u00e1tico de la Ciudad\" loading=\"lazy\" \/><\/div><div class=\"gw-card__body\"><h3 class=\"gw-card__title\">Valencia: Nuevo Espect\u00e1culo Flamenco en Teatro M\u00e1s Emblem\u00e1tico de la Ciudad<\/h3><div class=\"gw-card__footer\"><div class=\"gw-card__meta\"><div class=\"gw-rating\" aria-label=\"Valoraci\u00f3n 4.7 de 5\"><span class=\"gw-star gw-star--full\" aria-hidden=\"true\">\u2605<\/span><span class=\"gw-star gw-star--full\" aria-hidden=\"true\">\u2605<\/span><span class=\"gw-star gw-star--full\" aria-hidden=\"true\">\u2605<\/span><span class=\"gw-star gw-star--full\" aria-hidden=\"true\">\u2605<\/span><span class=\"gw-star gw-star--half\" aria-hidden=\"true\">\u2606<\/span><span class=\"gw-rating__count\">4,7 (154)<\/span><\/div><\/div><div class=\"gw-card__price\">Desde \u20ac22,00<\/div><\/div><\/div><a class=\"gw-card__link\" href=\"https:\/\/www.guruwalk.com\/es\/walks\/p78721-valencia-nuevo-espectaculo-flamenco-en-teatro-mas-emblematico-de-la-ciudad-cGFub3B0ZXM\" target=\"_blank\" rel=\"noopener\" aria-label=\"Valencia: Nuevo Espect\u00e1culo Flamenco en Teatro M\u00e1s Emblem\u00e1tico de la Ciudad\"><\/a><\/article><article class=\"gw-card\"><div class=\"gw-card__image\"><img decoding=\"async\" class=\"gw-card__photo\" src=\"https:\/\/blog.guruwalk.com\/wp-content\/uploads\/gw-products\/images\/4de5f0b9f7aed4ea1de365e08ab343aa.webp\" alt=\"Valencia: espect\u00e1culo de flamenco en el Caf\u00e9 del Duende con bebida\" loading=\"lazy\" \/><div class=\"gw-flags\" aria-label=\"Idiomas disponibles\"><span class=\"gw-flag\" title=\"ES\"><img decoding=\"async\" class=\"gw-flag-img\" src=\"https:\/\/blog.guruwalk.com\/wp-content\/uploads\/gw-products\/flags\/es.svg\" alt=\"ES\" loading=\"lazy\" width=\"22\" height=\"16\" \/><\/span><\/div><\/div><div class=\"gw-card__body\"><h3 class=\"gw-card__title\">Valencia: espect\u00e1culo de flamenco en el Caf\u00e9 del Duende con bebida<\/h3><div class=\"gw-card__footer\"><div class=\"gw-card__meta\"><div class=\"gw-rating\" aria-label=\"Valoraci\u00f3n 4.7 de 5\"><span class=\"gw-star gw-star--full\" aria-hidden=\"true\">\u2605<\/span><span class=\"gw-star gw-star--full\" aria-hidden=\"true\">\u2605<\/span><span class=\"gw-star gw-star--full\" aria-hidden=\"true\">\u2605<\/span><span class=\"gw-star gw-star--full\" aria-hidden=\"true\">\u2605<\/span><span class=\"gw-star gw-star--half\" aria-hidden=\"true\">\u2606<\/span><span class=\"gw-rating__count\">4,7 (598)<\/span><\/div><\/div><div class=\"gw-card__price\">Desde \u20ac21,00<\/div><\/div><\/div><a class=\"gw-card__link\" href=\"https:\/\/www.guruwalk.com\/es\/walks\/p78710-valencia-espectaculo-de-flamenco-en-el-cafe-del-duende-con-bebida-cGFub3B0ZXM\" target=\"_blank\" rel=\"noopener\" aria-label=\"Valencia: espect\u00e1culo de flamenco en el Caf\u00e9 del Duende con bebida\"><\/a><\/article><article class=\"gw-card\"><div class=\"gw-card__image\"><img decoding=\"async\" class=\"gw-card__photo\" src=\"https:\/\/blog.guruwalk.com\/wp-content\/uploads\/gw-products\/images\/6eba53c9fefc9729f12b405f4b396c94.webp\" alt=\"Valencia: Espect\u00e1culo Flamenco TEATRE TABLAO FLAMENCO en Teatro Talia\" loading=\"lazy\" \/><\/div><div class=\"gw-card__body\"><h3 class=\"gw-card__title\">Valencia: Espect\u00e1culo Flamenco TEATRE TABLAO FLAMENCO en Teatro Talia<\/h3><div class=\"gw-card__footer\"><div class=\"gw-card__meta\"><div class=\"gw-rating\" aria-label=\"Valoraci\u00f3n 4.8 de 5\"><span class=\"gw-star gw-star--full\" aria-hidden=\"true\">\u2605<\/span><span class=\"gw-star gw-star--full\" aria-hidden=\"true\">\u2605<\/span><span class=\"gw-star gw-star--full\" aria-hidden=\"true\">\u2605<\/span><span class=\"gw-star gw-star--full\" aria-hidden=\"true\">\u2605<\/span><span class=\"gw-star gw-star--half\" aria-hidden=\"true\">\u2606<\/span><span class=\"gw-rating__count\">4,8 (84)<\/span><\/div><\/div><div class=\"gw-card__price\">Desde \u20ac22,00<\/div><\/div><\/div><a class=\"gw-card__link\" href=\"https:\/\/www.guruwalk.com\/es\/walks\/p78703-valencia-espectaculo-flamenco-teatre-tablao-flamenco-en-teatro-talia-cGFub3B0ZXM\" target=\"_blank\" rel=\"noopener\" aria-label=\"Valencia: Espect\u00e1culo Flamenco TEATRE TABLAO FLAMENCO en Teatro Talia\"><\/a><\/article><\/div><div class=\"gw-vertical-link-container\"><a href=\"https:\/\/www.guruwalk.com\/es\/a\/valencia\/v171-tablao-flamenco-valencia\" target=\"_blank\" rel=\"noopener\" style=\"font-weight: bold;\">+ Tablaos Flamencos<\/a><\/div><\/div>\n\n\n<h3 class=\"wp-block-heading\" id=\"parque-acuatico-afueras-valencia\">Parque acu\u00e1tico en las afueras de Valencia<\/h3>\n\n\n\n<p class=\"wp-block-paragraph\">Pasa un d\u00eda de aventura en el&nbsp;<a href=\"https:\/\/www.guruwalk.com\/es\/a\/valencia\/parque-acuatico-valencia\" target=\"_blank\" rel=\"noopener\">parque acu\u00e1tico<\/a>&nbsp;(entrada desde 18 \u20ac). Con toboganes, piscinas de olas y zonas chill, ofrece diversi\u00f3n y relax para cualquier pareja.<\/p>\n\n\n<div class=\"gw-products-block\" style=\"--gw-nav-width:30px; --gw-nav-height:30px; --gw-chevron-w:15px; --gw-chevron-h:15px; --gw-circle-color:#0a5bd9; --gw-chevron-color:#0a5bd9;\"><div class=\"gw-products-carousel\" aria-live=\"polite\"><article class=\"gw-card\"><div class=\"gw-card__image\"><img decoding=\"async\" class=\"gw-card__photo\" src=\"https:\/\/blog.guruwalk.com\/wp-content\/uploads\/gw-products\/images\/c68520334369eb6c66c3846e0dd4abe4.webp\" alt=\"Tarjeta Tur\u00edstica Valencia 7 D\u00edas (transporte no incluido)\" loading=\"lazy\" \/><\/div><div class=\"gw-card__body\"><h3 class=\"gw-card__title\">Tarjeta Tur\u00edstica Valencia 7 D\u00edas (transporte no incluido)<\/h3><div class=\"gw-card__footer\"><div class=\"gw-card__meta\"><div class=\"gw-rating\" aria-label=\"Valoraci\u00f3n 4.3 de 5\"><span class=\"gw-star gw-star--full\" aria-hidden=\"true\">\u2605<\/span><span class=\"gw-star gw-star--full\" aria-hidden=\"true\">\u2605<\/span><span class=\"gw-star gw-star--full\" aria-hidden=\"true\">\u2605<\/span><span class=\"gw-star gw-star--full\" aria-hidden=\"true\">\u2605<\/span><span class=\"gw-star gw-star--empty\" aria-hidden=\"true\">\u2606<\/span><span class=\"gw-rating__count\">4,3 (14)<\/span><\/div><\/div><div class=\"gw-card__price\">Desde \u20ac15,00<\/div><\/div><\/div><a class=\"gw-card__link\" href=\"https:\/\/www.guruwalk.com\/es\/walks\/p163-tarjeta-turistica-valencia-7-dias-transporte-no-incluido-cGFub3B0ZXM\" target=\"_blank\" rel=\"noopener\" aria-label=\"Tarjeta Tur\u00edstica Valencia 7 D\u00edas (transporte no incluido)\"><\/a><\/article><\/div><div class=\"gw-vertical-link-container\"><a href=\"https:\/\/www.guruwalk.com\/es\/a\/valencia\/v163-parque-acuatico-valencia\" target=\"_blank\" rel=\"noopener\" style=\"font-weight: bold;\">+ Parques Acu\u00e1ticos<\/a><\/div><\/div>\n\n\n<h3 class=\"wp-block-heading\" id=\"tips-local\">Tip de gu\u00eda local<\/h3>\n\n\n\n<p class=\"wp-block-paragraph\">Te recomiendo combinar ma\u00f1anas tranquilas con tardes activas. Utiliza la tarjeta tur\u00edstica (Val\u00e8ncia Card) para transporte y descuentos en museos. Reserva actividades con antelaci\u00f3n y consulta la App de EMT para el autob\u00fas nocturno.<\/p>\n\n\n\n\n\n<p class=\"has-text-align-center wp-block-paragraph\"><strong><a href=\"https:\/\/www.guruwalk.com\/es\/a\/valencia\/excursiones-valencia\" target=\"_blank\" rel=\"noopener\">Descubre excursiones rom\u00e1nticas<\/a><\/strong><\/p>\n","protected":false},"excerpt":{"rendered":"<p>Lonja de la Seda, IVAM, El Carmen, Ruzafa, Alboraya y la Albufera re\u00fanen propuestas culturales, gastron\u00f3micas y al aire libre para parejas.<\/p>\n","protected":false},"author":2,"featured_media":34261,"comment_status":"closed","ping_status":"open","sticky":false,"template":"","format":"standard","meta":{"footnotes":""},"categories":[129,102,82],"tags":[460,376,360],"class_list":["post-34222","post","type-post","status-publish","format-standard","has-post-thumbnail","hentry","category-valencia-es","category-espana","category-europa","tag-guias-2","tag-tier-fijo","tag-tier-3","generate-columns","tablet-grid-50","mobile-grid-100","grid-parent","grid-33"],"_links":{"self":[{"href":"https:\/\/blog.guruwalk.com\/es\/wp-json\/wp\/v2\/posts\/34222","targetHints":{"allow":["GET"]}}],"collection":[{"href":"https:\/\/blog.guruwalk.com\/es\/wp-json\/wp\/v2\/posts"}],"about":[{"href":"https:\/\/blog.guruwalk.com\/es\/wp-json\/wp\/v2\/types\/post"}],"author":[{"embeddable":true,"href":"https:\/\/blog.guruwalk.com\/es\/wp-json\/wp\/v2\/users\/2"}],"replies":[{"embeddable":true,"href":"https:\/\/blog.guruwalk.com\/es\/wp-json\/wp\/v2\/comments?post=34222"}],"version-history":[{"count":17,"href":"https:\/\/blog.guruwalk.com\/es\/wp-json\/wp\/v2\/posts\/34222\/revisions"}],"predecessor-version":[{"id":47185,"href":"https:\/\/blog.guruwalk.com\/es\/wp-json\/wp\/v2\/posts\/34222\/revisions\/47185"}],"wp:featuredmedia":[{"embeddable":true,"href":"https:\/\/blog.guruwalk.com\/es\/wp-json\/wp\/v2\/media\/34261"}],"wp:attachment":[{"href":"https:\/\/blog.guruwalk.com\/es\/wp-json\/wp\/v2\/media?parent=34222"}],"wp:term":[{"taxonomy":"category","embeddable":true,"href":"https:\/\/blog.guruwalk.com\/es\/wp-json\/wp\/v2\/categories?post=34222"},{"taxonomy":"post_tag","embeddable":true,"href":"https:\/\/blog.guruwalk.com\/es\/wp-json\/wp\/v2\/tags?post=34222"}],"curies":[{"name":"wp","href":"https:\/\/api.w.org\/{rel}","templated":true}]}}