{"id":7199,"date":"2026-08-26T17:08:46","date_gmt":"2026-08-26T16:08:46","guid":{"rendered":"https:\/\/blog.guruwalk.com\/?p=7199"},"modified":"2026-08-27T12:58:33","modified_gmt":"2026-08-27T11:58:33","slug":"que-ver-en-avila","status":"publish","type":"post","link":"https:\/\/blog.guruwalk.com\/es\/que-ver-en-avila\/","title":{"rendered":"Qu\u00e9 ver en \u00c1vila | Gu\u00eda de Imprescindibles"},"content":{"rendered":"\n<p class=\"wp-block-paragraph\">\u00bfQu\u00e9 ver en \u00c1vila? La muralla, la Catedral del Salvador y los espacios vinculados a Santa Teresa articulan un casco hist\u00f3rico compacto, con varias paradas extramuros. Esta gu\u00eda organiza la visita en tres d\u00edas, incorpora rutas orientativas y explica c\u00f3mo comenzar con un <a href=\"#mejores-free-tours\">free tour por \u00c1vila<\/a>.<\/p>\n\n\n\n<p style=\"font-size:0.85em;color:#666;border-left:3px solid #ddd;padding:4px 0 4px 12px;margin:12px 0\"><strong>Datos verificados: agosto 2026<\/strong> \u2014 Precios, horarios y requisitos de reserva comprobados con fuentes oficiales. Los gurus de GuruWalk en \u00c1vila revisaron las recomendaciones pr\u00e1cticas. Para reducir desplazamientos, aconsejan agrupar las visitas intramuros y reservar un tramo independiente para Santo Tom\u00e1s y Cuatro Postes.<\/p>\n\n\n<div class=\"qvgw-indimg-places-grid\" id=\"qvgw-indimg-places-grid-2\" data-iib-headings=\"[{&quot;id&quot;:&quot;mejores-free-tours&quot;,&quot;position&quot;:0,&quot;title&quot;:&quot;Mejores free tours de \\u00c1vila&quot;},{&quot;id&quot;:&quot;avila-tres-dias&quot;,&quot;position&quot;:1,&quot;title&quot;:&quot;\\u00c1vila en 3 d\\u00edas: itinerario por la ciudad amurallada&quot;},{&quot;id&quot;:&quot;como-llegar-moverse-aparcar&quot;,&quot;position&quot;:2,&quot;title&quot;:&quot;C\\u00f3mo llegar, aparcar y moverse por \\u00c1vila&quot;},{&quot;id&quot;:&quot;muralla-avila&quot;,&quot;position&quot;:3,&quot;title&quot;:&quot;La muralla de \\u00c1vila&quot;},{&quot;id&quot;:&quot;catedral-avila&quot;,&quot;position&quot;:4,&quot;title&quot;:&quot;Catedral de \\u00c1vila&quot;},{&quot;id&quot;:&quot;plaza-mercado-chico&quot;,&quot;position&quot;:5,&quot;title&quot;:&quot;Plaza del Mercado Chico&quot;},{&quot;id&quot;:&quot;iglesia-san-pedro&quot;,&quot;position&quot;:6,&quot;title&quot;:&quot;Iglesia de San Pedro y Plaza de Santa Teresa de Jes\\u00fas&quot;},{&quot;id&quot;:&quot;convento-santa-teresa&quot;,&quot;position&quot;:7,&quot;title&quot;:&quot;Convento y Museo de Santa Teresa&quot;},{&quot;id&quot;:&quot;basilica-san-vicente&quot;,&quot;position&quot;:8,&quot;title&quot;:&quot;Bas\\u00edlica de San Vicente&quot;},{&quot;id&quot;:&quot;real-monasterio-santo-tomas&quot;,&quot;position&quot;:9,&quot;title&quot;:&quot;Real Monasterio de Santo Tom\\u00e1s&quot;},{&quot;id&quot;:&quot;palacios-avila&quot;,&quot;position&quot;:10,&quot;title&quot;:&quot;Palacios en \\u00c1vila&quot;},{&quot;id&quot;:&quot;preguntas-frecuentes&quot;,&quot;position&quot;:11,&quot;title&quot;:&quot;Preguntas frecuentes&quot;}]\"><div class=\"qvgw-indimg-places-cards\"><div class=\"qvgw-indimg-place-card\"><a href=\"#mejores-free-tours\" class=\"qvgw-indimg-place-card__content no-image\"><p class=\"qvgw-indimg-place-card__title\">1. Mejores free tours de \u00c1vila<\/p><span class=\"qvgw-indimg-place-card__arrow\"><svg width=\"24\" height=\"24\" viewBox=\"0 0 24 24\" fill=\"none\" stroke=\"currentColor\" stroke-width=\"2\"><path d=\"M6 9l6 6 6-6\"><\/path><\/svg><\/span><\/a><\/div><div class=\"qvgw-indimg-place-card\"><a href=\"#avila-tres-dias\" class=\"qvgw-indimg-place-card__content\"><div class=\"qvgw-indimg-place-card__image\"><img decoding=\"async\" src=\"https:\/\/blog.guruwalk.com\/wp-content\/uploads\/2025\/08\/avila.webp\" alt=\"\u00c1vila en 3 d\u00edas: itinerario por la ciudad amurallada\"><\/div><p class=\"qvgw-indimg-place-card__title\">2. \u00c1vila en 3 d\u00edas: itinerario por la ciudad amurallada<\/p><span class=\"qvgw-indimg-place-card__arrow\"><svg width=\"24\" height=\"24\" viewBox=\"0 0 24 24\" fill=\"none\" stroke=\"currentColor\" stroke-width=\"2\"><path d=\"M6 9l6 6 6-6\"><\/path><\/svg><\/span><\/a><\/div><div class=\"qvgw-indimg-place-card\"><a href=\"#como-llegar-moverse-aparcar\" class=\"qvgw-indimg-place-card__content no-image\"><p class=\"qvgw-indimg-place-card__title\">3. C\u00f3mo llegar, aparcar y moverse por \u00c1vila<\/p><span class=\"qvgw-indimg-place-card__arrow\"><svg width=\"24\" height=\"24\" viewBox=\"0 0 24 24\" fill=\"none\" stroke=\"currentColor\" stroke-width=\"2\"><path d=\"M6 9l6 6 6-6\"><\/path><\/svg><\/span><\/a><\/div><div class=\"qvgw-indimg-place-card\"><a href=\"#muralla-avila\" class=\"qvgw-indimg-place-card__content\"><div class=\"qvgw-indimg-place-card__image\"><img decoding=\"async\" src=\"https:\/\/blog.guruwalk.com\/wp-content\/uploads\/2025\/03\/image-306.jpeg\" alt=\"La muralla de \u00c1vila\"><\/div><p class=\"qvgw-indimg-place-card__title\">4. La muralla de \u00c1vila<\/p><span class=\"qvgw-indimg-place-card__arrow\"><svg width=\"24\" height=\"24\" viewBox=\"0 0 24 24\" fill=\"none\" stroke=\"currentColor\" stroke-width=\"2\"><path d=\"M6 9l6 6 6-6\"><\/path><\/svg><\/span><\/a><\/div><div class=\"qvgw-indimg-place-card\"><a href=\"#catedral-avila\" class=\"qvgw-indimg-place-card__content\"><div class=\"qvgw-indimg-place-card__image\"><img decoding=\"async\" src=\"https:\/\/blog.guruwalk.com\/wp-content\/uploads\/2025\/03\/image-308.jpeg\" alt=\"Catedral de \u00c1vila\"><\/div><p class=\"qvgw-indimg-place-card__title\">5. Catedral de \u00c1vila<\/p><span class=\"qvgw-indimg-place-card__arrow\"><svg width=\"24\" height=\"24\" viewBox=\"0 0 24 24\" fill=\"none\" stroke=\"currentColor\" stroke-width=\"2\"><path d=\"M6 9l6 6 6-6\"><\/path><\/svg><\/span><\/a><\/div><div class=\"qvgw-indimg-place-card\"><a href=\"#plaza-mercado-chico\" class=\"qvgw-indimg-place-card__content\"><div class=\"qvgw-indimg-place-card__image\"><img decoding=\"async\" src=\"https:\/\/blog.guruwalk.com\/wp-content\/uploads\/2025\/03\/image-310.jpeg\" alt=\"Plaza del Mercado Chico\"><\/div><p class=\"qvgw-indimg-place-card__title\">6. Plaza del Mercado Chico<\/p><span class=\"qvgw-indimg-place-card__arrow\"><svg width=\"24\" height=\"24\" viewBox=\"0 0 24 24\" fill=\"none\" stroke=\"currentColor\" stroke-width=\"2\"><path d=\"M6 9l6 6 6-6\"><\/path><\/svg><\/span><\/a><\/div><div class=\"qvgw-indimg-place-card qvgw-indimg-place-card--hidden\"><a href=\"#iglesia-san-pedro\" class=\"qvgw-indimg-place-card__content\"><div class=\"qvgw-indimg-place-card__image\"><img decoding=\"async\" src=\"https:\/\/blog.guruwalk.com\/wp-content\/uploads\/2025\/03\/image-311.jpeg\" alt=\"Iglesia de San Pedro y Plaza de Santa Teresa de Jes\u00fas\"><\/div><p class=\"qvgw-indimg-place-card__title\">7. Iglesia de San Pedro y Plaza de Santa Teresa de Jes\u00fas<\/p><span class=\"qvgw-indimg-place-card__arrow\"><svg width=\"24\" height=\"24\" viewBox=\"0 0 24 24\" fill=\"none\" stroke=\"currentColor\" stroke-width=\"2\"><path d=\"M6 9l6 6 6-6\"><\/path><\/svg><\/span><\/a><\/div><div class=\"qvgw-indimg-place-card qvgw-indimg-place-card--hidden\"><a href=\"#convento-santa-teresa\" class=\"qvgw-indimg-place-card__content\"><div class=\"qvgw-indimg-place-card__image\"><img decoding=\"async\" src=\"https:\/\/blog.guruwalk.com\/wp-content\/uploads\/2025\/03\/image-312.jpeg\" alt=\"Convento y Museo de Santa Teresa\"><\/div><p class=\"qvgw-indimg-place-card__title\">8. Convento y Museo de Santa Teresa<\/p><span class=\"qvgw-indimg-place-card__arrow\"><svg width=\"24\" height=\"24\" viewBox=\"0 0 24 24\" fill=\"none\" stroke=\"currentColor\" stroke-width=\"2\"><path d=\"M6 9l6 6 6-6\"><\/path><\/svg><\/span><\/a><\/div><div class=\"qvgw-indimg-place-card qvgw-indimg-place-card--hidden\"><a href=\"#basilica-san-vicente\" class=\"qvgw-indimg-place-card__content\"><div class=\"qvgw-indimg-place-card__image\"><img decoding=\"async\" src=\"https:\/\/blog.guruwalk.com\/wp-content\/uploads\/2025\/03\/image-313.jpeg\" alt=\"Bas\u00edlica de San Vicente\"><\/div><p class=\"qvgw-indimg-place-card__title\">9. Bas\u00edlica de San Vicente<\/p><span class=\"qvgw-indimg-place-card__arrow\"><svg width=\"24\" height=\"24\" viewBox=\"0 0 24 24\" fill=\"none\" stroke=\"currentColor\" stroke-width=\"2\"><path d=\"M6 9l6 6 6-6\"><\/path><\/svg><\/span><\/a><\/div><div class=\"qvgw-indimg-place-card qvgw-indimg-place-card--hidden\"><a href=\"#real-monasterio-santo-tomas\" class=\"qvgw-indimg-place-card__content\"><div class=\"qvgw-indimg-place-card__image\"><img decoding=\"async\" src=\"https:\/\/blog.guruwalk.com\/wp-content\/uploads\/2025\/03\/image-314.jpeg\" alt=\"Real Monasterio de Santo Tom\u00e1s\"><\/div><p class=\"qvgw-indimg-place-card__title\">10. Real Monasterio de Santo Tom\u00e1s<\/p><span class=\"qvgw-indimg-place-card__arrow\"><svg width=\"24\" height=\"24\" viewBox=\"0 0 24 24\" fill=\"none\" stroke=\"currentColor\" stroke-width=\"2\"><path d=\"M6 9l6 6 6-6\"><\/path><\/svg><\/span><\/a><\/div><div class=\"qvgw-indimg-place-card qvgw-indimg-place-card--hidden\"><a href=\"#palacios-avila\" class=\"qvgw-indimg-place-card__content\"><div class=\"qvgw-indimg-place-card__image\"><img decoding=\"async\" src=\"https:\/\/blog.guruwalk.com\/wp-content\/uploads\/2025\/03\/image-315.jpeg\" alt=\"Palacios en \u00c1vila\"><\/div><p class=\"qvgw-indimg-place-card__title\">11. Palacios en \u00c1vila<\/p><span class=\"qvgw-indimg-place-card__arrow\"><svg width=\"24\" height=\"24\" viewBox=\"0 0 24 24\" fill=\"none\" stroke=\"currentColor\" stroke-width=\"2\"><path d=\"M6 9l6 6 6-6\"><\/path><\/svg><\/span><\/a><\/div><div class=\"qvgw-indimg-place-card qvgw-indimg-place-card--hidden\"><a href=\"#preguntas-frecuentes\" class=\"qvgw-indimg-place-card__content no-image\"><p class=\"qvgw-indimg-place-card__title\">12. Preguntas frecuentes<\/p><span class=\"qvgw-indimg-place-card__arrow\"><svg width=\"24\" height=\"24\" viewBox=\"0 0 24 24\" fill=\"none\" stroke=\"currentColor\" stroke-width=\"2\"><path d=\"M6 9l6 6 6-6\"><\/path><\/svg><\/span><\/a><\/div><\/div><button class=\"qvgw-indimg-places-expand\" data-action=\"expand\" aria-expanded=\"false\">Ver m\u00e1s<\/button><\/div>\n\n\n<h2 id=\"mejores-free-tours\" class=\"wp-block-heading\">Mejores free tours de \u00c1vila<\/h2>\n\n\n\n<p class=\"wp-block-paragraph\">Un <a href=\"https:\/\/www.guruwalk.com\/es\/avila\" target=\"_blank\" rel=\"noopener\">free tour en \u00c1vila<\/a> es una forma pr\u00e1ctica de situar la muralla, la catedral y las plazas principales antes de seguir el itinerario por cuenta propia. No tiene un precio fijo: como referencia, la aportaci\u00f3n habitual es de 10 \u20ac a 20 \u20ac por persona, aunque puede alcanzar 50 \u20ac seg\u00fan la duraci\u00f3n, el tama\u00f1o del grupo y la valoraci\u00f3n del recorrido.<\/p>\n\n\n<div class=\"gw-freetours-container\"><h2 id=\"mejores-free-tours\" class=\"gw-freetours-heading\">Los mejores free tours de \u00c1vila<\/h2><div class=\"gw-freetours-carousel\"><div class=\"gw-freetours-track\"><div class=\"gw-freetours-card\" data-tour-id=\"53341\"><button type=\"button\" class=\"gw-freetours-image-link\" data-dest=\"https:\/\/www.guruwalk.com\/es\/walks\/53341-freetour-por-avila-la-ciudad-fortificada\" role=\"link\" aria-label=\"Freetour por \u00c1vila, la ciudad fortificada.\"><div class=\"gw-freetours-image\"><img decoding=\"async\" class=\"gw-freetours-photo\" src=\"https:\/\/blog.guruwalk.com\/wp-content\/uploads\/gw-freetours-cache\/53341-ddda0cbf9d211356f023e893348bf5a8.jpg\" alt=\"Freetour por \u00c1vila, la ciudad fortificada.\" loading=\"lazy\" \/><div class=\"gw-freetours-flags\"><img decoding=\"async\" src=\"https:\/\/blog.guruwalk.com\/wp-content\/gurupluginswalk\/wp-gw-freetours\/assets\/flags\/es.svg\" alt=\"es\" class=\"gw-freetours-flag\" \/><\/div><\/div><\/button><div class=\"gw-freetours-content\"><h4 class=\"gw-freetours-title\"><button type=\"button\" class=\"gw-freetours-title-link\" data-dest=\"https:\/\/www.guruwalk.com\/es\/walks\/53341-freetour-por-avila-la-ciudad-fortificada\" role=\"link\">Freetour por \u00c1vila, la ciudad fortificada.<\/button><\/h4><div class=\"gw-freetours-meta-top\"><span class=\"gw-freetours-duration\"><svg width=\"16\" height=\"16\" viewBox=\"0 0 24 24\" fill=\"none\" stroke=\"currentColor\" stroke-width=\"2\"><circle cx=\"12\" cy=\"12\" r=\"10\"\/><polyline points=\"12,6 12,12 16,14\"\/><\/svg>2:00<\/span><button class=\"gw-freetours-map-btn\" data-lat=\"40.654357\" data-lng=\"-4.695917\" data-address=\"Plaza de Sta. Teresa de Jesus, 13, 05001 \u00c1vila, Espa\u00f1a\" data-instructions=\"Buscad a los grupos que se re\u00fanen a la altura del Burguer King y no dud\u00e9is en preguntar, pues somos varios compa\u00f1eros, la visita no siempre la realiza el mismo gu\u00eda!!!!!\"><svg width=\"16\" height=\"16\" viewBox=\"0 0 24 24\" fill=\"none\" stroke=\"currentColor\" stroke-width=\"2\"><path d=\"M21 10c0 7-9 13-9 13s-9-6-9-13a9 9 0 0 1 18 0z\"\/><circle cx=\"12\" cy=\"10\" r=\"3\"\/><\/svg><\/button><\/div><p class=\"gw-freetours-description\">Este free tour es la opci\u00f3n perfecta para empezar a conocer los principales monumentos<\/p><div class=\"gw-freetours-author\"><span class=\"gw-freetours-author-link\"><img decoding=\"async\" src=\"https:\/\/media.guruwalk.com\/l3o9sv54ieo56kquktgl1m98jgyy\" alt=\"Patricia\" class=\"gw-freetours-author-avatar\" \/><span class=\"gw-freetours-author-name\">Patricia<\/span><\/span><\/div><div class=\"gw-freetours-rating-container\"><div class=\"gw-freetours-rating\" aria-label=\"Valoraci\u00f3n 4.9 de 5\"><span class=\"gw-freetours-star gw-freetours-star--full\" aria-hidden=\"true\">\u2605<\/span><span class=\"gw-freetours-star gw-freetours-star--full\" aria-hidden=\"true\">\u2605<\/span><span class=\"gw-freetours-star gw-freetours-star--full\" aria-hidden=\"true\">\u2605<\/span><span class=\"gw-freetours-star gw-freetours-star--full\" aria-hidden=\"true\">\u2605<\/span><span class=\"gw-freetours-star gw-freetours-star--half\" aria-hidden=\"true\">\u2606<\/span><span class=\"gw-freetours-rating__count\">4,9 (817)<\/span><\/div><\/div><\/div><\/div><div class=\"gw-freetours-card\" data-tour-id=\"54255\"><button type=\"button\" class=\"gw-freetours-image-link\" data-dest=\"https:\/\/www.guruwalk.com\/es\/walks\/54255-free-tour-por-el-corazon-de-avila\" role=\"link\" aria-label=\"FREE TOUR POR EL CORAZ\u00d3N DE \u00c1VILA\"><div class=\"gw-freetours-image\"><img decoding=\"async\" class=\"gw-freetours-photo\" src=\"https:\/\/blog.guruwalk.com\/wp-content\/uploads\/gw-freetours-cache\/54255-c6499bd322998e3cddf47256fd5cf91b.jpg\" alt=\"FREE TOUR POR EL CORAZ\u00d3N DE \u00c1VILA\" loading=\"lazy\" \/><div class=\"gw-freetours-flags\"><img decoding=\"async\" src=\"https:\/\/blog.guruwalk.com\/wp-content\/gurupluginswalk\/wp-gw-freetours\/assets\/flags\/es.svg\" alt=\"es\" class=\"gw-freetours-flag\" \/><\/div><\/div><\/button><div class=\"gw-freetours-content\"><h4 class=\"gw-freetours-title\"><button type=\"button\" class=\"gw-freetours-title-link\" data-dest=\"https:\/\/www.guruwalk.com\/es\/walks\/54255-free-tour-por-el-corazon-de-avila\" role=\"link\">FREE TOUR POR EL CORAZ\u00d3N DE \u00c1VILA<\/button><\/h4><div class=\"gw-freetours-meta-top\"><span class=\"gw-freetours-duration\"><svg width=\"16\" height=\"16\" viewBox=\"0 0 24 24\" fill=\"none\" stroke=\"currentColor\" stroke-width=\"2\"><circle cx=\"12\" cy=\"12\" r=\"10\"\/><polyline points=\"12,6 12,12 16,14\"\/><\/svg>2:00<\/span><button class=\"gw-freetours-map-btn\" data-lat=\"40.654244\" data-lng=\"-4.697125\" data-address=\"Mercado Grande, 05002 \u00c1vila, Espa\u00f1a\" data-instructions=\"Estar\u00e9 en la estatua de Santa Teresa junto a la muralla al lado del arco que da entrada a la muralla.Me podr\u00e1s reconocer porque llevare un pa\u00f1uelo en un palo selfie de color naranja!!!!\"><svg width=\"16\" height=\"16\" viewBox=\"0 0 24 24\" fill=\"none\" stroke=\"currentColor\" stroke-width=\"2\"><path d=\"M21 10c0 7-9 13-9 13s-9-6-9-13a9 9 0 0 1 18 0z\"\/><circle cx=\"12\" cy=\"10\" r=\"3\"\/><\/svg><\/button><\/div><p class=\"gw-freetours-description\">\u00a1Hola! Bienvenidos a \u00c1vila. Mi nombre es David soy Gu\u00eda Oficial y Graduado en Turismo y ser\u00e9 vuestro gu\u00eda por&#8230;<\/p><div class=\"gw-freetours-author\"><span class=\"gw-freetours-author-link\"><img decoding=\"async\" src=\"https:\/\/media.guruwalk.com\/h7do6owzzdujkchkel00fmpk587v\" alt=\"David\" class=\"gw-freetours-author-avatar\" \/><span class=\"gw-freetours-author-name\">David<\/span><\/span><\/div><div class=\"gw-freetours-rating-container\"><div class=\"gw-freetours-rating\" aria-label=\"Valoraci\u00f3n 5.0 de 5\"><span class=\"gw-freetours-star gw-freetours-star--full\" aria-hidden=\"true\">\u2605<\/span><span class=\"gw-freetours-star gw-freetours-star--full\" aria-hidden=\"true\">\u2605<\/span><span class=\"gw-freetours-star gw-freetours-star--full\" aria-hidden=\"true\">\u2605<\/span><span class=\"gw-freetours-star gw-freetours-star--full\" aria-hidden=\"true\">\u2605<\/span><span class=\"gw-freetours-star gw-freetours-star--half\" aria-hidden=\"true\">\u2606<\/span><span class=\"gw-freetours-rating__count\">5,0 (471)<\/span><\/div><\/div><\/div><\/div><div class=\"gw-freetours-card\" data-tour-id=\"33760\"><button type=\"button\" class=\"gw-freetours-image-link\" data-dest=\"https:\/\/www.guruwalk.com\/es\/walks\/33760-lo-mejor-de-avila-sus-murallas-y-mas\" role=\"link\" aria-label=\"Lo mejor de \u00c1vila, sus Murallas y m\u00e1s\"><div class=\"gw-freetours-image\"><img decoding=\"async\" class=\"gw-freetours-photo\" src=\"https:\/\/blog.guruwalk.com\/wp-content\/uploads\/gw-freetours-cache\/33760-4d69b7bb4e328c2cef2eda1b4d66fc29.jpg\" alt=\"Lo mejor de \u00c1vila, sus Murallas y m\u00e1s\" loading=\"lazy\" \/><div class=\"gw-freetours-flags\"><img decoding=\"async\" src=\"https:\/\/blog.guruwalk.com\/wp-content\/gurupluginswalk\/wp-gw-freetours\/assets\/flags\/es.svg\" alt=\"es\" class=\"gw-freetours-flag\" \/><\/div><\/div><\/button><div class=\"gw-freetours-content\"><h4 class=\"gw-freetours-title\"><button type=\"button\" class=\"gw-freetours-title-link\" data-dest=\"https:\/\/www.guruwalk.com\/es\/walks\/33760-lo-mejor-de-avila-sus-murallas-y-mas\" role=\"link\">Lo mejor de \u00c1vila, sus Murallas y m\u00e1s<\/button><\/h4><div class=\"gw-freetours-meta-top\"><span class=\"gw-freetours-duration\"><svg width=\"16\" height=\"16\" viewBox=\"0 0 24 24\" fill=\"none\" stroke=\"currentColor\" stroke-width=\"2\"><circle cx=\"12\" cy=\"12\" r=\"10\"\/><polyline points=\"12,6 12,12 16,14\"\/><\/svg>2:30<\/span><button class=\"gw-freetours-map-btn\" data-lat=\"40.65835\" data-lng=\"-4.7027\" data-address=\"Plaza Concepci\u00f3n Arenal, 3, 05001 \u00c1vila, Espa\u00f1a\" data-instructions=\"Me encontrar\u00e1s frente al Archivo Hist\u00f3rico Provincial, junto a la Puerta del Carmen de la muralla.Me reconocer\u00e1s por llevar una mochila y un paraguas de color rosa.\"><svg width=\"16\" height=\"16\" viewBox=\"0 0 24 24\" fill=\"none\" stroke=\"currentColor\" stroke-width=\"2\"><path d=\"M21 10c0 7-9 13-9 13s-9-6-9-13a9 9 0 0 1 18 0z\"\/><circle cx=\"12\" cy=\"10\" r=\"3\"\/><\/svg><\/button><\/div><p class=\"gw-freetours-description\">\u00c1vila es una de las ciudades Patrimonio de la Humanidad de Espa\u00f1a . Fue as\u00ed honrada por ser e&#8230;<\/p><div class=\"gw-freetours-author\"><span class=\"gw-freetours-author-link\"><img decoding=\"async\" src=\"https:\/\/media.guruwalk.com\/qmvfn9rrextpr5wbcpno6gp9eeht\" alt=\"Luzdivina\" class=\"gw-freetours-author-avatar\" \/><span class=\"gw-freetours-author-name\">Luzdivina<\/span><\/span><\/div><div class=\"gw-freetours-rating-container\"><div class=\"gw-freetours-rating\" aria-label=\"Valoraci\u00f3n 4.8 de 5\"><span class=\"gw-freetours-star gw-freetours-star--full\" aria-hidden=\"true\">\u2605<\/span><span class=\"gw-freetours-star gw-freetours-star--full\" aria-hidden=\"true\">\u2605<\/span><span class=\"gw-freetours-star gw-freetours-star--full\" aria-hidden=\"true\">\u2605<\/span><span class=\"gw-freetours-star gw-freetours-star--full\" aria-hidden=\"true\">\u2605<\/span><span class=\"gw-freetours-star gw-freetours-star--half\" aria-hidden=\"true\">\u2606<\/span><span class=\"gw-freetours-rating__count\">4,8 (769)<\/span><\/div><\/div><\/div><\/div><\/div><\/div><div class=\"gw-freetours-place-link\"><a href=\"https:\/\/www.guruwalk.com\/es\/avila\" target=\"_blank\" rel=\"noopener\" class=\"gw-freetours-place-btn\">+ Free Tour \u00c1vila\u200e<\/a><\/div><\/div>\n\n\n<h2 id=\"avila-tres-dias\" class=\"wp-block-heading\">\u00c1vila en 3 d\u00edas: itinerario por la ciudad amurallada<\/h2>\n\n\n\n<figure class=\"gb-block-image gb-block-image-71ee8c7d\"><img decoding=\"async\" width=\"1600\" height=\"1067\" class=\"gb-image gb-image-71ee8c7d\" src=\"https:\/\/blog.guruwalk.com\/wp-content\/uploads\/2025\/08\/avila.webp\" alt=\"Panor\u00e1mica de \u00c1vila con su muralla\" title=\"avila\" srcset=\"https:\/\/blog.guruwalk.com\/wp-content\/uploads\/2025\/08\/avila.webp 1600w, https:\/\/blog.guruwalk.com\/wp-content\/uploads\/2025\/08\/avila-300x200.webp 300w, https:\/\/blog.guruwalk.com\/wp-content\/uploads\/2025\/08\/avila-1024x683.webp 1024w, https:\/\/blog.guruwalk.com\/wp-content\/uploads\/2025\/08\/avila-768x512.webp 768w, https:\/\/blog.guruwalk.com\/wp-content\/uploads\/2025\/08\/avila-1536x1024.webp 1536w\" sizes=\"(max-width: 1600px) 100vw, 1600px\" \/><\/figure>\n\n\n\n<p class=\"wp-block-paragraph\">La tabla resume el orden recomendado. Las distancias y duraciones son estimaciones orientativas para seguir esta secuencia a pie; pueden variar seg\u00fan el acceso elegido, las visitas interiores, los desv\u00edos y el ritmo del grupo.<\/p>\n\n\n\n<figure class=\"wp-block-table\"><table><thead><tr><th>D\u00eda<\/th><th>Orden de paradas<\/th><th>Duraci\u00f3n orientativa<\/th><th>Distancia aproximada<\/th><th>Inicio y final<\/th><\/tr><\/thead><tbody><tr><td>1<\/td><td>Puerta del Alc\u00e1zar \u2192 adarve de la muralla \u2192 Catedral \u2192 Mercado Chico \u2192 San Vicente<\/td><td>5\u20137 horas, incluidas las visitas<\/td><td>3\u20134 km a pie<\/td><td>Mercado Grande \/ Bas\u00edlica de San Vicente<\/td><\/tr><tr><td>2<\/td><td>Convento de Santa Teresa \u2192 Convento de San Jos\u00e9 \u2192 Monasterio de la Encarnaci\u00f3n \u2192 Cuatro Postes<\/td><td>5\u20137 horas, incluidas las visitas<\/td><td>5\u20136 km a pie<\/td><td>Plaza de la Santa \/ Cuatro Postes<\/td><\/tr><tr><td>3<\/td><td>Palacios del casco hist\u00f3rico \u2192 Santo Tom\u00e1s \u2192 Jard\u00edn de San Vicente<\/td><td>5\u20136 horas, incluidas las visitas<\/td><td>4\u20135 km a pie<\/td><td>Plaza de la Catedral \/ San Vicente<\/td><\/tr><\/tbody><\/table><\/figure>\n\n\n\n<h3 id=\"mapa-itinerario-avila\" class=\"wp-block-heading\">D\u00eda 1: Las murallas y el casco hist\u00f3rico<\/h3>\n\n\n\n<p class=\"wp-block-paragraph\">La primera jornada comienza en la Puerta del Alc\u00e1zar para conocer el s\u00edmbolo m\u00e1s representativo de \u00c1vila: sus <a href=\"#muralla-avila\">murallas medievales<\/a>. El recorrido por el adarve permite observar la relaci\u00f3n entre las torres, las puertas y el casco hist\u00f3rico. Con sus 2,5 kil\u00f3metros de per\u00edmetro y <strong>87 torreones<\/strong>, es uno de los recintos amurallados medievales mejor conservados.<\/p>\n\n\n\n<p class=\"wp-block-paragraph\">Despu\u00e9s del adarve, contin\u00faa hacia la <a href=\"#catedral-avila\">Catedral del Salvador<\/a>, considerada entre las primeras catedrales g\u00f3ticas de Espa\u00f1a. Su \u00e1bside fortificado, integrado en la muralla, explica el sobrenombre de \u201ccatedral fortaleza\u201d. El interior incluye un museo catedralicio con obras atribuidas a artistas como Pedro Berruguete y Vasco de la Zarza.<\/p>\n\n\n\n<p class=\"wp-block-paragraph\">Termina el tramo intramuros en la <a href=\"#plaza-mercado-chico\">Plaza del Mercado Chico<\/a> y contin\u00faa hacia San Vicente. La plaza re\u00fane el Ayuntamiento y varios establecimientos donde probar platos de la cocina abulense.<\/p>\n\n\n\n<h3 id=\"dia-dos\" class=\"wp-block-heading\">D\u00eda 2: La ruta teresiana<\/h3>\n\n\n\n<p class=\"wp-block-paragraph\">El segundo d\u00eda recorre los lugares vinculados a Santa Teresa de Jes\u00fas. La ruta comienza en el <a href=\"#convento-santa-teresa\">Convento de Santa Teresa<\/a>, construido sobre la casa natal de la santa. El templo barroco conserva reliquias y forma parte de los principales espacios de peregrinaci\u00f3n de la ciudad.<\/p>\n\n\n\n<p class=\"wp-block-paragraph\">Contin\u00faa por el Convento de San Jos\u00e9 y despu\u00e9s hacia el <a href=\"#monasterio-encarnacion\">Monasterio de la Encarnaci\u00f3n<\/a>, situado extramuros, donde Santa Teresa vivi\u00f3 como monja carmelita durante casi 30 a\u00f1os. Sus celdas, el locutorio y la capilla de la Transverberaci\u00f3n aportan contexto a su biograf\u00eda.<\/p>\n\n\n\n<p class=\"wp-block-paragraph\">Para cerrar el d\u00eda, el trayecto hasta Cuatro Postes requiere un desplazamiento separado hacia el oeste. Desde la Puerta del Puente calcula, de forma orientativa, unos 20\u201325 minutos a pie por trayecto; comprueba sobre el terreno el recorrido peatonal m\u00e1s adecuado.<\/p>\n\n\n\n<h3 id=\"dia-tres\" class=\"wp-block-heading\">D\u00eda 3: Palacios y conventos<\/h3>\n\n\n\n<p class=\"wp-block-paragraph\">El \u00faltimo d\u00eda comienza por los palacios y casas se\u00f1oriales del casco hist\u00f3rico. El <a href=\"#palacio-davila\">Palacio de los D\u00e1vila<\/a>, el de los <a href=\"#palacio-velada\">Velada<\/a> y el <a href=\"#torreon-guzmanes\">Torre\u00f3n de los Guzmanes<\/a> permiten comparar distintas etapas de la arquitectura civil medieval y renacentista.<\/p>\n\n\n\n<p class=\"wp-block-paragraph\">Despu\u00e9s, sal del recinto amurallado para visitar el <a href=\"#real-monasterio-santo-tomas\">Real Monasterio de Santo Tom\u00e1s<\/a>, ejemplo del g\u00f3tico isabelino y antigua residencia estival de los Reyes Cat\u00f3licos. Sus tres claustros y sus colecciones requieren una visita independiente.<\/p>\n\n\n\n<p class=\"wp-block-paragraph\">Como cierre, regresa hacia el Jard\u00edn de San Vicente para observar la muralla al final del d\u00eda. Si no visitaste los <a href=\"#mirador-cuatro-postes\">Cuatro Postes<\/a> durante la ruta teresiana, puedes trasladar ese mirador a esta jornada.<\/p>\n\n\n\n<h2 id=\"como-llegar-moverse-aparcar\" class=\"wp-block-heading\">C\u00f3mo llegar, aparcar y moverse por \u00c1vila<\/h2>\n\n\n\n<p class=\"wp-block-paragraph\">Desde Madrid se puede llegar en tren o autob\u00fas. Consulta los servicios y posibles cambios en <a href=\"https:\/\/www.renfe.com\/es\/es\" rel=\"nofollow noreferrer noopener\" target=\"_blank\">Renfe<\/a> y en el <a href=\"https:\/\/www.avanzabus.com\/\" rel=\"nofollow noreferrer noopener\" target=\"_blank\">operador de autob\u00fas<\/a> antes del viaje, ya que la frecuencia y las estaciones de salida pueden variar.<\/p>\n\n\n\n<p class=\"wp-block-paragraph\">La estaci\u00f3n de ferrocarril y la estaci\u00f3n de autobuses se encuentran al este del recinto amurallado. Como referencia orientativa, desde cualquiera de las dos calcula unos 15\u201325 minutos a pie hasta la Plaza de Santa Teresa y la Puerta del Alc\u00e1zar, seg\u00fan el punto de salida y el ritmo. Confirma la ruta peatonal al llegar.<\/p>\n\n\n\n<p class=\"wp-block-paragraph\">Para estacionar fuera del n\u00facleo intramuros, la informaci\u00f3n municipal se\u00f1aliza opciones como el aparcamiento de El Rastro, junto al lienzo sur, y el entorno del Centro de Exposiciones y Congresos Lienzo Norte, pr\u00f3ximo a la Puerta del Carmen. Ambos dejan la muralla a unos 5\u201315 minutos a pie de forma aproximada. Comprueba accesos, disponibilidad y restricciones vigentes en <a href=\"https:\/\/www.avilaturismo.com\/\" rel=\"nofollow noreferrer noopener\" target=\"_blank\">\u00c1vila Turismo<\/a>.<\/p>\n\n\n\n<p class=\"wp-block-paragraph\">Dentro del casco hist\u00f3rico, la mayor\u00eda de las paradas quedan a una distancia c\u00f3moda a pie. Como referencias orientativas, el Monasterio de la Encarnaci\u00f3n est\u00e1 a unos 15\u201320 minutos de San Vicente, Santo Tom\u00e1s a unos 15\u201325 minutos del Mercado Grande y Cuatro Postes a unos 20\u201325 minutos de la Puerta del Puente. Son estimaciones de ruta, no tiempos oficiales.<\/p>\n\n\n\n<h2 id=\"muralla-avila\" class=\"wp-block-heading\">La muralla de \u00c1vila<\/h2>\n\n\n\n<figure class=\"wp-block-image size-full\"><img decoding=\"async\" width=\"960\" height=\"640\" src=\"https:\/\/blog.guruwalk.com\/wp-content\/uploads\/2025\/03\/image-306.jpeg\" alt=\"Portada de la muralla de \u00c1vila, Espa\u00f1a\" class=\"wp-image-7200\" srcset=\"https:\/\/blog.guruwalk.com\/wp-content\/uploads\/2025\/03\/image-306.jpeg 960w, https:\/\/blog.guruwalk.com\/wp-content\/uploads\/2025\/03\/image-306-300x200.jpeg 300w, https:\/\/blog.guruwalk.com\/wp-content\/uploads\/2025\/03\/image-306-768x512.jpeg 768w\" sizes=\"(max-width: 960px) 100vw, 960px\" \/><figcaption class=\"wp-element-caption\">Torreones de la muralla de \u00c1vila<\/figcaption><\/figure>\n\n\n\n<p class=\"wp-block-paragraph\">La muralla es un recinto <strong>rom\u00e1nico<\/strong> que <strong>rodea el casco hist\u00f3rico<\/strong> y constituye el gran icono de la ciudad. Forma parte del conjunto de \u00c1vila inscrito como <a href=\"https:\/\/whc.unesco.org\/en\/list\/348\/\" rel=\"nofollow noreferrer noopener\" target=\"_blank\">Patrimonio Mundial por la UNESCO<\/a>. Sus cifras documentadas incluyen <strong>2.516&nbsp;m de per\u00edmetro<\/strong>, <strong>87 torreones<\/strong>, <strong>9 puertas<\/strong> y en torno a <strong>2.500 merlones<\/strong>, los prismas que coronan el parapeto. Enmarca unas <strong>33&nbsp;ha<\/strong> y dibuja un rect\u00e1ngulo E\u2013O; los muros rondan <strong>3&nbsp;m de grosor<\/strong> y <strong>12&nbsp;m de altura<\/strong>.<\/p>\n\n\n\n<p class=\"wp-block-paragraph\">En su f\u00e1brica se <strong>reaprovecharon materiales romanos<\/strong>, como estelas, cistas y <em>cupae<\/em>, visibles sobre todo en el lienzo oriental, junto a San Vicente. Se emple\u00f3 principalmente <strong>granito<\/strong>, adem\u00e1s de ladrillo, mortero y cal. La cerca actual se configur\u00f3 entre los siglos XI\u2013XII bajo el impulso de <strong>Alfonso&nbsp;VI<\/strong> y la repoblaci\u00f3n dirigida por <strong>Raimundo de Borgo\u00f1a<\/strong>.<\/p>\n\n\n\n<p class=\"wp-block-paragraph\">Entre sus accesos, <strong>la Puerta del Alc\u00e1zar<\/strong>, tambi\u00e9n llamada del Mercado Grande, y la <strong>Puerta de San Vicente<\/strong> presentan dos de los conjuntos defensivos m\u00e1s destacados. La del Alc\u00e1zar, con dos torreones unidos por un adarve, <strong>recibi\u00f3 almenado en la restauraci\u00f3n de 1907<\/strong> dirigida por Enrique Mar\u00eda Repull\u00e9s, siguiendo el modelo de San Vicente. La muralla fue <strong>declarada Monumento Nacional el 24 de marzo de 1884<\/strong>.<\/p>\n\n\n\n<blockquote class=\"wp-block-quote is-layout-flow wp-block-quote-is-layout-flow\">\n<p class=\"wp-block-paragraph\">El acceso al adarve es de pago. Consulta la tarifa, los horarios estacionales, los tramos abiertos y los requisitos de acceso antes de la visita, ya que algunos sectores pueden cerrar por conservaci\u00f3n.<\/p>\n<\/blockquote>\n\n\n\n<h2 id=\"catedral-avila\" class=\"wp-block-heading\">Catedral de \u00c1vila<\/h2>\n\n\n\n<figure class=\"wp-block-image size-full\"><img decoding=\"async\" width=\"960\" height=\"632\" src=\"https:\/\/blog.guruwalk.com\/wp-content\/uploads\/2025\/03\/image-308.jpeg\" alt=\"Catedral de \u00c1vila bajo un cielo nublado\" class=\"wp-image-7216\" srcset=\"https:\/\/blog.guruwalk.com\/wp-content\/uploads\/2025\/03\/image-308.jpeg 960w, https:\/\/blog.guruwalk.com\/wp-content\/uploads\/2025\/03\/image-308-300x198.jpeg 300w, https:\/\/blog.guruwalk.com\/wp-content\/uploads\/2025\/03\/image-308-768x506.jpeg 768w\" sizes=\"(max-width: 960px) 100vw, 960px\" \/><figcaption class=\"wp-element-caption\">Catedral de \u00c1vila con le\u00f3n de piedra<\/figcaption><\/figure>\n\n\n\n<p class=\"wp-block-paragraph\">La <strong>Catedral del Salvador<\/strong> se proyect\u00f3 como <strong>templo y fortaleza<\/strong>: su cabecera, el famoso <em>cimorro<\/em>, <strong>forma parte de la muralla<\/strong>. Aunque hay hip\u00f3tesis tempranas, la mayor\u00eda de historiadores atribuye las trazas iniciales al <strong>maestro Fruchel en el siglo XII<\/strong>. Se considera <strong>una de las primeras catedrales g\u00f3ticas de Espa\u00f1a<\/strong>, con una cabecera de transici\u00f3n rom\u00e1nico\u2013g\u00f3tica y fases posteriores plenamente g\u00f3ticas.<\/p>\n\n\n\n<p class=\"wp-block-paragraph\">Del siglo XIII datan el primer cuerpo de las torres y las naves; del XIV, el segundo cuerpo de las torres, el <strong>claustro<\/strong>, las b\u00f3vedas y los arbotantes. <strong>Pedro Berruguete<\/strong> inici\u00f3 el <strong>retablo mayor<\/strong> en <strong>1499<\/strong>. El interior se organiza en <strong>tres naves iguales en anchura<\/strong>, con la central m\u00e1s elevada, columnas finas y arcos ojivales.<\/p>\n\n\n\n<p class=\"wp-block-paragraph\">En el <strong>claustro reposan<\/strong> los restos de <strong>Adolfo Su\u00e1rez<\/strong> y su esposa Amparo Illana, adem\u00e1s de los de <strong>Claudio S\u00e1nchez-Albornoz<\/strong>, presidente del Gobierno de la II Rep\u00fablica en el exilio. La visita tur\u00edstica incluye distintas estancias y un museo con obras de <em>El Greco<\/em> y <em>Ribera<\/em>. Consulta disponibilidad y condiciones de acceso.<\/p>\n\n\n<div class=\"gw-products-block\" style=\"--gw-nav-width:30px; --gw-nav-height:30px; --gw-chevron-w:15px; --gw-chevron-h:15px; --gw-circle-color:#0a5bd9; --gw-chevron-color:#0a5bd9;\"><div class=\"gw-products-carousel\" aria-live=\"polite\"><article class=\"gw-card\"><div class=\"gw-card__image\"><img decoding=\"async\" class=\"gw-card__photo\" src=\"https:\/\/blog.guruwalk.com\/wp-content\/uploads\/gw-products\/images\/f4503f726116298578edc02a6885eeb0.webp\" alt=\"\u00c1vila: Entrada Catedral con Audiogu\u00eda\" loading=\"lazy\" \/><div class=\"gw-flags\" aria-label=\"Idiomas disponibles\"><span class=\"gw-flag\" title=\"EN\"><img decoding=\"async\" class=\"gw-flag-img\" src=\"https:\/\/blog.guruwalk.com\/wp-content\/uploads\/gw-products\/flags\/gb.svg\" alt=\"EN\" loading=\"lazy\" width=\"22\" height=\"16\" \/><\/span><span class=\"gw-flag\" title=\"ES\"><img decoding=\"async\" class=\"gw-flag-img\" src=\"https:\/\/blog.guruwalk.com\/wp-content\/uploads\/gw-products\/flags\/es.svg\" alt=\"ES\" loading=\"lazy\" width=\"22\" height=\"16\" \/><\/span><span class=\"gw-flag\" title=\"FR\"><img decoding=\"async\" class=\"gw-flag-img\" src=\"https:\/\/blog.guruwalk.com\/wp-content\/uploads\/gw-products\/flags\/fr.svg\" alt=\"FR\" loading=\"lazy\" width=\"22\" height=\"16\" \/><\/span><span class=\"gw-flag\" title=\"IT\"><img decoding=\"async\" class=\"gw-flag-img\" src=\"https:\/\/blog.guruwalk.com\/wp-content\/uploads\/gw-products\/flags\/it.svg\" alt=\"IT\" loading=\"lazy\" width=\"22\" height=\"16\" \/><\/span><\/div><\/div><div class=\"gw-card__body\"><h3 class=\"gw-card__title\">\u00c1vila: Entrada Catedral con Audiogu\u00eda<\/h3><div class=\"gw-card__footer\"><div class=\"gw-card__meta\"><div class=\"gw-rating\" aria-label=\"Valoraci\u00f3n 4.3 de 5\"><span class=\"gw-star gw-star--full\" aria-hidden=\"true\">\u2605<\/span><span class=\"gw-star gw-star--full\" aria-hidden=\"true\">\u2605<\/span><span class=\"gw-star gw-star--full\" aria-hidden=\"true\">\u2605<\/span><span class=\"gw-star gw-star--full\" aria-hidden=\"true\">\u2605<\/span><span class=\"gw-star gw-star--empty\" aria-hidden=\"true\">\u2606<\/span><span class=\"gw-rating__count\">4,3 (49)<\/span><\/div><\/div><div class=\"gw-card__price\">Desde \u20ac10,00<\/div><\/div><\/div><a class=\"gw-card__link\" href=\"https:\/\/www.guruwalk.com\/es\/walks\/p115327-avila-entrada-catedral-con-audioguia\" target=\"_blank\" rel=\"noopener\" aria-label=\"\u00c1vila: Entrada Catedral con Audiogu\u00eda\"><\/a><\/article><article class=\"gw-card\"><div class=\"gw-card__image\"><img decoding=\"async\" class=\"gw-card__photo\" src=\"https:\/\/blog.guruwalk.com\/wp-content\/uploads\/gw-products\/images\/ea7ea9a38d7ae0a997b321f94750b8c9.webp\" alt=\"\u00c1vila Lux: tour privado, taller de yemas de Santa Teresa y cata gourmet\" loading=\"lazy\" \/><div class=\"gw-flags\" aria-label=\"Idiomas disponibles\"><span class=\"gw-flag\" title=\"EN\"><img decoding=\"async\" class=\"gw-flag-img\" src=\"https:\/\/blog.guruwalk.com\/wp-content\/uploads\/gw-products\/flags\/gb.svg\" alt=\"EN\" loading=\"lazy\" width=\"22\" height=\"16\" \/><\/span><span class=\"gw-flag\" title=\"ES\"><img decoding=\"async\" class=\"gw-flag-img\" src=\"https:\/\/blog.guruwalk.com\/wp-content\/uploads\/gw-products\/flags\/es.svg\" alt=\"ES\" loading=\"lazy\" width=\"22\" height=\"16\" \/><\/span><span class=\"gw-flag\" title=\"IT\"><img decoding=\"async\" class=\"gw-flag-img\" src=\"https:\/\/blog.guruwalk.com\/wp-content\/uploads\/gw-products\/flags\/it.svg\" alt=\"IT\" loading=\"lazy\" width=\"22\" height=\"16\" \/><\/span><\/div><\/div><div class=\"gw-card__body\"><h3 class=\"gw-card__title\">\u00c1vila Lux: tour privado, taller de yemas de Santa Teresa y cata gourmet<\/h3><div class=\"gw-card__footer\"><div class=\"gw-card__price\">Desde \u20ac84,95<\/div><\/div><\/div><a class=\"gw-card__link\" href=\"https:\/\/www.guruwalk.com\/es\/walks\/p118772-avila-lux-tour-privado-taller-de-yemas-de-santa-teresa-y-cata-gourmet-cGFub3B0ZXM\" target=\"_blank\" rel=\"noopener\" aria-label=\"\u00c1vila Lux: tour privado, taller de yemas de Santa Teresa y cata gourmet\"><\/a><\/article><\/div><div class=\"gw-vertical-link-container\"><a href=\"https:\/\/www.guruwalk.com\/es\/a\/avila\/v66665-catedral-avila\" target=\"_blank\" rel=\"noopener\" style=\"font-weight: bold;\">+ Catedral<\/a><\/div><\/div>\n\n\n<h2 id=\"plaza-mercado-chico\" class=\"wp-block-heading\">Plaza del Mercado Chico<\/h2>\n\n\n\n<figure class=\"wp-block-image size-full\"><img decoding=\"async\" width=\"1024\" height=\"681\" src=\"https:\/\/blog.guruwalk.com\/wp-content\/uploads\/2025\/03\/image-310.jpeg\" alt=\"Plaza del Mercado Chico en \u00c1vila, Espa\u00f1a\" class=\"wp-image-7232\" srcset=\"https:\/\/blog.guruwalk.com\/wp-content\/uploads\/2025\/03\/image-310.jpeg 1024w, https:\/\/blog.guruwalk.com\/wp-content\/uploads\/2025\/03\/image-310-300x200.jpeg 300w, https:\/\/blog.guruwalk.com\/wp-content\/uploads\/2025\/03\/image-310-768x511.jpeg 768w\" sizes=\"(max-width: 1024px) 100vw, 1024px\" \/><figcaption class=\"wp-element-caption\">Plaza del Mercado Chico de \u00c1vila<\/figcaption><\/figure>\n\n\n\n<p class=\"wp-block-paragraph\">Es la <strong>plaza mayor<\/strong> intramuros, rectangular y <strong>porticada en tres lados<\/strong>, con el Ayuntamiento y la iglesia de San Juan Bautista. El trazado actual responde a un <strong>proyecto neocl\u00e1sico del siglo XIX<\/strong> de Juan Antonio Cuervo; la Casa Consistorial es obra de Ildefonso V\u00e1zquez de Z\u00fa\u00f1iga. Hist\u00f3ricamente fue un espacio de gremios y oficios.<\/p>\n\n\n\n<p class=\"wp-block-paragraph\">Su nombre ha variado: <em>de la Constituci\u00f3n<\/em> en 1812, <em>de la Religi\u00f3n y del Rey<\/em> durante la dictadura de Primo de Rivera, <em>Real<\/em> y <em>de la Victoria<\/em> en la posguerra. <strong>Desde 2001<\/strong> recupera oficialmente <em>Mercado Chico<\/em>. Las Jornadas Medievales, conocidas como Mercado de las Tres Culturas, suelen celebrarse a comienzos de septiembre y utilizan la plaza como uno de sus escenarios; consulta las fechas oficiales de cada edici\u00f3n.<\/p>\n\n\n\n<h2 id=\"iglesia-san-pedro\" class=\"wp-block-heading\">Iglesia de San Pedro y Plaza de Santa Teresa de Jes\u00fas<\/h2>\n\n\n\n<figure class=\"wp-block-image size-full\"><img decoding=\"async\" width=\"1024\" height=\"620\" src=\"https:\/\/blog.guruwalk.com\/wp-content\/uploads\/2025\/03\/image-311.jpeg\" alt=\"Iglesia de San Pedro y Plaza de Santa Teresa de Jes\u00fas en \u00c1vila\" class=\"wp-image-7240\" srcset=\"https:\/\/blog.guruwalk.com\/wp-content\/uploads\/2025\/03\/image-311.jpeg 1024w, https:\/\/blog.guruwalk.com\/wp-content\/uploads\/2025\/03\/image-311-300x182.jpeg 300w, https:\/\/blog.guruwalk.com\/wp-content\/uploads\/2025\/03\/image-311-768x465.jpeg 768w\" sizes=\"(max-width: 1024px) 100vw, 1024px\" \/><figcaption class=\"wp-element-caption\">Iglesia de San Pedro en \u00c1vila<\/figcaption><\/figure>\n\n\n\n<p class=\"wp-block-paragraph\">La iglesia <strong>rom\u00e1nica<\/strong> de San Pedro, de planta de cruz latina y <strong>tres naves con \u00e1bsides<\/strong>, se sit\u00faa extramuros, frente a la Puerta del Alc\u00e1zar, en la <strong>Plaza de Santa Teresa<\/strong> o Mercado Grande. Destacan su <strong>roset\u00f3n cisterciense<\/strong> occidental y las <strong>tres portadas<\/strong>. Fue <strong>declarada Monumento Nacional el 30 de mayo de 1914<\/strong>, hoy Bien de Inter\u00e9s Cultural.<\/p>\n\n\n\n<p class=\"wp-block-paragraph\">En el interior sobresalen tallas como <em>Santa Catalina<\/em> y <em>San Pablo<\/em>, adem\u00e1s de un retablo mayor renacentista. La plaza est\u00e1 documentada desde la Edad Media como espacio de torneos, recepciones y mercados; en la actualidad incluye la escultura de Santa Teresa conocida como <em>La Palomilla<\/em>.<\/p>\n\n\n\n<h2 id=\"convento-santa-teresa\" class=\"wp-block-heading\">Convento y Museo de Santa Teresa<\/h2>\n\n\n\n<figure class=\"wp-block-image size-full\"><img decoding=\"async\" width=\"1024\" height=\"614\" src=\"https:\/\/blog.guruwalk.com\/wp-content\/uploads\/2025\/03\/image-312.jpeg\" alt=\"Interior del Convento y Museo de Santa Teresa, \u00c1vila\" class=\"wp-image-7248\" srcset=\"https:\/\/blog.guruwalk.com\/wp-content\/uploads\/2025\/03\/image-312.jpeg 1024w, https:\/\/blog.guruwalk.com\/wp-content\/uploads\/2025\/03\/image-312-300x180.jpeg 300w, https:\/\/blog.guruwalk.com\/wp-content\/uploads\/2025\/03\/image-312-768x461.jpeg 768w\" sizes=\"(max-width: 1024px) 100vw, 1024px\" \/><figcaption class=\"wp-element-caption\">Convento y Museo de Santa Teresa<\/figcaption><\/figure>\n\n\n\n<p class=\"wp-block-paragraph\">El conjunto, <strong>inaugurado en 1636<\/strong> sobre la casa natal de la santa, fue proyectado por el carmelita <strong>Fray Alonso de San Jos\u00e9<\/strong>. Tiene una orientaci\u00f3n poco habitual, <strong>hacia el norte<\/strong>, para situar la cabecera sobre la estancia del nacimiento. Es un edificio <strong>barroco<\/strong>, de nave \u00fanica con capillas laterales. Fue <strong>declarado Monumento Nacional en 1886<\/strong>, hoy BIC, y restaurado en 1888 y 1982.<\/p>\n\n\n\n<p class=\"wp-block-paragraph\"><strong>El Museo de la Santa<\/strong> ocupa la cripta y parte de la antigua vivienda. Su recorrido presenta episodios de la vida de Teresa, el jard\u00edn de su infancia y una recreaci\u00f3n de su celda de escritora. Consulta disponibilidad antes de desplazarte.<\/p>\n\n\n\n<h2 id=\"basilica-san-vicente\" class=\"wp-block-heading\">Bas\u00edlica de San Vicente<\/h2>\n\n\n\n<figure class=\"wp-block-image size-full\"><img decoding=\"async\" width=\"1024\" height=\"576\" src=\"https:\/\/blog.guruwalk.com\/wp-content\/uploads\/2025\/03\/image-313.jpeg\" alt=\"Bas\u00edlica de San Vicente en \u00c1vila, Espa\u00f1a\" class=\"wp-image-7256\" srcset=\"https:\/\/blog.guruwalk.com\/wp-content\/uploads\/2025\/03\/image-313.jpeg 1024w, https:\/\/blog.guruwalk.com\/wp-content\/uploads\/2025\/03\/image-313-300x169.jpeg 300w, https:\/\/blog.guruwalk.com\/wp-content\/uploads\/2025\/03\/image-313-768x432.jpeg 768w\" sizes=\"(max-width: 1024px) 100vw, 1024px\" \/><figcaption class=\"wp-element-caption\">Bas\u00edlica de San Vicente<\/figcaption><\/figure>\n\n\n\n<p class=\"wp-block-paragraph\">La bas\u00edlica es uno de los principales ejemplos rom\u00e1nicos extramuros, con fases constructivas desde aproximadamente 1160\u20131180 hasta el siglo XIV. Realizada en <strong>arenisca \u201ccale\u00f1a\u201d<\/strong> de tonos dorados, se vincula al c\u00edrculo del <strong>maestro Fruchel<\/strong>. Tiene planta de cruz latina con <strong>tres naves<\/strong> y <strong>cripta<\/strong>, donde se encuentra la Virgen de la Soterra\u00f1a. Sus portadas conservan un extenso programa escult\u00f3rico.<\/p>\n\n\n\n<p class=\"wp-block-paragraph\">La pieza central es el <strong>cenotafio<\/strong> de los m\u00e1rtires Vicente, Sabina y Cristeta, con relieves policromados sobre episodios como la Epifan\u00eda y el martirio. La bas\u00edlica fue <strong>declarada Monumento Nacional el 26 de julio de 1882<\/strong>, hoy BIC, y forma parte del bien reconocido por la UNESCO.<\/p>\n\n\n\n<h2 id=\"real-monasterio-santo-tomas\" class=\"wp-block-heading\">Real Monasterio de Santo Tom\u00e1s<\/h2>\n\n\n\n<figure class=\"wp-block-image size-full\"><img decoding=\"async\" width=\"1024\" height=\"768\" src=\"https:\/\/blog.guruwalk.com\/wp-content\/uploads\/2025\/03\/image-314.jpeg\" alt=\"Real Monasterio de Santo Tom\u00e1s, patio interior\" class=\"wp-image-7264\" srcset=\"https:\/\/blog.guruwalk.com\/wp-content\/uploads\/2025\/03\/image-314.jpeg 1024w, https:\/\/blog.guruwalk.com\/wp-content\/uploads\/2025\/03\/image-314-300x225.jpeg 300w, https:\/\/blog.guruwalk.com\/wp-content\/uploads\/2025\/03\/image-314-768x576.jpeg 768w\" sizes=\"(max-width: 1024px) 100vw, 1024px\" \/><figcaption class=\"wp-element-caption\">Real Monasterio de Santo Tom\u00e1s<\/figcaption><\/figure>\n\n\n\n<p class=\"wp-block-paragraph\">De estilo <strong>g\u00f3tico isabelino<\/strong>, se levant\u00f3 entre 1482 y 1493 por impulso del tesorero <strong>Hern\u00e1n N\u00fa\u00f1ez de Arnalte<\/strong> y con donativos de los Reyes Cat\u00f3licos, que lo eligieron como residencia estival y pante\u00f3n de su heredero. El <strong>sepulcro del pr\u00edncipe Juan<\/strong> es obra de <strong>Domenico Fancelli<\/strong>, realizada en 1511\u201312. El <strong>retablo mayor<\/strong>, de 1494, es de <strong>Pedro Berruguete<\/strong>. El edificio tuvo usos como <strong>tribunal de la Inquisici\u00f3n<\/strong> y casa de estudios; <strong>Torquemada<\/strong> muri\u00f3 aqu\u00ed en 1498.<\/p>\n\n\n\n<p class=\"wp-block-paragraph\">El conjunto cuenta con <strong>tres claustros<\/strong>: Noviciado, Silencio y Reyes Cat\u00f3licos. Consulta disponibilidad y condiciones de visita antes de acudir.<\/p>\n\n\n<div class=\"gw-products-block\" style=\"--gw-nav-width:30px; --gw-nav-height:30px; --gw-chevron-w:15px; --gw-chevron-h:15px; --gw-circle-color:#0a5bd9; --gw-chevron-color:#0a5bd9;\"><h2 class=\"gw-products-title\" id=\"disfruta-al-maximo-de-avila\">Disfruta al m\u00e1ximo de \u00c1vila<\/h2><div class=\"gw-products-carousel\" aria-live=\"polite\"><article class=\"gw-card\"><div class=\"gw-card__image\"><img decoding=\"async\" class=\"gw-card__photo\" src=\"https:\/\/blog.guruwalk.com\/wp-content\/uploads\/gw-products\/images\/6499adcf73075b7a5e797ada610ec7af.webp\" alt=\"Tour \u00c1vila Monumental: tu primera toma de contacto con \u00c1vila\" loading=\"lazy\" \/><div class=\"gw-flags\" aria-label=\"Idiomas disponibles\"><span class=\"gw-flag\" title=\"ES\"><img decoding=\"async\" class=\"gw-flag-img\" src=\"https:\/\/blog.guruwalk.com\/wp-content\/uploads\/gw-products\/flags\/es.svg\" alt=\"ES\" loading=\"lazy\" width=\"22\" height=\"16\" \/><\/span><\/div><\/div><div class=\"gw-card__body\"><h3 class=\"gw-card__title\">Tour \u00c1vila Monumental: tu primera toma de contacto con \u00c1vila<\/h3><div class=\"gw-card__footer\"><div class=\"gw-card__meta\"><div class=\"gw-rating\" aria-label=\"Valoraci\u00f3n 4.8 de 5\"><span class=\"gw-star gw-star--full\" aria-hidden=\"true\">\u2605<\/span><span class=\"gw-star gw-star--full\" aria-hidden=\"true\">\u2605<\/span><span class=\"gw-star gw-star--full\" aria-hidden=\"true\">\u2605<\/span><span class=\"gw-star gw-star--full\" aria-hidden=\"true\">\u2605<\/span><span class=\"gw-star gw-star--half\" aria-hidden=\"true\">\u2606<\/span><span class=\"gw-rating__count\">4,8 (12)<\/span><\/div><\/div><div class=\"gw-card__price\">Desde \u20ac8,00<\/div><\/div><\/div><button type=\"button\" class=\"gw-card__button\" data-dest=\"https:\/\/www.guruwalk.com\/es\/walks\/p102786-tour-avila-monumental-tu-primera-toma-de-contacto-con-avila-cGFub3B0ZXM\" data-target=\"_blank\" role=\"link\" aria-label=\"Tour \u00c1vila Monumental: tu primera toma de contacto con \u00c1vila\"><\/button><\/article><article class=\"gw-card\"><div class=\"gw-card__image\"><img decoding=\"async\" class=\"gw-card__photo\" src=\"https:\/\/blog.guruwalk.com\/wp-content\/uploads\/gw-products\/images\/2464f1be900cb175102e0d50b8a8059a.webp\" alt=\"\u00c1vila: tour a pie guiado con yemas de Santa Teresa\" loading=\"lazy\" \/><div class=\"gw-flags\" aria-label=\"Idiomas disponibles\"><span class=\"gw-flag\" title=\"EN\"><img decoding=\"async\" class=\"gw-flag-img\" src=\"https:\/\/blog.guruwalk.com\/wp-content\/uploads\/gw-products\/flags\/gb.svg\" alt=\"EN\" loading=\"lazy\" width=\"22\" height=\"16\" \/><\/span><span class=\"gw-flag\" title=\"ES\"><img decoding=\"async\" class=\"gw-flag-img\" src=\"https:\/\/blog.guruwalk.com\/wp-content\/uploads\/gw-products\/flags\/es.svg\" alt=\"ES\" loading=\"lazy\" width=\"22\" height=\"16\" \/><\/span><\/div><\/div><div class=\"gw-card__body\"><h3 class=\"gw-card__title\">\u00c1vila: tour a pie guiado con yemas de Santa Teresa<\/h3><div class=\"gw-card__footer\"><div class=\"gw-card__meta\"><div class=\"gw-rating\" aria-label=\"Valoraci\u00f3n 4.6 de 5\"><span class=\"gw-star gw-star--full\" aria-hidden=\"true\">\u2605<\/span><span class=\"gw-star gw-star--full\" aria-hidden=\"true\">\u2605<\/span><span class=\"gw-star gw-star--full\" aria-hidden=\"true\">\u2605<\/span><span class=\"gw-star gw-star--full\" aria-hidden=\"true\">\u2605<\/span><span class=\"gw-star gw-star--half\" aria-hidden=\"true\">\u2606<\/span><span class=\"gw-rating__count\">4,6 (10)<\/span><\/div><\/div><div class=\"gw-card__price\">Desde \u20ac12,75<\/div><\/div><\/div><button type=\"button\" class=\"gw-card__button\" data-dest=\"https:\/\/www.guruwalk.com\/es\/walks\/p113234-avila-tour-a-pie-guiado-con-yemas-de-santa-teresa-cGFub3B0ZXM\" data-target=\"_blank\" role=\"link\" aria-label=\"\u00c1vila: tour a pie guiado con yemas de Santa Teresa\"><\/button><\/article><article class=\"gw-card\"><div class=\"gw-card__image\"><img decoding=\"async\" class=\"gw-card__photo\" src=\"https:\/\/blog.guruwalk.com\/wp-content\/uploads\/gw-products\/images\/2334e8ab7bca36eddd50afc49f3bd967.webp\" alt=\"Tour en tuk tuk por \u00c1vila\" loading=\"lazy\" \/><div class=\"gw-flags\" aria-label=\"Idiomas disponibles\"><span class=\"gw-flag\" title=\"EN\"><img decoding=\"async\" class=\"gw-flag-img\" src=\"https:\/\/blog.guruwalk.com\/wp-content\/uploads\/gw-products\/flags\/gb.svg\" alt=\"EN\" loading=\"lazy\" width=\"22\" height=\"16\" \/><\/span><span class=\"gw-flag\" title=\"ES\"><img decoding=\"async\" class=\"gw-flag-img\" src=\"https:\/\/blog.guruwalk.com\/wp-content\/uploads\/gw-products\/flags\/es.svg\" alt=\"ES\" loading=\"lazy\" width=\"22\" height=\"16\" \/><\/span><span class=\"gw-flag\" title=\"FR\"><img decoding=\"async\" class=\"gw-flag-img\" src=\"https:\/\/blog.guruwalk.com\/wp-content\/uploads\/gw-products\/flags\/fr.svg\" alt=\"FR\" loading=\"lazy\" width=\"22\" height=\"16\" \/><\/span><span class=\"gw-flag\" title=\"PT\"><img decoding=\"async\" class=\"gw-flag-img\" src=\"https:\/\/blog.guruwalk.com\/wp-content\/uploads\/gw-products\/flags\/pt.svg\" alt=\"PT\" loading=\"lazy\" width=\"22\" height=\"16\" \/><\/span><\/div><\/div><div class=\"gw-card__body\"><h3 class=\"gw-card__title\">Tour en tuk tuk por \u00c1vila<\/h3><div class=\"gw-card__footer\"><div class=\"gw-card__meta\"><div class=\"gw-rating\" aria-label=\"Valoraci\u00f3n 4.5 de 5\"><span class=\"gw-star gw-star--full\" aria-hidden=\"true\">\u2605<\/span><span class=\"gw-star gw-star--full\" aria-hidden=\"true\">\u2605<\/span><span class=\"gw-star gw-star--full\" aria-hidden=\"true\">\u2605<\/span><span class=\"gw-star gw-star--full\" aria-hidden=\"true\">\u2605<\/span><span class=\"gw-star gw-star--half\" aria-hidden=\"true\">\u2606<\/span><span class=\"gw-rating__count\">4,6 (843)<\/span><\/div><\/div><div class=\"gw-card__price\">Desde \u20ac8,50<\/div><\/div><\/div><button type=\"button\" class=\"gw-card__button\" data-dest=\"https:\/\/www.guruwalk.com\/es\/walks\/p73691-tour-en-tuk-tuk-por-avila\" data-target=\"_blank\" role=\"link\" aria-label=\"Tour en tuk tuk por \u00c1vila\"><\/button><\/article><article class=\"gw-card\"><div class=\"gw-card__image\"><img decoding=\"async\" class=\"gw-card__photo\" src=\"https:\/\/blog.guruwalk.com\/wp-content\/uploads\/gw-products\/images\/cde914de0191bc6109f47050885d5a36.webp\" alt=\"TOUR GU\u00cdADO EN TUK TUK POR \u00c1VILA (COMPLETO, 1\u00a0HORA)\" loading=\"lazy\" \/><div class=\"gw-flags\" aria-label=\"Idiomas disponibles\"><span class=\"gw-flag\" title=\"DE\"><img decoding=\"async\" class=\"gw-flag-img\" src=\"https:\/\/blog.guruwalk.com\/wp-content\/uploads\/gw-products\/flags\/de.svg\" alt=\"DE\" loading=\"lazy\" width=\"22\" height=\"16\" \/><\/span><span class=\"gw-flag\" title=\"EN\"><img decoding=\"async\" class=\"gw-flag-img\" src=\"https:\/\/blog.guruwalk.com\/wp-content\/uploads\/gw-products\/flags\/gb.svg\" alt=\"EN\" loading=\"lazy\" width=\"22\" height=\"16\" \/><\/span><span class=\"gw-flag\" title=\"ES\"><img decoding=\"async\" class=\"gw-flag-img\" src=\"https:\/\/blog.guruwalk.com\/wp-content\/uploads\/gw-products\/flags\/es.svg\" alt=\"ES\" loading=\"lazy\" width=\"22\" height=\"16\" \/><\/span><span class=\"gw-flag\" title=\"FR\"><img decoding=\"async\" class=\"gw-flag-img\" src=\"https:\/\/blog.guruwalk.com\/wp-content\/uploads\/gw-products\/flags\/fr.svg\" alt=\"FR\" loading=\"lazy\" width=\"22\" height=\"16\" \/><\/span><\/div><\/div><div class=\"gw-card__body\"><h3 class=\"gw-card__title\">TOUR GU\u00cdADO EN TUK TUK POR \u00c1VILA (COMPLETO, 1\u00a0HORA)<\/h3><div class=\"gw-card__footer\"><div class=\"gw-card__meta\"><div class=\"gw-rating\" aria-label=\"Valoraci\u00f3n 4.5 de 5\"><span class=\"gw-star gw-star--full\" aria-hidden=\"true\">\u2605<\/span><span class=\"gw-star gw-star--full\" aria-hidden=\"true\">\u2605<\/span><span class=\"gw-star gw-star--full\" aria-hidden=\"true\">\u2605<\/span><span class=\"gw-star gw-star--full\" aria-hidden=\"true\">\u2605<\/span><span class=\"gw-star gw-star--half\" aria-hidden=\"true\">\u2606<\/span><span class=\"gw-rating__count\">4,5 (145)<\/span><\/div><\/div><div class=\"gw-card__price\">Desde \u20ac16,50<\/div><\/div><\/div><button type=\"button\" class=\"gw-card__button\" data-dest=\"https:\/\/www.guruwalk.com\/es\/walks\/p115790-tour-guiado-en-tuk-tuk-por-avila-completo-1-hora-cGFub3B0ZXM\" data-target=\"_blank\" role=\"link\" aria-label=\"TOUR GU\u00cdADO EN TUK TUK POR \u00c1VILA (COMPLETO, 1\u00a0HORA)\"><\/button><\/article><article class=\"gw-card\"><div class=\"gw-card__image\"><img decoding=\"async\" class=\"gw-card__photo\" src=\"https:\/\/blog.guruwalk.com\/wp-content\/uploads\/gw-products\/images\/0c4f4bb99977c130f712b0bdbdc9e285.webp\" alt=\"Tour Guiado En Tuk Tuk Recorre Avila De La Forma Mas Comoda\" loading=\"lazy\" \/><div class=\"gw-flags\" aria-label=\"Idiomas disponibles\"><span class=\"gw-flag\" title=\"DE\"><img decoding=\"async\" class=\"gw-flag-img\" src=\"https:\/\/blog.guruwalk.com\/wp-content\/uploads\/gw-products\/flags\/de.svg\" alt=\"DE\" loading=\"lazy\" width=\"22\" height=\"16\" \/><\/span><span class=\"gw-flag\" title=\"EN\"><img decoding=\"async\" class=\"gw-flag-img\" src=\"https:\/\/blog.guruwalk.com\/wp-content\/uploads\/gw-products\/flags\/gb.svg\" alt=\"EN\" loading=\"lazy\" width=\"22\" height=\"16\" \/><\/span><span class=\"gw-flag\" title=\"ES\"><img decoding=\"async\" class=\"gw-flag-img\" src=\"https:\/\/blog.guruwalk.com\/wp-content\/uploads\/gw-products\/flags\/es.svg\" alt=\"ES\" loading=\"lazy\" width=\"22\" height=\"16\" \/><\/span><span class=\"gw-flag\" title=\"FR\"><img decoding=\"async\" class=\"gw-flag-img\" src=\"https:\/\/blog.guruwalk.com\/wp-content\/uploads\/gw-products\/flags\/fr.svg\" alt=\"FR\" loading=\"lazy\" width=\"22\" height=\"16\" \/><\/span><\/div><\/div><div class=\"gw-card__body\"><h3 class=\"gw-card__title\">Tour Guiado En Tuk Tuk Recorre Avila De La Forma Mas Comoda<\/h3><div class=\"gw-card__footer\"><div class=\"gw-card__meta\"><div class=\"gw-rating\" aria-label=\"Valoraci\u00f3n 4.4 de 5\"><span class=\"gw-star gw-star--full\" aria-hidden=\"true\">\u2605<\/span><span class=\"gw-star gw-star--full\" aria-hidden=\"true\">\u2605<\/span><span class=\"gw-star gw-star--full\" aria-hidden=\"true\">\u2605<\/span><span class=\"gw-star gw-star--full\" aria-hidden=\"true\">\u2605<\/span><span class=\"gw-star gw-star--empty\" aria-hidden=\"true\">\u2606<\/span><span class=\"gw-rating__count\">4,4 (240)<\/span><\/div><\/div><div class=\"gw-card__price\">Desde \u20ac9,00<\/div><\/div><\/div><button type=\"button\" class=\"gw-card__button\" data-dest=\"https:\/\/www.guruwalk.com\/es\/walks\/p109715-tour-guiado-en-tuk-tuk-recorre-avila-de-la-forma-mas-comoda-cGFub3B0ZXM\" data-target=\"_blank\" role=\"link\" aria-label=\"Tour Guiado En Tuk Tuk Recorre Avila De La Forma Mas Comoda\"><\/button><\/article><article class=\"gw-card\"><div class=\"gw-card__image\"><img decoding=\"async\" class=\"gw-card__photo\" src=\"https:\/\/blog.guruwalk.com\/wp-content\/uploads\/gw-products\/images\/3e58d4b8e5af240ed54c08df79a0526b.webp\" alt=\"Excursi\u00f3n a Toledo, Segovia y \u00c1vila\" loading=\"lazy\" \/><div class=\"gw-flags\" aria-label=\"Idiomas disponibles\"><span class=\"gw-flag\" title=\"EN\"><img decoding=\"async\" class=\"gw-flag-img\" src=\"https:\/\/blog.guruwalk.com\/wp-content\/uploads\/gw-products\/flags\/gb.svg\" alt=\"EN\" loading=\"lazy\" width=\"22\" height=\"16\" \/><\/span><span class=\"gw-flag\" title=\"ES\"><img decoding=\"async\" class=\"gw-flag-img\" src=\"https:\/\/blog.guruwalk.com\/wp-content\/uploads\/gw-products\/flags\/es.svg\" alt=\"ES\" loading=\"lazy\" width=\"22\" height=\"16\" \/><\/span><\/div><\/div><div class=\"gw-card__body\"><h3 class=\"gw-card__title\">Excursi\u00f3n a Toledo, Segovia y \u00c1vila<\/h3><div class=\"gw-card__footer\"><div class=\"gw-card__meta\"><div class=\"gw-rating\" aria-label=\"Valoraci\u00f3n 4.5 de 5\"><span class=\"gw-star gw-star--full\" aria-hidden=\"true\">\u2605<\/span><span class=\"gw-star gw-star--full\" aria-hidden=\"true\">\u2605<\/span><span class=\"gw-star gw-star--full\" aria-hidden=\"true\">\u2605<\/span><span class=\"gw-star gw-star--full\" aria-hidden=\"true\">\u2605<\/span><span class=\"gw-star gw-star--half\" aria-hidden=\"true\">\u2606<\/span><span class=\"gw-rating__count\">4,6 (693)<\/span><\/div><\/div><div class=\"gw-card__price\">Desde \u20ac79,00<\/div><\/div><\/div><button type=\"button\" class=\"gw-card__button\" data-dest=\"https:\/\/www.guruwalk.com\/es\/walks\/p68590-excursion-a-toledo-segovia-y-avila-cGFub3B0ZXM\" data-target=\"_blank\" role=\"link\" aria-label=\"Excursi\u00f3n a Toledo, Segovia y \u00c1vila\"><\/button><\/article><article class=\"gw-card\"><div class=\"gw-card__image\"><img decoding=\"async\" class=\"gw-card__photo\" src=\"https:\/\/blog.guruwalk.com\/wp-content\/uploads\/gw-products\/images\/bc39288ddf9655e8e0afb9e9e387885f.webp\" alt=\"Madrid: 1 d\u00eda en \u00c1vila y Segovia con tickets para monumentos\" loading=\"lazy\" \/><div class=\"gw-flags\" aria-label=\"Idiomas disponibles\"><span class=\"gw-flag\" title=\"EN\"><img decoding=\"async\" class=\"gw-flag-img\" src=\"https:\/\/blog.guruwalk.com\/wp-content\/uploads\/gw-products\/flags\/gb.svg\" alt=\"EN\" loading=\"lazy\" width=\"22\" height=\"16\" \/><\/span><span class=\"gw-flag\" title=\"ES\"><img decoding=\"async\" class=\"gw-flag-img\" src=\"https:\/\/blog.guruwalk.com\/wp-content\/uploads\/gw-products\/flags\/es.svg\" alt=\"ES\" loading=\"lazy\" width=\"22\" height=\"16\" \/><\/span><\/div><\/div><div class=\"gw-card__body\"><h3 class=\"gw-card__title\">Madrid: 1 d\u00eda en \u00c1vila y Segovia con tickets para monumentos<\/h3><div class=\"gw-card__footer\"><div class=\"gw-card__meta\"><div class=\"gw-rating\" aria-label=\"Valoraci\u00f3n 4.6 de 5\"><span class=\"gw-star gw-star--full\" aria-hidden=\"true\">\u2605<\/span><span class=\"gw-star gw-star--full\" aria-hidden=\"true\">\u2605<\/span><span class=\"gw-star gw-star--full\" aria-hidden=\"true\">\u2605<\/span><span class=\"gw-star gw-star--full\" aria-hidden=\"true\">\u2605<\/span><span class=\"gw-star gw-star--half\" aria-hidden=\"true\">\u2606<\/span><span class=\"gw-rating__count\">4,6 (4968)<\/span><\/div><\/div><div class=\"gw-card__price\">Desde \u20ac79,00<\/div><\/div><\/div><button type=\"button\" class=\"gw-card__button\" data-dest=\"https:\/\/www.guruwalk.com\/es\/walks\/p104686-madrid-1-dia-en-avila-y-segovia-con-tickets-para-monumentos-cGFub3B0ZXM\" data-target=\"_blank\" role=\"link\" aria-label=\"Madrid: 1 d\u00eda en \u00c1vila y Segovia con tickets para monumentos\"><\/button><\/article><\/div><\/div>\n\n\n<h2 id=\"palacios-avila\" class=\"wp-block-heading\">Palacios en \u00c1vila<\/h2>\n\n\n\n<p class=\"wp-block-paragraph\">\u00c1vila cuenta con un notable <strong>patrimonio palaciego<\/strong>. Esta selecci\u00f3n re\u00fane edificios representativos del casco hist\u00f3rico:<\/p>\n\n\n\n<h3 id=\"palacio-verdugo\" class=\"wp-block-heading\">El Palacio de los Verdugo<\/h3>\n\n\n\n<figure class=\"wp-block-image size-full\"><img decoding=\"async\" width=\"1024\" height=\"768\" src=\"https:\/\/blog.guruwalk.com\/wp-content\/uploads\/2025\/03\/image-315.jpeg\" alt=\"Interior del Palacio de los Verdugo, patio hist\u00f3rico con columnas y vegetaci\u00f3n.\" class=\"wp-image-7272\" srcset=\"https:\/\/blog.guruwalk.com\/wp-content\/uploads\/2025\/03\/image-315.jpeg 1024w, https:\/\/blog.guruwalk.com\/wp-content\/uploads\/2025\/03\/image-315-300x225.jpeg 300w, https:\/\/blog.guruwalk.com\/wp-content\/uploads\/2025\/03\/image-315-768x576.jpeg 768w\" sizes=\"(max-width: 1024px) 100vw, 1024px\" \/><figcaption class=\"wp-element-caption\">Patio del Palacio de los Verdugo en \u00c1vila<\/figcaption><\/figure>\n\n\n\n<p class=\"wp-block-paragraph\">Fue edificado en <strong>1531<\/strong> por <strong>Suero del \u00c1guila<\/strong>, en la calle L\u00f3pez N\u00fa\u00f1ez. Presenta una fachada <strong>plateresca<\/strong>, sobria y de car\u00e1cter defensivo, construida en siller\u00eda gran\u00edtica y flanqueada por <strong>dos torres<\/strong> casi enrasadas. A la izquierda se conserva un <strong>verraco vet\u00f3n<\/strong>. Fue casa de los \u00c1guila, convento jesuita tras una permuta en 1618 y propiedad nobiliaria hasta 1990. Es <strong>Monumento Hist\u00f3rico-Art\u00edstico desde 1979<\/strong>. En la actualidad funciona como sede del <strong>Archivo Municipal<\/strong>, la Concejal\u00eda de Patrimonio y la Secretar\u00eda del Grupo de Ciudades Patrimonio.<\/p>\n\n\n\n<h3 id=\"palacio-nunez-vela\" class=\"wp-block-heading\">Palacio N\u00fa\u00f1ez de Vela<\/h3>\n\n\n\n<figure class=\"wp-block-image size-full\"><img decoding=\"async\" width=\"1024\" height=\"680\" src=\"https:\/\/blog.guruwalk.com\/wp-content\/uploads\/2025\/03\/image-316.jpeg\" alt=\"Palacio N\u00fa\u00f1ez de Vela, \u00c1vila, Espa\u00f1a\" class=\"wp-image-7280\" srcset=\"https:\/\/blog.guruwalk.com\/wp-content\/uploads\/2025\/03\/image-316.jpeg 1024w, https:\/\/blog.guruwalk.com\/wp-content\/uploads\/2025\/03\/image-316-300x199.jpeg 300w, https:\/\/blog.guruwalk.com\/wp-content\/uploads\/2025\/03\/image-316-768x510.jpeg 768w\" sizes=\"(max-width: 1024px) 100vw, 1024px\" \/><figcaption class=\"wp-element-caption\">Palacio N\u00fa\u00f1ez de Vela en \u00c1vila<\/figcaption><\/figure>\n\n\n\n<p class=\"wp-block-paragraph\">Adosado a la muralla en el lienzo sur, fue encargado hacia <strong>1541<\/strong> por <strong>Blasco N\u00fa\u00f1ez Vela<\/strong>, <strong>primer virrey del Per\u00fa<\/strong>. Su fachada de <strong>siller\u00eda<\/strong> tiene un arco de medio punto y columnas lisas rematadas por blasones y flameros. Fue declarado monumento en <strong>1923<\/strong>. Entre sus usos hist\u00f3ricos figuran los de cuartel y academia militar; desde 1941 funciona como sede de la Audiencia Provincial.<\/p>\n\n\n\n<h3 id=\"palacio-davila\" class=\"wp-block-heading\">Palacio de los D\u00e1vila<\/h3>\n\n\n\n<figure class=\"wp-block-image size-full\"><img decoding=\"async\" width=\"1536\" height=\"1024\" src=\"https:\/\/blog.guruwalk.com\/wp-content\/uploads\/2025\/08\/outdoor-cielo-structure-cloudy-arch.webp\" alt=\"Fachada fortificada del Palacio de los D\u00e1vila, adosado a la muralla\" class=\"wp-image-37773\" srcset=\"https:\/\/blog.guruwalk.com\/wp-content\/uploads\/2025\/08\/outdoor-cielo-structure-cloudy-arch.webp 1536w, https:\/\/blog.guruwalk.com\/wp-content\/uploads\/2025\/08\/outdoor-cielo-structure-cloudy-arch-300x200.webp 300w, https:\/\/blog.guruwalk.com\/wp-content\/uploads\/2025\/08\/outdoor-cielo-structure-cloudy-arch-1024x683.webp 1024w, https:\/\/blog.guruwalk.com\/wp-content\/uploads\/2025\/08\/outdoor-cielo-structure-cloudy-arch-768x512.webp 768w\" sizes=\"(max-width: 1536px) 100vw, 1536px\" \/><figcaption class=\"wp-element-caption\">Fachada del Palacio de los D\u00e1vila en \u00c1vila<\/figcaption><\/figure>\n\n\n\n<p class=\"wp-block-paragraph\"><strong>Fortificado<\/strong> y <strong>adosado a la muralla<\/strong>, tiene un n\u00facleo del <strong>siglo XIII<\/strong> y adiciones hasta el XVI. Presenta una portada g\u00f3tica ojival y <strong>matacanes<\/strong> hacia el interior. La inscripci\u00f3n \u00ab<strong>Donde una puerta se cierra, otra se abre<\/strong>\u00bb recuerda el cierre de una poterna propia en el lienzo sur y la apertura posterior de un vano intramuros por Pedro D\u00e1vila.<\/p>\n\n\n\n<h3 id=\"palacio-velada\" class=\"wp-block-heading\">Palacio de los Velada<\/h3>\n\n\n\n<figure class=\"wp-block-image size-full\"><img decoding=\"async\" width=\"1024\" height=\"683\" src=\"https:\/\/blog.guruwalk.com\/wp-content\/uploads\/2025\/03\/image-318.jpeg\" alt=\"Interior del Palacio de los Velada con arcos y mesas de caf\u00e9\" class=\"wp-image-7296\" srcset=\"https:\/\/blog.guruwalk.com\/wp-content\/uploads\/2025\/03\/image-318.jpeg 1024w, https:\/\/blog.guruwalk.com\/wp-content\/uploads\/2025\/03\/image-318-300x200.jpeg 300w, https:\/\/blog.guruwalk.com\/wp-content\/uploads\/2025\/03\/image-318-768x512.jpeg 768w\" sizes=\"(max-width: 1024px) 100vw, 1024px\" \/><figcaption class=\"wp-element-caption\">Patio porticado del Palacio de los Velada en \u00c1vila<\/figcaption><\/figure>\n\n\n\n<p class=\"wp-block-paragraph\">Se encuentra en la plaza de la Catedral. Es un conjunto tardog\u00f3tico-renacentista de finales del siglo XV e inicios del XVI, con un <strong>esbelto torre\u00f3n<\/strong> y <strong>escudos sostenidos por cabezas de le\u00f3n<\/strong> en las esquinas. Es <strong>BIC desde 1992<\/strong>. En la actualidad funciona como <strong>hotel<\/strong>; consulta las condiciones de acceso al patio porticado.<\/p>\n\n\n\n<h3 id=\"torreon-guzmanes\" class=\"wp-block-heading\">Torre\u00f3n de los Guzmanes<\/h3>\n\n\n\n<figure class=\"wp-block-image size-full\"><img decoding=\"async\" width=\"1024\" height=\"687\" src=\"https:\/\/blog.guruwalk.com\/wp-content\/uploads\/2025\/03\/image-319.jpeg\" alt=\"Interior del Torre\u00f3n de los Guzmanes con muebles y decoraci\u00f3n hist\u00f3rica\" class=\"wp-image-7304\" srcset=\"https:\/\/blog.guruwalk.com\/wp-content\/uploads\/2025\/03\/image-319.jpeg 1024w, https:\/\/blog.guruwalk.com\/wp-content\/uploads\/2025\/03\/image-319-300x201.jpeg 300w, https:\/\/blog.guruwalk.com\/wp-content\/uploads\/2025\/03\/image-319-768x515.jpeg 768w\" sizes=\"(max-width: 1024px) 100vw, 1024px\" \/><figcaption class=\"wp-element-caption\">Interior del Torre\u00f3n de los Guzmanes en \u00c1vila<\/figcaption><\/figure>\n\n\n\n<p class=\"wp-block-paragraph\">Es una residencia nobiliaria de <strong>1513<\/strong>, vinculada a Garcib\u00e1\u00f1ez de M\u00fajica, construida en granito y siller\u00eda. Cuenta con una <strong>torre cuadrada<\/strong>, <strong>merlones, matacanes y atalayas<\/strong>, adem\u00e1s de un patio de doble galer\u00eda con orden toscano-d\u00f3rico. Es <strong>BIC desde 1983<\/strong> y sede de la <strong>Diputaci\u00f3n Provincial<\/strong>. Consulta la disponibilidad de exposiciones y visitas.<\/p>\n\n\n\n<h3 id=\"palacio-superunda\" class=\"wp-block-heading\">Palacio de Superunda<\/h3>\n\n\n\n<figure class=\"wp-block-image size-full\"><img decoding=\"async\" width=\"1024\" height=\"768\" src=\"https:\/\/blog.guruwalk.com\/wp-content\/uploads\/2025\/03\/image-320.jpeg\" alt=\"Palacio de Superunda, edificio hist\u00f3rico en \u00c1vila\" class=\"wp-image-7312\" srcset=\"https:\/\/blog.guruwalk.com\/wp-content\/uploads\/2025\/03\/image-320.jpeg 1024w, https:\/\/blog.guruwalk.com\/wp-content\/uploads\/2025\/03\/image-320-300x225.jpeg 300w, https:\/\/blog.guruwalk.com\/wp-content\/uploads\/2025\/03\/image-320-768x576.jpeg 768w\" sizes=\"(max-width: 1024px) 100vw, 1024px\" \/><figcaption class=\"wp-element-caption\">Palacio de Superunda en \u00c1vila<\/figcaption><\/figure>\n\n\n\n<p class=\"wp-block-paragraph\">Es un edificio renacentista de <strong>finales del siglo XVI<\/strong>, construido en torno a <strong>1580<\/strong> por iniciativa del regidor Pedro Ochoa. Tiene planta cuadrada con semis\u00f3tano, dos plantas y <strong>dos torreones<\/strong>. El pintor <strong>Guido Caprotti<\/strong> lo adquiri\u00f3 en el siglo XX; hoy se exponen all\u00ed su <strong>colecci\u00f3n<\/strong> y <strong>dos retratos de Sorolla<\/strong>. Es <strong>BIC desde 1992<\/strong>. Consulta tarifas, horarios y requisitos en la <a href=\"https:\/\/www.avilaturismo.com\/que-ver\/palacio-de-los-superunda\" rel=\"nofollow noreferrer noopener\" target=\"_blank\">web oficial del Palacio de Superunda<\/a>.<\/p>\n\n\n\n<p class=\"wp-block-paragraph\">Para ampliar el recorrido con visitas guiadas, entradas u otras propuestas, consulta las <a href=\"https:\/\/www.guruwalk.com\/es\/a\/avila\" target=\"_blank\" rel=\"noopener\">actividades en \u00c1vila<\/a> y selecciona las que encajen con las zonas previstas para cada d\u00eda.<\/p>\n\n\n\n<h2 id=\"preguntas-frecuentes\" class=\"wp-block-heading\">Preguntas frecuentes<\/h2>\n\n\n\n<h3 class=\"wp-block-heading\">\u00bfQu\u00e9 ver en \u00c1vila en 1 d\u00eda?<\/h3>\n\n\n\n<p class=\"wp-block-paragraph\">Concentra la visita en la <a href=\"#muralla-avila\">Muralla de \u00c1vila<\/a>, la <a href=\"#catedral-avila\">Catedral<\/a>, la <a href=\"#plaza-mercado-chico\">Plaza del Mercado Chico<\/a>, la <a href=\"#iglesia-san-pedro\">Plaza de Santa Teresa e iglesia de San Pedro<\/a> y la <a href=\"#basilica-san-vicente\">Bas\u00edlica de San Vicente<\/a>. Si queda tiempo, a\u00f1ade un edificio del bloque de <a href=\"#palacios-avila\">palacios de \u00c1vila<\/a>.<\/p>\n\n\n\n<h3 class=\"wp-block-heading\">\u00bfCu\u00e1nto tiempo necesito para ver \u00c1vila?<\/h3>\n\n\n\n<p class=\"wp-block-paragraph\">En un d\u00eda se cubren la muralla, la catedral y las plazas principales. Dos d\u00edas permiten sumar la ruta teresiana y alg\u00fan palacio. Con tres d\u00edas se puede seguir el itinerario de <a href=\"#avila-tres-dias\">\u00c1vila en 3 d\u00edas<\/a> y dedicar m\u00e1s tiempo a los interiores.<\/p>\n\n\n\n<h3 class=\"wp-block-heading\">\u00bfCu\u00e1nto cuesta la entrada a la muralla de \u00c1vila?<\/h3>\n\n\n\n<p class=\"wp-block-paragraph\">Las tarifas pueden cambiar. Consulta el precio actualizado, las reducciones aplicables y los tramos abiertos antes de subir al adarve de la <a href=\"#muralla-avila\">Muralla de \u00c1vila<\/a>.<\/p>\n\n\n\n<h3 class=\"wp-block-heading\">\u00bfCu\u00e1nto se tarda en recorrer la muralla?<\/h3>\n\n\n\n<p class=\"wp-block-paragraph\">Como referencia orientativa, reserva entre <strong>60 y 90 minutos<\/strong> para los tramos visitables, seg\u00fan el ritmo, las paradas y los sectores abiertos. El recorrido no es perimetral continuo. Consulta la secci\u00f3n de la <a href=\"#muralla-avila\">Muralla de \u00c1vila<\/a> para planificar el acceso.<\/p>\n\n\n\n<h3 class=\"wp-block-heading\">\u00bfQu\u00e9 ver gratis en \u00c1vila?<\/h3>\n\n\n\n<p class=\"wp-block-paragraph\">Se pueden recorrer los exteriores de la <a href=\"#muralla-avila\">muralla<\/a> y del casco hist\u00f3rico, la <a href=\"#plaza-mercado-chico\">Plaza del Mercado Chico<\/a> y la <a href=\"#iglesia-san-pedro\">Plaza de Santa Teresa<\/a>. El acceso libre a templos o patios depende de las condiciones vigentes y del horario de culto.<\/p>\n\n\n\n<h3 class=\"wp-block-heading\">\u00bfD\u00f3nde sigo la ruta de Santa Teresa en la ciudad?<\/h3>\n\n\n\n<p class=\"wp-block-paragraph\">El punto principal es el <a href=\"#convento-santa-teresa\">Convento y Museo de Santa Teresa<\/a>. Desde all\u00ed se puede continuar por el Convento de San Jos\u00e9 y el Monasterio de la Encarnaci\u00f3n siguiendo el itinerario del <a href=\"#dia-dos\">D\u00eda 2<\/a>.<\/p>\n\n\n\n<h3 class=\"wp-block-heading\">\u00bfQu\u00e9 palacios merece la pena visitar en \u00c1vila?<\/h3>\n\n\n\n<p class=\"wp-block-paragraph\">La selecci\u00f3n principal del bloque de <a href=\"#palacios-avila\">palacios<\/a> incluye el <a href=\"#palacio-davila\">Palacio de los D\u00e1vila<\/a>, el <a href=\"#palacio-velada\">Palacio de los Velada<\/a>, el <a href=\"#torreon-guzmanes\">Torre\u00f3n de los Guzmanes<\/a> y el <a href=\"#palacio-superunda\">Palacio de Superunda<\/a>. Para comparar arquitectura defensiva, a\u00f1ade el <a href=\"#palacio-nunez-vela\">Palacio N\u00fa\u00f1ez de Vela<\/a> y el <a href=\"#palacio-verdugo\">Palacio de los Verdugo<\/a>.<\/p>\n\n\n\n<script type=\"application\/ld+json\">\n{\n  \"@context\": \"https:\/\/schema.org\",\n  \"@type\": \"FAQPage\",\n  \"mainEntity\": [\n    {\n      \"@type\": \"Question\",\n      \"name\": \"\u00bfQu\u00e9 ver en \u00c1vila en 1 d\u00eda?\",\n      \"acceptedAnswer\": {\n        \"@type\": \"Answer\",\n        \"text\": \"Lo esencial es la Muralla de \u00c1vila, la Catedral, la Plaza del Mercado Chico, la Plaza de Santa Teresa con la iglesia de San Pedro y la Bas\u00edlica de San Vicente. Si queda tiempo, se puede a\u00f1adir uno de los palacios del centro hist\u00f3rico.\"\n      }\n    },\n    {\n      \"@type\": \"Question\",\n      \"name\": \"\u00bfCu\u00e1nto tiempo necesito para ver \u00c1vila?\",\n      \"acceptedAnswer\": {\n        \"@type\": \"Answer\",\n        \"text\": \"En un d\u00eda se cubren la muralla, la catedral y las plazas principales. Dos d\u00edas permiten sumar la ruta teresiana y alg\u00fan palacio. Con tres d\u00edas se puede dedicar m\u00e1s tiempo a los interiores y a los puntos extramuros.\"\n      }\n    },\n    {\n      \"@type\": \"Question\",\n      \"name\": \"\u00bfCu\u00e1nto cuesta la entrada a la muralla de \u00c1vila?\",\n      \"acceptedAnswer\": {\n        \"@type\": \"Answer\",\n        \"text\": \"Las tarifas pueden cambiar. Conviene consultar el precio actualizado, las reducciones aplicables, los horarios y los tramos abiertos antes de acceder al adarve.\"\n      }\n    },\n    {\n      \"@type\": \"Question\",\n      \"name\": \"\u00bfCu\u00e1nto se tarda en recorrer la muralla?\",\n      \"acceptedAnswer\": {\n        \"@type\": \"Answer\",\n        \"text\": \"Como referencia orientativa, se pueden reservar entre 60 y 90 minutos para los tramos visitables, seg\u00fan el ritmo, las paradas y los sectores abiertos. El recorrido no es perimetral continuo.\"\n      }\n    },\n    {\n      \"@type\": \"Question\",\n      \"name\": \"\u00bfQu\u00e9 ver gratis en \u00c1vila?\",\n      \"acceptedAnswer\": {\n        \"@type\": \"Answer\",\n        \"text\": \"Se pueden recorrer los exteriores de la muralla y del casco hist\u00f3rico, la Plaza del Mercado Chico y la Plaza de Santa Teresa. El acceso libre a templos o patios depende de las condiciones vigentes y del horario de culto.\"\n      }\n    },\n    {\n      \"@type\": \"Question\",\n      \"name\": \"\u00bfD\u00f3nde sigo la ruta de Santa Teresa en la ciudad?\",\n      \"acceptedAnswer\": {\n        \"@type\": \"Answer\",\n        \"text\": \"El punto principal es el Convento y Museo de Santa Teresa. Desde all\u00ed se puede continuar por el Convento de San Jos\u00e9 y el Monasterio de la Encarnaci\u00f3n.\"\n      }\n    },\n    {\n      \"@type\": \"Question\",\n      \"name\": \"\u00bfQu\u00e9 palacios merece la pena visitar en \u00c1vila?\",\n      \"acceptedAnswer\": {\n        \"@type\": \"Answer\",\n        \"text\": \"Destacan el Palacio de los D\u00e1vila, el Palacio de los Velada, el Torre\u00f3n de los Guzmanes y el Palacio de Superunda. El Palacio N\u00fa\u00f1ez de Vela y el Palacio de los Verdugo permiten ampliar el recorrido por la arquitectura defensiva.\"\n      }\n    }\n  ]\n}\n<\/script>\n","protected":false},"excerpt":{"rendered":"<p>Itinerario de tres d\u00edas por \u00c1vila con la muralla, la catedral fortaleza, la ruta teresiana, palacios renacentistas, Santo Tom\u00e1s y Cuatro Postes.<\/p>\n","protected":false},"author":2,"featured_media":34123,"comment_status":"closed","ping_status":"open","sticky":false,"template":"","format":"standard","meta":{"footnotes":""},"categories":[285,102,82],"tags":[460,359,376,361],"class_list":["post-7199","post","type-post","status-publish","format-standard","has-post-thumbnail","hentry","category-avila-es","category-espana","category-europa","tag-guias-2","tag-que-ver","tag-tier-fijo","tag-tier-2","generate-columns","tablet-grid-50","mobile-grid-100","grid-parent","grid-33"],"_links":{"self":[{"href":"https:\/\/blog.guruwalk.com\/es\/wp-json\/wp\/v2\/posts\/7199","targetHints":{"allow":["GET"]}}],"collection":[{"href":"https:\/\/blog.guruwalk.com\/es\/wp-json\/wp\/v2\/posts"}],"about":[{"href":"https:\/\/blog.guruwalk.com\/es\/wp-json\/wp\/v2\/types\/post"}],"author":[{"embeddable":true,"href":"https:\/\/blog.guruwalk.com\/es\/wp-json\/wp\/v2\/users\/2"}],"replies":[{"embeddable":true,"href":"https:\/\/blog.guruwalk.com\/es\/wp-json\/wp\/v2\/comments?post=7199"}],"version-history":[{"count":20,"href":"https:\/\/blog.guruwalk.com\/es\/wp-json\/wp\/v2\/posts\/7199\/revisions"}],"predecessor-version":[{"id":46838,"href":"https:\/\/blog.guruwalk.com\/es\/wp-json\/wp\/v2\/posts\/7199\/revisions\/46838"}],"wp:featuredmedia":[{"embeddable":true,"href":"https:\/\/blog.guruwalk.com\/es\/wp-json\/wp\/v2\/media\/34123"}],"wp:attachment":[{"href":"https:\/\/blog.guruwalk.com\/es\/wp-json\/wp\/v2\/media?parent=7199"}],"wp:term":[{"taxonomy":"category","embeddable":true,"href":"https:\/\/blog.guruwalk.com\/es\/wp-json\/wp\/v2\/categories?post=7199"},{"taxonomy":"post_tag","embeddable":true,"href":"https:\/\/blog.guruwalk.com\/es\/wp-json\/wp\/v2\/tags?post=7199"}],"curies":[{"name":"wp","href":"https:\/\/api.w.org\/{rel}","templated":true}]}}