{"id":7488,"date":"2026-08-25T23:51:38","date_gmt":"2026-08-25T22:51:38","guid":{"rendered":"https:\/\/blog.guruwalk.com\/?p=7488"},"modified":"2026-08-27T13:03:19","modified_gmt":"2026-08-27T12:03:19","slug":"que-ver-en-santiago-de-compostela","status":"publish","type":"post","link":"https:\/\/blog.guruwalk.com\/es\/que-ver-en-santiago-de-compostela\/","title":{"rendered":"14 imprescindibles que ver en Santiago de Compostela"},"content":{"rendered":"<!-- SEO metadata pendiente de configuraci\u00f3n en WordPress: focus keyword \u00abqu\u00e9 ver en Santiago de Compostela\u00bb; meta description \u00abDescubre qu\u00e9 ver en Santiago de Compostela, organiza un itinerario de uno o varios d\u00edas y conoce la Catedral, el Obradoiro, museos, calles hist\u00f3ricas y actividades.\u00bb -->\n\n<p class=\"wp-block-paragraph\">\u00bfQu\u00e9 ver en Santiago de Compostela? La Catedral, la Plaza del Obradoiro y el casco hist\u00f3rico, reconocido como <a href=\"https:\/\/whc.unesco.org\/es\/list\/347\/\" rel=\"nofollow noreferrer noopener\" target=\"_blank\">Patrimonio Mundial por la UNESCO<\/a>, concentran buena parte de los lugares principales. Esta gu\u00eda ayuda a ordenar la visita, tanto si solo dispones de unas horas como si quieres recorrer la ciudad con calma; para situarte al llegar, puedes comenzar con un <a href=\"https:\/\/www.guruwalk.com\/es\/santiago-de-compostela\" target=\"_blank\" rel=\"noopener\">free tour en Santiago de Compostela<\/a>.<\/p>\n\n\n\n<p style=\"font-size:0.85em;color:#666;border-left:3px solid #ddd;padding:4px 0 4px 12px;margin:12px 0\"><strong>Datos verificados: agosto 2026<\/strong> \u2014 Precios, horarios y requisitos de reserva comprobados con fuentes oficiales. Los gurus de GuruWalk en Santiago de Compostela revisaron las recomendaciones pr\u00e1cticas.<\/p>\n\n\n<div class=\"qvgw-indimg-places-grid\" id=\"qvgw-indimg-places-grid-2\" data-iib-headings=\"[{&quot;id&quot;:&quot;mejores-free-tours&quot;,&quot;position&quot;:0,&quot;title&quot;:&quot;Mejores free tours en Santiago de Compostela&quot;},{&quot;id&quot;:&quot;lugar&quot;,&quot;position&quot;:1,&quot;title&quot;:&quot;Qu\\u00e9 ver en un d\\u00eda en Santiago de Compostela&quot;},{&quot;id&quot;:&quot;catedral-de-santiago-de-compostela&quot;,&quot;position&quot;:2,&quot;title&quot;:&quot;Catedral de Santiago de Compostela&quot;},{&quot;id&quot;:&quot;plaza-del-obradoiro&quot;,&quot;position&quot;:3,&quot;title&quot;:&quot;Plaza del Obradoiro&quot;},{&quot;id&quot;:&quot;parque-de-la-alameda&quot;,&quot;position&quot;:4,&quot;title&quot;:&quot;Parque de la Alameda&quot;},{&quot;id&quot;:&quot;museo-del-pueblo-gallego&quot;,&quot;position&quot;:5,&quot;title&quot;:&quot;Museo del Pueblo Gallego&quot;},{&quot;id&quot;:&quot;hostal-dos-reis-catolicos&quot;,&quot;position&quot;:6,&quot;title&quot;:&quot;Hostal dos Reis Cat\\u00f3licos&quot;},{&quot;id&quot;:&quot;mercado-de-abastos&quot;,&quot;position&quot;:7,&quot;title&quot;:&quot;Mercado de Abastos&quot;},{&quot;id&quot;:&quot;colegiata-del-sar&quot;,&quot;position&quot;:8,&quot;title&quot;:&quot;Colegiata del Sar&quot;},{&quot;id&quot;:&quot;museo-de-la-catedral&quot;,&quot;position&quot;:9,&quot;title&quot;:&quot;Museo de la Catedral&quot;},{&quot;id&quot;:&quot;centro-gallego-de-arte-contemporaneo&quot;,&quot;position&quot;:10,&quot;title&quot;:&quot;Centro Gallego de Arte Contempor\\u00e1neo&quot;},{&quot;id&quot;:&quot;monasterio-de-san-martin-pinario&quot;,&quot;position&quot;:11,&quot;title&quot;:&quot;Monasterio de San Mart\\u00edn Pinario&quot;},{&quot;id&quot;:&quot;rua-do-franco&quot;,&quot;position&quot;:12,&quot;title&quot;:&quot;R\\u00faa do Franco&quot;},{&quot;id&quot;:&quot;calle-del-vilar&quot;,&quot;position&quot;:13,&quot;title&quot;:&quot;Calle del Vilar&quot;},{&quot;id&quot;:&quot;palacio-de-raxoi&quot;,&quot;position&quot;:14,&quot;title&quot;:&quot;Palacio de Raxoi&quot;},{&quot;id&quot;:&quot;casa-de-la-troya&quot;,&quot;position&quot;:15,&quot;title&quot;:&quot;Casa de la Troya&quot;},{&quot;id&quot;:&quot;preguntas-frecuentes-sobre-santiago-de-compostela&quot;,&quot;position&quot;:16,&quot;title&quot;:&quot;Preguntas frecuentes sobre Santiago de Compostela&quot;}]\"><div class=\"qvgw-indimg-places-cards\"><div class=\"qvgw-indimg-place-card\"><a href=\"#mejores-free-tours\" class=\"qvgw-indimg-place-card__content no-image\"><p class=\"qvgw-indimg-place-card__title\">1. Mejores free tours en Santiago de Compostela<\/p><span class=\"qvgw-indimg-place-card__arrow\"><svg width=\"24\" height=\"24\" viewBox=\"0 0 24 24\" fill=\"none\" stroke=\"currentColor\" stroke-width=\"2\"><path d=\"M6 9l6 6 6-6\"><\/path><\/svg><\/span><\/a><\/div><div class=\"qvgw-indimg-place-card\"><a href=\"#lugar\" class=\"qvgw-indimg-place-card__content\"><div class=\"qvgw-indimg-place-card__image\"><img decoding=\"async\" src=\"https:\/\/blog.guruwalk.com\/wp-content\/uploads\/2025\/03\/image-163.webp\" alt=\"Qu\u00e9 ver en un d\u00eda en Santiago de Compostela\"><\/div><p class=\"qvgw-indimg-place-card__title\">2. Qu\u00e9 ver en un d\u00eda en Santiago de Compostela<\/p><span class=\"qvgw-indimg-place-card__arrow\"><svg width=\"24\" height=\"24\" viewBox=\"0 0 24 24\" fill=\"none\" stroke=\"currentColor\" stroke-width=\"2\"><path d=\"M6 9l6 6 6-6\"><\/path><\/svg><\/span><\/a><\/div><div class=\"qvgw-indimg-place-card\"><a href=\"#catedral-de-santiago-de-compostela\" class=\"qvgw-indimg-place-card__content\"><div class=\"qvgw-indimg-place-card__image\"><img decoding=\"async\" src=\"https:\/\/blog.guruwalk.com\/wp-content\/uploads\/2025\/03\/image-164-1024x683.webp\" alt=\"Catedral de Santiago de Compostela\"><\/div><p class=\"qvgw-indimg-place-card__title\">3. Catedral de Santiago de Compostela<\/p><span class=\"qvgw-indimg-place-card__arrow\"><svg width=\"24\" height=\"24\" viewBox=\"0 0 24 24\" fill=\"none\" stroke=\"currentColor\" stroke-width=\"2\"><path d=\"M6 9l6 6 6-6\"><\/path><\/svg><\/span><\/a><\/div><div class=\"qvgw-indimg-place-card\"><a href=\"#plaza-del-obradoiro\" class=\"qvgw-indimg-place-card__content\"><div class=\"qvgw-indimg-place-card__image\"><img decoding=\"async\" src=\"https:\/\/blog.guruwalk.com\/wp-content\/uploads\/2025\/03\/image-165-1024x575.webp\" alt=\"Plaza del Obradoiro\"><\/div><p class=\"qvgw-indimg-place-card__title\">4. Plaza del Obradoiro<\/p><span class=\"qvgw-indimg-place-card__arrow\"><svg width=\"24\" height=\"24\" viewBox=\"0 0 24 24\" fill=\"none\" stroke=\"currentColor\" stroke-width=\"2\"><path d=\"M6 9l6 6 6-6\"><\/path><\/svg><\/span><\/a><\/div><div class=\"qvgw-indimg-place-card\"><a href=\"#parque-de-la-alameda\" class=\"qvgw-indimg-place-card__content\"><div class=\"qvgw-indimg-place-card__image\"><img decoding=\"async\" src=\"https:\/\/blog.guruwalk.com\/wp-content\/uploads\/2025\/03\/image-166-1024x683.webp\" alt=\"Parque de la Alameda\"><\/div><p class=\"qvgw-indimg-place-card__title\">5. Parque de la Alameda<\/p><span class=\"qvgw-indimg-place-card__arrow\"><svg width=\"24\" height=\"24\" viewBox=\"0 0 24 24\" fill=\"none\" stroke=\"currentColor\" stroke-width=\"2\"><path d=\"M6 9l6 6 6-6\"><\/path><\/svg><\/span><\/a><\/div><div class=\"qvgw-indimg-place-card\"><a href=\"#museo-del-pueblo-gallego\" class=\"qvgw-indimg-place-card__content\"><div class=\"qvgw-indimg-place-card__image\"><img decoding=\"async\" src=\"https:\/\/blog.guruwalk.com\/wp-content\/uploads\/2025\/03\/image-167-768x1024.webp\" alt=\"Museo del Pueblo Gallego\"><\/div><p class=\"qvgw-indimg-place-card__title\">6. Museo del Pueblo Gallego<\/p><span class=\"qvgw-indimg-place-card__arrow\"><svg width=\"24\" height=\"24\" viewBox=\"0 0 24 24\" fill=\"none\" stroke=\"currentColor\" stroke-width=\"2\"><path d=\"M6 9l6 6 6-6\"><\/path><\/svg><\/span><\/a><\/div><div class=\"qvgw-indimg-place-card qvgw-indimg-place-card--hidden\"><a href=\"#hostal-dos-reis-catolicos\" class=\"qvgw-indimg-place-card__content\"><div class=\"qvgw-indimg-place-card__image\"><img decoding=\"async\" src=\"https:\/\/blog.guruwalk.com\/wp-content\/uploads\/2025\/03\/image-168-1024x768.webp\" alt=\"Hostal dos Reis Cat\u00f3licos\"><\/div><p class=\"qvgw-indimg-place-card__title\">7. Hostal dos Reis Cat\u00f3licos<\/p><span class=\"qvgw-indimg-place-card__arrow\"><svg width=\"24\" height=\"24\" viewBox=\"0 0 24 24\" fill=\"none\" stroke=\"currentColor\" stroke-width=\"2\"><path d=\"M6 9l6 6 6-6\"><\/path><\/svg><\/span><\/a><\/div><div class=\"qvgw-indimg-place-card qvgw-indimg-place-card--hidden\"><a href=\"#mercado-de-abastos\" class=\"qvgw-indimg-place-card__content\"><div class=\"qvgw-indimg-place-card__image\"><img decoding=\"async\" src=\"https:\/\/blog.guruwalk.com\/wp-content\/uploads\/2025\/03\/image.jpg\" alt=\"Mercado de Abastos\"><\/div><p class=\"qvgw-indimg-place-card__title\">8. Mercado de Abastos<\/p><span class=\"qvgw-indimg-place-card__arrow\"><svg width=\"24\" height=\"24\" viewBox=\"0 0 24 24\" fill=\"none\" stroke=\"currentColor\" stroke-width=\"2\"><path d=\"M6 9l6 6 6-6\"><\/path><\/svg><\/span><\/a><\/div><div class=\"qvgw-indimg-place-card qvgw-indimg-place-card--hidden\"><a href=\"#colegiata-del-sar\" class=\"qvgw-indimg-place-card__content\"><div class=\"qvgw-indimg-place-card__image\"><img decoding=\"async\" src=\"https:\/\/blog.guruwalk.com\/wp-content\/uploads\/2025\/03\/image-169-1024x768.webp\" alt=\"Colegiata del Sar\"><\/div><p class=\"qvgw-indimg-place-card__title\">9. Colegiata del Sar<\/p><span class=\"qvgw-indimg-place-card__arrow\"><svg width=\"24\" height=\"24\" viewBox=\"0 0 24 24\" fill=\"none\" stroke=\"currentColor\" stroke-width=\"2\"><path d=\"M6 9l6 6 6-6\"><\/path><\/svg><\/span><\/a><\/div><div class=\"qvgw-indimg-place-card qvgw-indimg-place-card--hidden\"><a href=\"#museo-de-la-catedral\" class=\"qvgw-indimg-place-card__content\"><div class=\"qvgw-indimg-place-card__image\"><img decoding=\"async\" src=\"https:\/\/blog.guruwalk.com\/wp-content\/uploads\/2025\/03\/image-170-656x1024.webp\" alt=\"Museo de la Catedral\"><\/div><p class=\"qvgw-indimg-place-card__title\">10. Museo de la Catedral<\/p><span class=\"qvgw-indimg-place-card__arrow\"><svg width=\"24\" height=\"24\" viewBox=\"0 0 24 24\" fill=\"none\" stroke=\"currentColor\" stroke-width=\"2\"><path d=\"M6 9l6 6 6-6\"><\/path><\/svg><\/span><\/a><\/div><div class=\"qvgw-indimg-place-card qvgw-indimg-place-card--hidden\"><a href=\"#centro-gallego-de-arte-contemporaneo\" class=\"qvgw-indimg-place-card__content\"><div class=\"qvgw-indimg-place-card__image\"><img decoding=\"async\" src=\"https:\/\/blog.guruwalk.com\/wp-content\/uploads\/2025\/03\/image-171-768x1024.webp\" alt=\"Centro Gallego de Arte Contempor\u00e1neo\"><\/div><p class=\"qvgw-indimg-place-card__title\">11. Centro Gallego de Arte Contempor\u00e1neo<\/p><span class=\"qvgw-indimg-place-card__arrow\"><svg width=\"24\" height=\"24\" viewBox=\"0 0 24 24\" fill=\"none\" stroke=\"currentColor\" stroke-width=\"2\"><path d=\"M6 9l6 6 6-6\"><\/path><\/svg><\/span><\/a><\/div><div class=\"qvgw-indimg-place-card qvgw-indimg-place-card--hidden\"><a href=\"#monasterio-de-san-martin-pinario\" class=\"qvgw-indimg-place-card__content\"><div class=\"qvgw-indimg-place-card__image\"><img decoding=\"async\" src=\"https:\/\/blog.guruwalk.com\/wp-content\/uploads\/2025\/03\/image-172-768x1024.webp\" alt=\"Monasterio de San Mart\u00edn Pinario\"><\/div><p class=\"qvgw-indimg-place-card__title\">12. Monasterio de San Mart\u00edn Pinario<\/p><span class=\"qvgw-indimg-place-card__arrow\"><svg width=\"24\" height=\"24\" viewBox=\"0 0 24 24\" fill=\"none\" stroke=\"currentColor\" stroke-width=\"2\"><path d=\"M6 9l6 6 6-6\"><\/path><\/svg><\/span><\/a><\/div><div class=\"qvgw-indimg-place-card qvgw-indimg-place-card--hidden\"><a href=\"#rua-do-franco\" class=\"qvgw-indimg-place-card__content\"><div class=\"qvgw-indimg-place-card__image\"><img decoding=\"async\" src=\"https:\/\/blog.guruwalk.com\/wp-content\/uploads\/2025\/03\/image-173-1024x576.webp\" alt=\"R\u00faa do Franco\"><\/div><p class=\"qvgw-indimg-place-card__title\">13. R\u00faa do Franco<\/p><span class=\"qvgw-indimg-place-card__arrow\"><svg width=\"24\" height=\"24\" viewBox=\"0 0 24 24\" fill=\"none\" stroke=\"currentColor\" stroke-width=\"2\"><path d=\"M6 9l6 6 6-6\"><\/path><\/svg><\/span><\/a><\/div><div class=\"qvgw-indimg-place-card qvgw-indimg-place-card--hidden\"><a href=\"#calle-del-vilar\" class=\"qvgw-indimg-place-card__content\"><div class=\"qvgw-indimg-place-card__image\"><img decoding=\"async\" src=\"https:\/\/blog.guruwalk.com\/wp-content\/uploads\/2025\/03\/image-174-1024x683.webp\" alt=\"Calle del Vilar\"><\/div><p class=\"qvgw-indimg-place-card__title\">14. Calle del Vilar<\/p><span class=\"qvgw-indimg-place-card__arrow\"><svg width=\"24\" height=\"24\" viewBox=\"0 0 24 24\" fill=\"none\" stroke=\"currentColor\" stroke-width=\"2\"><path d=\"M6 9l6 6 6-6\"><\/path><\/svg><\/span><\/a><\/div><div class=\"qvgw-indimg-place-card qvgw-indimg-place-card--hidden\"><a href=\"#palacio-de-raxoi\" class=\"qvgw-indimg-place-card__content\"><div class=\"qvgw-indimg-place-card__image\"><img decoding=\"async\" src=\"https:\/\/blog.guruwalk.com\/wp-content\/uploads\/2025\/03\/image-175-768x1024.webp\" alt=\"Palacio de Raxoi\"><\/div><p class=\"qvgw-indimg-place-card__title\">15. Palacio de Raxoi<\/p><span class=\"qvgw-indimg-place-card__arrow\"><svg width=\"24\" height=\"24\" viewBox=\"0 0 24 24\" fill=\"none\" stroke=\"currentColor\" stroke-width=\"2\"><path d=\"M6 9l6 6 6-6\"><\/path><\/svg><\/span><\/a><\/div><div class=\"qvgw-indimg-place-card qvgw-indimg-place-card--hidden\"><a href=\"#casa-de-la-troya\" class=\"qvgw-indimg-place-card__content\"><div class=\"qvgw-indimg-place-card__image\"><img decoding=\"async\" src=\"https:\/\/blog.guruwalk.com\/wp-content\/uploads\/2025\/03\/image-176-1024x768.webp\" alt=\"Casa de la Troya\"><\/div><p class=\"qvgw-indimg-place-card__title\">16. Casa de la Troya<\/p><span class=\"qvgw-indimg-place-card__arrow\"><svg width=\"24\" height=\"24\" viewBox=\"0 0 24 24\" fill=\"none\" stroke=\"currentColor\" stroke-width=\"2\"><path d=\"M6 9l6 6 6-6\"><\/path><\/svg><\/span><\/a><\/div><div class=\"qvgw-indimg-place-card qvgw-indimg-place-card--hidden\"><a href=\"#preguntas-frecuentes-sobre-santiago-de-compostela\" class=\"qvgw-indimg-place-card__content no-image\"><p class=\"qvgw-indimg-place-card__title\">17. Preguntas frecuentes sobre Santiago de Compostela<\/p><span class=\"qvgw-indimg-place-card__arrow\"><svg width=\"24\" height=\"24\" viewBox=\"0 0 24 24\" fill=\"none\" stroke=\"currentColor\" stroke-width=\"2\"><path d=\"M6 9l6 6 6-6\"><\/path><\/svg><\/span><\/a><\/div><\/div><button class=\"qvgw-indimg-places-expand\" data-action=\"expand\" aria-expanded=\"false\">Ver m\u00e1s<\/button><\/div>\n\n\n<h2 class=\"wp-block-heading\" id=\"mejores-free-tours\">Mejores free tours en Santiago de Compostela<\/h2>\n\n\n\n<p class=\"wp-block-paragraph\">Un free tour es una forma pr\u00e1ctica de comenzar a explorar la ciudad: permite reconocer las plazas del entorno de la Catedral, entender la relaci\u00f3n de Santiago con el Camino y decidir qu\u00e9 monumentos visitar despu\u00e9s por dentro. Consulta los horarios y las tem\u00e1ticas disponibles de los <a href=\"https:\/\/www.guruwalk.com\/es\/santiago-de-compostela\" target=\"_blank\" rel=\"noopener\">free tours en Santiago de Compostela<\/a>; al terminar, cada viajero valora el trabajo del guru y deja la cantidad que considere, con una referencia habitual de 10\u201320 \u20ac por persona y hasta 50 \u20ac cuando la experiencia y el tama\u00f1o del grupo lo justifican.<\/p>\n\n\n<div class=\"gw-freetours-container\"><div class=\"gw-freetours-carousel\"><div class=\"gw-freetours-track\"><div class=\"gw-freetours-card\" data-tour-id=\"56006\"><button type=\"button\" class=\"gw-freetours-image-link\" data-dest=\"https:\/\/www.guruwalk.com\/es\/walks\/56006-free-tour-santiago-fundamental-el-mas-completo\" role=\"link\" aria-label=\"Free Tour Santiago Fundamental \u00a1El m\u00e1s completo \u2b50!\"><div class=\"gw-freetours-image\"><img decoding=\"async\" class=\"gw-freetours-photo\" src=\"https:\/\/blog.guruwalk.com\/wp-content\/uploads\/gw-freetours-cache\/56006-87516d75982b9f38b907a3dbfc0b820a.jpg\" alt=\"Free Tour Santiago Fundamental \u00a1El m\u00e1s completo \u2b50!\" loading=\"lazy\" \/><div class=\"gw-freetours-flags\"><img decoding=\"async\" src=\"https:\/\/blog.guruwalk.com\/wp-content\/gurupluginswalk\/wp-gw-freetours\/assets\/flags\/es.svg\" alt=\"es\" class=\"gw-freetours-flag\" \/><\/div><\/div><\/button><div class=\"gw-freetours-content\"><h4 class=\"gw-freetours-title\"><button type=\"button\" class=\"gw-freetours-title-link\" data-dest=\"https:\/\/www.guruwalk.com\/es\/walks\/56006-free-tour-santiago-fundamental-el-mas-completo\" role=\"link\">Free Tour Santiago Fundamental \u00a1El m\u00e1s completo \u2b50!<\/button><\/h4><div class=\"gw-freetours-meta-top\"><span class=\"gw-freetours-duration\"><svg width=\"16\" height=\"16\" viewBox=\"0 0 24 24\" fill=\"none\" stroke=\"currentColor\" stroke-width=\"2\"><circle cx=\"12\" cy=\"12\" r=\"10\"\/><polyline points=\"12,6 12,12 16,14\"\/><\/svg>1:45<\/span><button class=\"gw-freetours-map-btn\" data-lat=\"42.88056\" data-lng=\"-8.545572\" data-address=\"Praza do Obradoiro, Santiago de Compostela, A Coru\u00f1a, Espa\u00f1a\" data-instructions=\"Nuestros gu\u00edas te estar\u00e1n esperando en la Plaza del Obradoiro, busca el paraguas Fucsia o BlancoyAzul, seg\u00fan tu gu\u00eda ser\u00e1 de un color u otro.\"><svg width=\"16\" height=\"16\" viewBox=\"0 0 24 24\" fill=\"none\" stroke=\"currentColor\" stroke-width=\"2\"><path d=\"M21 10c0 7-9 13-9 13s-9-6-9-13a9 9 0 0 1 18 0z\"\/><circle cx=\"12\" cy=\"10\" r=\"3\"\/><\/svg><\/button><\/div><p class=\"gw-freetours-description\">\ud83c\udfc6\u00a1Este tour ha sido premiado como el mejor tour en la categor\u00eda &quot;Mejor Tour de Espa\u00f1a en idioma espa\u00f1ol&quot; en&#8230;<\/p><div class=\"gw-freetours-author\"><span class=\"gw-freetours-author-link\"><img decoding=\"async\" src=\"https:\/\/media.guruwalk.com\/hcsrkinaixf4ah73g7l5m58ep0hf\" alt=\"Free Group Guides\" class=\"gw-freetours-author-avatar\" \/><span class=\"gw-freetours-author-name\">Free Group Guides<\/span><\/span><\/div><div class=\"gw-freetours-rating-container\"><div class=\"gw-freetours-rating\" aria-label=\"Valoraci\u00f3n 5.0 de 5\"><span class=\"gw-freetours-star gw-freetours-star--full\" aria-hidden=\"true\">\u2605<\/span><span class=\"gw-freetours-star gw-freetours-star--full\" aria-hidden=\"true\">\u2605<\/span><span class=\"gw-freetours-star gw-freetours-star--full\" aria-hidden=\"true\">\u2605<\/span><span class=\"gw-freetours-star gw-freetours-star--full\" aria-hidden=\"true\">\u2605<\/span><span class=\"gw-freetours-star gw-freetours-star--half\" aria-hidden=\"true\">\u2606<\/span><span class=\"gw-freetours-rating__count\">5,0 (6255)<\/span><\/div><\/div><\/div><\/div><div class=\"gw-freetours-card\" data-tour-id=\"15901\"><button type=\"button\" class=\"gw-freetours-image-link\" data-dest=\"https:\/\/www.guruwalk.com\/es\/walks\/15901-free-tour-santiago-indispensable-radioguia-individual-incluida\" role=\"link\" aria-label=\"Free Tour Santiago indispensable - \u00a1Radiogu\u00eda individual incluida!\"><div class=\"gw-freetours-image\"><img decoding=\"async\" class=\"gw-freetours-photo\" src=\"https:\/\/blog.guruwalk.com\/wp-content\/uploads\/gw-freetours-cache\/15901-af9adc2c041004daf32422907a495d22.jpg\" alt=\"Free Tour Santiago indispensable - \u00a1Radiogu\u00eda individual incluida!\" loading=\"lazy\" \/><div class=\"gw-freetours-flags\"><img decoding=\"async\" src=\"https:\/\/blog.guruwalk.com\/wp-content\/gurupluginswalk\/wp-gw-freetours\/assets\/flags\/en.svg\" alt=\"en\" class=\"gw-freetours-flag\" \/><img decoding=\"async\" src=\"https:\/\/blog.guruwalk.com\/wp-content\/gurupluginswalk\/wp-gw-freetours\/assets\/flags\/es.svg\" alt=\"es\" class=\"gw-freetours-flag\" \/><\/div><\/div><\/button><div class=\"gw-freetours-content\"><h4 class=\"gw-freetours-title\"><button type=\"button\" class=\"gw-freetours-title-link\" data-dest=\"https:\/\/www.guruwalk.com\/es\/walks\/15901-free-tour-santiago-indispensable-radioguia-individual-incluida\" role=\"link\">Free Tour Santiago indispensable &#8211; \u00a1Radiogu\u00eda individual incluida!<\/button><\/h4><div class=\"gw-freetours-meta-top\"><span class=\"gw-freetours-duration\"><svg width=\"16\" height=\"16\" viewBox=\"0 0 24 24\" fill=\"none\" stroke=\"currentColor\" stroke-width=\"2\"><circle cx=\"12\" cy=\"12\" r=\"10\"\/><polyline points=\"12,6 12,12 16,14\"\/><\/svg>2:00<\/span><button class=\"gw-freetours-map-btn\" data-lat=\"42.880695\" data-lng=\"-8.545839\" data-address=\"Praza do Obradoiro, 5, 15705 Santiago de Compostela, A Coru\u00f1a, Espa\u00f1a\" data-instructions=\"Plaza del Obradoiro enfrente al Hostal Parador de los Reyes Cat\u00f3licos. Distintivo paraguas rojo.\"><svg width=\"16\" height=\"16\" viewBox=\"0 0 24 24\" fill=\"none\" stroke=\"currentColor\" stroke-width=\"2\"><path d=\"M21 10c0 7-9 13-9 13s-9-6-9-13a9 9 0 0 1 18 0z\"\/><circle cx=\"12\" cy=\"10\" r=\"3\"\/><\/svg><\/button><\/div><p class=\"gw-freetours-description\">Descubre los principales puntos de inter\u00e9s de Santiago , recorre los rincones del casco hist\u00f3rico y sorpr\u00e9ndet&#8230;<\/p><div class=\"gw-freetours-author\"><span class=\"gw-freetours-author-link\"><img decoding=\"async\" src=\"https:\/\/media.guruwalk.com\/afke0rzwtt7vk37v0wr8fa5nfdlo\" alt=\"Free tour Compostela\" class=\"gw-freetours-author-avatar\" \/><span class=\"gw-freetours-author-name\">Free tour Compostela<\/span><\/span><\/div><div class=\"gw-freetours-rating-container\"><div class=\"gw-freetours-rating\" aria-label=\"Valoraci\u00f3n 4.9 de 5\"><span class=\"gw-freetours-star gw-freetours-star--full\" aria-hidden=\"true\">\u2605<\/span><span class=\"gw-freetours-star gw-freetours-star--full\" aria-hidden=\"true\">\u2605<\/span><span class=\"gw-freetours-star gw-freetours-star--full\" aria-hidden=\"true\">\u2605<\/span><span class=\"gw-freetours-star gw-freetours-star--full\" aria-hidden=\"true\">\u2605<\/span><span class=\"gw-freetours-star gw-freetours-star--half\" aria-hidden=\"true\">\u2606<\/span><span class=\"gw-freetours-rating__count\">4,9 (3270)<\/span><\/div><\/div><\/div><\/div><div class=\"gw-freetours-card\" data-tour-id=\"30332\"><button type=\"button\" class=\"gw-freetours-image-link\" data-dest=\"https:\/\/www.guruwalk.com\/es\/walks\/30332-free-tour-santiago-de-compostela-centro-historico\" role=\"link\" aria-label=\"Free Tour Santiago de Compostela Centro Hist\u00f3rico\"><div class=\"gw-freetours-image\"><img decoding=\"async\" class=\"gw-freetours-photo\" src=\"https:\/\/blog.guruwalk.com\/wp-content\/uploads\/gw-freetours-cache\/30332-dd30c29ce3b52ba167253f5e9c2a4623.jpg\" alt=\"Free Tour Santiago de Compostela Centro Hist\u00f3rico\" loading=\"lazy\" \/><div class=\"gw-freetours-flags\"><img decoding=\"async\" src=\"https:\/\/blog.guruwalk.com\/wp-content\/gurupluginswalk\/wp-gw-freetours\/assets\/flags\/es.svg\" alt=\"es\" class=\"gw-freetours-flag\" \/><\/div><\/div><\/button><div class=\"gw-freetours-content\"><h4 class=\"gw-freetours-title\"><button type=\"button\" class=\"gw-freetours-title-link\" data-dest=\"https:\/\/www.guruwalk.com\/es\/walks\/30332-free-tour-santiago-de-compostela-centro-historico\" role=\"link\">Free Tour Santiago de Compostela Centro Hist\u00f3rico<\/button><\/h4><div class=\"gw-freetours-meta-top\"><span class=\"gw-freetours-duration\"><svg width=\"16\" height=\"16\" viewBox=\"0 0 24 24\" fill=\"none\" stroke=\"currentColor\" stroke-width=\"2\"><circle cx=\"12\" cy=\"12\" r=\"10\"\/><polyline points=\"12,6 12,12 16,14\"\/><\/svg>2:00<\/span><button class=\"gw-freetours-map-btn\" data-lat=\"42.880512\" data-lng=\"-8.545823\" data-address=\"Praza do Obradoiro, Santiago de Compostela, A Coru\u00f1a, Espa\u00f1a\" data-instructions=\"Plaza del Obradoiro. \u00a1Paraguas blancos!\"><svg width=\"16\" height=\"16\" viewBox=\"0 0 24 24\" fill=\"none\" stroke=\"currentColor\" stroke-width=\"2\"><path d=\"M21 10c0 7-9 13-9 13s-9-6-9-13a9 9 0 0 1 18 0z\"\/><circle cx=\"12\" cy=\"10\" r=\"3\"\/><\/svg><\/button><\/div><p class=\"gw-freetours-description\">Descubre la mejor forma de visitar Santiago de Compostela. Recorre sus calles, encuentra sus secretos, conoce&#8230;<\/p><div class=\"gw-freetours-author\"><span class=\"gw-freetours-author-link\"><img decoding=\"async\" src=\"https:\/\/media.guruwalk.com\/g1wq0fv5le6j0077bbg5whi6si3d\" alt=\"Galicia Experience\" class=\"gw-freetours-author-avatar\" \/><span class=\"gw-freetours-author-name\">Galicia Experience<\/span><\/span><\/div><div class=\"gw-freetours-rating-container\"><div class=\"gw-freetours-rating\" aria-label=\"Valoraci\u00f3n 4.7 de 5\"><span class=\"gw-freetours-star gw-freetours-star--full\" aria-hidden=\"true\">\u2605<\/span><span class=\"gw-freetours-star gw-freetours-star--full\" aria-hidden=\"true\">\u2605<\/span><span class=\"gw-freetours-star gw-freetours-star--full\" aria-hidden=\"true\">\u2605<\/span><span class=\"gw-freetours-star gw-freetours-star--full\" aria-hidden=\"true\">\u2605<\/span><span class=\"gw-freetours-star gw-freetours-star--half\" aria-hidden=\"true\">\u2606<\/span><span class=\"gw-freetours-rating__count\">4,7 (157)<\/span><\/div><\/div><\/div><\/div><div class=\"gw-freetours-card\" data-tour-id=\"36482\"><button type=\"button\" class=\"gw-freetours-image-link\" data-dest=\"https:\/\/www.guruwalk.com\/es\/walks\/36482-compostela-magica-el-mejor-free-tour-de-leyendas\" role=\"link\" aria-label=\"Compostela M\u00e1gica: el mejor free tour de leyendas\"><div class=\"gw-freetours-image\"><img decoding=\"async\" class=\"gw-freetours-photo\" src=\"https:\/\/blog.guruwalk.com\/wp-content\/uploads\/gw-freetours-cache\/36482-6c2ada70bf59d34a19753dd259eed3a4.jpg\" alt=\"Compostela M\u00e1gica: el mejor free tour de leyendas\" loading=\"lazy\" \/><div class=\"gw-freetours-flags\"><img decoding=\"async\" src=\"https:\/\/blog.guruwalk.com\/wp-content\/gurupluginswalk\/wp-gw-freetours\/assets\/flags\/es.svg\" alt=\"es\" class=\"gw-freetours-flag\" \/><\/div><\/div><\/button><div class=\"gw-freetours-content\"><h4 class=\"gw-freetours-title\"><button type=\"button\" class=\"gw-freetours-title-link\" data-dest=\"https:\/\/www.guruwalk.com\/es\/walks\/36482-compostela-magica-el-mejor-free-tour-de-leyendas\" role=\"link\">Compostela M\u00e1gica: el mejor free tour de leyendas<\/button><\/h4><div class=\"gw-freetours-meta-top\"><span class=\"gw-freetours-duration\"><svg width=\"16\" height=\"16\" viewBox=\"0 0 24 24\" fill=\"none\" stroke=\"currentColor\" stroke-width=\"2\"><circle cx=\"12\" cy=\"12\" r=\"10\"\/><polyline points=\"12,6 12,12 16,14\"\/><\/svg>1:30<\/span><button class=\"gw-freetours-map-btn\" data-lat=\"42.88056\" data-lng=\"-8.545572\" data-address=\"Praza do Obradoiro, Santiago de Compostela, A Coru\u00f1a, Espa\u00f1a\" data-instructions=\"Plaza del Obradoiro frente al Hostal de los Reyes Cat\u00f3licos - PARAGUAS ROJO\"><svg width=\"16\" height=\"16\" viewBox=\"0 0 24 24\" fill=\"none\" stroke=\"currentColor\" stroke-width=\"2\"><path d=\"M21 10c0 7-9 13-9 13s-9-6-9-13a9 9 0 0 1 18 0z\"\/><circle cx=\"12\" cy=\"10\" r=\"3\"\/><\/svg><\/button><\/div><p class=\"gw-freetours-description\">Descubre la magia de Compostela historias asombrosas, leyendas, tradiciones y secretos! \u00bfD\u00e9jate seducir por nuestro to&#8230;<\/p><div class=\"gw-freetours-author\"><span class=\"gw-freetours-author-link\"><img decoding=\"async\" src=\"https:\/\/media.guruwalk.com\/afke0rzwtt7vk37v0wr8fa5nfdlo\" alt=\"Free tour Compostela\" class=\"gw-freetours-author-avatar\" \/><span class=\"gw-freetours-author-name\">Free tour Compostela<\/span><\/span><\/div><div class=\"gw-freetours-rating-container\"><div class=\"gw-freetours-rating\" aria-label=\"Valoraci\u00f3n 4.9 de 5\"><span class=\"gw-freetours-star gw-freetours-star--full\" aria-hidden=\"true\">\u2605<\/span><span class=\"gw-freetours-star gw-freetours-star--full\" aria-hidden=\"true\">\u2605<\/span><span class=\"gw-freetours-star gw-freetours-star--full\" aria-hidden=\"true\">\u2605<\/span><span class=\"gw-freetours-star gw-freetours-star--full\" aria-hidden=\"true\">\u2605<\/span><span class=\"gw-freetours-star gw-freetours-star--half\" aria-hidden=\"true\">\u2606<\/span><span class=\"gw-freetours-rating__count\">4,9 (1092)<\/span><\/div><\/div><\/div><\/div><div class=\"gw-freetours-card\" data-tour-id=\"36357\"><button type=\"button\" class=\"gw-freetours-image-link\" data-dest=\"https:\/\/www.guruwalk.com\/es\/walks\/36357-free-tour-santiago-imprescindible\" role=\"link\" aria-label=\"Free Tour Santiago Imprescindible\"><div class=\"gw-freetours-image\"><img decoding=\"async\" class=\"gw-freetours-photo\" src=\"https:\/\/blog.guruwalk.com\/wp-content\/uploads\/gw-freetours-cache\/36357-adb4886a1965666561fbc097e27a2521.jpg\" alt=\"Free Tour Santiago Imprescindible\" loading=\"lazy\" \/><div class=\"gw-freetours-flags\"><img decoding=\"async\" src=\"https:\/\/blog.guruwalk.com\/wp-content\/gurupluginswalk\/wp-gw-freetours\/assets\/flags\/es.svg\" alt=\"es\" class=\"gw-freetours-flag\" \/><\/div><\/div><\/button><div class=\"gw-freetours-content\"><h4 class=\"gw-freetours-title\"><button type=\"button\" class=\"gw-freetours-title-link\" data-dest=\"https:\/\/www.guruwalk.com\/es\/walks\/36357-free-tour-santiago-imprescindible\" role=\"link\">Free Tour Santiago Imprescindible<\/button><\/h4><div class=\"gw-freetours-meta-top\"><span class=\"gw-freetours-duration\"><svg width=\"16\" height=\"16\" viewBox=\"0 0 24 24\" fill=\"none\" stroke=\"currentColor\" stroke-width=\"2\"><circle cx=\"12\" cy=\"12\" r=\"10\"\/><polyline points=\"12,6 12,12 16,14\"\/><\/svg>1:45<\/span><button class=\"gw-freetours-map-btn\" data-lat=\"42.88056\" data-lng=\"-8.545572\" data-address=\"Santiago de Compostela, Spain\" data-instructions=\"En la Plaza del Obradoiro con un paraguas VERDE\"><svg width=\"16\" height=\"16\" viewBox=\"0 0 24 24\" fill=\"none\" stroke=\"currentColor\" stroke-width=\"2\"><path d=\"M21 10c0 7-9 13-9 13s-9-6-9-13a9 9 0 0 1 18 0z\"\/><circle cx=\"12\" cy=\"10\" r=\"3\"\/><\/svg><\/button><\/div><p class=\"gw-freetours-description\">Este tour es la forma perfecta de introducirnos a la fascinante historia de Santiago de Compostela , dej\u00e1ndono&#8230;<\/p><div class=\"gw-freetours-author\"><span class=\"gw-freetours-author-link\"><img decoding=\"async\" src=\"https:\/\/media.guruwalk.com\/83d864ieteynu5sl3u2m7qmgbqsm\" alt=\"1\u00b72\u00b7Tours\" class=\"gw-freetours-author-avatar\" \/><span class=\"gw-freetours-author-name\">1\u00b72\u00b7Tours<\/span><\/span><\/div><div class=\"gw-freetours-rating-container\"><div class=\"gw-freetours-rating\" aria-label=\"Valoraci\u00f3n 4.9 de 5\"><span class=\"gw-freetours-star gw-freetours-star--full\" aria-hidden=\"true\">\u2605<\/span><span class=\"gw-freetours-star gw-freetours-star--full\" aria-hidden=\"true\">\u2605<\/span><span class=\"gw-freetours-star gw-freetours-star--full\" aria-hidden=\"true\">\u2605<\/span><span class=\"gw-freetours-star gw-freetours-star--full\" aria-hidden=\"true\">\u2605<\/span><span class=\"gw-freetours-star gw-freetours-star--half\" aria-hidden=\"true\">\u2606<\/span><span class=\"gw-freetours-rating__count\">4,9 (4645)<\/span><\/div><\/div><\/div><\/div><div class=\"gw-freetours-card\" data-tour-id=\"46183\"><button type=\"button\" class=\"gw-freetours-image-link\" data-dest=\"https:\/\/www.guruwalk.com\/es\/walks\/46183-free-tour-santiago-esencial\" role=\"link\" aria-label=\"Free tour Santiago Esencial\"><div class=\"gw-freetours-image\"><img decoding=\"async\" class=\"gw-freetours-photo\" src=\"https:\/\/blog.guruwalk.com\/wp-content\/uploads\/gw-freetours-cache\/46183-981c5c07860404da8516632cfec49575.jpg\" alt=\"Free tour Santiago Esencial\" loading=\"lazy\" \/><div class=\"gw-freetours-flags\"><img decoding=\"async\" src=\"https:\/\/blog.guruwalk.com\/wp-content\/gurupluginswalk\/wp-gw-freetours\/assets\/flags\/es.svg\" alt=\"es\" class=\"gw-freetours-flag\" \/><\/div><\/div><\/button><div class=\"gw-freetours-content\"><h4 class=\"gw-freetours-title\"><button type=\"button\" class=\"gw-freetours-title-link\" data-dest=\"https:\/\/www.guruwalk.com\/es\/walks\/46183-free-tour-santiago-esencial\" role=\"link\">Free tour Santiago Esencial<\/button><\/h4><div class=\"gw-freetours-meta-top\"><span class=\"gw-freetours-duration\"><svg width=\"16\" height=\"16\" viewBox=\"0 0 24 24\" fill=\"none\" stroke=\"currentColor\" stroke-width=\"2\"><circle cx=\"12\" cy=\"12\" r=\"10\"\/><polyline points=\"12,6 12,12 16,14\"\/><\/svg>2:00<\/span><button class=\"gw-freetours-map-btn\" data-lat=\"42.879966\" data-lng=\"-8.544327\" data-address=\"Praza das Prater\u00edas, Santiago de Compostela, A Coru\u00f1a, Espa\u00f1a\" data-instructions=\"Junto a la fuente de los caballos. El gu\u00eda llevar\u00e1 un paraguas Verde\"><svg width=\"16\" height=\"16\" viewBox=\"0 0 24 24\" fill=\"none\" stroke=\"currentColor\" stroke-width=\"2\"><path d=\"M21 10c0 7-9 13-9 13s-9-6-9-13a9 9 0 0 1 18 0z\"\/><circle cx=\"12\" cy=\"10\" r=\"3\"\/><\/svg><\/button><\/div><p class=\"gw-freetours-description\">En este recorrido por el casco hist\u00f3rico descubrir\u00e1s de forma amena y divertida la ciudad de Santiago de Compostela<\/p><div class=\"gw-freetours-author\"><span class=\"gw-freetours-author-link\"><img decoding=\"async\" src=\"https:\/\/media.guruwalk.com\/qjhi8blscgt0hsbxl68pf295bj5c\" alt=\"Toxo Travel\" class=\"gw-freetours-author-avatar\" \/><span class=\"gw-freetours-author-name\">Toxo Travel<\/span><\/span><\/div><div class=\"gw-freetours-rating-container\"><div class=\"gw-freetours-rating\" aria-label=\"Valoraci\u00f3n 4.8 de 5\"><span class=\"gw-freetours-star gw-freetours-star--full\" aria-hidden=\"true\">\u2605<\/span><span class=\"gw-freetours-star gw-freetours-star--full\" aria-hidden=\"true\">\u2605<\/span><span class=\"gw-freetours-star gw-freetours-star--full\" aria-hidden=\"true\">\u2605<\/span><span class=\"gw-freetours-star gw-freetours-star--full\" aria-hidden=\"true\">\u2605<\/span><span class=\"gw-freetours-star gw-freetours-star--half\" aria-hidden=\"true\">\u2606<\/span><span class=\"gw-freetours-rating__count\">4,8 (35)<\/span><\/div><\/div><\/div><\/div><div class=\"gw-freetours-card\" data-tour-id=\"47559\"><button type=\"button\" class=\"gw-freetours-image-link\" data-dest=\"https:\/\/www.guruwalk.com\/es\/walks\/47559-free-tour-santiago-ven-a-conocer-mi-ciudad\" role=\"link\" aria-label=\"Free tour Santiago \u00a1Ven a conocer mi ciudad!\"><div class=\"gw-freetours-image\"><img decoding=\"async\" class=\"gw-freetours-photo\" src=\"https:\/\/blog.guruwalk.com\/wp-content\/uploads\/gw-freetours-cache\/47559-d94db9bed33cad0fa8d3291ea3382436.jpg\" alt=\"Free tour Santiago \u00a1Ven a conocer mi ciudad!\" loading=\"lazy\" \/><div class=\"gw-freetours-flags\"><img decoding=\"async\" src=\"https:\/\/blog.guruwalk.com\/wp-content\/gurupluginswalk\/wp-gw-freetours\/assets\/flags\/es.svg\" alt=\"es\" class=\"gw-freetours-flag\" \/><\/div><\/div><\/button><div class=\"gw-freetours-content\"><h4 class=\"gw-freetours-title\"><button type=\"button\" class=\"gw-freetours-title-link\" data-dest=\"https:\/\/www.guruwalk.com\/es\/walks\/47559-free-tour-santiago-ven-a-conocer-mi-ciudad\" role=\"link\">Free tour Santiago \u00a1Ven a conocer mi ciudad!<\/button><\/h4><div class=\"gw-freetours-meta-top\"><span class=\"gw-freetours-duration\"><svg width=\"16\" height=\"16\" viewBox=\"0 0 24 24\" fill=\"none\" stroke=\"currentColor\" stroke-width=\"2\"><circle cx=\"12\" cy=\"12\" r=\"10\"\/><polyline points=\"12,6 12,12 16,14\"\/><\/svg>1:45<\/span><button class=\"gw-freetours-map-btn\" data-lat=\"42.880586\" data-lng=\"-8.545837\" data-address=\"Praza do Obradoiro, Santiago de Compostela, A Coru\u00f1a, Espa\u00f1a\" data-instructions=\"Estar\u00e9 en la Plaza del Obradoiro con un paraguas AZUL\"><svg width=\"16\" height=\"16\" viewBox=\"0 0 24 24\" fill=\"none\" stroke=\"currentColor\" stroke-width=\"2\"><path d=\"M21 10c0 7-9 13-9 13s-9-6-9-13a9 9 0 0 1 18 0z\"\/><circle cx=\"12\" cy=\"10\" r=\"3\"\/><\/svg><\/button><\/div><p class=\"gw-freetours-description\">La visita que vamos a realizar parte de la la Plaza del Obradoiro desde donde conoceremos la ciudad de Santia&#8230;<\/p><div class=\"gw-freetours-author\"><span class=\"gw-freetours-author-link\"><img decoding=\"async\" src=\"https:\/\/media.guruwalk.com\/84ulgff5dzw45zhl9wyk6ybl6egp\" alt=\"Paula\" class=\"gw-freetours-author-avatar\" \/><span class=\"gw-freetours-author-name\">Paula<\/span><\/span><\/div><div class=\"gw-freetours-rating-container\"><div class=\"gw-freetours-rating\" aria-label=\"Valoraci\u00f3n 4.8 de 5\"><span class=\"gw-freetours-star gw-freetours-star--full\" aria-hidden=\"true\">\u2605<\/span><span class=\"gw-freetours-star gw-freetours-star--full\" aria-hidden=\"true\">\u2605<\/span><span class=\"gw-freetours-star gw-freetours-star--full\" aria-hidden=\"true\">\u2605<\/span><span class=\"gw-freetours-star gw-freetours-star--full\" aria-hidden=\"true\">\u2605<\/span><span class=\"gw-freetours-star gw-freetours-star--half\" aria-hidden=\"true\">\u2606<\/span><span class=\"gw-freetours-rating__count\">4,8 (45)<\/span><\/div><\/div><\/div><\/div><\/div><\/div><div class=\"gw-freetours-place-link\"><a href=\"https:\/\/www.guruwalk.com\/es\/santiago-de-compostela\" target=\"_blank\" rel=\"noopener\" class=\"gw-freetours-place-btn\">+ Santiago de Compostela Free Tour<\/a><\/div><\/div>\n\n\n<h2 class=\"wp-block-heading\" id=\"lugar\">Qu\u00e9 ver en un d\u00eda en Santiago de Compostela<\/h2>\n\n\n\n<figure class=\"wp-block-image size-full\"><img decoding=\"async\" width=\"1024\" height=\"854\" src=\"https:\/\/blog.guruwalk.com\/wp-content\/uploads\/2025\/03\/image-163.webp\" alt=\"Catedral de Santiago de Compostela iluminada por la noche, con visitantes en la plaza del Obradoiro.\" class=\"wp-image-7489\" srcset=\"https:\/\/blog.guruwalk.com\/wp-content\/uploads\/2025\/03\/image-163.webp 1024w, https:\/\/blog.guruwalk.com\/wp-content\/uploads\/2025\/03\/image-163-300x250.webp 300w, https:\/\/blog.guruwalk.com\/wp-content\/uploads\/2025\/03\/image-163-768x641.webp 768w\" sizes=\"(max-width: 1024px) 100vw, 1024px\" \/><figcaption class=\"wp-element-caption\">Catedral de Santiago iluminada de noche<\/figcaption><\/figure>\n\n\n\n<p class=\"wp-block-paragraph\">Santiago de Compostela, conocida por ser el destino final del Camino de Santiago, combina historia, arte y espiritualidad. El siguiente recorrido re\u00fane las paradas principales para organizar un d\u00eda completo sin perder de vista los desplazamientos y las visitas que pueden requerir reserva.<\/p>\n\n\n\n<p class=\"wp-block-paragraph\">Los gurus de GuruWalk en Santiago de Compostela se\u00f1alan que las paradas del casco hist\u00f3rico se enlazan bien a pie, mientras que la Colegiata del Sar exige separarse del n\u00facleo monumental. Si hay esperas o disponibilidad limitada, conviene priorizar la Catedral, el Obradoiro y el recorrido exterior por las calles hist\u00f3ricas.<\/p>\n\n\n\n<h3 class=\"wp-block-heading\">Ruta peatonal numerada y plano<\/h3>\n\n\n\n<p class=\"wp-block-paragraph\">La ruta propuesta sigue este orden: <strong>1. Catedral<\/strong> \u2192 <strong>2. Plaza del Obradoiro<\/strong> \u2192 <strong>3. Museo de la Catedral<\/strong> \u2192 <strong>4. Museo do Pobo Galego<\/strong> \u2192 <strong>5. Mercado de Abastos<\/strong> \u2192 <strong>6. Parque de la Alameda<\/strong> \u2192 <strong>7. R\u00faa do Franco y Calle del Vilar<\/strong> \u2192 <strong>8. CGAC<\/strong>. Antes de salir, contrasta el trazado con el <a href=\"https:\/\/www.santiagoturismo.com\/\" rel=\"nofollow noreferrer noopener\" target=\"_blank\">plano y los recursos oficiales de Turismo de Santiago<\/a>. Los minutos indicados son aproximados y pueden variar seg\u00fan el punto exacto de acceso.<\/p>\n\n\n\n<figure class=\"wp-block-table\"><table><thead><tr><th>Orden<\/th><th>Franja orientativa<\/th><th>Desplazamiento<\/th><th>Tiempo en la parada<\/th><th>Reserva<\/th><\/tr><\/thead><tbody><tr><td>1. Catedral<\/td><td>09:00\u201310:15<\/td><td>Inicio<\/td><td>60\u201375 min<\/td><td>Consulta disponibilidad para museo, P\u00f3rtico y visitas guiadas<\/td><\/tr><tr><td>2. Obradoiro y Raxoi<\/td><td>10:15\u201310:45<\/td><td>1\u20132 min a pie<\/td><td>30 min<\/td><td>No para el recorrido exterior<\/td><\/tr><tr><td>3. Museo de la Catedral<\/td><td>10:45\u201312:00<\/td><td>2\u20135 min a pie<\/td><td>60\u201375 min<\/td><td>Recomendable consultar disponibilidad<\/td><\/tr><tr><td>4. Museo do Pobo Galego y Bonaval<\/td><td>12:15\u201313:30<\/td><td>15\u201320 min a pie<\/td><td>60\u201375 min<\/td><td>Consulta programaci\u00f3n y acceso<\/td><\/tr><tr><td>5. Mercado de Abastos<\/td><td>13:40\u201315:00<\/td><td>10\u201315 min a pie<\/td><td>60\u201380 min<\/td><td>Depende del establecimiento<\/td><\/tr><tr><td>6. Alameda<\/td><td>15:20\u201316:10<\/td><td>15\u201320 min a pie<\/td><td>40\u201350 min<\/td><td>No<\/td><\/tr><tr><td>7. R\u00faa do Franco y Vilar<\/td><td>16:15\u201317:15<\/td><td>5 min a pie<\/td><td>60 min<\/td><td>No para el paseo<\/td><\/tr><tr><td>8. CGAC<\/td><td>17:30\u201318:30<\/td><td>15\u201320 min a pie<\/td><td>45\u201360 min<\/td><td>Consulta programaci\u00f3n<\/td><\/tr><\/tbody><\/table><\/figure>\n\n\n\n<p class=\"wp-block-paragraph\"><strong>Versi\u00f3n esencial de 4\u20136 horas:<\/strong> recorre la Catedral y el Obradoiro, contin\u00faa por las r\u00faas do Franco y do Vilar, haz una pausa en el Mercado de Abastos y termina en el mirador de la Alameda. Si tienes una entrada reservada, sustituye parte del paseo por el Museo de la Catedral o el P\u00f3rtico de la Gloria.<\/p>\n\n\n\n<h3 class=\"wp-block-heading\">Ma\u00f1ana<\/h3>\n\n\n\n<p class=\"wp-block-paragraph\">Comienza el d\u00eda en la <a href=\"#catedral-de-santiago-de-compostela\">Catedral de Santiago de Compostela<\/a>, un referente de arquitectura rom\u00e1nica y barroca y el coraz\u00f3n de la ciudad. Admira su fachada y, si accedes al interior, recuerda que el <strong>Botafumeiro<\/strong> no funciona de manera continua: su uso depende del calendario lit\u00fargico y de la programaci\u00f3n comunicada por la <a href=\"https:\/\/catedraldesantiago.es\/\" rel=\"nofollow noreferrer noopener\" target=\"_blank\">Catedral de Santiago<\/a>.<\/p>\n\n\n\n<p class=\"wp-block-paragraph\">Justo enfrente, la <a href=\"#plaza-del-obradoiro\">Plaza del Obradoiro<\/a> permite observar la catedral y los edificios que la rodean, como el <a href=\"#palacio-de-raxoi\">Palacio de Raxoi<\/a> y el <a href=\"#hostal-dos-reis-catolicos\">Hostal dos Reis Cat\u00f3licos<\/a>, antiguo hospital de peregrinos y actual parador.<\/p>\n\n\n\n<p class=\"wp-block-paragraph\">A pocos pasos se encuentra el <a href=\"#museo-de-la-catedral\">Museo de la Catedral<\/a>, dedicado a la historia y al patrimonio art\u00edstico del templo. Despu\u00e9s, contin\u00faa hasta el <a href=\"#museo-del-pueblo-gallego\">Museo del Pueblo Gallego<\/a>, que explica la cultura y las tradiciones de Galicia.<\/p>\n\n\n\n<p class=\"wp-block-paragraph\">Para hacer una pausa, el <a href=\"#mercado-de-abastos\">Mercado de Abastos<\/a> re\u00fane puestos de producto fresco y establecimientos de cocina gallega. Comprueba qu\u00e9 pabellones y locales est\u00e1n abiertos el d\u00eda de la visita.<\/p>\n\n\n\n<h3 class=\"wp-block-heading\">Tarde<\/h3>\n\n\n\n<p class=\"wp-block-paragraph\">Despu\u00e9s del almuerzo, pasea por el <a href=\"#parque-de-la-alameda\">Parque de la Alameda<\/a>. Sus caminos y miradores permiten contemplar el perfil de la Catedral y descansar antes de continuar por el casco hist\u00f3rico.<\/p>\n\n\n\n<p class=\"wp-block-paragraph\">La <a href=\"#colegiata-del-sar\">Colegiata del Sar<\/a>, situada junto al r\u00edo, conserva arquitectura rom\u00e1nica y queda apartada del recorrido central. Incl\u00fayela solo si dispones de tiempo suficiente para el desplazamiento; en una ruta ajustada resulta m\u00e1s viable reservarla para otro d\u00eda.<\/p>\n\n\n\n<p class=\"wp-block-paragraph\">Regresa al casco antiguo y recorre la <a href=\"#rua-do-franco\">R\u00faa do Franco<\/a> y la <a href=\"#calle-del-vilar\">Calle del Vilar<\/a>, donde se concentran tabernas, restaurantes y comercios. Si la programaci\u00f3n encaja con tu horario, termina en el <a href=\"#centro-gallego-de-arte-contemporaneo\">Centro Gallego de Arte Contempor\u00e1neo<\/a>.<\/p>\n\n\n\n<p class=\"wp-block-paragraph\">Este itinerario combina patrimonio, museos, gastronom\u00eda y espacios al aire libre. Ajusta el n\u00famero de interiores a las reservas disponibles y al ritmo del grupo.<\/p>\n\n\n\n<h2 class=\"wp-block-heading\" id=\"catedral-de-santiago-de-compostela\">Catedral de Santiago de Compostela<\/h2>\n\n\n\n<figure class=\"wp-block-image size-large\"><img decoding=\"async\" width=\"1024\" height=\"683\" src=\"https:\/\/blog.guruwalk.com\/wp-content\/uploads\/2025\/03\/image-164-1024x683.webp\" alt=\"Interior de la Catedral de Santiago de Compostela con \u00f3rgano y detalles ornamentales\" class=\"wp-image-7497\" srcset=\"https:\/\/blog.guruwalk.com\/wp-content\/uploads\/2025\/03\/image-164-1024x683.webp 1024w, https:\/\/blog.guruwalk.com\/wp-content\/uploads\/2025\/03\/image-164-300x200.webp 300w, https:\/\/blog.guruwalk.com\/wp-content\/uploads\/2025\/03\/image-164-768x512.webp 768w, https:\/\/blog.guruwalk.com\/wp-content\/uploads\/2025\/03\/image-164.webp 1200w\" sizes=\"(max-width: 1024px) 100vw, 1024px\" \/><figcaption class=\"wp-element-caption\">\u00d3rgano barroco de la Catedral de Santiago<\/figcaption><\/figure>\n\n\n\n<p class=\"wp-block-paragraph\">La <strong>Catedral de Santiago de Compostela<\/strong>, uno de los m\u00e1ximos exponentes del <strong>estilo rom\u00e1nico<\/strong> en Europa, es un s\u00edmbolo religioso y cultural. Su construcci\u00f3n comenz\u00f3 en <strong>1075<\/strong> bajo el mandato del rey Alfonso VI, y desde entonces ha sido lugar de peregrinaci\u00f3n para quienes recorren el <strong>Camino de Santiago<\/strong>.<\/p>\n\n\n\n<p class=\"wp-block-paragraph\">Su <strong>fachada barroca<\/strong>, dise\u00f1ada por <strong>Fernando de Casas Novoa<\/strong>, se suma al valor arquitect\u00f3nico y a la historia del templo. La <strong>tumba del ap\u00f3stol Santiago<\/strong> se encuentra en la cripta. El <strong>Botafumeiro<\/strong>, gran incensario de la nave central, se utiliza \u00fanicamente cuando corresponde seg\u00fan la liturgia o la programaci\u00f3n oficial.<\/p>\n\n\n\n<p class=\"wp-block-paragraph\">En el interior destaca la <strong>Capilla Mayor<\/strong>. Los visitantes tambi\u00e9n pueden explorar el <strong>claustro<\/strong> y las colecciones vinculadas a la historia de la catedral y al cristianismo, seg\u00fan el tipo de acceso disponible.<\/p>\n\n\n\n<p class=\"wp-block-paragraph\">La catedral forma parte del conjunto hist\u00f3rico de Santiago inscrito como <strong>Patrimonio de la Humanidad<\/strong> desde 1985. En sus inmediaciones hay museos y centros de interpretaci\u00f3n que ayudan a comprender la relevancia hist\u00f3rica del monumento.<\/p>\n\n\n\n<p class=\"wp-block-paragraph\">Antes de la visita, consulta disponibilidad para el museo, el P\u00f3rtico de la Gloria, las cubiertas y las modalidades guiadas, ya que no todos los espacios comparten el mismo acceso.<\/p>\n\n\n\n<h3 class=\"wp-block-heading\">Consejo de gu\u00eda experto<\/h3>\n\n\n\n<blockquote class=\"wp-block-quote is-layout-flow wp-block-quote-is-layout-flow\">\n<p class=\"wp-block-paragraph\">El P\u00f3rtico de la Gloria, obra del Maestro Mateo, merece una observaci\u00f3n pausada de sus figuras y de la composici\u00f3n del conjunto. Comprueba las condiciones de acceso antes de acudir, porque esta parte de la visita puede requerir una modalidad espec\u00edfica de entrada.<\/p>\n\n\n\n<p class=\"wp-block-paragraph\">Julieta Betancor<\/p>\n<\/blockquote>\n\n\n\n<h2 class=\"wp-block-heading\" id=\"plaza-del-obradoiro\">Plaza del Obradoiro<\/h2>\n\n\n\n<figure class=\"wp-block-image size-large\"><img decoding=\"async\" width=\"1024\" height=\"575\" src=\"https:\/\/blog.guruwalk.com\/wp-content\/uploads\/2025\/03\/image-165-1024x575.webp\" alt=\"Plaza del Obradoiro con la Catedral de Santiago de Compostela\" class=\"wp-image-7505\" srcset=\"https:\/\/blog.guruwalk.com\/wp-content\/uploads\/2025\/03\/image-165-1024x575.webp 1024w, https:\/\/blog.guruwalk.com\/wp-content\/uploads\/2025\/03\/image-165-300x169.webp 300w, https:\/\/blog.guruwalk.com\/wp-content\/uploads\/2025\/03\/image-165-768x431.webp 768w, https:\/\/blog.guruwalk.com\/wp-content\/uploads\/2025\/03\/image-165.webp 1200w\" sizes=\"(max-width: 1024px) 100vw, 1024px\" \/><figcaption class=\"wp-element-caption\">Plaza del Obradoiro y la Catedral<\/figcaption><\/figure>\n\n\n\n<p class=\"wp-block-paragraph\">La <strong>Plaza del Obradoiro<\/strong> es uno de los principales espacios de <strong>Santiago de Compostela<\/strong>. La arquitectura institucional, religiosa y asistencial que la rodea ayuda a leer distintas etapas de la historia de la ciudad. Tambi\u00e9n funciona como punto de llegada para numerosos peregrinos.<\/p>\n\n\n\n<p class=\"wp-block-paragraph\">En uno de sus lados se alza la <strong>Catedral de Santiago<\/strong>, con elementos rom\u00e1nicos y barrocos. La fachada de granito domina la perspectiva de la plaza y marca el final simb\u00f3lico del <strong>Camino de Santiago<\/strong>.<\/p>\n\n\n\n<p class=\"wp-block-paragraph\">Frente a la catedral se encuentra el <strong>Palacio de Raxoi<\/strong>, edificio neocl\u00e1sico que alberga el ayuntamiento y dependencias administrativas. El <strong>Hospital de los Reyes Cat\u00f3licos<\/strong>, convertido en hotel, recuerda la atenci\u00f3n hist\u00f3rica prestada a los peregrinos.<\/p>\n\n\n\n<p class=\"wp-block-paragraph\">La plaza permite detenerse a observar las fachadas y la llegada de caminantes. Tambi\u00e9n sirve como punto de partida para recorrer las calles del casco hist\u00f3rico hacia la <strong>Plaza de la Quintana<\/strong>, el <strong>Mercado de Abastos<\/strong> y las r\u00faas porticadas.<\/p>\n\n\n\n<h3 class=\"wp-block-heading\">Consejos para tu visita a la Plaza del Obradoiro<\/h3>\n\n\n\n<ul class=\"wp-block-list\">\n<li><strong>Perspectiva general:<\/strong> recorre los cuatro lados para identificar la Catedral, Raxoi, el antiguo hospital y el Colegio de San Xerome.<\/li>\n\n\n\n<li><strong>Fotograf\u00eda:<\/strong> prueba posiciones distintas en lugar de concentrarte solo frente a la fachada principal; la amplitud de la plaza cambia mucho seg\u00fan el \u00e1ngulo.<\/li>\n\n\n\n<li><strong>Llegada de peregrinos:<\/strong> deja libres las zonas de paso y respeta a quienes est\u00e1n terminando el Camino.<\/li>\n\n\n\n<li><strong>Accesos:<\/strong> comprueba por qu\u00e9 puerta se entra al espacio concreto de la Catedral que tengas reservado.<\/li>\n<\/ul>\n\n\n\n<h2 class=\"wp-block-heading\" id=\"parque-de-la-alameda\">Parque de la Alameda<\/h2>\n\n\n\n<figure class=\"wp-block-image size-large\"><img decoding=\"async\" width=\"1024\" height=\"683\" src=\"https:\/\/blog.guruwalk.com\/wp-content\/uploads\/2025\/03\/image-166-1024x683.webp\" alt=\"Estatua de Valle-Incl\u00e1n en el Parque de la Alameda de Santiago de Compostela\" class=\"wp-image-7513\" srcset=\"https:\/\/blog.guruwalk.com\/wp-content\/uploads\/2025\/03\/image-166-1024x683.webp 1024w, https:\/\/blog.guruwalk.com\/wp-content\/uploads\/2025\/03\/image-166-300x200.webp 300w, https:\/\/blog.guruwalk.com\/wp-content\/uploads\/2025\/03\/image-166-768x512.webp 768w, https:\/\/blog.guruwalk.com\/wp-content\/uploads\/2025\/03\/image-166.webp 1200w\" sizes=\"(max-width: 1024px) 100vw, 1024px\" \/><figcaption class=\"wp-element-caption\">Estatua de Valle-Incl\u00e1n en la Alameda<\/figcaption><\/figure>\n\n\n\n<p class=\"wp-block-paragraph\">El <strong>Parque de la Alameda<\/strong> es uno de los principales espacios verdes del centro de <strong>Santiago de Compostela<\/strong>. Sus paseos, jardines y arbolado permiten descansar a poca distancia del casco hist\u00f3rico y contemplar el perfil de la <strong>Catedral de Santiago<\/strong>.<\/p>\n\n\n\n<p class=\"wp-block-paragraph\">El <strong>Mirador de la Alameda<\/strong> ofrece una panor\u00e1mica del centro hist\u00f3rico. Desde aqu\u00ed se distinguen las torres de la Catedral y buena parte del tejido urbano que las rodea.<\/p>\n\n\n\n<p class=\"wp-block-paragraph\">Dentro del parque hay esculturas, fuentes y zonas ajardinadas. Entre sus elementos reconocibles se encuentran la estatua de Valle-Incl\u00e1n y el conjunto de las Mar\u00edas, adem\u00e1s de los paseos que conectan los distintos sectores de la Alameda.<\/p>\n\n\n\n<p class=\"wp-block-paragraph\">Los caminos se utilizan para pasear, correr o descansar. La pendiente cambia seg\u00fan el acceso, un detalle \u00fatil si se viaja con movilidad reducida o con carrito.<\/p>\n\n\n\n<p class=\"wp-block-paragraph\">El parque tambi\u00e9n acoge actividades culturales y celebraciones en fechas concretas. Consulta la agenda local si la visita coincide con alg\u00fan evento.<\/p>\n\n\n\n<h2 class=\"wp-block-heading\" id=\"museo-del-pueblo-gallego\">Museo del Pueblo Gallego<\/h2>\n\n\n\n<figure class=\"wp-block-image size-large\"><img decoding=\"async\" width=\"768\" height=\"1024\" src=\"https:\/\/blog.guruwalk.com\/wp-content\/uploads\/2025\/03\/image-167-768x1024.webp\" alt=\"Fachada del Museo do Pobo Galego en Santiago de Compostela\" class=\"wp-image-7521\" srcset=\"https:\/\/blog.guruwalk.com\/wp-content\/uploads\/2025\/03\/image-167-768x1024.webp 768w, https:\/\/blog.guruwalk.com\/wp-content\/uploads\/2025\/03\/image-167-225x300.webp 225w, https:\/\/blog.guruwalk.com\/wp-content\/uploads\/2025\/03\/image-167-1152x1536.webp 1152w, https:\/\/blog.guruwalk.com\/wp-content\/uploads\/2025\/03\/image-167.webp 1200w\" sizes=\"(max-width: 768px) 100vw, 768px\" \/><figcaption class=\"wp-element-caption\">Fachada del Museo do Pobo Galego<\/figcaption><\/figure>\n\n\n\n<p class=\"wp-block-paragraph\">El <strong>Museo del Pueblo Gallego<\/strong>, o Museo do Pobo Galego, ocupa parte del antiguo convento de Santo Domingo de Bonaval. Est\u00e1 dedicado a la cultura y la etnograf\u00eda de Galicia, y su propio edificio forma parte del inter\u00e9s de la visita.<\/p>\n\n\n\n<p class=\"wp-block-paragraph\">Su <strong>colecci\u00f3n permanente<\/strong> re\u00fane objetos relacionados con la vida cotidiana, los oficios, la artesan\u00eda, la indumentaria y las costumbres gallegas. Las salas permiten observar c\u00f3mo han cambiado estas pr\u00e1cticas a lo largo del tiempo.<\/p>\n\n\n\n<h3 class=\"wp-block-heading\">Actividades y exposiciones<\/h3>\n\n\n\n<p class=\"wp-block-paragraph\">Adem\u00e1s de la colecci\u00f3n permanente, el museo organiza <strong>exposiciones temporales<\/strong> y actividades sobre aspectos concretos de la cultura gallega. Consulta la programaci\u00f3n vigente y las condiciones de acceso antes de desplazarte.<\/p>\n\n\n\n<h3 class=\"wp-block-heading\">Jardines y espacios al aire libre<\/h3>\n\n\n\n<p class=\"wp-block-paragraph\">El entorno de Bonaval incluye zonas verdes que permiten prolongar la visita al aire libre. El parque y el museo pueden combinarse en una misma parada antes de regresar hacia el Mercado de Abastos.<\/p>\n\n\n\n<p class=\"wp-block-paragraph\">El <strong>Museo del Pueblo Gallego<\/strong> proporciona contexto para entender la historia social y cultural de Galicia. Reserva tiempo suficiente si quieres recorrer las salas y el entorno sin convertirlo en una visita apresurada.<\/p>\n\n\n\n<h2 class=\"wp-block-heading\" id=\"hostal-dos-reis-catolicos\">Hostal dos Reis Cat\u00f3licos<\/h2>\n\n\n\n<figure class=\"wp-block-image size-large\"><img decoding=\"async\" width=\"1024\" height=\"768\" src=\"https:\/\/blog.guruwalk.com\/wp-content\/uploads\/2025\/03\/image-168-1024x768.webp\" alt=\"Hostal dos Reis Cat\u00f3licos en Santiago de Compostela\" class=\"wp-image-7529\" srcset=\"https:\/\/blog.guruwalk.com\/wp-content\/uploads\/2025\/03\/image-168-1024x768.webp 1024w, https:\/\/blog.guruwalk.com\/wp-content\/uploads\/2025\/03\/image-168-300x225.webp 300w, https:\/\/blog.guruwalk.com\/wp-content\/uploads\/2025\/03\/image-168-768x576.webp 768w, https:\/\/blog.guruwalk.com\/wp-content\/uploads\/2025\/03\/image-168-1536x1152.webp 1536w, https:\/\/blog.guruwalk.com\/wp-content\/uploads\/2025\/03\/image-168.webp 1600w\" sizes=\"(max-width: 1024px) 100vw, 1024px\" \/><figcaption class=\"wp-element-caption\">Hostal dos Reis Cat\u00f3licos<\/figcaption><\/figure>\n\n\n\n<p class=\"wp-block-paragraph\">Situado junto a la Catedral, el <strong>Hostal dos Reis Cat\u00f3licos<\/strong> naci\u00f3 como hospital para atender a los peregrinos. El edificio hist\u00f3rico funciona hoy como alojamiento y conserva una fachada de estilo <strong>plateresco<\/strong> frente a la Plaza del Obradoiro.<\/p>\n\n\n\n<p class=\"wp-block-paragraph\">Sus patios interiores, rodeados de arcos y columnas, muestran la organizaci\u00f3n del antiguo complejo. El acceso a determinadas zonas puede depender de la operativa del establecimiento, por lo que no debe darse por supuesto que todo el edificio sea visitable libremente.<\/p>\n\n\n\n<p class=\"wp-block-paragraph\">Las habitaciones responden al uso actual como hotel y combinan elementos hist\u00f3ricos con servicios contempor\u00e1neos. Su ubicaci\u00f3n permite llegar andando a la Catedral, la Alameda, el Mercado de Abastos y las principales calles del casco antiguo.<\/p>\n\n\n\n<p class=\"wp-block-paragraph\">El establecimiento tambi\u00e9n cuenta con oferta gastron\u00f3mica. Si quieres acceder sin alojarte, consulta previamente qu\u00e9 servicios admiten visitantes externos y si requieren reserva.<\/p>\n\n\n\n<h3 class=\"wp-block-heading\">Consejo de gu\u00eda local experto<\/h3>\n\n\n\n<blockquote class=\"wp-block-quote is-layout-flow wp-block-quote-is-layout-flow\">\n<p class=\"wp-block-paragraph\">La fachada se entiende mejor al relacionarla con la funci\u00f3n asistencial original del edificio y con su posici\u00f3n frente a la meta del Camino. Para conocer los interiores, confirma qu\u00e9 modalidad de acceso est\u00e1 disponible el d\u00eda de la visita.<\/p>\n\n\n\n<p class=\"wp-block-paragraph\">Vicente Ortiz<\/p>\n<\/blockquote>\n\n\n\n<h2 class=\"wp-block-heading\" id=\"mercado-de-abastos\">Mercado de Abastos<\/h2>\n\n\n\n<figure class=\"wp-block-image size-full\"><img decoding=\"async\" width=\"1024\" height=\"683\" src=\"https:\/\/blog.guruwalk.com\/wp-content\/uploads\/2025\/03\/image.jpg\" alt=\"Mercado de Abastos de Santiago de Compostela con productos frescos y compradores\" class=\"wp-image-7537\" srcset=\"https:\/\/blog.guruwalk.com\/wp-content\/uploads\/2025\/03\/image.jpg 1024w, https:\/\/blog.guruwalk.com\/wp-content\/uploads\/2025\/03\/image-300x200.jpg 300w, https:\/\/blog.guruwalk.com\/wp-content\/uploads\/2025\/03\/image-768x512.jpg 768w\" sizes=\"(max-width: 1024px) 100vw, 1024px\" \/><figcaption class=\"wp-element-caption\">Mercado de Abastos<\/figcaption><\/figure>\n\n\n\n<p class=\"wp-block-paragraph\">El <strong>Mercado de Abastos<\/strong> de Santiago de Compostela re\u00fane comercio cotidiano y gastronom\u00eda gallega en un conjunto de pabellones. Sus puestos ofrecen productos frescos y especialidades de la regi\u00f3n.<\/p>\n\n\n\n<p class=\"wp-block-paragraph\">Entre las <strong>paradas<\/strong> hay pescados, mariscos, carnes, quesos, verduras y otros productos locales. La actividad y la oferta cambian seg\u00fan el d\u00eda y la hora, de modo que conviene comprobar el funcionamiento de los puestos que m\u00e1s te interesen.<\/p>\n\n\n\n<p class=\"wp-block-paragraph\">La zona gastron\u00f3mica permite probar preparaciones elaboradas con ingredientes del mercado. La disponibilidad de platos, mesas y servicios depende de cada negocio.<\/p>\n\n\n\n<p class=\"wp-block-paragraph\">El mercado tambi\u00e9n puede acoger campa\u00f1as, ferias y actividades relacionadas con el producto local. Consulta la programaci\u00f3n oficial para confirmar qu\u00e9 iniciativas coinciden con tu viaje.<\/p>\n\n\n\n<p class=\"wp-block-paragraph\">La disposici\u00f3n en pabellones forma parte de la identidad arquitect\u00f3nica del recinto. Recorre los pasillos sin bloquear la actividad comercial y recuerda que sigue siendo un mercado de uso local, no solo una atracci\u00f3n tur\u00edstica.<\/p>\n\n\n\n<h3 class=\"wp-block-heading\">Consejos para tu visita<\/h3>\n\n\n\n<ul class=\"wp-block-list\">\n<li><strong>Planifica la comida:<\/strong> revisa qu\u00e9 establecimientos admiten reserva y cu\u00e1les funcionan por orden de llegada.<\/li>\n\n\n\n<li><strong>Pregunta por el producto:<\/strong> los vendedores pueden explicar el origen, la temporada o el uso culinario de lo que ofrecen.<\/li>\n\n\n\n<li><strong>Prueba especialidades locales:<\/strong> busca propuestas disponibles ese d\u00eda en lugar de asumir que todos los puestos sirven los mismos platos.<\/li>\n\n\n\n<li><strong>Compra responsable:<\/strong> si contin\u00faas viajando, ten en cuenta la conservaci\u00f3n y el transporte antes de adquirir productos frescos.<\/li>\n<\/ul>\n\n\n\n<h2 class=\"wp-block-heading\" id=\"colegiata-del-sar\">Colegiata del Sar<\/h2>\n\n\n\n<figure class=\"wp-block-image size-large\"><img decoding=\"async\" width=\"1024\" height=\"768\" src=\"https:\/\/blog.guruwalk.com\/wp-content\/uploads\/2025\/03\/image-169-1024x768.webp\" alt=\"Colegiata del Sar en Santiago de Compostela\" class=\"wp-image-7545\" srcset=\"https:\/\/blog.guruwalk.com\/wp-content\/uploads\/2025\/03\/image-169-1024x768.webp 1024w, https:\/\/blog.guruwalk.com\/wp-content\/uploads\/2025\/03\/image-169-300x225.webp 300w, https:\/\/blog.guruwalk.com\/wp-content\/uploads\/2025\/03\/image-169-768x576.webp 768w, https:\/\/blog.guruwalk.com\/wp-content\/uploads\/2025\/03\/image-169.webp 1200w\" sizes=\"(max-width: 1024px) 100vw, 1024px\" \/><figcaption class=\"wp-element-caption\">Colegiata del Sar<\/figcaption><\/figure>\n\n\n\n<p class=\"wp-block-paragraph\">La <strong>Colegiata del Sar<\/strong>, situada junto al r\u00edo del mismo nombre, es un ejemplo de arquitectura <strong>rom\u00e1nica<\/strong> en Galicia. Fue fundada en el siglo XII y queda fuera del circuito m\u00e1s compacto del casco hist\u00f3rico.<\/p>\n\n\n\n<p class=\"wp-block-paragraph\">El exterior es sobrio, mientras que el interior permite observar la estructura del templo, el altar y distintos elementos art\u00edsticos. Sus pilares inclinados constituyen uno de los rasgos arquitect\u00f3nicos m\u00e1s reconocibles del edificio.<\/p>\n\n\n\n<p class=\"wp-block-paragraph\">El claustro conserva arcos y columnas vinculados a la historia de la colegiata. Antes de acudir, comprueba qu\u00e9 espacios pueden visitarse y en qu\u00e9 condiciones.<\/p>\n\n\n\n<p class=\"wp-block-paragraph\">La colegiata sigue siendo un lugar de culto y forma parte del patrimonio cultural de Santiago. Mant\u00e9n un tono respetuoso y adapta la visita si coincide con una celebraci\u00f3n religiosa.<\/p>\n\n\n\n<p class=\"wp-block-paragraph\">Por su ubicaci\u00f3n, resulta m\u00e1s c\u00f3moda en una jornada con margen o como visita independiente. Si solo dispones de cuatro a seis horas, prioriza el conjunto de la Catedral y las calles del centro.<\/p>\n\n\n\n<h2 class=\"wp-block-heading\" id=\"museo-de-la-catedral\">Museo de la Catedral<\/h2>\n\n\n\n<figure class=\"wp-block-image size-large\"><img decoding=\"async\" width=\"656\" height=\"1024\" src=\"https:\/\/blog.guruwalk.com\/wp-content\/uploads\/2025\/03\/image-170-656x1024.webp\" alt=\"Escultura expuesta en el Museo de la Catedral de Santiago de Compostela\" class=\"wp-image-7553\" srcset=\"https:\/\/blog.guruwalk.com\/wp-content\/uploads\/2025\/03\/image-170-656x1024.webp 656w, https:\/\/blog.guruwalk.com\/wp-content\/uploads\/2025\/03\/image-170-192x300.webp 192w, https:\/\/blog.guruwalk.com\/wp-content\/uploads\/2025\/03\/image-170-768x1199.webp 768w, https:\/\/blog.guruwalk.com\/wp-content\/uploads\/2025\/03\/image-170-984x1536.webp 984w, https:\/\/blog.guruwalk.com\/wp-content\/uploads\/2025\/03\/image-170.webp 1200w\" sizes=\"(max-width: 656px) 100vw, 656px\" \/><figcaption class=\"wp-element-caption\">Museo de la Catedral<\/figcaption><\/figure>\n\n\n\n<p class=\"wp-block-paragraph\">El <strong>Museo de la Catedral<\/strong> permite explorar la historia y el <strong>patrimonio art\u00edstico<\/strong> del templo. Sus espacios re\u00fanen obras y objetos de distintas \u00e9pocas y ayudan a interpretar la evoluci\u00f3n del conjunto catedralicio.<\/p>\n\n\n\n<p class=\"wp-block-paragraph\">La colecci\u00f3n incluye esculturas, pinturas, objetos lit\u00fargicos, tapices y documentos. El contenido visible puede variar seg\u00fan el recorrido contratado y los espacios abiertos.<\/p>\n\n\n\n<p class=\"wp-block-paragraph\">Tambi\u00e9n hay \u00e1reas relacionadas con la arqueolog\u00eda y con las distintas fases constructivas del entorno de la Catedral. Estos elementos permiten entender c\u00f3mo cambi\u00f3 el edificio a lo largo de los siglos.<\/p>\n\n\n\n<p class=\"wp-block-paragraph\">El museo puede organizar exposiciones temporales y actividades culturales. Consulta disponibilidad y el alcance exacto de la entrada antes de reservar.<\/p>\n\n\n\n<p class=\"wp-block-paragraph\">Recorrer el Museo de la Catedral complementa la visita al templo, especialmente para quienes quieran detenerse en el arte, la arquitectura y la historia del Camino.<\/p>\n\n\n\n<h3 class=\"wp-block-heading\">Consejo de gu\u00eda experto<\/h3>\n\n\n\n<blockquote class=\"wp-block-quote is-layout-flow wp-block-quote-is-layout-flow\">\n<p class=\"wp-block-paragraph\">Antes de entrar, revisa qu\u00e9 espacios incluye tu modalidad de visita. El museo, el P\u00f3rtico de la Gloria y otros \u00e1mbitos del conjunto pueden tener accesos diferenciados, por lo que una comprobaci\u00f3n previa evita confundir los recorridos.<\/p>\n\n\n\n<p class=\"wp-block-paragraph\">Julieta Betancor<\/p>\n<\/blockquote>\n\n\n<div class=\"gw-products-block\" style=\"--gw-nav-width:30px; --gw-nav-height:30px; --gw-chevron-w:15px; --gw-chevron-h:15px; --gw-circle-color:#0a5bd9; --gw-chevron-color:#0a5bd9;\"><div class=\"gw-products-carousel\" aria-live=\"polite\"><article class=\"gw-card\"><div class=\"gw-card__image\"><img decoding=\"async\" class=\"gw-card__photo\" src=\"https:\/\/blog.guruwalk.com\/wp-content\/uploads\/gw-products\/images\/0233d0fdf864cecd2f5109fb69e14442.webp\" alt=\"Tour por la Catedral de Santiago\" loading=\"lazy\" \/><div class=\"gw-flags\" aria-label=\"Idiomas disponibles\"><span class=\"gw-flag\" title=\"EN\"><img decoding=\"async\" class=\"gw-flag-img\" src=\"https:\/\/blog.guruwalk.com\/wp-content\/uploads\/gw-products\/flags\/gb.svg\" alt=\"EN\" loading=\"lazy\" width=\"22\" height=\"16\" \/><\/span><span class=\"gw-flag\" title=\"ES\"><img decoding=\"async\" class=\"gw-flag-img\" src=\"https:\/\/blog.guruwalk.com\/wp-content\/uploads\/gw-products\/flags\/es.svg\" alt=\"ES\" loading=\"lazy\" width=\"22\" height=\"16\" \/><\/span><span class=\"gw-flag\" title=\"FR\"><img decoding=\"async\" class=\"gw-flag-img\" src=\"https:\/\/blog.guruwalk.com\/wp-content\/uploads\/gw-products\/flags\/fr.svg\" alt=\"FR\" loading=\"lazy\" width=\"22\" height=\"16\" \/><\/span><span class=\"gw-flag\" title=\"IT\"><img decoding=\"async\" class=\"gw-flag-img\" src=\"https:\/\/blog.guruwalk.com\/wp-content\/uploads\/gw-products\/flags\/it.svg\" alt=\"IT\" loading=\"lazy\" width=\"22\" height=\"16\" \/><\/span><\/div><\/div><div class=\"gw-card__body\"><h3 class=\"gw-card__title\">Tour por la Catedral de Santiago<\/h3><div class=\"gw-card__footer\"><div class=\"gw-card__meta\"><div class=\"gw-rating\" aria-label=\"Valoraci\u00f3n 4.6 de 5\"><span class=\"gw-star gw-star--full\" aria-hidden=\"true\">\u2605<\/span><span class=\"gw-star gw-star--full\" aria-hidden=\"true\">\u2605<\/span><span class=\"gw-star gw-star--full\" aria-hidden=\"true\">\u2605<\/span><span class=\"gw-star gw-star--full\" aria-hidden=\"true\">\u2605<\/span><span class=\"gw-star gw-star--half\" aria-hidden=\"true\">\u2606<\/span><span class=\"gw-rating__count\">4,6 (521)<\/span><\/div><\/div><div class=\"gw-card__price\">Desde \u20ac22,00<\/div><\/div><\/div><a class=\"gw-card__link\" href=\"https:\/\/www.guruwalk.com\/es\/walks\/p110815-tour-por-la-catedral-de-santiago-cGFub3B0ZXM\" target=\"_blank\" rel=\"noopener\" aria-label=\"Tour por la Catedral de Santiago\"><\/a><\/article><article class=\"gw-card\"><div class=\"gw-card__image\"><img decoding=\"async\" class=\"gw-card__photo\" src=\"https:\/\/blog.guruwalk.com\/wp-content\/uploads\/gw-products\/images\/18b38084a339b73ce800244bdaeb0b7b.webp\" alt=\"Visita guiada por la Catedral de Santiago y San Mart\u00edn Pinario\" loading=\"lazy\" \/><div class=\"gw-flags\" aria-label=\"Idiomas disponibles\"><span class=\"gw-flag\" title=\"ES\"><img decoding=\"async\" class=\"gw-flag-img\" src=\"https:\/\/blog.guruwalk.com\/wp-content\/uploads\/gw-products\/flags\/es.svg\" alt=\"ES\" loading=\"lazy\" width=\"22\" height=\"16\" \/><\/span><\/div><\/div><div class=\"gw-card__body\"><h3 class=\"gw-card__title\">Visita guiada por la Catedral de Santiago y San Mart\u00edn Pinario<\/h3><div class=\"gw-card__footer\"><div class=\"gw-card__price\">Desde \u20ac22,00<\/div><\/div><\/div><a class=\"gw-card__link\" href=\"https:\/\/www.guruwalk.com\/es\/walks\/p229836-visita-guiada-por-la-catedral-de-santiago-y-san-martin-pinario-cGFub3B0ZXM\" target=\"_blank\" rel=\"noopener\" aria-label=\"Visita guiada por la Catedral de Santiago y San Mart\u00edn Pinario\"><\/a><\/article><article class=\"gw-card\"><div class=\"gw-card__image\"><img decoding=\"async\" class=\"gw-card__photo\" src=\"https:\/\/blog.guruwalk.com\/wp-content\/uploads\/gw-products\/images\/953f143bc825108052983c7bd51cf1e3.webp\" alt=\"Visita Completa Santiago: Entradas Ciudad, P\u00f3rtico y Catedral\" loading=\"lazy\" \/><div class=\"gw-flags\" aria-label=\"Idiomas disponibles\"><span class=\"gw-flag\" title=\"EN\"><img decoding=\"async\" class=\"gw-flag-img\" src=\"https:\/\/blog.guruwalk.com\/wp-content\/uploads\/gw-products\/flags\/gb.svg\" alt=\"EN\" loading=\"lazy\" width=\"22\" height=\"16\" \/><\/span><span class=\"gw-flag\" title=\"ES\"><img decoding=\"async\" class=\"gw-flag-img\" src=\"https:\/\/blog.guruwalk.com\/wp-content\/uploads\/gw-products\/flags\/es.svg\" alt=\"ES\" loading=\"lazy\" width=\"22\" height=\"16\" \/><\/span><\/div><\/div><div class=\"gw-card__body\"><h3 class=\"gw-card__title\">Visita Completa Santiago: Entradas Ciudad, P\u00f3rtico y Catedral<\/h3><div class=\"gw-card__footer\"><div class=\"gw-card__meta\"><div class=\"gw-rating\" aria-label=\"Valoraci\u00f3n 4.8 de 5\"><span class=\"gw-star gw-star--full\" aria-hidden=\"true\">\u2605<\/span><span class=\"gw-star gw-star--full\" aria-hidden=\"true\">\u2605<\/span><span class=\"gw-star gw-star--full\" aria-hidden=\"true\">\u2605<\/span><span class=\"gw-star gw-star--full\" aria-hidden=\"true\">\u2605<\/span><span class=\"gw-star gw-star--half\" aria-hidden=\"true\">\u2606<\/span><span class=\"gw-rating__count\">4,8 (179)<\/span><\/div><\/div><div class=\"gw-card__price\">Desde \u20ac41,00<\/div><\/div><\/div><a class=\"gw-card__link\" href=\"https:\/\/www.guruwalk.com\/es\/walks\/p115695-visita-completa-santiago-entradas-ciudad-portico-y-catedral-cGFub3B0ZXM\" target=\"_blank\" rel=\"noopener\" aria-label=\"Visita Completa Santiago: Entradas Ciudad, P\u00f3rtico y Catedral\"><\/a><\/article><article class=\"gw-card\"><div class=\"gw-card__image\"><img decoding=\"async\" class=\"gw-card__photo\" src=\"https:\/\/blog.guruwalk.com\/wp-content\/uploads\/gw-products\/images\/9c33738dbe6f132890c28265982adfdf.webp\" alt=\"Santiago: Visita a la catedral y al museo. \u00a1Sin colas!\" loading=\"lazy\" \/><div class=\"gw-flags\" aria-label=\"Idiomas disponibles\"><span class=\"gw-flag\" title=\"EN\"><img decoding=\"async\" class=\"gw-flag-img\" src=\"https:\/\/blog.guruwalk.com\/wp-content\/uploads\/gw-products\/flags\/gb.svg\" alt=\"EN\" loading=\"lazy\" width=\"22\" height=\"16\" \/><\/span><span class=\"gw-flag\" title=\"ES\"><img decoding=\"async\" class=\"gw-flag-img\" src=\"https:\/\/blog.guruwalk.com\/wp-content\/uploads\/gw-products\/flags\/es.svg\" alt=\"ES\" loading=\"lazy\" width=\"22\" height=\"16\" \/><\/span><span class=\"gw-flag\" title=\"IT\"><img decoding=\"async\" class=\"gw-flag-img\" src=\"https:\/\/blog.guruwalk.com\/wp-content\/uploads\/gw-products\/flags\/it.svg\" alt=\"IT\" loading=\"lazy\" width=\"22\" height=\"16\" \/><\/span><span class=\"gw-flag\" title=\"PT\"><img decoding=\"async\" class=\"gw-flag-img\" src=\"https:\/\/blog.guruwalk.com\/wp-content\/uploads\/gw-products\/flags\/pt.svg\" alt=\"PT\" loading=\"lazy\" width=\"22\" height=\"16\" \/><\/span><\/div><\/div><div class=\"gw-card__body\"><h3 class=\"gw-card__title\">Santiago: Visita a la catedral y al museo. \u00a1Sin colas!<\/h3><div class=\"gw-card__footer\"><div class=\"gw-card__meta\"><div class=\"gw-rating\" aria-label=\"Valoraci\u00f3n 4.7 de 5\"><span class=\"gw-star gw-star--full\" aria-hidden=\"true\">\u2605<\/span><span class=\"gw-star gw-star--full\" aria-hidden=\"true\">\u2605<\/span><span class=\"gw-star gw-star--full\" aria-hidden=\"true\">\u2605<\/span><span class=\"gw-star gw-star--full\" aria-hidden=\"true\">\u2605<\/span><span class=\"gw-star gw-star--half\" aria-hidden=\"true\">\u2606<\/span><span class=\"gw-rating__count\">4,7 (2353)<\/span><\/div><\/div><div class=\"gw-card__price\">Desde \u20ac25,00<\/div><\/div><\/div><a class=\"gw-card__link\" href=\"https:\/\/www.guruwalk.com\/es\/walks\/p109878-santiago-visita-a-la-catedral-y-al-museo-sin-colas-cGFub3B0ZXM\" target=\"_blank\" rel=\"noopener\" aria-label=\"Santiago: Visita a la catedral y al museo. \u00a1Sin colas!\"><\/a><\/article><\/div><div class=\"gw-vertical-link-container\"><a href=\"https:\/\/www.guruwalk.com\/es\/a\/santiago-de-compostela\/v71557-catedral-visitas-guiadas-santiago-de-compostela-1\" target=\"_blank\" rel=\"noopener\" style=\"font-weight: bold;\">+ Catedral: Visitas Guiadas Santiago de Compostela<\/a><\/div><\/div>\n\n\n<h2 class=\"wp-block-heading\" id=\"centro-gallego-de-arte-contemporaneo\">Centro Gallego de Arte Contempor\u00e1neo<\/h2>\n\n\n\n<figure class=\"wp-block-image size-large\"><img decoding=\"async\" width=\"768\" height=\"1024\" src=\"https:\/\/blog.guruwalk.com\/wp-content\/uploads\/2025\/03\/image-171-768x1024.webp\" alt=\"Visitantes ante una exposici\u00f3n del Centro Gallego de Arte Contempor\u00e1neo en Santiago de Compostela\" class=\"wp-image-7561\" srcset=\"https:\/\/blog.guruwalk.com\/wp-content\/uploads\/2025\/03\/image-171-768x1024.webp 768w, https:\/\/blog.guruwalk.com\/wp-content\/uploads\/2025\/03\/image-171-225x300.webp 225w, https:\/\/blog.guruwalk.com\/wp-content\/uploads\/2025\/03\/image-171-1152x1536.webp 1152w, https:\/\/blog.guruwalk.com\/wp-content\/uploads\/2025\/03\/image-171.webp 1200w\" sizes=\"(max-width: 768px) 100vw, 768px\" \/><figcaption class=\"wp-element-caption\">Centro Gallego de Arte Contempor\u00e1neo<\/figcaption><\/figure>\n\n\n\n<p class=\"wp-block-paragraph\">El <strong>Centro Gallego de Arte Contempor\u00e1neo<\/strong> (CGAC) es uno de los principales espacios dedicados al arte contempor\u00e1neo en Santiago de Compostela. Inaugurado en 1993, presenta obras y proyectos de <strong>artistas gallegos e internacionales<\/strong>.<\/p>\n\n\n\n<p class=\"wp-block-paragraph\">El edificio fue dise\u00f1ado por el arquitecto <strong>\u00c1lvaro Siza<\/strong>. La piedra, los vol\u00famenes y la entrada de luz establecen un di\u00e1logo con el convento de Bonaval y con la arquitectura hist\u00f3rica pr\u00f3xima.<\/p>\n\n\n\n<p class=\"wp-block-paragraph\">La programaci\u00f3n incluye <strong>exposiciones temporales<\/strong>, actividades educativas, instalaciones y propuestas vinculadas a distintos lenguajes art\u00edsticos. El contenido cambia, por lo que resulta \u00fatil revisar la agenda antes de la visita.<\/p>\n\n\n\n<p class=\"wp-block-paragraph\">El centro desarrolla talleres y programas para p\u00fablicos diversos. Consulta las condiciones de inscripci\u00f3n cuando una actividad concreta te interese.<\/p>\n\n\n\n<p class=\"wp-block-paragraph\">El CGAC est\u00e1 junto al parque de Bonaval y cerca del Museo do Pobo Galego, de modo que los tres espacios pueden organizarse en un mismo tramo del recorrido.<\/p>\n\n\n\n<h3 class=\"wp-block-heading\">Consejos para tu visita<\/h3>\n\n\n\n<ul class=\"wp-block-list\">\n<li><strong>Revisa las exposiciones:<\/strong> la programaci\u00f3n temporal determina buena parte de la experiencia.<\/li>\n\n\n\n<li><strong>Observa el edificio:<\/strong> presta atenci\u00f3n a la relaci\u00f3n entre los recorridos interiores, la luz y el entorno de Bonaval.<\/li>\n\n\n\n<li><strong>Consulta actividades:<\/strong> algunas visitas, talleres o encuentros pueden requerir inscripci\u00f3n.<\/li>\n\n\n\n<li><strong>Combina la zona:<\/strong> el Museo do Pobo Galego y el parque de Bonaval quedan a poca distancia.<\/li>\n<\/ul>\n\n\n\n<h2 class=\"wp-block-heading\" id=\"monasterio-de-san-martin-pinario\">Monasterio de San Mart\u00edn Pinario<\/h2>\n\n\n\n<figure class=\"wp-block-image size-large\"><img decoding=\"async\" width=\"768\" height=\"1024\" src=\"https:\/\/blog.guruwalk.com\/wp-content\/uploads\/2025\/03\/image-172-768x1024.webp\" alt=\"Monasterio de San Mart\u00edn Pinario en Santiago de Compostela\" class=\"wp-image-7569\" srcset=\"https:\/\/blog.guruwalk.com\/wp-content\/uploads\/2025\/03\/image-172-768x1024.webp 768w, https:\/\/blog.guruwalk.com\/wp-content\/uploads\/2025\/03\/image-172-225x300.webp 225w, https:\/\/blog.guruwalk.com\/wp-content\/uploads\/2025\/03\/image-172-1152x1536.webp 1152w, https:\/\/blog.guruwalk.com\/wp-content\/uploads\/2025\/03\/image-172.webp 1200w\" sizes=\"(max-width: 768px) 100vw, 768px\" \/><figcaption class=\"wp-element-caption\">Monasterio de San Mart\u00edn Pinario<\/figcaption><\/figure>\n\n\n\n<p class=\"wp-block-paragraph\">El <strong>Monasterio de San Mart\u00edn Pinario<\/strong> es uno de los grandes conjuntos del <strong>barroco gallego<\/strong> en Santiago de Compostela. Su historia est\u00e1 vinculada a la comunidad benedictina y al desarrollo religioso y cultural de la ciudad.<\/p>\n\n\n\n<p class=\"wp-block-paragraph\">La <strong>fachada<\/strong>, la iglesia y el retablo muestran distintos recursos del barroco. La escala del conjunto se aprecia al recorrer la plaza de la Inmaculada y comparar el monasterio con la fachada norte de la Catedral.<\/p>\n\n\n\n<p class=\"wp-block-paragraph\">Los claustros y dependencias interiores reflejan la organizaci\u00f3n hist\u00f3rica del monasterio. No todas las zonas tienen necesariamente acceso tur\u00edstico, as\u00ed que conviene confirmar el recorrido disponible.<\/p>\n\n\n\n<p class=\"wp-block-paragraph\">El conjunto alberga espacios muse\u00edsticos relacionados con su historia y con el arte religioso. Consulta disponibilidad, condiciones de entrada y posibles restricciones antes de incorporarlo al itinerario.<\/p>\n\n\n\n<p class=\"wp-block-paragraph\">Su proximidad a la Catedral permite combinar ambos monumentos, aunque una visita interior detallada requiere m\u00e1s tiempo que una simple observaci\u00f3n exterior.<\/p>\n\n\n\n<h2 class=\"wp-block-heading\" id=\"rua-do-franco\">R\u00faa do Franco<\/h2>\n\n\n\n<figure class=\"wp-block-image size-large\"><img decoding=\"async\" width=\"1024\" height=\"576\" src=\"https:\/\/blog.guruwalk.com\/wp-content\/uploads\/2025\/03\/image-173-1024x576.webp\" alt=\"R\u00faa do Franco en el casco hist\u00f3rico de Santiago de Compostela\" class=\"wp-image-7577\" srcset=\"https:\/\/blog.guruwalk.com\/wp-content\/uploads\/2025\/03\/image-173-1024x576.webp 1024w, https:\/\/blog.guruwalk.com\/wp-content\/uploads\/2025\/03\/image-173-300x169.webp 300w, https:\/\/blog.guruwalk.com\/wp-content\/uploads\/2025\/03\/image-173-768x432.webp 768w, https:\/\/blog.guruwalk.com\/wp-content\/uploads\/2025\/03\/image-173.webp 1200w\" sizes=\"(max-width: 1024px) 100vw, 1024px\" \/><figcaption class=\"wp-element-caption\">R\u00faa do Franco<\/figcaption><\/figure>\n\n\n\n<p class=\"wp-block-paragraph\">La <strong>R\u00faa do Franco<\/strong> es una de las calles m\u00e1s conocidas del casco hist\u00f3rico de Santiago de Compostela por su concentraci\u00f3n de bares y restaurantes. Su trazado forma parte de los recorridos peatonales pr\u00f3ximos a la Catedral.<\/p>\n\n\n\n<p class=\"wp-block-paragraph\">La oferta gastron\u00f3mica incluye <strong>tapas gallegas<\/strong>, pulpo, empanada, pescados y mariscos, aunque la carta depende de cada establecimiento. Compara opciones y revisa precios antes de pedir.<\/p>\n\n\n\n<p class=\"wp-block-paragraph\">Al caer la tarde aumenta la actividad en bares y terrazas. Si buscas un paseo m\u00e1s tranquilo, contin\u00faa por las calles paralelas y vuelve despu\u00e9s para comer o cenar.<\/p>\n\n\n\n<p class=\"wp-block-paragraph\">La calle conserva edificios de piedra y bajos comerciales vinculados a la historia hostelera de la ciudad. Su cercan\u00eda a la Catedral permite combinar gastronom\u00eda y patrimonio sin desplazamientos largos.<\/p>\n\n\n\n<h2 class=\"wp-block-heading\" id=\"calle-del-vilar\">Calle del Vilar<\/h2>\n\n\n\n<figure class=\"wp-block-image size-large\"><img decoding=\"async\" width=\"1024\" height=\"683\" src=\"https:\/\/blog.guruwalk.com\/wp-content\/uploads\/2025\/03\/image-174-1024x683.webp\" alt=\"Calle del Vilar de Santiago de Compostela iluminada de noche, con soportales de piedra\" class=\"wp-image-7585\" srcset=\"https:\/\/blog.guruwalk.com\/wp-content\/uploads\/2025\/03\/image-174-1024x683.webp 1024w, https:\/\/blog.guruwalk.com\/wp-content\/uploads\/2025\/03\/image-174-300x200.webp 300w, https:\/\/blog.guruwalk.com\/wp-content\/uploads\/2025\/03\/image-174-768x512.webp 768w, https:\/\/blog.guruwalk.com\/wp-content\/uploads\/2025\/03\/image-174.webp 1200w\" sizes=\"(max-width: 1024px) 100vw, 1024px\" \/><figcaption class=\"wp-element-caption\">Calle del Vilar<\/figcaption><\/figure>\n\n\n\n<p class=\"wp-block-paragraph\">La <strong>Calle del Vilar<\/strong> atraviesa el casco hist\u00f3rico de <strong>Santiago de Compostela<\/strong> y conserva soportales, fachadas de piedra y galer\u00edas acristaladas. Es una v\u00eda \u00fatil para desplazarse entre las plazas y observar la arquitectura urbana.<\/p>\n\n\n\n<p class=\"wp-block-paragraph\">A lo largo de la calle hay bares, restaurantes, comercios y edificios institucionales. Las <strong>galer\u00edas<\/strong> de las plantas superiores son uno de los elementos arquitect\u00f3nicos caracter\u00edsticos del recorrido.<\/p>\n\n\n\n<p class=\"wp-block-paragraph\">Tambi\u00e9n hay tiendas de artesan\u00eda y productos relacionados con el <strong>Camino de Santiago<\/strong>. Antes de comprar, comprueba el origen y las caracter\u00edsticas del art\u00edculo si buscas producci\u00f3n local.<\/p>\n\n\n\n<p class=\"wp-block-paragraph\">La proximidad a la <strong>Catedral de Santiago<\/strong> permite incorporar la calle a cualquier itinerario por el centro. Los soportales resultan especialmente \u00fatiles cuando llueve.<\/p>\n\n\n<div class=\"gb-container gb-container-c5f15831\">\n\n<h3 class=\"wp-block-heading\">Consejo de gu\u00eda local experto<\/h3>\n\n<\/div>\n\n\n<blockquote class=\"wp-block-quote is-layout-flow wp-block-quote-is-layout-flow\">\n<p class=\"wp-block-paragraph\">Observa las galer\u00edas, los soportales y las diferencias entre las fachadas. Estos elementos muestran c\u00f3mo la arquitectura de la calle responde tanto al clima de Santiago como a sus usos comerciales y residenciales.<\/p>\n\n\n\n<p class=\"wp-block-paragraph\">Vicente Ortiz<\/p>\n<\/blockquote>\n\n\n\n<h2 class=\"wp-block-heading\" id=\"palacio-de-raxoi\">Palacio de Raxoi<\/h2>\n\n\n\n<figure class=\"wp-block-image size-large\"><img decoding=\"async\" width=\"768\" height=\"1024\" src=\"https:\/\/blog.guruwalk.com\/wp-content\/uploads\/2025\/03\/image-175-768x1024.webp\" alt=\"Fachada del Palacio de Raxoi en Santiago de Compostela, con visitantes en la Plaza del Obradoiro\" class=\"wp-image-7593\" srcset=\"https:\/\/blog.guruwalk.com\/wp-content\/uploads\/2025\/03\/image-175-768x1024.webp 768w, https:\/\/blog.guruwalk.com\/wp-content\/uploads\/2025\/03\/image-175-225x300.webp 225w, https:\/\/blog.guruwalk.com\/wp-content\/uploads\/2025\/03\/image-175-1152x1536.webp 1152w, https:\/\/blog.guruwalk.com\/wp-content\/uploads\/2025\/03\/image-175.webp 1200w\" sizes=\"(max-width: 768px) 100vw, 768px\" \/><figcaption class=\"wp-element-caption\">Palacio de Raxoi<\/figcaption><\/figure>\n\n\n\n<p class=\"wp-block-paragraph\">El <strong>Palacio de Raxoi<\/strong> ocupa uno de los lados de la Plaza del Obradoiro. Construido en el siglo XVIII, destaca por su <strong>arquitectura neocl\u00e1sica<\/strong> y por albergar el <strong>Ayuntamiento de Santiago<\/strong> y dependencias institucionales.<\/p>\n\n\n\n<p class=\"wp-block-paragraph\">La fachada presenta una composici\u00f3n ordenada de columnas, ventanas y un balc\u00f3n central. Su horizontalidad contrasta con las torres de la Catedral situadas al otro lado de la plaza.<\/p>\n\n\n\n<p class=\"wp-block-paragraph\">Al tratarse de un edificio administrativo, el acceso interior no debe asumirse como libre. Las exposiciones, actos o visitas dependen de la programaci\u00f3n institucional.<\/p>\n\n\n\n<p class=\"wp-block-paragraph\">El mejor modo de incorporarlo al recorrido es observarlo desde distintos puntos del Obradoiro y relacionarlo con la Catedral, el antiguo hospital y el Colegio de San Xerome.<\/p>\n\n\n\n<h3 class=\"wp-block-heading\">Claves para observar el Palacio de Raxoi<\/h3>\n\n\n\n<ul class=\"wp-block-list\">\n<li><strong>Funci\u00f3n:<\/strong> recuerda que sigue albergando instituciones p\u00fablicas y respeta las indicaciones de acceso.<\/li>\n\n\n\n<li><strong>Composici\u00f3n:<\/strong> compara la fachada neocl\u00e1sica con el barroco de la Catedral.<\/li>\n\n\n\n<li><strong>Visitas:<\/strong> consulta la disponibilidad de actividades p\u00fablicas; no todas las dependencias son visitables.<\/li>\n\n\n\n<li><strong>Entorno:<\/strong> la lectura del edificio mejora al contemplar el conjunto completo de la Plaza del Obradoiro.<\/li>\n<\/ul>\n\n\n\n<h2 class=\"wp-block-heading\" id=\"casa-de-la-troya\">Casa de la Troya<\/h2>\n\n\n\n<figure class=\"wp-block-image size-large\"><img decoding=\"async\" width=\"1024\" height=\"768\" src=\"https:\/\/blog.guruwalk.com\/wp-content\/uploads\/2025\/03\/image-176-1024x768.webp\" alt=\"Casa de la Troya en el casco hist\u00f3rico de Santiago de Compostela\" class=\"wp-image-7601\" srcset=\"https:\/\/blog.guruwalk.com\/wp-content\/uploads\/2025\/03\/image-176-1024x768.webp 1024w, https:\/\/blog.guruwalk.com\/wp-content\/uploads\/2025\/03\/image-176-300x225.webp 300w, https:\/\/blog.guruwalk.com\/wp-content\/uploads\/2025\/03\/image-176-768x576.webp 768w, https:\/\/blog.guruwalk.com\/wp-content\/uploads\/2025\/03\/image-176.webp 1200w\" sizes=\"(max-width: 1024px) 100vw, 1024px\" \/><figcaption class=\"wp-element-caption\">Casa de la Troya<\/figcaption><\/figure>\n\n\n\n<p class=\"wp-block-paragraph\">La <strong>Casa de la Troya<\/strong> es un edificio del casco hist\u00f3rico relacionado con la vida estudiantil compostelana y con la novela hom\u00f3nima de Alejandro P\u00e9rez Lug\u00edn. La visita ayuda a conocer el ambiente de las antiguas pensiones universitarias.<\/p>\n\n\n\n<p class=\"wp-block-paragraph\">La fachada y los interiores conservan elementos vinculados a la arquitectura dom\u00e9stica de la \u00e9poca. El mobiliario y la distribuci\u00f3n recrean la vida de los estudiantes que se alojaban en la ciudad.<\/p>\n\n\n\n<p class=\"wp-block-paragraph\">Adem\u00e1s de su dimensi\u00f3n literaria, el espacio puede acoger actividades culturales. Comprueba la apertura y las condiciones de acceso, ya que no conviene incorporarlo a un itinerario corto sin confirmar que puede visitarse.<\/p>\n\n\n\n<p class=\"wp-block-paragraph\">Su ubicaci\u00f3n permite combinarlo con la Plaza de la Quintana, San Mart\u00edn Pinario y las calles pr\u00f3ximas a la Catedral.<\/p>\n\n\n\n<p class=\"wp-block-paragraph\">Si quieres ampliar el viaje con visitas guiadas, excursiones o propuestas reservables, consulta las <a href=\"https:\/\/www.guruwalk.com\/es\/a\/santiago-de-compostela\" target=\"_blank\" rel=\"noopener\">actividades en Santiago de Compostela<\/a> y comprueba la disponibilidad para tus fechas.<\/p>\n\n\n<div class=\"gw-products-block gw-hub-block\"><div class=\"gw-verticals-pills\" aria-live=\"polite\"><div class=\"gw-vertical-pill\" data-rank=\"99\"><a class=\"gw-card__link\" href=\"https:\/\/www.guruwalk.com\/es\/a\/santiago-de-compostela\/v71557-catedral-visitas-guiadas-santiago-de-compostela-1\" target=\"_blank\" rel=\"noopener\" aria-label=\"Catedral: Visitas Guiadas Santiago de Compostela\"><\/a><span class=\"gw-vertical-pill-text\">Catedral: Visitas Guiadas Santiago de Compostela<\/span><\/div><div class=\"gw-vertical-pill\" data-rank=\"99\"><a class=\"gw-card__link\" href=\"https:\/\/www.guruwalk.com\/es\/a\/santiago-de-compostela\/v71556-catedral-entradas-santiago-de-compostela\" target=\"_blank\" rel=\"noopener\" aria-label=\"Catedral: Entradas\"><\/a><span class=\"gw-vertical-pill-text\">Catedral: Entradas<\/span><\/div><div class=\"gw-vertical-pill\" data-rank=\"99\"><a class=\"gw-card__link\" href=\"https:\/\/www.guruwalk.com\/es\/a\/santiago-de-compostela\/v71559-excursiones-de-un-dia-santiago-de-compostela\" target=\"_blank\" rel=\"noopener\" aria-label=\"Excursiones de un D\u00eda\"><\/a><span class=\"gw-vertical-pill-text\">Excursiones de un D\u00eda<\/span><\/div><div class=\"gw-vertical-pill\" data-rank=\"99\"><a class=\"gw-card__link\" href=\"https:\/\/www.guruwalk.com\/es\/a\/santiago-de-compostela\/v101884-excursiones-a-ribeira-sacra-1\" target=\"_blank\" rel=\"noopener\" aria-label=\"Excursiones a Ribeira Sacra\"><\/a><span class=\"gw-vertical-pill-text\">Excursiones a Ribeira Sacra<\/span><\/div><div class=\"gw-vertical-pill\" data-rank=\"99\"><a class=\"gw-card__link\" href=\"https:\/\/www.guruwalk.com\/es\/a\/santiago-de-compostela\/v101886-excursiones-a-ourense\" target=\"_blank\" rel=\"noopener\" aria-label=\"Excursiones a Ourense\"><\/a><span class=\"gw-vertical-pill-text\">Excursiones a Ourense<\/span><\/div><div class=\"gw-vertical-pill\" data-rank=\"99\"><a class=\"gw-card__link\" href=\"https:\/\/www.guruwalk.com\/es\/a\/santiago-de-compostela\/v101883-excursiones-a-rias-baixas-1\" target=\"_blank\" rel=\"noopener\" aria-label=\"Excursiones a R\u00edas Baixas\"><\/a><span class=\"gw-vertical-pill-text\">Excursiones a R\u00edas Baixas<\/span><\/div><div class=\"gw-vertical-pill\" data-rank=\"99\"><a class=\"gw-card__link\" href=\"https:\/\/www.guruwalk.com\/es\/a\/santiago-de-compostela\/v101890-excursiones-a-isla-de-arousa\" target=\"_blank\" rel=\"noopener\" aria-label=\"Excursiones a Isla de Arousa\"><\/a><span class=\"gw-vertical-pill-text\">Excursiones a Isla de Arousa<\/span><\/div><div class=\"gw-vertical-pill\" data-rank=\"99\"><a class=\"gw-card__link\" href=\"https:\/\/www.guruwalk.com\/es\/a\/santiago-de-compostela\/v101891-excursiones-a-combarro\" target=\"_blank\" rel=\"noopener\" aria-label=\"Excursiones a Combarro\"><\/a><span class=\"gw-vertical-pill-text\">Excursiones a Combarro<\/span><\/div><div class=\"gw-vertical-pill\" data-rank=\"99\"><a class=\"gw-card__link\" href=\"https:\/\/www.guruwalk.com\/es\/a\/santiago-de-compostela\/v71558-tours-por-el-casco-historico-santiago-de-compostela-1\" target=\"_blank\" rel=\"noopener\" aria-label=\"Visitas Guiadas en Santiago de Compostela\"><\/a><span class=\"gw-vertical-pill-text\">Visitas Guiadas en Santiago de Compostela<\/span><\/div><div class=\"gw-vertical-pill\" data-rank=\"99\"><a class=\"gw-card__link\" href=\"https:\/\/www.guruwalk.com\/es\/a\/santiago-de-compostela\/v71560-camino-de-santiago-santiago-de-compostela\" target=\"_blank\" rel=\"noopener\" aria-label=\"Camino de Santiago\"><\/a><span class=\"gw-vertical-pill-text\">Camino de Santiago<\/span><\/div><\/div><\/div>\n\n\n<!-- FAQ markup (sin Rank Math) -->\n<section id=\"faq-santiago\" class=\"faq\">\n  <h2 id=\"preguntas-frecuentes-sobre-santiago-de-compostela\">Preguntas frecuentes sobre Santiago de Compostela<\/h2>\n\n  <article class=\"faq-item\">\n    <h3>\u00bfQu\u00e9 lugares conviene visitar en Santiago de Compostela?<\/h3>\n    <p>La <a href=\"#catedral-de-santiago-de-compostela\">Catedral de Santiago de Compostela<\/a> y la <a href=\"#plaza-del-obradoiro\">Plaza del Obradoiro<\/a> forman el n\u00facleo principal. El <a href=\"#parque-de-la-alameda\">Parque de la Alameda<\/a> permite completar el recorrido con vistas al casco hist\u00f3rico.<\/p>\n  <\/article>\n\n  <article class=\"faq-item\">\n    <h3>\u00bfCu\u00e1les son algunos museos interesantes en la ciudad?<\/h3>\n    <p>El <a href=\"#museo-del-pueblo-gallego\">Museo del Pueblo Gallego<\/a> explica la cultura de Galicia; el <a href=\"#museo-de-la-catedral\">Museo de la Catedral<\/a> se centra en el patrimonio del templo, y el <a href=\"#centro-gallego-de-arte-contemporaneo\">Centro Gallego de Arte Contempor\u00e1neo<\/a> ofrece programaci\u00f3n art\u00edstica cambiante.<\/p>\n  <\/article>\n\n  <article class=\"faq-item\">\n    <h3>\u00bfQu\u00e9 actividades al aire libre se pueden hacer en Santiago?<\/h3>\n    <p>Puedes recorrer el <a href=\"#parque-de-la-alameda\">Parque de la Alameda<\/a>, pasear por Bonaval y enlazar las calles peatonales del casco hist\u00f3rico, como la <a href=\"#rua-do-franco\">R\u00faa do Franco<\/a> y la Calle del Vilar.<\/p>\n  <\/article>\n\n  <article class=\"faq-item\">\n    <h3>\u00bfD\u00f3nde se puede probar la gastronom\u00eda local?<\/h3>\n    <p>El <a href=\"#mercado-de-abastos\">Mercado de Abastos<\/a> re\u00fane producto fresco y establecimientos gastron\u00f3micos. La <a href=\"#calle-del-vilar\">Calle del Vilar<\/a> y la R\u00faa do Franco tambi\u00e9n concentran bares y restaurantes de cocina gallega.<\/p>\n  <\/article>\n\n  <article class=\"faq-item\">\n    <h3>\u00bfQu\u00e9 monumentos hist\u00f3ricos se pueden visitar?<\/h3>\n    <p>Adem\u00e1s de la Catedral, destacan el <a href=\"#monasterio-de-san-martin-pinario\">Monasterio de San Mart\u00edn Pinario<\/a>, la <a href=\"#colegiata-del-sar\">Colegiata del Sar<\/a> y el <a href=\"#palacio-de-raxoi\">Palacio de Raxoi<\/a>. Comprueba el acceso interior y las reservas antes de organizar el d\u00eda.<\/p>\n  <\/article>\n\n  <article class=\"faq-item\">\n    <h3>\u00bfExisten alojamientos hist\u00f3ricos en la ciudad?<\/h3>\n    <p>El <a href=\"#hostal-dos-reis-catolicos\">Hostal dos Reis Cat\u00f3licos<\/a> funciona actualmente como hotel y ocupa el antiguo hospital de peregrinos situado en el Obradoiro. La <a href=\"#casa-de-la-troya\">Casa de la Troya<\/a> es un museo relacionado con la vida estudiantil, no un alojamiento tur\u00edstico actual.<\/p>\n  <\/article>\n<\/section>\n\n<!-- JSON-LD Schema FAQ -->\n<script type=\"application\/ld+json\">\n{\n  \"@context\": \"https:\/\/schema.org\",\n  \"@type\": \"FAQPage\",\n  \"mainEntity\": [\n    {\n      \"@type\": \"Question\",\n      \"name\": \"\u00bfQu\u00e9 lugares conviene visitar en Santiago de Compostela?\",\n      \"acceptedAnswer\": {\n        \"@type\": \"Answer\",\n        \"text\": \"La Catedral de Santiago de Compostela y la Plaza del Obradoiro forman el n\u00facleo principal. El Parque de la Alameda completa el recorrido con vistas al casco hist\u00f3rico.\"\n      }\n    },\n    {\n      \"@type\": \"Question\",\n      \"name\": \"\u00bfCu\u00e1les son algunos museos interesantes en la ciudad?\",\n      \"acceptedAnswer\": {\n        \"@type\": \"Answer\",\n        \"text\": \"El Museo del Pueblo Gallego, el Museo de la Catedral y el Centro Gallego de Arte Contempor\u00e1neo permiten conocer distintas facetas de la historia y el arte de Galicia.\"\n      }\n    },\n    {\n      \"@type\": \"Question\",\n      \"name\": \"\u00bfQu\u00e9 actividades al aire libre se pueden hacer en Santiago?\",\n      \"acceptedAnswer\": {\n        \"@type\": \"Answer\",\n        \"text\": \"Se puede recorrer el Parque de la Alameda, pasear por Bonaval y enlazar las calles peatonales del casco hist\u00f3rico.\"\n      }\n    },\n    {\n      \"@type\": \"Question\",\n      \"name\": \"\u00bfD\u00f3nde se puede probar la gastronom\u00eda local?\",\n      \"acceptedAnswer\": {\n        \"@type\": \"Answer\",\n        \"text\": \"El Mercado de Abastos re\u00fane producto fresco y establecimientos gastron\u00f3micos. La Calle del Vilar y la R\u00faa do Franco tambi\u00e9n concentran bares y restaurantes.\"\n      }\n    },\n    {\n      \"@type\": \"Question\",\n      \"name\": \"\u00bfQu\u00e9 monumentos hist\u00f3ricos se pueden visitar?\",\n      \"acceptedAnswer\": {\n        \"@type\": \"Answer\",\n        \"text\": \"Adem\u00e1s de la Catedral, destacan el Monasterio de San Mart\u00edn Pinario, la Colegiata del Sar y el Palacio de Raxoi. Conviene comprobar accesos y reservas.\"\n      }\n    },\n    {\n      \"@type\": \"Question\",\n      \"name\": \"\u00bfExisten alojamientos hist\u00f3ricos en la ciudad?\",\n      \"acceptedAnswer\": {\n        \"@type\": \"Answer\",\n        \"text\": \"El Hostal dos Reis Cat\u00f3licos funciona como hotel en el antiguo hospital de peregrinos. La Casa de la Troya es actualmente un museo relacionado con la vida estudiantil.\"\n      }\n    }\n  ]\n}\n<\/script>\n\n\n\n\n<p class=\"wp-block-paragraph\"><\/p>\n","protected":false},"excerpt":{"rendered":"<p>La gu\u00eda organiza una ruta por la Catedral, el Obradoiro, el Mercado de Abastos, la Alameda y las calles hist\u00f3ricas de Santiago.<\/p>\n","protected":false},"author":2,"featured_media":18251,"comment_status":"closed","ping_status":"open","sticky":false,"template":"","format":"standard","meta":{"footnotes":""},"categories":[312,102,82],"tags":[460,359,376,362],"class_list":["post-7488","post","type-post","status-publish","format-standard","has-post-thumbnail","hentry","category-santiago-de-compostela","category-espana","category-europa","tag-guias-2","tag-que-ver","tag-tier-fijo","tag-tier-1","generate-columns","tablet-grid-50","mobile-grid-100","grid-parent","grid-33"],"_links":{"self":[{"href":"https:\/\/blog.guruwalk.com\/es\/wp-json\/wp\/v2\/posts\/7488","targetHints":{"allow":["GET"]}}],"collection":[{"href":"https:\/\/blog.guruwalk.com\/es\/wp-json\/wp\/v2\/posts"}],"about":[{"href":"https:\/\/blog.guruwalk.com\/es\/wp-json\/wp\/v2\/types\/post"}],"author":[{"embeddable":true,"href":"https:\/\/blog.guruwalk.com\/es\/wp-json\/wp\/v2\/users\/2"}],"replies":[{"embeddable":true,"href":"https:\/\/blog.guruwalk.com\/es\/wp-json\/wp\/v2\/comments?post=7488"}],"version-history":[{"count":7,"href":"https:\/\/blog.guruwalk.com\/es\/wp-json\/wp\/v2\/posts\/7488\/revisions"}],"predecessor-version":[{"id":46840,"href":"https:\/\/blog.guruwalk.com\/es\/wp-json\/wp\/v2\/posts\/7488\/revisions\/46840"}],"wp:featuredmedia":[{"embeddable":true,"href":"https:\/\/blog.guruwalk.com\/es\/wp-json\/wp\/v2\/media\/18251"}],"wp:attachment":[{"href":"https:\/\/blog.guruwalk.com\/es\/wp-json\/wp\/v2\/media?parent=7488"}],"wp:term":[{"taxonomy":"category","embeddable":true,"href":"https:\/\/blog.guruwalk.com\/es\/wp-json\/wp\/v2\/categories?post=7488"},{"taxonomy":"post_tag","embeddable":true,"href":"https:\/\/blog.guruwalk.com\/es\/wp-json\/wp\/v2\/tags?post=7488"}],"curies":[{"name":"wp","href":"https:\/\/api.w.org\/{rel}","templated":true}]}}