{"id":8144,"date":"2026-08-26T00:04:03","date_gmt":"2026-08-25T23:04:03","guid":{"rendered":"https:\/\/blog.guruwalk.com\/?p=8144"},"modified":"2026-08-27T13:03:32","modified_gmt":"2026-08-27T12:03:32","slug":"que-ver-en-medellin","status":"publish","type":"post","link":"https:\/\/blog.guruwalk.com\/es\/que-ver-en-medellin\/","title":{"rendered":"Qu\u00e9 ver en Medell\u00edn | Gu\u00eda de Imprescindibles"},"content":{"rendered":"\n<p class=\"wp-block-paragraph\">\u00bfQu\u00e9 ver en Medell\u00edn? La Comuna 13, la Plaza Botero y el Parque Arv\u00ed permiten recorrer su arte urbano, su historia y el paisaje del Valle de Aburr\u00e1. Esta gu\u00eda organiza los lugares principales, los barrios m\u00e1s pr\u00e1cticos y varias excursiones; para situarte al llegar, puedes reservar un <a href=\"https:\/\/www.guruwalk.com\/es\/medellin\" target=\"_blank\" rel=\"noopener\">free tour en Medell\u00edn<\/a>.<\/p>\n\n\n\n<p style='font-size:0.85em;color:#666;border-left:3px solid #ddd;padding:4px 0 4px 12px;margin:12px 0'><strong>Datos verificados: agosto 2026<\/strong> \u2014 Precios, horarios y requisitos de reserva comprobados con fuentes oficiales. Los gurus de GuruWalk en Medell\u00edn revisaron las recomendaciones pr\u00e1cticas.<\/p>\n\n\n<div class=\"qvgw-indimg-places-grid\" id=\"qvgw-indimg-places-grid-2\" data-iib-headings=\"[{&quot;id&quot;:&quot;mejores-free-tours&quot;,&quot;position&quot;:0,&quot;title&quot;:&quot;Mejores free tours en Medell\\u00edn&quot;},{&quot;id&quot;:&quot;medellin-un-dia&quot;,&quot;position&quot;:1,&quot;title&quot;:&quot;Qu\\u00e9 ver en Medell\\u00edn en un d\\u00eda&quot;},{&quot;id&quot;:&quot;medellin-tres-dias&quot;,&quot;position&quot;:2,&quot;title&quot;:&quot;Qu\\u00e9 ver en Medell\\u00edn en 3 d\\u00edas&quot;},{&quot;id&quot;:&quot;comuna-13&quot;,&quot;position&quot;:3,&quot;title&quot;:&quot;Comuna 13&quot;},{&quot;id&quot;:&quot;parque-arvi&quot;,&quot;position&quot;:4,&quot;title&quot;:&quot;Parque Arv\\u00ed&quot;},{&quot;id&quot;:&quot;parque-explora&quot;,&quot;position&quot;:5,&quot;title&quot;:&quot;Parque Explora&quot;},{&quot;id&quot;:&quot;museo-antioquia&quot;,&quot;position&quot;:6,&quot;title&quot;:&quot;Museo de Antioquia&quot;},{&quot;id&quot;:&quot;plaza-botero&quot;,&quot;position&quot;:7,&quot;title&quot;:&quot;Plaza Botero&quot;},{&quot;id&quot;:&quot;jardin-botanico&quot;,&quot;position&quot;:8,&quot;title&quot;:&quot;Jard\\u00edn Bot\\u00e1nico Joaqu\\u00edn Antonio Uribe&quot;},{&quot;id&quot;:&quot;museo-castillo&quot;,&quot;position&quot;:9,&quot;title&quot;:&quot;Museo El Castillo&quot;},{&quot;id&quot;:&quot;parque-pies-descalzos&quot;,&quot;position&quot;:10,&quot;title&quot;:&quot;Parque de los Pies Descalzos&quot;},{&quot;id&quot;:&quot;parque-bolivar&quot;,&quot;position&quot;:11,&quot;title&quot;:&quot;Parque de Bol\\u00edvar&quot;},{&quot;id&quot;:&quot;pueblito-paisa&quot;,&quot;position&quot;:12,&quot;title&quot;:&quot;Pueblito Paisa&quot;},{&quot;id&quot;:&quot;palacio-nacional&quot;,&quot;position&quot;:13,&quot;title&quot;:&quot;Palacio Nacional&quot;},{&quot;id&quot;:&quot;metrocable&quot;,&quot;position&quot;:14,&quot;title&quot;:&quot;Metrocable: vistas panor\\u00e1micas de la ciudad&quot;},{&quot;id&quot;:&quot;catedral&quot;,&quot;position&quot;:15,&quot;title&quot;:&quot;Catedral Metropolitana&quot;},{&quot;id&quot;:&quot;zoo-santafe&quot;,&quot;position&quot;:16,&quot;title&quot;:&quot;Parque de la Conservaci\\u00f3n&quot;},{&quot;id&quot;:&quot;plaza-minorista&quot;,&quot;position&quot;:17,&quot;title&quot;:&quot;Plaza Minorista Jos\\u00e9 Mar\\u00eda Villa&quot;},{&quot;id&quot;:&quot;barrios-medellin&quot;,&quot;position&quot;:18,&quot;title&quot;:&quot;Barrios de Medell\\u00edn para pasear y alojarse&quot;},{&quot;id&quot;:&quot;excursiones-medellin&quot;,&quot;position&quot;:19,&quot;title&quot;:&quot;Excursiones desde Medell\\u00edn&quot;},{&quot;id&quot;:&quot;como-llegar&quot;,&quot;position&quot;:20,&quot;title&quot;:&quot;\\u00bfC\\u00f3mo llegar a Medell\\u00edn?&quot;},{&quot;id&quot;:&quot;preguntas-frecuentes-sobre-medellin&quot;,&quot;position&quot;:21,&quot;title&quot;:&quot;Preguntas frecuentes sobre Medell\\u00edn&quot;}]\"><div class=\"qvgw-indimg-places-cards\"><div class=\"qvgw-indimg-place-card\"><a href=\"#mejores-free-tours\" class=\"qvgw-indimg-place-card__content no-image\"><p class=\"qvgw-indimg-place-card__title\">1. Mejores free tours en Medell\u00edn<\/p><span class=\"qvgw-indimg-place-card__arrow\"><svg width=\"24\" height=\"24\" viewBox=\"0 0 24 24\" fill=\"none\" stroke=\"currentColor\" stroke-width=\"2\"><path d=\"M6 9l6 6 6-6\"><\/path><\/svg><\/span><\/a><\/div><div class=\"qvgw-indimg-place-card\"><a href=\"#medellin-un-dia\" class=\"qvgw-indimg-place-card__content\"><div class=\"qvgw-indimg-place-card__image\"><img decoding=\"async\" src=\"https:\/\/blog.guruwalk.com\/wp-content\/uploads\/2026\/08\/medellin-paisaje-urbano.webp\" alt=\"Qu\u00e9 ver en Medell\u00edn en un d\u00eda\"><\/div><p class=\"qvgw-indimg-place-card__title\">2. Qu\u00e9 ver en Medell\u00edn en un d\u00eda<\/p><span class=\"qvgw-indimg-place-card__arrow\"><svg width=\"24\" height=\"24\" viewBox=\"0 0 24 24\" fill=\"none\" stroke=\"currentColor\" stroke-width=\"2\"><path d=\"M6 9l6 6 6-6\"><\/path><\/svg><\/span><\/a><\/div><div class=\"qvgw-indimg-place-card\"><a href=\"#medellin-tres-dias\" class=\"qvgw-indimg-place-card__content no-image\"><p class=\"qvgw-indimg-place-card__title\">3. Qu\u00e9 ver en Medell\u00edn en 3 d\u00edas<\/p><span class=\"qvgw-indimg-place-card__arrow\"><svg width=\"24\" height=\"24\" viewBox=\"0 0 24 24\" fill=\"none\" stroke=\"currentColor\" stroke-width=\"2\"><path d=\"M6 9l6 6 6-6\"><\/path><\/svg><\/span><\/a><\/div><div class=\"qvgw-indimg-place-card\"><a href=\"#comuna-13\" class=\"qvgw-indimg-place-card__content\"><div class=\"qvgw-indimg-place-card__image\"><img decoding=\"async\" src=\"https:\/\/blog.guruwalk.com\/wp-content\/uploads\/2026\/06\/inline_8144.webp\" alt=\"Comuna 13\"><\/div><p class=\"qvgw-indimg-place-card__title\">4. Comuna 13<\/p><span class=\"qvgw-indimg-place-card__arrow\"><svg width=\"24\" height=\"24\" viewBox=\"0 0 24 24\" fill=\"none\" stroke=\"currentColor\" stroke-width=\"2\"><path d=\"M6 9l6 6 6-6\"><\/path><\/svg><\/span><\/a><\/div><div class=\"qvgw-indimg-place-card\"><a href=\"#parque-arvi\" class=\"qvgw-indimg-place-card__content\"><div class=\"qvgw-indimg-place-card__image\"><img decoding=\"async\" src=\"https:\/\/blog.guruwalk.com\/wp-content\/uploads\/2025\/03\/image-368.jpeg\" alt=\"Parque Arv\u00ed\"><\/div><p class=\"qvgw-indimg-place-card__title\">5. Parque Arv\u00ed<\/p><span class=\"qvgw-indimg-place-card__arrow\"><svg width=\"24\" height=\"24\" viewBox=\"0 0 24 24\" fill=\"none\" stroke=\"currentColor\" stroke-width=\"2\"><path d=\"M6 9l6 6 6-6\"><\/path><\/svg><\/span><\/a><\/div><div class=\"qvgw-indimg-place-card\"><a href=\"#parque-explora\" class=\"qvgw-indimg-place-card__content\"><div class=\"qvgw-indimg-place-card__image\"><img decoding=\"async\" src=\"https:\/\/blog.guruwalk.com\/wp-content\/uploads\/2025\/03\/image-7.png\" alt=\"Parque Explora\"><\/div><p class=\"qvgw-indimg-place-card__title\">6. Parque Explora<\/p><span class=\"qvgw-indimg-place-card__arrow\"><svg width=\"24\" height=\"24\" viewBox=\"0 0 24 24\" fill=\"none\" stroke=\"currentColor\" stroke-width=\"2\"><path d=\"M6 9l6 6 6-6\"><\/path><\/svg><\/span><\/a><\/div><div class=\"qvgw-indimg-place-card qvgw-indimg-place-card--hidden\"><a href=\"#museo-antioquia\" class=\"qvgw-indimg-place-card__content\"><div class=\"qvgw-indimg-place-card__image\"><img decoding=\"async\" src=\"https:\/\/blog.guruwalk.com\/wp-content\/uploads\/2025\/03\/image-369.jpeg\" alt=\"Museo de Antioquia\"><\/div><p class=\"qvgw-indimg-place-card__title\">7. Museo de Antioquia<\/p><span class=\"qvgw-indimg-place-card__arrow\"><svg width=\"24\" height=\"24\" viewBox=\"0 0 24 24\" fill=\"none\" stroke=\"currentColor\" stroke-width=\"2\"><path d=\"M6 9l6 6 6-6\"><\/path><\/svg><\/span><\/a><\/div><div class=\"qvgw-indimg-place-card qvgw-indimg-place-card--hidden\"><a href=\"#plaza-botero\" class=\"qvgw-indimg-place-card__content\"><div class=\"qvgw-indimg-place-card__image\"><img decoding=\"async\" src=\"https:\/\/blog.guruwalk.com\/wp-content\/uploads\/2025\/03\/art-statue-outdoor-cielo-blue-sky.webp\" alt=\"Plaza Botero\"><\/div><p class=\"qvgw-indimg-place-card__title\">8. Plaza Botero<\/p><span class=\"qvgw-indimg-place-card__arrow\"><svg width=\"24\" height=\"24\" viewBox=\"0 0 24 24\" fill=\"none\" stroke=\"currentColor\" stroke-width=\"2\"><path d=\"M6 9l6 6 6-6\"><\/path><\/svg><\/span><\/a><\/div><div class=\"qvgw-indimg-place-card qvgw-indimg-place-card--hidden\"><a href=\"#jardin-botanico\" class=\"qvgw-indimg-place-card__content\"><div class=\"qvgw-indimg-place-card__image\"><img decoding=\"async\" src=\"https:\/\/blog.guruwalk.com\/wp-content\/uploads\/2025\/03\/image-371.jpeg\" alt=\"Jard\u00edn Bot\u00e1nico Joaqu\u00edn Antonio Uribe\"><\/div><p class=\"qvgw-indimg-place-card__title\">9. Jard\u00edn Bot\u00e1nico Joaqu\u00edn Antonio Uribe<\/p><span class=\"qvgw-indimg-place-card__arrow\"><svg width=\"24\" height=\"24\" viewBox=\"0 0 24 24\" fill=\"none\" stroke=\"currentColor\" stroke-width=\"2\"><path d=\"M6 9l6 6 6-6\"><\/path><\/svg><\/span><\/a><\/div><div class=\"qvgw-indimg-place-card qvgw-indimg-place-card--hidden\"><a href=\"#museo-castillo\" class=\"qvgw-indimg-place-card__content\"><div class=\"qvgw-indimg-place-card__image\"><img decoding=\"async\" src=\"https:\/\/blog.guruwalk.com\/wp-content\/uploads\/2025\/03\/image-380.jpeg\" alt=\"Museo El Castillo\"><\/div><p class=\"qvgw-indimg-place-card__title\">10. Museo El Castillo<\/p><span class=\"qvgw-indimg-place-card__arrow\"><svg width=\"24\" height=\"24\" viewBox=\"0 0 24 24\" fill=\"none\" stroke=\"currentColor\" stroke-width=\"2\"><path d=\"M6 9l6 6 6-6\"><\/path><\/svg><\/span><\/a><\/div><div class=\"qvgw-indimg-place-card qvgw-indimg-place-card--hidden\"><a href=\"#parque-pies-descalzos\" class=\"qvgw-indimg-place-card__content\"><div class=\"qvgw-indimg-place-card__image\"><img decoding=\"async\" src=\"https:\/\/blog.guruwalk.com\/wp-content\/uploads\/2025\/03\/image-372.jpeg\" alt=\"Parque de los Pies Descalzos\"><\/div><p class=\"qvgw-indimg-place-card__title\">11. Parque de los Pies Descalzos<\/p><span class=\"qvgw-indimg-place-card__arrow\"><svg width=\"24\" height=\"24\" viewBox=\"0 0 24 24\" fill=\"none\" stroke=\"currentColor\" stroke-width=\"2\"><path d=\"M6 9l6 6 6-6\"><\/path><\/svg><\/span><\/a><\/div><div class=\"qvgw-indimg-place-card qvgw-indimg-place-card--hidden\"><a href=\"#parque-bolivar\" class=\"qvgw-indimg-place-card__content\"><div class=\"qvgw-indimg-place-card__image\"><img decoding=\"async\" src=\"https:\/\/blog.guruwalk.com\/wp-content\/uploads\/2025\/03\/image-373.jpeg\" alt=\"Parque de Bol\u00edvar\"><\/div><p class=\"qvgw-indimg-place-card__title\">12. Parque de Bol\u00edvar<\/p><span class=\"qvgw-indimg-place-card__arrow\"><svg width=\"24\" height=\"24\" viewBox=\"0 0 24 24\" fill=\"none\" stroke=\"currentColor\" stroke-width=\"2\"><path d=\"M6 9l6 6 6-6\"><\/path><\/svg><\/span><\/a><\/div><div class=\"qvgw-indimg-place-card qvgw-indimg-place-card--hidden\"><a href=\"#pueblito-paisa\" class=\"qvgw-indimg-place-card__content\"><div class=\"qvgw-indimg-place-card__image\"><img decoding=\"async\" src=\"https:\/\/blog.guruwalk.com\/wp-content\/uploads\/2025\/03\/image-374.jpeg\" alt=\"Pueblito Paisa\"><\/div><p class=\"qvgw-indimg-place-card__title\">13. Pueblito Paisa<\/p><span class=\"qvgw-indimg-place-card__arrow\"><svg width=\"24\" height=\"24\" viewBox=\"0 0 24 24\" fill=\"none\" stroke=\"currentColor\" stroke-width=\"2\"><path d=\"M6 9l6 6 6-6\"><\/path><\/svg><\/span><\/a><\/div><div class=\"qvgw-indimg-place-card qvgw-indimg-place-card--hidden\"><a href=\"#palacio-nacional\" class=\"qvgw-indimg-place-card__content\"><div class=\"qvgw-indimg-place-card__image\"><img decoding=\"async\" src=\"https:\/\/blog.guruwalk.com\/wp-content\/uploads\/2025\/03\/palacio-nacional-medellin.webp\" alt=\"Palacio Nacional\"><\/div><p class=\"qvgw-indimg-place-card__title\">14. Palacio Nacional<\/p><span class=\"qvgw-indimg-place-card__arrow\"><svg width=\"24\" height=\"24\" viewBox=\"0 0 24 24\" fill=\"none\" stroke=\"currentColor\" stroke-width=\"2\"><path d=\"M6 9l6 6 6-6\"><\/path><\/svg><\/span><\/a><\/div><div class=\"qvgw-indimg-place-card qvgw-indimg-place-card--hidden\"><a href=\"#metrocable\" class=\"qvgw-indimg-place-card__content\"><div class=\"qvgw-indimg-place-card__image\"><img decoding=\"async\" src=\"https:\/\/blog.guruwalk.com\/wp-content\/uploads\/2025\/03\/image-376.jpeg\" alt=\"Metrocable: vistas panor\u00e1micas de la ciudad\"><\/div><p class=\"qvgw-indimg-place-card__title\">15. Metrocable: vistas panor\u00e1micas de la ciudad<\/p><span class=\"qvgw-indimg-place-card__arrow\"><svg width=\"24\" height=\"24\" viewBox=\"0 0 24 24\" fill=\"none\" stroke=\"currentColor\" stroke-width=\"2\"><path d=\"M6 9l6 6 6-6\"><\/path><\/svg><\/span><\/a><\/div><div class=\"qvgw-indimg-place-card qvgw-indimg-place-card--hidden\"><a href=\"#catedral\" class=\"qvgw-indimg-place-card__content\"><div class=\"qvgw-indimg-place-card__image\"><img decoding=\"async\" src=\"https:\/\/blog.guruwalk.com\/wp-content\/uploads\/2025\/03\/image-377.jpeg\" alt=\"Catedral Metropolitana\"><\/div><p class=\"qvgw-indimg-place-card__title\">16. Catedral Metropolitana<\/p><span class=\"qvgw-indimg-place-card__arrow\"><svg width=\"24\" height=\"24\" viewBox=\"0 0 24 24\" fill=\"none\" stroke=\"currentColor\" stroke-width=\"2\"><path d=\"M6 9l6 6 6-6\"><\/path><\/svg><\/span><\/a><\/div><div class=\"qvgw-indimg-place-card qvgw-indimg-place-card--hidden\"><a href=\"#zoo-santafe\" class=\"qvgw-indimg-place-card__content\"><div class=\"qvgw-indimg-place-card__image\"><img decoding=\"async\" src=\"https:\/\/blog.guruwalk.com\/wp-content\/uploads\/2025\/03\/image-378.jpeg\" alt=\"Parque de la Conservaci\u00f3n\"><\/div><p class=\"qvgw-indimg-place-card__title\">17. Parque de la Conservaci\u00f3n<\/p><span class=\"qvgw-indimg-place-card__arrow\"><svg width=\"24\" height=\"24\" viewBox=\"0 0 24 24\" fill=\"none\" stroke=\"currentColor\" stroke-width=\"2\"><path d=\"M6 9l6 6 6-6\"><\/path><\/svg><\/span><\/a><\/div><div class=\"qvgw-indimg-place-card qvgw-indimg-place-card--hidden\"><a href=\"#plaza-minorista\" class=\"qvgw-indimg-place-card__content\"><div class=\"qvgw-indimg-place-card__image\"><img decoding=\"async\" src=\"https:\/\/blog.guruwalk.com\/wp-content\/uploads\/2025\/03\/image-379.jpeg\" alt=\"Plaza Minorista Jos\u00e9 Mar\u00eda Villa\"><\/div><p class=\"qvgw-indimg-place-card__title\">18. Plaza Minorista Jos\u00e9 Mar\u00eda Villa<\/p><span class=\"qvgw-indimg-place-card__arrow\"><svg width=\"24\" height=\"24\" viewBox=\"0 0 24 24\" fill=\"none\" stroke=\"currentColor\" stroke-width=\"2\"><path d=\"M6 9l6 6 6-6\"><\/path><\/svg><\/span><\/a><\/div><div class=\"qvgw-indimg-place-card qvgw-indimg-place-card--hidden\"><a href=\"#barrios-medellin\" class=\"qvgw-indimg-place-card__content no-image\"><p class=\"qvgw-indimg-place-card__title\">19. Barrios de Medell\u00edn para pasear y alojarse<\/p><span class=\"qvgw-indimg-place-card__arrow\"><svg width=\"24\" height=\"24\" viewBox=\"0 0 24 24\" fill=\"none\" stroke=\"currentColor\" stroke-width=\"2\"><path d=\"M6 9l6 6 6-6\"><\/path><\/svg><\/span><\/a><\/div><div class=\"qvgw-indimg-place-card qvgw-indimg-place-card--hidden\"><a href=\"#excursiones-medellin\" class=\"qvgw-indimg-place-card__content no-image\"><p class=\"qvgw-indimg-place-card__title\">20. Excursiones desde Medell\u00edn<\/p><span class=\"qvgw-indimg-place-card__arrow\"><svg width=\"24\" height=\"24\" viewBox=\"0 0 24 24\" fill=\"none\" stroke=\"currentColor\" stroke-width=\"2\"><path d=\"M6 9l6 6 6-6\"><\/path><\/svg><\/span><\/a><\/div><div class=\"qvgw-indimg-place-card qvgw-indimg-place-card--hidden\"><a href=\"#como-llegar\" class=\"qvgw-indimg-place-card__content\"><div class=\"qvgw-indimg-place-card__image\"><img decoding=\"async\" src=\"https:\/\/blog.guruwalk.com\/wp-content\/uploads\/2026\/07\/medellin-inline_8144-1-optimized-20260708.webp\" alt=\"\u00bfC\u00f3mo llegar a Medell\u00edn?\"><\/div><p class=\"qvgw-indimg-place-card__title\">21. \u00bfC\u00f3mo llegar a Medell\u00edn?<\/p><span class=\"qvgw-indimg-place-card__arrow\"><svg width=\"24\" height=\"24\" viewBox=\"0 0 24 24\" fill=\"none\" stroke=\"currentColor\" stroke-width=\"2\"><path d=\"M6 9l6 6 6-6\"><\/path><\/svg><\/span><\/a><\/div><div class=\"qvgw-indimg-place-card qvgw-indimg-place-card--hidden\"><a href=\"#preguntas-frecuentes-sobre-medellin\" class=\"qvgw-indimg-place-card__content\"><div class=\"qvgw-indimg-place-card__image\"><img decoding=\"async\" src=\"https:\/\/blog.guruwalk.com\/wp-content\/uploads\/2026\/07\/medellin-graffiti-google-optimized-20260708.webp\" alt=\"Preguntas frecuentes sobre Medell\u00edn\"><\/div><p class=\"qvgw-indimg-place-card__title\">22. Preguntas frecuentes sobre Medell\u00edn<\/p><span class=\"qvgw-indimg-place-card__arrow\"><svg width=\"24\" height=\"24\" viewBox=\"0 0 24 24\" fill=\"none\" stroke=\"currentColor\" stroke-width=\"2\"><path d=\"M6 9l6 6 6-6\"><\/path><\/svg><\/span><\/a><\/div><\/div><button class=\"qvgw-indimg-places-expand\" data-action=\"expand\" aria-expanded=\"false\">Ver m\u00e1s<\/button><\/div>\n\n\n<h2 class='wp-block-heading' id='mejores-free-tours'>Mejores free tours en Medell\u00edn<\/h2>\n\n\n\n<p class=\"wp-block-paragraph\">Un <a href=\"https:\/\/www.guruwalk.com\/es\/medellin\" target=\"_blank\" rel=\"noopener\">free tour en Medell\u00edn<\/a> es una forma pr\u00e1ctica de empezar a explorar la ciudad, entender la transformaci\u00f3n del centro y decidir qu\u00e9 zonas visitar despu\u00e9s con m\u00e1s tiempo. Aunque la reserva no tiene un precio fijo, conviene prever una aportaci\u00f3n orientativa de 10\u201320 \u20ac por persona al finalizar, que puede llegar hasta 50 \u20ac seg\u00fan la duraci\u00f3n, el tama\u00f1o del grupo y la valoraci\u00f3n del recorrido.<\/p>\n\n\n<div class=\"gw-freetours-container\"><div class=\"gw-freetours-carousel\"><div class=\"gw-freetours-track\"><div class=\"gw-freetours-card\" data-tour-id=\"43160\"><button type=\"button\" class=\"gw-freetours-image-link\" data-dest=\"https:\/\/www.guruwalk.com\/es\/walks\/43160-comuna-13-graffiti-tour-historia-y-rincones-ocultos-con-guia-local\" role=\"link\" aria-label=\"Comuna 13:\u2728Graffiti Tour, Historia y Rincones Ocultos con Gu\u00eda Local\"><div class=\"gw-freetours-image\"><img decoding=\"async\" class=\"gw-freetours-photo\" src=\"https:\/\/blog.guruwalk.com\/wp-content\/uploads\/gw-freetours-cache\/43160-d1ff11b80e209bae5f7e31ea070d5a01.jpg\" alt=\"Comuna 13:\u2728Graffiti Tour, Historia y Rincones Ocultos con Gu\u00eda Local\" loading=\"lazy\" \/><div class=\"gw-freetours-flags\"><img decoding=\"async\" src=\"https:\/\/blog.guruwalk.com\/wp-content\/gurupluginswalk\/wp-gw-freetours\/assets\/flags\/en.svg\" alt=\"en\" class=\"gw-freetours-flag\" \/><img decoding=\"async\" src=\"https:\/\/blog.guruwalk.com\/wp-content\/gurupluginswalk\/wp-gw-freetours\/assets\/flags\/es.svg\" alt=\"es\" class=\"gw-freetours-flag\" \/><\/div><\/div><\/button><div class=\"gw-freetours-content\"><h4 class=\"gw-freetours-title\"><button type=\"button\" class=\"gw-freetours-title-link\" data-dest=\"https:\/\/www.guruwalk.com\/es\/walks\/43160-comuna-13-graffiti-tour-historia-y-rincones-ocultos-con-guia-local\" role=\"link\">Comuna 13:\u2728Graffiti Tour, Historia y Rincones Ocultos con Gu\u00eda Local<\/button><\/h4><div class=\"gw-freetours-meta-top\"><span class=\"gw-freetours-duration\"><svg width=\"16\" height=\"16\" viewBox=\"0 0 24 24\" fill=\"none\" stroke=\"currentColor\" stroke-width=\"2\"><circle cx=\"12\" cy=\"12\" r=\"10\"\/><polyline points=\"12,6 12,12 16,14\"\/><\/svg>2:30<\/span><button class=\"gw-freetours-map-btn\" data-lat=\"6.250776\" data-lng=\"-75.621548\" data-address=\"Cra. 109 #38a3, Veinte De Julio, Medell\u00edn, San Javier, Medell\u00edn, Antioquia, Colombia\" data-instructions=\"\ud83d\udccdDirecci\u00f3n del punto de encuentro: Parce Tours, Cl. 38a # 109-7, Veinte de Julio, San Javier, Medell\u00edn. C\u00f3mo llegar al punto de encuentro? \ud83d\ude99 \ud83d\ude95 Opci\u00f3n 1: Uber o Taxi\u2028Te dejar\u00e1n directamente en el punto de encuentro.\ud83d\ude8a \ud83d\ude8c Opci\u00f3n 2: Metro + Autobus\u2028Llega a la estaci\u00f3n San Javier (L\u00ednea B). Al salir, toma el autobus \ud83d\udfe2 verde (ruta 225i) por\ud83d\udcb0COP $2.250, hasta la \u00faltima parada. \ud83d\udccd Te estaremos esperando en Galer\u00eda y Caf\u00e9 Mestizaje (Breta\u00f1a), al frente del B\u00fanker C13 \u201cPepsi\u201d. \ud83d\udc55 Busca nuestras camisas azul claro y la sombrilla azul claro con el logo de Parce Tours.\ud83e\udd1d Para brindarte una mejor atenci\u00f3n, te enviaremos toda la informaci\u00f3n y las instrucciones que necesitas a trav\u00e9s de WhatsApp.\ud83d\udcf1 Cont\u00e1ctanos!\"><svg width=\"16\" height=\"16\" viewBox=\"0 0 24 24\" fill=\"none\" stroke=\"currentColor\" stroke-width=\"2\"><path d=\"M21 10c0 7-9 13-9 13s-9-6-9-13a9 9 0 0 1 18 0z\"\/><circle cx=\"12\" cy=\"10\" r=\"3\"\/><\/svg><\/button><\/div><p class=\"gw-freetours-description\">Hola!\u00a0<\/p><div class=\"gw-freetours-author\"><span class=\"gw-freetours-author-link\"><img decoding=\"async\" src=\"https:\/\/media.guruwalk.com\/7fa6sn1zl1sme5vwlubo70aca45r\" alt=\"Parce Tours\" class=\"gw-freetours-author-avatar\" \/><span class=\"gw-freetours-author-name\">Parce Tours<\/span><\/span><\/div><div class=\"gw-freetours-rating-container\"><div class=\"gw-freetours-rating\" aria-label=\"Valoraci\u00f3n 4.9 de 5\"><span class=\"gw-freetours-star gw-freetours-star--full\" aria-hidden=\"true\">\u2605<\/span><span class=\"gw-freetours-star gw-freetours-star--full\" aria-hidden=\"true\">\u2605<\/span><span class=\"gw-freetours-star gw-freetours-star--full\" aria-hidden=\"true\">\u2605<\/span><span class=\"gw-freetours-star gw-freetours-star--full\" aria-hidden=\"true\">\u2605<\/span><span class=\"gw-freetours-star gw-freetours-star--half\" aria-hidden=\"true\">\u2606<\/span><span class=\"gw-freetours-rating__count\">4,9 (559)<\/span><\/div><\/div><\/div><\/div><div class=\"gw-freetours-card\" data-tour-id=\"10981\"><button type=\"button\" class=\"gw-freetours-image-link\" data-dest=\"https:\/\/www.guruwalk.com\/es\/walks\/10981-medellin-amor-a-primera-vista-historia-de-su-transformacion\" role=\"link\" aria-label=\"Medell\u00edn. Amor a primera vista. Historia de su transformaci\u00f3n\"><div class=\"gw-freetours-image\"><img decoding=\"async\" class=\"gw-freetours-photo\" src=\"https:\/\/blog.guruwalk.com\/wp-content\/uploads\/gw-freetours-cache\/10981-f28f98e951aa5eeb106c364e39d83064.jpg\" alt=\"Medell\u00edn. Amor a primera vista. Historia de su transformaci\u00f3n\" loading=\"lazy\" \/><div class=\"gw-freetours-flags\"><img decoding=\"async\" src=\"https:\/\/blog.guruwalk.com\/wp-content\/gurupluginswalk\/wp-gw-freetours\/assets\/flags\/es.svg\" alt=\"es\" class=\"gw-freetours-flag\" \/><\/div><\/div><\/button><div class=\"gw-freetours-content\"><h4 class=\"gw-freetours-title\"><button type=\"button\" class=\"gw-freetours-title-link\" data-dest=\"https:\/\/www.guruwalk.com\/es\/walks\/10981-medellin-amor-a-primera-vista-historia-de-su-transformacion\" role=\"link\">Medell\u00edn. Amor a primera vista. Historia de su transformaci\u00f3n<\/button><\/h4><div class=\"gw-freetours-meta-top\"><span class=\"gw-freetours-duration\"><svg width=\"16\" height=\"16\" viewBox=\"0 0 24 24\" fill=\"none\" stroke=\"currentColor\" stroke-width=\"2\"><circle cx=\"12\" cy=\"12\" r=\"10\"\/><polyline points=\"12,6 12,12 16,14\"\/><\/svg>3:00<\/span><button class=\"gw-freetours-map-btn\" data-lat=\"6.243293\" data-lng=\"-75.571514\" data-address=\"Bolivar #41-159, La Candelaria, Medell\u00edn, La Candelaria, Medell\u00edn, Antioquia, Colombia\" data-instructions=\"Estamos en la estaci\u00f3n de metro Alpujarra. (SALIDA NORTE). - Somos Herman y Carolina. Llevamos una inconfundible camisa NARANJA, chaleco, gorra y sombrero color beige con el logo de Ap\u00fbna Rutas. RECUERDA esperar nuestra confirmaci\u00f3n por este medio o por WhatsApp\"><svg width=\"16\" height=\"16\" viewBox=\"0 0 24 24\" fill=\"none\" stroke=\"currentColor\" stroke-width=\"2\"><path d=\"M21 10c0 7-9 13-9 13s-9-6-9-13a9 9 0 0 1 18 0z\"\/><circle cx=\"12\" cy=\"10\" r=\"3\"\/><\/svg><\/button><\/div><p class=\"gw-freetours-description\">Te invitamos a conocer con nosotros la maravillosa ciudad de Medell\u00edn. Mostraremos el centro de la ciudad de una manera&#8230;<\/p><div class=\"gw-freetours-author\"><span class=\"gw-freetours-author-link\"><img decoding=\"async\" src=\"https:\/\/media.guruwalk.com\/hhiolxyrob9q54fmp5s9lu3slnp7\" alt=\"Itawalk\" class=\"gw-freetours-author-avatar\" \/><span class=\"gw-freetours-author-name\">Itawalk<\/span><\/span><\/div><div class=\"gw-freetours-rating-container\"><div class=\"gw-freetours-rating\" aria-label=\"Valoraci\u00f3n 4.9 de 5\"><span class=\"gw-freetours-star gw-freetours-star--full\" aria-hidden=\"true\">\u2605<\/span><span class=\"gw-freetours-star gw-freetours-star--full\" aria-hidden=\"true\">\u2605<\/span><span class=\"gw-freetours-star gw-freetours-star--full\" aria-hidden=\"true\">\u2605<\/span><span class=\"gw-freetours-star gw-freetours-star--full\" aria-hidden=\"true\">\u2605<\/span><span class=\"gw-freetours-star gw-freetours-star--half\" aria-hidden=\"true\">\u2606<\/span><span class=\"gw-freetours-rating__count\">4,9 (876)<\/span><\/div><\/div><\/div><\/div><div class=\"gw-freetours-card\" data-tour-id=\"27441\"><button type=\"button\" class=\"gw-freetours-image-link\" data-dest=\"https:\/\/www.guruwalk.com\/es\/walks\/27441-grafiti-tour-comuna-13-magica-walking-tour\" role=\"link\" aria-label=\"\u2b50Grafiti Tour Comuna 13 &quot;M\u00e1gica&quot; \u2b50 Walking Tour\"><div class=\"gw-freetours-image\"><img decoding=\"async\" class=\"gw-freetours-photo\" src=\"https:\/\/blog.guruwalk.com\/wp-content\/uploads\/gw-freetours-cache\/27441-dbda95ea2d846febc5ce7ff100fee082.jpg\" alt=\"\u2b50Grafiti Tour Comuna 13 &quot;M\u00e1gica&quot; \u2b50 Walking Tour\" loading=\"lazy\" \/><div class=\"gw-freetours-flags\"><img decoding=\"async\" src=\"https:\/\/blog.guruwalk.com\/wp-content\/gurupluginswalk\/wp-gw-freetours\/assets\/flags\/en.svg\" alt=\"en\" class=\"gw-freetours-flag\" \/><img decoding=\"async\" src=\"https:\/\/blog.guruwalk.com\/wp-content\/gurupluginswalk\/wp-gw-freetours\/assets\/flags\/es.svg\" alt=\"es\" class=\"gw-freetours-flag\" \/><\/div><\/div><\/button><div class=\"gw-freetours-content\"><h4 class=\"gw-freetours-title\"><button type=\"button\" class=\"gw-freetours-title-link\" data-dest=\"https:\/\/www.guruwalk.com\/es\/walks\/27441-grafiti-tour-comuna-13-magica-walking-tour\" role=\"link\">\u2b50Grafiti Tour Comuna 13 &quot;M\u00e1gica&quot; \u2b50 Walking Tour<\/button><\/h4><div class=\"gw-freetours-meta-top\"><span class=\"gw-freetours-duration\"><svg width=\"16\" height=\"16\" viewBox=\"0 0 24 24\" fill=\"none\" stroke=\"currentColor\" stroke-width=\"2\"><circle cx=\"12\" cy=\"12\" r=\"10\"\/><polyline points=\"12,6 12,12 16,14\"\/><\/svg>2:30<\/span><button class=\"gw-freetours-map-btn\" data-lat=\"6.257312\" data-lng=\"-75.614438\" data-address=\"794P+W6 Medell\u00edn, Antioquia, Colombia\" data-instructions=\"\ud83d\udccd Punto de encuentro\ud83d\ude8a Estaci\u00f3n de metro San Javier \u2013 L\u00ednea B\u27a1\ufe0f Dir\u00edgete a la salida principal de la estaci\u00f3n (L\u00ednea B).\ud83d\udd0d Nos reconocer\u00e1s f\u00e1cilmente por nuestro paraguas verde \u2602\ufe0f\ud83d\udc9a\u26a0\ufe0f \u00a1Atenci\u00f3n!\u274c No salgas por la estaci\u00f3n del Metrocable\u2705 S\u00ed es por la salida de la L\u00ednea B (metro tradicional)\ud83d\ude97 \u00bfVienes en Uber o taxi?Ingresa esta direcci\u00f3n:\ud83d\udccd Carrera 99 # 45-25 \ud83d\ude0a\"><svg width=\"16\" height=\"16\" viewBox=\"0 0 24 24\" fill=\"none\" stroke=\"currentColor\" stroke-width=\"2\"><path d=\"M21 10c0 7-9 13-9 13s-9-6-9-13a9 9 0 0 1 18 0z\"\/><circle cx=\"12\" cy=\"10\" r=\"3\"\/><\/svg><\/button><\/div><p class=\"gw-freetours-description\">\u00a0 \u2b50 \u00a1Descubre la Comuna 13 como nunca antes con Guias Locales del territorio! \ud83c\udfa8\ud83c\udfb6\u2728\u00a0 Si est\u00e1s en M&#8230;<\/p><div class=\"gw-freetours-author\"><span class=\"gw-freetours-author-link\"><img decoding=\"async\" src=\"https:\/\/media.guruwalk.com\/o5ssr4jlljt28d6gy9c4w9z63e6k\" alt=\"Aic Tour\" class=\"gw-freetours-author-avatar\" \/><span class=\"gw-freetours-author-name\">Aic Tour<\/span><\/span><\/div><div class=\"gw-freetours-rating-container\"><div class=\"gw-freetours-rating\" aria-label=\"Valoraci\u00f3n 4.9 de 5\"><span class=\"gw-freetours-star gw-freetours-star--full\" aria-hidden=\"true\">\u2605<\/span><span class=\"gw-freetours-star gw-freetours-star--full\" aria-hidden=\"true\">\u2605<\/span><span class=\"gw-freetours-star gw-freetours-star--full\" aria-hidden=\"true\">\u2605<\/span><span class=\"gw-freetours-star gw-freetours-star--full\" aria-hidden=\"true\">\u2605<\/span><span class=\"gw-freetours-star gw-freetours-star--half\" aria-hidden=\"true\">\u2606<\/span><span class=\"gw-freetours-rating__count\">4,9 (2981)<\/span><\/div><\/div><\/div><\/div><div class=\"gw-freetours-card\" data-tour-id=\"25981\"><button type=\"button\" class=\"gw-freetours-image-link\" data-dest=\"https:\/\/www.guruwalk.com\/es\/walks\/25981-free-tour-completo-centro-historico-de-medellin-con-sistema-de-audio\" role=\"link\" aria-label=\"\u2b50 Free Tour Completo Centro Hist\u00f3rico de Medell\u00edn con Sistema de Audio\"><div class=\"gw-freetours-image\"><img decoding=\"async\" class=\"gw-freetours-photo\" src=\"https:\/\/blog.guruwalk.com\/wp-content\/uploads\/gw-freetours-cache\/25981-892a811fd42c290cac9e812313e37727.jpg\" alt=\"\u2b50 Free Tour Completo Centro Hist\u00f3rico de Medell\u00edn con Sistema de Audio\" loading=\"lazy\" \/><div class=\"gw-freetours-flags\"><img decoding=\"async\" src=\"https:\/\/blog.guruwalk.com\/wp-content\/gurupluginswalk\/wp-gw-freetours\/assets\/flags\/en.svg\" alt=\"en\" class=\"gw-freetours-flag\" \/><img decoding=\"async\" src=\"https:\/\/blog.guruwalk.com\/wp-content\/gurupluginswalk\/wp-gw-freetours\/assets\/flags\/es.svg\" alt=\"es\" class=\"gw-freetours-flag\" \/><\/div><\/div><\/button><div class=\"gw-freetours-content\"><h4 class=\"gw-freetours-title\"><button type=\"button\" class=\"gw-freetours-title-link\" data-dest=\"https:\/\/www.guruwalk.com\/es\/walks\/25981-free-tour-completo-centro-historico-de-medellin-con-sistema-de-audio\" role=\"link\">\u2b50 Free Tour Completo Centro Hist\u00f3rico de Medell\u00edn con Sistema de Audio<\/button><\/h4><div class=\"gw-freetours-meta-top\"><span class=\"gw-freetours-duration\"><svg width=\"16\" height=\"16\" viewBox=\"0 0 24 24\" fill=\"none\" stroke=\"currentColor\" stroke-width=\"2\"><circle cx=\"12\" cy=\"12\" r=\"10\"\/><polyline points=\"12,6 12,12 16,14\"\/><\/svg>2:30<\/span><button class=\"gw-freetours-map-btn\" data-lat=\"6.252468\" data-lng=\"-75.569131\" data-address=\"Cl. 52 #52-43, Medell\u00edn, Antioquia, Colombia\" data-instructions=\"Encu\u00e9ntranos justo al frente de la entrada del Museo de Antioquia, ubicado en la Plaza de Botero en El Centro de Medell\u00edn. (Sombrillas Rojas de Beyond Colombia)\"><svg width=\"16\" height=\"16\" viewBox=\"0 0 24 24\" fill=\"none\" stroke=\"currentColor\" stroke-width=\"2\"><path d=\"M21 10c0 7-9 13-9 13s-9-6-9-13a9 9 0 0 1 18 0z\"\/><circle cx=\"12\" cy=\"10\" r=\"3\"\/><\/svg><\/button><\/div><p class=\"gw-freetours-description\">\u00a1Bienvenidos a Colombia y a Medell\u00edn, la ciudad de la eterna primavera! Con nosotros conocer\u00e1s de cerc&#8230;<\/p><div class=\"gw-freetours-author\"><span class=\"gw-freetours-author-link\"><img decoding=\"async\" src=\"https:\/\/media.guruwalk.com\/ju6cod89kqapkqzm79jatz4cj17j\" alt=\"Beyond Colombia\" class=\"gw-freetours-author-avatar\" \/><span class=\"gw-freetours-author-name\">Beyond Colombia<\/span><\/span><\/div><div class=\"gw-freetours-rating-container\"><div class=\"gw-freetours-rating\" aria-label=\"Valoraci\u00f3n 4.8 de 5\"><span class=\"gw-freetours-star gw-freetours-star--full\" aria-hidden=\"true\">\u2605<\/span><span class=\"gw-freetours-star gw-freetours-star--full\" aria-hidden=\"true\">\u2605<\/span><span class=\"gw-freetours-star gw-freetours-star--full\" aria-hidden=\"true\">\u2605<\/span><span class=\"gw-freetours-star gw-freetours-star--full\" aria-hidden=\"true\">\u2605<\/span><span class=\"gw-freetours-star gw-freetours-star--half\" aria-hidden=\"true\">\u2606<\/span><span class=\"gw-freetours-rating__count\">4,9 (738)<\/span><\/div><\/div><\/div><\/div><div class=\"gw-freetours-card\" data-tour-id=\"47849\"><button type=\"button\" class=\"gw-freetours-image-link\" data-dest=\"https:\/\/www.guruwalk.com\/es\/walks\/47849-comuna13-teleferico-graffiti-tour-sitios-no-turisticos\" role=\"link\" aria-label=\"Comuna13: Telef\u00e9rico\ud83d\udea1 +Graffiti Tour +Sitios no tur\u00edsticos\ud83e\uddf1\"><div class=\"gw-freetours-image\"><img decoding=\"async\" class=\"gw-freetours-photo\" src=\"https:\/\/blog.guruwalk.com\/wp-content\/uploads\/gw-freetours-cache\/47849-f49dd4f278b953f8f3b2798cb539d717.jpg\" alt=\"Comuna13: Telef\u00e9rico\ud83d\udea1 +Graffiti Tour +Sitios no tur\u00edsticos\ud83e\uddf1\" loading=\"lazy\" \/><div class=\"gw-freetours-flags\"><img decoding=\"async\" src=\"https:\/\/blog.guruwalk.com\/wp-content\/gurupluginswalk\/wp-gw-freetours\/assets\/flags\/es.svg\" alt=\"es\" class=\"gw-freetours-flag\" \/><\/div><\/div><\/button><div class=\"gw-freetours-content\"><h4 class=\"gw-freetours-title\"><button type=\"button\" class=\"gw-freetours-title-link\" data-dest=\"https:\/\/www.guruwalk.com\/es\/walks\/47849-comuna13-teleferico-graffiti-tour-sitios-no-turisticos\" role=\"link\">Comuna13: Telef\u00e9rico\ud83d\udea1 +Graffiti Tour +Sitios no tur\u00edsticos\ud83e\uddf1<\/button><\/h4><div class=\"gw-freetours-meta-top\"><span class=\"gw-freetours-duration\"><svg width=\"16\" height=\"16\" viewBox=\"0 0 24 24\" fill=\"none\" stroke=\"currentColor\" stroke-width=\"2\"><circle cx=\"12\" cy=\"12\" r=\"10\"\/><polyline points=\"12,6 12,12 16,14\"\/><\/svg>3:00<\/span><button class=\"gw-freetours-map-btn\" data-lat=\"6.257213\" data-lng=\"-75.614261\" data-address=\"Cl. 45 #98-8, El Danubio, Medell\u00edn, San Javier, Medell\u00edn, Antioquia, Colombia\" data-instructions=\"Segundo piso de la estaci\u00f3n San Javier del metro de Medell\u00edn en la zona del telef\u00e9rico sin salirse de la estaci\u00f3n. Cuando salga del tren, dirigirse al costado donde hay escaleras el\u00e9ctricas, subirlas y es ah\u00ed donde llegan a nuestro punto de encuentro. En caso de preferir venir en Uber, dej\u00e1rmelo saber por favor para esperarlos en la entrada contraria a la del telef\u00e9rico. Tener en cuenta que de igual manera debemos ingresar al Metro para subir al telef\u00e9rico.Sin embargo, por favor confirmar la asistencia, lo puedes hacer a trav\u00e9s de WhatsApp: \u2028573003946275 \u2028o d\u00e9jame un mensaje en esta plataforma. Es importante tener buena comunicaci\u00f3n antes del recorrido para organizar y coordinar de la mejor manera ya que es posible que llegues en otro medio de transporte.\"><svg width=\"16\" height=\"16\" viewBox=\"0 0 24 24\" fill=\"none\" stroke=\"currentColor\" stroke-width=\"2\"><path d=\"M21 10c0 7-9 13-9 13s-9-6-9-13a9 9 0 0 1 18 0z\"\/><circle cx=\"12\" cy=\"10\" r=\"3\"\/><\/svg><\/button><\/div><p class=\"gw-freetours-description\">Este recorrido est\u00e1 dise\u00f1ado para conocer lo m\u00e1ximo posible en estas horas, no estar solamente en la zona tur\u00edstica si&#8230;<\/p><div class=\"gw-freetours-author\"><span class=\"gw-freetours-author-link\"><img decoding=\"async\" src=\"https:\/\/media.guruwalk.com\/20wxcyev9xny6lb1w42l7fklwe9i\" alt=\"Andr\u00e9s\" class=\"gw-freetours-author-avatar\" \/><span class=\"gw-freetours-author-name\">Andr\u00e9s<\/span><\/span><\/div><div class=\"gw-freetours-rating-container\"><div class=\"gw-freetours-rating\" aria-label=\"Valoraci\u00f3n 4.9 de 5\"><span class=\"gw-freetours-star gw-freetours-star--full\" aria-hidden=\"true\">\u2605<\/span><span class=\"gw-freetours-star gw-freetours-star--full\" aria-hidden=\"true\">\u2605<\/span><span class=\"gw-freetours-star gw-freetours-star--full\" aria-hidden=\"true\">\u2605<\/span><span class=\"gw-freetours-star gw-freetours-star--full\" aria-hidden=\"true\">\u2605<\/span><span class=\"gw-freetours-star gw-freetours-star--half\" aria-hidden=\"true\">\u2606<\/span><span class=\"gw-freetours-rating__count\">4,9 (571)<\/span><\/div><\/div><\/div><\/div><div class=\"gw-freetours-card\" data-tour-id=\"38407\"><button type=\"button\" class=\"gw-freetours-image-link\" data-dest=\"https:\/\/www.guruwalk.com\/es\/walks\/38407-free-tour-el-poblado-desde-provenza-hasta-manila\" role=\"link\" aria-label=\"Free Tour El Poblado: desde Provenza hasta Manila\u2b50\"><div class=\"gw-freetours-image\"><img decoding=\"async\" class=\"gw-freetours-photo\" src=\"https:\/\/blog.guruwalk.com\/wp-content\/uploads\/gw-freetours-cache\/38407-1fa997d712a758f78df62103d0b29c4b.jpg\" alt=\"Free Tour El Poblado: desde Provenza hasta Manila\u2b50\" loading=\"lazy\" \/><div class=\"gw-freetours-flags\"><img decoding=\"async\" src=\"https:\/\/blog.guruwalk.com\/wp-content\/gurupluginswalk\/wp-gw-freetours\/assets\/flags\/en.svg\" alt=\"en\" class=\"gw-freetours-flag\" \/><img decoding=\"async\" src=\"https:\/\/blog.guruwalk.com\/wp-content\/gurupluginswalk\/wp-gw-freetours\/assets\/flags\/es.svg\" alt=\"es\" class=\"gw-freetours-flag\" \/><\/div><\/div><\/button><div class=\"gw-freetours-content\"><h4 class=\"gw-freetours-title\"><button type=\"button\" class=\"gw-freetours-title-link\" data-dest=\"https:\/\/www.guruwalk.com\/es\/walks\/38407-free-tour-el-poblado-desde-provenza-hasta-manila\" role=\"link\">Free Tour El Poblado: desde Provenza hasta Manila\u2b50<\/button><\/h4><div class=\"gw-freetours-meta-top\"><span class=\"gw-freetours-duration\"><svg width=\"16\" height=\"16\" viewBox=\"0 0 24 24\" fill=\"none\" stroke=\"currentColor\" stroke-width=\"2\"><circle cx=\"12\" cy=\"12\" r=\"10\"\/><polyline points=\"12,6 12,12 16,14\"\/><\/svg>2:30<\/span><button class=\"gw-freetours-map-btn\" data-lat=\"6.207861\" data-lng=\"-75.565753\" data-address=\"Cra. 35 #8A - 8, El Poblado, Medell\u00edn, El Poblado, Medell\u00edn, Antioquia, Colombia\" data-instructions=\"Encu\u00e9ntranos diagonal a El Social Tienda en Provenza, nos reconocer\u00e1s por nuestra Sombrilla Roja de Beyond Colombia.\"><svg width=\"16\" height=\"16\" viewBox=\"0 0 24 24\" fill=\"none\" stroke=\"currentColor\" stroke-width=\"2\"><path d=\"M21 10c0 7-9 13-9 13s-9-6-9-13a9 9 0 0 1 18 0z\"\/><circle cx=\"12\" cy=\"10\" r=\"3\"\/><\/svg><\/button><\/div><p class=\"gw-freetours-description\">\u00a1Bienvenidos a Colombia y al Poblado, el primer Free Tour de la zona m\u00e1s trendy y famosa de Medell\u00edn, en&#8230;<\/p><div class=\"gw-freetours-author\"><span class=\"gw-freetours-author-link\"><img decoding=\"async\" src=\"https:\/\/media.guruwalk.com\/ju6cod89kqapkqzm79jatz4cj17j\" alt=\"Beyond Colombia\" class=\"gw-freetours-author-avatar\" \/><span class=\"gw-freetours-author-name\">Beyond Colombia<\/span><\/span><\/div><div class=\"gw-freetours-rating-container\"><div class=\"gw-freetours-rating\" aria-label=\"Valoraci\u00f3n 4.7 de 5\"><span class=\"gw-freetours-star gw-freetours-star--full\" aria-hidden=\"true\">\u2605<\/span><span class=\"gw-freetours-star gw-freetours-star--full\" aria-hidden=\"true\">\u2605<\/span><span class=\"gw-freetours-star gw-freetours-star--full\" aria-hidden=\"true\">\u2605<\/span><span class=\"gw-freetours-star gw-freetours-star--full\" aria-hidden=\"true\">\u2605<\/span><span class=\"gw-freetours-star gw-freetours-star--half\" aria-hidden=\"true\">\u2606<\/span><span class=\"gw-freetours-rating__count\">4,7 (158)<\/span><\/div><\/div><\/div><\/div><div class=\"gw-freetours-card\" data-tour-id=\"42949\"><button type=\"button\" class=\"gw-freetours-image-link\" data-dest=\"https:\/\/www.guruwalk.com\/es\/walks\/42949-el-freetour-de-medellin-descubre-el-alma-de-medellin\" role=\"link\" aria-label=\"\u2b50 El Freetour de Medell\u00edn\u2b50\u00a1DESCUBRE EL ALMA DE MEDELL\u00cdN! \ud83c\udf06\"><div class=\"gw-freetours-image\"><img decoding=\"async\" class=\"gw-freetours-photo\" src=\"https:\/\/blog.guruwalk.com\/wp-content\/uploads\/gw-freetours-cache\/42949-fa42ab6b18108127121e84c47e56adfa.jpg\" alt=\"\u2b50 El Freetour de Medell\u00edn\u2b50\u00a1DESCUBRE EL ALMA DE MEDELL\u00cdN! \ud83c\udf06\" loading=\"lazy\" \/><div class=\"gw-freetours-flags\"><img decoding=\"async\" src=\"https:\/\/blog.guruwalk.com\/wp-content\/gurupluginswalk\/wp-gw-freetours\/assets\/flags\/es.svg\" alt=\"es\" class=\"gw-freetours-flag\" \/><\/div><\/div><\/button><div class=\"gw-freetours-content\"><h4 class=\"gw-freetours-title\"><button type=\"button\" class=\"gw-freetours-title-link\" data-dest=\"https:\/\/www.guruwalk.com\/es\/walks\/42949-el-freetour-de-medellin-descubre-el-alma-de-medellin\" role=\"link\">\u2b50 El Freetour de Medell\u00edn\u2b50\u00a1DESCUBRE EL ALMA DE MEDELL\u00cdN! \ud83c\udf06<\/button><\/h4><div class=\"gw-freetours-meta-top\"><span class=\"gw-freetours-duration\"><svg width=\"16\" height=\"16\" viewBox=\"0 0 24 24\" fill=\"none\" stroke=\"currentColor\" stroke-width=\"2\"><circle cx=\"12\" cy=\"12\" r=\"10\"\/><polyline points=\"12,6 12,12 16,14\"\/><\/svg>3:00<\/span><button class=\"gw-freetours-map-btn\" data-lat=\"6.247067\" data-lng=\"-75.569752\" data-address=\"San Antonio, La Candelaria, Medell\u00edn, Antioquia, Colombia\" data-instructions=\"Nos encontraremos en la estaci\u00f3n San Antonio del metro, al lado de la salida del tranv\u00eda de Medell\u00edn, sobre la calle Bol\u00edvar, si viajas en metro te recomendamos salir por las escaleras el\u00e9ctricas, desde ah\u00ed nos reconocer\u00e1s m\u00e1s f\u00e1cil, tendremos una sombrilla azul con letras naranjas y una muy buena actitud. en este video te explicamos como identificarnos https:\/\/youtu.be\/8xpvuNBCz3g\"><svg width=\"16\" height=\"16\" viewBox=\"0 0 24 24\" fill=\"none\" stroke=\"currentColor\" stroke-width=\"2\"><path d=\"M21 10c0 7-9 13-9 13s-9-6-9-13a9 9 0 0 1 18 0z\"\/><circle cx=\"12\" cy=\"10\" r=\"3\"\/><\/svg><\/button><\/div><p class=\"gw-freetours-description\">\u00a0 Un recorrido sin filtros por la ciudad de la eterna primavera \u00a0 \u00bfBuscas una experiencia AUT\u00c9N&#8230;<\/p><div class=\"gw-freetours-author\"><span class=\"gw-freetours-author-link\"><img decoding=\"async\" src=\"https:\/\/media.guruwalk.com\/cebrsmcoo6lnavsb1cfml8ak5208\" alt=\"Lets\" class=\"gw-freetours-author-avatar\" \/><span class=\"gw-freetours-author-name\">Lets<\/span><\/span><\/div><div class=\"gw-freetours-rating-container\"><div class=\"gw-freetours-rating\" aria-label=\"Valoraci\u00f3n 4.7 de 5\"><span class=\"gw-freetours-star gw-freetours-star--full\" aria-hidden=\"true\">\u2605<\/span><span class=\"gw-freetours-star gw-freetours-star--full\" aria-hidden=\"true\">\u2605<\/span><span class=\"gw-freetours-star gw-freetours-star--full\" aria-hidden=\"true\">\u2605<\/span><span class=\"gw-freetours-star gw-freetours-star--full\" aria-hidden=\"true\">\u2605<\/span><span class=\"gw-freetours-star gw-freetours-star--half\" aria-hidden=\"true\">\u2606<\/span><span class=\"gw-freetours-rating__count\">4,7 (885)<\/span><\/div><\/div><\/div><\/div><\/div><\/div><div class=\"gw-freetours-place-link\"><a href=\"https:\/\/www.guruwalk.com\/es\/medellin\" target=\"_blank\" rel=\"noopener\" class=\"gw-freetours-place-btn\">+ FreeTour Medellin<\/a><\/div><\/div>\n\n\n<h2 class='wp-block-heading' id='medellin-un-dia'>Qu\u00e9 ver en Medell\u00edn en un d\u00eda<\/h2>\n\n\n\n<figure class='wp-block-image size-large'><img src='https:\/\/blog.guruwalk.com\/wp-content\/uploads\/2026\/08\/medellin-paisaje-urbano.webp' alt='Fachada colonial colorida de Medell\u00edn' class='wp-image-45963'\/><figcaption class='wp-element-caption'>Fachada colonial colorida de Medell\u00edn.<\/figcaption><\/figure>\n\n\n\n<p class=\"wp-block-paragraph\">Con 24 horas, conviene concentrar la ruta en el centro durante la ma\u00f1ana y reservar la tarde para la Comuna 13 y un mirador. Los desplazamientos a pie funcionan entre los puntos centrales; para San Javier, el Metrocable y el Cerro Nutibara es m\u00e1s pr\u00e1ctico combinar metro, transporte p\u00fablico y taxi.<\/p>\n\n\n\n<h3 class='wp-block-heading'>Ma\u00f1ana: del centro hist\u00f3rico a la cultura paisa<\/h3>\n\n\n\n<p class=\"wp-block-paragraph\">Comienza en el <a href='#parque-bolivar'>Parque de Bol\u00edvar<\/a> y la <a href='#catedral'>Catedral Metropolitana<\/a>. Contin\u00faa hacia el <a href='#museo-antioquia'>Museo de Antioquia<\/a> y la <a href='#plaza-botero'>Plaza Botero<\/a>. Reserva entre tres y cuatro horas para este tramo, seg\u00fan entres o no al museo. Antes de salir del centro, la <a href='#plaza-minorista'>Plaza Minorista<\/a> permite probar frutas tropicales y platos paisas.<\/p>\n\n\n\n<h3 class='wp-block-heading'>Tarde: transformaci\u00f3n urbana y vistas del valle<\/h3>\n\n\n\n<p class=\"wp-block-paragraph\">Dedica unas tres horas a la <a href='#comuna-13'>Comuna 13<\/a>, contando la conexi\u00f3n en metro y el recorrido por sus murales y escaleras el\u00e9ctricas. Despu\u00e9s, termina en el <a href='#pueblito-paisa'>Pueblito Paisa<\/a>, en el Cerro Nutibara. Si los tiempos de conexi\u00f3n se alargan, elige entre la Comuna 13 y el mirador en lugar de recorrer ambos con prisa.<\/p>\n\n\n\n<pre class='wp-block-preformatted has-background' style='background-color:#a1cc2921'>Consulta en la <a href=\"https:\/\/www.metrodemedellin.gov.co\/usuarios\/como-viajar-en-el-metro-de-medellin\" rel=\"nofollow noreferrer noopener\" target=\"_blank\">informaci\u00f3n oficial del Metro de Medell\u00edn<\/a> qu\u00e9 medio de pago y combinaciones est\u00e1n disponibles durante tu visita.<\/pre>\n\n\n\n<h2 class='wp-block-heading' id='medellin-tres-dias'>Qu\u00e9 ver en Medell\u00edn en 3 d\u00edas<\/h2>\n\n\n\n<p class=\"wp-block-paragraph\">Esta propuesta distribuye las zonas sin repetir las descripciones detalladas de la gu\u00eda. Los tiempos son orientativos e incluyen desplazamientos dentro de la ciudad.<\/p>\n\n\n\n<figure class='wp-block-table'><table><thead><tr><th>D\u00eda<\/th><th>Ruta<\/th><th>Tiempo aproximado<\/th><th>Conexiones<\/th><\/tr><\/thead><tbody><tr><td>1<\/td><td>Parque de Bol\u00edvar, Catedral Metropolitana, Plaza Botero, Museo de Antioquia y Pueblito Paisa<\/td><td>7\u20138 horas<\/td><td>Recorrido a pie por el centro y traslado final al Cerro Nutibara<\/td><\/tr><tr><td>2<\/td><td>Comuna 13, metro y Metrocable; paseo posterior por El Poblado o Laureles<\/td><td>7\u20138 horas<\/td><td>Metro hasta San Javier y transporte urbano entre barrios<\/td><\/tr><tr><td>3<\/td><td>Parque Arv\u00ed o excursi\u00f3n de jornada completa a Guatap\u00e9 y la Piedra del Pe\u00f1ol<\/td><td>6\u20138 horas en Arv\u00ed; d\u00eda completo para Guatap\u00e9<\/td><td>Metro y Metrocable para Arv\u00ed; autob\u00fas o excursi\u00f3n organizada para Guatap\u00e9<\/td><\/tr><\/tbody><\/table><figcaption class='wp-element-caption'>Itinerario orientativo para conocer Medell\u00edn en tres d\u00edas.<\/figcaption><\/figure>\n\n\n\n<h2 class='wp-block-heading' id='comuna-13'>Comuna 13<\/h2>\n\n\n\n<figure class='wp-block-image size-full'><img src='https:\/\/blog.guruwalk.com\/wp-content\/uploads\/2026\/06\/inline_8144.webp' alt='Mural urbano de la Comuna 13 en Medell\u00edn' class='wp-image-8145'\/><figcaption class='wp-element-caption'>Mural urbano de la Comuna 13 en Medell\u00edn.<\/figcaption><\/figure>\n\n\n\n<p class=\"wp-block-paragraph\">Medell\u00edn pas\u00f3 de registrar una tasa de 381 homicidios por 100.000 habitantes en 1991 a convertirse en un referente de transformaci\u00f3n urbana. Ese contraste se observa en la <strong>Comuna 13, o San Javier<\/strong>, escenario de las operaciones militares Mariscal y Ori\u00f3n en 2002. La zona incluye La Escombrera, objeto de excavaciones forenses relacionadas con personas desaparecidas.<\/p>\n\n\n\n<p class=\"wp-block-paragraph\">La Comuna 13 no fue la cuna de Pablo Escobar, que naci\u00f3 en Rionegro y creci\u00f3 en Envigado. Su historia reciente est\u00e1 vinculada a colectivos culturales, al hip-hop, al grafiti y a las escaleras el\u00e9ctricas del Sendero de Conexi\u00f3n Independencias, inauguradas como infraestructura p\u00fablica para un barrio de ladera.<\/p>\n\n\n\n<h3 class='wp-block-heading'>Consejos para visitar la Comuna 13<\/h3>\n\n\n\n<ul class='wp-block-list'>\n<li><strong>Duraci\u00f3n:<\/strong> reserva unas tres horas para el traslado desde el centro y el recorrido principal.<\/li>\n\n\n\n<li><strong>Arte urbano:<\/strong> los murales cambian con el tiempo; un <a href=\"https:\/\/www.guruwalk.com\/es\/walks\/27441-grafiti-tour-comuna-13-magica-walking-tour\" target=\"_blank\" rel=\"noopener\">recorrido por la Comuna 13<\/a> ayuda a interpretar las obras y su contexto.<\/li>\n\n\n\n<li><strong>Recorrido:<\/strong> las escaleras salvan parte del desnivel, pero hay tramos con pendientes y aglomeraciones.<\/li>\n\n\n\n<li><strong>Contexto local:<\/strong> una <a href=\"https:\/\/www.guruwalk.com\/es\/walks\/43160-free-tour-comuna-13-descubre-la-transformacion-graffiti-tour\" target=\"_blank\" rel=\"noopener\">visita guiada por el barrio<\/a> permite distinguir los procesos comunitarios de los relatos centrados \u00fanicamente en la violencia.<\/li>\n<\/ul>\n\n\n\n<p class=\"wp-block-paragraph\">En 2018, la zona acogi\u00f3 una carrera urbana de descenso de 2,27 kil\u00f3metros reconocida por <a href=\"https:\/\/www.guinnessworldrecords.com\/world-records\/546435-longest-urban-downhill-bicycle-race\" rel=\"nofollow noreferrer noopener\" target=\"_blank\">Guinness World Records<\/a>. La presencia de m\u00fasica, talleres, peque\u00f1os comercios y recorridos guiados muestra c\u00f3mo el espacio p\u00fablico forma parte de la memoria y la econom\u00eda actuales del barrio.<\/p>\n\n\n\n<h2 class='wp-block-heading' id='parque-arvi'>Parque Arv\u00ed<\/h2>\n\n\n\n<figure class='wp-block-image size-full'><img src='https:\/\/blog.guruwalk.com\/wp-content\/uploads\/2025\/03\/image-368.jpeg' alt='Metrocable sobre el Parque Arv\u00ed en Medell\u00edn' class='wp-image-8153'\/><figcaption class='wp-element-caption'>Metrocable sobre el Parque Arv\u00ed en Medell\u00edn.<\/figcaption><\/figure>\n\n\n\n<p class=\"wp-block-paragraph\">El <strong>Parque Regional Ecotur\u00edstico Arv\u00ed<\/strong> re\u00fane senderos, bosques y espacios dedicados a la conservaci\u00f3n ambiental. Su extensi\u00f3n exige escoger una ruta concreta en lugar de intentar recorrer todo el parque durante una sola visita.<\/p>\n\n\n\n<p class=\"wp-block-paragraph\">El clima suele ser m\u00e1s fresco y lluvioso que en el valle. Lleva calzado con buen agarre, impermeable, agua y una capa de abrigo. Antes de iniciar un sendero, confirma su dificultad y si requiere acompa\u00f1amiento.<\/p>\n\n\n\n<pre class='wp-block-preformatted has-background' style='background-color:#a1cc2921'>Para llegar, combina el metro con el Metrocable hasta Santo Domingo y contin\u00faa por la l\u00ednea L. Revisa los horarios de operaci\u00f3n y el \u00faltimo servicio de regreso antes de entrar en los senderos.<\/pre>\n\n\n\n<h2 class='wp-block-heading' id='parque-explora'>Parque Explora<\/h2>\n\n\n\n<figure class='wp-block-image size-full'><img src='https:\/\/blog.guruwalk.com\/wp-content\/uploads\/2025\/03\/image-7.png' alt='Edificio rojo del Parque Explora en Medell\u00edn' class='wp-image-8161'\/><figcaption class='wp-element-caption'>Edificio rojo del Parque Explora en Medell\u00edn.<\/figcaption><\/figure>\n\n\n\n<p class=\"wp-block-paragraph\">El <strong>Parque Explora<\/strong> es un centro de ciencia y tecnolog\u00eda que integra exposiciones interactivas, acuario y espacios de divulgaci\u00f3n. Resulta especialmente pr\u00e1ctico para familias o para una jornada con lluvia.<\/p>\n\n\n\n<p class=\"wp-block-paragraph\">Sus salas requieren varias horas si se quiere participar en las experiencias con calma. Consulta disponibilidad, horarios y condiciones de entrada antes de desplazarte, sobre todo si quieres combinarlo con el Jard\u00edn Bot\u00e1nico, situado en la misma zona norte.<\/p>\n\n\n\n<h2 class='wp-block-heading' id='museo-antioquia'>Museo de Antioquia<\/h2>\n\n\n\n<figure class='wp-block-image size-full'><img src='https:\/\/blog.guruwalk.com\/wp-content\/uploads\/2025\/03\/image-369.jpeg' alt='Museo de Antioquia junto a la Plaza Botero en Medell\u00edn' class='wp-image-8169'\/><figcaption class='wp-element-caption'>Museo de Antioquia junto a la Plaza Botero en Medell\u00edn.<\/figcaption><\/figure>\n\n\n\n<p class=\"wp-block-paragraph\">El <strong>Museo de Antioquia<\/strong> conserva arte colombiano y obras de artistas internacionales. Su ubicaci\u00f3n junto a la Plaza Botero permite integrarlo en una ruta a pie por el centro sin a\u00f1adir otro desplazamiento.<\/p>\n\n\n\n<p class=\"wp-block-paragraph\">La colecci\u00f3n dedicada a Fernando Botero es uno de sus principales ejes, pero el recorrido tambi\u00e9n permite conocer otras etapas del arte regional. Reserva al menos dos horas si quieres visitar varias salas.<\/p>\n\n\n\n<h3 class='wp-block-heading'>Consejos para tu visita<\/h3>\n\n\n\n<ul class='wp-block-list'>\n<li><strong>Horarios y entrada:<\/strong> consulta la informaci\u00f3n actualizada en la <a href=\"https:\/\/museodeantioquia.co\/visita-tarifas\/\" rel=\"nofollow noreferrer noopener\" target=\"_blank\">web oficial del Museo de Antioquia<\/a>.<\/li>\n\n\n\n<li><strong>Descuentos:<\/strong> comprueba los requisitos vigentes antes de comprar la entrada.<\/li>\n\n\n\n<li><strong>Fotograf\u00eda:<\/strong> confirma las condiciones aplicables en cada sala.<\/li>\n<\/ul>\n\n\n\n<h2 class='wp-block-heading' id='plaza-botero'>Plaza Botero<\/h2>\n\n\n\n<figure class='wp-block-image size-full'><img src='https:\/\/blog.guruwalk.com\/wp-content\/uploads\/2025\/03\/art-statue-outdoor-cielo-blue-sky.webp' alt='Escultura de Fernando Botero en la Plaza Botero de Medell\u00edn' class='wp-image-37272'\/><figcaption class='wp-element-caption'>Escultura de Fernando Botero en la Plaza Botero de Medell\u00edn.<\/figcaption><\/figure>\n\n\n\n<p class=\"wp-block-paragraph\">La <strong>Plaza Botero<\/strong> funciona como un museo al aire libre con 23 esculturas de bronce de Fernando Botero. Est\u00e1 junto al Museo de Antioquia y el Palacio de la Cultura, por lo que encaja en la misma ruta por el centro.<\/p>\n\n\n\n<p class=\"wp-block-paragraph\">El espacio es abierto y muy transitado. Observa las esculturas sin perder de vista tus pertenencias y evita convertir la parada en un simple recorrido fotogr\u00e1fico: las proporciones y los t\u00edtulos de las obras permiten reconocer temas recurrentes del artista.<\/p>\n\n\n\n<p class=\"wp-block-paragraph\">El <a href=\"https:\/\/www.guruwalk.com\/es\/walks\/10981-medellin-amor-a-primera-vista-historia-de-su-transformacion\" target=\"_blank\" rel=\"noopener\">recorrido hist\u00f3rico por el centro de Medell\u00edn<\/a> incluye esta plaza y ayuda a relacionarla con los edificios y cambios urbanos del entorno.<\/p>\n\n\n\n<h2 class='wp-block-heading' id='jardin-botanico'>Jard\u00edn Bot\u00e1nico Joaqu\u00edn Antonio Uribe<\/h2>\n\n\n\n<figure class='wp-block-image size-full'><img src='https:\/\/blog.guruwalk.com\/wp-content\/uploads\/2025\/03\/image-371.jpeg' alt='Orquideorama del Jard\u00edn Bot\u00e1nico Joaqu\u00edn Antonio Uribe en Medell\u00edn' class='wp-image-8185'\/><figcaption class='wp-element-caption'>Orquideorama del Jard\u00edn Bot\u00e1nico Joaqu\u00edn Antonio Uribe en Medell\u00edn.<\/figcaption><\/figure>\n\n\n\n<p class=\"wp-block-paragraph\">El <strong>Jard\u00edn Bot\u00e1nico Joaqu\u00edn Antonio Uribe<\/strong> est\u00e1 dividido en \u00e1reas con \u00e1rboles, cactus, flores y otras colecciones vegetales. Su cercan\u00eda al Parque Explora permite combinar ambos espacios en una jornada dedicada a la zona norte.<\/p>\n\n\n\n<p class=\"wp-block-paragraph\">El Orquideorama es la estructura m\u00e1s reconocible del recinto y acoge actividades y exposiciones seg\u00fan la programaci\u00f3n. Consulta las condiciones de acceso y los posibles cierres de \u00e1reas antes de organizar la visita.<\/p>\n\n\n\n<h2 class='wp-block-heading' id='museo-castillo'>Museo El Castillo<\/h2>\n\n\n\n<figure class='wp-block-image size-full'><img src='https:\/\/blog.guruwalk.com\/wp-content\/uploads\/2025\/03\/image-380.jpeg' alt='Fuente y fachada del Museo El Castillo en Medell\u00edn' class='wp-image-8257'\/><figcaption class='wp-element-caption'>Fuente y fachada del Museo El Castillo en Medell\u00edn.<\/figcaption><\/figure>\n\n\n\n<p class=\"wp-block-paragraph\">El Museo El Castillo re\u00fane cristaler\u00eda, gobelinos, vitrales, porcelana, pinturas, esculturas y antig\u00fcedades. El edificio fue construido por el arquitecto Nel Rodr\u00edguez en 1930 con referencias a los castillos del valle del Loira.<\/p>\n\n\n\n<p class=\"wp-block-paragraph\">La propiedad fue casa de campo de Jos\u00e9 Tob\u00f3n Uribe y posteriormente pas\u00f3 a Diego Echavarr\u00eda Misas y su esposa, Benedikta Zur. Sus jardines, salones y piezas decorativas permiten conocer la vida dom\u00e9stica y el coleccionismo de una familia vinculada a la historia cultural de Medell\u00edn.<\/p>\n\n\n\n<p class=\"wp-block-paragraph\">Las salas permanentes incluyen el Hall de Entrada, la Sala de los Gobelinos, la Sala Colonial, la Sala Luis XV, la Habitaci\u00f3n de Don Diego, la Sala de M\u00fasica y varias habitaciones familiares.<\/p>\n\n\n\n<h3 class='wp-block-heading'>Informaci\u00f3n pr\u00e1ctica<\/h3>\n\n\n\n<ul class='wp-block-list'>\n<li><strong>Visitas:<\/strong> consulta horarios, disponibilidad y modalidades en la <a href=\"https:\/\/www.museoelcastillo.org\/visitanos\/\" rel=\"nofollow noreferrer noopener\" target=\"_blank\">web oficial del Museo El Castillo<\/a>.<\/li>\n\n\n\n<li><strong>Fotograf\u00eda:<\/strong> confirma las restricciones vigentes para interiores y exposiciones temporales.<\/li>\n\n\n\n<li><strong>Tiempo:<\/strong> reserva margen para recorrer tanto las salas como los jardines.<\/li>\n<\/ul>\n\n\n<div class=\"gw-products-block\" style=\"--gw-nav-width:30px; --gw-nav-height:30px; --gw-chevron-w:15px; --gw-chevron-h:15px; --gw-circle-color:#0a5bd9; --gw-chevron-color:#0a5bd9;\"><div class=\"gw-products-carousel\" aria-live=\"polite\"><article class=\"gw-card\"><div class=\"gw-card__image\"><img decoding=\"async\" class=\"gw-card__photo\" src=\"https:\/\/blog.guruwalk.com\/wp-content\/uploads\/gw-products\/images\/42677965835e06d893bb9a4d346e36ef.webp\" alt=\"Matchday en Medell\u00edn: Tour de F\u00fatbol con Entrada, Transporte y Pre-Game\" loading=\"lazy\" \/><div class=\"gw-flags\" aria-label=\"Idiomas disponibles\"><span class=\"gw-flag\" title=\"EN\"><img decoding=\"async\" class=\"gw-flag-img\" src=\"https:\/\/blog.guruwalk.com\/wp-content\/uploads\/gw-products\/flags\/gb.svg\" alt=\"EN\" loading=\"lazy\" width=\"22\" height=\"16\" \/><\/span><span class=\"gw-flag\" title=\"ES\"><img decoding=\"async\" class=\"gw-flag-img\" src=\"https:\/\/blog.guruwalk.com\/wp-content\/uploads\/gw-products\/flags\/es.svg\" alt=\"ES\" loading=\"lazy\" width=\"22\" height=\"16\" \/><\/span><\/div><\/div><div class=\"gw-card__body\"><h3 class=\"gw-card__title\">Matchday en Medell\u00edn: Tour de F\u00fatbol con Entrada, Transporte y Pre-Game<\/h3><div class=\"gw-card__footer\"><div class=\"gw-card__meta\"><div class=\"gw-rating\" aria-label=\"Valoraci\u00f3n 4.9 de 5\"><span class=\"gw-star gw-star--full\" aria-hidden=\"true\">\u2605<\/span><span class=\"gw-star gw-star--full\" aria-hidden=\"true\">\u2605<\/span><span class=\"gw-star gw-star--full\" aria-hidden=\"true\">\u2605<\/span><span class=\"gw-star gw-star--full\" aria-hidden=\"true\">\u2605<\/span><span class=\"gw-star gw-star--half\" aria-hidden=\"true\">\u2606<\/span><span class=\"gw-rating__count\">4,9 (63)<\/span><\/div><\/div><div class=\"gw-card__price\">Desde \u20ac49,00<\/div><\/div><\/div><a class=\"gw-card__link\" href=\"https:\/\/www.guruwalk.com\/es\/walks\/p107437-matchday-en-medellin-tour-de-futbol-con-entrada-transporte-y-pre-game\" target=\"_blank\" rel=\"noopener\" aria-label=\"Matchday en Medell\u00edn: Tour de F\u00fatbol con Entrada, Transporte y Pre-Game\"><\/a><\/article><article class=\"gw-card\"><div class=\"gw-card__image\"><img decoding=\"async\" class=\"gw-card__photo\" src=\"https:\/\/blog.guruwalk.com\/wp-content\/uploads\/gw-products\/images\/d4ab7bbeed4c38738cb244edd154806d.webp\" alt=\"Parque Norte Medell\u00edn: Entrada de acceso r\u00e1pido\" loading=\"lazy\" \/><\/div><div class=\"gw-card__body\"><h3 class=\"gw-card__title\">Parque Norte Medell\u00edn: Entrada de acceso r\u00e1pido<\/h3><div class=\"gw-card__footer\"><div class=\"gw-card__meta\"><div class=\"gw-rating\" aria-label=\"Valoraci\u00f3n 4.3 de 5\"><span class=\"gw-star gw-star--full\" aria-hidden=\"true\">\u2605<\/span><span class=\"gw-star gw-star--full\" aria-hidden=\"true\">\u2605<\/span><span class=\"gw-star gw-star--full\" aria-hidden=\"true\">\u2605<\/span><span class=\"gw-star gw-star--full\" aria-hidden=\"true\">\u2605<\/span><span class=\"gw-star gw-star--empty\" aria-hidden=\"true\">\u2606<\/span><span class=\"gw-rating__count\">4,3 (107)<\/span><\/div><\/div><div class=\"gw-card__price\">Desde \u20ac8,74<\/div><\/div><\/div><a class=\"gw-card__link\" href=\"https:\/\/www.guruwalk.com\/es\/walks\/p67806-parque-norte-medellin-entrada-de-acceso-rapido-7aa82576-be75-485b-8130-b4a898683e2f\" target=\"_blank\" rel=\"noopener\" aria-label=\"Parque Norte Medell\u00edn: Entrada de acceso r\u00e1pido\"><\/a><\/article><article class=\"gw-card\"><div class=\"gw-card__image\"><img decoding=\"async\" class=\"gw-card__photo\" src=\"https:\/\/blog.guruwalk.com\/wp-content\/uploads\/gw-products\/images\/c4d337352857cecb21a222fa6bbfc605.webp\" alt=\"Parque de la Conservaci\u00f3n Medell\u00edn: Entrada sin colas\" loading=\"lazy\" \/><\/div><div class=\"gw-card__body\"><h3 class=\"gw-card__title\">Parque de la Conservaci\u00f3n Medell\u00edn: Entrada sin colas<\/h3><div class=\"gw-card__footer\"><div class=\"gw-card__meta\"><div class=\"gw-rating\" aria-label=\"Valoraci\u00f3n 4.8 de 5\"><span class=\"gw-star gw-star--full\" aria-hidden=\"true\">\u2605<\/span><span class=\"gw-star gw-star--full\" aria-hidden=\"true\">\u2605<\/span><span class=\"gw-star gw-star--full\" aria-hidden=\"true\">\u2605<\/span><span class=\"gw-star gw-star--full\" aria-hidden=\"true\">\u2605<\/span><span class=\"gw-star gw-star--half\" aria-hidden=\"true\">\u2606<\/span><span class=\"gw-rating__count\">4,8 (652)<\/span><\/div><\/div><div class=\"gw-card__price\">Desde \u20ac10,66<\/div><\/div><\/div><a class=\"gw-card__link\" href=\"https:\/\/www.guruwalk.com\/es\/walks\/p67805-parque-de-la-conservacion-medellin-entrada-sin-colas-3a4c9cf3-4fec-4d2a-a37c-80e3703b0a01\" target=\"_blank\" rel=\"noopener\" aria-label=\"Parque de la Conservaci\u00f3n Medell\u00edn: Entrada sin colas\"><\/a><\/article><article class=\"gw-card\"><div class=\"gw-card__image\"><img decoding=\"async\" class=\"gw-card__photo\" src=\"https:\/\/blog.guruwalk.com\/wp-content\/uploads\/gw-products\/images\/432cd4df2ff557734a80edb4b0f33181.webp\" alt=\"Parque de la Conservaci\u00f3n Medell\u00edn: Entrada sin colas\" loading=\"lazy\" \/><\/div><div class=\"gw-card__body\"><h3 class=\"gw-card__title\">Parque de la Conservaci\u00f3n Medell\u00edn: Entrada sin colas<\/h3><div class=\"gw-card__footer\"><div class=\"gw-card__meta\"><div class=\"gw-rating\" aria-label=\"Valoraci\u00f3n 4.8 de 5\"><span class=\"gw-star gw-star--full\" aria-hidden=\"true\">\u2605<\/span><span class=\"gw-star gw-star--full\" aria-hidden=\"true\">\u2605<\/span><span class=\"gw-star gw-star--full\" aria-hidden=\"true\">\u2605<\/span><span class=\"gw-star gw-star--full\" aria-hidden=\"true\">\u2605<\/span><span class=\"gw-star gw-star--half\" aria-hidden=\"true\">\u2606<\/span><span class=\"gw-rating__count\">4,8 (652)<\/span><\/div><\/div><div class=\"gw-card__price\">Desde \u20ac10,66<\/div><\/div><\/div><a class=\"gw-card__link\" href=\"https:\/\/www.guruwalk.com\/es\/walks\/p35963-parque-de-la-conservacion-medellin-entrada-sin-colas\" target=\"_blank\" rel=\"noopener\" aria-label=\"Parque de la Conservaci\u00f3n Medell\u00edn: Entrada sin colas\"><\/a><\/article><\/div><div class=\"gw-vertical-link-container\"><a href=\"https:\/\/www.guruwalk.com\/es\/a\/medellin\/v70819-entradas-y-pases-medellin\" target=\"_blank\" rel=\"noopener\" style=\"font-weight: bold;\">+ Entradas y Pases<\/a><\/div><\/div>\n\n\n<h2 class='wp-block-heading' id='parque-pies-descalzos'>Parque de los Pies Descalzos<\/h2>\n\n\n\n<figure class='wp-block-image size-full'><img src='https:\/\/blog.guruwalk.com\/wp-content\/uploads\/2025\/03\/image-372.jpeg' alt='Parque de los Pies Descalzos en el centro de Medell\u00edn' class='wp-image-8193'\/><figcaption class='wp-element-caption'>Parque de los Pies Descalzos en el centro de Medell\u00edn.<\/figcaption><\/figure>\n\n\n\n<p class=\"wp-block-paragraph\">El <strong>Parque de los Pies Descalzos<\/strong> es un espacio urbano del centro de Medell\u00edn con zonas de arena, agua y guadua. Su dise\u00f1o propone un recorrido sensorial, aunque el estado y acceso a cada elemento pueden variar por mantenimiento.<\/p>\n\n\n\n<p class=\"wp-block-paragraph\">Puede incorporarse como una pausa breve dentro de una ruta por el centro. Antes de caminar descalzo o entrar en el agua, comprueba qu\u00e9 \u00e1reas est\u00e1n habilitadas y sigue las indicaciones del recinto.<\/p>\n\n\n\n<h2 class='wp-block-heading' id='parque-bolivar'>Parque de Bol\u00edvar<\/h2>\n\n\n\n<figure class='wp-block-image size-full'><img src='https:\/\/blog.guruwalk.com\/wp-content\/uploads\/2025\/03\/image-373.jpeg' alt='Parque de Bol\u00edvar y monumento ecuestre en Medell\u00edn' class='wp-image-8201'\/><figcaption class='wp-element-caption'>Parque de Bol\u00edvar y monumento ecuestre en Medell\u00edn.<\/figcaption><\/figure>\n\n\n\n<p class=\"wp-block-paragraph\">El Parque de Bol\u00edvar est\u00e1 en el barrio de Villanueva, en pleno centro de Medell\u00edn. Fue inaugurado en 1892 y recibi\u00f3 su nombre en honor a Sim\u00f3n Bol\u00edvar. Frente al parque se levanta la Catedral Metropolitana.<\/p>\n\n\n\n<p class=\"wp-block-paragraph\">En el centro se encuentra la estatua ecuestre del Libertador, obra del escultor italiano Giovanni Anderlini y fundida por Eugenio Maccagnani. La plaza funciona como punto de paso entre la catedral, el comercio del centro y otros edificios hist\u00f3ricos.<\/p>\n\n\n\n<h2 class='wp-block-heading' id='pueblito-paisa'>Pueblito Paisa<\/h2>\n\n\n\n<figure class='wp-block-image size-full'><img src='https:\/\/blog.guruwalk.com\/wp-content\/uploads\/2025\/03\/image-374.jpeg' alt='Plaza e iglesia del Pueblito Paisa en Medell\u00edn' class='wp-image-8209'\/><figcaption class='wp-element-caption'>Plaza e iglesia del Pueblito Paisa en Medell\u00edn.<\/figcaption><\/figure>\n\n\n\n<p class=\"wp-block-paragraph\">El Pueblito Paisa ocupa una zona del Cerro Nutibara y reproduce elementos de un pueblo tradicional antioque\u00f1o. Su plaza de piedra re\u00fane una fuente, una iglesia, una casa cural, una barber\u00eda, una alcald\u00eda y una escuela.<\/p>\n\n\n\n<p class=\"wp-block-paragraph\">El principal motivo para incluirlo en la ruta es la vista sobre Medell\u00edn. Tambi\u00e9n alberga el Museo de Ciudad, dedicado a la evoluci\u00f3n urban\u00edstica y social, y el Teatro Carlos Vieco, cuya disponibilidad depende de la programaci\u00f3n y de posibles obras.<\/p>\n\n\n\n<p class=\"wp-block-paragraph\">En el cerro se encuentra adem\u00e1s el Parque de las Esculturas, creado en 1983 con obras de artistas nacionales e internacionales integradas en el entorno.<\/p>\n\n\n\n<ul class='wp-block-list'>\n<li><strong>Duraci\u00f3n:<\/strong> una o dos horas suelen bastar para la plaza, el mirador y un paseo breve.<\/li>\n\n\n\n<li><strong>Acceso:<\/strong> se puede subir caminando o en taxi; valora el desnivel y el tiempo disponible.<\/li>\n<\/ul>\n\n\n\n<h2 class='wp-block-heading' id='palacio-nacional'>Palacio Nacional<\/h2>\n\n\n\n<figure class='wp-block-image size-full'><img src='https:\/\/blog.guruwalk.com\/wp-content\/uploads\/2025\/03\/palacio-nacional-medellin.webp' alt='Fachada del Palacio Nacional de Medell\u00edn' class='wp-image-28972'\/><figcaption class='wp-element-caption'>Fachada del Palacio Nacional de Medell\u00edn.<\/figcaption><\/figure>\n\n\n\n<p class=\"wp-block-paragraph\">El Palacio Nacional es un edificio hist\u00f3rico del centro de Medell\u00edn, situado en el tramo peatonal de la avenida Carabobo. En sus or\u00edgenes alberg\u00f3 dependencias p\u00fablicas, pol\u00edticas y educativas; en 1988 fue declarado Patrimonio Hist\u00f3rico y Art\u00edstico de la Naci\u00f3n y desde 1993 funciona como centro comercial.<\/p>\n\n\n\n<p class=\"wp-block-paragraph\">Dise\u00f1ado por el arquitecto belga Agust\u00edn Goovaerts, combina influencias rom\u00e1nticas y modernistas. En el interior destacan la cerrajer\u00eda, los relieves, las vidrieras art d\u00e9co y los trabajos en madera.<\/p>\n\n\n\n<p class=\"wp-block-paragraph\">El cambio de uso permite observar la arquitectura mientras se recorren comercios y galer\u00edas. Incl\u00fayelo como una parada breve entre la Plaza Botero y otros puntos del Paseo Carabobo.<\/p>\n\n\n\n<h2 class='wp-block-heading' id='metrocable'>Metrocable: vistas panor\u00e1micas de la ciudad<\/h2>\n\n\n\n<figure class='wp-block-image size-full'><img src='https:\/\/blog.guruwalk.com\/wp-content\/uploads\/2025\/03\/image-376.jpeg' alt='Cabinas del Metrocable sobre Medell\u00edn y el Valle de Aburr\u00e1' class='wp-image-8225'\/><figcaption class='wp-element-caption'>Cabinas del Metrocable sobre Medell\u00edn y el Valle de Aburr\u00e1.<\/figcaption><\/figure>\n\n\n\n<p class=\"wp-block-paragraph\">El <strong>Metrocable<\/strong> forma parte del transporte p\u00fablico de Medell\u00edn y conecta barrios de ladera con la red de metro. Para el visitante tambi\u00e9n ofrece una lectura clara de la geograf\u00eda del Valle de Aburr\u00e1 y de la expansi\u00f3n urbana.<\/p>\n\n\n\n<p class=\"wp-block-paragraph\">La l\u00ednea K conecta con Santo Domingo y la l\u00ednea L contin\u00faa hacia el Parque Arv\u00ed. No todas las l\u00edneas tienen la misma integraci\u00f3n tarifaria ni el mismo horario, as\u00ed que conviene revisar las condiciones oficiales antes del trayecto.<\/p>\n\n\n\n<h2 class='wp-block-heading' id='catedral'>Catedral Metropolitana<\/h2>\n\n\n\n<figure class='wp-block-image size-full'><img src='https:\/\/blog.guruwalk.com\/wp-content\/uploads\/2025\/03\/image-377.jpeg' alt='Fachada de ladrillo de la Catedral Metropolitana de Medell\u00edn' class='wp-image-8233'\/><figcaption class='wp-element-caption'>Fachada de ladrillo de la Catedral Metropolitana de Medell\u00edn.<\/figcaption><\/figure>\n\n\n\n<p class=\"wp-block-paragraph\">La Catedral Metropolitana, dedicada a la Inmaculada Concepci\u00f3n, comenz\u00f3 a construirse en el siglo XIX y fue inaugurada en 1931. Su fachada de ladrillo domina uno de los extremos del Parque de Bol\u00edvar.<\/p>\n\n\n\n<p class=\"wp-block-paragraph\">El interior presenta planta basilical de tres naves. Al tratarse de un templo en uso, consulta los horarios de culto, viste de forma adecuada y evita interrumpir celebraciones.<\/p>\n\n\n\n<h2 class='wp-block-heading' id='zoo-santafe'>Parque de la Conservaci\u00f3n<\/h2>\n\n\n\n<figure class='wp-block-image size-full'><img src='https:\/\/blog.guruwalk.com\/wp-content\/uploads\/2025\/03\/image-378.jpeg' alt='Sendero del Parque de la Conservaci\u00f3n en Medell\u00edn' class='wp-image-8241'\/><figcaption class='wp-element-caption'>Sendero del Parque de la Conservaci\u00f3n en Medell\u00edn.<\/figcaption><\/figure>\n\n\n\n<p class=\"wp-block-paragraph\">El Parque de la Conservaci\u00f3n, anteriormente Parque Zool\u00f3gico Santa Fe, centra su actividad en el bienestar animal, la educaci\u00f3n ambiental y la conservaci\u00f3n de especies.<\/p>\n\n\n\n<p class=\"wp-block-paragraph\">Fundado en 1960, alberga principalmente fauna americana y animales procedentes de procesos de rescate. Las rutas educativas explican el origen de las especies y el trabajo de conservaci\u00f3n desarrollado en el recinto.<\/p>\n\n\n\n<p class=\"wp-block-paragraph\">La Casa de la Ciencia y el aviario complementan la visita seg\u00fan su disponibilidad. Consulta horarios, condiciones de entrada y actividades vigentes antes de desplazarte.<\/p>\n\n\n\n<h2 class='wp-block-heading' id='plaza-minorista'>Plaza Minorista Jos\u00e9 Mar\u00eda Villa<\/h2>\n\n\n\n<figure class='wp-block-image size-full'><img src='https:\/\/blog.guruwalk.com\/wp-content\/uploads\/2025\/03\/image-379.jpeg' alt='Puestos de la Plaza Minorista Jos\u00e9 Mar\u00eda Villa en Medell\u00edn' class='wp-image-8249'\/><figcaption class='wp-element-caption'>Puestos de la Plaza Minorista Jos\u00e9 Mar\u00eda Villa en Medell\u00edn.<\/figcaption><\/figure>\n\n\n\n<p class=\"wp-block-paragraph\">La Plaza Minorista Jos\u00e9 Mar\u00eda Villa re\u00fane puestos de frutas, verduras, alimentos preparados y productos de uso cotidiano. Es una parada \u00fatil para conocer ingredientes locales y probar frutas como maracuy\u00e1, granadilla o lulo.<\/p>\n\n\n\n<p class=\"wp-block-paragraph\">El mercado es grande y mantiene una actividad comercial intensa. Lleva efectivo para los puestos que no acepten tarjeta, pregunta el precio antes de pedir y solicita permiso antes de fotografiar a comerciantes o mercanc\u00edas.<\/p>\n\n\n\n<h2 class='wp-block-heading' id='barrios-medellin'>Barrios de Medell\u00edn para pasear y alojarse<\/h2>\n\n\n\n<figure class='wp-block-table'><table><thead><tr><th>Zona<\/th><th>Ambiente<\/th><th>Conexiones<\/th><th>Para qui\u00e9n resulta pr\u00e1ctica<\/th><\/tr><\/thead><tbody><tr><td>Centro<\/td><td>Edificios hist\u00f3ricos, museos, mercados y comercio intenso<\/td><td>Buena conexi\u00f3n con metro y recorridos a pie entre varios monumentos<\/td><td>Viajeros que priorizan patrimonio y quieren reducir desplazamientos durante el d\u00eda<\/td><\/tr><tr><td>El Poblado y Provenza<\/td><td>Restaurantes, caf\u00e9s, alojamiento y actividad nocturna<\/td><td>Metro y transporte urbano; algunas calles tienen pendientes<\/td><td>Primera visita, oferta amplia de servicios y planes por la noche<\/td><\/tr><tr><td>Laureles<\/td><td>Zona residencial con restaurantes y calles m\u00e1s tranquilas<\/td><td>Buses, taxi y conexiones hacia el centro; comprueba el trayecto desde el alojamiento<\/td><td>Estancias de varios d\u00edas y viajeros que prefieren un entorno menos concentrado que El Poblado<\/td><\/tr><\/tbody><\/table><figcaption class='wp-element-caption'>Comparaci\u00f3n pr\u00e1ctica de zonas donde pasear o alojarse en Medell\u00edn.<\/figcaption><\/figure>\n\n\n\n<p class=\"wp-block-paragraph\">El Centro concentra m\u00e1s visitas culturales, pero su ambiente cambia al terminar la actividad comercial. El Poblado facilita el acceso a servicios y vida nocturna, mientras que Laureles ofrece un ritmo m\u00e1s residencial. La elecci\u00f3n depende de qu\u00e9 visitas quieras hacer y de cu\u00e1ntos desplazamientos est\u00e9s dispuesto a asumir.<\/p>\n\n\n\n<h2 class='wp-block-heading' id='excursiones-medellin'>Excursiones desde Medell\u00edn<\/h2>\n\n\n\n<h3 class='wp-block-heading'>Guatap\u00e9 y Piedra del Pe\u00f1ol<\/h3>\n\n\n\n<p class=\"wp-block-paragraph\">Guatap\u00e9 es la excursi\u00f3n m\u00e1s habitual desde Medell\u00edn por sus fachadas decoradas y el paisaje del embalse. El trayecto por carretera suele ocupar alrededor de dos horas por sentido, seg\u00fan el tr\u00e1fico. Puedes viajar desde la Terminal del Norte o contratar una salida organizada; reserva el d\u00eda completo si quieres combinar el pueblo con la Piedra del Pe\u00f1ol y confirma disponibilidad y condiciones de acceso.<\/p>\n\n\n<div class=\"gw-products-block\" style=\"--gw-nav-width:30px; --gw-nav-height:30px; --gw-chevron-w:15px; --gw-chevron-h:15px; --gw-circle-color:#0a5bd9; --gw-chevron-color:#0a5bd9;\"><div class=\"gw-products-carousel\" aria-live=\"polite\"><article class=\"gw-card\"><div class=\"gw-card__image\"><img decoding=\"async\" class=\"gw-card__photo\" src=\"https:\/\/blog.guruwalk.com\/wp-content\/uploads\/gw-products\/images\/71817d535c051966ff20c2fc997ca1fd.webp\" alt=\"Guatap\u00e9 Plus: crucero Celebrity, la Piedra, Alto del Chocho\" loading=\"lazy\" \/><div class=\"gw-flags\" aria-label=\"Idiomas disponibles\"><span class=\"gw-flag\" title=\"EN\"><img decoding=\"async\" class=\"gw-flag-img\" src=\"https:\/\/blog.guruwalk.com\/wp-content\/uploads\/gw-products\/flags\/gb.svg\" alt=\"EN\" loading=\"lazy\" width=\"22\" height=\"16\" \/><\/span><span class=\"gw-flag\" title=\"ES\"><img decoding=\"async\" class=\"gw-flag-img\" src=\"https:\/\/blog.guruwalk.com\/wp-content\/uploads\/gw-products\/flags\/es.svg\" alt=\"ES\" loading=\"lazy\" width=\"22\" height=\"16\" \/><\/span><\/div><\/div><div class=\"gw-card__body\"><h3 class=\"gw-card__title\">Guatap\u00e9 Plus: crucero Celebrity, la Piedra, Alto del Chocho<\/h3><div class=\"gw-card__footer\"><div class=\"gw-card__meta\"><div class=\"gw-rating\" aria-label=\"Valoraci\u00f3n 4.7 de 5\"><span class=\"gw-star gw-star--full\" aria-hidden=\"true\">\u2605<\/span><span class=\"gw-star gw-star--full\" aria-hidden=\"true\">\u2605<\/span><span class=\"gw-star gw-star--full\" aria-hidden=\"true\">\u2605<\/span><span class=\"gw-star gw-star--full\" aria-hidden=\"true\">\u2605<\/span><span class=\"gw-star gw-star--half\" aria-hidden=\"true\">\u2606<\/span><span class=\"gw-rating__count\">4,7 (2622)<\/span><\/div><\/div><div class=\"gw-card__price\">Desde \u20ac38,00<\/div><\/div><\/div><a class=\"gw-card__link\" href=\"https:\/\/www.guruwalk.com\/es\/walks\/p136641-guatape-plus-crucero-celebrity-la-piedra-alto-del-chocho-cGFub3B0ZXM\" target=\"_blank\" rel=\"noopener\" aria-label=\"Guatap\u00e9 Plus: crucero Celebrity, la Piedra, Alto del Chocho\"><\/a><\/article><article class=\"gw-card\"><div class=\"gw-card__image\"><img decoding=\"async\" class=\"gw-card__photo\" src=\"https:\/\/blog.guruwalk.com\/wp-content\/uploads\/gw-products\/images\/11962cdd1c082b37b1ca1df38980ae66.webp\" alt=\"Tour en tuk tuk por Guatap\u00e9 + Granja Alto del Chocho\" loading=\"lazy\" \/><div class=\"gw-flags\" aria-label=\"Idiomas disponibles\"><span class=\"gw-flag\" title=\"EN\"><img decoding=\"async\" class=\"gw-flag-img\" src=\"https:\/\/blog.guruwalk.com\/wp-content\/uploads\/gw-products\/flags\/gb.svg\" alt=\"EN\" loading=\"lazy\" width=\"22\" height=\"16\" \/><\/span><span class=\"gw-flag\" title=\"ES\"><img decoding=\"async\" class=\"gw-flag-img\" src=\"https:\/\/blog.guruwalk.com\/wp-content\/uploads\/gw-products\/flags\/es.svg\" alt=\"ES\" loading=\"lazy\" width=\"22\" height=\"16\" \/><\/span><\/div><\/div><div class=\"gw-card__body\"><h3 class=\"gw-card__title\">Tour en tuk tuk por Guatap\u00e9 + Granja Alto del Chocho<\/h3><div class=\"gw-card__footer\"><div class=\"gw-card__price\">Desde \u20ac42,30<\/div><\/div><\/div><a class=\"gw-card__link\" href=\"https:\/\/www.guruwalk.com\/es\/walks\/p173646-tour-en-tuk-tuk-por-guatape-granja-alto-del-chocho-cGFub3B0ZXM\" target=\"_blank\" rel=\"noopener\" aria-label=\"Tour en tuk tuk por Guatap\u00e9 + Granja Alto del Chocho\"><\/a><\/article><article class=\"gw-card\"><div class=\"gw-card__image\"><img decoding=\"async\" class=\"gw-card__photo\" src=\"https:\/\/blog.guruwalk.com\/wp-content\/uploads\/gw-products\/images\/442786de4438181c4f7fd925dc1273f3.webp\" alt=\"Fiesta en barco en Guatap\u00e9 - Tour de d\u00eda completo\" loading=\"lazy\" \/><div class=\"gw-flags\" aria-label=\"Idiomas disponibles\"><span class=\"gw-flag\" title=\"EN\"><img decoding=\"async\" class=\"gw-flag-img\" src=\"https:\/\/blog.guruwalk.com\/wp-content\/uploads\/gw-products\/flags\/gb.svg\" alt=\"EN\" loading=\"lazy\" width=\"22\" height=\"16\" \/><\/span><span class=\"gw-flag\" title=\"ES\"><img decoding=\"async\" class=\"gw-flag-img\" src=\"https:\/\/blog.guruwalk.com\/wp-content\/uploads\/gw-products\/flags\/es.svg\" alt=\"ES\" loading=\"lazy\" width=\"22\" height=\"16\" \/><\/span><\/div><\/div><div class=\"gw-card__body\"><h3 class=\"gw-card__title\">Fiesta en barco en Guatap\u00e9 &#8211; Tour de d\u00eda completo<\/h3><div class=\"gw-card__footer\"><div class=\"gw-card__price\">Desde \u20ac60,00<\/div><\/div><\/div><a class=\"gw-card__link\" href=\"https:\/\/www.guruwalk.com\/es\/walks\/p154528-fiesta-en-barco-en-guatape-tour-de-dia-completo-cGFub3B0ZXM\" target=\"_blank\" rel=\"noopener\" aria-label=\"Fiesta en barco en Guatap\u00e9 - Tour de d\u00eda completo\"><\/a><\/article><article class=\"gw-card\"><div class=\"gw-card__image\"><img decoding=\"async\" class=\"gw-card__photo\" src=\"https:\/\/blog.guruwalk.com\/wp-content\/uploads\/gw-products\/images\/84e323e8c4bd9875ba470a5aa24ec9a0.webp\" alt=\"Guatap\u00e9 y piedra del Pe\u00f1ol: tour grupal todo incluido\" loading=\"lazy\" \/><div class=\"gw-flags\" aria-label=\"Idiomas disponibles\"><span class=\"gw-flag\" title=\"EN\"><img decoding=\"async\" class=\"gw-flag-img\" src=\"https:\/\/blog.guruwalk.com\/wp-content\/uploads\/gw-products\/flags\/gb.svg\" alt=\"EN\" loading=\"lazy\" width=\"22\" height=\"16\" \/><\/span><span class=\"gw-flag\" title=\"ES\"><img decoding=\"async\" class=\"gw-flag-img\" src=\"https:\/\/blog.guruwalk.com\/wp-content\/uploads\/gw-products\/flags\/es.svg\" alt=\"ES\" loading=\"lazy\" width=\"22\" height=\"16\" \/><\/span><\/div><\/div><div class=\"gw-card__body\"><h3 class=\"gw-card__title\">Guatap\u00e9 y piedra del Pe\u00f1ol: tour grupal todo incluido<\/h3><div class=\"gw-card__footer\"><div class=\"gw-card__meta\"><div class=\"gw-rating\" aria-label=\"Valoraci\u00f3n 4.8 de 5\"><span class=\"gw-star gw-star--full\" aria-hidden=\"true\">\u2605<\/span><span class=\"gw-star gw-star--full\" aria-hidden=\"true\">\u2605<\/span><span class=\"gw-star gw-star--full\" aria-hidden=\"true\">\u2605<\/span><span class=\"gw-star gw-star--full\" aria-hidden=\"true\">\u2605<\/span><span class=\"gw-star gw-star--half\" aria-hidden=\"true\">\u2606<\/span><span class=\"gw-rating__count\">4,8 (24)<\/span><\/div><\/div><div class=\"gw-card__price\">Desde \u20ac54,00<\/div><\/div><\/div><a class=\"gw-card__link\" href=\"https:\/\/www.guruwalk.com\/es\/walks\/p144601-guatape-y-piedra-del-penol-tour-grupal-todo-incluido-cGFub3B0ZXM\" target=\"_blank\" rel=\"noopener\" aria-label=\"Guatap\u00e9 y piedra del Pe\u00f1ol: tour grupal todo incluido\"><\/a><\/article><\/div><div class=\"gw-vertical-link-container\"><a href=\"https:\/\/www.guruwalk.com\/es\/a\/medellin\/v70815-guatape-y-piedra-del-penol-medellin\" target=\"_blank\" rel=\"noopener\" style=\"font-weight: bold;\">+ Excursiones a Guatap\u00e9<\/a><\/div><\/div>\n\n\n<h3 class='wp-block-heading'>Santa Fe de Antioquia<\/h3>\n\n\n\n<p class=\"wp-block-paragraph\">Santa Fe de Antioquia ofrece arquitectura colonial y un ritmo distinto al de Medell\u00edn. Calcula entre hora y media y dos horas por trayecto, sujeto al tr\u00e1fico, y confirma en la terminal correspondiente los horarios del d\u00eda. Es una salida de jornada completa.<\/p>\n\n\n\n<h3 class='wp-block-heading'>Experiencia cafetera<\/h3>\n\n\n\n<p class=\"wp-block-paragraph\">Las experiencias cafeteras permiten conocer el cultivo, la recolecci\u00f3n y el procesamiento sin llegar necesariamente al Eje Cafetero. La ubicaci\u00f3n de las fincas y el transporte var\u00edan, por lo que conviene elegir una modalidad que indique claramente el punto de salida, los traslados incluidos y la duraci\u00f3n total.<\/p>\n\n\n\n<p class=\"wp-block-paragraph\">Consulta m\u00e1s <a href=\"https:\/\/www.guruwalk.com\/es\/a\/medellin\" target=\"_blank\" rel=\"noopener\">actividades en Medell\u00edn<\/a> para comparar visitas guiadas y excursiones seg\u00fan las fechas de tu viaje.<\/p>\n\n\n\n<h2 class='wp-block-heading' id='como-llegar'>\u00bfC\u00f3mo llegar a Medell\u00edn?<\/h2>\n\n\n\n<figure class='wp-block-image size-large'><img src='https:\/\/blog.guruwalk.com\/wp-content\/uploads\/2026\/07\/medellin-inline_8144-1-optimized-20260708.webp' alt='Metro de Medell\u00edn con la Catedral Metropolitana al fondo' class='wp-image-29005'\/><figcaption class='wp-element-caption'>Metro de Medell\u00edn con la Catedral Metropolitana al fondo.<\/figcaption><\/figure>\n\n\n\n<h3 class='wp-block-heading'>Avi\u00f3n<\/h3>\n\n\n\n<p class=\"wp-block-paragraph\">La principal puerta de entrada a\u00e9rea es el Aeropuerto Internacional Jos\u00e9 Mar\u00eda C\u00f3rdova, situado en Rionegro, fuera del n\u00facleo urbano. El aeropuerto Olaya Herrera, dentro de Medell\u00edn, presta servicio a determinadas rutas nacionales y regionales.<\/p>\n\n\n\n<h3 class='wp-block-heading'>Bus<\/h3>\n\n\n\n<p class=\"wp-block-paragraph\">Medell\u00edn dispone de dos terminales terrestres. La Terminal del Norte, junto a la estaci\u00f3n Caribe del metro, conecta con Bogot\u00e1, Santander, la costa Caribe y varios destinos de Antioquia. La Terminal del Sur da servicio al sur de Antioquia, el Oriente antioque\u00f1o y ciudades del Eje Cafetero.<\/p>\n\n\n\n<h3 class='wp-block-heading'>\u00bfC\u00f3mo llegar al centro desde el aeropuerto?<\/h3>\n\n\n\n<h4 class='wp-block-heading'>Taxi<\/h4>\n\n\n\n<p class=\"wp-block-paragraph\">El taxi ofrece un traslado directo hasta el alojamiento. Confirma la tarifa autorizada, el punto oficial de recogida y el tiempo estimado seg\u00fan el tr\u00e1fico antes de iniciar el viaje.<\/p>\n\n\n\n<h4 class='wp-block-heading'>Bus o buseta<\/h4>\n\n\n\n<p class=\"wp-block-paragraph\">Los servicios colectivos conectan el aeropuerto con puntos de Medell\u00edn como el Centro Comercial San Diego. Comprueba en el aeropuerto la parada, el horario y el destino final, ya que la operativa puede cambiar.<\/p>\n\n\n\n<h4 class='wp-block-heading'>Taxi colectivo<\/h4>\n\n\n\n<p class=\"wp-block-paragraph\">En esta modalidad se comparte el coste del trayecto con otros pasajeros. Puede requerir esperar hasta completar las plazas y no siempre deja en la puerta del alojamiento; confirma el punto final antes de subir.<\/p>\n\n\n\n<h2 class='wp-block-heading' id=\"preguntas-frecuentes-sobre-medellin\">Preguntas frecuentes sobre Medell\u00edn<\/h2>\n\n\n\n<figure class='wp-block-image size-full'><img src='https:\/\/blog.guruwalk.com\/wp-content\/uploads\/2026\/07\/medellin-graffiti-google-optimized-20260708.webp' alt='Viajeros observando un mural de grafiti en Medell\u00edn' class='wp-image-29021' loading='lazy'\/><figcaption class='wp-element-caption'>Viajeros observando un mural de grafiti en Medell\u00edn.<\/figcaption><\/figure>\n\n\n<div id=\"rank-math-faq\" class=\"rank-math-block\">\n<div class=\"rank-math-list \">\n<div id=\"faq-question-1743037559484\" class=\"rank-math-list-item\">\n<h3 class=\"rank-math-question \">\u00bfCu\u00e1l es la mejor \u00e9poca para visitar Medell\u00edn?<\/h3>\n<div class=\"rank-math-answer \">\n\n<p>Medell\u00edn se puede visitar durante todo el a\u00f1o. Los periodos de lluvia y la programaci\u00f3n de eventos pueden afectar los planes al aire libre, por lo que conviene revisar la previsi\u00f3n y el calendario local antes del viaje.<\/p>\n\n<\/div>\n<\/div>\n<div id=\"faq-question-1743037570699\" class=\"rank-math-list-item\">\n<h3 class=\"rank-math-question \">\u00bfEs seguro visitar Medell\u00edn?<\/h3>\n<div class=\"rank-math-answer \">\n\n<p>Las condiciones cambian seg\u00fan la zona y la hora. Mant\u00e9n vigiladas tus pertenencias, evita calles solitarias por la noche, usa transporte identificado y consulta recomendaciones locales actualizadas.<\/p>\n\n<\/div>\n<\/div>\n<div id=\"faq-question-1743037581735\" class=\"rank-math-list-item\">\n<h3 class=\"rank-math-question \">\u00bfC\u00f3mo moverse por Medell\u00edn?<\/h3>\n<div class=\"rank-math-answer \">\n\n<p>La ciudad dispone de metro, Metrocable y buses. Comprueba las condiciones vigentes del medio de pago y combina la red p\u00fablica con taxi para trayectos que queden lejos de las estaciones.<\/p>\n\n<\/div>\n<\/div>\n<div id=\"faq-question-1743037598793\" class=\"rank-math-list-item\">\n<h3 class=\"rank-math-question \">\u00bfQu\u00e9 platos t\u00edpicos probar en Medell\u00edn?<\/h3>\n<div class=\"rank-math-answer \">\n\n<p>La bandeja paisa, los bu\u00f1uelos, las arepas, el mondongo y las empanadas antioque\u00f1as son preparaciones habituales. En los mercados tambi\u00e9n se pueden probar jugos y frutas tropicales.<\/p>\n\n<\/div>\n<\/div>\n<div id=\"faq-question-1743037606972\" class=\"rank-math-list-item\">\n<h3 class=\"rank-math-question \">\u00bfCu\u00e1ntos d\u00edas se necesitan para conocer Medell\u00edn?<\/h3>\n<div class=\"rank-math-answer \">\n\n<p>Tres o cuatro d\u00edas permiten distribuir el centro, la Comuna 13, varios barrios y el Parque Arv\u00ed. A\u00f1ade una jornada completa si quieres visitar Guatap\u00e9 u otro destino de los alrededores.<\/p>\n\n<\/div>\n<\/div>\n<\/div>\n<\/div>","protected":false},"excerpt":{"rendered":"<p>Gu\u00eda para conocer Medell\u00edn mediante la Comuna 13, la Plaza Botero, el Parque Arv\u00ed y rutas de uno o tres d\u00edas.<\/p>\n","protected":false},"author":2,"featured_media":45957,"comment_status":"closed","ping_status":"open","sticky":false,"template":"","format":"standard","meta":{"footnotes":""},"categories":[321,91,78],"tags":[460,376],"class_list":["post-8144","post","type-post","status-publish","format-standard","has-post-thumbnail","hentry","category-medellin-es","category-colombia-es","category-suramerica","tag-guias-2","tag-tier-fijo","generate-columns","tablet-grid-50","mobile-grid-100","grid-parent","grid-33"],"_links":{"self":[{"href":"https:\/\/blog.guruwalk.com\/es\/wp-json\/wp\/v2\/posts\/8144","targetHints":{"allow":["GET"]}}],"collection":[{"href":"https:\/\/blog.guruwalk.com\/es\/wp-json\/wp\/v2\/posts"}],"about":[{"href":"https:\/\/blog.guruwalk.com\/es\/wp-json\/wp\/v2\/types\/post"}],"author":[{"embeddable":true,"href":"https:\/\/blog.guruwalk.com\/es\/wp-json\/wp\/v2\/users\/2"}],"replies":[{"embeddable":true,"href":"https:\/\/blog.guruwalk.com\/es\/wp-json\/wp\/v2\/comments?post=8144"}],"version-history":[{"count":42,"href":"https:\/\/blog.guruwalk.com\/es\/wp-json\/wp\/v2\/posts\/8144\/revisions"}],"predecessor-version":[{"id":46844,"href":"https:\/\/blog.guruwalk.com\/es\/wp-json\/wp\/v2\/posts\/8144\/revisions\/46844"}],"wp:featuredmedia":[{"embeddable":true,"href":"https:\/\/blog.guruwalk.com\/es\/wp-json\/wp\/v2\/media\/45957"}],"wp:attachment":[{"href":"https:\/\/blog.guruwalk.com\/es\/wp-json\/wp\/v2\/media?parent=8144"}],"wp:term":[{"taxonomy":"category","embeddable":true,"href":"https:\/\/blog.guruwalk.com\/es\/wp-json\/wp\/v2\/categories?post=8144"},{"taxonomy":"post_tag","embeddable":true,"href":"https:\/\/blog.guruwalk.com\/es\/wp-json\/wp\/v2\/tags?post=8144"}],"curies":[{"name":"wp","href":"https:\/\/api.w.org\/{rel}","templated":true}]}}