{"id":8351,"date":"2026-08-26T00:05:20","date_gmt":"2026-08-25T23:05:20","guid":{"rendered":"https:\/\/blog.guruwalk.com\/?p=8351"},"modified":"2026-08-31T14:15:56","modified_gmt":"2026-08-31T13:15:56","slug":"que-ver-en-oporto","status":"publish","type":"post","link":"https:\/\/blog.guruwalk.com\/es\/que-ver-en-oporto\/","title":{"rendered":"\u00bfQu\u00e9 ver y hacer en Oporto? \u00a1Lugares imprescindibles para visitar!"},"content":{"rendered":"\n<p class=\"wp-block-paragraph\">\u00bfQu\u00e9 ver en Oporto? La ciudad re\u00fane la Ribeira, el puente de Don Luis I, la Catedral de la S\u00e9, fachadas de azulejos y bodegas junto al Duero. Esta gu\u00eda organiza monumentos, barrios, miradores, gastronom\u00eda y consejos pr\u00e1cticos para preparar la visita; una buena forma de situarse al llegar es reservar un <a href=\"https:\/\/www.guruwalk.com\/es\/oporto\" target=\"_blank\" rel=\"noopener\">free tour en Oporto<\/a>.<\/p>\n\n\n\n<p style=\"font-size:0.85em;color:#666;border-left:3px solid #ddd;padding:4px 0 4px 12px;margin:12px 0\"><strong>Datos verificados: agosto 2026<\/strong> \u2014 Precios, horarios y requisitos de reserva comprobados con fuentes oficiales. Los gurus de GuruWalk en Oporto revisaron las recomendaciones pr\u00e1cticas.<\/p>\n\n\n<div class=\"qvgw-indimg-places-grid\" id=\"qvgw-indimg-places-grid-2\" data-iib-headings=\"[{&quot;id&quot;:&quot;mejores-free-tours&quot;,&quot;position&quot;:0,&quot;title&quot;:&quot;Mejores free tours en Oporto&quot;},{&quot;id&quot;:&quot;ribeira-puente-jardim-morro&quot;,&quot;position&quot;:1,&quot;title&quot;:&quot;Ribeira, puente de Don Luis I y Jardim do Morro&quot;},{&quot;id&quot;:&quot;ruta-azulejos-oporto&quot;,&quot;position&quot;:2,&quot;title&quot;:&quot;Ruta de azulejos: Capela das Almas, S\\u00e3o Ildefonso y Carmo&quot;},{&quot;id&quot;:&quot;oporto-1-2-3-dias&quot;,&quot;position&quot;:3,&quot;title&quot;:&quot;Oporto en 1, 2 y 3 d\\u00edas&quot;},{&quot;id&quot;:&quot;catedral-se&quot;,&quot;position&quot;:4,&quot;title&quot;:&quot;Catedral de la S\\u00e9 de Oporto&quot;},{&quot;id&quot;:&quot;torre-clerigos&quot;,&quot;position&quot;:5,&quot;title&quot;:&quot;Iglesia y Torre de los Cl\\u00e9rigos&quot;},{&quot;id&quot;:&quot;mercado-bolhao&quot;,&quot;position&quot;:6,&quot;title&quot;:&quot;Mercado do Bolh\\u00e3o&quot;},{&quot;id&quot;:&quot;estacion-sao-bento&quot;,&quot;position&quot;:7,&quot;title&quot;:&quot;Estaci\\u00f3n de S\\u00e3o Bento&quot;},{&quot;id&quot;:&quot;palacio-bolsa&quot;,&quot;position&quot;:8,&quot;title&quot;:&quot;Palacio de la Bolsa&quot;},{&quot;id&quot;:&quot;libreria-lello&quot;,&quot;position&quot;:9,&quot;title&quot;:&quot;Librer\\u00eda Lello e Irm\\u00e3o&quot;},{&quot;id&quot;:&quot;iglesia-san-francisco&quot;,&quot;position&quot;:10,&quot;title&quot;:&quot;Iglesia de San Francisco&quot;},{&quot;id&quot;:&quot;casa-musica&quot;,&quot;position&quot;:11,&quot;title&quot;:&quot;Casa de la M\\u00fasica&quot;},{&quot;id&quot;:&quot;jardines-palacio&quot;,&quot;position&quot;:12,&quot;title&quot;:&quot;Jardines del Palacio de Cristal&quot;},{&quot;id&quot;:&quot;san-lorenzo&quot;,&quot;position&quot;:13,&quot;title&quot;:&quot;Iglesia de San Lorenzo dos Grilos&quot;},{&quot;id&quot;:&quot;sea-life&quot;,&quot;position&quot;:14,&quot;title&quot;:&quot;Sea Life Oporto&quot;},{&quot;id&quot;:&quot;casa-infante&quot;,&quot;position&quot;:15,&quot;title&quot;:&quot;Casa do Infante&quot;},{&quot;id&quot;:&quot;museo-soares&quot;,&quot;position&quot;:16,&quot;title&quot;:&quot;Museo Soares dos Reis&quot;},{&quot;id&quot;:&quot;fundacion-serralves&quot;,&quot;position&quot;:17,&quot;title&quot;:&quot;Fundaci\\u00f3n Serralves&quot;},{&quot;id&quot;:&quot;vila-nova-gaia&quot;,&quot;position&quot;:18,&quot;title&quot;:&quot;Localidad de Vila Nova de Gaia: mejores bodegas&quot;},{&quot;id&quot;:&quot;como-llegar&quot;,&quot;position&quot;:19,&quot;title&quot;:&quot;\\u00bfC\\u00f3mo llegar a Oporto?&quot;},{&quot;id&quot;:&quot;preguntas-frecuentes-sobre-oporto&quot;,&quot;position&quot;:20,&quot;title&quot;:&quot;Preguntas frecuentes sobre Oporto&quot;}]\"><div class=\"qvgw-indimg-places-cards\"><div class=\"qvgw-indimg-place-card\"><a href=\"#mejores-free-tours\" class=\"qvgw-indimg-place-card__content no-image\"><p class=\"qvgw-indimg-place-card__title\">1. Mejores free tours en Oporto<\/p><span class=\"qvgw-indimg-place-card__arrow\"><svg width=\"24\" height=\"24\" viewBox=\"0 0 24 24\" fill=\"none\" stroke=\"currentColor\" stroke-width=\"2\"><path d=\"M6 9l6 6 6-6\"><\/path><\/svg><\/span><\/a><\/div><div class=\"qvgw-indimg-place-card\"><a href=\"#ribeira-puente-jardim-morro\" class=\"qvgw-indimg-place-card__content\"><div class=\"qvgw-indimg-place-card__image\"><img decoding=\"async\" src=\"https:\/\/blog.guruwalk.com\/wp-content\/uploads\/2026\/08\/oporto-puente-don-luis-i-barco-rabelo.webp\" alt=\"Ribeira, puente de Don Luis I y Jardim do Morro\"><\/div><p class=\"qvgw-indimg-place-card__title\">2. Ribeira, puente de Don Luis I y Jardim do Morro<\/p><span class=\"qvgw-indimg-place-card__arrow\"><svg width=\"24\" height=\"24\" viewBox=\"0 0 24 24\" fill=\"none\" stroke=\"currentColor\" stroke-width=\"2\"><path d=\"M6 9l6 6 6-6\"><\/path><\/svg><\/span><\/a><\/div><div class=\"qvgw-indimg-place-card\"><a href=\"#ruta-azulejos-oporto\" class=\"qvgw-indimg-place-card__content\"><div class=\"qvgw-indimg-place-card__image\"><img decoding=\"async\" src=\"https:\/\/blog.guruwalk.com\/wp-content\/uploads\/2026\/08\/oporto-iglesia-de-san-ildefonso-azulejos.webp\" alt=\"Ruta de azulejos: Capela das Almas, S\u00e3o Ildefonso y Carmo\"><\/div><p class=\"qvgw-indimg-place-card__title\">3. Ruta de azulejos: Capela das Almas, S\u00e3o Ildefonso y Carmo<\/p><span class=\"qvgw-indimg-place-card__arrow\"><svg width=\"24\" height=\"24\" viewBox=\"0 0 24 24\" fill=\"none\" stroke=\"currentColor\" stroke-width=\"2\"><path d=\"M6 9l6 6 6-6\"><\/path><\/svg><\/span><\/a><\/div><div class=\"qvgw-indimg-place-card\"><a href=\"#oporto-1-2-3-dias\" class=\"qvgw-indimg-place-card__content no-image\"><p class=\"qvgw-indimg-place-card__title\">4. Oporto en 1, 2 y 3 d\u00edas<\/p><span class=\"qvgw-indimg-place-card__arrow\"><svg width=\"24\" height=\"24\" viewBox=\"0 0 24 24\" fill=\"none\" stroke=\"currentColor\" stroke-width=\"2\"><path d=\"M6 9l6 6 6-6\"><\/path><\/svg><\/span><\/a><\/div><div class=\"qvgw-indimg-place-card\"><a href=\"#catedral-se\" class=\"qvgw-indimg-place-card__content\"><div class=\"qvgw-indimg-place-card__image\"><img decoding=\"async\" src=\"https:\/\/blog.guruwalk.com\/wp-content\/uploads\/2026\/08\/oporto-catedral-de-la-se-fachada.webp\" alt=\"Catedral de la S\u00e9 de Oporto\"><\/div><p class=\"qvgw-indimg-place-card__title\">5. Catedral de la S\u00e9 de Oporto<\/p><span class=\"qvgw-indimg-place-card__arrow\"><svg width=\"24\" height=\"24\" viewBox=\"0 0 24 24\" fill=\"none\" stroke=\"currentColor\" stroke-width=\"2\"><path d=\"M6 9l6 6 6-6\"><\/path><\/svg><\/span><\/a><\/div><div class=\"qvgw-indimg-place-card\"><a href=\"#torre-clerigos\" class=\"qvgw-indimg-place-card__content\"><div class=\"qvgw-indimg-place-card__image\"><img decoding=\"async\" src=\"https:\/\/blog.guruwalk.com\/wp-content\/uploads\/2026\/08\/oporto-torre-de-los-clerigos-tranvia.webp\" alt=\"Iglesia y Torre de los Cl\u00e9rigos\"><\/div><p class=\"qvgw-indimg-place-card__title\">6. Iglesia y Torre de los Cl\u00e9rigos<\/p><span class=\"qvgw-indimg-place-card__arrow\"><svg width=\"24\" height=\"24\" viewBox=\"0 0 24 24\" fill=\"none\" stroke=\"currentColor\" stroke-width=\"2\"><path d=\"M6 9l6 6 6-6\"><\/path><\/svg><\/span><\/a><\/div><div class=\"qvgw-indimg-place-card qvgw-indimg-place-card--hidden\"><a href=\"#mercado-bolhao\" class=\"qvgw-indimg-place-card__content\"><div class=\"qvgw-indimg-place-card__image\"><img decoding=\"async\" src=\"https:\/\/blog.guruwalk.com\/wp-content\/uploads\/2026\/08\/oporto-mercado-cubierta-hierro-clerigos.webp\" alt=\"Mercado do Bolh\u00e3o\"><\/div><p class=\"qvgw-indimg-place-card__title\">7. Mercado do Bolh\u00e3o<\/p><span class=\"qvgw-indimg-place-card__arrow\"><svg width=\"24\" height=\"24\" viewBox=\"0 0 24 24\" fill=\"none\" stroke=\"currentColor\" stroke-width=\"2\"><path d=\"M6 9l6 6 6-6\"><\/path><\/svg><\/span><\/a><\/div><div class=\"qvgw-indimg-place-card qvgw-indimg-place-card--hidden\"><a href=\"#estacion-sao-bento\" class=\"qvgw-indimg-place-card__content\"><div class=\"qvgw-indimg-place-card__image\"><img decoding=\"async\" src=\"https:\/\/blog.guruwalk.com\/wp-content\/uploads\/2026\/08\/oporto-estacion-de-sao-bento-azulejos.webp\" alt=\"Estaci\u00f3n de S\u00e3o Bento\"><\/div><p class=\"qvgw-indimg-place-card__title\">8. Estaci\u00f3n de S\u00e3o Bento<\/p><span class=\"qvgw-indimg-place-card__arrow\"><svg width=\"24\" height=\"24\" viewBox=\"0 0 24 24\" fill=\"none\" stroke=\"currentColor\" stroke-width=\"2\"><path d=\"M6 9l6 6 6-6\"><\/path><\/svg><\/span><\/a><\/div><div class=\"qvgw-indimg-place-card qvgw-indimg-place-card--hidden\"><a href=\"#palacio-bolsa\" class=\"qvgw-indimg-place-card__content\"><div class=\"qvgw-indimg-place-card__image\"><img decoding=\"async\" src=\"https:\/\/blog.guruwalk.com\/wp-content\/uploads\/2026\/08\/oporto-palacio-de-la-bolsa-interior.webp\" alt=\"Palacio de la Bolsa\"><\/div><p class=\"qvgw-indimg-place-card__title\">9. Palacio de la Bolsa<\/p><span class=\"qvgw-indimg-place-card__arrow\"><svg width=\"24\" height=\"24\" viewBox=\"0 0 24 24\" fill=\"none\" stroke=\"currentColor\" stroke-width=\"2\"><path d=\"M6 9l6 6 6-6\"><\/path><\/svg><\/span><\/a><\/div><div class=\"qvgw-indimg-place-card qvgw-indimg-place-card--hidden\"><a href=\"#libreria-lello\" class=\"qvgw-indimg-place-card__content\"><div class=\"qvgw-indimg-place-card__image\"><img decoding=\"async\" src=\"https:\/\/blog.guruwalk.com\/wp-content\/uploads\/2026\/06\/inline_8351-1.webp\" alt=\"Librer\u00eda Lello e Irm\u00e3o\"><\/div><p class=\"qvgw-indimg-place-card__title\">10. Librer\u00eda Lello e Irm\u00e3o<\/p><span class=\"qvgw-indimg-place-card__arrow\"><svg width=\"24\" height=\"24\" viewBox=\"0 0 24 24\" fill=\"none\" stroke=\"currentColor\" stroke-width=\"2\"><path d=\"M6 9l6 6 6-6\"><\/path><\/svg><\/span><\/a><\/div><div class=\"qvgw-indimg-place-card qvgw-indimg-place-card--hidden\"><a href=\"#iglesia-san-francisco\" class=\"qvgw-indimg-place-card__content\"><div class=\"qvgw-indimg-place-card__image\"><img decoding=\"async\" src=\"https:\/\/blog.guruwalk.com\/wp-content\/uploads\/2026\/08\/oporto-iglesia-de-san-francisco-fachada.webp\" alt=\"Iglesia de San Francisco\"><\/div><p class=\"qvgw-indimg-place-card__title\">11. Iglesia de San Francisco<\/p><span class=\"qvgw-indimg-place-card__arrow\"><svg width=\"24\" height=\"24\" viewBox=\"0 0 24 24\" fill=\"none\" stroke=\"currentColor\" stroke-width=\"2\"><path d=\"M6 9l6 6 6-6\"><\/path><\/svg><\/span><\/a><\/div><div class=\"qvgw-indimg-place-card qvgw-indimg-place-card--hidden\"><a href=\"#casa-musica\" class=\"qvgw-indimg-place-card__content\"><div class=\"qvgw-indimg-place-card__image\"><img decoding=\"async\" src=\"https:\/\/blog.guruwalk.com\/wp-content\/uploads\/2026\/08\/oporto-casa-da-musica-edificio.webp\" alt=\"Casa de la M\u00fasica\"><\/div><p class=\"qvgw-indimg-place-card__title\">12. Casa de la M\u00fasica<\/p><span class=\"qvgw-indimg-place-card__arrow\"><svg width=\"24\" height=\"24\" viewBox=\"0 0 24 24\" fill=\"none\" stroke=\"currentColor\" stroke-width=\"2\"><path d=\"M6 9l6 6 6-6\"><\/path><\/svg><\/span><\/a><\/div><div class=\"qvgw-indimg-place-card qvgw-indimg-place-card--hidden\"><a href=\"#jardines-palacio\" class=\"qvgw-indimg-place-card__content\"><div class=\"qvgw-indimg-place-card__image\"><img decoding=\"async\" src=\"https:\/\/blog.guruwalk.com\/wp-content\/uploads\/2026\/08\/oporto-jardines-palacio-de-cristal-pabellon.webp\" alt=\"Jardines del Palacio de Cristal\"><\/div><p class=\"qvgw-indimg-place-card__title\">13. Jardines del Palacio de Cristal<\/p><span class=\"qvgw-indimg-place-card__arrow\"><svg width=\"24\" height=\"24\" viewBox=\"0 0 24 24\" fill=\"none\" stroke=\"currentColor\" stroke-width=\"2\"><path d=\"M6 9l6 6 6-6\"><\/path><\/svg><\/span><\/a><\/div><div class=\"qvgw-indimg-place-card qvgw-indimg-place-card--hidden\"><a href=\"#san-lorenzo\" class=\"qvgw-indimg-place-card__content\"><div class=\"qvgw-indimg-place-card__image\"><img decoding=\"async\" src=\"https:\/\/blog.guruwalk.com\/wp-content\/uploads\/2026\/08\/oporto-iglesia-de-los-grilos-fachada.webp\" alt=\"Iglesia de San Lorenzo dos Grilos\"><\/div><p class=\"qvgw-indimg-place-card__title\">14. Iglesia de San Lorenzo dos Grilos<\/p><span class=\"qvgw-indimg-place-card__arrow\"><svg width=\"24\" height=\"24\" viewBox=\"0 0 24 24\" fill=\"none\" stroke=\"currentColor\" stroke-width=\"2\"><path d=\"M6 9l6 6 6-6\"><\/path><\/svg><\/span><\/a><\/div><div class=\"qvgw-indimg-place-card qvgw-indimg-place-card--hidden\"><a href=\"#sea-life\" class=\"qvgw-indimg-place-card__content\"><div class=\"qvgw-indimg-place-card__image\"><img decoding=\"async\" src=\"https:\/\/blog.guruwalk.com\/wp-content\/uploads\/2026\/08\/oporto-visitantes-acuario-tanque.webp\" alt=\"Sea Life Oporto\"><\/div><p class=\"qvgw-indimg-place-card__title\">15. Sea Life Oporto<\/p><span class=\"qvgw-indimg-place-card__arrow\"><svg width=\"24\" height=\"24\" viewBox=\"0 0 24 24\" fill=\"none\" stroke=\"currentColor\" stroke-width=\"2\"><path d=\"M6 9l6 6 6-6\"><\/path><\/svg><\/span><\/a><\/div><div class=\"qvgw-indimg-place-card qvgw-indimg-place-card--hidden\"><a href=\"#casa-infante\" class=\"qvgw-indimg-place-card__content no-image\"><p class=\"qvgw-indimg-place-card__title\">16. Casa do Infante<\/p><span class=\"qvgw-indimg-place-card__arrow\"><svg width=\"24\" height=\"24\" viewBox=\"0 0 24 24\" fill=\"none\" stroke=\"currentColor\" stroke-width=\"2\"><path d=\"M6 9l6 6 6-6\"><\/path><\/svg><\/span><\/a><\/div><div class=\"qvgw-indimg-place-card qvgw-indimg-place-card--hidden\"><a href=\"#museo-soares\" class=\"qvgw-indimg-place-card__content\"><div class=\"qvgw-indimg-place-card__image\"><img decoding=\"async\" src=\"https:\/\/blog.guruwalk.com\/wp-content\/uploads\/2026\/08\/oporto-museo-soares-dos-reis-palacio.webp\" alt=\"Museo Soares dos Reis\"><\/div><p class=\"qvgw-indimg-place-card__title\">17. Museo Soares dos Reis<\/p><span class=\"qvgw-indimg-place-card__arrow\"><svg width=\"24\" height=\"24\" viewBox=\"0 0 24 24\" fill=\"none\" stroke=\"currentColor\" stroke-width=\"2\"><path d=\"M6 9l6 6 6-6\"><\/path><\/svg><\/span><\/a><\/div><div class=\"qvgw-indimg-place-card qvgw-indimg-place-card--hidden\"><a href=\"#fundacion-serralves\" class=\"qvgw-indimg-place-card__content no-image\"><p class=\"qvgw-indimg-place-card__title\">18. Fundaci\u00f3n Serralves<\/p><span class=\"qvgw-indimg-place-card__arrow\"><svg width=\"24\" height=\"24\" viewBox=\"0 0 24 24\" fill=\"none\" stroke=\"currentColor\" stroke-width=\"2\"><path d=\"M6 9l6 6 6-6\"><\/path><\/svg><\/span><\/a><\/div><div class=\"qvgw-indimg-place-card qvgw-indimg-place-card--hidden\"><a href=\"#vila-nova-gaia\" class=\"qvgw-indimg-place-card__content\"><div class=\"qvgw-indimg-place-card__image\"><img decoding=\"async\" src=\"https:\/\/blog.guruwalk.com\/wp-content\/uploads\/2026\/08\/oporto-bodega-barricas-vino-de-oporto.webp\" alt=\"Localidad de Vila Nova de Gaia: mejores bodegas\"><\/div><p class=\"qvgw-indimg-place-card__title\">19. Localidad de Vila Nova de Gaia: mejores bodegas<\/p><span class=\"qvgw-indimg-place-card__arrow\"><svg width=\"24\" height=\"24\" viewBox=\"0 0 24 24\" fill=\"none\" stroke=\"currentColor\" stroke-width=\"2\"><path d=\"M6 9l6 6 6-6\"><\/path><\/svg><\/span><\/a><\/div><div class=\"qvgw-indimg-place-card qvgw-indimg-place-card--hidden\"><a href=\"#como-llegar\" class=\"qvgw-indimg-place-card__content\"><div class=\"qvgw-indimg-place-card__image\"><img decoding=\"async\" src=\"https:\/\/blog.guruwalk.com\/wp-content\/uploads\/2026\/08\/oporto-panoramica-casco-antiguo-duero.webp\" alt=\"\u00bfC\u00f3mo llegar a Oporto?\"><\/div><p class=\"qvgw-indimg-place-card__title\">20. \u00bfC\u00f3mo llegar a Oporto?<\/p><span class=\"qvgw-indimg-place-card__arrow\"><svg width=\"24\" height=\"24\" viewBox=\"0 0 24 24\" fill=\"none\" stroke=\"currentColor\" stroke-width=\"2\"><path d=\"M6 9l6 6 6-6\"><\/path><\/svg><\/span><\/a><\/div><div class=\"qvgw-indimg-place-card qvgw-indimg-place-card--hidden\"><a href=\"#preguntas-frecuentes-sobre-oporto\" class=\"qvgw-indimg-place-card__content no-image\"><p class=\"qvgw-indimg-place-card__title\">21. Preguntas frecuentes sobre Oporto<\/p><span class=\"qvgw-indimg-place-card__arrow\"><svg width=\"24\" height=\"24\" viewBox=\"0 0 24 24\" fill=\"none\" stroke=\"currentColor\" stroke-width=\"2\"><path d=\"M6 9l6 6 6-6\"><\/path><\/svg><\/span><\/a><\/div><\/div><button class=\"qvgw-indimg-places-expand\" data-action=\"expand\" aria-expanded=\"false\">Ver m\u00e1s<\/button><\/div>\n\n\n<h2 class=\"wp-block-heading\" id=\"mejores-free-tours\">Mejores free tours en Oporto<\/h2>\n\n\n\n<p class=\"wp-block-paragraph\">Un <a href=\"https:\/\/www.guruwalk.com\/es\/oporto\" target=\"_blank\" rel=\"noopener\">free tour en Oporto<\/a> permite comenzar por el centro hist\u00f3rico, entender la relaci\u00f3n de la ciudad con el Duero y orientarse antes de recorrerla por cuenta propia. La reserva no fija un precio: al terminar, cada viajero aporta al gu\u00eda seg\u00fan su valoraci\u00f3n, normalmente entre 10 \u20ac y 20 \u20ac por persona y hasta 50 \u20ac cuando la experiencia lo justifica.<\/p>\n\n\n\n<p class=\"wp-block-paragraph\">Antes del recorrido, comprueba el idioma, la duraci\u00f3n y las indicaciones de encuentro incluidas en la reserva. Conviene llevar calzado con buen agarre para las pendientes y el pavimento irregular, agua y una capa ligera para los cambios de tiempo junto al r\u00edo.<\/p>\n\n\n<div class=\"gw-freetours-container\"><div class=\"gw-freetours-carousel\"><div class=\"gw-freetours-track\"><div class=\"gw-freetours-card\" data-tour-id=\"37500\"><button type=\"button\" class=\"gw-freetours-image-link\" data-dest=\"https:\/\/www.guruwalk.com\/es\/walks\/37500-free-tour-fundamental-el-1-de-oporto\" role=\"link\" aria-label=\"Free Tour Fundamental. El #1 de Oporto.\"><div class=\"gw-freetours-image\"><img decoding=\"async\" class=\"gw-freetours-photo\" src=\"https:\/\/blog.guruwalk.com\/wp-content\/uploads\/gw-freetours-cache\/37500-615b057c1393833a05457040e51e3183.jpg\" alt=\"Free Tour Fundamental. El #1 de Oporto.\" loading=\"lazy\" \/><div class=\"gw-freetours-flags\"><img decoding=\"async\" src=\"https:\/\/blog.guruwalk.com\/wp-content\/gurupluginswalk\/wp-gw-freetours\/assets\/flags\/en.svg\" alt=\"en\" class=\"gw-freetours-flag\" \/><img decoding=\"async\" src=\"https:\/\/blog.guruwalk.com\/wp-content\/gurupluginswalk\/wp-gw-freetours\/assets\/flags\/es.svg\" alt=\"es\" class=\"gw-freetours-flag\" \/><\/div><\/div><\/button><div class=\"gw-freetours-content\"><h4 class=\"gw-freetours-title\"><button type=\"button\" class=\"gw-freetours-title-link\" data-dest=\"https:\/\/www.guruwalk.com\/es\/walks\/37500-free-tour-fundamental-el-1-de-oporto\" role=\"link\">Free Tour Fundamental. El #1 de Oporto.<\/button><\/h4><div class=\"gw-freetours-meta-top\"><span class=\"gw-freetours-duration\"><svg width=\"16\" height=\"16\" viewBox=\"0 0 24 24\" fill=\"none\" stroke=\"currentColor\" stroke-width=\"2\"><circle cx=\"12\" cy=\"12\" r=\"10\"\/><polyline points=\"12,6 12,12 16,14\"\/><\/svg>2:30<\/span><button class=\"gw-freetours-map-btn\" data-lat=\"41.144998\" data-lng=\"-8.615933\" data-address=\"Largo Amor de Perdi\u00e7\u00e3o, Campo dos M\u00e1rtires da P\u00e1tria 2117, 4050-600 Porto, Portugal\" data-instructions=\"Los gu\u00edas estaremos con un Paraguas AMARILLO de Revolutours en el Largo Amor de Perdi\u00e7\u00e3o, enfrente del Centro Portugu\u00e9s de Fotograf\u00eda.\"><svg width=\"16\" height=\"16\" viewBox=\"0 0 24 24\" fill=\"none\" stroke=\"currentColor\" stroke-width=\"2\"><path d=\"M21 10c0 7-9 13-9 13s-9-6-9-13a9 9 0 0 1 18 0z\"\/><circle cx=\"12\" cy=\"10\" r=\"3\"\/><\/svg><\/button><\/div><p class=\"gw-freetours-description\">\ud83c\udfc6 \u00a1Este tour ha sido premiado como el mejor free tour del mundo \u00a0en los I Premios GuruWalk<\/p><div class=\"gw-freetours-author\"><span class=\"gw-freetours-author-link\"><img decoding=\"async\" src=\"https:\/\/media.guruwalk.com\/os1p3c47vi2r4bfmathl5z3q5knt\" alt=\"Revolutours\" class=\"gw-freetours-author-avatar\" \/><span class=\"gw-freetours-author-name\">Revolutours<\/span><\/span><\/div><div class=\"gw-freetours-rating-container\"><div class=\"gw-freetours-rating\" aria-label=\"Valoraci\u00f3n 5.0 de 5\"><span class=\"gw-freetours-star gw-freetours-star--full\" aria-hidden=\"true\">\u2605<\/span><span class=\"gw-freetours-star gw-freetours-star--full\" aria-hidden=\"true\">\u2605<\/span><span class=\"gw-freetours-star gw-freetours-star--full\" aria-hidden=\"true\">\u2605<\/span><span class=\"gw-freetours-star gw-freetours-star--full\" aria-hidden=\"true\">\u2605<\/span><span class=\"gw-freetours-star gw-freetours-star--half\" aria-hidden=\"true\">\u2606<\/span><span class=\"gw-freetours-rating__count\">5,0 (17068)<\/span><\/div><\/div><\/div><\/div><div class=\"gw-freetours-card\" data-tour-id=\"30954\"><button type=\"button\" class=\"gw-freetours-image-link\" data-dest=\"https:\/\/www.guruwalk.com\/es\/walks\/30954-free-tour-oporto-imprescindible\" role=\"link\" aria-label=\"Free Tour Oporto Imprescindible\"><div class=\"gw-freetours-image\"><img decoding=\"async\" class=\"gw-freetours-photo\" src=\"https:\/\/blog.guruwalk.com\/wp-content\/uploads\/gw-freetours-cache\/30954-3f789f93c464aad9b0fb283001235352.jpg\" alt=\"Free Tour Oporto Imprescindible\" loading=\"lazy\" \/><div class=\"gw-freetours-flags\"><img decoding=\"async\" src=\"https:\/\/blog.guruwalk.com\/wp-content\/gurupluginswalk\/wp-gw-freetours\/assets\/flags\/en.svg\" alt=\"en\" class=\"gw-freetours-flag\" \/><img decoding=\"async\" src=\"https:\/\/blog.guruwalk.com\/wp-content\/gurupluginswalk\/wp-gw-freetours\/assets\/flags\/es.svg\" alt=\"es\" class=\"gw-freetours-flag\" \/><\/div><\/div><\/button><div class=\"gw-freetours-content\"><h4 class=\"gw-freetours-title\"><button type=\"button\" class=\"gw-freetours-title-link\" data-dest=\"https:\/\/www.guruwalk.com\/es\/walks\/30954-free-tour-oporto-imprescindible\" role=\"link\">Free Tour Oporto Imprescindible<\/button><\/h4><div class=\"gw-freetours-meta-top\"><span class=\"gw-freetours-duration\"><svg width=\"16\" height=\"16\" viewBox=\"0 0 24 24\" fill=\"none\" stroke=\"currentColor\" stroke-width=\"2\"><circle cx=\"12\" cy=\"12\" r=\"10\"\/><polyline points=\"12,6 12,12 16,14\"\/><\/svg>2:15<\/span><button class=\"gw-freetours-map-btn\" data-lat=\"41.143218\" data-lng=\"-8.610473\" data-address=\"Cal\u00e7ada de Vandoma, 4000 Porto, Portugal\" data-instructions=\"Cal\u00e7ada de Vandoma, junto a la muralla primitiva. Los gu\u00edas tienen un paraguas VERDE.\"><svg width=\"16\" height=\"16\" viewBox=\"0 0 24 24\" fill=\"none\" stroke=\"currentColor\" stroke-width=\"2\"><path d=\"M21 10c0 7-9 13-9 13s-9-6-9-13a9 9 0 0 1 18 0z\"\/><circle cx=\"12\" cy=\"10\" r=\"3\"\/><\/svg><\/button><\/div><p class=\"gw-freetours-description\">\u00a1\u00danete a nosotros y descubre los rincones de la magn\u00edfica ciudad de Oporto de la mano de los mejores gu\u00edas&#8230;<\/p><div class=\"gw-freetours-author\"><span class=\"gw-freetours-author-link\"><img decoding=\"async\" src=\"https:\/\/media.guruwalk.com\/83d864ieteynu5sl3u2m7qmgbqsm\" alt=\"1\u00b72\u00b7Tours\" class=\"gw-freetours-author-avatar\" \/><span class=\"gw-freetours-author-name\">1\u00b72\u00b7Tours<\/span><\/span><\/div><div class=\"gw-freetours-rating-container\"><div class=\"gw-freetours-rating\" aria-label=\"Valoraci\u00f3n 4.8 de 5\"><span class=\"gw-freetours-star gw-freetours-star--full\" aria-hidden=\"true\">\u2605<\/span><span class=\"gw-freetours-star gw-freetours-star--full\" aria-hidden=\"true\">\u2605<\/span><span class=\"gw-freetours-star gw-freetours-star--full\" aria-hidden=\"true\">\u2605<\/span><span class=\"gw-freetours-star gw-freetours-star--full\" aria-hidden=\"true\">\u2605<\/span><span class=\"gw-freetours-star gw-freetours-star--half\" aria-hidden=\"true\">\u2606<\/span><span class=\"gw-freetours-rating__count\">4,8 (6105)<\/span><\/div><\/div><\/div><\/div><div class=\"gw-freetours-card\" data-tour-id=\"44263\"><button type=\"button\" class=\"gw-freetours-image-link\" data-dest=\"https:\/\/www.guruwalk.com\/es\/walks\/44263-free-tour-de-la-ciudad-vieja-ribeira-de-oporto\" role=\"link\" aria-label=\"Free Tour de la Ciudad Vieja (Ribeira de Oporto)\"><div class=\"gw-freetours-image\"><img decoding=\"async\" class=\"gw-freetours-photo\" src=\"https:\/\/blog.guruwalk.com\/wp-content\/uploads\/gw-freetours-cache\/44263-9dfcd99af40fc4a1a2749ae0ff62ffec.jpg\" alt=\"Free Tour de la Ciudad Vieja (Ribeira de Oporto)\" loading=\"lazy\" \/><div class=\"gw-freetours-flags\"><img decoding=\"async\" src=\"https:\/\/blog.guruwalk.com\/wp-content\/gurupluginswalk\/wp-gw-freetours\/assets\/flags\/en.svg\" alt=\"en\" class=\"gw-freetours-flag\" \/><img decoding=\"async\" src=\"https:\/\/blog.guruwalk.com\/wp-content\/gurupluginswalk\/wp-gw-freetours\/assets\/flags\/es.svg\" alt=\"es\" class=\"gw-freetours-flag\" \/><\/div><\/div><\/button><div class=\"gw-freetours-content\"><h4 class=\"gw-freetours-title\"><button type=\"button\" class=\"gw-freetours-title-link\" data-dest=\"https:\/\/www.guruwalk.com\/es\/walks\/44263-free-tour-de-la-ciudad-vieja-ribeira-de-oporto\" role=\"link\">Free Tour de la Ciudad Vieja (Ribeira de Oporto)<\/button><\/h4><div class=\"gw-freetours-meta-top\"><span class=\"gw-freetours-duration\"><svg width=\"16\" height=\"16\" viewBox=\"0 0 24 24\" fill=\"none\" stroke=\"currentColor\" stroke-width=\"2\"><circle cx=\"12\" cy=\"12\" r=\"10\"\/><polyline points=\"12,6 12,12 16,14\"\/><\/svg>2:00<\/span><button class=\"gw-freetours-map-btn\" data-lat=\"41.144998\" data-lng=\"-8.615933\" data-address=\"Largo Amor de Perdi\u00e7\u00e3o, Campo dos M\u00e1rtires da P\u00e1tria 2117, 4050-600 Porto, Portugal\" data-instructions=\"Los gu\u00edas estaremos con un Paraguas AMARILLO de Revolutours en el Largo Amor de Perdi\u00e7\u00e3o, enfrente del Centro Portugu\u00e9s de Fotograf\u00eda.\"><svg width=\"16\" height=\"16\" viewBox=\"0 0 24 24\" fill=\"none\" stroke=\"currentColor\" stroke-width=\"2\"><path d=\"M21 10c0 7-9 13-9 13s-9-6-9-13a9 9 0 0 1 18 0z\"\/><circle cx=\"12\" cy=\"10\" r=\"3\"\/><\/svg><\/button><\/div><p class=\"gw-freetours-description\">El tour empieza en el Centro Portugu\u00e9s de Fotograf\u00eda, en la estatua de Camilo Castelo Branco, a unos metros de&#8230;<\/p><div class=\"gw-freetours-author\"><span class=\"gw-freetours-author-link\"><img decoding=\"async\" src=\"https:\/\/media.guruwalk.com\/os1p3c47vi2r4bfmathl5z3q5knt\" alt=\"Revolutours\" class=\"gw-freetours-author-avatar\" \/><span class=\"gw-freetours-author-name\">Revolutours<\/span><\/span><\/div><div class=\"gw-freetours-rating-container\"><div class=\"gw-freetours-rating\" aria-label=\"Valoraci\u00f3n 4.9 de 5\"><span class=\"gw-freetours-star gw-freetours-star--full\" aria-hidden=\"true\">\u2605<\/span><span class=\"gw-freetours-star gw-freetours-star--full\" aria-hidden=\"true\">\u2605<\/span><span class=\"gw-freetours-star gw-freetours-star--full\" aria-hidden=\"true\">\u2605<\/span><span class=\"gw-freetours-star gw-freetours-star--full\" aria-hidden=\"true\">\u2605<\/span><span class=\"gw-freetours-star gw-freetours-star--half\" aria-hidden=\"true\">\u2606<\/span><span class=\"gw-freetours-rating__count\">4,9 (1341)<\/span><\/div><\/div><\/div><\/div><div class=\"gw-freetours-card\" data-tour-id=\"46789\"><button type=\"button\" class=\"gw-freetours-image-link\" data-dest=\"https:\/\/www.guruwalk.com\/es\/walks\/46789-free-tour-de-vila-nova-de-gaia\" role=\"link\" aria-label=\"Free tour de Vila Nova de Gaia\"><div class=\"gw-freetours-image\"><img decoding=\"async\" class=\"gw-freetours-photo\" src=\"https:\/\/blog.guruwalk.com\/wp-content\/uploads\/gw-freetours-cache\/46789-b6409c3648f6a52344d1043c7d9344d9.jpg\" alt=\"Free tour de Vila Nova de Gaia\" loading=\"lazy\" \/><div class=\"gw-freetours-flags\"><img decoding=\"async\" src=\"https:\/\/blog.guruwalk.com\/wp-content\/gurupluginswalk\/wp-gw-freetours\/assets\/flags\/en.svg\" alt=\"en\" class=\"gw-freetours-flag\" \/><img decoding=\"async\" src=\"https:\/\/blog.guruwalk.com\/wp-content\/gurupluginswalk\/wp-gw-freetours\/assets\/flags\/es.svg\" alt=\"es\" class=\"gw-freetours-flag\" \/><\/div><\/div><\/button><div class=\"gw-freetours-content\"><h4 class=\"gw-freetours-title\"><button type=\"button\" class=\"gw-freetours-title-link\" data-dest=\"https:\/\/www.guruwalk.com\/es\/walks\/46789-free-tour-de-vila-nova-de-gaia\" role=\"link\">Free tour de Vila Nova de Gaia<\/button><\/h4><div class=\"gw-freetours-meta-top\"><span class=\"gw-freetours-duration\"><svg width=\"16\" height=\"16\" viewBox=\"0 0 24 24\" fill=\"none\" stroke=\"currentColor\" stroke-width=\"2\"><circle cx=\"12\" cy=\"12\" r=\"10\"\/><polyline points=\"12,6 12,12 16,14\"\/><\/svg>2:00<\/span><button class=\"gw-freetours-map-btn\" data-lat=\"41.143184\" data-lng=\"-8.611169\" data-address=\"Cal\u00e7ada de Vandoma, 4000-013 Porto, Portugal\" data-instructions=\"All\u00ed estaremos los gu\u00edas con un paraguas amarillo esper\u00e1ndoles para acompa\u00f1arles en un recorrido fascinante por Vila Nova de Gaia.\"><svg width=\"16\" height=\"16\" viewBox=\"0 0 24 24\" fill=\"none\" stroke=\"currentColor\" stroke-width=\"2\"><path d=\"M21 10c0 7-9 13-9 13s-9-6-9-13a9 9 0 0 1 18 0z\"\/><circle cx=\"12\" cy=\"10\" r=\"3\"\/><\/svg><\/button><\/div><p class=\"gw-freetours-description\">El tour empieza al lado de la Catedral en la estatua de Vimara Peres. All\u00ed estaremos los gu\u00edas con un<\/p><div class=\"gw-freetours-author\"><span class=\"gw-freetours-author-link\"><img decoding=\"async\" src=\"https:\/\/media.guruwalk.com\/os1p3c47vi2r4bfmathl5z3q5knt\" alt=\"Revolutours\" class=\"gw-freetours-author-avatar\" \/><span class=\"gw-freetours-author-name\">Revolutours<\/span><\/span><\/div><div class=\"gw-freetours-rating-container\"><div class=\"gw-freetours-rating\" aria-label=\"Valoraci\u00f3n 4.9 de 5\"><span class=\"gw-freetours-star gw-freetours-star--full\" aria-hidden=\"true\">\u2605<\/span><span class=\"gw-freetours-star gw-freetours-star--full\" aria-hidden=\"true\">\u2605<\/span><span class=\"gw-freetours-star gw-freetours-star--full\" aria-hidden=\"true\">\u2605<\/span><span class=\"gw-freetours-star gw-freetours-star--full\" aria-hidden=\"true\">\u2605<\/span><span class=\"gw-freetours-star gw-freetours-star--half\" aria-hidden=\"true\">\u2606<\/span><span class=\"gw-freetours-rating__count\">4,9 (925)<\/span><\/div><\/div><\/div><\/div><div class=\"gw-freetours-card\" data-tour-id=\"48378\"><button type=\"button\" class=\"gw-freetours-image-link\" data-dest=\"https:\/\/www.guruwalk.com\/es\/walks\/48378-free-tour-por-el-casco-antiguo-de-oporto-y-las-vistas-del-duero\" role=\"link\" aria-label=\"Free Tour por el Casco Antiguo de Oporto y las Vistas del Duero\"><div class=\"gw-freetours-image\"><img decoding=\"async\" class=\"gw-freetours-photo\" src=\"https:\/\/blog.guruwalk.com\/wp-content\/uploads\/gw-freetours-cache\/48378-84f0e0b36e831212e933200489425103.jpg\" alt=\"Free Tour por el Casco Antiguo de Oporto y las Vistas del Duero\" loading=\"lazy\" \/><div class=\"gw-freetours-flags\"><img decoding=\"async\" src=\"https:\/\/blog.guruwalk.com\/wp-content\/gurupluginswalk\/wp-gw-freetours\/assets\/flags\/en.svg\" alt=\"en\" class=\"gw-freetours-flag\" \/><img decoding=\"async\" src=\"https:\/\/blog.guruwalk.com\/wp-content\/gurupluginswalk\/wp-gw-freetours\/assets\/flags\/es.svg\" alt=\"es\" class=\"gw-freetours-flag\" \/><img decoding=\"async\" src=\"https:\/\/blog.guruwalk.com\/wp-content\/gurupluginswalk\/wp-gw-freetours\/assets\/flags\/it.svg\" alt=\"it\" class=\"gw-freetours-flag\" \/><\/div><\/div><\/button><div class=\"gw-freetours-content\"><h4 class=\"gw-freetours-title\"><button type=\"button\" class=\"gw-freetours-title-link\" data-dest=\"https:\/\/www.guruwalk.com\/es\/walks\/48378-free-tour-por-el-casco-antiguo-de-oporto-y-las-vistas-del-duero\" role=\"link\">Free Tour por el Casco Antiguo de Oporto y las Vistas del Duero<\/button><\/h4><div class=\"gw-freetours-meta-top\"><span class=\"gw-freetours-duration\"><svg width=\"16\" height=\"16\" viewBox=\"0 0 24 24\" fill=\"none\" stroke=\"currentColor\" stroke-width=\"2\"><circle cx=\"12\" cy=\"12\" r=\"10\"\/><polyline points=\"12,6 12,12 16,14\"\/><\/svg>2:30<\/span><button class=\"gw-freetours-map-btn\" data-lat=\"41.142968\" data-lng=\"-8.610988\" data-address=\"R. de Dom Hugo 3, 4000-013 Porto, Portugal\" data-instructions=\"Estaremos cerca de la fuente junto al Museu do Vitral.\"><svg width=\"16\" height=\"16\" viewBox=\"0 0 24 24\" fill=\"none\" stroke=\"currentColor\" stroke-width=\"2\"><path d=\"M21 10c0 7-9 13-9 13s-9-6-9-13a9 9 0 0 1 18 0z\"\/><circle cx=\"12\" cy=\"10\" r=\"3\"\/><\/svg><\/button><\/div><p class=\"gw-freetours-description\">Surgiendo del coraz\u00f3n del Duero, el esp\u00edritu de Oporto y su hist\u00f3rico pasado se entrelazan con el majestuoso fluir del&#8230;<\/p><div class=\"gw-freetours-author\"><span class=\"gw-freetours-author-link\"><img decoding=\"async\" src=\"https:\/\/media.guruwalk.com\/95q3tw54vewbxk7fa0migchirzh8\" alt=\"Take\" class=\"gw-freetours-author-avatar\" \/><span class=\"gw-freetours-author-name\">Take<\/span><\/span><\/div><div class=\"gw-freetours-rating-container\"><div class=\"gw-freetours-rating\" aria-label=\"Valoraci\u00f3n 4.7 de 5\"><span class=\"gw-freetours-star gw-freetours-star--full\" aria-hidden=\"true\">\u2605<\/span><span class=\"gw-freetours-star gw-freetours-star--full\" aria-hidden=\"true\">\u2605<\/span><span class=\"gw-freetours-star gw-freetours-star--full\" aria-hidden=\"true\">\u2605<\/span><span class=\"gw-freetours-star gw-freetours-star--full\" aria-hidden=\"true\">\u2605<\/span><span class=\"gw-freetours-star gw-freetours-star--half\" aria-hidden=\"true\">\u2606<\/span><span class=\"gw-freetours-rating__count\">4,7 (188)<\/span><\/div><\/div><\/div><\/div><div class=\"gw-freetours-card\" data-tour-id=\"41267\"><button type=\"button\" class=\"gw-freetours-image-link\" data-dest=\"https:\/\/www.guruwalk.com\/es\/walks\/41267-free-tour-oporto-oscuro-misterios-leyendas-y-crimenes\" role=\"link\" aria-label=\"Free Tour Oporto Oscuro: Misterios, leyendas y cr\u00edmenes\"><div class=\"gw-freetours-image\"><img decoding=\"async\" class=\"gw-freetours-photo\" src=\"https:\/\/blog.guruwalk.com\/wp-content\/uploads\/gw-freetours-cache\/41267-372e45b6df3777c2e1822d28f2546d8b.jpg\" alt=\"Free Tour Oporto Oscuro: Misterios, leyendas y cr\u00edmenes\" loading=\"lazy\" \/><div class=\"gw-freetours-flags\"><img decoding=\"async\" src=\"https:\/\/blog.guruwalk.com\/wp-content\/gurupluginswalk\/wp-gw-freetours\/assets\/flags\/en.svg\" alt=\"en\" class=\"gw-freetours-flag\" \/><img decoding=\"async\" src=\"https:\/\/blog.guruwalk.com\/wp-content\/gurupluginswalk\/wp-gw-freetours\/assets\/flags\/es.svg\" alt=\"es\" class=\"gw-freetours-flag\" \/><\/div><\/div><\/button><div class=\"gw-freetours-content\"><h4 class=\"gw-freetours-title\"><button type=\"button\" class=\"gw-freetours-title-link\" data-dest=\"https:\/\/www.guruwalk.com\/es\/walks\/41267-free-tour-oporto-oscuro-misterios-leyendas-y-crimenes\" role=\"link\">Free Tour Oporto Oscuro: Misterios, leyendas y cr\u00edmenes<\/button><\/h4><div class=\"gw-freetours-meta-top\"><span class=\"gw-freetours-duration\"><svg width=\"16\" height=\"16\" viewBox=\"0 0 24 24\" fill=\"none\" stroke=\"currentColor\" stroke-width=\"2\"><circle cx=\"12\" cy=\"12\" r=\"10\"\/><polyline points=\"12,6 12,12 16,14\"\/><\/svg>2:15<\/span><button class=\"gw-freetours-map-btn\" data-lat=\"41.143218\" data-lng=\"-8.610473\" data-address=\"Cal\u00e7ada de Vandoma, 4000 Porto, Portugal\" data-instructions=\"Cal\u00e7ada de Vandoma, al lado de la muralla primitiva de Oporto. Los gu\u00edas llevar\u00e1n un paraguas VERDE\"><svg width=\"16\" height=\"16\" viewBox=\"0 0 24 24\" fill=\"none\" stroke=\"currentColor\" stroke-width=\"2\"><path d=\"M21 10c0 7-9 13-9 13s-9-6-9-13a9 9 0 0 1 18 0z\"\/><circle cx=\"12\" cy=\"10\" r=\"3\"\/><\/svg><\/button><\/div><p class=\"gw-freetours-description\">Ad\u00e9ntrate con nosotros en el Oporto m\u00e1s tenebroso para que, a medida que caiga la noche, descubramos las leyendas que&#8230;<\/p><div class=\"gw-freetours-author\"><span class=\"gw-freetours-author-link\"><img decoding=\"async\" src=\"https:\/\/media.guruwalk.com\/83d864ieteynu5sl3u2m7qmgbqsm\" alt=\"1\u00b72\u00b7Tours\" class=\"gw-freetours-author-avatar\" \/><span class=\"gw-freetours-author-name\">1\u00b72\u00b7Tours<\/span><\/span><\/div><div class=\"gw-freetours-rating-container\"><div class=\"gw-freetours-rating\" aria-label=\"Valoraci\u00f3n 4.8 de 5\"><span class=\"gw-freetours-star gw-freetours-star--full\" aria-hidden=\"true\">\u2605<\/span><span class=\"gw-freetours-star gw-freetours-star--full\" aria-hidden=\"true\">\u2605<\/span><span class=\"gw-freetours-star gw-freetours-star--full\" aria-hidden=\"true\">\u2605<\/span><span class=\"gw-freetours-star gw-freetours-star--full\" aria-hidden=\"true\">\u2605<\/span><span class=\"gw-freetours-star gw-freetours-star--half\" aria-hidden=\"true\">\u2606<\/span><span class=\"gw-freetours-rating__count\">4,9 (1548)<\/span><\/div><\/div><\/div><\/div><div class=\"gw-freetours-card\" data-tour-id=\"35000\"><button type=\"button\" class=\"gw-freetours-image-link\" data-dest=\"https:\/\/www.guruwalk.com\/es\/walks\/35000-el-free-tour-imprescindible-de-oporto\" role=\"link\" aria-label=\"El Free Tour Imprescindible de Oporto\"><div class=\"gw-freetours-image\"><img decoding=\"async\" class=\"gw-freetours-photo\" src=\"https:\/\/blog.guruwalk.com\/wp-content\/uploads\/gw-freetours-cache\/35000-fe3426ca8265e9ac59c81b7107630bf1.jpg\" alt=\"El Free Tour Imprescindible de Oporto\" loading=\"lazy\" \/><div class=\"gw-freetours-flags\"><img decoding=\"async\" src=\"https:\/\/blog.guruwalk.com\/wp-content\/gurupluginswalk\/wp-gw-freetours\/assets\/flags\/en.svg\" alt=\"en\" class=\"gw-freetours-flag\" \/><img decoding=\"async\" src=\"https:\/\/blog.guruwalk.com\/wp-content\/gurupluginswalk\/wp-gw-freetours\/assets\/flags\/es.svg\" alt=\"es\" class=\"gw-freetours-flag\" \/><img decoding=\"async\" src=\"https:\/\/blog.guruwalk.com\/wp-content\/gurupluginswalk\/wp-gw-freetours\/assets\/flags\/fr.svg\" alt=\"fr\" class=\"gw-freetours-flag\" \/><img decoding=\"async\" src=\"https:\/\/blog.guruwalk.com\/wp-content\/gurupluginswalk\/wp-gw-freetours\/assets\/flags\/it.svg\" alt=\"it\" class=\"gw-freetours-flag\" \/><\/div><\/div><\/button><div class=\"gw-freetours-content\"><h4 class=\"gw-freetours-title\"><button type=\"button\" class=\"gw-freetours-title-link\" data-dest=\"https:\/\/www.guruwalk.com\/es\/walks\/35000-el-free-tour-imprescindible-de-oporto\" role=\"link\">El Free Tour Imprescindible de Oporto<\/button><\/h4><div class=\"gw-freetours-meta-top\"><span class=\"gw-freetours-duration\"><svg width=\"16\" height=\"16\" viewBox=\"0 0 24 24\" fill=\"none\" stroke=\"currentColor\" stroke-width=\"2\"><circle cx=\"12\" cy=\"12\" r=\"10\"\/><polyline points=\"12,6 12,12 16,14\"\/><\/svg>2:30<\/span><button class=\"gw-freetours-map-btn\" data-lat=\"41.149512\" data-lng=\"-8.610778\" data-address=\"Pra\u00e7a do Munic\u00edpio, Pra\u00e7a Gen. Humberto Delgado 269, 4000-286 Porto, Portugal\" data-instructions=\"Al lado del Monumento a Garrett justo enfrente del Ayuntamiento de Oporto. Busque los paraguas azul oscuro. Esta hermosa escultura est\u00e1 muy cerca del Ayuntamiento en la cima de Aliados.\"><svg width=\"16\" height=\"16\" viewBox=\"0 0 24 24\" fill=\"none\" stroke=\"currentColor\" stroke-width=\"2\"><path d=\"M21 10c0 7-9 13-9 13s-9-6-9-13a9 9 0 0 1 18 0z\"\/><circle cx=\"12\" cy=\"10\" r=\"3\"\/><\/svg><\/button><\/div><p class=\"gw-freetours-description\">Emb\u00e1rcate en el Free Tour Oporto Esencial, un viaje que atraviesa el tejido del tiempo, revelando el alma de Oporto&#8230;<\/p><div class=\"gw-freetours-author\"><span class=\"gw-freetours-author-link\"><img decoding=\"async\" src=\"https:\/\/media.guruwalk.com\/95q3tw54vewbxk7fa0migchirzh8\" alt=\"Take\" class=\"gw-freetours-author-avatar\" \/><span class=\"gw-freetours-author-name\">Take<\/span><\/span><\/div><div class=\"gw-freetours-rating-container\"><div class=\"gw-freetours-rating\" aria-label=\"Valoraci\u00f3n 4.9 de 5\"><span class=\"gw-freetours-star gw-freetours-star--full\" aria-hidden=\"true\">\u2605<\/span><span class=\"gw-freetours-star gw-freetours-star--full\" aria-hidden=\"true\">\u2605<\/span><span class=\"gw-freetours-star gw-freetours-star--full\" aria-hidden=\"true\">\u2605<\/span><span class=\"gw-freetours-star gw-freetours-star--full\" aria-hidden=\"true\">\u2605<\/span><span class=\"gw-freetours-star gw-freetours-star--half\" aria-hidden=\"true\">\u2606<\/span><span class=\"gw-freetours-rating__count\">4,9 (1232)<\/span><\/div><\/div><\/div><\/div><\/div><\/div><div class=\"gw-freetours-place-link\"><a href=\"https:\/\/www.guruwalk.com\/es\/oporto\" target=\"_blank\" rel=\"noopener\" class=\"gw-freetours-place-btn\">+ Free Tour Porto<\/a><\/div><\/div>\n\n\n<h2 class=\"wp-block-heading\" id=\"ribeira-puente-jardim-morro\">Ribeira, puente de Don Luis I y Jardim do Morro<\/h2>\n\n\n\n<figure class=\"wp-block-image size-large\"><img decoding=\"async\" width=\"1200\" height=\"800\" src=\"https:\/\/blog.guruwalk.com\/wp-content\/uploads\/2026\/08\/oporto-puente-don-luis-i-barco-rabelo.webp\" alt=\"Puente de Don Luis I sobre el Duero con un barco rabelo en primer plano\" class=\"wp-image-48146\" srcset=\"https:\/\/blog.guruwalk.com\/wp-content\/uploads\/2026\/08\/oporto-puente-don-luis-i-barco-rabelo.webp 1200w, https:\/\/blog.guruwalk.com\/wp-content\/uploads\/2026\/08\/oporto-puente-don-luis-i-barco-rabelo-300x200.webp 300w, https:\/\/blog.guruwalk.com\/wp-content\/uploads\/2026\/08\/oporto-puente-don-luis-i-barco-rabelo-1024x683.webp 1024w, https:\/\/blog.guruwalk.com\/wp-content\/uploads\/2026\/08\/oporto-puente-don-luis-i-barco-rabelo-768x512.webp 768w\" sizes=\"(max-width: 1200px) 100vw, 1200px\" \/><figcaption class=\"wp-element-caption\">El puente de Don Luis I y los rabelos del Duero.<\/figcaption><\/figure>\n\n\n\n<p class=\"wp-block-paragraph\">Este recorrido compacto conecta tres referencias centrales de Oporto. Empieza en las calles y plazas de la Ribeira, sigue por la ribera del Duero y cruza el puente de Don Luis I hacia Vila Nova de Gaia. El nivel superior ofrece una perspectiva amplia del casco hist\u00f3rico, pero exige m\u00e1s desnivel; el paso inferior resulta m\u00e1s directo para llegar a los muelles y las bodegas.<\/p>\n\n\n\n<p class=\"wp-block-paragraph\">Jardim do Morro queda en la parte alta de Gaia y funciona como mirador sobre el puente, la Ribeira y el r\u00edo. Reserva unas dos o tres horas para el conjunto si quieres caminar sin prisas, detenerte en los miradores y continuar luego por las bodegas.<\/p>\n\n\n<div class=\"gw-products-block\" style=\"--gw-nav-width:30px; --gw-nav-height:30px; --gw-chevron-w:15px; --gw-chevron-h:15px; --gw-circle-color:#0a5bd9; --gw-chevron-color:#0a5bd9;\"><div class=\"gw-products-carousel\" aria-live=\"polite\"><article class=\"gw-card\"><div class=\"gw-card__image\"><img decoding=\"async\" class=\"gw-card__photo\" src=\"https:\/\/blog.guruwalk.com\/wp-content\/uploads\/gw-products\/images\/7697b04abca327aa5f8f172063e95898.webp\" alt=\"Oporto: crucero por los seis puentes en un barco tradicional rabelo\" loading=\"lazy\" \/><div class=\"gw-flags\" aria-label=\"Idiomas disponibles\"><span class=\"gw-flag\" title=\"DE\"><img decoding=\"async\" class=\"gw-flag-img\" src=\"https:\/\/blog.guruwalk.com\/wp-content\/uploads\/gw-products\/flags\/de.svg\" alt=\"DE\" loading=\"lazy\" width=\"22\" height=\"16\" \/><\/span><span class=\"gw-flag\" title=\"EN\"><img decoding=\"async\" class=\"gw-flag-img\" src=\"https:\/\/blog.guruwalk.com\/wp-content\/uploads\/gw-products\/flags\/gb.svg\" alt=\"EN\" loading=\"lazy\" width=\"22\" height=\"16\" \/><\/span><span class=\"gw-flag\" title=\"ES\"><img decoding=\"async\" class=\"gw-flag-img\" src=\"https:\/\/blog.guruwalk.com\/wp-content\/uploads\/gw-products\/flags\/es.svg\" alt=\"ES\" loading=\"lazy\" width=\"22\" height=\"16\" \/><\/span><span class=\"gw-flag\" title=\"FR\"><img decoding=\"async\" class=\"gw-flag-img\" src=\"https:\/\/blog.guruwalk.com\/wp-content\/uploads\/gw-products\/flags\/fr.svg\" alt=\"FR\" loading=\"lazy\" width=\"22\" height=\"16\" \/><\/span><\/div><\/div><div class=\"gw-card__body\"><h3 class=\"gw-card__title\">Oporto: crucero por los seis puentes en un barco tradicional rabelo<\/h3><div class=\"gw-card__footer\"><div class=\"gw-card__meta\"><div class=\"gw-rating\" aria-label=\"Valoraci\u00f3n 4.0 de 5\"><span class=\"gw-star gw-star--full\" aria-hidden=\"true\">\u2605<\/span><span class=\"gw-star gw-star--full\" aria-hidden=\"true\">\u2605<\/span><span class=\"gw-star gw-star--full\" aria-hidden=\"true\">\u2605<\/span><span class=\"gw-star gw-star--full\" aria-hidden=\"true\">\u2605<\/span><span class=\"gw-star gw-star--empty\" aria-hidden=\"true\">\u2606<\/span><span class=\"gw-rating__count\">4,0 (205)<\/span><\/div><\/div><div class=\"gw-card__price\">Desde \u20ac18,00<\/div><\/div><\/div><a class=\"gw-card__link\" href=\"https:\/\/www.guruwalk.com\/es\/walks\/p95138-oporto-crucero-por-los-seis-puentes-en-un-barco-tradicional-rabelo-cGFub3B0ZXM\" target=\"_blank\" rel=\"noopener\" aria-label=\"Oporto: crucero por los seis puentes en un barco tradicional rabelo\"><\/a><\/article><article class=\"gw-card\"><div class=\"gw-card__image\"><img decoding=\"async\" class=\"gw-card__photo\" src=\"https:\/\/blog.guruwalk.com\/wp-content\/uploads\/gw-products\/images\/8780b18211a3332ac4ba35514b15fbfa.webp\" alt=\"Oporto: crucero por los 6 puentes, atardecer y opci\u00f3n de bodega de vino de Oporto\" loading=\"lazy\" \/><div class=\"gw-flags\" aria-label=\"Idiomas disponibles\"><span class=\"gw-flag\" title=\"EN\"><img decoding=\"async\" class=\"gw-flag-img\" src=\"https:\/\/blog.guruwalk.com\/wp-content\/uploads\/gw-products\/flags\/gb.svg\" alt=\"EN\" loading=\"lazy\" width=\"22\" height=\"16\" \/><\/span><span class=\"gw-flag\" title=\"ES\"><img decoding=\"async\" class=\"gw-flag-img\" src=\"https:\/\/blog.guruwalk.com\/wp-content\/uploads\/gw-products\/flags\/es.svg\" alt=\"ES\" loading=\"lazy\" width=\"22\" height=\"16\" \/><\/span><span class=\"gw-flag\" title=\"FR\"><img decoding=\"async\" class=\"gw-flag-img\" src=\"https:\/\/blog.guruwalk.com\/wp-content\/uploads\/gw-products\/flags\/fr.svg\" alt=\"FR\" loading=\"lazy\" width=\"22\" height=\"16\" \/><\/span><span class=\"gw-flag\" title=\"IT\"><img decoding=\"async\" class=\"gw-flag-img\" src=\"https:\/\/blog.guruwalk.com\/wp-content\/uploads\/gw-products\/flags\/it.svg\" alt=\"IT\" loading=\"lazy\" width=\"22\" height=\"16\" \/><\/span><\/div><\/div><div class=\"gw-card__body\"><h3 class=\"gw-card__title\">Oporto: crucero por los 6 puentes, atardecer y opci\u00f3n de bodega de vino de Oporto<\/h3><div class=\"gw-card__footer\"><div class=\"gw-card__meta\"><div class=\"gw-rating\" aria-label=\"Valoraci\u00f3n 4.1 de 5\"><span class=\"gw-star gw-star--full\" aria-hidden=\"true\">\u2605<\/span><span class=\"gw-star gw-star--full\" aria-hidden=\"true\">\u2605<\/span><span class=\"gw-star gw-star--full\" aria-hidden=\"true\">\u2605<\/span><span class=\"gw-star gw-star--full\" aria-hidden=\"true\">\u2605<\/span><span class=\"gw-star gw-star--empty\" aria-hidden=\"true\">\u2606<\/span><span class=\"gw-rating__count\">4,1 (5417)<\/span><\/div><\/div><div class=\"gw-card__price\">Desde \u20ac18,00<\/div><\/div><\/div><a class=\"gw-card__link\" href=\"https:\/\/www.guruwalk.com\/es\/walks\/p103944-oporto-crucero-por-los-6-puentes-atardecer-y-opcion-de-bodega-de-vino-de-oporto-cGFub3B0ZXM\" target=\"_blank\" rel=\"noopener\" aria-label=\"Oporto: crucero por los 6 puentes, atardecer y opci\u00f3n de bodega de vino de Oporto\"><\/a><\/article><article class=\"gw-card\"><div class=\"gw-card__image\"><img decoding=\"async\" class=\"gw-card__photo\" src=\"https:\/\/blog.guruwalk.com\/wp-content\/uploads\/gw-products\/images\/3ba2b35202011b1bd544afeca635b66e.webp\" alt=\"Crucero de los seis puentes al atardecer con aperitivo\" loading=\"lazy\" \/><\/div><div class=\"gw-card__body\"><h3 class=\"gw-card__title\">Crucero de los seis puentes al atardecer con aperitivo<\/h3><div class=\"gw-card__footer\"><div class=\"gw-card__price\">Desde \u20ac39,00<\/div><\/div><\/div><a class=\"gw-card__link\" href=\"https:\/\/www.guruwalk.com\/es\/walks\/p171401-crucero-de-los-seis-puentes-al-atardecer-con-aperitivo-cGFub3B0ZXM\" target=\"_blank\" rel=\"noopener\" aria-label=\"Crucero de los seis puentes al atardecer con aperitivo\"><\/a><\/article><article class=\"gw-card\"><div class=\"gw-card__image\"><img decoding=\"async\" class=\"gw-card__photo\" src=\"https:\/\/blog.guruwalk.com\/wp-content\/uploads\/gw-products\/images\/a42fa03b3c9e8e4e420b5b695876dc51.webp\" alt=\"Oporto: Paseo en barco de los seis puentes del Duero desde Ribeira\" loading=\"lazy\" \/><\/div><div class=\"gw-card__body\"><h3 class=\"gw-card__title\">Oporto: Paseo en barco de los seis puentes del Duero desde Ribeira<\/h3><div class=\"gw-card__footer\"><div class=\"gw-card__meta\"><div class=\"gw-rating\" aria-label=\"Valoraci\u00f3n 4.3 de 5\"><span class=\"gw-star gw-star--full\" aria-hidden=\"true\">\u2605<\/span><span class=\"gw-star gw-star--full\" aria-hidden=\"true\">\u2605<\/span><span class=\"gw-star gw-star--full\" aria-hidden=\"true\">\u2605<\/span><span class=\"gw-star gw-star--full\" aria-hidden=\"true\">\u2605<\/span><span class=\"gw-star gw-star--empty\" aria-hidden=\"true\">\u2606<\/span><span class=\"gw-rating__count\">4,3 (277)<\/span><\/div><\/div><div class=\"gw-card__price\">Desde \u20ac20,00<\/div><\/div><\/div><a class=\"gw-card__link\" href=\"https:\/\/www.guruwalk.com\/es\/walks\/p6379-oporto-paseo-en-barco-de-los-seis-puentes-del-duero-desde-ribeira-a3ac74dd-e4b4-4c70-849f-0edb5a4f2ead-cGFub3B0ZXM\" target=\"_blank\" rel=\"noopener\" aria-label=\"Oporto: Paseo en barco de los seis puentes del Duero desde Ribeira\"><\/a><\/article><\/div><div class=\"gw-vertical-link-container\"><a href=\"https:\/\/www.guruwalk.com\/es\/a\/oporto\/v71096-cruceros-por-el-duero-oporto-1\" target=\"_blank\" rel=\"noopener\" style=\"font-weight: bold;\">+ Cruceros por el Duero<\/a><\/div><\/div>\n\n\n<h2 class=\"wp-block-heading\" id=\"ruta-azulejos-oporto\">Ruta de azulejos: Capela das Almas, S\u00e3o Ildefonso y Carmo<\/h2>\n\n\n\n<figure class=\"wp-block-image size-large\"><img decoding=\"async\" width=\"1200\" height=\"800\" src=\"https:\/\/blog.guruwalk.com\/wp-content\/uploads\/2026\/08\/oporto-iglesia-de-san-ildefonso-azulejos.webp\" alt=\"Fachada de la Iglesia de San Ildefonso de Oporto cubierta de azulejos azules\" class=\"wp-image-48149\" srcset=\"https:\/\/blog.guruwalk.com\/wp-content\/uploads\/2026\/08\/oporto-iglesia-de-san-ildefonso-azulejos.webp 1200w, https:\/\/blog.guruwalk.com\/wp-content\/uploads\/2026\/08\/oporto-iglesia-de-san-ildefonso-azulejos-300x200.webp 300w, https:\/\/blog.guruwalk.com\/wp-content\/uploads\/2026\/08\/oporto-iglesia-de-san-ildefonso-azulejos-1024x683.webp 1024w, https:\/\/blog.guruwalk.com\/wp-content\/uploads\/2026\/08\/oporto-iglesia-de-san-ildefonso-azulejos-768x512.webp 768w\" sizes=\"(max-width: 1200px) 100vw, 1200px\" \/><figcaption class=\"wp-element-caption\">La Iglesia de San Ildefonso, uno de los hitos de la ruta de azulejos.<\/figcaption><\/figure>\n\n\n\n<p class=\"wp-block-paragraph\">La Capela das Almas, la Igreja de Santo Ildefonso y la Igreja do Carmo permiten comparar c\u00f3mo se emplean los azulejos en distintas fachadas religiosas. La primera se encuentra junto a la zona de Bolh\u00e3o; S\u00e3o Ildefonso encaja en el paseo hacia Batalha, y Carmo puede combinarse con Cl\u00e9rigos y la Librer\u00eda Lello.<\/p>\n\n\n\n<p class=\"wp-block-paragraph\">El trayecto completo ocupa aproximadamente media jornada contando las paradas. Los templos mantienen funciones religiosas, por lo que es recomendable consultar el acceso y evitar interrumpir celebraciones.<\/p>\n\n\n\n<h2 class=\"wp-block-heading\" id=\"oporto-1-2-3-dias\">Oporto en 1, 2 y 3 d\u00edas<\/h2>\n\n\n\n<ul class=\"wp-block-list\">\n<li><strong>1 d\u00eda:<\/strong> dedica la ma\u00f1ana al eje S\u00e9\u2013S\u00e3o Bento\u2013Cl\u00e9rigos, unas tres o cuatro horas con visitas breves. Contin\u00faa por la Ribeira, cruza el puente de Don Luis I y termina en Jardim do Morro.<\/li>\n\n\n\n<li><strong>2 d\u00edas:<\/strong> conserva el itinerario anterior y reserva la segunda jornada para Vila Nova de Gaia. Una visita a bodega y el paseo por los muelles suelen ocupar buena parte del d\u00eda, seg\u00fan la experiencia elegida.<\/li>\n\n\n\n<li><strong>3 d\u00edas:<\/strong> a\u00f1ade Boavista, Casa de la M\u00fasica y Serralves. Calcula media jornada para este sector y utiliza el tiempo restante para acercarte a Foz y recorrer la desembocadura del Duero.<\/li>\n<\/ul>\n\n\n\n<p class=\"wp-block-paragraph\">Las pendientes y las visitas con acceso controlado pueden alargar cada tramo. Comprueba la disponibilidad de entradas y combina lugares cercanos para evitar desplazamientos innecesarios.<\/p>\n\n\n\n<h2 class=\"wp-block-heading\" id=\"catedral-se\">Catedral de la S\u00e9 de Oporto<\/h2>\n\n\n\n<figure class=\"wp-block-image size-large\"><img decoding=\"async\" width=\"1200\" height=\"1120\" src=\"https:\/\/blog.guruwalk.com\/wp-content\/uploads\/2026\/08\/oporto-catedral-de-la-se-fachada.webp\" alt=\"Fachada de la Catedral de la S\u00e9 de Oporto con sus dos torres y el roset\u00f3n\" class=\"wp-image-48104\" srcset=\"https:\/\/blog.guruwalk.com\/wp-content\/uploads\/2026\/08\/oporto-catedral-de-la-se-fachada.webp 1200w, https:\/\/blog.guruwalk.com\/wp-content\/uploads\/2026\/08\/oporto-catedral-de-la-se-fachada-300x280.webp 300w, https:\/\/blog.guruwalk.com\/wp-content\/uploads\/2026\/08\/oporto-catedral-de-la-se-fachada-1024x956.webp 1024w, https:\/\/blog.guruwalk.com\/wp-content\/uploads\/2026\/08\/oporto-catedral-de-la-se-fachada-768x717.webp 768w\" sizes=\"(max-width: 1200px) 100vw, 1200px\" \/><figcaption class=\"wp-element-caption\">La Catedral de la S\u00e9, en lo alto del centro hist\u00f3rico de Oporto.<\/figcaption><\/figure>\n\n\n\n<p class=\"wp-block-paragraph\">Esta catedral est\u00e1 construida en la parte alta de la ciudad y es el&nbsp;<strong>edificio religioso m\u00e1s importante<\/strong>. El barrio que la alberga es el de Batalha, y est\u00e1 junto a las murallas que, a\u00f1os atr\u00e1s, proteg\u00edan la ciudad.<\/p>\n\n\n\n<p class=\"wp-block-paragraph\">La catedral se comenz\u00f3 a construir en el siglo XII y tiene diferentes estilos debido a la gran cantidad de intervenciones que ha sufrido. En su mayor parte, el estilo es&nbsp;<strong>barroco<\/strong>, aunque el cuerpo de la iglesia y su estructura son&nbsp;<strong>rom\u00e1nicos<\/strong>. Por otro lado, la capilla de San Juan Evangelista y el claustro son de estilo&nbsp;<strong>g\u00f3tico<\/strong>.<\/p>\n\n\n\n<p class=\"wp-block-paragraph\">Las grandes columnas del interior crean una sensaci\u00f3n de estrechez al entrar. La decoraci\u00f3n es muy sobria y las paredes est\u00e1n desnudas, a excepci\u00f3n de algunas capillas barrocas y del altar mayor. Si quieres acceder al claustro y a los espacios anexos, consulta previamente la disponibilidad y reserva margen adicional respecto a una visita breve de la iglesia.<\/p>\n\n\n\n<h3 class=\"wp-block-heading\">El claustro y la Casa do Cabido<\/h3>\n\n\n\n<figure class=\"wp-block-image size-large\"><img decoding=\"async\" width=\"1200\" height=\"800\" src=\"https:\/\/blog.guruwalk.com\/wp-content\/uploads\/2026\/08\/oporto-claustro-catedral-azulejos.webp\" alt=\"Galer\u00eda del claustro g\u00f3tico de la Catedral de Oporto revestida de azulejos azules\" class=\"wp-image-48107\" srcset=\"https:\/\/blog.guruwalk.com\/wp-content\/uploads\/2026\/08\/oporto-claustro-catedral-azulejos.webp 1200w, https:\/\/blog.guruwalk.com\/wp-content\/uploads\/2026\/08\/oporto-claustro-catedral-azulejos-300x200.webp 300w, https:\/\/blog.guruwalk.com\/wp-content\/uploads\/2026\/08\/oporto-claustro-catedral-azulejos-1024x683.webp 1024w, https:\/\/blog.guruwalk.com\/wp-content\/uploads\/2026\/08\/oporto-claustro-catedral-azulejos-768x512.webp 768w\" sizes=\"(max-width: 1200px) 100vw, 1200px\" \/><figcaption class=\"wp-element-caption\">El claustro de la S\u00e9, revestido de azulejos.<\/figcaption><\/figure>\n\n\n\n<p class=\"wp-block-paragraph\">En cuanto al claustro, se accede desde el interior de la catedral por una puerta situada en el lado derecho. Es del&nbsp;<strong>siglo XIV<\/strong>&nbsp;y est\u00e1 decorado con azulejos que evocan escenas religiosas. Tambi\u00e9n se puede acceder desde aqu\u00ed a la Casa do <strong>Cabido<\/strong>, que conserva una colecci\u00f3n de orfebrer\u00eda religiosa.<\/p>\n\n\n<div class=\"gw-products-block\" style=\"--gw-nav-width:30px; --gw-nav-height:30px; --gw-chevron-w:15px; --gw-chevron-h:15px; --gw-circle-color:#0a5bd9; --gw-chevron-color:#0a5bd9;\"><div class=\"gw-products-carousel\" aria-live=\"polite\"><article class=\"gw-card\"><div class=\"gw-card__image\"><img decoding=\"async\" class=\"gw-card__photo\" src=\"https:\/\/blog.guruwalk.com\/wp-content\/uploads\/gw-products\/images\/49921e780520298d5a0de355886e78bd.webp\" alt=\"Visita guiada por la catedral de Oporto\" loading=\"lazy\" \/><div class=\"gw-flags\" aria-label=\"Idiomas disponibles\"><span class=\"gw-flag\" title=\"ES\"><img decoding=\"async\" class=\"gw-flag-img\" src=\"https:\/\/blog.guruwalk.com\/wp-content\/uploads\/gw-products\/flags\/es.svg\" alt=\"ES\" loading=\"lazy\" width=\"22\" height=\"16\" \/><\/span><\/div><\/div><div class=\"gw-card__body\"><h3 class=\"gw-card__title\">Visita guiada por la catedral de Oporto<\/h3><div class=\"gw-card__footer\"><div class=\"gw-card__meta\"><div class=\"gw-rating\" aria-label=\"Valoraci\u00f3n 4.5 de 5\"><span class=\"gw-star gw-star--full\" aria-hidden=\"true\">\u2605<\/span><span class=\"gw-star gw-star--full\" aria-hidden=\"true\">\u2605<\/span><span class=\"gw-star gw-star--full\" aria-hidden=\"true\">\u2605<\/span><span class=\"gw-star gw-star--full\" aria-hidden=\"true\">\u2605<\/span><span class=\"gw-star gw-star--half\" aria-hidden=\"true\">\u2606<\/span><span class=\"gw-rating__count\">4,5 (131)<\/span><\/div><\/div><div class=\"gw-card__price\">Desde \u20ac15,84<\/div><\/div><\/div><a class=\"gw-card__link\" href=\"https:\/\/www.guruwalk.com\/es\/walks\/p77726-visita-guiada-por-la-catedral-de-oporto-cGFub3B0ZXM\" target=\"_blank\" rel=\"noopener\" aria-label=\"Visita guiada por la catedral de Oporto\"><\/a><\/article><article class=\"gw-card\"><div class=\"gw-card__image\"><img decoding=\"async\" class=\"gw-card__photo\" src=\"https:\/\/blog.guruwalk.com\/wp-content\/uploads\/gw-products\/images\/44ef108eee8e6f0225fff1ae6f4875a5.webp\" alt=\"Centro hist\u00f3rico de Oporto: tour a pie privado y catedral\" loading=\"lazy\" \/><div class=\"gw-flags\" aria-label=\"Idiomas disponibles\"><span class=\"gw-flag\" title=\"EN\"><img decoding=\"async\" class=\"gw-flag-img\" src=\"https:\/\/blog.guruwalk.com\/wp-content\/uploads\/gw-products\/flags\/gb.svg\" alt=\"EN\" loading=\"lazy\" width=\"22\" height=\"16\" \/><\/span><span class=\"gw-flag\" title=\"ES\"><img decoding=\"async\" class=\"gw-flag-img\" src=\"https:\/\/blog.guruwalk.com\/wp-content\/uploads\/gw-products\/flags\/es.svg\" alt=\"ES\" loading=\"lazy\" width=\"22\" height=\"16\" \/><\/span><span class=\"gw-flag\" title=\"FR\"><img decoding=\"async\" class=\"gw-flag-img\" src=\"https:\/\/blog.guruwalk.com\/wp-content\/uploads\/gw-products\/flags\/fr.svg\" alt=\"FR\" loading=\"lazy\" width=\"22\" height=\"16\" \/><\/span><span class=\"gw-flag\" title=\"PT\"><img decoding=\"async\" class=\"gw-flag-img\" src=\"https:\/\/blog.guruwalk.com\/wp-content\/uploads\/gw-products\/flags\/pt.svg\" alt=\"PT\" loading=\"lazy\" width=\"22\" height=\"16\" \/><\/span><\/div><\/div><div class=\"gw-card__body\"><h3 class=\"gw-card__title\">Centro hist\u00f3rico de Oporto: tour a pie privado y catedral<\/h3><div class=\"gw-card__footer\"><div class=\"gw-card__price\">Desde \u20ac23,00<\/div><\/div><\/div><a class=\"gw-card__link\" href=\"https:\/\/www.guruwalk.com\/es\/walks\/p96168-centro-historico-de-oporto-tour-a-pie-privado-y-catedral-cGFub3B0ZXM\" target=\"_blank\" rel=\"noopener\" aria-label=\"Centro hist\u00f3rico de Oporto: tour a pie privado y catedral\"><\/a><\/article><article class=\"gw-card\"><div class=\"gw-card__image\"><img decoding=\"async\" class=\"gw-card__photo\" src=\"https:\/\/blog.guruwalk.com\/wp-content\/uploads\/gw-products\/images\/9aa52651d5aa38e2f9a5b29cdc78d3cb.webp\" alt=\"Centro hist\u00f3rico de Oporto: tour a pie en grupo reducido y catedral\" loading=\"lazy\" \/><div class=\"gw-flags\" aria-label=\"Idiomas disponibles\"><span class=\"gw-flag\" title=\"EN\"><img decoding=\"async\" class=\"gw-flag-img\" src=\"https:\/\/blog.guruwalk.com\/wp-content\/uploads\/gw-products\/flags\/gb.svg\" alt=\"EN\" loading=\"lazy\" width=\"22\" height=\"16\" \/><\/span><span class=\"gw-flag\" title=\"ES\"><img decoding=\"async\" class=\"gw-flag-img\" src=\"https:\/\/blog.guruwalk.com\/wp-content\/uploads\/gw-products\/flags\/es.svg\" alt=\"ES\" loading=\"lazy\" width=\"22\" height=\"16\" \/><\/span><span class=\"gw-flag\" title=\"FR\"><img decoding=\"async\" class=\"gw-flag-img\" src=\"https:\/\/blog.guruwalk.com\/wp-content\/uploads\/gw-products\/flags\/fr.svg\" alt=\"FR\" loading=\"lazy\" width=\"22\" height=\"16\" \/><\/span><span class=\"gw-flag\" title=\"PT\"><img decoding=\"async\" class=\"gw-flag-img\" src=\"https:\/\/blog.guruwalk.com\/wp-content\/uploads\/gw-products\/flags\/pt.svg\" alt=\"PT\" loading=\"lazy\" width=\"22\" height=\"16\" \/><\/span><\/div><\/div><div class=\"gw-card__body\"><h3 class=\"gw-card__title\">Centro hist\u00f3rico de Oporto: tour a pie en grupo reducido y catedral<\/h3><div class=\"gw-card__footer\"><div class=\"gw-card__meta\"><div class=\"gw-rating\" aria-label=\"Valoraci\u00f3n 5.0 de 5\"><span class=\"gw-star gw-star--full\" aria-hidden=\"true\">\u2605<\/span><span class=\"gw-star gw-star--full\" aria-hidden=\"true\">\u2605<\/span><span class=\"gw-star gw-star--full\" aria-hidden=\"true\">\u2605<\/span><span class=\"gw-star gw-star--full\" aria-hidden=\"true\">\u2605<\/span><span class=\"gw-star gw-star--full\" aria-hidden=\"true\">\u2605<\/span><span class=\"gw-rating__count\">5,0 (14)<\/span><\/div><\/div><div class=\"gw-card__price\">Desde \u20ac71,00<\/div><\/div><\/div><a class=\"gw-card__link\" href=\"https:\/\/www.guruwalk.com\/es\/walks\/p88303-centro-historico-de-oporto-tour-a-pie-en-grupo-reducido-y-catedral-cGFub3B0ZXM\" target=\"_blank\" rel=\"noopener\" aria-label=\"Centro hist\u00f3rico de Oporto: tour a pie en grupo reducido y catedral\"><\/a><\/article><\/div><div class=\"gw-vertical-link-container\"><a href=\"https:\/\/www.guruwalk.com\/es\/a\/oporto\/v101520-visitas-guiadas-catedral-de-oporto-1\" target=\"_blank\" rel=\"noopener\" style=\"font-weight: bold;\">+ Visitas Guiadas Catedral de Oporto<\/a><\/div><\/div>\n\n\n<h2 class=\"wp-block-heading\" id=\"torre-clerigos\">Iglesia y Torre de los Cl\u00e9rigos<\/h2>\n\n\n\n<figure class=\"wp-block-image size-large\"><img decoding=\"async\" width=\"1200\" height=\"802\" src=\"https:\/\/blog.guruwalk.com\/wp-content\/uploads\/2026\/08\/oporto-torre-de-los-clerigos-tranvia.webp\" alt=\"Torre de los Cl\u00e9rigos de Oporto con un tranv\u00eda amarillo en la calle\" class=\"wp-image-48110\" srcset=\"https:\/\/blog.guruwalk.com\/wp-content\/uploads\/2026\/08\/oporto-torre-de-los-clerigos-tranvia.webp 1200w, https:\/\/blog.guruwalk.com\/wp-content\/uploads\/2026\/08\/oporto-torre-de-los-clerigos-tranvia-300x201.webp 300w, https:\/\/blog.guruwalk.com\/wp-content\/uploads\/2026\/08\/oporto-torre-de-los-clerigos-tranvia-1024x684.webp 1024w, https:\/\/blog.guruwalk.com\/wp-content\/uploads\/2026\/08\/oporto-torre-de-los-clerigos-tranvia-768x513.webp 768w\" sizes=\"(max-width: 1200px) 100vw, 1200px\" \/><figcaption class=\"wp-element-caption\">La Torre de los Cl\u00e9rigos, el punto m\u00e1s alto del centro de Oporto.<\/figcaption><\/figure>\n\n\n\n<p class=\"wp-block-paragraph\">La&nbsp;<strong>Iglesia de los Cl\u00e9rigos<\/strong>&nbsp;se construy\u00f3 entre 1735 y 1748. Tiene un estilo barroco propio del siglo XVIII y se corona por otro de los monumentos reconocibles de Oporto, la Torre de los Cl\u00e9rigos.<\/p>\n\n\n\n<p class=\"wp-block-paragraph\">El conjunto monumental pertenece al siglo XVIII y fue la hermandad de los <strong>Cl\u00e9rigos Pobres<\/strong> del casco antiguo de la ciudad la responsable de su construcci\u00f3n.&nbsp;<strong>Est\u00e1 ubicado en lo conocido como \u00abel cerro de los ahorcados\u00bb<\/strong>, porque es donde se sol\u00eda enterrar a quienes eran ajusticiados.<\/p>\n\n\n\n<p class=\"wp-block-paragraph\">Los&nbsp;<strong>76 metros de la Torre de los Cl\u00e9rigos<\/strong>&nbsp;la convierten en el <strong>campanario m\u00e1s alto de Portugal<\/strong>. Tiene <strong>225<\/strong> escalones que dan acceso a una panor\u00e1mica de la ciudad. Durante el ascenso se encuentran&nbsp;<strong>49 campanas que forman un carrill\u00f3n<\/strong>. La subida requiere escaleras y espacios estrechos, as\u00ed que conviene valorar estas condiciones antes de reservar el acceso y consultar disponibilidad.<\/p>\n\n\n<div class=\"gw-products-block\" style=\"--gw-nav-width:30px; --gw-nav-height:30px; --gw-chevron-w:15px; --gw-chevron-h:15px; --gw-circle-color:#0a5bd9; --gw-chevron-color:#0a5bd9;\"><div class=\"gw-products-carousel\" aria-live=\"polite\"><article class=\"gw-card\"><div class=\"gw-card__image\"><img decoding=\"async\" class=\"gw-card__photo\" src=\"https:\/\/blog.guruwalk.com\/wp-content\/uploads\/gw-products\/images\/23aa6a5e72cc05c4a8b8d671ff244135.webp\" alt=\"Oporto: Entrada para la Torre de los Cl\u00e9rigos de noche\" loading=\"lazy\" \/><\/div><div class=\"gw-card__body\"><h3 class=\"gw-card__title\">Oporto: Entrada para la Torre de los Cl\u00e9rigos de noche<\/h3><div class=\"gw-card__footer\"><div class=\"gw-card__meta\"><div class=\"gw-rating\" aria-label=\"Valoraci\u00f3n 4.6 de 5\"><span class=\"gw-star gw-star--full\" aria-hidden=\"true\">\u2605<\/span><span class=\"gw-star gw-star--full\" aria-hidden=\"true\">\u2605<\/span><span class=\"gw-star gw-star--full\" aria-hidden=\"true\">\u2605<\/span><span class=\"gw-star gw-star--full\" aria-hidden=\"true\">\u2605<\/span><span class=\"gw-star gw-star--half\" aria-hidden=\"true\">\u2606<\/span><span class=\"gw-rating__count\">4,6 (376)<\/span><\/div><\/div><div class=\"gw-card__price\">Desde \u20ac5,00<\/div><\/div><\/div><a class=\"gw-card__link\" href=\"https:\/\/www.guruwalk.com\/es\/walks\/p160038-oporto-entrada-para-la-torre-de-los-clerigos-de-noche\" target=\"_blank\" rel=\"noopener\" aria-label=\"Oporto: Entrada para la Torre de los Cl\u00e9rigos de noche\"><\/a><\/article><article class=\"gw-card\"><div class=\"gw-card__image\"><img decoding=\"async\" class=\"gw-card__photo\" src=\"https:\/\/blog.guruwalk.com\/wp-content\/uploads\/gw-products\/images\/68bcf9c4fdf4d71418b5a9c785f04cef.webp\" alt=\"Visita guiada al Palacio Episcopal de Oporto\" loading=\"lazy\" \/><div class=\"gw-flags\" aria-label=\"Idiomas disponibles\"><span class=\"gw-flag\" title=\"EN\"><img decoding=\"async\" class=\"gw-flag-img\" src=\"https:\/\/blog.guruwalk.com\/wp-content\/uploads\/gw-products\/flags\/gb.svg\" alt=\"EN\" loading=\"lazy\" width=\"22\" height=\"16\" \/><\/span><span class=\"gw-flag\" title=\"ES\"><img decoding=\"async\" class=\"gw-flag-img\" src=\"https:\/\/blog.guruwalk.com\/wp-content\/uploads\/gw-products\/flags\/es.svg\" alt=\"ES\" loading=\"lazy\" width=\"22\" height=\"16\" \/><\/span><span class=\"gw-flag\" title=\"PT\"><img decoding=\"async\" class=\"gw-flag-img\" src=\"https:\/\/blog.guruwalk.com\/wp-content\/uploads\/gw-products\/flags\/pt.svg\" alt=\"PT\" loading=\"lazy\" width=\"22\" height=\"16\" \/><\/span><span class=\"gw-flag\" title=\"RU\"><img decoding=\"async\" class=\"gw-flag-img\" src=\"https:\/\/blog.guruwalk.com\/wp-content\/uploads\/gw-products\/flags\/ru.svg\" alt=\"RU\" loading=\"lazy\" width=\"22\" height=\"16\" \/><\/span><\/div><\/div><div class=\"gw-card__body\"><h3 class=\"gw-card__title\">Visita guiada al Palacio Episcopal de Oporto<\/h3><div class=\"gw-card__footer\"><div class=\"gw-card__meta\"><div class=\"gw-rating\" aria-label=\"Valoraci\u00f3n 4.4 de 5\"><span class=\"gw-star gw-star--full\" aria-hidden=\"true\">\u2605<\/span><span class=\"gw-star gw-star--full\" aria-hidden=\"true\">\u2605<\/span><span class=\"gw-star gw-star--full\" aria-hidden=\"true\">\u2605<\/span><span class=\"gw-star gw-star--full\" aria-hidden=\"true\">\u2605<\/span><span class=\"gw-star gw-star--empty\" aria-hidden=\"true\">\u2606<\/span><span class=\"gw-rating__count\">4,4 (18)<\/span><\/div><\/div><div class=\"gw-card__price\">Desde \u20ac11,34<\/div><\/div><\/div><a class=\"gw-card__link\" href=\"https:\/\/www.guruwalk.com\/es\/walks\/p120599-visita-guiada-al-palacio-episcopal-de-oporto\" target=\"_blank\" rel=\"noopener\" aria-label=\"Visita guiada al Palacio Episcopal de Oporto\"><\/a><\/article><article class=\"gw-card\"><div class=\"gw-card__image\"><img decoding=\"async\" class=\"gw-card__photo\" src=\"https:\/\/blog.guruwalk.com\/wp-content\/uploads\/gw-products\/images\/9d18eea5709482d0a76809225a0fb965.webp\" alt=\"Experiencia de Oporto a Gaia: Paseo por la ciudad y Bodegas\" loading=\"lazy\" \/><div class=\"gw-flags\" aria-label=\"Idiomas disponibles\"><span class=\"gw-flag\" title=\"EN\"><img decoding=\"async\" class=\"gw-flag-img\" src=\"https:\/\/blog.guruwalk.com\/wp-content\/uploads\/gw-products\/flags\/gb.svg\" alt=\"EN\" loading=\"lazy\" width=\"22\" height=\"16\" \/><\/span><span class=\"gw-flag\" title=\"ES\"><img decoding=\"async\" class=\"gw-flag-img\" src=\"https:\/\/blog.guruwalk.com\/wp-content\/uploads\/gw-products\/flags\/es.svg\" alt=\"ES\" loading=\"lazy\" width=\"22\" height=\"16\" \/><\/span><span class=\"gw-flag\" title=\"PT\"><img decoding=\"async\" class=\"gw-flag-img\" src=\"https:\/\/blog.guruwalk.com\/wp-content\/uploads\/gw-products\/flags\/pt.svg\" alt=\"PT\" loading=\"lazy\" width=\"22\" height=\"16\" \/><\/span><span class=\"gw-flag\" title=\"RU\"><img decoding=\"async\" class=\"gw-flag-img\" src=\"https:\/\/blog.guruwalk.com\/wp-content\/uploads\/gw-products\/flags\/ru.svg\" alt=\"RU\" loading=\"lazy\" width=\"22\" height=\"16\" \/><\/span><\/div><\/div><div class=\"gw-card__body\"><h3 class=\"gw-card__title\">Experiencia de Oporto a Gaia: Paseo por la ciudad y Bodegas<\/h3><div class=\"gw-card__footer\"><div class=\"gw-card__meta\"><div class=\"gw-rating\" aria-label=\"Valoraci\u00f3n 4.8 de 5\"><span class=\"gw-star gw-star--full\" aria-hidden=\"true\">\u2605<\/span><span class=\"gw-star gw-star--full\" aria-hidden=\"true\">\u2605<\/span><span class=\"gw-star gw-star--full\" aria-hidden=\"true\">\u2605<\/span><span class=\"gw-star gw-star--full\" aria-hidden=\"true\">\u2605<\/span><span class=\"gw-star gw-star--half\" aria-hidden=\"true\">\u2606<\/span><span class=\"gw-rating__count\">4,8 (13)<\/span><\/div><\/div><div class=\"gw-card__price\">Desde \u20ac35,00<\/div><\/div><\/div><a class=\"gw-card__link\" href=\"https:\/\/www.guruwalk.com\/es\/walks\/p151232-experiencia-de-oporto-a-gaia-paseo-por-la-ciudad-y-bodegas-cGFub3B0ZXM\" target=\"_blank\" rel=\"noopener\" aria-label=\"Experiencia de Oporto a Gaia: Paseo por la ciudad y Bodegas\"><\/a><\/article><article class=\"gw-card\"><div class=\"gw-card__image\"><img decoding=\"async\" class=\"gw-card__photo\" src=\"https:\/\/blog.guruwalk.com\/wp-content\/uploads\/gw-products\/images\/a3bb4c04d6db24087e94baa6cad7349b.webp\" alt=\"Oporto: Entrada al Museo del Sexo \u2013 Arte e Historia del Sexo\" loading=\"lazy\" \/><\/div><div class=\"gw-card__body\"><h3 class=\"gw-card__title\">Oporto: Entrada al Museo del Sexo \u2013 Arte e Historia del Sexo<\/h3><div class=\"gw-card__footer\"><div class=\"gw-card__meta\"><div class=\"gw-rating\" aria-label=\"Valoraci\u00f3n 4.4 de 5\"><span class=\"gw-star gw-star--full\" aria-hidden=\"true\">\u2605<\/span><span class=\"gw-star gw-star--full\" aria-hidden=\"true\">\u2605<\/span><span class=\"gw-star gw-star--full\" aria-hidden=\"true\">\u2605<\/span><span class=\"gw-star gw-star--full\" aria-hidden=\"true\">\u2605<\/span><span class=\"gw-star gw-star--empty\" aria-hidden=\"true\">\u2606<\/span><span class=\"gw-rating__count\">4,4 (23)<\/span><\/div><\/div><div class=\"gw-card__price\">Desde \u20ac19,00<\/div><\/div><\/div><a class=\"gw-card__link\" href=\"https:\/\/www.guruwalk.com\/es\/walks\/p90755-oporto-entrada-al-museo-del-sexo-arte-e-historia-del-sexo\" target=\"_blank\" rel=\"noopener\" aria-label=\"Oporto: Entrada al Museo del Sexo \u2013 Arte e Historia del Sexo\"><\/a><\/article><\/div><div class=\"gw-vertical-link-container\"><a href=\"https:\/\/www.guruwalk.com\/es\/a\/oporto\/v71097-entradas-a-monumentos-y-museos-oporto\" target=\"_blank\" rel=\"noopener\" style=\"font-weight: bold;\">+ Entradas a Monumentos y Museos<\/a><\/div><\/div>\n\n\n<h2 class=\"wp-block-heading\" id=\"mercado-bolhao\">Mercado do Bolh\u00e3o<\/h2>\n\n\n\n<figure class=\"wp-block-image size-large\"><img decoding=\"async\" width=\"1200\" height=\"800\" src=\"https:\/\/blog.guruwalk.com\/wp-content\/uploads\/2026\/08\/oporto-mercado-cubierta-hierro-clerigos.webp\" alt=\"Cubierta de hierro de un mercado del centro de Oporto con la Torre de los Cl\u00e9rigos al fondo\" class=\"wp-image-48152\" srcset=\"https:\/\/blog.guruwalk.com\/wp-content\/uploads\/2026\/08\/oporto-mercado-cubierta-hierro-clerigos.webp 1200w, https:\/\/blog.guruwalk.com\/wp-content\/uploads\/2026\/08\/oporto-mercado-cubierta-hierro-clerigos-300x200.webp 300w, https:\/\/blog.guruwalk.com\/wp-content\/uploads\/2026\/08\/oporto-mercado-cubierta-hierro-clerigos-1024x683.webp 1024w, https:\/\/blog.guruwalk.com\/wp-content\/uploads\/2026\/08\/oporto-mercado-cubierta-hierro-clerigos-768x512.webp 768w\" sizes=\"(max-width: 1200px) 100vw, 1200px\" \/><figcaption class=\"wp-element-caption\">El mercado del centro de Oporto, con los Cl\u00e9rigos al fondo.<\/figcaption><\/figure>\n\n\n\n<p class=\"wp-block-paragraph\">Para conocer el comercio cotidiano de la ciudad, el Mercado do Bolh\u00e3o re\u00fane puestos de productos frescos, carnes, pescados, frutas y flores. El edificio hist\u00f3rico se inaugur\u00f3 en 1914.<\/p>\n\n\n\n<p class=\"wp-block-paragraph\">Est\u00e1 distribuido en varias plantas y&nbsp;<strong>los comercios se organizan alrededor de un patio central<\/strong>. En el interior encontrar\u00e1s tiendas de bacalao, puestos tradicionales y espacios de restauraci\u00f3n.<\/p>\n\n\n\n<p class=\"wp-block-paragraph\">Est\u00e1 muy pr\u00f3ximo a una de las zonas m\u00e1s animadas de la ciudad, la Avenida de los Aliados. Tras una amplia rehabilitaci\u00f3n, <strong>reabri\u00f3 en septiembre de 2022<\/strong> y hoy funciona de nuevo como mercado y punto de encuentro.<\/p>\n\n\n\n<pre class=\"wp-block-preformatted has-background\" style=\"background-color:#a1cc2921\"><strong>TIP<\/strong><br><br>Antes de tu visita, consulta los <a href=\"https:\/\/mercadobolhao.pt\/\" rel=\"nofollow noreferrer noopener\" target=\"_blank\">horarios oficiales y la oferta<\/a> de puestos y restaurantes en la web del Mercado do Bolh\u00e3o.<\/pre>\n\n\n<div class=\"gw-products-block\" style=\"--gw-nav-width:30px; --gw-nav-height:30px; --gw-chevron-w:15px; --gw-chevron-h:15px; --gw-circle-color:#0a5bd9; --gw-chevron-color:#0a5bd9;\"><div class=\"gw-products-carousel\" aria-live=\"polite\"><article class=\"gw-card\"><div class=\"gw-card__image\"><img decoding=\"async\" class=\"gw-card__photo\" src=\"https:\/\/blog.guruwalk.com\/wp-content\/uploads\/gw-products\/images\/97028d0be21a3e16ccb87add1dbfbc60.webp\" alt=\"Tour gastron\u00f3mico por Oporto + Visita a una bodega en Vilanova de Gaia\" loading=\"lazy\" \/><div class=\"gw-flags\" aria-label=\"Idiomas disponibles\"><span class=\"gw-flag\" title=\"EN\"><img decoding=\"async\" class=\"gw-flag-img\" src=\"https:\/\/blog.guruwalk.com\/wp-content\/uploads\/gw-products\/flags\/gb.svg\" alt=\"EN\" loading=\"lazy\" width=\"22\" height=\"16\" \/><\/span><span class=\"gw-flag\" title=\"ES\"><img decoding=\"async\" class=\"gw-flag-img\" src=\"https:\/\/blog.guruwalk.com\/wp-content\/uploads\/gw-products\/flags\/es.svg\" alt=\"ES\" loading=\"lazy\" width=\"22\" height=\"16\" \/><\/span><\/div><\/div><div class=\"gw-card__body\"><h3 class=\"gw-card__title\">Tour gastron\u00f3mico por Oporto + Visita a una bodega en Vilanova de Gaia<\/h3><div class=\"gw-card__footer\"><div class=\"gw-card__price\">Desde \u20ac59,99<\/div><\/div><\/div><a class=\"gw-card__link\" href=\"https:\/\/www.guruwalk.com\/es\/walks\/p171406-tour-gastronomico-por-oporto-visita-a-una-bodega-en-vilanova-de-gaia-cGFub3B0ZXM\" target=\"_blank\" rel=\"noopener\" aria-label=\"Tour gastron\u00f3mico por Oporto + Visita a una bodega en Vilanova de Gaia\"><\/a><\/article><article class=\"gw-card\"><div class=\"gw-card__image\"><img decoding=\"async\" class=\"gw-card__photo\" src=\"https:\/\/blog.guruwalk.com\/wp-content\/uploads\/gw-products\/images\/00cfa7a28ccf8ad2070e07c2e59d0978.webp\" alt=\"Hard Rock Cafe Oporto: S\u00e1ltate la cola + men\u00fa al mejor precio\" loading=\"lazy\" \/><\/div><div class=\"gw-card__body\"><h3 class=\"gw-card__title\">Hard Rock Cafe Oporto: S\u00e1ltate la cola + men\u00fa al mejor precio<\/h3><div class=\"gw-card__footer\"><div class=\"gw-card__price\">Desde \u20ac24,95<\/div><\/div><\/div><a class=\"gw-card__link\" href=\"https:\/\/www.guruwalk.com\/es\/walks\/p6396-hard-rock-cafe-oporto-saltate-la-cola-menu-al-mejor-precio\" target=\"_blank\" rel=\"noopener\" aria-label=\"Hard Rock Cafe Oporto: S\u00e1ltate la cola + men\u00fa al mejor precio\"><\/a><\/article><article class=\"gw-card\"><div class=\"gw-card__image\"><img decoding=\"async\" class=\"gw-card__photo\" src=\"https:\/\/blog.guruwalk.com\/wp-content\/uploads\/gw-products\/images\/28fd00e02204db64e3d7d0ec52b4fa53.webp\" alt=\"Hard Rock Cafe Oporto: S\u00e1ltate la cola + men\u00fa al mejor precio\" loading=\"lazy\" \/><\/div><div class=\"gw-card__body\"><h3 class=\"gw-card__title\">Hard Rock Cafe Oporto: S\u00e1ltate la cola + men\u00fa al mejor precio<\/h3><div class=\"gw-card__footer\"><div class=\"gw-card__price\">Desde \u20ac24,95<\/div><\/div><\/div><a class=\"gw-card__link\" href=\"https:\/\/www.guruwalk.com\/es\/walks\/p33445-hard-rock-cafe-oporto-saltate-la-cola-menu-al-mejor-precio-f4938132-bd4d-45f2-b4ac-d69474405cd5\" target=\"_blank\" rel=\"noopener\" aria-label=\"Hard Rock Cafe Oporto: S\u00e1ltate la cola + men\u00fa al mejor precio\"><\/a><\/article><article class=\"gw-card\"><div class=\"gw-card__image\"><img decoding=\"async\" class=\"gw-card__photo\" src=\"https:\/\/blog.guruwalk.com\/wp-content\/uploads\/gw-products\/images\/51c3ad6aad54fceab6cc533db8f596eb.webp\" alt=\"Matosinhos: Ruta de la Francesinha\" loading=\"lazy\" \/><\/div><div class=\"gw-card__body\"><h3 class=\"gw-card__title\">Matosinhos: Ruta de la Francesinha<\/h3><div class=\"gw-card__footer\"><div class=\"gw-card__price\">Desde \u20ac25,00<\/div><\/div><\/div><a class=\"gw-card__link\" href=\"https:\/\/www.guruwalk.com\/es\/walks\/p160453-matosinhos-ruta-de-la-francesinha\" target=\"_blank\" rel=\"noopener\" aria-label=\"Matosinhos: Ruta de la Francesinha\"><\/a><\/article><\/div><div class=\"gw-vertical-link-container\"><a href=\"https:\/\/www.guruwalk.com\/es\/a\/oporto\/v71107-gastronomia-oporto\" target=\"_blank\" rel=\"noopener\" style=\"font-weight: bold;\">+ Gastronom\u00eda<\/a><\/div><\/div>\n\n\n<h2 class=\"wp-block-heading\" id=\"estacion-sao-bento\">Estaci\u00f3n de S\u00e3o Bento<\/h2>\n\n\n\n<figure class=\"wp-block-image size-large\"><img decoding=\"async\" width=\"1200\" height=\"800\" src=\"https:\/\/blog.guruwalk.com\/wp-content\/uploads\/2026\/08\/oporto-estacion-de-sao-bento-azulejos.webp\" alt=\"Vest\u00edbulo de la estaci\u00f3n de S\u00e3o Bento de Oporto revestido de azulejos hist\u00f3ricos\" class=\"wp-image-48113\" srcset=\"https:\/\/blog.guruwalk.com\/wp-content\/uploads\/2026\/08\/oporto-estacion-de-sao-bento-azulejos.webp 1200w, https:\/\/blog.guruwalk.com\/wp-content\/uploads\/2026\/08\/oporto-estacion-de-sao-bento-azulejos-300x200.webp 300w, https:\/\/blog.guruwalk.com\/wp-content\/uploads\/2026\/08\/oporto-estacion-de-sao-bento-azulejos-1024x683.webp 1024w, https:\/\/blog.guruwalk.com\/wp-content\/uploads\/2026\/08\/oporto-estacion-de-sao-bento-azulejos-768x512.webp 768w\" sizes=\"(max-width: 1200px) 100vw, 1200px\" \/><figcaption class=\"wp-element-caption\">El vest\u00edbulo de azulejos de la estaci\u00f3n de S\u00e3o Bento.<\/figcaption><\/figure>\n\n\n\n<p class=\"wp-block-paragraph\">La Esta\u00e7\u00e3o Ferrovi\u00e1ria de Porto-S\u00e3o Bento se construy\u00f3 a principios del <strong>siglo XX<\/strong>&nbsp;<strong>sobre los restos del antiguo convento de S\u00e3o Bento de Av\u00e9-Maria<\/strong>&nbsp;y se&nbsp;<strong>inaugur\u00f3 el 5 de octubre de 1916<\/strong>.<\/p>\n\n\n\n<p class=\"wp-block-paragraph\">Su fachada es se\u00f1orial, pero el elemento principal est\u00e1 en el interior: el vest\u00edbulo retrata episodios de la historia de Portugal mediante&nbsp;<strong>m\u00e1s de 20.000 azulejos<\/strong>.<\/p>\n\n\n\n<p class=\"wp-block-paragraph\">Al estar situada en el centro, en la <strong>Pra\u00e7a de Almeida Garrett<\/strong>, encaja f\u00e1cilmente entre la S\u00e9, Batalha y la Avenida de los Aliados. Adem\u00e1s, desde la estaci\u00f3n parten trenes hacia destinos como Braga, <strong>Guimar\u00e3es<\/strong>, Viana do Castelo y zonas pr\u00f3ximas al Duero.<\/p>\n\n\n\n<h2 class=\"wp-block-heading\" id=\"palacio-bolsa\">Palacio de la Bolsa<\/h2>\n\n\n\n<figure class=\"wp-block-image size-large\"><img decoding=\"async\" width=\"1200\" height=\"800\" src=\"https:\/\/blog.guruwalk.com\/wp-content\/uploads\/2026\/08\/oporto-palacio-de-la-bolsa-interior.webp\" alt=\"Interior del Palacio de la Bolsa de Oporto con su patio acristalado\" class=\"wp-image-48116\" srcset=\"https:\/\/blog.guruwalk.com\/wp-content\/uploads\/2026\/08\/oporto-palacio-de-la-bolsa-interior.webp 1200w, https:\/\/blog.guruwalk.com\/wp-content\/uploads\/2026\/08\/oporto-palacio-de-la-bolsa-interior-300x200.webp 300w, https:\/\/blog.guruwalk.com\/wp-content\/uploads\/2026\/08\/oporto-palacio-de-la-bolsa-interior-1024x683.webp 1024w, https:\/\/blog.guruwalk.com\/wp-content\/uploads\/2026\/08\/oporto-palacio-de-la-bolsa-interior-768x512.webp 768w\" sizes=\"(max-width: 1200px) 100vw, 1200px\" \/><figcaption class=\"wp-element-caption\">El Palacio de la Bolsa, sede de la Asociaci\u00f3n Comercial de Oporto.<\/figcaption><\/figure>\n\n\n\n<p class=\"wp-block-paragraph\">La sede de la Asociaci\u00f3n Comercial de Oporto se encuentra en este palacio del centro hist\u00f3rico. El Palacio de la Bolsa&nbsp;<strong>se construy\u00f3 sobre las ruinas de un convento franciscano afectado por un incendio<\/strong>. La construcci\u00f3n se inici\u00f3 en 1842 y no se inaugur\u00f3 hasta 1891.<\/p>\n\n\n\n<p class=\"wp-block-paragraph\">Su interior es neocl\u00e1sico y el edificio est\u00e1 reconocido como Monumento Nacional. Cuenta con el Patio de las Naciones, un gran patio central cubierto por una estructura de vidrio que permite la entrada de luz.<\/p>\n\n\n\n<p class=\"wp-block-paragraph\">Por una escalera de m\u00e1rmol y granito&nbsp;<strong>puedes ascender a la segunda planta<\/strong>, donde se encuentran la Sala de las Asambleas Generales, revestida de madera; la Sala Dorada, decorada con pan de oro, y la Sala \u00c1rabe. Esta \u00faltima tiene 300 metros cuadrados, est\u00e1 inspirada en la Alhambra y acoge recepciones oficiales. El acceso puede estar sujeto a visitas organizadas, por lo que conviene consultar disponibilidad.<\/p>\n\n\n\n<h2 class=\"wp-block-heading\" id=\"libreria-lello\">Librer\u00eda Lello e Irm\u00e3o<\/h2>\n\n\n\n<figure class=\"wp-block-image size-full\"><img decoding=\"async\" src=\"https:\/\/blog.guruwalk.com\/wp-content\/uploads\/2026\/06\/inline_8351-1.webp\" alt=\"Interior de la Librer\u00eda Lello e Irm\u00e3o en Oporto\" class=\"wp-image-8400\"\/><figcaption class=\"wp-element-caption\">Interior de la Librer\u00eda Lello e Irm\u00e3o en Oporto<\/figcaption><\/figure>\n\n\n\n<p class=\"wp-block-paragraph\">Muy cerca de la Torre de los Cl\u00e9rigos, la Librer\u00eda Lello ocupa un edificio neog\u00f3tico de 1906. Su interior conserva estanter\u00edas altas de madera, una escalera central labrada y una vidriera que ilumina el espacio.<\/p>\n\n\n\n<p class=\"wp-block-paragraph\">A menudo se afirma que J. K. Rowling se inspir\u00f3 aqu\u00ed para su saga, pero <strong>la autora lo desminti\u00f3 p\u00fablicamente en 2020<\/strong>. El acceso suele estar regulado, as\u00ed que consulta disponibilidad y condiciones de reserva antes de organizar esta parada.<\/p>\n\n\n<div class=\"gw-products-block\" style=\"--gw-nav-width:30px; --gw-nav-height:30px; --gw-chevron-w:15px; --gw-chevron-h:15px; --gw-circle-color:#0a5bd9; --gw-chevron-color:#0a5bd9;\"><div class=\"gw-products-carousel\" aria-live=\"polite\"><article class=\"gw-card\"><div class=\"gw-card__image\"><img decoding=\"async\" class=\"gw-card__photo\" src=\"https:\/\/blog.guruwalk.com\/wp-content\/uploads\/gw-products\/images\/f40d6de0059955fee16ec6b882beda5b.webp\" alt=\"Oporto: Visita la Librer\u00eda Lello y haz un crucero\" loading=\"lazy\" \/><\/div><div class=\"gw-card__body\"><h3 class=\"gw-card__title\">Oporto: Visita la Librer\u00eda Lello y haz un crucero<\/h3><div class=\"gw-card__footer\"><div class=\"gw-card__meta\"><div class=\"gw-rating\" aria-label=\"Valoraci\u00f3n 4.2 de 5\"><span class=\"gw-star gw-star--full\" aria-hidden=\"true\">\u2605<\/span><span class=\"gw-star gw-star--full\" aria-hidden=\"true\">\u2605<\/span><span class=\"gw-star gw-star--full\" aria-hidden=\"true\">\u2605<\/span><span class=\"gw-star gw-star--full\" aria-hidden=\"true\">\u2605<\/span><span class=\"gw-star gw-star--empty\" aria-hidden=\"true\">\u2606<\/span><span class=\"gw-rating__count\">4,2 (20)<\/span><\/div><\/div><div class=\"gw-card__price\">Desde \u20ac57,00<\/div><\/div><\/div><a class=\"gw-card__link\" href=\"https:\/\/www.guruwalk.com\/es\/walks\/p158070-oporto-visita-la-libreria-lello-y-haz-un-crucero-cGFub3B0ZXM\" target=\"_blank\" rel=\"noopener\" aria-label=\"Oporto: Visita la Librer\u00eda Lello y haz un crucero\"><\/a><\/article><article class=\"gw-card\"><div class=\"gw-card__image\"><img decoding=\"async\" class=\"gw-card__photo\" src=\"https:\/\/blog.guruwalk.com\/wp-content\/uploads\/gw-products\/images\/bd810c29bed1c541bd49f59250eaa1e7.webp\" alt=\"Livraria Lello Oporto: Exposici\u00f3n \u00abA4\u00bb de Ai Weiwei\" loading=\"lazy\" \/><\/div><div class=\"gw-card__body\"><h3 class=\"gw-card__title\">Livraria Lello Oporto: Exposici\u00f3n \u00abA4\u00bb de Ai Weiwei<\/h3><div class=\"gw-card__footer\"><div class=\"gw-card__price\">Desde \u20ac8,00<\/div><\/div><\/div><a class=\"gw-card__link\" href=\"https:\/\/www.guruwalk.com\/es\/walks\/p230907-livraria-lello-oporto-exposicion-a4-de-ai-weiwei\" target=\"_blank\" rel=\"noopener\" aria-label=\"Livraria Lello Oporto: Exposici\u00f3n \u00abA4\u00bb de Ai Weiwei\"><\/a><\/article><article class=\"gw-card\"><div class=\"gw-card__image\"><img decoding=\"async\" class=\"gw-card__photo\" src=\"https:\/\/blog.guruwalk.com\/wp-content\/uploads\/gw-products\/images\/3902e0237e844ed17295caeac5ea8784.webp\" alt=\"Oporto: ticket de entrada a la librer\u00eda Lello y ticket combinado para la Fundaci\u00f3n\" loading=\"lazy\" \/><\/div><div class=\"gw-card__body\"><h3 class=\"gw-card__title\">Oporto: ticket de entrada a la librer\u00eda Lello y ticket combinado para la Fundaci\u00f3n<\/h3><div class=\"gw-card__footer\"><div class=\"gw-card__meta\"><div class=\"gw-rating\" aria-label=\"Valoraci\u00f3n 4.0 de 5\"><span class=\"gw-star gw-star--full\" aria-hidden=\"true\">\u2605<\/span><span class=\"gw-star gw-star--full\" aria-hidden=\"true\">\u2605<\/span><span class=\"gw-star gw-star--full\" aria-hidden=\"true\">\u2605<\/span><span class=\"gw-star gw-star--full\" aria-hidden=\"true\">\u2605<\/span><span class=\"gw-star gw-star--empty\" aria-hidden=\"true\">\u2606<\/span><span class=\"gw-rating__count\">4,0 (8029)<\/span><\/div><\/div><div class=\"gw-card__price\">Desde \u20ac29,95<\/div><\/div><\/div><a class=\"gw-card__link\" href=\"https:\/\/www.guruwalk.com\/es\/walks\/p124154-oporto-ticket-de-entrada-a-la-libreria-lello-y-ticket-combinado-para-la-fundacion\" target=\"_blank\" rel=\"noopener\" aria-label=\"Oporto: ticket de entrada a la librer\u00eda Lello y ticket combinado para la Fundaci\u00f3n\"><\/a><\/article><article class=\"gw-card\"><div class=\"gw-card__image\"><img decoding=\"async\" class=\"gw-card__photo\" src=\"https:\/\/blog.guruwalk.com\/wp-content\/uploads\/gw-products\/images\/5fddc3fd3f0446a6da5a3e00dffd3009.webp\" alt=\"Oporto: Visita guiada a pie y Librer\u00eda Lello\" loading=\"lazy\" \/><div class=\"gw-flags\" aria-label=\"Idiomas disponibles\"><span class=\"gw-flag\" title=\"DE\"><img decoding=\"async\" class=\"gw-flag-img\" src=\"https:\/\/blog.guruwalk.com\/wp-content\/uploads\/gw-products\/flags\/de.svg\" alt=\"DE\" loading=\"lazy\" width=\"22\" height=\"16\" \/><\/span><span class=\"gw-flag\" title=\"EN\"><img decoding=\"async\" class=\"gw-flag-img\" src=\"https:\/\/blog.guruwalk.com\/wp-content\/uploads\/gw-products\/flags\/gb.svg\" alt=\"EN\" loading=\"lazy\" width=\"22\" height=\"16\" \/><\/span><span class=\"gw-flag\" title=\"ES\"><img decoding=\"async\" class=\"gw-flag-img\" src=\"https:\/\/blog.guruwalk.com\/wp-content\/uploads\/gw-products\/flags\/es.svg\" alt=\"ES\" loading=\"lazy\" width=\"22\" height=\"16\" \/><\/span><span class=\"gw-flag\" title=\"FR\"><img decoding=\"async\" class=\"gw-flag-img\" src=\"https:\/\/blog.guruwalk.com\/wp-content\/uploads\/gw-products\/flags\/fr.svg\" alt=\"FR\" loading=\"lazy\" width=\"22\" height=\"16\" \/><\/span><\/div><\/div><div class=\"gw-card__body\"><h3 class=\"gw-card__title\">Oporto: Visita guiada a pie y Librer\u00eda Lello<\/h3><div class=\"gw-card__footer\"><div class=\"gw-card__meta\"><div class=\"gw-rating\" aria-label=\"Valoraci\u00f3n 4.8 de 5\"><span class=\"gw-star gw-star--full\" aria-hidden=\"true\">\u2605<\/span><span class=\"gw-star gw-star--full\" aria-hidden=\"true\">\u2605<\/span><span class=\"gw-star gw-star--full\" aria-hidden=\"true\">\u2605<\/span><span class=\"gw-star gw-star--full\" aria-hidden=\"true\">\u2605<\/span><span class=\"gw-star gw-star--half\" aria-hidden=\"true\">\u2606<\/span><span class=\"gw-rating__count\">4,8 (931)<\/span><\/div><\/div><div class=\"gw-card__price\">Desde \u20ac65,00<\/div><\/div><\/div><a class=\"gw-card__link\" href=\"https:\/\/www.guruwalk.com\/es\/walks\/p136624-oporto-visita-guiada-a-pie-y-libreria-lello-cGFub3B0ZXM\" target=\"_blank\" rel=\"noopener\" aria-label=\"Oporto: Visita guiada a pie y Librer\u00eda Lello\"><\/a><\/article><\/div><div class=\"gw-vertical-link-container\"><a href=\"https:\/\/www.guruwalk.com\/es\/a\/oporto\/v71095-livraria-lello-oporto\" target=\"_blank\" rel=\"noopener\" style=\"font-weight: bold;\">+ Livraria Lello<\/a><\/div><\/div>\n\n\n<h2 class=\"wp-block-heading\" id=\"iglesia-san-francisco\">Iglesia de San Francisco<\/h2>\n\n\n\n<figure class=\"wp-block-image size-large\"><img decoding=\"async\" width=\"1200\" height=\"850\" src=\"https:\/\/blog.guruwalk.com\/wp-content\/uploads\/2026\/08\/oporto-iglesia-de-san-francisco-fachada.webp\" alt=\"Fachada g\u00f3tica de la Iglesia de San Francisco de Oporto\" class=\"wp-image-48119\" srcset=\"https:\/\/blog.guruwalk.com\/wp-content\/uploads\/2026\/08\/oporto-iglesia-de-san-francisco-fachada.webp 1200w, https:\/\/blog.guruwalk.com\/wp-content\/uploads\/2026\/08\/oporto-iglesia-de-san-francisco-fachada-300x213.webp 300w, https:\/\/blog.guruwalk.com\/wp-content\/uploads\/2026\/08\/oporto-iglesia-de-san-francisco-fachada-1024x725.webp 1024w, https:\/\/blog.guruwalk.com\/wp-content\/uploads\/2026\/08\/oporto-iglesia-de-san-francisco-fachada-768x544.webp 768w\" sizes=\"(max-width: 1200px) 100vw, 1200px\" \/><figcaption class=\"wp-element-caption\">La Iglesia de San Francisco, g\u00f3tica por fuera y barroca por dentro.<\/figcaption><\/figure>\n\n\n\n<p class=\"wp-block-paragraph\">Los franciscanos se establecieron en Oporto en el siglo XIII y levantaron una primera iglesia en 1245; la iglesia g\u00f3tica actual se construy\u00f3 entre 1383 y 1410. Tras el incendio que destruy\u00f3 el claustro en 1832, tuvo que reformarse.<\/p>\n\n\n\n<p class=\"wp-block-paragraph\">Aunque su <strong>estructura es g\u00f3tica<\/strong>, el interior fue recubierto con decoraci\u00f3n <strong>barroca<\/strong>. En sus&nbsp;<strong>tres naves se conservan numerosas tallas doradas<\/strong>, cuyo contraste con la pobreza hist\u00f3rica del entorno provoc\u00f3 controversia.<\/p>\n\n\n\n<p class=\"wp-block-paragraph\">Uno de los principales elementos de la iglesia se encuentra en la nave lateral izquierda. All\u00ed est\u00e1&nbsp;<strong>el \u00c1rbol de Jes\u00e9<\/strong>, una escultura de madera policromada dedicada a la genealog\u00eda de Jes\u00fas.<\/p>\n\n\n\n<h2 class=\"wp-block-heading\" id=\"casa-musica\">Casa de la M\u00fasica<\/h2>\n\n\n\n<figure class=\"wp-block-image size-large\"><img decoding=\"async\" width=\"1200\" height=\"800\" src=\"https:\/\/blog.guruwalk.com\/wp-content\/uploads\/2026\/08\/oporto-casa-da-musica-edificio.webp\" alt=\"Edificio de la Casa da M\u00fasica de Oporto, de hormig\u00f3n blanco y \u00e1ngulos irregulares\" class=\"wp-image-48122\" srcset=\"https:\/\/blog.guruwalk.com\/wp-content\/uploads\/2026\/08\/oporto-casa-da-musica-edificio.webp 1200w, https:\/\/blog.guruwalk.com\/wp-content\/uploads\/2026\/08\/oporto-casa-da-musica-edificio-300x200.webp 300w, https:\/\/blog.guruwalk.com\/wp-content\/uploads\/2026\/08\/oporto-casa-da-musica-edificio-1024x683.webp 1024w, https:\/\/blog.guruwalk.com\/wp-content\/uploads\/2026\/08\/oporto-casa-da-musica-edificio-768x512.webp 768w\" sizes=\"(max-width: 1200px) 100vw, 1200px\" \/><figcaption class=\"wp-element-caption\">La Casa da M\u00fasica, obra de Rem Koolhaas.<\/figcaption><\/figure>\n\n\n\n<p class=\"wp-block-paragraph\">Junto a la <strong>Pra\u00e7a de Mouzinho de Albuquerque (Rotunda da Boavista)<\/strong> se encuentra la <a href=\"https:\/\/casadamusica.com\/\" rel=\"nofollow noreferrer noopener\" target=\"_blank\">Casa de la M\u00fasica<\/a>, obra del arquitecto Rem Koolhaas. Su construcci\u00f3n se inici\u00f3 en 1999 y se incluy\u00f3 en el proyecto \u00ab<strong>Porto 2001: Capital Europea de la Cultura<\/strong>\u00bb, aunque el edificio se termin\u00f3 en 2005.<\/p>\n\n\n\n<pre class=\"wp-block-preformatted has-background\" style=\"background-color:#a1cc2921\"><strong>TIP<br><\/strong><br>Consulta la programaci\u00f3n y la disponibilidad antes de tu visita. Adem\u00e1s de recorridos por el edificio, la Casa de la M\u00fasica acoge conciertos y otros eventos culturales.<\/pre>\n\n\n<div class=\"gw-products-block\" style=\"--gw-nav-width:30px; --gw-nav-height:30px; --gw-chevron-w:15px; --gw-chevron-h:15px; --gw-circle-color:#0a5bd9; --gw-chevron-color:#0a5bd9;\"><div class=\"gw-products-carousel\" aria-live=\"polite\"><article class=\"gw-card\"><div class=\"gw-card__image\"><img decoding=\"async\" class=\"gw-card__photo\" src=\"https:\/\/blog.guruwalk.com\/wp-content\/uploads\/gw-products\/images\/e1e9ce56c8c8be705f6122e5f01ca857.webp\" alt=\"Oporto: espect\u00e1culo \u00edntimo de fado y vino de Oporto en un monumento hist\u00f3rico\" loading=\"lazy\" \/><div class=\"gw-flags\" aria-label=\"Idiomas disponibles\"><span class=\"gw-flag\" title=\"EN\"><img decoding=\"async\" class=\"gw-flag-img\" src=\"https:\/\/blog.guruwalk.com\/wp-content\/uploads\/gw-products\/flags\/gb.svg\" alt=\"EN\" loading=\"lazy\" width=\"22\" height=\"16\" \/><\/span><span class=\"gw-flag\" title=\"ES\"><img decoding=\"async\" class=\"gw-flag-img\" src=\"https:\/\/blog.guruwalk.com\/wp-content\/uploads\/gw-products\/flags\/es.svg\" alt=\"ES\" loading=\"lazy\" width=\"22\" height=\"16\" \/><\/span><span class=\"gw-flag\" title=\"FR\"><img decoding=\"async\" class=\"gw-flag-img\" src=\"https:\/\/blog.guruwalk.com\/wp-content\/uploads\/gw-products\/flags\/fr.svg\" alt=\"FR\" loading=\"lazy\" width=\"22\" height=\"16\" \/><\/span><span class=\"gw-flag\" title=\"PT\"><img decoding=\"async\" class=\"gw-flag-img\" src=\"https:\/\/blog.guruwalk.com\/wp-content\/uploads\/gw-products\/flags\/pt.svg\" alt=\"PT\" loading=\"lazy\" width=\"22\" height=\"16\" \/><\/span><\/div><\/div><div class=\"gw-card__body\"><h3 class=\"gw-card__title\">Oporto: espect\u00e1culo \u00edntimo de fado y vino de Oporto en un monumento hist\u00f3rico<\/h3><div class=\"gw-card__footer\"><div class=\"gw-card__meta\"><div class=\"gw-rating\" aria-label=\"Valoraci\u00f3n 4.9 de 5\"><span class=\"gw-star gw-star--full\" aria-hidden=\"true\">\u2605<\/span><span class=\"gw-star gw-star--full\" aria-hidden=\"true\">\u2605<\/span><span class=\"gw-star gw-star--full\" aria-hidden=\"true\">\u2605<\/span><span class=\"gw-star gw-star--full\" aria-hidden=\"true\">\u2605<\/span><span class=\"gw-star gw-star--half\" aria-hidden=\"true\">\u2606<\/span><span class=\"gw-rating__count\">4,9 (1833)<\/span><\/div><\/div><div class=\"gw-card__price\">Desde \u20ac15,29<\/div><\/div><\/div><a class=\"gw-card__link\" href=\"https:\/\/www.guruwalk.com\/es\/walks\/p148664-oporto-espectaculo-intimo-de-fado-y-vino-de-oporto-en-un-monumento-historico\" target=\"_blank\" rel=\"noopener\" aria-label=\"Oporto: espect\u00e1culo \u00edntimo de fado y vino de Oporto en un monumento hist\u00f3rico\"><\/a><\/article><article class=\"gw-card\"><div class=\"gw-card__image\"><img decoding=\"async\" class=\"gw-card__photo\" src=\"https:\/\/blog.guruwalk.com\/wp-content\/uploads\/gw-products\/images\/13f5866562f5f0efe3e1059150d1365c.webp\" alt=\"Espect\u00e1culo de Luz Spiritus en la iglesia de los Cl\u00e9rigos\" loading=\"lazy\" \/><\/div><div class=\"gw-card__body\"><h3 class=\"gw-card__title\">Espect\u00e1culo de Luz Spiritus en la iglesia de los Cl\u00e9rigos<\/h3><div class=\"gw-card__footer\"><div class=\"gw-card__meta\"><div class=\"gw-rating\" aria-label=\"Valoraci\u00f3n 4.6 de 5\"><span class=\"gw-star gw-star--full\" aria-hidden=\"true\">\u2605<\/span><span class=\"gw-star gw-star--full\" aria-hidden=\"true\">\u2605<\/span><span class=\"gw-star gw-star--full\" aria-hidden=\"true\">\u2605<\/span><span class=\"gw-star gw-star--full\" aria-hidden=\"true\">\u2605<\/span><span class=\"gw-star gw-star--half\" aria-hidden=\"true\">\u2606<\/span><span class=\"gw-rating__count\">4,6 (2563)<\/span><\/div><\/div><div class=\"gw-card__price\">Desde \u20ac12,00<\/div><\/div><\/div><a class=\"gw-card__link\" href=\"https:\/\/www.guruwalk.com\/es\/walks\/p33404-espectaculo-de-luz-spiritus-en-la-iglesia-de-los-clerigos-80510c45-b806-4be8-b2c3-e5f32fa323d4\" target=\"_blank\" rel=\"noopener\" aria-label=\"Espect\u00e1culo de Luz Spiritus en la iglesia de los Cl\u00e9rigos\"><\/a><\/article><article class=\"gw-card\"><div class=\"gw-card__image\"><img decoding=\"async\" class=\"gw-card__photo\" src=\"https:\/\/blog.guruwalk.com\/wp-content\/uploads\/gw-products\/images\/361ac9772d1ccbee5dcfe0d5b1602c34.webp\" alt=\"Oporto: Espect\u00e1culo de Fado en Vivo con Copa de Vino de Oporto\" loading=\"lazy\" \/><div class=\"gw-flags\" aria-label=\"Idiomas disponibles\"><span class=\"gw-flag\" title=\"EN\"><img decoding=\"async\" class=\"gw-flag-img\" src=\"https:\/\/blog.guruwalk.com\/wp-content\/uploads\/gw-products\/flags\/gb.svg\" alt=\"EN\" loading=\"lazy\" width=\"22\" height=\"16\" \/><\/span><span class=\"gw-flag\" title=\"ES\"><img decoding=\"async\" class=\"gw-flag-img\" src=\"https:\/\/blog.guruwalk.com\/wp-content\/uploads\/gw-products\/flags\/es.svg\" alt=\"ES\" loading=\"lazy\" width=\"22\" height=\"16\" \/><\/span><span class=\"gw-flag\" title=\"FR\"><img decoding=\"async\" class=\"gw-flag-img\" src=\"https:\/\/blog.guruwalk.com\/wp-content\/uploads\/gw-products\/flags\/fr.svg\" alt=\"FR\" loading=\"lazy\" width=\"22\" height=\"16\" \/><\/span><span class=\"gw-flag\" title=\"PT\"><img decoding=\"async\" class=\"gw-flag-img\" src=\"https:\/\/blog.guruwalk.com\/wp-content\/uploads\/gw-products\/flags\/pt.svg\" alt=\"PT\" loading=\"lazy\" width=\"22\" height=\"16\" \/><\/span><\/div><\/div><div class=\"gw-card__body\"><h3 class=\"gw-card__title\">Oporto: Espect\u00e1culo de Fado en Vivo con Copa de Vino de Oporto<\/h3><div class=\"gw-card__footer\"><div class=\"gw-card__meta\"><div class=\"gw-rating\" aria-label=\"Valoraci\u00f3n 4.8 de 5\"><span class=\"gw-star gw-star--full\" aria-hidden=\"true\">\u2605<\/span><span class=\"gw-star gw-star--full\" aria-hidden=\"true\">\u2605<\/span><span class=\"gw-star gw-star--full\" aria-hidden=\"true\">\u2605<\/span><span class=\"gw-star gw-star--full\" aria-hidden=\"true\">\u2605<\/span><span class=\"gw-star gw-star--half\" aria-hidden=\"true\">\u2606<\/span><span class=\"gw-rating__count\">4,8 (6846)<\/span><\/div><\/div><div class=\"gw-card__price\">Desde \u20ac20,00<\/div><\/div><\/div><a class=\"gw-card__link\" href=\"https:\/\/www.guruwalk.com\/es\/walks\/p139419-oporto-espectaculo-de-fado-en-vivo-con-copa-de-vino-de-oporto\" target=\"_blank\" rel=\"noopener\" aria-label=\"Oporto: Espect\u00e1culo de Fado en Vivo con Copa de Vino de Oporto\"><\/a><\/article><article class=\"gw-card\"><div class=\"gw-card__image\"><img decoding=\"async\" class=\"gw-card__photo\" src=\"https:\/\/blog.guruwalk.com\/wp-content\/uploads\/gw-products\/images\/528f24a9fcafe70d9bf7eba68cf468e3.webp\" alt=\"Oporto: Cena con fado y m\u00fasica tradicional portuguesa\" loading=\"lazy\" \/><\/div><div class=\"gw-card__body\"><h3 class=\"gw-card__title\">Oporto: Cena con fado y m\u00fasica tradicional portuguesa<\/h3><div class=\"gw-card__footer\"><div class=\"gw-card__meta\"><div class=\"gw-rating\" aria-label=\"Valoraci\u00f3n 4.6 de 5\"><span class=\"gw-star gw-star--full\" aria-hidden=\"true\">\u2605<\/span><span class=\"gw-star gw-star--full\" aria-hidden=\"true\">\u2605<\/span><span class=\"gw-star gw-star--full\" aria-hidden=\"true\">\u2605<\/span><span class=\"gw-star gw-star--full\" aria-hidden=\"true\">\u2605<\/span><span class=\"gw-star gw-star--half\" aria-hidden=\"true\">\u2606<\/span><span class=\"gw-rating__count\">4,6 (200)<\/span><\/div><\/div><div class=\"gw-card__price\">Desde \u20ac60,00<\/div><\/div><\/div><a class=\"gw-card__link\" href=\"https:\/\/www.guruwalk.com\/es\/walks\/p127800-oporto-cena-con-fado-y-musica-tradicional-portuguesa\" target=\"_blank\" rel=\"noopener\" aria-label=\"Oporto: Cena con fado y m\u00fasica tradicional portuguesa\"><\/a><\/article><\/div><div class=\"gw-vertical-link-container\"><a href=\"https:\/\/www.guruwalk.com\/es\/a\/oporto\/v71103-fado-y-espectaculos-oporto\" target=\"_blank\" rel=\"noopener\" style=\"font-weight: bold;\">+ Fado y Espect\u00e1culos<\/a><\/div><\/div>\n\n\n<h2 class=\"wp-block-heading\" id=\"jardines-palacio\">Jardines del Palacio de Cristal<\/h2>\n\n\n\n<figure class=\"wp-block-image size-large\"><img decoding=\"async\" width=\"1200\" height=\"800\" src=\"https:\/\/blog.guruwalk.com\/wp-content\/uploads\/2026\/08\/oporto-jardines-palacio-de-cristal-pabellon.webp\" alt=\"Pabell\u00f3n y jardines del Palacio de Cristal de Oporto\" class=\"wp-image-48125\" srcset=\"https:\/\/blog.guruwalk.com\/wp-content\/uploads\/2026\/08\/oporto-jardines-palacio-de-cristal-pabellon.webp 1200w, https:\/\/blog.guruwalk.com\/wp-content\/uploads\/2026\/08\/oporto-jardines-palacio-de-cristal-pabellon-300x200.webp 300w, https:\/\/blog.guruwalk.com\/wp-content\/uploads\/2026\/08\/oporto-jardines-palacio-de-cristal-pabellon-1024x683.webp 1024w, https:\/\/blog.guruwalk.com\/wp-content\/uploads\/2026\/08\/oporto-jardines-palacio-de-cristal-pabellon-768x512.webp 768w\" sizes=\"(max-width: 1200px) 100vw, 1200px\" \/><figcaption class=\"wp-element-caption\">Los Jardines del Palacio de Cristal y su pabell\u00f3n.<\/figcaption><\/figure>\n\n\n\n<p class=\"wp-block-paragraph\">Este parque se dise\u00f1\u00f3 a finales del siglo XIX. Est\u00e1 ubicado en la parte alta de Oporto y ofrece vistas a la desembocadura del Duero. En los jardines se distribuyen&nbsp;<strong>zonas tem\u00e1ticas<\/strong>&nbsp;dedicadas a plantas medicinales y arom\u00e1ticas, rosales y \u00e1reas arboladas.<\/p>\n\n\n\n<h2 class=\"wp-block-heading\" id=\"san-lorenzo\">Iglesia de San Lorenzo dos Grilos<\/h2>\n\n\n\n<figure class=\"wp-block-image size-large\"><img decoding=\"async\" width=\"1200\" height=\"801\" src=\"https:\/\/blog.guruwalk.com\/wp-content\/uploads\/2026\/08\/oporto-iglesia-de-los-grilos-fachada.webp\" alt=\"Fachada barroca de la Iglesia de San Lorenzo dos Grilos en Oporto\" class=\"wp-image-48128\" srcset=\"https:\/\/blog.guruwalk.com\/wp-content\/uploads\/2026\/08\/oporto-iglesia-de-los-grilos-fachada.webp 1200w, https:\/\/blog.guruwalk.com\/wp-content\/uploads\/2026\/08\/oporto-iglesia-de-los-grilos-fachada-300x200.webp 300w, https:\/\/blog.guruwalk.com\/wp-content\/uploads\/2026\/08\/oporto-iglesia-de-los-grilos-fachada-1024x684.webp 1024w, https:\/\/blog.guruwalk.com\/wp-content\/uploads\/2026\/08\/oporto-iglesia-de-los-grilos-fachada-768x513.webp 768w\" sizes=\"(max-width: 1200px) 100vw, 1200px\" \/><figcaption class=\"wp-element-caption\">La Iglesia de los Grilos, sobre el casco antiguo.<\/figcaption><\/figure>\n\n\n\n<p class=\"wp-block-paragraph\">Esta iglesia comenz\u00f3 a construirse durante el siglo XVI, pero no se termin\u00f3 hasta el siglo XVIII. A diferencia de otros templos de la ciudad,&nbsp;<strong>su decoraci\u00f3n es sobria<\/strong> y deja a la vista buena parte de la piedra.<\/p>\n\n\n\n<p class=\"wp-block-paragraph\">Una puerta de madera conduce al Museo de Arte Sacro y Arqueolog\u00eda de Oporto. En la planta superior se distribuyen salas de altos techos de piedra con estatuas de santos, objetos lit\u00fargicos y piezas de orfebrer\u00eda religiosa.<\/p>\n\n\n\n<h2 class=\"wp-block-heading\" id=\"sea-life\">Sea Life Oporto<\/h2>\n\n\n\n<figure class=\"wp-block-image size-large\"><img decoding=\"async\" width=\"1200\" height=\"738\" src=\"https:\/\/blog.guruwalk.com\/wp-content\/uploads\/2026\/08\/oporto-visitantes-acuario-tanque.webp\" alt=\"Visitantes observando peces frente a un gran tanque de acuario\" class=\"wp-image-48143\" srcset=\"https:\/\/blog.guruwalk.com\/wp-content\/uploads\/2026\/08\/oporto-visitantes-acuario-tanque.webp 1200w, https:\/\/blog.guruwalk.com\/wp-content\/uploads\/2026\/08\/oporto-visitantes-acuario-tanque-300x185.webp 300w, https:\/\/blog.guruwalk.com\/wp-content\/uploads\/2026\/08\/oporto-visitantes-acuario-tanque-1024x630.webp 1024w, https:\/\/blog.guruwalk.com\/wp-content\/uploads\/2026\/08\/oporto-visitantes-acuario-tanque-768x472.webp 768w\" sizes=\"(max-width: 1200px) 100vw, 1200px\" \/><figcaption class=\"wp-element-caption\">Un gran tanque de acuario visto desde la sala de visitantes.<\/figcaption><\/figure>\n\n\n\n<p class=\"wp-block-paragraph\">El&nbsp;<strong>acuario cuenta con un t\u00fanel subacu\u00e1tico<\/strong>&nbsp;y <strong>31 acuarios<\/strong>, incluido un tanque principal de <strong>500.000 litros<\/strong>. Entre los animales expuestos se encuentran ping\u00fcinos, tiburones, tortugas y mantarrayas.<\/p>\n\n\n\n<h3 class=\"wp-block-heading\">\u00bfQu\u00e9 hacer en Sea Life Oporto?<\/h3>\n\n\n\n<p class=\"wp-block-paragraph\">El acuario&nbsp;<strong>se encuentra junto al Parque de la Ciudad<\/strong>, por lo que puede combinarse con un paseo por esta zona si viajas con ni\u00f1os. El t\u00fanel y el espacio dedicado a los ping\u00fcinos son dos puntos centrales de la visita. Consulta disponibilidad, franjas de acceso y condiciones antes de desplazarte.<\/p>\n\n\n<div class=\"gw-products-block\" style=\"--gw-nav-width:30px; --gw-nav-height:30px; --gw-chevron-w:15px; --gw-chevron-h:15px; --gw-circle-color:#0a5bd9; --gw-chevron-color:#0a5bd9;\"><div class=\"gw-products-carousel\" aria-live=\"polite\"><article class=\"gw-card\"><div class=\"gw-card__image\"><img decoding=\"async\" class=\"gw-card__photo\" src=\"https:\/\/blog.guruwalk.com\/wp-content\/uploads\/gw-products\/images\/23aa6a5e72cc05c4a8b8d671ff244135.webp\" alt=\"Oporto: Entrada para la Torre de los Cl\u00e9rigos de noche\" loading=\"lazy\" \/><\/div><div class=\"gw-card__body\"><h3 class=\"gw-card__title\">Oporto: Entrada para la Torre de los Cl\u00e9rigos de noche<\/h3><div class=\"gw-card__footer\"><div class=\"gw-card__meta\"><div class=\"gw-rating\" aria-label=\"Valoraci\u00f3n 4.6 de 5\"><span class=\"gw-star gw-star--full\" aria-hidden=\"true\">\u2605<\/span><span class=\"gw-star gw-star--full\" aria-hidden=\"true\">\u2605<\/span><span class=\"gw-star gw-star--full\" aria-hidden=\"true\">\u2605<\/span><span class=\"gw-star gw-star--full\" aria-hidden=\"true\">\u2605<\/span><span class=\"gw-star gw-star--half\" aria-hidden=\"true\">\u2606<\/span><span class=\"gw-rating__count\">4,6 (376)<\/span><\/div><\/div><div class=\"gw-card__price\">Desde \u20ac5,00<\/div><\/div><\/div><a class=\"gw-card__link\" href=\"https:\/\/www.guruwalk.com\/es\/walks\/p160038-oporto-entrada-para-la-torre-de-los-clerigos-de-noche\" target=\"_blank\" rel=\"noopener\" aria-label=\"Oporto: Entrada para la Torre de los Cl\u00e9rigos de noche\"><\/a><\/article><article class=\"gw-card\"><div class=\"gw-card__image\"><img decoding=\"async\" class=\"gw-card__photo\" src=\"https:\/\/blog.guruwalk.com\/wp-content\/uploads\/gw-products\/images\/68bcf9c4fdf4d71418b5a9c785f04cef.webp\" alt=\"Visita guiada al Palacio Episcopal de Oporto\" loading=\"lazy\" \/><div class=\"gw-flags\" aria-label=\"Idiomas disponibles\"><span class=\"gw-flag\" title=\"EN\"><img decoding=\"async\" class=\"gw-flag-img\" src=\"https:\/\/blog.guruwalk.com\/wp-content\/uploads\/gw-products\/flags\/gb.svg\" alt=\"EN\" loading=\"lazy\" width=\"22\" height=\"16\" \/><\/span><span class=\"gw-flag\" title=\"ES\"><img decoding=\"async\" class=\"gw-flag-img\" src=\"https:\/\/blog.guruwalk.com\/wp-content\/uploads\/gw-products\/flags\/es.svg\" alt=\"ES\" loading=\"lazy\" width=\"22\" height=\"16\" \/><\/span><span class=\"gw-flag\" title=\"PT\"><img decoding=\"async\" class=\"gw-flag-img\" src=\"https:\/\/blog.guruwalk.com\/wp-content\/uploads\/gw-products\/flags\/pt.svg\" alt=\"PT\" loading=\"lazy\" width=\"22\" height=\"16\" \/><\/span><span class=\"gw-flag\" title=\"RU\"><img decoding=\"async\" class=\"gw-flag-img\" src=\"https:\/\/blog.guruwalk.com\/wp-content\/uploads\/gw-products\/flags\/ru.svg\" alt=\"RU\" loading=\"lazy\" width=\"22\" height=\"16\" \/><\/span><\/div><\/div><div class=\"gw-card__body\"><h3 class=\"gw-card__title\">Visita guiada al Palacio Episcopal de Oporto<\/h3><div class=\"gw-card__footer\"><div class=\"gw-card__meta\"><div class=\"gw-rating\" aria-label=\"Valoraci\u00f3n 4.4 de 5\"><span class=\"gw-star gw-star--full\" aria-hidden=\"true\">\u2605<\/span><span class=\"gw-star gw-star--full\" aria-hidden=\"true\">\u2605<\/span><span class=\"gw-star gw-star--full\" aria-hidden=\"true\">\u2605<\/span><span class=\"gw-star gw-star--full\" aria-hidden=\"true\">\u2605<\/span><span class=\"gw-star gw-star--empty\" aria-hidden=\"true\">\u2606<\/span><span class=\"gw-rating__count\">4,4 (18)<\/span><\/div><\/div><div class=\"gw-card__price\">Desde \u20ac11,34<\/div><\/div><\/div><a class=\"gw-card__link\" href=\"https:\/\/www.guruwalk.com\/es\/walks\/p120599-visita-guiada-al-palacio-episcopal-de-oporto\" target=\"_blank\" rel=\"noopener\" aria-label=\"Visita guiada al Palacio Episcopal de Oporto\"><\/a><\/article><article class=\"gw-card\"><div class=\"gw-card__image\"><img decoding=\"async\" class=\"gw-card__photo\" src=\"https:\/\/blog.guruwalk.com\/wp-content\/uploads\/gw-products\/images\/9d18eea5709482d0a76809225a0fb965.webp\" alt=\"Experiencia de Oporto a Gaia: Paseo por la ciudad y Bodegas\" loading=\"lazy\" \/><div class=\"gw-flags\" aria-label=\"Idiomas disponibles\"><span class=\"gw-flag\" title=\"EN\"><img decoding=\"async\" class=\"gw-flag-img\" src=\"https:\/\/blog.guruwalk.com\/wp-content\/uploads\/gw-products\/flags\/gb.svg\" alt=\"EN\" loading=\"lazy\" width=\"22\" height=\"16\" \/><\/span><span class=\"gw-flag\" title=\"ES\"><img decoding=\"async\" class=\"gw-flag-img\" src=\"https:\/\/blog.guruwalk.com\/wp-content\/uploads\/gw-products\/flags\/es.svg\" alt=\"ES\" loading=\"lazy\" width=\"22\" height=\"16\" \/><\/span><span class=\"gw-flag\" title=\"PT\"><img decoding=\"async\" class=\"gw-flag-img\" src=\"https:\/\/blog.guruwalk.com\/wp-content\/uploads\/gw-products\/flags\/pt.svg\" alt=\"PT\" loading=\"lazy\" width=\"22\" height=\"16\" \/><\/span><span class=\"gw-flag\" title=\"RU\"><img decoding=\"async\" class=\"gw-flag-img\" src=\"https:\/\/blog.guruwalk.com\/wp-content\/uploads\/gw-products\/flags\/ru.svg\" alt=\"RU\" loading=\"lazy\" width=\"22\" height=\"16\" \/><\/span><\/div><\/div><div class=\"gw-card__body\"><h3 class=\"gw-card__title\">Experiencia de Oporto a Gaia: Paseo por la ciudad y Bodegas<\/h3><div class=\"gw-card__footer\"><div class=\"gw-card__meta\"><div class=\"gw-rating\" aria-label=\"Valoraci\u00f3n 4.8 de 5\"><span class=\"gw-star gw-star--full\" aria-hidden=\"true\">\u2605<\/span><span class=\"gw-star gw-star--full\" aria-hidden=\"true\">\u2605<\/span><span class=\"gw-star gw-star--full\" aria-hidden=\"true\">\u2605<\/span><span class=\"gw-star gw-star--full\" aria-hidden=\"true\">\u2605<\/span><span class=\"gw-star gw-star--half\" aria-hidden=\"true\">\u2606<\/span><span class=\"gw-rating__count\">4,8 (13)<\/span><\/div><\/div><div class=\"gw-card__price\">Desde \u20ac35,00<\/div><\/div><\/div><a class=\"gw-card__link\" href=\"https:\/\/www.guruwalk.com\/es\/walks\/p151232-experiencia-de-oporto-a-gaia-paseo-por-la-ciudad-y-bodegas-cGFub3B0ZXM\" target=\"_blank\" rel=\"noopener\" aria-label=\"Experiencia de Oporto a Gaia: Paseo por la ciudad y Bodegas\"><\/a><\/article><article class=\"gw-card\"><div class=\"gw-card__image\"><img decoding=\"async\" class=\"gw-card__photo\" src=\"https:\/\/blog.guruwalk.com\/wp-content\/uploads\/gw-products\/images\/a3bb4c04d6db24087e94baa6cad7349b.webp\" alt=\"Oporto: Entrada al Museo del Sexo \u2013 Arte e Historia del Sexo\" loading=\"lazy\" \/><\/div><div class=\"gw-card__body\"><h3 class=\"gw-card__title\">Oporto: Entrada al Museo del Sexo \u2013 Arte e Historia del Sexo<\/h3><div class=\"gw-card__footer\"><div class=\"gw-card__meta\"><div class=\"gw-rating\" aria-label=\"Valoraci\u00f3n 4.4 de 5\"><span class=\"gw-star gw-star--full\" aria-hidden=\"true\">\u2605<\/span><span class=\"gw-star gw-star--full\" aria-hidden=\"true\">\u2605<\/span><span class=\"gw-star gw-star--full\" aria-hidden=\"true\">\u2605<\/span><span class=\"gw-star gw-star--full\" aria-hidden=\"true\">\u2605<\/span><span class=\"gw-star gw-star--empty\" aria-hidden=\"true\">\u2606<\/span><span class=\"gw-rating__count\">4,4 (23)<\/span><\/div><\/div><div class=\"gw-card__price\">Desde \u20ac19,00<\/div><\/div><\/div><a class=\"gw-card__link\" href=\"https:\/\/www.guruwalk.com\/es\/walks\/p90755-oporto-entrada-al-museo-del-sexo-arte-e-historia-del-sexo\" target=\"_blank\" rel=\"noopener\" aria-label=\"Oporto: Entrada al Museo del Sexo \u2013 Arte e Historia del Sexo\"><\/a><\/article><\/div><div class=\"gw-vertical-link-container\"><a href=\"https:\/\/www.guruwalk.com\/es\/a\/oporto\/v71097-entradas-a-monumentos-y-museos-oporto\" target=\"_blank\" rel=\"noopener\" style=\"font-weight: bold;\">+ Entradas a Monumentos y Museos<\/a><\/div><\/div>\n\n\n<h2 class=\"wp-block-heading\" id=\"casa-infante\">Casa do Infante<\/h2>\n\n\n\n\n<p class=\"wp-block-paragraph\">Su construcci\u00f3n original data de 1325 y recibe su nombre por la tradici\u00f3n que sit\u00faa aqu\u00ed el nacimiento de Enrique el Navegante, una figura relevante de la Era de los Descubrimientos.<\/p>\n\n\n\n<p class=\"wp-block-paragraph\"><strong>En esta residencia se alojaban visitas oficiales de la Casa Real<\/strong>&nbsp;y, en la actualidad, es un museo peque\u00f1o donde se exponen restos de excavaciones y vestigios de las distintas fases del edificio.<\/p>\n\n\n\n<h2 class=\"wp-block-heading\" id=\"museo-soares\">Museo Soares dos Reis<\/h2>\n\n\n\n<figure class=\"wp-block-image size-large\"><img decoding=\"async\" width=\"1200\" height=\"800\" src=\"https:\/\/blog.guruwalk.com\/wp-content\/uploads\/2026\/08\/oporto-museo-soares-dos-reis-palacio.webp\" alt=\"Fachada del Palacio dos Carrancas, sede del Museo Soares dos Reis de Oporto\" class=\"wp-image-48131\" srcset=\"https:\/\/blog.guruwalk.com\/wp-content\/uploads\/2026\/08\/oporto-museo-soares-dos-reis-palacio.webp 1200w, https:\/\/blog.guruwalk.com\/wp-content\/uploads\/2026\/08\/oporto-museo-soares-dos-reis-palacio-300x200.webp 300w, https:\/\/blog.guruwalk.com\/wp-content\/uploads\/2026\/08\/oporto-museo-soares-dos-reis-palacio-1024x683.webp 1024w, https:\/\/blog.guruwalk.com\/wp-content\/uploads\/2026\/08\/oporto-museo-soares-dos-reis-palacio-768x512.webp 768w\" sizes=\"(max-width: 1200px) 100vw, 1200px\" \/><figcaption class=\"wp-element-caption\">El Museo Soares dos Reis, en el Palacio dos Carrancas.<\/figcaption><\/figure>\n\n\n\n<p class=\"wp-block-paragraph\">Con m\u00e1s de 200 a\u00f1os de historia, es el museo p\u00fablico m\u00e1s antiguo de Portugal. En sus salas se exponen cer\u00e1mica, grabados, mobiliario y vidrio. Sus fondos principales son las&nbsp;<strong>colecciones de escultura y pintura<\/strong>, entre ellas la obra del escultor portugu\u00e9s Ant\u00f3nio Soares dos Reis.<\/p>\n\n\n\n<p class=\"wp-block-paragraph\">El&nbsp;<strong>Palacio dos Carrancas<\/strong>&nbsp;es el edificio que alberga el museo. Este palacio tuvo uso privado a finales del siglo XVIII y aloj\u00f3 a figuras como el Duque de Wellington, el general Soult y Pedro IV de Portugal.<\/p>\n\n\n\n<h2 class=\"wp-block-heading\" id=\"fundacion-serralves\">Fundaci\u00f3n Serralves<\/h2>\n\n\n\n\n<p class=\"wp-block-paragraph\">La <a href=\"https:\/\/www.serralves.pt\/\" rel=\"nofollow noreferrer noopener\" target=\"_blank\">Fundaci\u00f3n Serralves<\/a> promueve el arte contempor\u00e1neo y re\u00fane el Museo de Arte Contempor\u00e1neo, la Casa de Serralves, un auditorio y la Casa del Cine Manoel de Oliveira. El museo abri\u00f3 sus puertas en 1999 y mantiene un programa de exposiciones temporales.<\/p>\n\n\n\n<p class=\"wp-block-paragraph\"><strong>Sus jardines ocupan 18 hect\u00e1reas alrededor del museo<\/strong>. La extensi\u00f3n del recinto aconseja reservar varias horas y comprobar qu\u00e9 edificios y exposiciones est\u00e1n disponibles el d\u00eda de la visita.<\/p>\n\n\n\n<h2 class=\"wp-block-heading\" id=\"vila-nova-gaia\">Localidad de Vila Nova de Gaia: mejores bodegas<\/h2>\n\n\n\n<figure class=\"wp-block-image size-large\"><img decoding=\"async\" width=\"1200\" height=\"800\" src=\"https:\/\/blog.guruwalk.com\/wp-content\/uploads\/2026\/08\/oporto-bodega-barricas-vino-de-oporto.webp\" alt=\"Grandes toneles de madera en una bodega de vino de Oporto\" class=\"wp-image-48134\" srcset=\"https:\/\/blog.guruwalk.com\/wp-content\/uploads\/2026\/08\/oporto-bodega-barricas-vino-de-oporto.webp 1200w, https:\/\/blog.guruwalk.com\/wp-content\/uploads\/2026\/08\/oporto-bodega-barricas-vino-de-oporto-300x200.webp 300w, https:\/\/blog.guruwalk.com\/wp-content\/uploads\/2026\/08\/oporto-bodega-barricas-vino-de-oporto-1024x683.webp 1024w, https:\/\/blog.guruwalk.com\/wp-content\/uploads\/2026\/08\/oporto-bodega-barricas-vino-de-oporto-768x512.webp 768w\" sizes=\"(max-width: 1200px) 100vw, 1200px\" \/><figcaption class=\"wp-element-caption\">Toneles de vino de Oporto envejeciendo en bodega.<\/figcaption><\/figure>\n\n\n\n<p class=\"wp-block-paragraph\">En Vila Nova de Gaia se concentra buena parte de las bodegas donde envejece el vino de Oporto. Su elaboraci\u00f3n se distingue porque&nbsp;<strong>se a\u00f1ade aguardiente para interrumpir la fermentaci\u00f3n<\/strong>, lo que conserva parte del az\u00facar de la uva y eleva la graduaci\u00f3n alcoh\u00f3lica.<\/p>\n\n\n\n<p class=\"wp-block-paragraph\">Las visitas guiadas suelen explicar el proceso de elaboraci\u00f3n y pueden terminar con una cata, seg\u00fan la modalidad reservada. Compara duraci\u00f3n, idiomas, accesibilidad y contenido antes de elegir.<\/p>\n\n\n\n<h3 class=\"wp-block-heading\">Bodega Ramos Pinto<\/h3>\n\n\n\n<p class=\"wp-block-paragraph\">Adriano Ramos Pinto fund\u00f3 la compa\u00f1\u00eda en 1880. La bodega cuenta con un museo que conserva objetos relacionados con su historia y con la comercializaci\u00f3n del vino de Oporto.<\/p>\n\n\n\n<h3 class=\"wp-block-heading\">Bodega Sandeman<\/h3>\n\n\n\n<figure class=\"wp-block-image size-large\"><img decoding=\"async\" width=\"1200\" height=\"800\" src=\"https:\/\/blog.guruwalk.com\/wp-content\/uploads\/2026\/08\/oporto-barricas-bodega-vila-nova-de-gaia.webp\" alt=\"Barricas apiladas en una bodega de Vila Nova de Gaia\" class=\"wp-image-48137\" srcset=\"https:\/\/blog.guruwalk.com\/wp-content\/uploads\/2026\/08\/oporto-barricas-bodega-vila-nova-de-gaia.webp 1200w, https:\/\/blog.guruwalk.com\/wp-content\/uploads\/2026\/08\/oporto-barricas-bodega-vila-nova-de-gaia-300x200.webp 300w, https:\/\/blog.guruwalk.com\/wp-content\/uploads\/2026\/08\/oporto-barricas-bodega-vila-nova-de-gaia-1024x683.webp 1024w, https:\/\/blog.guruwalk.com\/wp-content\/uploads\/2026\/08\/oporto-barricas-bodega-vila-nova-de-gaia-768x512.webp 768w\" sizes=\"(max-width: 1200px) 100vw, 1200px\" \/><figcaption class=\"wp-element-caption\">Barricas en una bodega de la orilla de Gaia.<\/figcaption><\/figure>\n\n\n\n<p class=\"wp-block-paragraph\">El&nbsp;<strong>emblema de esta bodega es Don Sandeman<\/strong>, un personaje creado en 1928 que lleva sombrero espa\u00f1ol y capa portuguesa. La historia de la compa\u00f1\u00eda se remonta a 1790 y se presenta durante los recorridos por la bodega.<\/p>\n\n\n\n<p class=\"wp-block-paragraph\">Existen diferentes modalidades de visita. Consulta disponibilidad y qu\u00e9 degustaciones incluye cada opci\u00f3n antes de reservar.<\/p>\n\n\n\n<h3 class=\"wp-block-heading\">Bodega Ferreira<\/h3>\n\n\n\n<p class=\"wp-block-paragraph\">Esta bodega est\u00e1 construida sobre un antiguo convento. Durante la visita se explican los tipos de vino que produce la casa y el papel de la madera y el envejecimiento. Las condiciones dependen de la modalidad elegida, por lo que conviene consultar disponibilidad.<\/p>\n\n\n\n<h3 class=\"wp-block-heading\">Bodega C\u00e1lem<\/h3>\n\n\n\n<p class=\"wp-block-paragraph\">Es una de las principales bodegas de vino de Oporto y se fund\u00f3 en 1859. Est\u00e1 cerca del puente de Don Luis I. La empresa exportaba originalmente vino a Brasil, de ah\u00ed que su logotipo sea una carabela, s\u00edmbolo del comercio transatl\u00e1ntico.<\/p>\n\n\n\n<pre class=\"wp-block-preformatted has-background\" style=\"background-color:#a1cc2921\"><strong>TIP<br><br><\/strong>Las visitas guiadas permiten entender el proceso de crianza y comparar estilos de vino. Revisa los idiomas, las degustaciones incluidas y los requisitos de reserva antes de elegir.<\/pre>\n\n\n<div class=\"gw-products-block\" style=\"--gw-nav-width:30px; --gw-nav-height:30px; --gw-chevron-w:15px; --gw-chevron-h:15px; --gw-circle-color:#0a5bd9; --gw-chevron-color:#0a5bd9;\"><div class=\"gw-products-carousel\" aria-live=\"polite\"><article class=\"gw-card\"><div class=\"gw-card__image\"><img decoding=\"async\" class=\"gw-card__photo\" src=\"https:\/\/blog.guruwalk.com\/wp-content\/uploads\/gw-products\/images\/fb77fd5ab4822b6704ce500b3e5fbe48.webp\" alt=\"Oporto: visita a la bodega de oporto Fonseca y cata\" loading=\"lazy\" \/><div class=\"gw-flags\" aria-label=\"Idiomas disponibles\"><span class=\"gw-flag\" title=\"DE\"><img decoding=\"async\" class=\"gw-flag-img\" src=\"https:\/\/blog.guruwalk.com\/wp-content\/uploads\/gw-products\/flags\/de.svg\" alt=\"DE\" loading=\"lazy\" width=\"22\" height=\"16\" \/><\/span><span class=\"gw-flag\" title=\"EN\"><img decoding=\"async\" class=\"gw-flag-img\" src=\"https:\/\/blog.guruwalk.com\/wp-content\/uploads\/gw-products\/flags\/gb.svg\" alt=\"EN\" loading=\"lazy\" width=\"22\" height=\"16\" \/><\/span><span class=\"gw-flag\" title=\"ES\"><img decoding=\"async\" class=\"gw-flag-img\" src=\"https:\/\/blog.guruwalk.com\/wp-content\/uploads\/gw-products\/flags\/es.svg\" alt=\"ES\" loading=\"lazy\" width=\"22\" height=\"16\" \/><\/span><span class=\"gw-flag\" title=\"FR\"><img decoding=\"async\" class=\"gw-flag-img\" src=\"https:\/\/blog.guruwalk.com\/wp-content\/uploads\/gw-products\/flags\/fr.svg\" alt=\"FR\" loading=\"lazy\" width=\"22\" height=\"16\" \/><\/span><\/div><\/div><div class=\"gw-card__body\"><h3 class=\"gw-card__title\">Oporto: visita a la bodega de oporto Fonseca y cata<\/h3><div class=\"gw-card__footer\"><div class=\"gw-card__meta\"><div class=\"gw-rating\" aria-label=\"Valoraci\u00f3n 4.2 de 5\"><span class=\"gw-star gw-star--full\" aria-hidden=\"true\">\u2605<\/span><span class=\"gw-star gw-star--full\" aria-hidden=\"true\">\u2605<\/span><span class=\"gw-star gw-star--full\" aria-hidden=\"true\">\u2605<\/span><span class=\"gw-star gw-star--full\" aria-hidden=\"true\">\u2605<\/span><span class=\"gw-star gw-star--empty\" aria-hidden=\"true\">\u2606<\/span><span class=\"gw-rating__count\">4,2 (506)<\/span><\/div><\/div><div class=\"gw-card__price\">Desde \u20ac16,00<\/div><\/div><\/div><a class=\"gw-card__link\" href=\"https:\/\/www.guruwalk.com\/es\/walks\/p105431-oporto-visita-a-la-bodega-de-oporto-fonseca-y-cata\" target=\"_blank\" rel=\"noopener\" aria-label=\"Oporto: visita a la bodega de oporto Fonseca y cata\"><\/a><\/article><article class=\"gw-card\"><div class=\"gw-card__image\"><img decoding=\"async\" class=\"gw-card__photo\" src=\"https:\/\/blog.guruwalk.com\/wp-content\/uploads\/gw-products\/images\/81f9cdea4423a4ffacde9c1819d764e8.webp\" alt=\"Oporto: visita a la bodega de oporto Cockburn\u2019s con cata\" loading=\"lazy\" \/><div class=\"gw-flags\" aria-label=\"Idiomas disponibles\"><span class=\"gw-flag\" title=\"EN\"><img decoding=\"async\" class=\"gw-flag-img\" src=\"https:\/\/blog.guruwalk.com\/wp-content\/uploads\/gw-products\/flags\/gb.svg\" alt=\"EN\" loading=\"lazy\" width=\"22\" height=\"16\" \/><\/span><span class=\"gw-flag\" title=\"ES\"><img decoding=\"async\" class=\"gw-flag-img\" src=\"https:\/\/blog.guruwalk.com\/wp-content\/uploads\/gw-products\/flags\/es.svg\" alt=\"ES\" loading=\"lazy\" width=\"22\" height=\"16\" \/><\/span><span class=\"gw-flag\" title=\"FR\"><img decoding=\"async\" class=\"gw-flag-img\" src=\"https:\/\/blog.guruwalk.com\/wp-content\/uploads\/gw-products\/flags\/fr.svg\" alt=\"FR\" loading=\"lazy\" width=\"22\" height=\"16\" \/><\/span><span class=\"gw-flag\" title=\"IT\"><img decoding=\"async\" class=\"gw-flag-img\" src=\"https:\/\/blog.guruwalk.com\/wp-content\/uploads\/gw-products\/flags\/it.svg\" alt=\"IT\" loading=\"lazy\" width=\"22\" height=\"16\" \/><\/span><\/div><\/div><div class=\"gw-card__body\"><h3 class=\"gw-card__title\">Oporto: visita a la bodega de oporto Cockburn\u2019s con cata<\/h3><div class=\"gw-card__footer\"><div class=\"gw-card__meta\"><div class=\"gw-rating\" aria-label=\"Valoraci\u00f3n 4.8 de 5\"><span class=\"gw-star gw-star--full\" aria-hidden=\"true\">\u2605<\/span><span class=\"gw-star gw-star--full\" aria-hidden=\"true\">\u2605<\/span><span class=\"gw-star gw-star--full\" aria-hidden=\"true\">\u2605<\/span><span class=\"gw-star gw-star--full\" aria-hidden=\"true\">\u2605<\/span><span class=\"gw-star gw-star--half\" aria-hidden=\"true\">\u2606<\/span><span class=\"gw-rating__count\">4,8 (4099)<\/span><\/div><\/div><div class=\"gw-card__price\">Desde \u20ac26,00<\/div><\/div><\/div><a class=\"gw-card__link\" href=\"https:\/\/www.guruwalk.com\/es\/walks\/p139587-oporto-visita-a-la-bodega-de-oporto-cockburn-s-con-cata\" target=\"_blank\" rel=\"noopener\" aria-label=\"Oporto: visita a la bodega de oporto Cockburn\u2019s con cata\"><\/a><\/article><article class=\"gw-card\"><div class=\"gw-card__image\"><img decoding=\"async\" class=\"gw-card__photo\" src=\"https:\/\/blog.guruwalk.com\/wp-content\/uploads\/gw-products\/images\/5e7dd0c7505070ee2865df39a5c2e2e0.webp\" alt=\"Valle del Duero, Amarante y R\u00e9gua: Excursi\u00f3n de un d\u00eda + paseo en barco y cata de vinos\" loading=\"lazy\" \/><\/div><div class=\"gw-card__body\"><h3 class=\"gw-card__title\">Valle del Duero, Amarante y R\u00e9gua: Excursi\u00f3n de un d\u00eda + paseo en barco y cata de vinos<\/h3><div class=\"gw-card__footer\"><div class=\"gw-card__meta\"><div class=\"gw-rating\" aria-label=\"Valoraci\u00f3n 4.8 de 5\"><span class=\"gw-star gw-star--full\" aria-hidden=\"true\">\u2605<\/span><span class=\"gw-star gw-star--full\" aria-hidden=\"true\">\u2605<\/span><span class=\"gw-star gw-star--full\" aria-hidden=\"true\">\u2605<\/span><span class=\"gw-star gw-star--full\" aria-hidden=\"true\">\u2605<\/span><span class=\"gw-star gw-star--half\" aria-hidden=\"true\">\u2606<\/span><span class=\"gw-rating__count\">4,8 (13)<\/span><\/div><\/div><div class=\"gw-card__price\">Desde \u20ac89,10<\/div><\/div><\/div><a class=\"gw-card__link\" href=\"https:\/\/www.guruwalk.com\/es\/walks\/p6456-valle-del-duero-amarante-y-regua-excursion-de-un-dia-paseo-en-barco-y-cata-de-vinos-cGFub3B0ZXM\" target=\"_blank\" rel=\"noopener\" aria-label=\"Valle del Duero, Amarante y R\u00e9gua: Excursi\u00f3n de un d\u00eda + paseo en barco y cata de vinos\"><\/a><\/article><article class=\"gw-card\"><div class=\"gw-card__image\"><img decoding=\"async\" class=\"gw-card__photo\" src=\"https:\/\/blog.guruwalk.com\/wp-content\/uploads\/gw-products\/images\/73fca674ebe85584626b53f534a015b3.webp\" alt=\"Oporto: bodega Burmester con cata y opciones de maridaje\" loading=\"lazy\" \/><div class=\"gw-flags\" aria-label=\"Idiomas disponibles\"><span class=\"gw-flag\" title=\"EN\"><img decoding=\"async\" class=\"gw-flag-img\" src=\"https:\/\/blog.guruwalk.com\/wp-content\/uploads\/gw-products\/flags\/gb.svg\" alt=\"EN\" loading=\"lazy\" width=\"22\" height=\"16\" \/><\/span><span class=\"gw-flag\" title=\"ES\"><img decoding=\"async\" class=\"gw-flag-img\" src=\"https:\/\/blog.guruwalk.com\/wp-content\/uploads\/gw-products\/flags\/es.svg\" alt=\"ES\" loading=\"lazy\" width=\"22\" height=\"16\" \/><\/span><span class=\"gw-flag\" title=\"FR\"><img decoding=\"async\" class=\"gw-flag-img\" src=\"https:\/\/blog.guruwalk.com\/wp-content\/uploads\/gw-products\/flags\/fr.svg\" alt=\"FR\" loading=\"lazy\" width=\"22\" height=\"16\" \/><\/span><span class=\"gw-flag\" title=\"IT\"><img decoding=\"async\" class=\"gw-flag-img\" src=\"https:\/\/blog.guruwalk.com\/wp-content\/uploads\/gw-products\/flags\/it.svg\" alt=\"IT\" loading=\"lazy\" width=\"22\" height=\"16\" \/><\/span><\/div><\/div><div class=\"gw-card__body\"><h3 class=\"gw-card__title\">Oporto: bodega Burmester con cata y opciones de maridaje<\/h3><div class=\"gw-card__footer\"><div class=\"gw-card__meta\"><div class=\"gw-rating\" aria-label=\"Valoraci\u00f3n 4.5 de 5\"><span class=\"gw-star gw-star--full\" aria-hidden=\"true\">\u2605<\/span><span class=\"gw-star gw-star--full\" aria-hidden=\"true\">\u2605<\/span><span class=\"gw-star gw-star--full\" aria-hidden=\"true\">\u2605<\/span><span class=\"gw-star gw-star--full\" aria-hidden=\"true\">\u2605<\/span><span class=\"gw-star gw-star--half\" aria-hidden=\"true\">\u2606<\/span><span class=\"gw-rating__count\">4,5 (1942)<\/span><\/div><\/div><div class=\"gw-card__price\">Desde \u20ac22,00<\/div><\/div><\/div><a class=\"gw-card__link\" href=\"https:\/\/www.guruwalk.com\/es\/walks\/p139513-oporto-bodega-burmester-con-cata-y-opciones-de-maridaje\" target=\"_blank\" rel=\"noopener\" aria-label=\"Oporto: bodega Burmester con cata y opciones de maridaje\"><\/a><\/article><\/div><div class=\"gw-vertical-link-container\"><a href=\"https:\/\/www.guruwalk.com\/es\/a\/oporto\/v71098-bodegas-y-catas-oporto\" target=\"_blank\" rel=\"noopener\" style=\"font-weight: bold;\">+ Bodegas y Catas<\/a><\/div><\/div>\n\n\n<p class=\"wp-block-paragraph\">Para combinar bodegas, cruceros, visitas culturales y excursiones, consulta los <a href=\"https:\/\/www.guruwalk.com\/es\/a\/oporto\" target=\"_blank\" rel=\"noopener\">tours y actividades en Oporto<\/a> disponibles para tus fechas.<\/p>\n\n\n\n<h2 class=\"wp-block-heading\" id=\"como-llegar\">\u00bfC\u00f3mo llegar a Oporto?<\/h2>\n\n\n\n<figure class=\"wp-block-image size-large\"><img decoding=\"async\" width=\"1200\" height=\"400\" src=\"https:\/\/blog.guruwalk.com\/wp-content\/uploads\/2026\/08\/oporto-panoramica-casco-antiguo-duero.webp\" alt=\"Panor\u00e1mica del casco antiguo de Oporto sobre el r\u00edo Duero\" class=\"wp-image-48140\" srcset=\"https:\/\/blog.guruwalk.com\/wp-content\/uploads\/2026\/08\/oporto-panoramica-casco-antiguo-duero.webp 1200w, https:\/\/blog.guruwalk.com\/wp-content\/uploads\/2026\/08\/oporto-panoramica-casco-antiguo-duero-300x100.webp 300w, https:\/\/blog.guruwalk.com\/wp-content\/uploads\/2026\/08\/oporto-panoramica-casco-antiguo-duero-1024x341.webp 1024w, https:\/\/blog.guruwalk.com\/wp-content\/uploads\/2026\/08\/oporto-panoramica-casco-antiguo-duero-768x256.webp 768w\" sizes=\"(max-width: 1200px) 100vw, 1200px\" \/><figcaption class=\"wp-element-caption\">Oporto y el Duero desde la orilla de Gaia.<\/figcaption><\/figure>\n\n\n\n<p class=\"wp-block-paragraph\">A&nbsp;<strong>Oporto puedes llegar de varias formas<\/strong>, en funci\u00f3n de tu punto de partida y del medio de transporte:<\/p>\n\n\n\n<ul class=\"wp-block-list\">\n<li><strong>Avi\u00f3n<\/strong>: el Aeropuerto Francisco S\u00e1 Carneiro (OPO) est\u00e1 conectado con el centro mediante metro y otros servicios de transporte. Comprueba el recorrido que mejor encaje con tu alojamiento.<\/li>\n\n\n\n<li><strong>Tren<\/strong>: existen conexiones nacionales con Lisboa, Coimbra y Braga, adem\u00e1s de servicios internacionales sujetos a cambios operativos. Revisa horarios y posibles transbordos con el operador antes del viaje.<\/li>\n\n\n\n<li><strong>Autob\u00fas<\/strong>: varias compa\u00f1\u00edas enlazan Oporto con ciudades portuguesas y espa\u00f1olas. Compara la terminal de llegada, el equipaje incluido y la duraci\u00f3n prevista.<\/li>\n<\/ul>\n\n\n\n<h3 class=\"wp-block-heading\">Consejos para tu viaje<\/h3>\n\n\n\n<ul class=\"wp-block-list\">\n<li><strong>\ud83d\ude87 Transporte p\u00fablico:<\/strong>&nbsp;la tarjeta Andante permite utilizar distintos servicios de transporte; comprueba qu\u00e9 zonas necesitas.<\/li>\n\n\n\n<li><strong>\ud83d\udccd Ubicaci\u00f3n:<\/strong>&nbsp;el centro hist\u00f3rico facilita los recorridos a pie, pero tiene pendientes y calles empedradas.<\/li>\n\n\n\n<li><strong>\ud83c\udfab Porto Card:<\/strong>&nbsp;compara sus inclusiones con los museos y transportes que realmente planeas utilizar.<\/li>\n<\/ul>\n\n\n\n<h2 class=\"wp-block-heading\" id=\"preguntas-frecuentes-sobre-oporto\">Preguntas frecuentes sobre Oporto<\/h2>\n\n\n<div id=\"rank-math-faq\" class=\"rank-math-block\">\n<div class=\"rank-math-list \">\n<div id=\"faq-question-1743042885580\" class=\"rank-math-list-item\">\n<h3 class=\"rank-math-question \">\u00bfCu\u00e1l es la mejor \u00e9poca para visitar Oporto?<\/h3>\n<div class=\"rank-math-answer \">\n\n<p>Entre mayo y octubre suele haber temperaturas m\u00e1s suaves para caminar, aunque julio y agosto concentran m\u00e1s visitantes. La primavera y el oto\u00f1o permiten recorrer la ciudad con temperaturas moderadas; lleva protecci\u00f3n para la lluvia por la influencia atl\u00e1ntica.<\/p>\n\n<\/div>\n<\/div>\n<div id=\"faq-question-1743042901719\" class=\"rank-math-list-item\">\n<h3 class=\"rank-math-question \">\u00bfCu\u00e1ntos d\u00edas se necesitan para visitar Oporto?<\/h3>\n<div class=\"rank-math-answer \">\n\n<p>Tres d\u00edas permiten combinar el centro hist\u00f3rico y la Ribeira, las bodegas de Vila Nova de Gaia y la zona de Boavista y Serralves. Con menos tiempo, agrupa las visitas por proximidad y comprueba con antelaci\u00f3n los accesos sujetos a reserva.<\/p>\n\n<\/div>\n<\/div>\n<div id=\"faq-question-1743042912201\" class=\"rank-math-list-item\">\n<h3 class=\"rank-math-question \">\u00bfQu\u00e9 tipo de clima tiene Oporto?<\/h3>\n<div class=\"rank-math-answer \">\n\n<p>Oporto tiene un clima mediterr\u00e1neo de verano suave (Csb), con marcada influencia atl\u00e1ntica: veranos templados e inviernos lluviosos.<\/p>\n\n<\/div>\n<\/div>\n<\/div>\n<\/div>","protected":false},"excerpt":{"rendered":"<p>Gu\u00eda de Oporto: la Ribeira, el puente de Don Luis I, la S\u00e9, fachadas de azulejos y bodegas junto al Duero.<\/p>\n","protected":false},"author":2,"featured_media":18291,"comment_status":"closed","ping_status":"open","sticky":false,"template":"","format":"standard","meta":{"footnotes":""},"categories":[106,82,107],"tags":[460,359,376,362],"class_list":["post-8351","post","type-post","status-publish","format-standard","has-post-thumbnail","hentry","category-portugal-es","category-europa","category-oporto","tag-guias-2","tag-que-ver","tag-tier-fijo","tag-tier-1","generate-columns","tablet-grid-50","mobile-grid-100","grid-parent","grid-33"],"_links":{"self":[{"href":"https:\/\/blog.guruwalk.com\/es\/wp-json\/wp\/v2\/posts\/8351","targetHints":{"allow":["GET"]}}],"collection":[{"href":"https:\/\/blog.guruwalk.com\/es\/wp-json\/wp\/v2\/posts"}],"about":[{"href":"https:\/\/blog.guruwalk.com\/es\/wp-json\/wp\/v2\/types\/post"}],"author":[{"embeddable":true,"href":"https:\/\/blog.guruwalk.com\/es\/wp-json\/wp\/v2\/users\/2"}],"replies":[{"embeddable":true,"href":"https:\/\/blog.guruwalk.com\/es\/wp-json\/wp\/v2\/comments?post=8351"}],"version-history":[{"count":10,"href":"https:\/\/blog.guruwalk.com\/es\/wp-json\/wp\/v2\/posts\/8351\/revisions"}],"predecessor-version":[{"id":48155,"href":"https:\/\/blog.guruwalk.com\/es\/wp-json\/wp\/v2\/posts\/8351\/revisions\/48155"}],"wp:featuredmedia":[{"embeddable":true,"href":"https:\/\/blog.guruwalk.com\/es\/wp-json\/wp\/v2\/media\/18291"}],"wp:attachment":[{"href":"https:\/\/blog.guruwalk.com\/es\/wp-json\/wp\/v2\/media?parent=8351"}],"wp:term":[{"taxonomy":"category","embeddable":true,"href":"https:\/\/blog.guruwalk.com\/es\/wp-json\/wp\/v2\/categories?post=8351"},{"taxonomy":"post_tag","embeddable":true,"href":"https:\/\/blog.guruwalk.com\/es\/wp-json\/wp\/v2\/tags?post=8351"}],"curies":[{"name":"wp","href":"https:\/\/api.w.org\/{rel}","templated":true}]}}