{"id":8498,"date":"2026-08-25T21:59:01","date_gmt":"2026-08-25T20:59:01","guid":{"rendered":"https:\/\/blog.guruwalk.com\/?p=8498"},"modified":"2026-08-27T13:03:43","modified_gmt":"2026-08-27T12:03:43","slug":"que-ver-en-viena","status":"publish","type":"post","link":"https:\/\/blog.guruwalk.com\/es\/que-ver-en-viena\/","title":{"rendered":"\u00bfQu\u00e9 ver y hacer en Viena? \u00a1Lugares imprescindibles para visitar!"},"content":{"rendered":"\n<p class=\"wp-block-paragraph\">\u00bfQu\u00e9 ver en Viena? El Palacio de Sch\u00f6nbrunn, la Catedral de San Esteban, los museos imperiales y la tradici\u00f3n musical resumen parte de su atractivo. Esta gu\u00eda re\u00fane itinerarios de 1 y 3 d\u00edas, lugares destacados y propuestas sobre qu\u00e9 hacer en Viena; para orientarte por el centro hist\u00f3rico, puedes comenzar con un <a href=\"https:\/\/www.guruwalk.com\/es\/viena\" target=\"_blank\" rel=\"noopener\">free tour en Viena<\/a>.<\/p>\n\n\n\n<p style=\"font-size:0.85em;color:#666;border-left:3px solid #ddd;padding:4px 0 4px 12px;margin:12px 0\"><strong>Datos verificados: agosto 2026<\/strong> \u2014 Precios, horarios y requisitos de reserva comprobados con fuentes oficiales. Los gurus de GuruWalk en Viena revisaron las recomendaciones pr\u00e1cticas.<\/p>\n\n\n<div class=\"qvgw-indimg-places-grid\" id=\"qvgw-indimg-places-grid-2\" data-iib-headings=\"[{&quot;id&quot;:&quot;mejores-free-tours&quot;,&quot;position&quot;:0,&quot;title&quot;:&quot;Mejores free tours&quot;},{&quot;id&quot;:&quot;viena-en-un-dia&quot;,&quot;position&quot;:1,&quot;title&quot;:&quot;\\u00bfQu\\u00e9 ver en Viena en 1 o 3 d\\u00edas?&quot;},{&quot;id&quot;:&quot;museo-historia-arte&quot;,&quot;position&quot;:2,&quot;title&quot;:&quot;Museo de Historia del Arte de Viena&quot;},{&quot;id&quot;:&quot;catedral-san-esteban&quot;,&quot;position&quot;:3,&quot;title&quot;:&quot;Catedral de San Esteban de Viena (Stephansdom)&quot;},{&quot;id&quot;:&quot;opera-estatal&quot;,&quot;position&quot;:4,&quot;title&quot;:&quot;\\u00d3pera Estatal de Viena&quot;},{&quot;id&quot;:&quot;parlamento-austria&quot;,&quot;position&quot;:5,&quot;title&quot;:&quot;Parlamento de Austria&quot;},{&quot;id&quot;:&quot;museo-carruajes&quot;,&quot;position&quot;:6,&quot;title&quot;:&quot;Museo de Carruajes Imperiales de Viena&quot;},{&quot;id&quot;:&quot;palacio-schonbrunn&quot;,&quot;position&quot;:7,&quot;title&quot;:&quot;Palacio Sch\\u00f6nbrunn&quot;},{&quot;id&quot;:&quot;prater&quot;,&quot;position&quot;:8,&quot;title&quot;:&quot;Prater de Viena&quot;},{&quot;id&quot;:&quot;hundertwasserhaus&quot;,&quot;position&quot;:9,&quot;title&quot;:&quot;Hundertwasserhaus, casas de colores en Viena&quot;},{&quot;id&quot;:&quot;ringstrasse&quot;,&quot;position&quot;:10,&quot;title&quot;:&quot;Avenida Ringstrasse&quot;},{&quot;id&quot;:&quot;palacio-hofburg&quot;,&quot;position&quot;:11,&quot;title&quot;:&quot;Palacio de Hofburg&quot;},{&quot;id&quot;:&quot;iglesia-san-carlos&quot;,&quot;position&quot;:12,&quot;title&quot;:&quot;Iglesia de San Carlos Borromeo&quot;},{&quot;id&quot;:&quot;como-llegar&quot;,&quot;position&quot;:13,&quot;title&quot;:&quot;\\u00bfC\\u00f3mo llegar a Viena?&quot;},{&quot;id&quot;:&quot;preguntas-frecuentes-sobre-viena&quot;,&quot;position&quot;:14,&quot;title&quot;:&quot;Preguntas frecuentes sobre Viena&quot;}]\"><div class=\"qvgw-indimg-places-cards\"><div class=\"qvgw-indimg-place-card\"><a href=\"#mejores-free-tours\" class=\"qvgw-indimg-place-card__content no-image\"><p class=\"qvgw-indimg-place-card__title\">1. Mejores free tours<\/p><span class=\"qvgw-indimg-place-card__arrow\"><svg width=\"24\" height=\"24\" viewBox=\"0 0 24 24\" fill=\"none\" stroke=\"currentColor\" stroke-width=\"2\"><path d=\"M6 9l6 6 6-6\"><\/path><\/svg><\/span><\/a><\/div><div class=\"qvgw-indimg-place-card\"><a href=\"#viena-en-un-dia\" class=\"qvgw-indimg-place-card__content no-image\"><p class=\"qvgw-indimg-place-card__title\">2. \u00bfQu\u00e9 ver en Viena en 1 o 3 d\u00edas?<\/p><span class=\"qvgw-indimg-place-card__arrow\"><svg width=\"24\" height=\"24\" viewBox=\"0 0 24 24\" fill=\"none\" stroke=\"currentColor\" stroke-width=\"2\"><path d=\"M6 9l6 6 6-6\"><\/path><\/svg><\/span><\/a><\/div><div class=\"qvgw-indimg-place-card\"><a href=\"#museo-historia-arte\" class=\"qvgw-indimg-place-card__content\"><div class=\"qvgw-indimg-place-card__image\"><img decoding=\"async\" src=\"https:\/\/blog.guruwalk.com\/wp-content\/uploads\/2025\/03\/image-409.jpeg\" alt=\"Museo de Historia del Arte de Viena\"><\/div><p class=\"qvgw-indimg-place-card__title\">3. Museo de Historia del Arte de Viena<\/p><span class=\"qvgw-indimg-place-card__arrow\"><svg width=\"24\" height=\"24\" viewBox=\"0 0 24 24\" fill=\"none\" stroke=\"currentColor\" stroke-width=\"2\"><path d=\"M6 9l6 6 6-6\"><\/path><\/svg><\/span><\/a><\/div><div class=\"qvgw-indimg-place-card\"><a href=\"#catedral-san-esteban\" class=\"qvgw-indimg-place-card__content\"><div class=\"qvgw-indimg-place-card__image\"><img decoding=\"async\" src=\"https:\/\/blog.guruwalk.com\/wp-content\/uploads\/2025\/03\/image-411.jpeg\" alt=\"Catedral de San Esteban de Viena (Stephansdom)\"><\/div><p class=\"qvgw-indimg-place-card__title\">4. Catedral de San Esteban de Viena (Stephansdom)<\/p><span class=\"qvgw-indimg-place-card__arrow\"><svg width=\"24\" height=\"24\" viewBox=\"0 0 24 24\" fill=\"none\" stroke=\"currentColor\" stroke-width=\"2\"><path d=\"M6 9l6 6 6-6\"><\/path><\/svg><\/span><\/a><\/div><div class=\"qvgw-indimg-place-card\"><a href=\"#opera-estatal\" class=\"qvgw-indimg-place-card__content\"><div class=\"qvgw-indimg-place-card__image\"><img decoding=\"async\" src=\"https:\/\/blog.guruwalk.com\/wp-content\/uploads\/2025\/03\/image-413.jpeg\" alt=\"\u00d3pera Estatal de Viena\"><\/div><p class=\"qvgw-indimg-place-card__title\">5. \u00d3pera Estatal de Viena<\/p><span class=\"qvgw-indimg-place-card__arrow\"><svg width=\"24\" height=\"24\" viewBox=\"0 0 24 24\" fill=\"none\" stroke=\"currentColor\" stroke-width=\"2\"><path d=\"M6 9l6 6 6-6\"><\/path><\/svg><\/span><\/a><\/div><div class=\"qvgw-indimg-place-card\"><a href=\"#parlamento-austria\" class=\"qvgw-indimg-place-card__content\"><div class=\"qvgw-indimg-place-card__image\"><img decoding=\"async\" src=\"https:\/\/blog.guruwalk.com\/wp-content\/uploads\/2025\/03\/image-414.jpeg\" alt=\"Parlamento de Austria\"><\/div><p class=\"qvgw-indimg-place-card__title\">6. Parlamento de Austria<\/p><span class=\"qvgw-indimg-place-card__arrow\"><svg width=\"24\" height=\"24\" viewBox=\"0 0 24 24\" fill=\"none\" stroke=\"currentColor\" stroke-width=\"2\"><path d=\"M6 9l6 6 6-6\"><\/path><\/svg><\/span><\/a><\/div><div class=\"qvgw-indimg-place-card qvgw-indimg-place-card--hidden\"><a href=\"#museo-carruajes\" class=\"qvgw-indimg-place-card__content\"><div class=\"qvgw-indimg-place-card__image\"><img decoding=\"async\" src=\"https:\/\/blog.guruwalk.com\/wp-content\/uploads\/2025\/03\/image-416.jpeg\" alt=\"Museo de Carruajes Imperiales de Viena\"><\/div><p class=\"qvgw-indimg-place-card__title\">7. Museo de Carruajes Imperiales de Viena<\/p><span class=\"qvgw-indimg-place-card__arrow\"><svg width=\"24\" height=\"24\" viewBox=\"0 0 24 24\" fill=\"none\" stroke=\"currentColor\" stroke-width=\"2\"><path d=\"M6 9l6 6 6-6\"><\/path><\/svg><\/span><\/a><\/div><div class=\"qvgw-indimg-place-card qvgw-indimg-place-card--hidden\"><a href=\"#palacio-schonbrunn\" class=\"qvgw-indimg-place-card__content\"><div class=\"qvgw-indimg-place-card__image\"><img decoding=\"async\" src=\"https:\/\/blog.guruwalk.com\/wp-content\/uploads\/2025\/03\/image-417.jpeg\" alt=\"Palacio Sch\u00f6nbrunn\"><\/div><p class=\"qvgw-indimg-place-card__title\">8. Palacio Sch\u00f6nbrunn<\/p><span class=\"qvgw-indimg-place-card__arrow\"><svg width=\"24\" height=\"24\" viewBox=\"0 0 24 24\" fill=\"none\" stroke=\"currentColor\" stroke-width=\"2\"><path d=\"M6 9l6 6 6-6\"><\/path><\/svg><\/span><\/a><\/div><div class=\"qvgw-indimg-place-card qvgw-indimg-place-card--hidden\"><a href=\"#prater\" class=\"qvgw-indimg-place-card__content\"><div class=\"qvgw-indimg-place-card__image\"><img decoding=\"async\" src=\"https:\/\/blog.guruwalk.com\/wp-content\/uploads\/2025\/03\/image-419.jpeg\" alt=\"Prater de Viena\"><\/div><p class=\"qvgw-indimg-place-card__title\">9. Prater de Viena<\/p><span class=\"qvgw-indimg-place-card__arrow\"><svg width=\"24\" height=\"24\" viewBox=\"0 0 24 24\" fill=\"none\" stroke=\"currentColor\" stroke-width=\"2\"><path d=\"M6 9l6 6 6-6\"><\/path><\/svg><\/span><\/a><\/div><div class=\"qvgw-indimg-place-card qvgw-indimg-place-card--hidden\"><a href=\"#hundertwasserhaus\" class=\"qvgw-indimg-place-card__content\"><div class=\"qvgw-indimg-place-card__image\"><img decoding=\"async\" src=\"https:\/\/blog.guruwalk.com\/wp-content\/uploads\/2025\/03\/image-421.jpeg\" alt=\"Hundertwasserhaus, casas de colores en Viena\"><\/div><p class=\"qvgw-indimg-place-card__title\">10. Hundertwasserhaus, casas de colores en Viena<\/p><span class=\"qvgw-indimg-place-card__arrow\"><svg width=\"24\" height=\"24\" viewBox=\"0 0 24 24\" fill=\"none\" stroke=\"currentColor\" stroke-width=\"2\"><path d=\"M6 9l6 6 6-6\"><\/path><\/svg><\/span><\/a><\/div><div class=\"qvgw-indimg-place-card qvgw-indimg-place-card--hidden\"><a href=\"#ringstrasse\" class=\"qvgw-indimg-place-card__content\"><div class=\"qvgw-indimg-place-card__image\"><img decoding=\"async\" src=\"https:\/\/blog.guruwalk.com\/wp-content\/uploads\/2026\/06\/inline_8498.webp\" alt=\"Avenida Ringstrasse\"><\/div><p class=\"qvgw-indimg-place-card__title\">11. Avenida Ringstrasse<\/p><span class=\"qvgw-indimg-place-card__arrow\"><svg width=\"24\" height=\"24\" viewBox=\"0 0 24 24\" fill=\"none\" stroke=\"currentColor\" stroke-width=\"2\"><path d=\"M6 9l6 6 6-6\"><\/path><\/svg><\/span><\/a><\/div><div class=\"qvgw-indimg-place-card qvgw-indimg-place-card--hidden\"><a href=\"#palacio-hofburg\" class=\"qvgw-indimg-place-card__content\"><div class=\"qvgw-indimg-place-card__image\"><img decoding=\"async\" src=\"https:\/\/blog.guruwalk.com\/wp-content\/uploads\/2025\/03\/image-423.jpeg\" alt=\"Palacio de Hofburg\"><\/div><p class=\"qvgw-indimg-place-card__title\">12. Palacio de Hofburg<\/p><span class=\"qvgw-indimg-place-card__arrow\"><svg width=\"24\" height=\"24\" viewBox=\"0 0 24 24\" fill=\"none\" stroke=\"currentColor\" stroke-width=\"2\"><path d=\"M6 9l6 6 6-6\"><\/path><\/svg><\/span><\/a><\/div><div class=\"qvgw-indimg-place-card qvgw-indimg-place-card--hidden\"><a href=\"#iglesia-san-carlos\" class=\"qvgw-indimg-place-card__content\"><div class=\"qvgw-indimg-place-card__image\"><img decoding=\"async\" src=\"https:\/\/blog.guruwalk.com\/wp-content\/uploads\/2025\/03\/image-424.jpeg\" alt=\"Iglesia de San Carlos Borromeo\"><\/div><p class=\"qvgw-indimg-place-card__title\">13. Iglesia de San Carlos Borromeo<\/p><span class=\"qvgw-indimg-place-card__arrow\"><svg width=\"24\" height=\"24\" viewBox=\"0 0 24 24\" fill=\"none\" stroke=\"currentColor\" stroke-width=\"2\"><path d=\"M6 9l6 6 6-6\"><\/path><\/svg><\/span><\/a><\/div><div class=\"qvgw-indimg-place-card qvgw-indimg-place-card--hidden\"><a href=\"#como-llegar\" class=\"qvgw-indimg-place-card__content\"><div class=\"qvgw-indimg-place-card__image\"><img decoding=\"async\" src=\"https:\/\/blog.guruwalk.com\/wp-content\/uploads\/2025\/03\/image-425.jpeg\" alt=\"\u00bfC\u00f3mo llegar a Viena?\"><\/div><p class=\"qvgw-indimg-place-card__title\">14. \u00bfC\u00f3mo llegar a Viena?<\/p><span class=\"qvgw-indimg-place-card__arrow\"><svg width=\"24\" height=\"24\" viewBox=\"0 0 24 24\" fill=\"none\" stroke=\"currentColor\" stroke-width=\"2\"><path d=\"M6 9l6 6 6-6\"><\/path><\/svg><\/span><\/a><\/div><div class=\"qvgw-indimg-place-card qvgw-indimg-place-card--hidden\"><a href=\"#preguntas-frecuentes-sobre-viena\" class=\"qvgw-indimg-place-card__content no-image\"><p class=\"qvgw-indimg-place-card__title\">15. Preguntas frecuentes sobre Viena<\/p><span class=\"qvgw-indimg-place-card__arrow\"><svg width=\"24\" height=\"24\" viewBox=\"0 0 24 24\" fill=\"none\" stroke=\"currentColor\" stroke-width=\"2\"><path d=\"M6 9l6 6 6-6\"><\/path><\/svg><\/span><\/a><\/div><\/div><button class=\"qvgw-indimg-places-expand\" data-action=\"expand\" aria-expanded=\"false\">Ver m\u00e1s<\/button><\/div>\n\n\n<h2 class=\"wp-block-heading\" id=\"mejores-free-tours\">Mejores free tours<\/h2>\n\n\n\n<p class=\"wp-block-paragraph\">Un free tour permite situar la Catedral de San Esteban, Hofburg y la Ringstrasse antes de organizar las visitas interiores. La reserva no tiene un precio cerrado: al terminar, cada viajero entrega al guru una propina acorde con su valoraci\u00f3n; como referencia, suele estar entre 10 \u20ac y 20 \u20ac por persona y puede llegar hasta 50 \u20ac. Consulta la disponibilidad para las fechas de tu viaje.<\/p>\n\n\n<div class=\"gw-freetours-container\"><div class=\"gw-freetours-carousel\"><div class=\"gw-freetours-track\"><div class=\"gw-freetours-card\" data-tour-id=\"60422\"><button type=\"button\" class=\"gw-freetours-image-link\" data-dest=\"https:\/\/www.guruwalk.com\/es\/walks\/60422-free-tour-episodio-1-paseo-por-el-centro-de-viena\" role=\"link\" aria-label=\"Free Tour: Episodio 1, Paseo por el Centro de Viena\"><div class=\"gw-freetours-image\"><img decoding=\"async\" class=\"gw-freetours-photo\" src=\"https:\/\/blog.guruwalk.com\/wp-content\/uploads\/gw-freetours-cache\/60422-1c40e62ff0d9bb1bb084fa6ee569ecd2.jpg\" alt=\"Free Tour: Episodio 1, Paseo por el Centro de Viena\" loading=\"lazy\" \/><div class=\"gw-freetours-flags\"><img decoding=\"async\" src=\"https:\/\/blog.guruwalk.com\/wp-content\/gurupluginswalk\/wp-gw-freetours\/assets\/flags\/es.svg\" alt=\"es\" class=\"gw-freetours-flag\" \/><\/div><\/div><\/button><div class=\"gw-freetours-content\"><h4 class=\"gw-freetours-title\"><button type=\"button\" class=\"gw-freetours-title-link\" data-dest=\"https:\/\/www.guruwalk.com\/es\/walks\/60422-free-tour-episodio-1-paseo-por-el-centro-de-viena\" role=\"link\">Free Tour: Episodio 1, Paseo por el Centro de Viena<\/button><\/h4><div class=\"gw-freetours-meta-top\"><span class=\"gw-freetours-duration\"><svg width=\"16\" height=\"16\" viewBox=\"0 0 24 24\" fill=\"none\" stroke=\"currentColor\" stroke-width=\"2\"><circle cx=\"12\" cy=\"12\" r=\"10\"\/><polyline points=\"12,6 12,12 16,14\"\/><\/svg>2:00<\/span><button class=\"gw-freetours-map-btn\" data-lat=\"48.204621\" data-lng=\"16.360967\" data-address=\"Maria-Theresien-Platz, 1010 Wien, Austria\" data-instructions=\"Busca el paraguas naranja justo delante del gran monumento de Maria Theresia, entre el Museo de Historia del Arte y el Museo de Historia Natural, muy cerca de la estaci\u00f3n de metro Volkstheater (l\u00edneas U2 y U3).Llega con unos minutos de antelaci\u00f3n para que podamos comenzar a tiempo. \u00a1Nos vemos pronto para descubrir juntos la historia de Viena!\"><svg width=\"16\" height=\"16\" viewBox=\"0 0 24 24\" fill=\"none\" stroke=\"currentColor\" stroke-width=\"2\"><path d=\"M21 10c0 7-9 13-9 13s-9-6-9-13a9 9 0 0 1 18 0z\"\/><circle cx=\"12\" cy=\"10\" r=\"3\"\/><\/svg><\/button><\/div><p class=\"gw-freetours-description\">Si acabas de llegar a Viena, este Free Tour es la opci\u00f3n perfecta para conocer la capital de Austria.\u00a0 A&#8230;<\/p><div class=\"gw-freetours-author\"><span class=\"gw-freetours-author-link\"><img decoding=\"async\" src=\"https:\/\/media.guruwalk.com\/ijsgb6n2bt9mubif7l5e12ehvyni\" alt=\"Trim Team\" class=\"gw-freetours-author-avatar\" \/><span class=\"gw-freetours-author-name\">Trim Team<\/span><\/span><\/div><div class=\"gw-freetours-rating-container\"><div class=\"gw-freetours-rating\" aria-label=\"Valoraci\u00f3n 4.8 de 5\"><span class=\"gw-freetours-star gw-freetours-star--full\" aria-hidden=\"true\">\u2605<\/span><span class=\"gw-freetours-star gw-freetours-star--full\" aria-hidden=\"true\">\u2605<\/span><span class=\"gw-freetours-star gw-freetours-star--full\" aria-hidden=\"true\">\u2605<\/span><span class=\"gw-freetours-star gw-freetours-star--full\" aria-hidden=\"true\">\u2605<\/span><span class=\"gw-freetours-star gw-freetours-star--half\" aria-hidden=\"true\">\u2606<\/span><span class=\"gw-freetours-rating__count\">4,8 (1701)<\/span><\/div><\/div><\/div><\/div><div class=\"gw-freetours-card\" data-tour-id=\"64728\"><button type=\"button\" class=\"gw-freetours-image-link\" data-dest=\"https:\/\/www.guruwalk.com\/es\/walks\/64728-free-tour-episodio-2-paseo-por-la-viena-desconocida-y-el-barrio-judio\" role=\"link\" aria-label=\"Free Tour: Episodio 2, Paseo por la Viena Desconocida y el Barrio Jud\u00edo\"><div class=\"gw-freetours-image\"><img decoding=\"async\" class=\"gw-freetours-photo\" src=\"https:\/\/blog.guruwalk.com\/wp-content\/uploads\/gw-freetours-cache\/64728-0366a69ba92b06ca4d52f5ad1fa0b54e.jpg\" alt=\"Free Tour: Episodio 2, Paseo por la Viena Desconocida y el Barrio Jud\u00edo\" loading=\"lazy\" \/><div class=\"gw-freetours-flags\"><img decoding=\"async\" src=\"https:\/\/blog.guruwalk.com\/wp-content\/gurupluginswalk\/wp-gw-freetours\/assets\/flags\/es.svg\" alt=\"es\" class=\"gw-freetours-flag\" \/><\/div><\/div><\/button><div class=\"gw-freetours-content\"><h4 class=\"gw-freetours-title\"><button type=\"button\" class=\"gw-freetours-title-link\" data-dest=\"https:\/\/www.guruwalk.com\/es\/walks\/64728-free-tour-episodio-2-paseo-por-la-viena-desconocida-y-el-barrio-judio\" role=\"link\">Free Tour: Episodio 2, Paseo por la Viena Desconocida y el Barrio Jud\u00edo<\/button><\/h4><div class=\"gw-freetours-meta-top\"><span class=\"gw-freetours-duration\"><svg width=\"16\" height=\"16\" viewBox=\"0 0 24 24\" fill=\"none\" stroke=\"currentColor\" stroke-width=\"2\"><circle cx=\"12\" cy=\"12\" r=\"10\"\/><polyline points=\"12,6 12,12 16,14\"\/><\/svg>2:00<\/span><button class=\"gw-freetours-map-btn\" data-lat=\"48.211975\" data-lng=\"16.376099\" data-address=\"Rotenturmstra\u00dfe 29, 1010 Wien, \u00d6sterreich\" data-instructions=\"A la hora indicada, busca el paraguas naranja en el parque situado en Rotenturmstra\u00dfe 29, justo enfrente de McDonald\u2019s.La estaci\u00f3n de metro m\u00e1s cercana es Schwedenplatz (l\u00edneas U1 y U4). Toma la salida Rotenturmstra\u00dfe.Llega con unos minutos de antelaci\u00f3n para que podamos comenzar a tiempo. \u00a1Nos vemos pronto para descubrir juntos la historia de Viena!\"><svg width=\"16\" height=\"16\" viewBox=\"0 0 24 24\" fill=\"none\" stroke=\"currentColor\" stroke-width=\"2\"><path d=\"M21 10c0 7-9 13-9 13s-9-6-9-13a9 9 0 0 1 18 0z\"\/><circle cx=\"12\" cy=\"10\" r=\"3\"\/><\/svg><\/button><\/div><p class=\"gw-freetours-description\">Te recomendamos empezar tu visita en Viena con nuestro<\/p><div class=\"gw-freetours-author\"><span class=\"gw-freetours-author-link\"><img decoding=\"async\" src=\"https:\/\/media.guruwalk.com\/ijsgb6n2bt9mubif7l5e12ehvyni\" alt=\"Trim Team\" class=\"gw-freetours-author-avatar\" \/><span class=\"gw-freetours-author-name\">Trim Team<\/span><\/span><\/div><div class=\"gw-freetours-rating-container\"><div class=\"gw-freetours-rating\" aria-label=\"Valoraci\u00f3n 4.8 de 5\"><span class=\"gw-freetours-star gw-freetours-star--full\" aria-hidden=\"true\">\u2605<\/span><span class=\"gw-freetours-star gw-freetours-star--full\" aria-hidden=\"true\">\u2605<\/span><span class=\"gw-freetours-star gw-freetours-star--full\" aria-hidden=\"true\">\u2605<\/span><span class=\"gw-freetours-star gw-freetours-star--full\" aria-hidden=\"true\">\u2605<\/span><span class=\"gw-freetours-star gw-freetours-star--half\" aria-hidden=\"true\">\u2606<\/span><span class=\"gw-freetours-rating__count\">4,8 (211)<\/span><\/div><\/div><\/div><\/div><div class=\"gw-freetours-card\" data-tour-id=\"38614\"><button type=\"button\" class=\"gw-freetours-image-link\" data-dest=\"https:\/\/www.guruwalk.com\/es\/walks\/38614-free-tour-viena-en-espanol-lo-mejor-de-la-ciudad\" role=\"link\" aria-label=\"Free Tour Viena en espa\u00f1ol: lo mejor de la ciudad\"><div class=\"gw-freetours-image\"><img decoding=\"async\" class=\"gw-freetours-photo\" src=\"https:\/\/blog.guruwalk.com\/wp-content\/uploads\/gw-freetours-cache\/38614-7a7ed376f03911e0babb30e6b39407a3.jpg\" alt=\"Free Tour Viena en espa\u00f1ol: lo mejor de la ciudad\" loading=\"lazy\" \/><div class=\"gw-freetours-flags\"><img decoding=\"async\" src=\"https:\/\/blog.guruwalk.com\/wp-content\/gurupluginswalk\/wp-gw-freetours\/assets\/flags\/es.svg\" alt=\"es\" class=\"gw-freetours-flag\" \/><img decoding=\"async\" src=\"https:\/\/blog.guruwalk.com\/wp-content\/gurupluginswalk\/wp-gw-freetours\/assets\/flags\/it.svg\" alt=\"it\" class=\"gw-freetours-flag\" \/><\/div><\/div><\/button><div class=\"gw-freetours-content\"><h4 class=\"gw-freetours-title\"><button type=\"button\" class=\"gw-freetours-title-link\" data-dest=\"https:\/\/www.guruwalk.com\/es\/walks\/38614-free-tour-viena-en-espanol-lo-mejor-de-la-ciudad\" role=\"link\">Free Tour Viena en espa\u00f1ol: lo mejor de la ciudad<\/button><\/h4><div class=\"gw-freetours-meta-top\"><span class=\"gw-freetours-duration\"><svg width=\"16\" height=\"16\" viewBox=\"0 0 24 24\" fill=\"none\" stroke=\"currentColor\" stroke-width=\"2\"><circle cx=\"12\" cy=\"12\" r=\"10\"\/><polyline points=\"12,6 12,12 16,14\"\/><\/svg>2:00<\/span><button class=\"gw-freetours-map-btn\" data-lat=\"48.206126\" data-lng=\"16.370536\" data-address=\"Neuer Markt, 1010 Wien, \u00d6sterreich\" data-instructions=\"Nos reuniremos frente al monumento fuente Donnerbrunnen - me reconocer\u00e1n por el paraguas \u2614 rojo\"><svg width=\"16\" height=\"16\" viewBox=\"0 0 24 24\" fill=\"none\" stroke=\"currentColor\" stroke-width=\"2\"><path d=\"M21 10c0 7-9 13-9 13s-9-6-9-13a9 9 0 0 1 18 0z\"\/><circle cx=\"12\" cy=\"10\" r=\"3\"\/><\/svg><\/button><\/div><p class=\"gw-freetours-description\">T\u00edtulo \ud83c\uddea\ud83c\uddf8 Todos nuestros gu\u00edas son gu\u00edas oficiales y\u00a0 preparados para hacerte descubrir Viena a trav\u00e9s de su histor&#8230;<\/p><div class=\"gw-freetours-author\"><span class=\"gw-freetours-author-link\"><img decoding=\"async\" src=\"https:\/\/media.guruwalk.com\/3nudjzg6ldncxwaeznnl13mdc5nw\" alt=\"Bravo!\" class=\"gw-freetours-author-avatar\" \/><span class=\"gw-freetours-author-name\">Bravo!<\/span><\/span><\/div><div class=\"gw-freetours-rating-container\"><div class=\"gw-freetours-rating\" aria-label=\"Valoraci\u00f3n 4.7 de 5\"><span class=\"gw-freetours-star gw-freetours-star--full\" aria-hidden=\"true\">\u2605<\/span><span class=\"gw-freetours-star gw-freetours-star--full\" aria-hidden=\"true\">\u2605<\/span><span class=\"gw-freetours-star gw-freetours-star--full\" aria-hidden=\"true\">\u2605<\/span><span class=\"gw-freetours-star gw-freetours-star--full\" aria-hidden=\"true\">\u2605<\/span><span class=\"gw-freetours-star gw-freetours-star--half\" aria-hidden=\"true\">\u2606<\/span><span class=\"gw-freetours-rating__count\">4,7 (2324)<\/span><\/div><\/div><\/div><\/div><div class=\"gw-freetours-card\" data-tour-id=\"55482\"><button type=\"button\" class=\"gw-freetours-image-link\" data-dest=\"https:\/\/www.guruwalk.com\/es\/walks\/55482-free-tour-viena-parte-2-huellas-judias-y-la-viena-de-hitler\" role=\"link\" aria-label=\"\ud83d\udc41Free Tour Viena - PARTE 2, Huellas jud\u00edas y la Viena de Hitler\"><div class=\"gw-freetours-image\"><img decoding=\"async\" class=\"gw-freetours-photo\" src=\"https:\/\/blog.guruwalk.com\/wp-content\/uploads\/gw-freetours-cache\/55482-cfd5ab2dfeedd7294ab57d304c420335.jpg\" alt=\"\ud83d\udc41Free Tour Viena - PARTE 2, Huellas jud\u00edas y la Viena de Hitler\" loading=\"lazy\" \/><div class=\"gw-freetours-flags\"><img decoding=\"async\" src=\"https:\/\/blog.guruwalk.com\/wp-content\/gurupluginswalk\/wp-gw-freetours\/assets\/flags\/en.svg\" alt=\"en\" class=\"gw-freetours-flag\" \/><\/div><\/div><\/button><div class=\"gw-freetours-content\"><h4 class=\"gw-freetours-title\"><button type=\"button\" class=\"gw-freetours-title-link\" data-dest=\"https:\/\/www.guruwalk.com\/es\/walks\/55482-free-tour-viena-parte-2-huellas-judias-y-la-viena-de-hitler\" role=\"link\">\ud83d\udc41Free Tour Viena &#8211; PARTE 2, Huellas jud\u00edas y la Viena de Hitler<\/button><\/h4><div class=\"gw-freetours-meta-top\"><span class=\"gw-freetours-duration\"><svg width=\"16\" height=\"16\" viewBox=\"0 0 24 24\" fill=\"none\" stroke=\"currentColor\" stroke-width=\"2\"><circle cx=\"12\" cy=\"12\" r=\"10\"\/><polyline points=\"12,6 12,12 16,14\"\/><\/svg>2:00<\/span><button class=\"gw-freetours-map-btn\" data-lat=\"48.210768\" data-lng=\"16.373187\" data-address=\"Hoher Markt 10, 1010 Wien, Austria\" data-instructions=\"El gu\u00eda con el paraguas blanco le espera a la izquierda del reloj del ancla (obra maestra del Art Nouveau). La direcci\u00f3n es Hoher Markt 10, 1010 Viena.\"><svg width=\"16\" height=\"16\" viewBox=\"0 0 24 24\" fill=\"none\" stroke=\"currentColor\" stroke-width=\"2\"><path d=\"M21 10c0 7-9 13-9 13s-9-6-9-13a9 9 0 0 1 18 0z\"\/><circle cx=\"12\" cy=\"10\" r=\"3\"\/><\/svg><\/button><\/div><p class=\"gw-freetours-description\">Free Tour Viena &#8211; PARTE 2 Las huellas jud\u00edas y la Viena de Hitler El complemento ideal para el<\/p><div class=\"gw-freetours-author\"><span class=\"gw-freetours-author-link\"><img decoding=\"async\" src=\"https:\/\/media.guruwalk.com\/bhcs7ibnk7wbbkd2tlxtd3z8xb6g\" alt=\"redandwhite.tours\" class=\"gw-freetours-author-avatar\" \/><span class=\"gw-freetours-author-name\">redandwhite.tours<\/span><\/span><\/div><div class=\"gw-freetours-rating-container\"><div class=\"gw-freetours-rating\" aria-label=\"Valoraci\u00f3n 4.9 de 5\"><span class=\"gw-freetours-star gw-freetours-star--full\" aria-hidden=\"true\">\u2605<\/span><span class=\"gw-freetours-star gw-freetours-star--full\" aria-hidden=\"true\">\u2605<\/span><span class=\"gw-freetours-star gw-freetours-star--full\" aria-hidden=\"true\">\u2605<\/span><span class=\"gw-freetours-star gw-freetours-star--full\" aria-hidden=\"true\">\u2605<\/span><span class=\"gw-freetours-star gw-freetours-star--half\" aria-hidden=\"true\">\u2606<\/span><span class=\"gw-freetours-rating__count\">4,9 (2436)<\/span><\/div><\/div><\/div><\/div><div class=\"gw-freetours-card\" data-tour-id=\"35949\"><button type=\"button\" class=\"gw-freetours-image-link\" data-dest=\"https:\/\/www.guruwalk.com\/es\/walks\/35949-el-free-tour-numero-1-en-viena\" role=\"link\" aria-label=\"\u00a1El free tour n\u00famero 1 en Viena!\"><div class=\"gw-freetours-image\"><img decoding=\"async\" class=\"gw-freetours-photo\" src=\"https:\/\/blog.guruwalk.com\/wp-content\/uploads\/gw-freetours-cache\/35949-69061f2b5009b78003e23ac521ca45fa.jpg\" alt=\"\u00a1El free tour n\u00famero 1 en Viena!\" loading=\"lazy\" \/><div class=\"gw-freetours-flags\"><img decoding=\"async\" src=\"https:\/\/blog.guruwalk.com\/wp-content\/gurupluginswalk\/wp-gw-freetours\/assets\/flags\/de.svg\" alt=\"de\" class=\"gw-freetours-flag\" \/><img decoding=\"async\" src=\"https:\/\/blog.guruwalk.com\/wp-content\/gurupluginswalk\/wp-gw-freetours\/assets\/flags\/en.svg\" alt=\"en\" class=\"gw-freetours-flag\" \/><\/div><\/div><\/button><div class=\"gw-freetours-content\"><h4 class=\"gw-freetours-title\"><button type=\"button\" class=\"gw-freetours-title-link\" data-dest=\"https:\/\/www.guruwalk.com\/es\/walks\/35949-el-free-tour-numero-1-en-viena\" role=\"link\">\u00a1El free tour n\u00famero 1 en Viena!<\/button><\/h4><div class=\"gw-freetours-meta-top\"><span class=\"gw-freetours-duration\"><svg width=\"16\" height=\"16\" viewBox=\"0 0 24 24\" fill=\"none\" stroke=\"currentColor\" stroke-width=\"2\"><circle cx=\"12\" cy=\"12\" r=\"10\"\/><polyline points=\"12,6 12,12 16,14\"\/><\/svg>2:00<\/span><button class=\"gw-freetours-map-btn\" data-lat=\"48.204284\" data-lng=\"16.368516\" data-address=\"Albertinapl. S, 1010 Wien, Austria\" data-instructions=\"Busque el paraguas verde, frente a la Fuente Danubius, al lado del puesto de perritos calientes con un conejo verde en el techo.\"><svg width=\"16\" height=\"16\" viewBox=\"0 0 24 24\" fill=\"none\" stroke=\"currentColor\" stroke-width=\"2\"><path d=\"M21 10c0 7-9 13-9 13s-9-6-9-13a9 9 0 0 1 18 0z\"\/><circle cx=\"12\" cy=\"10\" r=\"3\"\/><\/svg><\/button><\/div><p class=\"gw-freetours-description\">Mozart, emperadores, escalope y strudel (\u00a1no, sin fideos!). \u00bfDe verdad eso es todo lo que necesitas saber sobre Viena? \u00a1Para&#8230;<\/p><div class=\"gw-freetours-author\"><span class=\"gw-freetours-author-link\"><img decoding=\"async\" src=\"https:\/\/media.guruwalk.com\/iqr542874u71fwh22hmtcf3anyna\" alt=\"Good Vienna Tours\" class=\"gw-freetours-author-avatar\" \/><span class=\"gw-freetours-author-name\">Good Vienna Tours<\/span><\/span><\/div><div class=\"gw-freetours-rating-container\"><div class=\"gw-freetours-rating\" aria-label=\"Valoraci\u00f3n 4.9 de 5\"><span class=\"gw-freetours-star gw-freetours-star--full\" aria-hidden=\"true\">\u2605<\/span><span class=\"gw-freetours-star gw-freetours-star--full\" aria-hidden=\"true\">\u2605<\/span><span class=\"gw-freetours-star gw-freetours-star--full\" aria-hidden=\"true\">\u2605<\/span><span class=\"gw-freetours-star gw-freetours-star--full\" aria-hidden=\"true\">\u2605<\/span><span class=\"gw-freetours-star gw-freetours-star--half\" aria-hidden=\"true\">\u2606<\/span><span class=\"gw-freetours-rating__count\">4,9 (5697)<\/span><\/div><\/div><\/div><\/div><div class=\"gw-freetours-card\" data-tour-id=\"40280\"><button type=\"button\" class=\"gw-freetours-image-link\" data-dest=\"https:\/\/www.guruwalk.com\/es\/walks\/40280-viena-en-su-mejor-momento-conoce-a-los-locales\" role=\"link\" aria-label=\"VIENA EN SU MEJOR MOMENTO: CONOCE A LOS LOCALES\"><div class=\"gw-freetours-image\"><img decoding=\"async\" class=\"gw-freetours-photo\" src=\"https:\/\/blog.guruwalk.com\/wp-content\/uploads\/gw-freetours-cache\/40280-33efe07beba2251dd915065acf135d66.jpg\" alt=\"VIENA EN SU MEJOR MOMENTO: CONOCE A LOS LOCALES\" loading=\"lazy\" \/><div class=\"gw-freetours-flags\"><img decoding=\"async\" src=\"https:\/\/blog.guruwalk.com\/wp-content\/gurupluginswalk\/wp-gw-freetours\/assets\/flags\/de.svg\" alt=\"de\" class=\"gw-freetours-flag\" \/><img decoding=\"async\" src=\"https:\/\/blog.guruwalk.com\/wp-content\/gurupluginswalk\/wp-gw-freetours\/assets\/flags\/en.svg\" alt=\"en\" class=\"gw-freetours-flag\" \/><\/div><\/div><\/button><div class=\"gw-freetours-content\"><h4 class=\"gw-freetours-title\"><button type=\"button\" class=\"gw-freetours-title-link\" data-dest=\"https:\/\/www.guruwalk.com\/es\/walks\/40280-viena-en-su-mejor-momento-conoce-a-los-locales\" role=\"link\">VIENA EN SU MEJOR MOMENTO: CONOCE A LOS LOCALES<\/button><\/h4><div class=\"gw-freetours-meta-top\"><span class=\"gw-freetours-duration\"><svg width=\"16\" height=\"16\" viewBox=\"0 0 24 24\" fill=\"none\" stroke=\"currentColor\" stroke-width=\"2\"><circle cx=\"12\" cy=\"12\" r=\"10\"\/><polyline points=\"12,6 12,12 16,14\"\/><\/svg>2:00<\/span><button class=\"gw-freetours-map-btn\" data-lat=\"48.204219\" data-lng=\"16.369204\" data-address=\"Albertinapl. 2, 1010 Wien, Austria\" data-instructions=\"Albertinaplatz 2-3 junto al Caf\u00e9 MOZART\"><svg width=\"16\" height=\"16\" viewBox=\"0 0 24 24\" fill=\"none\" stroke=\"currentColor\" stroke-width=\"2\"><path d=\"M21 10c0 7-9 13-9 13s-9-6-9-13a9 9 0 0 1 18 0z\"\/><circle cx=\"12\" cy=\"10\" r=\"3\"\/><\/svg><\/button><\/div><p class=\"gw-freetours-description\">TOURS ABSOLUTOS DE VIENA Somos un peque\u00f1o grupo de gu\u00edas individualistas y experimentados.<\/p><div class=\"gw-freetours-author\"><span class=\"gw-freetours-author-link\"><img decoding=\"async\" src=\"https:\/\/media.guruwalk.com\/qzbxln2rx8donj8gwvpjnzbcov4r\" alt=\"Absolute Vienna Tours\" class=\"gw-freetours-author-avatar\" \/><span class=\"gw-freetours-author-name\">Absolute Vienna Tours<\/span><\/span><\/div><div class=\"gw-freetours-rating-container\"><div class=\"gw-freetours-rating\" aria-label=\"Valoraci\u00f3n 4.6 de 5\"><span class=\"gw-freetours-star gw-freetours-star--full\" aria-hidden=\"true\">\u2605<\/span><span class=\"gw-freetours-star gw-freetours-star--full\" aria-hidden=\"true\">\u2605<\/span><span class=\"gw-freetours-star gw-freetours-star--full\" aria-hidden=\"true\">\u2605<\/span><span class=\"gw-freetours-star gw-freetours-star--full\" aria-hidden=\"true\">\u2605<\/span><span class=\"gw-freetours-star gw-freetours-star--half\" aria-hidden=\"true\">\u2606<\/span><span class=\"gw-freetours-rating__count\">4,6 (2183)<\/span><\/div><\/div><\/div><\/div><div class=\"gw-freetours-card\" data-tour-id=\"36416\"><button type=\"button\" class=\"gw-freetours-image-link\" data-dest=\"https:\/\/www.guruwalk.com\/es\/walks\/36416-free-tour-viena-parte-1-lo-mas-destacado\" role=\"link\" aria-label=\"\ud83c\udde6\ud83c\uddf9Free Tour Viena - PARTE 1, lo m\u00e1s destacado\"><div class=\"gw-freetours-image\"><img decoding=\"async\" class=\"gw-freetours-photo\" src=\"https:\/\/blog.guruwalk.com\/wp-content\/uploads\/gw-freetours-cache\/36416-20abab0212affb946e8417bc8691c761.jpg\" alt=\"\ud83c\udde6\ud83c\uddf9Free Tour Viena - PARTE 1, lo m\u00e1s destacado\" loading=\"lazy\" \/><div class=\"gw-freetours-flags\"><img decoding=\"async\" src=\"https:\/\/blog.guruwalk.com\/wp-content\/gurupluginswalk\/wp-gw-freetours\/assets\/flags\/de.svg\" alt=\"de\" class=\"gw-freetours-flag\" \/><img decoding=\"async\" src=\"https:\/\/blog.guruwalk.com\/wp-content\/gurupluginswalk\/wp-gw-freetours\/assets\/flags\/en.svg\" alt=\"en\" class=\"gw-freetours-flag\" \/><\/div><\/div><\/button><div class=\"gw-freetours-content\"><h4 class=\"gw-freetours-title\"><button type=\"button\" class=\"gw-freetours-title-link\" data-dest=\"https:\/\/www.guruwalk.com\/es\/walks\/36416-free-tour-viena-parte-1-lo-mas-destacado\" role=\"link\">\ud83c\udde6\ud83c\uddf9Free Tour Viena &#8211; PARTE 1, lo m\u00e1s destacado<\/button><\/h4><div class=\"gw-freetours-meta-top\"><span class=\"gw-freetours-duration\"><svg width=\"16\" height=\"16\" viewBox=\"0 0 24 24\" fill=\"none\" stroke=\"currentColor\" stroke-width=\"2\"><circle cx=\"12\" cy=\"12\" r=\"10\"\/><polyline points=\"12,6 12,12 16,14\"\/><\/svg>2:00<\/span><button class=\"gw-freetours-map-btn\" data-lat=\"48.202648\" data-lng=\"16.36935\" data-address=\"Oper\/Karlsplatz U, 1010 Wien, Austria\" data-instructions=\"\u00d3pera Estatal en la esquina de K\u00e4rntner Strasse \/ Opernring, Herbert-von-Karajan-Platz - \u00a1Encuentra el paraguas blanco!\"><svg width=\"16\" height=\"16\" viewBox=\"0 0 24 24\" fill=\"none\" stroke=\"currentColor\" stroke-width=\"2\"><path d=\"M21 10c0 7-9 13-9 13s-9-6-9-13a9 9 0 0 1 18 0z\"\/><circle cx=\"12\" cy=\"10\" r=\"3\"\/><\/svg><\/button><\/div><p class=\"gw-freetours-description\">Nuestros gu\u00edas autorizados de Austria, gu\u00edas tur\u00edsticos certificados por el estado, conocen los lugares tur\u00eds&#8230;<\/p><div class=\"gw-freetours-author\"><span class=\"gw-freetours-author-link\"><img decoding=\"async\" src=\"https:\/\/media.guruwalk.com\/bhcs7ibnk7wbbkd2tlxtd3z8xb6g\" alt=\"redandwhite.tours\" class=\"gw-freetours-author-avatar\" \/><span class=\"gw-freetours-author-name\">redandwhite.tours<\/span><\/span><\/div><div class=\"gw-freetours-rating-container\"><div class=\"gw-freetours-rating\" aria-label=\"Valoraci\u00f3n 4.7 de 5\"><span class=\"gw-freetours-star gw-freetours-star--full\" aria-hidden=\"true\">\u2605<\/span><span class=\"gw-freetours-star gw-freetours-star--full\" aria-hidden=\"true\">\u2605<\/span><span class=\"gw-freetours-star gw-freetours-star--full\" aria-hidden=\"true\">\u2605<\/span><span class=\"gw-freetours-star gw-freetours-star--full\" aria-hidden=\"true\">\u2605<\/span><span class=\"gw-freetours-star gw-freetours-star--half\" aria-hidden=\"true\">\u2606<\/span><span class=\"gw-freetours-rating__count\">4,7 (5934)<\/span><\/div><\/div><\/div><\/div><\/div><\/div><div class=\"gw-freetours-place-link\"><a href=\"https:\/\/www.guruwalk.com\/es\/viena\" target=\"_blank\" rel=\"noopener\" class=\"gw-freetours-place-btn\">+ Free Tour Vienna<\/a><\/div><\/div>\n\n\n<h2 class=\"wp-block-heading\" id=\"viena-en-un-dia\">\u00bfQu\u00e9 ver en Viena en 1 o 3 d\u00edas?<\/h2>\n\n\n\n<p class=\"wp-block-paragraph\">Viena combina el patrimonio imperial con museos, salas de conciertos y barrios residenciales de arquitectura singular. Este itinerario organiza las visitas para una estancia de uno o tres d\u00edas.<\/p>\n\n\n\n<h3 class=\"wp-block-heading\">Itinerario para un d\u00eda<\/h3>\n\n\n\n<p class=\"wp-block-paragraph\">Si solo dispones de 24 horas, concentra la visita en el primer distrito (Innere Stadt), el centro hist\u00f3rico de Viena. Comienza en la Catedral de San Esteban (Stephansdom), donde puedes recorrer la nave y decidir si a\u00f1ades alguna de las torres o las catacumbas.<\/p>\n\n\n\n<p class=\"wp-block-paragraph\">Despu\u00e9s, dir\u00edgete al Palacio Imperial de Hofburg, antigua residencia de los Habsburgo. Dedica tiempo a los Apartamentos Imperiales y al Museo de Sisi, que explican la vida de la emperatriz Isabel y el funcionamiento de la corte.<\/p>\n\n\n\n<p class=\"wp-block-paragraph\">Para el almuerzo, reserva mesa en el hist\u00f3rico Caf\u00e9 Central, donde podr\u00e1s degustar cocina vienesa y pasteler\u00eda cl\u00e1sica en un ambiente de finales del siglo XIX.<\/p>\n\n\n\n<p class=\"wp-block-paragraph\">Por la tarde, visita el <a href=\"https:\/\/www.khm.at\/\" rel=\"nofollow noreferrer noopener\" target=\"_blank\">Museo de Historia del Arte<\/a> (Kunsthistorisches Museum), que re\u00fane las colecciones art\u00edsticas de los Habsburgo y obras de Bruegel, Vermeer, Rafael y Vel\u00e1zquez.<\/p>\n\n\n\n<h3 class=\"wp-block-heading\">Consejos para tu visita de un d\u00eda<\/h3>\n\n\n\n<ul class=\"wp-block-list\">\n<li><strong>\ud83d\uddfa\ufe0f Orden de visita:<\/strong> agrupa la Catedral, Hofburg y el museo por zonas para reducir desplazamientos.<\/li>\n\n\n\n<li><strong>\ud83c\udfab Reservas:<\/strong> comprueba la disponibilidad del Museo de Historia del Arte y de los Apartamentos Imperiales antes de cerrar el itinerario.<\/li>\n\n\n\n<li><strong>\ud83d\udeb6\u200d\u2642\ufe0f Transporte:<\/strong> el primer distrito puede recorrerse a pie; usa el metro o el tranv\u00eda para los trayectos fuera del centro.<\/li>\n\n\n\n<li><strong>\u2615 Pausas:<\/strong> las cafeter\u00edas hist\u00f3ricas permiten encajar una parada entre Hofburg y los museos de la Ringstrasse.<\/li>\n<\/ul>\n\n\n\n<h3 class=\"wp-block-heading\">Itinerario para tres d\u00edas<\/h3>\n\n\n\n<h4 class=\"wp-block-heading\">D\u00eda 1<\/h4>\n\n\n\n<p class=\"wp-block-paragraph\">Sigue el itinerario anterior para el primer d\u00eda, centrado en las atracciones principales del centro hist\u00f3rico.<\/p>\n\n\n\n<h4 class=\"wp-block-heading\">D\u00eda 2<\/h4>\n\n\n\n<p class=\"wp-block-paragraph\">Dedica la ma\u00f1ana al <a href=\"https:\/\/www.schoenbrunn.at\/\" rel=\"nofollow noreferrer noopener\" target=\"_blank\">Palacio de Sch\u00f6nbrunn<\/a>, la residencia de verano de los Habsburgo. Reserva al menos tres horas para el palacio, los jardines y la Gloriette, y comprueba la franja de acceso antes de desplazarte. Por la tarde, visita el MuseumsQuartier, un complejo dedicado al arte moderno y contempor\u00e1neo.<\/p>\n\n\n\n<p class=\"wp-block-paragraph\">Finaliza el d\u00eda asistiendo a un concierto en la <a href=\"https:\/\/www.wiener-staatsoper.at\/\" rel=\"nofollow noreferrer noopener\" target=\"_blank\">\u00d3pera Estatal de Viena<\/a> o en el Musikverein, sede habitual de la Orquesta Filarm\u00f3nica de Viena. Las visitas al edificio y las funciones tienen reservas independientes, por lo que conviene consultar cada disponibilidad por separado.<\/p>\n\n\n\n<h4 class=\"wp-block-heading\">D\u00eda 3<\/h4>\n\n\n\n<p class=\"wp-block-paragraph\">Comienza en el Palacio Belvedere, hogar de la principal colecci\u00f3n de Gustav Klimt, incluido \u201cEl beso\u201d. Por la tarde, explora el barrio de Spittelberg, de calles empedradas y arquitectura barroca.<\/p>\n\n\n\n<p class=\"wp-block-paragraph\">Termina en el Naschmarkt, el mercado m\u00e1s grande de Viena, donde encontrar\u00e1s puestos y restaurantes con especialidades locales.<\/p>\n\n\n\n<h2 class=\"wp-block-heading\" id=\"museo-historia-arte\">Museo de Historia del Arte de Viena<\/h2>\n\n\n\n<figure class=\"wp-block-image size-full\"><img decoding=\"async\" width=\"800\" height=\"500\" src=\"https:\/\/blog.guruwalk.com\/wp-content\/uploads\/2025\/03\/image-409.jpeg\" alt=\"Fachada del Kunsthistorisches Museum de Viena con estatua ecuestre\" class=\"wp-image-8499\" srcset=\"https:\/\/blog.guruwalk.com\/wp-content\/uploads\/2025\/03\/image-409.jpeg 800w, https:\/\/blog.guruwalk.com\/wp-content\/uploads\/2025\/03\/image-409-300x188.jpeg 300w, https:\/\/blog.guruwalk.com\/wp-content\/uploads\/2025\/03\/image-409-768x480.jpeg 768w\" sizes=\"(max-width: 800px) 100vw, 800px\" \/><figcaption class=\"wp-element-caption\">Museo de Historia del Arte de Viena<\/figcaption><\/figure>\n\n\n\n<p class=\"wp-block-paragraph\">El <strong>Museo de Historia del Arte<\/strong> (Kunsthistorisches Museum) se construy\u00f3 en 1891 junto al Palacio Imperial para custodiar las colecciones de los Habsburgo, incluida la <strong>mayor colecci\u00f3n de Bruegel<\/strong> del mundo. Antes, las obras se guardaban en Hofburg y Belvedere.<\/p>\n\n\n\n<p class=\"wp-block-paragraph\">Durante la construcci\u00f3n de la Ringstrasse se levantaron dos edificios gemelos: uno para las <strong>Colecciones Imperiales<\/strong> de arte (KHM) y otro para el <strong>Museo de Historia Natural<\/strong>. A diferencia de otros museos situados en palacios, este edificio se concibi\u00f3 como museo, con salas dise\u00f1adas en funci\u00f3n de sus contenidos.<\/p>\n\n\n\n<p class=\"wp-block-paragraph\">En la pinacoteca ver\u00e1s obras clave del arte occidental como <strong>\u201cLa Virgen del prado\u201d<\/strong> de <strong>Rafael<\/strong>, <em>\u201cEl arte de la pintura\u201d<\/em> de <strong>Vermeer<\/strong>, retratos de la <strong>infanta Margarita Teresa<\/strong> de <strong>Vel\u00e1zquez<\/strong> y obras de <strong>Tiziano, Rubens, Durero, Rembrandt o Tintoretto<\/strong>.<\/p>\n\n\n\n<p class=\"wp-block-paragraph\">La planta baja acoge las colecciones de <strong>Egipto y Oriente Pr\u00f3ximo<\/strong> y de <strong>Antig\u00fcedades griegas y romanas<\/strong>, con esculturas, momias y objetos de culto. Las primeras plantas muestran la pintura por escuelas nacionales.<\/p>\n\n\n\n<figure class=\"wp-block-image size-full\"><img decoding=\"async\" width=\"800\" height=\"500\" src=\"https:\/\/blog.guruwalk.com\/wp-content\/uploads\/2025\/03\/image-410.jpeg\" alt=\"Gran escalera e interior hist\u00f3rico del Kunsthistorisches Museum\" class=\"wp-image-8507\" srcset=\"https:\/\/blog.guruwalk.com\/wp-content\/uploads\/2025\/03\/image-410.jpeg 800w, https:\/\/blog.guruwalk.com\/wp-content\/uploads\/2025\/03\/image-410-300x188.jpeg 300w, https:\/\/blog.guruwalk.com\/wp-content\/uploads\/2025\/03\/image-410-768x480.jpeg 768w\" sizes=\"(max-width: 800px) 100vw, 800px\" \/><figcaption class=\"wp-element-caption\">Gran escalera del Museo de Historia del Arte de Viena<\/figcaption><\/figure>\n\n\n\n<p class=\"wp-block-paragraph\">En la <strong>segunda planta<\/strong> est\u00e1 el <strong>Gabinete Numism\u00e1tico<\/strong>, con <strong>\u2248600.000 objetos<\/strong> (monedas, billetes, medallas y m\u00e1s), una de las colecciones numism\u00e1ticas m\u00e1s amplias del museo.<\/p>\n\n\n\n<p class=\"wp-block-paragraph\">Tambi\u00e9n destaca la <strong>Kunstkammer<\/strong> (C\u00e1mara de las Maravillas), con objetos desde la Edad Media al Barroco.<\/p>\n\n\n\n<p class=\"wp-block-paragraph\">La audiogu\u00eda ayuda a seleccionar las piezas relevantes y a organizar el recorrido seg\u00fan el tiempo disponible.<\/p>\n\n\n\n<blockquote class=\"wp-block-quote is-layout-flow wp-block-quote-is-layout-flow\">\n<p class=\"wp-block-paragraph\">Calcula entre dos y tres horas. Comprueba la disponibilidad y las posibles restricciones de salas en la web oficial antes de la visita.<\/p>\n<\/blockquote>\n\n\n\n<h2 class=\"wp-block-heading\" id=\"catedral-san-esteban\">Catedral de San Esteban de Viena (Stephansdom)<\/h2>\n\n\n\n<figure class=\"wp-block-image size-full\"><img decoding=\"async\" width=\"800\" height=\"550\" src=\"https:\/\/blog.guruwalk.com\/wp-content\/uploads\/2025\/03\/image-411.jpeg\" alt=\"Catedral de San Esteban de Viena bajo cielo azul con tejado de azulejos\" class=\"wp-image-8515\" srcset=\"https:\/\/blog.guruwalk.com\/wp-content\/uploads\/2025\/03\/image-411.jpeg 800w, https:\/\/blog.guruwalk.com\/wp-content\/uploads\/2025\/03\/image-411-300x206.jpeg 300w, https:\/\/blog.guruwalk.com\/wp-content\/uploads\/2025\/03\/image-411-768x528.jpeg 768w\" sizes=\"(max-width: 800px) 100vw, 800px\" \/><figcaption class=\"wp-element-caption\">Catedral de San Esteban de Viena<\/figcaption><\/figure>\n\n\n\n<p class=\"wp-block-paragraph\">La <strong>Catedral de San Esteban<\/strong> ocupa un lugar central en Viena y suele ser el punto de inicio de muchos recorridos por su ubicaci\u00f3n en pleno centro.<\/p>\n\n\n\n<p class=\"wp-block-paragraph\">Se erigi\u00f3 sobre las ruinas de una iglesia rom\u00e1nica y fue consagrada en <strong>1147<\/strong>. Es el principal templo vien\u00e9s, reconocido por su arquitectura y por el patrimonio que custodia.<\/p>\n\n\n\n<h3 class=\"wp-block-heading\">Estilo y arquitectura<\/h3>\n\n\n\n<figure class=\"wp-block-image size-full\"><img decoding=\"async\" width=\"900\" height=\"599\" src=\"https:\/\/blog.guruwalk.com\/wp-content\/uploads\/2025\/03\/image-412.jpeg\" alt=\"Interior g\u00f3tico de la Catedral de San Esteban de Viena\" class=\"wp-image-8523\" srcset=\"https:\/\/blog.guruwalk.com\/wp-content\/uploads\/2025\/03\/image-412.jpeg 900w, https:\/\/blog.guruwalk.com\/wp-content\/uploads\/2025\/03\/image-412-300x200.jpeg 300w, https:\/\/blog.guruwalk.com\/wp-content\/uploads\/2025\/03\/image-412-768x511.jpeg 768w\" sizes=\"(max-width: 900px) 100vw, 900px\" \/><figcaption class=\"wp-element-caption\">Interior g\u00f3tico de la Catedral de San Esteban de Viena<\/figcaption><\/figure>\n\n\n\n<p class=\"wp-block-paragraph\">La catedral destaca por sus <strong>tejados policromados<\/strong>, sus torres y la gran aguja. La <strong>torre sur mide 136,4 m<\/strong> y el tejado luce <strong>\u2248230.000<\/strong> azulejos vidriados.<\/p>\n\n\n\n<p class=\"wp-block-paragraph\">El museo de la Catedral conserva <strong>tallas<\/strong> de los siglos XVI y XVII y <strong>pinturas religiosas<\/strong> del XVIII, adem\u00e1s del Tesoro.<\/p>\n\n\n\n<p class=\"wp-block-paragraph\">En el interior conviven estilos de distintas \u00e9pocas: <strong>nave, capillas y coro g\u00f3ticos<\/strong>, con a\u00f1adidos barrocos en dependencias laterales. Alberga criptas con restos de miembros de los Habsburgo. Aqu\u00ed se celebraron, entre otros, la boda y el funeral de Mozart.<\/p>\n\n\n\n<p class=\"wp-block-paragraph\">Elementos destacados: el <strong>P\u00falpito de Pilgram<\/strong>, la imagen de <strong>Cristo Crucificado<\/strong> (seg\u00fan la tradici\u00f3n, con \u201cbarba\u201d de pelo humano), las <strong>Catacumbas<\/strong> y la <strong>campana Pummerin<\/strong> (en la torre norte, reconstruida tras 1945). Las <strong>Torres de los Paganos<\/strong> enmarcan la <strong>Puerta de los Gigantes<\/strong>; en el lado derecho se halla la <strong>Puerta de los Cantores<\/strong>.<\/p>\n\n\n\n<blockquote class=\"wp-block-quote is-layout-flow wp-block-quote-is-layout-flow\">\n<p class=\"wp-block-paragraph\">La torre sur tiene un mirador al que se accede por escalera; la plataforma de la torre norte dispone de ascensor. El pavimento es irregular en algunas zonas hist\u00f3ricas.<\/p>\n<\/blockquote>\n\n\n<div class=\"gb-container gb-container-4b76c6ab\">\n\n<h2 class=\"wp-block-heading\" id=\"opera-estatal\">\u00d3pera Estatal de Viena<\/h2>\n\n<\/div>\n\n\n<figure class=\"wp-block-image size-full\"><img decoding=\"async\" width=\"900\" height=\"600\" src=\"https:\/\/blog.guruwalk.com\/wp-content\/uploads\/2025\/03\/image-413.jpeg\" alt=\"Fachada de la \u00d3pera Estatal de Viena en la Ringstrasse\" class=\"wp-image-8531\" srcset=\"https:\/\/blog.guruwalk.com\/wp-content\/uploads\/2025\/03\/image-413.jpeg 900w, https:\/\/blog.guruwalk.com\/wp-content\/uploads\/2025\/03\/image-413-300x200.jpeg 300w, https:\/\/blog.guruwalk.com\/wp-content\/uploads\/2025\/03\/image-413-768x512.jpeg 768w\" sizes=\"(max-width: 900px) 100vw, 900px\" \/><figcaption class=\"wp-element-caption\">Fachada de la \u00d3pera Estatal de Viena<\/figcaption><\/figure>\n\n\n\n<p class=\"wp-block-paragraph\">La <strong>\u00d3pera Estatal de Viena<\/strong> (Staatsoper) fue el primer edificio terminado de la Ringstrasse. Fue <strong>inaugurada el 25 de mayo de 1869 con <em>Don Giovanni<\/em><\/strong>, sufri\u00f3 graves da\u00f1os en 1945 y reabri\u00f3 en 1955.<\/p>\n\n\n\n<p class=\"wp-block-paragraph\">Su arquitectura es renacentista. El auditorio ofrece <strong>2.284 plazas<\/strong> (1.709 asientos y 567 de pie) y dispone de pantallas de sobret\u00edtulos en varios idiomas.<\/p>\n\n\n\n<p class=\"wp-block-paragraph\">El acceso tur\u00edstico al interior se realiza mediante <strong>visitas guiadas<\/strong>, con varios idiomas disponibles. Consulta el calendario oficial porque las visitas y las funciones tienen horarios y reservas diferentes.<\/p>\n\n\n\n<h3 class=\"gb-headline gb-headline-c512dace gb-headline-text\">Consejos para visitar la \u00d3pera<\/h3>\n\n\n\n<ul class=\"wp-block-list\">\n<li><strong>\ud83c\udfab Entradas:<\/strong> consulta las modalidades disponibles, incluidos los asientos y las plazas de pie, en el canal oficial.<\/li>\n\n\n\n<li><strong>\ud83d\udd52 Visitas guiadas:<\/strong> comprueba idioma, hora y disponibilidad antes de acudir.<\/li>\n\n\n\n<li><strong>\ud83d\udcf8 Fotograf\u00eda:<\/strong> revisa las normas aplicables a visitas y funciones.<\/li>\n\n\n\n<li><strong>\ud83d\udc57 Vestimenta:<\/strong> consulta las indicaciones de acceso asociadas a tu funci\u00f3n.<\/li>\n<\/ul>\n\n\n\n<blockquote class=\"wp-block-quote is-layout-flow wp-block-quote-is-layout-flow\">\n<p class=\"wp-block-paragraph\">Las plazas de pie pueden ser una alternativa a los asientos. Comprueba el sistema de venta y la disponibilidad para la fecha elegida.<\/p>\n<\/blockquote>\n\n\n<div class=\"gw-products-block\" style=\"--gw-nav-width:30px; --gw-nav-height:30px; --gw-chevron-w:15px; --gw-chevron-h:15px; --gw-circle-color:#0a5bd9; --gw-chevron-color:#0a5bd9;\"><div class=\"gw-products-carousel\" aria-live=\"polite\"><article class=\"gw-card\"><div class=\"gw-card__image\"><img decoding=\"async\" class=\"gw-card__photo\" src=\"https:\/\/blog.guruwalk.com\/wp-content\/uploads\/gw-products\/images\/a370e8e514ed7d38cdc93b1be192bfd4.webp\" alt=\"Viena: Concierto de las Cuatro Estaciones de Vivaldi en la Karlskirche\" loading=\"lazy\" \/><\/div><div class=\"gw-card__body\"><h3 class=\"gw-card__title\">Viena: Concierto de las Cuatro Estaciones de Vivaldi en la Karlskirche<\/h3><div class=\"gw-card__footer\"><div class=\"gw-card__meta\"><div class=\"gw-rating\" aria-label=\"Valoraci\u00f3n 4.7 de 5\"><span class=\"gw-star gw-star--full\" aria-hidden=\"true\">\u2605<\/span><span class=\"gw-star gw-star--full\" aria-hidden=\"true\">\u2605<\/span><span class=\"gw-star gw-star--full\" aria-hidden=\"true\">\u2605<\/span><span class=\"gw-star gw-star--full\" aria-hidden=\"true\">\u2605<\/span><span class=\"gw-star gw-star--half\" aria-hidden=\"true\">\u2606<\/span><span class=\"gw-rating__count\">4,7 (17003)<\/span><\/div><\/div><div class=\"gw-card__price\">Desde \u20ac38,00<\/div><\/div><\/div><a class=\"gw-card__link\" href=\"https:\/\/www.guruwalk.com\/es\/walks\/p101695-viena-concierto-de-las-cuatro-estaciones-de-vivaldi-en-la-karlskirche\" target=\"_blank\" rel=\"noopener\" aria-label=\"Viena: Concierto de las Cuatro Estaciones de Vivaldi en la Karlskirche\"><\/a><\/article><article class=\"gw-card\"><div class=\"gw-card__image\"><img decoding=\"async\" class=\"gw-card__photo\" src=\"https:\/\/blog.guruwalk.com\/wp-content\/uploads\/gw-products\/images\/5d61f5b8bde39f162cb32ddc0e70ad78.webp\" alt=\"Viena: espect\u00e1culo-concierto de Freddie Mercury en la \u00d3pera\" loading=\"lazy\" \/><\/div><div class=\"gw-card__body\"><h3 class=\"gw-card__title\">Viena: espect\u00e1culo-concierto de Freddie Mercury en la \u00d3pera<\/h3><div class=\"gw-card__footer\"><div class=\"gw-card__meta\"><div class=\"gw-rating\" aria-label=\"Valoraci\u00f3n 4.5 de 5\"><span class=\"gw-star gw-star--full\" aria-hidden=\"true\">\u2605<\/span><span class=\"gw-star gw-star--full\" aria-hidden=\"true\">\u2605<\/span><span class=\"gw-star gw-star--full\" aria-hidden=\"true\">\u2605<\/span><span class=\"gw-star gw-star--full\" aria-hidden=\"true\">\u2605<\/span><span class=\"gw-star gw-star--half\" aria-hidden=\"true\">\u2606<\/span><span class=\"gw-rating__count\">4,5 (157)<\/span><\/div><\/div><div class=\"gw-card__price\">Desde \u20ac50,00<\/div><\/div><\/div><a class=\"gw-card__link\" href=\"https:\/\/www.guruwalk.com\/es\/walks\/p163711-viena-espectaculo-concierto-de-freddie-mercury-en-la-opera\" target=\"_blank\" rel=\"noopener\" aria-label=\"Viena: espect\u00e1culo-concierto de Freddie Mercury en la \u00d3pera\"><\/a><\/article><article class=\"gw-card\"><div class=\"gw-card__image\"><img decoding=\"async\" class=\"gw-card__photo\" src=\"https:\/\/blog.guruwalk.com\/wp-content\/uploads\/gw-products\/images\/a85ab3de349452ebb229a7cfd20f44ca.webp\" alt=\"Viena: Concierto de m\u00fasica cl\u00e1sica en la iglesia de Santa Ana (Annakirche)\" loading=\"lazy\" \/><\/div><div class=\"gw-card__body\"><h3 class=\"gw-card__title\">Viena: Concierto de m\u00fasica cl\u00e1sica en la iglesia de Santa Ana (Annakirche)<\/h3><div class=\"gw-card__footer\"><div class=\"gw-card__meta\"><div class=\"gw-rating\" aria-label=\"Valoraci\u00f3n 4.6 de 5\"><span class=\"gw-star gw-star--full\" aria-hidden=\"true\">\u2605<\/span><span class=\"gw-star gw-star--full\" aria-hidden=\"true\">\u2605<\/span><span class=\"gw-star gw-star--full\" aria-hidden=\"true\">\u2605<\/span><span class=\"gw-star gw-star--full\" aria-hidden=\"true\">\u2605<\/span><span class=\"gw-star gw-star--half\" aria-hidden=\"true\">\u2606<\/span><span class=\"gw-rating__count\">4,6 (3671)<\/span><\/div><\/div><div class=\"gw-card__price\">Desde \u20ac27,00<\/div><\/div><\/div><a class=\"gw-card__link\" href=\"https:\/\/www.guruwalk.com\/es\/walks\/p136085-viena-concierto-de-musica-clasica-en-la-iglesia-de-santa-ana-annakirche\" target=\"_blank\" rel=\"noopener\" aria-label=\"Viena: Concierto de m\u00fasica cl\u00e1sica en la iglesia de Santa Ana (Annakirche)\"><\/a><\/article><article class=\"gw-card\"><div class=\"gw-card__image\"><img decoding=\"async\" class=\"gw-card__photo\" src=\"https:\/\/blog.guruwalk.com\/wp-content\/uploads\/gw-products\/images\/33163a766e1fce2fdccba5ceac132396.webp\" alt=\"Mozart, Schubert y obras maestras de la m\u00fasica cl\u00e1sica en la iglesia de los Capuchinos\" loading=\"lazy\" \/><\/div><div class=\"gw-card__body\"><h3 class=\"gw-card__title\">Mozart, Schubert y obras maestras de la m\u00fasica cl\u00e1sica en la iglesia de los Capuchinos<\/h3><div class=\"gw-card__footer\"><div class=\"gw-card__meta\"><div class=\"gw-rating\" aria-label=\"Valoraci\u00f3n 4.8 de 5\"><span class=\"gw-star gw-star--full\" aria-hidden=\"true\">\u2605<\/span><span class=\"gw-star gw-star--full\" aria-hidden=\"true\">\u2605<\/span><span class=\"gw-star gw-star--full\" aria-hidden=\"true\">\u2605<\/span><span class=\"gw-star gw-star--full\" aria-hidden=\"true\">\u2605<\/span><span class=\"gw-star gw-star--half\" aria-hidden=\"true\">\u2606<\/span><span class=\"gw-rating__count\">4,8 (277)<\/span><\/div><\/div><div class=\"gw-card__price\">Desde \u20ac15,00<\/div><\/div><\/div><a class=\"gw-card__link\" href=\"https:\/\/www.guruwalk.com\/es\/walks\/p105490-mozart-schubert-y-obras-maestras-de-la-musica-clasica-en-la-iglesia-de-los-capuchinos\" target=\"_blank\" rel=\"noopener\" aria-label=\"Mozart, Schubert y obras maestras de la m\u00fasica cl\u00e1sica en la iglesia de los Capuchinos\"><\/a><\/article><\/div><div class=\"gw-vertical-link-container\"><a href=\"https:\/\/www.guruwalk.com\/es\/a\/viena\/v72016-conciertos-y-opera-viena\" target=\"_blank\" rel=\"noopener\" style=\"font-weight: bold;\">+ Entradas para Conciertos y \u00d3pera<\/a><\/div><\/div>\n\n\n<h2 class=\"wp-block-heading\" id=\"parlamento-austria\">Parlamento de Austria<\/h2>\n\n\n\n<figure class=\"wp-block-image size-full\"><img decoding=\"async\" width=\"900\" height=\"600\" src=\"https:\/\/blog.guruwalk.com\/wp-content\/uploads\/2025\/03\/image-414.jpeg\" alt=\"Parlamento de Austria en la Ringstrasse, Viena\" class=\"wp-image-8539\" srcset=\"https:\/\/blog.guruwalk.com\/wp-content\/uploads\/2025\/03\/image-414.jpeg 900w, https:\/\/blog.guruwalk.com\/wp-content\/uploads\/2025\/03\/image-414-300x200.jpeg 300w, https:\/\/blog.guruwalk.com\/wp-content\/uploads\/2025\/03\/image-414-768x512.jpeg 768w\" sizes=\"(max-width: 900px) 100vw, 900px\" \/><figcaption class=\"wp-element-caption\">Parlamento de Austria en Viena<\/figcaption><\/figure>\n\n\n\n<p class=\"wp-block-paragraph\">El edificio del <a href=\"https:\/\/www.parlament.gv.at\/\" rel=\"nofollow noreferrer noopener\" target=\"_blank\"><strong>Parlamento de Austria<\/strong><\/a> se ubica en la Ringstrasse (primer distrito), cerca del Palacio de Justicia y frente a la Fuente de <strong>Pallas Atenea<\/strong>. Aqu\u00ed se celebran las sesiones parlamentarias.<\/p>\n\n\n\n<p class=\"wp-block-paragraph\">Obra de <strong>Theophil Hansen<\/strong>, responde al <strong>historicismo de inspiraci\u00f3n griega (Greek Revival)<\/strong>. Se inaugur\u00f3 en <strong>1883<\/strong> y reabri\u00f3 al p\u00fablico el <strong>12 de enero de 2023<\/strong> tras una restauraci\u00f3n integral.<\/p>\n\n\n\n<h3 class=\"wp-block-heading\">El interior del Parlamento de Austria<\/h3>\n\n\n\n<figure class=\"wp-block-image size-full\"><img decoding=\"async\" width=\"900\" height=\"600\" src=\"https:\/\/blog.guruwalk.com\/wp-content\/uploads\/2025\/03\/image-415.jpeg\" alt=\"Sal\u00f3n de columnas del Parlamento de Austria\" class=\"wp-image-8547\" srcset=\"https:\/\/blog.guruwalk.com\/wp-content\/uploads\/2025\/03\/image-415.jpeg 900w, https:\/\/blog.guruwalk.com\/wp-content\/uploads\/2025\/03\/image-415-300x200.jpeg 300w, https:\/\/blog.guruwalk.com\/wp-content\/uploads\/2025\/03\/image-415-768x512.jpeg 768w\" sizes=\"(max-width: 900px) 100vw, 900px\" \/><figcaption class=\"wp-element-caption\">Sal\u00f3n de columnas del Parlamento de Austria<\/figcaption><\/figure>\n\n\n\n<p class=\"wp-block-paragraph\">El complejo alberga el <strong>Consejo Federal<\/strong> (Bundesrat) y el <strong>Consejo Nacional<\/strong> (Nationalrat), unidos por un p\u00f3rtico central. Las <strong>visitas guiadas<\/strong> recorren el Sal\u00f3n de los Pilares y otras estancias; comprueba las condiciones de acceso y reserva en el sitio oficial.<\/p>\n\n\n\n<p class=\"wp-block-paragraph\">Frente a la entrada principal se alza la <strong>Fuente de Pallas Atenea<\/strong>, s\u00edmbolo de sabidur\u00eda del Estado.<\/p>\n\n\n\n<h2 class=\"wp-block-heading\" id=\"museo-carruajes\">Museo de Carruajes Imperiales de Viena<\/h2>\n\n\n\n<figure class=\"wp-block-image size-full\"><img decoding=\"async\" width=\"900\" height=\"548\" src=\"https:\/\/blog.guruwalk.com\/wp-content\/uploads\/2025\/03\/image-416.jpeg\" alt=\"Carroza imperial dorada en el Museo de Carruajes Imperiales de Viena\" class=\"wp-image-8555\" srcset=\"https:\/\/blog.guruwalk.com\/wp-content\/uploads\/2025\/03\/image-416.jpeg 900w, https:\/\/blog.guruwalk.com\/wp-content\/uploads\/2025\/03\/image-416-300x183.jpeg 300w, https:\/\/blog.guruwalk.com\/wp-content\/uploads\/2025\/03\/image-416-768x468.jpeg 768w\" sizes=\"(max-width: 900px) 100vw, 900px\" \/><figcaption class=\"wp-element-caption\">Carroza imperial del Museo de Carruajes Imperiales de Viena<\/figcaption><\/figure>\n\n\n\n<p class=\"wp-block-paragraph\">En el <strong>Schlosspark de Sch\u00f6nbrunn<\/strong> se ubica el <strong>Museo de los Carruajes Imperiales<\/strong>, con m\u00e1s de <strong>170<\/strong> piezas entre carruajes, trineos y sillas, adem\u00e1s de vestidos y objetos de la corte.<\/p>\n\n\n\n<p class=\"wp-block-paragraph\">Entre las piezas m\u00e1s llamativas figuran el <strong>coche f\u00fanebre de la corte<\/strong>, la <strong>carroza de la emperatriz Sisi<\/strong> y el <strong>Imperialwagen<\/strong> del siglo XVIII.<\/p>\n\n\n\n<h3 class=\"wp-block-heading\">Consejos para tu visita al Museo de Carruajes<\/h3>\n\n\n\n<ul class=\"wp-block-list\">\n<li><strong>\ud83c\udfab Entradas:<\/strong> comprueba si existe una modalidad combinada adecuada para tu recorrido por Sch\u00f6nbrunn.<\/li>\n\n\n\n<li><strong>\ud83c\udfa7 Audiogu\u00eda:<\/strong> consulta los idiomas disponibles al reservar.<\/li>\n\n\n\n<li><strong>\ud83d\udcf8 Fotograf\u00eda:<\/strong> revisa las normas del museo antes de utilizar flash o tr\u00edpode.<\/li>\n\n\n\n<li><strong>\u23f0 Duraci\u00f3n:<\/strong> reserva alrededor de una hora y media si quieres observar la colecci\u00f3n con calma.<\/li>\n<\/ul>\n\n\n\n<p class=\"wp-block-paragraph\">La exposici\u00f3n permanente traza en paralelo la vida de la <strong>emperatriz Isabel<\/strong> y la de <strong>Diana de Gales<\/strong>, resaltando similitudes biogr\u00e1ficas.<\/p>\n\n\n\n<h2 class=\"wp-block-heading\" id=\"palacio-schonbrunn\">Palacio Sch\u00f6nbrunn<\/h2>\n\n\n\n<figure class=\"wp-block-image size-full\"><img decoding=\"async\" width=\"970\" height=\"592\" src=\"https:\/\/blog.guruwalk.com\/wp-content\/uploads\/2025\/03\/image-417.jpeg\" alt=\"Fachada del Palacio de Sch\u00f6nbrunn reflejada en el estanque, Viena\" class=\"wp-image-8563\" srcset=\"https:\/\/blog.guruwalk.com\/wp-content\/uploads\/2025\/03\/image-417.jpeg 970w, https:\/\/blog.guruwalk.com\/wp-content\/uploads\/2025\/03\/image-417-300x183.jpeg 300w, https:\/\/blog.guruwalk.com\/wp-content\/uploads\/2025\/03\/image-417-768x469.jpeg 768w\" sizes=\"(max-width: 970px) 100vw, 970px\" \/><figcaption class=\"wp-element-caption\">Palacio de Sch\u00f6nbrunn reflejado en el estanque, Viena<\/figcaption><\/figure>\n\n\n\n<p class=\"wp-block-paragraph\">El <strong>Palacio de Sch\u00f6nbrunn<\/strong>, conjunto barroco declarado Patrimonio de la Humanidad en 1996, fue la residencia de verano de los emperadores.<\/p>\n\n\n\n<p class=\"wp-block-paragraph\">La visita interior es <strong>autoguiada con audiogu\u00eda<\/strong> y tiene una hora asignada; tambi\u00e9n hay <strong>tours guiados<\/strong> en horarios espec\u00edficos. Consulta disponibilidad antes de organizar el desplazamiento.<\/p>\n\n\n\n<p class=\"wp-block-paragraph\">En la Edad Media exist\u00eda aqu\u00ed la finca <strong>Katterburg<\/strong>, parte de la abad\u00eda de Klosterneuburg. En 1569 pas\u00f3 a Maximiliano II. En 1683 la finca y el pabell\u00f3n de caza <strong>resultaron da\u00f1ados durante el asedio<\/strong> y Leopoldo I impuls\u00f3 una nueva residencia.<\/p>\n\n\n\n<figure class=\"wp-block-image size-full\"><img decoding=\"async\" width=\"900\" height=\"600\" src=\"https:\/\/blog.guruwalk.com\/wp-content\/uploads\/2025\/03\/image-418.jpeg\" alt=\"Vista del Palacio de Sch\u00f6nbrunn con fuente, Viena\" class=\"wp-image-8571\" srcset=\"https:\/\/blog.guruwalk.com\/wp-content\/uploads\/2025\/03\/image-418.jpeg 900w, https:\/\/blog.guruwalk.com\/wp-content\/uploads\/2025\/03\/image-418-300x200.jpeg 300w, https:\/\/blog.guruwalk.com\/wp-content\/uploads\/2025\/03\/image-418-768x512.jpeg 768w\" sizes=\"(max-width: 900px) 100vw, 900px\" \/><figcaption class=\"wp-element-caption\">Vista del Palacio de Sch\u00f6nbrunn con fuente<\/figcaption><\/figure>\n\n\n\n<p class=\"wp-block-paragraph\">El palacio tiene <strong>1.441 habitaciones<\/strong>, de las que 45 forman parte de los recorridos visitables. Naci\u00f3 aqu\u00ed el emperador Francisco Jos\u00e9 (1830). El <strong>parque<\/strong> puede recorrerse <strong>gratuitamente todo el a\u00f1o<\/strong>, con la Glorieta, el obelisco y las \u201cruinas romanas\u201d.<\/p>\n\n\n\n<p class=\"wp-block-paragraph\">El recorrido con audiogu\u00eda explica los hechos m\u00e1s relevantes de la corte. Las estancias destacan por su decoraci\u00f3n rococ\u00f3. Las habitaciones de Francisco Jos\u00e9 y Sisi, en cambio, eran sobrias.<\/p>\n\n\n\n<p class=\"wp-block-paragraph\">Espacios clave: la <strong>Gran Galer\u00eda<\/strong> para banquetes, el <strong>Sal\u00f3n Chino Circular<\/strong> para audiencias privadas, el <strong>Sal\u00f3n del Desayuno<\/strong> y el <strong>Sal\u00f3n Chino Azul<\/strong>, donde Carlos I abdic\u00f3 en 1918.<\/p>\n\n\n\n<blockquote class=\"wp-block-quote is-layout-flow wp-block-quote-is-layout-flow\">\n<p class=\"wp-block-paragraph\">La entrada al palacio tiene una franja asignada. Consulta disponibilidad y reserva entre dos y tres horas para combinar el interior con parte de los jardines.<\/p>\n<\/blockquote>\n\n\n<div class=\"gw-products-block\" style=\"--gw-nav-width:30px; --gw-nav-height:30px; --gw-chevron-w:15px; --gw-chevron-h:15px; --gw-circle-color:#0a5bd9; --gw-chevron-color:#0a5bd9;\"><div class=\"gw-products-carousel\" aria-live=\"polite\"><article class=\"gw-card\"><div class=\"gw-card__image\"><img decoding=\"async\" class=\"gw-card__photo\" src=\"https:\/\/blog.guruwalk.com\/wp-content\/uploads\/gw-products\/images\/e0c7ab025f54ec798c2764dcb0bf4104.webp\" alt=\"Palacio Belvedere Superior: Entrada + Colecci\u00f3n Permanente Gustav Klimt\" loading=\"lazy\" \/><\/div><div class=\"gw-card__body\"><h3 class=\"gw-card__title\">Palacio Belvedere Superior: Entrada + Colecci\u00f3n Permanente Gustav Klimt<\/h3><div class=\"gw-card__footer\"><div class=\"gw-card__meta\"><div class=\"gw-rating\" aria-label=\"Valoraci\u00f3n 4.6 de 5\"><span class=\"gw-star gw-star--full\" aria-hidden=\"true\">\u2605<\/span><span class=\"gw-star gw-star--full\" aria-hidden=\"true\">\u2605<\/span><span class=\"gw-star gw-star--full\" aria-hidden=\"true\">\u2605<\/span><span class=\"gw-star gw-star--full\" aria-hidden=\"true\">\u2605<\/span><span class=\"gw-star gw-star--half\" aria-hidden=\"true\">\u2606<\/span><span class=\"gw-rating__count\">4,6 (5193)<\/span><\/div><\/div><div class=\"gw-card__price\">Desde \u20ac23,00<\/div><\/div><\/div><a class=\"gw-card__link\" href=\"https:\/\/www.guruwalk.com\/es\/walks\/p12791-palacio-belvedere-superior-entrada-coleccion-permanente-gustav-klimt-cGFub3B0ZXM\" target=\"_blank\" rel=\"noopener\" aria-label=\"Palacio Belvedere Superior: Entrada + Colecci\u00f3n Permanente Gustav Klimt\"><\/a><\/article><article class=\"gw-card\"><div class=\"gw-card__image\"><img decoding=\"async\" class=\"gw-card__photo\" src=\"https:\/\/blog.guruwalk.com\/wp-content\/uploads\/gw-products\/images\/f5e112747ec4362552143856e1c24c65.webp\" alt=\"Palacio y Jardines de Sch\u00f6nbrunn: Visita guiada con entrada sin hacer cola\" loading=\"lazy\" \/><div class=\"gw-flags\" aria-label=\"Idiomas disponibles\"><span class=\"gw-flag\" title=\"DE\"><img decoding=\"async\" class=\"gw-flag-img\" src=\"https:\/\/blog.guruwalk.com\/wp-content\/uploads\/gw-products\/flags\/de.svg\" alt=\"DE\" loading=\"lazy\" width=\"22\" height=\"16\" \/><\/span><span class=\"gw-flag\" title=\"EN\"><img decoding=\"async\" class=\"gw-flag-img\" src=\"https:\/\/blog.guruwalk.com\/wp-content\/uploads\/gw-products\/flags\/gb.svg\" alt=\"EN\" loading=\"lazy\" width=\"22\" height=\"16\" \/><\/span><span class=\"gw-flag\" title=\"ES\"><img decoding=\"async\" class=\"gw-flag-img\" src=\"https:\/\/blog.guruwalk.com\/wp-content\/uploads\/gw-products\/flags\/es.svg\" alt=\"ES\" loading=\"lazy\" width=\"22\" height=\"16\" \/><\/span><span class=\"gw-flag\" title=\"FR\"><img decoding=\"async\" class=\"gw-flag-img\" src=\"https:\/\/blog.guruwalk.com\/wp-content\/uploads\/gw-products\/flags\/fr.svg\" alt=\"FR\" loading=\"lazy\" width=\"22\" height=\"16\" \/><\/span><\/div><\/div><div class=\"gw-card__body\"><h3 class=\"gw-card__title\">Palacio y Jardines de Sch\u00f6nbrunn: Visita guiada con entrada sin hacer cola<\/h3><div class=\"gw-card__footer\"><div class=\"gw-card__meta\"><div class=\"gw-rating\" aria-label=\"Valoraci\u00f3n 4.6 de 5\"><span class=\"gw-star gw-star--full\" aria-hidden=\"true\">\u2605<\/span><span class=\"gw-star gw-star--full\" aria-hidden=\"true\">\u2605<\/span><span class=\"gw-star gw-star--full\" aria-hidden=\"true\">\u2605<\/span><span class=\"gw-star gw-star--full\" aria-hidden=\"true\">\u2605<\/span><span class=\"gw-star gw-star--half\" aria-hidden=\"true\">\u2606<\/span><span class=\"gw-rating__count\">4,6 (270)<\/span><\/div><\/div><div class=\"gw-card__price\">Desde \u20ac56,00<\/div><\/div><\/div><a class=\"gw-card__link\" href=\"https:\/\/www.guruwalk.com\/es\/walks\/p30608-palacio-y-jardines-de-schonbrunn-visita-guiada-con-entrada-sin-hacer-cola-b96d7b7e-18ca-426b-94b1-c994e14a7584-cGFub3B0ZXM\" target=\"_blank\" rel=\"noopener\" aria-label=\"Palacio y Jardines de Sch\u00f6nbrunn: Visita guiada con entrada sin hacer cola\"><\/a><\/article><article class=\"gw-card\"><div class=\"gw-card__image\"><img decoding=\"async\" class=\"gw-card__photo\" src=\"https:\/\/blog.guruwalk.com\/wp-content\/uploads\/gw-products\/images\/2a5c0f12ecbb708c6203bc4e75ecd93e.webp\" alt=\"Museo de Sisi, Palacio de Hofburg y Jardines: Salta la cola + Visita guiada\" loading=\"lazy\" \/><div class=\"gw-flags\" aria-label=\"Idiomas disponibles\"><span class=\"gw-flag\" title=\"DE\"><img decoding=\"async\" class=\"gw-flag-img\" src=\"https:\/\/blog.guruwalk.com\/wp-content\/uploads\/gw-products\/flags\/de.svg\" alt=\"DE\" loading=\"lazy\" width=\"22\" height=\"16\" \/><\/span><span class=\"gw-flag\" title=\"EN\"><img decoding=\"async\" class=\"gw-flag-img\" src=\"https:\/\/blog.guruwalk.com\/wp-content\/uploads\/gw-products\/flags\/gb.svg\" alt=\"EN\" loading=\"lazy\" width=\"22\" height=\"16\" \/><\/span><span class=\"gw-flag\" title=\"ES\"><img decoding=\"async\" class=\"gw-flag-img\" src=\"https:\/\/blog.guruwalk.com\/wp-content\/uploads\/gw-products\/flags\/es.svg\" alt=\"ES\" loading=\"lazy\" width=\"22\" height=\"16\" \/><\/span><span class=\"gw-flag\" title=\"FR\"><img decoding=\"async\" class=\"gw-flag-img\" src=\"https:\/\/blog.guruwalk.com\/wp-content\/uploads\/gw-products\/flags\/fr.svg\" alt=\"FR\" loading=\"lazy\" width=\"22\" height=\"16\" \/><\/span><\/div><\/div><div class=\"gw-card__body\"><h3 class=\"gw-card__title\">Museo de Sisi, Palacio de Hofburg y Jardines: Salta la cola + Visita guiada<\/h3><div class=\"gw-card__footer\"><div class=\"gw-card__meta\"><div class=\"gw-rating\" aria-label=\"Valoraci\u00f3n 4.7 de 5\"><span class=\"gw-star gw-star--full\" aria-hidden=\"true\">\u2605<\/span><span class=\"gw-star gw-star--full\" aria-hidden=\"true\">\u2605<\/span><span class=\"gw-star gw-star--full\" aria-hidden=\"true\">\u2605<\/span><span class=\"gw-star gw-star--full\" aria-hidden=\"true\">\u2605<\/span><span class=\"gw-star gw-star--half\" aria-hidden=\"true\">\u2606<\/span><span class=\"gw-rating__count\">4,7 (377)<\/span><\/div><\/div><div class=\"gw-card__price\">Desde \u20ac52,16<\/div><\/div><\/div><a class=\"gw-card__link\" href=\"https:\/\/www.guruwalk.com\/es\/walks\/p67391-museo-de-sisi-palacio-de-hofburg-y-jardines-salta-la-cola-visita-guiada-1bbfe14f-a84a-422a-9872-07b8f3d71251-cGFub3B0ZXM\" target=\"_blank\" rel=\"noopener\" aria-label=\"Museo de Sisi, Palacio de Hofburg y Jardines: Salta la cola + Visita guiada\"><\/a><\/article><article class=\"gw-card\"><div class=\"gw-card__image\"><img decoding=\"async\" class=\"gw-card__photo\" src=\"https:\/\/blog.guruwalk.com\/wp-content\/uploads\/gw-products\/images\/fe57d5a511640f3015afbb3b645e357b.webp\" alt=\"Viena: visita sin colas al palacio y los jardines de Sch\u00f6nbrunn\" loading=\"lazy\" \/><div class=\"gw-flags\" aria-label=\"Idiomas disponibles\"><span class=\"gw-flag\" title=\"DE\"><img decoding=\"async\" class=\"gw-flag-img\" src=\"https:\/\/blog.guruwalk.com\/wp-content\/uploads\/gw-products\/flags\/de.svg\" alt=\"DE\" loading=\"lazy\" width=\"22\" height=\"16\" \/><\/span><span class=\"gw-flag\" title=\"EN\"><img decoding=\"async\" class=\"gw-flag-img\" src=\"https:\/\/blog.guruwalk.com\/wp-content\/uploads\/gw-products\/flags\/gb.svg\" alt=\"EN\" loading=\"lazy\" width=\"22\" height=\"16\" \/><\/span><span class=\"gw-flag\" title=\"ES\"><img decoding=\"async\" class=\"gw-flag-img\" src=\"https:\/\/blog.guruwalk.com\/wp-content\/uploads\/gw-products\/flags\/es.svg\" alt=\"ES\" loading=\"lazy\" width=\"22\" height=\"16\" \/><\/span><span class=\"gw-flag\" title=\"FR\"><img decoding=\"async\" class=\"gw-flag-img\" src=\"https:\/\/blog.guruwalk.com\/wp-content\/uploads\/gw-products\/flags\/fr.svg\" alt=\"FR\" loading=\"lazy\" width=\"22\" height=\"16\" \/><\/span><\/div><\/div><div class=\"gw-card__body\"><h3 class=\"gw-card__title\">Viena: visita sin colas al palacio y los jardines de Sch\u00f6nbrunn<\/h3><div class=\"gw-card__footer\"><div class=\"gw-card__meta\"><div class=\"gw-rating\" aria-label=\"Valoraci\u00f3n 4.8 de 5\"><span class=\"gw-star gw-star--full\" aria-hidden=\"true\">\u2605<\/span><span class=\"gw-star gw-star--full\" aria-hidden=\"true\">\u2605<\/span><span class=\"gw-star gw-star--full\" aria-hidden=\"true\">\u2605<\/span><span class=\"gw-star gw-star--full\" aria-hidden=\"true\">\u2605<\/span><span class=\"gw-star gw-star--half\" aria-hidden=\"true\">\u2606<\/span><span class=\"gw-rating__count\">4,8 (7625)<\/span><\/div><\/div><div class=\"gw-card__price\">Desde \u20ac15,59<\/div><\/div><\/div><a class=\"gw-card__link\" href=\"https:\/\/www.guruwalk.com\/es\/walks\/p143423-viena-visita-sin-colas-al-palacio-y-los-jardines-de-schonbrunn-cGFub3B0ZXM\" target=\"_blank\" rel=\"noopener\" aria-label=\"Viena: visita sin colas al palacio y los jardines de Sch\u00f6nbrunn\"><\/a><\/article><\/div><div class=\"gw-vertical-link-container\"><a href=\"https:\/\/www.guruwalk.com\/es\/a\/viena\/v72014-palacios-imperiales-viena\" target=\"_blank\" rel=\"noopener\" style=\"font-weight: bold;\">+ Visitas Guiadas al Palacio de Sch\u00f6nbrunn<\/a><\/div><\/div>\n\n\n<h2 class=\"wp-block-heading\" id=\"prater\">Prater de Viena<\/h2>\n\n\n\n<figure class=\"wp-block-image size-full\"><img decoding=\"async\" width=\"900\" height=\"600\" src=\"https:\/\/blog.guruwalk.com\/wp-content\/uploads\/2025\/03\/image-419.jpeg\" alt=\"Entrada al Prater de Viena y zona de atracciones\" class=\"wp-image-8579\" srcset=\"https:\/\/blog.guruwalk.com\/wp-content\/uploads\/2025\/03\/image-419.jpeg 900w, https:\/\/blog.guruwalk.com\/wp-content\/uploads\/2025\/03\/image-419-300x200.jpeg 300w, https:\/\/blog.guruwalk.com\/wp-content\/uploads\/2025\/03\/image-419-768x512.jpeg 768w\" sizes=\"(max-width: 900px) 100vw, 900px\" \/><figcaption class=\"wp-element-caption\">Entrada al Prater de Viena<\/figcaption><\/figure>\n\n\n\n<p class=\"wp-block-paragraph\">El <strong>Wiener Prater<\/strong> combina un gran parque urbano con el <strong>Wurstelprater<\/strong>, un parque de atracciones cuya \u00e1rea l\u00fadica abri\u00f3 en 1895. Antiguamente fue coto de caza y desde 1766 se abri\u00f3 al p\u00fablico.<\/p>\n\n\n\n<p class=\"wp-block-paragraph\">Su <strong>noria gigante<\/strong> es uno de los elementos m\u00e1s reconocibles del recinto y alcanza <strong>64,75 m<\/strong> de altura.<\/p>\n\n\n\n<p class=\"wp-block-paragraph\">El acceso al recinto es <strong>gratuito<\/strong>; las atracciones se pagan por separado, por lo que conviene comprobar disponibilidad y condiciones de cada una.<\/p>\n\n\n\n<h3 class=\"wp-block-heading\">La noria<\/h3>\n\n\n\n<figure class=\"wp-block-image size-full\"><img decoding=\"async\" width=\"1020\" height=\"606\" src=\"https:\/\/blog.guruwalk.com\/wp-content\/uploads\/2025\/03\/image-420.jpeg\" alt=\"Noria gigante del Prater de Viena con cabinas rojas\" class=\"wp-image-8587\" srcset=\"https:\/\/blog.guruwalk.com\/wp-content\/uploads\/2025\/03\/image-420.jpeg 1020w, https:\/\/blog.guruwalk.com\/wp-content\/uploads\/2025\/03\/image-420-300x178.jpeg 300w, https:\/\/blog.guruwalk.com\/wp-content\/uploads\/2025\/03\/image-420-768x456.jpeg 768w\" sizes=\"(max-width: 1020px) 100vw, 1020px\" \/><figcaption class=\"wp-element-caption\">Noria gigante del Prater de Viena con cabinas rojas<\/figcaption><\/figure>\n\n\n\n<p class=\"wp-block-paragraph\">La <strong>Wiener Riesenrad<\/strong> se inaugur\u00f3 en <strong>1897<\/strong> por el jubileo de Francisco Jos\u00e9. Fue da\u00f1ada en 1945 y se reconstruy\u00f3 con <strong>15<\/strong> cabinas; originalmente ten\u00eda 30. Abajo, una exposici\u00f3n recrea escenas hist\u00f3ricas de la ciudad.<\/p>\n\n\n\n<h2 class=\"wp-block-heading\" id=\"hundertwasserhaus\">Hundertwasserhaus, casas de colores en Viena<\/h2>\n\n\n\n<figure class=\"wp-block-image size-full\"><img decoding=\"async\" width=\"900\" height=\"540\" src=\"https:\/\/blog.guruwalk.com\/wp-content\/uploads\/2025\/03\/image-421.jpeg\" alt=\"Fachada colorida del Hundertwasserhaus en Viena, Kegelgasse 34-38\" class=\"wp-image-8595\" srcset=\"https:\/\/blog.guruwalk.com\/wp-content\/uploads\/2025\/03\/image-421.jpeg 900w, https:\/\/blog.guruwalk.com\/wp-content\/uploads\/2025\/03\/image-421-300x180.jpeg 300w, https:\/\/blog.guruwalk.com\/wp-content\/uploads\/2025\/03\/image-421-768x461.jpeg 768w\" sizes=\"(max-width: 900px) 100vw, 900px\" \/><figcaption class=\"wp-element-caption\">Fachada colorida del Hundertwasserhaus en Viena<\/figcaption><\/figure>\n\n\n\n<p class=\"wp-block-paragraph\"><strong>Hundertwasserhaus<\/strong> es un conjunto residencial de <strong>Friedensreich Hundertwasser<\/strong> (1983\u20131986) con 50 viviendas p\u00fablicas y locales comerciales. Rompe con la arquitectura convencional mediante l\u00edneas onduladas, suelos irregulares, fachadas de colores y vegetaci\u00f3n integrada.<\/p>\n\n\n\n<p class=\"wp-block-paragraph\">El edificio <strong>solo puede verse desde el exterior<\/strong>. Para conocer m\u00e1s sobre el artista y su obra, visita el cercano <strong>Kunst Haus Wien \u2013 Museum Hundertwasser<\/strong>.<\/p>\n\n\n\n<h3 class=\"wp-block-heading\">Consejos para visitar Hundertwasserhaus<\/h3>\n\n\n\n<ul class=\"wp-block-list\">\n<li><strong>\ud83c\udfe0 Acceso:<\/strong> observa la fachada desde el espacio p\u00fablico y respeta la privacidad de los residentes.<\/li>\n\n\n\n<li><strong>\ud83d\udeb6\u200d\u2642\ufe0f Visita exterior:<\/strong> el interior de las viviendas no forma parte del recorrido.<\/li>\n\n\n\n<li><strong>\ud83c\udfa8 Museo Hundertwasser:<\/strong> se encuentra a pocos minutos a pie y permite ampliar la visita con obras del artista.<\/li>\n<\/ul>\n\n\n\n<p class=\"wp-block-paragraph\">Junto al conjunto se levant\u00f3 el <strong>Hundertwasser Village<\/strong>, un peque\u00f1o espacio comercial dise\u00f1ado en su estilo. La vegetaci\u00f3n de las terrazas forma parte del planteamiento ecol\u00f3gico del edificio.<\/p>\n\n\n\n<h2 class=\"wp-block-heading\" id=\"ringstrasse\">Avenida Ringstrasse<\/h2>\n\n\n\n<figure class=\"wp-block-image size-full\"><img decoding=\"async\" src=\"https:\/\/blog.guruwalk.com\/wp-content\/uploads\/2026\/06\/inline_8498.webp\" alt=\"Panor\u00e1mica de la Ringstrasse rodeando el centro de Viena\" class=\"wp-image-8603\"\/><figcaption class=\"wp-element-caption\">Panor\u00e1mica de la Ringstrasse alrededor del centro de Viena<\/figcaption><\/figure>\n\n\n\n<p class=\"wp-block-paragraph\">La <strong>Ringstrasse<\/strong> es un bulevar circular de <strong>5,3 km<\/strong> que rodea el <strong>primer distrito (Innere Stadt)<\/strong>, donde antes estuvo la muralla. Re\u00fane edificios como Hofburg, el Ayuntamiento, el Parlamento, los museos de Historia Natural y del Arte, la \u00d3pera y la Bolsa.<\/p>\n\n\n\n<p class=\"wp-block-paragraph\">Por tramos: <strong>Stubenring, Parkring, Schubertring, K\u00e4rntner Ring, Opernring, Burgring, Dr.-Karl-Renner-Ring, Universit\u00e4tsring<\/strong> (antes Dr.-Karl\u2011Lueger\u2011Ring) y <strong>Schottenring<\/strong>. Puede recorrerse a pie o en tranv\u00eda.<\/p>\n\n\n\n<h2 class=\"wp-block-heading\" id=\"palacio-hofburg\">Palacio de Hofburg<\/h2>\n\n\n\n<figure class=\"wp-block-image size-full\"><img decoding=\"async\" width=\"900\" height=\"600\" src=\"https:\/\/blog.guruwalk.com\/wp-content\/uploads\/2025\/03\/image-423.jpeg\" alt=\"Estatua ecuestre frente al Palacio de Hofburg en Viena\" class=\"wp-image-8611\" srcset=\"https:\/\/blog.guruwalk.com\/wp-content\/uploads\/2025\/03\/image-423.jpeg 900w, https:\/\/blog.guruwalk.com\/wp-content\/uploads\/2025\/03\/image-423-300x200.jpeg 300w, https:\/\/blog.guruwalk.com\/wp-content\/uploads\/2025\/03\/image-423-768x512.jpeg 768w\" sizes=\"(max-width: 900px) 100vw, 900px\" \/><figcaption class=\"wp-element-caption\">Palacio de Hofburg en Viena<\/figcaption><\/figure>\n\n\n\n<p class=\"wp-block-paragraph\">El Palacio de Hofburg fue residencia de los Habsburgo durante m\u00e1s de 600 a\u00f1os. Es un <strong>conjunto<\/strong> con iglesia, capillas, la Escuela de Equitaci\u00f3n de Invierno, la Biblioteca Nacional, varios museos y las oficinas del presidente de la rep\u00fablica.<\/p>\n\n\n\n<p class=\"wp-block-paragraph\">La parte m\u00e1s visitada comprende los <strong>Kaiserappartements<\/strong> (Apartamentos Imperiales), la <strong>Plater\u00eda de la Corte<\/strong> y el <strong>Museo de Sisi<\/strong>, con estancias oficiales y privadas.<\/p>\n\n\n\n<h3 class=\"wp-block-heading\">Consejos para visitar el Palacio de Hofburg<\/h3>\n\n\n\n<ul class=\"wp-block-list\">\n<li><strong>\ud83c\udfab Entradas:<\/strong> consulta disponibilidad para el Museo de Sisi y los Apartamentos Imperiales antes de organizar la visita.<\/li>\n\n\n\n<li><strong>\ud83c\udfa7 Audiogu\u00eda:<\/strong> comprueba los idiomas incluidos en la modalidad elegida.<\/li>\n\n\n\n<li><strong>\u23f0 Tiempo:<\/strong> reserva entre dos y tres horas si vas a recorrer varias \u00e1reas del conjunto.<\/li>\n\n\n\n<li><strong>\ud83d\udcf8 Fotograf\u00eda:<\/strong> revisa las restricciones espec\u00edficas de cada sala.<\/li>\n<\/ul>\n\n\n\n<p class=\"wp-block-paragraph\">La <strong>Schatzkammer<\/strong> (C\u00e1mara del Tesoro) re\u00fane piezas sagradas y seculares como <strong>insignias del Sacro Imperio Romano Germ\u00e1nico<\/strong> o joyas din\u00e1sticas. La Plater\u00eda muestra vajillas, porcelanas y textiles de mesa. El Museo de Sisi recorre su vida con objetos personales.<\/p>\n\n\n\n<p class=\"wp-block-paragraph\">Hofburg combina varios estilos, del g\u00f3tico al historicismo, seg\u00fan los doce edificios que lo componen.<\/p>\n\n\n<div class=\"gw-products-block\" style=\"--gw-nav-width:30px; --gw-nav-height:30px; --gw-chevron-w:15px; --gw-chevron-h:15px; --gw-circle-color:#0a5bd9; --gw-chevron-color:#0a5bd9;\"><div class=\"gw-products-carousel\" aria-live=\"polite\"><article class=\"gw-card\"><div class=\"gw-card__image\"><img decoding=\"async\" class=\"gw-card__photo\" src=\"https:\/\/blog.guruwalk.com\/wp-content\/uploads\/gw-products\/images\/72b7e6c33770d23d615c356f38b7aafa.webp\" alt=\"Museo de Sisi, Palacio de Hofburg y Jardines: Salta la cola + Visita guiada\" loading=\"lazy\" \/><div class=\"gw-flags\" aria-label=\"Idiomas disponibles\"><span class=\"gw-flag\" title=\"DE\"><img decoding=\"async\" class=\"gw-flag-img\" src=\"https:\/\/blog.guruwalk.com\/wp-content\/uploads\/gw-products\/flags\/de.svg\" alt=\"DE\" loading=\"lazy\" width=\"22\" height=\"16\" \/><\/span><span class=\"gw-flag\" title=\"EN\"><img decoding=\"async\" class=\"gw-flag-img\" src=\"https:\/\/blog.guruwalk.com\/wp-content\/uploads\/gw-products\/flags\/gb.svg\" alt=\"EN\" loading=\"lazy\" width=\"22\" height=\"16\" \/><\/span><span class=\"gw-flag\" title=\"ES\"><img decoding=\"async\" class=\"gw-flag-img\" src=\"https:\/\/blog.guruwalk.com\/wp-content\/uploads\/gw-products\/flags\/es.svg\" alt=\"ES\" loading=\"lazy\" width=\"22\" height=\"16\" \/><\/span><span class=\"gw-flag\" title=\"FR\"><img decoding=\"async\" class=\"gw-flag-img\" src=\"https:\/\/blog.guruwalk.com\/wp-content\/uploads\/gw-products\/flags\/fr.svg\" alt=\"FR\" loading=\"lazy\" width=\"22\" height=\"16\" \/><\/span><\/div><\/div><div class=\"gw-card__body\"><h3 class=\"gw-card__title\">Museo de Sisi, Palacio de Hofburg y Jardines: Salta la cola + Visita guiada<\/h3><div class=\"gw-card__footer\"><div class=\"gw-card__meta\"><div class=\"gw-rating\" aria-label=\"Valoraci\u00f3n 4.7 de 5\"><span class=\"gw-star gw-star--full\" aria-hidden=\"true\">\u2605<\/span><span class=\"gw-star gw-star--full\" aria-hidden=\"true\">\u2605<\/span><span class=\"gw-star gw-star--full\" aria-hidden=\"true\">\u2605<\/span><span class=\"gw-star gw-star--full\" aria-hidden=\"true\">\u2605<\/span><span class=\"gw-star gw-star--half\" aria-hidden=\"true\">\u2606<\/span><span class=\"gw-rating__count\">4,7 (377)<\/span><\/div><\/div><div class=\"gw-card__price\">Desde \u20ac52,16<\/div><\/div><\/div><a class=\"gw-card__link\" href=\"https:\/\/www.guruwalk.com\/es\/walks\/p67391-museo-de-sisi-palacio-de-hofburg-y-jardines-salta-la-cola-visita-guiada-1bbfe14f-a84a-422a-9872-07b8f3d71251-cGFub3B0ZXM\" target=\"_blank\" rel=\"noopener\" aria-label=\"Museo de Sisi, Palacio de Hofburg y Jardines: Salta la cola + Visita guiada\"><\/a><\/article><article class=\"gw-card\"><div class=\"gw-card__image\"><img decoding=\"async\" class=\"gw-card__photo\" src=\"https:\/\/blog.guruwalk.com\/wp-content\/uploads\/gw-products\/images\/50ed401a62fc268c8884e48c676ff59e.webp\" alt=\"Viena: ticket de entrada al Museo Sisi con audiogu\u00eda\" loading=\"lazy\" \/><\/div><div class=\"gw-card__body\"><h3 class=\"gw-card__title\">Viena: ticket de entrada al Museo Sisi con audiogu\u00eda<\/h3><div class=\"gw-card__footer\"><div class=\"gw-card__meta\"><div class=\"gw-rating\" aria-label=\"Valoraci\u00f3n 4.4 de 5\"><span class=\"gw-star gw-star--full\" aria-hidden=\"true\">\u2605<\/span><span class=\"gw-star gw-star--full\" aria-hidden=\"true\">\u2605<\/span><span class=\"gw-star gw-star--full\" aria-hidden=\"true\">\u2605<\/span><span class=\"gw-star gw-star--full\" aria-hidden=\"true\">\u2605<\/span><span class=\"gw-star gw-star--empty\" aria-hidden=\"true\">\u2606<\/span><span class=\"gw-rating__count\">4,4 (32)<\/span><\/div><\/div><div class=\"gw-card__price\">Desde \u20ac35,00<\/div><\/div><\/div><a class=\"gw-card__link\" href=\"https:\/\/www.guruwalk.com\/es\/walks\/p165430-viena-ticket-de-entrada-al-museo-sisi-con-audioguia-cGFub3B0ZXM\" target=\"_blank\" rel=\"noopener\" aria-label=\"Viena: ticket de entrada al Museo Sisi con audiogu\u00eda\"><\/a><\/article><\/div><\/div>\n\n\n<h2 class=\"wp-block-heading\" id=\"iglesia-san-carlos\">Iglesia de San Carlos Borromeo<\/h2>\n\n\n\n<figure class=\"wp-block-image size-full\"><img decoding=\"async\" width=\"900\" height=\"600\" src=\"https:\/\/blog.guruwalk.com\/wp-content\/uploads\/2025\/03\/image-424.jpeg\" alt=\"Karlskirche, Iglesia de San Carlos Borromeo en Karlsplatz, Viena\" class=\"wp-image-8619\" srcset=\"https:\/\/blog.guruwalk.com\/wp-content\/uploads\/2025\/03\/image-424.jpeg 900w, https:\/\/blog.guruwalk.com\/wp-content\/uploads\/2025\/03\/image-424-300x200.jpeg 300w, https:\/\/blog.guruwalk.com\/wp-content\/uploads\/2025\/03\/image-424-768x512.jpeg 768w\" sizes=\"(max-width: 900px) 100vw, 900px\" \/><figcaption class=\"wp-element-caption\">Iglesia de San Carlos Borromeo en Viena<\/figcaption><\/figure>\n\n\n\n<p class=\"wp-block-paragraph\">Tras la epidemia de <strong>1713<\/strong>, el emperador Carlos VI prometi\u00f3 un templo a San Carlos Borromeo. La <strong>Karlskirche<\/strong>, \u00faltima obra de Johann Bernhard Fischer von Erlach y concluida por su hijo en 1739, se alza en <strong>Karlsplatz<\/strong>, con entrada por <strong>Kreuzherrengasse 1<\/strong>.<\/p>\n\n\n\n<p class=\"wp-block-paragraph\">Destacan las <strong>dos columnas<\/strong> inspiradas en la Columna de Trajano y la gran c\u00fapula con decoraci\u00f3n barroca. Un ascensor panor\u00e1mico permite acercarse a los frescos de la c\u00fapula.<\/p>\n\n\n\n<p class=\"wp-block-paragraph\">La iglesia acoge conciertos como el <em>R\u00e9quiem<\/em> de Mozart o <em>Las cuatro estaciones<\/em> de Vivaldi. Consulta el programa y la disponibilidad para las fechas de tu estancia.<\/p>\n\n\n\n<p class=\"wp-block-paragraph\">Tambi\u00e9n puedes comparar otras <a href=\"https:\/\/www.guruwalk.com\/es\/a\/viena\" target=\"_blank\" rel=\"noopener\">actividades en Viena<\/a>, como visitas a museos, conciertos y recorridos por los palacios imperiales.<\/p>\n\n\n\n<h2 class=\"wp-block-heading\" id=\"como-llegar\">\u00bfC\u00f3mo llegar a Viena?<\/h2>\n\n\n\n<figure class=\"wp-block-image size-full\"><img decoding=\"async\" width=\"900\" height=\"600\" src=\"https:\/\/blog.guruwalk.com\/wp-content\/uploads\/2025\/03\/image-425.jpeg\" alt=\"Teatro Nacional de Viena y entorno urbano\" class=\"wp-image-8627\" srcset=\"https:\/\/blog.guruwalk.com\/wp-content\/uploads\/2025\/03\/image-425.jpeg 900w, https:\/\/blog.guruwalk.com\/wp-content\/uploads\/2025\/03\/image-425-300x200.jpeg 300w, https:\/\/blog.guruwalk.com\/wp-content\/uploads\/2025\/03\/image-425-768x512.jpeg 768w\" sizes=\"(max-width: 900px) 100vw, 900px\" \/><figcaption class=\"wp-element-caption\">Teatro Nacional de Viena y su entorno urbano<\/figcaption><\/figure>\n\n\n\n<p class=\"wp-block-paragraph\">Viena est\u00e1 comunicada por <strong>tren, avi\u00f3n y carretera<\/strong> con el resto de Europa.<\/p>\n\n\n\n<h3 class=\"wp-block-heading\">Viajar en tren<\/h3>\n\n\n\n<p class=\"wp-block-paragraph\">El tren es una opci\u00f3n pr\u00e1ctica si recorres Europa. <strong>Wien Hauptbahnhof<\/strong> no est\u00e1 en el casco hist\u00f3rico, pero conecta con el <strong>metro U1<\/strong>, que enlaza con Karlsplatz y Stephansplatz. Hay conexiones desde ciudades como Par\u00eds, Venecia, Budapest o Praga, y desde Viena podr\u00e1s visitar destinos cercanos como <strong>Bratislava (Eslovaquia)<\/strong> o <strong>Salzburgo (Austria)<\/strong>. Comprueba los trayectos disponibles para la fecha del viaje.<\/p>\n\n\n\n<h3 class=\"wp-block-heading\">Viajar en avi\u00f3n a Viena<\/h3>\n\n\n\n<p class=\"wp-block-paragraph\">Tras reservar el vuelo, planifica el traslado del aeropuerto al centro seg\u00fan la hora de llegada y tu alojamiento.<\/p>\n\n\n\n<blockquote class=\"wp-block-quote is-layout-flow wp-block-quote-is-layout-flow\">\n<p class=\"wp-block-paragraph\"><strong>C\u00f3mo ir del aeropuerto al centro<\/strong>: S-Bahn <strong>S7<\/strong> hasta Wien Mitte, con enlace a U3 y U4; <strong>Railjet<\/strong> a Wien Hauptbahnhof; <strong>CAT<\/strong> a Wien Mitte; y <strong>VAL 2<\/strong> a Morzinplatz\/Schwedenplatz. Revisa los servicios y horarios oficiales antes de viajar.<\/p>\n<\/blockquote>\n\n\n\n<p class=\"wp-block-paragraph\">El <strong>Aeropuerto Internacional de Viena (VIE)<\/strong> est\u00e1 a 18 km y no tiene conexi\u00f3n directa con metro, pero s\u00ed con <strong>tren (S-Bahn y Railjet)<\/strong> y <strong>autob\u00fas<\/strong>. El bus <strong>VAL 2<\/strong> llega a <strong>Morzinplatz\/Schwedenplatz<\/strong>; desde all\u00ed, U1 y U4 conectan con distintas zonas del centro.<\/p>\n\n\n\n<h3 class=\"wp-block-heading\">Viajar en coche<\/h3>\n\n\n\n<p class=\"wp-block-paragraph\">Seg\u00fan el origen, el viaje puede ser largo; desde Madrid son aproximadamente 2.500 km. Comprueba la ruta, las normas de circulaci\u00f3n y los posibles peajes antes de salir.<\/p>\n\n\n\n<h3 class=\"wp-block-heading\">Viajar en autob\u00fas<\/h3>\n\n\n\n<p class=\"wp-block-paragraph\">Desde ciudades cercanas hay conexiones directas. Desde Madrid o Barcelona el trayecto es largo y puede incluir varias paradas, por lo que conviene comparar la duraci\u00f3n total con el tren o el avi\u00f3n.<\/p>\n\n\n\n<h2 class=\"wp-block-heading\" id=\"preguntas-frecuentes-sobre-viena\">Preguntas frecuentes sobre Viena<\/h2>\n\n\n<div id=\"rank-math-faq\" class=\"rank-math-block\">\n<div class=\"rank-math-list \">\n<div id=\"faq-question-1743043664698\" class=\"rank-math-list-item\">\n<h3 class=\"rank-math-question \">\u00bfCu\u00e1l es la mejor \u00e9poca para visitar Viena?<\/h3>\n<div class=\"rank-math-answer \">\n\n<p>La primavera y el oto\u00f1o suelen ofrecer temperaturas adecuadas para recorrer la ciudad a pie. Diciembre concentra los mercados navide\u00f1os y requiere reservar con m\u00e1s antelaci\u00f3n determinados alojamientos y actividades.<\/p>\n\n<\/div>\n<\/div>\n<div id=\"faq-question-1743043678590\" class=\"rank-math-list-item\">\n<h3 class=\"rank-math-question \">\u00bfCu\u00e1ntos d\u00edas se necesitan para visitar Viena?<\/h3>\n<div class=\"rank-math-answer \">\n\n<p>Tres d\u00edas permiten combinar el centro hist\u00f3rico, Sch\u00f6nbrunn y varios museos. Con cuatro o cinco d\u00edas puedes a\u00f1adir barrios alejados del primer distrito o una excursi\u00f3n desde Viena.<\/p>\n\n<\/div>\n<\/div>\n<div id=\"faq-question-1743043690050\" class=\"rank-math-list-item\">\n<h3 class=\"rank-math-question \">\u00bfEs necesario reservar las entradas para los principales monumentos?<\/h3>\n<div class=\"rank-math-answer \">\n\n<p>Conviene comprobar disponibilidad para el Palacio de Sch\u00f6nbrunn, el Museo de Historia del Arte, el Museo de Sisi y las visitas o funciones de la \u00d3pera Estatal. Algunos accesos trabajan con una franja horaria asignada.<\/p>\n\n<\/div>\n<\/div>\n<div id=\"faq-question-1743043716911\" class=\"rank-math-list-item\">\n<h3 class=\"rank-math-question \">\u00bfC\u00f3mo moverse por Viena?<\/h3>\n<div class=\"rank-math-answer \">\n\n<p>Viena dispone de metro, tranv\u00eda y autob\u00fas. El centro hist\u00f3rico puede recorrerse a pie, mientras que el transporte p\u00fablico resulta \u00fatil para llegar a Sch\u00f6nbrunn, el Prater y otros barrios.<\/p>\n\n<\/div>\n<\/div>\n<div id=\"faq-question-1743043727141\" class=\"rank-math-list-item\">\n<h3 class=\"rank-math-question \">\u00bfD\u00f3nde probar la gastronom\u00eda t\u00edpica vienesa?<\/h3>\n<div class=\"rank-math-answer \">\n\n<p>Las cafeter\u00edas hist\u00f3ricas sirven reposter\u00eda vienesa, mientras que el Naschmarkt re\u00fane puestos y restaurantes. Comprueba horarios y reserva cuando el establecimiento lo requiera.<\/p>\n\n<\/div>\n<\/div>\n<\/div>\n<\/div>","protected":false},"excerpt":{"rendered":"<p>Itinerarios de uno y tres d\u00edas por Viena que enlazan San Esteban, Hofburg, Sch\u00f6nbrunn, los museos imperiales y espacios musicales.<\/p>\n","protected":false},"author":2,"featured_media":36736,"comment_status":"closed","ping_status":"open","sticky":false,"template":"","format":"standard","meta":{"footnotes":""},"categories":[337,81,82],"tags":[460,359,360],"class_list":["post-8498","post","type-post","status-publish","format-standard","has-post-thumbnail","hentry","category-viena","category-austria","category-europa","tag-guias-2","tag-que-ver","tag-tier-3","generate-columns","tablet-grid-50","mobile-grid-100","grid-parent","grid-33"],"_links":{"self":[{"href":"https:\/\/blog.guruwalk.com\/es\/wp-json\/wp\/v2\/posts\/8498","targetHints":{"allow":["GET"]}}],"collection":[{"href":"https:\/\/blog.guruwalk.com\/es\/wp-json\/wp\/v2\/posts"}],"about":[{"href":"https:\/\/blog.guruwalk.com\/es\/wp-json\/wp\/v2\/types\/post"}],"author":[{"embeddable":true,"href":"https:\/\/blog.guruwalk.com\/es\/wp-json\/wp\/v2\/users\/2"}],"replies":[{"embeddable":true,"href":"https:\/\/blog.guruwalk.com\/es\/wp-json\/wp\/v2\/comments?post=8498"}],"version-history":[{"count":7,"href":"https:\/\/blog.guruwalk.com\/es\/wp-json\/wp\/v2\/posts\/8498\/revisions"}],"predecessor-version":[{"id":46847,"href":"https:\/\/blog.guruwalk.com\/es\/wp-json\/wp\/v2\/posts\/8498\/revisions\/46847"}],"wp:featuredmedia":[{"embeddable":true,"href":"https:\/\/blog.guruwalk.com\/es\/wp-json\/wp\/v2\/media\/36736"}],"wp:attachment":[{"href":"https:\/\/blog.guruwalk.com\/es\/wp-json\/wp\/v2\/media?parent=8498"}],"wp:term":[{"taxonomy":"category","embeddable":true,"href":"https:\/\/blog.guruwalk.com\/es\/wp-json\/wp\/v2\/categories?post=8498"},{"taxonomy":"post_tag","embeddable":true,"href":"https:\/\/blog.guruwalk.com\/es\/wp-json\/wp\/v2\/tags?post=8498"}],"curies":[{"name":"wp","href":"https:\/\/api.w.org\/{rel}","templated":true}]}}