{"id":8498,"date":"2025-09-19T08:08:09","date_gmt":"2025-09-19T07:08:09","guid":{"rendered":"https:\/\/blog.guruwalk.com\/?p=8498"},"modified":"2026-02-19T10:11:37","modified_gmt":"2026-02-19T09:11:37","slug":"que-ver-en-viena","status":"publish","type":"post","link":"https:\/\/blog.guruwalk.com\/es\/que-ver-en-viena\/","title":{"rendered":"\u00bfQu\u00e9 ver y hacer en Viena? \u00a1Lugares imprescindibles para visitar!"},"content":{"rendered":"<div class=\"qvgw-indimg-places-grid\" id=\"qvgw-indimg-places-grid-2\" data-iib-headings=\"[{&quot;id&quot;:&quot;viena-en-un-dia&quot;,&quot;position&quot;:0,&quot;title&quot;:&quot;\\u00bfQu\\u00e9 ver en Viena en 1 o 3 d\\u00edas?&quot;},{&quot;id&quot;:&quot;museo-historia-arte&quot;,&quot;position&quot;:1,&quot;title&quot;:&quot;Museo de Historia del Arte de Viena&quot;},{&quot;id&quot;:&quot;catedral-san-esteban&quot;,&quot;position&quot;:2,&quot;title&quot;:&quot;Catedral de San Esteban de Viena (Stephansdom)&quot;},{&quot;id&quot;:&quot;opera-estatal&quot;,&quot;position&quot;:3,&quot;title&quot;:&quot;\\u00d3pera Estatal de Viena&quot;},{&quot;id&quot;:&quot;parlamento-austria&quot;,&quot;position&quot;:4,&quot;title&quot;:&quot;Parlamento de Austria&quot;},{&quot;id&quot;:&quot;museo-carruajes&quot;,&quot;position&quot;:5,&quot;title&quot;:&quot;Museo de Carruajes Imperiales de Viena&quot;},{&quot;id&quot;:&quot;palacio-schonbrunn&quot;,&quot;position&quot;:6,&quot;title&quot;:&quot;Palacio Sch\\u00f6nbrunn&quot;},{&quot;id&quot;:&quot;prater&quot;,&quot;position&quot;:7,&quot;title&quot;:&quot;Prater de Viena&quot;},{&quot;id&quot;:&quot;hundertwasserhaus&quot;,&quot;position&quot;:8,&quot;title&quot;:&quot;Hundertwasserhaus, casas de colores en Viena&quot;},{&quot;id&quot;:&quot;ringstrasse&quot;,&quot;position&quot;:9,&quot;title&quot;:&quot;Avenida Ringstrasse&quot;},{&quot;id&quot;:&quot;palacio-hofburg&quot;,&quot;position&quot;:10,&quot;title&quot;:&quot;Palacio de Hofburg&quot;},{&quot;id&quot;:&quot;iglesia-san-carlos&quot;,&quot;position&quot;:11,&quot;title&quot;:&quot;Iglesia de San Carlos Borromeo&quot;},{&quot;id&quot;:&quot;como-llegar&quot;,&quot;position&quot;:12,&quot;title&quot;:&quot;\\u00bfC\\u00f3mo llegar a Viena?&quot;},{&quot;id&quot;:&quot;mejores-free-tours&quot;,&quot;position&quot;:13,&quot;title&quot;:&quot;Mejores free tours&quot;},{&quot;id&quot;:&quot;preguntas-frecuentes\\u00a0sobre-viena&quot;,&quot;position&quot;:14,&quot;title&quot;:&quot;Preguntas Frecuentes\\u00a0sobre Viena&quot;}]\"><div class=\"qvgw-indimg-places-cards\"><div class=\"qvgw-indimg-place-card\"><a href=\"#viena-en-un-dia\" class=\"qvgw-indimg-place-card__content\"><div class=\"qvgw-indimg-place-card__image\"><img decoding=\"async\" src=\"https:\/\/blog.guruwalk.com\/wp-content\/uploads\/2025\/03\/image-417.jpeg\" alt=\"\u00bfQu\u00e9 ver en Viena en 1 o 3 d\u00edas?\"><\/div><p class=\"qvgw-indimg-place-card__title\">1. \u00bfQu\u00e9 ver en Viena en 1 o 3 d\u00edas?<\/p><span class=\"qvgw-indimg-place-card__arrow\"><svg width=\"24\" height=\"24\" viewBox=\"0 0 24 24\" fill=\"none\" stroke=\"currentColor\" stroke-width=\"2\"><path d=\"M6 9l6 6 6-6\"><\/path><\/svg><\/span><\/a><\/div><div class=\"qvgw-indimg-place-card\"><a href=\"#museo-historia-arte\" class=\"qvgw-indimg-place-card__content\"><div class=\"qvgw-indimg-place-card__image\"><img decoding=\"async\" src=\"https:\/\/blog.guruwalk.com\/wp-content\/uploads\/2025\/03\/image-409.jpeg\" alt=\"Museo de Historia del Arte de Viena\"><\/div><p class=\"qvgw-indimg-place-card__title\">2. Museo de Historia del Arte de Viena<\/p><span class=\"qvgw-indimg-place-card__arrow\"><svg width=\"24\" height=\"24\" viewBox=\"0 0 24 24\" fill=\"none\" stroke=\"currentColor\" stroke-width=\"2\"><path d=\"M6 9l6 6 6-6\"><\/path><\/svg><\/span><\/a><\/div><div class=\"qvgw-indimg-place-card\"><a href=\"#catedral-san-esteban\" class=\"qvgw-indimg-place-card__content\"><div class=\"qvgw-indimg-place-card__image\"><img decoding=\"async\" src=\"https:\/\/blog.guruwalk.com\/wp-content\/uploads\/2025\/03\/image-411.jpeg\" alt=\"Catedral de San Esteban de Viena (Stephansdom)\"><\/div><p class=\"qvgw-indimg-place-card__title\">3. Catedral de San Esteban de Viena (Stephansdom)<\/p><span class=\"qvgw-indimg-place-card__arrow\"><svg width=\"24\" height=\"24\" viewBox=\"0 0 24 24\" fill=\"none\" stroke=\"currentColor\" stroke-width=\"2\"><path d=\"M6 9l6 6 6-6\"><\/path><\/svg><\/span><\/a><\/div><div class=\"qvgw-indimg-place-card\"><a href=\"#opera-estatal\" class=\"qvgw-indimg-place-card__content\"><div class=\"qvgw-indimg-place-card__image\"><img decoding=\"async\" src=\"https:\/\/blog.guruwalk.com\/wp-content\/uploads\/2025\/03\/image-413.jpeg\" alt=\"\u00d3pera Estatal de Viena\"><\/div><p class=\"qvgw-indimg-place-card__title\">4. \u00d3pera Estatal de Viena<\/p><span class=\"qvgw-indimg-place-card__arrow\"><svg width=\"24\" height=\"24\" viewBox=\"0 0 24 24\" fill=\"none\" stroke=\"currentColor\" stroke-width=\"2\"><path d=\"M6 9l6 6 6-6\"><\/path><\/svg><\/span><\/a><\/div><div class=\"qvgw-indimg-place-card\"><a href=\"#parlamento-austria\" class=\"qvgw-indimg-place-card__content\"><div class=\"qvgw-indimg-place-card__image\"><img decoding=\"async\" src=\"https:\/\/blog.guruwalk.com\/wp-content\/uploads\/2025\/03\/image-414.jpeg\" alt=\"Parlamento de Austria\"><\/div><p class=\"qvgw-indimg-place-card__title\">5. Parlamento de Austria<\/p><span class=\"qvgw-indimg-place-card__arrow\"><svg width=\"24\" height=\"24\" viewBox=\"0 0 24 24\" fill=\"none\" stroke=\"currentColor\" stroke-width=\"2\"><path d=\"M6 9l6 6 6-6\"><\/path><\/svg><\/span><\/a><\/div><div class=\"qvgw-indimg-place-card\"><a href=\"#museo-carruajes\" class=\"qvgw-indimg-place-card__content\"><div class=\"qvgw-indimg-place-card__image\"><img decoding=\"async\" src=\"https:\/\/blog.guruwalk.com\/wp-content\/uploads\/2025\/03\/image-416.jpeg\" alt=\"Museo de Carruajes Imperiales de Viena\"><\/div><p class=\"qvgw-indimg-place-card__title\">6. Museo de Carruajes Imperiales de Viena<\/p><span class=\"qvgw-indimg-place-card__arrow\"><svg width=\"24\" height=\"24\" viewBox=\"0 0 24 24\" fill=\"none\" stroke=\"currentColor\" stroke-width=\"2\"><path d=\"M6 9l6 6 6-6\"><\/path><\/svg><\/span><\/a><\/div><div class=\"qvgw-indimg-place-card qvgw-indimg-place-card--hidden\"><a href=\"#palacio-schonbrunn\" class=\"qvgw-indimg-place-card__content\"><div class=\"qvgw-indimg-place-card__image\"><img decoding=\"async\" src=\"https:\/\/blog.guruwalk.com\/wp-content\/uploads\/2025\/03\/image-417.jpeg\" alt=\"Palacio Sch\u00f6nbrunn\"><\/div><p class=\"qvgw-indimg-place-card__title\">7. Palacio Sch\u00f6nbrunn<\/p><span class=\"qvgw-indimg-place-card__arrow\"><svg width=\"24\" height=\"24\" viewBox=\"0 0 24 24\" fill=\"none\" stroke=\"currentColor\" stroke-width=\"2\"><path d=\"M6 9l6 6 6-6\"><\/path><\/svg><\/span><\/a><\/div><div class=\"qvgw-indimg-place-card qvgw-indimg-place-card--hidden\"><a href=\"#prater\" class=\"qvgw-indimg-place-card__content\"><div class=\"qvgw-indimg-place-card__image\"><img decoding=\"async\" src=\"https:\/\/blog.guruwalk.com\/wp-content\/uploads\/2025\/03\/image-419.jpeg\" alt=\"Prater de Viena\"><\/div><p class=\"qvgw-indimg-place-card__title\">8. Prater de Viena<\/p><span class=\"qvgw-indimg-place-card__arrow\"><svg width=\"24\" height=\"24\" viewBox=\"0 0 24 24\" fill=\"none\" stroke=\"currentColor\" stroke-width=\"2\"><path d=\"M6 9l6 6 6-6\"><\/path><\/svg><\/span><\/a><\/div><div class=\"qvgw-indimg-place-card qvgw-indimg-place-card--hidden\"><a href=\"#hundertwasserhaus\" class=\"qvgw-indimg-place-card__content\"><div class=\"qvgw-indimg-place-card__image\"><img decoding=\"async\" src=\"https:\/\/blog.guruwalk.com\/wp-content\/uploads\/2025\/03\/image-421.jpeg\" alt=\"Hundertwasserhaus, casas de colores en Viena\"><\/div><p class=\"qvgw-indimg-place-card__title\">9. Hundertwasserhaus, casas de colores en Viena<\/p><span class=\"qvgw-indimg-place-card__arrow\"><svg width=\"24\" height=\"24\" viewBox=\"0 0 24 24\" fill=\"none\" stroke=\"currentColor\" stroke-width=\"2\"><path d=\"M6 9l6 6 6-6\"><\/path><\/svg><\/span><\/a><\/div><div class=\"qvgw-indimg-place-card qvgw-indimg-place-card--hidden\"><a href=\"#ringstrasse\" class=\"qvgw-indimg-place-card__content\"><div class=\"qvgw-indimg-place-card__image\"><img decoding=\"async\" src=\"https:\/\/blog.guruwalk.com\/wp-content\/uploads\/2025\/03\/image-422.jpeg\" alt=\"Avenida Ringstrasse\"><\/div><p class=\"qvgw-indimg-place-card__title\">10. Avenida Ringstrasse<\/p><span class=\"qvgw-indimg-place-card__arrow\"><svg width=\"24\" height=\"24\" viewBox=\"0 0 24 24\" fill=\"none\" stroke=\"currentColor\" stroke-width=\"2\"><path d=\"M6 9l6 6 6-6\"><\/path><\/svg><\/span><\/a><\/div><div class=\"qvgw-indimg-place-card qvgw-indimg-place-card--hidden\"><a href=\"#palacio-hofburg\" class=\"qvgw-indimg-place-card__content\"><div class=\"qvgw-indimg-place-card__image\"><img decoding=\"async\" src=\"https:\/\/blog.guruwalk.com\/wp-content\/uploads\/2025\/03\/image-423.jpeg\" alt=\"Palacio de Hofburg\"><\/div><p class=\"qvgw-indimg-place-card__title\">11. Palacio de Hofburg<\/p><span class=\"qvgw-indimg-place-card__arrow\"><svg width=\"24\" height=\"24\" viewBox=\"0 0 24 24\" fill=\"none\" stroke=\"currentColor\" stroke-width=\"2\"><path d=\"M6 9l6 6 6-6\"><\/path><\/svg><\/span><\/a><\/div><div class=\"qvgw-indimg-place-card qvgw-indimg-place-card--hidden\"><a href=\"#iglesia-san-carlos\" class=\"qvgw-indimg-place-card__content\"><div class=\"qvgw-indimg-place-card__image\"><img decoding=\"async\" src=\"https:\/\/blog.guruwalk.com\/wp-content\/uploads\/2025\/03\/image-424.jpeg\" alt=\"Iglesia de San Carlos Borromeo\"><\/div><p class=\"qvgw-indimg-place-card__title\">12. Iglesia de San Carlos Borromeo<\/p><span class=\"qvgw-indimg-place-card__arrow\"><svg width=\"24\" height=\"24\" viewBox=\"0 0 24 24\" fill=\"none\" stroke=\"currentColor\" stroke-width=\"2\"><path d=\"M6 9l6 6 6-6\"><\/path><\/svg><\/span><\/a><\/div><div class=\"qvgw-indimg-place-card qvgw-indimg-place-card--hidden\"><a href=\"#como-llegar\" class=\"qvgw-indimg-place-card__content\"><div class=\"qvgw-indimg-place-card__image\"><img decoding=\"async\" src=\"https:\/\/blog.guruwalk.com\/wp-content\/uploads\/2025\/03\/image-425.jpeg\" alt=\"\u00bfC\u00f3mo llegar a Viena?\"><\/div><p class=\"qvgw-indimg-place-card__title\">13. \u00bfC\u00f3mo llegar a Viena?<\/p><span class=\"qvgw-indimg-place-card__arrow\"><svg width=\"24\" height=\"24\" viewBox=\"0 0 24 24\" fill=\"none\" stroke=\"currentColor\" stroke-width=\"2\"><path d=\"M6 9l6 6 6-6\"><\/path><\/svg><\/span><\/a><\/div><div class=\"qvgw-indimg-place-card qvgw-indimg-place-card--hidden\"><a href=\"#mejores-free-tours\" class=\"qvgw-indimg-place-card__content no-image\"><p class=\"qvgw-indimg-place-card__title\">14. Mejores free tours<\/p><span class=\"qvgw-indimg-place-card__arrow\"><svg width=\"24\" height=\"24\" viewBox=\"0 0 24 24\" fill=\"none\" stroke=\"currentColor\" stroke-width=\"2\"><path d=\"M6 9l6 6 6-6\"><\/path><\/svg><\/span><\/a><\/div><div class=\"qvgw-indimg-place-card qvgw-indimg-place-card--hidden\"><a href=\"#preguntas-frecuentes\u00a0sobre-viena\" class=\"qvgw-indimg-place-card__content no-image\"><p class=\"qvgw-indimg-place-card__title\">15. Preguntas Frecuentes\u00a0sobre Viena<\/p><span class=\"qvgw-indimg-place-card__arrow\"><svg width=\"24\" height=\"24\" viewBox=\"0 0 24 24\" fill=\"none\" stroke=\"currentColor\" stroke-width=\"2\"><path d=\"M6 9l6 6 6-6\"><\/path><\/svg><\/span><\/a><\/div><\/div><button class=\"qvgw-indimg-places-expand\" data-action=\"expand\" aria-expanded=\"false\">Ver m\u00e1s<\/button><\/div>\n\n\n<h2 class=\"wp-block-heading\" id=\"viena-en-un-dia\">\u00bfQu\u00e9 ver en Viena en 1 o 3 d\u00edas?<\/h2>\n\n\n\n<figure class=\"wp-block-image size-full\"><img decoding=\"async\" width=\"970\" height=\"592\" src=\"https:\/\/blog.guruwalk.com\/wp-content\/uploads\/2025\/03\/image-417.jpeg\" alt=\"Palacio Sch\u00f6nbrunn reflejado en el agua, Viena\" class=\"wp-image-8563\" srcset=\"https:\/\/blog.guruwalk.com\/wp-content\/uploads\/2025\/03\/image-417.jpeg 970w, https:\/\/blog.guruwalk.com\/wp-content\/uploads\/2025\/03\/image-417-300x183.jpeg 300w, https:\/\/blog.guruwalk.com\/wp-content\/uploads\/2025\/03\/image-417-768x469.jpeg 768w\" sizes=\"(max-width: 970px) 100vw, 970px\" \/><\/figure>\n\n\n\n<p>Viena, la elegante capital austriaca, combina la grandeza imperial con una escena cultural contempor\u00e1nea. Esta gu\u00eda te ayudar\u00e1 a aprovechar al m\u00e1ximo tu visita, ya sea de uno o tres d\u00edas.<\/p>\n\n\n\n<h3 class=\"wp-block-heading\">Itinerario para un d\u00eda<\/h3>\n\n\n\n<p>Si solo dispones de 24 horas, concentra la visita en el primer distrito (Innere Stadt), el coraz\u00f3n hist\u00f3rico de Viena. Comienza en la Catedral de San Esteban (Stephansdom), el s\u00edmbolo m\u00e1s emblem\u00e1tico de la ciudad. Esta obra maestra g\u00f3tica merece una visita interior para admirar sus b\u00f3vedas y su historia.<\/p>\n\n\n\n<p>Despu\u00e9s, dir\u00edgete al Palacio Imperial de Hofburg, antigua residencia de los Habsburgo. Dedica tiempo a los Apartamentos Imperiales y al Museo Sissi, que ofrecen una perspectiva de la vida de la emperatriz Isabel.<\/p>\n\n\n\n<p>Para el almuerzo, reserva mesa en el hist\u00f3rico Caf\u00e9 Central, donde podr\u00e1s degustar cocina vienesa y pasteler\u00eda cl\u00e1sica en un ambiente fin de si\u00e8cle.<\/p>\n\n\n\n<p>Por la tarde, visita el Museo de Historia del Arte (Kunsthistorisches Museum), que alberga una de las colecciones m\u00e1s importantes del mundo, con obras maestras de Bruegel, Vermeer y Rafael.<\/p>\n\n\n\n<h3 class=\"wp-block-heading\">Consejos para tu visita de un d\u00eda<\/h3>\n\n\n\n<ul class=\"wp-block-list\">\n<li><strong>\u23f0 Comienza temprano:<\/strong> Para aprovechar el d\u00eda, empieza a las 8:00.<\/li>\n\n\n\n<li><strong>\ud83c\udfab Entradas anticipadas:<\/strong> Reserva con antelaci\u00f3n los principales museos.<\/li>\n\n\n\n<li><strong>\ud83d\udeb6\u200d\u2642\ufe0f Transporte:<\/strong> El primer distrito es caminable; usa transporte p\u00fablico para distancias largas.<\/li>\n\n\n\n<li><strong>\u2615 Pausas:<\/strong> Las cafeter\u00edas hist\u00f3ricas son ideales para recargar energ\u00edas.<\/li>\n<\/ul>\n\n\n\n<h3 class=\"wp-block-heading\">Itinerario para tres d\u00edas<\/h3>\n\n\n\n<h4 class=\"wp-block-heading\">D\u00eda 1<\/h4>\n\n\n\n<p>Sigue el itinerario anterior para el primer d\u00eda, que cubre las atracciones esenciales del centro hist\u00f3rico.<\/p>\n\n\n\n<h4 class=\"wp-block-heading\">D\u00eda 2<\/h4>\n\n\n\n<p>Dedica la ma\u00f1ana al Palacio de Sch\u00f6nbrunn, la residencia de verano de los Habsburgo. Reserva al menos tres horas para el palacio, los jardines y la Gloriette. Por la tarde, visita el MuseumsQuartier, un gran complejo cultural de arte moderno y contempor\u00e1neo.<\/p>\n\n\n\n<p>Finaliza el d\u00eda asistiendo a un concierto en la \u00d3pera Estatal de Viena o en el Musikverein, sede habitual de la Orquesta Filarm\u00f3nica de Viena.<\/p>\n\n\n\n<h4 class=\"wp-block-heading\">D\u00eda 3<\/h4>\n\n\n\n<p>Comienza en el Palacio Belvedere, hogar de la principal colecci\u00f3n de Gustav Klimt, incluido \u201cEl beso\u201d. Por la tarde, explora el barrio de Spittelberg, de calles empedradas y arquitectura barroca.<\/p>\n\n\n\n<p>Termina en el Naschmarkt, el mercado m\u00e1s grande de Viena, ideal para probar especialidades locales.<\/p>\n\n\n\n<h2 class=\"wp-block-heading\" id=\"museo-historia-arte\">Museo de Historia del Arte de Viena<\/h2>\n\n\n\n<figure class=\"wp-block-image size-full\"><img decoding=\"async\" width=\"800\" height=\"500\" src=\"https:\/\/blog.guruwalk.com\/wp-content\/uploads\/2025\/03\/image-409.jpeg\" alt=\"Fachada del Kunsthistorisches Museum de Viena con estatua ecuestre\" class=\"wp-image-8499\" srcset=\"https:\/\/blog.guruwalk.com\/wp-content\/uploads\/2025\/03\/image-409.jpeg 800w, https:\/\/blog.guruwalk.com\/wp-content\/uploads\/2025\/03\/image-409-300x188.jpeg 300w, https:\/\/blog.guruwalk.com\/wp-content\/uploads\/2025\/03\/image-409-768x480.jpeg 768w\" sizes=\"(max-width: 800px) 100vw, 800px\" \/><\/figure>\n\n\n\n<p>El <strong>Museo de Historia del Arte<\/strong> (Kunsthistorisches Museum) se construy\u00f3 en 1891 junto al Palacio Imperial para custodiar las colecciones de los Habsburgo, incluida la <strong>mayor colecci\u00f3n de Bruegel<\/strong> del mundo. Antes, las obras se guardaban en Hofburg y Belvedere.<\/p>\n\n\n\n<p>Durante la construcci\u00f3n de la Ringstrasse se levantaron dos edificios gemelos: uno para las <strong>Colecciones Imperiales<\/strong> de arte (KHM) y otro para el <strong>Museo de Historia Natural<\/strong>. A diferencia de otros museos situados en palacios, este edificio se concibi\u00f3 como museo, con salas dise\u00f1adas en funci\u00f3n de sus contenidos.<\/p>\n\n\n\n<p>En la pinacoteca ver\u00e1s obras clave del arte occidental como <strong>\u201cLa Virgen del prado\u201d<\/strong> de <strong>Rafael<\/strong>, <em>\u201cEl arte de la pintura\u201d<\/em> de <strong>Vermeer<\/strong>, retratos de la <strong>infanta Margarita Teresa<\/strong> de <strong>Vel\u00e1zquez<\/strong> y obras de <strong>Tiziano, Rubens, Durero, Rembrandt o Tintoretto<\/strong>.<\/p>\n\n\n\n<p>La planta baja acoge las colecciones de <strong>Egipto y Oriente Pr\u00f3ximo<\/strong> y de <strong>Antig\u00fcedades griegas y romanas<\/strong>, con esculturas, momias y objetos de culto. Las primeras plantas muestran la pintura por escuelas nacionales.<\/p>\n\n\n\n<figure class=\"wp-block-image size-full\"><img decoding=\"async\" width=\"800\" height=\"500\" src=\"https:\/\/blog.guruwalk.com\/wp-content\/uploads\/2025\/03\/image-410.jpeg\" alt=\"Gran escalera e interior hist\u00f3rico del Kunsthistorisches Museum\" class=\"wp-image-8507\" srcset=\"https:\/\/blog.guruwalk.com\/wp-content\/uploads\/2025\/03\/image-410.jpeg 800w, https:\/\/blog.guruwalk.com\/wp-content\/uploads\/2025\/03\/image-410-300x188.jpeg 300w, https:\/\/blog.guruwalk.com\/wp-content\/uploads\/2025\/03\/image-410-768x480.jpeg 768w\" sizes=\"(max-width: 800px) 100vw, 800px\" \/><\/figure>\n\n\n\n<p>En la <strong>segunda planta<\/strong> est\u00e1 el <strong>Gabinete Numism\u00e1tico<\/strong>, con <strong>\u2248600.000 objetos<\/strong> (monedas, billetes, medallas y m\u00e1s), una de las colecciones m\u00e1s importantes del mundo.<\/p>\n\n\n\n<p>Tambi\u00e9n destaca la <strong>Kunstkammer<\/strong> (C\u00e1mara de las Maravillas), con objetos desde la Edad Media al Barroco.<\/p>\n\n\n\n<p>El museo recibe cada a\u00f1o a m\u00e1s de un mill\u00f3n de visitantes. La audiogu\u00eda explica las piezas m\u00e1s relevantes y agiliza la visita.<\/p>\n\n\n\n<blockquote class=\"wp-block-quote is-layout-flow wp-block-quote-is-layout-flow\">\n<p>Calcula 2\u20133 horas. Compra entrada con franja horaria en la web oficial en temporada alta; algunas salas pueden cerrar temporalmente por conservaci\u00f3n.<\/p>\n<\/blockquote>\n\n\n\n<h2 class=\"wp-block-heading\" id=\"catedral-san-esteban\">Catedral de San Esteban de Viena (Stephansdom)<\/h2>\n\n\n\n<figure class=\"wp-block-image size-full\"><img decoding=\"async\" width=\"800\" height=\"550\" src=\"https:\/\/blog.guruwalk.com\/wp-content\/uploads\/2025\/03\/image-411.jpeg\" alt=\"Catedral de San Esteban de Viena bajo cielo azul con tejado de azulejos\" class=\"wp-image-8515\" srcset=\"https:\/\/blog.guruwalk.com\/wp-content\/uploads\/2025\/03\/image-411.jpeg 800w, https:\/\/blog.guruwalk.com\/wp-content\/uploads\/2025\/03\/image-411-300x206.jpeg 300w, https:\/\/blog.guruwalk.com\/wp-content\/uploads\/2025\/03\/image-411-768x528.jpeg 768w\" sizes=\"(max-width: 800px) 100vw, 800px\" \/><\/figure>\n\n\n\n<p>La <strong>Catedral de San Esteban<\/strong> ocupa un lugar central en Viena y suele ser el punto de inicio de muchos recorridos por su ubicaci\u00f3n en pleno centro.<\/p>\n\n\n\n<p>Se erigi\u00f3 sobre las ruinas de una iglesia rom\u00e1nica y fue consagrada en <strong>1147<\/strong>. Es el principal templo vien\u00e9s, c\u00e9lebre por su arquitectura y por el patrimonio que custodia.<\/p>\n\n\n\n<h3 class=\"wp-block-heading\">Estilo y arquitectura<\/h3>\n\n\n\n<figure class=\"wp-block-image size-full\"><img decoding=\"async\" width=\"900\" height=\"599\" src=\"https:\/\/blog.guruwalk.com\/wp-content\/uploads\/2025\/03\/image-412.jpeg\" alt=\"Interior g\u00f3tico de la Catedral de San Esteban de Viena\" class=\"wp-image-8523\" srcset=\"https:\/\/blog.guruwalk.com\/wp-content\/uploads\/2025\/03\/image-412.jpeg 900w, https:\/\/blog.guruwalk.com\/wp-content\/uploads\/2025\/03\/image-412-300x200.jpeg 300w, https:\/\/blog.guruwalk.com\/wp-content\/uploads\/2025\/03\/image-412-768x511.jpeg 768w\" sizes=\"(max-width: 900px) 100vw, 900px\" \/><\/figure>\n\n\n\n<p>La catedral destaca por sus <strong>tejados policromados<\/strong>, sus torres y la gran aguja. La <strong>torre sur mide 136,4 m<\/strong> y el tejado luce <strong>\u2248230.000<\/strong> azulejos vidriados.<\/p>\n\n\n\n<p>El museo de la Catedral conserva <strong>tallas<\/strong> de los siglos XVI y XVII y <strong>pinturas religiosas<\/strong> del XVIII, adem\u00e1s del Tesoro.<\/p>\n\n\n\n<p>En el interior conviven estilos de distintas \u00e9pocas: <strong>nave, capillas y coro g\u00f3ticos<\/strong>, con a\u00f1adidos barrocos en dependencias laterales. Alberga criptas con restos de miembros de los Habsburgo. Aqu\u00ed se celebraron, entre otros, la boda y el funeral de Mozart.<\/p>\n\n\n\n<p>Elementos destacados: el <strong>P\u00falpito de Pilgram<\/strong>, la imagen de <strong>Cristo Crucificado<\/strong> (seg\u00fan la tradici\u00f3n, con \u201cbarba\u201d de pelo humano), las <strong>Catacumbas<\/strong> y la <strong>campana Pummerin<\/strong> (en la torre norte, reconstruida tras 1945). Las <strong>Torres de los Paganos<\/strong> enmarcan la <strong>Puerta de los Gigantes<\/strong>; en el lado derecho se halla la <strong>Puerta de los Cantores<\/strong>.<\/p>\n\n\n\n<blockquote class=\"wp-block-quote is-layout-flow wp-block-quote-is-layout-flow\">\n<p>Subidas: mirador por escalera en la torre sur y plataforma con ascensor en la norte. Lleva calzado c\u00f3modo; el pavimento es irregular en algunas zonas hist\u00f3ricas.<\/p>\n<\/blockquote>\n\n\n<div class=\"gb-container gb-container-4b76c6ab\">\n\n<h2 class=\"wp-block-heading\" id=\"opera-estatal\">\u00d3pera Estatal de Viena<\/h2>\n\n<\/div>\n\n\n<figure class=\"wp-block-image size-full\"><img decoding=\"async\" width=\"900\" height=\"600\" src=\"https:\/\/blog.guruwalk.com\/wp-content\/uploads\/2025\/03\/image-413.jpeg\" alt=\"Fachada de la \u00d3pera Estatal de Viena en la Ringstrasse\" class=\"wp-image-8531\" srcset=\"https:\/\/blog.guruwalk.com\/wp-content\/uploads\/2025\/03\/image-413.jpeg 900w, https:\/\/blog.guruwalk.com\/wp-content\/uploads\/2025\/03\/image-413-300x200.jpeg 300w, https:\/\/blog.guruwalk.com\/wp-content\/uploads\/2025\/03\/image-413-768x512.jpeg 768w\" sizes=\"(max-width: 900px) 100vw, 900px\" \/><\/figure>\n\n\n\n<p>La <strong>\u00d3pera Estatal de Viena<\/strong> (Staatsoper) fue el primer edificio terminado de la Ringstrasse. Tras las cr\u00edticas iniciales, su calidad art\u00edstica se impuso. Fue <strong>inaugurada el 25 de mayo de 1869 con <em>Don Giovanni<\/em><\/strong>. Sufri\u00f3 graves da\u00f1os en 1945 y reabri\u00f3 en 1955.<\/p>\n\n\n\n<p>Su arquitectura es renacentista. El auditorio ofrece <strong>2.284 plazas<\/strong> (1.709 asientos y 567 de pie) y hoy dispone de tablets de sobret\u00edtulos en varios idiomas.<\/p>\n\n\n\n<p>Las visitas solo se realizan en <strong>visitas guiadas<\/strong> por el interior con varios idiomas disponibles.<\/p>\n\n\n\n<h3 class=\"gb-headline gb-headline-c512dace gb-headline-text\">Consejos para visitar la \u00d3pera<\/h3>\n\n\n\n<ul class=\"wp-block-list\">\n<li><strong>\ud83c\udfab Entradas econ\u00f3micas:<\/strong> existen <strong>plazas de pie<\/strong> con precios reducidos disponibles el mismo d\u00eda.<\/li>\n\n\n\n<li><strong>\ud83d\udd52 Visitas guiadas:<\/strong> reserva con antelaci\u00f3n en la web oficial.<\/li>\n\n\n\n<li><strong>\ud83d\udcf8 Fotograf\u00eda:<\/strong> permitida en visitas y descansos; <strong>prohibida durante las funciones<\/strong>.<\/li>\n\n\n\n<li><strong>\ud83d\udc57 Vestimenta:<\/strong> estilo elegante recomendado en funciones nocturnas.<\/li>\n<\/ul>\n\n\n\n<blockquote class=\"wp-block-quote is-layout-flow wp-block-quote-is-layout-flow\">\n<p>Si buscas ahorrar, las <strong>plazas de pie<\/strong> se ponen a la venta el mismo d\u00eda y permiten ver una gran producci\u00f3n a bajo coste.<\/p>\n<\/blockquote>\n\n\n\n<h2 class=\"wp-block-heading\" id=\"parlamento-austria\">Parlamento de Austria<\/h2>\n\n\n\n<figure class=\"wp-block-image size-full\"><img decoding=\"async\" width=\"900\" height=\"600\" src=\"https:\/\/blog.guruwalk.com\/wp-content\/uploads\/2025\/03\/image-414.jpeg\" alt=\"Parlamento de Austria en la Ringstrasse, Viena\" class=\"wp-image-8539\" srcset=\"https:\/\/blog.guruwalk.com\/wp-content\/uploads\/2025\/03\/image-414.jpeg 900w, https:\/\/blog.guruwalk.com\/wp-content\/uploads\/2025\/03\/image-414-300x200.jpeg 300w, https:\/\/blog.guruwalk.com\/wp-content\/uploads\/2025\/03\/image-414-768x512.jpeg 768w\" sizes=\"(max-width: 900px) 100vw, 900px\" \/><\/figure>\n\n\n\n<p>El edificio del <strong>Parlamento de Austria<\/strong> se ubica en la Ringstrasse (primer distrito), cerca del Palacio de Justicia y frente a la Fuente de <strong>Pallas Atenea<\/strong>. Aqu\u00ed se celebran las sesiones parlamentarias.<\/p>\n\n\n\n<p>Obra de <strong>Theophil Hansen<\/strong>, responde al <strong>historicismo de inspiraci\u00f3n griega (Greek Revival)<\/strong>. Se inaugur\u00f3 en <strong>1883<\/strong> y reabri\u00f3 al p\u00fablico el <strong>12 de enero de 2023<\/strong> tras una restauraci\u00f3n integral.<\/p>\n\n\n\n<h3 class=\"wp-block-heading\">El interior del Parlamento de Austria<\/h3>\n\n\n\n<figure class=\"wp-block-image size-full\"><img decoding=\"async\" width=\"900\" height=\"600\" src=\"https:\/\/blog.guruwalk.com\/wp-content\/uploads\/2025\/03\/image-415.jpeg\" alt=\"Sal\u00f3n de columnas del Parlamento de Austria\" class=\"wp-image-8547\" srcset=\"https:\/\/blog.guruwalk.com\/wp-content\/uploads\/2025\/03\/image-415.jpeg 900w, https:\/\/blog.guruwalk.com\/wp-content\/uploads\/2025\/03\/image-415-300x200.jpeg 300w, https:\/\/blog.guruwalk.com\/wp-content\/uploads\/2025\/03\/image-415-768x512.jpeg 768w\" sizes=\"(max-width: 900px) 100vw, 900px\" \/><\/figure>\n\n\n\n<p>El complejo alberga el <strong>Consejo Federal<\/strong> (Bundesrat) y el <strong>Consejo Nacional<\/strong> (Nationalrat), unidos por un p\u00f3rtico central. Se accede mediante <strong>visitas guiadas<\/strong> que recorren el Sal\u00f3n de los Pilares y otras estancias hist\u00f3ricas.<\/p>\n\n\n\n<p>Frente a la entrada principal se alza la <strong>Fuente de Pallas Atenea<\/strong>, s\u00edmbolo de sabidur\u00eda del Estado.<\/p>\n\n\n\n<h2 class=\"wp-block-heading\" id=\"museo-carruajes\">Museo de Carruajes Imperiales de Viena<\/h2>\n\n\n\n<figure class=\"wp-block-image size-full\"><img decoding=\"async\" width=\"900\" height=\"548\" src=\"https:\/\/blog.guruwalk.com\/wp-content\/uploads\/2025\/03\/image-416.jpeg\" alt=\"Carroza imperial dorada en el Museo de Carruajes Imperiales\" class=\"wp-image-8555\" srcset=\"https:\/\/blog.guruwalk.com\/wp-content\/uploads\/2025\/03\/image-416.jpeg 900w, https:\/\/blog.guruwalk.com\/wp-content\/uploads\/2025\/03\/image-416-300x183.jpeg 300w, https:\/\/blog.guruwalk.com\/wp-content\/uploads\/2025\/03\/image-416-768x468.jpeg 768w\" sizes=\"(max-width: 900px) 100vw, 900px\" \/><\/figure>\n\n\n\n<p>En el <strong>Schlosspark de Sch\u00f6nbrunn<\/strong> se ubica el <strong>Museo de los Carruajes Imperiales<\/strong>, con una de las mejores colecciones de veh\u00edculos hist\u00f3ricos de corte: m\u00e1s de <strong>170<\/strong> piezas entre carruajes, trineos y sillas, adem\u00e1s de vestidos y objetos de la corte.<\/p>\n\n\n\n<p>Entre las piezas m\u00e1s llamativas figuran el <strong>coche f\u00fanebre de la corte<\/strong>, la <strong>carroza de la emperatriz Sisi<\/strong> y el <strong>Imperialwagen<\/strong> del siglo XVIII.<\/p>\n\n\n\n<h3 class=\"wp-block-heading\">Consejos para tu visita al Museo de Carruajes<\/h3>\n\n\n\n<ul class=\"wp-block-list\">\n<li><strong>\ud83c\udfab Entrada combinada:<\/strong> valora el ticket conjunto con Sch\u00f6nbrunn.<\/li>\n\n\n\n<li><strong>\ud83c\udfa7 Audiogu\u00eda:<\/strong> disponible en varios idiomas.<\/li>\n\n\n\n<li><strong>\ud83d\udcf8 Fotograf\u00eda:<\/strong> normalmente sin flash.<\/li>\n\n\n\n<li><strong>\u23f0 Duraci\u00f3n:<\/strong> dedica 1,5 horas.<\/li>\n<\/ul>\n\n\n\n<p>La exposici\u00f3n permanente traza en paralelo la vida de la <strong>emperatriz Isabel<\/strong> y la de <strong>Diana de Gales<\/strong>, resaltando similitudes biogr\u00e1ficas.<\/p>\n\n\n\n<h2 class=\"wp-block-heading\" id=\"palacio-schonbrunn\">Palacio Sch\u00f6nbrunn<\/h2>\n\n\n\n<figure class=\"wp-block-image size-full\"><img decoding=\"async\" width=\"970\" height=\"592\" src=\"https:\/\/blog.guruwalk.com\/wp-content\/uploads\/2025\/03\/image-417.jpeg\" alt=\"Fachada del Palacio de Sch\u00f6nbrunn reflejada en el estanque\" class=\"wp-image-8563\" srcset=\"https:\/\/blog.guruwalk.com\/wp-content\/uploads\/2025\/03\/image-417.jpeg 970w, https:\/\/blog.guruwalk.com\/wp-content\/uploads\/2025\/03\/image-417-300x183.jpeg 300w, https:\/\/blog.guruwalk.com\/wp-content\/uploads\/2025\/03\/image-417-768x469.jpeg 768w\" sizes=\"(max-width: 970px) 100vw, 970px\" \/><\/figure>\n\n\n\n<p>El <strong>Palacio de Sch\u00f6nbrunn<\/strong>, obra maestra del barroco y Patrimonio de la Humanidad (1996), fue la residencia de verano de los emperadores.<\/p>\n\n\n\n<p>La visita interior es <strong>autoguiada con audiogu\u00eda<\/strong> (hora asignada); tambi\u00e9n hay <strong>tours guiados<\/strong> en horarios espec\u00edficos.<\/p>\n\n\n\n<p>En la Edad Media exist\u00eda aqu\u00ed la finca <strong>Katterburg<\/strong>, parte de la abad\u00eda de Klosterneuburg. En 1569 pas\u00f3 a Maximiliano II. En 1683 la finca y el pabell\u00f3n de caza <strong>resultaron da\u00f1ados durante el asedio<\/strong> y Leopoldo I impuls\u00f3 una nueva residencia.<\/p>\n\n\n\n<figure class=\"wp-block-image size-full\"><img decoding=\"async\" width=\"900\" height=\"600\" src=\"https:\/\/blog.guruwalk.com\/wp-content\/uploads\/2025\/03\/image-418.jpeg\" alt=\"Vista del Palacio de Sch\u00f6nbrunn con fuente\" class=\"wp-image-8571\" srcset=\"https:\/\/blog.guruwalk.com\/wp-content\/uploads\/2025\/03\/image-418.jpeg 900w, https:\/\/blog.guruwalk.com\/wp-content\/uploads\/2025\/03\/image-418-300x200.jpeg 300w, https:\/\/blog.guruwalk.com\/wp-content\/uploads\/2025\/03\/image-418-768x512.jpeg 768w\" sizes=\"(max-width: 900px) 100vw, 900px\" \/><\/figure>\n\n\n\n<p>El palacio tiene <strong>1.441 habitaciones<\/strong> (45 visitables). Naci\u00f3 aqu\u00ed el emperador Francisco Jos\u00e9 (1830). El <strong>parque<\/strong> puede visitarse <strong>gratuitamente todo el a\u00f1o<\/strong>, con la Glorieta, el obelisco y las \u201cruinas romanas\u201d.<\/p>\n\n\n\n<p>El recorrido con audiogu\u00eda explica los hechos m\u00e1s relevantes de la corte. Las estancias destacan por su decoraci\u00f3n rococ\u00f3. Las habitaciones de Francisco Jos\u00e9 y Sisi, en cambio, eran sobrias.<\/p>\n\n\n\n<p>Espacios clave: la <strong>Gran Galer\u00eda<\/strong> para banquetes, el <strong>Sal\u00f3n Chino Circular<\/strong> para audiencias privadas, el <strong>Sal\u00f3n del Desayuno<\/strong> y el <strong>Sal\u00f3n Chino Azul<\/strong>, donde Carlos I abdic\u00f3 en 1918.<\/p>\n\n\n\n<blockquote class=\"wp-block-quote is-layout-flow wp-block-quote-is-layout-flow\">\n<p>Reserva con antelaci\u00f3n en temporada alta. El parque es gratis; la entrada al palacio es con franja horaria. Dedica 2\u20133 horas al conjunto.<\/p>\n<\/blockquote>\n\n\n\n<h2 class=\"wp-block-heading\" id=\"prater\">Prater de Viena<\/h2>\n\n\n\n<figure class=\"wp-block-image size-full\"><img decoding=\"async\" width=\"900\" height=\"600\" src=\"https:\/\/blog.guruwalk.com\/wp-content\/uploads\/2025\/03\/image-419.jpeg\" alt=\"Entrada al Prater de Viena y zona de atracciones\" class=\"wp-image-8579\" srcset=\"https:\/\/blog.guruwalk.com\/wp-content\/uploads\/2025\/03\/image-419.jpeg 900w, https:\/\/blog.guruwalk.com\/wp-content\/uploads\/2025\/03\/image-419-300x200.jpeg 300w, https:\/\/blog.guruwalk.com\/wp-content\/uploads\/2025\/03\/image-419-768x512.jpeg 768w\" sizes=\"(max-width: 900px) 100vw, 900px\" \/><\/figure>\n\n\n\n<p>El <strong>Wiener Prater<\/strong> combina un gran parque urbano con el <strong>Wurstelprater<\/strong>, <strong>uno de los parques de atracciones m\u00e1s antiguos en funcionamiento<\/strong> (\u00e1rea l\u00fadica abierta en 1895). Antiguamente fue coto de caza y desde 1766 se abri\u00f3 al p\u00fablico.<\/p>\n\n\n\n<p>Si el tiempo acompa\u00f1a, es una visita muy agradable. Su <strong>noria gigante<\/strong> es todo un icono y alcanza <strong>64,75 m<\/strong> de altura.<\/p>\n\n\n\n<p>El acceso al recinto es <strong>gratuito<\/strong>; las atracciones se pagan por separado.<\/p>\n\n\n\n<h3 class=\"wp-block-heading\">La noria<\/h3>\n\n\n\n<figure class=\"wp-block-image size-full\"><img decoding=\"async\" width=\"1020\" height=\"606\" src=\"https:\/\/blog.guruwalk.com\/wp-content\/uploads\/2025\/03\/image-420.jpeg\" alt=\"Noria gigante del Prater con cabinas rojas\" class=\"wp-image-8587\" srcset=\"https:\/\/blog.guruwalk.com\/wp-content\/uploads\/2025\/03\/image-420.jpeg 1020w, https:\/\/blog.guruwalk.com\/wp-content\/uploads\/2025\/03\/image-420-300x178.jpeg 300w, https:\/\/blog.guruwalk.com\/wp-content\/uploads\/2025\/03\/image-420-768x456.jpeg 768w\" sizes=\"(max-width: 1020px) 100vw, 1020px\" \/><\/figure>\n\n\n\n<p>La <strong>Wiener Riesenrad<\/strong> se inaugur\u00f3 en <strong>1897<\/strong> por el jubileo de Francisco Jos\u00e9. Fue da\u00f1ada en 1945 y se reconstruy\u00f3 con <strong>15<\/strong> cabinas (originalmente ten\u00eda 30). Abajo, una exposici\u00f3n recrea escenas hist\u00f3ricas de la ciudad.<\/p>\n\n\n\n<h2 class=\"wp-block-heading\" id=\"hundertwasserhaus\">Hundertwasserhaus, casas de colores en Viena<\/h2>\n\n\n\n<figure class=\"wp-block-image size-full\"><img decoding=\"async\" width=\"900\" height=\"540\" src=\"https:\/\/blog.guruwalk.com\/wp-content\/uploads\/2025\/03\/image-421.jpeg\" alt=\"Fachada colorida del Hundertwasserhaus en Viena, Kegelgasse 34-38\" class=\"wp-image-8595\" srcset=\"https:\/\/blog.guruwalk.com\/wp-content\/uploads\/2025\/03\/image-421.jpeg 900w, https:\/\/blog.guruwalk.com\/wp-content\/uploads\/2025\/03\/image-421-300x180.jpeg 300w, https:\/\/blog.guruwalk.com\/wp-content\/uploads\/2025\/03\/image-421-768x461.jpeg 768w\" sizes=\"(max-width: 900px) 100vw, 900px\" \/><\/figure>\n\n\n\n<p><strong>Hundertwasserhaus<\/strong> es un conjunto residencial de <strong>Friedensreich Hundertwasser<\/strong> (1983\u20131986) con 50 viviendas p\u00fablicas y locales comerciales. Rompe con la arquitectura convencional: l\u00edneas onduladas, suelos irregulares, fachadas de colores y vegetaci\u00f3n integrada.<\/p>\n\n\n\n<p>El edificio <strong>solo puede verse desde el exterior<\/strong>. Para conocer m\u00e1s sobre el artista y su obra, visita el cercano <strong>Kunst Haus Wien \u2013 Museum Hundertwasser<\/strong>.<\/p>\n\n\n\n<h3 class=\"wp-block-heading\">Consejos para visitar Hundertwasserhaus<\/h3>\n\n\n\n<ul class=\"wp-block-list\">\n<li><strong>\ud83d\udcf8 Mejores fotos:<\/strong> temprano por la ma\u00f1ana.<\/li>\n\n\n\n<li><strong>\ud83d\udeb6\u200d\u2642\ufe0f Visita exterior:<\/strong> es un edificio residencial.<\/li>\n\n\n\n<li><strong>\ud83c\udfa8 Museo Hundertwasser:<\/strong> a pocos minutos a pie, para ver su obra.<\/li>\n<\/ul>\n\n\n\n<p>Junto al conjunto se levant\u00f3 el <strong>Hundertwasser Village<\/strong>, un peque\u00f1o \u201cpueblo\u201d comercial en su estilo, y la vegetaci\u00f3n de terrazas ajardinadas refuerza su mensaje ecol\u00f3gico.<\/p>\n\n\n\n<h2 class=\"wp-block-heading\" id=\"ringstrasse\">Avenida Ringstrasse<\/h2>\n\n\n\n<figure class=\"wp-block-image size-full\"><img decoding=\"async\" width=\"980\" height=\"600\" src=\"https:\/\/blog.guruwalk.com\/wp-content\/uploads\/2025\/03\/image-422.jpeg\" alt=\"Panor\u00e1mica de la Ringstrasse rodeando el centro de Viena\" class=\"wp-image-8603\" srcset=\"https:\/\/blog.guruwalk.com\/wp-content\/uploads\/2025\/03\/image-422.jpeg 980w, https:\/\/blog.guruwalk.com\/wp-content\/uploads\/2025\/03\/image-422-300x184.jpeg 300w, https:\/\/blog.guruwalk.com\/wp-content\/uploads\/2025\/03\/image-422-768x470.jpeg 768w\" sizes=\"(max-width: 980px) 100vw, 980px\" \/><\/figure>\n\n\n\n<p>La <strong>Ringstrasse<\/strong> es un bulevar circular de <strong>5,3 km<\/strong> que rodea el <strong>primer distrito (Innere Stadt)<\/strong> donde antes estuvo la muralla. Re\u00fane edificios emblem\u00e1ticos como Hofburg, el Ayuntamiento, el Parlamento, los museos de Historia Natural y del Arte, la \u00d3pera o la Bolsa.<\/p>\n\n\n\n<p>Por tramos: <strong>Stubenring, Parkring, Schubertring, K\u00e4rntner Ring, Opernring, Burgring, Dr.-Karl-Renner-Ring, Universit\u00e4tsring<\/strong> (antes Dr.-Karl\u2011Lueger\u2011Ring) y <strong>Schottenring<\/strong>. Puede recorrerse a pie o en tranv\u00eda.<\/p>\n\n\n\n<h2 class=\"wp-block-heading\" id=\"palacio-hofburg\">Palacio de Hofburg<\/h2>\n\n\n\n<figure class=\"wp-block-image size-full\"><img decoding=\"async\" width=\"900\" height=\"600\" src=\"https:\/\/blog.guruwalk.com\/wp-content\/uploads\/2025\/03\/image-423.jpeg\" alt=\"Estatua ecuestre frente al Palacio de Hofburg en Viena\" class=\"wp-image-8611\" srcset=\"https:\/\/blog.guruwalk.com\/wp-content\/uploads\/2025\/03\/image-423.jpeg 900w, https:\/\/blog.guruwalk.com\/wp-content\/uploads\/2025\/03\/image-423-300x200.jpeg 300w, https:\/\/blog.guruwalk.com\/wp-content\/uploads\/2025\/03\/image-423-768x512.jpeg 768w\" sizes=\"(max-width: 900px) 100vw, 900px\" \/><\/figure>\n\n\n\n<p>El Palacio de Hofburg fue residencia de los Habsburgo durante m\u00e1s de 600 a\u00f1os. Es un <strong>conjunto<\/strong> con iglesia, capillas, la Escuela de Equitaci\u00f3n de Invierno, la Biblioteca Nacional, varios museos y las oficinas del presidente de la rep\u00fablica.<\/p>\n\n\n\n<p>La parte m\u00e1s visitada son los <strong>Kaiserappartements<\/strong> (Apartamentos Imperiales), la <strong>Plater\u00eda de la Corte<\/strong> y el <strong>Museo de Sisi<\/strong>, con estancias oficiales y privadas.<\/p>\n\n\n\n<h3 class=\"wp-block-heading\">Consejos para visitar el Palacio de Hofburg<\/h3>\n\n\n\n<ul class=\"wp-block-list\">\n<li><strong>\ud83c\udfab Entradas:<\/strong> compra online para evitar colas.<\/li>\n\n\n\n<li><strong>\ud83c\udfa7 Audiogu\u00eda:<\/strong> disponible en varios idiomas.<\/li>\n\n\n\n<li><strong>\u23f0 Tiempo:<\/strong> dedica 2\u20133 horas.<\/li>\n\n\n\n<li><strong>\ud83d\udcf8 Fotograf\u00eda:<\/strong> suele estar permitida sin flash en muchas salas.<\/li>\n<\/ul>\n\n\n\n<p>La <strong>Schatzkammer<\/strong> (C\u00e1mara del Tesoro) re\u00fane piezas sagradas y seculares como <strong>insignias del Sacro Imperio Romano Germ\u00e1nico<\/strong> o joyas din\u00e1sticas. La Plater\u00eda muestra vajillas, porcelanas y textiles de mesa. El Museo de Sisi recorre su vida con objetos personales.<\/p>\n\n\n\n<p>Hofburg combina varios estilos, del g\u00f3tico al historicismo, seg\u00fan los doce edificios que lo componen.<\/p>\n\n\n\n<h2 class=\"wp-block-heading\" id=\"iglesia-san-carlos\">Iglesia de San Carlos Borromeo<\/h2>\n\n\n\n<figure class=\"wp-block-image size-full\"><img decoding=\"async\" width=\"900\" height=\"600\" src=\"https:\/\/blog.guruwalk.com\/wp-content\/uploads\/2025\/03\/image-424.jpeg\" alt=\"Karlskirche, Iglesia de San Carlos Borromeo en Karlsplatz\" class=\"wp-image-8619\" srcset=\"https:\/\/blog.guruwalk.com\/wp-content\/uploads\/2025\/03\/image-424.jpeg 900w, https:\/\/blog.guruwalk.com\/wp-content\/uploads\/2025\/03\/image-424-300x200.jpeg 300w, https:\/\/blog.guruwalk.com\/wp-content\/uploads\/2025\/03\/image-424-768x512.jpeg 768w\" sizes=\"(max-width: 900px) 100vw, 900px\" \/><\/figure>\n\n\n\n<p>Tras la epidemia de <strong>1713<\/strong>, el emperador Carlos VI prometi\u00f3 un templo a San Carlos Borromeo. La <strong>Karlskirche<\/strong>, \u00faltima obra de Johann Bernhard Fischer von Erlach (concluida por su hijo en 1739), se alza en <strong>Karlsplatz<\/strong> (entrada por <strong>Kreuzherrengasse 1<\/strong>).<\/p>\n\n\n\n<p>Destacan las <strong>dos columnas<\/strong> inspiradas en la Columna de Trajano y la gran c\u00fapula con decoraci\u00f3n barroca. Un ascensor panor\u00e1mico permite acercarse a los frescos de la c\u00fapula.<\/p>\n\n\n\n<p>La iglesia acoge con frecuencia conciertos como el <em>R\u00e9quiem<\/em> de Mozart o <em>Las cuatro estaciones<\/em> de Vivaldi.<\/p>\n\n\n\n<h2 class=\"wp-block-heading\" id=\"como-llegar\">\u00bfC\u00f3mo llegar a Viena?<\/h2>\n\n\n\n<figure class=\"wp-block-image size-full\"><img decoding=\"async\" width=\"900\" height=\"600\" src=\"https:\/\/blog.guruwalk.com\/wp-content\/uploads\/2025\/03\/image-425.jpeg\" alt=\"Teatro Nacional de Viena y entorno urbano\" class=\"wp-image-8627\" srcset=\"https:\/\/blog.guruwalk.com\/wp-content\/uploads\/2025\/03\/image-425.jpeg 900w, https:\/\/blog.guruwalk.com\/wp-content\/uploads\/2025\/03\/image-425-300x200.jpeg 300w, https:\/\/blog.guruwalk.com\/wp-content\/uploads\/2025\/03\/image-425-768x512.jpeg 768w\" sizes=\"(max-width: 900px) 100vw, 900px\" \/><\/figure>\n\n\n\n<p>Viena est\u00e1 muy bien comunicada por <strong>tren, avi\u00f3n y carretera<\/strong> con el resto de Europa.<\/p>\n\n\n\n<h3 class=\"wp-block-heading\">Viajar en tren<\/h3>\n\n\n\n<p>El tren es una excelente opci\u00f3n si recorres Europa. <strong>Wien Hauptbahnhof<\/strong> no est\u00e1 en el casco hist\u00f3rico, pero conecta con el <strong>metro U1<\/strong>, que enlaza r\u00e1pidamente con Karlsplatz\/Stephansplatz. Hay conexiones directas desde ciudades como Par\u00eds, Venecia, Budapest o Praga, y desde Viena podr\u00e1s visitar cercanas como <strong>Bratislava (Eslovaquia)<\/strong> o <strong>Salzburgo (Austria)<\/strong>.<\/p>\n\n\n\n<h3 class=\"wp-block-heading\">Viajar en avi\u00f3n a Viena<\/h3>\n\n\n\n<p>Con antelaci\u00f3n suelen aparecer tarifas promocionales desde Espa\u00f1a. Tras reservar, planifica el traslado del aeropuerto al centro.<\/p>\n\n\n\n<blockquote class=\"wp-block-quote is-layout-flow wp-block-quote-is-layout-flow\">\n<p><strong>C\u00f3mo ir del aeropuerto al centro<\/strong>: S-Bahn <strong>S7<\/strong> hasta Wien Mitte (enlace U3\/U4); <strong>Railjet<\/strong> (\u00d6BB) a Wien Hbf; <strong>CAT<\/strong> directo a Wien Mitte; <strong>VAL 2<\/strong> a Morzinplatz\/Schwedenplatz. Revisa horarios en webs oficiales.<\/p>\n<\/blockquote>\n\n\n\n<p>El <strong>Aeropuerto Internacional de Viena (VIE)<\/strong> est\u00e1 a 18 km y no tiene conexi\u00f3n directa con metro, pero s\u00ed con <strong>tren (S-Bahn y Railjet)<\/strong> y <strong>autob\u00fas<\/strong>. El bus <strong>VAL 2<\/strong> llega a <strong>Morzinplatz\/Schwedenplatz<\/strong>; desde all\u00ed, U1\/U4 hacia el centro hist\u00f3rico.<\/p>\n\n\n\n<h3 class=\"wp-block-heading\">Viajar en coche<\/h3>\n\n\n\n<p>Seg\u00fan el origen, el viaje puede ser largo (p. ej., ~2.500 km desde Madrid). Usa un navegador para elegir rutas y evitar peajes si lo prefieres.<\/p>\n\n\n\n<h3 class=\"wp-block-heading\">Viajar en autob\u00fas<\/h3>\n\n\n\n<p>Desde ciudades cercanas hay conexiones directas. Desde Madrid o Barcelona el trayecto es largo y con paradas.<\/p>\n\n\n\n<h2 class=\"wp-block-heading\" id=\"mejores-free-tours\">Mejores free tours<\/h2>\n\n\n<div class=\"gw-freetours-container\"><div class=\"gw-freetours-carousel\"><div class=\"gw-freetours-track\"><div class=\"gw-freetours-card\" data-tour-id=\"60422\"><button type=\"button\" class=\"gw-freetours-image-link\" data-dest=\"https:\/\/www.guruwalk.com\/es\/walks\/60422-free-tour-episodio-1-paseo-por-el-centro-de-viena\" role=\"link\" aria-label=\"Free Tour: Episodio 1, Paseo por el Centro de Viena\"><div class=\"gw-freetours-image\"><img decoding=\"async\" class=\"gw-freetours-photo\" src=\"https:\/\/blog.guruwalk.com\/wp-content\/uploads\/gw-freetours-cache\/60422-1c40e62ff0d9bb1bb084fa6ee569ecd2.jpg\" alt=\"Free Tour: Episodio 1, Paseo por el Centro de Viena\" loading=\"lazy\" \/><div class=\"gw-freetours-flags\"><img decoding=\"async\" src=\"https:\/\/blog.guruwalk.com\/wp-content\/gurupluginswalk\/wp-gw-freetours\/assets\/flags\/es.svg\" alt=\"es\" class=\"gw-freetours-flag\" \/><\/div><\/div><\/button><div class=\"gw-freetours-content\"><h4 class=\"gw-freetours-title\"><button type=\"button\" class=\"gw-freetours-title-link\" data-dest=\"https:\/\/www.guruwalk.com\/es\/walks\/60422-free-tour-episodio-1-paseo-por-el-centro-de-viena\" role=\"link\">Free Tour: Episodio 1, Paseo por el Centro de Viena<\/button><\/h4><div class=\"gw-freetours-meta-top\"><span class=\"gw-freetours-duration\"><svg width=\"16\" height=\"16\" viewBox=\"0 0 24 24\" fill=\"none\" stroke=\"currentColor\" stroke-width=\"2\"><circle cx=\"12\" cy=\"12\" r=\"10\"\/><polyline points=\"12,6 12,12 16,14\"\/><\/svg>2:00<\/span><button class=\"gw-freetours-map-btn\" data-lat=\"48.204621\" data-lng=\"16.360967\" data-address=\"Maria-Theresien-Platz, 1010 Wien, Austria\" data-instructions=\"Busca el paraguas naranja justo delante del gran monumento de Maria Theresia, entre el Museo de Historia del Arte y el Museo de Historia Natural, muy cerca de la estaci\u00f3n de metro Volkstheater (l\u00edneas U2 y U3).Llega con unos minutos de antelaci\u00f3n para que podamos comenzar a tiempo. \u00a1Nos vemos pronto para descubrir juntos la historia de Viena!\"><svg width=\"16\" height=\"16\" viewBox=\"0 0 24 24\" fill=\"none\" stroke=\"currentColor\" stroke-width=\"2\"><path d=\"M21 10c0 7-9 13-9 13s-9-6-9-13a9 9 0 0 1 18 0z\"\/><circle cx=\"12\" cy=\"10\" r=\"3\"\/><\/svg><\/button><\/div><p class=\"gw-freetours-description\">Si acabas de llegar a Viena, este Free Tour es la opci\u00f3n perfecta para conocer la capital de Austria.\u00a0 A&#8230;<\/p><div class=\"gw-freetours-author\"><span class=\"gw-freetours-author-link\"><img decoding=\"async\" src=\"https:\/\/media.guruwalk.com\/ijsgb6n2bt9mubif7l5e12ehvyni\" alt=\"Trim Team\" class=\"gw-freetours-author-avatar\" \/><span class=\"gw-freetours-author-name\">Trim Team<\/span><\/span><\/div><div class=\"gw-freetours-rating-container\"><div class=\"gw-freetours-rating\" aria-label=\"Valoraci\u00f3n 4.8 de 5\"><span class=\"gw-freetours-star gw-freetours-star--full\" aria-hidden=\"true\">\u2605<\/span><span class=\"gw-freetours-star gw-freetours-star--full\" aria-hidden=\"true\">\u2605<\/span><span class=\"gw-freetours-star gw-freetours-star--full\" aria-hidden=\"true\">\u2605<\/span><span class=\"gw-freetours-star gw-freetours-star--full\" aria-hidden=\"true\">\u2605<\/span><span class=\"gw-freetours-star gw-freetours-star--half\" aria-hidden=\"true\">\u2606<\/span><span class=\"gw-freetours-rating__count\">4,9 (1097)<\/span><\/div><\/div><\/div><\/div><div class=\"gw-freetours-card\" data-tour-id=\"64728\"><button type=\"button\" class=\"gw-freetours-image-link\" data-dest=\"https:\/\/www.guruwalk.com\/es\/walks\/64728-free-tour-episodio-2-paseo-por-la-viena-desconocida-y-el-barrio-judio\" role=\"link\" aria-label=\"Free Tour: Episodio 2, Paseo por la Viena Desconocida y el Barrio Jud\u00edo\"><div class=\"gw-freetours-image\"><img decoding=\"async\" class=\"gw-freetours-photo\" src=\"https:\/\/blog.guruwalk.com\/wp-content\/uploads\/gw-freetours-cache\/64728-0366a69ba92b06ca4d52f5ad1fa0b54e.jpg\" alt=\"Free Tour: Episodio 2, Paseo por la Viena Desconocida y el Barrio Jud\u00edo\" loading=\"lazy\" \/><div class=\"gw-freetours-flags\"><img decoding=\"async\" src=\"https:\/\/blog.guruwalk.com\/wp-content\/gurupluginswalk\/wp-gw-freetours\/assets\/flags\/es.svg\" alt=\"es\" class=\"gw-freetours-flag\" \/><\/div><\/div><\/button><div class=\"gw-freetours-content\"><h4 class=\"gw-freetours-title\"><button type=\"button\" class=\"gw-freetours-title-link\" data-dest=\"https:\/\/www.guruwalk.com\/es\/walks\/64728-free-tour-episodio-2-paseo-por-la-viena-desconocida-y-el-barrio-judio\" role=\"link\">Free Tour: Episodio 2, Paseo por la Viena Desconocida y el Barrio Jud\u00edo<\/button><\/h4><div class=\"gw-freetours-meta-top\"><span class=\"gw-freetours-duration\"><svg width=\"16\" height=\"16\" viewBox=\"0 0 24 24\" fill=\"none\" stroke=\"currentColor\" stroke-width=\"2\"><circle cx=\"12\" cy=\"12\" r=\"10\"\/><polyline points=\"12,6 12,12 16,14\"\/><\/svg>2:00<\/span><button class=\"gw-freetours-map-btn\" data-lat=\"48.211975\" data-lng=\"16.376099\" data-address=\"Rotenturmstra\u00dfe 29, 1010 Wien, \u00d6sterreich\" data-instructions=\"A la hora indicada, busca el paraguas naranja en el parque situado en Rotenturmstra\u00dfe 29, justo enfrente de McDonald\u2019s.La estaci\u00f3n de metro m\u00e1s cercana es Schwedenplatz (l\u00edneas U1 y U4). Toma la salida Rotenturmstra\u00dfe.Llega con unos minutos de antelaci\u00f3n para que podamos comenzar a tiempo. \u00a1Nos vemos pronto para descubrir juntos la historia de Viena!\"><svg width=\"16\" height=\"16\" viewBox=\"0 0 24 24\" fill=\"none\" stroke=\"currentColor\" stroke-width=\"2\"><path d=\"M21 10c0 7-9 13-9 13s-9-6-9-13a9 9 0 0 1 18 0z\"\/><circle cx=\"12\" cy=\"10\" r=\"3\"\/><\/svg><\/button><\/div><p class=\"gw-freetours-description\">Te recomendamos empezar tu visita en Viena con nuestro<\/p><div class=\"gw-freetours-author\"><span class=\"gw-freetours-author-link\"><img decoding=\"async\" src=\"https:\/\/media.guruwalk.com\/ijsgb6n2bt9mubif7l5e12ehvyni\" alt=\"Trim Team\" class=\"gw-freetours-author-avatar\" \/><span class=\"gw-freetours-author-name\">Trim Team<\/span><\/span><\/div><div class=\"gw-freetours-rating-container\"><div class=\"gw-freetours-rating\" aria-label=\"Valoraci\u00f3n 4.8 de 5\"><span class=\"gw-freetours-star gw-freetours-star--full\" aria-hidden=\"true\">\u2605<\/span><span class=\"gw-freetours-star gw-freetours-star--full\" aria-hidden=\"true\">\u2605<\/span><span class=\"gw-freetours-star gw-freetours-star--full\" aria-hidden=\"true\">\u2605<\/span><span class=\"gw-freetours-star gw-freetours-star--full\" aria-hidden=\"true\">\u2605<\/span><span class=\"gw-freetours-star gw-freetours-star--half\" aria-hidden=\"true\">\u2606<\/span><span class=\"gw-freetours-rating__count\">4,8 (45)<\/span><\/div><\/div><\/div><\/div><div class=\"gw-freetours-card\" data-tour-id=\"1254\"><button type=\"button\" class=\"gw-freetours-image-link\" data-dest=\"https:\/\/www.guruwalk.com\/es\/walks\/1254-lo-mas-destacado-de-viena-los-mejores-lugares-que-debes-ver\" role=\"link\" aria-label=\"\ud83d\ude4c Lo m\u00e1s destacado de Viena: \u00a1los mejores lugares que debes ver!\"><div class=\"gw-freetours-image\"><img decoding=\"async\" class=\"gw-freetours-photo\" src=\"https:\/\/blog.guruwalk.com\/wp-content\/uploads\/gw-freetours-cache\/1254-08d5626aec2e066f25640c5af6c10bd1.jpg\" alt=\"\ud83d\ude4c Lo m\u00e1s destacado de Viena: \u00a1los mejores lugares que debes ver!\" loading=\"lazy\" \/><div class=\"gw-freetours-flags\"><img decoding=\"async\" src=\"https:\/\/blog.guruwalk.com\/wp-content\/gurupluginswalk\/wp-gw-freetours\/assets\/flags\/de.svg\" alt=\"de\" class=\"gw-freetours-flag\" \/><img decoding=\"async\" src=\"https:\/\/blog.guruwalk.com\/wp-content\/gurupluginswalk\/wp-gw-freetours\/assets\/flags\/en.svg\" alt=\"en\" class=\"gw-freetours-flag\" \/><img decoding=\"async\" src=\"https:\/\/blog.guruwalk.com\/wp-content\/gurupluginswalk\/wp-gw-freetours\/assets\/flags\/es.svg\" alt=\"es\" class=\"gw-freetours-flag\" \/><img decoding=\"async\" src=\"https:\/\/blog.guruwalk.com\/wp-content\/gurupluginswalk\/wp-gw-freetours\/assets\/flags\/fr.svg\" alt=\"fr\" class=\"gw-freetours-flag\" \/><img decoding=\"async\" src=\"https:\/\/blog.guruwalk.com\/wp-content\/gurupluginswalk\/wp-gw-freetours\/assets\/flags\/it.svg\" alt=\"it\" class=\"gw-freetours-flag\" \/><\/div><\/div><\/button><div class=\"gw-freetours-content\"><h4 class=\"gw-freetours-title\"><button type=\"button\" class=\"gw-freetours-title-link\" data-dest=\"https:\/\/www.guruwalk.com\/es\/walks\/1254-lo-mas-destacado-de-viena-los-mejores-lugares-que-debes-ver\" role=\"link\">\ud83d\ude4c Lo m\u00e1s destacado de Viena: \u00a1los mejores lugares que debes ver!<\/button><\/h4><div class=\"gw-freetours-meta-top\"><span class=\"gw-freetours-duration\"><svg width=\"16\" height=\"16\" viewBox=\"0 0 24 24\" fill=\"none\" stroke=\"currentColor\" stroke-width=\"2\"><circle cx=\"12\" cy=\"12\" r=\"10\"\/><polyline points=\"12,6 12,12 16,14\"\/><\/svg>2:00<\/span><button class=\"gw-freetours-map-btn\" data-lat=\"48.20476\" data-lng=\"16.369005\" data-address=\"Albertinaplatz, Vienna, Austria\" data-instructions=\"\u00a1Busque al gu\u00eda que sostiene el paraguas amarillo de Prime Tours!\"><svg width=\"16\" height=\"16\" viewBox=\"0 0 24 24\" fill=\"none\" stroke=\"currentColor\" stroke-width=\"2\"><path d=\"M21 10c0 7-9 13-9 13s-9-6-9-13a9 9 0 0 1 18 0z\"\/><circle cx=\"12\" cy=\"10\" r=\"3\"\/><\/svg><\/button><\/div><p class=\"gw-freetours-description\">\u00a1Prime Tours es el primer operador tur\u00edstico gratuito local en Viena! Este innovador sistema fue introducido &#8230;<\/p><div class=\"gw-freetours-author\"><span class=\"gw-freetours-author-link\"><img decoding=\"async\" src=\"https:\/\/media.guruwalk.com\/1o5nsgk7hrsxs7fnnx23yt2onmer\" alt=\"Prime Tours\" class=\"gw-freetours-author-avatar\" \/><span class=\"gw-freetours-author-name\">Prime Tours<\/span><\/span><\/div><div class=\"gw-freetours-rating-container\"><div class=\"gw-freetours-rating\" aria-label=\"Valoraci\u00f3n 4.4 de 5\"><span class=\"gw-freetours-star gw-freetours-star--full\" aria-hidden=\"true\">\u2605<\/span><span class=\"gw-freetours-star gw-freetours-star--full\" aria-hidden=\"true\">\u2605<\/span><span class=\"gw-freetours-star gw-freetours-star--full\" aria-hidden=\"true\">\u2605<\/span><span class=\"gw-freetours-star gw-freetours-star--full\" aria-hidden=\"true\">\u2605<\/span><span class=\"gw-freetours-star gw-freetours-star--empty\" aria-hidden=\"true\">\u2606<\/span><span class=\"gw-freetours-rating__count\">4,4 (1987)<\/span><\/div><\/div><\/div><\/div><div class=\"gw-freetours-card\" data-tour-id=\"68235\"><button type=\"button\" class=\"gw-freetours-image-link\" data-dest=\"https:\/\/www.guruwalk.com\/es\/walks\/68235-gran-free-tour-viena-xl-descubra-el-corazon-de-viena-su-historia-y-sus-anecdotas\" role=\"link\" aria-label=\"Gran Free Tour Viena XL - Descubra el coraz\u00f3n de Viena, su historia y sus an\u00e9cdotas.\"><div class=\"gw-freetours-image\"><img decoding=\"async\" class=\"gw-freetours-photo\" src=\"https:\/\/blog.guruwalk.com\/wp-content\/uploads\/gw-freetours-cache\/68235-4fd72748b274aaf29a2a9f249e898b38.jpg\" alt=\"Gran Free Tour Viena XL - Descubra el coraz\u00f3n de Viena, su historia y sus an\u00e9cdotas.\" loading=\"lazy\" \/><div class=\"gw-freetours-flags\"><img decoding=\"async\" src=\"https:\/\/blog.guruwalk.com\/wp-content\/gurupluginswalk\/wp-gw-freetours\/assets\/flags\/es.svg\" alt=\"es\" class=\"gw-freetours-flag\" \/><\/div><\/div><\/button><div class=\"gw-freetours-content\"><h4 class=\"gw-freetours-title\"><button type=\"button\" class=\"gw-freetours-title-link\" data-dest=\"https:\/\/www.guruwalk.com\/es\/walks\/68235-gran-free-tour-viena-xl-descubra-el-corazon-de-viena-su-historia-y-sus-anecdotas\" role=\"link\">Gran Free Tour Viena XL &#8211; Descubra el coraz\u00f3n de Viena, su historia y sus an\u00e9cdotas.<\/button><\/h4><div class=\"gw-freetours-meta-top\"><span class=\"gw-freetours-duration\"><svg width=\"16\" height=\"16\" viewBox=\"0 0 24 24\" fill=\"none\" stroke=\"currentColor\" stroke-width=\"2\"><circle cx=\"12\" cy=\"12\" r=\"10\"\/><polyline points=\"12,6 12,12 16,14\"\/><\/svg>2:30<\/span><button class=\"gw-freetours-map-btn\" data-lat=\"48.211514\" data-lng=\"16.37712\" data-address=\"Schwedenpl. 1, 1010 Wien, \u00d6sterreich\" data-instructions=\"Me reconocer\u00e1n por un paraguas rojo con la inscripci\u00f3n amarilla &quot;Viena Que Ver\u201d.\"><svg width=\"16\" height=\"16\" viewBox=\"0 0 24 24\" fill=\"none\" stroke=\"currentColor\" stroke-width=\"2\"><path d=\"M21 10c0 7-9 13-9 13s-9-6-9-13a9 9 0 0 1 18 0z\"\/><circle cx=\"12\" cy=\"10\" r=\"3\"\/><\/svg><\/button><\/div><p class=\"gw-freetours-description\">Quien visita Viena por primera vez suele querer lo mismo: no solo \u201cver\u201d el centr&#8230;<\/p><div class=\"gw-freetours-author\"><span class=\"gw-freetours-author-link\"><img decoding=\"async\" src=\"https:\/\/media.guruwalk.com\/3nudjzg6ldncxwaeznnl13mdc5nw\" alt=\"Bravo!\" class=\"gw-freetours-author-avatar\" \/><span class=\"gw-freetours-author-name\">Bravo!<\/span><\/span><\/div><\/div><\/div><div class=\"gw-freetours-card\" data-tour-id=\"38614\"><button type=\"button\" class=\"gw-freetours-image-link\" data-dest=\"https:\/\/www.guruwalk.com\/es\/walks\/38614-free-tour-por-el-centro-de-viena\" role=\"link\" aria-label=\"Free tour por el centro de Viena\"><div class=\"gw-freetours-image\"><img decoding=\"async\" class=\"gw-freetours-photo\" src=\"https:\/\/blog.guruwalk.com\/wp-content\/uploads\/gw-freetours-cache\/38614-2f3fcc008757edbe5980340ac4f9585b.jpg\" alt=\"Free tour por el centro de Viena\" loading=\"lazy\" \/><div class=\"gw-freetours-flags\"><img decoding=\"async\" src=\"https:\/\/blog.guruwalk.com\/wp-content\/gurupluginswalk\/wp-gw-freetours\/assets\/flags\/es.svg\" alt=\"es\" class=\"gw-freetours-flag\" \/><img decoding=\"async\" src=\"https:\/\/blog.guruwalk.com\/wp-content\/gurupluginswalk\/wp-gw-freetours\/assets\/flags\/it.svg\" alt=\"it\" class=\"gw-freetours-flag\" \/><\/div><\/div><\/button><div class=\"gw-freetours-content\"><h4 class=\"gw-freetours-title\"><button type=\"button\" class=\"gw-freetours-title-link\" data-dest=\"https:\/\/www.guruwalk.com\/es\/walks\/38614-free-tour-por-el-centro-de-viena\" role=\"link\">Free tour por el centro de Viena<\/button><\/h4><div class=\"gw-freetours-meta-top\"><span class=\"gw-freetours-duration\"><svg width=\"16\" height=\"16\" viewBox=\"0 0 24 24\" fill=\"none\" stroke=\"currentColor\" stroke-width=\"2\"><circle cx=\"12\" cy=\"12\" r=\"10\"\/><polyline points=\"12,6 12,12 16,14\"\/><\/svg>2:00<\/span><button class=\"gw-freetours-map-btn\" data-lat=\"48.206126\" data-lng=\"16.370536\" data-address=\"Neuer Markt, 1010 Wien, \u00d6sterreich\" data-instructions=\"Nos reuniremos frente al monumento fuente Donnerbrunnen - me reconocer\u00e1n por el paraguas \u2614 rojo\"><svg width=\"16\" height=\"16\" viewBox=\"0 0 24 24\" fill=\"none\" stroke=\"currentColor\" stroke-width=\"2\"><path d=\"M21 10c0 7-9 13-9 13s-9-6-9-13a9 9 0 0 1 18 0z\"\/><circle cx=\"12\" cy=\"10\" r=\"3\"\/><\/svg><\/button><\/div><p class=\"gw-freetours-description\">Un free tour por el centro es la mejor manera de conocer Viena, su historia, monumentos y edificios m\u00e1s importantes.<\/p><div class=\"gw-freetours-author\"><span class=\"gw-freetours-author-link\"><img decoding=\"async\" src=\"https:\/\/media.guruwalk.com\/3nudjzg6ldncxwaeznnl13mdc5nw\" alt=\"Bravo!\" class=\"gw-freetours-author-avatar\" \/><span class=\"gw-freetours-author-name\">Bravo!<\/span><\/span><\/div><div class=\"gw-freetours-rating-container\"><div class=\"gw-freetours-rating\" aria-label=\"Valoraci\u00f3n 4.8 de 5\"><span class=\"gw-freetours-star gw-freetours-star--full\" aria-hidden=\"true\">\u2605<\/span><span class=\"gw-freetours-star gw-freetours-star--full\" aria-hidden=\"true\">\u2605<\/span><span class=\"gw-freetours-star gw-freetours-star--full\" aria-hidden=\"true\">\u2605<\/span><span class=\"gw-freetours-star gw-freetours-star--full\" aria-hidden=\"true\">\u2605<\/span><span class=\"gw-freetours-star gw-freetours-star--half\" aria-hidden=\"true\">\u2606<\/span><span class=\"gw-freetours-rating__count\">4,8 (2306)<\/span><\/div><\/div><\/div><\/div><div class=\"gw-freetours-card\" data-tour-id=\"36416\"><button type=\"button\" class=\"gw-freetours-image-link\" data-dest=\"https:\/\/www.guruwalk.com\/es\/walks\/36416-free-tour-viena-parte-1-lo-mas-destacado\" role=\"link\" aria-label=\"\ud83c\udde6\ud83c\uddf9Free Tour Viena - PARTE 1, lo m\u00e1s destacado\"><div class=\"gw-freetours-image\"><img decoding=\"async\" class=\"gw-freetours-photo\" src=\"https:\/\/blog.guruwalk.com\/wp-content\/uploads\/gw-freetours-cache\/36416-20abab0212affb946e8417bc8691c761.jpg\" alt=\"\ud83c\udde6\ud83c\uddf9Free Tour Viena - PARTE 1, lo m\u00e1s destacado\" loading=\"lazy\" \/><div class=\"gw-freetours-flags\"><img decoding=\"async\" src=\"https:\/\/blog.guruwalk.com\/wp-content\/gurupluginswalk\/wp-gw-freetours\/assets\/flags\/de.svg\" alt=\"de\" class=\"gw-freetours-flag\" \/><img decoding=\"async\" src=\"https:\/\/blog.guruwalk.com\/wp-content\/gurupluginswalk\/wp-gw-freetours\/assets\/flags\/en.svg\" alt=\"en\" class=\"gw-freetours-flag\" \/><\/div><\/div><\/button><div class=\"gw-freetours-content\"><h4 class=\"gw-freetours-title\"><button type=\"button\" class=\"gw-freetours-title-link\" data-dest=\"https:\/\/www.guruwalk.com\/es\/walks\/36416-free-tour-viena-parte-1-lo-mas-destacado\" role=\"link\">\ud83c\udde6\ud83c\uddf9Free Tour Viena &#8211; PARTE 1, lo m\u00e1s destacado<\/button><\/h4><div class=\"gw-freetours-meta-top\"><span class=\"gw-freetours-duration\"><svg width=\"16\" height=\"16\" viewBox=\"0 0 24 24\" fill=\"none\" stroke=\"currentColor\" stroke-width=\"2\"><circle cx=\"12\" cy=\"12\" r=\"10\"\/><polyline points=\"12,6 12,12 16,14\"\/><\/svg>2:00<\/span><button class=\"gw-freetours-map-btn\" data-lat=\"48.202648\" data-lng=\"16.36935\" data-address=\"Oper\/Karlsplatz U, 1010 Wien, Austria\" data-instructions=\"\u00d3pera Estatal en la esquina de K\u00e4rntner Strasse \/ Opernring, Herbert-von-Karajan-Platz - \u00a1Encuentra el paraguas blanco!\"><svg width=\"16\" height=\"16\" viewBox=\"0 0 24 24\" fill=\"none\" stroke=\"currentColor\" stroke-width=\"2\"><path d=\"M21 10c0 7-9 13-9 13s-9-6-9-13a9 9 0 0 1 18 0z\"\/><circle cx=\"12\" cy=\"10\" r=\"3\"\/><\/svg><\/button><\/div><p class=\"gw-freetours-description\">Nuestros gu\u00edas autorizados de Austria, gu\u00edas tur\u00edsticos certificados por el estado, conocen los lugares tur\u00eds&#8230;<\/p><div class=\"gw-freetours-author\"><span class=\"gw-freetours-author-link\"><img decoding=\"async\" src=\"https:\/\/media.guruwalk.com\/bhcs7ibnk7wbbkd2tlxtd3z8xb6g\" alt=\"redandwhite.tours\" class=\"gw-freetours-author-avatar\" \/><span class=\"gw-freetours-author-name\">redandwhite.tours<\/span><\/span><\/div><div class=\"gw-freetours-rating-container\"><div class=\"gw-freetours-rating\" aria-label=\"Valoraci\u00f3n 4.8 de 5\"><span class=\"gw-freetours-star gw-freetours-star--full\" aria-hidden=\"true\">\u2605<\/span><span class=\"gw-freetours-star gw-freetours-star--full\" aria-hidden=\"true\">\u2605<\/span><span class=\"gw-freetours-star gw-freetours-star--full\" aria-hidden=\"true\">\u2605<\/span><span class=\"gw-freetours-star gw-freetours-star--full\" aria-hidden=\"true\">\u2605<\/span><span class=\"gw-freetours-star gw-freetours-star--half\" aria-hidden=\"true\">\u2606<\/span><span class=\"gw-freetours-rating__count\">4,8 (5506)<\/span><\/div><\/div><\/div><\/div><div class=\"gw-freetours-card\" data-tour-id=\"43121\"><button type=\"button\" class=\"gw-freetours-image-link\" data-dest=\"https:\/\/www.guruwalk.com\/es\/walks\/43121-la-cuna-de-viena-free-tour-por-el-centro\" role=\"link\" aria-label=\"La cuna de Viena: free tour por el centro\"><div class=\"gw-freetours-image\"><img decoding=\"async\" class=\"gw-freetours-photo\" src=\"https:\/\/blog.guruwalk.com\/wp-content\/uploads\/gw-freetours-cache\/43121-4e73a78b80b8c611eca66e5103be2d0e.jpg\" alt=\"La cuna de Viena: free tour por el centro\" loading=\"lazy\" \/><div class=\"gw-freetours-flags\"><img decoding=\"async\" src=\"https:\/\/blog.guruwalk.com\/wp-content\/gurupluginswalk\/wp-gw-freetours\/assets\/flags\/en.svg\" alt=\"en\" class=\"gw-freetours-flag\" \/><\/div><\/div><\/button><div class=\"gw-freetours-content\"><h4 class=\"gw-freetours-title\"><button type=\"button\" class=\"gw-freetours-title-link\" data-dest=\"https:\/\/www.guruwalk.com\/es\/walks\/43121-la-cuna-de-viena-free-tour-por-el-centro\" role=\"link\">La cuna de Viena: free tour por el centro<\/button><\/h4><div class=\"gw-freetours-meta-top\"><span class=\"gw-freetours-duration\"><svg width=\"16\" height=\"16\" viewBox=\"0 0 24 24\" fill=\"none\" stroke=\"currentColor\" stroke-width=\"2\"><circle cx=\"12\" cy=\"12\" r=\"10\"\/><polyline points=\"12,6 12,12 16,14\"\/><\/svg>2:00<\/span><button class=\"gw-freetours-map-btn\" data-lat=\"48.211957\" data-lng=\"16.376072\" data-address=\"Rotenturmstra\u00dfe 29, 1010 Wien, Austria\" data-instructions=\"Me encontrar\u00e1s en un peque\u00f1o parque frente a McDonald&#039;s (la direcci\u00f3n de McDonald&#039;s es Rotenturmstra\u00dfe 29) con un paraguas blanco. Tome el metro hasta la estaci\u00f3n Schwedenplatz (l\u00ednea roja U1 y verde U4). Salga de Rotenturmstra\u00dfe.\"><svg width=\"16\" height=\"16\" viewBox=\"0 0 24 24\" fill=\"none\" stroke=\"currentColor\" stroke-width=\"2\"><path d=\"M21 10c0 7-9 13-9 13s-9-6-9-13a9 9 0 0 1 18 0z\"\/><circle cx=\"12\" cy=\"10\" r=\"3\"\/><\/svg><\/button><\/div><p class=\"gw-freetours-description\">La Cuna de Viena es un free tour que explora el extraordinario pasado y el fascinante presente de Viena. &#8230;<\/p><div class=\"gw-freetours-author\"><span class=\"gw-freetours-author-link\"><img decoding=\"async\" src=\"https:\/\/media.guruwalk.com\/n48wduugv7bfrboapv07r4k2lv2o\" alt=\"Mario\" class=\"gw-freetours-author-avatar\" \/><span class=\"gw-freetours-author-name\">Mario<\/span><\/span><\/div><div class=\"gw-freetours-rating-container\"><div class=\"gw-freetours-rating\" aria-label=\"Valoraci\u00f3n 4.9 de 5\"><span class=\"gw-freetours-star gw-freetours-star--full\" aria-hidden=\"true\">\u2605<\/span><span class=\"gw-freetours-star gw-freetours-star--full\" aria-hidden=\"true\">\u2605<\/span><span class=\"gw-freetours-star gw-freetours-star--full\" aria-hidden=\"true\">\u2605<\/span><span class=\"gw-freetours-star gw-freetours-star--full\" aria-hidden=\"true\">\u2605<\/span><span class=\"gw-freetours-star gw-freetours-star--half\" aria-hidden=\"true\">\u2606<\/span><span class=\"gw-freetours-rating__count\">4,9 (1677)<\/span><\/div><\/div><\/div><\/div><\/div><\/div><div class=\"gw-freetours-place-link\"><a href=\"https:\/\/www.guruwalk.com\/es\/viena\" target=\"_blank\" rel=\"noopener\" class=\"gw-freetours-place-btn\">+ Free Tour Vienna<\/a><\/div><\/div>\n\n\n<h2 class=\"wp-block-heading\" id=\"preguntas-frecuentes-sobre-viena\">Preguntas Frecuentes&nbsp;sobre Viena<\/h2>\n\n\n<div id=\"rank-math-faq\" class=\"rank-math-block\">\n<div class=\"rank-math-list \">\n<div id=\"faq-question-1743043664698\" class=\"rank-math-list-item\">\n<h3 class=\"rank-math-question \">\u00bfCu\u00e1l es la mejor \u00e9poca para visitar Viena?<\/h3>\n<div class=\"rank-math-answer \">\n\n<p>La mejor \u00e9poca para visitar Viena es durante la primavera (abril-mayo) y el oto\u00f1o (septiembre-octubre), cuando el clima es agradable y hay menos turistas. Los mercados navide\u00f1os de diciembre tambi\u00e9n son una excelente opci\u00f3n para experimentar la magia invernal de la ciudad.<\/p>\n\n<\/div>\n<\/div>\n<div id=\"faq-question-1743043678590\" class=\"rank-math-list-item\">\n<h3 class=\"rank-math-question \">\u00bfCu\u00e1ntos d\u00edas se necesitan para visitar Viena?<\/h3>\n<div class=\"rank-math-answer \">\n\n<p>Se recomienda un m\u00ednimo de 3 d\u00edas para visitar los principales atractivos de Viena, incluyendo el Palacio de Sch\u00f6nbrunn, el centro hist\u00f3rico y los principales museos. Con 4-5 d\u00edas podr\u00e1s explorar la ciudad con m\u00e1s calma y descubrir lugares menos tur\u00edsticos.<\/p>\n\n<\/div>\n<\/div>\n<div id=\"faq-question-1743043690050\" class=\"rank-math-list-item\">\n<h3 class=\"rank-math-question \">\u00bfEs necesario comprar las entradas con anticipaci\u00f3n para los principales monumentos?<\/h3>\n<div class=\"rank-math-answer \">\n\n<p>S\u00ed, es muy recomendable comprar las entradas con anticipaci\u00f3n para los lugares m\u00e1s populares como el Palacio de Sch\u00f6nbrunn, la \u00d3pera Estatal y los principales museos, especialmente durante la temporada alta. Esto te ayudar\u00e1 a evitar largas colas y asegurar tu visita.<\/p>\n\n<\/div>\n<\/div>\n<div id=\"faq-question-1743043716911\" class=\"rank-math-list-item\">\n<h3 class=\"rank-math-question \">\u00bfC\u00f3mo moverse por Viena?<\/h3>\n<div class=\"rank-math-answer \">\n\n<p>Viena tiene un excelente sistema de transporte p\u00fablico que incluye metro, tranv\u00eda y autob\u00fas. La Vienna City Card ofrece transporte p\u00fablico ilimitado y descuentos en atracciones. El centro hist\u00f3rico es muy caminable y muchas atracciones est\u00e1n cercanas entre s\u00ed.<\/p>\n\n<\/div>\n<\/div>\n<div id=\"faq-question-1743043727141\" class=\"rank-math-list-item\">\n<h3 class=\"rank-math-question \">\u00bfD\u00f3nde probar la gastronom\u00eda t\u00edpica vienesa?<\/h3>\n<div class=\"rank-math-answer \">\n\n<p>Las cafeter\u00edas hist\u00f3ricas como el Caf\u00e9 Central y el Caf\u00e9 Sacher son lugares imprescindibles para probar la reposter\u00eda vienesa. Para platos tradicionales, los restaurantes del centro hist\u00f3rico y el Naschmarkt ofrecen excelentes opciones aut\u00e9nticas.<\/p>\n\n<\/div>\n<\/div>\n<\/div>\n<\/div>\n\n\n<hr class=\"wp-block-separator has-alpha-channel-opacity\"\/>\n\n\n\n<p><em>* La informaci\u00f3n de precios, horarios y condiciones de acceso es la vigente a <strong>septiembre de 2025 <\/strong>seg\u00fan fuentes oficiales. Estos datos pueden modificarse en cualquier momento por festivos, obras o cambios de normativa. <strong>Verifica siempre en las webs oficiales o tel\u00e9fonos de cada espacio antes de tu visita<\/strong>.<\/em><\/p>\n","protected":false},"excerpt":{"rendered":"<p>\u00bfQu\u00e9 ver en Viena en 1 o 3 d\u00edas? Viena, la elegante capital austriaca, combina la grandeza imperial con una escena cultural contempor\u00e1nea. Esta gu\u00eda te ayudar\u00e1 a aprovechar al m\u00e1ximo tu visita, ya sea de uno o tres d\u00edas. Itinerario para un d\u00eda Si solo dispones de 24 horas, concentra la visita en el &#8230; <a title=\"\u00bfQu\u00e9 ver y hacer en Viena? \u00a1Lugares imprescindibles para visitar!\" class=\"read-more\" href=\"https:\/\/blog.guruwalk.com\/es\/que-ver-en-viena\/\" aria-label=\"Leer m\u00e1s sobre \u00bfQu\u00e9 ver y hacer en Viena? \u00a1Lugares imprescindibles para visitar!\">Leer m\u00e1s<\/a><\/p>\n","protected":false},"author":2,"featured_media":36736,"comment_status":"closed","ping_status":"open","sticky":false,"template":"","format":"standard","meta":{"footnotes":""},"categories":[337,81,82],"tags":[359,360],"class_list":["post-8498","post","type-post","status-publish","format-standard","has-post-thumbnail","hentry","category-viena","category-austria","category-europa","tag-que-ver","tag-tier-3","generate-columns","tablet-grid-50","mobile-grid-100","grid-parent","grid-33"],"_links":{"self":[{"href":"https:\/\/blog.guruwalk.com\/es\/wp-json\/wp\/v2\/posts\/8498","targetHints":{"allow":["GET"]}}],"collection":[{"href":"https:\/\/blog.guruwalk.com\/es\/wp-json\/wp\/v2\/posts"}],"about":[{"href":"https:\/\/blog.guruwalk.com\/es\/wp-json\/wp\/v2\/types\/post"}],"author":[{"embeddable":true,"href":"https:\/\/blog.guruwalk.com\/es\/wp-json\/wp\/v2\/users\/2"}],"replies":[{"embeddable":true,"href":"https:\/\/blog.guruwalk.com\/es\/wp-json\/wp\/v2\/comments?post=8498"}],"version-history":[{"count":4,"href":"https:\/\/blog.guruwalk.com\/es\/wp-json\/wp\/v2\/posts\/8498\/revisions"}],"predecessor-version":[{"id":36741,"href":"https:\/\/blog.guruwalk.com\/es\/wp-json\/wp\/v2\/posts\/8498\/revisions\/36741"}],"wp:featuredmedia":[{"embeddable":true,"href":"https:\/\/blog.guruwalk.com\/es\/wp-json\/wp\/v2\/media\/36736"}],"wp:attachment":[{"href":"https:\/\/blog.guruwalk.com\/es\/wp-json\/wp\/v2\/media?parent=8498"}],"wp:term":[{"taxonomy":"category","embeddable":true,"href":"https:\/\/blog.guruwalk.com\/es\/wp-json\/wp\/v2\/categories?post=8498"},{"taxonomy":"post_tag","embeddable":true,"href":"https:\/\/blog.guruwalk.com\/es\/wp-json\/wp\/v2\/tags?post=8498"}],"curies":[{"name":"wp","href":"https:\/\/api.w.org\/{rel}","templated":true}]}}