{"id":9650,"date":"2026-08-25T21:09:07","date_gmt":"2026-08-25T20:09:07","guid":{"rendered":"https:\/\/blog.guruwalk.com\/?p=9650"},"modified":"2026-08-31T15:27:42","modified_gmt":"2026-08-31T14:27:42","slug":"que-ver-en-granada","status":"publish","type":"post","link":"https:\/\/blog.guruwalk.com\/es\/que-ver-en-granada\/","title":{"rendered":"\u00bfQu\u00e9 ver y hacer en Granada? 10 lugares imprescindibles para visitar"},"content":{"rendered":"\n<p class=\"wp-block-paragraph\">\u00bfQu\u00e9 ver en Granada? La Alhambra, el Albaic\u00edn, el Sacromonte y el Realejo resumen una ciudad marcada por el patrimonio nazar\u00ed, los miradores, las casas-cueva y el tapeo. Esta gu\u00eda organiza los principales lugares en tres d\u00edas y explica c\u00f3mo combinarlos con un <a href=\"https:\/\/www.guruwalk.com\/es\/granada\" target=\"_blank\" rel=\"noopener\">free tour en Granada<\/a>, visitas independientes y tiempo para disfrutar de cada barrio.<\/p>\n\n\n<p style=\"font-size:0.85em;color:#666;border-left:3px solid #ddd;padding:4px 0 4px 12px;margin:12px 0\"><strong>Datos verificados: agosto 2026<\/strong> \u2014 Precios, horarios y requisitos de reserva comprobados con fuentes oficiales. Los gurus de GuruWalk en Granada revisaron las recomendaciones pr\u00e1cticas. La revisi\u00f3n se centr\u00f3 en las cuestas, los accesos peatonales, el uso de microbuses, los puntos de encuentro variables y la disponibilidad de entradas.<\/p>\n\n<div class=\"qvgw-indimg-places-grid\" id=\"qvgw-indimg-places-grid-2\" data-iib-headings=\"[{&quot;id&quot;:&quot;mejores-free-tours&quot;,&quot;position&quot;:0,&quot;title&quot;:&quot;Mejores free tours en Granada&quot;},{&quot;id&quot;:&quot;que-ver-granada-3-dias&quot;,&quot;position&quot;:1,&quot;title&quot;:&quot;\\u00bfQu\\u00e9 ver en Granada en 3 d\\u00edas (un fin de semana)?&quot;},{&quot;id&quot;:&quot;alhambra-granada&quot;,&quot;position&quot;:2,&quot;title&quot;:&quot;La Alhambra&quot;},{&quot;id&quot;:&quot;paseo-tristes&quot;,&quot;position&quot;:3,&quot;title&quot;:&quot;Paseo de los Tristes&quot;},{&quot;id&quot;:&quot;barrio-albaicin&quot;,&quot;position&quot;:4,&quot;title&quot;:&quot;Barrio del Albaic\\u00edn&quot;},{&quot;id&quot;:&quot;catedral-granada&quot;,&quot;position&quot;:5,&quot;title&quot;:&quot;Catedral de Granada&quot;},{&quot;id&quot;:&quot;tapas-granada&quot;,&quot;position&quot;:6,&quot;title&quot;:&quot;De tapas por el centro de Granada&quot;},{&quot;id&quot;:&quot;teterias-granada&quot;,&quot;position&quot;:7,&quot;title&quot;:&quot;Calle de las teter\\u00edas&quot;},{&quot;id&quot;:&quot;hammam-granada&quot;,&quot;position&quot;:8,&quot;title&quot;:&quot;Relax en un Hammam \\u00e1rabe&quot;},{&quot;id&quot;:&quot;barrio-sacromonte&quot;,&quot;position&quot;:9,&quot;title&quot;:&quot;Barrio Sacromonte y sus miradores&quot;},{&quot;id&quot;:&quot;casa-chapiz-casa-zafra&quot;,&quot;position&quot;:10,&quot;title&quot;:&quot;Casa del Chapiz y Casa de Zafra&quot;},{&quot;id&quot;:&quot;barrio-realejo&quot;,&quot;position&quot;:11,&quot;title&quot;:&quot;El Realejo (barrio jud\\u00edo de Granada)&quot;},{&quot;id&quot;:&quot;como-llegar&quot;,&quot;position&quot;:12,&quot;title&quot;:&quot;\\u00bfC\\u00f3mo llegar a Granada?&quot;},{&quot;id&quot;:&quot;preguntas-frecuentes-granada&quot;,&quot;position&quot;:13,&quot;title&quot;:&quot;Preguntas frecuentes sobre Granada&quot;}]\"><div class=\"qvgw-indimg-places-cards\"><div class=\"qvgw-indimg-place-card\"><a href=\"#mejores-free-tours\" class=\"qvgw-indimg-place-card__content no-image\"><p class=\"qvgw-indimg-place-card__title\">1. Mejores free tours en Granada<\/p><span class=\"qvgw-indimg-place-card__arrow\"><svg width=\"24\" height=\"24\" viewBox=\"0 0 24 24\" fill=\"none\" stroke=\"currentColor\" stroke-width=\"2\"><path d=\"M6 9l6 6 6-6\"><\/path><\/svg><\/span><\/a><\/div><div class=\"qvgw-indimg-place-card\"><a href=\"#que-ver-granada-3-dias\" class=\"qvgw-indimg-place-card__content\"><div class=\"qvgw-indimg-place-card__image\"><img decoding=\"async\" src=\"https:\/\/blog.guruwalk.com\/wp-content\/uploads\/2025\/04\/image.jpeg\" alt=\"\u00bfQu\u00e9 ver en Granada en 3 d\u00edas (un fin de semana)?\"><\/div><p class=\"qvgw-indimg-place-card__title\">2. \u00bfQu\u00e9 ver en Granada en 3 d\u00edas (un fin de semana)?<\/p><span class=\"qvgw-indimg-place-card__arrow\"><svg width=\"24\" height=\"24\" viewBox=\"0 0 24 24\" fill=\"none\" stroke=\"currentColor\" stroke-width=\"2\"><path d=\"M6 9l6 6 6-6\"><\/path><\/svg><\/span><\/a><\/div><div class=\"qvgw-indimg-place-card\"><a href=\"#alhambra-granada\" class=\"qvgw-indimg-place-card__content\"><div class=\"qvgw-indimg-place-card__image\"><img decoding=\"async\" src=\"https:\/\/blog.guruwalk.com\/wp-content\/uploads\/2025\/04\/image-1.jpeg\" alt=\"La Alhambra\"><\/div><p class=\"qvgw-indimg-place-card__title\">3. La Alhambra<\/p><span class=\"qvgw-indimg-place-card__arrow\"><svg width=\"24\" height=\"24\" viewBox=\"0 0 24 24\" fill=\"none\" stroke=\"currentColor\" stroke-width=\"2\"><path d=\"M6 9l6 6 6-6\"><\/path><\/svg><\/span><\/a><\/div><div class=\"qvgw-indimg-place-card\"><a href=\"#paseo-tristes\" class=\"qvgw-indimg-place-card__content\"><div class=\"qvgw-indimg-place-card__image\"><img decoding=\"async\" src=\"https:\/\/blog.guruwalk.com\/wp-content\/uploads\/2025\/04\/image-2.jpeg\" alt=\"Paseo de los Tristes\"><\/div><p class=\"qvgw-indimg-place-card__title\">4. Paseo de los Tristes<\/p><span class=\"qvgw-indimg-place-card__arrow\"><svg width=\"24\" height=\"24\" viewBox=\"0 0 24 24\" fill=\"none\" stroke=\"currentColor\" stroke-width=\"2\"><path d=\"M6 9l6 6 6-6\"><\/path><\/svg><\/span><\/a><\/div><div class=\"qvgw-indimg-place-card\"><a href=\"#barrio-albaicin\" class=\"qvgw-indimg-place-card__content\"><div class=\"qvgw-indimg-place-card__image\"><img decoding=\"async\" src=\"https:\/\/blog.guruwalk.com\/wp-content\/uploads\/2025\/04\/image-3.jpeg\" alt=\"Barrio del Albaic\u00edn\"><\/div><p class=\"qvgw-indimg-place-card__title\">5. Barrio del Albaic\u00edn<\/p><span class=\"qvgw-indimg-place-card__arrow\"><svg width=\"24\" height=\"24\" viewBox=\"0 0 24 24\" fill=\"none\" stroke=\"currentColor\" stroke-width=\"2\"><path d=\"M6 9l6 6 6-6\"><\/path><\/svg><\/span><\/a><\/div><div class=\"qvgw-indimg-place-card\"><a href=\"#catedral-granada\" class=\"qvgw-indimg-place-card__content\"><div class=\"qvgw-indimg-place-card__image\"><img decoding=\"async\" src=\"https:\/\/blog.guruwalk.com\/wp-content\/uploads\/2025\/04\/image-9.jpeg\" alt=\"Catedral de Granada\"><\/div><p class=\"qvgw-indimg-place-card__title\">6. Catedral de Granada<\/p><span class=\"qvgw-indimg-place-card__arrow\"><svg width=\"24\" height=\"24\" viewBox=\"0 0 24 24\" fill=\"none\" stroke=\"currentColor\" stroke-width=\"2\"><path d=\"M6 9l6 6 6-6\"><\/path><\/svg><\/span><\/a><\/div><div class=\"qvgw-indimg-place-card qvgw-indimg-place-card--hidden\"><a href=\"#tapas-granada\" class=\"qvgw-indimg-place-card__content\"><div class=\"qvgw-indimg-place-card__image\"><img decoding=\"async\" src=\"https:\/\/blog.guruwalk.com\/wp-content\/uploads\/2025\/04\/image-8.jpeg\" alt=\"De tapas por el centro de Granada\"><\/div><p class=\"qvgw-indimg-place-card__title\">7. De tapas por el centro de Granada<\/p><span class=\"qvgw-indimg-place-card__arrow\"><svg width=\"24\" height=\"24\" viewBox=\"0 0 24 24\" fill=\"none\" stroke=\"currentColor\" stroke-width=\"2\"><path d=\"M6 9l6 6 6-6\"><\/path><\/svg><\/span><\/a><\/div><div class=\"qvgw-indimg-place-card qvgw-indimg-place-card--hidden\"><a href=\"#teterias-granada\" class=\"qvgw-indimg-place-card__content\"><div class=\"qvgw-indimg-place-card__image\"><img decoding=\"async\" src=\"https:\/\/blog.guruwalk.com\/wp-content\/uploads\/2025\/04\/image-7.jpeg\" alt=\"Calle de las teter\u00edas\"><\/div><p class=\"qvgw-indimg-place-card__title\">8. Calle de las teter\u00edas<\/p><span class=\"qvgw-indimg-place-card__arrow\"><svg width=\"24\" height=\"24\" viewBox=\"0 0 24 24\" fill=\"none\" stroke=\"currentColor\" stroke-width=\"2\"><path d=\"M6 9l6 6 6-6\"><\/path><\/svg><\/span><\/a><\/div><div class=\"qvgw-indimg-place-card qvgw-indimg-place-card--hidden\"><a href=\"#hammam-granada\" class=\"qvgw-indimg-place-card__content\"><div class=\"qvgw-indimg-place-card__image\"><img decoding=\"async\" src=\"https:\/\/blog.guruwalk.com\/wp-content\/uploads\/2026\/06\/inline_9650.webp\" alt=\"Relax en un Hammam \u00e1rabe\"><\/div><p class=\"qvgw-indimg-place-card__title\">9. Relax en un Hammam \u00e1rabe<\/p><span class=\"qvgw-indimg-place-card__arrow\"><svg width=\"24\" height=\"24\" viewBox=\"0 0 24 24\" fill=\"none\" stroke=\"currentColor\" stroke-width=\"2\"><path d=\"M6 9l6 6 6-6\"><\/path><\/svg><\/span><\/a><\/div><div class=\"qvgw-indimg-place-card qvgw-indimg-place-card--hidden\"><a href=\"#barrio-sacromonte\" class=\"qvgw-indimg-place-card__content no-image\"><p class=\"qvgw-indimg-place-card__title\">10. Barrio Sacromonte y sus miradores<\/p><span class=\"qvgw-indimg-place-card__arrow\"><svg width=\"24\" height=\"24\" viewBox=\"0 0 24 24\" fill=\"none\" stroke=\"currentColor\" stroke-width=\"2\"><path d=\"M6 9l6 6 6-6\"><\/path><\/svg><\/span><\/a><\/div><div class=\"qvgw-indimg-place-card qvgw-indimg-place-card--hidden\"><a href=\"#casa-chapiz-casa-zafra\" class=\"qvgw-indimg-place-card__content no-image\"><p class=\"qvgw-indimg-place-card__title\">11. Casa del Chapiz y Casa de Zafra<\/p><span class=\"qvgw-indimg-place-card__arrow\"><svg width=\"24\" height=\"24\" viewBox=\"0 0 24 24\" fill=\"none\" stroke=\"currentColor\" stroke-width=\"2\"><path d=\"M6 9l6 6 6-6\"><\/path><\/svg><\/span><\/a><\/div><div class=\"qvgw-indimg-place-card qvgw-indimg-place-card--hidden\"><a href=\"#barrio-realejo\" class=\"qvgw-indimg-place-card__content\"><div class=\"qvgw-indimg-place-card__image\"><img decoding=\"async\" src=\"https:\/\/blog.guruwalk.com\/wp-content\/uploads\/2025\/04\/image-10.jpeg\" alt=\"El Realejo (barrio jud\u00edo de Granada)\"><\/div><p class=\"qvgw-indimg-place-card__title\">12. El Realejo (barrio jud\u00edo de Granada)<\/p><span class=\"qvgw-indimg-place-card__arrow\"><svg width=\"24\" height=\"24\" viewBox=\"0 0 24 24\" fill=\"none\" stroke=\"currentColor\" stroke-width=\"2\"><path d=\"M6 9l6 6 6-6\"><\/path><\/svg><\/span><\/a><\/div><div class=\"qvgw-indimg-place-card qvgw-indimg-place-card--hidden\"><a href=\"#como-llegar\" class=\"qvgw-indimg-place-card__content\"><div class=\"qvgw-indimg-place-card__image\"><img decoding=\"async\" src=\"https:\/\/blog.guruwalk.com\/wp-content\/uploads\/2025\/04\/image-11.jpeg\" alt=\"\u00bfC\u00f3mo llegar a Granada?\"><\/div><p class=\"qvgw-indimg-place-card__title\">13. \u00bfC\u00f3mo llegar a Granada?<\/p><span class=\"qvgw-indimg-place-card__arrow\"><svg width=\"24\" height=\"24\" viewBox=\"0 0 24 24\" fill=\"none\" stroke=\"currentColor\" stroke-width=\"2\"><path d=\"M6 9l6 6 6-6\"><\/path><\/svg><\/span><\/a><\/div><div class=\"qvgw-indimg-place-card qvgw-indimg-place-card--hidden\"><a href=\"#preguntas-frecuentes-granada\" class=\"qvgw-indimg-place-card__content no-image\"><p class=\"qvgw-indimg-place-card__title\">14. Preguntas frecuentes sobre Granada<\/p><span class=\"qvgw-indimg-place-card__arrow\"><svg width=\"24\" height=\"24\" viewBox=\"0 0 24 24\" fill=\"none\" stroke=\"currentColor\" stroke-width=\"2\"><path d=\"M6 9l6 6 6-6\"><\/path><\/svg><\/span><\/a><\/div><\/div><button class=\"qvgw-indimg-places-expand\" data-action=\"expand\" aria-expanded=\"false\">Ver m\u00e1s<\/button><\/div>\n\n<h2 class=\"wp-block-heading\" id=\"mejores-free-tours\">Mejores free tours en Granada<\/h2>\n\n\n<p class=\"wp-block-paragraph\">Empezar con un free tour permite orientarse entre el centro hist\u00f3rico y los barrios en pendiente antes de organizar las visitas por cuenta propia. Comprueba en la reserva el recorrido, la duraci\u00f3n, el idioma y el punto de encuentro exacto, porque no existe una salida \u00fanica para todos los tours.<\/p>\n\n\n<h3 class=\"wp-block-heading\">Informaci\u00f3n pr\u00e1ctica si ya tienes una reserva<\/h3>\n\n\n<ul class=\"wp-block-list\">\n<li><strong>Punto de encuentro:<\/strong> abre la reserva el mismo d\u00eda y comprueba la direcci\u00f3n, la hora y las indicaciones del guru. Llega con margen para localizar al grupo.<\/li>\n\n\n<li><strong>Calzado y agua:<\/strong> Granada tiene adoquines, escaleras y cuestas pronunciadas, especialmente en el Albaic\u00edn, Sacromonte y Realejo.<\/li>\n\n\n<li><strong>Duraci\u00f3n:<\/strong> consulta el tiempo previsto en la ficha del recorrido y deja despu\u00e9s un margen independiente para entrar en monumentos, comer o volver a un mirador.<\/li>\n\n\n<li><strong>Aportaci\u00f3n:<\/strong> lleva efectivo si quieres dejar una propina. La referencia habitual es de 10\u201320 \u20ac por persona, con aportaciones de hasta 50 \u20ac cuando la experiencia y el presupuesto lo justifican.<\/li>\n\n\n<li><strong>Accesibilidad:<\/strong> revisa con antelaci\u00f3n si el itinerario admite silla de ruedas, carrito infantil o movilidad reducida; las pendientes y algunos pavimentos pueden condicionar el recorrido.<\/li>\n<\/ul>\n\n    <script async defer src=\"https:\/\/assets.guruwalk.com\/affiliates\/widget.min.js\"><\/script>\n    <guruwalk-tour-cards \n        affiliate=\"6ggvn1wuf0rlyogypi99\" \n        city=\"p650-granada\" \n        lang=\"es\" \n        text-color=\"#484848\" \n        primary-color=\"#ff5a5f\" \n        secondary-color=\"#008489\" \n        limit=\"3\" \n        description=\"abstract\">\n    <\/guruwalk-tour-cards>\n    \n\n<h2 class=\"wp-block-heading\" id=\"que-ver-granada-3-dias\">\u00bfQu\u00e9 ver en Granada en 3 d\u00edas (un fin de semana)?<\/h2>\n\n\n<figure class=\"wp-block-image size-full\"><img decoding=\"async\" width=\"986\" height=\"671\" alt=\"Vista panor\u00e1mica de la Alhambra al atardecer, Granada\" class=\"wp-image-9651\" src=\"https:\/\/blog.guruwalk.com\/wp-content\/uploads\/2025\/04\/image.jpeg\" srcset=\"https:\/\/blog.guruwalk.com\/wp-content\/uploads\/2025\/04\/image.jpeg 986w, https:\/\/blog.guruwalk.com\/wp-content\/uploads\/2025\/04\/image-300x204.jpeg 300w, https:\/\/blog.guruwalk.com\/wp-content\/uploads\/2025\/04\/image-768x523.jpeg 768w\" sizes=\"(max-width: 986px) 100vw, 986px\" \/><figcaption class=\"wp-element-caption\">Alhambra de Granada al atardecer<\/figcaption><\/figure>\n\n\n<p class=\"wp-block-paragraph\">Granada permite distribuir sus barrios y monumentos en tres jornadas sin encadenar desplazamientos innecesarios. El orden siguiente combina tramos a pie con transporte p\u00fablico en las zonas de mayor pendiente y conserva tiempo para las visitas con entrada.<\/p>\n\n\n<h3 class=\"wp-block-heading\">D\u00eda 1: Alhambra, Generalife y centro hist\u00f3rico<\/h3>\n\n\n<p class=\"wp-block-paragraph\"><strong>Ma\u00f1ana, 4\u20135 horas:<\/strong> dedica el primer bloque a la Alhambra, los Palacios Nazar\u00edes, la Alcazaba y los jardines del Generalife. La hora asignada para los Palacios Nazar\u00edes condiciona el orden, por lo que conviene consultar disponibilidad y reservar en la <a href=\"https:\/\/tickets.alhambra-patronato.es\/\" rel=\"nofollow noreferrer noopener\" target=\"_blank\">venta oficial de entradas de la Alhambra<\/a>.<\/p>\n\n\n<p class=\"wp-block-paragraph\"><strong>Tarde, 2\u20133 horas:<\/strong> baja hacia Plaza Nueva y contin\u00faa por la Catedral, la Capilla Real y la Alcaicer\u00eda. El trayecto desde la Alhambra puede hacerse a pie si las pendientes no suponen un problema; el autob\u00fas urbano evita la bajada prolongada.<\/p>\n\n\n<p class=\"wp-block-paragraph\"><strong>Noche:<\/strong> reserva entre 90 minutos y dos horas para cenar y recorrer las calles Navas y Elvira. Los horarios y el sistema de tapas cambian entre establecimientos, as\u00ed que conviene decidir sobre la marcha.<\/p>\n\n\n<h3 class=\"wp-block-heading\">D\u00eda 2: Carrera del Darro, Albaic\u00edn y miradores<\/h3>\n\n\n<p class=\"wp-block-paragraph\"><strong>Ma\u00f1ana, 2\u20133 horas:<\/strong> parte de Plaza Nueva, recorre la Carrera del Darro y el Paseo de los Tristes y entra en el Albaic\u00edn por la Cuesta del Chapiz. El itinerario es caminable, aunque suma adoquines y desnivel.<\/p>\n\n\n<p class=\"wp-block-paragraph\"><strong>Tarde, 3 horas:<\/strong> enlaza el Ba\u00f1uelo, la Casa de Zafra, la Casa del Chapiz y las calles pr\u00f3ximas a San Nicol\u00e1s. Si necesitas reducir las cuestas, utiliza el microb\u00fas para subir y completa a pie los tramos cortos.<\/p>\n\n\n<p class=\"wp-block-paragraph\"><strong>Noche:<\/strong> termina en el Mirador de San Nicol\u00e1s o baja hacia la calle Calderer\u00eda para tomar un t\u00e9. Calcula tiempo adicional para regresar, ya que la bajada por calles empedradas es m\u00e1s lenta con poca luz.<\/p>\n\n\n<h3 class=\"wp-block-heading\">D\u00eda 3: Realejo, legado de Lorca y Sacromonte<\/h3>\n\n\n<p class=\"wp-block-paragraph\"><strong>Ma\u00f1ana, 2\u20133 horas:<\/strong> recorre el Realejo desde el Campo del Pr\u00edncipe y contin\u00faa por la Casa de los Tiros, el Cuarto Real de Santo Domingo y los murales de El Ni\u00f1o de las Pinturas.<\/p>\n\n\n<p class=\"wp-block-paragraph\"><strong>Tarde, 2\u20133 horas:<\/strong> dedica un bloque a la Huerta de San Vicente o al Centro Federico Garc\u00eda Lorca. Despu\u00e9s, despl\u00e1zate hacia el Sacromonte; el microb\u00fas resulta pr\u00e1ctico para evitar enlazar a pie dos barrios separados por pendientes.<\/p>\n\n\n<p class=\"wp-block-paragraph\"><strong>Noche:<\/strong> reserva tiempo para las casas-cueva, los miradores o un espect\u00e1culo de flamenco con reserva. Comprueba el transporte de regreso y la ubicaci\u00f3n exacta antes de acudir.<\/p>\n\n\n<h3 class=\"wp-block-heading\" id=\"mapa-granada-tres-dias\">Mapa por colores de las rutas de tres d\u00edas<\/h3>\n\n\n<p class=\"wp-block-paragraph\">Los tres mapas siguientes separan cada jornada por color. El rojo corresponde a la Alhambra y el centro; el azul, al Albaic\u00edn; y el verde, al Realejo y el Sacromonte. Son recorridos orientativos: revisa la ruta seg\u00fan la entrada de la Alhambra, el alojamiento y las condiciones de movilidad.<\/p>\n\n\n<div aria-label=\"Mapas de Granada por d\u00edas\" style=\"display:grid;gap:16px\">\n<div style=\"border-left:6px solid #c62828;padding-left:12px\"><p><strong style=\"color:#c62828\">D\u00eda 1 \u00b7 rojo:<\/strong> Alhambra \u2192 Generalife \u2192 Catedral \u2192 centro hist\u00f3rico. Alhambra y Generalife se recorren a pie; para bajar al centro se puede caminar o utilizar autob\u00fas.<\/p><iframe title=\"Mapa del d\u00eda 1 en Granada: Alhambra y centro hist\u00f3rico\" src=\"https:\/\/maps.google.com\/maps?saddr=Alhambra,+Granada&amp;daddr=Generalife,+Granada+to:Catedral+de+Granada&amp;dirflg=w&amp;output=embed\" width=\"100%\" height=\"480\" style=\"border:0;width:100%;height:480px;max-height:70vh\" loading=\"lazy\"><\/iframe><\/div>\n<div style=\"border-left:6px solid #1565c0;padding-left:12px\"><p><strong style=\"color:#1565c0\">D\u00eda 2 \u00b7 azul:<\/strong> Plaza Nueva \u2192 Paseo de los Tristes \u2192 Albaic\u00edn \u2192 Mirador de San Nicol\u00e1s. El recorrido principal es peatonal; el microb\u00fas permite salvar la subida.<\/p><iframe title=\"Mapa del d\u00eda 2 en Granada: Albaic\u00edn y Mirador de San Nicol\u00e1s\" src=\"https:\/\/maps.google.com\/maps?saddr=Plaza+Nueva,+Granada&amp;daddr=Paseo+de+los+Tristes,+Granada+to:Mirador+de+San+Nicolas,+Granada&amp;dirflg=w&amp;output=embed\" width=\"100%\" height=\"480\" style=\"border:0;width:100%;height:480px;max-height:70vh\" loading=\"lazy\"><\/iframe><\/div>\n<div style=\"border-left:6px solid #2e7d32;padding-left:12px\"><p><strong style=\"color:#2e7d32\">D\u00eda 3 \u00b7 verde:<\/strong> Campo del Pr\u00edncipe \u2192 Cuarto Real de Santo Domingo \u2192 Sacromonte. El Realejo se recorre a pie; para enlazar con el Sacromonte conviene valorar el microb\u00fas.<\/p><iframe title=\"Mapa del d\u00eda 3 en Granada: Realejo y Sacromonte\" src=\"https:\/\/maps.google.com\/maps?saddr=Campo+del+Principe,+Granada&amp;daddr=Cuarto+Real+de+Santo+Domingo,+Granada+to:Sacromonte,+Granada&amp;dirflg=w&amp;output=embed\" width=\"100%\" height=\"480\" style=\"border:0;width:100%;height:480px;max-height:70vh\" loading=\"lazy\"><\/iframe><\/div>\n<\/div>\n\n\n<h2 class=\"wp-block-heading\" id=\"alhambra-granada\">La Alhambra<\/h2>\n\n\n<figure class=\"wp-block-image size-full\"><img decoding=\"async\" width=\"1024\" height=\"528\" alt=\"La Alhambra con Sierra Nevada al fondo, Granada\" class=\"wp-image-9659\" src=\"https:\/\/blog.guruwalk.com\/wp-content\/uploads\/2025\/04\/image-1.jpeg\" srcset=\"https:\/\/blog.guruwalk.com\/wp-content\/uploads\/2025\/04\/image-1.jpeg 1024w, https:\/\/blog.guruwalk.com\/wp-content\/uploads\/2025\/04\/image-1-300x155.jpeg 300w, https:\/\/blog.guruwalk.com\/wp-content\/uploads\/2025\/04\/image-1-768x396.jpeg 768w\" sizes=\"(max-width: 1024px) 100vw, 1024px\" \/><figcaption class=\"wp-element-caption\">La Alhambra y Sierra Nevada<\/figcaption><\/figure>\n\n\n<p class=\"wp-block-paragraph\">La Alhambra es el principal conjunto monumental de Granada y forma parte del Patrimonio Mundial de la Unesco desde 1984 junto con el Generalife; el Albaic\u00edn se incorpor\u00f3 posteriormente a la declaraci\u00f3n.<\/p>\n\n\n<h3 class=\"wp-block-heading\" id=\"free-tour-alhambra\">Free tour por los alrededores de la Alhambra<\/h3>\n\n\n<p class=\"wp-block-paragraph\">Este recorrido cubre el entorno de acceso libre situado dentro y junto a la muralla, pero no sustituye la entrada a los Palacios Nazar\u00edes, la Alcazaba o las zonas sujetas a control. Entre los espacios exteriores destaca el Palacio de Carlos V.<\/p>\n\n\n<p class=\"wp-block-paragraph\">Carlos V lleg\u00f3 a Granada en 1526 tras su matrimonio con Isabel de Portugal y promovi\u00f3 un palacio renacentista que funcionara como residencia imperial y expresi\u00f3n institucional de la monarqu\u00eda. La descripci\u00f3n y el contexto arquitect\u00f3nico pueden consultarse en la ficha oficial del Palacio de Carlos V del Patronato de la Alhambra.<\/p>\n\n\n<h3 class=\"wp-block-heading\">Consejos para visitar la Alhambra<\/h3>\n\n\n<ul class=\"wp-block-list\">\n<li><strong>Entradas:<\/strong> consulta disponibilidad en la web oficial tan pronto como conozcas las fechas. No existe un plazo fijo que garantice plaza y algunas franjas se completan antes que otras.<\/li>\n\n\n<li><strong>Hora asignada:<\/strong> respeta el acceso indicado para los Palacios Nazar\u00edes y organiza el resto del conjunto alrededor de esa franja.<\/li>\n\n\n<li><strong>Duraci\u00f3n:<\/strong> una visita amplia puede ocupar entre 3 y 5 horas seg\u00fan la modalidad y las zonas incluidas.<\/li>\n\n\n<li><strong>Calzado:<\/strong> utiliza zapatos adecuados para escaleras, pendientes y recorridos prolongados.<\/li>\n\n\n<li><strong>Agua:<\/strong> lleva una botella, especialmente en jornadas calurosas, respetando las normas del recinto.<\/li>\n\n\n<li><strong>Opciones gratuitas:<\/strong> consulta la gu\u00eda sobre <a href=\"https:\/\/blog.guruwalk.com\/es\/que-ver-gratis-en-granada\/#alhambra\"><strong>accesos gratuitos relacionados con la Alhambra<\/strong><\/a>.<\/li>\n<\/ul>\n\n\n<p class=\"wp-block-paragraph\">El Generalife, el Palacio de Carlos V, los Palacios Nazar\u00edes, la Alcazaba, la Medina y la Rauda forman un conjunto con arquitectura palatina, militar y residencial, adem\u00e1s de jardines y huertas.<\/p>\n\n\n<p class=\"wp-block-paragraph\">El Palacio de Carlos V adopta un lenguaje renacentista de influencia italiana y contrasta con los edificios nazar\u00edes. Su fachada incluye relieves aleg\u00f3ricos vinculados al programa imperial, mientras que el patio circular organiza el interior de una construcci\u00f3n cuadrada.<\/p>\n\n\n<p class=\"wp-block-paragraph\">En los palacios nazar\u00edes y en espacios como el oratorio de la Madraza aparecen inscripciones, motivos vegetales y restos de policrom\u00eda. Para conocer esta parte del centro tambi\u00e9n se mantiene la opci\u00f3n del <a href=\"https:\/\/www.guruwalk.com\/es\/walks\/25621-free-tour-granada-monumental\" target=\"_blank\" rel=\"noopener\">Free tour Granada Monumental<\/a>.<\/p>\n\n\n<p class=\"wp-block-paragraph\">La Alhambra se desarroll\u00f3 desde el siglo XIII sobre la colina de la Sabika. La Alcazaba cumpl\u00eda una funci\u00f3n defensiva; los Palacios Nazar\u00edes ocupaban la ciudad palatina; y el Generalife serv\u00eda como finca de recreo de los sultanes. El conjunto ha experimentado transformaciones y restauraciones durante siglos.<\/p>\n\n\n<p class=\"wp-block-paragraph\">Si no encuentras entrada para las zonas de pago, todav\u00eda puedes recorrer los espacios exteriores de acceso libre y conocer su contexto en una visita guiada. Comprueba siempre qu\u00e9 \u00e1reas incluye cada actividad antes de reservar.<\/p>\n\n\n<h2 class=\"wp-block-heading\" id=\"paseo-tristes\">Paseo de los Tristes<\/h2>\n\n\n<figure class=\"wp-block-image size-full\"><img decoding=\"async\" width=\"1024\" height=\"682\" alt=\"Paseo de los Tristes junto al r\u00edo Darro en Granada\" class=\"wp-image-9667\" src=\"https:\/\/blog.guruwalk.com\/wp-content\/uploads\/2025\/04\/image-2.jpeg\" srcset=\"https:\/\/blog.guruwalk.com\/wp-content\/uploads\/2025\/04\/image-2.jpeg 1024w, https:\/\/blog.guruwalk.com\/wp-content\/uploads\/2025\/04\/image-2-300x200.jpeg 300w, https:\/\/blog.guruwalk.com\/wp-content\/uploads\/2025\/04\/image-2-768x512.jpeg 768w\" sizes=\"(max-width: 1024px) 100vw, 1024px\" \/><figcaption class=\"wp-element-caption\">Paseo de los Tristes en Granada<\/figcaption><\/figure>\n\n\n<p class=\"wp-block-paragraph\">El nombre oficial es Paseo del Padre Manj\u00f3n, aunque se conoce como <strong>Paseo de los Tristes<\/strong> porque por esta v\u00eda pasaban cortejos f\u00fanebres camino del antiguo cementerio situado tras la Alhambra.<\/p>\n\n\n<p class=\"wp-block-paragraph\">El paseo se acondicion\u00f3 a comienzos del siglo XVII junto al r\u00edo Darro. En su entorno se conservan el Puente de las Chirim\u00edas, el Puente del Aljibillo y una fuente hist\u00f3rica. Para ampliar la visita puede consultarse la gu\u00eda del <a href=\"https:\/\/blog.guruwalk.com\/es\/paseo-de-los-tristes\/\">Paseo de los Tristes<\/a>.<\/p>\n\n\n<p class=\"wp-block-paragraph\">Aqu\u00ed convergen el centro, el Albaic\u00edn y el camino hacia el Sacromonte por la Cuesta del Chapiz. Las calles son estrechas y gran parte del itinerario es peatonal, por lo que el acceso pr\u00e1ctico se realiza andando, en taxi o mediante las l\u00edneas de microb\u00fas autorizadas.<\/p>\n\n\n<h3 class=\"wp-block-heading\">Consejos para el Paseo de los Tristes<\/h3>\n\n\n<ul class=\"wp-block-list\">\n<li><strong>Recorrido:<\/strong> enl\u00e1zalo con la Carrera del Darro y la Cuesta del Chapiz para evitar retrocesos.<\/li>\n\n\n<li><strong>Fotograf\u00eda:<\/strong> el entorno del Puente de las Chirim\u00edas ofrece una perspectiva abierta hacia la Alhambra.<\/li>\n\n\n<li><strong>Acceso:<\/strong> confirma la l\u00ednea de microb\u00fas si no puedes afrontar las cuestas a pie.<\/li>\n\n\n<li><strong>Paradas:<\/strong> hay terrazas y bares, pero la oferta cambia seg\u00fan el horario y la temporada.<\/li>\n<\/ul>\n\n\n<h2 class=\"wp-block-heading\" id=\"barrio-albaicin\">Barrio del Albaic\u00edn<\/h2>\n\n\n<figure class=\"wp-block-image size-full\"><img decoding=\"async\" width=\"1000\" height=\"562\" alt=\"Calles y casas blancas del barrio del Albaic\u00edn en Granada\" class=\"wp-image-9675\" src=\"https:\/\/blog.guruwalk.com\/wp-content\/uploads\/2025\/04\/image-3.jpeg\" srcset=\"https:\/\/blog.guruwalk.com\/wp-content\/uploads\/2025\/04\/image-3.jpeg 1000w, https:\/\/blog.guruwalk.com\/wp-content\/uploads\/2025\/04\/image-3-300x169.jpeg 300w, https:\/\/blog.guruwalk.com\/wp-content\/uploads\/2025\/04\/image-3-768x432.jpeg 768w\" sizes=\"(max-width: 1000px) 100vw, 1000px\" \/><figcaption class=\"wp-element-caption\">Calles blancas del Albaic\u00edn<\/figcaption><\/figure>\n\n\n<p class=\"wp-block-paragraph\">El <a href=\"https:\/\/blog.guruwalk.com\/es\/el-albaicin-granada\/\">Albaic\u00edn<\/a> conserva parte de la trama urbana del periodo nazar\u00ed y forma parte del conjunto de Granada reconocido como Patrimonio Mundial. Sus calles estrechas, aljibes, c\u00e1rmenes y desniveles explican por qu\u00e9 conviene recorrerlo por tramos.<\/p>\n\n\n<p class=\"wp-block-paragraph\">El barrio se extiende desde San Nicol\u00e1s hasta el r\u00edo Darro y la calle Elvira. Se puede subir en microb\u00fas desde Plaza Nueva y descender caminando, o realizar el recorrido completo a pie si las pendientes no suponen una limitaci\u00f3n.<\/p>\n\n\n<h3 class=\"wp-block-heading\" id=\"que-ver-albaicin\">\u00bfQu\u00e9 ver y hacer en el barrio de Albaic\u00edn?<\/h3>\n\n\n<ul class=\"wp-block-list\">\n<li><strong>Muralla zir\u00ed:<\/strong> Arco de las Pesas, torres de la Alhacaba, Puerta de Elvira, Puerta Monaita y Puerta de Fajalauza.<\/li>\n\n\n<li><strong>Arquitectura religiosa:<\/strong> iglesias de El Salvador y San Juan de los Reyes.<\/li>\n\n\n<li><strong>Casas hist\u00f3ricas:<\/strong> Casa de Castril, Casa de Porras, Casa de Yanguas, Casa de Zafra y Casa del Chapiz.<\/li>\n\n\n<li><strong>Ba\u00f1os hist\u00f3ricos:<\/strong> El Ba\u00f1uelo, edificio andalus\u00ed protegido como Bien de Inter\u00e9s Cultural.<\/li>\n<\/ul>\n\n\n<h3 class=\"wp-block-heading\" id=\"mirador-san-nicolas\">Mirador de San Nicol\u00e1s<\/h3>\n\n\n<figure class=\"wp-block-image size-full\"><img decoding=\"async\" width=\"999\" height=\"651\" alt=\"Mirador de San Nicol\u00e1s frente a la Alhambra en Granada\" class=\"wp-image-9683\" src=\"https:\/\/blog.guruwalk.com\/wp-content\/uploads\/2025\/04\/image-4.jpeg\" srcset=\"https:\/\/blog.guruwalk.com\/wp-content\/uploads\/2025\/04\/image-4.jpeg 999w, https:\/\/blog.guruwalk.com\/wp-content\/uploads\/2025\/04\/image-4-300x195.jpeg 300w, https:\/\/blog.guruwalk.com\/wp-content\/uploads\/2025\/04\/image-4-768x500.jpeg 768w\" sizes=\"(max-width: 999px) 100vw, 999px\" \/><figcaption class=\"wp-element-caption\">Mirador de San Nicol\u00e1s frente a la Alhambra<\/figcaption><\/figure>\n\n\n<p class=\"wp-block-paragraph\">La iglesia de San Nicol\u00e1s, levantada en el siglo XVI sobre una antigua mezquita, da nombre a la plaza y al mirador. Desde este punto se observa la Alhambra, el Generalife y Sierra Nevada, adem\u00e1s del trazado del Albaic\u00edn.<\/p>\n\n\n<p class=\"wp-block-paragraph\">El acceso a pie exige subir calles empedradas. Quienes necesiten reducir el esfuerzo pueden utilizar el microb\u00fas y completar solo el \u00faltimo tramo caminando. La plaza suele concentrar visitantes y actuaciones espont\u00e1neas, por lo que es recomendable mantener controladas las pertenencias y respetar a los vecinos.<\/p>\n\n\n<h2 class=\"wp-block-heading\" id=\"catedral-granada\">Catedral de Granada<\/h2>\n\n\n<figure class=\"wp-block-image size-full\"><img decoding=\"async\" width=\"1024\" height=\"644\" alt=\"Fachada renacentista de la Catedral de Granada\" class=\"wp-image-9723\" src=\"https:\/\/blog.guruwalk.com\/wp-content\/uploads\/2025\/04\/image-9.jpeg\" srcset=\"https:\/\/blog.guruwalk.com\/wp-content\/uploads\/2025\/04\/image-9.jpeg 1024w, https:\/\/blog.guruwalk.com\/wp-content\/uploads\/2025\/04\/image-9-300x189.jpeg 300w, https:\/\/blog.guruwalk.com\/wp-content\/uploads\/2025\/04\/image-9-768x483.jpeg 768w\" sizes=\"(max-width: 1024px) 100vw, 1024px\" \/><figcaption class=\"wp-element-caption\">Fachada de la Catedral de Granada<\/figcaption><\/figure>\n\n\n<p class=\"wp-block-paragraph\">La Santa Iglesia Catedral Metropolitana de la Encarnaci\u00f3n de Granada es un templo renacentista cuya construcci\u00f3n comenz\u00f3 en el siglo XVI. Las distintas fases incorporaron elementos g\u00f3ticos, barrocos y rococ\u00f3s.<\/p>\n\n\n<p class=\"wp-block-paragraph\">El interior se organiza en naves y capillas, con la Capilla Mayor como espacio central. La cercana Capilla Real conserva los sepulcros de los Reyes Cat\u00f3licos y funciona como visita diferenciada.<\/p>\n\n\n<h3 class=\"wp-block-heading\">Informaci\u00f3n para tu visita a la Catedral<\/h3>\n\n\n<ul class=\"wp-block-list\">\n<li><strong>Horario y entrada:<\/strong> consulta la informaci\u00f3n actualizada antes de acudir; puede variar por celebraciones y fechas especiales.<\/li>\n\n\n<li><strong>Capilla Real:<\/strong> comprueba si requiere una entrada independiente o si existe alguna modalidad conjunta disponible.<\/li>\n\n\n<li><strong>Fotograf\u00eda:<\/strong> respeta la se\u00f1alizaci\u00f3n y las restricciones vigentes dentro del templo.<\/li>\n<\/ul>\n\n\n<h2 class=\"wp-block-heading\" id=\"tapas-granada\">De tapas por el centro de Granada<\/h2>\n\n\n<figure class=\"wp-block-image size-full\"><img decoding=\"async\" width=\"1024\" height=\"682\" alt=\"Tapas servidas sobre pan tostado en el centro de Granada\" class=\"wp-image-9715\" src=\"https:\/\/blog.guruwalk.com\/wp-content\/uploads\/2025\/04\/image-8.jpeg\" srcset=\"https:\/\/blog.guruwalk.com\/wp-content\/uploads\/2025\/04\/image-8.jpeg 1024w, https:\/\/blog.guruwalk.com\/wp-content\/uploads\/2025\/04\/image-8-300x200.jpeg 300w, https:\/\/blog.guruwalk.com\/wp-content\/uploads\/2025\/04\/image-8-768x512.jpeg 768w\" sizes=\"(max-width: 1024px) 100vw, 1024px\" \/><figcaption class=\"wp-element-caption\">De tapas por el centro de Granada<\/figcaption><\/figure>\n\n\n<p class=\"wp-block-paragraph\">La gastronom\u00eda granadina incluye platos como las habas con jam\u00f3n, el remoj\u00f3n, las migas y la tortilla del Sacromonte. En el centro tambi\u00e9n aparecen propuestas que combinan cocina andaluza con influencias norteafricanas.<\/p>\n\n\n<p class=\"wp-block-paragraph\">En muchos bares, la bebida se acompa\u00f1a con una tapa. Algunos locales permiten elegirla y otros siguen una secuencia propia; la cantidad, el sistema y la disponibilidad cambian entre establecimientos.<\/p>\n\n\n<p class=\"wp-block-paragraph\">Las zonas con mayor concentraci\u00f3n de bares incluyen la calle Navas, Plaza Nueva, la calle Elvira, el Paseo de los Tristes, Pedro Antonio de Alarc\u00f3n y el Realejo. Conviene alternar locales y comprobar la cuenta en cada parada, especialmente en terrazas tur\u00edsticas.<\/p>\n\n\n<h3 class=\"wp-block-heading\">Gu\u00eda del tapeo granadino<\/h3>\n\n\n<ul class=\"wp-block-list\">\n<li><strong>Zonas:<\/strong> calle Navas, Plaza Nueva, calle Elvira, Paseo de los Tristes y Realejo.<\/li>\n\n\n<li><strong>Sistema:<\/strong> pregunta si la tapa se elige o viene asignada con la consumici\u00f3n.<\/li>\n\n\n<li><strong>Al\u00e9rgenos:<\/strong> confirma los ingredientes antes de pedir; una tapa incluida no garantiza que se adapte a todas las restricciones alimentarias.<\/li>\n<\/ul>\n\n\n<pre class=\"wp-block-preformatted has-background\" style=\"background-color:#a1cc2921\"><strong>TIP<br\/><br\/><\/strong>Si prefieres conocer el contexto gastron\u00f3mico durante un recorrido, consulta este <a href=\"https:\/\/www.guruwalk.com\/es\/walks\/33821-free-tour-entorno-de-la-alhambra\" rel=\"noopener\" target=\"_blank\">tour disponible en GuruWalk<\/a> y revisa en su ficha el itinerario exacto.<\/pre>\n\n\n<h2 class=\"wp-block-heading\" id=\"teterias-granada\">Calle de las teter\u00edas<\/h2>\n\n\n<figure class=\"wp-block-image size-full\"><img decoding=\"async\" width=\"1024\" height=\"683\" alt=\"Tiendas y teter\u00edas de la calle Calderer\u00eda en Granada\" class=\"wp-image-9707\" src=\"https:\/\/blog.guruwalk.com\/wp-content\/uploads\/2025\/04\/image-7.jpeg\" srcset=\"https:\/\/blog.guruwalk.com\/wp-content\/uploads\/2025\/04\/image-7.jpeg 1024w, https:\/\/blog.guruwalk.com\/wp-content\/uploads\/2025\/04\/image-7-300x200.jpeg 300w, https:\/\/blog.guruwalk.com\/wp-content\/uploads\/2025\/04\/image-7-768x512.jpeg 768w\" sizes=\"(max-width: 1024px) 100vw, 1024px\" \/><figcaption class=\"wp-element-caption\">Calle de las teter\u00edas<\/figcaption><\/figure>\n\n\n<p class=\"wp-block-paragraph\">La calle Calderer\u00eda Nueva, accesible desde la calle Elvira, concentra teter\u00edas y comercios de artesan\u00eda en una v\u00eda estrecha y peatonal. Su decoraci\u00f3n y oferta recuerdan la influencia andalus\u00ed y norteafricana presente en la ciudad.<\/p>\n\n\n<p class=\"wp-block-paragraph\">Las cartas suelen incluir t\u00e9 verde con hierbabuena, t\u00e9 rojo con especias, chai y dulces de inspiraci\u00f3n \u00e1rabe. Consulta precios, ingredientes y disponibilidad antes de pedir, especialmente si tienes alergias.<\/p>\n\n\n<h2 class=\"wp-block-heading\" id=\"hammam-granada\">Relax en un Hammam \u00e1rabe<\/h2>\n\n\n<figure class=\"wp-block-image size-full\"><img decoding=\"async\" alt=\"Interior de un hammam \u00e1rabe con piscina en Granada\" class=\"wp-image-9699\" src=\"https:\/\/blog.guruwalk.com\/wp-content\/uploads\/2026\/06\/inline_9650.webp\"\/><figcaption class=\"wp-element-caption\">Relax en un hammam \u00e1rabe de Granada<\/figcaption><\/figure>\n\n\n<p class=\"wp-block-paragraph\">Los hammams contempor\u00e1neos ofrecen circuitos de agua a distintas temperaturas, salas de vapor y, seg\u00fan la modalidad, masajes. Los servicios, la duraci\u00f3n y los requisitos var\u00edan, por lo que conviene consultar disponibilidad y condiciones antes de reservar.<\/p>\n\n\n<h3 class=\"wp-block-heading\">Informaci\u00f3n pr\u00e1ctica del hammam<\/h3>\n\n\n<ul class=\"wp-block-list\">\n<li><strong>Duraci\u00f3n:<\/strong> comprueba el tiempo de la sesi\u00f3n elegida y la antelaci\u00f3n requerida para llegar.<\/li>\n\n\n<li><strong>Material:<\/strong> revisa si el establecimiento proporciona toalla y calzado o si debes llevarlos.<\/li>\n\n\n<li><strong>Servicios:<\/strong> confirma qu\u00e9 piscinas, tratamientos, masajes o bebidas incluye la modalidad.<\/li>\n\n\n<li><strong>Salud y accesibilidad:<\/strong> consulta las contraindicaciones y las condiciones de acceso si tienes movilidad reducida.<\/li>\n<\/ul>\n\n\n<h3 class=\"wp-block-heading\" id=\"banuelo-granada\">El Ba\u00f1uelo<\/h3>\n\n\n<p class=\"wp-block-paragraph\">El Ba\u00f1uelo es un ba\u00f1o andalus\u00ed del siglo XI situado en la Carrera del Darro. Conserva salas cubiertas con b\u00f3vedas y lucernarios y permite comprender la funci\u00f3n social e higi\u00e9nica de estos espacios hist\u00f3ricos.<\/p>\n\n\n<h3 class=\"wp-block-heading\">Diferentes opciones de hammam<\/h3>\n\n\n<p class=\"wp-block-paragraph\">Entre las opciones de Granada figuran Hammam Al \u00c1ndalus, Aljibe de San Miguel, los servicios del hotel Maci\u00e0 Real de la Alhambra y Aquaterm Spa Urbano. Compara ubicaci\u00f3n, circuito, accesibilidad y pol\u00edtica de cancelaci\u00f3n; los nombres comerciales no implican que todos ofrezcan la misma experiencia.<\/p>\n\n<div class=\"gw-products-block\" style=\"--gw-nav-width:30px; --gw-nav-height:30px; --gw-chevron-w:15px; --gw-chevron-h:15px; --gw-circle-color:#0a5bd9; --gw-chevron-color:#0a5bd9;\"><div class=\"gw-products-carousel\" aria-live=\"polite\"><article class=\"gw-card\"><div class=\"gw-card__image\"><img decoding=\"async\" class=\"gw-card__photo\" src=\"https:\/\/blog.guruwalk.com\/wp-content\/uploads\/gw-products\/images\/998e5263f723737e4022fef51ef8a042.webp\" alt=\"Granada: Hammam Al \u00c1ndalus con Masaje\" loading=\"lazy\" \/><div class=\"gw-flags\" aria-label=\"Idiomas disponibles\"><span class=\"gw-flag\" title=\"EN\"><img decoding=\"async\" class=\"gw-flag-img\" src=\"https:\/\/blog.guruwalk.com\/wp-content\/uploads\/gw-products\/flags\/gb.svg\" alt=\"EN\" loading=\"lazy\" width=\"22\" height=\"16\" \/><\/span><span class=\"gw-flag\" title=\"ES\"><img decoding=\"async\" class=\"gw-flag-img\" src=\"https:\/\/blog.guruwalk.com\/wp-content\/uploads\/gw-products\/flags\/es.svg\" alt=\"ES\" loading=\"lazy\" width=\"22\" height=\"16\" \/><\/span><span class=\"gw-flag\" title=\"FR\"><img decoding=\"async\" class=\"gw-flag-img\" src=\"https:\/\/blog.guruwalk.com\/wp-content\/uploads\/gw-products\/flags\/fr.svg\" alt=\"FR\" loading=\"lazy\" width=\"22\" height=\"16\" \/><\/span><span class=\"gw-flag\" title=\"IT\"><img decoding=\"async\" class=\"gw-flag-img\" src=\"https:\/\/blog.guruwalk.com\/wp-content\/uploads\/gw-products\/flags\/it.svg\" alt=\"IT\" loading=\"lazy\" width=\"22\" height=\"16\" \/><\/span><\/div><\/div><div class=\"gw-card__body\"><h3 class=\"gw-card__title\">Granada: Hammam Al \u00c1ndalus con Masaje<\/h3><div class=\"gw-card__footer\"><div class=\"gw-card__meta\"><div class=\"gw-rating\" aria-label=\"Valoraci\u00f3n 4.8 de 5\"><span class=\"gw-star gw-star--full\" aria-hidden=\"true\">\u2605<\/span><span class=\"gw-star gw-star--full\" aria-hidden=\"true\">\u2605<\/span><span class=\"gw-star gw-star--full\" aria-hidden=\"true\">\u2605<\/span><span class=\"gw-star gw-star--full\" aria-hidden=\"true\">\u2605<\/span><span class=\"gw-star gw-star--half\" aria-hidden=\"true\">\u2606<\/span><span class=\"gw-rating__count\">4,8 (1801)<\/span><\/div><\/div><div class=\"gw-card__price\">Desde \u20ac70,00<\/div><\/div><\/div><a class=\"gw-card__link\" href=\"https:\/\/www.guruwalk.com\/es\/walks\/p99918-granada-hammam-al-andalus-con-masaje\" target=\"_blank\" rel=\"noopener\" aria-label=\"Granada: Hammam Al \u00c1ndalus con Masaje\"><\/a><\/article><article class=\"gw-card\"><div class=\"gw-card__image\"><img decoding=\"async\" class=\"gw-card__photo\" src=\"https:\/\/blog.guruwalk.com\/wp-content\/uploads\/gw-products\/images\/1c547359e9cb4dec7b730f5435578d06.webp\" alt=\"Granada: Ba\u00f1o Tradicional en Hammam Palacio Nazar\u00ed\" loading=\"lazy\" \/><div class=\"gw-flags\" aria-label=\"Idiomas disponibles\"><span class=\"gw-flag\" title=\"EN\"><img decoding=\"async\" class=\"gw-flag-img\" src=\"https:\/\/blog.guruwalk.com\/wp-content\/uploads\/gw-products\/flags\/gb.svg\" alt=\"EN\" loading=\"lazy\" width=\"22\" height=\"16\" \/><\/span><span class=\"gw-flag\" title=\"ES\"><img decoding=\"async\" class=\"gw-flag-img\" src=\"https:\/\/blog.guruwalk.com\/wp-content\/uploads\/gw-products\/flags\/es.svg\" alt=\"ES\" loading=\"lazy\" width=\"22\" height=\"16\" \/><\/span><\/div><\/div><div class=\"gw-card__body\"><h3 class=\"gw-card__title\">Granada: Ba\u00f1o Tradicional en Hammam Palacio Nazar\u00ed<\/h3><div class=\"gw-card__footer\"><div class=\"gw-card__meta\"><div class=\"gw-rating\" aria-label=\"Valoraci\u00f3n 4.6 de 5\"><span class=\"gw-star gw-star--full\" aria-hidden=\"true\">\u2605<\/span><span class=\"gw-star gw-star--full\" aria-hidden=\"true\">\u2605<\/span><span class=\"gw-star gw-star--full\" aria-hidden=\"true\">\u2605<\/span><span class=\"gw-star gw-star--full\" aria-hidden=\"true\">\u2605<\/span><span class=\"gw-star gw-star--half\" aria-hidden=\"true\">\u2606<\/span><span class=\"gw-rating__count\">4,6 (1123)<\/span><\/div><\/div><div class=\"gw-card__price\">Desde \u20ac45,00<\/div><\/div><\/div><a class=\"gw-card__link\" href=\"https:\/\/www.guruwalk.com\/es\/walks\/p85899-granada-bano-tradicional-en-hammam-palacio-nazari\" target=\"_blank\" rel=\"noopener\" aria-label=\"Granada: Ba\u00f1o Tradicional en Hammam Palacio Nazar\u00ed\"><\/a><\/article><article class=\"gw-card\"><div class=\"gw-card__image\"><img decoding=\"async\" class=\"gw-card__photo\" src=\"https:\/\/blog.guruwalk.com\/wp-content\/uploads\/gw-products\/images\/f008e4c8ec9048c125e4287930d784a6.webp\" alt=\"Hammam Al \u00c1ndalus Granada con masaje exclusivo\" loading=\"lazy\" \/><\/div><div class=\"gw-card__body\"><h3 class=\"gw-card__title\">Hammam Al \u00c1ndalus Granada con masaje exclusivo<\/h3><div class=\"gw-card__footer\"><div class=\"gw-card__meta\"><div class=\"gw-rating\" aria-label=\"Valoraci\u00f3n 4.8 de 5\"><span class=\"gw-star gw-star--full\" aria-hidden=\"true\">\u2605<\/span><span class=\"gw-star gw-star--full\" aria-hidden=\"true\">\u2605<\/span><span class=\"gw-star gw-star--full\" aria-hidden=\"true\">\u2605<\/span><span class=\"gw-star gw-star--full\" aria-hidden=\"true\">\u2605<\/span><span class=\"gw-star gw-star--half\" aria-hidden=\"true\">\u2606<\/span><span class=\"gw-rating__count\">4,8 (149)<\/span><\/div><\/div><div class=\"gw-card__price\">Desde \u20ac70,00<\/div><\/div><\/div><a class=\"gw-card__link\" href=\"https:\/\/www.guruwalk.com\/es\/walks\/p35515-hammam-al-andalus-granada-con-masaje-exclusivo\" target=\"_blank\" rel=\"noopener\" aria-label=\"Hammam Al \u00c1ndalus Granada con masaje exclusivo\"><\/a><\/article><article class=\"gw-card\"><div class=\"gw-card__image\"><img decoding=\"async\" class=\"gw-card__photo\" src=\"https:\/\/blog.guruwalk.com\/wp-content\/uploads\/gw-products\/images\/c5492310678bb325562b104114213f14.webp\" alt=\"Hammam Al \u00c1ndalus, Tu Biensentir\" loading=\"lazy\" \/><\/div><div class=\"gw-card__body\"><h3 class=\"gw-card__title\">Hammam Al \u00c1ndalus, Tu Biensentir<\/h3><div class=\"gw-card__footer\"><div class=\"gw-card__meta\"><div class=\"gw-rating\" aria-label=\"Valoraci\u00f3n 4.8 de 5\"><span class=\"gw-star gw-star--full\" aria-hidden=\"true\">\u2605<\/span><span class=\"gw-star gw-star--full\" aria-hidden=\"true\">\u2605<\/span><span class=\"gw-star gw-star--full\" aria-hidden=\"true\">\u2605<\/span><span class=\"gw-star gw-star--full\" aria-hidden=\"true\">\u2605<\/span><span class=\"gw-star gw-star--half\" aria-hidden=\"true\">\u2606<\/span><span class=\"gw-rating__count\">4,8 (822)<\/span><\/div><\/div><div class=\"gw-card__price\">Desde \u20ac70,00<\/div><\/div><\/div><a class=\"gw-card__link\" href=\"https:\/\/www.guruwalk.com\/es\/walks\/p68317-hammam-al-andalus-tu-biensentir\" target=\"_blank\" rel=\"noopener\" aria-label=\"Hammam Al \u00c1ndalus, Tu Biensentir\"><\/a><\/article><\/div><div class=\"gw-vertical-link-container\"><a href=\"https:\/\/www.guruwalk.com\/es\/a\/granada\/v67833-banos-arabes-granada\" target=\"_blank\" rel=\"noopener\" style=\"font-weight: bold;\">+ Ba\u00f1os \u00c1rabes<\/a><\/div><\/div>\n\n<h2 class=\"wp-block-heading\" id=\"barrio-sacromonte\">Barrio Sacromonte y sus miradores<\/h2>\n\n\n<p class=\"wp-block-paragraph\">El Sacromonte est\u00e1 vinculado a las comunidades gitanas de Granada, las casas-cueva, la zambra y distintos miradores sobre el valle del Darro y la Alhambra. Se puede llegar a pie desde la Cuesta del Chapiz o en microb\u00fas.<\/p>\n\n\n<h3 class=\"wp-block-heading\">Lo mejor del Sacromonte<\/h3>\n\n\n<ul class=\"wp-block-list\">\n<li><strong>Casas-cueva:<\/strong> Museo Cuevas del Sacromonte y viviendas adaptadas como espacios culturales.<\/li>\n\n\n<li><strong>Flamenco:<\/strong> zambras y espect\u00e1culos en cuevas; consulta duraci\u00f3n, asiento, consumici\u00f3n y transporte antes de reservar.<\/li>\n\n\n<li><strong>Miradores:<\/strong> Mirador del Sacromonte y San Miguel Alto, con accesos de distinta dificultad.<\/li>\n<\/ul>\n\n\n<h3 class=\"wp-block-heading\">Cuevas<\/h3>\n\n\n<p class=\"wp-block-paragraph\">Las cuevas-vivienda se agrupan en torno a barrancos y forman calles con fachadas encaladas. Su evoluci\u00f3n est\u00e1 relacionada con grupos que quedaron fuera del n\u00facleo urbano desde la Edad Moderna, aunque las explicaciones tradicionales mezclan documentaci\u00f3n hist\u00f3rica y relatos transmitidos oralmente.<\/p>\n\n\n<p class=\"wp-block-paragraph\">Algunas cuevas pr\u00f3ximas al Camino del Sacromonte funcionan como espacios de zambra y flamenco. Otras siguen siendo viviendas, por lo que el recorrido debe respetar los accesos privados y el descanso vecinal.<\/p>\n\n\n<h3 class=\"wp-block-heading\">Miradores del barrio Sacromonte<\/h3>\n\n\n<h4 class=\"wp-block-heading\"><strong>Mirador Museo Cuevas del Sacromonte<\/strong><\/h4>\n\n\n<p class=\"wp-block-paragraph\">El museo etnogr\u00e1fico y medioambiental muestra viviendas, oficios y elementos del paisaje del Sacromonte. Conserva once cuevas adaptadas para explicar actividades como la cester\u00eda, el telar y la cer\u00e1mica.<\/p>\n\n\n<h4 class=\"wp-block-heading\"><strong>Mirador de San Miguel<\/strong><\/h4>\n\n\n<p class=\"wp-block-paragraph\">San Miguel Alto ocupa una de las cotas m\u00e1s elevadas de Granada, junto a la ermita del mismo nombre. La subida a pie es exigente y hay pocos servicios inmediatos, as\u00ed que conviene llevar agua y comprobar la alternativa de transporte.<\/p>\n\n\n<h3 class=\"wp-block-heading\">Abad\u00eda del Sacromonte<\/h3>\n\n\n<p class=\"wp-block-paragraph\">La Abad\u00eda del Sacromonte se construy\u00f3 a partir del siglo XVII en el lugar asociado al hallazgo de reliquias y los llamados libros pl\u00fambeos. El conjunto incluye iglesia, colegio, espacios hist\u00f3ricos y las Santas Cuevas. Consulta qu\u00e9 zonas est\u00e1n abiertas antes de desplazarte.<\/p>\n\n<div class=\"gw-products-block\" style=\"--gw-nav-width:30px; --gw-nav-height:30px; --gw-chevron-w:15px; --gw-chevron-h:15px; --gw-circle-color:#0a5bd9; --gw-chevron-color:#0a5bd9;\"><div class=\"gw-products-carousel\" aria-live=\"polite\"><article class=\"gw-card\"><div class=\"gw-card__image\"><img decoding=\"async\" class=\"gw-card__photo\" src=\"https:\/\/blog.guruwalk.com\/wp-content\/uploads\/gw-products\/images\/c56755bbcc91a37a6b54e5af119fc85c.webp\" alt=\"Espect\u00e1culo Flamenco Zincal\u00e9 en la Cueva del Sacromonte\" loading=\"lazy\" \/><\/div><div class=\"gw-card__body\"><h3 class=\"gw-card__title\">Espect\u00e1culo Flamenco Zincal\u00e9 en la Cueva del Sacromonte<\/h3><div class=\"gw-card__footer\"><div class=\"gw-card__meta\"><div class=\"gw-rating\" aria-label=\"Valoraci\u00f3n 4.4 de 5\"><span class=\"gw-star gw-star--full\" aria-hidden=\"true\">\u2605<\/span><span class=\"gw-star gw-star--full\" aria-hidden=\"true\">\u2605<\/span><span class=\"gw-star gw-star--full\" aria-hidden=\"true\">\u2605<\/span><span class=\"gw-star gw-star--full\" aria-hidden=\"true\">\u2605<\/span><span class=\"gw-star gw-star--empty\" aria-hidden=\"true\">\u2606<\/span><span class=\"gw-rating__count\">4,4 (45)<\/span><\/div><\/div><div class=\"gw-card__price\">Desde \u20ac20,00<\/div><\/div><\/div><a class=\"gw-card__link\" href=\"https:\/\/www.guruwalk.com\/es\/walks\/p35385-espectaculo-flamenco-zincale-en-la-cueva-del-sacromonte\" target=\"_blank\" rel=\"noopener\" aria-label=\"Espect\u00e1culo Flamenco Zincal\u00e9 en la Cueva del Sacromonte\"><\/a><\/article><article class=\"gw-card\"><div class=\"gw-card__image\"><img decoding=\"async\" class=\"gw-card__photo\" src=\"https:\/\/blog.guruwalk.com\/wp-content\/uploads\/gw-products\/images\/f0eb9e0ac107f7bf1abcdfd3c73cbf3e.webp\" alt=\"Granada: Espect\u00e1culo Flamenco Los Parrones en las Cuevas del Sacromonte\" loading=\"lazy\" \/><\/div><div class=\"gw-card__body\"><h3 class=\"gw-card__title\">Granada: Espect\u00e1culo Flamenco Los Parrones en las Cuevas del Sacromonte<\/h3><div class=\"gw-card__footer\"><div class=\"gw-card__meta\"><div class=\"gw-rating\" aria-label=\"Valoraci\u00f3n 4.6 de 5\"><span class=\"gw-star gw-star--full\" aria-hidden=\"true\">\u2605<\/span><span class=\"gw-star gw-star--full\" aria-hidden=\"true\">\u2605<\/span><span class=\"gw-star gw-star--full\" aria-hidden=\"true\">\u2605<\/span><span class=\"gw-star gw-star--full\" aria-hidden=\"true\">\u2605<\/span><span class=\"gw-star gw-star--half\" aria-hidden=\"true\">\u2606<\/span><span class=\"gw-rating__count\">4,6 (41)<\/span><\/div><\/div><div class=\"gw-card__price\">Desde \u20ac17,00<\/div><\/div><\/div><a class=\"gw-card__link\" href=\"https:\/\/www.guruwalk.com\/es\/walks\/p123381-granada-espectaculo-flamenco-los-parrones-en-las-cuevas-del-sacromonte\" target=\"_blank\" rel=\"noopener\" aria-label=\"Granada: Espect\u00e1culo Flamenco Los Parrones en las Cuevas del Sacromonte\"><\/a><\/article><article class=\"gw-card\"><div class=\"gw-card__image\"><img decoding=\"async\" class=\"gw-card__photo\" src=\"https:\/\/blog.guruwalk.com\/wp-content\/uploads\/gw-products\/images\/8b66179eab9c42dbb98bb5056c9435f3.webp\" alt=\"Albaic\u00edn y Sacromonte: Tour con Espect\u00e1culo Flamenco\" loading=\"lazy\" \/><div class=\"gw-flags\" aria-label=\"Idiomas disponibles\"><span class=\"gw-flag\" title=\"ES\"><img decoding=\"async\" class=\"gw-flag-img\" src=\"https:\/\/blog.guruwalk.com\/wp-content\/uploads\/gw-products\/flags\/es.svg\" alt=\"ES\" loading=\"lazy\" width=\"22\" height=\"16\" \/><\/span><\/div><\/div><div class=\"gw-card__body\"><h3 class=\"gw-card__title\">Albaic\u00edn y Sacromonte: Tour con Espect\u00e1culo Flamenco<\/h3><div class=\"gw-card__footer\"><div class=\"gw-card__meta\"><div class=\"gw-rating\" aria-label=\"Valoraci\u00f3n 4.5 de 5\"><span class=\"gw-star gw-star--full\" aria-hidden=\"true\">\u2605<\/span><span class=\"gw-star gw-star--full\" aria-hidden=\"true\">\u2605<\/span><span class=\"gw-star gw-star--full\" aria-hidden=\"true\">\u2605<\/span><span class=\"gw-star gw-star--full\" aria-hidden=\"true\">\u2605<\/span><span class=\"gw-star gw-star--half\" aria-hidden=\"true\">\u2606<\/span><span class=\"gw-rating__count\">4,5 (94)<\/span><\/div><\/div><div class=\"gw-card__price\">Desde \u20ac22,40<\/div><\/div><\/div><a class=\"gw-card__link\" href=\"https:\/\/www.guruwalk.com\/es\/walks\/p139104-albaicin-y-sacromonte-tour-con-espectaculo-flamenco\" target=\"_blank\" rel=\"noopener\" aria-label=\"Albaic\u00edn y Sacromonte: Tour con Espect\u00e1culo Flamenco\"><\/a><\/article><article class=\"gw-card\"><div class=\"gw-card__image\"><img decoding=\"async\" class=\"gw-card__photo\" src=\"https:\/\/blog.guruwalk.com\/wp-content\/uploads\/gw-products\/images\/51754bc30b68501de90d5bb990682354.webp\" alt=\"Granada: Espect\u00e1culo flamenco en la Cueva Los Amayas, en el Sacromonte.\" loading=\"lazy\" \/><div class=\"gw-flags\" aria-label=\"Idiomas disponibles\"><span class=\"gw-flag\" title=\"EN\"><img decoding=\"async\" class=\"gw-flag-img\" src=\"https:\/\/blog.guruwalk.com\/wp-content\/uploads\/gw-products\/flags\/gb.svg\" alt=\"EN\" loading=\"lazy\" width=\"22\" height=\"16\" \/><\/span><span class=\"gw-flag\" title=\"ES\"><img decoding=\"async\" class=\"gw-flag-img\" src=\"https:\/\/blog.guruwalk.com\/wp-content\/uploads\/gw-products\/flags\/es.svg\" alt=\"ES\" loading=\"lazy\" width=\"22\" height=\"16\" \/><\/span><\/div><\/div><div class=\"gw-card__body\"><h3 class=\"gw-card__title\">Granada: Espect\u00e1culo flamenco en la Cueva Los Amayas, en el Sacromonte.<\/h3><div class=\"gw-card__footer\"><div class=\"gw-card__meta\"><div class=\"gw-rating\" aria-label=\"Valoraci\u00f3n 4.7 de 5\"><span class=\"gw-star gw-star--full\" aria-hidden=\"true\">\u2605<\/span><span class=\"gw-star gw-star--full\" aria-hidden=\"true\">\u2605<\/span><span class=\"gw-star gw-star--full\" aria-hidden=\"true\">\u2605<\/span><span class=\"gw-star gw-star--full\" aria-hidden=\"true\">\u2605<\/span><span class=\"gw-star gw-star--half\" aria-hidden=\"true\">\u2606<\/span><span class=\"gw-rating__count\">4,7 (1590)<\/span><\/div><\/div><div class=\"gw-card__price\">Desde \u20ac25,00<\/div><\/div><\/div><a class=\"gw-card__link\" href=\"https:\/\/www.guruwalk.com\/es\/walks\/p149379-granada-espectaculo-flamenco-en-la-cueva-los-amayas-en-el-sacromonte\" target=\"_blank\" rel=\"noopener\" aria-label=\"Granada: Espect\u00e1culo flamenco en la Cueva Los Amayas, en el Sacromonte.\"><\/a><\/article><\/div><div class=\"gw-vertical-link-container\"><a href=\"https:\/\/www.guruwalk.com\/es\/a\/granada\/v67832-flamenco-granada\" target=\"_blank\" rel=\"noopener\" style=\"font-weight: bold;\">+ Flamenco<\/a><\/div><\/div>\n\n<h2 class=\"wp-block-heading\" id=\"casa-chapiz-casa-zafra\">Casa del Chapiz y Casa de Zafra<\/h2>\n\n\n<p class=\"wp-block-paragraph\">La Casa del Chapiz se encuentra al final del Paseo de los Tristes, junto al inicio del Camino del Sacromonte. El inmueble pertenece al Consejo Superior de Investigaciones Cient\u00edficas y es sede de la Escuela de Estudios \u00c1rabes. La visita p\u00fablica se limita a las zonas autorizadas.<\/p>\n\n\n<p class=\"wp-block-paragraph\">El conjunto cuenta con patios, jardines y vistas hacia la Alhambra y el Albaic\u00edn. Conviene comprobar el acceso vigente antes de incluirlo en el itinerario.<\/p>\n\n\n<h3 class=\"wp-block-heading\">Casa de Zafra<\/h3>\n\n\n<p class=\"wp-block-paragraph\">La Casa de Zafra es una residencia nazar\u00ed del siglo XIV integrada posteriormente en el convento de Santa Catalina de Siena. Tras distintas restauraciones, funciona como Centro de Interpretaci\u00f3n del Albaic\u00edn.<\/p>\n\n\n<p class=\"wp-block-paragraph\">Su organizaci\u00f3n conserva rasgos de la vivienda isl\u00e1mica: acceso mediante zagu\u00e1n, patio rectangular, fuente, columnas y salas con techos de madera y decoraci\u00f3n epigr\u00e1fica.<\/p>\n\n\n<h3 class=\"wp-block-heading\">Otros lugares que visitar<\/h3>\n\n\n<ul class=\"wp-block-list\">\n<li>Arco de las Pesas y puertas hist\u00f3ricas de la muralla zir\u00ed.<\/li>\n\n\n<li>Iglesias de El Salvador y San Juan de los Reyes.<\/li>\n\n\n<li>Casa de Castril, sede del Museo Arqueol\u00f3gico de Granada.<\/li>\n\n\n<li>Casa de Porras y Casa de Yanguas.<\/li>\n\n\n<li>El Ba\u00f1uelo y otros monumentos andalus\u00edes de la Carrera del Darro.<\/li>\n<\/ul>\n\n\n<h2 class=\"wp-block-heading\" id=\"barrio-realejo\">El Realejo (barrio jud\u00edo de Granada)<\/h2>\n\n\n<figure class=\"wp-block-image size-full\"><img decoding=\"async\" width=\"1024\" height=\"683\" alt=\"Escaleras y calles del barrio del Realejo en Granada\" class=\"wp-image-9731\" src=\"https:\/\/blog.guruwalk.com\/wp-content\/uploads\/2025\/04\/image-10.jpeg\" srcset=\"https:\/\/blog.guruwalk.com\/wp-content\/uploads\/2025\/04\/image-10.jpeg 1024w, https:\/\/blog.guruwalk.com\/wp-content\/uploads\/2025\/04\/image-10-300x200.jpeg 300w, https:\/\/blog.guruwalk.com\/wp-content\/uploads\/2025\/04\/image-10-768x512.jpeg 768w\" sizes=\"(max-width: 1024px) 100vw, 1024px\" \/><figcaption class=\"wp-element-caption\">El Realejo, antiguo barrio jud\u00edo de Granada<\/figcaption><\/figure>\n\n\n<p class=\"wp-block-paragraph\">El Realejo combina calles llanas alrededor del Campo del Pr\u00edncipe con tramos escalonados hacia la Alhambra. Se asocia con la antigua Garnata al\u2011Yahud y conserva edificios de distintas \u00e9pocas, aunque los restos materiales de la comunidad jud\u00eda medieval son limitados.<\/p>\n\n\n<h3 class=\"wp-block-heading\">Free tour por el Realejo de Granada<\/h3>\n\n\n<p class=\"wp-block-paragraph\">Un recorrido por el Realejo permite relacionar el Cuarto Real de Santo Domingo, la Casa de los Tiros, el Campo del Pr\u00edncipe y el arte urbano sin repetir las rutas del Albaic\u00edn o la Alhambra.<\/p>\n\n\n<h3 class=\"wp-block-heading\">Lugares principales del Realejo<\/h3>\n\n\n<ul class=\"wp-block-list\">\n<li><strong>Patrimonio:<\/strong> Casa de los Tiros, Campo del Pr\u00edncipe y Cuarto Real de Santo Domingo.<\/li>\n\n\n<li><strong>Arte urbano:<\/strong> murales de El Ni\u00f1o de las Pinturas en distintas calles del barrio.<\/li>\n\n\n<li><strong>Gastronom\u00eda:<\/strong> bares tradicionales y restaurantes contempor\u00e1neos alrededor de sus plazas.<\/li>\n<\/ul>\n\n\n<p class=\"wp-block-paragraph\">El Cuarto Real de Santo Domingo conserva una qubba o sala de recepci\u00f3n vinculada a una antigua finca palatina nazar\u00ed. La decoraci\u00f3n de yeser\u00edas, inscripciones y motivos vegetales permite compararla con espacios posteriores de la Alhambra.<\/p>\n\n\n<p class=\"wp-block-paragraph\">El entorno cont\u00f3 con jardines, huertas y conducciones de agua. Tras diferentes cambios de propiedad y transformaciones, el Ayuntamiento adquiri\u00f3 el edificio y lo adapt\u00f3 para visitas y actividades culturales.<\/p>\n\n\n<h3 class=\"wp-block-heading\">\u00bfQu\u00e9 ver y visitar en el Realejo?<\/h3>\n\n\n<ul class=\"wp-block-list\">\n<li><strong>Casa de los Tiros:<\/strong> museo dedicado a la historia y cultura de Granada.<\/li>\n\n\n<li><strong>Carmen de los M\u00e1rtires:<\/strong> jardines y palacete pr\u00f3ximos a la Alhambra; consulta las condiciones de acceso.<\/li>\n\n\n<li><strong>Campo del Pr\u00edncipe:<\/strong> plaza central del barrio y punto \u00fatil para iniciar un recorrido a pie.<\/li>\n<\/ul>\n\n\n<h2 class=\"wp-block-heading\" id=\"como-llegar\">\u00bfC\u00f3mo llegar a Granada?<\/h2>\n\n\n<figure class=\"wp-block-image size-full\"><img decoding=\"async\" width=\"1024\" height=\"683\" alt=\"Vista panor\u00e1mica de Granada con la Alhambra al atardecer\" class=\"wp-image-9739\" src=\"https:\/\/blog.guruwalk.com\/wp-content\/uploads\/2025\/04\/image-11.jpeg\" srcset=\"https:\/\/blog.guruwalk.com\/wp-content\/uploads\/2025\/04\/image-11.jpeg 1024w, https:\/\/blog.guruwalk.com\/wp-content\/uploads\/2025\/04\/image-11-300x200.jpeg 300w, https:\/\/blog.guruwalk.com\/wp-content\/uploads\/2025\/04\/image-11-768x512.jpeg 768w\" sizes=\"(max-width: 1024px) 100vw, 1024px\" \/><figcaption class=\"wp-element-caption\">Vista panor\u00e1mica de Granada y la Alhambra<\/figcaption><\/figure>\n\n\n<p class=\"wp-block-paragraph\">Granada est\u00e1 conectada por carretera, ferrocarril, autocar y avi\u00f3n. El aeropuerto Federico Garc\u00eda Lorca Granada\u2011Ja\u00e9n se encuentra fuera del centro y dispone de transporte terrestre; comprueba los horarios correspondientes a tu vuelo.<\/p>\n\n\n<p class=\"wp-block-paragraph\">La estaci\u00f3n ferroviaria recibe servicios de alta velocidad y larga distancia desde distintas ciudades espa\u00f1olas. Para los desplazamientos urbanos, el metro ligero atraviesa el \u00e1rea metropolitana y los autobuses y microbuses cubren el centro y los barrios en pendiente. La informaci\u00f3n operativa del metro puede consultarse en la <a href=\"https:\/\/metropolitanogranada.es\/\" rel=\"nofollow noreferrer noopener\" target=\"_blank\">web oficial del Metropolitano de Granada<\/a>.<\/p>\n\n\n<p class=\"wp-block-paragraph\">Desde un alojamiento c\u00e9ntrico se llega caminando a la Catedral, Plaza Nueva, el Realejo y la Carrera del Darro. Para la Alhambra, el Albaic\u00edn, San Miguel Alto o el Sacromonte, combina los trayectos a pie con microb\u00fas seg\u00fan el desnivel y la movilidad del grupo.<\/p>\n\n\n<p class=\"wp-block-paragraph\">Si quieres completar la estancia con visitas guiadas, entradas o excursiones, consulta las <a href=\"https:\/\/www.guruwalk.com\/es\/a\/granada\" target=\"_blank\" rel=\"noopener\">actividades en Granada<\/a> y revisa disponibilidad, punto de salida y condiciones antes de reservar.<\/p>\n\n\n<h2 class=\"wp-block-heading\" id=\"preguntas-frecuentes-granada\">Preguntas frecuentes sobre Granada<\/h2>\n\n<div id=\"rank-math-faq\" class=\"rank-math-block\">\n<div class=\"rank-math-list \">\n<div id=\"faq-question-mejor-epoca-granada\" class=\"rank-math-list-item\">\n<h3 class=\"rank-math-question \">\u00bfCu\u00e1l es la mejor \u00e9poca para visitar Granada?<\/h3>\n<div class=\"rank-math-answer \">\n\n<p>Primavera y oto\u00f1o suelen ofrecer temperaturas c\u00f3modas para caminar, aunque la mejor fecha depende de la afluencia, el presupuesto y las actividades previstas.<\/p>\n\n<\/div>\n<\/div>\n<div id=\"faq-question-dias-granada\" class=\"rank-math-list-item\">\n<h3 class=\"rank-math-question \">\u00bfCu\u00e1ntos d\u00edas se necesitan para visitar Granada?<\/h3>\n<div class=\"rank-math-answer \">\n\n<p>Tres d\u00edas permiten combinar la Alhambra, el centro hist\u00f3rico, el Albaic\u00edn, el Realejo y el Sacromonte con un orden razonable.<\/p>\n\n<\/div>\n<\/div>\n<div id=\"faq-question-reserva-alhambra\" class=\"rank-math-list-item\">\n<h3 class=\"rank-math-question \">\u00bfEs necesario reservar la entrada a la Alhambra con antelaci\u00f3n?<\/h3>\n<div class=\"rank-math-answer \">\n\n<p>S\u00ed. La disponibilidad es limitada y la hora de los Palacios Nazar\u00edes condiciona la visita. No existe un plazo fijo que garantice entrada, as\u00ed que conviene consultar la venta oficial al conocer las fechas.<\/p>\n\n<\/div>\n<\/div>\n<div id=\"faq-question-tapas-granada\" class=\"rank-math-list-item\">\n<h3 class=\"rank-math-question \">\u00bfC\u00f3mo funciona el sistema de tapas en Granada?<\/h3>\n<div class=\"rank-math-answer \">\n\n<p>Muchos bares sirven una tapa con la bebida. Algunos permiten elegirla y otros aplican una secuencia propia; las condiciones cambian entre establecimientos.<\/p>\n\n<\/div>\n<\/div>\n<div id=\"faq-question-moverse-granada\" class=\"rank-math-list-item\">\n<h3 class=\"rank-math-question \">\u00bfC\u00f3mo moverse entre el centro, el Albaic\u00edn y el Sacromonte?<\/h3>\n<div class=\"rank-math-answer \">\n\n<p>El centro se recorre bien a pie. Para salvar las pendientes del Albaic\u00edn y el Sacromonte pueden utilizarse microbuses, combin\u00e1ndolos con tramos peatonales.<\/p>\n\n<\/div>\n<\/div>\n<\/div>\n<\/div>","protected":false},"excerpt":{"rendered":"<p>Gu\u00eda de Granada en tres d\u00edas por la Alhambra, el Albaic\u00edn, el Sacromonte y el Realejo, con itinerarios, accesos y tiempos orientativos.<\/p>\n","protected":false},"author":2,"featured_media":18235,"comment_status":"open","ping_status":"open","sticky":false,"template":"","format":"standard","meta":{"footnotes":""},"categories":[296,102,82],"tags":[460,359,376,362],"class_list":["post-9650","post","type-post","status-publish","format-standard","has-post-thumbnail","hentry","category-granada-es","category-espana","category-europa","tag-guias-2","tag-que-ver","tag-tier-fijo","tag-tier-1","generate-columns","tablet-grid-50","mobile-grid-100","grid-parent","grid-33"],"_links":{"self":[{"href":"https:\/\/blog.guruwalk.com\/es\/wp-json\/wp\/v2\/posts\/9650","targetHints":{"allow":["GET"]}}],"collection":[{"href":"https:\/\/blog.guruwalk.com\/es\/wp-json\/wp\/v2\/posts"}],"about":[{"href":"https:\/\/blog.guruwalk.com\/es\/wp-json\/wp\/v2\/types\/post"}],"author":[{"embeddable":true,"href":"https:\/\/blog.guruwalk.com\/es\/wp-json\/wp\/v2\/users\/2"}],"replies":[{"embeddable":true,"href":"https:\/\/blog.guruwalk.com\/es\/wp-json\/wp\/v2\/comments?post=9650"}],"version-history":[{"count":49,"href":"https:\/\/blog.guruwalk.com\/es\/wp-json\/wp\/v2\/posts\/9650\/revisions"}],"predecessor-version":[{"id":48277,"href":"https:\/\/blog.guruwalk.com\/es\/wp-json\/wp\/v2\/posts\/9650\/revisions\/48277"}],"wp:featuredmedia":[{"embeddable":true,"href":"https:\/\/blog.guruwalk.com\/es\/wp-json\/wp\/v2\/media\/18235"}],"wp:attachment":[{"href":"https:\/\/blog.guruwalk.com\/es\/wp-json\/wp\/v2\/media?parent=9650"}],"wp:term":[{"taxonomy":"category","embeddable":true,"href":"https:\/\/blog.guruwalk.com\/es\/wp-json\/wp\/v2\/categories?post=9650"},{"taxonomy":"post_tag","embeddable":true,"href":"https:\/\/blog.guruwalk.com\/es\/wp-json\/wp\/v2\/tags?post=9650"}],"curies":[{"name":"wp","href":"https:\/\/api.w.org\/{rel}","templated":true}]}}