{"id":9945,"date":"2026-08-26T15:37:26","date_gmt":"2026-08-26T14:37:26","guid":{"rendered":"https:\/\/blog.guruwalk.com\/?p=9945"},"modified":"2026-08-27T13:05:20","modified_gmt":"2026-08-27T12:05:20","slug":"que-ver-en-bruselas","status":"publish","type":"post","link":"https:\/\/blog.guruwalk.com\/es\/que-ver-en-bruselas\/","title":{"rendered":"Qu\u00e9 ver en Bruselas | Gu\u00eda de imprescindibles"},"content":{"rendered":"\n<p class=\"wp-block-paragraph\">\u00bfQu\u00e9 ver en Bruselas? La Grand Place, el Atomium y el Barrio Europeo resumen una ciudad de plazas hist\u00f3ricas, arquitectura del siglo XX, museos y cultura cervecera. Esta gu\u00eda organiza las visitas por zonas, explica cu\u00e1ndo conviene usar el transporte p\u00fablico y permite empezar a orientarse con un <a href=\"https:\/\/www.guruwalk.com\/es\/bruselas\" target=\"_blank\" rel=\"noopener\">free tour en Bruselas<\/a>.<\/p>\n\n\n\n<p style=\"font-size:0.85em;color:#666;border-left:3px solid #ddd;padding:4px 0 4px 12px;margin:12px 0\"><strong>Datos verificados: agosto 2026<\/strong> \u2014 Precios, horarios y requisitos de reserva comprobados con fuentes oficiales. Los gurus de GuruWalk en Bruselas revisaron las recomendaciones pr\u00e1cticas.<\/p>\n\n\n<div class=\"qvgw-indimg-places-grid\" id=\"qvgw-indimg-places-grid-2\" data-iib-headings=\"[{&quot;id&quot;:&quot;mejores-free-tours&quot;,&quot;position&quot;:0,&quot;title&quot;:&quot;Mejores free tours en Bruselas&quot;},{&quot;id&quot;:&quot;grand-place&quot;,&quot;position&quot;:1,&quot;title&quot;:&quot;Grand Place&quot;},{&quot;id&quot;:&quot;atomium&quot;,&quot;position&quot;:2,&quot;title&quot;:&quot;Atomium&quot;},{&quot;id&quot;:&quot;manneken-pis&quot;,&quot;position&quot;:3,&quot;title&quot;:&quot;Manneken Pis&quot;},{&quot;id&quot;:&quot;catedral-san-miguel&quot;,&quot;position&quot;:4,&quot;title&quot;:&quot;Catedral de San Miguel y Santa G\\u00fadula&quot;},{&quot;id&quot;:&quot;palacio-real&quot;,&quot;position&quot;:5,&quot;title&quot;:&quot;Palacio Real de Bruselas&quot;},{&quot;id&quot;:&quot;galerias-saint-hubert&quot;,&quot;position&quot;:6,&quot;title&quot;:&quot;Galer\\u00edas Reales Saint-Hubert&quot;},{&quot;id&quot;:&quot;mont-des-arts&quot;,&quot;position&quot;:7,&quot;title&quot;:&quot;Mont des Arts&quot;},{&quot;id&quot;:&quot;notre-dame-sablon&quot;,&quot;position&quot;:8,&quot;title&quot;:&quot;Notre Dame du Sablon&quot;},{&quot;id&quot;:&quot;mini-europe&quot;,&quot;position&quot;:9,&quot;title&quot;:&quot;Mini-Europe&quot;},{&quot;id&quot;:&quot;museo-magritte&quot;,&quot;position&quot;:10,&quot;title&quot;:&quot;Museo Magritte&quot;},{&quot;id&quot;:&quot;parlamento-europeo&quot;,&quot;position&quot;:11,&quot;title&quot;:&quot;Parlamento Europeo&quot;},{&quot;id&quot;:&quot;palacio-justicia&quot;,&quot;position&quot;:12,&quot;title&quot;:&quot;Palacio de Justicia&quot;},{&quot;id&quot;:&quot;museo-bellas-artes&quot;,&quot;position&quot;:13,&quot;title&quot;:&quot;Museo Real de Bellas Artes&quot;},{&quot;id&quot;:&quot;parque-cincuentenario&quot;,&quot;position&quot;:14,&quot;title&quot;:&quot;Parque del Cincuentenario&quot;},{&quot;id&quot;:&quot;parque-bruselas&quot;,&quot;position&quot;:15,&quot;title&quot;:&quot;Parque de Bruselas&quot;},{&quot;id&quot;:&quot;basilica-sagrado-corazon&quot;,&quot;position&quot;:16,&quot;title&quot;:&quot;Bas\\u00edlica del Sagrado Coraz\\u00f3n&quot;},{&quot;id&quot;:&quot;museo-instrumentos-musicales&quot;,&quot;position&quot;:17,&quot;title&quot;:&quot;Museo de Instrumentos Musicales&quot;},{&quot;id&quot;:&quot;museo-comic&quot;,&quot;position&quot;:18,&quot;title&quot;:&quot;Museo del C\\u00f3mic&quot;},{&quot;id&quot;:&quot;place-grand-sablon&quot;,&quot;position&quot;:19,&quot;title&quot;:&quot;Place du Grand Sablon&quot;},{&quot;id&quot;:&quot;delirium-cafe&quot;,&quot;position&quot;:20,&quot;title&quot;:&quot;Delirium Caf\\u00e9&quot;},{&quot;id&quot;:&quot;ruta-comic&quot;,&quot;position&quot;:21,&quot;title&quot;:&quot;Ruta del C\\u00f3mic&quot;},{&quot;id&quot;:&quot;place-sainte-catherine&quot;,&quot;position&quot;:22,&quot;title&quot;:&quot;Place Sainte-Catherine&quot;},{&quot;id&quot;:&quot;jeanneke-pis&quot;,&quot;position&quot;:23,&quot;title&quot;:&quot;Jeanneke Pis&quot;},{&quot;id&quot;:&quot;mercado-pulgas&quot;,&quot;position&quot;:24,&quot;title&quot;:&quot;Mercado de las Pulgas de Jeu de Balle&quot;},{&quot;id&quot;:&quot;paseo-canales&quot;,&quot;position&quot;:25,&quot;title&quot;:&quot;Paseo en barco por los canales&quot;},{&quot;id&quot;:&quot;plaza-brouckere&quot;,&quot;position&quot;:26,&quot;title&quot;:&quot;Plaza de Brouck\\u00e8re&quot;},{&quot;id&quot;:&quot;petit-sablon&quot;,&quot;position&quot;:27,&quot;title&quot;:&quot;Place du Petit Sablon&quot;},{&quot;id&quot;:&quot;horta-museum&quot;,&quot;position&quot;:28,&quot;title&quot;:&quot;Museo Horta&quot;},{&quot;id&quot;:&quot;train-world&quot;,&quot;position&quot;:29,&quot;title&quot;:&quot;Train World&quot;},{&quot;id&quot;:&quot;que-ver-en-bruselas-1-2-3-dias&quot;,&quot;position&quot;:30,&quot;title&quot;:&quot;Qu\\u00e9 ver en Bruselas en 1, 2 y 3 d\\u00edas&quot;},{&quot;id&quot;:&quot;mapa-bruselas-por-zonas&quot;,&quot;position&quot;:31,&quot;title&quot;:&quot;Mapa de Bruselas por zonas&quot;},{&quot;id&quot;:&quot;delicias-gastronomicas&quot;,&quot;position&quot;:32,&quot;title&quot;:&quot;Delicias gastron\\u00f3micas locales&quot;},{&quot;id&quot;:&quot;consejos-gastronomicos&quot;,&quot;position&quot;:33,&quot;title&quot;:&quot;Consejos Gastron\\u00f3micos&quot;},{&quot;id&quot;:&quot;preguntas-frecuentes-sobre-bruselas&quot;,&quot;position&quot;:34,&quot;title&quot;:&quot;Preguntas Frecuentes sobre Bruselas&quot;}]\"><div class=\"qvgw-indimg-places-cards\"><div class=\"qvgw-indimg-place-card\"><a href=\"#mejores-free-tours\" class=\"qvgw-indimg-place-card__content no-image\"><p class=\"qvgw-indimg-place-card__title\">1. Mejores free tours en Bruselas<\/p><span class=\"qvgw-indimg-place-card__arrow\"><svg width=\"24\" height=\"24\" viewBox=\"0 0 24 24\" fill=\"none\" stroke=\"currentColor\" stroke-width=\"2\"><path d=\"M6 9l6 6 6-6\"><\/path><\/svg><\/span><\/a><\/div><div class=\"qvgw-indimg-place-card\"><a href=\"#grand-place\" class=\"qvgw-indimg-place-card__content\"><div class=\"qvgw-indimg-place-card__image\"><img decoding=\"async\" src=\"https:\/\/blog.guruwalk.com\/wp-content\/uploads\/2026\/08\/bruselas-jardin-fuente-noche-interior-1.webp\" alt=\"Grand Place\"><\/div><p class=\"qvgw-indimg-place-card__title\">2. Grand Place<\/p><span class=\"qvgw-indimg-place-card__arrow\"><svg width=\"24\" height=\"24\" viewBox=\"0 0 24 24\" fill=\"none\" stroke=\"currentColor\" stroke-width=\"2\"><path d=\"M6 9l6 6 6-6\"><\/path><\/svg><\/span><\/a><\/div><div class=\"qvgw-indimg-place-card\"><a href=\"#atomium\" class=\"qvgw-indimg-place-card__content\"><div class=\"qvgw-indimg-place-card__image\"><img decoding=\"async\" src=\"https:\/\/blog.guruwalk.com\/wp-content\/uploads\/2026\/08\/bruselas-ayuntamiento-contrapicado-interior-2.webp\" alt=\"Atomium\"><\/div><p class=\"qvgw-indimg-place-card__title\">3. Atomium<\/p><span class=\"qvgw-indimg-place-card__arrow\"><svg width=\"24\" height=\"24\" viewBox=\"0 0 24 24\" fill=\"none\" stroke=\"currentColor\" stroke-width=\"2\"><path d=\"M6 9l6 6 6-6\"><\/path><\/svg><\/span><\/a><\/div><div class=\"qvgw-indimg-place-card\"><a href=\"#manneken-pis\" class=\"qvgw-indimg-place-card__content\"><div class=\"qvgw-indimg-place-card__image\"><img decoding=\"async\" src=\"https:\/\/blog.guruwalk.com\/wp-content\/uploads\/2025\/04\/image-24-1024x850.webp\" alt=\"Manneken Pis\"><\/div><p class=\"qvgw-indimg-place-card__title\">4. Manneken Pis<\/p><span class=\"qvgw-indimg-place-card__arrow\"><svg width=\"24\" height=\"24\" viewBox=\"0 0 24 24\" fill=\"none\" stroke=\"currentColor\" stroke-width=\"2\"><path d=\"M6 9l6 6 6-6\"><\/path><\/svg><\/span><\/a><\/div><div class=\"qvgw-indimg-place-card\"><a href=\"#catedral-san-miguel\" class=\"qvgw-indimg-place-card__content\"><div class=\"qvgw-indimg-place-card__image\"><img decoding=\"async\" src=\"https:\/\/blog.guruwalk.com\/wp-content\/uploads\/2025\/04\/image-25-1024x682.webp\" alt=\"Catedral de San Miguel y Santa G\u00fadula\"><\/div><p class=\"qvgw-indimg-place-card__title\">5. Catedral de San Miguel y Santa G\u00fadula<\/p><span class=\"qvgw-indimg-place-card__arrow\"><svg width=\"24\" height=\"24\" viewBox=\"0 0 24 24\" fill=\"none\" stroke=\"currentColor\" stroke-width=\"2\"><path d=\"M6 9l6 6 6-6\"><\/path><\/svg><\/span><\/a><\/div><div class=\"qvgw-indimg-place-card\"><a href=\"#palacio-real\" class=\"qvgw-indimg-place-card__content\"><div class=\"qvgw-indimg-place-card__image\"><img decoding=\"async\" src=\"https:\/\/blog.guruwalk.com\/wp-content\/uploads\/2025\/04\/image-26-1024x751.webp\" alt=\"Palacio Real de Bruselas\"><\/div><p class=\"qvgw-indimg-place-card__title\">6. Palacio Real de Bruselas<\/p><span class=\"qvgw-indimg-place-card__arrow\"><svg width=\"24\" height=\"24\" viewBox=\"0 0 24 24\" fill=\"none\" stroke=\"currentColor\" stroke-width=\"2\"><path d=\"M6 9l6 6 6-6\"><\/path><\/svg><\/span><\/a><\/div><div class=\"qvgw-indimg-place-card qvgw-indimg-place-card--hidden\"><a href=\"#galerias-saint-hubert\" class=\"qvgw-indimg-place-card__content\"><div class=\"qvgw-indimg-place-card__image\"><img decoding=\"async\" src=\"https:\/\/blog.guruwalk.com\/wp-content\/uploads\/2025\/04\/image-28-683x1024.webp\" alt=\"Galer\u00edas Reales Saint-Hubert\"><\/div><p class=\"qvgw-indimg-place-card__title\">7. Galer\u00edas Reales Saint-Hubert<\/p><span class=\"qvgw-indimg-place-card__arrow\"><svg width=\"24\" height=\"24\" viewBox=\"0 0 24 24\" fill=\"none\" stroke=\"currentColor\" stroke-width=\"2\"><path d=\"M6 9l6 6 6-6\"><\/path><\/svg><\/span><\/a><\/div><div class=\"qvgw-indimg-place-card qvgw-indimg-place-card--hidden\"><a href=\"#mont-des-arts\" class=\"qvgw-indimg-place-card__content\"><div class=\"qvgw-indimg-place-card__image\"><img decoding=\"async\" src=\"https:\/\/blog.guruwalk.com\/wp-content\/uploads\/2025\/04\/image-29-1024x596.webp\" alt=\"Mont des Arts\"><\/div><p class=\"qvgw-indimg-place-card__title\">8. Mont des Arts<\/p><span class=\"qvgw-indimg-place-card__arrow\"><svg width=\"24\" height=\"24\" viewBox=\"0 0 24 24\" fill=\"none\" stroke=\"currentColor\" stroke-width=\"2\"><path d=\"M6 9l6 6 6-6\"><\/path><\/svg><\/span><\/a><\/div><div class=\"qvgw-indimg-place-card qvgw-indimg-place-card--hidden\"><a href=\"#notre-dame-sablon\" class=\"qvgw-indimg-place-card__content\"><div class=\"qvgw-indimg-place-card__image\"><img decoding=\"async\" src=\"https:\/\/blog.guruwalk.com\/wp-content\/uploads\/2025\/04\/image-30-1024x682.webp\" alt=\"Notre Dame du Sablon\"><\/div><p class=\"qvgw-indimg-place-card__title\">9. Notre Dame du Sablon<\/p><span class=\"qvgw-indimg-place-card__arrow\"><svg width=\"24\" height=\"24\" viewBox=\"0 0 24 24\" fill=\"none\" stroke=\"currentColor\" stroke-width=\"2\"><path d=\"M6 9l6 6 6-6\"><\/path><\/svg><\/span><\/a><\/div><div class=\"qvgw-indimg-place-card qvgw-indimg-place-card--hidden\"><a href=\"#mini-europe\" class=\"qvgw-indimg-place-card__content\"><div class=\"qvgw-indimg-place-card__image\"><img decoding=\"async\" src=\"https:\/\/blog.guruwalk.com\/wp-content\/uploads\/2025\/04\/image-31-1024x768.webp\" alt=\"Mini-Europe\"><\/div><p class=\"qvgw-indimg-place-card__title\">10. Mini-Europe<\/p><span class=\"qvgw-indimg-place-card__arrow\"><svg width=\"24\" height=\"24\" viewBox=\"0 0 24 24\" fill=\"none\" stroke=\"currentColor\" stroke-width=\"2\"><path d=\"M6 9l6 6 6-6\"><\/path><\/svg><\/span><\/a><\/div><div class=\"qvgw-indimg-place-card qvgw-indimg-place-card--hidden\"><a href=\"#museo-magritte\" class=\"qvgw-indimg-place-card__content\"><div class=\"qvgw-indimg-place-card__image\"><img decoding=\"async\" src=\"https:\/\/blog.guruwalk.com\/wp-content\/uploads\/2025\/04\/image-32-1024x682.webp\" alt=\"Museo Magritte\"><\/div><p class=\"qvgw-indimg-place-card__title\">11. Museo Magritte<\/p><span class=\"qvgw-indimg-place-card__arrow\"><svg width=\"24\" height=\"24\" viewBox=\"0 0 24 24\" fill=\"none\" stroke=\"currentColor\" stroke-width=\"2\"><path d=\"M6 9l6 6 6-6\"><\/path><\/svg><\/span><\/a><\/div><div class=\"qvgw-indimg-place-card qvgw-indimg-place-card--hidden\"><a href=\"#parlamento-europeo\" class=\"qvgw-indimg-place-card__content\"><div class=\"qvgw-indimg-place-card__image\"><img decoding=\"async\" src=\"https:\/\/blog.guruwalk.com\/wp-content\/uploads\/2025\/04\/image-33-1024x612.webp\" alt=\"Parlamento Europeo\"><\/div><p class=\"qvgw-indimg-place-card__title\">12. Parlamento Europeo<\/p><span class=\"qvgw-indimg-place-card__arrow\"><svg width=\"24\" height=\"24\" viewBox=\"0 0 24 24\" fill=\"none\" stroke=\"currentColor\" stroke-width=\"2\"><path d=\"M6 9l6 6 6-6\"><\/path><\/svg><\/span><\/a><\/div><div class=\"qvgw-indimg-place-card qvgw-indimg-place-card--hidden\"><a href=\"#palacio-justicia\" class=\"qvgw-indimg-place-card__content\"><div class=\"qvgw-indimg-place-card__image\"><img decoding=\"async\" src=\"https:\/\/blog.guruwalk.com\/wp-content\/uploads\/2025\/04\/image-34-1024x683.webp\" alt=\"Palacio de Justicia\"><\/div><p class=\"qvgw-indimg-place-card__title\">13. Palacio de Justicia<\/p><span class=\"qvgw-indimg-place-card__arrow\"><svg width=\"24\" height=\"24\" viewBox=\"0 0 24 24\" fill=\"none\" stroke=\"currentColor\" stroke-width=\"2\"><path d=\"M6 9l6 6 6-6\"><\/path><\/svg><\/span><\/a><\/div><div class=\"qvgw-indimg-place-card qvgw-indimg-place-card--hidden\"><a href=\"#museo-bellas-artes\" class=\"qvgw-indimg-place-card__content\"><div class=\"qvgw-indimg-place-card__image\"><img decoding=\"async\" src=\"https:\/\/blog.guruwalk.com\/wp-content\/uploads\/2025\/04\/image-35-1024x897.webp\" alt=\"Museo Real de Bellas Artes\"><\/div><p class=\"qvgw-indimg-place-card__title\">14. Museo Real de Bellas Artes<\/p><span class=\"qvgw-indimg-place-card__arrow\"><svg width=\"24\" height=\"24\" viewBox=\"0 0 24 24\" fill=\"none\" stroke=\"currentColor\" stroke-width=\"2\"><path d=\"M6 9l6 6 6-6\"><\/path><\/svg><\/span><\/a><\/div><div class=\"qvgw-indimg-place-card qvgw-indimg-place-card--hidden\"><a href=\"#parque-cincuentenario\" class=\"qvgw-indimg-place-card__content\"><div class=\"qvgw-indimg-place-card__image\"><img decoding=\"async\" src=\"https:\/\/blog.guruwalk.com\/wp-content\/uploads\/2025\/04\/image-36-1024x798.webp\" alt=\"Parque del Cincuentenario\"><\/div><p class=\"qvgw-indimg-place-card__title\">15. Parque del Cincuentenario<\/p><span class=\"qvgw-indimg-place-card__arrow\"><svg width=\"24\" height=\"24\" viewBox=\"0 0 24 24\" fill=\"none\" stroke=\"currentColor\" stroke-width=\"2\"><path d=\"M6 9l6 6 6-6\"><\/path><\/svg><\/span><\/a><\/div><div class=\"qvgw-indimg-place-card qvgw-indimg-place-card--hidden\"><a href=\"#parque-bruselas\" class=\"qvgw-indimg-place-card__content\"><div class=\"qvgw-indimg-place-card__image\"><img decoding=\"async\" src=\"https:\/\/blog.guruwalk.com\/wp-content\/uploads\/2025\/04\/parque-de-bruselas-1024x683.webp\" alt=\"Parque de Bruselas\"><\/div><p class=\"qvgw-indimg-place-card__title\">16. Parque de Bruselas<\/p><span class=\"qvgw-indimg-place-card__arrow\"><svg width=\"24\" height=\"24\" viewBox=\"0 0 24 24\" fill=\"none\" stroke=\"currentColor\" stroke-width=\"2\"><path d=\"M6 9l6 6 6-6\"><\/path><\/svg><\/span><\/a><\/div><div class=\"qvgw-indimg-place-card qvgw-indimg-place-card--hidden\"><a href=\"#basilica-sagrado-corazon\" class=\"qvgw-indimg-place-card__content\"><div class=\"qvgw-indimg-place-card__image\"><img decoding=\"async\" src=\"https:\/\/blog.guruwalk.com\/wp-content\/uploads\/2025\/04\/Basilica-del-Sagrado-Corazon-bruselas-1024x683.webp\" alt=\"Bas\u00edlica del Sagrado Coraz\u00f3n\"><\/div><p class=\"qvgw-indimg-place-card__title\">17. Bas\u00edlica del Sagrado Coraz\u00f3n<\/p><span class=\"qvgw-indimg-place-card__arrow\"><svg width=\"24\" height=\"24\" viewBox=\"0 0 24 24\" fill=\"none\" stroke=\"currentColor\" stroke-width=\"2\"><path d=\"M6 9l6 6 6-6\"><\/path><\/svg><\/span><\/a><\/div><div class=\"qvgw-indimg-place-card qvgw-indimg-place-card--hidden\"><a href=\"#museo-instrumentos-musicales\" class=\"qvgw-indimg-place-card__content\"><div class=\"qvgw-indimg-place-card__image\"><img decoding=\"async\" src=\"https:\/\/blog.guruwalk.com\/wp-content\/uploads\/2025\/04\/image-39-1024x681.webp\" alt=\"Museo de Instrumentos Musicales\"><\/div><p class=\"qvgw-indimg-place-card__title\">18. Museo de Instrumentos Musicales<\/p><span class=\"qvgw-indimg-place-card__arrow\"><svg width=\"24\" height=\"24\" viewBox=\"0 0 24 24\" fill=\"none\" stroke=\"currentColor\" stroke-width=\"2\"><path d=\"M6 9l6 6 6-6\"><\/path><\/svg><\/span><\/a><\/div><div class=\"qvgw-indimg-place-card qvgw-indimg-place-card--hidden\"><a href=\"#museo-comic\" class=\"qvgw-indimg-place-card__content\"><div class=\"qvgw-indimg-place-card__image\"><img decoding=\"async\" src=\"https:\/\/blog.guruwalk.com\/wp-content\/uploads\/2025\/04\/museo-comic-bruselas-1024x683.webp\" alt=\"Museo del C\u00f3mic\"><\/div><p class=\"qvgw-indimg-place-card__title\">19. Museo del C\u00f3mic<\/p><span class=\"qvgw-indimg-place-card__arrow\"><svg width=\"24\" height=\"24\" viewBox=\"0 0 24 24\" fill=\"none\" stroke=\"currentColor\" stroke-width=\"2\"><path d=\"M6 9l6 6 6-6\"><\/path><\/svg><\/span><\/a><\/div><div class=\"qvgw-indimg-place-card qvgw-indimg-place-card--hidden\"><a href=\"#place-grand-sablon\" class=\"qvgw-indimg-place-card__content\"><div class=\"qvgw-indimg-place-card__image\"><img decoding=\"async\" src=\"https:\/\/blog.guruwalk.com\/wp-content\/uploads\/2025\/04\/image-40-1024x682.webp\" alt=\"Place du Grand Sablon\"><\/div><p class=\"qvgw-indimg-place-card__title\">20. Place du Grand Sablon<\/p><span class=\"qvgw-indimg-place-card__arrow\"><svg width=\"24\" height=\"24\" viewBox=\"0 0 24 24\" fill=\"none\" stroke=\"currentColor\" stroke-width=\"2\"><path d=\"M6 9l6 6 6-6\"><\/path><\/svg><\/span><\/a><\/div><div class=\"qvgw-indimg-place-card qvgw-indimg-place-card--hidden\"><a href=\"#delirium-cafe\" class=\"qvgw-indimg-place-card__content\"><div class=\"qvgw-indimg-place-card__image\"><img decoding=\"async\" src=\"https:\/\/blog.guruwalk.com\/wp-content\/uploads\/2025\/04\/image-41-1024x681.webp\" alt=\"Delirium Caf\u00e9\"><\/div><p class=\"qvgw-indimg-place-card__title\">21. Delirium Caf\u00e9<\/p><span class=\"qvgw-indimg-place-card__arrow\"><svg width=\"24\" height=\"24\" viewBox=\"0 0 24 24\" fill=\"none\" stroke=\"currentColor\" stroke-width=\"2\"><path d=\"M6 9l6 6 6-6\"><\/path><\/svg><\/span><\/a><\/div><div class=\"qvgw-indimg-place-card qvgw-indimg-place-card--hidden\"><a href=\"#ruta-comic\" class=\"qvgw-indimg-place-card__content\"><div class=\"qvgw-indimg-place-card__image\"><img decoding=\"async\" src=\"https:\/\/blog.guruwalk.com\/wp-content\/uploads\/2025\/04\/image-42-768x1024.webp\" alt=\"Ruta del C\u00f3mic\"><\/div><p class=\"qvgw-indimg-place-card__title\">22. Ruta del C\u00f3mic<\/p><span class=\"qvgw-indimg-place-card__arrow\"><svg width=\"24\" height=\"24\" viewBox=\"0 0 24 24\" fill=\"none\" stroke=\"currentColor\" stroke-width=\"2\"><path d=\"M6 9l6 6 6-6\"><\/path><\/svg><\/span><\/a><\/div><div class=\"qvgw-indimg-place-card qvgw-indimg-place-card--hidden\"><a href=\"#place-sainte-catherine\" class=\"qvgw-indimg-place-card__content\"><div class=\"qvgw-indimg-place-card__image\"><img decoding=\"async\" src=\"https:\/\/blog.guruwalk.com\/wp-content\/uploads\/2025\/04\/image-43-1024x686.webp\" alt=\"Place Sainte-Catherine\"><\/div><p class=\"qvgw-indimg-place-card__title\">23. Place Sainte-Catherine<\/p><span class=\"qvgw-indimg-place-card__arrow\"><svg width=\"24\" height=\"24\" viewBox=\"0 0 24 24\" fill=\"none\" stroke=\"currentColor\" stroke-width=\"2\"><path d=\"M6 9l6 6 6-6\"><\/path><\/svg><\/span><\/a><\/div><div class=\"qvgw-indimg-place-card qvgw-indimg-place-card--hidden\"><a href=\"#jeanneke-pis\" class=\"qvgw-indimg-place-card__content\"><div class=\"qvgw-indimg-place-card__image\"><img decoding=\"async\" src=\"https:\/\/blog.guruwalk.com\/wp-content\/uploads\/2025\/04\/image-44.webp\" alt=\"Jeanneke Pis\"><\/div><p class=\"qvgw-indimg-place-card__title\">24. Jeanneke Pis<\/p><span class=\"qvgw-indimg-place-card__arrow\"><svg width=\"24\" height=\"24\" viewBox=\"0 0 24 24\" fill=\"none\" stroke=\"currentColor\" stroke-width=\"2\"><path d=\"M6 9l6 6 6-6\"><\/path><\/svg><\/span><\/a><\/div><div class=\"qvgw-indimg-place-card qvgw-indimg-place-card--hidden\"><a href=\"#mercado-pulgas\" class=\"qvgw-indimg-place-card__content\"><div class=\"qvgw-indimg-place-card__image\"><img decoding=\"async\" src=\"https:\/\/blog.guruwalk.com\/wp-content\/uploads\/2025\/04\/image-45-1024x768.webp\" alt=\"Mercado de las Pulgas de Jeu de Balle\"><\/div><p class=\"qvgw-indimg-place-card__title\">25. Mercado de las Pulgas de Jeu de Balle<\/p><span class=\"qvgw-indimg-place-card__arrow\"><svg width=\"24\" height=\"24\" viewBox=\"0 0 24 24\" fill=\"none\" stroke=\"currentColor\" stroke-width=\"2\"><path d=\"M6 9l6 6 6-6\"><\/path><\/svg><\/span><\/a><\/div><div class=\"qvgw-indimg-place-card qvgw-indimg-place-card--hidden\"><a href=\"#paseo-canales\" class=\"qvgw-indimg-place-card__content\"><div class=\"qvgw-indimg-place-card__image\"><img decoding=\"async\" src=\"https:\/\/blog.guruwalk.com\/wp-content\/uploads\/2025\/04\/image-46-683x1024.webp\" alt=\"Paseo en barco por los canales\"><\/div><p class=\"qvgw-indimg-place-card__title\">26. Paseo en barco por los canales<\/p><span class=\"qvgw-indimg-place-card__arrow\"><svg width=\"24\" height=\"24\" viewBox=\"0 0 24 24\" fill=\"none\" stroke=\"currentColor\" stroke-width=\"2\"><path d=\"M6 9l6 6 6-6\"><\/path><\/svg><\/span><\/a><\/div><div class=\"qvgw-indimg-place-card qvgw-indimg-place-card--hidden\"><a href=\"#plaza-brouckere\" class=\"qvgw-indimg-place-card__content\"><div class=\"qvgw-indimg-place-card__image\"><img decoding=\"async\" src=\"https:\/\/blog.guruwalk.com\/wp-content\/uploads\/2025\/04\/image-47-1024x768.webp\" alt=\"Plaza de Brouck\u00e8re\"><\/div><p class=\"qvgw-indimg-place-card__title\">27. Plaza de Brouck\u00e8re<\/p><span class=\"qvgw-indimg-place-card__arrow\"><svg width=\"24\" height=\"24\" viewBox=\"0 0 24 24\" fill=\"none\" stroke=\"currentColor\" stroke-width=\"2\"><path d=\"M6 9l6 6 6-6\"><\/path><\/svg><\/span><\/a><\/div><div class=\"qvgw-indimg-place-card qvgw-indimg-place-card--hidden\"><a href=\"#petit-sablon\" class=\"qvgw-indimg-place-card__content\"><div class=\"qvgw-indimg-place-card__image\"><img decoding=\"async\" src=\"https:\/\/blog.guruwalk.com\/wp-content\/uploads\/2025\/10\/comida-dessert-baked-goods-cake-waffle-1024x683.webp\" alt=\"Place du Petit Sablon\"><\/div><p class=\"qvgw-indimg-place-card__title\">28. Place du Petit Sablon<\/p><span class=\"qvgw-indimg-place-card__arrow\"><svg width=\"24\" height=\"24\" viewBox=\"0 0 24 24\" fill=\"none\" stroke=\"currentColor\" stroke-width=\"2\"><path d=\"M6 9l6 6 6-6\"><\/path><\/svg><\/span><\/a><\/div><div class=\"qvgw-indimg-place-card qvgw-indimg-place-card--hidden\"><a href=\"#horta-museum\" class=\"qvgw-indimg-place-card__content\"><div class=\"qvgw-indimg-place-card__image\"><img decoding=\"async\" src=\"https:\/\/blog.guruwalk.com\/wp-content\/uploads\/2025\/10\/museo-horta-bruselas-1024x683.webp\" alt=\"Museo Horta\"><\/div><p class=\"qvgw-indimg-place-card__title\">29. Museo Horta<\/p><span class=\"qvgw-indimg-place-card__arrow\"><svg width=\"24\" height=\"24\" viewBox=\"0 0 24 24\" fill=\"none\" stroke=\"currentColor\" stroke-width=\"2\"><path d=\"M6 9l6 6 6-6\"><\/path><\/svg><\/span><\/a><\/div><div class=\"qvgw-indimg-place-card qvgw-indimg-place-card--hidden\"><a href=\"#train-world\" class=\"qvgw-indimg-place-card__content\"><div class=\"qvgw-indimg-place-card__image\"><img decoding=\"async\" src=\"https:\/\/blog.guruwalk.com\/wp-content\/uploads\/2025\/10\/machine-train-vehicle-train-real-structure-1024x683.webp\" alt=\"Train World\"><\/div><p class=\"qvgw-indimg-place-card__title\">30. Train World<\/p><span class=\"qvgw-indimg-place-card__arrow\"><svg width=\"24\" height=\"24\" viewBox=\"0 0 24 24\" fill=\"none\" stroke=\"currentColor\" stroke-width=\"2\"><path d=\"M6 9l6 6 6-6\"><\/path><\/svg><\/span><\/a><\/div><div class=\"qvgw-indimg-place-card qvgw-indimg-place-card--hidden\"><a href=\"#que-ver-en-bruselas-1-2-3-dias\" class=\"qvgw-indimg-place-card__content no-image\"><p class=\"qvgw-indimg-place-card__title\">31. Qu\u00e9 ver en Bruselas en 1, 2 y 3 d\u00edas<\/p><span class=\"qvgw-indimg-place-card__arrow\"><svg width=\"24\" height=\"24\" viewBox=\"0 0 24 24\" fill=\"none\" stroke=\"currentColor\" stroke-width=\"2\"><path d=\"M6 9l6 6 6-6\"><\/path><\/svg><\/span><\/a><\/div><div class=\"qvgw-indimg-place-card qvgw-indimg-place-card--hidden\"><a href=\"#mapa-bruselas-por-zonas\" class=\"qvgw-indimg-place-card__content no-image\"><p class=\"qvgw-indimg-place-card__title\">32. Mapa de Bruselas por zonas<\/p><span class=\"qvgw-indimg-place-card__arrow\"><svg width=\"24\" height=\"24\" viewBox=\"0 0 24 24\" fill=\"none\" stroke=\"currentColor\" stroke-width=\"2\"><path d=\"M6 9l6 6 6-6\"><\/path><\/svg><\/span><\/a><\/div><div class=\"qvgw-indimg-place-card qvgw-indimg-place-card--hidden\"><a href=\"#delicias-gastronomicas\" class=\"qvgw-indimg-place-card__content\"><div class=\"qvgw-indimg-place-card__image\"><img decoding=\"async\" src=\"https:\/\/blog.guruwalk.com\/wp-content\/uploads\/2025\/04\/image-48-1024x706.webp\" alt=\"Delicias gastron\u00f3micas locales\"><\/div><p class=\"qvgw-indimg-place-card__title\">33. Delicias gastron\u00f3micas locales<\/p><span class=\"qvgw-indimg-place-card__arrow\"><svg width=\"24\" height=\"24\" viewBox=\"0 0 24 24\" fill=\"none\" stroke=\"currentColor\" stroke-width=\"2\"><path d=\"M6 9l6 6 6-6\"><\/path><\/svg><\/span><\/a><\/div><div class=\"qvgw-indimg-place-card qvgw-indimg-place-card--hidden\"><a href=\"#consejos-gastronomicos\" class=\"qvgw-indimg-place-card__content no-image\"><p class=\"qvgw-indimg-place-card__title\">34. Consejos Gastron\u00f3micos<\/p><span class=\"qvgw-indimg-place-card__arrow\"><svg width=\"24\" height=\"24\" viewBox=\"0 0 24 24\" fill=\"none\" stroke=\"currentColor\" stroke-width=\"2\"><path d=\"M6 9l6 6 6-6\"><\/path><\/svg><\/span><\/a><\/div><div class=\"qvgw-indimg-place-card qvgw-indimg-place-card--hidden\"><a href=\"#preguntas-frecuentes-sobre-bruselas\" class=\"qvgw-indimg-place-card__content no-image\"><p class=\"qvgw-indimg-place-card__title\">35. Preguntas Frecuentes sobre Bruselas<\/p><span class=\"qvgw-indimg-place-card__arrow\"><svg width=\"24\" height=\"24\" viewBox=\"0 0 24 24\" fill=\"none\" stroke=\"currentColor\" stroke-width=\"2\"><path d=\"M6 9l6 6 6-6\"><\/path><\/svg><\/span><\/a><\/div><\/div><button class=\"qvgw-indimg-places-expand\" data-action=\"expand\" aria-expanded=\"false\">Ver m\u00e1s<\/button><\/div>\n\n\n<h2 class=\"wp-block-heading\" id=\"mejores-free-tours\">Mejores free tours en Bruselas<\/h2>\n\n\n\n<p class=\"wp-block-paragraph\">Un <a href=\"https:\/\/www.guruwalk.com\/es\/bruselas\" target=\"_blank\" rel=\"noopener\">free tour en Bruselas<\/a> es una forma pr\u00e1ctica de comenzar la visita, situar la Grand Place y entender c\u00f3mo se conectan el centro hist\u00f3rico y sus barrios. El punto y la hora exactos aparecen en la confirmaci\u00f3n de cada reserva.<\/p>\n\n\n\n<p class=\"wp-block-paragraph\">Lleva calzado c\u00f3modo, agua y algo de efectivo. La aportaci\u00f3n depende de la experiencia y del presupuesto de cada viajero: como referencia, suele estar entre 10 y 20 \u20ac por persona y puede llegar hasta 50 \u20ac. Despu\u00e9s del recorrido puedes continuar por Sablon, Sainte-Catherine o Marolles.<\/p>\n\n\n<div class=\"gw-freetours-container\"><div class=\"gw-freetours-carousel\"><div class=\"gw-freetours-track\"><div class=\"gw-freetours-card\" data-tour-id=\"38534\"><button type=\"button\" class=\"gw-freetours-image-link\" data-dest=\"https:\/\/www.guruwalk.com\/es\/walks\/38534-free-tour-bruselas-el-imprescindible-y-descuento-para-el-museo-de-la-cerveza\" role=\"link\" aria-label=\"\ud83c\udf96FREE TOUR BRUSELAS \u2b50EL IMPRESCINDIBLE Y DESCUENTO PARA EL MUSEO DE LA CERVEZA\u2b50\"><div class=\"gw-freetours-image\"><img decoding=\"async\" class=\"gw-freetours-photo\" src=\"https:\/\/blog.guruwalk.com\/wp-content\/uploads\/gw-freetours-cache\/38534-36fe2bc559d79cf192628c8080822bd8.jpg\" alt=\"\ud83c\udf96FREE TOUR BRUSELAS \u2b50EL IMPRESCINDIBLE Y DESCUENTO PARA EL MUSEO DE LA CERVEZA\u2b50\" loading=\"lazy\" \/><div class=\"gw-freetours-flags\"><img decoding=\"async\" src=\"https:\/\/blog.guruwalk.com\/wp-content\/gurupluginswalk\/wp-gw-freetours\/assets\/flags\/es.svg\" alt=\"es\" class=\"gw-freetours-flag\" \/><\/div><\/div><\/button><div class=\"gw-freetours-content\"><h4 class=\"gw-freetours-title\"><button type=\"button\" class=\"gw-freetours-title-link\" data-dest=\"https:\/\/www.guruwalk.com\/es\/walks\/38534-free-tour-bruselas-el-imprescindible-y-descuento-para-el-museo-de-la-cerveza\" role=\"link\">\ud83c\udf96FREE TOUR BRUSELAS \u2b50EL IMPRESCINDIBLE Y DESCUENTO PARA EL MUSEO DE LA CERVEZA\u2b50<\/button><\/h4><div class=\"gw-freetours-meta-top\"><span class=\"gw-freetours-duration\"><svg width=\"16\" height=\"16\" viewBox=\"0 0 24 24\" fill=\"none\" stroke=\"currentColor\" stroke-width=\"2\"><circle cx=\"12\" cy=\"12\" r=\"10\"\/><polyline points=\"12,6 12,12 16,14\"\/><\/svg>2:15<\/span><button class=\"gw-freetours-map-btn\" data-lat=\"50.847022\" data-lng=\"4.352729\" data-address=\"Grand Place 29, 1000 Bruxelles, B\u00e9lgica\" data-instructions=\"Estaremos en la Grand Pla\u00e7e, con nuestro paraguas azul con el mapa del mundo.\"><svg width=\"16\" height=\"16\" viewBox=\"0 0 24 24\" fill=\"none\" stroke=\"currentColor\" stroke-width=\"2\"><path d=\"M21 10c0 7-9 13-9 13s-9-6-9-13a9 9 0 0 1 18 0z\"\/><circle cx=\"12\" cy=\"10\" r=\"3\"\/><\/svg><\/button><\/div><p class=\"gw-freetours-description\">\u00a0 \u00a1Descubre Bruselas con Mundistour! La mejor opci\u00f3n para viajeros que desean explorar la ciudad de manera aut\u00e9ntic&#8230;<\/p><div class=\"gw-freetours-author\"><span class=\"gw-freetours-author-link\"><img decoding=\"async\" src=\"https:\/\/media.guruwalk.com\/wqj2koovrn4gsa31akypus0qk3tr\" alt=\"Mundistour\" class=\"gw-freetours-author-avatar\" \/><span class=\"gw-freetours-author-name\">Mundistour<\/span><\/span><\/div><div class=\"gw-freetours-rating-container\"><div class=\"gw-freetours-rating\" aria-label=\"Valoraci\u00f3n 4.8 de 5\"><span class=\"gw-freetours-star gw-freetours-star--full\" aria-hidden=\"true\">\u2605<\/span><span class=\"gw-freetours-star gw-freetours-star--full\" aria-hidden=\"true\">\u2605<\/span><span class=\"gw-freetours-star gw-freetours-star--full\" aria-hidden=\"true\">\u2605<\/span><span class=\"gw-freetours-star gw-freetours-star--full\" aria-hidden=\"true\">\u2605<\/span><span class=\"gw-freetours-star gw-freetours-star--half\" aria-hidden=\"true\">\u2606<\/span><span class=\"gw-freetours-rating__count\">4,8 (2345)<\/span><\/div><\/div><\/div><\/div><div class=\"gw-freetours-card\" data-tour-id=\"63250\"><button type=\"button\" class=\"gw-freetours-image-link\" data-dest=\"https:\/\/www.guruwalk.com\/es\/walks\/63250-free-tour-de-cervezas-por-bruselas-degustacion-guia-de-cervezas\" role=\"link\" aria-label=\"\ud83c\udf7b FREE TOUR de CERVEZAS por BRUSELAS + \ud83c\udf7aDegustacion* + Guia de Cervezas \ud83e\udd29\"><div class=\"gw-freetours-image\"><img decoding=\"async\" class=\"gw-freetours-photo\" src=\"https:\/\/blog.guruwalk.com\/wp-content\/uploads\/gw-freetours-cache\/63250-817af593e52e7fcc2a5f9d6e47ecf55c.jpg\" alt=\"\ud83c\udf7b FREE TOUR de CERVEZAS por BRUSELAS + \ud83c\udf7aDegustacion* + Guia de Cervezas \ud83e\udd29\" loading=\"lazy\" \/><div class=\"gw-freetours-flags\"><img decoding=\"async\" src=\"https:\/\/blog.guruwalk.com\/wp-content\/gurupluginswalk\/wp-gw-freetours\/assets\/flags\/en.svg\" alt=\"en\" class=\"gw-freetours-flag\" \/><img decoding=\"async\" src=\"https:\/\/blog.guruwalk.com\/wp-content\/gurupluginswalk\/wp-gw-freetours\/assets\/flags\/es.svg\" alt=\"es\" class=\"gw-freetours-flag\" \/><img decoding=\"async\" src=\"https:\/\/blog.guruwalk.com\/wp-content\/gurupluginswalk\/wp-gw-freetours\/assets\/flags\/pt.svg\" alt=\"pt\" class=\"gw-freetours-flag\" \/><\/div><\/div><\/button><div class=\"gw-freetours-content\"><h4 class=\"gw-freetours-title\"><button type=\"button\" class=\"gw-freetours-title-link\" data-dest=\"https:\/\/www.guruwalk.com\/es\/walks\/63250-free-tour-de-cervezas-por-bruselas-degustacion-guia-de-cervezas\" role=\"link\">\ud83c\udf7b FREE TOUR de CERVEZAS por BRUSELAS + \ud83c\udf7aDegustacion* + Guia de Cervezas \ud83e\udd29<\/button><\/h4><div class=\"gw-freetours-meta-top\"><span class=\"gw-freetours-duration\"><svg width=\"16\" height=\"16\" viewBox=\"0 0 24 24\" fill=\"none\" stroke=\"currentColor\" stroke-width=\"2\"><circle cx=\"12\" cy=\"12\" r=\"10\"\/><polyline points=\"12,6 12,12 16,14\"\/><\/svg>2:00<\/span><button class=\"gw-freetours-map-btn\" data-lat=\"50.846789\" data-lng=\"4.352436\" data-address=\"Grote Markt, Brussels, Belgium\" data-instructions=\"Te espero frente al Ayuntamiento de la ciudad (en la oficina del turismo) con un paraguas color amarillo y blanco de cervezas sobre el mismo!\"><svg width=\"16\" height=\"16\" viewBox=\"0 0 24 24\" fill=\"none\" stroke=\"currentColor\" stroke-width=\"2\"><path d=\"M21 10c0 7-9 13-9 13s-9-6-9-13a9 9 0 0 1 18 0z\"\/><circle cx=\"12\" cy=\"10\" r=\"3\"\/><\/svg><\/button><\/div><p class=\"gw-freetours-description\">\u00a1Descubre por qu\u00e9 B\u00e9lgica es la cuna de las mejores cervezas del mundo! \u00a0 \u00danete a nuestro<\/p><div class=\"gw-freetours-author\"><span class=\"gw-freetours-author-link\"><img decoding=\"async\" src=\"https:\/\/media.guruwalk.com\/77xm6ouqaiv81pbnntz8shgvmoch\" alt=\"Belgium Tour\" class=\"gw-freetours-author-avatar\" \/><span class=\"gw-freetours-author-name\">Belgium Tour<\/span><\/span><\/div><div class=\"gw-freetours-rating-container\"><div class=\"gw-freetours-rating\" aria-label=\"Valoraci\u00f3n 4.8 de 5\"><span class=\"gw-freetours-star gw-freetours-star--full\" aria-hidden=\"true\">\u2605<\/span><span class=\"gw-freetours-star gw-freetours-star--full\" aria-hidden=\"true\">\u2605<\/span><span class=\"gw-freetours-star gw-freetours-star--full\" aria-hidden=\"true\">\u2605<\/span><span class=\"gw-freetours-star gw-freetours-star--full\" aria-hidden=\"true\">\u2605<\/span><span class=\"gw-freetours-star gw-freetours-star--half\" aria-hidden=\"true\">\u2606<\/span><span class=\"gw-freetours-rating__count\">4,8 (84)<\/span><\/div><\/div><\/div><\/div><div class=\"gw-freetours-card\" data-tour-id=\"38577\"><button type=\"button\" class=\"gw-freetours-image-link\" data-dest=\"https:\/\/www.guruwalk.com\/es\/walks\/38577-free-tour-bruselas-barrio-europeo\" role=\"link\" aria-label=\"Free tour Bruselas Barrio Europeo\"><div class=\"gw-freetours-image\"><img decoding=\"async\" class=\"gw-freetours-photo\" src=\"https:\/\/blog.guruwalk.com\/wp-content\/uploads\/gw-freetours-cache\/38577-0498c7d2a42b8794234864dff074c9f0.jpg\" alt=\"Free tour Bruselas Barrio Europeo\" loading=\"lazy\" \/><div class=\"gw-freetours-flags\"><img decoding=\"async\" src=\"https:\/\/blog.guruwalk.com\/wp-content\/gurupluginswalk\/wp-gw-freetours\/assets\/flags\/es.svg\" alt=\"es\" class=\"gw-freetours-flag\" \/><\/div><\/div><\/button><div class=\"gw-freetours-content\"><h4 class=\"gw-freetours-title\"><button type=\"button\" class=\"gw-freetours-title-link\" data-dest=\"https:\/\/www.guruwalk.com\/es\/walks\/38577-free-tour-bruselas-barrio-europeo\" role=\"link\">Free tour Bruselas Barrio Europeo<\/button><\/h4><div class=\"gw-freetours-meta-top\"><span class=\"gw-freetours-duration\"><svg width=\"16\" height=\"16\" viewBox=\"0 0 24 24\" fill=\"none\" stroke=\"currentColor\" stroke-width=\"2\"><circle cx=\"12\" cy=\"12\" r=\"10\"\/><polyline points=\"12,6 12,12 16,14\"\/><\/svg>2:15<\/span><button class=\"gw-freetours-map-btn\" data-lat=\"50.842424\" data-lng=\"4.359347\" data-address=\"Pl. Royale, 1000 Bruxelles, B\u00e9lgica\" data-instructions=\"Nos encontrar\u00e1 en la Plaza Real de Bruselas junto a la escultura de Godofredo de Bouillon con nuestro paraguas azul con el mapamundi dibujado.\"><svg width=\"16\" height=\"16\" viewBox=\"0 0 24 24\" fill=\"none\" stroke=\"currentColor\" stroke-width=\"2\"><path d=\"M21 10c0 7-9 13-9 13s-9-6-9-13a9 9 0 0 1 18 0z\"\/><circle cx=\"12\" cy=\"10\" r=\"3\"\/><\/svg><\/button><\/div><p class=\"gw-freetours-description\">Descubre con nosotros la historia y todos los secretos de la UE en su capital. Mundistour te invita a unir&#8230;<\/p><div class=\"gw-freetours-author\"><span class=\"gw-freetours-author-link\"><img decoding=\"async\" src=\"https:\/\/media.guruwalk.com\/wqj2koovrn4gsa31akypus0qk3tr\" alt=\"Mundistour\" class=\"gw-freetours-author-avatar\" \/><span class=\"gw-freetours-author-name\">Mundistour<\/span><\/span><\/div><div class=\"gw-freetours-rating-container\"><div class=\"gw-freetours-rating\" aria-label=\"Valoraci\u00f3n 4.6 de 5\"><span class=\"gw-freetours-star gw-freetours-star--full\" aria-hidden=\"true\">\u2605<\/span><span class=\"gw-freetours-star gw-freetours-star--full\" aria-hidden=\"true\">\u2605<\/span><span class=\"gw-freetours-star gw-freetours-star--full\" aria-hidden=\"true\">\u2605<\/span><span class=\"gw-freetours-star gw-freetours-star--full\" aria-hidden=\"true\">\u2605<\/span><span class=\"gw-freetours-star gw-freetours-star--half\" aria-hidden=\"true\">\u2606<\/span><span class=\"gw-freetours-rating__count\">4,6 (326)<\/span><\/div><\/div><\/div><\/div><div class=\"gw-freetours-card\" data-tour-id=\"36515\"><button type=\"button\" class=\"gw-freetours-image-link\" data-dest=\"https:\/\/www.guruwalk.com\/es\/walks\/36515-tour-gratis-bruselas-guia-local-secretos-reales\" role=\"link\" aria-label=\"\ud83e\udd47 Tour Gratis Bruselas \u2b50 Gu\u00eda local + secretos reales\"><div class=\"gw-freetours-image\"><img decoding=\"async\" class=\"gw-freetours-photo\" src=\"https:\/\/blog.guruwalk.com\/wp-content\/uploads\/gw-freetours-cache\/36515-911405b68f1049852ee2d9011166a0e3.jpg\" alt=\"\ud83e\udd47 Tour Gratis Bruselas \u2b50 Gu\u00eda local + secretos reales\" loading=\"lazy\" \/><div class=\"gw-freetours-flags\"><img decoding=\"async\" src=\"https:\/\/blog.guruwalk.com\/wp-content\/gurupluginswalk\/wp-gw-freetours\/assets\/flags\/en.svg\" alt=\"en\" class=\"gw-freetours-flag\" \/><img decoding=\"async\" src=\"https:\/\/blog.guruwalk.com\/wp-content\/gurupluginswalk\/wp-gw-freetours\/assets\/flags\/es.svg\" alt=\"es\" class=\"gw-freetours-flag\" \/><img decoding=\"async\" src=\"https:\/\/blog.guruwalk.com\/wp-content\/gurupluginswalk\/wp-gw-freetours\/assets\/flags\/it.svg\" alt=\"it\" class=\"gw-freetours-flag\" \/><\/div><\/div><\/button><div class=\"gw-freetours-content\"><h4 class=\"gw-freetours-title\"><button type=\"button\" class=\"gw-freetours-title-link\" data-dest=\"https:\/\/www.guruwalk.com\/es\/walks\/36515-tour-gratis-bruselas-guia-local-secretos-reales\" role=\"link\">\ud83e\udd47 Tour Gratis Bruselas \u2b50 Gu\u00eda local + secretos reales<\/button><\/h4><div class=\"gw-freetours-meta-top\"><span class=\"gw-freetours-duration\"><svg width=\"16\" height=\"16\" viewBox=\"0 0 24 24\" fill=\"none\" stroke=\"currentColor\" stroke-width=\"2\"><circle cx=\"12\" cy=\"12\" r=\"10\"\/><polyline points=\"12,6 12,12 16,14\"\/><\/svg>2:15<\/span><button class=\"gw-freetours-map-btn\" data-lat=\"50.846789\" data-lng=\"4.352436\" data-address=\"Grote Markt, 1000 Brussel, B\u00e9lgica\" data-instructions=\"Busque a su gu\u00eda con el PARAGUAS AMARILLO en la \u201cGrand Place\u201d frente a la TORRE m\u00e1s alta.\"><svg width=\"16\" height=\"16\" viewBox=\"0 0 24 24\" fill=\"none\" stroke=\"currentColor\" stroke-width=\"2\"><path d=\"M21 10c0 7-9 13-9 13s-9-6-9-13a9 9 0 0 1 18 0z\"\/><circle cx=\"12\" cy=\"10\" r=\"3\"\/><\/svg><\/button><\/div><p class=\"gw-freetours-description\">\u2728 Descubre Bruselas paso a paso \u2728 Explora la capital de B\u00e9lgica en un tour a pie que combina historia,&#8230;<\/p><div class=\"gw-freetours-author\"><span class=\"gw-freetours-author-link\"><img decoding=\"async\" src=\"https:\/\/media.guruwalk.com\/y2ch5fa1xx9v1pda5mrsfvmi93wk\" alt=\"Belgo Tours\" class=\"gw-freetours-author-avatar\" \/><span class=\"gw-freetours-author-name\">Belgo Tours<\/span><\/span><\/div><div class=\"gw-freetours-rating-container\"><div class=\"gw-freetours-rating\" aria-label=\"Valoraci\u00f3n 4.8 de 5\"><span class=\"gw-freetours-star gw-freetours-star--full\" aria-hidden=\"true\">\u2605<\/span><span class=\"gw-freetours-star gw-freetours-star--full\" aria-hidden=\"true\">\u2605<\/span><span class=\"gw-freetours-star gw-freetours-star--full\" aria-hidden=\"true\">\u2605<\/span><span class=\"gw-freetours-star gw-freetours-star--full\" aria-hidden=\"true\">\u2605<\/span><span class=\"gw-freetours-star gw-freetours-star--half\" aria-hidden=\"true\">\u2606<\/span><span class=\"gw-freetours-rating__count\">4,8 (4031)<\/span><\/div><\/div><\/div><\/div><div class=\"gw-freetours-card\" data-tour-id=\"64895\"><button type=\"button\" class=\"gw-freetours-image-link\" data-dest=\"https:\/\/www.guruwalk.com\/es\/walks\/64895-no-mas-selfies-el-unico-tour-por-bruselas-con-fotografo-profesional\" role=\"link\" aria-label=\"\u00a1No m\u00e1s selfies! - El \u00daNICO TOUR por BRUSELAS con FOT\u00d3GRAFO PROFESIONAL \ud83d\udcf8 \ud83c\udfc6\"><div class=\"gw-freetours-image\"><img decoding=\"async\" class=\"gw-freetours-photo\" src=\"https:\/\/blog.guruwalk.com\/wp-content\/uploads\/gw-freetours-cache\/64895-22f4b10e7efad3fd6e2a9a042741ab87.jpg\" alt=\"\u00a1No m\u00e1s selfies! - El \u00daNICO TOUR por BRUSELAS con FOT\u00d3GRAFO PROFESIONAL \ud83d\udcf8 \ud83c\udfc6\" loading=\"lazy\" \/><div class=\"gw-freetours-flags\"><img decoding=\"async\" src=\"https:\/\/blog.guruwalk.com\/wp-content\/gurupluginswalk\/wp-gw-freetours\/assets\/flags\/es.svg\" alt=\"es\" class=\"gw-freetours-flag\" \/><\/div><\/div><\/button><div class=\"gw-freetours-content\"><h4 class=\"gw-freetours-title\"><button type=\"button\" class=\"gw-freetours-title-link\" data-dest=\"https:\/\/www.guruwalk.com\/es\/walks\/64895-no-mas-selfies-el-unico-tour-por-bruselas-con-fotografo-profesional\" role=\"link\">\u00a1No m\u00e1s selfies! &#8211; El \u00daNICO TOUR por BRUSELAS con FOT\u00d3GRAFO PROFESIONAL \ud83d\udcf8 \ud83c\udfc6<\/button><\/h4><div class=\"gw-freetours-meta-top\"><span class=\"gw-freetours-duration\"><svg width=\"16\" height=\"16\" viewBox=\"0 0 24 24\" fill=\"none\" stroke=\"currentColor\" stroke-width=\"2\"><circle cx=\"12\" cy=\"12\" r=\"10\"\/><polyline points=\"12,6 12,12 16,14\"\/><\/svg>2:00<\/span><button class=\"gw-freetours-map-btn\" data-lat=\"50.848558\" data-lng=\"4.349503\" data-address=\"Pl. de la Bourse, 1000 Bruxelles, B\u00e9lgica\" data-instructions=\"\ud83d\udccd Punto de encuentroNos encontraremos en las escaleras principales de la Bourse (La Bolsa de Bruselas), justo en el centro de la ciudad, a pocos minutos de la Grand Place.\ud83d\udd0e C\u00f3mo reconocermeLlevar\u00e9 un paraguas rojo (y una c\u00e1mara colgada al cuello \ud83d\ude09), as\u00ed ser\u00e1 f\u00e1cil localizarme entre la gente.\ud83d\udccc Direcci\u00f3n: Place de la Bourse, 1000 Bruselas.\"><svg width=\"16\" height=\"16\" viewBox=\"0 0 24 24\" fill=\"none\" stroke=\"currentColor\" stroke-width=\"2\"><path d=\"M21 10c0 7-9 13-9 13s-9-6-9-13a9 9 0 0 1 18 0z\"\/><circle cx=\"12\" cy=\"10\" r=\"3\"\/><\/svg><\/button><\/div><p class=\"gw-freetours-description\">\u00bfCansado de volver de tus viajes con selfies borrosas o teniendo que pedir fotos a desconocidos? \ud83e\udd33\u274c \u00a1B&#8230;<\/p><div class=\"gw-freetours-author\"><span class=\"gw-freetours-author-link\"><img decoding=\"async\" src=\"https:\/\/media.guruwalk.com\/hq6c8870kaluxt4onbw5f2veusx6\" alt=\"Bruselas Foto Tours\" class=\"gw-freetours-author-avatar\" \/><span class=\"gw-freetours-author-name\">Bruselas Foto Tours<\/span><\/span><\/div><div class=\"gw-freetours-rating-container\"><div class=\"gw-freetours-rating\" aria-label=\"Valoraci\u00f3n 5.0 de 5\"><span class=\"gw-freetours-star gw-freetours-star--full\" aria-hidden=\"true\">\u2605<\/span><span class=\"gw-freetours-star gw-freetours-star--full\" aria-hidden=\"true\">\u2605<\/span><span class=\"gw-freetours-star gw-freetours-star--full\" aria-hidden=\"true\">\u2605<\/span><span class=\"gw-freetours-star gw-freetours-star--full\" aria-hidden=\"true\">\u2605<\/span><span class=\"gw-freetours-star gw-freetours-star--half\" aria-hidden=\"true\">\u2606<\/span><span class=\"gw-freetours-rating__count\">5,0 (37)<\/span><\/div><\/div><\/div><\/div><div class=\"gw-freetours-card\" data-tour-id=\"51814\"><button type=\"button\" class=\"gw-freetours-image-link\" data-dest=\"https:\/\/www.guruwalk.com\/es\/walks\/51814-free-tour-nocturno-el-lado-oscuro-de-bruselas-tour-de-historia-y-misterio-por-lugarenos\" role=\"link\" aria-label=\"Free Tour Nocturno: El Lado Oscuro de Bruselas | Tour de Historia y Misterio | Por Lugare\u00f1os\"><div class=\"gw-freetours-image\"><img decoding=\"async\" class=\"gw-freetours-photo\" src=\"https:\/\/blog.guruwalk.com\/wp-content\/uploads\/gw-freetours-cache\/51814-01f5a6d3a66fbdfb67390c3a3159105b.jpg\" alt=\"Free Tour Nocturno: El Lado Oscuro de Bruselas | Tour de Historia y Misterio | Por Lugare\u00f1os\" loading=\"lazy\" \/><div class=\"gw-freetours-flags\"><img decoding=\"async\" src=\"https:\/\/blog.guruwalk.com\/wp-content\/gurupluginswalk\/wp-gw-freetours\/assets\/flags\/en.svg\" alt=\"en\" class=\"gw-freetours-flag\" \/><img decoding=\"async\" src=\"https:\/\/blog.guruwalk.com\/wp-content\/gurupluginswalk\/wp-gw-freetours\/assets\/flags\/es.svg\" alt=\"es\" class=\"gw-freetours-flag\" \/><\/div><\/div><\/button><div class=\"gw-freetours-content\"><h4 class=\"gw-freetours-title\"><button type=\"button\" class=\"gw-freetours-title-link\" data-dest=\"https:\/\/www.guruwalk.com\/es\/walks\/51814-free-tour-nocturno-el-lado-oscuro-de-bruselas-tour-de-historia-y-misterio-por-lugarenos\" role=\"link\">Free Tour Nocturno: El Lado Oscuro de Bruselas | Tour de Historia y Misterio | Por Lugare\u00f1os<\/button><\/h4><div class=\"gw-freetours-meta-top\"><span class=\"gw-freetours-duration\"><svg width=\"16\" height=\"16\" viewBox=\"0 0 24 24\" fill=\"none\" stroke=\"currentColor\" stroke-width=\"2\"><circle cx=\"12\" cy=\"12\" r=\"10\"\/><polyline points=\"12,6 12,12 16,14\"\/><\/svg>2:00<\/span><button class=\"gw-freetours-map-btn\" data-lat=\"50.846699\" data-lng=\"4.352162\" data-address=\"Grand Place 8, 1000 Bruxelles, B\u00e9lgica\" data-instructions=\"Nos encontramos frente al ayuntamiento, en la plaza principal (Grand Place) de Bruselas. \u00a1Encuentra el PARAGUAS ROJO!\"><svg width=\"16\" height=\"16\" viewBox=\"0 0 24 24\" fill=\"none\" stroke=\"currentColor\" stroke-width=\"2\"><path d=\"M21 10c0 7-9 13-9 13s-9-6-9-13a9 9 0 0 1 18 0z\"\/><circle cx=\"12\" cy=\"10\" r=\"3\"\/><\/svg><\/button><\/div><p class=\"gw-freetours-description\">Descubra Bruselas a trav\u00e9s de su historia real: cruda, poderosa e inolvidable. M\u00e1s all\u00e1 de las chocol&#8230;<\/p><div class=\"gw-freetours-author\"><span class=\"gw-freetours-author-link\"><img decoding=\"async\" src=\"https:\/\/media.guruwalk.com\/n3jymng1qd3ue0r5g4wepdo3wlmm\" alt=\"Legends Free Tours\" class=\"gw-freetours-author-avatar\" \/><span class=\"gw-freetours-author-name\">Legends Free Tours<\/span><\/span><\/div><div class=\"gw-freetours-rating-container\"><div class=\"gw-freetours-rating\" aria-label=\"Valoraci\u00f3n 4.6 de 5\"><span class=\"gw-freetours-star gw-freetours-star--full\" aria-hidden=\"true\">\u2605<\/span><span class=\"gw-freetours-star gw-freetours-star--full\" aria-hidden=\"true\">\u2605<\/span><span class=\"gw-freetours-star gw-freetours-star--full\" aria-hidden=\"true\">\u2605<\/span><span class=\"gw-freetours-star gw-freetours-star--full\" aria-hidden=\"true\">\u2605<\/span><span class=\"gw-freetours-star gw-freetours-star--half\" aria-hidden=\"true\">\u2606<\/span><span class=\"gw-freetours-rating__count\">4,6 (163)<\/span><\/div><\/div><\/div><\/div><div class=\"gw-freetours-card\" data-tour-id=\"58972\"><button type=\"button\" class=\"gw-freetours-image-link\" data-dest=\"https:\/\/www.guruwalk.com\/es\/walks\/58972-la-magia-del-atardecer-nocturno-en-bruselas\" role=\"link\" aria-label=\"La Magia del Atardecer Nocturno en Bruselas\"><div class=\"gw-freetours-image\"><img decoding=\"async\" class=\"gw-freetours-photo\" src=\"https:\/\/blog.guruwalk.com\/wp-content\/uploads\/gw-freetours-cache\/58972-95a62369b52303d108a1c67db7cbdc66.jpg\" alt=\"La Magia del Atardecer Nocturno en Bruselas\" loading=\"lazy\" \/><div class=\"gw-freetours-flags\"><img decoding=\"async\" src=\"https:\/\/blog.guruwalk.com\/wp-content\/gurupluginswalk\/wp-gw-freetours\/assets\/flags\/es.svg\" alt=\"es\" class=\"gw-freetours-flag\" \/><\/div><\/div><\/button><div class=\"gw-freetours-content\"><h4 class=\"gw-freetours-title\"><button type=\"button\" class=\"gw-freetours-title-link\" data-dest=\"https:\/\/www.guruwalk.com\/es\/walks\/58972-la-magia-del-atardecer-nocturno-en-bruselas\" role=\"link\">La Magia del Atardecer Nocturno en Bruselas<\/button><\/h4><div class=\"gw-freetours-meta-top\"><span class=\"gw-freetours-duration\"><svg width=\"16\" height=\"16\" viewBox=\"0 0 24 24\" fill=\"none\" stroke=\"currentColor\" stroke-width=\"2\"><circle cx=\"12\" cy=\"12\" r=\"10\"\/><polyline points=\"12,6 12,12 16,14\"\/><\/svg>1:45<\/span><button class=\"gw-freetours-map-btn\" data-lat=\"50.846789\" data-lng=\"4.352436\" data-address=\"Grote Markt, 1000 Brussel, B\u00e9lgica\" data-instructions=\"Me encontraras frente al castillo principal de La Grand Place con una Sombrilla Verde Lim\u00f3n y una Banderita de Espa\u00f1a\"><svg width=\"16\" height=\"16\" viewBox=\"0 0 24 24\" fill=\"none\" stroke=\"currentColor\" stroke-width=\"2\"><path d=\"M21 10c0 7-9 13-9 13s-9-6-9-13a9 9 0 0 1 18 0z\"\/><circle cx=\"12\" cy=\"10\" r=\"3\"\/><\/svg><\/button><\/div><p class=\"gw-freetours-description\">\u00a1Descubre la magia del Atardecer Nocturno del Centro historico de Bruselas! El r&#8230;<\/p><div class=\"gw-freetours-author\"><span class=\"gw-freetours-author-link\"><img decoding=\"async\" src=\"https:\/\/media.guruwalk.com\/a00fvjgwfu4bmvdct9r935s2s2xm\" alt=\"David\" class=\"gw-freetours-author-avatar\" \/><span class=\"gw-freetours-author-name\">David<\/span><\/span><\/div><div class=\"gw-freetours-rating-container\"><div class=\"gw-freetours-rating\" aria-label=\"Valoraci\u00f3n 4.6 de 5\"><span class=\"gw-freetours-star gw-freetours-star--full\" aria-hidden=\"true\">\u2605<\/span><span class=\"gw-freetours-star gw-freetours-star--full\" aria-hidden=\"true\">\u2605<\/span><span class=\"gw-freetours-star gw-freetours-star--full\" aria-hidden=\"true\">\u2605<\/span><span class=\"gw-freetours-star gw-freetours-star--full\" aria-hidden=\"true\">\u2605<\/span><span class=\"gw-freetours-star gw-freetours-star--half\" aria-hidden=\"true\">\u2606<\/span><span class=\"gw-freetours-rating__count\">4,6 (79)<\/span><\/div><\/div><\/div><\/div><\/div><\/div><div class=\"gw-freetours-place-link\"><a href=\"https:\/\/www.guruwalk.com\/es\/bruselas\" target=\"_blank\" rel=\"noopener\" class=\"gw-freetours-place-btn\">+ Free Tour Brussels<\/a><\/div><\/div>\n\n\n<h2 class=\"wp-block-heading\" id=\"grand-place\">Grand Place <span class=\"wp-map-h2-wrapper\"><button type=\"button\" class=\"wp-map-h2-button\" data-dest=\"https:\/\/www.google.com\/maps?q=Grand+Place%2C+B%C3%A9lgica\" role=\"button\" aria-label=\"Ver ubicaci\u00f3n &quot;Grand Place, B\u00e9lgica&quot; en Google Maps\" title=\"Abrir mapa de Grand Place, B\u00e9lgica\"><svg class=\"wp-map-h2-icon\" width=\"16\" height=\"16\" viewBox=\"0 0 24 24\" fill=\"currentColor\" aria-hidden=\"true\">\n            <path d=\"M12 2C8.13 2 5 5.13 5 9c0 5.25 7 13 7 13s7-7.75 7-13c0-3.87-3.13-7-7-7zm0 9.5c-1.38 0-2.5-1.12-2.5-2.5s1.12-2.5 2.5-2.5 2.5 1.12 2.5 2.5-1.12 2.5-2.5 2.5z\"\/>\n        <\/svg><\/button><\/span><\/h2>\n\n\n\n<figure class=\"wp-block-image size-large\"><img decoding=\"async\" width=\"1600\" height=\"1067\" src=\"https:\/\/blog.guruwalk.com\/wp-content\/uploads\/2026\/08\/bruselas-jardin-fuente-noche-interior-1.webp\" alt=\"Jardines de Mont des Arts iluminados de noche en Bruselas\" class=\"wp-image-45909\" srcset=\"https:\/\/blog.guruwalk.com\/wp-content\/uploads\/2026\/08\/bruselas-jardin-fuente-noche-interior-1.webp 1600w, https:\/\/blog.guruwalk.com\/wp-content\/uploads\/2026\/08\/bruselas-jardin-fuente-noche-interior-1-300x200.webp 300w, https:\/\/blog.guruwalk.com\/wp-content\/uploads\/2026\/08\/bruselas-jardin-fuente-noche-interior-1-1024x683.webp 1024w, https:\/\/blog.guruwalk.com\/wp-content\/uploads\/2026\/08\/bruselas-jardin-fuente-noche-interior-1-768x512.webp 768w, https:\/\/blog.guruwalk.com\/wp-content\/uploads\/2026\/08\/bruselas-jardin-fuente-noche-interior-1-1536x1024.webp 1536w\" sizes=\"(max-width: 1600px) 100vw, 1600px\" \/><figcaption class=\"wp-element-caption\">Jardines de Mont des Arts iluminados de noche en Bruselas.<\/figcaption><\/figure>\n\n\n\n<p class=\"wp-block-paragraph\">La plaza re\u00fane casas gremiales barrocas, el <em>H\u00f4tel de Ville<\/em> (Ayuntamiento) y la Maison du Roi (Museo de la Ciudad). Est\u00e1 inscrita como <a href=\"https:\/\/whc.unesco.org\/en\/list\/857\/\" rel=\"nofollow noreferrer noopener\" target=\"_blank\">Patrimonio Mundial de la UNESCO<\/a> desde 1998. En agosto de los a\u00f1os pares acoge la alfombra de flores (<em>Flower Carpet<\/em>).<\/p>\n\n\n\n<h2 class=\"wp-block-heading\" id=\"atomium\">Atomium <span class=\"wp-map-h2-wrapper\"><button type=\"button\" class=\"wp-map-h2-button\" data-dest=\"https:\/\/www.google.com\/maps?q=Atomium%2C+B%C3%A9lgica\" role=\"button\" aria-label=\"Ver ubicaci\u00f3n &quot;Atomium, B\u00e9lgica&quot; en Google Maps\" title=\"Abrir mapa de Atomium, B\u00e9lgica\"><svg class=\"wp-map-h2-icon\" width=\"16\" height=\"16\" viewBox=\"0 0 24 24\" fill=\"currentColor\" aria-hidden=\"true\">\n            <path d=\"M12 2C8.13 2 5 5.13 5 9c0 5.25 7 13 7 13s7-7.75 7-13c0-3.87-3.13-7-7-7zm0 9.5c-1.38 0-2.5-1.12-2.5-2.5s1.12-2.5 2.5-2.5 2.5 1.12 2.5 2.5-1.12 2.5-2.5 2.5z\"\/>\n        <\/svg><\/button><\/span><\/h2>\n\n\n\n<figure class=\"wp-block-image size-large\"><img decoding=\"async\" width=\"1600\" height=\"1065\" src=\"https:\/\/blog.guruwalk.com\/wp-content\/uploads\/2026\/08\/bruselas-ayuntamiento-contrapicado-interior-2.webp\" alt=\"Ayuntamiento de Bruselas visto desde la Grand Place\" class=\"wp-image-45915\" srcset=\"https:\/\/blog.guruwalk.com\/wp-content\/uploads\/2026\/08\/bruselas-ayuntamiento-contrapicado-interior-2.webp 1600w, https:\/\/blog.guruwalk.com\/wp-content\/uploads\/2026\/08\/bruselas-ayuntamiento-contrapicado-interior-2-300x200.webp 300w, https:\/\/blog.guruwalk.com\/wp-content\/uploads\/2026\/08\/bruselas-ayuntamiento-contrapicado-interior-2-1024x682.webp 1024w, https:\/\/blog.guruwalk.com\/wp-content\/uploads\/2026\/08\/bruselas-ayuntamiento-contrapicado-interior-2-768x511.webp 768w, https:\/\/blog.guruwalk.com\/wp-content\/uploads\/2026\/08\/bruselas-ayuntamiento-contrapicado-interior-2-1536x1022.webp 1536w\" sizes=\"(max-width: 1600px) 100vw, 1600px\" \/><figcaption class=\"wp-element-caption\">Ayuntamiento de Bruselas visto en contrapicado desde la Grand Place.<\/figcaption><\/figure>\n\n\n\n<p class=\"wp-block-paragraph\">Icono de la Expo 58, est\u00e1 formado por nueve esferas unidas mediante t\u00faneles y cuenta con ascensor panor\u00e1mico. Consulta en la <a href=\"https:\/\/www.atomium.be\/\" rel=\"nofollow noreferrer noopener\" target=\"_blank\">web oficial del Atomium<\/a> la disponibilidad, los horarios y los requisitos de acceso. Se llega con la l\u00ednea 6 de metro, parada Heysel\/Heizel.<\/p>\n\n\n\n<h3 class=\"wp-block-heading\">Consejos para tu visita<\/h3>\n\n\n\n<ul class=\"wp-block-list\">\n<li>Comprueba si la entrada combinada con Mini-Europe encaja con tu itinerario antes de reservar.<\/li>\n\n\n\n<li>El parque de Laeken permite fotografiar el conjunto desde otra perspectiva.<\/li>\n<\/ul>\n\n\n\n<h2 class=\"wp-block-heading\" id=\"manneken-pis\">Manneken Pis <span class=\"wp-map-h2-wrapper\"><button type=\"button\" class=\"wp-map-h2-button\" data-dest=\"https:\/\/www.google.com\/maps?q=Manneken+Pis%2C+B%C3%A9lgica\" role=\"button\" aria-label=\"Ver ubicaci\u00f3n &quot;Manneken Pis, B\u00e9lgica&quot; en Google Maps\" title=\"Abrir mapa de Manneken Pis, B\u00e9lgica\"><svg class=\"wp-map-h2-icon\" width=\"16\" height=\"16\" viewBox=\"0 0 24 24\" fill=\"currentColor\" aria-hidden=\"true\">\n            <path d=\"M12 2C8.13 2 5 5.13 5 9c0 5.25 7 13 7 13s7-7.75 7-13c0-3.87-3.13-7-7-7zm0 9.5c-1.38 0-2.5-1.12-2.5-2.5s1.12-2.5 2.5-2.5 2.5 1.12 2.5 2.5-1.12 2.5-2.5 2.5z\"\/>\n        <\/svg><\/button><\/span><\/h2>\n\n\n\n<figure class=\"wp-block-image size-large\"><img decoding=\"async\" width=\"1024\" height=\"850\" src=\"https:\/\/blog.guruwalk.com\/wp-content\/uploads\/2025\/04\/image-24-1024x850.webp\" alt=\"Fuente del Manneken Pis en Bruselas\" class=\"wp-image-9962\" srcset=\"https:\/\/blog.guruwalk.com\/wp-content\/uploads\/2025\/04\/image-24-1024x850.webp 1024w, https:\/\/blog.guruwalk.com\/wp-content\/uploads\/2025\/04\/image-24-300x249.webp 300w, https:\/\/blog.guruwalk.com\/wp-content\/uploads\/2025\/04\/image-24-768x637.webp 768w, https:\/\/blog.guruwalk.com\/wp-content\/uploads\/2025\/04\/image-24.webp 1280w\" sizes=\"(max-width: 1024px) 100vw, 1024px\" \/><figcaption class=\"wp-element-caption\">Fuente del Manneken Pis en el centro de Bruselas.<\/figcaption><\/figure>\n\n\n\n<p class=\"wp-block-paragraph\">La estatua del siglo XVII es uno de los s\u00edmbolos de Bruselas. Completa la visita con el museo de su guardarropa, <em>GardeRobe MannekenPis<\/em>; consulta sus condiciones de acceso antes de ir.<\/p>\n\n\n\n<h2 class=\"wp-block-heading\" id=\"catedral-san-miguel\">Catedral de San Miguel y Santa G\u00fadula <span class=\"wp-map-h2-wrapper\"><button type=\"button\" class=\"wp-map-h2-button\" data-dest=\"https:\/\/www.google.com\/maps?q=Catedral+de+San+Miguel+y+Santa+G%C3%BAdula%2C+B%C3%A9lgica\" role=\"button\" aria-label=\"Ver ubicaci\u00f3n &quot;Catedral de San Miguel y Santa G\u00fadula, B\u00e9lgica&quot; en Google Maps\" title=\"Abrir mapa de Catedral de San Miguel y Santa G\u00fadula, B\u00e9lgica\"><svg class=\"wp-map-h2-icon\" width=\"16\" height=\"16\" viewBox=\"0 0 24 24\" fill=\"currentColor\" aria-hidden=\"true\">\n            <path d=\"M12 2C8.13 2 5 5.13 5 9c0 5.25 7 13 7 13s7-7.75 7-13c0-3.87-3.13-7-7-7zm0 9.5c-1.38 0-2.5-1.12-2.5-2.5s1.12-2.5 2.5-2.5 2.5 1.12 2.5 2.5-1.12 2.5-2.5 2.5z\"\/>\n        <\/svg><\/button><\/span><\/h2>\n\n\n\n<figure class=\"wp-block-image size-large\"><img decoding=\"async\" width=\"1024\" height=\"682\" src=\"https:\/\/blog.guruwalk.com\/wp-content\/uploads\/2025\/04\/image-25-1024x682.webp\" alt=\"Catedral de San Miguel y Santa G\u00fadula en Bruselas\" class=\"wp-image-9970\" srcset=\"https:\/\/blog.guruwalk.com\/wp-content\/uploads\/2025\/04\/image-25-1024x682.webp 1024w, https:\/\/blog.guruwalk.com\/wp-content\/uploads\/2025\/04\/image-25-300x200.webp 300w, https:\/\/blog.guruwalk.com\/wp-content\/uploads\/2025\/04\/image-25-768x512.webp 768w, https:\/\/blog.guruwalk.com\/wp-content\/uploads\/2025\/04\/image-25-1536x1023.webp 1536w, https:\/\/blog.guruwalk.com\/wp-content\/uploads\/2025\/04\/image-25.webp 1600w\" sizes=\"(max-width: 1024px) 100vw, 1024px\" \/><figcaption class=\"wp-element-caption\">Catedral de San Miguel y Santa G\u00fadula en Bruselas.<\/figcaption><\/figure>\n\n\n\n<p class=\"wp-block-paragraph\">La catedral destaca por su arquitectura g\u00f3tica brabantina y sus vidrieras. Consulta los horarios actualizados, que pueden variar seg\u00fan el culto y la temporada.<\/p>\n\n\n\n<h2 class=\"wp-block-heading\" id=\"palacio-real\">Palacio Real de Bruselas <span class=\"wp-map-h2-wrapper\"><button type=\"button\" class=\"wp-map-h2-button\" data-dest=\"https:\/\/www.google.com\/maps?q=Palacio+Real+de+Bruselas%2C+B%C3%A9lgica\" role=\"button\" aria-label=\"Ver ubicaci\u00f3n &quot;Palacio Real de Bruselas, B\u00e9lgica&quot; en Google Maps\" title=\"Abrir mapa de Palacio Real de Bruselas, B\u00e9lgica\"><svg class=\"wp-map-h2-icon\" width=\"16\" height=\"16\" viewBox=\"0 0 24 24\" fill=\"currentColor\" aria-hidden=\"true\">\n            <path d=\"M12 2C8.13 2 5 5.13 5 9c0 5.25 7 13 7 13s7-7.75 7-13c0-3.87-3.13-7-7-7zm0 9.5c-1.38 0-2.5-1.12-2.5-2.5s1.12-2.5 2.5-2.5 2.5 1.12 2.5 2.5-1.12 2.5-2.5 2.5z\"\/>\n        <\/svg><\/button><\/span><\/h2>\n\n\n\n<figure class=\"wp-block-image size-large\"><img decoding=\"async\" width=\"1024\" height=\"751\" src=\"https:\/\/blog.guruwalk.com\/wp-content\/uploads\/2025\/04\/image-26-1024x751.webp\" alt=\"Sal\u00f3n del Palacio Real de Bruselas\" class=\"wp-image-9978\" srcset=\"https:\/\/blog.guruwalk.com\/wp-content\/uploads\/2025\/04\/image-26-1024x751.webp 1024w, https:\/\/blog.guruwalk.com\/wp-content\/uploads\/2025\/04\/image-26-300x220.webp 300w, https:\/\/blog.guruwalk.com\/wp-content\/uploads\/2025\/04\/image-26-768x564.webp 768w, https:\/\/blog.guruwalk.com\/wp-content\/uploads\/2025\/04\/image-26-1536x1127.webp 1536w, https:\/\/blog.guruwalk.com\/wp-content\/uploads\/2025\/04\/image-26.webp 1600w\" sizes=\"(max-width: 1024px) 100vw, 1024px\" \/><figcaption class=\"wp-element-caption\">Sal\u00f3n del Palacio Real de Bruselas.<\/figcaption><\/figure>\n\n\n\n<p class=\"wp-block-paragraph\">Es la sede oficial de trabajo del rey. La apertura al p\u00fablico no es permanente, por lo que conviene consultar el calendario oficial antes de organizar la visita.<\/p>\n\n\n\n<h2 class=\"wp-block-heading\" id=\"galerias-saint-hubert\">Galer\u00edas Reales Saint-Hubert <span class=\"wp-map-h2-wrapper\"><button type=\"button\" class=\"wp-map-h2-button\" data-dest=\"https:\/\/www.google.com\/maps?q=Galeries+Royales+Saint-Hubert%2C+B%C3%A9lgica\" role=\"button\" aria-label=\"Ver ubicaci\u00f3n &quot;Galeries Royales Saint-Hubert, B\u00e9lgica&quot; en Google Maps\" title=\"Abrir mapa de Galeries Royales Saint-Hubert, B\u00e9lgica\"><svg class=\"wp-map-h2-icon\" width=\"16\" height=\"16\" viewBox=\"0 0 24 24\" fill=\"currentColor\" aria-hidden=\"true\">\n            <path d=\"M12 2C8.13 2 5 5.13 5 9c0 5.25 7 13 7 13s7-7.75 7-13c0-3.87-3.13-7-7-7zm0 9.5c-1.38 0-2.5-1.12-2.5-2.5s1.12-2.5 2.5-2.5 2.5 1.12 2.5 2.5-1.12 2.5-2.5 2.5z\"\/>\n        <\/svg><\/button><\/span><\/h2>\n\n\n\n<figure class=\"wp-block-image size-large\"><img decoding=\"async\" width=\"683\" height=\"1024\" src=\"https:\/\/blog.guruwalk.com\/wp-content\/uploads\/2025\/04\/image-28-683x1024.webp\" alt=\"Interior de las Galer\u00edas Reales Saint-Hubert en Bruselas\" class=\"wp-image-9994\" srcset=\"https:\/\/blog.guruwalk.com\/wp-content\/uploads\/2025\/04\/image-28-683x1024.webp 683w, https:\/\/blog.guruwalk.com\/wp-content\/uploads\/2025\/04\/image-28-200x300.webp 200w, https:\/\/blog.guruwalk.com\/wp-content\/uploads\/2025\/04\/image-28-768x1152.webp 768w, https:\/\/blog.guruwalk.com\/wp-content\/uploads\/2025\/04\/image-28-1024x1536.webp 1024w, https:\/\/blog.guruwalk.com\/wp-content\/uploads\/2025\/04\/image-28-1365x2048.webp 1365w, https:\/\/blog.guruwalk.com\/wp-content\/uploads\/2025\/04\/image-28.webp 1600w\" sizes=\"(max-width: 683px) 100vw, 683px\" \/><figcaption class=\"wp-element-caption\">Interior de las Galer\u00edas Reales Saint-Hubert en Bruselas.<\/figcaption><\/figure>\n\n\n\n<p class=\"wp-block-paragraph\">Estos pasajes comerciales de 1847 albergan chocolater\u00edas, caf\u00e9s hist\u00f3ricos y la librer\u00eda Tropismes. Cada establecimiento mantiene su propio horario.<\/p>\n\n\n\n<h2 class=\"wp-block-heading\" id=\"mont-des-arts\">Mont des Arts <span class=\"wp-map-h2-wrapper\"><button type=\"button\" class=\"wp-map-h2-button\" data-dest=\"https:\/\/www.google.com\/maps?q=Mont+des+Arts%2C+B%C3%A9lgica\" role=\"button\" aria-label=\"Ver ubicaci\u00f3n &quot;Mont des Arts, B\u00e9lgica&quot; en Google Maps\" title=\"Abrir mapa de Mont des Arts, B\u00e9lgica\"><svg class=\"wp-map-h2-icon\" width=\"16\" height=\"16\" viewBox=\"0 0 24 24\" fill=\"currentColor\" aria-hidden=\"true\">\n            <path d=\"M12 2C8.13 2 5 5.13 5 9c0 5.25 7 13 7 13s7-7.75 7-13c0-3.87-3.13-7-7-7zm0 9.5c-1.38 0-2.5-1.12-2.5-2.5s1.12-2.5 2.5-2.5 2.5 1.12 2.5 2.5-1.12 2.5-2.5 2.5z\"\/>\n        <\/svg><\/button><\/span><\/h2>\n\n\n\n<figure class=\"wp-block-image size-large\"><img decoding=\"async\" width=\"1024\" height=\"596\" src=\"https:\/\/blog.guruwalk.com\/wp-content\/uploads\/2025\/04\/image-29-1024x596.webp\" alt=\"Jardines de Mont des Arts en Bruselas de noche\" class=\"wp-image-10002\" srcset=\"https:\/\/blog.guruwalk.com\/wp-content\/uploads\/2025\/04\/image-29-1024x596.webp 1024w, https:\/\/blog.guruwalk.com\/wp-content\/uploads\/2025\/04\/image-29-300x175.webp 300w, https:\/\/blog.guruwalk.com\/wp-content\/uploads\/2025\/04\/image-29-768x447.webp 768w, https:\/\/blog.guruwalk.com\/wp-content\/uploads\/2025\/04\/image-29-1536x895.webp 1536w, https:\/\/blog.guruwalk.com\/wp-content\/uploads\/2025\/04\/image-29.webp 1600w\" sizes=\"(max-width: 1024px) 100vw, 1024px\" \/><figcaption class=\"wp-element-caption\">Jardines de Mont des Arts en Bruselas de noche.<\/figcaption><\/figure>\n\n\n\n<p class=\"wp-block-paragraph\">Este mirador conecta la ciudad alta con la baja. Alrededor se encuentran BOZAR, KBR y los Reales Museos de Bellas Artes, todos accesibles a pie.<\/p>\n\n\n\n<pre class=\"wp-block-preformatted has-background\" style=\"background-color:#a1cc2921\"><strong>ORIENTACI\u00d3N<\/strong>\nDesde los jardines se distingue la torre del Ayuntamiento; las escaleras conectan directamente con la zona de la estaci\u00f3n Central.<\/pre>\n\n\n\n<h2 class=\"wp-block-heading\" id=\"notre-dame-sablon\">Notre Dame du Sablon <span class=\"wp-map-h2-wrapper\"><button type=\"button\" class=\"wp-map-h2-button\" data-dest=\"https:\/\/www.google.com\/maps?q=%C3%89glise+Notre-Dame+du+Sablon%2C+B%C3%A9lgica\" role=\"button\" aria-label=\"Ver ubicaci\u00f3n &quot;\u00c9glise Notre-Dame du Sablon, B\u00e9lgica&quot; en Google Maps\" title=\"Abrir mapa de \u00c9glise Notre-Dame du Sablon, B\u00e9lgica\"><svg class=\"wp-map-h2-icon\" width=\"16\" height=\"16\" viewBox=\"0 0 24 24\" fill=\"currentColor\" aria-hidden=\"true\">\n            <path d=\"M12 2C8.13 2 5 5.13 5 9c0 5.25 7 13 7 13s7-7.75 7-13c0-3.87-3.13-7-7-7zm0 9.5c-1.38 0-2.5-1.12-2.5-2.5s1.12-2.5 2.5-2.5 2.5 1.12 2.5 2.5-1.12 2.5-2.5 2.5z\"\/>\n        <\/svg><\/button><\/span><\/h2>\n\n\n\n<figure class=\"wp-block-image size-large\"><img decoding=\"async\" width=\"1024\" height=\"682\" src=\"https:\/\/blog.guruwalk.com\/wp-content\/uploads\/2025\/04\/image-30-1024x682.webp\" alt=\"Iglesia de Notre Dame du Sablon en Bruselas\" class=\"wp-image-10010\" srcset=\"https:\/\/blog.guruwalk.com\/wp-content\/uploads\/2025\/04\/image-30-1024x682.webp 1024w, https:\/\/blog.guruwalk.com\/wp-content\/uploads\/2025\/04\/image-30-300x200.webp 300w, https:\/\/blog.guruwalk.com\/wp-content\/uploads\/2025\/04\/image-30-768x512.webp 768w, https:\/\/blog.guruwalk.com\/wp-content\/uploads\/2025\/04\/image-30-1536x1023.webp 1536w, https:\/\/blog.guruwalk.com\/wp-content\/uploads\/2025\/04\/image-30.webp 1600w\" sizes=\"(max-width: 1024px) 100vw, 1024px\" \/><figcaption class=\"wp-element-caption\">Iglesia de Notre Dame du Sablon en Bruselas.<\/figcaption><\/figure>\n\n\n\n<p class=\"wp-block-paragraph\">Esta iglesia del siglo XV es un ejemplo del g\u00f3tico brabantino y conserva un notable conjunto de vidrieras. En las calles pr\u00f3ximas se concentran anticuarios y chocolater\u00edas.<\/p>\n\n\n\n<h2 class=\"wp-block-heading\" id=\"mini-europe\">Mini-Europe <span class=\"wp-map-h2-wrapper\"><button type=\"button\" class=\"wp-map-h2-button\" data-dest=\"https:\/\/www.google.com\/maps?q=Mini-Europe%2C+B%C3%A9lgica\" role=\"button\" aria-label=\"Ver ubicaci\u00f3n &quot;Mini-Europe, B\u00e9lgica&quot; en Google Maps\" title=\"Abrir mapa de Mini-Europe, B\u00e9lgica\"><svg class=\"wp-map-h2-icon\" width=\"16\" height=\"16\" viewBox=\"0 0 24 24\" fill=\"currentColor\" aria-hidden=\"true\">\n            <path d=\"M12 2C8.13 2 5 5.13 5 9c0 5.25 7 13 7 13s7-7.75 7-13c0-3.87-3.13-7-7-7zm0 9.5c-1.38 0-2.5-1.12-2.5-2.5s1.12-2.5 2.5-2.5 2.5 1.12 2.5 2.5-1.12 2.5-2.5 2.5z\"\/>\n        <\/svg><\/button><\/span><\/h2>\n\n\n\n<figure class=\"wp-block-image size-large\"><img decoding=\"async\" width=\"1024\" height=\"768\" src=\"https:\/\/blog.guruwalk.com\/wp-content\/uploads\/2025\/04\/image-31-1024x768.webp\" alt=\"Maquetas de Mini-Europe junto al Atomium en Bruselas\" class=\"wp-image-10018\" srcset=\"https:\/\/blog.guruwalk.com\/wp-content\/uploads\/2025\/04\/image-31-1024x768.webp 1024w, https:\/\/blog.guruwalk.com\/wp-content\/uploads\/2025\/04\/image-31-300x225.webp 300w, https:\/\/blog.guruwalk.com\/wp-content\/uploads\/2025\/04\/image-31-768x576.webp 768w, https:\/\/blog.guruwalk.com\/wp-content\/uploads\/2025\/04\/image-31-1536x1152.webp 1536w, https:\/\/blog.guruwalk.com\/wp-content\/uploads\/2025\/04\/image-31.webp 1600w\" sizes=\"(max-width: 1024px) 100vw, 1024px\" \/><figcaption class=\"wp-element-caption\">Maquetas de Mini-Europe junto al Atomium en Bruselas.<\/figcaption><\/figure>\n\n\n\n<p class=\"wp-block-paragraph\">El parque re\u00fane reproducciones de monumentos europeos a escala 1:25 junto al Atomium. Su calendario cambia durante el a\u00f1o; consulta disponibilidad y posibles entradas combinadas.<\/p>\n\n\n\n<h3 class=\"wp-block-heading\">Consejos para tu visita<\/h3>\n\n\n\n<ul class=\"wp-block-list\">\n<li>Comprueba la disponibilidad antes de desplazarte hasta Heysel.<\/li>\n\n\n\n<li>Reserva entre dos y tres horas si quieres detenerte en las maquetas interactivas.<\/li>\n<\/ul>\n\n\n\n<h2 class=\"wp-block-heading\" id=\"museo-magritte\">Museo Magritte <span class=\"wp-map-h2-wrapper\"><button type=\"button\" class=\"wp-map-h2-button\" data-dest=\"https:\/\/www.google.com\/maps?q=Mus%C3%A9e+Magritte%2C+B%C3%A9lgica\" role=\"button\" aria-label=\"Ver ubicaci\u00f3n &quot;Mus\u00e9e Magritte, B\u00e9lgica&quot; en Google Maps\" title=\"Abrir mapa de Mus\u00e9e Magritte, B\u00e9lgica\"><svg class=\"wp-map-h2-icon\" width=\"16\" height=\"16\" viewBox=\"0 0 24 24\" fill=\"currentColor\" aria-hidden=\"true\">\n            <path d=\"M12 2C8.13 2 5 5.13 5 9c0 5.25 7 13 7 13s7-7.75 7-13c0-3.87-3.13-7-7-7zm0 9.5c-1.38 0-2.5-1.12-2.5-2.5s1.12-2.5 2.5-2.5 2.5 1.12 2.5 2.5-1.12 2.5-2.5 2.5z\"\/>\n        <\/svg><\/button><\/span><\/h2>\n\n\n\n<figure class=\"wp-block-image size-large\"><img decoding=\"async\" width=\"1024\" height=\"682\" src=\"https:\/\/blog.guruwalk.com\/wp-content\/uploads\/2025\/04\/image-32-1024x682.webp\" alt=\"Museo Magritte en Bruselas\" class=\"wp-image-10026\" srcset=\"https:\/\/blog.guruwalk.com\/wp-content\/uploads\/2025\/04\/image-32-1024x682.webp 1024w, https:\/\/blog.guruwalk.com\/wp-content\/uploads\/2025\/04\/image-32-300x200.webp 300w, https:\/\/blog.guruwalk.com\/wp-content\/uploads\/2025\/04\/image-32-768x512.webp 768w, https:\/\/blog.guruwalk.com\/wp-content\/uploads\/2025\/04\/image-32-1536x1023.webp 1536w, https:\/\/blog.guruwalk.com\/wp-content\/uploads\/2025\/04\/image-32.webp 1600w\" sizes=\"(max-width: 1024px) 100vw, 1024px\" \/><figcaption class=\"wp-element-caption\">Museo Magritte en Bruselas.<\/figcaption><\/figure>\n\n\n\n<p class=\"wp-block-paragraph\">El museo re\u00fane la mayor colecci\u00f3n dedicada al artista surrealista Ren\u00e9 Magritte. Consulta disponibilidad, horarios y requisitos de reserva antes de la visita.<\/p>\n\n\n\n<pre class=\"wp-block-preformatted has-background\" style=\"background-color:#a1cc2921\"><strong>PLANIFICACI\u00d3N<\/strong>\nSe encuentra en Mont des Arts, por lo que puede combinarse a pie con los Reales Museos de Bellas Artes y el Museo de Instrumentos Musicales.<\/pre>\n\n\n\n<h2 class=\"wp-block-heading\" id=\"parlamento-europeo\">Parlamento Europeo <span class=\"wp-map-h2-wrapper\"><button type=\"button\" class=\"wp-map-h2-button\" data-dest=\"https:\/\/www.google.com\/maps?q=Parlamento+Europeo%2C+B%C3%A9lgica\" role=\"button\" aria-label=\"Ver ubicaci\u00f3n &quot;Parlamento Europeo, B\u00e9lgica&quot; en Google Maps\" title=\"Abrir mapa de Parlamento Europeo, B\u00e9lgica\"><svg class=\"wp-map-h2-icon\" width=\"16\" height=\"16\" viewBox=\"0 0 24 24\" fill=\"currentColor\" aria-hidden=\"true\">\n            <path d=\"M12 2C8.13 2 5 5.13 5 9c0 5.25 7 13 7 13s7-7.75 7-13c0-3.87-3.13-7-7-7zm0 9.5c-1.38 0-2.5-1.12-2.5-2.5s1.12-2.5 2.5-2.5 2.5 1.12 2.5 2.5-1.12 2.5-2.5 2.5z\"\/>\n        <\/svg><\/button><\/span><\/h2>\n\n\n\n<figure class=\"wp-block-image size-large\"><img decoding=\"async\" width=\"1024\" height=\"612\" src=\"https:\/\/blog.guruwalk.com\/wp-content\/uploads\/2025\/04\/image-33-1024x612.webp\" alt=\"Hemiciclo del Parlamento Europeo en Bruselas\" class=\"wp-image-10034\" srcset=\"https:\/\/blog.guruwalk.com\/wp-content\/uploads\/2025\/04\/image-33-1024x612.webp 1024w, https:\/\/blog.guruwalk.com\/wp-content\/uploads\/2025\/04\/image-33-300x179.webp 300w, https:\/\/blog.guruwalk.com\/wp-content\/uploads\/2025\/04\/image-33-768x459.webp 768w, https:\/\/blog.guruwalk.com\/wp-content\/uploads\/2025\/04\/image-33-1536x918.webp 1536w, https:\/\/blog.guruwalk.com\/wp-content\/uploads\/2025\/04\/image-33.webp 1600w\" sizes=\"(max-width: 1024px) 100vw, 1024px\" \/><figcaption class=\"wp-element-caption\">Hemiciclo del Parlamento Europeo en Bruselas.<\/figcaption><\/figure>\n\n\n\n<p class=\"wp-block-paragraph\">La visita puede incluir el hemiciclo, cuando la actividad parlamentaria lo permite, y el <a href=\"https:\/\/www.europarl.europa.eu\/visiting\/es\/\" rel=\"nofollow noreferrer noopener\" target=\"_blank\"><em>Parlamentarium<\/em><\/a>. El acceso al hemiciclo requiere documento de identidad y puede exigir reserva; consulta las condiciones espec\u00edficas antes de ir.<\/p>\n\n\n\n<h3 class=\"wp-block-heading\">Consejos para tu visita<\/h3>\n\n\n\n<ul class=\"wp-block-list\">\n<li>Deja margen para el control de seguridad.<\/li>\n\n\n\n<li>Comprueba los idiomas disponibles para los contenidos multimedia al preparar la visita.<\/li>\n<\/ul>\n\n\n\n<h2 class=\"wp-block-heading\" id=\"palacio-justicia\">Palacio de Justicia <span class=\"wp-map-h2-wrapper\"><button type=\"button\" class=\"wp-map-h2-button\" data-dest=\"https:\/\/www.google.com\/maps?q=Palacio+de+Justicia+de+Bruselas%2C+B%C3%A9lgica\" role=\"button\" aria-label=\"Ver ubicaci\u00f3n &quot;Palacio de Justicia de Bruselas, B\u00e9lgica&quot; en Google Maps\" title=\"Abrir mapa de Palacio de Justicia de Bruselas, B\u00e9lgica\"><svg class=\"wp-map-h2-icon\" width=\"16\" height=\"16\" viewBox=\"0 0 24 24\" fill=\"currentColor\" aria-hidden=\"true\">\n            <path d=\"M12 2C8.13 2 5 5.13 5 9c0 5.25 7 13 7 13s7-7.75 7-13c0-3.87-3.13-7-7-7zm0 9.5c-1.38 0-2.5-1.12-2.5-2.5s1.12-2.5 2.5-2.5 2.5 1.12 2.5 2.5-1.12 2.5-2.5 2.5z\"\/>\n        <\/svg><\/button><\/span><\/h2>\n\n\n\n<figure class=\"wp-block-image size-large\"><img decoding=\"async\" width=\"1024\" height=\"683\" src=\"https:\/\/blog.guruwalk.com\/wp-content\/uploads\/2025\/04\/image-34-1024x683.webp\" alt=\"Palacio de Justicia de Bruselas\" class=\"wp-image-10042\" srcset=\"https:\/\/blog.guruwalk.com\/wp-content\/uploads\/2025\/04\/image-34-1024x683.webp 1024w, https:\/\/blog.guruwalk.com\/wp-content\/uploads\/2025\/04\/image-34-300x200.webp 300w, https:\/\/blog.guruwalk.com\/wp-content\/uploads\/2025\/04\/image-34-768x512.webp 768w, https:\/\/blog.guruwalk.com\/wp-content\/uploads\/2025\/04\/image-34-1536x1024.webp 1536w, https:\/\/blog.guruwalk.com\/wp-content\/uploads\/2025\/04\/image-34.webp 1600w\" sizes=\"(max-width: 1024px) 100vw, 1024px\" \/><figcaption class=\"wp-element-caption\">Palacio de Justicia de Bruselas.<\/figcaption><\/figure>\n\n\n\n<p class=\"wp-block-paragraph\">Este edificio ecl\u00e9ctico del siglo XIX es obra de Joseph Poelaert. La explanada ofrece una vista amplia sobre Marolles y conecta con el barrio mediante el ascensor p\u00fablico.<\/p>\n\n\n\n<h2 class=\"wp-block-heading\" id=\"museo-bellas-artes\">Museo Real de Bellas Artes <span class=\"wp-map-h2-wrapper\"><button type=\"button\" class=\"wp-map-h2-button\" data-dest=\"https:\/\/www.google.com\/maps?q=Museos+Reales+de+Bellas+Artes+de+B%C3%A9lgica%2C+B%C3%A9lgica\" role=\"button\" aria-label=\"Ver ubicaci\u00f3n &quot;Museos Reales de Bellas Artes de B\u00e9lgica, B\u00e9lgica&quot; en Google Maps\" title=\"Abrir mapa de Museos Reales de Bellas Artes de B\u00e9lgica, B\u00e9lgica\"><svg class=\"wp-map-h2-icon\" width=\"16\" height=\"16\" viewBox=\"0 0 24 24\" fill=\"currentColor\" aria-hidden=\"true\">\n            <path d=\"M12 2C8.13 2 5 5.13 5 9c0 5.25 7 13 7 13s7-7.75 7-13c0-3.87-3.13-7-7-7zm0 9.5c-1.38 0-2.5-1.12-2.5-2.5s1.12-2.5 2.5-2.5 2.5 1.12 2.5 2.5-1.12 2.5-2.5 2.5z\"\/>\n        <\/svg><\/button><\/span><\/h2>\n\n\n\n<figure class=\"wp-block-image size-large\"><img decoding=\"async\" width=\"1024\" height=\"897\" src=\"https:\/\/blog.guruwalk.com\/wp-content\/uploads\/2025\/04\/image-35-1024x897.webp\" alt=\"Escultura en el Museo Real de Bellas Artes de Bruselas\" class=\"wp-image-10050\" srcset=\"https:\/\/blog.guruwalk.com\/wp-content\/uploads\/2025\/04\/image-35-1024x897.webp 1024w, https:\/\/blog.guruwalk.com\/wp-content\/uploads\/2025\/04\/image-35-300x263.webp 300w, https:\/\/blog.guruwalk.com\/wp-content\/uploads\/2025\/04\/image-35-768x673.webp 768w, https:\/\/blog.guruwalk.com\/wp-content\/uploads\/2025\/04\/image-35-1536x1346.webp 1536w, https:\/\/blog.guruwalk.com\/wp-content\/uploads\/2025\/04\/image-35.webp 1600w\" sizes=\"(max-width: 1024px) 100vw, 1024px\" \/><figcaption class=\"wp-element-caption\">Escultura en el Museo Real de Bellas Artes de Bruselas.<\/figcaption><\/figure>\n\n\n\n<p class=\"wp-block-paragraph\">El conjunto de los <a href=\"https:\/\/fine-arts-museum.be\/es\" rel=\"nofollow noreferrer noopener\" target=\"_blank\">Museos Reales de Bellas Artes de B\u00e9lgica<\/a> incluye colecciones de Antiguos Maestros, Fin de Si\u00e8cle y arte moderno, con obras de Bruegel y Rubens. Consulta qu\u00e9 espacios est\u00e1n abiertos y la disponibilidad de entradas.<\/p>\n\n\n<div class=\"gw-products-block\" style=\"--gw-nav-width:30px; --gw-nav-height:30px; --gw-chevron-w:15px; --gw-chevron-h:15px; --gw-circle-color:#0a5bd9; --gw-chevron-color:#0a5bd9;\"><div class=\"gw-products-carousel\" aria-live=\"polite\"><article class=\"gw-card\"><div class=\"gw-card__image\"><img decoding=\"async\" class=\"gw-card__photo\" src=\"https:\/\/blog.guruwalk.com\/wp-content\/uploads\/gw-products\/images\/61085a0b1e317f7b6cd3551e2e1927ef.webp\" alt=\"Bruselas: ticket de entrada al Belgian Beer World con azotea y cerveza gratis\" loading=\"lazy\" \/><\/div><div class=\"gw-card__body\"><h3 class=\"gw-card__title\">Bruselas: ticket de entrada al Belgian Beer World con azotea y cerveza gratis<\/h3><div class=\"gw-card__footer\"><div class=\"gw-card__meta\"><div class=\"gw-rating\" aria-label=\"Valoraci\u00f3n 4.5 de 5\"><span class=\"gw-star gw-star--full\" aria-hidden=\"true\">\u2605<\/span><span class=\"gw-star gw-star--full\" aria-hidden=\"true\">\u2605<\/span><span class=\"gw-star gw-star--full\" aria-hidden=\"true\">\u2605<\/span><span class=\"gw-star gw-star--full\" aria-hidden=\"true\">\u2605<\/span><span class=\"gw-star gw-star--half\" aria-hidden=\"true\">\u2606<\/span><span class=\"gw-rating__count\">4,5 (1239)<\/span><\/div><\/div><div class=\"gw-card__price\">Desde \u20ac21,50<\/div><\/div><\/div><a class=\"gw-card__link\" href=\"https:\/\/www.guruwalk.com\/es\/walks\/p111827-bruselas-ticket-de-entrada-al-belgian-beer-world-con-azotea-y-cerveza-gratis-cGFub3B0ZXM\" target=\"_blank\" rel=\"noopener\" aria-label=\"Bruselas: ticket de entrada al Belgian Beer World con azotea y cerveza gratis\"><\/a><\/article><article class=\"gw-card\"><div class=\"gw-card__image\"><img decoding=\"async\" class=\"gw-card__photo\" src=\"https:\/\/blog.guruwalk.com\/wp-content\/uploads\/gw-products\/images\/9f4b7c053867066413738ed8da2ec17d.webp\" alt=\"Bruselas: ticket de entrada al Museo Villa Empain y Art D\u00e9co\" loading=\"lazy\" \/><\/div><div class=\"gw-card__body\"><h3 class=\"gw-card__title\">Bruselas: ticket de entrada al Museo Villa Empain y Art D\u00e9co<\/h3><div class=\"gw-card__footer\"><div class=\"gw-card__price\">Desde \u20ac54,00<\/div><\/div><\/div><a class=\"gw-card__link\" href=\"https:\/\/www.guruwalk.com\/es\/walks\/p240586-bruselas-ticket-de-entrada-al-museo-villa-empain-y-art-deco-cGFub3B0ZXM\" target=\"_blank\" rel=\"noopener\" aria-label=\"Bruselas: ticket de entrada al Museo Villa Empain y Art D\u00e9co\"><\/a><\/article><article class=\"gw-card\"><div class=\"gw-card__image\"><img decoding=\"async\" class=\"gw-card__photo\" src=\"https:\/\/blog.guruwalk.com\/wp-content\/uploads\/gw-products\/images\/2289cbc8f23798e8edd5b2579c6a0173.webp\" alt=\"Bruselas: ticket de entrada al museo Van Buuren y a los jardines hist\u00f3ricos\" loading=\"lazy\" \/><\/div><div class=\"gw-card__body\"><h3 class=\"gw-card__title\">Bruselas: ticket de entrada al museo Van Buuren y a los jardines hist\u00f3ricos<\/h3><div class=\"gw-card__footer\"><div class=\"gw-card__price\">Desde \u20ac61,00<\/div><\/div><\/div><a class=\"gw-card__link\" href=\"https:\/\/www.guruwalk.com\/es\/walks\/p240584-bruselas-ticket-de-entrada-al-museo-van-buuren-y-a-los-jardines-historicos-cGFub3B0ZXM\" target=\"_blank\" rel=\"noopener\" aria-label=\"Bruselas: ticket de entrada al museo Van Buuren y a los jardines hist\u00f3ricos\"><\/a><\/article><article class=\"gw-card\"><div class=\"gw-card__image\"><img decoding=\"async\" class=\"gw-card__photo\" src=\"https:\/\/blog.guruwalk.com\/wp-content\/uploads\/gw-products\/images\/9015ca4f17d79bae83f199f328c4785b.webp\" alt=\"Entrada al parque de atracciones Walibi\" loading=\"lazy\" \/><\/div><div class=\"gw-card__body\"><h3 class=\"gw-card__title\">Entrada al parque de atracciones Walibi<\/h3><div class=\"gw-card__footer\"><div class=\"gw-card__price\">Desde \u20ac55,00<\/div><\/div><\/div><a class=\"gw-card__link\" href=\"https:\/\/www.guruwalk.com\/es\/walks\/p173460-entrada-al-parque-de-atracciones-walibi\" target=\"_blank\" rel=\"noopener\" aria-label=\"Entrada al parque de atracciones Walibi\"><\/a><\/article><\/div><div class=\"gw-vertical-link-container\"><a href=\"https:\/\/www.guruwalk.com\/es\/a\/bruselas\/v67048-entradas-y-museos-bruselas\" target=\"_blank\" rel=\"noopener\" style=\"font-weight: bold;\">+ Entradas y Museos<\/a><\/div><\/div>\n\n\n<h2 class=\"wp-block-heading\" id=\"parque-cincuentenario\">Parque del Cincuentenario <span class=\"wp-map-h2-wrapper\"><button type=\"button\" class=\"wp-map-h2-button\" data-dest=\"https:\/\/www.google.com\/maps?q=Parc+du+Cinquantenaire%2C+B%C3%A9lgica\" role=\"button\" aria-label=\"Ver ubicaci\u00f3n &quot;Parc du Cinquantenaire, B\u00e9lgica&quot; en Google Maps\" title=\"Abrir mapa de Parc du Cinquantenaire, B\u00e9lgica\"><svg class=\"wp-map-h2-icon\" width=\"16\" height=\"16\" viewBox=\"0 0 24 24\" fill=\"currentColor\" aria-hidden=\"true\">\n            <path d=\"M12 2C8.13 2 5 5.13 5 9c0 5.25 7 13 7 13s7-7.75 7-13c0-3.87-3.13-7-7-7zm0 9.5c-1.38 0-2.5-1.12-2.5-2.5s1.12-2.5 2.5-2.5 2.5 1.12 2.5 2.5-1.12 2.5-2.5 2.5z\"\/>\n        <\/svg><\/button><\/span><\/h2>\n\n\n\n<figure class=\"wp-block-image size-large\"><img decoding=\"async\" width=\"1024\" height=\"798\" src=\"https:\/\/blog.guruwalk.com\/wp-content\/uploads\/2025\/04\/image-36-1024x798.webp\" alt=\"Arco monumental del Parque del Cincuentenario en Bruselas\" class=\"wp-image-10058\" srcset=\"https:\/\/blog.guruwalk.com\/wp-content\/uploads\/2025\/04\/image-36-1024x798.webp 1024w, https:\/\/blog.guruwalk.com\/wp-content\/uploads\/2025\/04\/image-36-300x234.webp 300w, https:\/\/blog.guruwalk.com\/wp-content\/uploads\/2025\/04\/image-36-768x599.webp 768w, https:\/\/blog.guruwalk.com\/wp-content\/uploads\/2025\/04\/image-36.webp 1056w\" sizes=\"(max-width: 1024px) 100vw, 1024px\" \/><figcaption class=\"wp-element-caption\">Arco monumental del Parque del Cincuentenario en Bruselas.<\/figcaption><\/figure>\n\n\n\n<p class=\"wp-block-paragraph\">El parque re\u00fane un arco triunfal, jardines y museos como Autoworld y Arte e Historia. Se combina con el Barrio Europeo mediante un paseo directo.<\/p>\n\n\n\n<h2 class=\"wp-block-heading\" id=\"parque-bruselas\">Parque de Bruselas <span class=\"wp-map-h2-wrapper\"><button type=\"button\" class=\"wp-map-h2-button\" data-dest=\"https:\/\/www.google.com\/maps?q=Parc+de+Bruxelles%2C+B%C3%A9lgica\" role=\"button\" aria-label=\"Ver ubicaci\u00f3n &quot;Parc de Bruxelles, B\u00e9lgica&quot; en Google Maps\" title=\"Abrir mapa de Parc de Bruxelles, B\u00e9lgica\"><svg class=\"wp-map-h2-icon\" width=\"16\" height=\"16\" viewBox=\"0 0 24 24\" fill=\"currentColor\" aria-hidden=\"true\">\n            <path d=\"M12 2C8.13 2 5 5.13 5 9c0 5.25 7 13 7 13s7-7.75 7-13c0-3.87-3.13-7-7-7zm0 9.5c-1.38 0-2.5-1.12-2.5-2.5s1.12-2.5 2.5-2.5 2.5 1.12 2.5 2.5-1.12 2.5-2.5 2.5z\"\/>\n        <\/svg><\/button><\/span><\/h2>\n\n\n\n<figure class=\"wp-block-image size-large\"><img decoding=\"async\" width=\"1024\" height=\"683\" src=\"https:\/\/blog.guruwalk.com\/wp-content\/uploads\/2025\/04\/parque-de-bruselas-1024x683.webp\" alt=\"Parque de Bruselas junto al Palacio Real\" class=\"wp-image-38362\" srcset=\"https:\/\/blog.guruwalk.com\/wp-content\/uploads\/2025\/04\/parque-de-bruselas-1024x683.webp 1024w, https:\/\/blog.guruwalk.com\/wp-content\/uploads\/2025\/04\/parque-de-bruselas-300x200.webp 300w, https:\/\/blog.guruwalk.com\/wp-content\/uploads\/2025\/04\/parque-de-bruselas-768x512.webp 768w, https:\/\/blog.guruwalk.com\/wp-content\/uploads\/2025\/04\/parque-de-bruselas.webp 1536w\" sizes=\"(max-width: 1024px) 100vw, 1024px\" \/><figcaption class=\"wp-element-caption\">Parque de Bruselas junto al Palacio Real.<\/figcaption><\/figure>\n\n\n\n<p class=\"wp-block-paragraph\">Este jard\u00edn cl\u00e1sico se encuentra entre el Palacio Real y el Parlamento belga. Sus caminos permiten cruzar a pie entre la zona institucional y el centro.<\/p>\n\n\n\n<h2 class=\"wp-block-heading\" id=\"basilica-sagrado-corazon\">Bas\u00edlica del Sagrado Coraz\u00f3n <span class=\"wp-map-h2-wrapper\"><button type=\"button\" class=\"wp-map-h2-button\" data-dest=\"https:\/\/www.google.com\/maps?q=Basilique+du+Sacr%C3%A9-C%C5%93ur+de+Koekelberg%2C+B%C3%A9lgica\" role=\"button\" aria-label=\"Ver ubicaci\u00f3n &quot;Basilique du Sacr\u00e9-C\u0153ur de Koekelberg, B\u00e9lgica&quot; en Google Maps\" title=\"Abrir mapa de Basilique du Sacr\u00e9-C\u0153ur de Koekelberg, B\u00e9lgica\"><svg class=\"wp-map-h2-icon\" width=\"16\" height=\"16\" viewBox=\"0 0 24 24\" fill=\"currentColor\" aria-hidden=\"true\">\n            <path d=\"M12 2C8.13 2 5 5.13 5 9c0 5.25 7 13 7 13s7-7.75 7-13c0-3.87-3.13-7-7-7zm0 9.5c-1.38 0-2.5-1.12-2.5-2.5s1.12-2.5 2.5-2.5 2.5 1.12 2.5 2.5-1.12 2.5-2.5 2.5z\"\/>\n        <\/svg><\/button><\/span><\/h2>\n\n\n\n<figure class=\"wp-block-image size-large\"><img decoding=\"async\" width=\"1024\" height=\"683\" src=\"https:\/\/blog.guruwalk.com\/wp-content\/uploads\/2025\/04\/Basilica-del-Sagrado-Corazon-bruselas-1024x683.webp\" alt=\"Bas\u00edlica del Sagrado Coraz\u00f3n de Koekelberg en Bruselas\" class=\"wp-image-38351\" srcset=\"https:\/\/blog.guruwalk.com\/wp-content\/uploads\/2025\/04\/Basilica-del-Sagrado-Corazon-bruselas-1024x683.webp 1024w, https:\/\/blog.guruwalk.com\/wp-content\/uploads\/2025\/04\/Basilica-del-Sagrado-Corazon-bruselas-300x200.webp 300w, https:\/\/blog.guruwalk.com\/wp-content\/uploads\/2025\/04\/Basilica-del-Sagrado-Corazon-bruselas-768x512.webp 768w, https:\/\/blog.guruwalk.com\/wp-content\/uploads\/2025\/04\/Basilica-del-Sagrado-Corazon-bruselas.webp 1536w\" sizes=\"(max-width: 1024px) 100vw, 1024px\" \/><figcaption class=\"wp-element-caption\">Bas\u00edlica del Sagrado Coraz\u00f3n de Koekelberg en Bruselas.<\/figcaption><\/figure>\n\n\n\n<p class=\"wp-block-paragraph\">La bas\u00edlica <em>art d\u00e9co<\/em> cuenta con una c\u00fapula panor\u00e1mica. Consulta los horarios vigentes de la iglesia y del mirador. Desde el centro se llega en metro y tranv\u00eda, con conexi\u00f3n por Simonis o Elisabeth.<\/p>\n\n\n\n<h2 class=\"wp-block-heading\" id=\"museo-instrumentos-musicales\">Museo de Instrumentos Musicales <span class=\"wp-map-h2-wrapper\"><button type=\"button\" class=\"wp-map-h2-button\" data-dest=\"https:\/\/www.google.com\/maps?q=Musical+Instruments+Museum+%28MIM%29%2C+B%C3%A9lgica\" role=\"button\" aria-label=\"Ver ubicaci\u00f3n &quot;Musical Instruments Museum (MIM), B\u00e9lgica&quot; en Google Maps\" title=\"Abrir mapa de Musical Instruments Museum (MIM), B\u00e9lgica\"><svg class=\"wp-map-h2-icon\" width=\"16\" height=\"16\" viewBox=\"0 0 24 24\" fill=\"currentColor\" aria-hidden=\"true\">\n            <path d=\"M12 2C8.13 2 5 5.13 5 9c0 5.25 7 13 7 13s7-7.75 7-13c0-3.87-3.13-7-7-7zm0 9.5c-1.38 0-2.5-1.12-2.5-2.5s1.12-2.5 2.5-2.5 2.5 1.12 2.5 2.5-1.12 2.5-2.5 2.5z\"\/>\n        <\/svg><\/button><\/span><\/h2>\n\n\n\n<figure class=\"wp-block-image size-large\"><img decoding=\"async\" width=\"1024\" height=\"681\" src=\"https:\/\/blog.guruwalk.com\/wp-content\/uploads\/2025\/04\/image-39-1024x681.webp\" alt=\"Edificio Old England del Museo de Instrumentos Musicales en Bruselas\" class=\"wp-image-10082\" srcset=\"https:\/\/blog.guruwalk.com\/wp-content\/uploads\/2025\/04\/image-39-1024x681.webp 1024w, https:\/\/blog.guruwalk.com\/wp-content\/uploads\/2025\/04\/image-39-300x200.webp 300w, https:\/\/blog.guruwalk.com\/wp-content\/uploads\/2025\/04\/image-39-768x511.webp 768w, https:\/\/blog.guruwalk.com\/wp-content\/uploads\/2025\/04\/image-39-1536x1021.webp 1536w, https:\/\/blog.guruwalk.com\/wp-content\/uploads\/2025\/04\/image-39.webp 1600w\" sizes=\"(max-width: 1024px) 100vw, 1024px\" \/><figcaption class=\"wp-element-caption\">Edificio Old England del Museo de Instrumentos Musicales en Bruselas.<\/figcaption><\/figure>\n\n\n\n<p class=\"wp-block-paragraph\">Su colecci\u00f3n ocupa el edificio <em>Old England<\/em>, una referencia del <em>art nouveau<\/em> de Bruselas. Comprueba los horarios y la disponibilidad antes de acudir.<\/p>\n\n\n\n<h2 class=\"wp-block-heading\" id=\"museo-comic\">Museo del C\u00f3mic <span class=\"wp-map-h2-wrapper\"><button type=\"button\" class=\"wp-map-h2-button\" data-dest=\"https:\/\/www.google.com\/maps?q=Belgian+Comic+Strip+Center%2C+B%C3%A9lgica\" role=\"button\" aria-label=\"Ver ubicaci\u00f3n &quot;Belgian Comic Strip Center, B\u00e9lgica&quot; en Google Maps\" title=\"Abrir mapa de Belgian Comic Strip Center, B\u00e9lgica\"><svg class=\"wp-map-h2-icon\" width=\"16\" height=\"16\" viewBox=\"0 0 24 24\" fill=\"currentColor\" aria-hidden=\"true\">\n            <path d=\"M12 2C8.13 2 5 5.13 5 9c0 5.25 7 13 7 13s7-7.75 7-13c0-3.87-3.13-7-7-7zm0 9.5c-1.38 0-2.5-1.12-2.5-2.5s1.12-2.5 2.5-2.5 2.5 1.12 2.5 2.5-1.12 2.5-2.5 2.5z\"\/>\n        <\/svg><\/button><\/span><\/h2>\n\n\n\n<figure class=\"wp-block-image size-large\"><img decoding=\"async\" width=\"1024\" height=\"683\" src=\"https:\/\/blog.guruwalk.com\/wp-content\/uploads\/2025\/04\/museo-comic-bruselas-1024x683.webp\" alt=\"Museo del C\u00f3mic de Bruselas en un edificio de Victor Horta\" class=\"wp-image-38356\" srcset=\"https:\/\/blog.guruwalk.com\/wp-content\/uploads\/2025\/04\/museo-comic-bruselas-1024x683.webp 1024w, https:\/\/blog.guruwalk.com\/wp-content\/uploads\/2025\/04\/museo-comic-bruselas-300x200.webp 300w, https:\/\/blog.guruwalk.com\/wp-content\/uploads\/2025\/04\/museo-comic-bruselas-768x512.webp 768w, https:\/\/blog.guruwalk.com\/wp-content\/uploads\/2025\/04\/museo-comic-bruselas.webp 1536w\" sizes=\"(max-width: 1024px) 100vw, 1024px\" \/><figcaption class=\"wp-element-caption\">Museo del C\u00f3mic de Bruselas, ubicado en un edificio de Victor Horta.<\/figcaption><\/figure>\n\n\n\n<p class=\"wp-block-paragraph\">El museo explica la tradici\u00f3n belga del c\u00f3mic dentro de un edificio dise\u00f1ado por Victor Horta. Consulta sus horarios y combina la visita con la Ruta del C\u00f3mic por las calles del centro.<\/p>\n\n\n\n<h2 class=\"wp-block-heading\" id=\"place-grand-sablon\">Place du Grand Sablon <span class=\"wp-map-h2-wrapper\"><button type=\"button\" class=\"wp-map-h2-button\" data-dest=\"https:\/\/www.google.com\/maps?q=Place+du+Grand+Sablon%2C+B%C3%A9lgica\" role=\"button\" aria-label=\"Ver ubicaci\u00f3n &quot;Place du Grand Sablon, B\u00e9lgica&quot; en Google Maps\" title=\"Abrir mapa de Place du Grand Sablon, B\u00e9lgica\"><svg class=\"wp-map-h2-icon\" width=\"16\" height=\"16\" viewBox=\"0 0 24 24\" fill=\"currentColor\" aria-hidden=\"true\">\n            <path d=\"M12 2C8.13 2 5 5.13 5 9c0 5.25 7 13 7 13s7-7.75 7-13c0-3.87-3.13-7-7-7zm0 9.5c-1.38 0-2.5-1.12-2.5-2.5s1.12-2.5 2.5-2.5 2.5 1.12 2.5 2.5-1.12 2.5-2.5 2.5z\"\/>\n        <\/svg><\/button><\/span><\/h2>\n\n\n\n<figure class=\"wp-block-image size-large\"><img decoding=\"async\" width=\"1024\" height=\"682\" src=\"https:\/\/blog.guruwalk.com\/wp-content\/uploads\/2025\/04\/image-40-1024x682.webp\" alt=\"Place du Grand Sablon en Bruselas\" class=\"wp-image-10090\" srcset=\"https:\/\/blog.guruwalk.com\/wp-content\/uploads\/2025\/04\/image-40-1024x682.webp 1024w, https:\/\/blog.guruwalk.com\/wp-content\/uploads\/2025\/04\/image-40-300x200.webp 300w, https:\/\/blog.guruwalk.com\/wp-content\/uploads\/2025\/04\/image-40-768x512.webp 768w, https:\/\/blog.guruwalk.com\/wp-content\/uploads\/2025\/04\/image-40.webp 1280w\" sizes=\"(max-width: 1024px) 100vw, 1024px\" \/><figcaption class=\"wp-element-caption\">Place du Grand Sablon en Bruselas.<\/figcaption><\/figure>\n\n\n\n<p class=\"wp-block-paragraph\">La plaza concentra anticuarios y chocolater\u00edas. Los fines de semana suele celebrarse un mercado de antig\u00fcedades alrededor de sus jardines.<\/p>\n\n\n\n<pre class=\"wp-block-preformatted has-background\" style=\"background-color:#a1cc2921\"><strong>REFERENCIA LOCAL<\/strong>\nPierre Marcolini y Wittamer se encuentran frente a frente en la plaza, lo que facilita comparar sus especialidades.<\/pre>\n\n\n\n<h2 class=\"wp-block-heading\" id=\"delirium-cafe\">Delirium Caf\u00e9 <span class=\"wp-map-h2-wrapper\"><button type=\"button\" class=\"wp-map-h2-button\" data-dest=\"https:\/\/www.google.com\/maps?q=Delirium+Caf%C3%A9%2C+B%C3%A9lgica\" role=\"button\" aria-label=\"Ver ubicaci\u00f3n &quot;Delirium Caf\u00e9, B\u00e9lgica&quot; en Google Maps\" title=\"Abrir mapa de Delirium Caf\u00e9, B\u00e9lgica\"><svg class=\"wp-map-h2-icon\" width=\"16\" height=\"16\" viewBox=\"0 0 24 24\" fill=\"currentColor\" aria-hidden=\"true\">\n            <path d=\"M12 2C8.13 2 5 5.13 5 9c0 5.25 7 13 7 13s7-7.75 7-13c0-3.87-3.13-7-7-7zm0 9.5c-1.38 0-2.5-1.12-2.5-2.5s1.12-2.5 2.5-2.5 2.5 1.12 2.5 2.5-1.12 2.5-2.5 2.5z\"\/>\n        <\/svg><\/button><\/span><\/h2>\n\n\n\n<figure class=\"wp-block-image size-large\"><img decoding=\"async\" width=\"1024\" height=\"681\" src=\"https:\/\/blog.guruwalk.com\/wp-content\/uploads\/2025\/04\/image-41-1024x681.webp\" alt=\"Interior de Delirium Caf\u00e9 en Bruselas\" class=\"wp-image-10098\" srcset=\"https:\/\/blog.guruwalk.com\/wp-content\/uploads\/2025\/04\/image-41-1024x681.webp 1024w, https:\/\/blog.guruwalk.com\/wp-content\/uploads\/2025\/04\/image-41-300x200.webp 300w, https:\/\/blog.guruwalk.com\/wp-content\/uploads\/2025\/04\/image-41-768x511.webp 768w, https:\/\/blog.guruwalk.com\/wp-content\/uploads\/2025\/04\/image-41-1536x1021.webp 1536w, https:\/\/blog.guruwalk.com\/wp-content\/uploads\/2025\/04\/image-41.webp 1600w\" sizes=\"(max-width: 1024px) 100vw, 1024px\" \/><figcaption class=\"wp-element-caption\">Interior de Delirium Caf\u00e9 en Bruselas.<\/figcaption><\/figure>\n\n\n\n<p class=\"wp-block-paragraph\">El local es conocido por la amplitud de su carta y obtuvo en 2004 un r\u00e9cord Guinness por la variedad de cervezas servidas.<\/p>\n\n\n\n<h3 class=\"wp-block-heading\">Consejos para tu visita<\/h3>\n\n\n\n<ul class=\"wp-block-list\">\n<li>Consulta la carta por estilos para acotar la elecci\u00f3n.<\/li>\n\n\n\n<li>Pide orientaci\u00f3n sobre estilos como <em>lambic<\/em>, trapense o <em>saison<\/em>.<\/li>\n<\/ul>\n\n\n\n<h2 class=\"wp-block-heading\" id=\"ruta-comic\">Ruta del C\u00f3mic <span class=\"wp-map-h2-wrapper\"><button type=\"button\" class=\"wp-map-h2-button\" data-dest=\"https:\/\/www.google.com\/maps?q=Parcours+BD+%28Ruta+del+C%C3%B3mic%29%2C+B%C3%A9lgica\" role=\"button\" aria-label=\"Ver ubicaci\u00f3n &quot;Parcours BD (Ruta del C\u00f3mic), B\u00e9lgica&quot; en Google Maps\" title=\"Abrir mapa de Parcours BD (Ruta del C\u00f3mic), B\u00e9lgica\"><svg class=\"wp-map-h2-icon\" width=\"16\" height=\"16\" viewBox=\"0 0 24 24\" fill=\"currentColor\" aria-hidden=\"true\">\n            <path d=\"M12 2C8.13 2 5 5.13 5 9c0 5.25 7 13 7 13s7-7.75 7-13c0-3.87-3.13-7-7-7zm0 9.5c-1.38 0-2.5-1.12-2.5-2.5s1.12-2.5 2.5-2.5 2.5 1.12 2.5 2.5-1.12 2.5-2.5 2.5z\"\/>\n        <\/svg><\/button><\/span><\/h2>\n\n\n\n<figure class=\"wp-block-image size-large\"><img decoding=\"async\" width=\"768\" height=\"1024\" src=\"https:\/\/blog.guruwalk.com\/wp-content\/uploads\/2025\/04\/image-42-768x1024.webp\" alt=\"Mural de la Ruta del C\u00f3mic en Bruselas\" class=\"wp-image-10106\" srcset=\"https:\/\/blog.guruwalk.com\/wp-content\/uploads\/2025\/04\/image-42-768x1024.webp 768w, https:\/\/blog.guruwalk.com\/wp-content\/uploads\/2025\/04\/image-42-225x300.webp 225w, https:\/\/blog.guruwalk.com\/wp-content\/uploads\/2025\/04\/image-42-1152x1536.webp 1152w, https:\/\/blog.guruwalk.com\/wp-content\/uploads\/2025\/04\/image-42-1536x2048.webp 1536w, https:\/\/blog.guruwalk.com\/wp-content\/uploads\/2025\/04\/image-42.webp 1600w\" sizes=\"(max-width: 768px) 100vw, 768px\" \/><figcaption class=\"wp-element-caption\">Mural de la Ruta del C\u00f3mic en Bruselas.<\/figcaption><\/figure>\n\n\n\n<p class=\"wp-block-paragraph\">M\u00e1s de 60 murales oficiales est\u00e1n dedicados a personajes como Tint\u00edn, Lucky Luke y los Pitufos. Un mapa municipal permite elegir un itinerario por el centro en lugar de intentar completar la ruta de una vez.<\/p>\n\n\n\n<h2 class=\"wp-block-heading\" id=\"place-sainte-catherine\">Place Sainte-Catherine <span class=\"wp-map-h2-wrapper\"><button type=\"button\" class=\"wp-map-h2-button\" data-dest=\"https:\/\/www.google.com\/maps?q=Place+Sainte-Catherine%2C+B%C3%A9lgica\" role=\"button\" aria-label=\"Ver ubicaci\u00f3n &quot;Place Sainte-Catherine, B\u00e9lgica&quot; en Google Maps\" title=\"Abrir mapa de Place Sainte-Catherine, B\u00e9lgica\"><svg class=\"wp-map-h2-icon\" width=\"16\" height=\"16\" viewBox=\"0 0 24 24\" fill=\"currentColor\" aria-hidden=\"true\">\n            <path d=\"M12 2C8.13 2 5 5.13 5 9c0 5.25 7 13 7 13s7-7.75 7-13c0-3.87-3.13-7-7-7zm0 9.5c-1.38 0-2.5-1.12-2.5-2.5s1.12-2.5 2.5-2.5 2.5 1.12 2.5 2.5-1.12 2.5-2.5 2.5z\"\/>\n        <\/svg><\/button><\/span><\/h2>\n\n\n\n<figure class=\"wp-block-image size-large\"><img decoding=\"async\" width=\"1024\" height=\"686\" src=\"https:\/\/blog.guruwalk.com\/wp-content\/uploads\/2025\/04\/image-43-1024x686.webp\" alt=\"Place Sainte-Catherine y su iglesia en Bruselas\" class=\"wp-image-10114\" srcset=\"https:\/\/blog.guruwalk.com\/wp-content\/uploads\/2025\/04\/image-43-1024x686.webp 1024w, https:\/\/blog.guruwalk.com\/wp-content\/uploads\/2025\/04\/image-43-300x201.webp 300w, https:\/\/blog.guruwalk.com\/wp-content\/uploads\/2025\/04\/image-43-768x514.webp 768w, https:\/\/blog.guruwalk.com\/wp-content\/uploads\/2025\/04\/image-43.webp 1280w\" sizes=\"(max-width: 1024px) 100vw, 1024px\" \/><figcaption class=\"wp-element-caption\">Place Sainte-Catherine y su iglesia en Bruselas.<\/figcaption><\/figure>\n\n\n\n<p class=\"wp-block-paragraph\">La zona concentra bares y restaurantes de pescado. Durante la temporada navide\u00f1a forma parte de Winter Wonders; consulta las fechas oficiales de cada edici\u00f3n.<\/p>\n\n\n\n<h2 class=\"wp-block-heading\" id=\"jeanneke-pis\">Jeanneke Pis <span class=\"wp-map-h2-wrapper\"><button type=\"button\" class=\"wp-map-h2-button\" data-dest=\"https:\/\/www.google.com\/maps?q=Jeanneke+Pis%2C+B%C3%A9lgica\" role=\"button\" aria-label=\"Ver ubicaci\u00f3n &quot;Jeanneke Pis, B\u00e9lgica&quot; en Google Maps\" title=\"Abrir mapa de Jeanneke Pis, B\u00e9lgica\"><svg class=\"wp-map-h2-icon\" width=\"16\" height=\"16\" viewBox=\"0 0 24 24\" fill=\"currentColor\" aria-hidden=\"true\">\n            <path d=\"M12 2C8.13 2 5 5.13 5 9c0 5.25 7 13 7 13s7-7.75 7-13c0-3.87-3.13-7-7-7zm0 9.5c-1.38 0-2.5-1.12-2.5-2.5s1.12-2.5 2.5-2.5 2.5 1.12 2.5 2.5-1.12 2.5-2.5 2.5z\"\/>\n        <\/svg><\/button><\/span><\/h2>\n\n\n\n<figure class=\"wp-block-image size-full\"><img decoding=\"async\" width=\"535\" height=\"800\" src=\"https:\/\/blog.guruwalk.com\/wp-content\/uploads\/2025\/04\/image-44.webp\" alt=\"Fuente de Jeanneke Pis en Bruselas\" class=\"wp-image-10122\" srcset=\"https:\/\/blog.guruwalk.com\/wp-content\/uploads\/2025\/04\/image-44.webp 535w, https:\/\/blog.guruwalk.com\/wp-content\/uploads\/2025\/04\/image-44-201x300.webp 201w\" sizes=\"(max-width: 535px) 100vw, 535px\" \/><figcaption class=\"wp-element-caption\">Fuente de Jeanneke Pis en Bruselas.<\/figcaption><\/figure>\n\n\n\n<p class=\"wp-block-paragraph\">Esta figura de 1987 se encuentra en un callej\u00f3n pr\u00f3ximo a Delirium Caf\u00e9. Puede incorporarse sin desv\u00edos a un recorrido entre las Galer\u00edas Saint-Hubert y Sainte-Catherine.<\/p>\n\n\n\n<h2 class=\"wp-block-heading\" id=\"mercado-pulgas\">Mercado de las Pulgas de Jeu de Balle <span class=\"wp-map-h2-wrapper\"><button type=\"button\" class=\"wp-map-h2-button\" data-dest=\"https:\/\/www.google.com\/maps?q=Place+du+Jeu+de+Balle%2C+B%C3%A9lgica\" role=\"button\" aria-label=\"Ver ubicaci\u00f3n &quot;Place du Jeu de Balle, B\u00e9lgica&quot; en Google Maps\" title=\"Abrir mapa de Place du Jeu de Balle, B\u00e9lgica\"><svg class=\"wp-map-h2-icon\" width=\"16\" height=\"16\" viewBox=\"0 0 24 24\" fill=\"currentColor\" aria-hidden=\"true\">\n            <path d=\"M12 2C8.13 2 5 5.13 5 9c0 5.25 7 13 7 13s7-7.75 7-13c0-3.87-3.13-7-7-7zm0 9.5c-1.38 0-2.5-1.12-2.5-2.5s1.12-2.5 2.5-2.5 2.5 1.12 2.5 2.5-1.12 2.5-2.5 2.5z\"\/>\n        <\/svg><\/button><\/span><\/h2>\n\n\n\n<figure class=\"wp-block-image size-large\"><img decoding=\"async\" width=\"1024\" height=\"768\" src=\"https:\/\/blog.guruwalk.com\/wp-content\/uploads\/2025\/04\/image-45-1024x768.webp\" alt=\"Mercado de las Pulgas de Jeu de Balle en Bruselas\" class=\"wp-image-10130\" srcset=\"https:\/\/blog.guruwalk.com\/wp-content\/uploads\/2025\/04\/image-45-1024x768.webp 1024w, https:\/\/blog.guruwalk.com\/wp-content\/uploads\/2025\/04\/image-45-300x225.webp 300w, https:\/\/blog.guruwalk.com\/wp-content\/uploads\/2025\/04\/image-45-768x576.webp 768w, https:\/\/blog.guruwalk.com\/wp-content\/uploads\/2025\/04\/image-45-1536x1152.webp 1536w, https:\/\/blog.guruwalk.com\/wp-content\/uploads\/2025\/04\/image-45.webp 1600w\" sizes=\"(max-width: 1024px) 100vw, 1024px\" \/><figcaption class=\"wp-element-caption\">Mercado de las Pulgas de Jeu de Balle en Bruselas.<\/figcaption><\/figure>\n\n\n\n<p class=\"wp-block-paragraph\">Este rastro se celebra en Marolles desde 1873. Sus puestos ofrecen vinilos, porcelanas, carteles y objetos dom\u00e9sticos; comprueba el horario del d\u00eda de la visita.<\/p>\n\n\n\n<h2 class=\"wp-block-heading\" id=\"paseo-canales\">Paseo en barco por los canales <span class=\"wp-map-h2-wrapper\"><button type=\"button\" class=\"wp-map-h2-button\" data-dest=\"https:\/\/www.google.com\/maps?q=Canal+de+Bruselas%2C+B%C3%A9lgica\" role=\"button\" aria-label=\"Ver ubicaci\u00f3n &quot;Canal de Bruselas, B\u00e9lgica&quot; en Google Maps\" title=\"Abrir mapa de Canal de Bruselas, B\u00e9lgica\"><svg class=\"wp-map-h2-icon\" width=\"16\" height=\"16\" viewBox=\"0 0 24 24\" fill=\"currentColor\" aria-hidden=\"true\">\n            <path d=\"M12 2C8.13 2 5 5.13 5 9c0 5.25 7 13 7 13s7-7.75 7-13c0-3.87-3.13-7-7-7zm0 9.5c-1.38 0-2.5-1.12-2.5-2.5s1.12-2.5 2.5-2.5 2.5 1.12 2.5 2.5-1.12 2.5-2.5 2.5z\"\/>\n        <\/svg><\/button><\/span><\/h2>\n\n\n\n<figure class=\"wp-block-image size-large\"><img decoding=\"async\" width=\"683\" height=\"1024\" src=\"https:\/\/blog.guruwalk.com\/wp-content\/uploads\/2025\/04\/image-46-683x1024.webp\" alt=\"Barco tur\u00edstico en el canal de Bruselas\" class=\"wp-image-10138\" srcset=\"https:\/\/blog.guruwalk.com\/wp-content\/uploads\/2025\/04\/image-46-683x1024.webp 683w, https:\/\/blog.guruwalk.com\/wp-content\/uploads\/2025\/04\/image-46-200x300.webp 200w, https:\/\/blog.guruwalk.com\/wp-content\/uploads\/2025\/04\/image-46-768x1152.webp 768w, https:\/\/blog.guruwalk.com\/wp-content\/uploads\/2025\/04\/image-46-1024x1536.webp 1024w, https:\/\/blog.guruwalk.com\/wp-content\/uploads\/2025\/04\/image-46-1365x2048.webp 1365w, https:\/\/blog.guruwalk.com\/wp-content\/uploads\/2025\/04\/image-46.webp 1600w\" sizes=\"(max-width: 683px) 100vw, 683px\" \/><figcaption class=\"wp-element-caption\">Barco tur\u00edstico en el canal de Bruselas.<\/figcaption><\/figure>\n\n\n\n<p class=\"wp-block-paragraph\">Brussels by Water y Waterbus operan servicios en el canal seg\u00fan la temporada. Consulta el calendario y el punto de embarque antes de incluirlos en el itinerario.<\/p>\n\n\n\n<h2 class=\"wp-block-heading\" id=\"plaza-brouckere\">Plaza de Brouck\u00e8re <span class=\"wp-map-h2-wrapper\"><button type=\"button\" class=\"wp-map-h2-button\" data-dest=\"https:\/\/www.google.com\/maps?q=Place+de+Brouck%C3%A8re%2C+B%C3%A9lgica\" role=\"button\" aria-label=\"Ver ubicaci\u00f3n &quot;Place de Brouck\u00e8re, B\u00e9lgica&quot; en Google Maps\" title=\"Abrir mapa de Place de Brouck\u00e8re, B\u00e9lgica\"><svg class=\"wp-map-h2-icon\" width=\"16\" height=\"16\" viewBox=\"0 0 24 24\" fill=\"currentColor\" aria-hidden=\"true\">\n            <path d=\"M12 2C8.13 2 5 5.13 5 9c0 5.25 7 13 7 13s7-7.75 7-13c0-3.87-3.13-7-7-7zm0 9.5c-1.38 0-2.5-1.12-2.5-2.5s1.12-2.5 2.5-2.5 2.5 1.12 2.5 2.5-1.12 2.5-2.5 2.5z\"\/>\n        <\/svg><\/button><\/span><\/h2>\n\n\n\n<figure class=\"wp-block-image size-large\"><img decoding=\"async\" width=\"1024\" height=\"768\" src=\"https:\/\/blog.guruwalk.com\/wp-content\/uploads\/2025\/04\/image-47-1024x768.webp\" alt=\"Plaza de Brouck\u00e8re en el centro de Bruselas\" class=\"wp-image-10146\" srcset=\"https:\/\/blog.guruwalk.com\/wp-content\/uploads\/2025\/04\/image-47-1024x768.webp 1024w, https:\/\/blog.guruwalk.com\/wp-content\/uploads\/2025\/04\/image-47-300x225.webp 300w, https:\/\/blog.guruwalk.com\/wp-content\/uploads\/2025\/04\/image-47-768x576.webp 768w, https:\/\/blog.guruwalk.com\/wp-content\/uploads\/2025\/04\/image-47-1536x1152.webp 1536w, https:\/\/blog.guruwalk.com\/wp-content\/uploads\/2025\/04\/image-47.webp 1600w\" sizes=\"(max-width: 1024px) 100vw, 1024px\" \/><figcaption class=\"wp-element-caption\">Plaza de Brouck\u00e8re en el centro de Bruselas.<\/figcaption><\/figure>\n\n\n\n<p class=\"wp-block-paragraph\">Es uno de los nodos del centro moderno y est\u00e1 conectado por metro con otras zonas de la ciudad. Durante la Navidad suele acoger parte del mercado y sus atracciones.<\/p>\n\n\n\n<h2 class=\"wp-block-heading\" id=\"petit-sablon\">Place du Petit Sablon <span class=\"wp-map-h2-wrapper\"><button type=\"button\" class=\"wp-map-h2-button\" data-dest=\"https:\/\/www.google.com\/maps?q=Place+du+Petit+Sablon%2C+B%C3%A9lgica\" role=\"button\" aria-label=\"Ver ubicaci\u00f3n &quot;Place du Petit Sablon, B\u00e9lgica&quot; en Google Maps\" title=\"Abrir mapa de Place du Petit Sablon, B\u00e9lgica\"><svg class=\"wp-map-h2-icon\" width=\"16\" height=\"16\" viewBox=\"0 0 24 24\" fill=\"currentColor\" aria-hidden=\"true\">\n            <path d=\"M12 2C8.13 2 5 5.13 5 9c0 5.25 7 13 7 13s7-7.75 7-13c0-3.87-3.13-7-7-7zm0 9.5c-1.38 0-2.5-1.12-2.5-2.5s1.12-2.5 2.5-2.5 2.5 1.12 2.5 2.5-1.12 2.5-2.5 2.5z\"\/>\n        <\/svg><\/button><\/span><\/h2>\n\n\n\n<figure class=\"wp-block-image size-large\"><img decoding=\"async\" width=\"1024\" height=\"683\" src=\"https:\/\/blog.guruwalk.com\/wp-content\/uploads\/2025\/10\/comida-dessert-baked-goods-cake-waffle-1024x683.webp\" alt=\"Gofre belga servido en Bruselas\" class=\"wp-image-38427\" srcset=\"https:\/\/blog.guruwalk.com\/wp-content\/uploads\/2025\/10\/comida-dessert-baked-goods-cake-waffle-1024x683.webp 1024w, https:\/\/blog.guruwalk.com\/wp-content\/uploads\/2025\/10\/comida-dessert-baked-goods-cake-waffle-300x200.webp 300w, https:\/\/blog.guruwalk.com\/wp-content\/uploads\/2025\/10\/comida-dessert-baked-goods-cake-waffle-768x512.webp 768w, https:\/\/blog.guruwalk.com\/wp-content\/uploads\/2025\/10\/comida-dessert-baked-goods-cake-waffle.webp 1536w\" sizes=\"(max-width: 1024px) 100vw, 1024px\" \/><figcaption class=\"wp-element-caption\">Gofre belga, una de las especialidades que se encuentran en Bruselas.<\/figcaption><\/figure>\n\n\n\n<p class=\"wp-block-paragraph\">Este jard\u00edn vallado cuenta con 48 estatuas dedicadas a antiguos oficios y una fuente central. Est\u00e1 a unos minutos a pie de Notre Dame du Sablon y permite completar el recorrido por el barrio.<\/p>\n\n\n\n<h2 class=\"wp-block-heading\" id=\"horta-museum\">Museo Horta <span class=\"wp-map-h2-wrapper\"><button type=\"button\" class=\"wp-map-h2-button\" data-dest=\"https:\/\/www.google.com\/maps?q=Horta+Museum%2C+B%C3%A9lgica\" role=\"button\" aria-label=\"Ver ubicaci\u00f3n &quot;Horta Museum, B\u00e9lgica&quot; en Google Maps\" title=\"Abrir mapa de Horta Museum, B\u00e9lgica\"><svg class=\"wp-map-h2-icon\" width=\"16\" height=\"16\" viewBox=\"0 0 24 24\" fill=\"currentColor\" aria-hidden=\"true\">\n            <path d=\"M12 2C8.13 2 5 5.13 5 9c0 5.25 7 13 7 13s7-7.75 7-13c0-3.87-3.13-7-7-7zm0 9.5c-1.38 0-2.5-1.12-2.5-2.5s1.12-2.5 2.5-2.5 2.5 1.12 2.5 2.5-1.12 2.5-2.5 2.5z\"\/>\n        <\/svg><\/button><\/span><\/h2>\n\n\n\n<figure class=\"wp-block-image size-large\"><img decoding=\"async\" width=\"1024\" height=\"683\" src=\"https:\/\/blog.guruwalk.com\/wp-content\/uploads\/2025\/10\/museo-horta-bruselas-1024x683.webp\" alt=\"Casa taller del Museo Horta en Bruselas\" class=\"wp-image-38437\" srcset=\"https:\/\/blog.guruwalk.com\/wp-content\/uploads\/2025\/10\/museo-horta-bruselas-1024x683.webp 1024w, https:\/\/blog.guruwalk.com\/wp-content\/uploads\/2025\/10\/museo-horta-bruselas-300x200.webp 300w, https:\/\/blog.guruwalk.com\/wp-content\/uploads\/2025\/10\/museo-horta-bruselas-768x512.webp 768w, https:\/\/blog.guruwalk.com\/wp-content\/uploads\/2025\/10\/museo-horta-bruselas.webp 1536w\" sizes=\"(max-width: 1024px) 100vw, 1024px\" \/><figcaption class=\"wp-element-caption\">Casa taller del Museo Horta en Bruselas.<\/figcaption><\/figure>\n\n\n\n<p class=\"wp-block-paragraph\">La casa taller de Victor Horta conserva interiores representativos del <em>art nouveau<\/em>. El aforo es limitado; consulta disponibilidad y requisitos de reserva.<\/p>\n\n\n\n<h2 class=\"wp-block-heading\" id=\"train-world\">Train World <span class=\"wp-map-h2-wrapper\"><button type=\"button\" class=\"wp-map-h2-button\" data-dest=\"https:\/\/www.google.com\/maps?q=Train+World%2C+B%C3%A9lgica\" role=\"button\" aria-label=\"Ver ubicaci\u00f3n &quot;Train World, B\u00e9lgica&quot; en Google Maps\" title=\"Abrir mapa de Train World, B\u00e9lgica\"><svg class=\"wp-map-h2-icon\" width=\"16\" height=\"16\" viewBox=\"0 0 24 24\" fill=\"currentColor\" aria-hidden=\"true\">\n            <path d=\"M12 2C8.13 2 5 5.13 5 9c0 5.25 7 13 7 13s7-7.75 7-13c0-3.87-3.13-7-7-7zm0 9.5c-1.38 0-2.5-1.12-2.5-2.5s1.12-2.5 2.5-2.5 2.5 1.12 2.5 2.5-1.12 2.5-2.5 2.5z\"\/>\n        <\/svg><\/button><\/span><\/h2>\n\n\n\n<figure class=\"wp-block-image size-large\"><img decoding=\"async\" width=\"1024\" height=\"683\" src=\"https:\/\/blog.guruwalk.com\/wp-content\/uploads\/2025\/10\/machine-train-vehicle-train-real-structure-1024x683.webp\" alt=\"Locomotora hist\u00f3rica expuesta en Train World de Bruselas\" class=\"wp-image-38431\" srcset=\"https:\/\/blog.guruwalk.com\/wp-content\/uploads\/2025\/10\/machine-train-vehicle-train-real-structure-1024x683.webp 1024w, https:\/\/blog.guruwalk.com\/wp-content\/uploads\/2025\/10\/machine-train-vehicle-train-real-structure-300x200.webp 300w, https:\/\/blog.guruwalk.com\/wp-content\/uploads\/2025\/10\/machine-train-vehicle-train-real-structure-768x512.webp 768w, https:\/\/blog.guruwalk.com\/wp-content\/uploads\/2025\/10\/machine-train-vehicle-train-real-structure.webp 1536w\" sizes=\"(max-width: 1024px) 100vw, 1024px\" \/><figcaption class=\"wp-element-caption\">Locomotora hist\u00f3rica expuesta en Train World de Bruselas.<\/figcaption><\/figure>\n\n\n\n<p class=\"wp-block-paragraph\">El <a href=\"https:\/\/www.trainworld.be\/es\" rel=\"nofollow noreferrer noopener\" target=\"_blank\">museo Train World<\/a>, situado en Schaerbeek, re\u00fane locomotoras hist\u00f3ricas y una escenograf\u00eda dedicada al ferrocarril belga. Consulta horarios, \u00faltimo acceso y disponibilidad en su web oficial.<\/p>\n\n\n\n<h2 class=\"wp-block-heading\" id=\"que-ver-en-bruselas-1-2-3-dias\">Qu\u00e9 ver en Bruselas en 1, 2 y 3 d\u00edas<\/h2>\n\n\n\n<h3 class=\"wp-block-heading\">Bruselas en 1 d\u00eda: centro hist\u00f3rico<\/h3>\n\n\n\n<p class=\"wp-block-paragraph\">Reserva entre seis y ocho horas para enlazar a pie Grand Place, Galer\u00edas Saint-Hubert, Manneken Pis, Mont des Arts, Sablon y Marolles. El recorrido principal no necesita transporte p\u00fablico; utiliza el ascensor del Palacio de Justicia para salvar el desnivel con Marolles.<\/p>\n\n\n\n<h3 class=\"wp-block-heading\">Bruselas en 2 d\u00edas: Barrio Europeo y Cincuentenario<\/h3>\n\n\n\n<p class=\"wp-block-paragraph\">Dedica el segundo d\u00eda al Parlamento Europeo, el <em>Parlamentarium<\/em> y el Parque del Cincuentenario. Calcula entre cinco y siete horas seg\u00fan los museos elegidos. Puedes llegar en metro desde el centro y completar a pie el tramo entre la plaza de Luxemburgo y el arco del Cincuentenario.<\/p>\n\n\n\n<h3 class=\"wp-block-heading\">Bruselas en 3 d\u00edas: Atomium y Mini-Europe<\/h3>\n\n\n\n<p class=\"wp-block-paragraph\">Utiliza la l\u00ednea 6 de metro para dedicar medio d\u00eda a Heysel, donde est\u00e1n el Atomium y Mini-Europe. El resto de la jornada puede reservarse para un museo, un barrio pendiente o una excursi\u00f3n. Consulta las <a href=\"https:\/\/www.guruwalk.com\/es\/a\/bruselas\" target=\"_blank\" rel=\"noopener\">actividades en Bruselas<\/a> para comparar opciones sin alterar el recorrido del centro.<\/p>\n\n\n\n<h2 class=\"wp-block-heading\" id=\"mapa-bruselas-por-zonas\">Mapa de Bruselas por zonas<\/h2>\n\n\n\n<p class=\"wp-block-paragraph\">Este mapa esquem\u00e1tico agrupa los lugares para evitar desplazamientos innecesarios:<\/p>\n\n\n\n<pre class=\"wp-block-preformatted\">CENTRO HIST\u00d3RICO\nGrand Place \u2192 Galer\u00edas Saint-Hubert \u2192 Manneken Pis \u2192 Mont des Arts \u2192 Sablon \u2192 Marolles\n\nBARRIO EUROPEO Y CINCUENTENARIO\nParlamento Europeo \u2192 Parlamentarium \u2192 Parque del Cincuentenario\n\nHEYSEL\nAtomium \u2194 Mini-Europe<\/pre>\n\n\n\n<p class=\"wp-block-paragraph\"><strong>Leyenda:<\/strong> el centro hist\u00f3rico se recorre a pie; el Barrio Europeo y el Cincuentenario se conectan a pie entre s\u00ed, pero el metro acorta el trayecto desde el centro; para Heysel conviene utilizar la l\u00ednea 6 de metro.<\/p>\n\n\n\n<h2 class=\"wp-block-heading\" id=\"delicias-gastronomicas\">Delicias gastron\u00f3micas locales <span class=\"wp-map-h2-wrapper\"><button type=\"button\" class=\"wp-map-h2-button\" data-dest=\"https:\/\/www.google.com\/maps?q=Productos+t%C3%ADpicos+de+Bruselas%2C+B%C3%A9lgica\" role=\"button\" aria-label=\"Ver ubicaci\u00f3n &quot;Productos t\u00edpicos de Bruselas, B\u00e9lgica&quot; en Google Maps\" title=\"Abrir mapa de Productos t\u00edpicos de Bruselas, B\u00e9lgica\"><svg class=\"wp-map-h2-icon\" width=\"16\" height=\"16\" viewBox=\"0 0 24 24\" fill=\"currentColor\" aria-hidden=\"true\">\n            <path d=\"M12 2C8.13 2 5 5.13 5 9c0 5.25 7 13 7 13s7-7.75 7-13c0-3.87-3.13-7-7-7zm0 9.5c-1.38 0-2.5-1.12-2.5-2.5s1.12-2.5 2.5-2.5 2.5 1.12 2.5 2.5-1.12 2.5-2.5 2.5z\"\/>\n        <\/svg><\/button><\/span><\/h2>\n\n\n\n<figure class=\"wp-block-image size-large\"><img decoding=\"async\" width=\"1024\" height=\"706\" src=\"https:\/\/blog.guruwalk.com\/wp-content\/uploads\/2025\/04\/image-48-1024x706.webp\" alt=\"Tienda de productos gastron\u00f3micos en Bruselas\" class=\"wp-image-10154\" srcset=\"https:\/\/blog.guruwalk.com\/wp-content\/uploads\/2025\/04\/image-48-1024x706.webp 1024w, https:\/\/blog.guruwalk.com\/wp-content\/uploads\/2025\/04\/image-48-300x207.webp 300w, https:\/\/blog.guruwalk.com\/wp-content\/uploads\/2025\/04\/image-48-768x529.webp 768w, https:\/\/blog.guruwalk.com\/wp-content\/uploads\/2025\/04\/image-48.webp 1229w\" sizes=\"(max-width: 1024px) 100vw, 1024px\" \/><figcaption class=\"wp-element-caption\">Tienda de productos gastron\u00f3micos en Bruselas.<\/figcaption><\/figure>\n\n\n\n<p class=\"wp-block-paragraph\">Entre las especialidades locales est\u00e1n el chocolate, los gofres, las <em>frites<\/em> y los <em>moules<\/em>. Si planeas entrar en varios museos, compara las modalidades vigentes de la Brussels Card y consulta qu\u00e9 transportes o espacios incluye cada una.<\/p>\n\n\n<div class=\"gw-products-block\" style=\"--gw-nav-width:30px; --gw-nav-height:30px; --gw-chevron-w:15px; --gw-chevron-h:15px; --gw-circle-color:#0a5bd9; --gw-chevron-color:#0a5bd9;\"><div class=\"gw-products-carousel\" aria-live=\"polite\"><article class=\"gw-card\"><div class=\"gw-card__image\"><img decoding=\"async\" class=\"gw-card__photo\" src=\"https:\/\/blog.guruwalk.com\/wp-content\/uploads\/gw-products\/images\/8d6a316fe034ae39017f611c9be5b12a.webp\" alt=\"Choco-Story Bruselas: Entrada + Audiogu\u00eda\" loading=\"lazy\" \/><div class=\"gw-flags\" aria-label=\"Idiomas disponibles\"><span class=\"gw-flag\" title=\"DE\"><img decoding=\"async\" class=\"gw-flag-img\" src=\"https:\/\/blog.guruwalk.com\/wp-content\/uploads\/gw-products\/flags\/de.svg\" alt=\"DE\" loading=\"lazy\" width=\"22\" height=\"16\" \/><\/span><span class=\"gw-flag\" title=\"EN\"><img decoding=\"async\" class=\"gw-flag-img\" src=\"https:\/\/blog.guruwalk.com\/wp-content\/uploads\/gw-products\/flags\/gb.svg\" alt=\"EN\" loading=\"lazy\" width=\"22\" height=\"16\" \/><\/span><span class=\"gw-flag\" title=\"ES\"><img decoding=\"async\" class=\"gw-flag-img\" src=\"https:\/\/blog.guruwalk.com\/wp-content\/uploads\/gw-products\/flags\/es.svg\" alt=\"ES\" loading=\"lazy\" width=\"22\" height=\"16\" \/><\/span><span class=\"gw-flag\" title=\"FR\"><img decoding=\"async\" class=\"gw-flag-img\" src=\"https:\/\/blog.guruwalk.com\/wp-content\/uploads\/gw-products\/flags\/fr.svg\" alt=\"FR\" loading=\"lazy\" width=\"22\" height=\"16\" \/><\/span><\/div><\/div><div class=\"gw-card__body\"><h3 class=\"gw-card__title\">Choco-Story Bruselas: Entrada + Audiogu\u00eda<\/h3><div class=\"gw-card__footer\"><div class=\"gw-card__meta\"><div class=\"gw-rating\" aria-label=\"Valoraci\u00f3n 4.4 de 5\"><span class=\"gw-star gw-star--full\" aria-hidden=\"true\">\u2605<\/span><span class=\"gw-star gw-star--full\" aria-hidden=\"true\">\u2605<\/span><span class=\"gw-star gw-star--full\" aria-hidden=\"true\">\u2605<\/span><span class=\"gw-star gw-star--full\" aria-hidden=\"true\">\u2605<\/span><span class=\"gw-star gw-star--empty\" aria-hidden=\"true\">\u2606<\/span><span class=\"gw-rating__count\">4,4 (499)<\/span><\/div><\/div><div class=\"gw-card__price\">Desde \u20ac16,00<\/div><\/div><\/div><a class=\"gw-card__link\" href=\"https:\/\/www.guruwalk.com\/es\/walks\/p227273-choco-story-bruselas-entrada-audioguia-245e24e6-cb6f-4e2a-a969-c04cb5fd6573-cGFub3B0ZXM\" target=\"_blank\" rel=\"noopener\" aria-label=\"Choco-Story Bruselas: Entrada + Audiogu\u00eda\"><\/a><\/article><article class=\"gw-card\"><div class=\"gw-card__image\"><img decoding=\"async\" class=\"gw-card__photo\" src=\"https:\/\/blog.guruwalk.com\/wp-content\/uploads\/gw-products\/images\/71e9942d6f2cf926c3ed0408622c32c1.webp\" alt=\"Tour de Chocolate y Cerveza Belga con Degustaciones en Bruselas\" loading=\"lazy\" \/><div class=\"gw-flags\" aria-label=\"Idiomas disponibles\"><span class=\"gw-flag\" title=\"EN\"><img decoding=\"async\" class=\"gw-flag-img\" src=\"https:\/\/blog.guruwalk.com\/wp-content\/uploads\/gw-products\/flags\/gb.svg\" alt=\"EN\" loading=\"lazy\" width=\"22\" height=\"16\" \/><\/span><span class=\"gw-flag\" title=\"ES\"><img decoding=\"async\" class=\"gw-flag-img\" src=\"https:\/\/blog.guruwalk.com\/wp-content\/uploads\/gw-products\/flags\/es.svg\" alt=\"ES\" loading=\"lazy\" width=\"22\" height=\"16\" \/><\/span><\/div><\/div><div class=\"gw-card__body\"><h3 class=\"gw-card__title\">Tour de Chocolate y Cerveza Belga con Degustaciones en Bruselas<\/h3><div class=\"gw-card__footer\"><div class=\"gw-card__price\">Desde \u20ac53,00<\/div><\/div><\/div><a class=\"gw-card__link\" href=\"https:\/\/www.guruwalk.com\/es\/walks\/p154668-tour-de-chocolate-y-cerveza-belga-con-degustaciones-en-bruselas-cGFub3B0ZXM\" target=\"_blank\" rel=\"noopener\" aria-label=\"Tour de Chocolate y Cerveza Belga con Degustaciones en Bruselas\"><\/a><\/article><article class=\"gw-card\"><div class=\"gw-card__image\"><img decoding=\"async\" class=\"gw-card__photo\" src=\"https:\/\/blog.guruwalk.com\/wp-content\/uploads\/gw-products\/images\/5cc5097e43280dbd1945d9572d62a004.webp\" alt=\"Choco-Story Bruselas: Entrada al Museo del Chocolate con Degustaci\u00f3n\" loading=\"lazy\" \/><div class=\"gw-flags\" aria-label=\"Idiomas disponibles\"><span class=\"gw-flag\" title=\"DE\"><img decoding=\"async\" class=\"gw-flag-img\" src=\"https:\/\/blog.guruwalk.com\/wp-content\/uploads\/gw-products\/flags\/de.svg\" alt=\"DE\" loading=\"lazy\" width=\"22\" height=\"16\" \/><\/span><span class=\"gw-flag\" title=\"EN\"><img decoding=\"async\" class=\"gw-flag-img\" src=\"https:\/\/blog.guruwalk.com\/wp-content\/uploads\/gw-products\/flags\/gb.svg\" alt=\"EN\" loading=\"lazy\" width=\"22\" height=\"16\" \/><\/span><span class=\"gw-flag\" title=\"ES\"><img decoding=\"async\" class=\"gw-flag-img\" src=\"https:\/\/blog.guruwalk.com\/wp-content\/uploads\/gw-products\/flags\/es.svg\" alt=\"ES\" loading=\"lazy\" width=\"22\" height=\"16\" \/><\/span><span class=\"gw-flag\" title=\"FR\"><img decoding=\"async\" class=\"gw-flag-img\" src=\"https:\/\/blog.guruwalk.com\/wp-content\/uploads\/gw-products\/flags\/fr.svg\" alt=\"FR\" loading=\"lazy\" width=\"22\" height=\"16\" \/><\/span><\/div><\/div><div class=\"gw-card__body\"><h3 class=\"gw-card__title\">Choco-Story Bruselas: Entrada al Museo del Chocolate con Degustaci\u00f3n<\/h3><div class=\"gw-card__footer\"><div class=\"gw-card__meta\"><div class=\"gw-rating\" aria-label=\"Valoraci\u00f3n 4.3 de 5\"><span class=\"gw-star gw-star--full\" aria-hidden=\"true\">\u2605<\/span><span class=\"gw-star gw-star--full\" aria-hidden=\"true\">\u2605<\/span><span class=\"gw-star gw-star--full\" aria-hidden=\"true\">\u2605<\/span><span class=\"gw-star gw-star--full\" aria-hidden=\"true\">\u2605<\/span><span class=\"gw-star gw-star--empty\" aria-hidden=\"true\">\u2606<\/span><span class=\"gw-rating__count\">4,3 (5409)<\/span><\/div><\/div><div class=\"gw-card__price\">Desde \u20ac16,00<\/div><\/div><\/div><a class=\"gw-card__link\" href=\"https:\/\/www.guruwalk.com\/es\/walks\/p110592-choco-story-bruselas-entrada-al-museo-del-chocolate-con-degustacion\" target=\"_blank\" rel=\"noopener\" aria-label=\"Choco-Story Bruselas: Entrada al Museo del Chocolate con Degustaci\u00f3n\"><\/a><\/article><article class=\"gw-card\"><div class=\"gw-card__image\"><img decoding=\"async\" class=\"gw-card__photo\" src=\"https:\/\/blog.guruwalk.com\/wp-content\/uploads\/gw-products\/images\/388f5a53e31350d0655c77289e78b6a5.webp\" alt=\"Bruselas Degustaci\u00f3n de Chocolate Belga\" loading=\"lazy\" \/><div class=\"gw-flags\" aria-label=\"Idiomas disponibles\"><span class=\"gw-flag\" title=\"EN\"><img decoding=\"async\" class=\"gw-flag-img\" src=\"https:\/\/blog.guruwalk.com\/wp-content\/uploads\/gw-products\/flags\/gb.svg\" alt=\"EN\" loading=\"lazy\" width=\"22\" height=\"16\" \/><\/span><span class=\"gw-flag\" title=\"ES\"><img decoding=\"async\" class=\"gw-flag-img\" src=\"https:\/\/blog.guruwalk.com\/wp-content\/uploads\/gw-products\/flags\/es.svg\" alt=\"ES\" loading=\"lazy\" width=\"22\" height=\"16\" \/><\/span><span class=\"gw-flag\" title=\"FR\"><img decoding=\"async\" class=\"gw-flag-img\" src=\"https:\/\/blog.guruwalk.com\/wp-content\/uploads\/gw-products\/flags\/fr.svg\" alt=\"FR\" loading=\"lazy\" width=\"22\" height=\"16\" \/><\/span><\/div><\/div><div class=\"gw-card__body\"><h3 class=\"gw-card__title\">Bruselas Degustaci\u00f3n de Chocolate Belga<\/h3><div class=\"gw-card__footer\"><div class=\"gw-card__meta\"><div class=\"gw-rating\" aria-label=\"Valoraci\u00f3n 4.1 de 5\"><span class=\"gw-star gw-star--full\" aria-hidden=\"true\">\u2605<\/span><span class=\"gw-star gw-star--full\" aria-hidden=\"true\">\u2605<\/span><span class=\"gw-star gw-star--full\" aria-hidden=\"true\">\u2605<\/span><span class=\"gw-star gw-star--full\" aria-hidden=\"true\">\u2605<\/span><span class=\"gw-star gw-star--empty\" aria-hidden=\"true\">\u2606<\/span><span class=\"gw-rating__count\">4,1 (30)<\/span><\/div><\/div><div class=\"gw-card__price\">Desde \u20ac55,00<\/div><\/div><\/div><a class=\"gw-card__link\" href=\"https:\/\/www.guruwalk.com\/es\/walks\/p110210-bruselas-degustacion-de-chocolate-belga\" target=\"_blank\" rel=\"noopener\" aria-label=\"Bruselas Degustaci\u00f3n de Chocolate Belga\"><\/a><\/article><\/div><div class=\"gw-vertical-link-container\"><a href=\"https:\/\/www.guruwalk.com\/es\/a\/bruselas\/v67046-chocolate-y-gofres-bruselas\" target=\"_blank\" rel=\"noopener\" style=\"font-weight: bold;\">+ Tours de Chocolate y Gofres<\/a><\/div><\/div>\n\n\n<h2 class=\"wp-block-heading\" id=\"consejos-gastronomicos\">Consejos Gastron\u00f3micos<\/h2>\n\n\n\n<ul class=\"wp-block-list\">\n<li>Chocolate: compara formatos y tama\u00f1os antes de elegir una caja para transportar.<\/li>\n\n\n\n<li>Gofres: distingue el de Lieja, m\u00e1s denso, del de Bruselas, m\u00e1s ligero y rectangular.<\/li>\n\n\n\n<li>Cerveza: una degustaci\u00f3n corta permite probar varios estilos sin pedir una pinta completa.<\/li>\n<\/ul>\n\n\n\n<h2 class=\"wp-block-heading\" id=\"preguntas-frecuentes-sobre-bruselas\">Preguntas Frecuentes sobre Bruselas<\/h2>\n\n\n<div id=\"rank-math-faq\" class=\"rank-math-block\">\n<div class=\"rank-math-list \">\n<div id=\"faq-1\" class=\"rank-math-list-item\">\n<h3 class=\"rank-math-question \">\u00bfCu\u00e1ntos d\u00edas necesito para ver Bruselas?<\/h3>\n<div class=\"rank-math-answer \">\n\n<p>Para una primera visita, dedica dos o tres d\u00edas. El primer d\u00eda cubre el centro hist\u00f3rico; el segundo, los museos y el Barrio Europeo o el Atomium; el tercero permite visitar otros barrios o hacer una excursi\u00f3n.<\/p>\n\n<\/div>\n<\/div>\n<div id=\"faq-2\" class=\"rank-math-list-item\">\n<h3 class=\"rank-math-question \">\u00bfCu\u00e1l es la mejor \u00e9poca para ir?<\/h3>\n<div class=\"rank-math-answer \">\n\n<p>Primavera y oto\u00f1o suelen ofrecer temperaturas adecuadas para caminar. En agosto de los a\u00f1os pares se celebra la alfombra de flores en Grand Place, mientras que Winter Wonders ocupa parte del centro durante la temporada navide\u00f1a; consulta las fechas de cada edici\u00f3n.<\/p>\n\n<\/div>\n<\/div>\n<div id=\"faq-3\" class=\"rank-math-list-item\">\n<h3 class=\"rank-math-question \">\u00bfNecesito comprar entradas con antelaci\u00f3n?<\/h3>\n<div class=\"rank-math-answer \">\n\n<p>Comprueba la disponibilidad para Atomium, Museo Horta y Museo Magritte, sobre todo en fines de semana o periodos de mayor demanda. El hemiciclo del Parlamento requiere documento de identidad y puede exigir reserva.<\/p>\n\n<\/div>\n<\/div>\n<div id=\"faq-4\" class=\"rank-math-list-item\">\n<h3 class=\"rank-math-question \">\u00bfHay museos gratis el primer domingo?<\/h3>\n<div class=\"rank-math-answer \">\n\n<p>Algunos museos municipales pueden ofrecer acceso gratuito en fechas concretas. Comprueba el listado actualizado, las condiciones y los horarios de \u00faltima entrada antes de desplazarte.<\/p>\n\n<\/div>\n<\/div>\n<div id=\"faq-5\" class=\"rank-math-list-item\">\n<h3 class=\"rank-math-question \">\u00bfC\u00f3mo moverme por Bruselas?<\/h3>\n<div class=\"rank-math-answer \">\n\n<p>El centro se recorre bien a pie. Para Heysel, Koekelberg y otros barrios utiliza la red STIB de metro, tranv\u00eda y autob\u00fas.<\/p>\n\n<\/div>\n<\/div>\n<div id=\"faq-6\" class=\"rank-math-list-item\">\n<h3 class=\"rank-math-question \">\u00bfCu\u00e1ndo se puede visitar el Palacio Real?<\/h3>\n<div class=\"rank-math-answer \">\n\n<p>La apertura al p\u00fablico es estacional y puede cambiar. Consulta el calendario oficial antes de planificar la visita.<\/p>\n\n<\/div>\n<\/div>\n<div id=\"faq-7\" class=\"rank-math-list-item\">\n<h3 class=\"rank-math-question \">\u00bfHay paseos en barco por Bruselas?<\/h3>\n<div class=\"rank-math-answer \">\n\n<p>Brussels by Water y Waterbus operan servicios por el canal seg\u00fan la temporada. Revisa el calendario, el punto de embarque y la disponibilidad antes de acudir.<\/p>\n\n<\/div>\n<\/div>\n<\/div>\n<\/div>\n\n\n<hr class=\"wp-block-separator has-alpha-channel-opacity\"\/>\n","protected":false},"excerpt":{"rendered":"<p>Bruselas re\u00fane la Grand Place, el Atomium, el Barrio Europeo, museos y barrios hist\u00f3ricos en una gu\u00eda organizada por zonas.<\/p>\n","protected":false},"author":2,"featured_media":45903,"comment_status":"closed","ping_status":"open","sticky":false,"template":"","format":"standard","meta":{"footnotes":""},"categories":[249,336,82],"tags":[460,360],"class_list":["post-9945","post","type-post","status-publish","format-standard","has-post-thumbnail","hentry","category-bruselas","category-belgica","category-europa","tag-guias-2","tag-tier-3","generate-columns","tablet-grid-50","mobile-grid-100","grid-parent","grid-33"],"_links":{"self":[{"href":"https:\/\/blog.guruwalk.com\/es\/wp-json\/wp\/v2\/posts\/9945","targetHints":{"allow":["GET"]}}],"collection":[{"href":"https:\/\/blog.guruwalk.com\/es\/wp-json\/wp\/v2\/posts"}],"about":[{"href":"https:\/\/blog.guruwalk.com\/es\/wp-json\/wp\/v2\/types\/post"}],"author":[{"embeddable":true,"href":"https:\/\/blog.guruwalk.com\/es\/wp-json\/wp\/v2\/users\/2"}],"replies":[{"embeddable":true,"href":"https:\/\/blog.guruwalk.com\/es\/wp-json\/wp\/v2\/comments?post=9945"}],"version-history":[{"count":14,"href":"https:\/\/blog.guruwalk.com\/es\/wp-json\/wp\/v2\/posts\/9945\/revisions"}],"predecessor-version":[{"id":46874,"href":"https:\/\/blog.guruwalk.com\/es\/wp-json\/wp\/v2\/posts\/9945\/revisions\/46874"}],"wp:featuredmedia":[{"embeddable":true,"href":"https:\/\/blog.guruwalk.com\/es\/wp-json\/wp\/v2\/media\/45903"}],"wp:attachment":[{"href":"https:\/\/blog.guruwalk.com\/es\/wp-json\/wp\/v2\/media?parent=9945"}],"wp:term":[{"taxonomy":"category","embeddable":true,"href":"https:\/\/blog.guruwalk.com\/es\/wp-json\/wp\/v2\/categories?post=9945"},{"taxonomy":"post_tag","embeddable":true,"href":"https:\/\/blog.guruwalk.com\/es\/wp-json\/wp\/v2\/tags?post=9945"}],"curies":[{"name":"wp","href":"https:\/\/api.w.org\/{rel}","templated":true}]}}